{"id":50116,"date":"2024-06-19T12:41:32","date_gmt":"2024-06-19T10:41:32","guid":{"rendered":"https:\/\/www.laguiadepamplona.com\/actualidad\/?p=50116"},"modified":"2024-06-19T12:41:32","modified_gmt":"2024-06-19T10:41:32","slug":"la-despedida-de-la-comparsa-de-gigantes-y-cabezudos-en-la-plaza-consistorial-y-un-concierto-especial-el-dia-14-con-los-tenampas-entre-las-novedades-del-programa-de-san-fermin","status":"publish","type":"post","link":"https:\/\/www.laguiadepamplona.com\/actualidad\/la-despedida-de-la-comparsa-de-gigantes-y-cabezudos-en-la-plaza-consistorial-y-un-concierto-especial-el-dia-14-con-los-tenampas-entre-las-novedades-del-programa-de-san-fermin\/","title":{"rendered":"La despedida de la Comparsa de Gigantes y Cabezudos en la Plaza Consistorial, y un concierto especial el d\u00eda 14, con Los Tenampas, entre las novedades del programa de San Ferm\u00edn"},"content":{"rendered":"<h2>El Ayuntamiento se acerca a barrios y mayores con un festival de jotas, y promueve en Condestable la accesibilidad en un espacio familiar inclusivo<\/h2>\n<p><!--more--><\/p>\n<p>Las fiestas de San Ferm\u00edn 2024 tienen ya listo el programa oficial de actos, que incluye 514 actividades preparadas por el Ayuntamiento de Pamplona. Del 6 al 14 de julio, con dos fines de semana incluidos, se han programado los tradicionales encierros, conciertos, m\u00fasica de calle, fuegos artificiales, jotas, bertsolaris, espacios para familias, j\u00f3venes y mayores, y, entre las novedades, destaca la despedida de la Comparsa de Gigantes y Cabezudos, que regresa a la Plaza Consistorial. Este a\u00f1o la m\u00fasica correr\u00e1 a cargo de las 7 bandas de gaiteros y la banda de txistularis de la comparsa, acompa\u00f1ados de un grupo de metales. Cabezudos, zaldikos, kilikis y, por supuesto gigantes, har\u00e1n las delicias de txikis\u2026 y no tan txikis.<\/p>\n<p>Esta es una de las novedades que ha presentado esta ma\u00f1ana en rueda de prensa la concejala delegada de Cultura, Fiestas, Educaci\u00f3n y Deporte, Maider Beloki Unzu, junto al director del \u00e1rea, I\u00f1igo G\u00f3mez Egu\u00edluz. El presupuesto del programa oficial es de 1,85 millones de euros. Otra de las novedades es la apuesta por trasladar a los barrios actividades para personas mayores. Este a\u00f1o, en el D\u00eda de las personas mayores, que se celebra el viernes 12, la plaza Monasterio de Azuelo del barrio de San Juan acoger\u00e1 al mediod\u00eda un festival de jotas. Los otros d\u00edas especiales son el D\u00eda de la Jota, el martes 9, y el D\u00eda Infantil, el mi\u00e9rcoles 10.<\/p>\n<p>Para que la fiesta sea para toda la ciudadan\u00eda, el Ayuntamiento, en colaboraci\u00f3n con Anfas y Traza Espacio Creativo, ha preparado un espacio denominado Refugio de los sentidos, en Civivox Condestable. Se trata de un espacio familiar inclusivo, especialmente dirigido a personas que requieran un refugio de tranquilidad y disfrute con baja intensidad sonora y materiales adaptados. El espacio es amable con las personas con discapacidad y\/o trastorno del desarrollo, y sus familias\/referentes. El recorrido consta de cinco espacios con cinco colores que permitir\u00e1n vivir diferentes experiencias e interaccionar con el espacio a trav\u00e9s de materiales creativos. Estar\u00e1 disponible, del lunes 8 al viernes 12, en horario de 12.00 a 14.00 y 18.00 a 20.00.<\/p>\n<p>Otra de las novedades es una revista tipo cabaret en la plaza de Compa\u00f1\u00eda, el jueves 11 a las 13 horas, con el t\u00edtulo \u2018De vermuteo con Trav\u00e9stika\u2019. M\u00fasica, baile, teatro y humor, de la mano de artistas Drag de aqu\u00ed para all\u00e1. Para todos los p\u00fablicos, pero especialmente dirigido al colectivo LGTBIQ+. El show mezcla diferentes estilos musicales en un espect\u00e1culo popular e inclusivo en la hora del verm\u00fa. Adem\u00e1s, la m\u00fasica tiene una cita novedosa el \u00faltimo d\u00eda de San Ferm\u00edn, con Los Tenampas animando la Plaza del Castillo, a las 10 de la noche, antes del Pobre de m\u00ed.<\/p>\n<p>El Ayuntamiento impulsa los encierros txikis, desde la cuesta de Santo Domingo hasta la Plaza Consistorial. Se han programado cuatro carreras en dos fechas, el martes 9 y el viernes 12, a las 11.30 horas. Los dos primeros, con un formato pensado para los txikis en compa\u00f1\u00eda de personas adultas, y los dos restantes, solamente para los txikis.<\/p>\n<p>La programaci\u00f3n oficial se complementa con las actividades de Herri Sanferminak, en la plaza de la Virgen de la O, donde est\u00e1n previstas olimpiadas populares, dantza, bailes, comedor y txoko ecol\u00f3gico, m\u00e1s actividades infantiles, conciertos y DJs. Tambi\u00e9n los colectivos de diversidad cultural tienen su espacio en el parque de Antoniutti, con actividades infantiles, m\u00fasica, danza, folklore y gastronom\u00eda del mundo, as\u00ed como los espacios de la Federaci\u00f3n de Casas Regionales en Navarra, en el Bosquecillo, y la fundaci\u00f3n Nafarroa Oinez, en los jardines de la Taconera, que ya disponen de una programaci\u00f3n cultural y festiva consolidada en San Ferm\u00edn.<\/p>\n<p><strong>La mitad del programa, para la m\u00fasica<\/strong><\/p>\n<p>La m\u00fasica concentra m\u00e1s de la mitad de los actos de San Ferm\u00edn, con 250. A los escenarios de Plaza del Castillo, plaza de Los Fueros, Compa\u00f1\u00eda, de la Cruz, Sarasate o Antoniutti, se unen recorridos de fanfarres, bandas de m\u00fasica, txistularis, gaiteros, txarangas y grupos de jotas por las calles del centro de la ciudad, m\u00e1s las dianas y actos como el Alarde de Txistularis, el festival folkl\u00f3rico del d\u00eda 6, el concierto especial de Az\u00facar Moreno por el D\u00eda de las Personas Mayores o el de Los Tenampas el \u00faltimo d\u00eda, y la Kalejira de las Culturas.<\/p>\n<p>Las actividades para p\u00fablico infantil, joven y familiar suman 189 en el programa oficial, incluidos los espacios Birjolastu JuegoRejuego, Kirolari Sports Kids y \u00a1Menudas fiestas!, las actividades en el descanso de la comparsa y el recorrido de gigantes y cabezudos, t\u00edteres, pasacalles, trenecillos, toro de fuego o el encierro txiki. Otras actividades son los 17 actos de deporte rural, 34 actividades taurinas, los 10 paseos literarios o las 9 colecciones de fuegos artificiales.<\/p>\n<p><strong>M\u00fasica y escenarios<\/strong><\/p>\n<p>Uno de los principales escenarios de las fiestas, la Plaza del Castillo, acoger\u00e1 12 conciertos, que apuestan por el talento local y variedad de artistas y estilos. Como ya se anunci\u00f3, al escenario subir\u00e1n los artistas Izaro, Rotten XIII y Chill Mafia, Zetak, Gorka Urbizu y Melenas, El Drogas, La Casa Azul y Maruxak, Bel\u00e9n Aguilera, Foyone y las Ninyas del Corro. En la plaza de Compa\u00f1\u00eda, las m\u00fasicas del mundo y el jazz sonar\u00e1n en doble cita, a las 20 y a las 23.30, con dub, country rock, jazz cl\u00e1sico, g\u00f3spel soul, cumbia, punk, trap, reggaet\u00f3n, indie o m\u00fasica electr\u00f3nica.<\/p>\n<p>La Zona Joven vuelve este a\u00f1o a la plaza de Los Fueros, en horario de 19 a 22.30 horas, y ofrece, entre otras actividades, m\u00fasica de DJs, una silent party para seguir con auriculares, un minifestival de rock y un concierto de Demode Quartet. A partir de las 23.30, tras los fuegos, y hasta las 1.45, se celebra el festival Sound Ferm\u00edn, con once DJ durante ocho noches, del 6 al 13 de julio. Por el\u00a0<strong>escenario de la plaza de los Fueros<\/strong>\u00a0pasar\u00e1n reconocidos DJ de cadenas musicales como Javi S\u00e1nchez de Europa FM, Oihan Vega de Euskadi Gaztea, N\u00eda Caro de Megastar FM o David \u00c1lvarez de los 40 Principales; DJ consagradas como Zucla Celeste; o j\u00f3venes que despuntan ya en sesiones en vivo como Julia Centeno o Alonso Mare. Loca Urban propone tambi\u00e9n una noche de m\u00fasica urbana con dos de sus DJ radiof\u00f3nicos y XPM apuesta por la multiculturalidad y un espect\u00e1culo para descubrir g\u00e9neros musicales de origen afro a trav\u00e9s de la m\u00fasica DJ, la percusi\u00f3n y el baile.<\/p>\n<p>El parque de Antoniutti acoge m\u00fasica todos los d\u00edas, de 21 a 23 horas, y verbenas, de 23.30 a 3 de la madrugada. Se apuesta por una combinaci\u00f3n de orquestas y DJ para fomentar la variedad de estilos y ritmos, que incluyen, por ejemplo, el martes 9, el espect\u00e1culo de Puro Relajo.<\/p>\n<p>La plaza de la Cruz ofrecer\u00e1 por las ma\u00f1anas conciertos de m\u00fasica de banda y por las tardes y noches, verbenas con diferentes orquestas. El d\u00eda 12, D\u00eda de las personas mayores, la actuaci\u00f3n especial, a las 20.30 horas, correr\u00e1 a cargo de Az\u00facar Moreno, y el \u00faltimo d\u00eda, en lugar de orquesta se ofrece el Mariachi M\u00e9xico Lindo.<\/p>\n<p><strong>Dantzas, bertsos y jotas en Sarasate y deporte rural en Los Fueros<\/strong><\/p>\n<p>El escenario del paseo de Sarasate combina dantzas, bertsos y jotas en los distintos d\u00edas de las fiestas, en horario matutino, a las 12 horas, y vespertino, a las 19 horas. Abren el programa las danzas de Larratz Dantzari Taldea el d\u00eda de San Ferm\u00edn por la tarde, seguidas el lunes por las jotas de Alegr\u00eda Ribera, por la ma\u00f1ana, y los bertsolaris Aroa Arrizubieta, Julio Soto, Maialen Lujanbio y Xabat Illarregi, por la tarde.<\/p>\n<p>El martes, a mediod\u00eda, llega el turno del tradicional Alarde de Txistularis, que celebra este a\u00f1o su 65\u00aa edici\u00f3n, organizado por Euskal Herriko Txistulari Elkartea Nafarroa. Por la tarde, las mujeres de Amudisna, candidatas a lanzar el Chupinazo de este a\u00f1o, ofrecen su recital de jotas.<\/p>\n<p>Las jotas son tambi\u00e9n protagonistas el mi\u00e9rcoles por la ma\u00f1ana, con la Escuela de Jotas de Carcastillo, y el jueves con Orgullo Navarro. El mi\u00e9rcoles por la tarde, Eluntze Dantza Taldea realiza una exhibici\u00f3n de dantzas y el jueves, la sesi\u00f3n vespertina es un festival de bertsolaris, con Nerea Ibarzabal, Saioa Alkaiza, Sustrai Colina y Eki Mateorena.<\/p>\n<p>Las jotas contin\u00faan en Sarasate el viernes, s\u00e1bado y domingo, con las Rondallas Armon\u00eda y Jus la Rocha, Voces del Ebro y Estampa Navarra. Por la tarde, el s\u00e1bado se celebra el tercer festival de bertsolaris, con Ane Labaka, Ekhi\u00f1e Zapiain y Sarai Robles, y el domingo cierran el programa las dantzas del Grupo de Danzas Virgen del Puy San Andres de Estella.<\/p>\n<p>Otra de las actividades tradicionales del programa son las exhibiciones y campeonatos de deporte rural, que comienzan el lunes d\u00eda 8, a las 12 horas, hasta el domingo 14 incluido. El festival se abre con el Torneo San Ferm\u00edn de Sokatira 4&#215;4 Mixto y el Campeonato Navarro de Aizkora femenino, seguido el martes por la exhibici\u00f3n de los hermanos Ka\u00f1amares y el Campeonato Navarro de Levantamiento de Piedra Masculino. El mi\u00e9rcoles hay exhibici\u00f3n de Pruebas Combinadas: recogida de mazorcas, carrera con saco, carrera con txingas y korrika; prueba de tronza a velocidad por parejas, Campeonato Navarro de Tronza femenino y Campeonato Navarro de Tronza cadetes. Habr\u00e1 exhibici\u00f3n de arrastre de piedra y Campeonato Navarro de Aizkora de 3\u00aa Categor\u00eda masculino. El viernes se celebra el Trofeo San Ferm\u00edn de Motosierras y el Campeonato Navarro de Levantamiento de Yunque, seguido el s\u00e1bado por una exhibici\u00f3n de Aizkora femenino, el Campeonato Navarro de Txinga-Erute y el Campeonato Navarro de Levantamiento de Fardo masculino. Cierra el festival el Torneo San Ferm\u00edn de Harrijasotze femenino, el Campeonato Navarro de Aizkora por Parejas masculino y el Campeonato Navarro de Levantamiento de Carro masculino.<\/p>\n<p><strong>Espacios para p\u00fablico infantil y j\u00f3venes<\/strong><\/p>\n<p>La Taconera, los fosos de la Media Luna, la plaza de la Libertad y la plaza de los Fueros ofrecer\u00e1n, de forma gratuita, juegos, deporte, m\u00fasica y ocio para chicos y chicas con edades comprendidas entre los 0 y los 17 a\u00f1os.<\/p>\n<p>El espacio Kirolari Sport Kids se propone para ni\u00f1as y ni\u00f1os de 8 a 14 a\u00f1os en el parque de Media Luna, en horario de 11 a 13.30 y de 18 a 20.30. A partir del domingo 7, se ofrecen actividades deportivas, en colaboraci\u00f3n con diversas federaciones navarras, con una perspectiva de disfrute y entretenimiento. Los fosos, en las proximidades del fort\u00edn de San Bartolom\u00e9, acoger\u00e1n ajedrez, atletismo, baloncesto, balonmano, b\u00e9isbol y sofbol, deportes adaptados, esgrima, f\u00fatbol, gimnasia, golf, herri kirolak, h\u00edpica, p\u00e1del, pelota vasca, pirag\u00fcismo (previa inscripci\u00f3n), rugby, taekwondo, tiro con arco y voleibol.<\/p>\n<p>Tambi\u00e9n es fiel a su cita Birjolastu JuegoRejuego, en el parque de Taconera, en la zona de Larraina. Este espacio de juego infantil est\u00e1 disponible de 11.30 a 14 horas y de 17.30 a 20.30, el 6 de julio en horario de tarde y el resto de d\u00edas, en los dos horarios. El objetivo es proporcionar al p\u00fablico infantil y familiar un espacio de ocio basado en la sostenibilidad, el reciclaje y la reutilizaci\u00f3n como claves del respeto al entorno. Las propuestas de este enclave estar\u00e1n dinamizadas por monitores y monitoras.<\/p>\n<p>Otro de los espacios que se mantiene en la programaci\u00f3n es \u00a1Menudas fiestas!, dirigido a p\u00fablico infantil y adolescente, hasta los 17 a\u00f1os, en la plaza de la Libertad. En horario de 12.30 a 14 horas y de 18 a 21 horas, se ofrecen actividades e hinchables acordes a distintos tramos de edad. El programa se abre el primer d\u00eda de San Ferm\u00edn solo por la tarde, y contin\u00faa hasta el domingo 14 en doble cita.<\/p>\n<p>Este \u00faltimo espacio se complementa con las funciones de t\u00edteres, a las 20 horas, en la misma plaza de la Libertad. El primer d\u00eda, el 6, arrancan en euskera, con \u2018Amets Pirata\u2019, de Bihar Taldea, que tambi\u00e9n ofrece el jueves \u2018Harritzeko ipuinak: Tartalo eta sorgina\u2019. Desde el domingo 7 se representan \u2018Los Toros del Encierro\u2019, \u2018Gorgorito en la Tumba del Fara\u00f3n Tutankam\u00f3n\u2019, \u2018Los Tres Cerditos y el Lobo Feroz\u2019, y \u2018Gorgorito y Garrafito en la India\u2019, de Maese Villarejo. El viernes Teatro Firulete coge el relevo y ofrece \u2018El Viajero y el Guardav\u00eda\u2019, \u2018Etxe sorginduaren misterioa\u2019 (euskera) y \u2018Perro Bruno y el Ladr\u00f3n de Bicicletas\u2019 para cerrar la cita.<\/p>\n<p>Desde la plaza de la Libertad, en el inicio de la avenida de Carlos III, todos los d\u00edas a las 21 horas parte un pasacalles, hasta el s\u00e1bado 13 incluido, que cambia en cada jornada. Los pasacalles ser\u00e1n \u2018Disco Funk\u2019, de K de Calle, \u2018Marionetas Playmobil\u2019, de Hipocampus; \u2018\u00c1rboles\u2019 de K de Calle; \u2018Trasto Cars\u2019, de Xip Xap; \u2018Ambulantes\u2019, de La Escalera de Tijera; \u2018La Goleta Fantasma\u2019, de Caleidoscopio Teatro; \u2018Jauja\u2019, de Los titiriteros de Bin\u00e9far; y \u2018Bichitos\u2019, de Scura Splass.<\/p>\n<p>Adem\u00e1s, un trenecillo recorrer\u00e1 el itinerario entre el parque infantil de la plaza de la Libertad y la plaza de Merindades, en horario de 11:30 a 14:00 y de 18:00 a 21:00, del 7 a 14 de julio. El primer d\u00eda de las fiestas solo estar\u00e1 disponible en horario de tarde.<\/p>\n<p><strong>Rutas literarias, dos exposiciones y el concurso m\u00e1s internacional de fuegos artificiales<\/strong><\/p>\n<p>\u2018Sanfermines en la literatura: un paseo entre letras\u2019 es el t\u00edtulo para las 10 rutas literarias que salen desde El Caballo Blanco, del 8 al 11 de julio, en horario de 11:30 y 18:30 (castellano), el 9 de julio, a las 11:30 (euskera) y el 11 de julio, a las 18:30 (euskera). El recorrido tiene una duraci\u00f3n de 75 minutos y las inscripciones se realizan en el tel\u00e9fono 010 y www.pamplonaescultura.es.<\/p>\n<p>En cuanto a las exposiciones culturales, Civivox Condestable ofrecer\u00e1 dos, a partir del 8 de julio, en horario de ma\u00f1ana, de 11:00 a 14:00 horas: \u2018La m\u00fasica en el cartel de SF\u2019, comisariada por Pedro Luis Lozano Uriz, en las Salas 1 y 2; y el \u201940 aniversario de la Comparsa de Gigantes de la Txantrea\u2019, en el Zagu\u00e1n y la Sala G\u00f3tica.<\/p>\n<p>Como cada a\u00f1o desde la Ciudadela, del 6 al 14 de julio, se lanzan las colecciones de fuegos artificiales que optan al \u2018XXIII Concurso Internacional de Fuegos Artificiales San Ferm\u00edn. Fuegos de autor\u2019. Este a\u00f1o se ha realizado el concurso de juegos m\u00e1s internacional con pirotecnias y dise\u00f1os provenientes de seis pa\u00edses europeos: Italia, Francia, Reino Unido, Pa\u00edses Bajos, Dinamarca y Espa\u00f1a. Un jurado t\u00e9cnico se encarga de seleccionar las tres mejores colecciones de fuegos artificiales de las fiestas de San Ferm\u00edn 2024 y el p\u00fablico puede participar en una votaci\u00f3n popular valorando los disparos de cada d\u00eda a trav\u00e9s de la web <a href=\"http:\/\/www.sanferminespamplona.es\" target=\"_blank\" rel=\"noopener\">www.sanferminespamplona.es<\/a> o presencialmente en Civivox Condestable y Oficina de Turismo.<\/p>\n<p><strong>Un dise\u00f1o muy sonado<\/strong><\/p>\n<p>El dise\u00f1o del programa de 2024 sigue el tema principal del cartel anunciador de las fiestas, \u2018Gaiteros\u2019, de \u00c1ngel Blanco Egoskozabal, en el que la m\u00fasica es protagonista. El programa, dise\u00f1o de la firma Franziska, con el acompa\u00f1amiento conceptual del artista Xabier Erkizia, homenajea los sonidos de la fiesta a trav\u00e9s de una muestra de soportes fonogr\u00e1ficos. Las reproducciones empleadas pertenecen a \u00e1lbumes que est\u00e1n ya fuera del circuito comercial y cuyas producciones se realizaron por sellos discogr\u00e1ficos de la \u00e9poca. El Ayuntamiento ha realizado los esfuerzos pertinentes para acreditar la autor\u00eda del dise\u00f1o de cada disco y para ponerse en contacto con los titulares de los derechos de autor.<\/p>\n<p>Entre las im\u00e1genes del programa, se encuentran las portadas y un detalle del vinilo \u2018Pamplona, fiestas de San Ferm\u00edn\u2019, de 1958, y la portada de \u2018Los Iru\u00f1a\u2019ko. San Ferm\u00edn\u2019, de 1959. Tambi\u00e9n est\u00e1 la de \u2018Los Pamplonicas\u2019, de 1966, y la del \u2018Con el chum-chum de las pe\u00f1as\u2019, de 1978, m\u00e1s varios detalles del libreto del disco \u2018Toros en Pamplona\u2019, de 1969. Junto a ellas se incluye la portada del disco \u2018A Pamplona voy. Jotas y canciones navarras. Puy y Mar\u00eda Jes\u00fas\u2019, de 1977.<\/p>\n<p>Estas fotograf\u00edas antiguas se integran en un dise\u00f1o minimalista y limpio, con los colores tradicionales de la fiesta: negro para los actos del programa, rojo para se\u00f1alar los d\u00edas y mucho blanco para dar mayor relevancia a las im\u00e1genes.<\/p>\n<p>El programa de San Ferm\u00edn se difunde a trav\u00e9s del cartel anunciador de las fiestas, un folleto impreso con toda la programaci\u00f3n y unos folletos desplegables, a disposici\u00f3n del p\u00fablico en general en distintos lugares de la ciudad como la T\u00f3mbola de C\u00e1ritas, librer\u00edas, oficina de Turismo, centros municipales, centros culturales y sociales de Pamplona, bibliotecas, comercios y locales de hosteler\u00eda.<\/p>\n<p>Este a\u00f1o se han editado 8.000 ejemplares del programa y se podr\u00e1 adquirir al precio de 2 euros en la T\u00f3mbola de C\u00e1ritas y en librer\u00edas de la ciudad. Se han editado tambi\u00e9n 57.000 programas de bolsillo en cuatro idiomas (castellano, euskera, ingl\u00e9s y franc\u00e9s), adem\u00e1s de 4.500 carteles. Este programa cuenta con una versi\u00f3n digital y accesible para todas las personas que se puede consultar en <a href=\"https:\/\/sanferminespamplona.es\/accesibilidad\/\" target=\"_blank\" rel=\"noopener\">https:\/\/sanferminespamplona.es\/accesibilidad\/<\/a>, con versiones en lengua de signos, formato audio y pictogramas. Adem\u00e1s, la Fundaci\u00f3n Once hace una adaptaci\u00f3n del programa en formato Braille que pone a disposici\u00f3n de la ciudadan\u00eda tanto en el zagu\u00e1n de la Casa Consistorial como en su sede en Pamplona.<\/p>\n","protected":false},"excerpt":{"rendered":"<p>El Ayuntamiento se acerca a barrios y mayores con un festival de jotas, y promueve en Condestable la accesibilidad en un espacio familiar inclusivo<\/p>\n","protected":false},"author":1,"featured_media":50117,"comment_status":"open","ping_status":"closed","sticky":false,"template":"","format":"standard","meta":{"footnotes":""},"categories":[2],"tags":[],"class_list":["post-50116","post","type-post","status-publish","format-standard","has-post-thumbnail","hentry","category-ayuntamiento-pamplona"],"yoast_head":"<!-- This site is optimized with the Yoast SEO plugin v27.3 - https:\/\/yoast.com\/product\/yoast-seo-wordpress\/ -->\n<title>La despedida de la Comparsa de Gigantes y Cabezudos en la Plaza Consistorial, y un concierto especial el d\u00eda 14, con Los Tenampas, entre las novedades del programa de San Ferm\u00edn<\/title>\n<meta name=\"description\" content=\"El Ayuntamiento se acerca a barrios y mayores con un festival de jotas, y promueve en Condestable la accesibilidad en un espacio familiar inclusivo\" \/>\n<meta name=\"robots\" content=\"index, follow, max-snippet:-1, max-image-preview:large, max-video-preview:-1\" \/>\n<link rel=\"canonical\" href=\"https:\/\/www.laguiadepamplona.com\/actualidad\/la-despedida-de-la-comparsa-de-gigantes-y-cabezudos-en-la-plaza-consistorial-y-un-concierto-especial-el-dia-14-con-los-tenampas-entre-las-novedades-del-programa-de-san-fermin\/\" \/>\n<meta property=\"og:locale\" content=\"es_ES\" \/>\n<meta property=\"og:type\" content=\"article\" \/>\n<meta property=\"og:title\" content=\"La despedida de la Comparsa de Gigantes y Cabezudos en la Plaza Consistorial, y un concierto especial el d\u00eda 14, con Los Tenampas, entre las novedades del programa de San Ferm\u00edn\" \/>\n<meta property=\"og:description\" content=\"El Ayuntamiento se acerca a barrios y mayores con un festival de jotas, y promueve en Condestable la accesibilidad en un espacio familiar inclusivo\" \/>\n<meta property=\"og:url\" content=\"https:\/\/www.laguiadepamplona.com\/actualidad\/la-despedida-de-la-comparsa-de-gigantes-y-cabezudos-en-la-plaza-consistorial-y-un-concierto-especial-el-dia-14-con-los-tenampas-entre-las-novedades-del-programa-de-san-fermin\/\" \/>\n<meta property=\"og:site_name\" content=\"La Gu\u00eda de Pamplona\" \/>\n<meta property=\"article:publisher\" content=\"https:\/\/www.facebook.com\/laguiadepamplonacom-133175176762273\/?ref=hl\" \/>\n<meta property=\"article:published_time\" content=\"2024-06-19T10:41:32+00:00\" \/>\n<meta property=\"og:image\" content=\"https:\/\/www.laguiadepamplona.com\/actualidad\/wp-content\/uploads\/2024\/06\/presentacionprogramasf243_0.webp\" \/>\n\t<meta property=\"og:image:width\" content=\"1000\" \/>\n\t<meta property=\"og:image:height\" content=\"667\" \/>\n\t<meta property=\"og:image:type\" content=\"image\/webp\" \/>\n<meta name=\"author\" content=\"La Gu\u00eda de Pamplona\" \/>\n<meta name=\"twitter:card\" content=\"summary_large_image\" \/>\n<meta name=\"twitter:creator\" content=\"@LaGuiadPamplona\" \/>\n<meta name=\"twitter:site\" content=\"@LaGuiadPamplona\" \/>\n<meta name=\"twitter:label1\" content=\"Escrito por\" \/>\n\t<meta name=\"twitter:data1\" content=\"La Gu\u00eda de Pamplona\" \/>\n\t<meta name=\"twitter:label2\" content=\"Tiempo de lectura\" \/>\n\t<meta name=\"twitter:data2\" content=\"14 minutos\" \/>\n<script type=\"application\/ld+json\" class=\"yoast-schema-graph\">{\"@context\":\"https:\\\/\\\/schema.org\",\"@graph\":[{\"@type\":\"Article\",\"@id\":\"https:\\\/\\\/www.laguiadepamplona.com\\\/actualidad\\\/la-despedida-de-la-comparsa-de-gigantes-y-cabezudos-en-la-plaza-consistorial-y-un-concierto-especial-el-dia-14-con-los-tenampas-entre-las-novedades-del-programa-de-san-fermin\\\/#article\",\"isPartOf\":{\"@id\":\"https:\\\/\\\/www.laguiadepamplona.com\\\/actualidad\\\/la-despedida-de-la-comparsa-de-gigantes-y-cabezudos-en-la-plaza-consistorial-y-un-concierto-especial-el-dia-14-con-los-tenampas-entre-las-novedades-del-programa-de-san-fermin\\\/\"},\"author\":{\"name\":\"La Gu\u00eda de Pamplona\",\"@id\":\"https:\\\/\\\/www.laguiadepamplona.com\\\/actualidad\\\/#\\\/schema\\\/person\\\/efe887376f0213d4657c93adc50b1fdb\"},\"headline\":\"La despedida de la Comparsa de Gigantes y Cabezudos en la Plaza Consistorial, y un concierto especial el d\u00eda 14, con Los Tenampas, entre las novedades del programa de San Ferm\u00edn\",\"datePublished\":\"2024-06-19T10:41:32+00:00\",\"mainEntityOfPage\":{\"@id\":\"https:\\\/\\\/www.laguiadepamplona.com\\\/actualidad\\\/la-despedida-de-la-comparsa-de-gigantes-y-cabezudos-en-la-plaza-consistorial-y-un-concierto-especial-el-dia-14-con-los-tenampas-entre-las-novedades-del-programa-de-san-fermin\\\/\"},\"wordCount\":3029,\"commentCount\":0,\"publisher\":{\"@id\":\"https:\\\/\\\/www.laguiadepamplona.com\\\/actualidad\\\/#organization\"},\"image\":{\"@id\":\"https:\\\/\\\/www.laguiadepamplona.com\\\/actualidad\\\/la-despedida-de-la-comparsa-de-gigantes-y-cabezudos-en-la-plaza-consistorial-y-un-concierto-especial-el-dia-14-con-los-tenampas-entre-las-novedades-del-programa-de-san-fermin\\\/#primaryimage\"},\"thumbnailUrl\":\"https:\\\/\\\/www.laguiadepamplona.com\\\/actualidad\\\/wp-content\\\/uploads\\\/2024\\\/06\\\/presentacionprogramasf243_0.webp\",\"articleSection\":[\"Ayto Pamplona\"],\"inLanguage\":\"es\",\"potentialAction\":[{\"@type\":\"CommentAction\",\"name\":\"Comment\",\"target\":[\"https:\\\/\\\/www.laguiadepamplona.com\\\/actualidad\\\/la-despedida-de-la-comparsa-de-gigantes-y-cabezudos-en-la-plaza-consistorial-y-un-concierto-especial-el-dia-14-con-los-tenampas-entre-las-novedades-del-programa-de-san-fermin\\\/#respond\"]}]},{\"@type\":\"WebPage\",\"@id\":\"https:\\\/\\\/www.laguiadepamplona.com\\\/actualidad\\\/la-despedida-de-la-comparsa-de-gigantes-y-cabezudos-en-la-plaza-consistorial-y-un-concierto-especial-el-dia-14-con-los-tenampas-entre-las-novedades-del-programa-de-san-fermin\\\/\",\"url\":\"https:\\\/\\\/www.laguiadepamplona.com\\\/actualidad\\\/la-despedida-de-la-comparsa-de-gigantes-y-cabezudos-en-la-plaza-consistorial-y-un-concierto-especial-el-dia-14-con-los-tenampas-entre-las-novedades-del-programa-de-san-fermin\\\/\",\"name\":\"La despedida de la Comparsa de Gigantes y Cabezudos en la Plaza Consistorial, y un concierto especial el d\u00eda 14, con Los Tenampas, entre las novedades del programa de San Ferm\u00edn\",\"isPartOf\":{\"@id\":\"https:\\\/\\\/www.laguiadepamplona.com\\\/actualidad\\\/#website\"},\"primaryImageOfPage\":{\"@id\":\"https:\\\/\\\/www.laguiadepamplona.com\\\/actualidad\\\/la-despedida-de-la-comparsa-de-gigantes-y-cabezudos-en-la-plaza-consistorial-y-un-concierto-especial-el-dia-14-con-los-tenampas-entre-las-novedades-del-programa-de-san-fermin\\\/#primaryimage\"},\"image\":{\"@id\":\"https:\\\/\\\/www.laguiadepamplona.com\\\/actualidad\\\/la-despedida-de-la-comparsa-de-gigantes-y-cabezudos-en-la-plaza-consistorial-y-un-concierto-especial-el-dia-14-con-los-tenampas-entre-las-novedades-del-programa-de-san-fermin\\\/#primaryimage\"},\"thumbnailUrl\":\"https:\\\/\\\/www.laguiadepamplona.com\\\/actualidad\\\/wp-content\\\/uploads\\\/2024\\\/06\\\/presentacionprogramasf243_0.webp\",\"datePublished\":\"2024-06-19T10:41:32+00:00\",\"description\":\"El Ayuntamiento se acerca a barrios y mayores con un festival de jotas, y promueve en Condestable la accesibilidad en un espacio familiar inclusivo\",\"breadcrumb\":{\"@id\":\"https:\\\/\\\/www.laguiadepamplona.com\\\/actualidad\\\/la-despedida-de-la-comparsa-de-gigantes-y-cabezudos-en-la-plaza-consistorial-y-un-concierto-especial-el-dia-14-con-los-tenampas-entre-las-novedades-del-programa-de-san-fermin\\\/#breadcrumb\"},\"inLanguage\":\"es\",\"potentialAction\":[{\"@type\":\"ReadAction\",\"target\":[\"https:\\\/\\\/www.laguiadepamplona.com\\\/actualidad\\\/la-despedida-de-la-comparsa-de-gigantes-y-cabezudos-en-la-plaza-consistorial-y-un-concierto-especial-el-dia-14-con-los-tenampas-entre-las-novedades-del-programa-de-san-fermin\\\/\"]}]},{\"@type\":\"ImageObject\",\"inLanguage\":\"es\",\"@id\":\"https:\\\/\\\/www.laguiadepamplona.com\\\/actualidad\\\/la-despedida-de-la-comparsa-de-gigantes-y-cabezudos-en-la-plaza-consistorial-y-un-concierto-especial-el-dia-14-con-los-tenampas-entre-las-novedades-del-programa-de-san-fermin\\\/#primaryimage\",\"url\":\"https:\\\/\\\/www.laguiadepamplona.com\\\/actualidad\\\/wp-content\\\/uploads\\\/2024\\\/06\\\/presentacionprogramasf243_0.webp\",\"contentUrl\":\"https:\\\/\\\/www.laguiadepamplona.com\\\/actualidad\\\/wp-content\\\/uploads\\\/2024\\\/06\\\/presentacionprogramasf243_0.webp\",\"width\":1000,\"height\":667,\"caption\":\"programa san fermin 2024\"},{\"@type\":\"BreadcrumbList\",\"@id\":\"https:\\\/\\\/www.laguiadepamplona.com\\\/actualidad\\\/la-despedida-de-la-comparsa-de-gigantes-y-cabezudos-en-la-plaza-consistorial-y-un-concierto-especial-el-dia-14-con-los-tenampas-entre-las-novedades-del-programa-de-san-fermin\\\/#breadcrumb\",\"itemListElement\":[{\"@type\":\"ListItem\",\"position\":1,\"name\":\"Portada\",\"item\":\"https:\\\/\\\/www.laguiadepamplona.com\\\/actualidad\\\/\"},{\"@type\":\"ListItem\",\"position\":2,\"name\":\"La despedida de la Comparsa de Gigantes y Cabezudos en la Plaza Consistorial, y un concierto especial el d\u00eda 14, con Los Tenampas, entre las novedades del programa de San Ferm\u00edn\"}]},{\"@type\":\"WebSite\",\"@id\":\"https:\\\/\\\/www.laguiadepamplona.com\\\/actualidad\\\/#website\",\"url\":\"https:\\\/\\\/www.laguiadepamplona.com\\\/actualidad\\\/\",\"name\":\"La gu\u00eda de Pamplona\",\"description\":\"Noticias de Pamplona\",\"publisher\":{\"@id\":\"https:\\\/\\\/www.laguiadepamplona.com\\\/actualidad\\\/#organization\"},\"potentialAction\":[{\"@type\":\"SearchAction\",\"target\":{\"@type\":\"EntryPoint\",\"urlTemplate\":\"https:\\\/\\\/www.laguiadepamplona.com\\\/actualidad\\\/?s={search_term_string}\"},\"query-input\":{\"@type\":\"PropertyValueSpecification\",\"valueRequired\":true,\"valueName\":\"search_term_string\"}}],\"inLanguage\":\"es\"},{\"@type\":\"Organization\",\"@id\":\"https:\\\/\\\/www.laguiadepamplona.com\\\/actualidad\\\/#organization\",\"name\":\"La Gu\u00eda de Pamplona \\\/ Noticias\",\"url\":\"https:\\\/\\\/www.laguiadepamplona.com\\\/actualidad\\\/\",\"logo\":{\"@type\":\"ImageObject\",\"inLanguage\":\"es\",\"@id\":\"https:\\\/\\\/www.laguiadepamplona.com\\\/actualidad\\\/#\\\/schema\\\/logo\\\/image\\\/\",\"url\":\"https:\\\/\\\/www.laguiadepamplona.com\\\/actualidad\\\/wp-content\\\/uploads\\\/2018\\\/11\\\/logo-laguiadepamplona18-web1.png\",\"contentUrl\":\"https:\\\/\\\/www.laguiadepamplona.com\\\/actualidad\\\/wp-content\\\/uploads\\\/2018\\\/11\\\/logo-laguiadepamplona18-web1.png\",\"width\":600,\"height\":196,\"caption\":\"La Gu\u00eda de Pamplona \\\/ Noticias\"},\"image\":{\"@id\":\"https:\\\/\\\/www.laguiadepamplona.com\\\/actualidad\\\/#\\\/schema\\\/logo\\\/image\\\/\"},\"sameAs\":[\"https:\\\/\\\/www.facebook.com\\\/laguiadepamplonacom-133175176762273\\\/?ref=hl\",\"https:\\\/\\\/x.com\\\/LaGuiadPamplona\",\"https:\\\/\\\/www.instagram.com\\\/la_guia_de_pamplona\\\/\",\"https:\\\/\\\/www.youtube.com\\\/user\\\/laguiadepamplona\"]},{\"@type\":\"Person\",\"@id\":\"https:\\\/\\\/www.laguiadepamplona.com\\\/actualidad\\\/#\\\/schema\\\/person\\\/efe887376f0213d4657c93adc50b1fdb\",\"name\":\"La Gu\u00eda de Pamplona\",\"image\":{\"@type\":\"ImageObject\",\"inLanguage\":\"es\",\"@id\":\"https:\\\/\\\/secure.gravatar.com\\\/avatar\\\/b6992f131dc8d30ab0dff15446e9d346d9dbd95992de0fef795073f5ea83a81c?s=96&d=mm&r=g\",\"url\":\"https:\\\/\\\/secure.gravatar.com\\\/avatar\\\/b6992f131dc8d30ab0dff15446e9d346d9dbd95992de0fef795073f5ea83a81c?s=96&d=mm&r=g\",\"contentUrl\":\"https:\\\/\\\/secure.gravatar.com\\\/avatar\\\/b6992f131dc8d30ab0dff15446e9d346d9dbd95992de0fef795073f5ea83a81c?s=96&d=mm&r=g\",\"caption\":\"La Gu\u00eda de Pamplona\"}}]}<\/script>\n<!-- \/ Yoast SEO plugin. -->","yoast_head_json":{"title":"La despedida de la Comparsa de Gigantes y Cabezudos en la Plaza Consistorial, y un concierto especial el d\u00eda 14, con Los Tenampas, entre las novedades del programa de San Ferm\u00edn","description":"El Ayuntamiento se acerca a barrios y mayores con un festival de jotas, y promueve en Condestable la accesibilidad en un espacio familiar inclusivo","robots":{"index":"index","follow":"follow","max-snippet":"max-snippet:-1","max-image-preview":"max-image-preview:large","max-video-preview":"max-video-preview:-1"},"canonical":"https:\/\/www.laguiadepamplona.com\/actualidad\/la-despedida-de-la-comparsa-de-gigantes-y-cabezudos-en-la-plaza-consistorial-y-un-concierto-especial-el-dia-14-con-los-tenampas-entre-las-novedades-del-programa-de-san-fermin\/","og_locale":"es_ES","og_type":"article","og_title":"La despedida de la Comparsa de Gigantes y Cabezudos en la Plaza Consistorial, y un concierto especial el d\u00eda 14, con Los Tenampas, entre las novedades del programa de San Ferm\u00edn","og_description":"El Ayuntamiento se acerca a barrios y mayores con un festival de jotas, y promueve en Condestable la accesibilidad en un espacio familiar inclusivo","og_url":"https:\/\/www.laguiadepamplona.com\/actualidad\/la-despedida-de-la-comparsa-de-gigantes-y-cabezudos-en-la-plaza-consistorial-y-un-concierto-especial-el-dia-14-con-los-tenampas-entre-las-novedades-del-programa-de-san-fermin\/","og_site_name":"La Gu\u00eda de Pamplona","article_publisher":"https:\/\/www.facebook.com\/laguiadepamplonacom-133175176762273\/?ref=hl","article_published_time":"2024-06-19T10:41:32+00:00","og_image":[{"width":1000,"height":667,"url":"https:\/\/www.laguiadepamplona.com\/actualidad\/wp-content\/uploads\/2024\/06\/presentacionprogramasf243_0.webp","type":"image\/webp"}],"author":"La Gu\u00eda de Pamplona","twitter_card":"summary_large_image","twitter_creator":"@LaGuiadPamplona","twitter_site":"@LaGuiadPamplona","twitter_misc":{"Escrito por":"La Gu\u00eda de Pamplona","Tiempo de lectura":"14 minutos"},"schema":{"@context":"https:\/\/schema.org","@graph":[{"@type":"Article","@id":"https:\/\/www.laguiadepamplona.com\/actualidad\/la-despedida-de-la-comparsa-de-gigantes-y-cabezudos-en-la-plaza-consistorial-y-un-concierto-especial-el-dia-14-con-los-tenampas-entre-las-novedades-del-programa-de-san-fermin\/#article","isPartOf":{"@id":"https:\/\/www.laguiadepamplona.com\/actualidad\/la-despedida-de-la-comparsa-de-gigantes-y-cabezudos-en-la-plaza-consistorial-y-un-concierto-especial-el-dia-14-con-los-tenampas-entre-las-novedades-del-programa-de-san-fermin\/"},"author":{"name":"La Gu\u00eda de Pamplona","@id":"https:\/\/www.laguiadepamplona.com\/actualidad\/#\/schema\/person\/efe887376f0213d4657c93adc50b1fdb"},"headline":"La despedida de la Comparsa de Gigantes y Cabezudos en la Plaza Consistorial, y un concierto especial el d\u00eda 14, con Los Tenampas, entre las novedades del programa de San Ferm\u00edn","datePublished":"2024-06-19T10:41:32+00:00","mainEntityOfPage":{"@id":"https:\/\/www.laguiadepamplona.com\/actualidad\/la-despedida-de-la-comparsa-de-gigantes-y-cabezudos-en-la-plaza-consistorial-y-un-concierto-especial-el-dia-14-con-los-tenampas-entre-las-novedades-del-programa-de-san-fermin\/"},"wordCount":3029,"commentCount":0,"publisher":{"@id":"https:\/\/www.laguiadepamplona.com\/actualidad\/#organization"},"image":{"@id":"https:\/\/www.laguiadepamplona.com\/actualidad\/la-despedida-de-la-comparsa-de-gigantes-y-cabezudos-en-la-plaza-consistorial-y-un-concierto-especial-el-dia-14-con-los-tenampas-entre-las-novedades-del-programa-de-san-fermin\/#primaryimage"},"thumbnailUrl":"https:\/\/www.laguiadepamplona.com\/actualidad\/wp-content\/uploads\/2024\/06\/presentacionprogramasf243_0.webp","articleSection":["Ayto Pamplona"],"inLanguage":"es","potentialAction":[{"@type":"CommentAction","name":"Comment","target":["https:\/\/www.laguiadepamplona.com\/actualidad\/la-despedida-de-la-comparsa-de-gigantes-y-cabezudos-en-la-plaza-consistorial-y-un-concierto-especial-el-dia-14-con-los-tenampas-entre-las-novedades-del-programa-de-san-fermin\/#respond"]}]},{"@type":"WebPage","@id":"https:\/\/www.laguiadepamplona.com\/actualidad\/la-despedida-de-la-comparsa-de-gigantes-y-cabezudos-en-la-plaza-consistorial-y-un-concierto-especial-el-dia-14-con-los-tenampas-entre-las-novedades-del-programa-de-san-fermin\/","url":"https:\/\/www.laguiadepamplona.com\/actualidad\/la-despedida-de-la-comparsa-de-gigantes-y-cabezudos-en-la-plaza-consistorial-y-un-concierto-especial-el-dia-14-con-los-tenampas-entre-las-novedades-del-programa-de-san-fermin\/","name":"La despedida de la Comparsa de Gigantes y Cabezudos en la Plaza Consistorial, y un concierto especial el d\u00eda 14, con Los Tenampas, entre las novedades del programa de San Ferm\u00edn","isPartOf":{"@id":"https:\/\/www.laguiadepamplona.com\/actualidad\/#website"},"primaryImageOfPage":{"@id":"https:\/\/www.laguiadepamplona.com\/actualidad\/la-despedida-de-la-comparsa-de-gigantes-y-cabezudos-en-la-plaza-consistorial-y-un-concierto-especial-el-dia-14-con-los-tenampas-entre-las-novedades-del-programa-de-san-fermin\/#primaryimage"},"image":{"@id":"https:\/\/www.laguiadepamplona.com\/actualidad\/la-despedida-de-la-comparsa-de-gigantes-y-cabezudos-en-la-plaza-consistorial-y-un-concierto-especial-el-dia-14-con-los-tenampas-entre-las-novedades-del-programa-de-san-fermin\/#primaryimage"},"thumbnailUrl":"https:\/\/www.laguiadepamplona.com\/actualidad\/wp-content\/uploads\/2024\/06\/presentacionprogramasf243_0.webp","datePublished":"2024-06-19T10:41:32+00:00","description":"El Ayuntamiento se acerca a barrios y mayores con un festival de jotas, y promueve en Condestable la accesibilidad en un espacio familiar inclusivo","breadcrumb":{"@id":"https:\/\/www.laguiadepamplona.com\/actualidad\/la-despedida-de-la-comparsa-de-gigantes-y-cabezudos-en-la-plaza-consistorial-y-un-concierto-especial-el-dia-14-con-los-tenampas-entre-las-novedades-del-programa-de-san-fermin\/#breadcrumb"},"inLanguage":"es","potentialAction":[{"@type":"ReadAction","target":["https:\/\/www.laguiadepamplona.com\/actualidad\/la-despedida-de-la-comparsa-de-gigantes-y-cabezudos-en-la-plaza-consistorial-y-un-concierto-especial-el-dia-14-con-los-tenampas-entre-las-novedades-del-programa-de-san-fermin\/"]}]},{"@type":"ImageObject","inLanguage":"es","@id":"https:\/\/www.laguiadepamplona.com\/actualidad\/la-despedida-de-la-comparsa-de-gigantes-y-cabezudos-en-la-plaza-consistorial-y-un-concierto-especial-el-dia-14-con-los-tenampas-entre-las-novedades-del-programa-de-san-fermin\/#primaryimage","url":"https:\/\/www.laguiadepamplona.com\/actualidad\/wp-content\/uploads\/2024\/06\/presentacionprogramasf243_0.webp","contentUrl":"https:\/\/www.laguiadepamplona.com\/actualidad\/wp-content\/uploads\/2024\/06\/presentacionprogramasf243_0.webp","width":1000,"height":667,"caption":"programa san fermin 2024"},{"@type":"BreadcrumbList","@id":"https:\/\/www.laguiadepamplona.com\/actualidad\/la-despedida-de-la-comparsa-de-gigantes-y-cabezudos-en-la-plaza-consistorial-y-un-concierto-especial-el-dia-14-con-los-tenampas-entre-las-novedades-del-programa-de-san-fermin\/#breadcrumb","itemListElement":[{"@type":"ListItem","position":1,"name":"Portada","item":"https:\/\/www.laguiadepamplona.com\/actualidad\/"},{"@type":"ListItem","position":2,"name":"La despedida de la Comparsa de Gigantes y Cabezudos en la Plaza Consistorial, y un concierto especial el d\u00eda 14, con Los Tenampas, entre las novedades del programa de San Ferm\u00edn"}]},{"@type":"WebSite","@id":"https:\/\/www.laguiadepamplona.com\/actualidad\/#website","url":"https:\/\/www.laguiadepamplona.com\/actualidad\/","name":"La gu\u00eda de Pamplona","description":"Noticias de Pamplona","publisher":{"@id":"https:\/\/www.laguiadepamplona.com\/actualidad\/#organization"},"potentialAction":[{"@type":"SearchAction","target":{"@type":"EntryPoint","urlTemplate":"https:\/\/www.laguiadepamplona.com\/actualidad\/?s={search_term_string}"},"query-input":{"@type":"PropertyValueSpecification","valueRequired":true,"valueName":"search_term_string"}}],"inLanguage":"es"},{"@type":"Organization","@id":"https:\/\/www.laguiadepamplona.com\/actualidad\/#organization","name":"La Gu\u00eda de Pamplona \/ Noticias","url":"https:\/\/www.laguiadepamplona.com\/actualidad\/","logo":{"@type":"ImageObject","inLanguage":"es","@id":"https:\/\/www.laguiadepamplona.com\/actualidad\/#\/schema\/logo\/image\/","url":"https:\/\/www.laguiadepamplona.com\/actualidad\/wp-content\/uploads\/2018\/11\/logo-laguiadepamplona18-web1.png","contentUrl":"https:\/\/www.laguiadepamplona.com\/actualidad\/wp-content\/uploads\/2018\/11\/logo-laguiadepamplona18-web1.png","width":600,"height":196,"caption":"La Gu\u00eda de Pamplona \/ Noticias"},"image":{"@id":"https:\/\/www.laguiadepamplona.com\/actualidad\/#\/schema\/logo\/image\/"},"sameAs":["https:\/\/www.facebook.com\/laguiadepamplonacom-133175176762273\/?ref=hl","https:\/\/x.com\/LaGuiadPamplona","https:\/\/www.instagram.com\/la_guia_de_pamplona\/","https:\/\/www.youtube.com\/user\/laguiadepamplona"]},{"@type":"Person","@id":"https:\/\/www.laguiadepamplona.com\/actualidad\/#\/schema\/person\/efe887376f0213d4657c93adc50b1fdb","name":"La Gu\u00eda de Pamplona","image":{"@type":"ImageObject","inLanguage":"es","@id":"https:\/\/secure.gravatar.com\/avatar\/b6992f131dc8d30ab0dff15446e9d346d9dbd95992de0fef795073f5ea83a81c?s=96&d=mm&r=g","url":"https:\/\/secure.gravatar.com\/avatar\/b6992f131dc8d30ab0dff15446e9d346d9dbd95992de0fef795073f5ea83a81c?s=96&d=mm&r=g","contentUrl":"https:\/\/secure.gravatar.com\/avatar\/b6992f131dc8d30ab0dff15446e9d346d9dbd95992de0fef795073f5ea83a81c?s=96&d=mm&r=g","caption":"La Gu\u00eda de Pamplona"}}]}},"post_mailing_queue_ids":[],"_links":{"self":[{"href":"https:\/\/www.laguiadepamplona.com\/actualidad\/wp-json\/wp\/v2\/posts\/50116","targetHints":{"allow":["GET"]}}],"collection":[{"href":"https:\/\/www.laguiadepamplona.com\/actualidad\/wp-json\/wp\/v2\/posts"}],"about":[{"href":"https:\/\/www.laguiadepamplona.com\/actualidad\/wp-json\/wp\/v2\/types\/post"}],"author":[{"embeddable":true,"href":"https:\/\/www.laguiadepamplona.com\/actualidad\/wp-json\/wp\/v2\/users\/1"}],"replies":[{"embeddable":true,"href":"https:\/\/www.laguiadepamplona.com\/actualidad\/wp-json\/wp\/v2\/comments?post=50116"}],"version-history":[{"count":1,"href":"https:\/\/www.laguiadepamplona.com\/actualidad\/wp-json\/wp\/v2\/posts\/50116\/revisions"}],"predecessor-version":[{"id":50118,"href":"https:\/\/www.laguiadepamplona.com\/actualidad\/wp-json\/wp\/v2\/posts\/50116\/revisions\/50118"}],"wp:featuredmedia":[{"embeddable":true,"href":"https:\/\/www.laguiadepamplona.com\/actualidad\/wp-json\/wp\/v2\/media\/50117"}],"wp:attachment":[{"href":"https:\/\/www.laguiadepamplona.com\/actualidad\/wp-json\/wp\/v2\/media?parent=50116"}],"wp:term":[{"taxonomy":"category","embeddable":true,"href":"https:\/\/www.laguiadepamplona.com\/actualidad\/wp-json\/wp\/v2\/categories?post=50116"},{"taxonomy":"post_tag","embeddable":true,"href":"https:\/\/www.laguiadepamplona.com\/actualidad\/wp-json\/wp\/v2\/tags?post=50116"}],"curies":[{"name":"wp","href":"https:\/\/api.w.org\/{rel}","templated":true}]}}