{"id":50098,"date":"2024-06-13T17:56:54","date_gmt":"2024-06-13T15:56:54","guid":{"rendered":"https:\/\/www.laguiadepamplona.com\/actualidad\/?p=50098"},"modified":"2024-06-17T18:19:50","modified_gmt":"2024-06-17T16:19:50","slug":"san-fermin-suma-una-nueva-experiencia-de-las-fiestas-en-el-espacio-sanfermin-espazioa-de-la-cuesta-de-santo-domingo","status":"publish","type":"post","link":"https:\/\/www.laguiadepamplona.com\/actualidad\/san-fermin-suma-una-nueva-experiencia-de-las-fiestas-en-el-espacio-sanfermin-espazioa-de-la-cuesta-de-santo-domingo\/","title":{"rendered":"San Ferm\u00edn suma una nueva experiencia de las fiestas en el \u2018Espacio SanFermIN! Espazioa\u2019 de la cuesta de Santo Domingo"},"content":{"rendered":"<h2>El antiguo Cuerpo de Guardia acoge un espacio inmersivo para dar a conocer todos los aspectos que la hacen singular<!--more--><\/h2>\n<p>Pamplona cuenta desde este jueves con un nuevo centro de experiencias sobre los Sanfermines, ubicado en la cuesta de Santo Domingo, junto a los corralillos desde los que parte el encierro. El proyecto hecho ya realidad se denomina \u2018Espacio SanFermIN! Espazioa\u2019 y alberga, en sus 90 metros cuadrados, diferentes espacios que juegan con los sonidos, enclaves e im\u00e1genes para generar una inmersi\u00f3n total en las fiestas de San Ferm\u00edn.<\/p>\n<p>El nuevo espacio ha sido inaugurado por el alcalde de Pamplona, Joseba Asiron Saez, acompa\u00f1ado por el concejal especial de Promoci\u00f3n Econ\u00f3mica y Proyecci\u00f3n Europea, Koldo Mart\u00ednez Urionabarrenetxea, y otros miembros de la Corporaci\u00f3n. Junto a ellos han estado el director de la empresa que ha desarrollado el proyecto, Arena Comunicaci\u00f3n, Pablo Iraburu Allegue, y el arquitecto Enrique Kahle, de la firma Enrique Kahle Arquitectura.<\/p>\n<p>Todos ellos, junto a representantes de diversas entidades, han visitado la instalaci\u00f3n, donde han recibido las explicaciones del arquitecto del proyecto. El espacio alberga un \u00e1rea de recepci\u00f3n y atenci\u00f3n al visitante, un \u00e1rea de informaci\u00f3n y el \u00e1rea de experiencia, que es su principal reclamo. Las tres zonas siguen un dise\u00f1o minimalista basado en los tres colores b\u00e1sicos de San Ferm\u00edn: el rojo, el blanco y el negro.<\/p>\n<p>Una gran cortina roja vela la entrada al \u00e1rea de experiencia, accesible desde la recepci\u00f3n, que contiene un laberinto de espejos, altavoces y pantallas que funcionan como un caleidoscopio de las fiestas. Las personas visitantes se ven inmersas en San Ferm\u00edn, con sonidos, im\u00e1genes e incluso movimientos, puesto que el suelo vibra en algunos tramos. No hay un orden de visita, cada persona crea su propio itinerario.<\/p>\n<p>A la salida de esta \u00e1rea, se encuentran las pantallas y contenidos est\u00e1ticos del \u00e1rea de informaci\u00f3n, con nuevas referencias sobre San Ferm\u00edn, complementarias del \u00e1rea de experiencias y accesibles para todos los p\u00fablicos. Este espacio polivalente podr\u00e1 ser utilizado tambi\u00e9n para exposiciones temporales relacionadas con la fiesta. Asimismo, el contenido, tanto digital como los elementos gr\u00e1ficos, se puede modificar, seg\u00fan las necesidades del momento.<\/p>\n<p><strong>Espacio accesible con informaci\u00f3n en cuatro idiomas<\/strong><\/p>\n<p>La denominaci\u00f3n \u2018Espacio SANFERMIN! Espazioz\u2019 responde a un juego de palabras que se puede entender en cualquier idioma. Es v\u00e1lido en castellano y en euskera y comprensible tambi\u00e9n en otras lenguas, para visitantes de otros pa\u00edses. Las dos \u00faltimas letras de San Ferm\u00edn coinciden con la preposici\u00f3n <em>in <\/em>en ingl\u00e9s. \u201cIN!\u201d es una invitaci\u00f3n a ese espacio y experiencia de v\u00eddeos, sonidos, im\u00e1genes y sensaciones. Se trata de un concepto que refleja muy bien el alma de las fiestas y recogen la esencia del concepto: experiencia y participaci\u00f3n.<\/p>\n<p>Toda la actuaci\u00f3n se plantea mediante el uso de materiales alternativos, sostenibles o reciclados, respetuosos con el medio ambiente y utilizando t\u00e9cnicas constructivas que aproximan al car\u00e1cter popular de la fiesta. Los materiales utilizados buscan tambi\u00e9n generar sugerencias y alusiones sutiles de los Sanfermines.<\/p>\n<p>Este espacio es accesible para personas con movilidad reducida y para aquellas que tienen discapacidad visual. Estas pueden realizar la visita mediante audio descripciones para dar la bienvenida, presentar el espacio y ubicar las diferentes zonas; acompa\u00f1ar en la visita al \u00e1rea de informaci\u00f3n y durante el recorrido por el \u00e1rea de experiencia. La informaci\u00f3n est\u00e1 disponible en 4 idiomas: castellano, euskera, ingl\u00e9s y franc\u00e9s.<\/p>\n<p><strong>Dos a\u00f1os de proyecto<\/strong><\/p>\n<p>El centro de experiencias \u2018Espacio SanFermIN! Espazioa\u2019 tiene por objetivo desestacionalizar el principal producto tur\u00edstico de la ciudad, ofrecer una experiencia inmersiva los \u201c356 d\u00edas\u201d del a\u00f1o en los que no est\u00e1 presente la fiesta, un discurso que va m\u00e1s all\u00e1 de la imagen que se proyecta en el exterior de la fiesta con la que se pretende trasmitir todos los aspectos de la fiesta que la hacen singular: una fiesta popular, hist\u00f3rica, cultural, abierta, alegre, internacional y para todas las edades; adem\u00e1s este espacio funcionar\u00e1 como punto de informaci\u00f3n al visitante.<\/p>\n<p>Este nuevo centro est\u00e1 gestionado por el Ayuntamiento de Pamplona, a trav\u00e9s del contrato de servicios por el que se gestionan la Oficina de Turismo, el Centro de Interpretaci\u00f3n del Camino de Santiago \u2013 Ultreia (ubicado en la calle Mayor, 20) y el Fort\u00edn de San Bartolom\u00e9. El centro forma parte del Plan de Sostenibilidad Tur\u00edstica en Destino Pamplona SF365 y ha tenido un coste total de 702.898 euros, subvencionados \u00edntegramente por la Uni\u00f3n Europea \u2013 Next Generation EU., instrumento financiero de la inversi\u00f3n C14.I1 del Plan de Recuperaci\u00f3n, Transformaci\u00f3n y Resiliencia del Gobierno de Espa\u00f1a. En este contexto, Pamplona ha recibido una ayuda de 5.492.500 euros a ejecutar en tres a\u00f1os para el despliegue y desarrollo del Plan de Sostenibilidad Tur\u00edstica en Destino \u2018Pamplona SF365\u2019, que presenta 13 actuaciones vertebradas en cuatro ejes tem\u00e1ticos dedicados a la transici\u00f3n verde y sostenible, la mejora de la eficiencia energ\u00e9tica, la transici\u00f3n digital y la competitividad.<\/p>\n<p>El proyecto se ha desarrollado durante dos a\u00f1os. En junio de 2022 se licit\u00f3 la redacci\u00f3n del proyecto, que inclu\u00eda la restauraci\u00f3n \u00edntegra del Cuerpo de Guardia y la urbanizaci\u00f3n del porche, escaleras y zona pr\u00f3ximas, como el espacio hasta la acera de Santo Domingo y la trasera del edificio. En julio del 2023, la Junta de Gobierno Local aprob\u00f3 el contrato para dise\u00f1o, elaboraci\u00f3n, suministros, instalaci\u00f3n y puesta en funcionamiento del centro de experiencias, adjudicado a la uni\u00f3n temporal de empresas Arena Comunicaci\u00f3n Audiovisual \u2013 Ostiz Sistemas Audiovisuales \u2013 Enrique Kahle Arquitectura (UTE SF365).<\/p>\n<p><strong>Visitas guiadas para dar a conocer el centro entre la ciudadan\u00eda<\/strong><\/p>\n<p>A partir de ma\u00f1ana 14 de junio, est\u00e1n disponibles durante siete d\u00edas visitas guiadas al Espacio SanfermIN! Espazioa los d\u00edas 14, 20 y 21 de junio a las 17:30; y los d\u00edas 15, 16, 22 y 23 de junio a las 11:30. La inscripci\u00f3n se realizar\u00e1 a trav\u00e9s del 010, est\u00e1 dirigida a un n\u00famero m\u00e1ximo de 30 personas por grupo y es gratuita.<\/p>\n<p>Esta visita con una duraci\u00f3n total aproximada de una hora y media, comenzar\u00e1 en la calle Santo domingo (antiguo cuerpo de guardia del portal de la Rochapea), actual Espacio SanfermIN! Espazioa. Tras la visita al centro, que tendr\u00e1 una duraci\u00f3n aproximada de 30 minutos, el grupo continuar\u00e1 la visita por la calle Santo Domingo para visitar diversos espacios interpretativos de los Sanfermines. En el recorrido, la persona gu\u00eda explicar\u00e1 diversos detalles de la historia de la fiesta, origen, protagonistas, etc. La visita es apta para personas con movilidad reducida.<\/p>\n<p>Los d\u00edas 14, 16, 21, 22 y 23 las visitas se realizar\u00e1n en castellano y los d\u00edas 15 y 20 en euskera. Asimismo, entidades vinculadas a la mesa de San Ferm\u00edn y la Casa de la Misericordia, as\u00ed como empresas tur\u00edsticas realizar\u00e1n visitas espec\u00edficas para que conozcan de primera mano el espacio.<\/p>\n<p>&nbsp;<\/p>\n<h3>Horarios de apertura y contacto<\/h3>\n<ul>\n<li>El horario de apertura del centro se adaptar\u00e1 a las diferentes temporadas tur\u00edsticas, de la siguiente manera:\n<ul>\n<li>1 de noviembre al 15 de marzo<\/li>\n<\/ul>\n<\/li>\n<\/ul>\n<p>L\u2013S: 10\u201314 \/ 15\u201317:30<\/p>\n<p>D: 10\u201314<\/p>\n<ul>\n<li>16 de marzo al 30 de junio y 16 de septiembre al 31 de octubre<\/li>\n<\/ul>\n<p>L\u2013S: 10\u201314 \/ 15\u201318<\/p>\n<p>D: 10\u201314<\/p>\n<ul>\n<li>1 de julio al 15 de septiembre<\/li>\n<\/ul>\n<p>L\u2013S: 10\u201314 \/ 15\u201319<\/p>\n<p>D: 10\u201314<\/p>\n<ul>\n<li>6 al 14 de julio, 25 de diciembre, 1 y 6 de enero: Cerrado<\/li>\n<\/ul>\n<ul>\n<li>Se trata de un espacio con un aforo m\u00e1ximo de 30 personas, planificado para la visita individual o peque\u00f1os grupos. Se recomienda para grupos que superen ese m\u00e1ximo previsto se pongan en contacto con el centro para la organizaci\u00f3n de la visita.<\/li>\n<li>Email: <a href=\"mailto:espaciosanfermin@pamplona.es\">espaciosanfermin@pamplona.es<\/a><\/li>\n<\/ul>\n","protected":false},"excerpt":{"rendered":"<p>El antiguo Cuerpo de Guardia acoge un espacio inmersivo para dar a conocer todos los aspectos que la hacen singular<\/p>\n","protected":false},"author":1,"featured_media":50099,"comment_status":"open","ping_status":"closed","sticky":false,"template":"","format":"standard","meta":{"footnotes":""},"categories":[2],"tags":[],"class_list":["post-50098","post","type-post","status-publish","format-standard","has-post-thumbnail","hentry","category-ayuntamiento-pamplona"],"yoast_head":"<!-- This site is optimized with the Yoast SEO plugin v27.3 - https:\/\/yoast.com\/product\/yoast-seo-wordpress\/ -->\n<title>San Ferm\u00edn suma una nueva experiencia de las fiestas en el \u2018Espacio SanFermIN! Espazioa\u2019 de la cuesta de Santo Domingo<\/title>\n<meta name=\"description\" content=\"El antiguo Cuerpo de Guardia acoge un espacio inmersivo para dar a conocer todos los aspectos que la hacen singular\" \/>\n<meta name=\"robots\" content=\"index, follow, max-snippet:-1, max-image-preview:large, max-video-preview:-1\" \/>\n<link rel=\"canonical\" href=\"https:\/\/www.laguiadepamplona.com\/actualidad\/san-fermin-suma-una-nueva-experiencia-de-las-fiestas-en-el-espacio-sanfermin-espazioa-de-la-cuesta-de-santo-domingo\/\" \/>\n<meta property=\"og:locale\" content=\"es_ES\" \/>\n<meta property=\"og:type\" content=\"article\" \/>\n<meta property=\"og:title\" content=\"San Ferm\u00edn suma una nueva experiencia de las fiestas en el \u2018Espacio SanFermIN! Espazioa\u2019 de la cuesta de Santo Domingo\" \/>\n<meta property=\"og:description\" content=\"El antiguo Cuerpo de Guardia acoge un espacio inmersivo para dar a conocer todos los aspectos que la hacen singular\" \/>\n<meta property=\"og:url\" content=\"https:\/\/www.laguiadepamplona.com\/actualidad\/san-fermin-suma-una-nueva-experiencia-de-las-fiestas-en-el-espacio-sanfermin-espazioa-de-la-cuesta-de-santo-domingo\/\" \/>\n<meta property=\"og:site_name\" content=\"La Gu\u00eda de Pamplona\" \/>\n<meta property=\"article:publisher\" content=\"https:\/\/www.facebook.com\/laguiadepamplonacom-133175176762273\/?ref=hl\" \/>\n<meta property=\"article:published_time\" content=\"2024-06-13T15:56:54+00:00\" \/>\n<meta property=\"article:modified_time\" content=\"2024-06-17T16:19:50+00:00\" \/>\n<meta property=\"og:image\" content=\"https:\/\/www.laguiadepamplona.com\/actualidad\/wp-content\/uploads\/2024\/06\/240613espaciosanferminespazioa0copia_0.webp\" \/>\n\t<meta property=\"og:image:width\" content=\"1000\" \/>\n\t<meta property=\"og:image:height\" content=\"667\" \/>\n\t<meta property=\"og:image:type\" content=\"image\/webp\" \/>\n<meta name=\"author\" content=\"La Gu\u00eda de Pamplona\" \/>\n<meta name=\"twitter:card\" content=\"summary_large_image\" \/>\n<meta name=\"twitter:creator\" content=\"@LaGuiadPamplona\" \/>\n<meta name=\"twitter:site\" content=\"@LaGuiadPamplona\" \/>\n<meta name=\"twitter:label1\" content=\"Escrito por\" \/>\n\t<meta name=\"twitter:data1\" content=\"La Gu\u00eda de Pamplona\" \/>\n\t<meta name=\"twitter:label2\" content=\"Tiempo de lectura\" \/>\n\t<meta name=\"twitter:data2\" content=\"6 minutos\" \/>\n<script type=\"application\/ld+json\" class=\"yoast-schema-graph\">{\"@context\":\"https:\\\/\\\/schema.org\",\"@graph\":[{\"@type\":\"Article\",\"@id\":\"https:\\\/\\\/www.laguiadepamplona.com\\\/actualidad\\\/san-fermin-suma-una-nueva-experiencia-de-las-fiestas-en-el-espacio-sanfermin-espazioa-de-la-cuesta-de-santo-domingo\\\/#article\",\"isPartOf\":{\"@id\":\"https:\\\/\\\/www.laguiadepamplona.com\\\/actualidad\\\/san-fermin-suma-una-nueva-experiencia-de-las-fiestas-en-el-espacio-sanfermin-espazioa-de-la-cuesta-de-santo-domingo\\\/\"},\"author\":{\"name\":\"La Gu\u00eda de Pamplona\",\"@id\":\"https:\\\/\\\/www.laguiadepamplona.com\\\/actualidad\\\/#\\\/schema\\\/person\\\/efe887376f0213d4657c93adc50b1fdb\"},\"headline\":\"San Ferm\u00edn suma una nueva experiencia de las fiestas en el \u2018Espacio SanFermIN! Espazioa\u2019 de la cuesta de Santo Domingo\",\"datePublished\":\"2024-06-13T15:56:54+00:00\",\"dateModified\":\"2024-06-17T16:19:50+00:00\",\"mainEntityOfPage\":{\"@id\":\"https:\\\/\\\/www.laguiadepamplona.com\\\/actualidad\\\/san-fermin-suma-una-nueva-experiencia-de-las-fiestas-en-el-espacio-sanfermin-espazioa-de-la-cuesta-de-santo-domingo\\\/\"},\"wordCount\":1323,\"commentCount\":0,\"publisher\":{\"@id\":\"https:\\\/\\\/www.laguiadepamplona.com\\\/actualidad\\\/#organization\"},\"image\":{\"@id\":\"https:\\\/\\\/www.laguiadepamplona.com\\\/actualidad\\\/san-fermin-suma-una-nueva-experiencia-de-las-fiestas-en-el-espacio-sanfermin-espazioa-de-la-cuesta-de-santo-domingo\\\/#primaryimage\"},\"thumbnailUrl\":\"https:\\\/\\\/www.laguiadepamplona.com\\\/actualidad\\\/wp-content\\\/uploads\\\/2024\\\/06\\\/240613espaciosanferminespazioa0copia_0.webp\",\"articleSection\":[\"Ayto Pamplona\"],\"inLanguage\":\"es\",\"potentialAction\":[{\"@type\":\"CommentAction\",\"name\":\"Comment\",\"target\":[\"https:\\\/\\\/www.laguiadepamplona.com\\\/actualidad\\\/san-fermin-suma-una-nueva-experiencia-de-las-fiestas-en-el-espacio-sanfermin-espazioa-de-la-cuesta-de-santo-domingo\\\/#respond\"]}]},{\"@type\":\"WebPage\",\"@id\":\"https:\\\/\\\/www.laguiadepamplona.com\\\/actualidad\\\/san-fermin-suma-una-nueva-experiencia-de-las-fiestas-en-el-espacio-sanfermin-espazioa-de-la-cuesta-de-santo-domingo\\\/\",\"url\":\"https:\\\/\\\/www.laguiadepamplona.com\\\/actualidad\\\/san-fermin-suma-una-nueva-experiencia-de-las-fiestas-en-el-espacio-sanfermin-espazioa-de-la-cuesta-de-santo-domingo\\\/\",\"name\":\"San Ferm\u00edn suma una nueva experiencia de las fiestas en el \u2018Espacio SanFermIN! Espazioa\u2019 de la cuesta de Santo Domingo\",\"isPartOf\":{\"@id\":\"https:\\\/\\\/www.laguiadepamplona.com\\\/actualidad\\\/#website\"},\"primaryImageOfPage\":{\"@id\":\"https:\\\/\\\/www.laguiadepamplona.com\\\/actualidad\\\/san-fermin-suma-una-nueva-experiencia-de-las-fiestas-en-el-espacio-sanfermin-espazioa-de-la-cuesta-de-santo-domingo\\\/#primaryimage\"},\"image\":{\"@id\":\"https:\\\/\\\/www.laguiadepamplona.com\\\/actualidad\\\/san-fermin-suma-una-nueva-experiencia-de-las-fiestas-en-el-espacio-sanfermin-espazioa-de-la-cuesta-de-santo-domingo\\\/#primaryimage\"},\"thumbnailUrl\":\"https:\\\/\\\/www.laguiadepamplona.com\\\/actualidad\\\/wp-content\\\/uploads\\\/2024\\\/06\\\/240613espaciosanferminespazioa0copia_0.webp\",\"datePublished\":\"2024-06-13T15:56:54+00:00\",\"dateModified\":\"2024-06-17T16:19:50+00:00\",\"description\":\"El antiguo Cuerpo de Guardia acoge un espacio inmersivo para dar a conocer todos los aspectos que la hacen singular\",\"breadcrumb\":{\"@id\":\"https:\\\/\\\/www.laguiadepamplona.com\\\/actualidad\\\/san-fermin-suma-una-nueva-experiencia-de-las-fiestas-en-el-espacio-sanfermin-espazioa-de-la-cuesta-de-santo-domingo\\\/#breadcrumb\"},\"inLanguage\":\"es\",\"potentialAction\":[{\"@type\":\"ReadAction\",\"target\":[\"https:\\\/\\\/www.laguiadepamplona.com\\\/actualidad\\\/san-fermin-suma-una-nueva-experiencia-de-las-fiestas-en-el-espacio-sanfermin-espazioa-de-la-cuesta-de-santo-domingo\\\/\"]}]},{\"@type\":\"ImageObject\",\"inLanguage\":\"es\",\"@id\":\"https:\\\/\\\/www.laguiadepamplona.com\\\/actualidad\\\/san-fermin-suma-una-nueva-experiencia-de-las-fiestas-en-el-espacio-sanfermin-espazioa-de-la-cuesta-de-santo-domingo\\\/#primaryimage\",\"url\":\"https:\\\/\\\/www.laguiadepamplona.com\\\/actualidad\\\/wp-content\\\/uploads\\\/2024\\\/06\\\/240613espaciosanferminespazioa0copia_0.webp\",\"contentUrl\":\"https:\\\/\\\/www.laguiadepamplona.com\\\/actualidad\\\/wp-content\\\/uploads\\\/2024\\\/06\\\/240613espaciosanferminespazioa0copia_0.webp\",\"width\":1000,\"height\":667,\"caption\":\"espacio San FermIN!\"},{\"@type\":\"BreadcrumbList\",\"@id\":\"https:\\\/\\\/www.laguiadepamplona.com\\\/actualidad\\\/san-fermin-suma-una-nueva-experiencia-de-las-fiestas-en-el-espacio-sanfermin-espazioa-de-la-cuesta-de-santo-domingo\\\/#breadcrumb\",\"itemListElement\":[{\"@type\":\"ListItem\",\"position\":1,\"name\":\"Portada\",\"item\":\"https:\\\/\\\/www.laguiadepamplona.com\\\/actualidad\\\/\"},{\"@type\":\"ListItem\",\"position\":2,\"name\":\"San Ferm\u00edn suma una nueva experiencia de las fiestas en el \u2018Espacio SanFermIN! Espazioa\u2019 de la cuesta de Santo Domingo\"}]},{\"@type\":\"WebSite\",\"@id\":\"https:\\\/\\\/www.laguiadepamplona.com\\\/actualidad\\\/#website\",\"url\":\"https:\\\/\\\/www.laguiadepamplona.com\\\/actualidad\\\/\",\"name\":\"La gu\u00eda de Pamplona\",\"description\":\"Noticias de Pamplona\",\"publisher\":{\"@id\":\"https:\\\/\\\/www.laguiadepamplona.com\\\/actualidad\\\/#organization\"},\"potentialAction\":[{\"@type\":\"SearchAction\",\"target\":{\"@type\":\"EntryPoint\",\"urlTemplate\":\"https:\\\/\\\/www.laguiadepamplona.com\\\/actualidad\\\/?s={search_term_string}\"},\"query-input\":{\"@type\":\"PropertyValueSpecification\",\"valueRequired\":true,\"valueName\":\"search_term_string\"}}],\"inLanguage\":\"es\"},{\"@type\":\"Organization\",\"@id\":\"https:\\\/\\\/www.laguiadepamplona.com\\\/actualidad\\\/#organization\",\"name\":\"La Gu\u00eda de Pamplona \\\/ Noticias\",\"url\":\"https:\\\/\\\/www.laguiadepamplona.com\\\/actualidad\\\/\",\"logo\":{\"@type\":\"ImageObject\",\"inLanguage\":\"es\",\"@id\":\"https:\\\/\\\/www.laguiadepamplona.com\\\/actualidad\\\/#\\\/schema\\\/logo\\\/image\\\/\",\"url\":\"https:\\\/\\\/www.laguiadepamplona.com\\\/actualidad\\\/wp-content\\\/uploads\\\/2018\\\/11\\\/logo-laguiadepamplona18-web1.png\",\"contentUrl\":\"https:\\\/\\\/www.laguiadepamplona.com\\\/actualidad\\\/wp-content\\\/uploads\\\/2018\\\/11\\\/logo-laguiadepamplona18-web1.png\",\"width\":600,\"height\":196,\"caption\":\"La Gu\u00eda de Pamplona \\\/ Noticias\"},\"image\":{\"@id\":\"https:\\\/\\\/www.laguiadepamplona.com\\\/actualidad\\\/#\\\/schema\\\/logo\\\/image\\\/\"},\"sameAs\":[\"https:\\\/\\\/www.facebook.com\\\/laguiadepamplonacom-133175176762273\\\/?ref=hl\",\"https:\\\/\\\/x.com\\\/LaGuiadPamplona\",\"https:\\\/\\\/www.instagram.com\\\/la_guia_de_pamplona\\\/\",\"https:\\\/\\\/www.youtube.com\\\/user\\\/laguiadepamplona\"]},{\"@type\":\"Person\",\"@id\":\"https:\\\/\\\/www.laguiadepamplona.com\\\/actualidad\\\/#\\\/schema\\\/person\\\/efe887376f0213d4657c93adc50b1fdb\",\"name\":\"La Gu\u00eda de Pamplona\",\"image\":{\"@type\":\"ImageObject\",\"inLanguage\":\"es\",\"@id\":\"https:\\\/\\\/secure.gravatar.com\\\/avatar\\\/b6992f131dc8d30ab0dff15446e9d346d9dbd95992de0fef795073f5ea83a81c?s=96&d=mm&r=g\",\"url\":\"https:\\\/\\\/secure.gravatar.com\\\/avatar\\\/b6992f131dc8d30ab0dff15446e9d346d9dbd95992de0fef795073f5ea83a81c?s=96&d=mm&r=g\",\"contentUrl\":\"https:\\\/\\\/secure.gravatar.com\\\/avatar\\\/b6992f131dc8d30ab0dff15446e9d346d9dbd95992de0fef795073f5ea83a81c?s=96&d=mm&r=g\",\"caption\":\"La Gu\u00eda de Pamplona\"}}]}<\/script>\n<!-- \/ Yoast SEO plugin. -->","yoast_head_json":{"title":"San Ferm\u00edn suma una nueva experiencia de las fiestas en el \u2018Espacio SanFermIN! Espazioa\u2019 de la cuesta de Santo Domingo","description":"El antiguo Cuerpo de Guardia acoge un espacio inmersivo para dar a conocer todos los aspectos que la hacen singular","robots":{"index":"index","follow":"follow","max-snippet":"max-snippet:-1","max-image-preview":"max-image-preview:large","max-video-preview":"max-video-preview:-1"},"canonical":"https:\/\/www.laguiadepamplona.com\/actualidad\/san-fermin-suma-una-nueva-experiencia-de-las-fiestas-en-el-espacio-sanfermin-espazioa-de-la-cuesta-de-santo-domingo\/","og_locale":"es_ES","og_type":"article","og_title":"San Ferm\u00edn suma una nueva experiencia de las fiestas en el \u2018Espacio SanFermIN! Espazioa\u2019 de la cuesta de Santo Domingo","og_description":"El antiguo Cuerpo de Guardia acoge un espacio inmersivo para dar a conocer todos los aspectos que la hacen singular","og_url":"https:\/\/www.laguiadepamplona.com\/actualidad\/san-fermin-suma-una-nueva-experiencia-de-las-fiestas-en-el-espacio-sanfermin-espazioa-de-la-cuesta-de-santo-domingo\/","og_site_name":"La Gu\u00eda de Pamplona","article_publisher":"https:\/\/www.facebook.com\/laguiadepamplonacom-133175176762273\/?ref=hl","article_published_time":"2024-06-13T15:56:54+00:00","article_modified_time":"2024-06-17T16:19:50+00:00","og_image":[{"width":1000,"height":667,"url":"https:\/\/www.laguiadepamplona.com\/actualidad\/wp-content\/uploads\/2024\/06\/240613espaciosanferminespazioa0copia_0.webp","type":"image\/webp"}],"author":"La Gu\u00eda de Pamplona","twitter_card":"summary_large_image","twitter_creator":"@LaGuiadPamplona","twitter_site":"@LaGuiadPamplona","twitter_misc":{"Escrito por":"La Gu\u00eda de Pamplona","Tiempo de lectura":"6 minutos"},"schema":{"@context":"https:\/\/schema.org","@graph":[{"@type":"Article","@id":"https:\/\/www.laguiadepamplona.com\/actualidad\/san-fermin-suma-una-nueva-experiencia-de-las-fiestas-en-el-espacio-sanfermin-espazioa-de-la-cuesta-de-santo-domingo\/#article","isPartOf":{"@id":"https:\/\/www.laguiadepamplona.com\/actualidad\/san-fermin-suma-una-nueva-experiencia-de-las-fiestas-en-el-espacio-sanfermin-espazioa-de-la-cuesta-de-santo-domingo\/"},"author":{"name":"La Gu\u00eda de Pamplona","@id":"https:\/\/www.laguiadepamplona.com\/actualidad\/#\/schema\/person\/efe887376f0213d4657c93adc50b1fdb"},"headline":"San Ferm\u00edn suma una nueva experiencia de las fiestas en el \u2018Espacio SanFermIN! Espazioa\u2019 de la cuesta de Santo Domingo","datePublished":"2024-06-13T15:56:54+00:00","dateModified":"2024-06-17T16:19:50+00:00","mainEntityOfPage":{"@id":"https:\/\/www.laguiadepamplona.com\/actualidad\/san-fermin-suma-una-nueva-experiencia-de-las-fiestas-en-el-espacio-sanfermin-espazioa-de-la-cuesta-de-santo-domingo\/"},"wordCount":1323,"commentCount":0,"publisher":{"@id":"https:\/\/www.laguiadepamplona.com\/actualidad\/#organization"},"image":{"@id":"https:\/\/www.laguiadepamplona.com\/actualidad\/san-fermin-suma-una-nueva-experiencia-de-las-fiestas-en-el-espacio-sanfermin-espazioa-de-la-cuesta-de-santo-domingo\/#primaryimage"},"thumbnailUrl":"https:\/\/www.laguiadepamplona.com\/actualidad\/wp-content\/uploads\/2024\/06\/240613espaciosanferminespazioa0copia_0.webp","articleSection":["Ayto Pamplona"],"inLanguage":"es","potentialAction":[{"@type":"CommentAction","name":"Comment","target":["https:\/\/www.laguiadepamplona.com\/actualidad\/san-fermin-suma-una-nueva-experiencia-de-las-fiestas-en-el-espacio-sanfermin-espazioa-de-la-cuesta-de-santo-domingo\/#respond"]}]},{"@type":"WebPage","@id":"https:\/\/www.laguiadepamplona.com\/actualidad\/san-fermin-suma-una-nueva-experiencia-de-las-fiestas-en-el-espacio-sanfermin-espazioa-de-la-cuesta-de-santo-domingo\/","url":"https:\/\/www.laguiadepamplona.com\/actualidad\/san-fermin-suma-una-nueva-experiencia-de-las-fiestas-en-el-espacio-sanfermin-espazioa-de-la-cuesta-de-santo-domingo\/","name":"San Ferm\u00edn suma una nueva experiencia de las fiestas en el \u2018Espacio SanFermIN! Espazioa\u2019 de la cuesta de Santo Domingo","isPartOf":{"@id":"https:\/\/www.laguiadepamplona.com\/actualidad\/#website"},"primaryImageOfPage":{"@id":"https:\/\/www.laguiadepamplona.com\/actualidad\/san-fermin-suma-una-nueva-experiencia-de-las-fiestas-en-el-espacio-sanfermin-espazioa-de-la-cuesta-de-santo-domingo\/#primaryimage"},"image":{"@id":"https:\/\/www.laguiadepamplona.com\/actualidad\/san-fermin-suma-una-nueva-experiencia-de-las-fiestas-en-el-espacio-sanfermin-espazioa-de-la-cuesta-de-santo-domingo\/#primaryimage"},"thumbnailUrl":"https:\/\/www.laguiadepamplona.com\/actualidad\/wp-content\/uploads\/2024\/06\/240613espaciosanferminespazioa0copia_0.webp","datePublished":"2024-06-13T15:56:54+00:00","dateModified":"2024-06-17T16:19:50+00:00","description":"El antiguo Cuerpo de Guardia acoge un espacio inmersivo para dar a conocer todos los aspectos que la hacen singular","breadcrumb":{"@id":"https:\/\/www.laguiadepamplona.com\/actualidad\/san-fermin-suma-una-nueva-experiencia-de-las-fiestas-en-el-espacio-sanfermin-espazioa-de-la-cuesta-de-santo-domingo\/#breadcrumb"},"inLanguage":"es","potentialAction":[{"@type":"ReadAction","target":["https:\/\/www.laguiadepamplona.com\/actualidad\/san-fermin-suma-una-nueva-experiencia-de-las-fiestas-en-el-espacio-sanfermin-espazioa-de-la-cuesta-de-santo-domingo\/"]}]},{"@type":"ImageObject","inLanguage":"es","@id":"https:\/\/www.laguiadepamplona.com\/actualidad\/san-fermin-suma-una-nueva-experiencia-de-las-fiestas-en-el-espacio-sanfermin-espazioa-de-la-cuesta-de-santo-domingo\/#primaryimage","url":"https:\/\/www.laguiadepamplona.com\/actualidad\/wp-content\/uploads\/2024\/06\/240613espaciosanferminespazioa0copia_0.webp","contentUrl":"https:\/\/www.laguiadepamplona.com\/actualidad\/wp-content\/uploads\/2024\/06\/240613espaciosanferminespazioa0copia_0.webp","width":1000,"height":667,"caption":"espacio San FermIN!"},{"@type":"BreadcrumbList","@id":"https:\/\/www.laguiadepamplona.com\/actualidad\/san-fermin-suma-una-nueva-experiencia-de-las-fiestas-en-el-espacio-sanfermin-espazioa-de-la-cuesta-de-santo-domingo\/#breadcrumb","itemListElement":[{"@type":"ListItem","position":1,"name":"Portada","item":"https:\/\/www.laguiadepamplona.com\/actualidad\/"},{"@type":"ListItem","position":2,"name":"San Ferm\u00edn suma una nueva experiencia de las fiestas en el \u2018Espacio SanFermIN! Espazioa\u2019 de la cuesta de Santo Domingo"}]},{"@type":"WebSite","@id":"https:\/\/www.laguiadepamplona.com\/actualidad\/#website","url":"https:\/\/www.laguiadepamplona.com\/actualidad\/","name":"La gu\u00eda de Pamplona","description":"Noticias de Pamplona","publisher":{"@id":"https:\/\/www.laguiadepamplona.com\/actualidad\/#organization"},"potentialAction":[{"@type":"SearchAction","target":{"@type":"EntryPoint","urlTemplate":"https:\/\/www.laguiadepamplona.com\/actualidad\/?s={search_term_string}"},"query-input":{"@type":"PropertyValueSpecification","valueRequired":true,"valueName":"search_term_string"}}],"inLanguage":"es"},{"@type":"Organization","@id":"https:\/\/www.laguiadepamplona.com\/actualidad\/#organization","name":"La Gu\u00eda de Pamplona \/ Noticias","url":"https:\/\/www.laguiadepamplona.com\/actualidad\/","logo":{"@type":"ImageObject","inLanguage":"es","@id":"https:\/\/www.laguiadepamplona.com\/actualidad\/#\/schema\/logo\/image\/","url":"https:\/\/www.laguiadepamplona.com\/actualidad\/wp-content\/uploads\/2018\/11\/logo-laguiadepamplona18-web1.png","contentUrl":"https:\/\/www.laguiadepamplona.com\/actualidad\/wp-content\/uploads\/2018\/11\/logo-laguiadepamplona18-web1.png","width":600,"height":196,"caption":"La Gu\u00eda de Pamplona \/ Noticias"},"image":{"@id":"https:\/\/www.laguiadepamplona.com\/actualidad\/#\/schema\/logo\/image\/"},"sameAs":["https:\/\/www.facebook.com\/laguiadepamplonacom-133175176762273\/?ref=hl","https:\/\/x.com\/LaGuiadPamplona","https:\/\/www.instagram.com\/la_guia_de_pamplona\/","https:\/\/www.youtube.com\/user\/laguiadepamplona"]},{"@type":"Person","@id":"https:\/\/www.laguiadepamplona.com\/actualidad\/#\/schema\/person\/efe887376f0213d4657c93adc50b1fdb","name":"La Gu\u00eda de Pamplona","image":{"@type":"ImageObject","inLanguage":"es","@id":"https:\/\/secure.gravatar.com\/avatar\/b6992f131dc8d30ab0dff15446e9d346d9dbd95992de0fef795073f5ea83a81c?s=96&d=mm&r=g","url":"https:\/\/secure.gravatar.com\/avatar\/b6992f131dc8d30ab0dff15446e9d346d9dbd95992de0fef795073f5ea83a81c?s=96&d=mm&r=g","contentUrl":"https:\/\/secure.gravatar.com\/avatar\/b6992f131dc8d30ab0dff15446e9d346d9dbd95992de0fef795073f5ea83a81c?s=96&d=mm&r=g","caption":"La Gu\u00eda de Pamplona"}}]}},"post_mailing_queue_ids":[],"_links":{"self":[{"href":"https:\/\/www.laguiadepamplona.com\/actualidad\/wp-json\/wp\/v2\/posts\/50098","targetHints":{"allow":["GET"]}}],"collection":[{"href":"https:\/\/www.laguiadepamplona.com\/actualidad\/wp-json\/wp\/v2\/posts"}],"about":[{"href":"https:\/\/www.laguiadepamplona.com\/actualidad\/wp-json\/wp\/v2\/types\/post"}],"author":[{"embeddable":true,"href":"https:\/\/www.laguiadepamplona.com\/actualidad\/wp-json\/wp\/v2\/users\/1"}],"replies":[{"embeddable":true,"href":"https:\/\/www.laguiadepamplona.com\/actualidad\/wp-json\/wp\/v2\/comments?post=50098"}],"version-history":[{"count":2,"href":"https:\/\/www.laguiadepamplona.com\/actualidad\/wp-json\/wp\/v2\/posts\/50098\/revisions"}],"predecessor-version":[{"id":50101,"href":"https:\/\/www.laguiadepamplona.com\/actualidad\/wp-json\/wp\/v2\/posts\/50098\/revisions\/50101"}],"wp:featuredmedia":[{"embeddable":true,"href":"https:\/\/www.laguiadepamplona.com\/actualidad\/wp-json\/wp\/v2\/media\/50099"}],"wp:attachment":[{"href":"https:\/\/www.laguiadepamplona.com\/actualidad\/wp-json\/wp\/v2\/media?parent=50098"}],"wp:term":[{"taxonomy":"category","embeddable":true,"href":"https:\/\/www.laguiadepamplona.com\/actualidad\/wp-json\/wp\/v2\/categories?post=50098"},{"taxonomy":"post_tag","embeddable":true,"href":"https:\/\/www.laguiadepamplona.com\/actualidad\/wp-json\/wp\/v2\/tags?post=50098"}],"curies":[{"name":"wp","href":"https:\/\/api.w.org\/{rel}","templated":true}]}}