{"id":50095,"date":"2024-06-13T17:48:52","date_gmt":"2024-06-13T15:48:52","guid":{"rendered":"https:\/\/www.laguiadepamplona.com\/actualidad\/?p=50095"},"modified":"2024-06-17T17:52:46","modified_gmt":"2024-06-17T15:52:46","slug":"dieciseis-pelotaris-participaran-en-el-iii-torneo-de-san-fermin-de-pelota-femenina-que-estrenara-modalidad-de-4-y-medio-individual-junto-a-la-habitual-de-mano-parejas","status":"publish","type":"post","link":"https:\/\/www.laguiadepamplona.com\/actualidad\/dieciseis-pelotaris-participaran-en-el-iii-torneo-de-san-fermin-de-pelota-femenina-que-estrenara-modalidad-de-4-y-medio-individual-junto-a-la-habitual-de-mano-parejas\/","title":{"rendered":"Diecis\u00e9is pelotaris participar\u00e1n en el III Torneo de San Ferm\u00edn de pelota femenina, que estrenar\u00e1 modalidad de 4 y medio individual junto a la habitual de mano parejas"},"content":{"rendered":"<h2>Las finales tendr\u00e1n lugar en plenos Sanfermines, el 12 de julio por la ma\u00f1ana, en el front\u00f3n Labrit de Pamplona<\/h2>\n<p><!--more--><\/p>\n<p>El III Torneo de San Ferm\u00edn de pelota mano femenina comenzar\u00e1 el pr\u00f3ximo 22 de junio con la participaci\u00f3n de diecis\u00e9is pelotaris. Dos son las principales novedades de esta edici\u00f3n. Por una parte, se ampl\u00edan las modalidades con la disputa de dos eliminatorios y final de mano individual en el 4 y medio que se sumar\u00e1 a la habitual competici\u00f3n de mano parejas. Por otra, las finales de ambas modalidades se disputar\u00e1n como en a\u00f1os anteriores en el front\u00f3n Labrit, pero en esta ocasi\u00f3n en plenos Sanfermines, el viernes 12 de julio en horario matinal.<\/p>\n<p>La concejala delegada de Cultura, Fiestas, Educaci\u00f3n y Deporte, Maider Beloki Unzu, la pelotari y presidenta de Ados Pilota, organizadora del torneo, Maite Ruiz de Larramendi, han presentado esta nueva edici\u00f3n y han hecho p\u00fablicas tanto la composici\u00f3n de las parejas como las sedes y fechas de los partidos. Adem\u00e1s, se han sorteado in situ los emparejamientos de semifinales del torneo individual. Han participado tambi\u00e9n en la presentaci\u00f3n la directora gerente de INTIA, Natalia Bellostas, como entidad patrocinadora del torneo, y la presidenta de la Federaci\u00f3n de Pe\u00f1as de Pamplona, Raquel Anjol, y Edurne Lamela directora de Programas de la Asociaci\u00f3n Navarra S\u00edndrome de Down. Y es que, como en ediciones anteriores, el torneo cuenta con una iniciativa solidaria.<\/p>\n<p>Este torneo visibiliza el deporte femenino y, en concreto, la pelota mano femenina que durante d\u00e9cadas ha permanecido en el ostracismo, ante la ausencia de clubes, y derivando a las deportistas a decantarse por la pala para seguir adelante. Ados Pilota naci\u00f3 en 2021 y es el primer club profesional de manistas \u00edntegramente femenino. Integra a 14 pelotaris profesionales, adem\u00e1s de una cantera de otras 40 ni\u00f1as en formaci\u00f3n que disfrutan, entrenan y aprenden este deporte. El Ayuntamiento de Pamplona colabora con la cesi\u00f3n gratuita el front\u00f3n Labrit y apoya en el patrocinio del torneo.<\/p>\n<p><strong>Calendario de las dos competiciones<\/strong><\/p>\n<p>Las seis parejas participantes se encuadran en dos grupos. En uno de ellos competir\u00e1n Aldaregia \u2013 Mujika, Etxebeste \u2013 Mendiburu y Etxekolonea \u2013 Galeano. El otro grupo lo conforman Iturriaga \u2013 Zabala, Arrieta \u2013 Orbegozo y Aranburu \u2013 O.R.Larramendi. La competici\u00f3n prev\u00e9 una liguilla de dos partidos en cada grupo, de forma que las parejas que queden en primera posici\u00f3n en cada uno de ellos disputan la final prevista en el Labrit.<\/p>\n<p>Los partidos del primer grupo se disputar\u00e1n el 22 de junio en Cortes con un Aldaregia \u2013 Mujika contra Etxebeste \u2013 Mendiburu, el 29 de junio en Erratzu con el enfrentamiento entre Etxebeste \u2013 Mendiburu y Etxekolonea \u2013 Galeano y el 5 de julio, tambi\u00e9n en el Labrit de Pamplona, con el encuentro entre Etxekolonea \u2013 Galeano y Aldaregia \u2013 Mujika. Los partidos del segundo grupo llevar\u00e1n la pelota femenina el 23 de junio a Ubide (Gipuzkoa) con un Iturriaga \u2013 Zabala contra Arrieta \u2013 Orbegozo, el 30 de junio a Eulate con un Aranburu \u2013 O.R.Larramendi frente a Arrieta \u2013 Orbegozo y el 9 de julio a Lesaka con el enfrentamiento entre Iturriaga \u2013 Zabala y Aranburu \u2013 O.R.Larramendi.<\/p>\n<p>El torneo individual del 4 y medio se estrena con cuatro pelotaris, que disputar\u00e1n directamente la eliminatorio de semifinales. El 5 de julio en el Labrit de Pamplona se jugar\u00e1n el pase a la final Zabaleta \u2013 Ibarrola. Cuatro d\u00edas despu\u00e9s, el 9 de julio en Lesaka, se disputar\u00e1n la otra plaza Barrokal \u2013 Ruiz de Infante. Las finales de ambas modalidades se celebrar\u00e1n en el front\u00f3n Labrit de Pamplona dentro de la programaci\u00f3n pelotazale sanferminera. El festival comenzar\u00e1 a las 11.30 horas.<\/p>\n<p><strong>Torneo solidario con un festival especial el 5 de julio<\/strong><\/p>\n<p>El d\u00eda 5 de julio, en el festival previsto en el front\u00f3n Labrit, se programa tanto un partido de las semifinales del 4 y medio como uno de la liguilla del torneo de parejas. Ados Pilota, en colaboraci\u00f3n con la Federaci\u00f3n de Pe\u00f1as de Pamplona, enmarcan ambos partidos en un festival solidario que en esta ocasi\u00f3n recaudar\u00e1 fondos para la Asociaci\u00f3n S\u00edndrome de Down de Navarra.<\/p>\n<p>Ser\u00e1 un d\u00eda festivo en el que se combinar\u00e1 solidaridad y pr\u00e1ctica deportiva, con actividades participativas para todas las edades, como en a\u00f1os anteriores, adem\u00e1s de otras muchas sorpresas. Las entradas se pueden ya adquirir en la <a href=\"https:\/\/adospilota.eus\/\" target=\"_blank\" rel=\"noopener\">web de Ados Pilota<\/a> al precio de 10 euros. Tambi\u00e9n se venden en la misma web las entradas para las finales del front\u00f3n Labrit del 12 de julio, al precio de 12 euros.<\/p>\n<p>&nbsp;<\/p>\n<h3>III Torneo Femenino de Pelota de San Ferm\u00edn. Ados Pilota<\/h3>\n<p><strong><em><u>TORNEO DE PAREJAS<\/u><\/em><\/strong><\/p>\n<p><strong>GRUPOS<\/strong><\/p>\n<ul>\n<li><strong>Grupo A<\/strong>\n<ul>\n<li>Aldaregia \u2013 Mujika<\/li>\n<li>Etxebeste \u2013 Mendiburu<\/li>\n<li>Etxekolonea \u2013 Galeano<\/li>\n<\/ul>\n<\/li>\n<li><strong>Grupo B<\/strong>\n<ul>\n<li>Iturriaga \u2013 Zabala<\/li>\n<li>Arrieta \u2013 Orbegozo<\/li>\n<li>Aranburu \u2013 O.R.Larramendi<\/li>\n<\/ul>\n<\/li>\n<\/ul>\n<p>&nbsp;<\/p>\n<p><strong>PARTIDOS<\/strong><\/p>\n<ul>\n<li><strong>22 de junio, 17 horas. Cortes<\/strong>\n<ul>\n<li>Aldaregia \u2013 Mujika vs Etxebeste \u2013 Mendiburu<\/li>\n<\/ul>\n<\/li>\n<li><strong>23 de junio, 17.30 horas. Ubide<\/strong>\n<ul>\n<li>Iturriaga \u2013 Zabala vs Arrieta &#8211; Orbegozo<\/li>\n<\/ul>\n<\/li>\n<li><strong>29 de junio, 17 horas. Erratzu<\/strong>\n<ul>\n<li>Etxebeste \u2013 Mendiburu vs Etxekolonea \u2013 Galeano<\/li>\n<\/ul>\n<\/li>\n<li><strong>30 de junio, 18 horas. Eulate<\/strong>\n<ul>\n<li>Aranburu \u2013 O.R.Larramendi vs Arrieta \u2013 Orbegozo<\/li>\n<\/ul>\n<\/li>\n<li><strong>5 de julio, 18 horas. Pamplona-Labrit<\/strong>\n<ul>\n<li>Etxekolonea \u2013 Galeano vs Aldaregia \u2013 Mujika<\/li>\n<\/ul>\n<\/li>\n<li><strong>9 de julio, 17 horas. Lesaka<\/strong>\n<ul>\n<li>Iturriaga \u2013 Zabala vs Aranburu \u2013 O.R.Larramendi<\/li>\n<\/ul>\n<\/li>\n<li><strong>12 de julio, 11.30 horas. Pamplona-Labrit<\/strong>\n<ul>\n<li>FINAL entre las primeras clasificadas de cada grupo<\/li>\n<\/ul>\n<\/li>\n<\/ul>\n<p>&nbsp;<\/p>\n<p>&nbsp;<\/p>\n<p><strong><em><u>TORNEO 4 Y MEDIO MANO INDIVIDUAL<\/u><\/em><\/strong><\/p>\n<ul>\n<li><strong>Semifinales<\/strong>\n<ul>\n<li>5 de julio, 16.30 horas. Pamplona-Labrit. Zabaleta \u2013 Ibarrola<\/li>\n<li>9 de julio, 17 horas. Lesaka. Barrokal \u2013 Ruiz de Infante<\/li>\n<\/ul>\n<\/li>\n<li><strong>12 de julio, 11.30 horas. Pamplona-Labrit<\/strong>\n<ul>\n<li>FINAL entre las dos ganadoras de las semifinales<\/li>\n<\/ul>\n<\/li>\n<\/ul>\n","protected":false},"excerpt":{"rendered":"<p>Las finales tendr\u00e1n lugar en plenos Sanfermines, el 12 de julio por la ma\u00f1ana, en el front\u00f3n Labrit de Pamplona<\/p>\n","protected":false},"author":1,"featured_media":50096,"comment_status":"open","ping_status":"closed","sticky":false,"template":"","format":"standard","meta":{"footnotes":""},"categories":[2,9406],"tags":[],"class_list":["post-50095","post","type-post","status-publish","format-standard","has-post-thumbnail","hentry","category-ayuntamiento-pamplona","category-san-fermin"],"yoast_head":"<!-- This site is optimized with the Yoast SEO plugin v27.3 - https:\/\/yoast.com\/product\/yoast-seo-wordpress\/ -->\n<title>Diecis\u00e9is pelotaris participar\u00e1n en el III Torneo de San Ferm\u00edn de pelota femenina, que estrenar\u00e1 modalidad de 4 y medio individual junto a la habitual de mano parejas<\/title>\n<meta name=\"description\" content=\"Las finales tendr\u00e1n lugar en plenos Sanfermines, el 12 de julio por la ma\u00f1ana, en el front\u00f3n Labrit de Pamplona\" \/>\n<meta name=\"robots\" content=\"index, follow, max-snippet:-1, max-image-preview:large, max-video-preview:-1\" \/>\n<link rel=\"canonical\" href=\"https:\/\/www.laguiadepamplona.com\/actualidad\/dieciseis-pelotaris-participaran-en-el-iii-torneo-de-san-fermin-de-pelota-femenina-que-estrenara-modalidad-de-4-y-medio-individual-junto-a-la-habitual-de-mano-parejas\/\" \/>\n<meta property=\"og:locale\" content=\"es_ES\" \/>\n<meta property=\"og:type\" content=\"article\" \/>\n<meta property=\"og:title\" content=\"Diecis\u00e9is pelotaris participar\u00e1n en el III Torneo de San Ferm\u00edn de pelota femenina, que estrenar\u00e1 modalidad de 4 y medio individual junto a la habitual de mano parejas\" \/>\n<meta property=\"og:description\" content=\"Las finales tendr\u00e1n lugar en plenos Sanfermines, el 12 de julio por la ma\u00f1ana, en el front\u00f3n Labrit de Pamplona\" \/>\n<meta property=\"og:url\" content=\"https:\/\/www.laguiadepamplona.com\/actualidad\/dieciseis-pelotaris-participaran-en-el-iii-torneo-de-san-fermin-de-pelota-femenina-que-estrenara-modalidad-de-4-y-medio-individual-junto-a-la-habitual-de-mano-parejas\/\" \/>\n<meta property=\"og:site_name\" content=\"La Gu\u00eda de Pamplona\" \/>\n<meta property=\"article:publisher\" content=\"https:\/\/www.facebook.com\/laguiadepamplonacom-133175176762273\/?ref=hl\" \/>\n<meta property=\"article:published_time\" content=\"2024-06-13T15:48:52+00:00\" \/>\n<meta property=\"article:modified_time\" content=\"2024-06-17T15:52:46+00:00\" \/>\n<meta property=\"og:image\" content=\"https:\/\/www.laguiadepamplona.com\/actualidad\/wp-content\/uploads\/2024\/06\/ruedadeprensapelotafemeno1_0.webp\" \/>\n\t<meta property=\"og:image:width\" content=\"1000\" \/>\n\t<meta property=\"og:image:height\" content=\"667\" \/>\n\t<meta property=\"og:image:type\" content=\"image\/webp\" \/>\n<meta name=\"author\" content=\"La Gu\u00eda de Pamplona\" \/>\n<meta name=\"twitter:card\" content=\"summary_large_image\" \/>\n<meta name=\"twitter:creator\" content=\"@LaGuiadPamplona\" \/>\n<meta name=\"twitter:site\" content=\"@LaGuiadPamplona\" \/>\n<meta name=\"twitter:label1\" content=\"Escrito por\" \/>\n\t<meta name=\"twitter:data1\" content=\"La Gu\u00eda de Pamplona\" \/>\n\t<meta name=\"twitter:label2\" content=\"Tiempo de lectura\" \/>\n\t<meta name=\"twitter:data2\" content=\"5 minutos\" \/>\n<script type=\"application\/ld+json\" class=\"yoast-schema-graph\">{\"@context\":\"https:\\\/\\\/schema.org\",\"@graph\":[{\"@type\":\"Article\",\"@id\":\"https:\\\/\\\/www.laguiadepamplona.com\\\/actualidad\\\/dieciseis-pelotaris-participaran-en-el-iii-torneo-de-san-fermin-de-pelota-femenina-que-estrenara-modalidad-de-4-y-medio-individual-junto-a-la-habitual-de-mano-parejas\\\/#article\",\"isPartOf\":{\"@id\":\"https:\\\/\\\/www.laguiadepamplona.com\\\/actualidad\\\/dieciseis-pelotaris-participaran-en-el-iii-torneo-de-san-fermin-de-pelota-femenina-que-estrenara-modalidad-de-4-y-medio-individual-junto-a-la-habitual-de-mano-parejas\\\/\"},\"author\":{\"name\":\"La Gu\u00eda de Pamplona\",\"@id\":\"https:\\\/\\\/www.laguiadepamplona.com\\\/actualidad\\\/#\\\/schema\\\/person\\\/efe887376f0213d4657c93adc50b1fdb\"},\"headline\":\"Diecis\u00e9is pelotaris participar\u00e1n en el III Torneo de San Ferm\u00edn de pelota femenina, que estrenar\u00e1 modalidad de 4 y medio individual junto a la habitual de mano parejas\",\"datePublished\":\"2024-06-13T15:48:52+00:00\",\"dateModified\":\"2024-06-17T15:52:46+00:00\",\"mainEntityOfPage\":{\"@id\":\"https:\\\/\\\/www.laguiadepamplona.com\\\/actualidad\\\/dieciseis-pelotaris-participaran-en-el-iii-torneo-de-san-fermin-de-pelota-femenina-que-estrenara-modalidad-de-4-y-medio-individual-junto-a-la-habitual-de-mano-parejas\\\/\"},\"wordCount\":948,\"commentCount\":0,\"publisher\":{\"@id\":\"https:\\\/\\\/www.laguiadepamplona.com\\\/actualidad\\\/#organization\"},\"image\":{\"@id\":\"https:\\\/\\\/www.laguiadepamplona.com\\\/actualidad\\\/dieciseis-pelotaris-participaran-en-el-iii-torneo-de-san-fermin-de-pelota-femenina-que-estrenara-modalidad-de-4-y-medio-individual-junto-a-la-habitual-de-mano-parejas\\\/#primaryimage\"},\"thumbnailUrl\":\"https:\\\/\\\/www.laguiadepamplona.com\\\/actualidad\\\/wp-content\\\/uploads\\\/2024\\\/06\\\/ruedadeprensapelotafemeno1_0.webp\",\"articleSection\":[\"Ayto Pamplona\",\"San Ferm\u00edn\"],\"inLanguage\":\"es\",\"potentialAction\":[{\"@type\":\"CommentAction\",\"name\":\"Comment\",\"target\":[\"https:\\\/\\\/www.laguiadepamplona.com\\\/actualidad\\\/dieciseis-pelotaris-participaran-en-el-iii-torneo-de-san-fermin-de-pelota-femenina-que-estrenara-modalidad-de-4-y-medio-individual-junto-a-la-habitual-de-mano-parejas\\\/#respond\"]}]},{\"@type\":\"WebPage\",\"@id\":\"https:\\\/\\\/www.laguiadepamplona.com\\\/actualidad\\\/dieciseis-pelotaris-participaran-en-el-iii-torneo-de-san-fermin-de-pelota-femenina-que-estrenara-modalidad-de-4-y-medio-individual-junto-a-la-habitual-de-mano-parejas\\\/\",\"url\":\"https:\\\/\\\/www.laguiadepamplona.com\\\/actualidad\\\/dieciseis-pelotaris-participaran-en-el-iii-torneo-de-san-fermin-de-pelota-femenina-que-estrenara-modalidad-de-4-y-medio-individual-junto-a-la-habitual-de-mano-parejas\\\/\",\"name\":\"Diecis\u00e9is pelotaris participar\u00e1n en el III Torneo de San Ferm\u00edn de pelota femenina, que estrenar\u00e1 modalidad de 4 y medio individual junto a la habitual de mano parejas\",\"isPartOf\":{\"@id\":\"https:\\\/\\\/www.laguiadepamplona.com\\\/actualidad\\\/#website\"},\"primaryImageOfPage\":{\"@id\":\"https:\\\/\\\/www.laguiadepamplona.com\\\/actualidad\\\/dieciseis-pelotaris-participaran-en-el-iii-torneo-de-san-fermin-de-pelota-femenina-que-estrenara-modalidad-de-4-y-medio-individual-junto-a-la-habitual-de-mano-parejas\\\/#primaryimage\"},\"image\":{\"@id\":\"https:\\\/\\\/www.laguiadepamplona.com\\\/actualidad\\\/dieciseis-pelotaris-participaran-en-el-iii-torneo-de-san-fermin-de-pelota-femenina-que-estrenara-modalidad-de-4-y-medio-individual-junto-a-la-habitual-de-mano-parejas\\\/#primaryimage\"},\"thumbnailUrl\":\"https:\\\/\\\/www.laguiadepamplona.com\\\/actualidad\\\/wp-content\\\/uploads\\\/2024\\\/06\\\/ruedadeprensapelotafemeno1_0.webp\",\"datePublished\":\"2024-06-13T15:48:52+00:00\",\"dateModified\":\"2024-06-17T15:52:46+00:00\",\"description\":\"Las finales tendr\u00e1n lugar en plenos Sanfermines, el 12 de julio por la ma\u00f1ana, en el front\u00f3n Labrit de Pamplona\",\"breadcrumb\":{\"@id\":\"https:\\\/\\\/www.laguiadepamplona.com\\\/actualidad\\\/dieciseis-pelotaris-participaran-en-el-iii-torneo-de-san-fermin-de-pelota-femenina-que-estrenara-modalidad-de-4-y-medio-individual-junto-a-la-habitual-de-mano-parejas\\\/#breadcrumb\"},\"inLanguage\":\"es\",\"potentialAction\":[{\"@type\":\"ReadAction\",\"target\":[\"https:\\\/\\\/www.laguiadepamplona.com\\\/actualidad\\\/dieciseis-pelotaris-participaran-en-el-iii-torneo-de-san-fermin-de-pelota-femenina-que-estrenara-modalidad-de-4-y-medio-individual-junto-a-la-habitual-de-mano-parejas\\\/\"]}]},{\"@type\":\"ImageObject\",\"inLanguage\":\"es\",\"@id\":\"https:\\\/\\\/www.laguiadepamplona.com\\\/actualidad\\\/dieciseis-pelotaris-participaran-en-el-iii-torneo-de-san-fermin-de-pelota-femenina-que-estrenara-modalidad-de-4-y-medio-individual-junto-a-la-habitual-de-mano-parejas\\\/#primaryimage\",\"url\":\"https:\\\/\\\/www.laguiadepamplona.com\\\/actualidad\\\/wp-content\\\/uploads\\\/2024\\\/06\\\/ruedadeprensapelotafemeno1_0.webp\",\"contentUrl\":\"https:\\\/\\\/www.laguiadepamplona.com\\\/actualidad\\\/wp-content\\\/uploads\\\/2024\\\/06\\\/ruedadeprensapelotafemeno1_0.webp\",\"width\":1000,\"height\":667,\"caption\":\"pelota femenino San Ferm\u00edn\"},{\"@type\":\"BreadcrumbList\",\"@id\":\"https:\\\/\\\/www.laguiadepamplona.com\\\/actualidad\\\/dieciseis-pelotaris-participaran-en-el-iii-torneo-de-san-fermin-de-pelota-femenina-que-estrenara-modalidad-de-4-y-medio-individual-junto-a-la-habitual-de-mano-parejas\\\/#breadcrumb\",\"itemListElement\":[{\"@type\":\"ListItem\",\"position\":1,\"name\":\"Portada\",\"item\":\"https:\\\/\\\/www.laguiadepamplona.com\\\/actualidad\\\/\"},{\"@type\":\"ListItem\",\"position\":2,\"name\":\"Diecis\u00e9is pelotaris participar\u00e1n en el III Torneo de San Ferm\u00edn de pelota femenina, que estrenar\u00e1 modalidad de 4 y medio individual junto a la habitual de mano parejas\"}]},{\"@type\":\"WebSite\",\"@id\":\"https:\\\/\\\/www.laguiadepamplona.com\\\/actualidad\\\/#website\",\"url\":\"https:\\\/\\\/www.laguiadepamplona.com\\\/actualidad\\\/\",\"name\":\"La gu\u00eda de Pamplona\",\"description\":\"Noticias de Pamplona\",\"publisher\":{\"@id\":\"https:\\\/\\\/www.laguiadepamplona.com\\\/actualidad\\\/#organization\"},\"potentialAction\":[{\"@type\":\"SearchAction\",\"target\":{\"@type\":\"EntryPoint\",\"urlTemplate\":\"https:\\\/\\\/www.laguiadepamplona.com\\\/actualidad\\\/?s={search_term_string}\"},\"query-input\":{\"@type\":\"PropertyValueSpecification\",\"valueRequired\":true,\"valueName\":\"search_term_string\"}}],\"inLanguage\":\"es\"},{\"@type\":\"Organization\",\"@id\":\"https:\\\/\\\/www.laguiadepamplona.com\\\/actualidad\\\/#organization\",\"name\":\"La Gu\u00eda de Pamplona \\\/ Noticias\",\"url\":\"https:\\\/\\\/www.laguiadepamplona.com\\\/actualidad\\\/\",\"logo\":{\"@type\":\"ImageObject\",\"inLanguage\":\"es\",\"@id\":\"https:\\\/\\\/www.laguiadepamplona.com\\\/actualidad\\\/#\\\/schema\\\/logo\\\/image\\\/\",\"url\":\"https:\\\/\\\/www.laguiadepamplona.com\\\/actualidad\\\/wp-content\\\/uploads\\\/2018\\\/11\\\/logo-laguiadepamplona18-web1.png\",\"contentUrl\":\"https:\\\/\\\/www.laguiadepamplona.com\\\/actualidad\\\/wp-content\\\/uploads\\\/2018\\\/11\\\/logo-laguiadepamplona18-web1.png\",\"width\":600,\"height\":196,\"caption\":\"La Gu\u00eda de Pamplona \\\/ Noticias\"},\"image\":{\"@id\":\"https:\\\/\\\/www.laguiadepamplona.com\\\/actualidad\\\/#\\\/schema\\\/logo\\\/image\\\/\"},\"sameAs\":[\"https:\\\/\\\/www.facebook.com\\\/laguiadepamplonacom-133175176762273\\\/?ref=hl\",\"https:\\\/\\\/x.com\\\/LaGuiadPamplona\",\"https:\\\/\\\/www.instagram.com\\\/la_guia_de_pamplona\\\/\",\"https:\\\/\\\/www.youtube.com\\\/user\\\/laguiadepamplona\"]},{\"@type\":\"Person\",\"@id\":\"https:\\\/\\\/www.laguiadepamplona.com\\\/actualidad\\\/#\\\/schema\\\/person\\\/efe887376f0213d4657c93adc50b1fdb\",\"name\":\"La Gu\u00eda de Pamplona\",\"image\":{\"@type\":\"ImageObject\",\"inLanguage\":\"es\",\"@id\":\"https:\\\/\\\/secure.gravatar.com\\\/avatar\\\/b6992f131dc8d30ab0dff15446e9d346d9dbd95992de0fef795073f5ea83a81c?s=96&d=mm&r=g\",\"url\":\"https:\\\/\\\/secure.gravatar.com\\\/avatar\\\/b6992f131dc8d30ab0dff15446e9d346d9dbd95992de0fef795073f5ea83a81c?s=96&d=mm&r=g\",\"contentUrl\":\"https:\\\/\\\/secure.gravatar.com\\\/avatar\\\/b6992f131dc8d30ab0dff15446e9d346d9dbd95992de0fef795073f5ea83a81c?s=96&d=mm&r=g\",\"caption\":\"La Gu\u00eda de Pamplona\"}}]}<\/script>\n<!-- \/ Yoast SEO plugin. -->","yoast_head_json":{"title":"Diecis\u00e9is pelotaris participar\u00e1n en el III Torneo de San Ferm\u00edn de pelota femenina, que estrenar\u00e1 modalidad de 4 y medio individual junto a la habitual de mano parejas","description":"Las finales tendr\u00e1n lugar en plenos Sanfermines, el 12 de julio por la ma\u00f1ana, en el front\u00f3n Labrit de Pamplona","robots":{"index":"index","follow":"follow","max-snippet":"max-snippet:-1","max-image-preview":"max-image-preview:large","max-video-preview":"max-video-preview:-1"},"canonical":"https:\/\/www.laguiadepamplona.com\/actualidad\/dieciseis-pelotaris-participaran-en-el-iii-torneo-de-san-fermin-de-pelota-femenina-que-estrenara-modalidad-de-4-y-medio-individual-junto-a-la-habitual-de-mano-parejas\/","og_locale":"es_ES","og_type":"article","og_title":"Diecis\u00e9is pelotaris participar\u00e1n en el III Torneo de San Ferm\u00edn de pelota femenina, que estrenar\u00e1 modalidad de 4 y medio individual junto a la habitual de mano parejas","og_description":"Las finales tendr\u00e1n lugar en plenos Sanfermines, el 12 de julio por la ma\u00f1ana, en el front\u00f3n Labrit de Pamplona","og_url":"https:\/\/www.laguiadepamplona.com\/actualidad\/dieciseis-pelotaris-participaran-en-el-iii-torneo-de-san-fermin-de-pelota-femenina-que-estrenara-modalidad-de-4-y-medio-individual-junto-a-la-habitual-de-mano-parejas\/","og_site_name":"La Gu\u00eda de Pamplona","article_publisher":"https:\/\/www.facebook.com\/laguiadepamplonacom-133175176762273\/?ref=hl","article_published_time":"2024-06-13T15:48:52+00:00","article_modified_time":"2024-06-17T15:52:46+00:00","og_image":[{"width":1000,"height":667,"url":"https:\/\/www.laguiadepamplona.com\/actualidad\/wp-content\/uploads\/2024\/06\/ruedadeprensapelotafemeno1_0.webp","type":"image\/webp"}],"author":"La Gu\u00eda de Pamplona","twitter_card":"summary_large_image","twitter_creator":"@LaGuiadPamplona","twitter_site":"@LaGuiadPamplona","twitter_misc":{"Escrito por":"La Gu\u00eda de Pamplona","Tiempo de lectura":"5 minutos"},"schema":{"@context":"https:\/\/schema.org","@graph":[{"@type":"Article","@id":"https:\/\/www.laguiadepamplona.com\/actualidad\/dieciseis-pelotaris-participaran-en-el-iii-torneo-de-san-fermin-de-pelota-femenina-que-estrenara-modalidad-de-4-y-medio-individual-junto-a-la-habitual-de-mano-parejas\/#article","isPartOf":{"@id":"https:\/\/www.laguiadepamplona.com\/actualidad\/dieciseis-pelotaris-participaran-en-el-iii-torneo-de-san-fermin-de-pelota-femenina-que-estrenara-modalidad-de-4-y-medio-individual-junto-a-la-habitual-de-mano-parejas\/"},"author":{"name":"La Gu\u00eda de Pamplona","@id":"https:\/\/www.laguiadepamplona.com\/actualidad\/#\/schema\/person\/efe887376f0213d4657c93adc50b1fdb"},"headline":"Diecis\u00e9is pelotaris participar\u00e1n en el III Torneo de San Ferm\u00edn de pelota femenina, que estrenar\u00e1 modalidad de 4 y medio individual junto a la habitual de mano parejas","datePublished":"2024-06-13T15:48:52+00:00","dateModified":"2024-06-17T15:52:46+00:00","mainEntityOfPage":{"@id":"https:\/\/www.laguiadepamplona.com\/actualidad\/dieciseis-pelotaris-participaran-en-el-iii-torneo-de-san-fermin-de-pelota-femenina-que-estrenara-modalidad-de-4-y-medio-individual-junto-a-la-habitual-de-mano-parejas\/"},"wordCount":948,"commentCount":0,"publisher":{"@id":"https:\/\/www.laguiadepamplona.com\/actualidad\/#organization"},"image":{"@id":"https:\/\/www.laguiadepamplona.com\/actualidad\/dieciseis-pelotaris-participaran-en-el-iii-torneo-de-san-fermin-de-pelota-femenina-que-estrenara-modalidad-de-4-y-medio-individual-junto-a-la-habitual-de-mano-parejas\/#primaryimage"},"thumbnailUrl":"https:\/\/www.laguiadepamplona.com\/actualidad\/wp-content\/uploads\/2024\/06\/ruedadeprensapelotafemeno1_0.webp","articleSection":["Ayto Pamplona","San Ferm\u00edn"],"inLanguage":"es","potentialAction":[{"@type":"CommentAction","name":"Comment","target":["https:\/\/www.laguiadepamplona.com\/actualidad\/dieciseis-pelotaris-participaran-en-el-iii-torneo-de-san-fermin-de-pelota-femenina-que-estrenara-modalidad-de-4-y-medio-individual-junto-a-la-habitual-de-mano-parejas\/#respond"]}]},{"@type":"WebPage","@id":"https:\/\/www.laguiadepamplona.com\/actualidad\/dieciseis-pelotaris-participaran-en-el-iii-torneo-de-san-fermin-de-pelota-femenina-que-estrenara-modalidad-de-4-y-medio-individual-junto-a-la-habitual-de-mano-parejas\/","url":"https:\/\/www.laguiadepamplona.com\/actualidad\/dieciseis-pelotaris-participaran-en-el-iii-torneo-de-san-fermin-de-pelota-femenina-que-estrenara-modalidad-de-4-y-medio-individual-junto-a-la-habitual-de-mano-parejas\/","name":"Diecis\u00e9is pelotaris participar\u00e1n en el III Torneo de San Ferm\u00edn de pelota femenina, que estrenar\u00e1 modalidad de 4 y medio individual junto a la habitual de mano parejas","isPartOf":{"@id":"https:\/\/www.laguiadepamplona.com\/actualidad\/#website"},"primaryImageOfPage":{"@id":"https:\/\/www.laguiadepamplona.com\/actualidad\/dieciseis-pelotaris-participaran-en-el-iii-torneo-de-san-fermin-de-pelota-femenina-que-estrenara-modalidad-de-4-y-medio-individual-junto-a-la-habitual-de-mano-parejas\/#primaryimage"},"image":{"@id":"https:\/\/www.laguiadepamplona.com\/actualidad\/dieciseis-pelotaris-participaran-en-el-iii-torneo-de-san-fermin-de-pelota-femenina-que-estrenara-modalidad-de-4-y-medio-individual-junto-a-la-habitual-de-mano-parejas\/#primaryimage"},"thumbnailUrl":"https:\/\/www.laguiadepamplona.com\/actualidad\/wp-content\/uploads\/2024\/06\/ruedadeprensapelotafemeno1_0.webp","datePublished":"2024-06-13T15:48:52+00:00","dateModified":"2024-06-17T15:52:46+00:00","description":"Las finales tendr\u00e1n lugar en plenos Sanfermines, el 12 de julio por la ma\u00f1ana, en el front\u00f3n Labrit de Pamplona","breadcrumb":{"@id":"https:\/\/www.laguiadepamplona.com\/actualidad\/dieciseis-pelotaris-participaran-en-el-iii-torneo-de-san-fermin-de-pelota-femenina-que-estrenara-modalidad-de-4-y-medio-individual-junto-a-la-habitual-de-mano-parejas\/#breadcrumb"},"inLanguage":"es","potentialAction":[{"@type":"ReadAction","target":["https:\/\/www.laguiadepamplona.com\/actualidad\/dieciseis-pelotaris-participaran-en-el-iii-torneo-de-san-fermin-de-pelota-femenina-que-estrenara-modalidad-de-4-y-medio-individual-junto-a-la-habitual-de-mano-parejas\/"]}]},{"@type":"ImageObject","inLanguage":"es","@id":"https:\/\/www.laguiadepamplona.com\/actualidad\/dieciseis-pelotaris-participaran-en-el-iii-torneo-de-san-fermin-de-pelota-femenina-que-estrenara-modalidad-de-4-y-medio-individual-junto-a-la-habitual-de-mano-parejas\/#primaryimage","url":"https:\/\/www.laguiadepamplona.com\/actualidad\/wp-content\/uploads\/2024\/06\/ruedadeprensapelotafemeno1_0.webp","contentUrl":"https:\/\/www.laguiadepamplona.com\/actualidad\/wp-content\/uploads\/2024\/06\/ruedadeprensapelotafemeno1_0.webp","width":1000,"height":667,"caption":"pelota femenino San Ferm\u00edn"},{"@type":"BreadcrumbList","@id":"https:\/\/www.laguiadepamplona.com\/actualidad\/dieciseis-pelotaris-participaran-en-el-iii-torneo-de-san-fermin-de-pelota-femenina-que-estrenara-modalidad-de-4-y-medio-individual-junto-a-la-habitual-de-mano-parejas\/#breadcrumb","itemListElement":[{"@type":"ListItem","position":1,"name":"Portada","item":"https:\/\/www.laguiadepamplona.com\/actualidad\/"},{"@type":"ListItem","position":2,"name":"Diecis\u00e9is pelotaris participar\u00e1n en el III Torneo de San Ferm\u00edn de pelota femenina, que estrenar\u00e1 modalidad de 4 y medio individual junto a la habitual de mano parejas"}]},{"@type":"WebSite","@id":"https:\/\/www.laguiadepamplona.com\/actualidad\/#website","url":"https:\/\/www.laguiadepamplona.com\/actualidad\/","name":"La gu\u00eda de Pamplona","description":"Noticias de Pamplona","publisher":{"@id":"https:\/\/www.laguiadepamplona.com\/actualidad\/#organization"},"potentialAction":[{"@type":"SearchAction","target":{"@type":"EntryPoint","urlTemplate":"https:\/\/www.laguiadepamplona.com\/actualidad\/?s={search_term_string}"},"query-input":{"@type":"PropertyValueSpecification","valueRequired":true,"valueName":"search_term_string"}}],"inLanguage":"es"},{"@type":"Organization","@id":"https:\/\/www.laguiadepamplona.com\/actualidad\/#organization","name":"La Gu\u00eda de Pamplona \/ Noticias","url":"https:\/\/www.laguiadepamplona.com\/actualidad\/","logo":{"@type":"ImageObject","inLanguage":"es","@id":"https:\/\/www.laguiadepamplona.com\/actualidad\/#\/schema\/logo\/image\/","url":"https:\/\/www.laguiadepamplona.com\/actualidad\/wp-content\/uploads\/2018\/11\/logo-laguiadepamplona18-web1.png","contentUrl":"https:\/\/www.laguiadepamplona.com\/actualidad\/wp-content\/uploads\/2018\/11\/logo-laguiadepamplona18-web1.png","width":600,"height":196,"caption":"La Gu\u00eda de Pamplona \/ Noticias"},"image":{"@id":"https:\/\/www.laguiadepamplona.com\/actualidad\/#\/schema\/logo\/image\/"},"sameAs":["https:\/\/www.facebook.com\/laguiadepamplonacom-133175176762273\/?ref=hl","https:\/\/x.com\/LaGuiadPamplona","https:\/\/www.instagram.com\/la_guia_de_pamplona\/","https:\/\/www.youtube.com\/user\/laguiadepamplona"]},{"@type":"Person","@id":"https:\/\/www.laguiadepamplona.com\/actualidad\/#\/schema\/person\/efe887376f0213d4657c93adc50b1fdb","name":"La Gu\u00eda de Pamplona","image":{"@type":"ImageObject","inLanguage":"es","@id":"https:\/\/secure.gravatar.com\/avatar\/b6992f131dc8d30ab0dff15446e9d346d9dbd95992de0fef795073f5ea83a81c?s=96&d=mm&r=g","url":"https:\/\/secure.gravatar.com\/avatar\/b6992f131dc8d30ab0dff15446e9d346d9dbd95992de0fef795073f5ea83a81c?s=96&d=mm&r=g","contentUrl":"https:\/\/secure.gravatar.com\/avatar\/b6992f131dc8d30ab0dff15446e9d346d9dbd95992de0fef795073f5ea83a81c?s=96&d=mm&r=g","caption":"La Gu\u00eda de Pamplona"}}]}},"post_mailing_queue_ids":[],"_links":{"self":[{"href":"https:\/\/www.laguiadepamplona.com\/actualidad\/wp-json\/wp\/v2\/posts\/50095","targetHints":{"allow":["GET"]}}],"collection":[{"href":"https:\/\/www.laguiadepamplona.com\/actualidad\/wp-json\/wp\/v2\/posts"}],"about":[{"href":"https:\/\/www.laguiadepamplona.com\/actualidad\/wp-json\/wp\/v2\/types\/post"}],"author":[{"embeddable":true,"href":"https:\/\/www.laguiadepamplona.com\/actualidad\/wp-json\/wp\/v2\/users\/1"}],"replies":[{"embeddable":true,"href":"https:\/\/www.laguiadepamplona.com\/actualidad\/wp-json\/wp\/v2\/comments?post=50095"}],"version-history":[{"count":1,"href":"https:\/\/www.laguiadepamplona.com\/actualidad\/wp-json\/wp\/v2\/posts\/50095\/revisions"}],"predecessor-version":[{"id":50097,"href":"https:\/\/www.laguiadepamplona.com\/actualidad\/wp-json\/wp\/v2\/posts\/50095\/revisions\/50097"}],"wp:featuredmedia":[{"embeddable":true,"href":"https:\/\/www.laguiadepamplona.com\/actualidad\/wp-json\/wp\/v2\/media\/50096"}],"wp:attachment":[{"href":"https:\/\/www.laguiadepamplona.com\/actualidad\/wp-json\/wp\/v2\/media?parent=50095"}],"wp:term":[{"taxonomy":"category","embeddable":true,"href":"https:\/\/www.laguiadepamplona.com\/actualidad\/wp-json\/wp\/v2\/categories?post=50095"},{"taxonomy":"post_tag","embeddable":true,"href":"https:\/\/www.laguiadepamplona.com\/actualidad\/wp-json\/wp\/v2\/tags?post=50095"}],"curies":[{"name":"wp","href":"https:\/\/api.w.org\/{rel}","templated":true}]}}