{"id":50067,"date":"2024-06-12T12:30:26","date_gmt":"2024-06-12T10:30:26","guid":{"rendered":"https:\/\/www.laguiadepamplona.com\/actualidad\/?p=50067"},"modified":"2024-06-12T12:54:16","modified_gmt":"2024-06-12T10:54:16","slug":"el-ayuntamiento-convoca-ayudas-para-actividades-abiertas-de-las-penas-de-pamplona-que-intensifiquen-el-ambiente-festivo-en-las-calles-por-san-fermin","status":"publish","type":"post","link":"https:\/\/www.laguiadepamplona.com\/actualidad\/el-ayuntamiento-convoca-ayudas-para-actividades-abiertas-de-las-penas-de-pamplona-que-intensifiquen-el-ambiente-festivo-en-las-calles-por-san-fermin\/","title":{"rendered":"El Ayuntamiento convoca ayudas para actividades abiertas de las pe\u00f1as de Pamplona que intensifiquen el ambiente festivo en las calles por San Ferm\u00edn"},"content":{"rendered":"<h2>Son subvencionables la contrataci\u00f3n de charangas, derechos de autor por m\u00fasica interpretada, confecci\u00f3n de la pancarta y actividades infantiles<\/h2>\n<p><!--more--><\/p>\n<p>El Ayuntamiento de Pamplona ha convocado ayudas destinadas a la participaci\u00f3n de las pe\u00f1as en las fiestas de San Ferm\u00edn. La convocatoria, dotada con 81.750 euros, busca el fomento de las actividades organizadas por las pe\u00f1as de Pamplona que intensifiquen el ambiente festivo. Estas actividades deben ser abiertas y celebrarse en la calle. La informaci\u00f3n se puede consultar en el Bolet\u00edn Oficial de Navarra y la <a href=\"https:\/\/sedeelectronica.pamplona.es\/FichaTramite.aspx?id=PL4000045&amp;Idioma=1\" target=\"_blank\" rel=\"noopener\">Sede Electr\u00f3nica de la web municipal<\/a>.<\/p>\n<p>Los proyectos que se presenten deber\u00e1n incluir un m\u00ednimo de 8 actividades desarrolladas en al menos 4 de los 9 d\u00edas de San Ferm\u00edn. Los requisitos para acceder a las ayudas, que se repartir\u00e1n a partes iguales entre los solicitantes, son ser una pe\u00f1a legalmente constituida, con domicilio fiscal y social en Pamplona, carecer de fines de lucro y contar, entre sus objetivos, con la realizaci\u00f3n de actividades relacionadas con el objeto de esta convocatoria.<\/p>\n<p>Las solicitudes se presentan telem\u00e1ticamente en el <a href=\"https:\/\/sedeelectronica.pamplona.es\/\" target=\"_blank\" rel=\"noopener\">registro electr\u00f3nico del Ayuntamiento de Pamplona<\/a>, en el plazo de un mes a partir del d\u00eda siguiente a la publicaci\u00f3n de esta convocatoria en el Bolet\u00edn Oficial de Navarra. El plazo de presentaci\u00f3n de solicitudes ser\u00e1 improrrogable.<\/p>\n<p>Son subvencionables los gastos de la charanga que se contrate durante las fiestas de San Ferm\u00edn para participar en las distintas actividades (honorarios, desplazamientos, alojamiento y\/o manutenci\u00f3n), gastos de los derechos de autor ocasionados por la m\u00fasica que se interprete en las actividades programadas de cada pe\u00f1a y que sean objeto de esta convocatoria, y gastos ocasionados por el uso de autobuses o cualquier otro medio de transporte colectivo para los desplazamientos de la pe\u00f1a en la realizaci\u00f3n de las actividades subvencionadas.<\/p>\n<p>Tambi\u00e9n se incluyen los gastos de la confecci\u00f3n de la pancarta de la pe\u00f1a, gastos de contrataci\u00f3n de actividades infantiles u otras actuaciones que se realicen en la calle y con car\u00e1cter abierto y gratuito, y gastos originados por la difusi\u00f3n de estas actividades. En ning\u00fan caso se pueden incluir como gastos subvencionables los abonos para los toros, ni gastos de comidas y bebidas, salvo manutenci\u00f3n de charangas.<\/p>\n","protected":false},"excerpt":{"rendered":"<p>Son subvencionables la contrataci\u00f3n de charangas, derechos de autor por m\u00fasica interpretada, confecci\u00f3n de la pancarta y actividades infantiles<\/p>\n","protected":false},"author":1,"featured_media":50068,"comment_status":"open","ping_status":"closed","sticky":false,"template":"","format":"standard","meta":{"footnotes":""},"categories":[2,9406],"tags":[],"class_list":["post-50067","post","type-post","status-publish","format-standard","has-post-thumbnail","hentry","category-ayuntamiento-pamplona","category-san-fermin"],"yoast_head":"<!-- This site is optimized with the Yoast SEO plugin v27.3 - https:\/\/yoast.com\/product\/yoast-seo-wordpress\/ -->\n<title>El Ayuntamiento convoca ayudas para actividades abiertas de las pe\u00f1as de Pamplona que intensifiquen el ambiente festivo en las calles por San Ferm\u00edn<\/title>\n<meta name=\"description\" content=\"Son subvencionables la contrataci\u00f3n de charangas, derechos de autor por m\u00fasica interpretada, confecci\u00f3n de la pancarta y actividades infantiles\" \/>\n<meta name=\"robots\" content=\"index, follow, max-snippet:-1, max-image-preview:large, max-video-preview:-1\" \/>\n<link rel=\"canonical\" href=\"https:\/\/www.laguiadepamplona.com\/actualidad\/el-ayuntamiento-convoca-ayudas-para-actividades-abiertas-de-las-penas-de-pamplona-que-intensifiquen-el-ambiente-festivo-en-las-calles-por-san-fermin\/\" \/>\n<meta property=\"og:locale\" content=\"es_ES\" \/>\n<meta property=\"og:type\" content=\"article\" \/>\n<meta property=\"og:title\" content=\"El Ayuntamiento convoca ayudas para actividades abiertas de las pe\u00f1as de Pamplona que intensifiquen el ambiente festivo en las calles por San Ferm\u00edn\" \/>\n<meta property=\"og:description\" content=\"Son subvencionables la contrataci\u00f3n de charangas, derechos de autor por m\u00fasica interpretada, confecci\u00f3n de la pancarta y actividades infantiles\" \/>\n<meta property=\"og:url\" content=\"https:\/\/www.laguiadepamplona.com\/actualidad\/el-ayuntamiento-convoca-ayudas-para-actividades-abiertas-de-las-penas-de-pamplona-que-intensifiquen-el-ambiente-festivo-en-las-calles-por-san-fermin\/\" \/>\n<meta property=\"og:site_name\" content=\"La Gu\u00eda de Pamplona\" \/>\n<meta property=\"article:publisher\" content=\"https:\/\/www.facebook.com\/laguiadepamplonacom-133175176762273\/?ref=hl\" \/>\n<meta property=\"article:published_time\" content=\"2024-06-12T10:30:26+00:00\" \/>\n<meta property=\"article:modified_time\" content=\"2024-06-12T10:54:16+00:00\" \/>\n<meta property=\"og:image\" content=\"https:\/\/www.laguiadepamplona.com\/actualidad\/wp-content\/uploads\/2024\/06\/Charanga-Ayuntamiento-6671.webp\" \/>\n\t<meta property=\"og:image:width\" content=\"1000\" \/>\n\t<meta property=\"og:image:height\" content=\"462\" \/>\n\t<meta property=\"og:image:type\" content=\"image\/webp\" \/>\n<meta name=\"author\" content=\"La Gu\u00eda de Pamplona\" \/>\n<meta name=\"twitter:card\" content=\"summary_large_image\" \/>\n<meta name=\"twitter:creator\" content=\"@LaGuiadPamplona\" \/>\n<meta name=\"twitter:site\" content=\"@LaGuiadPamplona\" \/>\n<meta name=\"twitter:label1\" content=\"Escrito por\" \/>\n\t<meta name=\"twitter:data1\" content=\"La Gu\u00eda de Pamplona\" \/>\n\t<meta name=\"twitter:label2\" content=\"Tiempo de lectura\" \/>\n\t<meta name=\"twitter:data2\" content=\"2 minutos\" \/>\n<script type=\"application\/ld+json\" class=\"yoast-schema-graph\">{\"@context\":\"https:\\\/\\\/schema.org\",\"@graph\":[{\"@type\":\"Article\",\"@id\":\"https:\\\/\\\/www.laguiadepamplona.com\\\/actualidad\\\/el-ayuntamiento-convoca-ayudas-para-actividades-abiertas-de-las-penas-de-pamplona-que-intensifiquen-el-ambiente-festivo-en-las-calles-por-san-fermin\\\/#article\",\"isPartOf\":{\"@id\":\"https:\\\/\\\/www.laguiadepamplona.com\\\/actualidad\\\/el-ayuntamiento-convoca-ayudas-para-actividades-abiertas-de-las-penas-de-pamplona-que-intensifiquen-el-ambiente-festivo-en-las-calles-por-san-fermin\\\/\"},\"author\":{\"name\":\"La Gu\u00eda de Pamplona\",\"@id\":\"https:\\\/\\\/www.laguiadepamplona.com\\\/actualidad\\\/#\\\/schema\\\/person\\\/efe887376f0213d4657c93adc50b1fdb\"},\"headline\":\"El Ayuntamiento convoca ayudas para actividades abiertas de las pe\u00f1as de Pamplona que intensifiquen el ambiente festivo en las calles por San Ferm\u00edn\",\"datePublished\":\"2024-06-12T10:30:26+00:00\",\"dateModified\":\"2024-06-12T10:54:16+00:00\",\"mainEntityOfPage\":{\"@id\":\"https:\\\/\\\/www.laguiadepamplona.com\\\/actualidad\\\/el-ayuntamiento-convoca-ayudas-para-actividades-abiertas-de-las-penas-de-pamplona-que-intensifiquen-el-ambiente-festivo-en-las-calles-por-san-fermin\\\/\"},\"wordCount\":419,\"commentCount\":0,\"publisher\":{\"@id\":\"https:\\\/\\\/www.laguiadepamplona.com\\\/actualidad\\\/#organization\"},\"image\":{\"@id\":\"https:\\\/\\\/www.laguiadepamplona.com\\\/actualidad\\\/el-ayuntamiento-convoca-ayudas-para-actividades-abiertas-de-las-penas-de-pamplona-que-intensifiquen-el-ambiente-festivo-en-las-calles-por-san-fermin\\\/#primaryimage\"},\"thumbnailUrl\":\"https:\\\/\\\/www.laguiadepamplona.com\\\/actualidad\\\/wp-content\\\/uploads\\\/2024\\\/06\\\/Charanga-Ayuntamiento-6671.webp\",\"articleSection\":[\"Ayto Pamplona\",\"San Ferm\u00edn\"],\"inLanguage\":\"es\",\"potentialAction\":[{\"@type\":\"CommentAction\",\"name\":\"Comment\",\"target\":[\"https:\\\/\\\/www.laguiadepamplona.com\\\/actualidad\\\/el-ayuntamiento-convoca-ayudas-para-actividades-abiertas-de-las-penas-de-pamplona-que-intensifiquen-el-ambiente-festivo-en-las-calles-por-san-fermin\\\/#respond\"]}]},{\"@type\":\"WebPage\",\"@id\":\"https:\\\/\\\/www.laguiadepamplona.com\\\/actualidad\\\/el-ayuntamiento-convoca-ayudas-para-actividades-abiertas-de-las-penas-de-pamplona-que-intensifiquen-el-ambiente-festivo-en-las-calles-por-san-fermin\\\/\",\"url\":\"https:\\\/\\\/www.laguiadepamplona.com\\\/actualidad\\\/el-ayuntamiento-convoca-ayudas-para-actividades-abiertas-de-las-penas-de-pamplona-que-intensifiquen-el-ambiente-festivo-en-las-calles-por-san-fermin\\\/\",\"name\":\"El Ayuntamiento convoca ayudas para actividades abiertas de las pe\u00f1as de Pamplona que intensifiquen el ambiente festivo en las calles por San Ferm\u00edn\",\"isPartOf\":{\"@id\":\"https:\\\/\\\/www.laguiadepamplona.com\\\/actualidad\\\/#website\"},\"primaryImageOfPage\":{\"@id\":\"https:\\\/\\\/www.laguiadepamplona.com\\\/actualidad\\\/el-ayuntamiento-convoca-ayudas-para-actividades-abiertas-de-las-penas-de-pamplona-que-intensifiquen-el-ambiente-festivo-en-las-calles-por-san-fermin\\\/#primaryimage\"},\"image\":{\"@id\":\"https:\\\/\\\/www.laguiadepamplona.com\\\/actualidad\\\/el-ayuntamiento-convoca-ayudas-para-actividades-abiertas-de-las-penas-de-pamplona-que-intensifiquen-el-ambiente-festivo-en-las-calles-por-san-fermin\\\/#primaryimage\"},\"thumbnailUrl\":\"https:\\\/\\\/www.laguiadepamplona.com\\\/actualidad\\\/wp-content\\\/uploads\\\/2024\\\/06\\\/Charanga-Ayuntamiento-6671.webp\",\"datePublished\":\"2024-06-12T10:30:26+00:00\",\"dateModified\":\"2024-06-12T10:54:16+00:00\",\"description\":\"Son subvencionables la contrataci\u00f3n de charangas, derechos de autor por m\u00fasica interpretada, confecci\u00f3n de la pancarta y actividades infantiles\",\"breadcrumb\":{\"@id\":\"https:\\\/\\\/www.laguiadepamplona.com\\\/actualidad\\\/el-ayuntamiento-convoca-ayudas-para-actividades-abiertas-de-las-penas-de-pamplona-que-intensifiquen-el-ambiente-festivo-en-las-calles-por-san-fermin\\\/#breadcrumb\"},\"inLanguage\":\"es\",\"potentialAction\":[{\"@type\":\"ReadAction\",\"target\":[\"https:\\\/\\\/www.laguiadepamplona.com\\\/actualidad\\\/el-ayuntamiento-convoca-ayudas-para-actividades-abiertas-de-las-penas-de-pamplona-que-intensifiquen-el-ambiente-festivo-en-las-calles-por-san-fermin\\\/\"]}]},{\"@type\":\"ImageObject\",\"inLanguage\":\"es\",\"@id\":\"https:\\\/\\\/www.laguiadepamplona.com\\\/actualidad\\\/el-ayuntamiento-convoca-ayudas-para-actividades-abiertas-de-las-penas-de-pamplona-que-intensifiquen-el-ambiente-festivo-en-las-calles-por-san-fermin\\\/#primaryimage\",\"url\":\"https:\\\/\\\/www.laguiadepamplona.com\\\/actualidad\\\/wp-content\\\/uploads\\\/2024\\\/06\\\/Charanga-Ayuntamiento-6671.webp\",\"contentUrl\":\"https:\\\/\\\/www.laguiadepamplona.com\\\/actualidad\\\/wp-content\\\/uploads\\\/2024\\\/06\\\/Charanga-Ayuntamiento-6671.webp\",\"width\":1000,\"height\":462,\"caption\":\"charanga\"},{\"@type\":\"BreadcrumbList\",\"@id\":\"https:\\\/\\\/www.laguiadepamplona.com\\\/actualidad\\\/el-ayuntamiento-convoca-ayudas-para-actividades-abiertas-de-las-penas-de-pamplona-que-intensifiquen-el-ambiente-festivo-en-las-calles-por-san-fermin\\\/#breadcrumb\",\"itemListElement\":[{\"@type\":\"ListItem\",\"position\":1,\"name\":\"Portada\",\"item\":\"https:\\\/\\\/www.laguiadepamplona.com\\\/actualidad\\\/\"},{\"@type\":\"ListItem\",\"position\":2,\"name\":\"El Ayuntamiento convoca ayudas para actividades abiertas de las pe\u00f1as de Pamplona que intensifiquen el ambiente festivo en las calles por San Ferm\u00edn\"}]},{\"@type\":\"WebSite\",\"@id\":\"https:\\\/\\\/www.laguiadepamplona.com\\\/actualidad\\\/#website\",\"url\":\"https:\\\/\\\/www.laguiadepamplona.com\\\/actualidad\\\/\",\"name\":\"La gu\u00eda de Pamplona\",\"description\":\"Noticias de Pamplona\",\"publisher\":{\"@id\":\"https:\\\/\\\/www.laguiadepamplona.com\\\/actualidad\\\/#organization\"},\"potentialAction\":[{\"@type\":\"SearchAction\",\"target\":{\"@type\":\"EntryPoint\",\"urlTemplate\":\"https:\\\/\\\/www.laguiadepamplona.com\\\/actualidad\\\/?s={search_term_string}\"},\"query-input\":{\"@type\":\"PropertyValueSpecification\",\"valueRequired\":true,\"valueName\":\"search_term_string\"}}],\"inLanguage\":\"es\"},{\"@type\":\"Organization\",\"@id\":\"https:\\\/\\\/www.laguiadepamplona.com\\\/actualidad\\\/#organization\",\"name\":\"La Gu\u00eda de Pamplona \\\/ Noticias\",\"url\":\"https:\\\/\\\/www.laguiadepamplona.com\\\/actualidad\\\/\",\"logo\":{\"@type\":\"ImageObject\",\"inLanguage\":\"es\",\"@id\":\"https:\\\/\\\/www.laguiadepamplona.com\\\/actualidad\\\/#\\\/schema\\\/logo\\\/image\\\/\",\"url\":\"https:\\\/\\\/www.laguiadepamplona.com\\\/actualidad\\\/wp-content\\\/uploads\\\/2018\\\/11\\\/logo-laguiadepamplona18-web1.png\",\"contentUrl\":\"https:\\\/\\\/www.laguiadepamplona.com\\\/actualidad\\\/wp-content\\\/uploads\\\/2018\\\/11\\\/logo-laguiadepamplona18-web1.png\",\"width\":600,\"height\":196,\"caption\":\"La Gu\u00eda de Pamplona \\\/ Noticias\"},\"image\":{\"@id\":\"https:\\\/\\\/www.laguiadepamplona.com\\\/actualidad\\\/#\\\/schema\\\/logo\\\/image\\\/\"},\"sameAs\":[\"https:\\\/\\\/www.facebook.com\\\/laguiadepamplonacom-133175176762273\\\/?ref=hl\",\"https:\\\/\\\/x.com\\\/LaGuiadPamplona\",\"https:\\\/\\\/www.instagram.com\\\/la_guia_de_pamplona\\\/\",\"https:\\\/\\\/www.youtube.com\\\/user\\\/laguiadepamplona\"]},{\"@type\":\"Person\",\"@id\":\"https:\\\/\\\/www.laguiadepamplona.com\\\/actualidad\\\/#\\\/schema\\\/person\\\/efe887376f0213d4657c93adc50b1fdb\",\"name\":\"La Gu\u00eda de Pamplona\",\"image\":{\"@type\":\"ImageObject\",\"inLanguage\":\"es\",\"@id\":\"https:\\\/\\\/secure.gravatar.com\\\/avatar\\\/b6992f131dc8d30ab0dff15446e9d346d9dbd95992de0fef795073f5ea83a81c?s=96&d=mm&r=g\",\"url\":\"https:\\\/\\\/secure.gravatar.com\\\/avatar\\\/b6992f131dc8d30ab0dff15446e9d346d9dbd95992de0fef795073f5ea83a81c?s=96&d=mm&r=g\",\"contentUrl\":\"https:\\\/\\\/secure.gravatar.com\\\/avatar\\\/b6992f131dc8d30ab0dff15446e9d346d9dbd95992de0fef795073f5ea83a81c?s=96&d=mm&r=g\",\"caption\":\"La Gu\u00eda de Pamplona\"}}]}<\/script>\n<!-- \/ Yoast SEO plugin. -->","yoast_head_json":{"title":"El Ayuntamiento convoca ayudas para actividades abiertas de las pe\u00f1as de Pamplona que intensifiquen el ambiente festivo en las calles por San Ferm\u00edn","description":"Son subvencionables la contrataci\u00f3n de charangas, derechos de autor por m\u00fasica interpretada, confecci\u00f3n de la pancarta y actividades infantiles","robots":{"index":"index","follow":"follow","max-snippet":"max-snippet:-1","max-image-preview":"max-image-preview:large","max-video-preview":"max-video-preview:-1"},"canonical":"https:\/\/www.laguiadepamplona.com\/actualidad\/el-ayuntamiento-convoca-ayudas-para-actividades-abiertas-de-las-penas-de-pamplona-que-intensifiquen-el-ambiente-festivo-en-las-calles-por-san-fermin\/","og_locale":"es_ES","og_type":"article","og_title":"El Ayuntamiento convoca ayudas para actividades abiertas de las pe\u00f1as de Pamplona que intensifiquen el ambiente festivo en las calles por San Ferm\u00edn","og_description":"Son subvencionables la contrataci\u00f3n de charangas, derechos de autor por m\u00fasica interpretada, confecci\u00f3n de la pancarta y actividades infantiles","og_url":"https:\/\/www.laguiadepamplona.com\/actualidad\/el-ayuntamiento-convoca-ayudas-para-actividades-abiertas-de-las-penas-de-pamplona-que-intensifiquen-el-ambiente-festivo-en-las-calles-por-san-fermin\/","og_site_name":"La Gu\u00eda de Pamplona","article_publisher":"https:\/\/www.facebook.com\/laguiadepamplonacom-133175176762273\/?ref=hl","article_published_time":"2024-06-12T10:30:26+00:00","article_modified_time":"2024-06-12T10:54:16+00:00","og_image":[{"width":1000,"height":462,"url":"https:\/\/www.laguiadepamplona.com\/actualidad\/wp-content\/uploads\/2024\/06\/Charanga-Ayuntamiento-6671.webp","type":"image\/webp"}],"author":"La Gu\u00eda de Pamplona","twitter_card":"summary_large_image","twitter_creator":"@LaGuiadPamplona","twitter_site":"@LaGuiadPamplona","twitter_misc":{"Escrito por":"La Gu\u00eda de Pamplona","Tiempo de lectura":"2 minutos"},"schema":{"@context":"https:\/\/schema.org","@graph":[{"@type":"Article","@id":"https:\/\/www.laguiadepamplona.com\/actualidad\/el-ayuntamiento-convoca-ayudas-para-actividades-abiertas-de-las-penas-de-pamplona-que-intensifiquen-el-ambiente-festivo-en-las-calles-por-san-fermin\/#article","isPartOf":{"@id":"https:\/\/www.laguiadepamplona.com\/actualidad\/el-ayuntamiento-convoca-ayudas-para-actividades-abiertas-de-las-penas-de-pamplona-que-intensifiquen-el-ambiente-festivo-en-las-calles-por-san-fermin\/"},"author":{"name":"La Gu\u00eda de Pamplona","@id":"https:\/\/www.laguiadepamplona.com\/actualidad\/#\/schema\/person\/efe887376f0213d4657c93adc50b1fdb"},"headline":"El Ayuntamiento convoca ayudas para actividades abiertas de las pe\u00f1as de Pamplona que intensifiquen el ambiente festivo en las calles por San Ferm\u00edn","datePublished":"2024-06-12T10:30:26+00:00","dateModified":"2024-06-12T10:54:16+00:00","mainEntityOfPage":{"@id":"https:\/\/www.laguiadepamplona.com\/actualidad\/el-ayuntamiento-convoca-ayudas-para-actividades-abiertas-de-las-penas-de-pamplona-que-intensifiquen-el-ambiente-festivo-en-las-calles-por-san-fermin\/"},"wordCount":419,"commentCount":0,"publisher":{"@id":"https:\/\/www.laguiadepamplona.com\/actualidad\/#organization"},"image":{"@id":"https:\/\/www.laguiadepamplona.com\/actualidad\/el-ayuntamiento-convoca-ayudas-para-actividades-abiertas-de-las-penas-de-pamplona-que-intensifiquen-el-ambiente-festivo-en-las-calles-por-san-fermin\/#primaryimage"},"thumbnailUrl":"https:\/\/www.laguiadepamplona.com\/actualidad\/wp-content\/uploads\/2024\/06\/Charanga-Ayuntamiento-6671.webp","articleSection":["Ayto Pamplona","San Ferm\u00edn"],"inLanguage":"es","potentialAction":[{"@type":"CommentAction","name":"Comment","target":["https:\/\/www.laguiadepamplona.com\/actualidad\/el-ayuntamiento-convoca-ayudas-para-actividades-abiertas-de-las-penas-de-pamplona-que-intensifiquen-el-ambiente-festivo-en-las-calles-por-san-fermin\/#respond"]}]},{"@type":"WebPage","@id":"https:\/\/www.laguiadepamplona.com\/actualidad\/el-ayuntamiento-convoca-ayudas-para-actividades-abiertas-de-las-penas-de-pamplona-que-intensifiquen-el-ambiente-festivo-en-las-calles-por-san-fermin\/","url":"https:\/\/www.laguiadepamplona.com\/actualidad\/el-ayuntamiento-convoca-ayudas-para-actividades-abiertas-de-las-penas-de-pamplona-que-intensifiquen-el-ambiente-festivo-en-las-calles-por-san-fermin\/","name":"El Ayuntamiento convoca ayudas para actividades abiertas de las pe\u00f1as de Pamplona que intensifiquen el ambiente festivo en las calles por San Ferm\u00edn","isPartOf":{"@id":"https:\/\/www.laguiadepamplona.com\/actualidad\/#website"},"primaryImageOfPage":{"@id":"https:\/\/www.laguiadepamplona.com\/actualidad\/el-ayuntamiento-convoca-ayudas-para-actividades-abiertas-de-las-penas-de-pamplona-que-intensifiquen-el-ambiente-festivo-en-las-calles-por-san-fermin\/#primaryimage"},"image":{"@id":"https:\/\/www.laguiadepamplona.com\/actualidad\/el-ayuntamiento-convoca-ayudas-para-actividades-abiertas-de-las-penas-de-pamplona-que-intensifiquen-el-ambiente-festivo-en-las-calles-por-san-fermin\/#primaryimage"},"thumbnailUrl":"https:\/\/www.laguiadepamplona.com\/actualidad\/wp-content\/uploads\/2024\/06\/Charanga-Ayuntamiento-6671.webp","datePublished":"2024-06-12T10:30:26+00:00","dateModified":"2024-06-12T10:54:16+00:00","description":"Son subvencionables la contrataci\u00f3n de charangas, derechos de autor por m\u00fasica interpretada, confecci\u00f3n de la pancarta y actividades infantiles","breadcrumb":{"@id":"https:\/\/www.laguiadepamplona.com\/actualidad\/el-ayuntamiento-convoca-ayudas-para-actividades-abiertas-de-las-penas-de-pamplona-que-intensifiquen-el-ambiente-festivo-en-las-calles-por-san-fermin\/#breadcrumb"},"inLanguage":"es","potentialAction":[{"@type":"ReadAction","target":["https:\/\/www.laguiadepamplona.com\/actualidad\/el-ayuntamiento-convoca-ayudas-para-actividades-abiertas-de-las-penas-de-pamplona-que-intensifiquen-el-ambiente-festivo-en-las-calles-por-san-fermin\/"]}]},{"@type":"ImageObject","inLanguage":"es","@id":"https:\/\/www.laguiadepamplona.com\/actualidad\/el-ayuntamiento-convoca-ayudas-para-actividades-abiertas-de-las-penas-de-pamplona-que-intensifiquen-el-ambiente-festivo-en-las-calles-por-san-fermin\/#primaryimage","url":"https:\/\/www.laguiadepamplona.com\/actualidad\/wp-content\/uploads\/2024\/06\/Charanga-Ayuntamiento-6671.webp","contentUrl":"https:\/\/www.laguiadepamplona.com\/actualidad\/wp-content\/uploads\/2024\/06\/Charanga-Ayuntamiento-6671.webp","width":1000,"height":462,"caption":"charanga"},{"@type":"BreadcrumbList","@id":"https:\/\/www.laguiadepamplona.com\/actualidad\/el-ayuntamiento-convoca-ayudas-para-actividades-abiertas-de-las-penas-de-pamplona-que-intensifiquen-el-ambiente-festivo-en-las-calles-por-san-fermin\/#breadcrumb","itemListElement":[{"@type":"ListItem","position":1,"name":"Portada","item":"https:\/\/www.laguiadepamplona.com\/actualidad\/"},{"@type":"ListItem","position":2,"name":"El Ayuntamiento convoca ayudas para actividades abiertas de las pe\u00f1as de Pamplona que intensifiquen el ambiente festivo en las calles por San Ferm\u00edn"}]},{"@type":"WebSite","@id":"https:\/\/www.laguiadepamplona.com\/actualidad\/#website","url":"https:\/\/www.laguiadepamplona.com\/actualidad\/","name":"La gu\u00eda de Pamplona","description":"Noticias de Pamplona","publisher":{"@id":"https:\/\/www.laguiadepamplona.com\/actualidad\/#organization"},"potentialAction":[{"@type":"SearchAction","target":{"@type":"EntryPoint","urlTemplate":"https:\/\/www.laguiadepamplona.com\/actualidad\/?s={search_term_string}"},"query-input":{"@type":"PropertyValueSpecification","valueRequired":true,"valueName":"search_term_string"}}],"inLanguage":"es"},{"@type":"Organization","@id":"https:\/\/www.laguiadepamplona.com\/actualidad\/#organization","name":"La Gu\u00eda de Pamplona \/ Noticias","url":"https:\/\/www.laguiadepamplona.com\/actualidad\/","logo":{"@type":"ImageObject","inLanguage":"es","@id":"https:\/\/www.laguiadepamplona.com\/actualidad\/#\/schema\/logo\/image\/","url":"https:\/\/www.laguiadepamplona.com\/actualidad\/wp-content\/uploads\/2018\/11\/logo-laguiadepamplona18-web1.png","contentUrl":"https:\/\/www.laguiadepamplona.com\/actualidad\/wp-content\/uploads\/2018\/11\/logo-laguiadepamplona18-web1.png","width":600,"height":196,"caption":"La Gu\u00eda de Pamplona \/ Noticias"},"image":{"@id":"https:\/\/www.laguiadepamplona.com\/actualidad\/#\/schema\/logo\/image\/"},"sameAs":["https:\/\/www.facebook.com\/laguiadepamplonacom-133175176762273\/?ref=hl","https:\/\/x.com\/LaGuiadPamplona","https:\/\/www.instagram.com\/la_guia_de_pamplona\/","https:\/\/www.youtube.com\/user\/laguiadepamplona"]},{"@type":"Person","@id":"https:\/\/www.laguiadepamplona.com\/actualidad\/#\/schema\/person\/efe887376f0213d4657c93adc50b1fdb","name":"La Gu\u00eda de Pamplona","image":{"@type":"ImageObject","inLanguage":"es","@id":"https:\/\/secure.gravatar.com\/avatar\/b6992f131dc8d30ab0dff15446e9d346d9dbd95992de0fef795073f5ea83a81c?s=96&d=mm&r=g","url":"https:\/\/secure.gravatar.com\/avatar\/b6992f131dc8d30ab0dff15446e9d346d9dbd95992de0fef795073f5ea83a81c?s=96&d=mm&r=g","contentUrl":"https:\/\/secure.gravatar.com\/avatar\/b6992f131dc8d30ab0dff15446e9d346d9dbd95992de0fef795073f5ea83a81c?s=96&d=mm&r=g","caption":"La Gu\u00eda de Pamplona"}}]}},"post_mailing_queue_ids":[],"_links":{"self":[{"href":"https:\/\/www.laguiadepamplona.com\/actualidad\/wp-json\/wp\/v2\/posts\/50067","targetHints":{"allow":["GET"]}}],"collection":[{"href":"https:\/\/www.laguiadepamplona.com\/actualidad\/wp-json\/wp\/v2\/posts"}],"about":[{"href":"https:\/\/www.laguiadepamplona.com\/actualidad\/wp-json\/wp\/v2\/types\/post"}],"author":[{"embeddable":true,"href":"https:\/\/www.laguiadepamplona.com\/actualidad\/wp-json\/wp\/v2\/users\/1"}],"replies":[{"embeddable":true,"href":"https:\/\/www.laguiadepamplona.com\/actualidad\/wp-json\/wp\/v2\/comments?post=50067"}],"version-history":[{"count":1,"href":"https:\/\/www.laguiadepamplona.com\/actualidad\/wp-json\/wp\/v2\/posts\/50067\/revisions"}],"predecessor-version":[{"id":50069,"href":"https:\/\/www.laguiadepamplona.com\/actualidad\/wp-json\/wp\/v2\/posts\/50067\/revisions\/50069"}],"wp:featuredmedia":[{"embeddable":true,"href":"https:\/\/www.laguiadepamplona.com\/actualidad\/wp-json\/wp\/v2\/media\/50068"}],"wp:attachment":[{"href":"https:\/\/www.laguiadepamplona.com\/actualidad\/wp-json\/wp\/v2\/media?parent=50067"}],"wp:term":[{"taxonomy":"category","embeddable":true,"href":"https:\/\/www.laguiadepamplona.com\/actualidad\/wp-json\/wp\/v2\/categories?post=50067"},{"taxonomy":"post_tag","embeddable":true,"href":"https:\/\/www.laguiadepamplona.com\/actualidad\/wp-json\/wp\/v2\/tags?post=50067"}],"curies":[{"name":"wp","href":"https:\/\/api.w.org\/{rel}","templated":true}]}}