{"id":50062,"date":"2024-06-12T12:25:43","date_gmt":"2024-06-12T10:25:43","guid":{"rendered":"https:\/\/www.laguiadepamplona.com\/actualidad\/?p=50062"},"modified":"2024-06-12T12:25:43","modified_gmt":"2024-06-12T10:25:43","slug":"el-cpeip-garcia-galdeano-y-el-polideportivo-de-ezkaba-los-primeros-edificios-publicos-que-toman-energia-de-la-red-de-calor-con-biomasa-de-txantrea","status":"publish","type":"post","link":"https:\/\/www.laguiadepamplona.com\/actualidad\/el-cpeip-garcia-galdeano-y-el-polideportivo-de-ezkaba-los-primeros-edificios-publicos-que-toman-energia-de-la-red-de-calor-con-biomasa-de-txantrea\/","title":{"rendered":"El CPEIP Garc\u00eda Galdeano y el polideportivo de Ezkaba, los primeros edificios p\u00fablicos que toman energ\u00eda de la Red de Calor con Biomasa de Txantrea"},"content":{"rendered":"<h2>Esta caldera comunitaria gigante, que prev\u00e9 alimentar a m\u00e1s de 4.000 viviendas y 8 edificios p\u00fablicos, comenz\u00f3 a funcionar en 2023<\/h2>\n<p><!--more--><\/p>\n<p>El Colegio P\u00fablico de Educaci\u00f3n Infantil y Primaria Garc\u00eda Galdeano y el polideportivo de Ezkaba son los dos primeros edificios p\u00fablicos que se han conectado a la Central de Calor de Txantrea, una infraestructura alimentada con biomasa que da calefacci\u00f3n a buena parte del barrio. Ambos centros se conectaron a la red a finales del a\u00f1o pasado de este proyecto de eficiencia energ\u00e9tica, que aspira a suministrar calor a m\u00e1s de 4.000 viviendas y 8 edificios p\u00fablicos con la puesta en marcha de la segunda fase.<\/p>\n<p>Miembros del Consejo de Gerencia de Urbanismo y de la Comisi\u00f3n de Urbanismo del Ayuntamiento de Pamplona han visitado esta central, ubicada en el pol\u00edgono Iturrondo y levantada gracias a un convenio de colaboraci\u00f3n entre Pamplona, Burlada y la empresa p\u00fablica de vivienda del Gobierno de Navarra, Nasuvinsa. A d\u00eda de hoy, son m\u00e1s de 2.000 las viviendas que se benefician de esta gran caldera comunitaria, que se alimenta al 90% de biomasa forestal, una materia prima de origen cercano y de explotaci\u00f3n sostenible. A los dos centros conectados este a\u00f1o, se sumar\u00e1n el colegio Bernart Etxepare y el Centro Comunitario Salesianas en Txantrea.<\/p>\n<p>El proyecto, englobado dentro de la iniciativa Efidistrict de regeneraci\u00f3n urbana y mejora de la eficiencia energ\u00e9tica residencial, cont\u00f3 con financiaci\u00f3n del Fondo Europeo de Desarrollo Regional, como apoyo a la eficiencia, la gesti\u00f3n inteligente y el uso de energ\u00edas renovables. Se trata, de hecho, de una iniciativa pionera a nivel estatal, tanto por su modelo de gesti\u00f3n p\u00fablico-privada como por sus dimensiones. Se ha establecido su desarrollo en dos fases, una que arranc\u00f3 en 2023 y una segunda que se prev\u00e9 impulsar antes de 2028.<\/p>\n<p>As\u00ed, aunque la central comenz\u00f3 a funcionar en 2023, ya en 2020 se adhirieron al proyecto las primeras comunidades vecinales. Esa primera fase incluye 2,5 kil\u00f3metros de red, la generaci\u00f3n de 4,5 MW de biomasa y 10 MW de gas. Todo ello evitar\u00e1 enviar a la atm\u00f3sfera 4.000 toneladas de CO2. En la segunda fase, para llegar a 4.500 viviendas, se prev\u00e9 ampliar la red a 5 kil\u00f3metros; la generaci\u00f3n de 9 MW de biomasa y 20 MW de gas. Ello supondr\u00e1 7.000 toneladas menos de CO2 en la atm\u00f3sfera una vez implantada. El consumo de astilla forestal pasar\u00e1 en esa segunda fase de 6.000 a 12.000 toneladas al a\u00f1o.<\/p>\n<p>Fue Nasuvinsa quien adjudic\u00f3, en mayo de 2019, la construcci\u00f3n y la explotaci\u00f3n de la Central de Calor a la empresa ENGIE Servicios Energ\u00e9ticos S.A. Esta firma llevar\u00e1 a cabo la explotaci\u00f3n de la central y de la red de calor de Txantrea hasta 2059, por un importe de 14,3 millones de euros.<\/p>\n<p><strong>Un barrio surgido en los a\u00f1os 50<\/strong><\/p>\n<p>La puesta en marcha de esta iniciativa energ\u00e9tica en el barrio de Txantrea se engloba dentro de una iniciativa m\u00e1s amplia de regeneraci\u00f3n y mejora de esta zona de la ciudad, que cuenta con m\u00e1s de 70 a\u00f1os de antig\u00fcedad y con unas caracter\u00edsticas constructivas peculiares. De hecho, el barrio cuenta, en la actualidad, con alrededor de 8.800 viviendas, de las cuales un 71% (m\u00e1s de 6.300) han sido construidas entre el a\u00f1o 1950 y 1979. Se trata de viviendas sociales, que presentan carencias de aislamiento t\u00e9rmico, debido a esa \u00e9poca de construcci\u00f3n, y las instalaciones de calefacci\u00f3n del barrio presentan problemas de funcionamiento y de adecuaci\u00f3n a la normativa vigente. A todo ello se suma un paulatino envejecimiento de la poblaci\u00f3n, lo que dificulta el abordar proyectos de futuro.<\/p>\n<p>Es por eso que se eligi\u00f3 esta zona para poner en marcha el proyecto Efidistrict Txantrea, un modelo pionero de rehabilitaci\u00f3n global, que incluye rehabilitaci\u00f3n energ\u00e9tica de viviendas, adecuaci\u00f3n de zonas urbanas y la creaci\u00f3n de esta Central de Calor, que d\u00e9 suministro al grueso de las viviendas del barrio. El proyecto ha merecido el reconocimiento como Buenas Pr\u00e1cticas en 2020 por el Instituto para la Diversificaci\u00f3n y Ahorro de la Energ\u00eda (IDEA), adscrito al Ministerio para la Transici\u00f3n Energ\u00e9tica. Adem\u00e1s, recibi\u00f3 el primer premio en 2019 a la mejor actuaci\u00f3n cofinanciada con Fondos Europeos de Desarrollo Regional (FEDER), del Ministerio de Hacienda.<\/p>\n","protected":false},"excerpt":{"rendered":"<p>Esta caldera comunitaria gigante, que prev\u00e9 alimentar a m\u00e1s de 4.000 viviendas y 8 edificios p\u00fablicos, comenz\u00f3 a funcionar en 2023<\/p>\n","protected":false},"author":1,"featured_media":50063,"comment_status":"open","ping_status":"closed","sticky":false,"template":"","format":"standard","meta":{"footnotes":""},"categories":[2],"tags":[],"class_list":["post-50062","post","type-post","status-publish","format-standard","has-post-thumbnail","hentry","category-ayuntamiento-pamplona"],"yoast_head":"<!-- This site is optimized with the Yoast SEO plugin v27.3 - https:\/\/yoast.com\/product\/yoast-seo-wordpress\/ -->\n<title>El CPEIP Garc\u00eda Galdeano y el polideportivo de Ezkaba, los primeros edificios p\u00fablicos que toman energ\u00eda de la Red de Calor con Biomasa de Txantrea<\/title>\n<meta name=\"description\" content=\"Esta caldera comunitaria gigante, que prev\u00e9 alimentar a m\u00e1s de 4.000 viviendas y 8 edificios p\u00fablicos, comenz\u00f3 a funcionar en 2023\" \/>\n<meta name=\"robots\" content=\"index, follow, max-snippet:-1, max-image-preview:large, max-video-preview:-1\" \/>\n<link rel=\"canonical\" href=\"https:\/\/www.laguiadepamplona.com\/actualidad\/el-cpeip-garcia-galdeano-y-el-polideportivo-de-ezkaba-los-primeros-edificios-publicos-que-toman-energia-de-la-red-de-calor-con-biomasa-de-txantrea\/\" \/>\n<meta property=\"og:locale\" content=\"es_ES\" \/>\n<meta property=\"og:type\" content=\"article\" \/>\n<meta property=\"og:title\" content=\"El CPEIP Garc\u00eda Galdeano y el polideportivo de Ezkaba, los primeros edificios p\u00fablicos que toman energ\u00eda de la Red de Calor con Biomasa de Txantrea\" \/>\n<meta property=\"og:description\" content=\"Esta caldera comunitaria gigante, que prev\u00e9 alimentar a m\u00e1s de 4.000 viviendas y 8 edificios p\u00fablicos, comenz\u00f3 a funcionar en 2023\" \/>\n<meta property=\"og:url\" content=\"https:\/\/www.laguiadepamplona.com\/actualidad\/el-cpeip-garcia-galdeano-y-el-polideportivo-de-ezkaba-los-primeros-edificios-publicos-que-toman-energia-de-la-red-de-calor-con-biomasa-de-txantrea\/\" \/>\n<meta property=\"og:site_name\" content=\"La Gu\u00eda de Pamplona\" \/>\n<meta property=\"article:publisher\" content=\"https:\/\/www.facebook.com\/laguiadepamplonacom-133175176762273\/?ref=hl\" \/>\n<meta property=\"article:published_time\" content=\"2024-06-12T10:25:43+00:00\" \/>\n<meta property=\"og:image\" content=\"https:\/\/www.laguiadepamplona.com\/actualidad\/wp-content\/uploads\/2024\/06\/efidistrict_txantrea.webp\" \/>\n\t<meta property=\"og:image:width\" content=\"1000\" \/>\n\t<meta property=\"og:image:height\" content=\"563\" \/>\n\t<meta property=\"og:image:type\" content=\"image\/webp\" \/>\n<meta name=\"author\" content=\"La Gu\u00eda de Pamplona\" \/>\n<meta name=\"twitter:card\" content=\"summary_large_image\" \/>\n<meta name=\"twitter:creator\" content=\"@LaGuiadPamplona\" \/>\n<meta name=\"twitter:site\" content=\"@LaGuiadPamplona\" \/>\n<meta name=\"twitter:label1\" content=\"Escrito por\" \/>\n\t<meta name=\"twitter:data1\" content=\"La Gu\u00eda de Pamplona\" \/>\n\t<meta name=\"twitter:label2\" content=\"Tiempo de lectura\" \/>\n\t<meta name=\"twitter:data2\" content=\"4 minutos\" \/>\n<script type=\"application\/ld+json\" class=\"yoast-schema-graph\">{\"@context\":\"https:\\\/\\\/schema.org\",\"@graph\":[{\"@type\":\"Article\",\"@id\":\"https:\\\/\\\/www.laguiadepamplona.com\\\/actualidad\\\/el-cpeip-garcia-galdeano-y-el-polideportivo-de-ezkaba-los-primeros-edificios-publicos-que-toman-energia-de-la-red-de-calor-con-biomasa-de-txantrea\\\/#article\",\"isPartOf\":{\"@id\":\"https:\\\/\\\/www.laguiadepamplona.com\\\/actualidad\\\/el-cpeip-garcia-galdeano-y-el-polideportivo-de-ezkaba-los-primeros-edificios-publicos-que-toman-energia-de-la-red-de-calor-con-biomasa-de-txantrea\\\/\"},\"author\":{\"name\":\"La Gu\u00eda de Pamplona\",\"@id\":\"https:\\\/\\\/www.laguiadepamplona.com\\\/actualidad\\\/#\\\/schema\\\/person\\\/efe887376f0213d4657c93adc50b1fdb\"},\"headline\":\"El CPEIP Garc\u00eda Galdeano y el polideportivo de Ezkaba, los primeros edificios p\u00fablicos que toman energ\u00eda de la Red de Calor con Biomasa de Txantrea\",\"datePublished\":\"2024-06-12T10:25:43+00:00\",\"mainEntityOfPage\":{\"@id\":\"https:\\\/\\\/www.laguiadepamplona.com\\\/actualidad\\\/el-cpeip-garcia-galdeano-y-el-polideportivo-de-ezkaba-los-primeros-edificios-publicos-que-toman-energia-de-la-red-de-calor-con-biomasa-de-txantrea\\\/\"},\"wordCount\":760,\"commentCount\":0,\"publisher\":{\"@id\":\"https:\\\/\\\/www.laguiadepamplona.com\\\/actualidad\\\/#organization\"},\"image\":{\"@id\":\"https:\\\/\\\/www.laguiadepamplona.com\\\/actualidad\\\/el-cpeip-garcia-galdeano-y-el-polideportivo-de-ezkaba-los-primeros-edificios-publicos-que-toman-energia-de-la-red-de-calor-con-biomasa-de-txantrea\\\/#primaryimage\"},\"thumbnailUrl\":\"https:\\\/\\\/www.laguiadepamplona.com\\\/actualidad\\\/wp-content\\\/uploads\\\/2024\\\/06\\\/efidistrict_txantrea.webp\",\"articleSection\":[\"Ayto Pamplona\"],\"inLanguage\":\"es\",\"potentialAction\":[{\"@type\":\"CommentAction\",\"name\":\"Comment\",\"target\":[\"https:\\\/\\\/www.laguiadepamplona.com\\\/actualidad\\\/el-cpeip-garcia-galdeano-y-el-polideportivo-de-ezkaba-los-primeros-edificios-publicos-que-toman-energia-de-la-red-de-calor-con-biomasa-de-txantrea\\\/#respond\"]}]},{\"@type\":\"WebPage\",\"@id\":\"https:\\\/\\\/www.laguiadepamplona.com\\\/actualidad\\\/el-cpeip-garcia-galdeano-y-el-polideportivo-de-ezkaba-los-primeros-edificios-publicos-que-toman-energia-de-la-red-de-calor-con-biomasa-de-txantrea\\\/\",\"url\":\"https:\\\/\\\/www.laguiadepamplona.com\\\/actualidad\\\/el-cpeip-garcia-galdeano-y-el-polideportivo-de-ezkaba-los-primeros-edificios-publicos-que-toman-energia-de-la-red-de-calor-con-biomasa-de-txantrea\\\/\",\"name\":\"El CPEIP Garc\u00eda Galdeano y el polideportivo de Ezkaba, los primeros edificios p\u00fablicos que toman energ\u00eda de la Red de Calor con Biomasa de Txantrea\",\"isPartOf\":{\"@id\":\"https:\\\/\\\/www.laguiadepamplona.com\\\/actualidad\\\/#website\"},\"primaryImageOfPage\":{\"@id\":\"https:\\\/\\\/www.laguiadepamplona.com\\\/actualidad\\\/el-cpeip-garcia-galdeano-y-el-polideportivo-de-ezkaba-los-primeros-edificios-publicos-que-toman-energia-de-la-red-de-calor-con-biomasa-de-txantrea\\\/#primaryimage\"},\"image\":{\"@id\":\"https:\\\/\\\/www.laguiadepamplona.com\\\/actualidad\\\/el-cpeip-garcia-galdeano-y-el-polideportivo-de-ezkaba-los-primeros-edificios-publicos-que-toman-energia-de-la-red-de-calor-con-biomasa-de-txantrea\\\/#primaryimage\"},\"thumbnailUrl\":\"https:\\\/\\\/www.laguiadepamplona.com\\\/actualidad\\\/wp-content\\\/uploads\\\/2024\\\/06\\\/efidistrict_txantrea.webp\",\"datePublished\":\"2024-06-12T10:25:43+00:00\",\"description\":\"Esta caldera comunitaria gigante, que prev\u00e9 alimentar a m\u00e1s de 4.000 viviendas y 8 edificios p\u00fablicos, comenz\u00f3 a funcionar en 2023\",\"breadcrumb\":{\"@id\":\"https:\\\/\\\/www.laguiadepamplona.com\\\/actualidad\\\/el-cpeip-garcia-galdeano-y-el-polideportivo-de-ezkaba-los-primeros-edificios-publicos-que-toman-energia-de-la-red-de-calor-con-biomasa-de-txantrea\\\/#breadcrumb\"},\"inLanguage\":\"es\",\"potentialAction\":[{\"@type\":\"ReadAction\",\"target\":[\"https:\\\/\\\/www.laguiadepamplona.com\\\/actualidad\\\/el-cpeip-garcia-galdeano-y-el-polideportivo-de-ezkaba-los-primeros-edificios-publicos-que-toman-energia-de-la-red-de-calor-con-biomasa-de-txantrea\\\/\"]}]},{\"@type\":\"ImageObject\",\"inLanguage\":\"es\",\"@id\":\"https:\\\/\\\/www.laguiadepamplona.com\\\/actualidad\\\/el-cpeip-garcia-galdeano-y-el-polideportivo-de-ezkaba-los-primeros-edificios-publicos-que-toman-energia-de-la-red-de-calor-con-biomasa-de-txantrea\\\/#primaryimage\",\"url\":\"https:\\\/\\\/www.laguiadepamplona.com\\\/actualidad\\\/wp-content\\\/uploads\\\/2024\\\/06\\\/efidistrict_txantrea.webp\",\"contentUrl\":\"https:\\\/\\\/www.laguiadepamplona.com\\\/actualidad\\\/wp-content\\\/uploads\\\/2024\\\/06\\\/efidistrict_txantrea.webp\",\"width\":1000,\"height\":563,\"caption\":\"efidistrict txantrea\"},{\"@type\":\"BreadcrumbList\",\"@id\":\"https:\\\/\\\/www.laguiadepamplona.com\\\/actualidad\\\/el-cpeip-garcia-galdeano-y-el-polideportivo-de-ezkaba-los-primeros-edificios-publicos-que-toman-energia-de-la-red-de-calor-con-biomasa-de-txantrea\\\/#breadcrumb\",\"itemListElement\":[{\"@type\":\"ListItem\",\"position\":1,\"name\":\"Portada\",\"item\":\"https:\\\/\\\/www.laguiadepamplona.com\\\/actualidad\\\/\"},{\"@type\":\"ListItem\",\"position\":2,\"name\":\"El CPEIP Garc\u00eda Galdeano y el polideportivo de Ezkaba, los primeros edificios p\u00fablicos que toman energ\u00eda de la Red de Calor con Biomasa de Txantrea\"}]},{\"@type\":\"WebSite\",\"@id\":\"https:\\\/\\\/www.laguiadepamplona.com\\\/actualidad\\\/#website\",\"url\":\"https:\\\/\\\/www.laguiadepamplona.com\\\/actualidad\\\/\",\"name\":\"La gu\u00eda de Pamplona\",\"description\":\"Noticias de Pamplona\",\"publisher\":{\"@id\":\"https:\\\/\\\/www.laguiadepamplona.com\\\/actualidad\\\/#organization\"},\"potentialAction\":[{\"@type\":\"SearchAction\",\"target\":{\"@type\":\"EntryPoint\",\"urlTemplate\":\"https:\\\/\\\/www.laguiadepamplona.com\\\/actualidad\\\/?s={search_term_string}\"},\"query-input\":{\"@type\":\"PropertyValueSpecification\",\"valueRequired\":true,\"valueName\":\"search_term_string\"}}],\"inLanguage\":\"es\"},{\"@type\":\"Organization\",\"@id\":\"https:\\\/\\\/www.laguiadepamplona.com\\\/actualidad\\\/#organization\",\"name\":\"La Gu\u00eda de Pamplona \\\/ Noticias\",\"url\":\"https:\\\/\\\/www.laguiadepamplona.com\\\/actualidad\\\/\",\"logo\":{\"@type\":\"ImageObject\",\"inLanguage\":\"es\",\"@id\":\"https:\\\/\\\/www.laguiadepamplona.com\\\/actualidad\\\/#\\\/schema\\\/logo\\\/image\\\/\",\"url\":\"https:\\\/\\\/www.laguiadepamplona.com\\\/actualidad\\\/wp-content\\\/uploads\\\/2018\\\/11\\\/logo-laguiadepamplona18-web1.png\",\"contentUrl\":\"https:\\\/\\\/www.laguiadepamplona.com\\\/actualidad\\\/wp-content\\\/uploads\\\/2018\\\/11\\\/logo-laguiadepamplona18-web1.png\",\"width\":600,\"height\":196,\"caption\":\"La Gu\u00eda de Pamplona \\\/ Noticias\"},\"image\":{\"@id\":\"https:\\\/\\\/www.laguiadepamplona.com\\\/actualidad\\\/#\\\/schema\\\/logo\\\/image\\\/\"},\"sameAs\":[\"https:\\\/\\\/www.facebook.com\\\/laguiadepamplonacom-133175176762273\\\/?ref=hl\",\"https:\\\/\\\/x.com\\\/LaGuiadPamplona\",\"https:\\\/\\\/www.instagram.com\\\/la_guia_de_pamplona\\\/\",\"https:\\\/\\\/www.youtube.com\\\/user\\\/laguiadepamplona\"]},{\"@type\":\"Person\",\"@id\":\"https:\\\/\\\/www.laguiadepamplona.com\\\/actualidad\\\/#\\\/schema\\\/person\\\/efe887376f0213d4657c93adc50b1fdb\",\"name\":\"La Gu\u00eda de Pamplona\",\"image\":{\"@type\":\"ImageObject\",\"inLanguage\":\"es\",\"@id\":\"https:\\\/\\\/secure.gravatar.com\\\/avatar\\\/b6992f131dc8d30ab0dff15446e9d346d9dbd95992de0fef795073f5ea83a81c?s=96&d=mm&r=g\",\"url\":\"https:\\\/\\\/secure.gravatar.com\\\/avatar\\\/b6992f131dc8d30ab0dff15446e9d346d9dbd95992de0fef795073f5ea83a81c?s=96&d=mm&r=g\",\"contentUrl\":\"https:\\\/\\\/secure.gravatar.com\\\/avatar\\\/b6992f131dc8d30ab0dff15446e9d346d9dbd95992de0fef795073f5ea83a81c?s=96&d=mm&r=g\",\"caption\":\"La Gu\u00eda de Pamplona\"}}]}<\/script>\n<!-- \/ Yoast SEO plugin. -->","yoast_head_json":{"title":"El CPEIP Garc\u00eda Galdeano y el polideportivo de Ezkaba, los primeros edificios p\u00fablicos que toman energ\u00eda de la Red de Calor con Biomasa de Txantrea","description":"Esta caldera comunitaria gigante, que prev\u00e9 alimentar a m\u00e1s de 4.000 viviendas y 8 edificios p\u00fablicos, comenz\u00f3 a funcionar en 2023","robots":{"index":"index","follow":"follow","max-snippet":"max-snippet:-1","max-image-preview":"max-image-preview:large","max-video-preview":"max-video-preview:-1"},"canonical":"https:\/\/www.laguiadepamplona.com\/actualidad\/el-cpeip-garcia-galdeano-y-el-polideportivo-de-ezkaba-los-primeros-edificios-publicos-que-toman-energia-de-la-red-de-calor-con-biomasa-de-txantrea\/","og_locale":"es_ES","og_type":"article","og_title":"El CPEIP Garc\u00eda Galdeano y el polideportivo de Ezkaba, los primeros edificios p\u00fablicos que toman energ\u00eda de la Red de Calor con Biomasa de Txantrea","og_description":"Esta caldera comunitaria gigante, que prev\u00e9 alimentar a m\u00e1s de 4.000 viviendas y 8 edificios p\u00fablicos, comenz\u00f3 a funcionar en 2023","og_url":"https:\/\/www.laguiadepamplona.com\/actualidad\/el-cpeip-garcia-galdeano-y-el-polideportivo-de-ezkaba-los-primeros-edificios-publicos-que-toman-energia-de-la-red-de-calor-con-biomasa-de-txantrea\/","og_site_name":"La Gu\u00eda de Pamplona","article_publisher":"https:\/\/www.facebook.com\/laguiadepamplonacom-133175176762273\/?ref=hl","article_published_time":"2024-06-12T10:25:43+00:00","og_image":[{"width":1000,"height":563,"url":"https:\/\/www.laguiadepamplona.com\/actualidad\/wp-content\/uploads\/2024\/06\/efidistrict_txantrea.webp","type":"image\/webp"}],"author":"La Gu\u00eda de Pamplona","twitter_card":"summary_large_image","twitter_creator":"@LaGuiadPamplona","twitter_site":"@LaGuiadPamplona","twitter_misc":{"Escrito por":"La Gu\u00eda de Pamplona","Tiempo de lectura":"4 minutos"},"schema":{"@context":"https:\/\/schema.org","@graph":[{"@type":"Article","@id":"https:\/\/www.laguiadepamplona.com\/actualidad\/el-cpeip-garcia-galdeano-y-el-polideportivo-de-ezkaba-los-primeros-edificios-publicos-que-toman-energia-de-la-red-de-calor-con-biomasa-de-txantrea\/#article","isPartOf":{"@id":"https:\/\/www.laguiadepamplona.com\/actualidad\/el-cpeip-garcia-galdeano-y-el-polideportivo-de-ezkaba-los-primeros-edificios-publicos-que-toman-energia-de-la-red-de-calor-con-biomasa-de-txantrea\/"},"author":{"name":"La Gu\u00eda de Pamplona","@id":"https:\/\/www.laguiadepamplona.com\/actualidad\/#\/schema\/person\/efe887376f0213d4657c93adc50b1fdb"},"headline":"El CPEIP Garc\u00eda Galdeano y el polideportivo de Ezkaba, los primeros edificios p\u00fablicos que toman energ\u00eda de la Red de Calor con Biomasa de Txantrea","datePublished":"2024-06-12T10:25:43+00:00","mainEntityOfPage":{"@id":"https:\/\/www.laguiadepamplona.com\/actualidad\/el-cpeip-garcia-galdeano-y-el-polideportivo-de-ezkaba-los-primeros-edificios-publicos-que-toman-energia-de-la-red-de-calor-con-biomasa-de-txantrea\/"},"wordCount":760,"commentCount":0,"publisher":{"@id":"https:\/\/www.laguiadepamplona.com\/actualidad\/#organization"},"image":{"@id":"https:\/\/www.laguiadepamplona.com\/actualidad\/el-cpeip-garcia-galdeano-y-el-polideportivo-de-ezkaba-los-primeros-edificios-publicos-que-toman-energia-de-la-red-de-calor-con-biomasa-de-txantrea\/#primaryimage"},"thumbnailUrl":"https:\/\/www.laguiadepamplona.com\/actualidad\/wp-content\/uploads\/2024\/06\/efidistrict_txantrea.webp","articleSection":["Ayto Pamplona"],"inLanguage":"es","potentialAction":[{"@type":"CommentAction","name":"Comment","target":["https:\/\/www.laguiadepamplona.com\/actualidad\/el-cpeip-garcia-galdeano-y-el-polideportivo-de-ezkaba-los-primeros-edificios-publicos-que-toman-energia-de-la-red-de-calor-con-biomasa-de-txantrea\/#respond"]}]},{"@type":"WebPage","@id":"https:\/\/www.laguiadepamplona.com\/actualidad\/el-cpeip-garcia-galdeano-y-el-polideportivo-de-ezkaba-los-primeros-edificios-publicos-que-toman-energia-de-la-red-de-calor-con-biomasa-de-txantrea\/","url":"https:\/\/www.laguiadepamplona.com\/actualidad\/el-cpeip-garcia-galdeano-y-el-polideportivo-de-ezkaba-los-primeros-edificios-publicos-que-toman-energia-de-la-red-de-calor-con-biomasa-de-txantrea\/","name":"El CPEIP Garc\u00eda Galdeano y el polideportivo de Ezkaba, los primeros edificios p\u00fablicos que toman energ\u00eda de la Red de Calor con Biomasa de Txantrea","isPartOf":{"@id":"https:\/\/www.laguiadepamplona.com\/actualidad\/#website"},"primaryImageOfPage":{"@id":"https:\/\/www.laguiadepamplona.com\/actualidad\/el-cpeip-garcia-galdeano-y-el-polideportivo-de-ezkaba-los-primeros-edificios-publicos-que-toman-energia-de-la-red-de-calor-con-biomasa-de-txantrea\/#primaryimage"},"image":{"@id":"https:\/\/www.laguiadepamplona.com\/actualidad\/el-cpeip-garcia-galdeano-y-el-polideportivo-de-ezkaba-los-primeros-edificios-publicos-que-toman-energia-de-la-red-de-calor-con-biomasa-de-txantrea\/#primaryimage"},"thumbnailUrl":"https:\/\/www.laguiadepamplona.com\/actualidad\/wp-content\/uploads\/2024\/06\/efidistrict_txantrea.webp","datePublished":"2024-06-12T10:25:43+00:00","description":"Esta caldera comunitaria gigante, que prev\u00e9 alimentar a m\u00e1s de 4.000 viviendas y 8 edificios p\u00fablicos, comenz\u00f3 a funcionar en 2023","breadcrumb":{"@id":"https:\/\/www.laguiadepamplona.com\/actualidad\/el-cpeip-garcia-galdeano-y-el-polideportivo-de-ezkaba-los-primeros-edificios-publicos-que-toman-energia-de-la-red-de-calor-con-biomasa-de-txantrea\/#breadcrumb"},"inLanguage":"es","potentialAction":[{"@type":"ReadAction","target":["https:\/\/www.laguiadepamplona.com\/actualidad\/el-cpeip-garcia-galdeano-y-el-polideportivo-de-ezkaba-los-primeros-edificios-publicos-que-toman-energia-de-la-red-de-calor-con-biomasa-de-txantrea\/"]}]},{"@type":"ImageObject","inLanguage":"es","@id":"https:\/\/www.laguiadepamplona.com\/actualidad\/el-cpeip-garcia-galdeano-y-el-polideportivo-de-ezkaba-los-primeros-edificios-publicos-que-toman-energia-de-la-red-de-calor-con-biomasa-de-txantrea\/#primaryimage","url":"https:\/\/www.laguiadepamplona.com\/actualidad\/wp-content\/uploads\/2024\/06\/efidistrict_txantrea.webp","contentUrl":"https:\/\/www.laguiadepamplona.com\/actualidad\/wp-content\/uploads\/2024\/06\/efidistrict_txantrea.webp","width":1000,"height":563,"caption":"efidistrict txantrea"},{"@type":"BreadcrumbList","@id":"https:\/\/www.laguiadepamplona.com\/actualidad\/el-cpeip-garcia-galdeano-y-el-polideportivo-de-ezkaba-los-primeros-edificios-publicos-que-toman-energia-de-la-red-de-calor-con-biomasa-de-txantrea\/#breadcrumb","itemListElement":[{"@type":"ListItem","position":1,"name":"Portada","item":"https:\/\/www.laguiadepamplona.com\/actualidad\/"},{"@type":"ListItem","position":2,"name":"El CPEIP Garc\u00eda Galdeano y el polideportivo de Ezkaba, los primeros edificios p\u00fablicos que toman energ\u00eda de la Red de Calor con Biomasa de Txantrea"}]},{"@type":"WebSite","@id":"https:\/\/www.laguiadepamplona.com\/actualidad\/#website","url":"https:\/\/www.laguiadepamplona.com\/actualidad\/","name":"La gu\u00eda de Pamplona","description":"Noticias de Pamplona","publisher":{"@id":"https:\/\/www.laguiadepamplona.com\/actualidad\/#organization"},"potentialAction":[{"@type":"SearchAction","target":{"@type":"EntryPoint","urlTemplate":"https:\/\/www.laguiadepamplona.com\/actualidad\/?s={search_term_string}"},"query-input":{"@type":"PropertyValueSpecification","valueRequired":true,"valueName":"search_term_string"}}],"inLanguage":"es"},{"@type":"Organization","@id":"https:\/\/www.laguiadepamplona.com\/actualidad\/#organization","name":"La Gu\u00eda de Pamplona \/ Noticias","url":"https:\/\/www.laguiadepamplona.com\/actualidad\/","logo":{"@type":"ImageObject","inLanguage":"es","@id":"https:\/\/www.laguiadepamplona.com\/actualidad\/#\/schema\/logo\/image\/","url":"https:\/\/www.laguiadepamplona.com\/actualidad\/wp-content\/uploads\/2018\/11\/logo-laguiadepamplona18-web1.png","contentUrl":"https:\/\/www.laguiadepamplona.com\/actualidad\/wp-content\/uploads\/2018\/11\/logo-laguiadepamplona18-web1.png","width":600,"height":196,"caption":"La Gu\u00eda de Pamplona \/ Noticias"},"image":{"@id":"https:\/\/www.laguiadepamplona.com\/actualidad\/#\/schema\/logo\/image\/"},"sameAs":["https:\/\/www.facebook.com\/laguiadepamplonacom-133175176762273\/?ref=hl","https:\/\/x.com\/LaGuiadPamplona","https:\/\/www.instagram.com\/la_guia_de_pamplona\/","https:\/\/www.youtube.com\/user\/laguiadepamplona"]},{"@type":"Person","@id":"https:\/\/www.laguiadepamplona.com\/actualidad\/#\/schema\/person\/efe887376f0213d4657c93adc50b1fdb","name":"La Gu\u00eda de Pamplona","image":{"@type":"ImageObject","inLanguage":"es","@id":"https:\/\/secure.gravatar.com\/avatar\/b6992f131dc8d30ab0dff15446e9d346d9dbd95992de0fef795073f5ea83a81c?s=96&d=mm&r=g","url":"https:\/\/secure.gravatar.com\/avatar\/b6992f131dc8d30ab0dff15446e9d346d9dbd95992de0fef795073f5ea83a81c?s=96&d=mm&r=g","contentUrl":"https:\/\/secure.gravatar.com\/avatar\/b6992f131dc8d30ab0dff15446e9d346d9dbd95992de0fef795073f5ea83a81c?s=96&d=mm&r=g","caption":"La Gu\u00eda de Pamplona"}}]}},"post_mailing_queue_ids":[],"_links":{"self":[{"href":"https:\/\/www.laguiadepamplona.com\/actualidad\/wp-json\/wp\/v2\/posts\/50062","targetHints":{"allow":["GET"]}}],"collection":[{"href":"https:\/\/www.laguiadepamplona.com\/actualidad\/wp-json\/wp\/v2\/posts"}],"about":[{"href":"https:\/\/www.laguiadepamplona.com\/actualidad\/wp-json\/wp\/v2\/types\/post"}],"author":[{"embeddable":true,"href":"https:\/\/www.laguiadepamplona.com\/actualidad\/wp-json\/wp\/v2\/users\/1"}],"replies":[{"embeddable":true,"href":"https:\/\/www.laguiadepamplona.com\/actualidad\/wp-json\/wp\/v2\/comments?post=50062"}],"version-history":[{"count":1,"href":"https:\/\/www.laguiadepamplona.com\/actualidad\/wp-json\/wp\/v2\/posts\/50062\/revisions"}],"predecessor-version":[{"id":50064,"href":"https:\/\/www.laguiadepamplona.com\/actualidad\/wp-json\/wp\/v2\/posts\/50062\/revisions\/50064"}],"wp:featuredmedia":[{"embeddable":true,"href":"https:\/\/www.laguiadepamplona.com\/actualidad\/wp-json\/wp\/v2\/media\/50063"}],"wp:attachment":[{"href":"https:\/\/www.laguiadepamplona.com\/actualidad\/wp-json\/wp\/v2\/media?parent=50062"}],"wp:term":[{"taxonomy":"category","embeddable":true,"href":"https:\/\/www.laguiadepamplona.com\/actualidad\/wp-json\/wp\/v2\/categories?post=50062"},{"taxonomy":"post_tag","embeddable":true,"href":"https:\/\/www.laguiadepamplona.com\/actualidad\/wp-json\/wp\/v2\/tags?post=50062"}],"curies":[{"name":"wp","href":"https:\/\/api.w.org\/{rel}","templated":true}]}}