{"id":50032,"date":"2024-06-10T12:07:14","date_gmt":"2024-06-10T10:07:14","guid":{"rendered":"https:\/\/www.laguiadepamplona.com\/actualidad\/?p=50032"},"modified":"2024-06-10T12:07:14","modified_gmt":"2024-06-10T10:07:14","slug":"duguna-iruneko-dantzariak-dantzaris-de-pamplona-seguira-bailando-y-acompanando-los-cortejos-municipales-hasta-junio-de-2025","status":"publish","type":"post","link":"https:\/\/www.laguiadepamplona.com\/actualidad\/duguna-iruneko-dantzariak-dantzaris-de-pamplona-seguira-bailando-y-acompanando-los-cortejos-municipales-hasta-junio-de-2025\/","title":{"rendered":"Duguna Iru\u00f1eko Dantzariak \/ Dantzaris de Pamplona seguir\u00e1 bailando y acompa\u00f1ando los cortejos municipales hasta junio de 2025"},"content":{"rendered":"<h2>Aprobada la tercera pr\u00f3rroga del contrato que incluye actuaciones como la Procesi\u00f3n de San Ferm\u00edn, San Saturnino o el Privilegio de la Uni\u00f3n<\/h2>\n<p><!--more--><\/p>\n<p>La Junta de Gobierno Local ha aprobado la tercera pr\u00f3rroga del contrato de Duguna Iru\u00f1eko Dantzariak \/ Dantzaris de Pamplona para la realizaci\u00f3n de las actuaciones que acompa\u00f1an al cortejo municipal y otras consideradas de inter\u00e9s por el Ayuntamiento de Pamplona, desde el 18 de junio de 2024 al 17 junio de 2025. Esta tercera pr\u00f3rroga, dentro de las cuatro posibles, tiene un presupuesto de 31.800 euros.<\/p>\n<p>Entre los eventos protocolarios incluidos en el contrato se encuentran el desfile en Cuerpo de Ciudad y procesi\u00f3n de San Ferm\u00edn, el 7 de julio, y de San Saturnino, el 29 de noviembre, m\u00e1s el desfile y bailes en la Plaza Consistorial en la Octava de San Ferm\u00edn, el 14 de julio, y por la festividad del Privilegio de la Uni\u00f3n, el 8 de septiembre.<\/p>\n<p>El contrato tambi\u00e9n incluye otros eventos como bailes en las festividades de San Blas, el 3 de febrero, y San Juan, el 24 de junio, San Ferm\u00edn de Aldapa en septiembre y dos actuaciones en fechas a determinar y que contar\u00e1n con al menos 16 dantzaris. Las coreograf\u00edas que se bailan en los d\u00edas indicados son San Blas eguneko soka-dantza, San Juan Bezperako soka-dantza, San Ferm\u00edn Aldapakoaren Ezpata-danztza y San Ferm\u00edn Aldapakoaren irradaka.<\/p>\n<p>Adem\u00e1s, corresponden a Duguna Iru\u00f1eko Dantzariak \/ Dantzaris de Pamplona los gastos originados por el mantenimiento y conservaci\u00f3n ordinario de los trajes de propiedad municipal y los elementos ornamentales, que deber\u00e1n mantener en \u00f3ptimas condiciones. El grupo Duguna Iru\u00f1eko Dantzariak \/ Dantzaris de Pamplona celebra este a\u00f1o su 75 aniversario.<\/p>\n","protected":false},"excerpt":{"rendered":"<p>Aprobada la tercera pr\u00f3rroga del contrato que incluye actuaciones como la Procesi\u00f3n de San Ferm\u00edn, San Saturnino o el Privilegio de la Uni\u00f3n<\/p>\n","protected":false},"author":1,"featured_media":35466,"comment_status":"open","ping_status":"closed","sticky":false,"template":"","format":"standard","meta":{"footnotes":""},"categories":[2],"tags":[],"class_list":["post-50032","post","type-post","status-publish","format-standard","has-post-thumbnail","hentry","category-ayuntamiento-pamplona"],"yoast_head":"<!-- This site is optimized with the Yoast SEO plugin v27.5 - https:\/\/yoast.com\/product\/yoast-seo-wordpress\/ -->\n<title>Duguna Iru\u00f1eko Dantzariak \/ Dantzaris de Pamplona seguir\u00e1 bailando y acompa\u00f1ando los cortejos municipales hasta junio de 2025<\/title>\n<meta name=\"description\" content=\"Aprobada la tercera pr\u00f3rroga del contrato que incluye actuaciones como la Procesi\u00f3n de San Ferm\u00edn, San Saturnino o el Privilegio de la Uni\u00f3n\" \/>\n<meta name=\"robots\" content=\"index, follow, max-snippet:-1, max-image-preview:large, max-video-preview:-1\" \/>\n<link rel=\"canonical\" href=\"https:\/\/www.laguiadepamplona.com\/actualidad\/duguna-iruneko-dantzariak-dantzaris-de-pamplona-seguira-bailando-y-acompanando-los-cortejos-municipales-hasta-junio-de-2025\/\" \/>\n<meta property=\"og:locale\" content=\"es_ES\" \/>\n<meta property=\"og:type\" content=\"article\" \/>\n<meta property=\"og:title\" content=\"Duguna Iru\u00f1eko Dantzariak \/ Dantzaris de Pamplona seguir\u00e1 bailando y acompa\u00f1ando los cortejos municipales hasta junio de 2025\" \/>\n<meta property=\"og:description\" content=\"Aprobada la tercera pr\u00f3rroga del contrato que incluye actuaciones como la Procesi\u00f3n de San Ferm\u00edn, San Saturnino o el Privilegio de la Uni\u00f3n\" \/>\n<meta property=\"og:url\" content=\"https:\/\/www.laguiadepamplona.com\/actualidad\/duguna-iruneko-dantzariak-dantzaris-de-pamplona-seguira-bailando-y-acompanando-los-cortejos-municipales-hasta-junio-de-2025\/\" \/>\n<meta property=\"og:site_name\" content=\"La Gu\u00eda de Pamplona\" \/>\n<meta property=\"article:publisher\" content=\"https:\/\/www.facebook.com\/laguiadepamplonacom-133175176762273\/?ref=hl\" \/>\n<meta property=\"article:published_time\" content=\"2024-06-10T10:07:14+00:00\" \/>\n<meta property=\"og:image\" content=\"https:\/\/www.laguiadepamplona.com\/actualidad\/wp-content\/uploads\/2021\/06\/grupo-duguna.jpg\" \/>\n\t<meta property=\"og:image:width\" content=\"1920\" \/>\n\t<meta property=\"og:image:height\" content=\"1279\" \/>\n\t<meta property=\"og:image:type\" content=\"image\/jpeg\" \/>\n<meta name=\"author\" content=\"La Gu\u00eda de Pamplona\" \/>\n<meta name=\"twitter:card\" content=\"summary_large_image\" \/>\n<meta name=\"twitter:creator\" content=\"@LaGuiadPamplona\" \/>\n<meta name=\"twitter:site\" content=\"@LaGuiadPamplona\" \/>\n<meta name=\"twitter:label1\" content=\"Escrito por\" \/>\n\t<meta name=\"twitter:data1\" content=\"La Gu\u00eda de Pamplona\" \/>\n\t<meta name=\"twitter:label2\" content=\"Tiempo de lectura\" \/>\n\t<meta name=\"twitter:data2\" content=\"2 minutos\" \/>\n<script type=\"application\/ld+json\" class=\"yoast-schema-graph\">{\"@context\":\"https:\\\/\\\/schema.org\",\"@graph\":[{\"@type\":\"Article\",\"@id\":\"https:\\\/\\\/www.laguiadepamplona.com\\\/actualidad\\\/duguna-iruneko-dantzariak-dantzaris-de-pamplona-seguira-bailando-y-acompanando-los-cortejos-municipales-hasta-junio-de-2025\\\/#article\",\"isPartOf\":{\"@id\":\"https:\\\/\\\/www.laguiadepamplona.com\\\/actualidad\\\/duguna-iruneko-dantzariak-dantzaris-de-pamplona-seguira-bailando-y-acompanando-los-cortejos-municipales-hasta-junio-de-2025\\\/\"},\"author\":{\"name\":\"La Gu\u00eda de Pamplona\",\"@id\":\"https:\\\/\\\/www.laguiadepamplona.com\\\/actualidad\\\/#\\\/schema\\\/person\\\/efe887376f0213d4657c93adc50b1fdb\"},\"headline\":\"Duguna Iru\u00f1eko Dantzariak \\\/ Dantzaris de Pamplona seguir\u00e1 bailando y acompa\u00f1ando los cortejos municipales hasta junio de 2025\",\"datePublished\":\"2024-06-10T10:07:14+00:00\",\"mainEntityOfPage\":{\"@id\":\"https:\\\/\\\/www.laguiadepamplona.com\\\/actualidad\\\/duguna-iruneko-dantzariak-dantzaris-de-pamplona-seguira-bailando-y-acompanando-los-cortejos-municipales-hasta-junio-de-2025\\\/\"},\"wordCount\":308,\"commentCount\":0,\"publisher\":{\"@id\":\"https:\\\/\\\/www.laguiadepamplona.com\\\/actualidad\\\/#organization\"},\"image\":{\"@id\":\"https:\\\/\\\/www.laguiadepamplona.com\\\/actualidad\\\/duguna-iruneko-dantzariak-dantzaris-de-pamplona-seguira-bailando-y-acompanando-los-cortejos-municipales-hasta-junio-de-2025\\\/#primaryimage\"},\"thumbnailUrl\":\"https:\\\/\\\/www.laguiadepamplona.com\\\/actualidad\\\/wp-content\\\/uploads\\\/2021\\\/06\\\/grupo-duguna.jpg\",\"articleSection\":[\"Ayto Pamplona\"],\"inLanguage\":\"es\",\"potentialAction\":[{\"@type\":\"CommentAction\",\"name\":\"Comment\",\"target\":[\"https:\\\/\\\/www.laguiadepamplona.com\\\/actualidad\\\/duguna-iruneko-dantzariak-dantzaris-de-pamplona-seguira-bailando-y-acompanando-los-cortejos-municipales-hasta-junio-de-2025\\\/#respond\"]}]},{\"@type\":\"WebPage\",\"@id\":\"https:\\\/\\\/www.laguiadepamplona.com\\\/actualidad\\\/duguna-iruneko-dantzariak-dantzaris-de-pamplona-seguira-bailando-y-acompanando-los-cortejos-municipales-hasta-junio-de-2025\\\/\",\"url\":\"https:\\\/\\\/www.laguiadepamplona.com\\\/actualidad\\\/duguna-iruneko-dantzariak-dantzaris-de-pamplona-seguira-bailando-y-acompanando-los-cortejos-municipales-hasta-junio-de-2025\\\/\",\"name\":\"Duguna Iru\u00f1eko Dantzariak \\\/ Dantzaris de Pamplona seguir\u00e1 bailando y acompa\u00f1ando los cortejos municipales hasta junio de 2025\",\"isPartOf\":{\"@id\":\"https:\\\/\\\/www.laguiadepamplona.com\\\/actualidad\\\/#website\"},\"primaryImageOfPage\":{\"@id\":\"https:\\\/\\\/www.laguiadepamplona.com\\\/actualidad\\\/duguna-iruneko-dantzariak-dantzaris-de-pamplona-seguira-bailando-y-acompanando-los-cortejos-municipales-hasta-junio-de-2025\\\/#primaryimage\"},\"image\":{\"@id\":\"https:\\\/\\\/www.laguiadepamplona.com\\\/actualidad\\\/duguna-iruneko-dantzariak-dantzaris-de-pamplona-seguira-bailando-y-acompanando-los-cortejos-municipales-hasta-junio-de-2025\\\/#primaryimage\"},\"thumbnailUrl\":\"https:\\\/\\\/www.laguiadepamplona.com\\\/actualidad\\\/wp-content\\\/uploads\\\/2021\\\/06\\\/grupo-duguna.jpg\",\"datePublished\":\"2024-06-10T10:07:14+00:00\",\"description\":\"Aprobada la tercera pr\u00f3rroga del contrato que incluye actuaciones como la Procesi\u00f3n de San Ferm\u00edn, San Saturnino o el Privilegio de la Uni\u00f3n\",\"breadcrumb\":{\"@id\":\"https:\\\/\\\/www.laguiadepamplona.com\\\/actualidad\\\/duguna-iruneko-dantzariak-dantzaris-de-pamplona-seguira-bailando-y-acompanando-los-cortejos-municipales-hasta-junio-de-2025\\\/#breadcrumb\"},\"inLanguage\":\"es\",\"potentialAction\":[{\"@type\":\"ReadAction\",\"target\":[\"https:\\\/\\\/www.laguiadepamplona.com\\\/actualidad\\\/duguna-iruneko-dantzariak-dantzaris-de-pamplona-seguira-bailando-y-acompanando-los-cortejos-municipales-hasta-junio-de-2025\\\/\"]}]},{\"@type\":\"ImageObject\",\"inLanguage\":\"es\",\"@id\":\"https:\\\/\\\/www.laguiadepamplona.com\\\/actualidad\\\/duguna-iruneko-dantzariak-dantzaris-de-pamplona-seguira-bailando-y-acompanando-los-cortejos-municipales-hasta-junio-de-2025\\\/#primaryimage\",\"url\":\"https:\\\/\\\/www.laguiadepamplona.com\\\/actualidad\\\/wp-content\\\/uploads\\\/2021\\\/06\\\/grupo-duguna.jpg\",\"contentUrl\":\"https:\\\/\\\/www.laguiadepamplona.com\\\/actualidad\\\/wp-content\\\/uploads\\\/2021\\\/06\\\/grupo-duguna.jpg\",\"width\":1920,\"height\":1279,\"caption\":\"duguna\"},{\"@type\":\"BreadcrumbList\",\"@id\":\"https:\\\/\\\/www.laguiadepamplona.com\\\/actualidad\\\/duguna-iruneko-dantzariak-dantzaris-de-pamplona-seguira-bailando-y-acompanando-los-cortejos-municipales-hasta-junio-de-2025\\\/#breadcrumb\",\"itemListElement\":[{\"@type\":\"ListItem\",\"position\":1,\"name\":\"Portada\",\"item\":\"https:\\\/\\\/www.laguiadepamplona.com\\\/actualidad\\\/\"},{\"@type\":\"ListItem\",\"position\":2,\"name\":\"Duguna Iru\u00f1eko Dantzariak \\\/ Dantzaris de Pamplona seguir\u00e1 bailando y acompa\u00f1ando los cortejos municipales hasta junio de 2025\"}]},{\"@type\":\"WebSite\",\"@id\":\"https:\\\/\\\/www.laguiadepamplona.com\\\/actualidad\\\/#website\",\"url\":\"https:\\\/\\\/www.laguiadepamplona.com\\\/actualidad\\\/\",\"name\":\"La gu\u00eda de Pamplona\",\"description\":\"Noticias de Pamplona\",\"publisher\":{\"@id\":\"https:\\\/\\\/www.laguiadepamplona.com\\\/actualidad\\\/#organization\"},\"potentialAction\":[{\"@type\":\"SearchAction\",\"target\":{\"@type\":\"EntryPoint\",\"urlTemplate\":\"https:\\\/\\\/www.laguiadepamplona.com\\\/actualidad\\\/?s={search_term_string}\"},\"query-input\":{\"@type\":\"PropertyValueSpecification\",\"valueRequired\":true,\"valueName\":\"search_term_string\"}}],\"inLanguage\":\"es\"},{\"@type\":\"Organization\",\"@id\":\"https:\\\/\\\/www.laguiadepamplona.com\\\/actualidad\\\/#organization\",\"name\":\"La Gu\u00eda de Pamplona \\\/ Noticias\",\"url\":\"https:\\\/\\\/www.laguiadepamplona.com\\\/actualidad\\\/\",\"logo\":{\"@type\":\"ImageObject\",\"inLanguage\":\"es\",\"@id\":\"https:\\\/\\\/www.laguiadepamplona.com\\\/actualidad\\\/#\\\/schema\\\/logo\\\/image\\\/\",\"url\":\"https:\\\/\\\/www.laguiadepamplona.com\\\/actualidad\\\/wp-content\\\/uploads\\\/2018\\\/11\\\/logo-laguiadepamplona18-web1.png\",\"contentUrl\":\"https:\\\/\\\/www.laguiadepamplona.com\\\/actualidad\\\/wp-content\\\/uploads\\\/2018\\\/11\\\/logo-laguiadepamplona18-web1.png\",\"width\":600,\"height\":196,\"caption\":\"La Gu\u00eda de Pamplona \\\/ Noticias\"},\"image\":{\"@id\":\"https:\\\/\\\/www.laguiadepamplona.com\\\/actualidad\\\/#\\\/schema\\\/logo\\\/image\\\/\"},\"sameAs\":[\"https:\\\/\\\/www.facebook.com\\\/laguiadepamplonacom-133175176762273\\\/?ref=hl\",\"https:\\\/\\\/x.com\\\/LaGuiadPamplona\",\"https:\\\/\\\/www.instagram.com\\\/la_guia_de_pamplona\\\/\",\"https:\\\/\\\/www.youtube.com\\\/user\\\/laguiadepamplona\"]},{\"@type\":\"Person\",\"@id\":\"https:\\\/\\\/www.laguiadepamplona.com\\\/actualidad\\\/#\\\/schema\\\/person\\\/efe887376f0213d4657c93adc50b1fdb\",\"name\":\"La Gu\u00eda de Pamplona\",\"image\":{\"@type\":\"ImageObject\",\"inLanguage\":\"es\",\"@id\":\"https:\\\/\\\/secure.gravatar.com\\\/avatar\\\/b6992f131dc8d30ab0dff15446e9d346d9dbd95992de0fef795073f5ea83a81c?s=96&d=mm&r=g\",\"url\":\"https:\\\/\\\/secure.gravatar.com\\\/avatar\\\/b6992f131dc8d30ab0dff15446e9d346d9dbd95992de0fef795073f5ea83a81c?s=96&d=mm&r=g\",\"contentUrl\":\"https:\\\/\\\/secure.gravatar.com\\\/avatar\\\/b6992f131dc8d30ab0dff15446e9d346d9dbd95992de0fef795073f5ea83a81c?s=96&d=mm&r=g\",\"caption\":\"La Gu\u00eda de Pamplona\"}}]}<\/script>\n<!-- \/ Yoast SEO plugin. -->","yoast_head_json":{"title":"Duguna Iru\u00f1eko Dantzariak \/ Dantzaris de Pamplona seguir\u00e1 bailando y acompa\u00f1ando los cortejos municipales hasta junio de 2025","description":"Aprobada la tercera pr\u00f3rroga del contrato que incluye actuaciones como la Procesi\u00f3n de San Ferm\u00edn, San Saturnino o el Privilegio de la Uni\u00f3n","robots":{"index":"index","follow":"follow","max-snippet":"max-snippet:-1","max-image-preview":"max-image-preview:large","max-video-preview":"max-video-preview:-1"},"canonical":"https:\/\/www.laguiadepamplona.com\/actualidad\/duguna-iruneko-dantzariak-dantzaris-de-pamplona-seguira-bailando-y-acompanando-los-cortejos-municipales-hasta-junio-de-2025\/","og_locale":"es_ES","og_type":"article","og_title":"Duguna Iru\u00f1eko Dantzariak \/ Dantzaris de Pamplona seguir\u00e1 bailando y acompa\u00f1ando los cortejos municipales hasta junio de 2025","og_description":"Aprobada la tercera pr\u00f3rroga del contrato que incluye actuaciones como la Procesi\u00f3n de San Ferm\u00edn, San Saturnino o el Privilegio de la Uni\u00f3n","og_url":"https:\/\/www.laguiadepamplona.com\/actualidad\/duguna-iruneko-dantzariak-dantzaris-de-pamplona-seguira-bailando-y-acompanando-los-cortejos-municipales-hasta-junio-de-2025\/","og_site_name":"La Gu\u00eda de Pamplona","article_publisher":"https:\/\/www.facebook.com\/laguiadepamplonacom-133175176762273\/?ref=hl","article_published_time":"2024-06-10T10:07:14+00:00","og_image":[{"width":1920,"height":1279,"url":"https:\/\/www.laguiadepamplona.com\/actualidad\/wp-content\/uploads\/2021\/06\/grupo-duguna.jpg","type":"image\/jpeg"}],"author":"La Gu\u00eda de Pamplona","twitter_card":"summary_large_image","twitter_creator":"@LaGuiadPamplona","twitter_site":"@LaGuiadPamplona","twitter_misc":{"Escrito por":"La Gu\u00eda de Pamplona","Tiempo de lectura":"2 minutos"},"schema":{"@context":"https:\/\/schema.org","@graph":[{"@type":"Article","@id":"https:\/\/www.laguiadepamplona.com\/actualidad\/duguna-iruneko-dantzariak-dantzaris-de-pamplona-seguira-bailando-y-acompanando-los-cortejos-municipales-hasta-junio-de-2025\/#article","isPartOf":{"@id":"https:\/\/www.laguiadepamplona.com\/actualidad\/duguna-iruneko-dantzariak-dantzaris-de-pamplona-seguira-bailando-y-acompanando-los-cortejos-municipales-hasta-junio-de-2025\/"},"author":{"name":"La Gu\u00eda de Pamplona","@id":"https:\/\/www.laguiadepamplona.com\/actualidad\/#\/schema\/person\/efe887376f0213d4657c93adc50b1fdb"},"headline":"Duguna Iru\u00f1eko Dantzariak \/ Dantzaris de Pamplona seguir\u00e1 bailando y acompa\u00f1ando los cortejos municipales hasta junio de 2025","datePublished":"2024-06-10T10:07:14+00:00","mainEntityOfPage":{"@id":"https:\/\/www.laguiadepamplona.com\/actualidad\/duguna-iruneko-dantzariak-dantzaris-de-pamplona-seguira-bailando-y-acompanando-los-cortejos-municipales-hasta-junio-de-2025\/"},"wordCount":308,"commentCount":0,"publisher":{"@id":"https:\/\/www.laguiadepamplona.com\/actualidad\/#organization"},"image":{"@id":"https:\/\/www.laguiadepamplona.com\/actualidad\/duguna-iruneko-dantzariak-dantzaris-de-pamplona-seguira-bailando-y-acompanando-los-cortejos-municipales-hasta-junio-de-2025\/#primaryimage"},"thumbnailUrl":"https:\/\/www.laguiadepamplona.com\/actualidad\/wp-content\/uploads\/2021\/06\/grupo-duguna.jpg","articleSection":["Ayto Pamplona"],"inLanguage":"es","potentialAction":[{"@type":"CommentAction","name":"Comment","target":["https:\/\/www.laguiadepamplona.com\/actualidad\/duguna-iruneko-dantzariak-dantzaris-de-pamplona-seguira-bailando-y-acompanando-los-cortejos-municipales-hasta-junio-de-2025\/#respond"]}]},{"@type":"WebPage","@id":"https:\/\/www.laguiadepamplona.com\/actualidad\/duguna-iruneko-dantzariak-dantzaris-de-pamplona-seguira-bailando-y-acompanando-los-cortejos-municipales-hasta-junio-de-2025\/","url":"https:\/\/www.laguiadepamplona.com\/actualidad\/duguna-iruneko-dantzariak-dantzaris-de-pamplona-seguira-bailando-y-acompanando-los-cortejos-municipales-hasta-junio-de-2025\/","name":"Duguna Iru\u00f1eko Dantzariak \/ Dantzaris de Pamplona seguir\u00e1 bailando y acompa\u00f1ando los cortejos municipales hasta junio de 2025","isPartOf":{"@id":"https:\/\/www.laguiadepamplona.com\/actualidad\/#website"},"primaryImageOfPage":{"@id":"https:\/\/www.laguiadepamplona.com\/actualidad\/duguna-iruneko-dantzariak-dantzaris-de-pamplona-seguira-bailando-y-acompanando-los-cortejos-municipales-hasta-junio-de-2025\/#primaryimage"},"image":{"@id":"https:\/\/www.laguiadepamplona.com\/actualidad\/duguna-iruneko-dantzariak-dantzaris-de-pamplona-seguira-bailando-y-acompanando-los-cortejos-municipales-hasta-junio-de-2025\/#primaryimage"},"thumbnailUrl":"https:\/\/www.laguiadepamplona.com\/actualidad\/wp-content\/uploads\/2021\/06\/grupo-duguna.jpg","datePublished":"2024-06-10T10:07:14+00:00","description":"Aprobada la tercera pr\u00f3rroga del contrato que incluye actuaciones como la Procesi\u00f3n de San Ferm\u00edn, San Saturnino o el Privilegio de la Uni\u00f3n","breadcrumb":{"@id":"https:\/\/www.laguiadepamplona.com\/actualidad\/duguna-iruneko-dantzariak-dantzaris-de-pamplona-seguira-bailando-y-acompanando-los-cortejos-municipales-hasta-junio-de-2025\/#breadcrumb"},"inLanguage":"es","potentialAction":[{"@type":"ReadAction","target":["https:\/\/www.laguiadepamplona.com\/actualidad\/duguna-iruneko-dantzariak-dantzaris-de-pamplona-seguira-bailando-y-acompanando-los-cortejos-municipales-hasta-junio-de-2025\/"]}]},{"@type":"ImageObject","inLanguage":"es","@id":"https:\/\/www.laguiadepamplona.com\/actualidad\/duguna-iruneko-dantzariak-dantzaris-de-pamplona-seguira-bailando-y-acompanando-los-cortejos-municipales-hasta-junio-de-2025\/#primaryimage","url":"https:\/\/www.laguiadepamplona.com\/actualidad\/wp-content\/uploads\/2021\/06\/grupo-duguna.jpg","contentUrl":"https:\/\/www.laguiadepamplona.com\/actualidad\/wp-content\/uploads\/2021\/06\/grupo-duguna.jpg","width":1920,"height":1279,"caption":"duguna"},{"@type":"BreadcrumbList","@id":"https:\/\/www.laguiadepamplona.com\/actualidad\/duguna-iruneko-dantzariak-dantzaris-de-pamplona-seguira-bailando-y-acompanando-los-cortejos-municipales-hasta-junio-de-2025\/#breadcrumb","itemListElement":[{"@type":"ListItem","position":1,"name":"Portada","item":"https:\/\/www.laguiadepamplona.com\/actualidad\/"},{"@type":"ListItem","position":2,"name":"Duguna Iru\u00f1eko Dantzariak \/ Dantzaris de Pamplona seguir\u00e1 bailando y acompa\u00f1ando los cortejos municipales hasta junio de 2025"}]},{"@type":"WebSite","@id":"https:\/\/www.laguiadepamplona.com\/actualidad\/#website","url":"https:\/\/www.laguiadepamplona.com\/actualidad\/","name":"La gu\u00eda de Pamplona","description":"Noticias de Pamplona","publisher":{"@id":"https:\/\/www.laguiadepamplona.com\/actualidad\/#organization"},"potentialAction":[{"@type":"SearchAction","target":{"@type":"EntryPoint","urlTemplate":"https:\/\/www.laguiadepamplona.com\/actualidad\/?s={search_term_string}"},"query-input":{"@type":"PropertyValueSpecification","valueRequired":true,"valueName":"search_term_string"}}],"inLanguage":"es"},{"@type":"Organization","@id":"https:\/\/www.laguiadepamplona.com\/actualidad\/#organization","name":"La Gu\u00eda de Pamplona \/ Noticias","url":"https:\/\/www.laguiadepamplona.com\/actualidad\/","logo":{"@type":"ImageObject","inLanguage":"es","@id":"https:\/\/www.laguiadepamplona.com\/actualidad\/#\/schema\/logo\/image\/","url":"https:\/\/www.laguiadepamplona.com\/actualidad\/wp-content\/uploads\/2018\/11\/logo-laguiadepamplona18-web1.png","contentUrl":"https:\/\/www.laguiadepamplona.com\/actualidad\/wp-content\/uploads\/2018\/11\/logo-laguiadepamplona18-web1.png","width":600,"height":196,"caption":"La Gu\u00eda de Pamplona \/ Noticias"},"image":{"@id":"https:\/\/www.laguiadepamplona.com\/actualidad\/#\/schema\/logo\/image\/"},"sameAs":["https:\/\/www.facebook.com\/laguiadepamplonacom-133175176762273\/?ref=hl","https:\/\/x.com\/LaGuiadPamplona","https:\/\/www.instagram.com\/la_guia_de_pamplona\/","https:\/\/www.youtube.com\/user\/laguiadepamplona"]},{"@type":"Person","@id":"https:\/\/www.laguiadepamplona.com\/actualidad\/#\/schema\/person\/efe887376f0213d4657c93adc50b1fdb","name":"La Gu\u00eda de Pamplona","image":{"@type":"ImageObject","inLanguage":"es","@id":"https:\/\/secure.gravatar.com\/avatar\/b6992f131dc8d30ab0dff15446e9d346d9dbd95992de0fef795073f5ea83a81c?s=96&d=mm&r=g","url":"https:\/\/secure.gravatar.com\/avatar\/b6992f131dc8d30ab0dff15446e9d346d9dbd95992de0fef795073f5ea83a81c?s=96&d=mm&r=g","contentUrl":"https:\/\/secure.gravatar.com\/avatar\/b6992f131dc8d30ab0dff15446e9d346d9dbd95992de0fef795073f5ea83a81c?s=96&d=mm&r=g","caption":"La Gu\u00eda de Pamplona"}}]}},"post_mailing_queue_ids":[],"_links":{"self":[{"href":"https:\/\/www.laguiadepamplona.com\/actualidad\/wp-json\/wp\/v2\/posts\/50032","targetHints":{"allow":["GET"]}}],"collection":[{"href":"https:\/\/www.laguiadepamplona.com\/actualidad\/wp-json\/wp\/v2\/posts"}],"about":[{"href":"https:\/\/www.laguiadepamplona.com\/actualidad\/wp-json\/wp\/v2\/types\/post"}],"author":[{"embeddable":true,"href":"https:\/\/www.laguiadepamplona.com\/actualidad\/wp-json\/wp\/v2\/users\/1"}],"replies":[{"embeddable":true,"href":"https:\/\/www.laguiadepamplona.com\/actualidad\/wp-json\/wp\/v2\/comments?post=50032"}],"version-history":[{"count":1,"href":"https:\/\/www.laguiadepamplona.com\/actualidad\/wp-json\/wp\/v2\/posts\/50032\/revisions"}],"predecessor-version":[{"id":50033,"href":"https:\/\/www.laguiadepamplona.com\/actualidad\/wp-json\/wp\/v2\/posts\/50032\/revisions\/50033"}],"wp:featuredmedia":[{"embeddable":true,"href":"https:\/\/www.laguiadepamplona.com\/actualidad\/wp-json\/wp\/v2\/media\/35466"}],"wp:attachment":[{"href":"https:\/\/www.laguiadepamplona.com\/actualidad\/wp-json\/wp\/v2\/media?parent=50032"}],"wp:term":[{"taxonomy":"category","embeddable":true,"href":"https:\/\/www.laguiadepamplona.com\/actualidad\/wp-json\/wp\/v2\/categories?post=50032"},{"taxonomy":"post_tag","embeddable":true,"href":"https:\/\/www.laguiadepamplona.com\/actualidad\/wp-json\/wp\/v2\/tags?post=50032"}],"curies":[{"name":"wp","href":"https:\/\/api.w.org\/{rel}","templated":true}]}}