{"id":50030,"date":"2024-06-10T12:06:08","date_gmt":"2024-06-10T10:06:08","guid":{"rendered":"https:\/\/www.laguiadepamplona.com\/actualidad\/?p=50030"},"modified":"2024-06-10T12:06:08","modified_gmt":"2024-06-10T10:06:08","slug":"el-barrio-de-san-jorge-se-prepara-para-imaginar-su-transformacion-con-la-jornada-titulada-mirando-al-futuro-del-barrio-de-san-jorge","status":"publish","type":"post","link":"https:\/\/www.laguiadepamplona.com\/actualidad\/el-barrio-de-san-jorge-se-prepara-para-imaginar-su-transformacion-con-la-jornada-titulada-mirando-al-futuro-del-barrio-de-san-jorge\/","title":{"rendered":"El barrio de San Jorge se prepara para imaginar su transformaci\u00f3n con la jornada titulada \u2018Mirando al futuro del barrio de San Jorge\u2019"},"content":{"rendered":"<h2>La sesi\u00f3n, este martes a las 18.30, analiza diversos ejemplos de buenas pr\u00e1cticas que han resultado efectivas en otras ciudades<\/h2>\n<p><!--more--><\/p>\n<p>Civivox San Jorge acoge este martes, a las 18.30 horas, el taller participativo \u2018Mirando al futuro del barrio de San Jorge\u2019. La sesi\u00f3n se enmarca en la fase de diagn\u00f3stico y sensibilizaci\u00f3n del Proceso de Participaci\u00f3n Ciudadana para el Concurso de proyectos con intervenci\u00f3n de jurado para la transformaci\u00f3n del barrio de San Jorge que se est\u00e1 desarrollando en paralelo a la licitaci\u00f3n. Toda la informaci\u00f3n sobre este proceso de participaci\u00f3n Ciudadana se puede consultar en la p\u00e1gina web municipal <a href=\"https:\/\/decide.pamplona.es\/processes\/RotondaSanJorge\" target=\"_blank\" rel=\"noopener\">https:\/\/decide.pamplona.es\/processes\/RotondaSanJorge<\/a><\/p>\n<p>Durante esta sesi\u00f3n informativa, se abordar\u00e1n diferentes ejemplos de transformaci\u00f3n del espacio p\u00fablico y movilidad sostenible, a trav\u00e9s de la exposici\u00f3n de una serie de experiencias de otros lugares que han abordado problemas similares y han implementado propuestas efectivas de soluci\u00f3n. El evento contar\u00e1 con la presencia de despachos de arquitectura que han trabajado en la materia, quienes presentar\u00e1n casos de intervenci\u00f3n que han logrado revitalizar zonas degradadas y con intenso tr\u00e1fico rodado, mejorar la accesibilidad peatonal, fomentar la interacci\u00f3n social e incorporar estrategias de adaptaci\u00f3n al cambio clim\u00e1tico.<\/p>\n<p>Entre los proyectos presentados se encuentran el Proyecto Superilles i Eixos Verds de Barcelona, a cargo de Xavier Matilla, arquitecto en jefe del Ajuntament de Barcelona entre 2019 y 2023; el Proyecto de Transformaci\u00f3n de la Pla\u00e7a de les Gl\u00f2ries de Barcelona, a cargo del equipo redactor del proyecto Ana Coello Paisatge i Arquitectura; la renovaci\u00f3n del Paseo de la Meridiana de Batlle i Roig Arquitectes; y el proyecto de La Petxina, intervenci\u00f3n de urbanismo t\u00e1ctico en Valencia por Leku Studio.<\/p>\n<p>La jornada tambi\u00e9n incluir\u00e1 un espacio de debate en el que las personas participantes podr\u00e1n intercambiar ideas, plantear inquietudes y propuestas, y discutir posibles soluciones que se recoger\u00e1n de cara a la Fase de Aportaciones al Concurso de Proyectos que comenzar\u00e1 despu\u00e9s del verano. El Ayuntamiento de Pamplona invita a todas las personas interesados en el futuro del barrio de San Jorge a asistir a esta jornada que promete ser un punto de partida para transformar positivamente el entorno del barrio.<\/p>\n<p>&nbsp;<\/p>\n<h3>\u00a1Ya es la hora! Mirando al futuro del Barrio de San Jorge<\/h3>\n<ul>\n<li>Taller participativo. Civivox San Jorge. 18.30 \u2013 20.00\n<ul>\n<li>Servicio de ludoteca infantil con inscripci\u00f3n previa en el correo <a href=\"mailto:foros@pamplona.es\">foros@pamplona.es<\/a><\/li>\n<\/ul>\n<\/li>\n<\/ul>\n","protected":false},"excerpt":{"rendered":"<p>La sesi\u00f3n, este martes a las 18.30, analiza diversos ejemplos de buenas pr\u00e1cticas que han resultado efectivas en otras ciudades<\/p>\n","protected":false},"author":1,"featured_media":49818,"comment_status":"open","ping_status":"closed","sticky":false,"template":"","format":"standard","meta":{"footnotes":""},"categories":[2],"tags":[],"class_list":["post-50030","post","type-post","status-publish","format-standard","has-post-thumbnail","hentry","category-ayuntamiento-pamplona"],"yoast_head":"<!-- This site is optimized with the Yoast SEO plugin v27.3 - https:\/\/yoast.com\/product\/yoast-seo-wordpress\/ -->\n<title>El barrio de San Jorge se prepara para imaginar su transformaci\u00f3n con la jornada titulada \u2018Mirando al futuro del barrio de San Jorge\u2019<\/title>\n<meta name=\"description\" content=\"La sesi\u00f3n, este martes a las 18.30, analiza diversos ejemplos de buenas pr\u00e1cticas que han resultado efectivas en otras ciudades\u00a0\" \/>\n<meta name=\"robots\" content=\"index, follow, max-snippet:-1, max-image-preview:large, max-video-preview:-1\" \/>\n<link rel=\"canonical\" href=\"https:\/\/www.laguiadepamplona.com\/actualidad\/el-barrio-de-san-jorge-se-prepara-para-imaginar-su-transformacion-con-la-jornada-titulada-mirando-al-futuro-del-barrio-de-san-jorge\/\" \/>\n<meta property=\"og:locale\" content=\"es_ES\" \/>\n<meta property=\"og:type\" content=\"article\" \/>\n<meta property=\"og:title\" content=\"El barrio de San Jorge se prepara para imaginar su transformaci\u00f3n con la jornada titulada \u2018Mirando al futuro del barrio de San Jorge\u2019\" \/>\n<meta property=\"og:description\" content=\"La sesi\u00f3n, este martes a las 18.30, analiza diversos ejemplos de buenas pr\u00e1cticas que han resultado efectivas en otras ciudades\u00a0\" \/>\n<meta property=\"og:url\" content=\"https:\/\/www.laguiadepamplona.com\/actualidad\/el-barrio-de-san-jorge-se-prepara-para-imaginar-su-transformacion-con-la-jornada-titulada-mirando-al-futuro-del-barrio-de-san-jorge\/\" \/>\n<meta property=\"og:site_name\" content=\"La Gu\u00eda de Pamplona\" \/>\n<meta property=\"article:publisher\" content=\"https:\/\/www.facebook.com\/laguiadepamplonacom-133175176762273\/?ref=hl\" \/>\n<meta property=\"article:published_time\" content=\"2024-06-10T10:06:08+00:00\" \/>\n<meta property=\"og:image\" content=\"https:\/\/www.laguiadepamplona.com\/actualidad\/wp-content\/uploads\/2024\/05\/San-Jorge_0.webp\" \/>\n\t<meta property=\"og:image:width\" content=\"1000\" \/>\n\t<meta property=\"og:image:height\" content=\"669\" \/>\n\t<meta property=\"og:image:type\" content=\"image\/webp\" \/>\n<meta name=\"author\" content=\"La Gu\u00eda de Pamplona\" \/>\n<meta name=\"twitter:card\" content=\"summary_large_image\" \/>\n<meta name=\"twitter:creator\" content=\"@LaGuiadPamplona\" \/>\n<meta name=\"twitter:site\" content=\"@LaGuiadPamplona\" \/>\n<meta name=\"twitter:label1\" content=\"Escrito por\" \/>\n\t<meta name=\"twitter:data1\" content=\"La Gu\u00eda de Pamplona\" \/>\n\t<meta name=\"twitter:label2\" content=\"Tiempo de lectura\" \/>\n\t<meta name=\"twitter:data2\" content=\"2 minutos\" \/>\n<script type=\"application\/ld+json\" class=\"yoast-schema-graph\">{\"@context\":\"https:\\\/\\\/schema.org\",\"@graph\":[{\"@type\":\"Article\",\"@id\":\"https:\\\/\\\/www.laguiadepamplona.com\\\/actualidad\\\/el-barrio-de-san-jorge-se-prepara-para-imaginar-su-transformacion-con-la-jornada-titulada-mirando-al-futuro-del-barrio-de-san-jorge\\\/#article\",\"isPartOf\":{\"@id\":\"https:\\\/\\\/www.laguiadepamplona.com\\\/actualidad\\\/el-barrio-de-san-jorge-se-prepara-para-imaginar-su-transformacion-con-la-jornada-titulada-mirando-al-futuro-del-barrio-de-san-jorge\\\/\"},\"author\":{\"name\":\"La Gu\u00eda de Pamplona\",\"@id\":\"https:\\\/\\\/www.laguiadepamplona.com\\\/actualidad\\\/#\\\/schema\\\/person\\\/efe887376f0213d4657c93adc50b1fdb\"},\"headline\":\"El barrio de San Jorge se prepara para imaginar su transformaci\u00f3n con la jornada titulada \u2018Mirando al futuro del barrio de San Jorge\u2019\",\"datePublished\":\"2024-06-10T10:06:08+00:00\",\"mainEntityOfPage\":{\"@id\":\"https:\\\/\\\/www.laguiadepamplona.com\\\/actualidad\\\/el-barrio-de-san-jorge-se-prepara-para-imaginar-su-transformacion-con-la-jornada-titulada-mirando-al-futuro-del-barrio-de-san-jorge\\\/\"},\"wordCount\":444,\"commentCount\":0,\"publisher\":{\"@id\":\"https:\\\/\\\/www.laguiadepamplona.com\\\/actualidad\\\/#organization\"},\"image\":{\"@id\":\"https:\\\/\\\/www.laguiadepamplona.com\\\/actualidad\\\/el-barrio-de-san-jorge-se-prepara-para-imaginar-su-transformacion-con-la-jornada-titulada-mirando-al-futuro-del-barrio-de-san-jorge\\\/#primaryimage\"},\"thumbnailUrl\":\"https:\\\/\\\/www.laguiadepamplona.com\\\/actualidad\\\/wp-content\\\/uploads\\\/2024\\\/05\\\/San-Jorge_0.webp\",\"articleSection\":[\"Ayto Pamplona\"],\"inLanguage\":\"es\",\"potentialAction\":[{\"@type\":\"CommentAction\",\"name\":\"Comment\",\"target\":[\"https:\\\/\\\/www.laguiadepamplona.com\\\/actualidad\\\/el-barrio-de-san-jorge-se-prepara-para-imaginar-su-transformacion-con-la-jornada-titulada-mirando-al-futuro-del-barrio-de-san-jorge\\\/#respond\"]}]},{\"@type\":\"WebPage\",\"@id\":\"https:\\\/\\\/www.laguiadepamplona.com\\\/actualidad\\\/el-barrio-de-san-jorge-se-prepara-para-imaginar-su-transformacion-con-la-jornada-titulada-mirando-al-futuro-del-barrio-de-san-jorge\\\/\",\"url\":\"https:\\\/\\\/www.laguiadepamplona.com\\\/actualidad\\\/el-barrio-de-san-jorge-se-prepara-para-imaginar-su-transformacion-con-la-jornada-titulada-mirando-al-futuro-del-barrio-de-san-jorge\\\/\",\"name\":\"El barrio de San Jorge se prepara para imaginar su transformaci\u00f3n con la jornada titulada \u2018Mirando al futuro del barrio de San Jorge\u2019\",\"isPartOf\":{\"@id\":\"https:\\\/\\\/www.laguiadepamplona.com\\\/actualidad\\\/#website\"},\"primaryImageOfPage\":{\"@id\":\"https:\\\/\\\/www.laguiadepamplona.com\\\/actualidad\\\/el-barrio-de-san-jorge-se-prepara-para-imaginar-su-transformacion-con-la-jornada-titulada-mirando-al-futuro-del-barrio-de-san-jorge\\\/#primaryimage\"},\"image\":{\"@id\":\"https:\\\/\\\/www.laguiadepamplona.com\\\/actualidad\\\/el-barrio-de-san-jorge-se-prepara-para-imaginar-su-transformacion-con-la-jornada-titulada-mirando-al-futuro-del-barrio-de-san-jorge\\\/#primaryimage\"},\"thumbnailUrl\":\"https:\\\/\\\/www.laguiadepamplona.com\\\/actualidad\\\/wp-content\\\/uploads\\\/2024\\\/05\\\/San-Jorge_0.webp\",\"datePublished\":\"2024-06-10T10:06:08+00:00\",\"description\":\"La sesi\u00f3n, este martes a las 18.30, analiza diversos ejemplos de buenas pr\u00e1cticas que han resultado efectivas en otras ciudades\u00a0\",\"breadcrumb\":{\"@id\":\"https:\\\/\\\/www.laguiadepamplona.com\\\/actualidad\\\/el-barrio-de-san-jorge-se-prepara-para-imaginar-su-transformacion-con-la-jornada-titulada-mirando-al-futuro-del-barrio-de-san-jorge\\\/#breadcrumb\"},\"inLanguage\":\"es\",\"potentialAction\":[{\"@type\":\"ReadAction\",\"target\":[\"https:\\\/\\\/www.laguiadepamplona.com\\\/actualidad\\\/el-barrio-de-san-jorge-se-prepara-para-imaginar-su-transformacion-con-la-jornada-titulada-mirando-al-futuro-del-barrio-de-san-jorge\\\/\"]}]},{\"@type\":\"ImageObject\",\"inLanguage\":\"es\",\"@id\":\"https:\\\/\\\/www.laguiadepamplona.com\\\/actualidad\\\/el-barrio-de-san-jorge-se-prepara-para-imaginar-su-transformacion-con-la-jornada-titulada-mirando-al-futuro-del-barrio-de-san-jorge\\\/#primaryimage\",\"url\":\"https:\\\/\\\/www.laguiadepamplona.com\\\/actualidad\\\/wp-content\\\/uploads\\\/2024\\\/05\\\/San-Jorge_0.webp\",\"contentUrl\":\"https:\\\/\\\/www.laguiadepamplona.com\\\/actualidad\\\/wp-content\\\/uploads\\\/2024\\\/05\\\/San-Jorge_0.webp\",\"width\":1000,\"height\":669,\"caption\":\"san jorge\"},{\"@type\":\"BreadcrumbList\",\"@id\":\"https:\\\/\\\/www.laguiadepamplona.com\\\/actualidad\\\/el-barrio-de-san-jorge-se-prepara-para-imaginar-su-transformacion-con-la-jornada-titulada-mirando-al-futuro-del-barrio-de-san-jorge\\\/#breadcrumb\",\"itemListElement\":[{\"@type\":\"ListItem\",\"position\":1,\"name\":\"Portada\",\"item\":\"https:\\\/\\\/www.laguiadepamplona.com\\\/actualidad\\\/\"},{\"@type\":\"ListItem\",\"position\":2,\"name\":\"El barrio de San Jorge se prepara para imaginar su transformaci\u00f3n con la jornada titulada \u2018Mirando al futuro del barrio de San Jorge\u2019\"}]},{\"@type\":\"WebSite\",\"@id\":\"https:\\\/\\\/www.laguiadepamplona.com\\\/actualidad\\\/#website\",\"url\":\"https:\\\/\\\/www.laguiadepamplona.com\\\/actualidad\\\/\",\"name\":\"La gu\u00eda de Pamplona\",\"description\":\"Noticias de Pamplona\",\"publisher\":{\"@id\":\"https:\\\/\\\/www.laguiadepamplona.com\\\/actualidad\\\/#organization\"},\"potentialAction\":[{\"@type\":\"SearchAction\",\"target\":{\"@type\":\"EntryPoint\",\"urlTemplate\":\"https:\\\/\\\/www.laguiadepamplona.com\\\/actualidad\\\/?s={search_term_string}\"},\"query-input\":{\"@type\":\"PropertyValueSpecification\",\"valueRequired\":true,\"valueName\":\"search_term_string\"}}],\"inLanguage\":\"es\"},{\"@type\":\"Organization\",\"@id\":\"https:\\\/\\\/www.laguiadepamplona.com\\\/actualidad\\\/#organization\",\"name\":\"La Gu\u00eda de Pamplona \\\/ Noticias\",\"url\":\"https:\\\/\\\/www.laguiadepamplona.com\\\/actualidad\\\/\",\"logo\":{\"@type\":\"ImageObject\",\"inLanguage\":\"es\",\"@id\":\"https:\\\/\\\/www.laguiadepamplona.com\\\/actualidad\\\/#\\\/schema\\\/logo\\\/image\\\/\",\"url\":\"https:\\\/\\\/www.laguiadepamplona.com\\\/actualidad\\\/wp-content\\\/uploads\\\/2018\\\/11\\\/logo-laguiadepamplona18-web1.png\",\"contentUrl\":\"https:\\\/\\\/www.laguiadepamplona.com\\\/actualidad\\\/wp-content\\\/uploads\\\/2018\\\/11\\\/logo-laguiadepamplona18-web1.png\",\"width\":600,\"height\":196,\"caption\":\"La Gu\u00eda de Pamplona \\\/ Noticias\"},\"image\":{\"@id\":\"https:\\\/\\\/www.laguiadepamplona.com\\\/actualidad\\\/#\\\/schema\\\/logo\\\/image\\\/\"},\"sameAs\":[\"https:\\\/\\\/www.facebook.com\\\/laguiadepamplonacom-133175176762273\\\/?ref=hl\",\"https:\\\/\\\/x.com\\\/LaGuiadPamplona\",\"https:\\\/\\\/www.instagram.com\\\/la_guia_de_pamplona\\\/\",\"https:\\\/\\\/www.youtube.com\\\/user\\\/laguiadepamplona\"]},{\"@type\":\"Person\",\"@id\":\"https:\\\/\\\/www.laguiadepamplona.com\\\/actualidad\\\/#\\\/schema\\\/person\\\/efe887376f0213d4657c93adc50b1fdb\",\"name\":\"La Gu\u00eda de Pamplona\",\"image\":{\"@type\":\"ImageObject\",\"inLanguage\":\"es\",\"@id\":\"https:\\\/\\\/secure.gravatar.com\\\/avatar\\\/b6992f131dc8d30ab0dff15446e9d346d9dbd95992de0fef795073f5ea83a81c?s=96&d=mm&r=g\",\"url\":\"https:\\\/\\\/secure.gravatar.com\\\/avatar\\\/b6992f131dc8d30ab0dff15446e9d346d9dbd95992de0fef795073f5ea83a81c?s=96&d=mm&r=g\",\"contentUrl\":\"https:\\\/\\\/secure.gravatar.com\\\/avatar\\\/b6992f131dc8d30ab0dff15446e9d346d9dbd95992de0fef795073f5ea83a81c?s=96&d=mm&r=g\",\"caption\":\"La Gu\u00eda de Pamplona\"}}]}<\/script>\n<!-- \/ Yoast SEO plugin. -->","yoast_head_json":{"title":"El barrio de San Jorge se prepara para imaginar su transformaci\u00f3n con la jornada titulada \u2018Mirando al futuro del barrio de San Jorge\u2019","description":"La sesi\u00f3n, este martes a las 18.30, analiza diversos ejemplos de buenas pr\u00e1cticas que han resultado efectivas en otras ciudades\u00a0","robots":{"index":"index","follow":"follow","max-snippet":"max-snippet:-1","max-image-preview":"max-image-preview:large","max-video-preview":"max-video-preview:-1"},"canonical":"https:\/\/www.laguiadepamplona.com\/actualidad\/el-barrio-de-san-jorge-se-prepara-para-imaginar-su-transformacion-con-la-jornada-titulada-mirando-al-futuro-del-barrio-de-san-jorge\/","og_locale":"es_ES","og_type":"article","og_title":"El barrio de San Jorge se prepara para imaginar su transformaci\u00f3n con la jornada titulada \u2018Mirando al futuro del barrio de San Jorge\u2019","og_description":"La sesi\u00f3n, este martes a las 18.30, analiza diversos ejemplos de buenas pr\u00e1cticas que han resultado efectivas en otras ciudades\u00a0","og_url":"https:\/\/www.laguiadepamplona.com\/actualidad\/el-barrio-de-san-jorge-se-prepara-para-imaginar-su-transformacion-con-la-jornada-titulada-mirando-al-futuro-del-barrio-de-san-jorge\/","og_site_name":"La Gu\u00eda de Pamplona","article_publisher":"https:\/\/www.facebook.com\/laguiadepamplonacom-133175176762273\/?ref=hl","article_published_time":"2024-06-10T10:06:08+00:00","og_image":[{"width":1000,"height":669,"url":"https:\/\/www.laguiadepamplona.com\/actualidad\/wp-content\/uploads\/2024\/05\/San-Jorge_0.webp","type":"image\/webp"}],"author":"La Gu\u00eda de Pamplona","twitter_card":"summary_large_image","twitter_creator":"@LaGuiadPamplona","twitter_site":"@LaGuiadPamplona","twitter_misc":{"Escrito por":"La Gu\u00eda de Pamplona","Tiempo de lectura":"2 minutos"},"schema":{"@context":"https:\/\/schema.org","@graph":[{"@type":"Article","@id":"https:\/\/www.laguiadepamplona.com\/actualidad\/el-barrio-de-san-jorge-se-prepara-para-imaginar-su-transformacion-con-la-jornada-titulada-mirando-al-futuro-del-barrio-de-san-jorge\/#article","isPartOf":{"@id":"https:\/\/www.laguiadepamplona.com\/actualidad\/el-barrio-de-san-jorge-se-prepara-para-imaginar-su-transformacion-con-la-jornada-titulada-mirando-al-futuro-del-barrio-de-san-jorge\/"},"author":{"name":"La Gu\u00eda de Pamplona","@id":"https:\/\/www.laguiadepamplona.com\/actualidad\/#\/schema\/person\/efe887376f0213d4657c93adc50b1fdb"},"headline":"El barrio de San Jorge se prepara para imaginar su transformaci\u00f3n con la jornada titulada \u2018Mirando al futuro del barrio de San Jorge\u2019","datePublished":"2024-06-10T10:06:08+00:00","mainEntityOfPage":{"@id":"https:\/\/www.laguiadepamplona.com\/actualidad\/el-barrio-de-san-jorge-se-prepara-para-imaginar-su-transformacion-con-la-jornada-titulada-mirando-al-futuro-del-barrio-de-san-jorge\/"},"wordCount":444,"commentCount":0,"publisher":{"@id":"https:\/\/www.laguiadepamplona.com\/actualidad\/#organization"},"image":{"@id":"https:\/\/www.laguiadepamplona.com\/actualidad\/el-barrio-de-san-jorge-se-prepara-para-imaginar-su-transformacion-con-la-jornada-titulada-mirando-al-futuro-del-barrio-de-san-jorge\/#primaryimage"},"thumbnailUrl":"https:\/\/www.laguiadepamplona.com\/actualidad\/wp-content\/uploads\/2024\/05\/San-Jorge_0.webp","articleSection":["Ayto Pamplona"],"inLanguage":"es","potentialAction":[{"@type":"CommentAction","name":"Comment","target":["https:\/\/www.laguiadepamplona.com\/actualidad\/el-barrio-de-san-jorge-se-prepara-para-imaginar-su-transformacion-con-la-jornada-titulada-mirando-al-futuro-del-barrio-de-san-jorge\/#respond"]}]},{"@type":"WebPage","@id":"https:\/\/www.laguiadepamplona.com\/actualidad\/el-barrio-de-san-jorge-se-prepara-para-imaginar-su-transformacion-con-la-jornada-titulada-mirando-al-futuro-del-barrio-de-san-jorge\/","url":"https:\/\/www.laguiadepamplona.com\/actualidad\/el-barrio-de-san-jorge-se-prepara-para-imaginar-su-transformacion-con-la-jornada-titulada-mirando-al-futuro-del-barrio-de-san-jorge\/","name":"El barrio de San Jorge se prepara para imaginar su transformaci\u00f3n con la jornada titulada \u2018Mirando al futuro del barrio de San Jorge\u2019","isPartOf":{"@id":"https:\/\/www.laguiadepamplona.com\/actualidad\/#website"},"primaryImageOfPage":{"@id":"https:\/\/www.laguiadepamplona.com\/actualidad\/el-barrio-de-san-jorge-se-prepara-para-imaginar-su-transformacion-con-la-jornada-titulada-mirando-al-futuro-del-barrio-de-san-jorge\/#primaryimage"},"image":{"@id":"https:\/\/www.laguiadepamplona.com\/actualidad\/el-barrio-de-san-jorge-se-prepara-para-imaginar-su-transformacion-con-la-jornada-titulada-mirando-al-futuro-del-barrio-de-san-jorge\/#primaryimage"},"thumbnailUrl":"https:\/\/www.laguiadepamplona.com\/actualidad\/wp-content\/uploads\/2024\/05\/San-Jorge_0.webp","datePublished":"2024-06-10T10:06:08+00:00","description":"La sesi\u00f3n, este martes a las 18.30, analiza diversos ejemplos de buenas pr\u00e1cticas que han resultado efectivas en otras ciudades\u00a0","breadcrumb":{"@id":"https:\/\/www.laguiadepamplona.com\/actualidad\/el-barrio-de-san-jorge-se-prepara-para-imaginar-su-transformacion-con-la-jornada-titulada-mirando-al-futuro-del-barrio-de-san-jorge\/#breadcrumb"},"inLanguage":"es","potentialAction":[{"@type":"ReadAction","target":["https:\/\/www.laguiadepamplona.com\/actualidad\/el-barrio-de-san-jorge-se-prepara-para-imaginar-su-transformacion-con-la-jornada-titulada-mirando-al-futuro-del-barrio-de-san-jorge\/"]}]},{"@type":"ImageObject","inLanguage":"es","@id":"https:\/\/www.laguiadepamplona.com\/actualidad\/el-barrio-de-san-jorge-se-prepara-para-imaginar-su-transformacion-con-la-jornada-titulada-mirando-al-futuro-del-barrio-de-san-jorge\/#primaryimage","url":"https:\/\/www.laguiadepamplona.com\/actualidad\/wp-content\/uploads\/2024\/05\/San-Jorge_0.webp","contentUrl":"https:\/\/www.laguiadepamplona.com\/actualidad\/wp-content\/uploads\/2024\/05\/San-Jorge_0.webp","width":1000,"height":669,"caption":"san jorge"},{"@type":"BreadcrumbList","@id":"https:\/\/www.laguiadepamplona.com\/actualidad\/el-barrio-de-san-jorge-se-prepara-para-imaginar-su-transformacion-con-la-jornada-titulada-mirando-al-futuro-del-barrio-de-san-jorge\/#breadcrumb","itemListElement":[{"@type":"ListItem","position":1,"name":"Portada","item":"https:\/\/www.laguiadepamplona.com\/actualidad\/"},{"@type":"ListItem","position":2,"name":"El barrio de San Jorge se prepara para imaginar su transformaci\u00f3n con la jornada titulada \u2018Mirando al futuro del barrio de San Jorge\u2019"}]},{"@type":"WebSite","@id":"https:\/\/www.laguiadepamplona.com\/actualidad\/#website","url":"https:\/\/www.laguiadepamplona.com\/actualidad\/","name":"La gu\u00eda de Pamplona","description":"Noticias de Pamplona","publisher":{"@id":"https:\/\/www.laguiadepamplona.com\/actualidad\/#organization"},"potentialAction":[{"@type":"SearchAction","target":{"@type":"EntryPoint","urlTemplate":"https:\/\/www.laguiadepamplona.com\/actualidad\/?s={search_term_string}"},"query-input":{"@type":"PropertyValueSpecification","valueRequired":true,"valueName":"search_term_string"}}],"inLanguage":"es"},{"@type":"Organization","@id":"https:\/\/www.laguiadepamplona.com\/actualidad\/#organization","name":"La Gu\u00eda de Pamplona \/ Noticias","url":"https:\/\/www.laguiadepamplona.com\/actualidad\/","logo":{"@type":"ImageObject","inLanguage":"es","@id":"https:\/\/www.laguiadepamplona.com\/actualidad\/#\/schema\/logo\/image\/","url":"https:\/\/www.laguiadepamplona.com\/actualidad\/wp-content\/uploads\/2018\/11\/logo-laguiadepamplona18-web1.png","contentUrl":"https:\/\/www.laguiadepamplona.com\/actualidad\/wp-content\/uploads\/2018\/11\/logo-laguiadepamplona18-web1.png","width":600,"height":196,"caption":"La Gu\u00eda de Pamplona \/ Noticias"},"image":{"@id":"https:\/\/www.laguiadepamplona.com\/actualidad\/#\/schema\/logo\/image\/"},"sameAs":["https:\/\/www.facebook.com\/laguiadepamplonacom-133175176762273\/?ref=hl","https:\/\/x.com\/LaGuiadPamplona","https:\/\/www.instagram.com\/la_guia_de_pamplona\/","https:\/\/www.youtube.com\/user\/laguiadepamplona"]},{"@type":"Person","@id":"https:\/\/www.laguiadepamplona.com\/actualidad\/#\/schema\/person\/efe887376f0213d4657c93adc50b1fdb","name":"La Gu\u00eda de Pamplona","image":{"@type":"ImageObject","inLanguage":"es","@id":"https:\/\/secure.gravatar.com\/avatar\/b6992f131dc8d30ab0dff15446e9d346d9dbd95992de0fef795073f5ea83a81c?s=96&d=mm&r=g","url":"https:\/\/secure.gravatar.com\/avatar\/b6992f131dc8d30ab0dff15446e9d346d9dbd95992de0fef795073f5ea83a81c?s=96&d=mm&r=g","contentUrl":"https:\/\/secure.gravatar.com\/avatar\/b6992f131dc8d30ab0dff15446e9d346d9dbd95992de0fef795073f5ea83a81c?s=96&d=mm&r=g","caption":"La Gu\u00eda de Pamplona"}}]}},"post_mailing_queue_ids":[],"_links":{"self":[{"href":"https:\/\/www.laguiadepamplona.com\/actualidad\/wp-json\/wp\/v2\/posts\/50030","targetHints":{"allow":["GET"]}}],"collection":[{"href":"https:\/\/www.laguiadepamplona.com\/actualidad\/wp-json\/wp\/v2\/posts"}],"about":[{"href":"https:\/\/www.laguiadepamplona.com\/actualidad\/wp-json\/wp\/v2\/types\/post"}],"author":[{"embeddable":true,"href":"https:\/\/www.laguiadepamplona.com\/actualidad\/wp-json\/wp\/v2\/users\/1"}],"replies":[{"embeddable":true,"href":"https:\/\/www.laguiadepamplona.com\/actualidad\/wp-json\/wp\/v2\/comments?post=50030"}],"version-history":[{"count":1,"href":"https:\/\/www.laguiadepamplona.com\/actualidad\/wp-json\/wp\/v2\/posts\/50030\/revisions"}],"predecessor-version":[{"id":50031,"href":"https:\/\/www.laguiadepamplona.com\/actualidad\/wp-json\/wp\/v2\/posts\/50030\/revisions\/50031"}],"wp:featuredmedia":[{"embeddable":true,"href":"https:\/\/www.laguiadepamplona.com\/actualidad\/wp-json\/wp\/v2\/media\/49818"}],"wp:attachment":[{"href":"https:\/\/www.laguiadepamplona.com\/actualidad\/wp-json\/wp\/v2\/media?parent=50030"}],"wp:term":[{"taxonomy":"category","embeddable":true,"href":"https:\/\/www.laguiadepamplona.com\/actualidad\/wp-json\/wp\/v2\/categories?post=50030"},{"taxonomy":"post_tag","embeddable":true,"href":"https:\/\/www.laguiadepamplona.com\/actualidad\/wp-json\/wp\/v2\/tags?post=50030"}],"curies":[{"name":"wp","href":"https:\/\/api.w.org\/{rel}","templated":true}]}}