{"id":50025,"date":"2024-06-10T12:02:49","date_gmt":"2024-06-10T10:02:49","guid":{"rendered":"https:\/\/www.laguiadepamplona.com\/actualidad\/?p=50025"},"modified":"2024-06-10T12:02:49","modified_gmt":"2024-06-10T10:02:49","slug":"la-avenida-de-la-baja-navarra-y-la-rotonda-de-san-jorge-las-zonas-con-mayor-concentracion-de-metales-pesados-en-el-aire","status":"publish","type":"post","link":"https:\/\/www.laguiadepamplona.com\/actualidad\/la-avenida-de-la-baja-navarra-y-la-rotonda-de-san-jorge-las-zonas-con-mayor-concentracion-de-metales-pesados-en-el-aire\/","title":{"rendered":"La avenida de la Baja Navarra y la rotonda de San Jorge, las zonas con mayor concentraci\u00f3n de metales pesados en el aire"},"content":{"rendered":"<h2>El Ayuntamiento ha realizado varios estudios en colaboraci\u00f3n con el Instituto de Agrobiotecnolog\u00eda del Consejo Superior de Investigaciones Cient\u00edficas<\/h2>\n<p><!--more--><\/p>\n<p>La avenida de Baja Navarra y la rotonda de San Jorge son los puntos de Pamplona con una mayor concentraci\u00f3n de metales pesados en el aire. As\u00ed lo recogen los estudios realizados por el Ayuntamiento en colaboraci\u00f3n con Instituto de Agrobiotecnolog\u00eda de Consejo Superior de Investigaciones Cient\u00edficas (IdAB-CSIC) mediante la colocaci\u00f3n de macetas en distintas rotondas de la ciudad y en ventanas y balcones de viviendas particulares. Las conclusiones de estas investigaciones reflejan la gran influencia del tr\u00e1fico y la arquitectura urbana en la concentraci\u00f3n de metales pesados en el aire. No obstante, las cifras recopiladas en Pamplona son menores que las obtenidas en otras ciudades del entorno.<\/p>\n<p>Pamplona ha desarrollado en los \u00faltimos meses dos estudios en paralelo para analizar la calidad del aire. Por un lado, quiso conocer las caracter\u00edsticas del aire en puntos estrat\u00e9gicos de la ciudad, mediante la colocaci\u00f3n de macetas en una docena de rotondas y, por otro lado, solicit\u00f3 la participaci\u00f3n ciudadana para poder analizar la calidad desde las ventanas de viviendas repartidas por toda la ciudad. En total, se plantaron 60 macetas en rotondas y se distribuyeron 57 a ciudadanos particulares. La exposici\u00f3n de las plantas al aire se realiz\u00f3 durante dos meses. Despu\u00e9s, el Instituto de Agrobiotecnolog\u00eda de Consejo Superior de Investigaciones Cient\u00edficas (IdAB-CSIC) ha analizado las part\u00edculas en suspensi\u00f3n captadas por ellas.<\/p>\n<p>En ambos estudios se ha calculado los metales pesados depositados sobre las plantas. Los metales pesados constituyen contaminantes que frecuentemente se asocian a las part\u00edculas en suspensi\u00f3n (PM2,5 y PM10), que son uno de los indicadores de calidad del aire que se utilizan, seg\u00fan el Ministerio para la Transici\u00f3n Ecol\u00f3gica y Reto Demogr\u00e1fico. Adem\u00e1s, se han utilizado estos indicadores, porque son m\u00e1s f\u00e1ciles de medir en las plantas.<\/p>\n<p>Entre las part\u00edculas en suspensi\u00f3n, se ha analizado la presencia de metales como antimonio, cobre, zinc y bario, que suelen atribuirse en ambientes urbanos a las emisiones de abrasiones de frenos y ruedas del tr\u00e1fico rodado; vanadio y n\u00edquel, procedente de la combusti\u00f3n del fueloil; y plomo, cadmio, manganeso y cobalto, vinculados a emisiones industriales, aunque tambi\u00e9n est\u00e1n vinculados al tr\u00e1fico.<\/p>\n<p><strong>M\u00e1s tr\u00e1fico, m\u00e1s contaminaci\u00f3n<\/strong><\/p>\n<p>El estudio de las macetas en rotondas ha permitido discriminar entre zonas de Pamplona con una alta concentraci\u00f3n de metales pesados, con una concentraci\u00f3n media y con una baja. Las plazas de Merindades, Pr\u00edncipe de Viana y de los Fueros, todas ellas en el eje creado por la avenida de Baja Navarra, son las que han registrado una mayor concentraci\u00f3n de metales pesados. A ellas se suma la rotonda de San Jorge. El resultado est\u00e1 directamente relacionado con la alta densidad del tr\u00e1fico en ambas zonas. No en vano, en el periodo en el que estuvieron presentes las macetas en las rotondas se detectaron 728.443 veh\u00edculos en la rotonda de San Jorge y 575.277 en la avenida de Baja Navarra.<\/p>\n<p>En espacios m\u00e1s abiertos, y con menor densidad de tr\u00e1fico, los resultados son mejores. De hecho, la concentraci\u00f3n de metales pesados es baja en el entorno de la calle Monjard\u00edn con la avenida de Juan Pablo II; en los jardines de la Taconera y en el Soto de Lezkairu, en la rotonda entre la avenida de Catalu\u00f1a y la calle Valle de Eg\u00fc\u00e9s. En un punto intermedio se encuentran zonas como la Milagrosa (en el entorno de la avenida de Zaragoza), la avenida de P\u00edo XII, Mendillorri o el barrio de San Juan, donde se ha detectado una concentraci\u00f3n media de metales pesados.<\/p>\n<p><strong>Macetas en los hogares<\/strong><\/p>\n<p>Frente a estos datos, captados a pie de calle en rotondas ubicadas en v\u00edas de tr\u00e1fico rodado, los obtenidos en las ventanas son m\u00e1s amables. De hecho, las tasas de metales pesados obtenidas son notablemente inferiores, lo que confirma que la distancia frente a los veh\u00edculos de combusti\u00f3n es un punto clave de calidad del aire.<\/p>\n<p>Los resultados obtenidos reflejan que la mayor concentraci\u00f3n de metales pesados en el aire se ha detectado en zonas con alta densidad de tr\u00e1fico, como la avenida de Zaragoza, las calles Aralar y Bergam\u00edn, en el Ensanche; la Vuelta de Aranzadi y la calle Manuel Iribarren en el barrio de Ermitaga\u00f1a. Los valores detectados en estas zonas son, con todo, notablemente inferiores a los detectados en estudios similares llevados a cabo en Bilbao y San Sebasti\u00e1n. En l\u00edneas generales, los valores m\u00e1s bajos se han detectado en plantas situadas en espacios abiertos y sin tr\u00e1fico denso en la cercan\u00eda.<\/p>\n<p>Todos estos datos servir\u00e1n para adoptar medidas y tomar conciencia de la importancia de la calidad del aire. En este sentido, la Organizaci\u00f3n Mundial de la Salud recalca que la contaminaci\u00f3n del aire es uno de los mayores riesgos ambientales que existen para la salud. Mediante la disminuci\u00f3n de los niveles de contaminaci\u00f3n del aire los pa\u00edses pueden reducir la carga de morbilidad derivada de accidentes cerebrovasculares, cardiopat\u00edas, c\u00e1nceres de pulm\u00f3n y neumopat\u00edas cr\u00f3nicas y agudas, entre ellas el asma. Por ello es importante transitar hacia una movilidad sostenible, reduciendo el uso del coche privado y apostando por medios de trasporte sostenible como la bici o el transporte p\u00fablico.<\/p>\n","protected":false},"excerpt":{"rendered":"<p>El Ayuntamiento ha realizado varios estudios en colaboraci\u00f3n con el Instituto de Agrobiotecnolog\u00eda del Consejo Superior de Investigaciones Cient\u00edficas<\/p>\n","protected":false},"author":1,"featured_media":50026,"comment_status":"open","ping_status":"closed","sticky":false,"template":"","format":"standard","meta":{"footnotes":""},"categories":[2],"tags":[],"class_list":["post-50025","post","type-post","status-publish","format-standard","has-post-thumbnail","hentry","category-ayuntamiento-pamplona"],"yoast_head":"<!-- This site is optimized with the Yoast SEO plugin v27.3 - https:\/\/yoast.com\/product\/yoast-seo-wordpress\/ -->\n<title>La avenida de la Baja Navarra y la rotonda de San Jorge, las zonas con mayor concentraci\u00f3n de metales pesados en el aire<\/title>\n<meta name=\"description\" content=\"El Ayuntamiento ha realizado varios estudios en colaboraci\u00f3n con el Instituto de Agrobiotecnolog\u00eda del Consejo Superior de Investigaciones Cient\u00edficas\" \/>\n<meta name=\"robots\" content=\"index, follow, max-snippet:-1, max-image-preview:large, max-video-preview:-1\" \/>\n<link rel=\"canonical\" href=\"https:\/\/www.laguiadepamplona.com\/actualidad\/la-avenida-de-la-baja-navarra-y-la-rotonda-de-san-jorge-las-zonas-con-mayor-concentracion-de-metales-pesados-en-el-aire\/\" \/>\n<meta property=\"og:locale\" content=\"es_ES\" \/>\n<meta property=\"og:type\" content=\"article\" \/>\n<meta property=\"og:title\" content=\"La avenida de la Baja Navarra y la rotonda de San Jorge, las zonas con mayor concentraci\u00f3n de metales pesados en el aire\" \/>\n<meta property=\"og:description\" content=\"El Ayuntamiento ha realizado varios estudios en colaboraci\u00f3n con el Instituto de Agrobiotecnolog\u00eda del Consejo Superior de Investigaciones Cient\u00edficas\" \/>\n<meta property=\"og:url\" content=\"https:\/\/www.laguiadepamplona.com\/actualidad\/la-avenida-de-la-baja-navarra-y-la-rotonda-de-san-jorge-las-zonas-con-mayor-concentracion-de-metales-pesados-en-el-aire\/\" \/>\n<meta property=\"og:site_name\" content=\"La Gu\u00eda de Pamplona\" \/>\n<meta property=\"article:publisher\" content=\"https:\/\/www.facebook.com\/laguiadepamplonacom-133175176762273\/?ref=hl\" \/>\n<meta property=\"article:published_time\" content=\"2024-06-10T10:02:49+00:00\" \/>\n<meta property=\"og:image\" content=\"https:\/\/www.laguiadepamplona.com\/actualidad\/wp-content\/uploads\/2024\/06\/macetas_web_1.webp\" \/>\n\t<meta property=\"og:image:width\" content=\"1000\" \/>\n\t<meta property=\"og:image:height\" content=\"667\" \/>\n\t<meta property=\"og:image:type\" content=\"image\/webp\" \/>\n<meta name=\"author\" content=\"La Gu\u00eda de Pamplona\" \/>\n<meta name=\"twitter:card\" content=\"summary_large_image\" \/>\n<meta name=\"twitter:creator\" content=\"@LaGuiadPamplona\" \/>\n<meta name=\"twitter:site\" content=\"@LaGuiadPamplona\" \/>\n<meta name=\"twitter:label1\" content=\"Escrito por\" \/>\n\t<meta name=\"twitter:data1\" content=\"La Gu\u00eda de Pamplona\" \/>\n\t<meta name=\"twitter:label2\" content=\"Tiempo de lectura\" \/>\n\t<meta name=\"twitter:data2\" content=\"5 minutos\" \/>\n<script type=\"application\/ld+json\" class=\"yoast-schema-graph\">{\"@context\":\"https:\\\/\\\/schema.org\",\"@graph\":[{\"@type\":\"Article\",\"@id\":\"https:\\\/\\\/www.laguiadepamplona.com\\\/actualidad\\\/la-avenida-de-la-baja-navarra-y-la-rotonda-de-san-jorge-las-zonas-con-mayor-concentracion-de-metales-pesados-en-el-aire\\\/#article\",\"isPartOf\":{\"@id\":\"https:\\\/\\\/www.laguiadepamplona.com\\\/actualidad\\\/la-avenida-de-la-baja-navarra-y-la-rotonda-de-san-jorge-las-zonas-con-mayor-concentracion-de-metales-pesados-en-el-aire\\\/\"},\"author\":{\"name\":\"La Gu\u00eda de Pamplona\",\"@id\":\"https:\\\/\\\/www.laguiadepamplona.com\\\/actualidad\\\/#\\\/schema\\\/person\\\/efe887376f0213d4657c93adc50b1fdb\"},\"headline\":\"La avenida de la Baja Navarra y la rotonda de San Jorge, las zonas con mayor concentraci\u00f3n de metales pesados en el aire\",\"datePublished\":\"2024-06-10T10:02:49+00:00\",\"mainEntityOfPage\":{\"@id\":\"https:\\\/\\\/www.laguiadepamplona.com\\\/actualidad\\\/la-avenida-de-la-baja-navarra-y-la-rotonda-de-san-jorge-las-zonas-con-mayor-concentracion-de-metales-pesados-en-el-aire\\\/\"},\"wordCount\":965,\"commentCount\":0,\"publisher\":{\"@id\":\"https:\\\/\\\/www.laguiadepamplona.com\\\/actualidad\\\/#organization\"},\"image\":{\"@id\":\"https:\\\/\\\/www.laguiadepamplona.com\\\/actualidad\\\/la-avenida-de-la-baja-navarra-y-la-rotonda-de-san-jorge-las-zonas-con-mayor-concentracion-de-metales-pesados-en-el-aire\\\/#primaryimage\"},\"thumbnailUrl\":\"https:\\\/\\\/www.laguiadepamplona.com\\\/actualidad\\\/wp-content\\\/uploads\\\/2024\\\/06\\\/macetas_web_1.webp\",\"articleSection\":[\"Ayto Pamplona\"],\"inLanguage\":\"es\",\"potentialAction\":[{\"@type\":\"CommentAction\",\"name\":\"Comment\",\"target\":[\"https:\\\/\\\/www.laguiadepamplona.com\\\/actualidad\\\/la-avenida-de-la-baja-navarra-y-la-rotonda-de-san-jorge-las-zonas-con-mayor-concentracion-de-metales-pesados-en-el-aire\\\/#respond\"]}]},{\"@type\":\"WebPage\",\"@id\":\"https:\\\/\\\/www.laguiadepamplona.com\\\/actualidad\\\/la-avenida-de-la-baja-navarra-y-la-rotonda-de-san-jorge-las-zonas-con-mayor-concentracion-de-metales-pesados-en-el-aire\\\/\",\"url\":\"https:\\\/\\\/www.laguiadepamplona.com\\\/actualidad\\\/la-avenida-de-la-baja-navarra-y-la-rotonda-de-san-jorge-las-zonas-con-mayor-concentracion-de-metales-pesados-en-el-aire\\\/\",\"name\":\"La avenida de la Baja Navarra y la rotonda de San Jorge, las zonas con mayor concentraci\u00f3n de metales pesados en el aire\",\"isPartOf\":{\"@id\":\"https:\\\/\\\/www.laguiadepamplona.com\\\/actualidad\\\/#website\"},\"primaryImageOfPage\":{\"@id\":\"https:\\\/\\\/www.laguiadepamplona.com\\\/actualidad\\\/la-avenida-de-la-baja-navarra-y-la-rotonda-de-san-jorge-las-zonas-con-mayor-concentracion-de-metales-pesados-en-el-aire\\\/#primaryimage\"},\"image\":{\"@id\":\"https:\\\/\\\/www.laguiadepamplona.com\\\/actualidad\\\/la-avenida-de-la-baja-navarra-y-la-rotonda-de-san-jorge-las-zonas-con-mayor-concentracion-de-metales-pesados-en-el-aire\\\/#primaryimage\"},\"thumbnailUrl\":\"https:\\\/\\\/www.laguiadepamplona.com\\\/actualidad\\\/wp-content\\\/uploads\\\/2024\\\/06\\\/macetas_web_1.webp\",\"datePublished\":\"2024-06-10T10:02:49+00:00\",\"description\":\"El Ayuntamiento ha realizado varios estudios en colaboraci\u00f3n con el Instituto de Agrobiotecnolog\u00eda del Consejo Superior de Investigaciones Cient\u00edficas\",\"breadcrumb\":{\"@id\":\"https:\\\/\\\/www.laguiadepamplona.com\\\/actualidad\\\/la-avenida-de-la-baja-navarra-y-la-rotonda-de-san-jorge-las-zonas-con-mayor-concentracion-de-metales-pesados-en-el-aire\\\/#breadcrumb\"},\"inLanguage\":\"es\",\"potentialAction\":[{\"@type\":\"ReadAction\",\"target\":[\"https:\\\/\\\/www.laguiadepamplona.com\\\/actualidad\\\/la-avenida-de-la-baja-navarra-y-la-rotonda-de-san-jorge-las-zonas-con-mayor-concentracion-de-metales-pesados-en-el-aire\\\/\"]}]},{\"@type\":\"ImageObject\",\"inLanguage\":\"es\",\"@id\":\"https:\\\/\\\/www.laguiadepamplona.com\\\/actualidad\\\/la-avenida-de-la-baja-navarra-y-la-rotonda-de-san-jorge-las-zonas-con-mayor-concentracion-de-metales-pesados-en-el-aire\\\/#primaryimage\",\"url\":\"https:\\\/\\\/www.laguiadepamplona.com\\\/actualidad\\\/wp-content\\\/uploads\\\/2024\\\/06\\\/macetas_web_1.webp\",\"contentUrl\":\"https:\\\/\\\/www.laguiadepamplona.com\\\/actualidad\\\/wp-content\\\/uploads\\\/2024\\\/06\\\/macetas_web_1.webp\",\"width\":1000,\"height\":667,\"caption\":\"macetas\"},{\"@type\":\"BreadcrumbList\",\"@id\":\"https:\\\/\\\/www.laguiadepamplona.com\\\/actualidad\\\/la-avenida-de-la-baja-navarra-y-la-rotonda-de-san-jorge-las-zonas-con-mayor-concentracion-de-metales-pesados-en-el-aire\\\/#breadcrumb\",\"itemListElement\":[{\"@type\":\"ListItem\",\"position\":1,\"name\":\"Portada\",\"item\":\"https:\\\/\\\/www.laguiadepamplona.com\\\/actualidad\\\/\"},{\"@type\":\"ListItem\",\"position\":2,\"name\":\"La avenida de la Baja Navarra y la rotonda de San Jorge, las zonas con mayor concentraci\u00f3n de metales pesados en el aire\"}]},{\"@type\":\"WebSite\",\"@id\":\"https:\\\/\\\/www.laguiadepamplona.com\\\/actualidad\\\/#website\",\"url\":\"https:\\\/\\\/www.laguiadepamplona.com\\\/actualidad\\\/\",\"name\":\"La gu\u00eda de Pamplona\",\"description\":\"Noticias de Pamplona\",\"publisher\":{\"@id\":\"https:\\\/\\\/www.laguiadepamplona.com\\\/actualidad\\\/#organization\"},\"potentialAction\":[{\"@type\":\"SearchAction\",\"target\":{\"@type\":\"EntryPoint\",\"urlTemplate\":\"https:\\\/\\\/www.laguiadepamplona.com\\\/actualidad\\\/?s={search_term_string}\"},\"query-input\":{\"@type\":\"PropertyValueSpecification\",\"valueRequired\":true,\"valueName\":\"search_term_string\"}}],\"inLanguage\":\"es\"},{\"@type\":\"Organization\",\"@id\":\"https:\\\/\\\/www.laguiadepamplona.com\\\/actualidad\\\/#organization\",\"name\":\"La Gu\u00eda de Pamplona \\\/ Noticias\",\"url\":\"https:\\\/\\\/www.laguiadepamplona.com\\\/actualidad\\\/\",\"logo\":{\"@type\":\"ImageObject\",\"inLanguage\":\"es\",\"@id\":\"https:\\\/\\\/www.laguiadepamplona.com\\\/actualidad\\\/#\\\/schema\\\/logo\\\/image\\\/\",\"url\":\"https:\\\/\\\/www.laguiadepamplona.com\\\/actualidad\\\/wp-content\\\/uploads\\\/2018\\\/11\\\/logo-laguiadepamplona18-web1.png\",\"contentUrl\":\"https:\\\/\\\/www.laguiadepamplona.com\\\/actualidad\\\/wp-content\\\/uploads\\\/2018\\\/11\\\/logo-laguiadepamplona18-web1.png\",\"width\":600,\"height\":196,\"caption\":\"La Gu\u00eda de Pamplona \\\/ Noticias\"},\"image\":{\"@id\":\"https:\\\/\\\/www.laguiadepamplona.com\\\/actualidad\\\/#\\\/schema\\\/logo\\\/image\\\/\"},\"sameAs\":[\"https:\\\/\\\/www.facebook.com\\\/laguiadepamplonacom-133175176762273\\\/?ref=hl\",\"https:\\\/\\\/x.com\\\/LaGuiadPamplona\",\"https:\\\/\\\/www.instagram.com\\\/la_guia_de_pamplona\\\/\",\"https:\\\/\\\/www.youtube.com\\\/user\\\/laguiadepamplona\"]},{\"@type\":\"Person\",\"@id\":\"https:\\\/\\\/www.laguiadepamplona.com\\\/actualidad\\\/#\\\/schema\\\/person\\\/efe887376f0213d4657c93adc50b1fdb\",\"name\":\"La Gu\u00eda de Pamplona\",\"image\":{\"@type\":\"ImageObject\",\"inLanguage\":\"es\",\"@id\":\"https:\\\/\\\/secure.gravatar.com\\\/avatar\\\/b6992f131dc8d30ab0dff15446e9d346d9dbd95992de0fef795073f5ea83a81c?s=96&d=mm&r=g\",\"url\":\"https:\\\/\\\/secure.gravatar.com\\\/avatar\\\/b6992f131dc8d30ab0dff15446e9d346d9dbd95992de0fef795073f5ea83a81c?s=96&d=mm&r=g\",\"contentUrl\":\"https:\\\/\\\/secure.gravatar.com\\\/avatar\\\/b6992f131dc8d30ab0dff15446e9d346d9dbd95992de0fef795073f5ea83a81c?s=96&d=mm&r=g\",\"caption\":\"La Gu\u00eda de Pamplona\"}}]}<\/script>\n<!-- \/ Yoast SEO plugin. -->","yoast_head_json":{"title":"La avenida de la Baja Navarra y la rotonda de San Jorge, las zonas con mayor concentraci\u00f3n de metales pesados en el aire","description":"El Ayuntamiento ha realizado varios estudios en colaboraci\u00f3n con el Instituto de Agrobiotecnolog\u00eda del Consejo Superior de Investigaciones Cient\u00edficas","robots":{"index":"index","follow":"follow","max-snippet":"max-snippet:-1","max-image-preview":"max-image-preview:large","max-video-preview":"max-video-preview:-1"},"canonical":"https:\/\/www.laguiadepamplona.com\/actualidad\/la-avenida-de-la-baja-navarra-y-la-rotonda-de-san-jorge-las-zonas-con-mayor-concentracion-de-metales-pesados-en-el-aire\/","og_locale":"es_ES","og_type":"article","og_title":"La avenida de la Baja Navarra y la rotonda de San Jorge, las zonas con mayor concentraci\u00f3n de metales pesados en el aire","og_description":"El Ayuntamiento ha realizado varios estudios en colaboraci\u00f3n con el Instituto de Agrobiotecnolog\u00eda del Consejo Superior de Investigaciones Cient\u00edficas","og_url":"https:\/\/www.laguiadepamplona.com\/actualidad\/la-avenida-de-la-baja-navarra-y-la-rotonda-de-san-jorge-las-zonas-con-mayor-concentracion-de-metales-pesados-en-el-aire\/","og_site_name":"La Gu\u00eda de Pamplona","article_publisher":"https:\/\/www.facebook.com\/laguiadepamplonacom-133175176762273\/?ref=hl","article_published_time":"2024-06-10T10:02:49+00:00","og_image":[{"width":1000,"height":667,"url":"https:\/\/www.laguiadepamplona.com\/actualidad\/wp-content\/uploads\/2024\/06\/macetas_web_1.webp","type":"image\/webp"}],"author":"La Gu\u00eda de Pamplona","twitter_card":"summary_large_image","twitter_creator":"@LaGuiadPamplona","twitter_site":"@LaGuiadPamplona","twitter_misc":{"Escrito por":"La Gu\u00eda de Pamplona","Tiempo de lectura":"5 minutos"},"schema":{"@context":"https:\/\/schema.org","@graph":[{"@type":"Article","@id":"https:\/\/www.laguiadepamplona.com\/actualidad\/la-avenida-de-la-baja-navarra-y-la-rotonda-de-san-jorge-las-zonas-con-mayor-concentracion-de-metales-pesados-en-el-aire\/#article","isPartOf":{"@id":"https:\/\/www.laguiadepamplona.com\/actualidad\/la-avenida-de-la-baja-navarra-y-la-rotonda-de-san-jorge-las-zonas-con-mayor-concentracion-de-metales-pesados-en-el-aire\/"},"author":{"name":"La Gu\u00eda de Pamplona","@id":"https:\/\/www.laguiadepamplona.com\/actualidad\/#\/schema\/person\/efe887376f0213d4657c93adc50b1fdb"},"headline":"La avenida de la Baja Navarra y la rotonda de San Jorge, las zonas con mayor concentraci\u00f3n de metales pesados en el aire","datePublished":"2024-06-10T10:02:49+00:00","mainEntityOfPage":{"@id":"https:\/\/www.laguiadepamplona.com\/actualidad\/la-avenida-de-la-baja-navarra-y-la-rotonda-de-san-jorge-las-zonas-con-mayor-concentracion-de-metales-pesados-en-el-aire\/"},"wordCount":965,"commentCount":0,"publisher":{"@id":"https:\/\/www.laguiadepamplona.com\/actualidad\/#organization"},"image":{"@id":"https:\/\/www.laguiadepamplona.com\/actualidad\/la-avenida-de-la-baja-navarra-y-la-rotonda-de-san-jorge-las-zonas-con-mayor-concentracion-de-metales-pesados-en-el-aire\/#primaryimage"},"thumbnailUrl":"https:\/\/www.laguiadepamplona.com\/actualidad\/wp-content\/uploads\/2024\/06\/macetas_web_1.webp","articleSection":["Ayto Pamplona"],"inLanguage":"es","potentialAction":[{"@type":"CommentAction","name":"Comment","target":["https:\/\/www.laguiadepamplona.com\/actualidad\/la-avenida-de-la-baja-navarra-y-la-rotonda-de-san-jorge-las-zonas-con-mayor-concentracion-de-metales-pesados-en-el-aire\/#respond"]}]},{"@type":"WebPage","@id":"https:\/\/www.laguiadepamplona.com\/actualidad\/la-avenida-de-la-baja-navarra-y-la-rotonda-de-san-jorge-las-zonas-con-mayor-concentracion-de-metales-pesados-en-el-aire\/","url":"https:\/\/www.laguiadepamplona.com\/actualidad\/la-avenida-de-la-baja-navarra-y-la-rotonda-de-san-jorge-las-zonas-con-mayor-concentracion-de-metales-pesados-en-el-aire\/","name":"La avenida de la Baja Navarra y la rotonda de San Jorge, las zonas con mayor concentraci\u00f3n de metales pesados en el aire","isPartOf":{"@id":"https:\/\/www.laguiadepamplona.com\/actualidad\/#website"},"primaryImageOfPage":{"@id":"https:\/\/www.laguiadepamplona.com\/actualidad\/la-avenida-de-la-baja-navarra-y-la-rotonda-de-san-jorge-las-zonas-con-mayor-concentracion-de-metales-pesados-en-el-aire\/#primaryimage"},"image":{"@id":"https:\/\/www.laguiadepamplona.com\/actualidad\/la-avenida-de-la-baja-navarra-y-la-rotonda-de-san-jorge-las-zonas-con-mayor-concentracion-de-metales-pesados-en-el-aire\/#primaryimage"},"thumbnailUrl":"https:\/\/www.laguiadepamplona.com\/actualidad\/wp-content\/uploads\/2024\/06\/macetas_web_1.webp","datePublished":"2024-06-10T10:02:49+00:00","description":"El Ayuntamiento ha realizado varios estudios en colaboraci\u00f3n con el Instituto de Agrobiotecnolog\u00eda del Consejo Superior de Investigaciones Cient\u00edficas","breadcrumb":{"@id":"https:\/\/www.laguiadepamplona.com\/actualidad\/la-avenida-de-la-baja-navarra-y-la-rotonda-de-san-jorge-las-zonas-con-mayor-concentracion-de-metales-pesados-en-el-aire\/#breadcrumb"},"inLanguage":"es","potentialAction":[{"@type":"ReadAction","target":["https:\/\/www.laguiadepamplona.com\/actualidad\/la-avenida-de-la-baja-navarra-y-la-rotonda-de-san-jorge-las-zonas-con-mayor-concentracion-de-metales-pesados-en-el-aire\/"]}]},{"@type":"ImageObject","inLanguage":"es","@id":"https:\/\/www.laguiadepamplona.com\/actualidad\/la-avenida-de-la-baja-navarra-y-la-rotonda-de-san-jorge-las-zonas-con-mayor-concentracion-de-metales-pesados-en-el-aire\/#primaryimage","url":"https:\/\/www.laguiadepamplona.com\/actualidad\/wp-content\/uploads\/2024\/06\/macetas_web_1.webp","contentUrl":"https:\/\/www.laguiadepamplona.com\/actualidad\/wp-content\/uploads\/2024\/06\/macetas_web_1.webp","width":1000,"height":667,"caption":"macetas"},{"@type":"BreadcrumbList","@id":"https:\/\/www.laguiadepamplona.com\/actualidad\/la-avenida-de-la-baja-navarra-y-la-rotonda-de-san-jorge-las-zonas-con-mayor-concentracion-de-metales-pesados-en-el-aire\/#breadcrumb","itemListElement":[{"@type":"ListItem","position":1,"name":"Portada","item":"https:\/\/www.laguiadepamplona.com\/actualidad\/"},{"@type":"ListItem","position":2,"name":"La avenida de la Baja Navarra y la rotonda de San Jorge, las zonas con mayor concentraci\u00f3n de metales pesados en el aire"}]},{"@type":"WebSite","@id":"https:\/\/www.laguiadepamplona.com\/actualidad\/#website","url":"https:\/\/www.laguiadepamplona.com\/actualidad\/","name":"La gu\u00eda de Pamplona","description":"Noticias de Pamplona","publisher":{"@id":"https:\/\/www.laguiadepamplona.com\/actualidad\/#organization"},"potentialAction":[{"@type":"SearchAction","target":{"@type":"EntryPoint","urlTemplate":"https:\/\/www.laguiadepamplona.com\/actualidad\/?s={search_term_string}"},"query-input":{"@type":"PropertyValueSpecification","valueRequired":true,"valueName":"search_term_string"}}],"inLanguage":"es"},{"@type":"Organization","@id":"https:\/\/www.laguiadepamplona.com\/actualidad\/#organization","name":"La Gu\u00eda de Pamplona \/ Noticias","url":"https:\/\/www.laguiadepamplona.com\/actualidad\/","logo":{"@type":"ImageObject","inLanguage":"es","@id":"https:\/\/www.laguiadepamplona.com\/actualidad\/#\/schema\/logo\/image\/","url":"https:\/\/www.laguiadepamplona.com\/actualidad\/wp-content\/uploads\/2018\/11\/logo-laguiadepamplona18-web1.png","contentUrl":"https:\/\/www.laguiadepamplona.com\/actualidad\/wp-content\/uploads\/2018\/11\/logo-laguiadepamplona18-web1.png","width":600,"height":196,"caption":"La Gu\u00eda de Pamplona \/ Noticias"},"image":{"@id":"https:\/\/www.laguiadepamplona.com\/actualidad\/#\/schema\/logo\/image\/"},"sameAs":["https:\/\/www.facebook.com\/laguiadepamplonacom-133175176762273\/?ref=hl","https:\/\/x.com\/LaGuiadPamplona","https:\/\/www.instagram.com\/la_guia_de_pamplona\/","https:\/\/www.youtube.com\/user\/laguiadepamplona"]},{"@type":"Person","@id":"https:\/\/www.laguiadepamplona.com\/actualidad\/#\/schema\/person\/efe887376f0213d4657c93adc50b1fdb","name":"La Gu\u00eda de Pamplona","image":{"@type":"ImageObject","inLanguage":"es","@id":"https:\/\/secure.gravatar.com\/avatar\/b6992f131dc8d30ab0dff15446e9d346d9dbd95992de0fef795073f5ea83a81c?s=96&d=mm&r=g","url":"https:\/\/secure.gravatar.com\/avatar\/b6992f131dc8d30ab0dff15446e9d346d9dbd95992de0fef795073f5ea83a81c?s=96&d=mm&r=g","contentUrl":"https:\/\/secure.gravatar.com\/avatar\/b6992f131dc8d30ab0dff15446e9d346d9dbd95992de0fef795073f5ea83a81c?s=96&d=mm&r=g","caption":"La Gu\u00eda de Pamplona"}}]}},"post_mailing_queue_ids":[],"_links":{"self":[{"href":"https:\/\/www.laguiadepamplona.com\/actualidad\/wp-json\/wp\/v2\/posts\/50025","targetHints":{"allow":["GET"]}}],"collection":[{"href":"https:\/\/www.laguiadepamplona.com\/actualidad\/wp-json\/wp\/v2\/posts"}],"about":[{"href":"https:\/\/www.laguiadepamplona.com\/actualidad\/wp-json\/wp\/v2\/types\/post"}],"author":[{"embeddable":true,"href":"https:\/\/www.laguiadepamplona.com\/actualidad\/wp-json\/wp\/v2\/users\/1"}],"replies":[{"embeddable":true,"href":"https:\/\/www.laguiadepamplona.com\/actualidad\/wp-json\/wp\/v2\/comments?post=50025"}],"version-history":[{"count":1,"href":"https:\/\/www.laguiadepamplona.com\/actualidad\/wp-json\/wp\/v2\/posts\/50025\/revisions"}],"predecessor-version":[{"id":50027,"href":"https:\/\/www.laguiadepamplona.com\/actualidad\/wp-json\/wp\/v2\/posts\/50025\/revisions\/50027"}],"wp:featuredmedia":[{"embeddable":true,"href":"https:\/\/www.laguiadepamplona.com\/actualidad\/wp-json\/wp\/v2\/media\/50026"}],"wp:attachment":[{"href":"https:\/\/www.laguiadepamplona.com\/actualidad\/wp-json\/wp\/v2\/media?parent=50025"}],"wp:term":[{"taxonomy":"category","embeddable":true,"href":"https:\/\/www.laguiadepamplona.com\/actualidad\/wp-json\/wp\/v2\/categories?post=50025"},{"taxonomy":"post_tag","embeddable":true,"href":"https:\/\/www.laguiadepamplona.com\/actualidad\/wp-json\/wp\/v2\/tags?post=50025"}],"curies":[{"name":"wp","href":"https:\/\/api.w.org\/{rel}","templated":true}]}}