{"id":50020,"date":"2024-06-10T11:57:47","date_gmt":"2024-06-10T09:57:47","guid":{"rendered":"https:\/\/www.laguiadepamplona.com\/actualidad\/?p=50020"},"modified":"2024-06-10T11:57:47","modified_gmt":"2024-06-10T09:57:47","slug":"pamplona-destina-dos-millones-para-vivienda-asequible-en-descalzos-y-jarauta-y-para-los-proyectos-de-recuperacion-de-la-plaza-de-santa-ana-y-los-cines-guelbenzu","status":"publish","type":"post","link":"https:\/\/www.laguiadepamplona.com\/actualidad\/pamplona-destina-dos-millones-para-vivienda-asequible-en-descalzos-y-jarauta-y-para-los-proyectos-de-recuperacion-de-la-plaza-de-santa-ana-y-los-cines-guelbenzu\/","title":{"rendered":"Pamplona destina dos millones para vivienda asequible en Descalzos y Jarauta y para los proyectos de recuperaci\u00f3n de la plaza de Santa Ana y los cines Guelbenzu"},"content":{"rendered":"<h2>Ligados al Plan de Vivienda Asequible, se destinan otros 2 millones para subvenciones a rehabilitaci\u00f3n de edificios que, por primera vez, se extienden a toda la ciudad<\/h2>\n<p><!--more--><\/p>\n<p>La aprobaci\u00f3n en Pleno el pasado jueves de la modificaci\u00f3n presupuestaria vinculada a los remanentes de tesorer\u00eda ha ampliado la cuant\u00eda de partidas relacionadas con el Plan de Vivienda Asequible de Pamplona y con las ayudas a la rehabilitaci\u00f3n. El Ayuntamiento de Pamplona cuenta con 4 millones de euros, divididos en dos partidas de 2 millones cada una, que se destinar\u00e1n, por un lado, a actuaciones de regeneraci\u00f3n urbana y proyectos de vivienda asequible en el Casco Antiguo y La Milagrosa, y, por otro lado, a la convocatoria de subvenciones a la rehabilitaci\u00f3n que este a\u00f1o se ampl\u00eda a edificios de todos los barrios de la ciudad.<\/p>\n<p>El concejal delegado de Gobierno Estrat\u00e9gico, Urbanismo, Vivienda y Agenda 2030, Joxe Abaurrea, ha recordado esta ma\u00f1ana que las actuaciones que se financiar\u00e1n con estos 4 millones de euros forman parte del Plan Municipal de Vivienda Asequible de Pamplona presentado el pasado mes de febrero. El plan se articula en cuatro bloques concretos: gesti\u00f3n social y sostenible del suelo municipal; nueva planificaci\u00f3n urban\u00edstica; zonas residenciales tensionadas y emergencia: y rehabilitaci\u00f3n, regeneraci\u00f3n urbana, vivienda vac\u00eda y solares privados sin edificar. Las actuaciones ahora presupuestadas se refieren a este \u00faltimo bloque y la dotaci\u00f3n asignada se relaciona directamente con los remanentes de tesorer\u00eda aprobados el jueves.<\/p>\n<p><strong>Viviendas asequibles, regeneraci\u00f3n urbana en Casco Antiguo<\/strong><\/p>\n<p>La primera de las partidas importantes, valorada en dos millones de euros, se articula como una transferencia de fondos a la sociedad municipal Pamplona Centro Hist\u00f3rico (PCH-IB). A trav\u00e9s de ella se busca dar respuesta a la necesidad existente para disponer de fondos para poder acometer las inversiones previstas en su plan de actuaci\u00f3n. En concreto, PCH-IB est\u00e1 trabajando en la promoci\u00f3n de trece viviendas para realojos destinadas al vecindario del Casco Antiguo en la calle Descalzos, en los n\u00fameros 55 y 61. Actualmente, se est\u00e1 tramitando la licencia de obras con informes preceptivos positivos, a falta de la que debe emitir el departamento de Vivienda del Gobierno de Navarra. Se espera que las obras para el desarrollo de ese proyecto se puedan adjudicar en el mes de diciembre, con un presupuesto estimado de 2,5 millones de los que este a\u00f1o se imputar\u00e1n unos 1,7 millones.<\/p>\n<p>Asimismo, se prev\u00e9 la redacci\u00f3n de un anteproyecto con estudio de paisaje urbano previo que ayude a que las actuaciones previstas para los edificios de viviendas situadas en la calle Jarauta, entre los n\u00fameros 7 a 21. El objetivo es que las obras de recuperaci\u00f3n que se acometan all\u00e1 se hagan con el mayor cuidado y respeto posible a la escena urbana del Casco Antiguo. Se busca lograr una propuesta que ponga en valor ese paisaje urbano en el marco de una ambiciosa intervenci\u00f3n de regeneraci\u00f3n urbana, y que ofrezca la posibilidad de ejecutar acciones en los bloques de viviendas citados, planific\u00e1ndolas en distintas fases. Para esta importante intervenci\u00f3n se han realizado reuniones de coordinaci\u00f3n interdepartamental en las que se ha valorado a\u00f1adir estudios de impacto de g\u00e9nero, medioambiental, de movilidad o de aeron\u00e1utica para completar la documentaci\u00f3n necesaria en el expediente. El c\u00e1lculo de inversi\u00f3n para financiar este anteproyecto se eleva a 55.000 y el plazo de entrega se sit\u00faa en 6 meses.<\/p>\n<p>Tambi\u00e9n como encargo a PCH-IB se est\u00e1 llevando a cabo el proceso participativo para el codise\u00f1o de la plaza de Santa Ana. Este proceso incluye diversas fases, entre ellas, un concurso de ideas que se financiar\u00e1 con estos remanentes y que prev\u00e9 iniciar antes de finalizar el a\u00f1o. El presupuesto estimado de esta actuaci\u00f3n alcanza un m\u00e1ximo de 50.000 euros.<\/p>\n<p><strong>Nueva oficina de PCH en La Milagrosa y renovaci\u00f3n de Efidistrict en Txantrea<\/strong><\/p>\n<p>Por otra parte, y tambi\u00e9n con cargo a esta partida se prev\u00e9n dos grandes proyectos para el barrio de La Milagrosa. En primer lugar, se realizar\u00e1 el encargo de la redacci\u00f3n del proyecto de rehabilitaci\u00f3n de los antiguos cines Guelbenzu que acoger\u00e1n el civivox del barrio (el presupuesto estimado es de 100.000 euros). En segundo lugar, se prev\u00e9 financiar a cuenta de esta partida la puesta en marcha de la oficina de proximidad del barrio de Milagrosa, una oficina que estar\u00e1 situada en el n\u00famero 2 de la calle Manuel de Falla, se prev\u00e9 que est\u00e9 abierta en oto\u00f1o y ser\u00e1 directamente gestionada por la sociedad municipal Pamplona Centro Hist\u00f3rico. La tarea de esta nueva oficina ser\u00e1 el impulso y el asesoramiento sobre rehabilitaci\u00f3n, regeneraci\u00f3n urbana y transici\u00f3n energ\u00e9tica en el barrio la Milagrosa. Esta infraestructura pretende combinar un nuevo modelo en formato de ventanilla \u00fanica, adem\u00e1s de ser referencia y estar al servicio del barrio y de su \u00e1mbito de influencia (Arrosadia, Santa Mar\u00eda la Real y Azpilaga\u00f1a).<\/p>\n<p>Asimismo, se va a renovar el convenio municipal del proyecto conocido como Efidistrict en Txantrea con la oficina gestionada por Nasuvinsa como elemento clave para contribuir a los proyectos de rehabilitaci\u00f3n y energ\u00eda del barrio. La intenci\u00f3n del equipo de gobierno es incorporar m\u00e1s adelante a este nuevo modelo de oficinas de PCH la experiencia de Efidistrict.<\/p>\n<p><strong>Por primera vez, ayudas a la rehabilitaci\u00f3n en todos los barrios<\/strong><\/p>\n<p>Finalmente, los otros dos millones euros de inversi\u00f3n ir\u00e1n a parar a la ampliaci\u00f3n de ayudas para la rehabilitaci\u00f3n de edificios para as\u00ed poder dotar de los fondos necesarios la convocatoria de subvenciones que se incrementan al ampliar a todos los barrios el nivel m\u00e1ximo de ayudas. Se trata del primer a\u00f1o que ocurre esto tras la aprobaci\u00f3n de la modificaci\u00f3n de la ordenanza que regula esas ayudas.<\/p>\n<p>Los dos millones aprobados se repartir\u00e1n en dos conceptos. Por una parte, 1.200.000 euros se destinar\u00e1n a la rehabilitaci\u00f3n de edificios en el Casco Antiguo, Primer Ensanche y Segundo Ensanche, tal y como se hac\u00eda hasta ahora, pues no ha cambiado la normativa en este aspecto; y por otro, una previsi\u00f3n de 800.000 euros para dar respuesta a las peticiones que se reciban del resto de comunidades de propietarios y propietarias en otros barrios, pues la convocatoria se extiende ya a toda la ciudad.<\/p>\n","protected":false},"excerpt":{"rendered":"<p>Ligados al Plan de Vivienda Asequible, se destinan otros 2 millones para subvenciones a rehabilitaci\u00f3n de edificios que, por primera vez, se extienden a toda la ciudad<\/p>\n","protected":false},"author":1,"featured_media":39629,"comment_status":"open","ping_status":"closed","sticky":false,"template":"","format":"standard","meta":{"footnotes":""},"categories":[2],"tags":[],"class_list":["post-50020","post","type-post","status-publish","format-standard","has-post-thumbnail","hentry","category-ayuntamiento-pamplona"],"yoast_head":"<!-- This site is optimized with the Yoast SEO plugin v27.5 - https:\/\/yoast.com\/product\/yoast-seo-wordpress\/ -->\n<title>Pamplona destina dos millones para vivienda asequible en Descalzos y Jarauta y para los proyectos de recuperaci\u00f3n de la plaza de Santa Ana y los cines Guelbenzu<\/title>\n<meta name=\"description\" content=\"Ligados al Plan de Vivienda Asequible, se destinan otros 2 millones para subvenciones a rehabilitaci\u00f3n de edificios que, por primera vez, se extienden a toda la ciudad\" \/>\n<meta name=\"robots\" content=\"index, follow, max-snippet:-1, max-image-preview:large, max-video-preview:-1\" \/>\n<link rel=\"canonical\" href=\"https:\/\/www.laguiadepamplona.com\/actualidad\/pamplona-destina-dos-millones-para-vivienda-asequible-en-descalzos-y-jarauta-y-para-los-proyectos-de-recuperacion-de-la-plaza-de-santa-ana-y-los-cines-guelbenzu\/\" \/>\n<meta property=\"og:locale\" content=\"es_ES\" \/>\n<meta property=\"og:type\" content=\"article\" \/>\n<meta property=\"og:title\" content=\"Pamplona destina dos millones para vivienda asequible en Descalzos y Jarauta y para los proyectos de recuperaci\u00f3n de la plaza de Santa Ana y los cines Guelbenzu\" \/>\n<meta property=\"og:description\" content=\"Ligados al Plan de Vivienda Asequible, se destinan otros 2 millones para subvenciones a rehabilitaci\u00f3n de edificios que, por primera vez, se extienden a toda la ciudad\" \/>\n<meta property=\"og:url\" content=\"https:\/\/www.laguiadepamplona.com\/actualidad\/pamplona-destina-dos-millones-para-vivienda-asequible-en-descalzos-y-jarauta-y-para-los-proyectos-de-recuperacion-de-la-plaza-de-santa-ana-y-los-cines-guelbenzu\/\" \/>\n<meta property=\"og:site_name\" content=\"La Gu\u00eda de Pamplona\" \/>\n<meta property=\"article:publisher\" content=\"https:\/\/www.facebook.com\/laguiadepamplonacom-133175176762273\/?ref=hl\" \/>\n<meta property=\"article:published_time\" content=\"2024-06-10T09:57:47+00:00\" \/>\n<meta property=\"og:image\" content=\"https:\/\/www.laguiadepamplona.com\/actualidad\/wp-content\/uploads\/2022\/03\/viviendas-realojo-descalzos.jpg\" \/>\n\t<meta property=\"og:image:width\" content=\"1920\" \/>\n\t<meta property=\"og:image:height\" content=\"1281\" \/>\n\t<meta property=\"og:image:type\" content=\"image\/jpeg\" \/>\n<meta name=\"author\" content=\"La Gu\u00eda de Pamplona\" \/>\n<meta name=\"twitter:card\" content=\"summary_large_image\" \/>\n<meta name=\"twitter:creator\" content=\"@LaGuiadPamplona\" \/>\n<meta name=\"twitter:site\" content=\"@LaGuiadPamplona\" \/>\n<meta name=\"twitter:label1\" content=\"Escrito por\" \/>\n\t<meta name=\"twitter:data1\" content=\"La Gu\u00eda de Pamplona\" \/>\n\t<meta name=\"twitter:label2\" content=\"Tiempo de lectura\" \/>\n\t<meta name=\"twitter:data2\" content=\"5 minutos\" \/>\n<script type=\"application\/ld+json\" class=\"yoast-schema-graph\">{\"@context\":\"https:\\\/\\\/schema.org\",\"@graph\":[{\"@type\":\"Article\",\"@id\":\"https:\\\/\\\/www.laguiadepamplona.com\\\/actualidad\\\/pamplona-destina-dos-millones-para-vivienda-asequible-en-descalzos-y-jarauta-y-para-los-proyectos-de-recuperacion-de-la-plaza-de-santa-ana-y-los-cines-guelbenzu\\\/#article\",\"isPartOf\":{\"@id\":\"https:\\\/\\\/www.laguiadepamplona.com\\\/actualidad\\\/pamplona-destina-dos-millones-para-vivienda-asequible-en-descalzos-y-jarauta-y-para-los-proyectos-de-recuperacion-de-la-plaza-de-santa-ana-y-los-cines-guelbenzu\\\/\"},\"author\":{\"name\":\"La Gu\u00eda de Pamplona\",\"@id\":\"https:\\\/\\\/www.laguiadepamplona.com\\\/actualidad\\\/#\\\/schema\\\/person\\\/efe887376f0213d4657c93adc50b1fdb\"},\"headline\":\"Pamplona destina dos millones para vivienda asequible en Descalzos y Jarauta y para los proyectos de recuperaci\u00f3n de la plaza de Santa Ana y los cines Guelbenzu\",\"datePublished\":\"2024-06-10T09:57:47+00:00\",\"mainEntityOfPage\":{\"@id\":\"https:\\\/\\\/www.laguiadepamplona.com\\\/actualidad\\\/pamplona-destina-dos-millones-para-vivienda-asequible-en-descalzos-y-jarauta-y-para-los-proyectos-de-recuperacion-de-la-plaza-de-santa-ana-y-los-cines-guelbenzu\\\/\"},\"wordCount\":1111,\"commentCount\":0,\"publisher\":{\"@id\":\"https:\\\/\\\/www.laguiadepamplona.com\\\/actualidad\\\/#organization\"},\"image\":{\"@id\":\"https:\\\/\\\/www.laguiadepamplona.com\\\/actualidad\\\/pamplona-destina-dos-millones-para-vivienda-asequible-en-descalzos-y-jarauta-y-para-los-proyectos-de-recuperacion-de-la-plaza-de-santa-ana-y-los-cines-guelbenzu\\\/#primaryimage\"},\"thumbnailUrl\":\"https:\\\/\\\/www.laguiadepamplona.com\\\/actualidad\\\/wp-content\\\/uploads\\\/2022\\\/03\\\/viviendas-realojo-descalzos.jpg\",\"articleSection\":[\"Ayto Pamplona\"],\"inLanguage\":\"es\",\"potentialAction\":[{\"@type\":\"CommentAction\",\"name\":\"Comment\",\"target\":[\"https:\\\/\\\/www.laguiadepamplona.com\\\/actualidad\\\/pamplona-destina-dos-millones-para-vivienda-asequible-en-descalzos-y-jarauta-y-para-los-proyectos-de-recuperacion-de-la-plaza-de-santa-ana-y-los-cines-guelbenzu\\\/#respond\"]}]},{\"@type\":\"WebPage\",\"@id\":\"https:\\\/\\\/www.laguiadepamplona.com\\\/actualidad\\\/pamplona-destina-dos-millones-para-vivienda-asequible-en-descalzos-y-jarauta-y-para-los-proyectos-de-recuperacion-de-la-plaza-de-santa-ana-y-los-cines-guelbenzu\\\/\",\"url\":\"https:\\\/\\\/www.laguiadepamplona.com\\\/actualidad\\\/pamplona-destina-dos-millones-para-vivienda-asequible-en-descalzos-y-jarauta-y-para-los-proyectos-de-recuperacion-de-la-plaza-de-santa-ana-y-los-cines-guelbenzu\\\/\",\"name\":\"Pamplona destina dos millones para vivienda asequible en Descalzos y Jarauta y para los proyectos de recuperaci\u00f3n de la plaza de Santa Ana y los cines Guelbenzu\",\"isPartOf\":{\"@id\":\"https:\\\/\\\/www.laguiadepamplona.com\\\/actualidad\\\/#website\"},\"primaryImageOfPage\":{\"@id\":\"https:\\\/\\\/www.laguiadepamplona.com\\\/actualidad\\\/pamplona-destina-dos-millones-para-vivienda-asequible-en-descalzos-y-jarauta-y-para-los-proyectos-de-recuperacion-de-la-plaza-de-santa-ana-y-los-cines-guelbenzu\\\/#primaryimage\"},\"image\":{\"@id\":\"https:\\\/\\\/www.laguiadepamplona.com\\\/actualidad\\\/pamplona-destina-dos-millones-para-vivienda-asequible-en-descalzos-y-jarauta-y-para-los-proyectos-de-recuperacion-de-la-plaza-de-santa-ana-y-los-cines-guelbenzu\\\/#primaryimage\"},\"thumbnailUrl\":\"https:\\\/\\\/www.laguiadepamplona.com\\\/actualidad\\\/wp-content\\\/uploads\\\/2022\\\/03\\\/viviendas-realojo-descalzos.jpg\",\"datePublished\":\"2024-06-10T09:57:47+00:00\",\"description\":\"Ligados al Plan de Vivienda Asequible, se destinan otros 2 millones para subvenciones a rehabilitaci\u00f3n de edificios que, por primera vez, se extienden a toda la ciudad\",\"breadcrumb\":{\"@id\":\"https:\\\/\\\/www.laguiadepamplona.com\\\/actualidad\\\/pamplona-destina-dos-millones-para-vivienda-asequible-en-descalzos-y-jarauta-y-para-los-proyectos-de-recuperacion-de-la-plaza-de-santa-ana-y-los-cines-guelbenzu\\\/#breadcrumb\"},\"inLanguage\":\"es\",\"potentialAction\":[{\"@type\":\"ReadAction\",\"target\":[\"https:\\\/\\\/www.laguiadepamplona.com\\\/actualidad\\\/pamplona-destina-dos-millones-para-vivienda-asequible-en-descalzos-y-jarauta-y-para-los-proyectos-de-recuperacion-de-la-plaza-de-santa-ana-y-los-cines-guelbenzu\\\/\"]}]},{\"@type\":\"ImageObject\",\"inLanguage\":\"es\",\"@id\":\"https:\\\/\\\/www.laguiadepamplona.com\\\/actualidad\\\/pamplona-destina-dos-millones-para-vivienda-asequible-en-descalzos-y-jarauta-y-para-los-proyectos-de-recuperacion-de-la-plaza-de-santa-ana-y-los-cines-guelbenzu\\\/#primaryimage\",\"url\":\"https:\\\/\\\/www.laguiadepamplona.com\\\/actualidad\\\/wp-content\\\/uploads\\\/2022\\\/03\\\/viviendas-realojo-descalzos.jpg\",\"contentUrl\":\"https:\\\/\\\/www.laguiadepamplona.com\\\/actualidad\\\/wp-content\\\/uploads\\\/2022\\\/03\\\/viviendas-realojo-descalzos.jpg\",\"width\":1920,\"height\":1281,\"caption\":\"viviendas descalzos\"},{\"@type\":\"BreadcrumbList\",\"@id\":\"https:\\\/\\\/www.laguiadepamplona.com\\\/actualidad\\\/pamplona-destina-dos-millones-para-vivienda-asequible-en-descalzos-y-jarauta-y-para-los-proyectos-de-recuperacion-de-la-plaza-de-santa-ana-y-los-cines-guelbenzu\\\/#breadcrumb\",\"itemListElement\":[{\"@type\":\"ListItem\",\"position\":1,\"name\":\"Portada\",\"item\":\"https:\\\/\\\/www.laguiadepamplona.com\\\/actualidad\\\/\"},{\"@type\":\"ListItem\",\"position\":2,\"name\":\"Pamplona destina dos millones para vivienda asequible en Descalzos y Jarauta y para los proyectos de recuperaci\u00f3n de la plaza de Santa Ana y los cines Guelbenzu\"}]},{\"@type\":\"WebSite\",\"@id\":\"https:\\\/\\\/www.laguiadepamplona.com\\\/actualidad\\\/#website\",\"url\":\"https:\\\/\\\/www.laguiadepamplona.com\\\/actualidad\\\/\",\"name\":\"La gu\u00eda de Pamplona\",\"description\":\"Noticias de Pamplona\",\"publisher\":{\"@id\":\"https:\\\/\\\/www.laguiadepamplona.com\\\/actualidad\\\/#organization\"},\"potentialAction\":[{\"@type\":\"SearchAction\",\"target\":{\"@type\":\"EntryPoint\",\"urlTemplate\":\"https:\\\/\\\/www.laguiadepamplona.com\\\/actualidad\\\/?s={search_term_string}\"},\"query-input\":{\"@type\":\"PropertyValueSpecification\",\"valueRequired\":true,\"valueName\":\"search_term_string\"}}],\"inLanguage\":\"es\"},{\"@type\":\"Organization\",\"@id\":\"https:\\\/\\\/www.laguiadepamplona.com\\\/actualidad\\\/#organization\",\"name\":\"La Gu\u00eda de Pamplona \\\/ Noticias\",\"url\":\"https:\\\/\\\/www.laguiadepamplona.com\\\/actualidad\\\/\",\"logo\":{\"@type\":\"ImageObject\",\"inLanguage\":\"es\",\"@id\":\"https:\\\/\\\/www.laguiadepamplona.com\\\/actualidad\\\/#\\\/schema\\\/logo\\\/image\\\/\",\"url\":\"https:\\\/\\\/www.laguiadepamplona.com\\\/actualidad\\\/wp-content\\\/uploads\\\/2018\\\/11\\\/logo-laguiadepamplona18-web1.png\",\"contentUrl\":\"https:\\\/\\\/www.laguiadepamplona.com\\\/actualidad\\\/wp-content\\\/uploads\\\/2018\\\/11\\\/logo-laguiadepamplona18-web1.png\",\"width\":600,\"height\":196,\"caption\":\"La Gu\u00eda de Pamplona \\\/ Noticias\"},\"image\":{\"@id\":\"https:\\\/\\\/www.laguiadepamplona.com\\\/actualidad\\\/#\\\/schema\\\/logo\\\/image\\\/\"},\"sameAs\":[\"https:\\\/\\\/www.facebook.com\\\/laguiadepamplonacom-133175176762273\\\/?ref=hl\",\"https:\\\/\\\/x.com\\\/LaGuiadPamplona\",\"https:\\\/\\\/www.instagram.com\\\/la_guia_de_pamplona\\\/\",\"https:\\\/\\\/www.youtube.com\\\/user\\\/laguiadepamplona\"]},{\"@type\":\"Person\",\"@id\":\"https:\\\/\\\/www.laguiadepamplona.com\\\/actualidad\\\/#\\\/schema\\\/person\\\/efe887376f0213d4657c93adc50b1fdb\",\"name\":\"La Gu\u00eda de Pamplona\",\"image\":{\"@type\":\"ImageObject\",\"inLanguage\":\"es\",\"@id\":\"https:\\\/\\\/secure.gravatar.com\\\/avatar\\\/b6992f131dc8d30ab0dff15446e9d346d9dbd95992de0fef795073f5ea83a81c?s=96&d=mm&r=g\",\"url\":\"https:\\\/\\\/secure.gravatar.com\\\/avatar\\\/b6992f131dc8d30ab0dff15446e9d346d9dbd95992de0fef795073f5ea83a81c?s=96&d=mm&r=g\",\"contentUrl\":\"https:\\\/\\\/secure.gravatar.com\\\/avatar\\\/b6992f131dc8d30ab0dff15446e9d346d9dbd95992de0fef795073f5ea83a81c?s=96&d=mm&r=g\",\"caption\":\"La Gu\u00eda de Pamplona\"}}]}<\/script>\n<!-- \/ Yoast SEO plugin. -->","yoast_head_json":{"title":"Pamplona destina dos millones para vivienda asequible en Descalzos y Jarauta y para los proyectos de recuperaci\u00f3n de la plaza de Santa Ana y los cines Guelbenzu","description":"Ligados al Plan de Vivienda Asequible, se destinan otros 2 millones para subvenciones a rehabilitaci\u00f3n de edificios que, por primera vez, se extienden a toda la ciudad","robots":{"index":"index","follow":"follow","max-snippet":"max-snippet:-1","max-image-preview":"max-image-preview:large","max-video-preview":"max-video-preview:-1"},"canonical":"https:\/\/www.laguiadepamplona.com\/actualidad\/pamplona-destina-dos-millones-para-vivienda-asequible-en-descalzos-y-jarauta-y-para-los-proyectos-de-recuperacion-de-la-plaza-de-santa-ana-y-los-cines-guelbenzu\/","og_locale":"es_ES","og_type":"article","og_title":"Pamplona destina dos millones para vivienda asequible en Descalzos y Jarauta y para los proyectos de recuperaci\u00f3n de la plaza de Santa Ana y los cines Guelbenzu","og_description":"Ligados al Plan de Vivienda Asequible, se destinan otros 2 millones para subvenciones a rehabilitaci\u00f3n de edificios que, por primera vez, se extienden a toda la ciudad","og_url":"https:\/\/www.laguiadepamplona.com\/actualidad\/pamplona-destina-dos-millones-para-vivienda-asequible-en-descalzos-y-jarauta-y-para-los-proyectos-de-recuperacion-de-la-plaza-de-santa-ana-y-los-cines-guelbenzu\/","og_site_name":"La Gu\u00eda de Pamplona","article_publisher":"https:\/\/www.facebook.com\/laguiadepamplonacom-133175176762273\/?ref=hl","article_published_time":"2024-06-10T09:57:47+00:00","og_image":[{"width":1920,"height":1281,"url":"https:\/\/www.laguiadepamplona.com\/actualidad\/wp-content\/uploads\/2022\/03\/viviendas-realojo-descalzos.jpg","type":"image\/jpeg"}],"author":"La Gu\u00eda de Pamplona","twitter_card":"summary_large_image","twitter_creator":"@LaGuiadPamplona","twitter_site":"@LaGuiadPamplona","twitter_misc":{"Escrito por":"La Gu\u00eda de Pamplona","Tiempo de lectura":"5 minutos"},"schema":{"@context":"https:\/\/schema.org","@graph":[{"@type":"Article","@id":"https:\/\/www.laguiadepamplona.com\/actualidad\/pamplona-destina-dos-millones-para-vivienda-asequible-en-descalzos-y-jarauta-y-para-los-proyectos-de-recuperacion-de-la-plaza-de-santa-ana-y-los-cines-guelbenzu\/#article","isPartOf":{"@id":"https:\/\/www.laguiadepamplona.com\/actualidad\/pamplona-destina-dos-millones-para-vivienda-asequible-en-descalzos-y-jarauta-y-para-los-proyectos-de-recuperacion-de-la-plaza-de-santa-ana-y-los-cines-guelbenzu\/"},"author":{"name":"La Gu\u00eda de Pamplona","@id":"https:\/\/www.laguiadepamplona.com\/actualidad\/#\/schema\/person\/efe887376f0213d4657c93adc50b1fdb"},"headline":"Pamplona destina dos millones para vivienda asequible en Descalzos y Jarauta y para los proyectos de recuperaci\u00f3n de la plaza de Santa Ana y los cines Guelbenzu","datePublished":"2024-06-10T09:57:47+00:00","mainEntityOfPage":{"@id":"https:\/\/www.laguiadepamplona.com\/actualidad\/pamplona-destina-dos-millones-para-vivienda-asequible-en-descalzos-y-jarauta-y-para-los-proyectos-de-recuperacion-de-la-plaza-de-santa-ana-y-los-cines-guelbenzu\/"},"wordCount":1111,"commentCount":0,"publisher":{"@id":"https:\/\/www.laguiadepamplona.com\/actualidad\/#organization"},"image":{"@id":"https:\/\/www.laguiadepamplona.com\/actualidad\/pamplona-destina-dos-millones-para-vivienda-asequible-en-descalzos-y-jarauta-y-para-los-proyectos-de-recuperacion-de-la-plaza-de-santa-ana-y-los-cines-guelbenzu\/#primaryimage"},"thumbnailUrl":"https:\/\/www.laguiadepamplona.com\/actualidad\/wp-content\/uploads\/2022\/03\/viviendas-realojo-descalzos.jpg","articleSection":["Ayto Pamplona"],"inLanguage":"es","potentialAction":[{"@type":"CommentAction","name":"Comment","target":["https:\/\/www.laguiadepamplona.com\/actualidad\/pamplona-destina-dos-millones-para-vivienda-asequible-en-descalzos-y-jarauta-y-para-los-proyectos-de-recuperacion-de-la-plaza-de-santa-ana-y-los-cines-guelbenzu\/#respond"]}]},{"@type":"WebPage","@id":"https:\/\/www.laguiadepamplona.com\/actualidad\/pamplona-destina-dos-millones-para-vivienda-asequible-en-descalzos-y-jarauta-y-para-los-proyectos-de-recuperacion-de-la-plaza-de-santa-ana-y-los-cines-guelbenzu\/","url":"https:\/\/www.laguiadepamplona.com\/actualidad\/pamplona-destina-dos-millones-para-vivienda-asequible-en-descalzos-y-jarauta-y-para-los-proyectos-de-recuperacion-de-la-plaza-de-santa-ana-y-los-cines-guelbenzu\/","name":"Pamplona destina dos millones para vivienda asequible en Descalzos y Jarauta y para los proyectos de recuperaci\u00f3n de la plaza de Santa Ana y los cines Guelbenzu","isPartOf":{"@id":"https:\/\/www.laguiadepamplona.com\/actualidad\/#website"},"primaryImageOfPage":{"@id":"https:\/\/www.laguiadepamplona.com\/actualidad\/pamplona-destina-dos-millones-para-vivienda-asequible-en-descalzos-y-jarauta-y-para-los-proyectos-de-recuperacion-de-la-plaza-de-santa-ana-y-los-cines-guelbenzu\/#primaryimage"},"image":{"@id":"https:\/\/www.laguiadepamplona.com\/actualidad\/pamplona-destina-dos-millones-para-vivienda-asequible-en-descalzos-y-jarauta-y-para-los-proyectos-de-recuperacion-de-la-plaza-de-santa-ana-y-los-cines-guelbenzu\/#primaryimage"},"thumbnailUrl":"https:\/\/www.laguiadepamplona.com\/actualidad\/wp-content\/uploads\/2022\/03\/viviendas-realojo-descalzos.jpg","datePublished":"2024-06-10T09:57:47+00:00","description":"Ligados al Plan de Vivienda Asequible, se destinan otros 2 millones para subvenciones a rehabilitaci\u00f3n de edificios que, por primera vez, se extienden a toda la ciudad","breadcrumb":{"@id":"https:\/\/www.laguiadepamplona.com\/actualidad\/pamplona-destina-dos-millones-para-vivienda-asequible-en-descalzos-y-jarauta-y-para-los-proyectos-de-recuperacion-de-la-plaza-de-santa-ana-y-los-cines-guelbenzu\/#breadcrumb"},"inLanguage":"es","potentialAction":[{"@type":"ReadAction","target":["https:\/\/www.laguiadepamplona.com\/actualidad\/pamplona-destina-dos-millones-para-vivienda-asequible-en-descalzos-y-jarauta-y-para-los-proyectos-de-recuperacion-de-la-plaza-de-santa-ana-y-los-cines-guelbenzu\/"]}]},{"@type":"ImageObject","inLanguage":"es","@id":"https:\/\/www.laguiadepamplona.com\/actualidad\/pamplona-destina-dos-millones-para-vivienda-asequible-en-descalzos-y-jarauta-y-para-los-proyectos-de-recuperacion-de-la-plaza-de-santa-ana-y-los-cines-guelbenzu\/#primaryimage","url":"https:\/\/www.laguiadepamplona.com\/actualidad\/wp-content\/uploads\/2022\/03\/viviendas-realojo-descalzos.jpg","contentUrl":"https:\/\/www.laguiadepamplona.com\/actualidad\/wp-content\/uploads\/2022\/03\/viviendas-realojo-descalzos.jpg","width":1920,"height":1281,"caption":"viviendas descalzos"},{"@type":"BreadcrumbList","@id":"https:\/\/www.laguiadepamplona.com\/actualidad\/pamplona-destina-dos-millones-para-vivienda-asequible-en-descalzos-y-jarauta-y-para-los-proyectos-de-recuperacion-de-la-plaza-de-santa-ana-y-los-cines-guelbenzu\/#breadcrumb","itemListElement":[{"@type":"ListItem","position":1,"name":"Portada","item":"https:\/\/www.laguiadepamplona.com\/actualidad\/"},{"@type":"ListItem","position":2,"name":"Pamplona destina dos millones para vivienda asequible en Descalzos y Jarauta y para los proyectos de recuperaci\u00f3n de la plaza de Santa Ana y los cines Guelbenzu"}]},{"@type":"WebSite","@id":"https:\/\/www.laguiadepamplona.com\/actualidad\/#website","url":"https:\/\/www.laguiadepamplona.com\/actualidad\/","name":"La gu\u00eda de Pamplona","description":"Noticias de Pamplona","publisher":{"@id":"https:\/\/www.laguiadepamplona.com\/actualidad\/#organization"},"potentialAction":[{"@type":"SearchAction","target":{"@type":"EntryPoint","urlTemplate":"https:\/\/www.laguiadepamplona.com\/actualidad\/?s={search_term_string}"},"query-input":{"@type":"PropertyValueSpecification","valueRequired":true,"valueName":"search_term_string"}}],"inLanguage":"es"},{"@type":"Organization","@id":"https:\/\/www.laguiadepamplona.com\/actualidad\/#organization","name":"La Gu\u00eda de Pamplona \/ Noticias","url":"https:\/\/www.laguiadepamplona.com\/actualidad\/","logo":{"@type":"ImageObject","inLanguage":"es","@id":"https:\/\/www.laguiadepamplona.com\/actualidad\/#\/schema\/logo\/image\/","url":"https:\/\/www.laguiadepamplona.com\/actualidad\/wp-content\/uploads\/2018\/11\/logo-laguiadepamplona18-web1.png","contentUrl":"https:\/\/www.laguiadepamplona.com\/actualidad\/wp-content\/uploads\/2018\/11\/logo-laguiadepamplona18-web1.png","width":600,"height":196,"caption":"La Gu\u00eda de Pamplona \/ Noticias"},"image":{"@id":"https:\/\/www.laguiadepamplona.com\/actualidad\/#\/schema\/logo\/image\/"},"sameAs":["https:\/\/www.facebook.com\/laguiadepamplonacom-133175176762273\/?ref=hl","https:\/\/x.com\/LaGuiadPamplona","https:\/\/www.instagram.com\/la_guia_de_pamplona\/","https:\/\/www.youtube.com\/user\/laguiadepamplona"]},{"@type":"Person","@id":"https:\/\/www.laguiadepamplona.com\/actualidad\/#\/schema\/person\/efe887376f0213d4657c93adc50b1fdb","name":"La Gu\u00eda de Pamplona","image":{"@type":"ImageObject","inLanguage":"es","@id":"https:\/\/secure.gravatar.com\/avatar\/b6992f131dc8d30ab0dff15446e9d346d9dbd95992de0fef795073f5ea83a81c?s=96&d=mm&r=g","url":"https:\/\/secure.gravatar.com\/avatar\/b6992f131dc8d30ab0dff15446e9d346d9dbd95992de0fef795073f5ea83a81c?s=96&d=mm&r=g","contentUrl":"https:\/\/secure.gravatar.com\/avatar\/b6992f131dc8d30ab0dff15446e9d346d9dbd95992de0fef795073f5ea83a81c?s=96&d=mm&r=g","caption":"La Gu\u00eda de Pamplona"}}]}},"post_mailing_queue_ids":[],"_links":{"self":[{"href":"https:\/\/www.laguiadepamplona.com\/actualidad\/wp-json\/wp\/v2\/posts\/50020","targetHints":{"allow":["GET"]}}],"collection":[{"href":"https:\/\/www.laguiadepamplona.com\/actualidad\/wp-json\/wp\/v2\/posts"}],"about":[{"href":"https:\/\/www.laguiadepamplona.com\/actualidad\/wp-json\/wp\/v2\/types\/post"}],"author":[{"embeddable":true,"href":"https:\/\/www.laguiadepamplona.com\/actualidad\/wp-json\/wp\/v2\/users\/1"}],"replies":[{"embeddable":true,"href":"https:\/\/www.laguiadepamplona.com\/actualidad\/wp-json\/wp\/v2\/comments?post=50020"}],"version-history":[{"count":1,"href":"https:\/\/www.laguiadepamplona.com\/actualidad\/wp-json\/wp\/v2\/posts\/50020\/revisions"}],"predecessor-version":[{"id":50021,"href":"https:\/\/www.laguiadepamplona.com\/actualidad\/wp-json\/wp\/v2\/posts\/50020\/revisions\/50021"}],"wp:featuredmedia":[{"embeddable":true,"href":"https:\/\/www.laguiadepamplona.com\/actualidad\/wp-json\/wp\/v2\/media\/39629"}],"wp:attachment":[{"href":"https:\/\/www.laguiadepamplona.com\/actualidad\/wp-json\/wp\/v2\/media?parent=50020"}],"wp:term":[{"taxonomy":"category","embeddable":true,"href":"https:\/\/www.laguiadepamplona.com\/actualidad\/wp-json\/wp\/v2\/categories?post=50020"},{"taxonomy":"post_tag","embeddable":true,"href":"https:\/\/www.laguiadepamplona.com\/actualidad\/wp-json\/wp\/v2\/tags?post=50020"}],"curies":[{"name":"wp","href":"https:\/\/api.w.org\/{rel}","templated":true}]}}