{"id":50018,"date":"2024-06-07T16:54:30","date_gmt":"2024-06-07T14:54:30","guid":{"rendered":"https:\/\/www.laguiadepamplona.com\/actualidad\/?p=50018"},"modified":"2024-06-07T16:54:30","modified_gmt":"2024-06-07T14:54:30","slug":"el-analisis-de-macrodatos-permitira-tomar-decisiones-en-tiempo-real-optimizar-recursos-y-realizar-acciones-correctoras-en-actividades-clave-de-los-sanfermines","status":"publish","type":"post","link":"https:\/\/www.laguiadepamplona.com\/actualidad\/el-analisis-de-macrodatos-permitira-tomar-decisiones-en-tiempo-real-optimizar-recursos-y-realizar-acciones-correctoras-en-actividades-clave-de-los-sanfermines\/","title":{"rendered":"El an\u00e1lisis de macrodatos permitir\u00e1 tomar decisiones en tiempo real, optimizar recursos y realizar acciones correctoras en actividades clave de los Sanfermines"},"content":{"rendered":"<h2>El Modelo de Sanfermines Inteligentes se aborda en el International Urbanfest 365 que se celebra en Baluarte el 28 y 29 de junio<\/h2>\n<p><!--more--><\/p>\n<p>El Big Data y el an\u00e1lisis de datos aplicado a los Sanfermines tendr\u00e1 su espacio en el International Urbanfest 365, el I Congreso Internacional de Macroeventos Urbanos Sostenibles, que se celebra el 28 y 29 de junio en el Auditorio Baluarte, justo el fin de semana anterior al Chupinazo. El Ayuntamiento de Pamplona presenta su experiencia en la organizaci\u00f3n y gesti\u00f3n de un gran evento como los Sanfermines, con el foco en la sostenibilidad, la seguridad, la visi\u00f3n p\u00fablica y la gesti\u00f3n econ\u00f3mica.<\/p>\n<p>El Modelo de Sanfermines Inteligentes marca las pautas para que las fiestas sean m\u00e1s seguras y sostenibles, con la mejor experiencia de usuario posible, a partir de datos recogidos y analizados con tecnolog\u00eda. Los macrodatos de distintas actividades de la fiesta y la monitorizaci\u00f3n propicia posibles mejoras en dimensi\u00f3n organizativa y de gesti\u00f3n del evento. Se ha elaborado un documento estrat\u00e9gico de referencia para el desarrollo de soluciones tecnol\u00f3gicas innovadoras mediante la tecnolog\u00eda de Big Data y anal\u00edtica de datos.<\/p>\n<p>Su configuraci\u00f3n e implementaci\u00f3n de la tecnolog\u00eda requiere del desarrollo de una soluci\u00f3n de inteligencia integrada con diferentes fuentes de datos e indicadores a trav\u00e9s de una plataforma de visualizaci\u00f3n, an\u00e1lisis y descarga de informaci\u00f3n tur\u00edstica, que funcione como un cuadro de mando multiacceso y multiusuario para los gestores del destino. El objetivo principal del proyecto es el an\u00e1lisis conceptual de todas las actividades que se realizan en torno a los Sanfermines, identificar todos los agentes implicados y sus interrelaciones, desde la perspectiva del ciclo de vida del producto tur\u00edstico, antes, durante y despu\u00e9s del viaje. Las actividades estar\u00edan relacionadas sobre todo con la movilidad, la seguridad, la limpieza y la oferta tur\u00edstica y cultural.<\/p>\n<p>Una vez analizado este concepto, el siguiente paso es la detecci\u00f3n de los datos y sus fuentes para tener un conocimiento exhaustivo y lo m\u00e1s aproximado a la realidad. Definido esto, el sistema propondr\u00e1 una serie de soluciones tecnol\u00f3gicas para la recogida de estos datos y que sean \u00fatiles para la toma de decisiones de los agentes implicados. En esta fase, la idea es concentrar, en un cuadro de mando interoperable con la plataforma de ciudad para poder visualizar, los datos de valor recogidos y, a trav\u00e9s de otras herramientas tecnol\u00f3gicas, poder utilizarlas en la gesti\u00f3n de los agentes relacionados a la actividad. Adem\u00e1s, se prev\u00e9 integrar otros conjuntos de datos que provienen de otros servicios como INE, AEMET, portales de reserva de alojamientos, MCP, Telpark, etc\u00e9tera, mediante API\u2019s (Application Program Interface), esto es, protocolos inform\u00e1ticos que permiten conectar softwares y aplicaciones entre s\u00ed.<\/p>\n<p>La recogida de estos datos podr\u00e1 ser realizada a trav\u00e9s de IoT, an\u00e1lisis de redes wifi, red 5G, c\u00e1maras de videovigilancia, y similares. Existen en el mercado m\u00faltiples proveedores tecnol\u00f3gicos que tienen ya diferentes soluciones para obtener la informaci\u00f3n necesaria para este modelo.<\/p>\n<p>A trav\u00e9s de la anal\u00edtica de datos se podr\u00e1n obtener el impacto que suponen los Sanfermines, hacer proyecciones temporales y predictivas, y sobre todo a trav\u00e9s de la informaci\u00f3n de valor, tomar decisiones en tiempo real para poder hacer la experiencia tur\u00edstica de Sanfermines lo m\u00e1s satisfactoria posible para los visitantes, optimizar los recursos necesarios para su celebraci\u00f3n y poder realizar acciones correctoras en las actividades que generen los impactos m\u00e1s perjudiciales en torno a la fiesta.<\/p>\n<p><strong>Inscripciones<\/strong><br \/>\nEl I Congreso Internacional de Macroeventos Urbanos Sostenibles tiene abiertas las inscripciones en la direcci\u00f3n\u00a0<a href=\"http:\/\/www.urbanfest365.com\/\" target=\"_blank\" rel=\"noopener\">www.urbanfest365.com<\/a>. El precio de inscripci\u00f3n es de 150 euros, hasta el 25 de junio. Toda la actualidad sobre el I Congreso Internacional de Fiestas y Macroeventos Urbanos puede seguirse en la\u00a0<a href=\"https:\/\/urbanfest365.com\/\" target=\"_blank\" rel=\"noopener\">propia web oficial<\/a>\u00a0y en las cuentas oficiales de las redes sociales como\u00a0<a href=\"https:\/\/www.instagram.com\/urbanfest365\/\" target=\"_blank\" rel=\"noopener\">Instagram<\/a>,\u00a0<a href=\"https:\/\/x.com\/\" target=\"_blank\" rel=\"noopener\">X<\/a>\u00a0y\u00a0<a href=\"https:\/\/www.linkedin.com\/company\/urban-fest-365\" target=\"_blank\" rel=\"noopener\">Linkedin<\/a>.<\/p>\n<p>El International Urban Fest 365 se enmarca en el Plan de Sostenibilidad Tur\u00edstica en Destino Pamplona SF365, que forma parte del Plan de Recuperaci\u00f3n, Transformaci\u00f3n y Resiliencia \u2013 Financiado por la Uni\u00f3n Europea \u2013 NextGenerationEU. La organizaci\u00f3n y puesta en marcha del congreso se adjudic\u00f3 por un importe de 127.923,74 euros. Una parte de la programaci\u00f3n tiene un enfoque m\u00e1s t\u00e9cnico y formativo, con acceso de pago mediante suscripci\u00f3n; otra parte del programa ofrece algunas actividades gratuitas y abiertas al p\u00fablico.<\/p>\n<p>El foro contar\u00e1, entre otros, con responsables de convocatorias masivas, como la Marat\u00f3n de Nueva York, conciertos multitudinarios que recorren varios continentes, o de citas de repercusi\u00f3n internacional como el Festival Internacional de Cine de Donostia \u2013 San Sebasti\u00e1n. La cita comenzar\u00e1 el 28 de junio con la apertura del congreso a cargo del alcalde de Pamplona, Joseba Asiron y el saludo de Natalia Bayona, directora ejecutiva de ONU Turismo.<\/p>\n<h3><strong>I CONGRESO INTERNACIONAL DE FIESTAS Y MACROEVENTOS URBANOS \u2013 URBAN FEST 365<\/strong><\/h3>\n<p><strong>\u2022\u00a0\u00a0\u00a0\u00a0Inscripciones:\u00a0<\/strong><br \/>\no\u00a0\u00a0\u00a0\u00a0<a href=\"http:\/\/www.urbanfest365.com\/\" target=\"_blank\" rel=\"noopener\">www.urbanfest365.com<\/a><\/p>\n<p><strong>\u2022\u00a0\u00a0\u00a0\u00a0Redes sociales:<\/strong><br \/>\no\u00a0\u00a0\u00a0\u00a0X: @Urbanfest365<br \/>\no\u00a0\u00a0\u00a0\u00a0Instagram: \u00a0@Urbanfest365<br \/>\no\u00a0\u00a0\u00a0\u00a0LinkedIn: International Urban Fest 365<\/p>\n","protected":false},"excerpt":{"rendered":"<p>El Modelo de Sanfermines Inteligentes se aborda en el International Urbanfest 365 que se celebra en Baluarte el 28 y 29 de junio<\/p>\n","protected":false},"author":1,"featured_media":49153,"comment_status":"open","ping_status":"closed","sticky":false,"template":"","format":"standard","meta":{"footnotes":""},"categories":[2],"tags":[],"class_list":["post-50018","post","type-post","status-publish","format-standard","has-post-thumbnail","hentry","category-ayuntamiento-pamplona"],"yoast_head":"<!-- This site is optimized with the Yoast SEO plugin v27.3 - https:\/\/yoast.com\/product\/yoast-seo-wordpress\/ -->\n<title>El an\u00e1lisis de macrodatos permitir\u00e1 tomar decisiones en tiempo real, optimizar recursos y realizar acciones correctoras en actividades clave de los Sanfermines<\/title>\n<meta name=\"description\" content=\"El Modelo de Sanfermines Inteligentes se aborda en el International Urbanfest 365 que se celebra en Baluarte el 28 y 29 de junio\" \/>\n<meta name=\"robots\" content=\"index, follow, max-snippet:-1, max-image-preview:large, max-video-preview:-1\" \/>\n<link rel=\"canonical\" href=\"https:\/\/www.laguiadepamplona.com\/actualidad\/el-analisis-de-macrodatos-permitira-tomar-decisiones-en-tiempo-real-optimizar-recursos-y-realizar-acciones-correctoras-en-actividades-clave-de-los-sanfermines\/\" \/>\n<meta property=\"og:locale\" content=\"es_ES\" \/>\n<meta property=\"og:type\" content=\"article\" \/>\n<meta property=\"og:title\" content=\"El an\u00e1lisis de macrodatos permitir\u00e1 tomar decisiones en tiempo real, optimizar recursos y realizar acciones correctoras en actividades clave de los Sanfermines\" \/>\n<meta property=\"og:description\" content=\"El Modelo de Sanfermines Inteligentes se aborda en el International Urbanfest 365 que se celebra en Baluarte el 28 y 29 de junio\" \/>\n<meta property=\"og:url\" content=\"https:\/\/www.laguiadepamplona.com\/actualidad\/el-analisis-de-macrodatos-permitira-tomar-decisiones-en-tiempo-real-optimizar-recursos-y-realizar-acciones-correctoras-en-actividades-clave-de-los-sanfermines\/\" \/>\n<meta property=\"og:site_name\" content=\"La Gu\u00eda de Pamplona\" \/>\n<meta property=\"article:publisher\" content=\"https:\/\/www.facebook.com\/laguiadepamplonacom-133175176762273\/?ref=hl\" \/>\n<meta property=\"article:published_time\" content=\"2024-06-07T14:54:30+00:00\" \/>\n<meta property=\"og:image\" content=\"https:\/\/www.laguiadepamplona.com\/actualidad\/wp-content\/uploads\/2024\/03\/International-Urban-Fest-360x240-1.webp\" \/>\n\t<meta property=\"og:image:width\" content=\"1200\" \/>\n\t<meta property=\"og:image:height\" content=\"800\" \/>\n\t<meta property=\"og:image:type\" content=\"image\/webp\" \/>\n<meta name=\"author\" content=\"La Gu\u00eda de Pamplona\" \/>\n<meta name=\"twitter:card\" content=\"summary_large_image\" \/>\n<meta name=\"twitter:creator\" content=\"@LaGuiadPamplona\" \/>\n<meta name=\"twitter:site\" content=\"@LaGuiadPamplona\" \/>\n<meta name=\"twitter:label1\" content=\"Escrito por\" \/>\n\t<meta name=\"twitter:data1\" content=\"La Gu\u00eda de Pamplona\" \/>\n\t<meta name=\"twitter:label2\" content=\"Tiempo de lectura\" \/>\n\t<meta name=\"twitter:data2\" content=\"4 minutos\" \/>\n<script type=\"application\/ld+json\" class=\"yoast-schema-graph\">{\"@context\":\"https:\\\/\\\/schema.org\",\"@graph\":[{\"@type\":\"Article\",\"@id\":\"https:\\\/\\\/www.laguiadepamplona.com\\\/actualidad\\\/el-analisis-de-macrodatos-permitira-tomar-decisiones-en-tiempo-real-optimizar-recursos-y-realizar-acciones-correctoras-en-actividades-clave-de-los-sanfermines\\\/#article\",\"isPartOf\":{\"@id\":\"https:\\\/\\\/www.laguiadepamplona.com\\\/actualidad\\\/el-analisis-de-macrodatos-permitira-tomar-decisiones-en-tiempo-real-optimizar-recursos-y-realizar-acciones-correctoras-en-actividades-clave-de-los-sanfermines\\\/\"},\"author\":{\"name\":\"La Gu\u00eda de Pamplona\",\"@id\":\"https:\\\/\\\/www.laguiadepamplona.com\\\/actualidad\\\/#\\\/schema\\\/person\\\/efe887376f0213d4657c93adc50b1fdb\"},\"headline\":\"El an\u00e1lisis de macrodatos permitir\u00e1 tomar decisiones en tiempo real, optimizar recursos y realizar acciones correctoras en actividades clave de los Sanfermines\",\"datePublished\":\"2024-06-07T14:54:30+00:00\",\"mainEntityOfPage\":{\"@id\":\"https:\\\/\\\/www.laguiadepamplona.com\\\/actualidad\\\/el-analisis-de-macrodatos-permitira-tomar-decisiones-en-tiempo-real-optimizar-recursos-y-realizar-acciones-correctoras-en-actividades-clave-de-los-sanfermines\\\/\"},\"wordCount\":889,\"commentCount\":0,\"publisher\":{\"@id\":\"https:\\\/\\\/www.laguiadepamplona.com\\\/actualidad\\\/#organization\"},\"image\":{\"@id\":\"https:\\\/\\\/www.laguiadepamplona.com\\\/actualidad\\\/el-analisis-de-macrodatos-permitira-tomar-decisiones-en-tiempo-real-optimizar-recursos-y-realizar-acciones-correctoras-en-actividades-clave-de-los-sanfermines\\\/#primaryimage\"},\"thumbnailUrl\":\"https:\\\/\\\/www.laguiadepamplona.com\\\/actualidad\\\/wp-content\\\/uploads\\\/2024\\\/03\\\/International-Urban-Fest-360x240-1.webp\",\"articleSection\":[\"Ayto Pamplona\"],\"inLanguage\":\"es\",\"potentialAction\":[{\"@type\":\"CommentAction\",\"name\":\"Comment\",\"target\":[\"https:\\\/\\\/www.laguiadepamplona.com\\\/actualidad\\\/el-analisis-de-macrodatos-permitira-tomar-decisiones-en-tiempo-real-optimizar-recursos-y-realizar-acciones-correctoras-en-actividades-clave-de-los-sanfermines\\\/#respond\"]}]},{\"@type\":\"WebPage\",\"@id\":\"https:\\\/\\\/www.laguiadepamplona.com\\\/actualidad\\\/el-analisis-de-macrodatos-permitira-tomar-decisiones-en-tiempo-real-optimizar-recursos-y-realizar-acciones-correctoras-en-actividades-clave-de-los-sanfermines\\\/\",\"url\":\"https:\\\/\\\/www.laguiadepamplona.com\\\/actualidad\\\/el-analisis-de-macrodatos-permitira-tomar-decisiones-en-tiempo-real-optimizar-recursos-y-realizar-acciones-correctoras-en-actividades-clave-de-los-sanfermines\\\/\",\"name\":\"El an\u00e1lisis de macrodatos permitir\u00e1 tomar decisiones en tiempo real, optimizar recursos y realizar acciones correctoras en actividades clave de los Sanfermines\",\"isPartOf\":{\"@id\":\"https:\\\/\\\/www.laguiadepamplona.com\\\/actualidad\\\/#website\"},\"primaryImageOfPage\":{\"@id\":\"https:\\\/\\\/www.laguiadepamplona.com\\\/actualidad\\\/el-analisis-de-macrodatos-permitira-tomar-decisiones-en-tiempo-real-optimizar-recursos-y-realizar-acciones-correctoras-en-actividades-clave-de-los-sanfermines\\\/#primaryimage\"},\"image\":{\"@id\":\"https:\\\/\\\/www.laguiadepamplona.com\\\/actualidad\\\/el-analisis-de-macrodatos-permitira-tomar-decisiones-en-tiempo-real-optimizar-recursos-y-realizar-acciones-correctoras-en-actividades-clave-de-los-sanfermines\\\/#primaryimage\"},\"thumbnailUrl\":\"https:\\\/\\\/www.laguiadepamplona.com\\\/actualidad\\\/wp-content\\\/uploads\\\/2024\\\/03\\\/International-Urban-Fest-360x240-1.webp\",\"datePublished\":\"2024-06-07T14:54:30+00:00\",\"description\":\"El Modelo de Sanfermines Inteligentes se aborda en el International Urbanfest 365 que se celebra en Baluarte el 28 y 29 de junio\",\"breadcrumb\":{\"@id\":\"https:\\\/\\\/www.laguiadepamplona.com\\\/actualidad\\\/el-analisis-de-macrodatos-permitira-tomar-decisiones-en-tiempo-real-optimizar-recursos-y-realizar-acciones-correctoras-en-actividades-clave-de-los-sanfermines\\\/#breadcrumb\"},\"inLanguage\":\"es\",\"potentialAction\":[{\"@type\":\"ReadAction\",\"target\":[\"https:\\\/\\\/www.laguiadepamplona.com\\\/actualidad\\\/el-analisis-de-macrodatos-permitira-tomar-decisiones-en-tiempo-real-optimizar-recursos-y-realizar-acciones-correctoras-en-actividades-clave-de-los-sanfermines\\\/\"]}]},{\"@type\":\"ImageObject\",\"inLanguage\":\"es\",\"@id\":\"https:\\\/\\\/www.laguiadepamplona.com\\\/actualidad\\\/el-analisis-de-macrodatos-permitira-tomar-decisiones-en-tiempo-real-optimizar-recursos-y-realizar-acciones-correctoras-en-actividades-clave-de-los-sanfermines\\\/#primaryimage\",\"url\":\"https:\\\/\\\/www.laguiadepamplona.com\\\/actualidad\\\/wp-content\\\/uploads\\\/2024\\\/03\\\/International-Urban-Fest-360x240-1.webp\",\"contentUrl\":\"https:\\\/\\\/www.laguiadepamplona.com\\\/actualidad\\\/wp-content\\\/uploads\\\/2024\\\/03\\\/International-Urban-Fest-360x240-1.webp\",\"width\":1200,\"height\":800,\"caption\":\"urban fest 365\"},{\"@type\":\"BreadcrumbList\",\"@id\":\"https:\\\/\\\/www.laguiadepamplona.com\\\/actualidad\\\/el-analisis-de-macrodatos-permitira-tomar-decisiones-en-tiempo-real-optimizar-recursos-y-realizar-acciones-correctoras-en-actividades-clave-de-los-sanfermines\\\/#breadcrumb\",\"itemListElement\":[{\"@type\":\"ListItem\",\"position\":1,\"name\":\"Portada\",\"item\":\"https:\\\/\\\/www.laguiadepamplona.com\\\/actualidad\\\/\"},{\"@type\":\"ListItem\",\"position\":2,\"name\":\"El an\u00e1lisis de macrodatos permitir\u00e1 tomar decisiones en tiempo real, optimizar recursos y realizar acciones correctoras en actividades clave de los Sanfermines\"}]},{\"@type\":\"WebSite\",\"@id\":\"https:\\\/\\\/www.laguiadepamplona.com\\\/actualidad\\\/#website\",\"url\":\"https:\\\/\\\/www.laguiadepamplona.com\\\/actualidad\\\/\",\"name\":\"La gu\u00eda de Pamplona\",\"description\":\"Noticias de Pamplona\",\"publisher\":{\"@id\":\"https:\\\/\\\/www.laguiadepamplona.com\\\/actualidad\\\/#organization\"},\"potentialAction\":[{\"@type\":\"SearchAction\",\"target\":{\"@type\":\"EntryPoint\",\"urlTemplate\":\"https:\\\/\\\/www.laguiadepamplona.com\\\/actualidad\\\/?s={search_term_string}\"},\"query-input\":{\"@type\":\"PropertyValueSpecification\",\"valueRequired\":true,\"valueName\":\"search_term_string\"}}],\"inLanguage\":\"es\"},{\"@type\":\"Organization\",\"@id\":\"https:\\\/\\\/www.laguiadepamplona.com\\\/actualidad\\\/#organization\",\"name\":\"La Gu\u00eda de Pamplona \\\/ Noticias\",\"url\":\"https:\\\/\\\/www.laguiadepamplona.com\\\/actualidad\\\/\",\"logo\":{\"@type\":\"ImageObject\",\"inLanguage\":\"es\",\"@id\":\"https:\\\/\\\/www.laguiadepamplona.com\\\/actualidad\\\/#\\\/schema\\\/logo\\\/image\\\/\",\"url\":\"https:\\\/\\\/www.laguiadepamplona.com\\\/actualidad\\\/wp-content\\\/uploads\\\/2018\\\/11\\\/logo-laguiadepamplona18-web1.png\",\"contentUrl\":\"https:\\\/\\\/www.laguiadepamplona.com\\\/actualidad\\\/wp-content\\\/uploads\\\/2018\\\/11\\\/logo-laguiadepamplona18-web1.png\",\"width\":600,\"height\":196,\"caption\":\"La Gu\u00eda de Pamplona \\\/ Noticias\"},\"image\":{\"@id\":\"https:\\\/\\\/www.laguiadepamplona.com\\\/actualidad\\\/#\\\/schema\\\/logo\\\/image\\\/\"},\"sameAs\":[\"https:\\\/\\\/www.facebook.com\\\/laguiadepamplonacom-133175176762273\\\/?ref=hl\",\"https:\\\/\\\/x.com\\\/LaGuiadPamplona\",\"https:\\\/\\\/www.instagram.com\\\/la_guia_de_pamplona\\\/\",\"https:\\\/\\\/www.youtube.com\\\/user\\\/laguiadepamplona\"]},{\"@type\":\"Person\",\"@id\":\"https:\\\/\\\/www.laguiadepamplona.com\\\/actualidad\\\/#\\\/schema\\\/person\\\/efe887376f0213d4657c93adc50b1fdb\",\"name\":\"La Gu\u00eda de Pamplona\",\"image\":{\"@type\":\"ImageObject\",\"inLanguage\":\"es\",\"@id\":\"https:\\\/\\\/secure.gravatar.com\\\/avatar\\\/b6992f131dc8d30ab0dff15446e9d346d9dbd95992de0fef795073f5ea83a81c?s=96&d=mm&r=g\",\"url\":\"https:\\\/\\\/secure.gravatar.com\\\/avatar\\\/b6992f131dc8d30ab0dff15446e9d346d9dbd95992de0fef795073f5ea83a81c?s=96&d=mm&r=g\",\"contentUrl\":\"https:\\\/\\\/secure.gravatar.com\\\/avatar\\\/b6992f131dc8d30ab0dff15446e9d346d9dbd95992de0fef795073f5ea83a81c?s=96&d=mm&r=g\",\"caption\":\"La Gu\u00eda de Pamplona\"}}]}<\/script>\n<!-- \/ Yoast SEO plugin. -->","yoast_head_json":{"title":"El an\u00e1lisis de macrodatos permitir\u00e1 tomar decisiones en tiempo real, optimizar recursos y realizar acciones correctoras en actividades clave de los Sanfermines","description":"El Modelo de Sanfermines Inteligentes se aborda en el International Urbanfest 365 que se celebra en Baluarte el 28 y 29 de junio","robots":{"index":"index","follow":"follow","max-snippet":"max-snippet:-1","max-image-preview":"max-image-preview:large","max-video-preview":"max-video-preview:-1"},"canonical":"https:\/\/www.laguiadepamplona.com\/actualidad\/el-analisis-de-macrodatos-permitira-tomar-decisiones-en-tiempo-real-optimizar-recursos-y-realizar-acciones-correctoras-en-actividades-clave-de-los-sanfermines\/","og_locale":"es_ES","og_type":"article","og_title":"El an\u00e1lisis de macrodatos permitir\u00e1 tomar decisiones en tiempo real, optimizar recursos y realizar acciones correctoras en actividades clave de los Sanfermines","og_description":"El Modelo de Sanfermines Inteligentes se aborda en el International Urbanfest 365 que se celebra en Baluarte el 28 y 29 de junio","og_url":"https:\/\/www.laguiadepamplona.com\/actualidad\/el-analisis-de-macrodatos-permitira-tomar-decisiones-en-tiempo-real-optimizar-recursos-y-realizar-acciones-correctoras-en-actividades-clave-de-los-sanfermines\/","og_site_name":"La Gu\u00eda de Pamplona","article_publisher":"https:\/\/www.facebook.com\/laguiadepamplonacom-133175176762273\/?ref=hl","article_published_time":"2024-06-07T14:54:30+00:00","og_image":[{"width":1200,"height":800,"url":"https:\/\/www.laguiadepamplona.com\/actualidad\/wp-content\/uploads\/2024\/03\/International-Urban-Fest-360x240-1.webp","type":"image\/webp"}],"author":"La Gu\u00eda de Pamplona","twitter_card":"summary_large_image","twitter_creator":"@LaGuiadPamplona","twitter_site":"@LaGuiadPamplona","twitter_misc":{"Escrito por":"La Gu\u00eda de Pamplona","Tiempo de lectura":"4 minutos"},"schema":{"@context":"https:\/\/schema.org","@graph":[{"@type":"Article","@id":"https:\/\/www.laguiadepamplona.com\/actualidad\/el-analisis-de-macrodatos-permitira-tomar-decisiones-en-tiempo-real-optimizar-recursos-y-realizar-acciones-correctoras-en-actividades-clave-de-los-sanfermines\/#article","isPartOf":{"@id":"https:\/\/www.laguiadepamplona.com\/actualidad\/el-analisis-de-macrodatos-permitira-tomar-decisiones-en-tiempo-real-optimizar-recursos-y-realizar-acciones-correctoras-en-actividades-clave-de-los-sanfermines\/"},"author":{"name":"La Gu\u00eda de Pamplona","@id":"https:\/\/www.laguiadepamplona.com\/actualidad\/#\/schema\/person\/efe887376f0213d4657c93adc50b1fdb"},"headline":"El an\u00e1lisis de macrodatos permitir\u00e1 tomar decisiones en tiempo real, optimizar recursos y realizar acciones correctoras en actividades clave de los Sanfermines","datePublished":"2024-06-07T14:54:30+00:00","mainEntityOfPage":{"@id":"https:\/\/www.laguiadepamplona.com\/actualidad\/el-analisis-de-macrodatos-permitira-tomar-decisiones-en-tiempo-real-optimizar-recursos-y-realizar-acciones-correctoras-en-actividades-clave-de-los-sanfermines\/"},"wordCount":889,"commentCount":0,"publisher":{"@id":"https:\/\/www.laguiadepamplona.com\/actualidad\/#organization"},"image":{"@id":"https:\/\/www.laguiadepamplona.com\/actualidad\/el-analisis-de-macrodatos-permitira-tomar-decisiones-en-tiempo-real-optimizar-recursos-y-realizar-acciones-correctoras-en-actividades-clave-de-los-sanfermines\/#primaryimage"},"thumbnailUrl":"https:\/\/www.laguiadepamplona.com\/actualidad\/wp-content\/uploads\/2024\/03\/International-Urban-Fest-360x240-1.webp","articleSection":["Ayto Pamplona"],"inLanguage":"es","potentialAction":[{"@type":"CommentAction","name":"Comment","target":["https:\/\/www.laguiadepamplona.com\/actualidad\/el-analisis-de-macrodatos-permitira-tomar-decisiones-en-tiempo-real-optimizar-recursos-y-realizar-acciones-correctoras-en-actividades-clave-de-los-sanfermines\/#respond"]}]},{"@type":"WebPage","@id":"https:\/\/www.laguiadepamplona.com\/actualidad\/el-analisis-de-macrodatos-permitira-tomar-decisiones-en-tiempo-real-optimizar-recursos-y-realizar-acciones-correctoras-en-actividades-clave-de-los-sanfermines\/","url":"https:\/\/www.laguiadepamplona.com\/actualidad\/el-analisis-de-macrodatos-permitira-tomar-decisiones-en-tiempo-real-optimizar-recursos-y-realizar-acciones-correctoras-en-actividades-clave-de-los-sanfermines\/","name":"El an\u00e1lisis de macrodatos permitir\u00e1 tomar decisiones en tiempo real, optimizar recursos y realizar acciones correctoras en actividades clave de los Sanfermines","isPartOf":{"@id":"https:\/\/www.laguiadepamplona.com\/actualidad\/#website"},"primaryImageOfPage":{"@id":"https:\/\/www.laguiadepamplona.com\/actualidad\/el-analisis-de-macrodatos-permitira-tomar-decisiones-en-tiempo-real-optimizar-recursos-y-realizar-acciones-correctoras-en-actividades-clave-de-los-sanfermines\/#primaryimage"},"image":{"@id":"https:\/\/www.laguiadepamplona.com\/actualidad\/el-analisis-de-macrodatos-permitira-tomar-decisiones-en-tiempo-real-optimizar-recursos-y-realizar-acciones-correctoras-en-actividades-clave-de-los-sanfermines\/#primaryimage"},"thumbnailUrl":"https:\/\/www.laguiadepamplona.com\/actualidad\/wp-content\/uploads\/2024\/03\/International-Urban-Fest-360x240-1.webp","datePublished":"2024-06-07T14:54:30+00:00","description":"El Modelo de Sanfermines Inteligentes se aborda en el International Urbanfest 365 que se celebra en Baluarte el 28 y 29 de junio","breadcrumb":{"@id":"https:\/\/www.laguiadepamplona.com\/actualidad\/el-analisis-de-macrodatos-permitira-tomar-decisiones-en-tiempo-real-optimizar-recursos-y-realizar-acciones-correctoras-en-actividades-clave-de-los-sanfermines\/#breadcrumb"},"inLanguage":"es","potentialAction":[{"@type":"ReadAction","target":["https:\/\/www.laguiadepamplona.com\/actualidad\/el-analisis-de-macrodatos-permitira-tomar-decisiones-en-tiempo-real-optimizar-recursos-y-realizar-acciones-correctoras-en-actividades-clave-de-los-sanfermines\/"]}]},{"@type":"ImageObject","inLanguage":"es","@id":"https:\/\/www.laguiadepamplona.com\/actualidad\/el-analisis-de-macrodatos-permitira-tomar-decisiones-en-tiempo-real-optimizar-recursos-y-realizar-acciones-correctoras-en-actividades-clave-de-los-sanfermines\/#primaryimage","url":"https:\/\/www.laguiadepamplona.com\/actualidad\/wp-content\/uploads\/2024\/03\/International-Urban-Fest-360x240-1.webp","contentUrl":"https:\/\/www.laguiadepamplona.com\/actualidad\/wp-content\/uploads\/2024\/03\/International-Urban-Fest-360x240-1.webp","width":1200,"height":800,"caption":"urban fest 365"},{"@type":"BreadcrumbList","@id":"https:\/\/www.laguiadepamplona.com\/actualidad\/el-analisis-de-macrodatos-permitira-tomar-decisiones-en-tiempo-real-optimizar-recursos-y-realizar-acciones-correctoras-en-actividades-clave-de-los-sanfermines\/#breadcrumb","itemListElement":[{"@type":"ListItem","position":1,"name":"Portada","item":"https:\/\/www.laguiadepamplona.com\/actualidad\/"},{"@type":"ListItem","position":2,"name":"El an\u00e1lisis de macrodatos permitir\u00e1 tomar decisiones en tiempo real, optimizar recursos y realizar acciones correctoras en actividades clave de los Sanfermines"}]},{"@type":"WebSite","@id":"https:\/\/www.laguiadepamplona.com\/actualidad\/#website","url":"https:\/\/www.laguiadepamplona.com\/actualidad\/","name":"La gu\u00eda de Pamplona","description":"Noticias de Pamplona","publisher":{"@id":"https:\/\/www.laguiadepamplona.com\/actualidad\/#organization"},"potentialAction":[{"@type":"SearchAction","target":{"@type":"EntryPoint","urlTemplate":"https:\/\/www.laguiadepamplona.com\/actualidad\/?s={search_term_string}"},"query-input":{"@type":"PropertyValueSpecification","valueRequired":true,"valueName":"search_term_string"}}],"inLanguage":"es"},{"@type":"Organization","@id":"https:\/\/www.laguiadepamplona.com\/actualidad\/#organization","name":"La Gu\u00eda de Pamplona \/ Noticias","url":"https:\/\/www.laguiadepamplona.com\/actualidad\/","logo":{"@type":"ImageObject","inLanguage":"es","@id":"https:\/\/www.laguiadepamplona.com\/actualidad\/#\/schema\/logo\/image\/","url":"https:\/\/www.laguiadepamplona.com\/actualidad\/wp-content\/uploads\/2018\/11\/logo-laguiadepamplona18-web1.png","contentUrl":"https:\/\/www.laguiadepamplona.com\/actualidad\/wp-content\/uploads\/2018\/11\/logo-laguiadepamplona18-web1.png","width":600,"height":196,"caption":"La Gu\u00eda de Pamplona \/ Noticias"},"image":{"@id":"https:\/\/www.laguiadepamplona.com\/actualidad\/#\/schema\/logo\/image\/"},"sameAs":["https:\/\/www.facebook.com\/laguiadepamplonacom-133175176762273\/?ref=hl","https:\/\/x.com\/LaGuiadPamplona","https:\/\/www.instagram.com\/la_guia_de_pamplona\/","https:\/\/www.youtube.com\/user\/laguiadepamplona"]},{"@type":"Person","@id":"https:\/\/www.laguiadepamplona.com\/actualidad\/#\/schema\/person\/efe887376f0213d4657c93adc50b1fdb","name":"La Gu\u00eda de Pamplona","image":{"@type":"ImageObject","inLanguage":"es","@id":"https:\/\/secure.gravatar.com\/avatar\/b6992f131dc8d30ab0dff15446e9d346d9dbd95992de0fef795073f5ea83a81c?s=96&d=mm&r=g","url":"https:\/\/secure.gravatar.com\/avatar\/b6992f131dc8d30ab0dff15446e9d346d9dbd95992de0fef795073f5ea83a81c?s=96&d=mm&r=g","contentUrl":"https:\/\/secure.gravatar.com\/avatar\/b6992f131dc8d30ab0dff15446e9d346d9dbd95992de0fef795073f5ea83a81c?s=96&d=mm&r=g","caption":"La Gu\u00eda de Pamplona"}}]}},"post_mailing_queue_ids":[],"_links":{"self":[{"href":"https:\/\/www.laguiadepamplona.com\/actualidad\/wp-json\/wp\/v2\/posts\/50018","targetHints":{"allow":["GET"]}}],"collection":[{"href":"https:\/\/www.laguiadepamplona.com\/actualidad\/wp-json\/wp\/v2\/posts"}],"about":[{"href":"https:\/\/www.laguiadepamplona.com\/actualidad\/wp-json\/wp\/v2\/types\/post"}],"author":[{"embeddable":true,"href":"https:\/\/www.laguiadepamplona.com\/actualidad\/wp-json\/wp\/v2\/users\/1"}],"replies":[{"embeddable":true,"href":"https:\/\/www.laguiadepamplona.com\/actualidad\/wp-json\/wp\/v2\/comments?post=50018"}],"version-history":[{"count":1,"href":"https:\/\/www.laguiadepamplona.com\/actualidad\/wp-json\/wp\/v2\/posts\/50018\/revisions"}],"predecessor-version":[{"id":50019,"href":"https:\/\/www.laguiadepamplona.com\/actualidad\/wp-json\/wp\/v2\/posts\/50018\/revisions\/50019"}],"wp:featuredmedia":[{"embeddable":true,"href":"https:\/\/www.laguiadepamplona.com\/actualidad\/wp-json\/wp\/v2\/media\/49153"}],"wp:attachment":[{"href":"https:\/\/www.laguiadepamplona.com\/actualidad\/wp-json\/wp\/v2\/media?parent=50018"}],"wp:term":[{"taxonomy":"category","embeddable":true,"href":"https:\/\/www.laguiadepamplona.com\/actualidad\/wp-json\/wp\/v2\/categories?post=50018"},{"taxonomy":"post_tag","embeddable":true,"href":"https:\/\/www.laguiadepamplona.com\/actualidad\/wp-json\/wp\/v2\/tags?post=50018"}],"curies":[{"name":"wp","href":"https:\/\/api.w.org\/{rel}","templated":true}]}}