{"id":50011,"date":"2024-06-07T13:34:17","date_gmt":"2024-06-07T11:34:17","guid":{"rendered":"https:\/\/www.laguiadepamplona.com\/actualidad\/?p=50011"},"modified":"2024-06-07T13:34:17","modified_gmt":"2024-06-07T11:34:17","slug":"la-ciudadania-de-la-milagrosa-tiene-una-oferta-de-ocio-del-10-al-15-de-junio-para-relacionarse-codo-con-codo-en-su-civivox","status":"publish","type":"post","link":"https:\/\/www.laguiadepamplona.com\/actualidad\/la-ciudadania-de-la-milagrosa-tiene-una-oferta-de-ocio-del-10-al-15-de-junio-para-relacionarse-codo-con-codo-en-su-civivox\/","title":{"rendered":"La ciudadan\u00eda de la Milagrosa tiene una oferta de ocio del 10 al 15 de junio para relacionarse \u2018Codo con codo\u2019 en su civivox"},"content":{"rendered":"<h2>Ayuntamiento, asociaciones, entidades u ONG buscan puntos de encuentro intergeneracionales, diversos y multiculturales<\/h2>\n<p><!--more--><\/p>\n<p>Del 10 al 15 de junio Civivox Milagrosa acoger\u00e1 \u2018Codo con codo\u2019, un ciclo de actividades programado por el Ayuntamiento de Pamplona con las asociaciones y entidades del barrio de Milagrosa que, adem\u00e1s de ofrecer propuestas de ocio, busca generar relaciones intergeneracionales, diversas e interculturales y que el vecindario adquiera un mayor y mejor conocimiento de la historia del espacio donde vive.<\/p>\n<p>As\u00ed, en estos d\u00edas, respecto de la diversidad funcional habr\u00e1 una exposici\u00f3n (\u2018Pinceladas de asfalto\u2019) y un taller de artes pl\u00e1sticas con Fundaci\u00f3n ATENA, as\u00ed como una sesi\u00f3n de encuentro con familiares de personas con Down que contar\u00e1n su experiencia de vida y el desfile de moda \u2018Mila kolore\u2019 con Madre Coraje y Asociaci\u00f3n S\u00edndrome de Down. Desde el punto de vista de la intergeneracionalidad, en el ciclo se han planteado talleres: uno chapas, otro de cuentos y otro de juegos de mesa, junto con la realizaci\u00f3n de un mural participativo en el patio de Civivox Milagrosa y una exposici\u00f3n de trabajos del Colectivo de mujeres de Santa Mar\u00eda la Real. Tambi\u00e9n habr\u00e1 un concierto coral de la asociaci\u00f3n \u2018Cantando en el tiempo\u2019.<\/p>\n<p>Adem\u00e1s de conocer mejor la composici\u00f3n del vecindario, las propuestas de \u2018Codo con codo\u2019 buscan un mejor conocimiento del barrio, para lo que se ha planteado una visita en bicicleta, una conferencia sobre la historia de la Mila con personas que conocieron sus or\u00edgenes y un punto de informaci\u00f3n y encuentro con personas de etnia gitana del vecindario de la mano de M\u00e9dicos del Mundo. Y para terminar de definir las actividades de la semana el ciclo propone una sesi\u00f3n fotogr\u00e1fica sobre \u2018Bodypainting\u2019 con Creanavarra, una gincana y un escape room virtual de la mano del Departamento de Ciencias Humanas y de la Educaci\u00f3n de la Universidad P\u00fablica de Navarra.<\/p>\n<p>Aunque la mayor\u00eda de las actividades est\u00e1n programadas en Civivox Milagrosa tambi\u00e9n se usar\u00e1n para las actividades otros espacios como el centro Convive Larrabide (calle Goroabe 25), el Centro R\u00edo Irati (calle R\u00edo Irati, 7) o la plaza Alfredo Florist\u00e1n. Entre las entidades implicadas en esta programaci\u00f3n Fundaci\u00f3n ATENA, Creanavarra, la Asociaci\u00f3n de vecinos santa mar\u00eda la real, Iruziklo, Madre Coraje o M\u00e9dicos del Mundo. Hay propuestas para todos los p\u00fablicos, intergeneracionales y para diferentes franjas de edad, en horarios de ma\u00f1ana y tarde.<\/p>\n<p>Todas las actividades son gratuitas, aunque algunas requieren inscripci\u00f3n previa como el taller de fotograf\u00eda y el de cuentos del d\u00eda 11 de junio<\/p>\n<p>&nbsp;<\/p>\n<h3>Milagrosa Codo con codo<\/h3>\n<p>27 mayo \u2013\u00a0 12 junio<\/p>\n<ul>\n<li><strong>Pinceladas de asfalto <\/strong><\/li>\n<li>EXPOSICI\u00d3N<\/li>\n<li>Coordina:Fundaci\u00f3n ATENA<\/li>\n<li>Civivox Milagrosa<\/li>\n<\/ul>\n<p>14 \u2013 28 junio<\/p>\n<ul>\n<li><strong>Muestra colectiva<\/strong><\/li>\n<li>EXPOSICI\u00d3N<\/li>\n<li>Mujeres de Santa Mar\u00eda la Real<\/li>\n<li>Civivox Milagrosa<\/li>\n<\/ul>\n<p>&nbsp;<\/p>\n<p>Del 10 al 15 de junio<\/p>\n<ul>\n<li><strong>Gincana virtual presencial y online<\/strong><\/li>\n<li>GINCANA<\/li>\n<li>En colaboraci\u00f3n con la UPNA. Para p\u00fablico familiar<\/li>\n<\/ul>\n<p>&nbsp;<\/p>\n<p>Del 10 al 15 de junio<\/p>\n<ul>\n<li><strong>Escape room virtual presencial y online<\/strong><\/li>\n<li>JUEGO<\/li>\n<li>En colaboraci\u00f3n con la UPNA. Para p\u00fablico mayor de 16 a\u00f1os<\/li>\n<\/ul>\n<p>&nbsp;<\/p>\n<p><u>Martes, 11 junio<\/u><\/p>\n<ul>\n<li><strong>Ven a contar tu historia<\/strong><\/li>\n<li>CONFERENCIA<\/li>\n<li>Actividad intergeneracional.<\/li>\n<li>Centro Convive Larrabide. 17.30 horas. Entrada libre<\/li>\n<\/ul>\n<p>&nbsp;<\/p>\n<ul>\n<li><strong>Shooting fotogr\u00e1fico. Bodypainting<\/strong><\/li>\n<li>TALLER<\/li>\n<li>En colaboraci\u00f3n con Creanavarra. para mayores de 16<\/li>\n<li>Civivox Milagrosa. 18 horas. Entrada libre, previa inscripci\u00f3n<\/li>\n<\/ul>\n<p>&nbsp;<\/p>\n<ul>\n<li><strong>Cuentos intergeneracionales<\/strong><\/li>\n<li>TALLER<\/li>\n<li>Asociaci\u00f3n de vecinos de Santa Mar\u00eda la Real<\/li>\n<li>Para p\u00fablico de 4 a 10 a\u00f1os, en compa\u00f1\u00eda de una persona adulta<\/li>\n<li>Civivox Milagrosa. 17 horas. Gratuito. con inscripci\u00f3n previa<\/li>\n<\/ul>\n<p>&nbsp;<\/p>\n<p><u>Mi\u00e9rcoles, 12 junio<\/u><\/p>\n<ul>\n<li><strong>Artes pl\u00e1sticas <\/strong><\/li>\n<li>TALLER<\/li>\n<li>Coordina:Fundaci\u00f3n ATENA<\/li>\n<li>Para p\u00fablico de 6 a 12 a\u00f1os<\/li>\n<li>Civivox Milagrosa. 17.30 horas. Gratuito. con inscripci\u00f3n previa<\/li>\n<\/ul>\n<p>&nbsp;<\/p>\n<ul>\n<li><strong>Videojuegos<\/strong><\/li>\n<li>TALLER<\/li>\n<li>Testeo de videojuegos con Creanavarra<\/li>\n<li>Para p\u00fablico mayor de 14 a\u00f1os<\/li>\n<li>Civivox Milagrosa. De 10 a 13.30 horas y de 17 a 19 horas. Gratuito con inscripci\u00f3n previa<\/li>\n<\/ul>\n<p>&nbsp;<\/p>\n<ul>\n<li><strong>Crea tu chapa<\/strong><\/li>\n<li>TALLER<\/li>\n<li>Coordina: Centro R\u00edo Irati.<\/li>\n<li>Centro R\u00edo Irati. 17 horas. Gratuito con inscripci\u00f3n previa<\/li>\n<\/ul>\n<p>&nbsp;<\/p>\n<p><u>Jueves 13 de junio <\/u><\/p>\n<ul>\n<li><strong>Visita guiada al barrio en bicicleta <\/strong><\/li>\n<li>PASEO<\/li>\n<li>Para p\u00fablico a partir de 5 a\u00f1os. 15 plazas<\/li>\n<li>Punto de encuentro: plaza Felisa Munarriz17:00-19:00 Gratuito con inscripci\u00f3n previa<\/li>\n<\/ul>\n<p>&nbsp;<\/p>\n<p><u>Viernes 14 de junio <\/u><\/p>\n<ul>\n<li><strong>Mila kolore<\/strong><\/li>\n<li>DESFILE DE MODA<\/li>\n<li>En colaboraci\u00f3n con Madre Coraje y Asociaci\u00f3n S\u00edndrome de Down Navarra<\/li>\n<li>Para todos los p\u00fablicos<\/li>\n<li>Plaza Alfredo Florist\u00e1n. 18.30 horas. Libre participaci\u00f3n<\/li>\n<\/ul>\n<p>&nbsp;<\/p>\n<ul>\n<li><strong>M\u00fasica coral<\/strong><\/li>\n<li>CONCIERTO<\/li>\n<li>Asociaci\u00f3n Cantando en el tiempo<\/li>\n<li>Para todos los p\u00fablicos<\/li>\n<li>Plaza Alfredo Florist\u00e1n. 19 horas. Libre participaci\u00f3n<\/li>\n<\/ul>\n<p>&nbsp;<\/p>\n<p><u>S\u00e1bado 15 de junio <\/u><\/p>\n<ul>\n<li><strong>Mural participativo <\/strong><\/li>\n<li>TALLER DE PINTURA MURAL<\/li>\n<li>Omapora, M\u00f3nica Revenga<\/li>\n<li>Patio de Civivox Milagrosa. De 10 a 14 horas. Libre participaci\u00f3n<\/li>\n<\/ul>\n<p>&nbsp;<\/p>\n<ul>\n<li><strong>Inclusi\u00f3n social de personas y familias gitanas de origen rumano en Pamplona y Comarca <\/strong><\/li>\n<li>PUNTO INFORMATIVO<\/li>\n<li>Para todos los p\u00fablicos<\/li>\n<li>Patio de Civivox Milagrosa. De 10.30 a 12.30 horas. Libre participaci\u00f3n<\/li>\n<\/ul>\n<p>&nbsp;<\/p>\n<ul>\n<li><strong>\u00a1Con\u00f3ceme e incl\u00fayeme! <\/strong><\/li>\n<li>TALLER<\/li>\n<li>En colaboraci\u00f3n con la Asociaci\u00f3n S\u00edndrome de Down Navarra<\/li>\n<li>Para p\u00fablico de 6 a 12 a\u00f1os<\/li>\n<li>Civivox Milagrosa. De 10.30 a 11.30 horas. Gratuito con inscripci\u00f3n previa<\/li>\n<\/ul>\n<p>&nbsp;<\/p>\n<ul>\n<li><strong>Juegos intergeneracionales <\/strong><\/li>\n<li>JUEGOS DE MESA<\/li>\n<li>En colaboraci\u00f3n con la Asociaci\u00f3n de Vecinos de Santa Mar\u00eda la Real<\/li>\n<li>Patio de Civivox Milagrosa. De 11.30 a 13.30 horas. Libre participaci\u00f3n<\/li>\n<\/ul>\n<p>&nbsp;<\/p>\n","protected":false},"excerpt":{"rendered":"<p>Ayuntamiento, asociaciones, entidades u ONG buscan puntos de encuentro intergeneracionales, diversos y multiculturales<\/p>\n","protected":false},"author":1,"featured_media":50012,"comment_status":"open","ping_status":"closed","sticky":false,"template":"","format":"standard","meta":{"footnotes":""},"categories":[2],"tags":[],"class_list":["post-50011","post","type-post","status-publish","format-standard","has-post-thumbnail","hentry","category-ayuntamiento-pamplona"],"yoast_head":"<!-- This site is optimized with the Yoast SEO plugin v27.3 - https:\/\/yoast.com\/product\/yoast-seo-wordpress\/ -->\n<title>La ciudadan\u00eda de la Milagrosa tiene una oferta de ocio del 10 al 15 de junio para relacionarse \u2018Codo con codo\u2019 en su civivox<\/title>\n<meta name=\"description\" content=\"Ayuntamiento, asociaciones, entidades u ONG buscan puntos de encuentro intergeneracionales, diversos y multiculturales\" \/>\n<meta name=\"robots\" content=\"index, follow, max-snippet:-1, max-image-preview:large, max-video-preview:-1\" \/>\n<link rel=\"canonical\" href=\"https:\/\/www.laguiadepamplona.com\/actualidad\/la-ciudadania-de-la-milagrosa-tiene-una-oferta-de-ocio-del-10-al-15-de-junio-para-relacionarse-codo-con-codo-en-su-civivox\/\" \/>\n<meta property=\"og:locale\" content=\"es_ES\" \/>\n<meta property=\"og:type\" content=\"article\" \/>\n<meta property=\"og:title\" content=\"La ciudadan\u00eda de la Milagrosa tiene una oferta de ocio del 10 al 15 de junio para relacionarse \u2018Codo con codo\u2019 en su civivox\" \/>\n<meta property=\"og:description\" content=\"Ayuntamiento, asociaciones, entidades u ONG buscan puntos de encuentro intergeneracionales, diversos y multiculturales\" \/>\n<meta property=\"og:url\" content=\"https:\/\/www.laguiadepamplona.com\/actualidad\/la-ciudadania-de-la-milagrosa-tiene-una-oferta-de-ocio-del-10-al-15-de-junio-para-relacionarse-codo-con-codo-en-su-civivox\/\" \/>\n<meta property=\"og:site_name\" content=\"La Gu\u00eda de Pamplona\" \/>\n<meta property=\"article:publisher\" content=\"https:\/\/www.facebook.com\/laguiadepamplonacom-133175176762273\/?ref=hl\" \/>\n<meta property=\"article:published_time\" content=\"2024-06-07T11:34:17+00:00\" \/>\n<meta property=\"og:image\" content=\"https:\/\/www.laguiadepamplona.com\/actualidad\/wp-content\/uploads\/2024\/06\/Expo-pinceladas-Fundacion-Atena-1_0.webp\" \/>\n\t<meta property=\"og:image:width\" content=\"621\" \/>\n\t<meta property=\"og:image:height\" content=\"621\" \/>\n\t<meta property=\"og:image:type\" content=\"image\/webp\" \/>\n<meta name=\"author\" content=\"La Gu\u00eda de Pamplona\" \/>\n<meta name=\"twitter:card\" content=\"summary_large_image\" \/>\n<meta name=\"twitter:creator\" content=\"@LaGuiadPamplona\" \/>\n<meta name=\"twitter:site\" content=\"@LaGuiadPamplona\" \/>\n<meta name=\"twitter:label1\" content=\"Escrito por\" \/>\n\t<meta name=\"twitter:data1\" content=\"La Gu\u00eda de Pamplona\" \/>\n\t<meta name=\"twitter:label2\" content=\"Tiempo de lectura\" \/>\n\t<meta name=\"twitter:data2\" content=\"4 minutos\" \/>\n<script type=\"application\/ld+json\" class=\"yoast-schema-graph\">{\"@context\":\"https:\\\/\\\/schema.org\",\"@graph\":[{\"@type\":\"Article\",\"@id\":\"https:\\\/\\\/www.laguiadepamplona.com\\\/actualidad\\\/la-ciudadania-de-la-milagrosa-tiene-una-oferta-de-ocio-del-10-al-15-de-junio-para-relacionarse-codo-con-codo-en-su-civivox\\\/#article\",\"isPartOf\":{\"@id\":\"https:\\\/\\\/www.laguiadepamplona.com\\\/actualidad\\\/la-ciudadania-de-la-milagrosa-tiene-una-oferta-de-ocio-del-10-al-15-de-junio-para-relacionarse-codo-con-codo-en-su-civivox\\\/\"},\"author\":{\"name\":\"La Gu\u00eda de Pamplona\",\"@id\":\"https:\\\/\\\/www.laguiadepamplona.com\\\/actualidad\\\/#\\\/schema\\\/person\\\/efe887376f0213d4657c93adc50b1fdb\"},\"headline\":\"La ciudadan\u00eda de la Milagrosa tiene una oferta de ocio del 10 al 15 de junio para relacionarse \u2018Codo con codo\u2019 en su civivox\",\"datePublished\":\"2024-06-07T11:34:17+00:00\",\"mainEntityOfPage\":{\"@id\":\"https:\\\/\\\/www.laguiadepamplona.com\\\/actualidad\\\/la-ciudadania-de-la-milagrosa-tiene-una-oferta-de-ocio-del-10-al-15-de-junio-para-relacionarse-codo-con-codo-en-su-civivox\\\/\"},\"wordCount\":921,\"commentCount\":0,\"publisher\":{\"@id\":\"https:\\\/\\\/www.laguiadepamplona.com\\\/actualidad\\\/#organization\"},\"image\":{\"@id\":\"https:\\\/\\\/www.laguiadepamplona.com\\\/actualidad\\\/la-ciudadania-de-la-milagrosa-tiene-una-oferta-de-ocio-del-10-al-15-de-junio-para-relacionarse-codo-con-codo-en-su-civivox\\\/#primaryimage\"},\"thumbnailUrl\":\"https:\\\/\\\/www.laguiadepamplona.com\\\/actualidad\\\/wp-content\\\/uploads\\\/2024\\\/06\\\/Expo-pinceladas-Fundacion-Atena-1_0.webp\",\"articleSection\":[\"Ayto Pamplona\"],\"inLanguage\":\"es\",\"potentialAction\":[{\"@type\":\"CommentAction\",\"name\":\"Comment\",\"target\":[\"https:\\\/\\\/www.laguiadepamplona.com\\\/actualidad\\\/la-ciudadania-de-la-milagrosa-tiene-una-oferta-de-ocio-del-10-al-15-de-junio-para-relacionarse-codo-con-codo-en-su-civivox\\\/#respond\"]}]},{\"@type\":\"WebPage\",\"@id\":\"https:\\\/\\\/www.laguiadepamplona.com\\\/actualidad\\\/la-ciudadania-de-la-milagrosa-tiene-una-oferta-de-ocio-del-10-al-15-de-junio-para-relacionarse-codo-con-codo-en-su-civivox\\\/\",\"url\":\"https:\\\/\\\/www.laguiadepamplona.com\\\/actualidad\\\/la-ciudadania-de-la-milagrosa-tiene-una-oferta-de-ocio-del-10-al-15-de-junio-para-relacionarse-codo-con-codo-en-su-civivox\\\/\",\"name\":\"La ciudadan\u00eda de la Milagrosa tiene una oferta de ocio del 10 al 15 de junio para relacionarse \u2018Codo con codo\u2019 en su civivox\",\"isPartOf\":{\"@id\":\"https:\\\/\\\/www.laguiadepamplona.com\\\/actualidad\\\/#website\"},\"primaryImageOfPage\":{\"@id\":\"https:\\\/\\\/www.laguiadepamplona.com\\\/actualidad\\\/la-ciudadania-de-la-milagrosa-tiene-una-oferta-de-ocio-del-10-al-15-de-junio-para-relacionarse-codo-con-codo-en-su-civivox\\\/#primaryimage\"},\"image\":{\"@id\":\"https:\\\/\\\/www.laguiadepamplona.com\\\/actualidad\\\/la-ciudadania-de-la-milagrosa-tiene-una-oferta-de-ocio-del-10-al-15-de-junio-para-relacionarse-codo-con-codo-en-su-civivox\\\/#primaryimage\"},\"thumbnailUrl\":\"https:\\\/\\\/www.laguiadepamplona.com\\\/actualidad\\\/wp-content\\\/uploads\\\/2024\\\/06\\\/Expo-pinceladas-Fundacion-Atena-1_0.webp\",\"datePublished\":\"2024-06-07T11:34:17+00:00\",\"description\":\"Ayuntamiento, asociaciones, entidades u ONG buscan puntos de encuentro intergeneracionales, diversos y multiculturales\",\"breadcrumb\":{\"@id\":\"https:\\\/\\\/www.laguiadepamplona.com\\\/actualidad\\\/la-ciudadania-de-la-milagrosa-tiene-una-oferta-de-ocio-del-10-al-15-de-junio-para-relacionarse-codo-con-codo-en-su-civivox\\\/#breadcrumb\"},\"inLanguage\":\"es\",\"potentialAction\":[{\"@type\":\"ReadAction\",\"target\":[\"https:\\\/\\\/www.laguiadepamplona.com\\\/actualidad\\\/la-ciudadania-de-la-milagrosa-tiene-una-oferta-de-ocio-del-10-al-15-de-junio-para-relacionarse-codo-con-codo-en-su-civivox\\\/\"]}]},{\"@type\":\"ImageObject\",\"inLanguage\":\"es\",\"@id\":\"https:\\\/\\\/www.laguiadepamplona.com\\\/actualidad\\\/la-ciudadania-de-la-milagrosa-tiene-una-oferta-de-ocio-del-10-al-15-de-junio-para-relacionarse-codo-con-codo-en-su-civivox\\\/#primaryimage\",\"url\":\"https:\\\/\\\/www.laguiadepamplona.com\\\/actualidad\\\/wp-content\\\/uploads\\\/2024\\\/06\\\/Expo-pinceladas-Fundacion-Atena-1_0.webp\",\"contentUrl\":\"https:\\\/\\\/www.laguiadepamplona.com\\\/actualidad\\\/wp-content\\\/uploads\\\/2024\\\/06\\\/Expo-pinceladas-Fundacion-Atena-1_0.webp\",\"width\":621,\"height\":621,\"caption\":\"exposici\u00f3n pinceladas fundaci\u00f3n atena\"},{\"@type\":\"BreadcrumbList\",\"@id\":\"https:\\\/\\\/www.laguiadepamplona.com\\\/actualidad\\\/la-ciudadania-de-la-milagrosa-tiene-una-oferta-de-ocio-del-10-al-15-de-junio-para-relacionarse-codo-con-codo-en-su-civivox\\\/#breadcrumb\",\"itemListElement\":[{\"@type\":\"ListItem\",\"position\":1,\"name\":\"Portada\",\"item\":\"https:\\\/\\\/www.laguiadepamplona.com\\\/actualidad\\\/\"},{\"@type\":\"ListItem\",\"position\":2,\"name\":\"La ciudadan\u00eda de la Milagrosa tiene una oferta de ocio del 10 al 15 de junio para relacionarse \u2018Codo con codo\u2019 en su civivox\"}]},{\"@type\":\"WebSite\",\"@id\":\"https:\\\/\\\/www.laguiadepamplona.com\\\/actualidad\\\/#website\",\"url\":\"https:\\\/\\\/www.laguiadepamplona.com\\\/actualidad\\\/\",\"name\":\"La gu\u00eda de Pamplona\",\"description\":\"Noticias de Pamplona\",\"publisher\":{\"@id\":\"https:\\\/\\\/www.laguiadepamplona.com\\\/actualidad\\\/#organization\"},\"potentialAction\":[{\"@type\":\"SearchAction\",\"target\":{\"@type\":\"EntryPoint\",\"urlTemplate\":\"https:\\\/\\\/www.laguiadepamplona.com\\\/actualidad\\\/?s={search_term_string}\"},\"query-input\":{\"@type\":\"PropertyValueSpecification\",\"valueRequired\":true,\"valueName\":\"search_term_string\"}}],\"inLanguage\":\"es\"},{\"@type\":\"Organization\",\"@id\":\"https:\\\/\\\/www.laguiadepamplona.com\\\/actualidad\\\/#organization\",\"name\":\"La Gu\u00eda de Pamplona \\\/ Noticias\",\"url\":\"https:\\\/\\\/www.laguiadepamplona.com\\\/actualidad\\\/\",\"logo\":{\"@type\":\"ImageObject\",\"inLanguage\":\"es\",\"@id\":\"https:\\\/\\\/www.laguiadepamplona.com\\\/actualidad\\\/#\\\/schema\\\/logo\\\/image\\\/\",\"url\":\"https:\\\/\\\/www.laguiadepamplona.com\\\/actualidad\\\/wp-content\\\/uploads\\\/2018\\\/11\\\/logo-laguiadepamplona18-web1.png\",\"contentUrl\":\"https:\\\/\\\/www.laguiadepamplona.com\\\/actualidad\\\/wp-content\\\/uploads\\\/2018\\\/11\\\/logo-laguiadepamplona18-web1.png\",\"width\":600,\"height\":196,\"caption\":\"La Gu\u00eda de Pamplona \\\/ Noticias\"},\"image\":{\"@id\":\"https:\\\/\\\/www.laguiadepamplona.com\\\/actualidad\\\/#\\\/schema\\\/logo\\\/image\\\/\"},\"sameAs\":[\"https:\\\/\\\/www.facebook.com\\\/laguiadepamplonacom-133175176762273\\\/?ref=hl\",\"https:\\\/\\\/x.com\\\/LaGuiadPamplona\",\"https:\\\/\\\/www.instagram.com\\\/la_guia_de_pamplona\\\/\",\"https:\\\/\\\/www.youtube.com\\\/user\\\/laguiadepamplona\"]},{\"@type\":\"Person\",\"@id\":\"https:\\\/\\\/www.laguiadepamplona.com\\\/actualidad\\\/#\\\/schema\\\/person\\\/efe887376f0213d4657c93adc50b1fdb\",\"name\":\"La Gu\u00eda de Pamplona\",\"image\":{\"@type\":\"ImageObject\",\"inLanguage\":\"es\",\"@id\":\"https:\\\/\\\/secure.gravatar.com\\\/avatar\\\/b6992f131dc8d30ab0dff15446e9d346d9dbd95992de0fef795073f5ea83a81c?s=96&d=mm&r=g\",\"url\":\"https:\\\/\\\/secure.gravatar.com\\\/avatar\\\/b6992f131dc8d30ab0dff15446e9d346d9dbd95992de0fef795073f5ea83a81c?s=96&d=mm&r=g\",\"contentUrl\":\"https:\\\/\\\/secure.gravatar.com\\\/avatar\\\/b6992f131dc8d30ab0dff15446e9d346d9dbd95992de0fef795073f5ea83a81c?s=96&d=mm&r=g\",\"caption\":\"La Gu\u00eda de Pamplona\"}}]}<\/script>\n<!-- \/ Yoast SEO plugin. -->","yoast_head_json":{"title":"La ciudadan\u00eda de la Milagrosa tiene una oferta de ocio del 10 al 15 de junio para relacionarse \u2018Codo con codo\u2019 en su civivox","description":"Ayuntamiento, asociaciones, entidades u ONG buscan puntos de encuentro intergeneracionales, diversos y multiculturales","robots":{"index":"index","follow":"follow","max-snippet":"max-snippet:-1","max-image-preview":"max-image-preview:large","max-video-preview":"max-video-preview:-1"},"canonical":"https:\/\/www.laguiadepamplona.com\/actualidad\/la-ciudadania-de-la-milagrosa-tiene-una-oferta-de-ocio-del-10-al-15-de-junio-para-relacionarse-codo-con-codo-en-su-civivox\/","og_locale":"es_ES","og_type":"article","og_title":"La ciudadan\u00eda de la Milagrosa tiene una oferta de ocio del 10 al 15 de junio para relacionarse \u2018Codo con codo\u2019 en su civivox","og_description":"Ayuntamiento, asociaciones, entidades u ONG buscan puntos de encuentro intergeneracionales, diversos y multiculturales","og_url":"https:\/\/www.laguiadepamplona.com\/actualidad\/la-ciudadania-de-la-milagrosa-tiene-una-oferta-de-ocio-del-10-al-15-de-junio-para-relacionarse-codo-con-codo-en-su-civivox\/","og_site_name":"La Gu\u00eda de Pamplona","article_publisher":"https:\/\/www.facebook.com\/laguiadepamplonacom-133175176762273\/?ref=hl","article_published_time":"2024-06-07T11:34:17+00:00","og_image":[{"width":621,"height":621,"url":"https:\/\/www.laguiadepamplona.com\/actualidad\/wp-content\/uploads\/2024\/06\/Expo-pinceladas-Fundacion-Atena-1_0.webp","type":"image\/webp"}],"author":"La Gu\u00eda de Pamplona","twitter_card":"summary_large_image","twitter_creator":"@LaGuiadPamplona","twitter_site":"@LaGuiadPamplona","twitter_misc":{"Escrito por":"La Gu\u00eda de Pamplona","Tiempo de lectura":"4 minutos"},"schema":{"@context":"https:\/\/schema.org","@graph":[{"@type":"Article","@id":"https:\/\/www.laguiadepamplona.com\/actualidad\/la-ciudadania-de-la-milagrosa-tiene-una-oferta-de-ocio-del-10-al-15-de-junio-para-relacionarse-codo-con-codo-en-su-civivox\/#article","isPartOf":{"@id":"https:\/\/www.laguiadepamplona.com\/actualidad\/la-ciudadania-de-la-milagrosa-tiene-una-oferta-de-ocio-del-10-al-15-de-junio-para-relacionarse-codo-con-codo-en-su-civivox\/"},"author":{"name":"La Gu\u00eda de Pamplona","@id":"https:\/\/www.laguiadepamplona.com\/actualidad\/#\/schema\/person\/efe887376f0213d4657c93adc50b1fdb"},"headline":"La ciudadan\u00eda de la Milagrosa tiene una oferta de ocio del 10 al 15 de junio para relacionarse \u2018Codo con codo\u2019 en su civivox","datePublished":"2024-06-07T11:34:17+00:00","mainEntityOfPage":{"@id":"https:\/\/www.laguiadepamplona.com\/actualidad\/la-ciudadania-de-la-milagrosa-tiene-una-oferta-de-ocio-del-10-al-15-de-junio-para-relacionarse-codo-con-codo-en-su-civivox\/"},"wordCount":921,"commentCount":0,"publisher":{"@id":"https:\/\/www.laguiadepamplona.com\/actualidad\/#organization"},"image":{"@id":"https:\/\/www.laguiadepamplona.com\/actualidad\/la-ciudadania-de-la-milagrosa-tiene-una-oferta-de-ocio-del-10-al-15-de-junio-para-relacionarse-codo-con-codo-en-su-civivox\/#primaryimage"},"thumbnailUrl":"https:\/\/www.laguiadepamplona.com\/actualidad\/wp-content\/uploads\/2024\/06\/Expo-pinceladas-Fundacion-Atena-1_0.webp","articleSection":["Ayto Pamplona"],"inLanguage":"es","potentialAction":[{"@type":"CommentAction","name":"Comment","target":["https:\/\/www.laguiadepamplona.com\/actualidad\/la-ciudadania-de-la-milagrosa-tiene-una-oferta-de-ocio-del-10-al-15-de-junio-para-relacionarse-codo-con-codo-en-su-civivox\/#respond"]}]},{"@type":"WebPage","@id":"https:\/\/www.laguiadepamplona.com\/actualidad\/la-ciudadania-de-la-milagrosa-tiene-una-oferta-de-ocio-del-10-al-15-de-junio-para-relacionarse-codo-con-codo-en-su-civivox\/","url":"https:\/\/www.laguiadepamplona.com\/actualidad\/la-ciudadania-de-la-milagrosa-tiene-una-oferta-de-ocio-del-10-al-15-de-junio-para-relacionarse-codo-con-codo-en-su-civivox\/","name":"La ciudadan\u00eda de la Milagrosa tiene una oferta de ocio del 10 al 15 de junio para relacionarse \u2018Codo con codo\u2019 en su civivox","isPartOf":{"@id":"https:\/\/www.laguiadepamplona.com\/actualidad\/#website"},"primaryImageOfPage":{"@id":"https:\/\/www.laguiadepamplona.com\/actualidad\/la-ciudadania-de-la-milagrosa-tiene-una-oferta-de-ocio-del-10-al-15-de-junio-para-relacionarse-codo-con-codo-en-su-civivox\/#primaryimage"},"image":{"@id":"https:\/\/www.laguiadepamplona.com\/actualidad\/la-ciudadania-de-la-milagrosa-tiene-una-oferta-de-ocio-del-10-al-15-de-junio-para-relacionarse-codo-con-codo-en-su-civivox\/#primaryimage"},"thumbnailUrl":"https:\/\/www.laguiadepamplona.com\/actualidad\/wp-content\/uploads\/2024\/06\/Expo-pinceladas-Fundacion-Atena-1_0.webp","datePublished":"2024-06-07T11:34:17+00:00","description":"Ayuntamiento, asociaciones, entidades u ONG buscan puntos de encuentro intergeneracionales, diversos y multiculturales","breadcrumb":{"@id":"https:\/\/www.laguiadepamplona.com\/actualidad\/la-ciudadania-de-la-milagrosa-tiene-una-oferta-de-ocio-del-10-al-15-de-junio-para-relacionarse-codo-con-codo-en-su-civivox\/#breadcrumb"},"inLanguage":"es","potentialAction":[{"@type":"ReadAction","target":["https:\/\/www.laguiadepamplona.com\/actualidad\/la-ciudadania-de-la-milagrosa-tiene-una-oferta-de-ocio-del-10-al-15-de-junio-para-relacionarse-codo-con-codo-en-su-civivox\/"]}]},{"@type":"ImageObject","inLanguage":"es","@id":"https:\/\/www.laguiadepamplona.com\/actualidad\/la-ciudadania-de-la-milagrosa-tiene-una-oferta-de-ocio-del-10-al-15-de-junio-para-relacionarse-codo-con-codo-en-su-civivox\/#primaryimage","url":"https:\/\/www.laguiadepamplona.com\/actualidad\/wp-content\/uploads\/2024\/06\/Expo-pinceladas-Fundacion-Atena-1_0.webp","contentUrl":"https:\/\/www.laguiadepamplona.com\/actualidad\/wp-content\/uploads\/2024\/06\/Expo-pinceladas-Fundacion-Atena-1_0.webp","width":621,"height":621,"caption":"exposici\u00f3n pinceladas fundaci\u00f3n atena"},{"@type":"BreadcrumbList","@id":"https:\/\/www.laguiadepamplona.com\/actualidad\/la-ciudadania-de-la-milagrosa-tiene-una-oferta-de-ocio-del-10-al-15-de-junio-para-relacionarse-codo-con-codo-en-su-civivox\/#breadcrumb","itemListElement":[{"@type":"ListItem","position":1,"name":"Portada","item":"https:\/\/www.laguiadepamplona.com\/actualidad\/"},{"@type":"ListItem","position":2,"name":"La ciudadan\u00eda de la Milagrosa tiene una oferta de ocio del 10 al 15 de junio para relacionarse \u2018Codo con codo\u2019 en su civivox"}]},{"@type":"WebSite","@id":"https:\/\/www.laguiadepamplona.com\/actualidad\/#website","url":"https:\/\/www.laguiadepamplona.com\/actualidad\/","name":"La gu\u00eda de Pamplona","description":"Noticias de Pamplona","publisher":{"@id":"https:\/\/www.laguiadepamplona.com\/actualidad\/#organization"},"potentialAction":[{"@type":"SearchAction","target":{"@type":"EntryPoint","urlTemplate":"https:\/\/www.laguiadepamplona.com\/actualidad\/?s={search_term_string}"},"query-input":{"@type":"PropertyValueSpecification","valueRequired":true,"valueName":"search_term_string"}}],"inLanguage":"es"},{"@type":"Organization","@id":"https:\/\/www.laguiadepamplona.com\/actualidad\/#organization","name":"La Gu\u00eda de Pamplona \/ Noticias","url":"https:\/\/www.laguiadepamplona.com\/actualidad\/","logo":{"@type":"ImageObject","inLanguage":"es","@id":"https:\/\/www.laguiadepamplona.com\/actualidad\/#\/schema\/logo\/image\/","url":"https:\/\/www.laguiadepamplona.com\/actualidad\/wp-content\/uploads\/2018\/11\/logo-laguiadepamplona18-web1.png","contentUrl":"https:\/\/www.laguiadepamplona.com\/actualidad\/wp-content\/uploads\/2018\/11\/logo-laguiadepamplona18-web1.png","width":600,"height":196,"caption":"La Gu\u00eda de Pamplona \/ Noticias"},"image":{"@id":"https:\/\/www.laguiadepamplona.com\/actualidad\/#\/schema\/logo\/image\/"},"sameAs":["https:\/\/www.facebook.com\/laguiadepamplonacom-133175176762273\/?ref=hl","https:\/\/x.com\/LaGuiadPamplona","https:\/\/www.instagram.com\/la_guia_de_pamplona\/","https:\/\/www.youtube.com\/user\/laguiadepamplona"]},{"@type":"Person","@id":"https:\/\/www.laguiadepamplona.com\/actualidad\/#\/schema\/person\/efe887376f0213d4657c93adc50b1fdb","name":"La Gu\u00eda de Pamplona","image":{"@type":"ImageObject","inLanguage":"es","@id":"https:\/\/secure.gravatar.com\/avatar\/b6992f131dc8d30ab0dff15446e9d346d9dbd95992de0fef795073f5ea83a81c?s=96&d=mm&r=g","url":"https:\/\/secure.gravatar.com\/avatar\/b6992f131dc8d30ab0dff15446e9d346d9dbd95992de0fef795073f5ea83a81c?s=96&d=mm&r=g","contentUrl":"https:\/\/secure.gravatar.com\/avatar\/b6992f131dc8d30ab0dff15446e9d346d9dbd95992de0fef795073f5ea83a81c?s=96&d=mm&r=g","caption":"La Gu\u00eda de Pamplona"}}]}},"post_mailing_queue_ids":[],"_links":{"self":[{"href":"https:\/\/www.laguiadepamplona.com\/actualidad\/wp-json\/wp\/v2\/posts\/50011","targetHints":{"allow":["GET"]}}],"collection":[{"href":"https:\/\/www.laguiadepamplona.com\/actualidad\/wp-json\/wp\/v2\/posts"}],"about":[{"href":"https:\/\/www.laguiadepamplona.com\/actualidad\/wp-json\/wp\/v2\/types\/post"}],"author":[{"embeddable":true,"href":"https:\/\/www.laguiadepamplona.com\/actualidad\/wp-json\/wp\/v2\/users\/1"}],"replies":[{"embeddable":true,"href":"https:\/\/www.laguiadepamplona.com\/actualidad\/wp-json\/wp\/v2\/comments?post=50011"}],"version-history":[{"count":1,"href":"https:\/\/www.laguiadepamplona.com\/actualidad\/wp-json\/wp\/v2\/posts\/50011\/revisions"}],"predecessor-version":[{"id":50013,"href":"https:\/\/www.laguiadepamplona.com\/actualidad\/wp-json\/wp\/v2\/posts\/50011\/revisions\/50013"}],"wp:featuredmedia":[{"embeddable":true,"href":"https:\/\/www.laguiadepamplona.com\/actualidad\/wp-json\/wp\/v2\/media\/50012"}],"wp:attachment":[{"href":"https:\/\/www.laguiadepamplona.com\/actualidad\/wp-json\/wp\/v2\/media?parent=50011"}],"wp:term":[{"taxonomy":"category","embeddable":true,"href":"https:\/\/www.laguiadepamplona.com\/actualidad\/wp-json\/wp\/v2\/categories?post=50011"},{"taxonomy":"post_tag","embeddable":true,"href":"https:\/\/www.laguiadepamplona.com\/actualidad\/wp-json\/wp\/v2\/tags?post=50011"}],"curies":[{"name":"wp","href":"https:\/\/api.w.org\/{rel}","templated":true}]}}