{"id":50009,"date":"2024-06-07T13:31:16","date_gmt":"2024-06-07T11:31:16","guid":{"rendered":"https:\/\/www.laguiadepamplona.com\/actualidad\/?p=50009"},"modified":"2024-06-07T13:31:16","modified_gmt":"2024-06-07T11:31:16","slug":"convocadas-unas-pruebas-selectivas-para-la-contratacion-temporal-de-tecnicos-de-cooperacion-al-desarrollo-para-el-ayuntamiento-de-pamplona","status":"publish","type":"post","link":"https:\/\/www.laguiadepamplona.com\/actualidad\/convocadas-unas-pruebas-selectivas-para-la-contratacion-temporal-de-tecnicos-de-cooperacion-al-desarrollo-para-el-ayuntamiento-de-pamplona\/","title":{"rendered":"Convocadas unas pruebas selectivas para la contrataci\u00f3n temporal de t\u00e9cnicos de cooperaci\u00f3n al desarrollo para el Ayuntamiento de Pamplona"},"content":{"rendered":"<h2>Las personas interesadas deben inscribirse en la web municipal hasta el lunes 17 de junio<\/h2>\n<p><!--more--><\/p>\n<p>El Ayuntamiento de Pamplona ha convocado unas pruebas selectivas para elaborar sendas relaciones de aspirantes para la contrataci\u00f3n temporal y para la formaci\u00f3n de t\u00e9cnicos de cooperaci\u00f3n al desarrollo. Las personas aspirantes pueden realizar la inscripci\u00f3n a las pruebas hasta el 17 de este mes, a trav\u00e9s de la <a href=\"https:\/\/sedeelectronica.pamplona.es\/FichaTramite.aspx?id=EP4000018&amp;Idioma=1\" target=\"_blank\" rel=\"noopener\">web municipal<\/a> donde se podr\u00e1n consultar las caracter\u00edsticas y requisitos de la prueba.<\/p>\n<p>Para poder optar a estas pruebas, ser\u00e1 necesario contar con una diplomatura o grado universitario, ingenier\u00eda t\u00e9cnica o arquitectura t\u00e9cnica. Quienes concurran a la lista para la formaci\u00f3n deber\u00e1n, adem\u00e1s, tener la condici\u00f3n de personal fijo del Ayuntamiento de Pamplona o sus organismos aut\u00f3nomos y no haber agotado el periodo m\u00e1ximo de formaci\u00f3n a que se tenga derecho. En ambos casos habr\u00e1 que sufragar los gastos de inscripci\u00f3n, de 11,20 euros.<\/p>\n<p>El objetivo es realizar el proceso de selecci\u00f3n en el mes de octubre. \u00c9ste consistir\u00e1 en la realizaci\u00f3n de dos pruebas, que se llevar\u00e1n a cabo en el mismo d\u00eda. La primera de ellas, valorada con 40 puntos, ser\u00e1 de car\u00e1cter te\u00f3rico y consistir\u00e1 en un examen tipo test sobre el temario exigido en la convocatoria. La segunda ser\u00e1 un ejercicio te\u00f3rico-pr\u00e1ctico, basado en la resoluci\u00f3n de un caso pr\u00e1ctico. \u00c9sta se valorar\u00e1 con 60 puntos. Todos los candidatos deber\u00e1n realizar las dos pruebas, si bien \u00fanicamente se corregir\u00e1 la segunda a las 25 personas que hayan obtenido las mejores puntuaciones. Con los resultados se elaborar\u00e1n dos listados diferentes: uno para la formaci\u00f3n en situaci\u00f3n de servicios especiales y otra para la contrataci\u00f3n temporal.<\/p>\n<p>El temario que las personas candidatas deber\u00e1 preparar para afrontar la prueba se compone de 20 temas, entre los que se incluyen aspectos generales como la Ley del Procedimiento Administrativo Com\u00fan y la Ordenanza General de Subvenciones del Ayuntamiento de Pamplona. Adem\u00e1s, se abordar\u00e1n otros m\u00e1s espec\u00edficos como la Ley Foral de Cooperaci\u00f3n al Desarrollo, el programa municipal de Cooperaci\u00f3n Internacional al Desarrollo y el III Plan Director de la Cooperaci\u00f3n Navarra 2021-2024, entre otros.<\/p>\n<p>&nbsp;<\/p>\n<h3>Pruebas Selectivas T\u00e9cnico\/a de Cooperaci\u00f3n al Desarrollo<\/h3>\n<ul>\n<li><strong>Listas para la formaci\u00f3n en situaci\u00f3n de servicios especiales<\/strong>\n<ul>\n<li>Para personal fijo del Ayuntamiento o sus organismos aut\u00f3nomos<\/li>\n<li>Con m\u00e1s de 3 a\u00f1os de servicios efectivos prestados en su puesto de trabajo<\/li>\n<li>Que no hayan agotado el periodo m\u00e1ximo de formaci\u00f3n<\/li>\n<li>Con diplomatura, grado universitario, ingenier\u00eda t\u00e9cnica o arquitectura t\u00e9cnica<\/li>\n<\/ul>\n<\/li>\n<li><strong>Lista para la contrataci\u00f3n temporal<\/strong>\n<ul>\n<li>Con diplomatura, grado universitario, ingenier\u00eda t\u00e9cnica o arquitectura t\u00e9cnica<\/li>\n<\/ul>\n<\/li>\n<li><strong>Plazos de inscripci\u00f3n<\/strong>: hasta el 17 de junio<\/li>\n<li><strong>Forma de inscripci\u00f3n<\/strong>: on line, a trav\u00e9s del <a href=\"https:\/\/sedeelectronica.pamplona.es\/FichaTramite.aspx?id=EP4000018&amp;Idioma=1\" target=\"_blank\" rel=\"noopener\">enlace de la convocatoria<\/a><\/li>\n<li><strong>Tasas<\/strong>: 11,20 euros<\/li>\n<\/ul>\n","protected":false},"excerpt":{"rendered":"<p>Las personas interesadas deben inscribirse en la web municipal hasta el lunes 17 de junio<\/p>\n","protected":false},"author":1,"featured_media":49912,"comment_status":"open","ping_status":"closed","sticky":false,"template":"","format":"standard","meta":{"footnotes":""},"categories":[2],"tags":[],"class_list":["post-50009","post","type-post","status-publish","format-standard","has-post-thumbnail","hentry","category-ayuntamiento-pamplona"],"yoast_head":"<!-- This site is optimized with the Yoast SEO plugin v27.3 - https:\/\/yoast.com\/product\/yoast-seo-wordpress\/ -->\n<title>Convocadas unas pruebas selectivas para la contrataci\u00f3n temporal de t\u00e9cnicos de cooperaci\u00f3n al desarrollo para el Ayuntamiento de Pamplona<\/title>\n<meta name=\"description\" content=\"Las personas interesadas deben inscribirse en la web municipal hasta el lunes 17 de junio\" \/>\n<meta name=\"robots\" content=\"index, follow, max-snippet:-1, max-image-preview:large, max-video-preview:-1\" \/>\n<link rel=\"canonical\" href=\"https:\/\/www.laguiadepamplona.com\/actualidad\/convocadas-unas-pruebas-selectivas-para-la-contratacion-temporal-de-tecnicos-de-cooperacion-al-desarrollo-para-el-ayuntamiento-de-pamplona\/\" \/>\n<meta property=\"og:locale\" content=\"es_ES\" \/>\n<meta property=\"og:type\" content=\"article\" \/>\n<meta property=\"og:title\" content=\"Convocadas unas pruebas selectivas para la contrataci\u00f3n temporal de t\u00e9cnicos de cooperaci\u00f3n al desarrollo para el Ayuntamiento de Pamplona\" \/>\n<meta property=\"og:description\" content=\"Las personas interesadas deben inscribirse en la web municipal hasta el lunes 17 de junio\" \/>\n<meta property=\"og:url\" content=\"https:\/\/www.laguiadepamplona.com\/actualidad\/convocadas-unas-pruebas-selectivas-para-la-contratacion-temporal-de-tecnicos-de-cooperacion-al-desarrollo-para-el-ayuntamiento-de-pamplona\/\" \/>\n<meta property=\"og:site_name\" content=\"La Gu\u00eda de Pamplona\" \/>\n<meta property=\"article:publisher\" content=\"https:\/\/www.facebook.com\/laguiadepamplonacom-133175176762273\/?ref=hl\" \/>\n<meta property=\"article:published_time\" content=\"2024-06-07T11:31:16+00:00\" \/>\n<meta property=\"og:image\" content=\"https:\/\/www.laguiadepamplona.com\/actualidad\/wp-content\/uploads\/2024\/05\/comision-contratacion.webp\" \/>\n\t<meta property=\"og:image:width\" content=\"1000\" \/>\n\t<meta property=\"og:image:height\" content=\"750\" \/>\n\t<meta property=\"og:image:type\" content=\"image\/webp\" \/>\n<meta name=\"author\" content=\"La Gu\u00eda de Pamplona\" \/>\n<meta name=\"twitter:card\" content=\"summary_large_image\" \/>\n<meta name=\"twitter:creator\" content=\"@LaGuiadPamplona\" \/>\n<meta name=\"twitter:site\" content=\"@LaGuiadPamplona\" \/>\n<meta name=\"twitter:label1\" content=\"Escrito por\" \/>\n\t<meta name=\"twitter:data1\" content=\"La Gu\u00eda de Pamplona\" \/>\n\t<meta name=\"twitter:label2\" content=\"Tiempo de lectura\" \/>\n\t<meta name=\"twitter:data2\" content=\"3 minutos\" \/>\n<script type=\"application\/ld+json\" class=\"yoast-schema-graph\">{\"@context\":\"https:\\\/\\\/schema.org\",\"@graph\":[{\"@type\":\"Article\",\"@id\":\"https:\\\/\\\/www.laguiadepamplona.com\\\/actualidad\\\/convocadas-unas-pruebas-selectivas-para-la-contratacion-temporal-de-tecnicos-de-cooperacion-al-desarrollo-para-el-ayuntamiento-de-pamplona\\\/#article\",\"isPartOf\":{\"@id\":\"https:\\\/\\\/www.laguiadepamplona.com\\\/actualidad\\\/convocadas-unas-pruebas-selectivas-para-la-contratacion-temporal-de-tecnicos-de-cooperacion-al-desarrollo-para-el-ayuntamiento-de-pamplona\\\/\"},\"author\":{\"name\":\"La Gu\u00eda de Pamplona\",\"@id\":\"https:\\\/\\\/www.laguiadepamplona.com\\\/actualidad\\\/#\\\/schema\\\/person\\\/efe887376f0213d4657c93adc50b1fdb\"},\"headline\":\"Convocadas unas pruebas selectivas para la contrataci\u00f3n temporal de t\u00e9cnicos de cooperaci\u00f3n al desarrollo para el Ayuntamiento de Pamplona\",\"datePublished\":\"2024-06-07T11:31:16+00:00\",\"mainEntityOfPage\":{\"@id\":\"https:\\\/\\\/www.laguiadepamplona.com\\\/actualidad\\\/convocadas-unas-pruebas-selectivas-para-la-contratacion-temporal-de-tecnicos-de-cooperacion-al-desarrollo-para-el-ayuntamiento-de-pamplona\\\/\"},\"wordCount\":516,\"commentCount\":0,\"publisher\":{\"@id\":\"https:\\\/\\\/www.laguiadepamplona.com\\\/actualidad\\\/#organization\"},\"image\":{\"@id\":\"https:\\\/\\\/www.laguiadepamplona.com\\\/actualidad\\\/convocadas-unas-pruebas-selectivas-para-la-contratacion-temporal-de-tecnicos-de-cooperacion-al-desarrollo-para-el-ayuntamiento-de-pamplona\\\/#primaryimage\"},\"thumbnailUrl\":\"https:\\\/\\\/www.laguiadepamplona.com\\\/actualidad\\\/wp-content\\\/uploads\\\/2024\\\/05\\\/comision-contratacion.webp\",\"articleSection\":[\"Ayto Pamplona\"],\"inLanguage\":\"es\",\"potentialAction\":[{\"@type\":\"CommentAction\",\"name\":\"Comment\",\"target\":[\"https:\\\/\\\/www.laguiadepamplona.com\\\/actualidad\\\/convocadas-unas-pruebas-selectivas-para-la-contratacion-temporal-de-tecnicos-de-cooperacion-al-desarrollo-para-el-ayuntamiento-de-pamplona\\\/#respond\"]}]},{\"@type\":\"WebPage\",\"@id\":\"https:\\\/\\\/www.laguiadepamplona.com\\\/actualidad\\\/convocadas-unas-pruebas-selectivas-para-la-contratacion-temporal-de-tecnicos-de-cooperacion-al-desarrollo-para-el-ayuntamiento-de-pamplona\\\/\",\"url\":\"https:\\\/\\\/www.laguiadepamplona.com\\\/actualidad\\\/convocadas-unas-pruebas-selectivas-para-la-contratacion-temporal-de-tecnicos-de-cooperacion-al-desarrollo-para-el-ayuntamiento-de-pamplona\\\/\",\"name\":\"Convocadas unas pruebas selectivas para la contrataci\u00f3n temporal de t\u00e9cnicos de cooperaci\u00f3n al desarrollo para el Ayuntamiento de Pamplona\",\"isPartOf\":{\"@id\":\"https:\\\/\\\/www.laguiadepamplona.com\\\/actualidad\\\/#website\"},\"primaryImageOfPage\":{\"@id\":\"https:\\\/\\\/www.laguiadepamplona.com\\\/actualidad\\\/convocadas-unas-pruebas-selectivas-para-la-contratacion-temporal-de-tecnicos-de-cooperacion-al-desarrollo-para-el-ayuntamiento-de-pamplona\\\/#primaryimage\"},\"image\":{\"@id\":\"https:\\\/\\\/www.laguiadepamplona.com\\\/actualidad\\\/convocadas-unas-pruebas-selectivas-para-la-contratacion-temporal-de-tecnicos-de-cooperacion-al-desarrollo-para-el-ayuntamiento-de-pamplona\\\/#primaryimage\"},\"thumbnailUrl\":\"https:\\\/\\\/www.laguiadepamplona.com\\\/actualidad\\\/wp-content\\\/uploads\\\/2024\\\/05\\\/comision-contratacion.webp\",\"datePublished\":\"2024-06-07T11:31:16+00:00\",\"description\":\"Las personas interesadas deben inscribirse en la web municipal hasta el lunes 17 de junio\",\"breadcrumb\":{\"@id\":\"https:\\\/\\\/www.laguiadepamplona.com\\\/actualidad\\\/convocadas-unas-pruebas-selectivas-para-la-contratacion-temporal-de-tecnicos-de-cooperacion-al-desarrollo-para-el-ayuntamiento-de-pamplona\\\/#breadcrumb\"},\"inLanguage\":\"es\",\"potentialAction\":[{\"@type\":\"ReadAction\",\"target\":[\"https:\\\/\\\/www.laguiadepamplona.com\\\/actualidad\\\/convocadas-unas-pruebas-selectivas-para-la-contratacion-temporal-de-tecnicos-de-cooperacion-al-desarrollo-para-el-ayuntamiento-de-pamplona\\\/\"]}]},{\"@type\":\"ImageObject\",\"inLanguage\":\"es\",\"@id\":\"https:\\\/\\\/www.laguiadepamplona.com\\\/actualidad\\\/convocadas-unas-pruebas-selectivas-para-la-contratacion-temporal-de-tecnicos-de-cooperacion-al-desarrollo-para-el-ayuntamiento-de-pamplona\\\/#primaryimage\",\"url\":\"https:\\\/\\\/www.laguiadepamplona.com\\\/actualidad\\\/wp-content\\\/uploads\\\/2024\\\/05\\\/comision-contratacion.webp\",\"contentUrl\":\"https:\\\/\\\/www.laguiadepamplona.com\\\/actualidad\\\/wp-content\\\/uploads\\\/2024\\\/05\\\/comision-contratacion.webp\",\"width\":1000,\"height\":750,\"caption\":\"ayuntamiento pamplona\"},{\"@type\":\"BreadcrumbList\",\"@id\":\"https:\\\/\\\/www.laguiadepamplona.com\\\/actualidad\\\/convocadas-unas-pruebas-selectivas-para-la-contratacion-temporal-de-tecnicos-de-cooperacion-al-desarrollo-para-el-ayuntamiento-de-pamplona\\\/#breadcrumb\",\"itemListElement\":[{\"@type\":\"ListItem\",\"position\":1,\"name\":\"Portada\",\"item\":\"https:\\\/\\\/www.laguiadepamplona.com\\\/actualidad\\\/\"},{\"@type\":\"ListItem\",\"position\":2,\"name\":\"Convocadas unas pruebas selectivas para la contrataci\u00f3n temporal de t\u00e9cnicos de cooperaci\u00f3n al desarrollo para el Ayuntamiento de Pamplona\"}]},{\"@type\":\"WebSite\",\"@id\":\"https:\\\/\\\/www.laguiadepamplona.com\\\/actualidad\\\/#website\",\"url\":\"https:\\\/\\\/www.laguiadepamplona.com\\\/actualidad\\\/\",\"name\":\"La gu\u00eda de Pamplona\",\"description\":\"Noticias de Pamplona\",\"publisher\":{\"@id\":\"https:\\\/\\\/www.laguiadepamplona.com\\\/actualidad\\\/#organization\"},\"potentialAction\":[{\"@type\":\"SearchAction\",\"target\":{\"@type\":\"EntryPoint\",\"urlTemplate\":\"https:\\\/\\\/www.laguiadepamplona.com\\\/actualidad\\\/?s={search_term_string}\"},\"query-input\":{\"@type\":\"PropertyValueSpecification\",\"valueRequired\":true,\"valueName\":\"search_term_string\"}}],\"inLanguage\":\"es\"},{\"@type\":\"Organization\",\"@id\":\"https:\\\/\\\/www.laguiadepamplona.com\\\/actualidad\\\/#organization\",\"name\":\"La Gu\u00eda de Pamplona \\\/ Noticias\",\"url\":\"https:\\\/\\\/www.laguiadepamplona.com\\\/actualidad\\\/\",\"logo\":{\"@type\":\"ImageObject\",\"inLanguage\":\"es\",\"@id\":\"https:\\\/\\\/www.laguiadepamplona.com\\\/actualidad\\\/#\\\/schema\\\/logo\\\/image\\\/\",\"url\":\"https:\\\/\\\/www.laguiadepamplona.com\\\/actualidad\\\/wp-content\\\/uploads\\\/2018\\\/11\\\/logo-laguiadepamplona18-web1.png\",\"contentUrl\":\"https:\\\/\\\/www.laguiadepamplona.com\\\/actualidad\\\/wp-content\\\/uploads\\\/2018\\\/11\\\/logo-laguiadepamplona18-web1.png\",\"width\":600,\"height\":196,\"caption\":\"La Gu\u00eda de Pamplona \\\/ Noticias\"},\"image\":{\"@id\":\"https:\\\/\\\/www.laguiadepamplona.com\\\/actualidad\\\/#\\\/schema\\\/logo\\\/image\\\/\"},\"sameAs\":[\"https:\\\/\\\/www.facebook.com\\\/laguiadepamplonacom-133175176762273\\\/?ref=hl\",\"https:\\\/\\\/x.com\\\/LaGuiadPamplona\",\"https:\\\/\\\/www.instagram.com\\\/la_guia_de_pamplona\\\/\",\"https:\\\/\\\/www.youtube.com\\\/user\\\/laguiadepamplona\"]},{\"@type\":\"Person\",\"@id\":\"https:\\\/\\\/www.laguiadepamplona.com\\\/actualidad\\\/#\\\/schema\\\/person\\\/efe887376f0213d4657c93adc50b1fdb\",\"name\":\"La Gu\u00eda de Pamplona\",\"image\":{\"@type\":\"ImageObject\",\"inLanguage\":\"es\",\"@id\":\"https:\\\/\\\/secure.gravatar.com\\\/avatar\\\/b6992f131dc8d30ab0dff15446e9d346d9dbd95992de0fef795073f5ea83a81c?s=96&d=mm&r=g\",\"url\":\"https:\\\/\\\/secure.gravatar.com\\\/avatar\\\/b6992f131dc8d30ab0dff15446e9d346d9dbd95992de0fef795073f5ea83a81c?s=96&d=mm&r=g\",\"contentUrl\":\"https:\\\/\\\/secure.gravatar.com\\\/avatar\\\/b6992f131dc8d30ab0dff15446e9d346d9dbd95992de0fef795073f5ea83a81c?s=96&d=mm&r=g\",\"caption\":\"La Gu\u00eda de Pamplona\"}}]}<\/script>\n<!-- \/ Yoast SEO plugin. -->","yoast_head_json":{"title":"Convocadas unas pruebas selectivas para la contrataci\u00f3n temporal de t\u00e9cnicos de cooperaci\u00f3n al desarrollo para el Ayuntamiento de Pamplona","description":"Las personas interesadas deben inscribirse en la web municipal hasta el lunes 17 de junio","robots":{"index":"index","follow":"follow","max-snippet":"max-snippet:-1","max-image-preview":"max-image-preview:large","max-video-preview":"max-video-preview:-1"},"canonical":"https:\/\/www.laguiadepamplona.com\/actualidad\/convocadas-unas-pruebas-selectivas-para-la-contratacion-temporal-de-tecnicos-de-cooperacion-al-desarrollo-para-el-ayuntamiento-de-pamplona\/","og_locale":"es_ES","og_type":"article","og_title":"Convocadas unas pruebas selectivas para la contrataci\u00f3n temporal de t\u00e9cnicos de cooperaci\u00f3n al desarrollo para el Ayuntamiento de Pamplona","og_description":"Las personas interesadas deben inscribirse en la web municipal hasta el lunes 17 de junio","og_url":"https:\/\/www.laguiadepamplona.com\/actualidad\/convocadas-unas-pruebas-selectivas-para-la-contratacion-temporal-de-tecnicos-de-cooperacion-al-desarrollo-para-el-ayuntamiento-de-pamplona\/","og_site_name":"La Gu\u00eda de Pamplona","article_publisher":"https:\/\/www.facebook.com\/laguiadepamplonacom-133175176762273\/?ref=hl","article_published_time":"2024-06-07T11:31:16+00:00","og_image":[{"width":1000,"height":750,"url":"https:\/\/www.laguiadepamplona.com\/actualidad\/wp-content\/uploads\/2024\/05\/comision-contratacion.webp","type":"image\/webp"}],"author":"La Gu\u00eda de Pamplona","twitter_card":"summary_large_image","twitter_creator":"@LaGuiadPamplona","twitter_site":"@LaGuiadPamplona","twitter_misc":{"Escrito por":"La Gu\u00eda de Pamplona","Tiempo de lectura":"3 minutos"},"schema":{"@context":"https:\/\/schema.org","@graph":[{"@type":"Article","@id":"https:\/\/www.laguiadepamplona.com\/actualidad\/convocadas-unas-pruebas-selectivas-para-la-contratacion-temporal-de-tecnicos-de-cooperacion-al-desarrollo-para-el-ayuntamiento-de-pamplona\/#article","isPartOf":{"@id":"https:\/\/www.laguiadepamplona.com\/actualidad\/convocadas-unas-pruebas-selectivas-para-la-contratacion-temporal-de-tecnicos-de-cooperacion-al-desarrollo-para-el-ayuntamiento-de-pamplona\/"},"author":{"name":"La Gu\u00eda de Pamplona","@id":"https:\/\/www.laguiadepamplona.com\/actualidad\/#\/schema\/person\/efe887376f0213d4657c93adc50b1fdb"},"headline":"Convocadas unas pruebas selectivas para la contrataci\u00f3n temporal de t\u00e9cnicos de cooperaci\u00f3n al desarrollo para el Ayuntamiento de Pamplona","datePublished":"2024-06-07T11:31:16+00:00","mainEntityOfPage":{"@id":"https:\/\/www.laguiadepamplona.com\/actualidad\/convocadas-unas-pruebas-selectivas-para-la-contratacion-temporal-de-tecnicos-de-cooperacion-al-desarrollo-para-el-ayuntamiento-de-pamplona\/"},"wordCount":516,"commentCount":0,"publisher":{"@id":"https:\/\/www.laguiadepamplona.com\/actualidad\/#organization"},"image":{"@id":"https:\/\/www.laguiadepamplona.com\/actualidad\/convocadas-unas-pruebas-selectivas-para-la-contratacion-temporal-de-tecnicos-de-cooperacion-al-desarrollo-para-el-ayuntamiento-de-pamplona\/#primaryimage"},"thumbnailUrl":"https:\/\/www.laguiadepamplona.com\/actualidad\/wp-content\/uploads\/2024\/05\/comision-contratacion.webp","articleSection":["Ayto Pamplona"],"inLanguage":"es","potentialAction":[{"@type":"CommentAction","name":"Comment","target":["https:\/\/www.laguiadepamplona.com\/actualidad\/convocadas-unas-pruebas-selectivas-para-la-contratacion-temporal-de-tecnicos-de-cooperacion-al-desarrollo-para-el-ayuntamiento-de-pamplona\/#respond"]}]},{"@type":"WebPage","@id":"https:\/\/www.laguiadepamplona.com\/actualidad\/convocadas-unas-pruebas-selectivas-para-la-contratacion-temporal-de-tecnicos-de-cooperacion-al-desarrollo-para-el-ayuntamiento-de-pamplona\/","url":"https:\/\/www.laguiadepamplona.com\/actualidad\/convocadas-unas-pruebas-selectivas-para-la-contratacion-temporal-de-tecnicos-de-cooperacion-al-desarrollo-para-el-ayuntamiento-de-pamplona\/","name":"Convocadas unas pruebas selectivas para la contrataci\u00f3n temporal de t\u00e9cnicos de cooperaci\u00f3n al desarrollo para el Ayuntamiento de Pamplona","isPartOf":{"@id":"https:\/\/www.laguiadepamplona.com\/actualidad\/#website"},"primaryImageOfPage":{"@id":"https:\/\/www.laguiadepamplona.com\/actualidad\/convocadas-unas-pruebas-selectivas-para-la-contratacion-temporal-de-tecnicos-de-cooperacion-al-desarrollo-para-el-ayuntamiento-de-pamplona\/#primaryimage"},"image":{"@id":"https:\/\/www.laguiadepamplona.com\/actualidad\/convocadas-unas-pruebas-selectivas-para-la-contratacion-temporal-de-tecnicos-de-cooperacion-al-desarrollo-para-el-ayuntamiento-de-pamplona\/#primaryimage"},"thumbnailUrl":"https:\/\/www.laguiadepamplona.com\/actualidad\/wp-content\/uploads\/2024\/05\/comision-contratacion.webp","datePublished":"2024-06-07T11:31:16+00:00","description":"Las personas interesadas deben inscribirse en la web municipal hasta el lunes 17 de junio","breadcrumb":{"@id":"https:\/\/www.laguiadepamplona.com\/actualidad\/convocadas-unas-pruebas-selectivas-para-la-contratacion-temporal-de-tecnicos-de-cooperacion-al-desarrollo-para-el-ayuntamiento-de-pamplona\/#breadcrumb"},"inLanguage":"es","potentialAction":[{"@type":"ReadAction","target":["https:\/\/www.laguiadepamplona.com\/actualidad\/convocadas-unas-pruebas-selectivas-para-la-contratacion-temporal-de-tecnicos-de-cooperacion-al-desarrollo-para-el-ayuntamiento-de-pamplona\/"]}]},{"@type":"ImageObject","inLanguage":"es","@id":"https:\/\/www.laguiadepamplona.com\/actualidad\/convocadas-unas-pruebas-selectivas-para-la-contratacion-temporal-de-tecnicos-de-cooperacion-al-desarrollo-para-el-ayuntamiento-de-pamplona\/#primaryimage","url":"https:\/\/www.laguiadepamplona.com\/actualidad\/wp-content\/uploads\/2024\/05\/comision-contratacion.webp","contentUrl":"https:\/\/www.laguiadepamplona.com\/actualidad\/wp-content\/uploads\/2024\/05\/comision-contratacion.webp","width":1000,"height":750,"caption":"ayuntamiento pamplona"},{"@type":"BreadcrumbList","@id":"https:\/\/www.laguiadepamplona.com\/actualidad\/convocadas-unas-pruebas-selectivas-para-la-contratacion-temporal-de-tecnicos-de-cooperacion-al-desarrollo-para-el-ayuntamiento-de-pamplona\/#breadcrumb","itemListElement":[{"@type":"ListItem","position":1,"name":"Portada","item":"https:\/\/www.laguiadepamplona.com\/actualidad\/"},{"@type":"ListItem","position":2,"name":"Convocadas unas pruebas selectivas para la contrataci\u00f3n temporal de t\u00e9cnicos de cooperaci\u00f3n al desarrollo para el Ayuntamiento de Pamplona"}]},{"@type":"WebSite","@id":"https:\/\/www.laguiadepamplona.com\/actualidad\/#website","url":"https:\/\/www.laguiadepamplona.com\/actualidad\/","name":"La gu\u00eda de Pamplona","description":"Noticias de Pamplona","publisher":{"@id":"https:\/\/www.laguiadepamplona.com\/actualidad\/#organization"},"potentialAction":[{"@type":"SearchAction","target":{"@type":"EntryPoint","urlTemplate":"https:\/\/www.laguiadepamplona.com\/actualidad\/?s={search_term_string}"},"query-input":{"@type":"PropertyValueSpecification","valueRequired":true,"valueName":"search_term_string"}}],"inLanguage":"es"},{"@type":"Organization","@id":"https:\/\/www.laguiadepamplona.com\/actualidad\/#organization","name":"La Gu\u00eda de Pamplona \/ Noticias","url":"https:\/\/www.laguiadepamplona.com\/actualidad\/","logo":{"@type":"ImageObject","inLanguage":"es","@id":"https:\/\/www.laguiadepamplona.com\/actualidad\/#\/schema\/logo\/image\/","url":"https:\/\/www.laguiadepamplona.com\/actualidad\/wp-content\/uploads\/2018\/11\/logo-laguiadepamplona18-web1.png","contentUrl":"https:\/\/www.laguiadepamplona.com\/actualidad\/wp-content\/uploads\/2018\/11\/logo-laguiadepamplona18-web1.png","width":600,"height":196,"caption":"La Gu\u00eda de Pamplona \/ Noticias"},"image":{"@id":"https:\/\/www.laguiadepamplona.com\/actualidad\/#\/schema\/logo\/image\/"},"sameAs":["https:\/\/www.facebook.com\/laguiadepamplonacom-133175176762273\/?ref=hl","https:\/\/x.com\/LaGuiadPamplona","https:\/\/www.instagram.com\/la_guia_de_pamplona\/","https:\/\/www.youtube.com\/user\/laguiadepamplona"]},{"@type":"Person","@id":"https:\/\/www.laguiadepamplona.com\/actualidad\/#\/schema\/person\/efe887376f0213d4657c93adc50b1fdb","name":"La Gu\u00eda de Pamplona","image":{"@type":"ImageObject","inLanguage":"es","@id":"https:\/\/secure.gravatar.com\/avatar\/b6992f131dc8d30ab0dff15446e9d346d9dbd95992de0fef795073f5ea83a81c?s=96&d=mm&r=g","url":"https:\/\/secure.gravatar.com\/avatar\/b6992f131dc8d30ab0dff15446e9d346d9dbd95992de0fef795073f5ea83a81c?s=96&d=mm&r=g","contentUrl":"https:\/\/secure.gravatar.com\/avatar\/b6992f131dc8d30ab0dff15446e9d346d9dbd95992de0fef795073f5ea83a81c?s=96&d=mm&r=g","caption":"La Gu\u00eda de Pamplona"}}]}},"post_mailing_queue_ids":[],"_links":{"self":[{"href":"https:\/\/www.laguiadepamplona.com\/actualidad\/wp-json\/wp\/v2\/posts\/50009","targetHints":{"allow":["GET"]}}],"collection":[{"href":"https:\/\/www.laguiadepamplona.com\/actualidad\/wp-json\/wp\/v2\/posts"}],"about":[{"href":"https:\/\/www.laguiadepamplona.com\/actualidad\/wp-json\/wp\/v2\/types\/post"}],"author":[{"embeddable":true,"href":"https:\/\/www.laguiadepamplona.com\/actualidad\/wp-json\/wp\/v2\/users\/1"}],"replies":[{"embeddable":true,"href":"https:\/\/www.laguiadepamplona.com\/actualidad\/wp-json\/wp\/v2\/comments?post=50009"}],"version-history":[{"count":1,"href":"https:\/\/www.laguiadepamplona.com\/actualidad\/wp-json\/wp\/v2\/posts\/50009\/revisions"}],"predecessor-version":[{"id":50010,"href":"https:\/\/www.laguiadepamplona.com\/actualidad\/wp-json\/wp\/v2\/posts\/50009\/revisions\/50010"}],"wp:featuredmedia":[{"embeddable":true,"href":"https:\/\/www.laguiadepamplona.com\/actualidad\/wp-json\/wp\/v2\/media\/49912"}],"wp:attachment":[{"href":"https:\/\/www.laguiadepamplona.com\/actualidad\/wp-json\/wp\/v2\/media?parent=50009"}],"wp:term":[{"taxonomy":"category","embeddable":true,"href":"https:\/\/www.laguiadepamplona.com\/actualidad\/wp-json\/wp\/v2\/categories?post=50009"},{"taxonomy":"post_tag","embeddable":true,"href":"https:\/\/www.laguiadepamplona.com\/actualidad\/wp-json\/wp\/v2\/tags?post=50009"}],"curies":[{"name":"wp","href":"https:\/\/api.w.org\/{rel}","templated":true}]}}