{"id":49995,"date":"2024-06-06T16:32:08","date_gmt":"2024-06-06T14:32:08","guid":{"rendered":"https:\/\/www.laguiadepamplona.com\/actualidad\/?p=49995"},"modified":"2024-06-06T16:32:08","modified_gmt":"2024-06-06T14:32:08","slug":"el-ayuntamiento-de-pamplona-iniciara-este-viernes-el-montaje-de-las-243-mesas-electorales-en-los-26-centros-de-votacion-para-la-jornada-del-9-de-junio","status":"publish","type":"post","link":"https:\/\/www.laguiadepamplona.com\/actualidad\/el-ayuntamiento-de-pamplona-iniciara-este-viernes-el-montaje-de-las-243-mesas-electorales-en-los-26-centros-de-votacion-para-la-jornada-del-9-de-junio\/","title":{"rendered":"El Ayuntamiento de Pamplona iniciar\u00e1 este viernes el montaje de las 243 mesas electorales en los 26 centros de votaci\u00f3n para la jornada del 9 de junio"},"content":{"rendered":"<h2>Los colegios, todos con se\u00f1al\u00e9tica accesible, abrir\u00e1n sus puertas de forma ininterrumpida de 9 a 20 horas para la celebraci\u00f3n de las elecciones<\/h2>\n<p><!--more--><\/p>\n<p>Personal del Ayuntamiento de Pamplona comenzar\u00e1, ma\u00f1ana 7 de junio, el montaje de los 26 colegios electorales de la ciudad con sus 243 mesas de votaci\u00f3n. Comenzando alrededor de las 7.30 horas en la Escuela de Idiomas EOI Pamplona (calle Compa\u00f1\u00eda 6), el montaje proseguir\u00e1 por otros siete centros dependientes de Gobierno de Navarra, as\u00ed como por las infraestructuras no escolares, como Civivox Iturrama.<\/p>\n<p>Cuando se cierren los edificios ma\u00f1ana por la noche en sus dependencias se habr\u00e1n distribuido y preparado 243 urnas, otras tantas mesas, y entre 120 y 130 cabinas de votaci\u00f3n y cientos de postes indicadores que, en algunos casos, estaban ya almacenados desde hace unos d\u00edas en los centros, as\u00ed como todas las papeletas para las Elecciones Europeas y sus correspondientes sobres.<\/p>\n<p>La iniciativa de dotar Civivox Iturrama de se\u00f1al\u00e9tica accesible para el ejercicio del derecho al voto por parte de personas con diversidad funcional o problemas cognitivos en las \u00faltimas Elecciones Auton\u00f3micas y Locales de 2023, en estos comicios se ampl\u00eda a los 26 colegios electorales. La se\u00f1al\u00e9tica y la carteler\u00eda ha sido homologada por la Junta Electoral Central y est\u00e1 elaborada seg\u00fan los criterios del Centro Espa\u00f1ol de Accesibilidad Cognitiva. Esta iniciativa, que se desarrolla por primer a\u00f1o en todas las capitales de comunidades aut\u00f3nomas, forma parte de un convenio entre el Ministerio del Interior y la federaci\u00f3n estatal \u2018Plena Inclusi\u00f3n\u2019.<\/p>\n<p>En total para las Elecciones Europeas del 9 de junio se dispondr\u00e1n 243 mesas electorales en toda la ciudad para un censo de 153.450 personas de nacionalidad espa\u00f1ola y 462 ciudadanos de la Uni\u00f3n Europea con derecho a voto con m\u00e1s de 18 a\u00f1os el d\u00eda de las elecciones. En esta ocasi\u00f3n se prev\u00e9n varios cambios en los colegios electorales.<\/p>\n<p><strong>Cambios en algunos colegios<\/strong><\/p>\n<p>Por un lado, la zona de Beloso votar\u00e1 en el Colegio P\u00fablico Elorri, en Mendillorri, en lugar de en la Ikastola Egoalde. Por otro, los votantes de Lezkairu lo har\u00e1n en el nuevo Colegio P\u00fablico Paderborn-Lezkairu. Finalmente, para estos comicios ya no se utilizar\u00e1 el antiguo Colegio P\u00fablico Paderborn-V\u00edctor Pradera: sus votantes se trasladar\u00e1n a la Ikastola Hegoalde.<\/p>\n<p>Por si alguien no tiene disponible la tarjeta censal, durante toda la jornada en la portada de la web municipal se mantendr\u00e1 habilitada la consulta individual sobre los datos de identificaci\u00f3n de cada elector, el colegio electoral al que debe acudir a votar, el distrito, la secci\u00f3n y la mesa donde podr\u00e1 hacerlo. Para ello s\u00f3lo hace falta el primer apellido y el n\u00famero de DNI. El Ayuntamiento de Pamplona tambi\u00e9n establece los puntos de atenci\u00f3n en los colegios electorales donde trabajar\u00e1n 29 informadores que durante toda la jornada resuelven dudas sobre el terreno y auxilian las presidencias de las mesas.<\/p>\n<p>Los colegios electorales abrir\u00e1n a las votaciones de 9 de la ma\u00f1ana a 20 horas de forma ininterrumpida. Presidencias, vocal\u00edas y personas designadas como suplentes deber\u00e1n estar en los centros a los que se les ha llamado a las 8 horas para la constituci\u00f3n de las mesas. Tras el cierre de la consulta, una vez escrutadas las urnas y remitidas las actas de cada mesa, esa misma noche empezar\u00e1 el trabajo de desmontaje y retirada de elementos, y la desinfecci\u00f3n de los espacios usados (aulas, ba\u00f1os, salas, gimnasios etc.).<\/p>\n<p>El dispositivo humano de montaje y desmontaje que se mueve alrededor de la jornada electoral est\u00e1 formado por auxiliares de funcionamiento de cada centro con ayuda de personal de servicios sociales, adem\u00e1s de dos grupos de 14 personas que se centran en los centros de votaci\u00f3n adscritos a Gobierno de Navarra.<\/p>\n<h3><strong>Elecciones Europeas 2024<\/strong><\/h3>\n<ul>\n<li>N\u00famero total de electores: 153.912<\/li>\n<li>N\u00ba Personas con posibilidad ser presidentes o vocales: 80.357<\/li>\n<li>N\u00ba Personas con posibilidad ser SOLO vocales: 36.560<\/li>\n<li>N\u00ba Personas SIN posibilidad ser presidentes o vocales: 36.995<\/li>\n<li>Por edad: 36.520<\/li>\n<li>Sin estudios: 475<\/li>\n<li>N\u00famero total Mesas: 243<\/li>\n<li>N\u00famero total presidentes de Mesas (incluidos suplentes): 729<\/li>\n<li>N\u00famero total vocales de Mesas (incluidos suplentes): 1.458<\/li>\n<\/ul>\n<p><strong>Colegios y mesas electorales de Pamplona<\/strong><\/p>\n<p>Escuela Oficial de Idiomas: 6 mesas<\/p>\n<p>CP San Francisco: 9 mesas<\/p>\n<p>CP V\u00e1zquez de Mella: 4 mesas<\/p>\n<p>IES Plaza de la Cruz: 11 mesas<\/p>\n<p>CP Blanca de Navarra: 7 mesas<\/p>\n<p>IES Caro Baroja: 8 mesas<\/p>\n<p>CP Jos\u00e9 Mar\u00eda Huarte: 10 mesas<\/p>\n<p>CP Ermitaga\u00f1a: 10 mesas<\/p>\n<p>IES Navarro Villoslada: 8 mesas<\/p>\n<p>CP Iturrama: 12 mesas<\/p>\n<p>Civivox Iturrama: 4 mesas<\/p>\n<p>CP Jos\u00e9 Mar\u00eda Iribarren: 8 mesas<\/p>\n<p>CP Azpilaga\u00f1a: 12 mesas<\/p>\n<p>CP Nicasio Landa: 3 mesas<\/p>\n<p>Ikastola Amaiur: 9 mesas<\/p>\n<p>Ikastola Hegoalde: 12 mesas<\/p>\n<p>IES Padre Moret &#8211; Irubide: 7 mesas<\/p>\n<p>CP Bernat Etxepare: 6 mesas<\/p>\n<p>CP Do\u00f1a Mayor de Navarra: 11 mesas<\/p>\n<p>CP Cardenal Ilund\u00e1in: 8 mesas<\/p>\n<p>CP Rochapea: 8 mesas<\/p>\n<p>CP Patxi Larrainzar: 15 mesas<\/p>\n<p>CP Buztintxuri: 10 mesas<\/p>\n<p>CP San Jorge: 13 mesas<\/p>\n<p>CP Elorri: 20 mesas<\/p>\n<p>CP Paderborn Lezkairu: 12 mesas<\/p>\n","protected":false},"excerpt":{"rendered":"<p>Los colegios, todos con se\u00f1al\u00e9tica accesible, abrir\u00e1n sus puertas de forma ininterrumpida de 9 a 20 horas para la celebraci\u00f3n de las elecciones<\/p>\n","protected":false},"author":1,"featured_media":49673,"comment_status":"open","ping_status":"closed","sticky":false,"template":"","format":"standard","meta":{"footnotes":""},"categories":[2],"tags":[],"class_list":["post-49995","post","type-post","status-publish","format-standard","has-post-thumbnail","hentry","category-ayuntamiento-pamplona"],"yoast_head":"<!-- This site is optimized with the Yoast SEO plugin v27.3 - https:\/\/yoast.com\/product\/yoast-seo-wordpress\/ -->\n<title>El Ayuntamiento de Pamplona iniciar\u00e1 este viernes el montaje de las 243 mesas electorales en los 26 centros de votaci\u00f3n para la jornada del 9 de junio<\/title>\n<meta name=\"description\" content=\"Los colegios, todos con se\u00f1al\u00e9tica accesible, abrir\u00e1n sus puertas de forma ininterrumpida de 9 a 20 horas para la celebraci\u00f3n de las elecciones\" \/>\n<meta name=\"robots\" content=\"index, follow, max-snippet:-1, max-image-preview:large, max-video-preview:-1\" \/>\n<link rel=\"canonical\" href=\"https:\/\/www.laguiadepamplona.com\/actualidad\/el-ayuntamiento-de-pamplona-iniciara-este-viernes-el-montaje-de-las-243-mesas-electorales-en-los-26-centros-de-votacion-para-la-jornada-del-9-de-junio\/\" \/>\n<meta property=\"og:locale\" content=\"es_ES\" \/>\n<meta property=\"og:type\" content=\"article\" \/>\n<meta property=\"og:title\" content=\"El Ayuntamiento de Pamplona iniciar\u00e1 este viernes el montaje de las 243 mesas electorales en los 26 centros de votaci\u00f3n para la jornada del 9 de junio\" \/>\n<meta property=\"og:description\" content=\"Los colegios, todos con se\u00f1al\u00e9tica accesible, abrir\u00e1n sus puertas de forma ininterrumpida de 9 a 20 horas para la celebraci\u00f3n de las elecciones\" \/>\n<meta property=\"og:url\" content=\"https:\/\/www.laguiadepamplona.com\/actualidad\/el-ayuntamiento-de-pamplona-iniciara-este-viernes-el-montaje-de-las-243-mesas-electorales-en-los-26-centros-de-votacion-para-la-jornada-del-9-de-junio\/\" \/>\n<meta property=\"og:site_name\" content=\"La Gu\u00eda de Pamplona\" \/>\n<meta property=\"article:publisher\" content=\"https:\/\/www.facebook.com\/laguiadepamplonacom-133175176762273\/?ref=hl\" \/>\n<meta property=\"article:published_time\" content=\"2024-06-06T14:32:08+00:00\" \/>\n<meta property=\"og:image\" content=\"https:\/\/www.laguiadepamplona.com\/actualidad\/wp-content\/uploads\/2024\/05\/sorteo-mesas.jpg\" \/>\n\t<meta property=\"og:image:width\" content=\"924\" \/>\n\t<meta property=\"og:image:height\" content=\"616\" \/>\n\t<meta property=\"og:image:type\" content=\"image\/jpeg\" \/>\n<meta name=\"author\" content=\"La Gu\u00eda de Pamplona\" \/>\n<meta name=\"twitter:card\" content=\"summary_large_image\" \/>\n<meta name=\"twitter:creator\" content=\"@LaGuiadPamplona\" \/>\n<meta name=\"twitter:site\" content=\"@LaGuiadPamplona\" \/>\n<meta name=\"twitter:label1\" content=\"Escrito por\" \/>\n\t<meta name=\"twitter:data1\" content=\"La Gu\u00eda de Pamplona\" \/>\n\t<meta name=\"twitter:label2\" content=\"Tiempo de lectura\" \/>\n\t<meta name=\"twitter:data2\" content=\"4 minutos\" \/>\n<script type=\"application\/ld+json\" class=\"yoast-schema-graph\">{\"@context\":\"https:\\\/\\\/schema.org\",\"@graph\":[{\"@type\":\"Article\",\"@id\":\"https:\\\/\\\/www.laguiadepamplona.com\\\/actualidad\\\/el-ayuntamiento-de-pamplona-iniciara-este-viernes-el-montaje-de-las-243-mesas-electorales-en-los-26-centros-de-votacion-para-la-jornada-del-9-de-junio\\\/#article\",\"isPartOf\":{\"@id\":\"https:\\\/\\\/www.laguiadepamplona.com\\\/actualidad\\\/el-ayuntamiento-de-pamplona-iniciara-este-viernes-el-montaje-de-las-243-mesas-electorales-en-los-26-centros-de-votacion-para-la-jornada-del-9-de-junio\\\/\"},\"author\":{\"name\":\"La Gu\u00eda de Pamplona\",\"@id\":\"https:\\\/\\\/www.laguiadepamplona.com\\\/actualidad\\\/#\\\/schema\\\/person\\\/efe887376f0213d4657c93adc50b1fdb\"},\"headline\":\"El Ayuntamiento de Pamplona iniciar\u00e1 este viernes el montaje de las 243 mesas electorales en los 26 centros de votaci\u00f3n para la jornada del 9 de junio\",\"datePublished\":\"2024-06-06T14:32:08+00:00\",\"mainEntityOfPage\":{\"@id\":\"https:\\\/\\\/www.laguiadepamplona.com\\\/actualidad\\\/el-ayuntamiento-de-pamplona-iniciara-este-viernes-el-montaje-de-las-243-mesas-electorales-en-los-26-centros-de-votacion-para-la-jornada-del-9-de-junio\\\/\"},\"wordCount\":843,\"commentCount\":0,\"publisher\":{\"@id\":\"https:\\\/\\\/www.laguiadepamplona.com\\\/actualidad\\\/#organization\"},\"image\":{\"@id\":\"https:\\\/\\\/www.laguiadepamplona.com\\\/actualidad\\\/el-ayuntamiento-de-pamplona-iniciara-este-viernes-el-montaje-de-las-243-mesas-electorales-en-los-26-centros-de-votacion-para-la-jornada-del-9-de-junio\\\/#primaryimage\"},\"thumbnailUrl\":\"https:\\\/\\\/www.laguiadepamplona.com\\\/actualidad\\\/wp-content\\\/uploads\\\/2024\\\/05\\\/sorteo-mesas.jpg\",\"articleSection\":[\"Ayto Pamplona\"],\"inLanguage\":\"es\",\"potentialAction\":[{\"@type\":\"CommentAction\",\"name\":\"Comment\",\"target\":[\"https:\\\/\\\/www.laguiadepamplona.com\\\/actualidad\\\/el-ayuntamiento-de-pamplona-iniciara-este-viernes-el-montaje-de-las-243-mesas-electorales-en-los-26-centros-de-votacion-para-la-jornada-del-9-de-junio\\\/#respond\"]}]},{\"@type\":\"WebPage\",\"@id\":\"https:\\\/\\\/www.laguiadepamplona.com\\\/actualidad\\\/el-ayuntamiento-de-pamplona-iniciara-este-viernes-el-montaje-de-las-243-mesas-electorales-en-los-26-centros-de-votacion-para-la-jornada-del-9-de-junio\\\/\",\"url\":\"https:\\\/\\\/www.laguiadepamplona.com\\\/actualidad\\\/el-ayuntamiento-de-pamplona-iniciara-este-viernes-el-montaje-de-las-243-mesas-electorales-en-los-26-centros-de-votacion-para-la-jornada-del-9-de-junio\\\/\",\"name\":\"El Ayuntamiento de Pamplona iniciar\u00e1 este viernes el montaje de las 243 mesas electorales en los 26 centros de votaci\u00f3n para la jornada del 9 de junio\",\"isPartOf\":{\"@id\":\"https:\\\/\\\/www.laguiadepamplona.com\\\/actualidad\\\/#website\"},\"primaryImageOfPage\":{\"@id\":\"https:\\\/\\\/www.laguiadepamplona.com\\\/actualidad\\\/el-ayuntamiento-de-pamplona-iniciara-este-viernes-el-montaje-de-las-243-mesas-electorales-en-los-26-centros-de-votacion-para-la-jornada-del-9-de-junio\\\/#primaryimage\"},\"image\":{\"@id\":\"https:\\\/\\\/www.laguiadepamplona.com\\\/actualidad\\\/el-ayuntamiento-de-pamplona-iniciara-este-viernes-el-montaje-de-las-243-mesas-electorales-en-los-26-centros-de-votacion-para-la-jornada-del-9-de-junio\\\/#primaryimage\"},\"thumbnailUrl\":\"https:\\\/\\\/www.laguiadepamplona.com\\\/actualidad\\\/wp-content\\\/uploads\\\/2024\\\/05\\\/sorteo-mesas.jpg\",\"datePublished\":\"2024-06-06T14:32:08+00:00\",\"description\":\"Los colegios, todos con se\u00f1al\u00e9tica accesible, abrir\u00e1n sus puertas de forma ininterrumpida de 9 a 20 horas para la celebraci\u00f3n de las elecciones\",\"breadcrumb\":{\"@id\":\"https:\\\/\\\/www.laguiadepamplona.com\\\/actualidad\\\/el-ayuntamiento-de-pamplona-iniciara-este-viernes-el-montaje-de-las-243-mesas-electorales-en-los-26-centros-de-votacion-para-la-jornada-del-9-de-junio\\\/#breadcrumb\"},\"inLanguage\":\"es\",\"potentialAction\":[{\"@type\":\"ReadAction\",\"target\":[\"https:\\\/\\\/www.laguiadepamplona.com\\\/actualidad\\\/el-ayuntamiento-de-pamplona-iniciara-este-viernes-el-montaje-de-las-243-mesas-electorales-en-los-26-centros-de-votacion-para-la-jornada-del-9-de-junio\\\/\"]}]},{\"@type\":\"ImageObject\",\"inLanguage\":\"es\",\"@id\":\"https:\\\/\\\/www.laguiadepamplona.com\\\/actualidad\\\/el-ayuntamiento-de-pamplona-iniciara-este-viernes-el-montaje-de-las-243-mesas-electorales-en-los-26-centros-de-votacion-para-la-jornada-del-9-de-junio\\\/#primaryimage\",\"url\":\"https:\\\/\\\/www.laguiadepamplona.com\\\/actualidad\\\/wp-content\\\/uploads\\\/2024\\\/05\\\/sorteo-mesas.jpg\",\"contentUrl\":\"https:\\\/\\\/www.laguiadepamplona.com\\\/actualidad\\\/wp-content\\\/uploads\\\/2024\\\/05\\\/sorteo-mesas.jpg\",\"width\":924,\"height\":616,\"caption\":\"sorteo mesas\"},{\"@type\":\"BreadcrumbList\",\"@id\":\"https:\\\/\\\/www.laguiadepamplona.com\\\/actualidad\\\/el-ayuntamiento-de-pamplona-iniciara-este-viernes-el-montaje-de-las-243-mesas-electorales-en-los-26-centros-de-votacion-para-la-jornada-del-9-de-junio\\\/#breadcrumb\",\"itemListElement\":[{\"@type\":\"ListItem\",\"position\":1,\"name\":\"Portada\",\"item\":\"https:\\\/\\\/www.laguiadepamplona.com\\\/actualidad\\\/\"},{\"@type\":\"ListItem\",\"position\":2,\"name\":\"El Ayuntamiento de Pamplona iniciar\u00e1 este viernes el montaje de las 243 mesas electorales en los 26 centros de votaci\u00f3n para la jornada del 9 de junio\"}]},{\"@type\":\"WebSite\",\"@id\":\"https:\\\/\\\/www.laguiadepamplona.com\\\/actualidad\\\/#website\",\"url\":\"https:\\\/\\\/www.laguiadepamplona.com\\\/actualidad\\\/\",\"name\":\"La gu\u00eda de Pamplona\",\"description\":\"Noticias de Pamplona\",\"publisher\":{\"@id\":\"https:\\\/\\\/www.laguiadepamplona.com\\\/actualidad\\\/#organization\"},\"potentialAction\":[{\"@type\":\"SearchAction\",\"target\":{\"@type\":\"EntryPoint\",\"urlTemplate\":\"https:\\\/\\\/www.laguiadepamplona.com\\\/actualidad\\\/?s={search_term_string}\"},\"query-input\":{\"@type\":\"PropertyValueSpecification\",\"valueRequired\":true,\"valueName\":\"search_term_string\"}}],\"inLanguage\":\"es\"},{\"@type\":\"Organization\",\"@id\":\"https:\\\/\\\/www.laguiadepamplona.com\\\/actualidad\\\/#organization\",\"name\":\"La Gu\u00eda de Pamplona \\\/ Noticias\",\"url\":\"https:\\\/\\\/www.laguiadepamplona.com\\\/actualidad\\\/\",\"logo\":{\"@type\":\"ImageObject\",\"inLanguage\":\"es\",\"@id\":\"https:\\\/\\\/www.laguiadepamplona.com\\\/actualidad\\\/#\\\/schema\\\/logo\\\/image\\\/\",\"url\":\"https:\\\/\\\/www.laguiadepamplona.com\\\/actualidad\\\/wp-content\\\/uploads\\\/2018\\\/11\\\/logo-laguiadepamplona18-web1.png\",\"contentUrl\":\"https:\\\/\\\/www.laguiadepamplona.com\\\/actualidad\\\/wp-content\\\/uploads\\\/2018\\\/11\\\/logo-laguiadepamplona18-web1.png\",\"width\":600,\"height\":196,\"caption\":\"La Gu\u00eda de Pamplona \\\/ Noticias\"},\"image\":{\"@id\":\"https:\\\/\\\/www.laguiadepamplona.com\\\/actualidad\\\/#\\\/schema\\\/logo\\\/image\\\/\"},\"sameAs\":[\"https:\\\/\\\/www.facebook.com\\\/laguiadepamplonacom-133175176762273\\\/?ref=hl\",\"https:\\\/\\\/x.com\\\/LaGuiadPamplona\",\"https:\\\/\\\/www.instagram.com\\\/la_guia_de_pamplona\\\/\",\"https:\\\/\\\/www.youtube.com\\\/user\\\/laguiadepamplona\"]},{\"@type\":\"Person\",\"@id\":\"https:\\\/\\\/www.laguiadepamplona.com\\\/actualidad\\\/#\\\/schema\\\/person\\\/efe887376f0213d4657c93adc50b1fdb\",\"name\":\"La Gu\u00eda de Pamplona\",\"image\":{\"@type\":\"ImageObject\",\"inLanguage\":\"es\",\"@id\":\"https:\\\/\\\/secure.gravatar.com\\\/avatar\\\/b6992f131dc8d30ab0dff15446e9d346d9dbd95992de0fef795073f5ea83a81c?s=96&d=mm&r=g\",\"url\":\"https:\\\/\\\/secure.gravatar.com\\\/avatar\\\/b6992f131dc8d30ab0dff15446e9d346d9dbd95992de0fef795073f5ea83a81c?s=96&d=mm&r=g\",\"contentUrl\":\"https:\\\/\\\/secure.gravatar.com\\\/avatar\\\/b6992f131dc8d30ab0dff15446e9d346d9dbd95992de0fef795073f5ea83a81c?s=96&d=mm&r=g\",\"caption\":\"La Gu\u00eda de Pamplona\"}}]}<\/script>\n<!-- \/ Yoast SEO plugin. -->","yoast_head_json":{"title":"El Ayuntamiento de Pamplona iniciar\u00e1 este viernes el montaje de las 243 mesas electorales en los 26 centros de votaci\u00f3n para la jornada del 9 de junio","description":"Los colegios, todos con se\u00f1al\u00e9tica accesible, abrir\u00e1n sus puertas de forma ininterrumpida de 9 a 20 horas para la celebraci\u00f3n de las elecciones","robots":{"index":"index","follow":"follow","max-snippet":"max-snippet:-1","max-image-preview":"max-image-preview:large","max-video-preview":"max-video-preview:-1"},"canonical":"https:\/\/www.laguiadepamplona.com\/actualidad\/el-ayuntamiento-de-pamplona-iniciara-este-viernes-el-montaje-de-las-243-mesas-electorales-en-los-26-centros-de-votacion-para-la-jornada-del-9-de-junio\/","og_locale":"es_ES","og_type":"article","og_title":"El Ayuntamiento de Pamplona iniciar\u00e1 este viernes el montaje de las 243 mesas electorales en los 26 centros de votaci\u00f3n para la jornada del 9 de junio","og_description":"Los colegios, todos con se\u00f1al\u00e9tica accesible, abrir\u00e1n sus puertas de forma ininterrumpida de 9 a 20 horas para la celebraci\u00f3n de las elecciones","og_url":"https:\/\/www.laguiadepamplona.com\/actualidad\/el-ayuntamiento-de-pamplona-iniciara-este-viernes-el-montaje-de-las-243-mesas-electorales-en-los-26-centros-de-votacion-para-la-jornada-del-9-de-junio\/","og_site_name":"La Gu\u00eda de Pamplona","article_publisher":"https:\/\/www.facebook.com\/laguiadepamplonacom-133175176762273\/?ref=hl","article_published_time":"2024-06-06T14:32:08+00:00","og_image":[{"width":924,"height":616,"url":"https:\/\/www.laguiadepamplona.com\/actualidad\/wp-content\/uploads\/2024\/05\/sorteo-mesas.jpg","type":"image\/jpeg"}],"author":"La Gu\u00eda de Pamplona","twitter_card":"summary_large_image","twitter_creator":"@LaGuiadPamplona","twitter_site":"@LaGuiadPamplona","twitter_misc":{"Escrito por":"La Gu\u00eda de Pamplona","Tiempo de lectura":"4 minutos"},"schema":{"@context":"https:\/\/schema.org","@graph":[{"@type":"Article","@id":"https:\/\/www.laguiadepamplona.com\/actualidad\/el-ayuntamiento-de-pamplona-iniciara-este-viernes-el-montaje-de-las-243-mesas-electorales-en-los-26-centros-de-votacion-para-la-jornada-del-9-de-junio\/#article","isPartOf":{"@id":"https:\/\/www.laguiadepamplona.com\/actualidad\/el-ayuntamiento-de-pamplona-iniciara-este-viernes-el-montaje-de-las-243-mesas-electorales-en-los-26-centros-de-votacion-para-la-jornada-del-9-de-junio\/"},"author":{"name":"La Gu\u00eda de Pamplona","@id":"https:\/\/www.laguiadepamplona.com\/actualidad\/#\/schema\/person\/efe887376f0213d4657c93adc50b1fdb"},"headline":"El Ayuntamiento de Pamplona iniciar\u00e1 este viernes el montaje de las 243 mesas electorales en los 26 centros de votaci\u00f3n para la jornada del 9 de junio","datePublished":"2024-06-06T14:32:08+00:00","mainEntityOfPage":{"@id":"https:\/\/www.laguiadepamplona.com\/actualidad\/el-ayuntamiento-de-pamplona-iniciara-este-viernes-el-montaje-de-las-243-mesas-electorales-en-los-26-centros-de-votacion-para-la-jornada-del-9-de-junio\/"},"wordCount":843,"commentCount":0,"publisher":{"@id":"https:\/\/www.laguiadepamplona.com\/actualidad\/#organization"},"image":{"@id":"https:\/\/www.laguiadepamplona.com\/actualidad\/el-ayuntamiento-de-pamplona-iniciara-este-viernes-el-montaje-de-las-243-mesas-electorales-en-los-26-centros-de-votacion-para-la-jornada-del-9-de-junio\/#primaryimage"},"thumbnailUrl":"https:\/\/www.laguiadepamplona.com\/actualidad\/wp-content\/uploads\/2024\/05\/sorteo-mesas.jpg","articleSection":["Ayto Pamplona"],"inLanguage":"es","potentialAction":[{"@type":"CommentAction","name":"Comment","target":["https:\/\/www.laguiadepamplona.com\/actualidad\/el-ayuntamiento-de-pamplona-iniciara-este-viernes-el-montaje-de-las-243-mesas-electorales-en-los-26-centros-de-votacion-para-la-jornada-del-9-de-junio\/#respond"]}]},{"@type":"WebPage","@id":"https:\/\/www.laguiadepamplona.com\/actualidad\/el-ayuntamiento-de-pamplona-iniciara-este-viernes-el-montaje-de-las-243-mesas-electorales-en-los-26-centros-de-votacion-para-la-jornada-del-9-de-junio\/","url":"https:\/\/www.laguiadepamplona.com\/actualidad\/el-ayuntamiento-de-pamplona-iniciara-este-viernes-el-montaje-de-las-243-mesas-electorales-en-los-26-centros-de-votacion-para-la-jornada-del-9-de-junio\/","name":"El Ayuntamiento de Pamplona iniciar\u00e1 este viernes el montaje de las 243 mesas electorales en los 26 centros de votaci\u00f3n para la jornada del 9 de junio","isPartOf":{"@id":"https:\/\/www.laguiadepamplona.com\/actualidad\/#website"},"primaryImageOfPage":{"@id":"https:\/\/www.laguiadepamplona.com\/actualidad\/el-ayuntamiento-de-pamplona-iniciara-este-viernes-el-montaje-de-las-243-mesas-electorales-en-los-26-centros-de-votacion-para-la-jornada-del-9-de-junio\/#primaryimage"},"image":{"@id":"https:\/\/www.laguiadepamplona.com\/actualidad\/el-ayuntamiento-de-pamplona-iniciara-este-viernes-el-montaje-de-las-243-mesas-electorales-en-los-26-centros-de-votacion-para-la-jornada-del-9-de-junio\/#primaryimage"},"thumbnailUrl":"https:\/\/www.laguiadepamplona.com\/actualidad\/wp-content\/uploads\/2024\/05\/sorteo-mesas.jpg","datePublished":"2024-06-06T14:32:08+00:00","description":"Los colegios, todos con se\u00f1al\u00e9tica accesible, abrir\u00e1n sus puertas de forma ininterrumpida de 9 a 20 horas para la celebraci\u00f3n de las elecciones","breadcrumb":{"@id":"https:\/\/www.laguiadepamplona.com\/actualidad\/el-ayuntamiento-de-pamplona-iniciara-este-viernes-el-montaje-de-las-243-mesas-electorales-en-los-26-centros-de-votacion-para-la-jornada-del-9-de-junio\/#breadcrumb"},"inLanguage":"es","potentialAction":[{"@type":"ReadAction","target":["https:\/\/www.laguiadepamplona.com\/actualidad\/el-ayuntamiento-de-pamplona-iniciara-este-viernes-el-montaje-de-las-243-mesas-electorales-en-los-26-centros-de-votacion-para-la-jornada-del-9-de-junio\/"]}]},{"@type":"ImageObject","inLanguage":"es","@id":"https:\/\/www.laguiadepamplona.com\/actualidad\/el-ayuntamiento-de-pamplona-iniciara-este-viernes-el-montaje-de-las-243-mesas-electorales-en-los-26-centros-de-votacion-para-la-jornada-del-9-de-junio\/#primaryimage","url":"https:\/\/www.laguiadepamplona.com\/actualidad\/wp-content\/uploads\/2024\/05\/sorteo-mesas.jpg","contentUrl":"https:\/\/www.laguiadepamplona.com\/actualidad\/wp-content\/uploads\/2024\/05\/sorteo-mesas.jpg","width":924,"height":616,"caption":"sorteo mesas"},{"@type":"BreadcrumbList","@id":"https:\/\/www.laguiadepamplona.com\/actualidad\/el-ayuntamiento-de-pamplona-iniciara-este-viernes-el-montaje-de-las-243-mesas-electorales-en-los-26-centros-de-votacion-para-la-jornada-del-9-de-junio\/#breadcrumb","itemListElement":[{"@type":"ListItem","position":1,"name":"Portada","item":"https:\/\/www.laguiadepamplona.com\/actualidad\/"},{"@type":"ListItem","position":2,"name":"El Ayuntamiento de Pamplona iniciar\u00e1 este viernes el montaje de las 243 mesas electorales en los 26 centros de votaci\u00f3n para la jornada del 9 de junio"}]},{"@type":"WebSite","@id":"https:\/\/www.laguiadepamplona.com\/actualidad\/#website","url":"https:\/\/www.laguiadepamplona.com\/actualidad\/","name":"La gu\u00eda de Pamplona","description":"Noticias de Pamplona","publisher":{"@id":"https:\/\/www.laguiadepamplona.com\/actualidad\/#organization"},"potentialAction":[{"@type":"SearchAction","target":{"@type":"EntryPoint","urlTemplate":"https:\/\/www.laguiadepamplona.com\/actualidad\/?s={search_term_string}"},"query-input":{"@type":"PropertyValueSpecification","valueRequired":true,"valueName":"search_term_string"}}],"inLanguage":"es"},{"@type":"Organization","@id":"https:\/\/www.laguiadepamplona.com\/actualidad\/#organization","name":"La Gu\u00eda de Pamplona \/ Noticias","url":"https:\/\/www.laguiadepamplona.com\/actualidad\/","logo":{"@type":"ImageObject","inLanguage":"es","@id":"https:\/\/www.laguiadepamplona.com\/actualidad\/#\/schema\/logo\/image\/","url":"https:\/\/www.laguiadepamplona.com\/actualidad\/wp-content\/uploads\/2018\/11\/logo-laguiadepamplona18-web1.png","contentUrl":"https:\/\/www.laguiadepamplona.com\/actualidad\/wp-content\/uploads\/2018\/11\/logo-laguiadepamplona18-web1.png","width":600,"height":196,"caption":"La Gu\u00eda de Pamplona \/ Noticias"},"image":{"@id":"https:\/\/www.laguiadepamplona.com\/actualidad\/#\/schema\/logo\/image\/"},"sameAs":["https:\/\/www.facebook.com\/laguiadepamplonacom-133175176762273\/?ref=hl","https:\/\/x.com\/LaGuiadPamplona","https:\/\/www.instagram.com\/la_guia_de_pamplona\/","https:\/\/www.youtube.com\/user\/laguiadepamplona"]},{"@type":"Person","@id":"https:\/\/www.laguiadepamplona.com\/actualidad\/#\/schema\/person\/efe887376f0213d4657c93adc50b1fdb","name":"La Gu\u00eda de Pamplona","image":{"@type":"ImageObject","inLanguage":"es","@id":"https:\/\/secure.gravatar.com\/avatar\/b6992f131dc8d30ab0dff15446e9d346d9dbd95992de0fef795073f5ea83a81c?s=96&d=mm&r=g","url":"https:\/\/secure.gravatar.com\/avatar\/b6992f131dc8d30ab0dff15446e9d346d9dbd95992de0fef795073f5ea83a81c?s=96&d=mm&r=g","contentUrl":"https:\/\/secure.gravatar.com\/avatar\/b6992f131dc8d30ab0dff15446e9d346d9dbd95992de0fef795073f5ea83a81c?s=96&d=mm&r=g","caption":"La Gu\u00eda de Pamplona"}}]}},"post_mailing_queue_ids":[],"_links":{"self":[{"href":"https:\/\/www.laguiadepamplona.com\/actualidad\/wp-json\/wp\/v2\/posts\/49995","targetHints":{"allow":["GET"]}}],"collection":[{"href":"https:\/\/www.laguiadepamplona.com\/actualidad\/wp-json\/wp\/v2\/posts"}],"about":[{"href":"https:\/\/www.laguiadepamplona.com\/actualidad\/wp-json\/wp\/v2\/types\/post"}],"author":[{"embeddable":true,"href":"https:\/\/www.laguiadepamplona.com\/actualidad\/wp-json\/wp\/v2\/users\/1"}],"replies":[{"embeddable":true,"href":"https:\/\/www.laguiadepamplona.com\/actualidad\/wp-json\/wp\/v2\/comments?post=49995"}],"version-history":[{"count":1,"href":"https:\/\/www.laguiadepamplona.com\/actualidad\/wp-json\/wp\/v2\/posts\/49995\/revisions"}],"predecessor-version":[{"id":49996,"href":"https:\/\/www.laguiadepamplona.com\/actualidad\/wp-json\/wp\/v2\/posts\/49995\/revisions\/49996"}],"wp:featuredmedia":[{"embeddable":true,"href":"https:\/\/www.laguiadepamplona.com\/actualidad\/wp-json\/wp\/v2\/media\/49673"}],"wp:attachment":[{"href":"https:\/\/www.laguiadepamplona.com\/actualidad\/wp-json\/wp\/v2\/media?parent=49995"}],"wp:term":[{"taxonomy":"category","embeddable":true,"href":"https:\/\/www.laguiadepamplona.com\/actualidad\/wp-json\/wp\/v2\/categories?post=49995"},{"taxonomy":"post_tag","embeddable":true,"href":"https:\/\/www.laguiadepamplona.com\/actualidad\/wp-json\/wp\/v2\/tags?post=49995"}],"curies":[{"name":"wp","href":"https:\/\/api.w.org\/{rel}","templated":true}]}}