{"id":49990,"date":"2024-06-05T13:34:05","date_gmt":"2024-06-05T11:34:05","guid":{"rendered":"https:\/\/www.laguiadepamplona.com\/actualidad\/?p=49990"},"modified":"2024-06-05T13:34:05","modified_gmt":"2024-06-05T11:34:05","slug":"la-musica-de-la-pamplonesa-anuncia-este-jueves-por-las-calles-del-casco-antiguo-que-falta-un-mes-para-las-fiestas-de-san-fermin","status":"publish","type":"post","link":"https:\/\/www.laguiadepamplona.com\/actualidad\/la-musica-de-la-pamplonesa-anuncia-este-jueves-por-las-calles-del-casco-antiguo-que-falta-un-mes-para-las-fiestas-de-san-fermin\/","title":{"rendered":"La m\u00fasica de La Pamplonesa anuncia este jueves por las calles del Casco Antiguo que falta un mes para las fiestas de San Ferm\u00edn"},"content":{"rendered":"<h2>La banda realiza un pasacalles que se inicia y finaliza en la Plaza Consistorial, a partir de las 20.30 horas, en el sexto pelda\u00f1o de la Escalerica<\/h2>\n<p><!--more--><\/p>\n<p>La banda de m\u00fasica La Pamplonesa secunda este jueves el sexto pelda\u00f1o de la Escalerica sanferminera ofreciendo un pasacalles por el Casco Antiguo de la ciudad. Cuando falta un mes para el lanzamiento del Chupinazo, los m\u00fasicos interpretar\u00e1n temas populares para animar a la ciudadan\u00eda, a partir de las 20.30 horas y con una duraci\u00f3n aproximada de una hora, con inicio y final en la Plaza Consistorial.<\/p>\n<p>El recorrido previsto se dirige por la calle San Saturnino hacia la calle Mayor, gira por la calle Eslava, con parada en la plaza de San Francisco, y contin\u00faa por San Miguel hasta la plaza de San Nicol\u00e1s, donde para de nuevo. All\u00ed, en funci\u00f3n de la aglomeraci\u00f3n que haya en la calle, se dirigir\u00e1 hacia la Plaza del Castillo por San Nicol\u00e1s o por el paseo de Sarasate. Una vez interpretados algunos temas en la c\u00e9ntrica plaza, la banda se dirige por Javier y Estafeta hacia Mercaderes, con parada final en la Plaza Consistorial.<\/p>\n<p>La Banda de M\u00fasica de Pamplona La Pamplonesa, instituci\u00f3n centenaria fundada en 1919 y con amplia presencia en San Ferm\u00edn, interpretar\u00e1 m\u00fasica sanferminera, como el \u2018Clar\u00edn de Fiestas\u2019, \u2018\u00c1nimo pues\u2019 o el vals de Astr\u00e1in. Habitualmente participa en el Chupinazo, las dianas, Procesi\u00f3n, el desfile de mulillas, Plaza de Toros y funciones como la Octava. La banda estar\u00e1 dirigida por J. Vicent Egea.<\/p>\n<p>&nbsp;<\/p>\n<h3>Pasacalles<\/h3>\n<ul>\n<li>Inicio a las 20.30:\n<ul>\n<li>Plaza Consistorial \u2013 Calle San Saturnino \u2013 Calle Mayor \u2013 Calle de Hilari\u00f3n Eslava \u2013 Plaza San Francisco (parada para tocar en parado) \u2013 Calle de San Miguel \u2013 Plaza San Nicol\u00e1s (parada para tocar en parado) \u2013 Calle San Nicol\u00e1s \u2013 Plaza del Castillo (parada para tocar en parado) \u2013 Calle Javier \u2013 Calle Estafeta \u2013 Calle Mercaderes \u2013 Plaza Consistorial (final para tocar en parado).<\/li>\n<\/ul>\n<\/li>\n<li>Repertorio:\n<ul>\n<li>Evocaci\u00f3n (Emilio Cebri\u00e1n Ruiz)<\/li>\n<li>Todo son Nubes (Rom\u00e1n de San Jos\u00e9 Redondo)<\/li>\n<li>Deba (Pablo Sorozabal)<\/li>\n<li>Mochol\u00ed (Domingo Vela)<\/li>\n<li>Clar\u00edn de Fiestas (Manuel Turrillas)<\/li>\n<li>\u00c1nimo pues (Popular)<\/li>\n<li>Las siete Calles (Popular)<\/li>\n<li>Riau-Riau (Vals de Astr\u00e1in)<\/li>\n<li>Dominguera (S. Cervantes)<\/li>\n<\/ul>\n<\/li>\n<\/ul>\n","protected":false},"excerpt":{"rendered":"<p>La banda realiza un pasacalles que se inicia y finaliza en la Plaza Consistorial, a partir de las 20.30 horas, en el sexto pelda\u00f1o de la Escalerica<\/p>\n","protected":false},"author":1,"featured_media":49991,"comment_status":"open","ping_status":"closed","sticky":false,"template":"","format":"standard","meta":{"footnotes":""},"categories":[2],"tags":[],"class_list":["post-49990","post","type-post","status-publish","format-standard","has-post-thumbnail","hentry","category-ayuntamiento-pamplona"],"yoast_head":"<!-- This site is optimized with the Yoast SEO plugin v27.3 - https:\/\/yoast.com\/product\/yoast-seo-wordpress\/ -->\n<title>La m\u00fasica de La Pamplonesa anuncia este jueves por las calles del Casco Antiguo que falta un mes para las fiestas de San Ferm\u00edn<\/title>\n<meta name=\"description\" content=\"La banda realiza un pasacalles que se inicia y finaliza en la Plaza Consistorial, a partir de las 20.30 horas, en el sexto pelda\u00f1o de la Escalerica\" \/>\n<meta name=\"robots\" content=\"index, follow, max-snippet:-1, max-image-preview:large, max-video-preview:-1\" \/>\n<link rel=\"canonical\" href=\"https:\/\/www.laguiadepamplona.com\/actualidad\/la-musica-de-la-pamplonesa-anuncia-este-jueves-por-las-calles-del-casco-antiguo-que-falta-un-mes-para-las-fiestas-de-san-fermin\/\" \/>\n<meta property=\"og:locale\" content=\"es_ES\" \/>\n<meta property=\"og:type\" content=\"article\" \/>\n<meta property=\"og:title\" content=\"La m\u00fasica de La Pamplonesa anuncia este jueves por las calles del Casco Antiguo que falta un mes para las fiestas de San Ferm\u00edn\" \/>\n<meta property=\"og:description\" content=\"La banda realiza un pasacalles que se inicia y finaliza en la Plaza Consistorial, a partir de las 20.30 horas, en el sexto pelda\u00f1o de la Escalerica\" \/>\n<meta property=\"og:url\" content=\"https:\/\/www.laguiadepamplona.com\/actualidad\/la-musica-de-la-pamplonesa-anuncia-este-jueves-por-las-calles-del-casco-antiguo-que-falta-un-mes-para-las-fiestas-de-san-fermin\/\" \/>\n<meta property=\"og:site_name\" content=\"La Gu\u00eda de Pamplona\" \/>\n<meta property=\"article:publisher\" content=\"https:\/\/www.facebook.com\/laguiadepamplonacom-133175176762273\/?ref=hl\" \/>\n<meta property=\"article:published_time\" content=\"2024-06-05T11:34:05+00:00\" \/>\n<meta property=\"og:image\" content=\"https:\/\/www.laguiadepamplona.com\/actualidad\/wp-content\/uploads\/2024\/06\/pamplonesa_web.webp\" \/>\n\t<meta property=\"og:image:width\" content=\"1000\" \/>\n\t<meta property=\"og:image:height\" content=\"667\" \/>\n\t<meta property=\"og:image:type\" content=\"image\/webp\" \/>\n<meta name=\"author\" content=\"La Gu\u00eda de Pamplona\" \/>\n<meta name=\"twitter:card\" content=\"summary_large_image\" \/>\n<meta name=\"twitter:creator\" content=\"@LaGuiadPamplona\" \/>\n<meta name=\"twitter:site\" content=\"@LaGuiadPamplona\" \/>\n<meta name=\"twitter:label1\" content=\"Escrito por\" \/>\n\t<meta name=\"twitter:data1\" content=\"La Gu\u00eda de Pamplona\" \/>\n\t<meta name=\"twitter:label2\" content=\"Tiempo de lectura\" \/>\n\t<meta name=\"twitter:data2\" content=\"2 minutos\" \/>\n<script type=\"application\/ld+json\" class=\"yoast-schema-graph\">{\"@context\":\"https:\\\/\\\/schema.org\",\"@graph\":[{\"@type\":\"Article\",\"@id\":\"https:\\\/\\\/www.laguiadepamplona.com\\\/actualidad\\\/la-musica-de-la-pamplonesa-anuncia-este-jueves-por-las-calles-del-casco-antiguo-que-falta-un-mes-para-las-fiestas-de-san-fermin\\\/#article\",\"isPartOf\":{\"@id\":\"https:\\\/\\\/www.laguiadepamplona.com\\\/actualidad\\\/la-musica-de-la-pamplonesa-anuncia-este-jueves-por-las-calles-del-casco-antiguo-que-falta-un-mes-para-las-fiestas-de-san-fermin\\\/\"},\"author\":{\"name\":\"La Gu\u00eda de Pamplona\",\"@id\":\"https:\\\/\\\/www.laguiadepamplona.com\\\/actualidad\\\/#\\\/schema\\\/person\\\/efe887376f0213d4657c93adc50b1fdb\"},\"headline\":\"La m\u00fasica de La Pamplonesa anuncia este jueves por las calles del Casco Antiguo que falta un mes para las fiestas de San Ferm\u00edn\",\"datePublished\":\"2024-06-05T11:34:05+00:00\",\"mainEntityOfPage\":{\"@id\":\"https:\\\/\\\/www.laguiadepamplona.com\\\/actualidad\\\/la-musica-de-la-pamplonesa-anuncia-este-jueves-por-las-calles-del-casco-antiguo-que-falta-un-mes-para-las-fiestas-de-san-fermin\\\/\"},\"wordCount\":401,\"commentCount\":0,\"publisher\":{\"@id\":\"https:\\\/\\\/www.laguiadepamplona.com\\\/actualidad\\\/#organization\"},\"image\":{\"@id\":\"https:\\\/\\\/www.laguiadepamplona.com\\\/actualidad\\\/la-musica-de-la-pamplonesa-anuncia-este-jueves-por-las-calles-del-casco-antiguo-que-falta-un-mes-para-las-fiestas-de-san-fermin\\\/#primaryimage\"},\"thumbnailUrl\":\"https:\\\/\\\/www.laguiadepamplona.com\\\/actualidad\\\/wp-content\\\/uploads\\\/2024\\\/06\\\/pamplonesa_web.webp\",\"articleSection\":[\"Ayto Pamplona\"],\"inLanguage\":\"es\",\"potentialAction\":[{\"@type\":\"CommentAction\",\"name\":\"Comment\",\"target\":[\"https:\\\/\\\/www.laguiadepamplona.com\\\/actualidad\\\/la-musica-de-la-pamplonesa-anuncia-este-jueves-por-las-calles-del-casco-antiguo-que-falta-un-mes-para-las-fiestas-de-san-fermin\\\/#respond\"]}]},{\"@type\":\"WebPage\",\"@id\":\"https:\\\/\\\/www.laguiadepamplona.com\\\/actualidad\\\/la-musica-de-la-pamplonesa-anuncia-este-jueves-por-las-calles-del-casco-antiguo-que-falta-un-mes-para-las-fiestas-de-san-fermin\\\/\",\"url\":\"https:\\\/\\\/www.laguiadepamplona.com\\\/actualidad\\\/la-musica-de-la-pamplonesa-anuncia-este-jueves-por-las-calles-del-casco-antiguo-que-falta-un-mes-para-las-fiestas-de-san-fermin\\\/\",\"name\":\"La m\u00fasica de La Pamplonesa anuncia este jueves por las calles del Casco Antiguo que falta un mes para las fiestas de San Ferm\u00edn\",\"isPartOf\":{\"@id\":\"https:\\\/\\\/www.laguiadepamplona.com\\\/actualidad\\\/#website\"},\"primaryImageOfPage\":{\"@id\":\"https:\\\/\\\/www.laguiadepamplona.com\\\/actualidad\\\/la-musica-de-la-pamplonesa-anuncia-este-jueves-por-las-calles-del-casco-antiguo-que-falta-un-mes-para-las-fiestas-de-san-fermin\\\/#primaryimage\"},\"image\":{\"@id\":\"https:\\\/\\\/www.laguiadepamplona.com\\\/actualidad\\\/la-musica-de-la-pamplonesa-anuncia-este-jueves-por-las-calles-del-casco-antiguo-que-falta-un-mes-para-las-fiestas-de-san-fermin\\\/#primaryimage\"},\"thumbnailUrl\":\"https:\\\/\\\/www.laguiadepamplona.com\\\/actualidad\\\/wp-content\\\/uploads\\\/2024\\\/06\\\/pamplonesa_web.webp\",\"datePublished\":\"2024-06-05T11:34:05+00:00\",\"description\":\"La banda realiza un pasacalles que se inicia y finaliza en la Plaza Consistorial, a partir de las 20.30 horas, en el sexto pelda\u00f1o de la Escalerica\",\"breadcrumb\":{\"@id\":\"https:\\\/\\\/www.laguiadepamplona.com\\\/actualidad\\\/la-musica-de-la-pamplonesa-anuncia-este-jueves-por-las-calles-del-casco-antiguo-que-falta-un-mes-para-las-fiestas-de-san-fermin\\\/#breadcrumb\"},\"inLanguage\":\"es\",\"potentialAction\":[{\"@type\":\"ReadAction\",\"target\":[\"https:\\\/\\\/www.laguiadepamplona.com\\\/actualidad\\\/la-musica-de-la-pamplonesa-anuncia-este-jueves-por-las-calles-del-casco-antiguo-que-falta-un-mes-para-las-fiestas-de-san-fermin\\\/\"]}]},{\"@type\":\"ImageObject\",\"inLanguage\":\"es\",\"@id\":\"https:\\\/\\\/www.laguiadepamplona.com\\\/actualidad\\\/la-musica-de-la-pamplonesa-anuncia-este-jueves-por-las-calles-del-casco-antiguo-que-falta-un-mes-para-las-fiestas-de-san-fermin\\\/#primaryimage\",\"url\":\"https:\\\/\\\/www.laguiadepamplona.com\\\/actualidad\\\/wp-content\\\/uploads\\\/2024\\\/06\\\/pamplonesa_web.webp\",\"contentUrl\":\"https:\\\/\\\/www.laguiadepamplona.com\\\/actualidad\\\/wp-content\\\/uploads\\\/2024\\\/06\\\/pamplonesa_web.webp\",\"width\":1000,\"height\":667,\"caption\":\"la pamplonesa\"},{\"@type\":\"BreadcrumbList\",\"@id\":\"https:\\\/\\\/www.laguiadepamplona.com\\\/actualidad\\\/la-musica-de-la-pamplonesa-anuncia-este-jueves-por-las-calles-del-casco-antiguo-que-falta-un-mes-para-las-fiestas-de-san-fermin\\\/#breadcrumb\",\"itemListElement\":[{\"@type\":\"ListItem\",\"position\":1,\"name\":\"Portada\",\"item\":\"https:\\\/\\\/www.laguiadepamplona.com\\\/actualidad\\\/\"},{\"@type\":\"ListItem\",\"position\":2,\"name\":\"La m\u00fasica de La Pamplonesa anuncia este jueves por las calles del Casco Antiguo que falta un mes para las fiestas de San Ferm\u00edn\"}]},{\"@type\":\"WebSite\",\"@id\":\"https:\\\/\\\/www.laguiadepamplona.com\\\/actualidad\\\/#website\",\"url\":\"https:\\\/\\\/www.laguiadepamplona.com\\\/actualidad\\\/\",\"name\":\"La gu\u00eda de Pamplona\",\"description\":\"Noticias de Pamplona\",\"publisher\":{\"@id\":\"https:\\\/\\\/www.laguiadepamplona.com\\\/actualidad\\\/#organization\"},\"potentialAction\":[{\"@type\":\"SearchAction\",\"target\":{\"@type\":\"EntryPoint\",\"urlTemplate\":\"https:\\\/\\\/www.laguiadepamplona.com\\\/actualidad\\\/?s={search_term_string}\"},\"query-input\":{\"@type\":\"PropertyValueSpecification\",\"valueRequired\":true,\"valueName\":\"search_term_string\"}}],\"inLanguage\":\"es\"},{\"@type\":\"Organization\",\"@id\":\"https:\\\/\\\/www.laguiadepamplona.com\\\/actualidad\\\/#organization\",\"name\":\"La Gu\u00eda de Pamplona \\\/ Noticias\",\"url\":\"https:\\\/\\\/www.laguiadepamplona.com\\\/actualidad\\\/\",\"logo\":{\"@type\":\"ImageObject\",\"inLanguage\":\"es\",\"@id\":\"https:\\\/\\\/www.laguiadepamplona.com\\\/actualidad\\\/#\\\/schema\\\/logo\\\/image\\\/\",\"url\":\"https:\\\/\\\/www.laguiadepamplona.com\\\/actualidad\\\/wp-content\\\/uploads\\\/2018\\\/11\\\/logo-laguiadepamplona18-web1.png\",\"contentUrl\":\"https:\\\/\\\/www.laguiadepamplona.com\\\/actualidad\\\/wp-content\\\/uploads\\\/2018\\\/11\\\/logo-laguiadepamplona18-web1.png\",\"width\":600,\"height\":196,\"caption\":\"La Gu\u00eda de Pamplona \\\/ Noticias\"},\"image\":{\"@id\":\"https:\\\/\\\/www.laguiadepamplona.com\\\/actualidad\\\/#\\\/schema\\\/logo\\\/image\\\/\"},\"sameAs\":[\"https:\\\/\\\/www.facebook.com\\\/laguiadepamplonacom-133175176762273\\\/?ref=hl\",\"https:\\\/\\\/x.com\\\/LaGuiadPamplona\",\"https:\\\/\\\/www.instagram.com\\\/la_guia_de_pamplona\\\/\",\"https:\\\/\\\/www.youtube.com\\\/user\\\/laguiadepamplona\"]},{\"@type\":\"Person\",\"@id\":\"https:\\\/\\\/www.laguiadepamplona.com\\\/actualidad\\\/#\\\/schema\\\/person\\\/efe887376f0213d4657c93adc50b1fdb\",\"name\":\"La Gu\u00eda de Pamplona\",\"image\":{\"@type\":\"ImageObject\",\"inLanguage\":\"es\",\"@id\":\"https:\\\/\\\/secure.gravatar.com\\\/avatar\\\/b6992f131dc8d30ab0dff15446e9d346d9dbd95992de0fef795073f5ea83a81c?s=96&d=mm&r=g\",\"url\":\"https:\\\/\\\/secure.gravatar.com\\\/avatar\\\/b6992f131dc8d30ab0dff15446e9d346d9dbd95992de0fef795073f5ea83a81c?s=96&d=mm&r=g\",\"contentUrl\":\"https:\\\/\\\/secure.gravatar.com\\\/avatar\\\/b6992f131dc8d30ab0dff15446e9d346d9dbd95992de0fef795073f5ea83a81c?s=96&d=mm&r=g\",\"caption\":\"La Gu\u00eda de Pamplona\"}}]}<\/script>\n<!-- \/ Yoast SEO plugin. -->","yoast_head_json":{"title":"La m\u00fasica de La Pamplonesa anuncia este jueves por las calles del Casco Antiguo que falta un mes para las fiestas de San Ferm\u00edn","description":"La banda realiza un pasacalles que se inicia y finaliza en la Plaza Consistorial, a partir de las 20.30 horas, en el sexto pelda\u00f1o de la Escalerica","robots":{"index":"index","follow":"follow","max-snippet":"max-snippet:-1","max-image-preview":"max-image-preview:large","max-video-preview":"max-video-preview:-1"},"canonical":"https:\/\/www.laguiadepamplona.com\/actualidad\/la-musica-de-la-pamplonesa-anuncia-este-jueves-por-las-calles-del-casco-antiguo-que-falta-un-mes-para-las-fiestas-de-san-fermin\/","og_locale":"es_ES","og_type":"article","og_title":"La m\u00fasica de La Pamplonesa anuncia este jueves por las calles del Casco Antiguo que falta un mes para las fiestas de San Ferm\u00edn","og_description":"La banda realiza un pasacalles que se inicia y finaliza en la Plaza Consistorial, a partir de las 20.30 horas, en el sexto pelda\u00f1o de la Escalerica","og_url":"https:\/\/www.laguiadepamplona.com\/actualidad\/la-musica-de-la-pamplonesa-anuncia-este-jueves-por-las-calles-del-casco-antiguo-que-falta-un-mes-para-las-fiestas-de-san-fermin\/","og_site_name":"La Gu\u00eda de Pamplona","article_publisher":"https:\/\/www.facebook.com\/laguiadepamplonacom-133175176762273\/?ref=hl","article_published_time":"2024-06-05T11:34:05+00:00","og_image":[{"width":1000,"height":667,"url":"https:\/\/www.laguiadepamplona.com\/actualidad\/wp-content\/uploads\/2024\/06\/pamplonesa_web.webp","type":"image\/webp"}],"author":"La Gu\u00eda de Pamplona","twitter_card":"summary_large_image","twitter_creator":"@LaGuiadPamplona","twitter_site":"@LaGuiadPamplona","twitter_misc":{"Escrito por":"La Gu\u00eda de Pamplona","Tiempo de lectura":"2 minutos"},"schema":{"@context":"https:\/\/schema.org","@graph":[{"@type":"Article","@id":"https:\/\/www.laguiadepamplona.com\/actualidad\/la-musica-de-la-pamplonesa-anuncia-este-jueves-por-las-calles-del-casco-antiguo-que-falta-un-mes-para-las-fiestas-de-san-fermin\/#article","isPartOf":{"@id":"https:\/\/www.laguiadepamplona.com\/actualidad\/la-musica-de-la-pamplonesa-anuncia-este-jueves-por-las-calles-del-casco-antiguo-que-falta-un-mes-para-las-fiestas-de-san-fermin\/"},"author":{"name":"La Gu\u00eda de Pamplona","@id":"https:\/\/www.laguiadepamplona.com\/actualidad\/#\/schema\/person\/efe887376f0213d4657c93adc50b1fdb"},"headline":"La m\u00fasica de La Pamplonesa anuncia este jueves por las calles del Casco Antiguo que falta un mes para las fiestas de San Ferm\u00edn","datePublished":"2024-06-05T11:34:05+00:00","mainEntityOfPage":{"@id":"https:\/\/www.laguiadepamplona.com\/actualidad\/la-musica-de-la-pamplonesa-anuncia-este-jueves-por-las-calles-del-casco-antiguo-que-falta-un-mes-para-las-fiestas-de-san-fermin\/"},"wordCount":401,"commentCount":0,"publisher":{"@id":"https:\/\/www.laguiadepamplona.com\/actualidad\/#organization"},"image":{"@id":"https:\/\/www.laguiadepamplona.com\/actualidad\/la-musica-de-la-pamplonesa-anuncia-este-jueves-por-las-calles-del-casco-antiguo-que-falta-un-mes-para-las-fiestas-de-san-fermin\/#primaryimage"},"thumbnailUrl":"https:\/\/www.laguiadepamplona.com\/actualidad\/wp-content\/uploads\/2024\/06\/pamplonesa_web.webp","articleSection":["Ayto Pamplona"],"inLanguage":"es","potentialAction":[{"@type":"CommentAction","name":"Comment","target":["https:\/\/www.laguiadepamplona.com\/actualidad\/la-musica-de-la-pamplonesa-anuncia-este-jueves-por-las-calles-del-casco-antiguo-que-falta-un-mes-para-las-fiestas-de-san-fermin\/#respond"]}]},{"@type":"WebPage","@id":"https:\/\/www.laguiadepamplona.com\/actualidad\/la-musica-de-la-pamplonesa-anuncia-este-jueves-por-las-calles-del-casco-antiguo-que-falta-un-mes-para-las-fiestas-de-san-fermin\/","url":"https:\/\/www.laguiadepamplona.com\/actualidad\/la-musica-de-la-pamplonesa-anuncia-este-jueves-por-las-calles-del-casco-antiguo-que-falta-un-mes-para-las-fiestas-de-san-fermin\/","name":"La m\u00fasica de La Pamplonesa anuncia este jueves por las calles del Casco Antiguo que falta un mes para las fiestas de San Ferm\u00edn","isPartOf":{"@id":"https:\/\/www.laguiadepamplona.com\/actualidad\/#website"},"primaryImageOfPage":{"@id":"https:\/\/www.laguiadepamplona.com\/actualidad\/la-musica-de-la-pamplonesa-anuncia-este-jueves-por-las-calles-del-casco-antiguo-que-falta-un-mes-para-las-fiestas-de-san-fermin\/#primaryimage"},"image":{"@id":"https:\/\/www.laguiadepamplona.com\/actualidad\/la-musica-de-la-pamplonesa-anuncia-este-jueves-por-las-calles-del-casco-antiguo-que-falta-un-mes-para-las-fiestas-de-san-fermin\/#primaryimage"},"thumbnailUrl":"https:\/\/www.laguiadepamplona.com\/actualidad\/wp-content\/uploads\/2024\/06\/pamplonesa_web.webp","datePublished":"2024-06-05T11:34:05+00:00","description":"La banda realiza un pasacalles que se inicia y finaliza en la Plaza Consistorial, a partir de las 20.30 horas, en el sexto pelda\u00f1o de la Escalerica","breadcrumb":{"@id":"https:\/\/www.laguiadepamplona.com\/actualidad\/la-musica-de-la-pamplonesa-anuncia-este-jueves-por-las-calles-del-casco-antiguo-que-falta-un-mes-para-las-fiestas-de-san-fermin\/#breadcrumb"},"inLanguage":"es","potentialAction":[{"@type":"ReadAction","target":["https:\/\/www.laguiadepamplona.com\/actualidad\/la-musica-de-la-pamplonesa-anuncia-este-jueves-por-las-calles-del-casco-antiguo-que-falta-un-mes-para-las-fiestas-de-san-fermin\/"]}]},{"@type":"ImageObject","inLanguage":"es","@id":"https:\/\/www.laguiadepamplona.com\/actualidad\/la-musica-de-la-pamplonesa-anuncia-este-jueves-por-las-calles-del-casco-antiguo-que-falta-un-mes-para-las-fiestas-de-san-fermin\/#primaryimage","url":"https:\/\/www.laguiadepamplona.com\/actualidad\/wp-content\/uploads\/2024\/06\/pamplonesa_web.webp","contentUrl":"https:\/\/www.laguiadepamplona.com\/actualidad\/wp-content\/uploads\/2024\/06\/pamplonesa_web.webp","width":1000,"height":667,"caption":"la pamplonesa"},{"@type":"BreadcrumbList","@id":"https:\/\/www.laguiadepamplona.com\/actualidad\/la-musica-de-la-pamplonesa-anuncia-este-jueves-por-las-calles-del-casco-antiguo-que-falta-un-mes-para-las-fiestas-de-san-fermin\/#breadcrumb","itemListElement":[{"@type":"ListItem","position":1,"name":"Portada","item":"https:\/\/www.laguiadepamplona.com\/actualidad\/"},{"@type":"ListItem","position":2,"name":"La m\u00fasica de La Pamplonesa anuncia este jueves por las calles del Casco Antiguo que falta un mes para las fiestas de San Ferm\u00edn"}]},{"@type":"WebSite","@id":"https:\/\/www.laguiadepamplona.com\/actualidad\/#website","url":"https:\/\/www.laguiadepamplona.com\/actualidad\/","name":"La gu\u00eda de Pamplona","description":"Noticias de Pamplona","publisher":{"@id":"https:\/\/www.laguiadepamplona.com\/actualidad\/#organization"},"potentialAction":[{"@type":"SearchAction","target":{"@type":"EntryPoint","urlTemplate":"https:\/\/www.laguiadepamplona.com\/actualidad\/?s={search_term_string}"},"query-input":{"@type":"PropertyValueSpecification","valueRequired":true,"valueName":"search_term_string"}}],"inLanguage":"es"},{"@type":"Organization","@id":"https:\/\/www.laguiadepamplona.com\/actualidad\/#organization","name":"La Gu\u00eda de Pamplona \/ Noticias","url":"https:\/\/www.laguiadepamplona.com\/actualidad\/","logo":{"@type":"ImageObject","inLanguage":"es","@id":"https:\/\/www.laguiadepamplona.com\/actualidad\/#\/schema\/logo\/image\/","url":"https:\/\/www.laguiadepamplona.com\/actualidad\/wp-content\/uploads\/2018\/11\/logo-laguiadepamplona18-web1.png","contentUrl":"https:\/\/www.laguiadepamplona.com\/actualidad\/wp-content\/uploads\/2018\/11\/logo-laguiadepamplona18-web1.png","width":600,"height":196,"caption":"La Gu\u00eda de Pamplona \/ Noticias"},"image":{"@id":"https:\/\/www.laguiadepamplona.com\/actualidad\/#\/schema\/logo\/image\/"},"sameAs":["https:\/\/www.facebook.com\/laguiadepamplonacom-133175176762273\/?ref=hl","https:\/\/x.com\/LaGuiadPamplona","https:\/\/www.instagram.com\/la_guia_de_pamplona\/","https:\/\/www.youtube.com\/user\/laguiadepamplona"]},{"@type":"Person","@id":"https:\/\/www.laguiadepamplona.com\/actualidad\/#\/schema\/person\/efe887376f0213d4657c93adc50b1fdb","name":"La Gu\u00eda de Pamplona","image":{"@type":"ImageObject","inLanguage":"es","@id":"https:\/\/secure.gravatar.com\/avatar\/b6992f131dc8d30ab0dff15446e9d346d9dbd95992de0fef795073f5ea83a81c?s=96&d=mm&r=g","url":"https:\/\/secure.gravatar.com\/avatar\/b6992f131dc8d30ab0dff15446e9d346d9dbd95992de0fef795073f5ea83a81c?s=96&d=mm&r=g","contentUrl":"https:\/\/secure.gravatar.com\/avatar\/b6992f131dc8d30ab0dff15446e9d346d9dbd95992de0fef795073f5ea83a81c?s=96&d=mm&r=g","caption":"La Gu\u00eda de Pamplona"}}]}},"post_mailing_queue_ids":[],"_links":{"self":[{"href":"https:\/\/www.laguiadepamplona.com\/actualidad\/wp-json\/wp\/v2\/posts\/49990","targetHints":{"allow":["GET"]}}],"collection":[{"href":"https:\/\/www.laguiadepamplona.com\/actualidad\/wp-json\/wp\/v2\/posts"}],"about":[{"href":"https:\/\/www.laguiadepamplona.com\/actualidad\/wp-json\/wp\/v2\/types\/post"}],"author":[{"embeddable":true,"href":"https:\/\/www.laguiadepamplona.com\/actualidad\/wp-json\/wp\/v2\/users\/1"}],"replies":[{"embeddable":true,"href":"https:\/\/www.laguiadepamplona.com\/actualidad\/wp-json\/wp\/v2\/comments?post=49990"}],"version-history":[{"count":1,"href":"https:\/\/www.laguiadepamplona.com\/actualidad\/wp-json\/wp\/v2\/posts\/49990\/revisions"}],"predecessor-version":[{"id":49992,"href":"https:\/\/www.laguiadepamplona.com\/actualidad\/wp-json\/wp\/v2\/posts\/49990\/revisions\/49992"}],"wp:featuredmedia":[{"embeddable":true,"href":"https:\/\/www.laguiadepamplona.com\/actualidad\/wp-json\/wp\/v2\/media\/49991"}],"wp:attachment":[{"href":"https:\/\/www.laguiadepamplona.com\/actualidad\/wp-json\/wp\/v2\/media?parent=49990"}],"wp:term":[{"taxonomy":"category","embeddable":true,"href":"https:\/\/www.laguiadepamplona.com\/actualidad\/wp-json\/wp\/v2\/categories?post=49990"},{"taxonomy":"post_tag","embeddable":true,"href":"https:\/\/www.laguiadepamplona.com\/actualidad\/wp-json\/wp\/v2\/tags?post=49990"}],"curies":[{"name":"wp","href":"https:\/\/api.w.org\/{rel}","templated":true}]}}