{"id":49972,"date":"2024-06-04T19:00:19","date_gmt":"2024-06-04T17:00:19","guid":{"rendered":"https:\/\/www.laguiadepamplona.com\/actualidad\/?p=49972"},"modified":"2024-06-04T19:00:19","modified_gmt":"2024-06-04T17:00:19","slug":"el-ayuntamiento-de-pamplona-buscara-una-nueva-ubicacion-para-exponer-las-16-placas-en-recuerdo-a-las-personas-fallecidas-en-el-encierro","status":"publish","type":"post","link":"https:\/\/www.laguiadepamplona.com\/actualidad\/el-ayuntamiento-de-pamplona-buscara-una-nueva-ubicacion-para-exponer-las-16-placas-en-recuerdo-a-las-personas-fallecidas-en-el-encierro\/","title":{"rendered":"El Ayuntamiento de Pamplona buscar\u00e1 una nueva ubicaci\u00f3n para exponer las 16 placas en recuerdo a las personas fallecidas en el Encierro"},"content":{"rendered":"<h2>La medida, solicitada por los corredores a trav\u00e9s de la Federaci\u00f3n de Pe\u00f1as y avalada por un informe de Seguridad Ciudadana, ha sido respaldada por la mayor\u00eda de los grupos<\/h2>\n<p><!--more--><\/p>\n<p>El Ayuntamiento de Pamplona trabaja ya en la b\u00fasqueda de una nueva ubicaci\u00f3n para exponer las 16 placas en recuerdo de las personas fallecidas en el Encierro. La mayor\u00eda de los grupos municipales han respaldado hoy esta medida en un debate celebrado en la parte privada de la Comisi\u00f3n de Presidencia. Este debate ha tenido como eje central el informe de Seguridad Ciudadana que advert\u00eda de que las placas, en su actual ubicaci\u00f3n, no cumplen los par\u00e1metros legales sobre resbaladicidad. El objetivo es reubicar las placas en otro punto de la ciudad, donde no suponga un riesgo para los corredores, o bien habilitar un lugar de homenaje con otras caracter\u00edsticas.<\/p>\n<p>La medida hab\u00eda sido solicitada por los corredores del Encierro en la mesa sectorial a trav\u00e9s de la Federaci\u00f3n de Pe\u00f1as y se llevar\u00e1 de nuevo a la Mesa del Encierro el pr\u00f3ximo viernes. La retirada, que todav\u00eda no tiene una fecha definitiva, se realizar\u00e1 antes de las fiestas de San Ferm\u00edn, de forma que las carreras del Encierro puedan discurrir con todas las garant\u00edas. De hecho, como se ha insistido en el debate de hoy, el motivo de la retirada se debe a que estas placas met\u00e1licas sobre adoquines no cumplen las exigencias de la normativa en materia de resbaladicidad para zonas exteriores, tal y como se ha certificado con un informe encargado por Seguridad y Convivencia Ciudadana.<\/p>\n<p><strong>La colocaci\u00f3n de 8 placas cost\u00f3 28.000 euros <\/strong><\/p>\n<p>El Ayuntamiento hab\u00edan encargado a finales de 2023 un total de 16 placas, con los nombres de las 16 personas fallecidas en el recorrido del Encierro desde 1910. No obstante, \u00fanicamente se hab\u00edan instalado ocho. El coste total de este encargo ascendi\u00f3 a 28.337,13 euros, cuant\u00eda en la que se incluyen las propias placas y los gastos de colocaci\u00f3n, iluminaci\u00f3n y canalizaci\u00f3n el\u00e9ctrica. Ante la petici\u00f3n de los corredores por medio de la Federaci\u00f3n de Pe\u00f1as para retirarlas por motivos de seguridad, el Consistorio decidi\u00f3 encargar un informe para valorar si exist\u00edan riesgos.<\/p>\n<p>Para ello, se llevaron a cabo diversos ensayos sobre resbaladicidad, para certificar su adecuaci\u00f3n a la Orden TMA\/851\/2021 del Ministerio de Transportes, Movilidad y Agenda Urbana sobre las condiciones b\u00e1sicas de accesibilidad y no discriminaci\u00f3n para el acceso y la utilizaci\u00f3n de los espacios p\u00fablicos urbanizados y al Documento B\u00e1sico DB-SUA-1, de Seguridad de Utilizaci\u00f3n y Accesibilidad. Esta normativa establece una clasificaci\u00f3n en materia de resbalabilidad que va desde \u2018clase 0\u2019 a \u2018clase 3\u2019, de menor a mayor agarre. Para zonas exteriores, la norma considera exigible la \u2018clase 3\u2019. En los ensayos las placas se situaron en la \u2018clase 1\u2019, con un valor de Resistencia al Deslizamiento de 20, mientras que el adoqu\u00edn de la misma zona alcanz\u00f3 la \u2018clase 3\u2019, con una Resistencia al Deslizamiento de 63.<\/p>\n","protected":false},"excerpt":{"rendered":"<p>La medida, solicitada por los corredores a trav\u00e9s de la Federaci\u00f3n de Pe\u00f1as y avalada por un informe de Seguridad Ciudadana, ha sido respaldada por la mayor\u00eda de los grupos<\/p>\n","protected":false},"author":1,"featured_media":49949,"comment_status":"open","ping_status":"closed","sticky":false,"template":"","format":"standard","meta":{"footnotes":""},"categories":[2],"tags":[],"class_list":["post-49972","post","type-post","status-publish","format-standard","has-post-thumbnail","hentry","category-ayuntamiento-pamplona"],"yoast_head":"<!-- This site is optimized with the Yoast SEO plugin v27.3 - https:\/\/yoast.com\/product\/yoast-seo-wordpress\/ -->\n<title>El Ayuntamiento de Pamplona buscar\u00e1 una nueva ubicaci\u00f3n para exponer las 16 placas en recuerdo a las personas fallecidas en el Encierro<\/title>\n<meta name=\"description\" content=\"La medida, solicitada por los corredores a trav\u00e9s de la Federaci\u00f3n de Pe\u00f1as y avalada por un informe de Seguridad Ciudadana, ha sido respaldada por la mayor\u00eda de los grupos\" \/>\n<meta name=\"robots\" content=\"index, follow, max-snippet:-1, max-image-preview:large, max-video-preview:-1\" \/>\n<link rel=\"canonical\" href=\"https:\/\/www.laguiadepamplona.com\/actualidad\/el-ayuntamiento-de-pamplona-buscara-una-nueva-ubicacion-para-exponer-las-16-placas-en-recuerdo-a-las-personas-fallecidas-en-el-encierro\/\" \/>\n<meta property=\"og:locale\" content=\"es_ES\" \/>\n<meta property=\"og:type\" content=\"article\" \/>\n<meta property=\"og:title\" content=\"El Ayuntamiento de Pamplona buscar\u00e1 una nueva ubicaci\u00f3n para exponer las 16 placas en recuerdo a las personas fallecidas en el Encierro\" \/>\n<meta property=\"og:description\" content=\"La medida, solicitada por los corredores a trav\u00e9s de la Federaci\u00f3n de Pe\u00f1as y avalada por un informe de Seguridad Ciudadana, ha sido respaldada por la mayor\u00eda de los grupos\" \/>\n<meta property=\"og:url\" content=\"https:\/\/www.laguiadepamplona.com\/actualidad\/el-ayuntamiento-de-pamplona-buscara-una-nueva-ubicacion-para-exponer-las-16-placas-en-recuerdo-a-las-personas-fallecidas-en-el-encierro\/\" \/>\n<meta property=\"og:site_name\" content=\"La Gu\u00eda de Pamplona\" \/>\n<meta property=\"article:publisher\" content=\"https:\/\/www.facebook.com\/laguiadepamplonacom-133175176762273\/?ref=hl\" \/>\n<meta property=\"article:published_time\" content=\"2024-06-04T17:00:19+00:00\" \/>\n<meta property=\"og:image\" content=\"https:\/\/www.laguiadepamplona.com\/actualidad\/wp-content\/uploads\/2024\/06\/placas-encierro_web_0.webp\" \/>\n\t<meta property=\"og:image:width\" content=\"1000\" \/>\n\t<meta property=\"og:image:height\" content=\"667\" \/>\n\t<meta property=\"og:image:type\" content=\"image\/webp\" \/>\n<meta name=\"author\" content=\"La Gu\u00eda de Pamplona\" \/>\n<meta name=\"twitter:card\" content=\"summary_large_image\" \/>\n<meta name=\"twitter:creator\" content=\"@LaGuiadPamplona\" \/>\n<meta name=\"twitter:site\" content=\"@LaGuiadPamplona\" \/>\n<meta name=\"twitter:label1\" content=\"Escrito por\" \/>\n\t<meta name=\"twitter:data1\" content=\"La Gu\u00eda de Pamplona\" \/>\n\t<meta name=\"twitter:label2\" content=\"Tiempo de lectura\" \/>\n\t<meta name=\"twitter:data2\" content=\"3 minutos\" \/>\n<script type=\"application\/ld+json\" class=\"yoast-schema-graph\">{\"@context\":\"https:\\\/\\\/schema.org\",\"@graph\":[{\"@type\":\"Article\",\"@id\":\"https:\\\/\\\/www.laguiadepamplona.com\\\/actualidad\\\/el-ayuntamiento-de-pamplona-buscara-una-nueva-ubicacion-para-exponer-las-16-placas-en-recuerdo-a-las-personas-fallecidas-en-el-encierro\\\/#article\",\"isPartOf\":{\"@id\":\"https:\\\/\\\/www.laguiadepamplona.com\\\/actualidad\\\/el-ayuntamiento-de-pamplona-buscara-una-nueva-ubicacion-para-exponer-las-16-placas-en-recuerdo-a-las-personas-fallecidas-en-el-encierro\\\/\"},\"author\":{\"name\":\"La Gu\u00eda de Pamplona\",\"@id\":\"https:\\\/\\\/www.laguiadepamplona.com\\\/actualidad\\\/#\\\/schema\\\/person\\\/efe887376f0213d4657c93adc50b1fdb\"},\"headline\":\"El Ayuntamiento de Pamplona buscar\u00e1 una nueva ubicaci\u00f3n para exponer las 16 placas en recuerdo a las personas fallecidas en el Encierro\",\"datePublished\":\"2024-06-04T17:00:19+00:00\",\"mainEntityOfPage\":{\"@id\":\"https:\\\/\\\/www.laguiadepamplona.com\\\/actualidad\\\/el-ayuntamiento-de-pamplona-buscara-una-nueva-ubicacion-para-exponer-las-16-placas-en-recuerdo-a-las-personas-fallecidas-en-el-encierro\\\/\"},\"wordCount\":537,\"commentCount\":0,\"publisher\":{\"@id\":\"https:\\\/\\\/www.laguiadepamplona.com\\\/actualidad\\\/#organization\"},\"image\":{\"@id\":\"https:\\\/\\\/www.laguiadepamplona.com\\\/actualidad\\\/el-ayuntamiento-de-pamplona-buscara-una-nueva-ubicacion-para-exponer-las-16-placas-en-recuerdo-a-las-personas-fallecidas-en-el-encierro\\\/#primaryimage\"},\"thumbnailUrl\":\"https:\\\/\\\/www.laguiadepamplona.com\\\/actualidad\\\/wp-content\\\/uploads\\\/2024\\\/06\\\/placas-encierro_web_0.webp\",\"articleSection\":[\"Ayto Pamplona\"],\"inLanguage\":\"es\",\"potentialAction\":[{\"@type\":\"CommentAction\",\"name\":\"Comment\",\"target\":[\"https:\\\/\\\/www.laguiadepamplona.com\\\/actualidad\\\/el-ayuntamiento-de-pamplona-buscara-una-nueva-ubicacion-para-exponer-las-16-placas-en-recuerdo-a-las-personas-fallecidas-en-el-encierro\\\/#respond\"]}]},{\"@type\":\"WebPage\",\"@id\":\"https:\\\/\\\/www.laguiadepamplona.com\\\/actualidad\\\/el-ayuntamiento-de-pamplona-buscara-una-nueva-ubicacion-para-exponer-las-16-placas-en-recuerdo-a-las-personas-fallecidas-en-el-encierro\\\/\",\"url\":\"https:\\\/\\\/www.laguiadepamplona.com\\\/actualidad\\\/el-ayuntamiento-de-pamplona-buscara-una-nueva-ubicacion-para-exponer-las-16-placas-en-recuerdo-a-las-personas-fallecidas-en-el-encierro\\\/\",\"name\":\"El Ayuntamiento de Pamplona buscar\u00e1 una nueva ubicaci\u00f3n para exponer las 16 placas en recuerdo a las personas fallecidas en el Encierro\",\"isPartOf\":{\"@id\":\"https:\\\/\\\/www.laguiadepamplona.com\\\/actualidad\\\/#website\"},\"primaryImageOfPage\":{\"@id\":\"https:\\\/\\\/www.laguiadepamplona.com\\\/actualidad\\\/el-ayuntamiento-de-pamplona-buscara-una-nueva-ubicacion-para-exponer-las-16-placas-en-recuerdo-a-las-personas-fallecidas-en-el-encierro\\\/#primaryimage\"},\"image\":{\"@id\":\"https:\\\/\\\/www.laguiadepamplona.com\\\/actualidad\\\/el-ayuntamiento-de-pamplona-buscara-una-nueva-ubicacion-para-exponer-las-16-placas-en-recuerdo-a-las-personas-fallecidas-en-el-encierro\\\/#primaryimage\"},\"thumbnailUrl\":\"https:\\\/\\\/www.laguiadepamplona.com\\\/actualidad\\\/wp-content\\\/uploads\\\/2024\\\/06\\\/placas-encierro_web_0.webp\",\"datePublished\":\"2024-06-04T17:00:19+00:00\",\"description\":\"La medida, solicitada por los corredores a trav\u00e9s de la Federaci\u00f3n de Pe\u00f1as y avalada por un informe de Seguridad Ciudadana, ha sido respaldada por la mayor\u00eda de los grupos\",\"breadcrumb\":{\"@id\":\"https:\\\/\\\/www.laguiadepamplona.com\\\/actualidad\\\/el-ayuntamiento-de-pamplona-buscara-una-nueva-ubicacion-para-exponer-las-16-placas-en-recuerdo-a-las-personas-fallecidas-en-el-encierro\\\/#breadcrumb\"},\"inLanguage\":\"es\",\"potentialAction\":[{\"@type\":\"ReadAction\",\"target\":[\"https:\\\/\\\/www.laguiadepamplona.com\\\/actualidad\\\/el-ayuntamiento-de-pamplona-buscara-una-nueva-ubicacion-para-exponer-las-16-placas-en-recuerdo-a-las-personas-fallecidas-en-el-encierro\\\/\"]}]},{\"@type\":\"ImageObject\",\"inLanguage\":\"es\",\"@id\":\"https:\\\/\\\/www.laguiadepamplona.com\\\/actualidad\\\/el-ayuntamiento-de-pamplona-buscara-una-nueva-ubicacion-para-exponer-las-16-placas-en-recuerdo-a-las-personas-fallecidas-en-el-encierro\\\/#primaryimage\",\"url\":\"https:\\\/\\\/www.laguiadepamplona.com\\\/actualidad\\\/wp-content\\\/uploads\\\/2024\\\/06\\\/placas-encierro_web_0.webp\",\"contentUrl\":\"https:\\\/\\\/www.laguiadepamplona.com\\\/actualidad\\\/wp-content\\\/uploads\\\/2024\\\/06\\\/placas-encierro_web_0.webp\",\"width\":1000,\"height\":667,\"caption\":\"placas encierro\"},{\"@type\":\"BreadcrumbList\",\"@id\":\"https:\\\/\\\/www.laguiadepamplona.com\\\/actualidad\\\/el-ayuntamiento-de-pamplona-buscara-una-nueva-ubicacion-para-exponer-las-16-placas-en-recuerdo-a-las-personas-fallecidas-en-el-encierro\\\/#breadcrumb\",\"itemListElement\":[{\"@type\":\"ListItem\",\"position\":1,\"name\":\"Portada\",\"item\":\"https:\\\/\\\/www.laguiadepamplona.com\\\/actualidad\\\/\"},{\"@type\":\"ListItem\",\"position\":2,\"name\":\"El Ayuntamiento de Pamplona buscar\u00e1 una nueva ubicaci\u00f3n para exponer las 16 placas en recuerdo a las personas fallecidas en el Encierro\"}]},{\"@type\":\"WebSite\",\"@id\":\"https:\\\/\\\/www.laguiadepamplona.com\\\/actualidad\\\/#website\",\"url\":\"https:\\\/\\\/www.laguiadepamplona.com\\\/actualidad\\\/\",\"name\":\"La gu\u00eda de Pamplona\",\"description\":\"Noticias de Pamplona\",\"publisher\":{\"@id\":\"https:\\\/\\\/www.laguiadepamplona.com\\\/actualidad\\\/#organization\"},\"potentialAction\":[{\"@type\":\"SearchAction\",\"target\":{\"@type\":\"EntryPoint\",\"urlTemplate\":\"https:\\\/\\\/www.laguiadepamplona.com\\\/actualidad\\\/?s={search_term_string}\"},\"query-input\":{\"@type\":\"PropertyValueSpecification\",\"valueRequired\":true,\"valueName\":\"search_term_string\"}}],\"inLanguage\":\"es\"},{\"@type\":\"Organization\",\"@id\":\"https:\\\/\\\/www.laguiadepamplona.com\\\/actualidad\\\/#organization\",\"name\":\"La Gu\u00eda de Pamplona \\\/ Noticias\",\"url\":\"https:\\\/\\\/www.laguiadepamplona.com\\\/actualidad\\\/\",\"logo\":{\"@type\":\"ImageObject\",\"inLanguage\":\"es\",\"@id\":\"https:\\\/\\\/www.laguiadepamplona.com\\\/actualidad\\\/#\\\/schema\\\/logo\\\/image\\\/\",\"url\":\"https:\\\/\\\/www.laguiadepamplona.com\\\/actualidad\\\/wp-content\\\/uploads\\\/2018\\\/11\\\/logo-laguiadepamplona18-web1.png\",\"contentUrl\":\"https:\\\/\\\/www.laguiadepamplona.com\\\/actualidad\\\/wp-content\\\/uploads\\\/2018\\\/11\\\/logo-laguiadepamplona18-web1.png\",\"width\":600,\"height\":196,\"caption\":\"La Gu\u00eda de Pamplona \\\/ Noticias\"},\"image\":{\"@id\":\"https:\\\/\\\/www.laguiadepamplona.com\\\/actualidad\\\/#\\\/schema\\\/logo\\\/image\\\/\"},\"sameAs\":[\"https:\\\/\\\/www.facebook.com\\\/laguiadepamplonacom-133175176762273\\\/?ref=hl\",\"https:\\\/\\\/x.com\\\/LaGuiadPamplona\",\"https:\\\/\\\/www.instagram.com\\\/la_guia_de_pamplona\\\/\",\"https:\\\/\\\/www.youtube.com\\\/user\\\/laguiadepamplona\"]},{\"@type\":\"Person\",\"@id\":\"https:\\\/\\\/www.laguiadepamplona.com\\\/actualidad\\\/#\\\/schema\\\/person\\\/efe887376f0213d4657c93adc50b1fdb\",\"name\":\"La Gu\u00eda de Pamplona\",\"image\":{\"@type\":\"ImageObject\",\"inLanguage\":\"es\",\"@id\":\"https:\\\/\\\/secure.gravatar.com\\\/avatar\\\/b6992f131dc8d30ab0dff15446e9d346d9dbd95992de0fef795073f5ea83a81c?s=96&d=mm&r=g\",\"url\":\"https:\\\/\\\/secure.gravatar.com\\\/avatar\\\/b6992f131dc8d30ab0dff15446e9d346d9dbd95992de0fef795073f5ea83a81c?s=96&d=mm&r=g\",\"contentUrl\":\"https:\\\/\\\/secure.gravatar.com\\\/avatar\\\/b6992f131dc8d30ab0dff15446e9d346d9dbd95992de0fef795073f5ea83a81c?s=96&d=mm&r=g\",\"caption\":\"La Gu\u00eda de Pamplona\"}}]}<\/script>\n<!-- \/ Yoast SEO plugin. -->","yoast_head_json":{"title":"El Ayuntamiento de Pamplona buscar\u00e1 una nueva ubicaci\u00f3n para exponer las 16 placas en recuerdo a las personas fallecidas en el Encierro","description":"La medida, solicitada por los corredores a trav\u00e9s de la Federaci\u00f3n de Pe\u00f1as y avalada por un informe de Seguridad Ciudadana, ha sido respaldada por la mayor\u00eda de los grupos","robots":{"index":"index","follow":"follow","max-snippet":"max-snippet:-1","max-image-preview":"max-image-preview:large","max-video-preview":"max-video-preview:-1"},"canonical":"https:\/\/www.laguiadepamplona.com\/actualidad\/el-ayuntamiento-de-pamplona-buscara-una-nueva-ubicacion-para-exponer-las-16-placas-en-recuerdo-a-las-personas-fallecidas-en-el-encierro\/","og_locale":"es_ES","og_type":"article","og_title":"El Ayuntamiento de Pamplona buscar\u00e1 una nueva ubicaci\u00f3n para exponer las 16 placas en recuerdo a las personas fallecidas en el Encierro","og_description":"La medida, solicitada por los corredores a trav\u00e9s de la Federaci\u00f3n de Pe\u00f1as y avalada por un informe de Seguridad Ciudadana, ha sido respaldada por la mayor\u00eda de los grupos","og_url":"https:\/\/www.laguiadepamplona.com\/actualidad\/el-ayuntamiento-de-pamplona-buscara-una-nueva-ubicacion-para-exponer-las-16-placas-en-recuerdo-a-las-personas-fallecidas-en-el-encierro\/","og_site_name":"La Gu\u00eda de Pamplona","article_publisher":"https:\/\/www.facebook.com\/laguiadepamplonacom-133175176762273\/?ref=hl","article_published_time":"2024-06-04T17:00:19+00:00","og_image":[{"width":1000,"height":667,"url":"https:\/\/www.laguiadepamplona.com\/actualidad\/wp-content\/uploads\/2024\/06\/placas-encierro_web_0.webp","type":"image\/webp"}],"author":"La Gu\u00eda de Pamplona","twitter_card":"summary_large_image","twitter_creator":"@LaGuiadPamplona","twitter_site":"@LaGuiadPamplona","twitter_misc":{"Escrito por":"La Gu\u00eda de Pamplona","Tiempo de lectura":"3 minutos"},"schema":{"@context":"https:\/\/schema.org","@graph":[{"@type":"Article","@id":"https:\/\/www.laguiadepamplona.com\/actualidad\/el-ayuntamiento-de-pamplona-buscara-una-nueva-ubicacion-para-exponer-las-16-placas-en-recuerdo-a-las-personas-fallecidas-en-el-encierro\/#article","isPartOf":{"@id":"https:\/\/www.laguiadepamplona.com\/actualidad\/el-ayuntamiento-de-pamplona-buscara-una-nueva-ubicacion-para-exponer-las-16-placas-en-recuerdo-a-las-personas-fallecidas-en-el-encierro\/"},"author":{"name":"La Gu\u00eda de Pamplona","@id":"https:\/\/www.laguiadepamplona.com\/actualidad\/#\/schema\/person\/efe887376f0213d4657c93adc50b1fdb"},"headline":"El Ayuntamiento de Pamplona buscar\u00e1 una nueva ubicaci\u00f3n para exponer las 16 placas en recuerdo a las personas fallecidas en el Encierro","datePublished":"2024-06-04T17:00:19+00:00","mainEntityOfPage":{"@id":"https:\/\/www.laguiadepamplona.com\/actualidad\/el-ayuntamiento-de-pamplona-buscara-una-nueva-ubicacion-para-exponer-las-16-placas-en-recuerdo-a-las-personas-fallecidas-en-el-encierro\/"},"wordCount":537,"commentCount":0,"publisher":{"@id":"https:\/\/www.laguiadepamplona.com\/actualidad\/#organization"},"image":{"@id":"https:\/\/www.laguiadepamplona.com\/actualidad\/el-ayuntamiento-de-pamplona-buscara-una-nueva-ubicacion-para-exponer-las-16-placas-en-recuerdo-a-las-personas-fallecidas-en-el-encierro\/#primaryimage"},"thumbnailUrl":"https:\/\/www.laguiadepamplona.com\/actualidad\/wp-content\/uploads\/2024\/06\/placas-encierro_web_0.webp","articleSection":["Ayto Pamplona"],"inLanguage":"es","potentialAction":[{"@type":"CommentAction","name":"Comment","target":["https:\/\/www.laguiadepamplona.com\/actualidad\/el-ayuntamiento-de-pamplona-buscara-una-nueva-ubicacion-para-exponer-las-16-placas-en-recuerdo-a-las-personas-fallecidas-en-el-encierro\/#respond"]}]},{"@type":"WebPage","@id":"https:\/\/www.laguiadepamplona.com\/actualidad\/el-ayuntamiento-de-pamplona-buscara-una-nueva-ubicacion-para-exponer-las-16-placas-en-recuerdo-a-las-personas-fallecidas-en-el-encierro\/","url":"https:\/\/www.laguiadepamplona.com\/actualidad\/el-ayuntamiento-de-pamplona-buscara-una-nueva-ubicacion-para-exponer-las-16-placas-en-recuerdo-a-las-personas-fallecidas-en-el-encierro\/","name":"El Ayuntamiento de Pamplona buscar\u00e1 una nueva ubicaci\u00f3n para exponer las 16 placas en recuerdo a las personas fallecidas en el Encierro","isPartOf":{"@id":"https:\/\/www.laguiadepamplona.com\/actualidad\/#website"},"primaryImageOfPage":{"@id":"https:\/\/www.laguiadepamplona.com\/actualidad\/el-ayuntamiento-de-pamplona-buscara-una-nueva-ubicacion-para-exponer-las-16-placas-en-recuerdo-a-las-personas-fallecidas-en-el-encierro\/#primaryimage"},"image":{"@id":"https:\/\/www.laguiadepamplona.com\/actualidad\/el-ayuntamiento-de-pamplona-buscara-una-nueva-ubicacion-para-exponer-las-16-placas-en-recuerdo-a-las-personas-fallecidas-en-el-encierro\/#primaryimage"},"thumbnailUrl":"https:\/\/www.laguiadepamplona.com\/actualidad\/wp-content\/uploads\/2024\/06\/placas-encierro_web_0.webp","datePublished":"2024-06-04T17:00:19+00:00","description":"La medida, solicitada por los corredores a trav\u00e9s de la Federaci\u00f3n de Pe\u00f1as y avalada por un informe de Seguridad Ciudadana, ha sido respaldada por la mayor\u00eda de los grupos","breadcrumb":{"@id":"https:\/\/www.laguiadepamplona.com\/actualidad\/el-ayuntamiento-de-pamplona-buscara-una-nueva-ubicacion-para-exponer-las-16-placas-en-recuerdo-a-las-personas-fallecidas-en-el-encierro\/#breadcrumb"},"inLanguage":"es","potentialAction":[{"@type":"ReadAction","target":["https:\/\/www.laguiadepamplona.com\/actualidad\/el-ayuntamiento-de-pamplona-buscara-una-nueva-ubicacion-para-exponer-las-16-placas-en-recuerdo-a-las-personas-fallecidas-en-el-encierro\/"]}]},{"@type":"ImageObject","inLanguage":"es","@id":"https:\/\/www.laguiadepamplona.com\/actualidad\/el-ayuntamiento-de-pamplona-buscara-una-nueva-ubicacion-para-exponer-las-16-placas-en-recuerdo-a-las-personas-fallecidas-en-el-encierro\/#primaryimage","url":"https:\/\/www.laguiadepamplona.com\/actualidad\/wp-content\/uploads\/2024\/06\/placas-encierro_web_0.webp","contentUrl":"https:\/\/www.laguiadepamplona.com\/actualidad\/wp-content\/uploads\/2024\/06\/placas-encierro_web_0.webp","width":1000,"height":667,"caption":"placas encierro"},{"@type":"BreadcrumbList","@id":"https:\/\/www.laguiadepamplona.com\/actualidad\/el-ayuntamiento-de-pamplona-buscara-una-nueva-ubicacion-para-exponer-las-16-placas-en-recuerdo-a-las-personas-fallecidas-en-el-encierro\/#breadcrumb","itemListElement":[{"@type":"ListItem","position":1,"name":"Portada","item":"https:\/\/www.laguiadepamplona.com\/actualidad\/"},{"@type":"ListItem","position":2,"name":"El Ayuntamiento de Pamplona buscar\u00e1 una nueva ubicaci\u00f3n para exponer las 16 placas en recuerdo a las personas fallecidas en el Encierro"}]},{"@type":"WebSite","@id":"https:\/\/www.laguiadepamplona.com\/actualidad\/#website","url":"https:\/\/www.laguiadepamplona.com\/actualidad\/","name":"La gu\u00eda de Pamplona","description":"Noticias de Pamplona","publisher":{"@id":"https:\/\/www.laguiadepamplona.com\/actualidad\/#organization"},"potentialAction":[{"@type":"SearchAction","target":{"@type":"EntryPoint","urlTemplate":"https:\/\/www.laguiadepamplona.com\/actualidad\/?s={search_term_string}"},"query-input":{"@type":"PropertyValueSpecification","valueRequired":true,"valueName":"search_term_string"}}],"inLanguage":"es"},{"@type":"Organization","@id":"https:\/\/www.laguiadepamplona.com\/actualidad\/#organization","name":"La Gu\u00eda de Pamplona \/ Noticias","url":"https:\/\/www.laguiadepamplona.com\/actualidad\/","logo":{"@type":"ImageObject","inLanguage":"es","@id":"https:\/\/www.laguiadepamplona.com\/actualidad\/#\/schema\/logo\/image\/","url":"https:\/\/www.laguiadepamplona.com\/actualidad\/wp-content\/uploads\/2018\/11\/logo-laguiadepamplona18-web1.png","contentUrl":"https:\/\/www.laguiadepamplona.com\/actualidad\/wp-content\/uploads\/2018\/11\/logo-laguiadepamplona18-web1.png","width":600,"height":196,"caption":"La Gu\u00eda de Pamplona \/ Noticias"},"image":{"@id":"https:\/\/www.laguiadepamplona.com\/actualidad\/#\/schema\/logo\/image\/"},"sameAs":["https:\/\/www.facebook.com\/laguiadepamplonacom-133175176762273\/?ref=hl","https:\/\/x.com\/LaGuiadPamplona","https:\/\/www.instagram.com\/la_guia_de_pamplona\/","https:\/\/www.youtube.com\/user\/laguiadepamplona"]},{"@type":"Person","@id":"https:\/\/www.laguiadepamplona.com\/actualidad\/#\/schema\/person\/efe887376f0213d4657c93adc50b1fdb","name":"La Gu\u00eda de Pamplona","image":{"@type":"ImageObject","inLanguage":"es","@id":"https:\/\/secure.gravatar.com\/avatar\/b6992f131dc8d30ab0dff15446e9d346d9dbd95992de0fef795073f5ea83a81c?s=96&d=mm&r=g","url":"https:\/\/secure.gravatar.com\/avatar\/b6992f131dc8d30ab0dff15446e9d346d9dbd95992de0fef795073f5ea83a81c?s=96&d=mm&r=g","contentUrl":"https:\/\/secure.gravatar.com\/avatar\/b6992f131dc8d30ab0dff15446e9d346d9dbd95992de0fef795073f5ea83a81c?s=96&d=mm&r=g","caption":"La Gu\u00eda de Pamplona"}}]}},"post_mailing_queue_ids":[],"_links":{"self":[{"href":"https:\/\/www.laguiadepamplona.com\/actualidad\/wp-json\/wp\/v2\/posts\/49972","targetHints":{"allow":["GET"]}}],"collection":[{"href":"https:\/\/www.laguiadepamplona.com\/actualidad\/wp-json\/wp\/v2\/posts"}],"about":[{"href":"https:\/\/www.laguiadepamplona.com\/actualidad\/wp-json\/wp\/v2\/types\/post"}],"author":[{"embeddable":true,"href":"https:\/\/www.laguiadepamplona.com\/actualidad\/wp-json\/wp\/v2\/users\/1"}],"replies":[{"embeddable":true,"href":"https:\/\/www.laguiadepamplona.com\/actualidad\/wp-json\/wp\/v2\/comments?post=49972"}],"version-history":[{"count":1,"href":"https:\/\/www.laguiadepamplona.com\/actualidad\/wp-json\/wp\/v2\/posts\/49972\/revisions"}],"predecessor-version":[{"id":49973,"href":"https:\/\/www.laguiadepamplona.com\/actualidad\/wp-json\/wp\/v2\/posts\/49972\/revisions\/49973"}],"wp:featuredmedia":[{"embeddable":true,"href":"https:\/\/www.laguiadepamplona.com\/actualidad\/wp-json\/wp\/v2\/media\/49949"}],"wp:attachment":[{"href":"https:\/\/www.laguiadepamplona.com\/actualidad\/wp-json\/wp\/v2\/media?parent=49972"}],"wp:term":[{"taxonomy":"category","embeddable":true,"href":"https:\/\/www.laguiadepamplona.com\/actualidad\/wp-json\/wp\/v2\/categories?post=49972"},{"taxonomy":"post_tag","embeddable":true,"href":"https:\/\/www.laguiadepamplona.com\/actualidad\/wp-json\/wp\/v2\/tags?post=49972"}],"curies":[{"name":"wp","href":"https:\/\/api.w.org\/{rel}","templated":true}]}}