{"id":49956,"date":"2024-06-04T12:35:14","date_gmt":"2024-06-04T10:35:14","guid":{"rendered":"https:\/\/www.laguiadepamplona.com\/actualidad\/?p=49956"},"modified":"2024-06-04T12:35:14","modified_gmt":"2024-06-04T10:35:14","slug":"un-mural-de-casi-4-m2-en-solidaridad-con-las-mujeres-salvadorenas-y-con-los-colores-lgtbi-adorna-desde-esta-semana-la-casa-de-las-mujeres","status":"publish","type":"post","link":"https:\/\/www.laguiadepamplona.com\/actualidad\/un-mural-de-casi-4-m2-en-solidaridad-con-las-mujeres-salvadorenas-y-con-los-colores-lgtbi-adorna-desde-esta-semana-la-casa-de-las-mujeres\/","title":{"rendered":"Un mural de casi 4 m2 en solidaridad con las mujeres salvadore\u00f1as y con los colores LGTBi adorna desde esta semana la Casa de las Mujeres"},"content":{"rendered":"<h2>La obra es una reivindicaci\u00f3n realizada de forma colaborativa tras un taller de \u201cArtivismo\u201d impartido por la arteterapeuta Ana Rosa S\u00e1nchez<\/h2>\n<p><!--more--><\/p>\n<p>La Casa de las Mujeres cuenta desde esta semana con un nuevo elemento de concienciaci\u00f3n, un mural colaborativo de 3,8 m<sup>2 <\/sup>que luce a todo color en el muro interior del patio. La imagen nace de las ideas de la artista Ana Rosa Sanchez, educadora art\u00edstica y arteterapeuta profesional que acompa\u00f1a procesos formativos desde el arte en diferentes \u00e1mbitos. Su ejecuci\u00f3n es producto de un taller previo de \u201cArtivismo\u201d impartido en la propia Casa por S\u00e1nchez, que ha tenido lugar este fin de semana en ese espacio municipal.<\/p>\n<p>El mural, con los colores LGTBi, recoge las palabras \u201cPaz\u201d y \u201cEllas deciden \/Emakumeen Erabakia\u201d est\u00e1 poblado de formas redondeadas con im\u00e1genes como la del torogoz, el p\u00e1jaro-emblema de El Salvador o las de diversas plantas. El mural se enmarca precisamente en el proyecto \u201cEllas Deciden. Construyendo alianzas feministas entre El Salvador y Pamplona\u201d, un trabajo que desde hace a\u00f1os busca promover espacios de encuentro y reflexi\u00f3n social sobre las diferentes vulneraciones de los derechos que sufren las mujeres y ni\u00f1as en los pa\u00edses del Sur global.<\/p>\n<p>ACPP, la entidad impulsora de todo el proyecto busca tambi\u00e9n con este tipo de actividades dar a conocer al conjunto de la sociedad la labor que desarrollan las mujeres de las organizaciones que son contrapartes locales para poder comprenderlas mejor, romper perjuicios y conocer realmente las dimensiones e implicaciones de la cooperaci\u00f3n internacional. La Casa de las Mujeres, tanto el Ayuntamiento como la asociaci\u00f3n que la gestiona, se han querido unir a esta iniciativa para hacer hincapi\u00e9 en la necesidad de proteger los derechos sexuales y reproductivos de las mujeres, para erradicar otra m\u00e1s de las distintas manifestaciones de violencias basadas en g\u00e9nero.<\/p>\n<p>La Casa de las Mujeres de Pamplona (calle Aoiz, 9) es un espacio de reflexi\u00f3n y empoderamiento de las mujeres. Quiere ser un lugar de encuentro y de referencia para todas las mujeres de la ciudad desde el que tejer alianzas y generar las fortalezas y sinergias necesarias para conseguir la igualdad real y efectiva entre mujeres y hombres. Entre sus objetivos est\u00e1 el dotar a las asociaciones de mujeres y colectivos feministas de un espacio donde llevar a cabo sus actuaciones y actividades para lograr el empoderamiento individual y colectivo de las mujeres de la ciudad.<\/p>\n","protected":false},"excerpt":{"rendered":"<p>La obra es una reivindicaci\u00f3n realizada de forma colaborativa tras un taller de \u201cArtivismo\u201d impartido por la arteterapeuta Ana Rosa S\u00e1nchez<\/p>\n","protected":false},"author":1,"featured_media":49957,"comment_status":"open","ping_status":"closed","sticky":false,"template":"","format":"standard","meta":{"footnotes":""},"categories":[2],"tags":[],"class_list":["post-49956","post","type-post","status-publish","format-standard","has-post-thumbnail","hentry","category-ayuntamiento-pamplona"],"yoast_head":"<!-- This site is optimized with the Yoast SEO plugin v27.5 - https:\/\/yoast.com\/product\/yoast-seo-wordpress\/ -->\n<title>Un mural de casi 4 m2 en solidaridad con las mujeres salvadore\u00f1as y con los colores LGTBi adorna desde esta semana la Casa de las Mujeres<\/title>\n<meta name=\"description\" content=\"La obra es una reivindicaci\u00f3n realizada de forma colaborativa tras un taller de \u201cArtivismo\u201d impartido por la arteterapeuta Ana Rosa S\u00e1nchez\" \/>\n<meta name=\"robots\" content=\"index, follow, max-snippet:-1, max-image-preview:large, max-video-preview:-1\" \/>\n<link rel=\"canonical\" href=\"https:\/\/www.laguiadepamplona.com\/actualidad\/un-mural-de-casi-4-m2-en-solidaridad-con-las-mujeres-salvadorenas-y-con-los-colores-lgtbi-adorna-desde-esta-semana-la-casa-de-las-mujeres\/\" \/>\n<meta property=\"og:locale\" content=\"es_ES\" \/>\n<meta property=\"og:type\" content=\"article\" \/>\n<meta property=\"og:title\" content=\"Un mural de casi 4 m2 en solidaridad con las mujeres salvadore\u00f1as y con los colores LGTBi adorna desde esta semana la Casa de las Mujeres\" \/>\n<meta property=\"og:description\" content=\"La obra es una reivindicaci\u00f3n realizada de forma colaborativa tras un taller de \u201cArtivismo\u201d impartido por la arteterapeuta Ana Rosa S\u00e1nchez\" \/>\n<meta property=\"og:url\" content=\"https:\/\/www.laguiadepamplona.com\/actualidad\/un-mural-de-casi-4-m2-en-solidaridad-con-las-mujeres-salvadorenas-y-con-los-colores-lgtbi-adorna-desde-esta-semana-la-casa-de-las-mujeres\/\" \/>\n<meta property=\"og:site_name\" content=\"La Gu\u00eda de Pamplona\" \/>\n<meta property=\"article:publisher\" content=\"https:\/\/www.facebook.com\/laguiadepamplonacom-133175176762273\/?ref=hl\" \/>\n<meta property=\"article:published_time\" content=\"2024-06-04T10:35:14+00:00\" \/>\n<meta property=\"og:image\" content=\"https:\/\/www.laguiadepamplona.com\/actualidad\/wp-content\/uploads\/2024\/06\/casamujeres1.webp\" \/>\n\t<meta property=\"og:image:width\" content=\"1000\" \/>\n\t<meta property=\"og:image:height\" content=\"536\" \/>\n\t<meta property=\"og:image:type\" content=\"image\/webp\" \/>\n<meta name=\"author\" content=\"La Gu\u00eda de Pamplona\" \/>\n<meta name=\"twitter:card\" content=\"summary_large_image\" \/>\n<meta name=\"twitter:creator\" content=\"@LaGuiadPamplona\" \/>\n<meta name=\"twitter:site\" content=\"@LaGuiadPamplona\" \/>\n<meta name=\"twitter:label1\" content=\"Escrito por\" \/>\n\t<meta name=\"twitter:data1\" content=\"La Gu\u00eda de Pamplona\" \/>\n\t<meta name=\"twitter:label2\" content=\"Tiempo de lectura\" \/>\n\t<meta name=\"twitter:data2\" content=\"3 minutos\" \/>\n<script type=\"application\/ld+json\" class=\"yoast-schema-graph\">{\"@context\":\"https:\\\/\\\/schema.org\",\"@graph\":[{\"@type\":\"Article\",\"@id\":\"https:\\\/\\\/www.laguiadepamplona.com\\\/actualidad\\\/un-mural-de-casi-4-m2-en-solidaridad-con-las-mujeres-salvadorenas-y-con-los-colores-lgtbi-adorna-desde-esta-semana-la-casa-de-las-mujeres\\\/#article\",\"isPartOf\":{\"@id\":\"https:\\\/\\\/www.laguiadepamplona.com\\\/actualidad\\\/un-mural-de-casi-4-m2-en-solidaridad-con-las-mujeres-salvadorenas-y-con-los-colores-lgtbi-adorna-desde-esta-semana-la-casa-de-las-mujeres\\\/\"},\"author\":{\"name\":\"La Gu\u00eda de Pamplona\",\"@id\":\"https:\\\/\\\/www.laguiadepamplona.com\\\/actualidad\\\/#\\\/schema\\\/person\\\/efe887376f0213d4657c93adc50b1fdb\"},\"headline\":\"Un mural de casi 4 m2 en solidaridad con las mujeres salvadore\u00f1as y con los colores LGTBi adorna desde esta semana la Casa de las Mujeres\",\"datePublished\":\"2024-06-04T10:35:14+00:00\",\"mainEntityOfPage\":{\"@id\":\"https:\\\/\\\/www.laguiadepamplona.com\\\/actualidad\\\/un-mural-de-casi-4-m2-en-solidaridad-con-las-mujeres-salvadorenas-y-con-los-colores-lgtbi-adorna-desde-esta-semana-la-casa-de-las-mujeres\\\/\"},\"wordCount\":439,\"commentCount\":0,\"publisher\":{\"@id\":\"https:\\\/\\\/www.laguiadepamplona.com\\\/actualidad\\\/#organization\"},\"image\":{\"@id\":\"https:\\\/\\\/www.laguiadepamplona.com\\\/actualidad\\\/un-mural-de-casi-4-m2-en-solidaridad-con-las-mujeres-salvadorenas-y-con-los-colores-lgtbi-adorna-desde-esta-semana-la-casa-de-las-mujeres\\\/#primaryimage\"},\"thumbnailUrl\":\"https:\\\/\\\/www.laguiadepamplona.com\\\/actualidad\\\/wp-content\\\/uploads\\\/2024\\\/06\\\/casamujeres1.webp\",\"articleSection\":[\"Ayto Pamplona\"],\"inLanguage\":\"es\",\"potentialAction\":[{\"@type\":\"CommentAction\",\"name\":\"Comment\",\"target\":[\"https:\\\/\\\/www.laguiadepamplona.com\\\/actualidad\\\/un-mural-de-casi-4-m2-en-solidaridad-con-las-mujeres-salvadorenas-y-con-los-colores-lgtbi-adorna-desde-esta-semana-la-casa-de-las-mujeres\\\/#respond\"]}]},{\"@type\":\"WebPage\",\"@id\":\"https:\\\/\\\/www.laguiadepamplona.com\\\/actualidad\\\/un-mural-de-casi-4-m2-en-solidaridad-con-las-mujeres-salvadorenas-y-con-los-colores-lgtbi-adorna-desde-esta-semana-la-casa-de-las-mujeres\\\/\",\"url\":\"https:\\\/\\\/www.laguiadepamplona.com\\\/actualidad\\\/un-mural-de-casi-4-m2-en-solidaridad-con-las-mujeres-salvadorenas-y-con-los-colores-lgtbi-adorna-desde-esta-semana-la-casa-de-las-mujeres\\\/\",\"name\":\"Un mural de casi 4 m2 en solidaridad con las mujeres salvadore\u00f1as y con los colores LGTBi adorna desde esta semana la Casa de las Mujeres\",\"isPartOf\":{\"@id\":\"https:\\\/\\\/www.laguiadepamplona.com\\\/actualidad\\\/#website\"},\"primaryImageOfPage\":{\"@id\":\"https:\\\/\\\/www.laguiadepamplona.com\\\/actualidad\\\/un-mural-de-casi-4-m2-en-solidaridad-con-las-mujeres-salvadorenas-y-con-los-colores-lgtbi-adorna-desde-esta-semana-la-casa-de-las-mujeres\\\/#primaryimage\"},\"image\":{\"@id\":\"https:\\\/\\\/www.laguiadepamplona.com\\\/actualidad\\\/un-mural-de-casi-4-m2-en-solidaridad-con-las-mujeres-salvadorenas-y-con-los-colores-lgtbi-adorna-desde-esta-semana-la-casa-de-las-mujeres\\\/#primaryimage\"},\"thumbnailUrl\":\"https:\\\/\\\/www.laguiadepamplona.com\\\/actualidad\\\/wp-content\\\/uploads\\\/2024\\\/06\\\/casamujeres1.webp\",\"datePublished\":\"2024-06-04T10:35:14+00:00\",\"description\":\"La obra es una reivindicaci\u00f3n realizada de forma colaborativa tras un taller de \u201cArtivismo\u201d impartido por la arteterapeuta Ana Rosa S\u00e1nchez\",\"breadcrumb\":{\"@id\":\"https:\\\/\\\/www.laguiadepamplona.com\\\/actualidad\\\/un-mural-de-casi-4-m2-en-solidaridad-con-las-mujeres-salvadorenas-y-con-los-colores-lgtbi-adorna-desde-esta-semana-la-casa-de-las-mujeres\\\/#breadcrumb\"},\"inLanguage\":\"es\",\"potentialAction\":[{\"@type\":\"ReadAction\",\"target\":[\"https:\\\/\\\/www.laguiadepamplona.com\\\/actualidad\\\/un-mural-de-casi-4-m2-en-solidaridad-con-las-mujeres-salvadorenas-y-con-los-colores-lgtbi-adorna-desde-esta-semana-la-casa-de-las-mujeres\\\/\"]}]},{\"@type\":\"ImageObject\",\"inLanguage\":\"es\",\"@id\":\"https:\\\/\\\/www.laguiadepamplona.com\\\/actualidad\\\/un-mural-de-casi-4-m2-en-solidaridad-con-las-mujeres-salvadorenas-y-con-los-colores-lgtbi-adorna-desde-esta-semana-la-casa-de-las-mujeres\\\/#primaryimage\",\"url\":\"https:\\\/\\\/www.laguiadepamplona.com\\\/actualidad\\\/wp-content\\\/uploads\\\/2024\\\/06\\\/casamujeres1.webp\",\"contentUrl\":\"https:\\\/\\\/www.laguiadepamplona.com\\\/actualidad\\\/wp-content\\\/uploads\\\/2024\\\/06\\\/casamujeres1.webp\",\"width\":1000,\"height\":536,\"caption\":\"casa mujeres\"},{\"@type\":\"BreadcrumbList\",\"@id\":\"https:\\\/\\\/www.laguiadepamplona.com\\\/actualidad\\\/un-mural-de-casi-4-m2-en-solidaridad-con-las-mujeres-salvadorenas-y-con-los-colores-lgtbi-adorna-desde-esta-semana-la-casa-de-las-mujeres\\\/#breadcrumb\",\"itemListElement\":[{\"@type\":\"ListItem\",\"position\":1,\"name\":\"Portada\",\"item\":\"https:\\\/\\\/www.laguiadepamplona.com\\\/actualidad\\\/\"},{\"@type\":\"ListItem\",\"position\":2,\"name\":\"Un mural de casi 4 m2 en solidaridad con las mujeres salvadore\u00f1as y con los colores LGTBi adorna desde esta semana la Casa de las Mujeres\"}]},{\"@type\":\"WebSite\",\"@id\":\"https:\\\/\\\/www.laguiadepamplona.com\\\/actualidad\\\/#website\",\"url\":\"https:\\\/\\\/www.laguiadepamplona.com\\\/actualidad\\\/\",\"name\":\"La gu\u00eda de Pamplona\",\"description\":\"Noticias de Pamplona\",\"publisher\":{\"@id\":\"https:\\\/\\\/www.laguiadepamplona.com\\\/actualidad\\\/#organization\"},\"potentialAction\":[{\"@type\":\"SearchAction\",\"target\":{\"@type\":\"EntryPoint\",\"urlTemplate\":\"https:\\\/\\\/www.laguiadepamplona.com\\\/actualidad\\\/?s={search_term_string}\"},\"query-input\":{\"@type\":\"PropertyValueSpecification\",\"valueRequired\":true,\"valueName\":\"search_term_string\"}}],\"inLanguage\":\"es\"},{\"@type\":\"Organization\",\"@id\":\"https:\\\/\\\/www.laguiadepamplona.com\\\/actualidad\\\/#organization\",\"name\":\"La Gu\u00eda de Pamplona \\\/ Noticias\",\"url\":\"https:\\\/\\\/www.laguiadepamplona.com\\\/actualidad\\\/\",\"logo\":{\"@type\":\"ImageObject\",\"inLanguage\":\"es\",\"@id\":\"https:\\\/\\\/www.laguiadepamplona.com\\\/actualidad\\\/#\\\/schema\\\/logo\\\/image\\\/\",\"url\":\"https:\\\/\\\/www.laguiadepamplona.com\\\/actualidad\\\/wp-content\\\/uploads\\\/2018\\\/11\\\/logo-laguiadepamplona18-web1.png\",\"contentUrl\":\"https:\\\/\\\/www.laguiadepamplona.com\\\/actualidad\\\/wp-content\\\/uploads\\\/2018\\\/11\\\/logo-laguiadepamplona18-web1.png\",\"width\":600,\"height\":196,\"caption\":\"La Gu\u00eda de Pamplona \\\/ Noticias\"},\"image\":{\"@id\":\"https:\\\/\\\/www.laguiadepamplona.com\\\/actualidad\\\/#\\\/schema\\\/logo\\\/image\\\/\"},\"sameAs\":[\"https:\\\/\\\/www.facebook.com\\\/laguiadepamplonacom-133175176762273\\\/?ref=hl\",\"https:\\\/\\\/x.com\\\/LaGuiadPamplona\",\"https:\\\/\\\/www.instagram.com\\\/la_guia_de_pamplona\\\/\",\"https:\\\/\\\/www.youtube.com\\\/user\\\/laguiadepamplona\"]},{\"@type\":\"Person\",\"@id\":\"https:\\\/\\\/www.laguiadepamplona.com\\\/actualidad\\\/#\\\/schema\\\/person\\\/efe887376f0213d4657c93adc50b1fdb\",\"name\":\"La Gu\u00eda de Pamplona\",\"image\":{\"@type\":\"ImageObject\",\"inLanguage\":\"es\",\"@id\":\"https:\\\/\\\/secure.gravatar.com\\\/avatar\\\/b6992f131dc8d30ab0dff15446e9d346d9dbd95992de0fef795073f5ea83a81c?s=96&d=mm&r=g\",\"url\":\"https:\\\/\\\/secure.gravatar.com\\\/avatar\\\/b6992f131dc8d30ab0dff15446e9d346d9dbd95992de0fef795073f5ea83a81c?s=96&d=mm&r=g\",\"contentUrl\":\"https:\\\/\\\/secure.gravatar.com\\\/avatar\\\/b6992f131dc8d30ab0dff15446e9d346d9dbd95992de0fef795073f5ea83a81c?s=96&d=mm&r=g\",\"caption\":\"La Gu\u00eda de Pamplona\"}}]}<\/script>\n<!-- \/ Yoast SEO plugin. -->","yoast_head_json":{"title":"Un mural de casi 4 m2 en solidaridad con las mujeres salvadore\u00f1as y con los colores LGTBi adorna desde esta semana la Casa de las Mujeres","description":"La obra es una reivindicaci\u00f3n realizada de forma colaborativa tras un taller de \u201cArtivismo\u201d impartido por la arteterapeuta Ana Rosa S\u00e1nchez","robots":{"index":"index","follow":"follow","max-snippet":"max-snippet:-1","max-image-preview":"max-image-preview:large","max-video-preview":"max-video-preview:-1"},"canonical":"https:\/\/www.laguiadepamplona.com\/actualidad\/un-mural-de-casi-4-m2-en-solidaridad-con-las-mujeres-salvadorenas-y-con-los-colores-lgtbi-adorna-desde-esta-semana-la-casa-de-las-mujeres\/","og_locale":"es_ES","og_type":"article","og_title":"Un mural de casi 4 m2 en solidaridad con las mujeres salvadore\u00f1as y con los colores LGTBi adorna desde esta semana la Casa de las Mujeres","og_description":"La obra es una reivindicaci\u00f3n realizada de forma colaborativa tras un taller de \u201cArtivismo\u201d impartido por la arteterapeuta Ana Rosa S\u00e1nchez","og_url":"https:\/\/www.laguiadepamplona.com\/actualidad\/un-mural-de-casi-4-m2-en-solidaridad-con-las-mujeres-salvadorenas-y-con-los-colores-lgtbi-adorna-desde-esta-semana-la-casa-de-las-mujeres\/","og_site_name":"La Gu\u00eda de Pamplona","article_publisher":"https:\/\/www.facebook.com\/laguiadepamplonacom-133175176762273\/?ref=hl","article_published_time":"2024-06-04T10:35:14+00:00","og_image":[{"width":1000,"height":536,"url":"https:\/\/www.laguiadepamplona.com\/actualidad\/wp-content\/uploads\/2024\/06\/casamujeres1.webp","type":"image\/webp"}],"author":"La Gu\u00eda de Pamplona","twitter_card":"summary_large_image","twitter_creator":"@LaGuiadPamplona","twitter_site":"@LaGuiadPamplona","twitter_misc":{"Escrito por":"La Gu\u00eda de Pamplona","Tiempo de lectura":"3 minutos"},"schema":{"@context":"https:\/\/schema.org","@graph":[{"@type":"Article","@id":"https:\/\/www.laguiadepamplona.com\/actualidad\/un-mural-de-casi-4-m2-en-solidaridad-con-las-mujeres-salvadorenas-y-con-los-colores-lgtbi-adorna-desde-esta-semana-la-casa-de-las-mujeres\/#article","isPartOf":{"@id":"https:\/\/www.laguiadepamplona.com\/actualidad\/un-mural-de-casi-4-m2-en-solidaridad-con-las-mujeres-salvadorenas-y-con-los-colores-lgtbi-adorna-desde-esta-semana-la-casa-de-las-mujeres\/"},"author":{"name":"La Gu\u00eda de Pamplona","@id":"https:\/\/www.laguiadepamplona.com\/actualidad\/#\/schema\/person\/efe887376f0213d4657c93adc50b1fdb"},"headline":"Un mural de casi 4 m2 en solidaridad con las mujeres salvadore\u00f1as y con los colores LGTBi adorna desde esta semana la Casa de las Mujeres","datePublished":"2024-06-04T10:35:14+00:00","mainEntityOfPage":{"@id":"https:\/\/www.laguiadepamplona.com\/actualidad\/un-mural-de-casi-4-m2-en-solidaridad-con-las-mujeres-salvadorenas-y-con-los-colores-lgtbi-adorna-desde-esta-semana-la-casa-de-las-mujeres\/"},"wordCount":439,"commentCount":0,"publisher":{"@id":"https:\/\/www.laguiadepamplona.com\/actualidad\/#organization"},"image":{"@id":"https:\/\/www.laguiadepamplona.com\/actualidad\/un-mural-de-casi-4-m2-en-solidaridad-con-las-mujeres-salvadorenas-y-con-los-colores-lgtbi-adorna-desde-esta-semana-la-casa-de-las-mujeres\/#primaryimage"},"thumbnailUrl":"https:\/\/www.laguiadepamplona.com\/actualidad\/wp-content\/uploads\/2024\/06\/casamujeres1.webp","articleSection":["Ayto Pamplona"],"inLanguage":"es","potentialAction":[{"@type":"CommentAction","name":"Comment","target":["https:\/\/www.laguiadepamplona.com\/actualidad\/un-mural-de-casi-4-m2-en-solidaridad-con-las-mujeres-salvadorenas-y-con-los-colores-lgtbi-adorna-desde-esta-semana-la-casa-de-las-mujeres\/#respond"]}]},{"@type":"WebPage","@id":"https:\/\/www.laguiadepamplona.com\/actualidad\/un-mural-de-casi-4-m2-en-solidaridad-con-las-mujeres-salvadorenas-y-con-los-colores-lgtbi-adorna-desde-esta-semana-la-casa-de-las-mujeres\/","url":"https:\/\/www.laguiadepamplona.com\/actualidad\/un-mural-de-casi-4-m2-en-solidaridad-con-las-mujeres-salvadorenas-y-con-los-colores-lgtbi-adorna-desde-esta-semana-la-casa-de-las-mujeres\/","name":"Un mural de casi 4 m2 en solidaridad con las mujeres salvadore\u00f1as y con los colores LGTBi adorna desde esta semana la Casa de las Mujeres","isPartOf":{"@id":"https:\/\/www.laguiadepamplona.com\/actualidad\/#website"},"primaryImageOfPage":{"@id":"https:\/\/www.laguiadepamplona.com\/actualidad\/un-mural-de-casi-4-m2-en-solidaridad-con-las-mujeres-salvadorenas-y-con-los-colores-lgtbi-adorna-desde-esta-semana-la-casa-de-las-mujeres\/#primaryimage"},"image":{"@id":"https:\/\/www.laguiadepamplona.com\/actualidad\/un-mural-de-casi-4-m2-en-solidaridad-con-las-mujeres-salvadorenas-y-con-los-colores-lgtbi-adorna-desde-esta-semana-la-casa-de-las-mujeres\/#primaryimage"},"thumbnailUrl":"https:\/\/www.laguiadepamplona.com\/actualidad\/wp-content\/uploads\/2024\/06\/casamujeres1.webp","datePublished":"2024-06-04T10:35:14+00:00","description":"La obra es una reivindicaci\u00f3n realizada de forma colaborativa tras un taller de \u201cArtivismo\u201d impartido por la arteterapeuta Ana Rosa S\u00e1nchez","breadcrumb":{"@id":"https:\/\/www.laguiadepamplona.com\/actualidad\/un-mural-de-casi-4-m2-en-solidaridad-con-las-mujeres-salvadorenas-y-con-los-colores-lgtbi-adorna-desde-esta-semana-la-casa-de-las-mujeres\/#breadcrumb"},"inLanguage":"es","potentialAction":[{"@type":"ReadAction","target":["https:\/\/www.laguiadepamplona.com\/actualidad\/un-mural-de-casi-4-m2-en-solidaridad-con-las-mujeres-salvadorenas-y-con-los-colores-lgtbi-adorna-desde-esta-semana-la-casa-de-las-mujeres\/"]}]},{"@type":"ImageObject","inLanguage":"es","@id":"https:\/\/www.laguiadepamplona.com\/actualidad\/un-mural-de-casi-4-m2-en-solidaridad-con-las-mujeres-salvadorenas-y-con-los-colores-lgtbi-adorna-desde-esta-semana-la-casa-de-las-mujeres\/#primaryimage","url":"https:\/\/www.laguiadepamplona.com\/actualidad\/wp-content\/uploads\/2024\/06\/casamujeres1.webp","contentUrl":"https:\/\/www.laguiadepamplona.com\/actualidad\/wp-content\/uploads\/2024\/06\/casamujeres1.webp","width":1000,"height":536,"caption":"casa mujeres"},{"@type":"BreadcrumbList","@id":"https:\/\/www.laguiadepamplona.com\/actualidad\/un-mural-de-casi-4-m2-en-solidaridad-con-las-mujeres-salvadorenas-y-con-los-colores-lgtbi-adorna-desde-esta-semana-la-casa-de-las-mujeres\/#breadcrumb","itemListElement":[{"@type":"ListItem","position":1,"name":"Portada","item":"https:\/\/www.laguiadepamplona.com\/actualidad\/"},{"@type":"ListItem","position":2,"name":"Un mural de casi 4 m2 en solidaridad con las mujeres salvadore\u00f1as y con los colores LGTBi adorna desde esta semana la Casa de las Mujeres"}]},{"@type":"WebSite","@id":"https:\/\/www.laguiadepamplona.com\/actualidad\/#website","url":"https:\/\/www.laguiadepamplona.com\/actualidad\/","name":"La gu\u00eda de Pamplona","description":"Noticias de Pamplona","publisher":{"@id":"https:\/\/www.laguiadepamplona.com\/actualidad\/#organization"},"potentialAction":[{"@type":"SearchAction","target":{"@type":"EntryPoint","urlTemplate":"https:\/\/www.laguiadepamplona.com\/actualidad\/?s={search_term_string}"},"query-input":{"@type":"PropertyValueSpecification","valueRequired":true,"valueName":"search_term_string"}}],"inLanguage":"es"},{"@type":"Organization","@id":"https:\/\/www.laguiadepamplona.com\/actualidad\/#organization","name":"La Gu\u00eda de Pamplona \/ Noticias","url":"https:\/\/www.laguiadepamplona.com\/actualidad\/","logo":{"@type":"ImageObject","inLanguage":"es","@id":"https:\/\/www.laguiadepamplona.com\/actualidad\/#\/schema\/logo\/image\/","url":"https:\/\/www.laguiadepamplona.com\/actualidad\/wp-content\/uploads\/2018\/11\/logo-laguiadepamplona18-web1.png","contentUrl":"https:\/\/www.laguiadepamplona.com\/actualidad\/wp-content\/uploads\/2018\/11\/logo-laguiadepamplona18-web1.png","width":600,"height":196,"caption":"La Gu\u00eda de Pamplona \/ Noticias"},"image":{"@id":"https:\/\/www.laguiadepamplona.com\/actualidad\/#\/schema\/logo\/image\/"},"sameAs":["https:\/\/www.facebook.com\/laguiadepamplonacom-133175176762273\/?ref=hl","https:\/\/x.com\/LaGuiadPamplona","https:\/\/www.instagram.com\/la_guia_de_pamplona\/","https:\/\/www.youtube.com\/user\/laguiadepamplona"]},{"@type":"Person","@id":"https:\/\/www.laguiadepamplona.com\/actualidad\/#\/schema\/person\/efe887376f0213d4657c93adc50b1fdb","name":"La Gu\u00eda de Pamplona","image":{"@type":"ImageObject","inLanguage":"es","@id":"https:\/\/secure.gravatar.com\/avatar\/b6992f131dc8d30ab0dff15446e9d346d9dbd95992de0fef795073f5ea83a81c?s=96&d=mm&r=g","url":"https:\/\/secure.gravatar.com\/avatar\/b6992f131dc8d30ab0dff15446e9d346d9dbd95992de0fef795073f5ea83a81c?s=96&d=mm&r=g","contentUrl":"https:\/\/secure.gravatar.com\/avatar\/b6992f131dc8d30ab0dff15446e9d346d9dbd95992de0fef795073f5ea83a81c?s=96&d=mm&r=g","caption":"La Gu\u00eda de Pamplona"}}]}},"post_mailing_queue_ids":[],"_links":{"self":[{"href":"https:\/\/www.laguiadepamplona.com\/actualidad\/wp-json\/wp\/v2\/posts\/49956","targetHints":{"allow":["GET"]}}],"collection":[{"href":"https:\/\/www.laguiadepamplona.com\/actualidad\/wp-json\/wp\/v2\/posts"}],"about":[{"href":"https:\/\/www.laguiadepamplona.com\/actualidad\/wp-json\/wp\/v2\/types\/post"}],"author":[{"embeddable":true,"href":"https:\/\/www.laguiadepamplona.com\/actualidad\/wp-json\/wp\/v2\/users\/1"}],"replies":[{"embeddable":true,"href":"https:\/\/www.laguiadepamplona.com\/actualidad\/wp-json\/wp\/v2\/comments?post=49956"}],"version-history":[{"count":1,"href":"https:\/\/www.laguiadepamplona.com\/actualidad\/wp-json\/wp\/v2\/posts\/49956\/revisions"}],"predecessor-version":[{"id":49958,"href":"https:\/\/www.laguiadepamplona.com\/actualidad\/wp-json\/wp\/v2\/posts\/49956\/revisions\/49958"}],"wp:featuredmedia":[{"embeddable":true,"href":"https:\/\/www.laguiadepamplona.com\/actualidad\/wp-json\/wp\/v2\/media\/49957"}],"wp:attachment":[{"href":"https:\/\/www.laguiadepamplona.com\/actualidad\/wp-json\/wp\/v2\/media?parent=49956"}],"wp:term":[{"taxonomy":"category","embeddable":true,"href":"https:\/\/www.laguiadepamplona.com\/actualidad\/wp-json\/wp\/v2\/categories?post=49956"},{"taxonomy":"post_tag","embeddable":true,"href":"https:\/\/www.laguiadepamplona.com\/actualidad\/wp-json\/wp\/v2\/tags?post=49956"}],"curies":[{"name":"wp","href":"https:\/\/api.w.org\/{rel}","templated":true}]}}