{"id":49953,"date":"2024-06-03T17:12:44","date_gmt":"2024-06-03T15:12:44","guid":{"rendered":"https:\/\/www.laguiadepamplona.com\/actualidad\/?p=49953"},"modified":"2024-06-03T17:12:44","modified_gmt":"2024-06-03T15:12:44","slug":"la-mesa-sanitaria-de-los-sanfermines-aborda-la-coordinacion-entre-los-distintos-agentes-para-garantizar-una-correcta-asistencia-durante-las-fiestas","status":"publish","type":"post","link":"https:\/\/www.laguiadepamplona.com\/actualidad\/la-mesa-sanitaria-de-los-sanfermines-aborda-la-coordinacion-entre-los-distintos-agentes-para-garantizar-una-correcta-asistencia-durante-las-fiestas\/","title":{"rendered":"La Mesa Sanitaria de los Sanfermines aborda la coordinaci\u00f3n entre los distintos agentes para garantizar una correcta asistencia durante las fiestas"},"content":{"rendered":"<h2>En ella participan el Ayuntamiento, Protecci\u00f3n Civil, DYA, Cruz Roja, 112, Servicio Navarro de Salud \u2013 Osasunbidea y Gobierno de Navarra<\/h2>\n<p><!--more--><\/p>\n<p>El Ayuntamiento de Pamplona ha reunido esta ma\u00f1ana a los principales agentes sanitarios de la ciudad en la Mesa Sanitaria de los Sanfermines, con el objetivo de abordar y coordinar la asistencia a la poblaci\u00f3n pamplonesa y a las personas visitantes durante las fiestas. En el encuentro, que ha presidido el concejal de Seguridad y Convivencia Ciudadana, Endika Alonso, han participado representantes de Protecci\u00f3n Civil, DYA, Cruz Roja, Seguridad Ciudadana, 112 \u2013 SOS Navarra, Servicio Navarro de Salud \u2013 Osasunbidea y otros \u00f3rganos del Gobierno de Navarra.<\/p>\n<p>La Mesa ha comenzado a perfilar el dispositivo sanitario especial durante las fiestas, especialmente el referido al Chupinazo y el Encierro, pero tambi\u00e9n todo el organizado en torno a la Procesi\u00f3n, las V\u00edsperas, la Octava y los fuegos artificiales, entre otros. En esencia, se ha abordado la coordinaci\u00f3n de todos los agentes en materia de salud y urgencias. En este sentido, se ha resaltado la creaci\u00f3n de un nuevo dispositivo de Soporte Vital Avanzado en la plaza de Recoletas, derivado de ampliaci\u00f3n de convenio con Cruz Roja.<\/p>\n<p>Este puesto medicalizado de asistencia 24 horas permitir\u00e1 atender a las emergencias que puedan surgir en las zonas pr\u00f3ximas, como Antoniutti, el Bosquecillo y Taconera, Jarauta y plaza San Francisco, principalmente. Este nuevo enclave se suma a los servicios sanitarios extraordinarios que tradicionalmente se habilitan para las fiestas de San Ferm\u00edn como la denominada \u2018coctelera\u2019, ubicada en el centro p\u00fablico V\u00e1zquez de Mella, y al puesto de la DYA que se instala junto al Palacio de Navarra en el paseo de Sarasate. Estas atenciones extraordinarias completan el circuito sanitario navarro, que tiene como eje en el centro sanitario Doctor San Mart\u00edn, que ofrece asistencia de urgencias, y el Hospital Universitario de Navarra.<\/p>\n","protected":false},"excerpt":{"rendered":"<p>En ella participan el Ayuntamiento, Protecci\u00f3n Civil, DYA, Cruz Roja, 112, Servicio Navarro de Salud \u2013 Osasunbidea y Gobierno de Navarra<\/p>\n","protected":false},"author":1,"featured_media":49954,"comment_status":"open","ping_status":"closed","sticky":false,"template":"","format":"standard","meta":{"footnotes":""},"categories":[2],"tags":[],"class_list":["post-49953","post","type-post","status-publish","format-standard","has-post-thumbnail","hentry","category-ayuntamiento-pamplona"],"yoast_head":"<!-- This site is optimized with the Yoast SEO plugin v27.3 - https:\/\/yoast.com\/product\/yoast-seo-wordpress\/ -->\n<title>La Mesa Sanitaria de los Sanfermines aborda la coordinaci\u00f3n entre los distintos agentes para garantizar una correcta asistencia durante las fiestas<\/title>\n<meta name=\"description\" content=\"En ella participan el Ayuntamiento, Protecci\u00f3n Civil, DYA, Cruz Roja, 112, Servicio Navarro de Salud \u2013 Osasunbidea y Gobierno de Navarra\" \/>\n<meta name=\"robots\" content=\"index, follow, max-snippet:-1, max-image-preview:large, max-video-preview:-1\" \/>\n<link rel=\"canonical\" href=\"https:\/\/www.laguiadepamplona.com\/actualidad\/la-mesa-sanitaria-de-los-sanfermines-aborda-la-coordinacion-entre-los-distintos-agentes-para-garantizar-una-correcta-asistencia-durante-las-fiestas\/\" \/>\n<meta property=\"og:locale\" content=\"es_ES\" \/>\n<meta property=\"og:type\" content=\"article\" \/>\n<meta property=\"og:title\" content=\"La Mesa Sanitaria de los Sanfermines aborda la coordinaci\u00f3n entre los distintos agentes para garantizar una correcta asistencia durante las fiestas\" \/>\n<meta property=\"og:description\" content=\"En ella participan el Ayuntamiento, Protecci\u00f3n Civil, DYA, Cruz Roja, 112, Servicio Navarro de Salud \u2013 Osasunbidea y Gobierno de Navarra\" \/>\n<meta property=\"og:url\" content=\"https:\/\/www.laguiadepamplona.com\/actualidad\/la-mesa-sanitaria-de-los-sanfermines-aborda-la-coordinacion-entre-los-distintos-agentes-para-garantizar-una-correcta-asistencia-durante-las-fiestas\/\" \/>\n<meta property=\"og:site_name\" content=\"La Gu\u00eda de Pamplona\" \/>\n<meta property=\"article:publisher\" content=\"https:\/\/www.facebook.com\/laguiadepamplonacom-133175176762273\/?ref=hl\" \/>\n<meta property=\"article:published_time\" content=\"2024-06-03T15:12:44+00:00\" \/>\n<meta property=\"og:image\" content=\"https:\/\/www.laguiadepamplona.com\/actualidad\/wp-content\/uploads\/2024\/06\/mesasanitariasf1.webp\" \/>\n\t<meta property=\"og:image:width\" content=\"1000\" \/>\n\t<meta property=\"og:image:height\" content=\"667\" \/>\n\t<meta property=\"og:image:type\" content=\"image\/webp\" \/>\n<meta name=\"author\" content=\"La Gu\u00eda de Pamplona\" \/>\n<meta name=\"twitter:card\" content=\"summary_large_image\" \/>\n<meta name=\"twitter:creator\" content=\"@LaGuiadPamplona\" \/>\n<meta name=\"twitter:site\" content=\"@LaGuiadPamplona\" \/>\n<meta name=\"twitter:label1\" content=\"Escrito por\" \/>\n\t<meta name=\"twitter:data1\" content=\"La Gu\u00eda de Pamplona\" \/>\n\t<meta name=\"twitter:label2\" content=\"Tiempo de lectura\" \/>\n\t<meta name=\"twitter:data2\" content=\"2 minutos\" \/>\n<script type=\"application\/ld+json\" class=\"yoast-schema-graph\">{\"@context\":\"https:\\\/\\\/schema.org\",\"@graph\":[{\"@type\":\"Article\",\"@id\":\"https:\\\/\\\/www.laguiadepamplona.com\\\/actualidad\\\/la-mesa-sanitaria-de-los-sanfermines-aborda-la-coordinacion-entre-los-distintos-agentes-para-garantizar-una-correcta-asistencia-durante-las-fiestas\\\/#article\",\"isPartOf\":{\"@id\":\"https:\\\/\\\/www.laguiadepamplona.com\\\/actualidad\\\/la-mesa-sanitaria-de-los-sanfermines-aborda-la-coordinacion-entre-los-distintos-agentes-para-garantizar-una-correcta-asistencia-durante-las-fiestas\\\/\"},\"author\":{\"name\":\"La Gu\u00eda de Pamplona\",\"@id\":\"https:\\\/\\\/www.laguiadepamplona.com\\\/actualidad\\\/#\\\/schema\\\/person\\\/efe887376f0213d4657c93adc50b1fdb\"},\"headline\":\"La Mesa Sanitaria de los Sanfermines aborda la coordinaci\u00f3n entre los distintos agentes para garantizar una correcta asistencia durante las fiestas\",\"datePublished\":\"2024-06-03T15:12:44+00:00\",\"mainEntityOfPage\":{\"@id\":\"https:\\\/\\\/www.laguiadepamplona.com\\\/actualidad\\\/la-mesa-sanitaria-de-los-sanfermines-aborda-la-coordinacion-entre-los-distintos-agentes-para-garantizar-una-correcta-asistencia-durante-las-fiestas\\\/\"},\"wordCount\":338,\"commentCount\":0,\"publisher\":{\"@id\":\"https:\\\/\\\/www.laguiadepamplona.com\\\/actualidad\\\/#organization\"},\"image\":{\"@id\":\"https:\\\/\\\/www.laguiadepamplona.com\\\/actualidad\\\/la-mesa-sanitaria-de-los-sanfermines-aborda-la-coordinacion-entre-los-distintos-agentes-para-garantizar-una-correcta-asistencia-durante-las-fiestas\\\/#primaryimage\"},\"thumbnailUrl\":\"https:\\\/\\\/www.laguiadepamplona.com\\\/actualidad\\\/wp-content\\\/uploads\\\/2024\\\/06\\\/mesasanitariasf1.webp\",\"articleSection\":[\"Ayto Pamplona\"],\"inLanguage\":\"es\",\"potentialAction\":[{\"@type\":\"CommentAction\",\"name\":\"Comment\",\"target\":[\"https:\\\/\\\/www.laguiadepamplona.com\\\/actualidad\\\/la-mesa-sanitaria-de-los-sanfermines-aborda-la-coordinacion-entre-los-distintos-agentes-para-garantizar-una-correcta-asistencia-durante-las-fiestas\\\/#respond\"]}]},{\"@type\":\"WebPage\",\"@id\":\"https:\\\/\\\/www.laguiadepamplona.com\\\/actualidad\\\/la-mesa-sanitaria-de-los-sanfermines-aborda-la-coordinacion-entre-los-distintos-agentes-para-garantizar-una-correcta-asistencia-durante-las-fiestas\\\/\",\"url\":\"https:\\\/\\\/www.laguiadepamplona.com\\\/actualidad\\\/la-mesa-sanitaria-de-los-sanfermines-aborda-la-coordinacion-entre-los-distintos-agentes-para-garantizar-una-correcta-asistencia-durante-las-fiestas\\\/\",\"name\":\"La Mesa Sanitaria de los Sanfermines aborda la coordinaci\u00f3n entre los distintos agentes para garantizar una correcta asistencia durante las fiestas\",\"isPartOf\":{\"@id\":\"https:\\\/\\\/www.laguiadepamplona.com\\\/actualidad\\\/#website\"},\"primaryImageOfPage\":{\"@id\":\"https:\\\/\\\/www.laguiadepamplona.com\\\/actualidad\\\/la-mesa-sanitaria-de-los-sanfermines-aborda-la-coordinacion-entre-los-distintos-agentes-para-garantizar-una-correcta-asistencia-durante-las-fiestas\\\/#primaryimage\"},\"image\":{\"@id\":\"https:\\\/\\\/www.laguiadepamplona.com\\\/actualidad\\\/la-mesa-sanitaria-de-los-sanfermines-aborda-la-coordinacion-entre-los-distintos-agentes-para-garantizar-una-correcta-asistencia-durante-las-fiestas\\\/#primaryimage\"},\"thumbnailUrl\":\"https:\\\/\\\/www.laguiadepamplona.com\\\/actualidad\\\/wp-content\\\/uploads\\\/2024\\\/06\\\/mesasanitariasf1.webp\",\"datePublished\":\"2024-06-03T15:12:44+00:00\",\"description\":\"En ella participan el Ayuntamiento, Protecci\u00f3n Civil, DYA, Cruz Roja, 112, Servicio Navarro de Salud \u2013 Osasunbidea y Gobierno de Navarra\",\"breadcrumb\":{\"@id\":\"https:\\\/\\\/www.laguiadepamplona.com\\\/actualidad\\\/la-mesa-sanitaria-de-los-sanfermines-aborda-la-coordinacion-entre-los-distintos-agentes-para-garantizar-una-correcta-asistencia-durante-las-fiestas\\\/#breadcrumb\"},\"inLanguage\":\"es\",\"potentialAction\":[{\"@type\":\"ReadAction\",\"target\":[\"https:\\\/\\\/www.laguiadepamplona.com\\\/actualidad\\\/la-mesa-sanitaria-de-los-sanfermines-aborda-la-coordinacion-entre-los-distintos-agentes-para-garantizar-una-correcta-asistencia-durante-las-fiestas\\\/\"]}]},{\"@type\":\"ImageObject\",\"inLanguage\":\"es\",\"@id\":\"https:\\\/\\\/www.laguiadepamplona.com\\\/actualidad\\\/la-mesa-sanitaria-de-los-sanfermines-aborda-la-coordinacion-entre-los-distintos-agentes-para-garantizar-una-correcta-asistencia-durante-las-fiestas\\\/#primaryimage\",\"url\":\"https:\\\/\\\/www.laguiadepamplona.com\\\/actualidad\\\/wp-content\\\/uploads\\\/2024\\\/06\\\/mesasanitariasf1.webp\",\"contentUrl\":\"https:\\\/\\\/www.laguiadepamplona.com\\\/actualidad\\\/wp-content\\\/uploads\\\/2024\\\/06\\\/mesasanitariasf1.webp\",\"width\":1000,\"height\":667,\"caption\":\"mesa sanitarios sanfermines\"},{\"@type\":\"BreadcrumbList\",\"@id\":\"https:\\\/\\\/www.laguiadepamplona.com\\\/actualidad\\\/la-mesa-sanitaria-de-los-sanfermines-aborda-la-coordinacion-entre-los-distintos-agentes-para-garantizar-una-correcta-asistencia-durante-las-fiestas\\\/#breadcrumb\",\"itemListElement\":[{\"@type\":\"ListItem\",\"position\":1,\"name\":\"Portada\",\"item\":\"https:\\\/\\\/www.laguiadepamplona.com\\\/actualidad\\\/\"},{\"@type\":\"ListItem\",\"position\":2,\"name\":\"La Mesa Sanitaria de los Sanfermines aborda la coordinaci\u00f3n entre los distintos agentes para garantizar una correcta asistencia durante las fiestas\"}]},{\"@type\":\"WebSite\",\"@id\":\"https:\\\/\\\/www.laguiadepamplona.com\\\/actualidad\\\/#website\",\"url\":\"https:\\\/\\\/www.laguiadepamplona.com\\\/actualidad\\\/\",\"name\":\"La gu\u00eda de Pamplona\",\"description\":\"Noticias de Pamplona\",\"publisher\":{\"@id\":\"https:\\\/\\\/www.laguiadepamplona.com\\\/actualidad\\\/#organization\"},\"potentialAction\":[{\"@type\":\"SearchAction\",\"target\":{\"@type\":\"EntryPoint\",\"urlTemplate\":\"https:\\\/\\\/www.laguiadepamplona.com\\\/actualidad\\\/?s={search_term_string}\"},\"query-input\":{\"@type\":\"PropertyValueSpecification\",\"valueRequired\":true,\"valueName\":\"search_term_string\"}}],\"inLanguage\":\"es\"},{\"@type\":\"Organization\",\"@id\":\"https:\\\/\\\/www.laguiadepamplona.com\\\/actualidad\\\/#organization\",\"name\":\"La Gu\u00eda de Pamplona \\\/ Noticias\",\"url\":\"https:\\\/\\\/www.laguiadepamplona.com\\\/actualidad\\\/\",\"logo\":{\"@type\":\"ImageObject\",\"inLanguage\":\"es\",\"@id\":\"https:\\\/\\\/www.laguiadepamplona.com\\\/actualidad\\\/#\\\/schema\\\/logo\\\/image\\\/\",\"url\":\"https:\\\/\\\/www.laguiadepamplona.com\\\/actualidad\\\/wp-content\\\/uploads\\\/2018\\\/11\\\/logo-laguiadepamplona18-web1.png\",\"contentUrl\":\"https:\\\/\\\/www.laguiadepamplona.com\\\/actualidad\\\/wp-content\\\/uploads\\\/2018\\\/11\\\/logo-laguiadepamplona18-web1.png\",\"width\":600,\"height\":196,\"caption\":\"La Gu\u00eda de Pamplona \\\/ Noticias\"},\"image\":{\"@id\":\"https:\\\/\\\/www.laguiadepamplona.com\\\/actualidad\\\/#\\\/schema\\\/logo\\\/image\\\/\"},\"sameAs\":[\"https:\\\/\\\/www.facebook.com\\\/laguiadepamplonacom-133175176762273\\\/?ref=hl\",\"https:\\\/\\\/x.com\\\/LaGuiadPamplona\",\"https:\\\/\\\/www.instagram.com\\\/la_guia_de_pamplona\\\/\",\"https:\\\/\\\/www.youtube.com\\\/user\\\/laguiadepamplona\"]},{\"@type\":\"Person\",\"@id\":\"https:\\\/\\\/www.laguiadepamplona.com\\\/actualidad\\\/#\\\/schema\\\/person\\\/efe887376f0213d4657c93adc50b1fdb\",\"name\":\"La Gu\u00eda de Pamplona\",\"image\":{\"@type\":\"ImageObject\",\"inLanguage\":\"es\",\"@id\":\"https:\\\/\\\/secure.gravatar.com\\\/avatar\\\/b6992f131dc8d30ab0dff15446e9d346d9dbd95992de0fef795073f5ea83a81c?s=96&d=mm&r=g\",\"url\":\"https:\\\/\\\/secure.gravatar.com\\\/avatar\\\/b6992f131dc8d30ab0dff15446e9d346d9dbd95992de0fef795073f5ea83a81c?s=96&d=mm&r=g\",\"contentUrl\":\"https:\\\/\\\/secure.gravatar.com\\\/avatar\\\/b6992f131dc8d30ab0dff15446e9d346d9dbd95992de0fef795073f5ea83a81c?s=96&d=mm&r=g\",\"caption\":\"La Gu\u00eda de Pamplona\"}}]}<\/script>\n<!-- \/ Yoast SEO plugin. -->","yoast_head_json":{"title":"La Mesa Sanitaria de los Sanfermines aborda la coordinaci\u00f3n entre los distintos agentes para garantizar una correcta asistencia durante las fiestas","description":"En ella participan el Ayuntamiento, Protecci\u00f3n Civil, DYA, Cruz Roja, 112, Servicio Navarro de Salud \u2013 Osasunbidea y Gobierno de Navarra","robots":{"index":"index","follow":"follow","max-snippet":"max-snippet:-1","max-image-preview":"max-image-preview:large","max-video-preview":"max-video-preview:-1"},"canonical":"https:\/\/www.laguiadepamplona.com\/actualidad\/la-mesa-sanitaria-de-los-sanfermines-aborda-la-coordinacion-entre-los-distintos-agentes-para-garantizar-una-correcta-asistencia-durante-las-fiestas\/","og_locale":"es_ES","og_type":"article","og_title":"La Mesa Sanitaria de los Sanfermines aborda la coordinaci\u00f3n entre los distintos agentes para garantizar una correcta asistencia durante las fiestas","og_description":"En ella participan el Ayuntamiento, Protecci\u00f3n Civil, DYA, Cruz Roja, 112, Servicio Navarro de Salud \u2013 Osasunbidea y Gobierno de Navarra","og_url":"https:\/\/www.laguiadepamplona.com\/actualidad\/la-mesa-sanitaria-de-los-sanfermines-aborda-la-coordinacion-entre-los-distintos-agentes-para-garantizar-una-correcta-asistencia-durante-las-fiestas\/","og_site_name":"La Gu\u00eda de Pamplona","article_publisher":"https:\/\/www.facebook.com\/laguiadepamplonacom-133175176762273\/?ref=hl","article_published_time":"2024-06-03T15:12:44+00:00","og_image":[{"width":1000,"height":667,"url":"https:\/\/www.laguiadepamplona.com\/actualidad\/wp-content\/uploads\/2024\/06\/mesasanitariasf1.webp","type":"image\/webp"}],"author":"La Gu\u00eda de Pamplona","twitter_card":"summary_large_image","twitter_creator":"@LaGuiadPamplona","twitter_site":"@LaGuiadPamplona","twitter_misc":{"Escrito por":"La Gu\u00eda de Pamplona","Tiempo de lectura":"2 minutos"},"schema":{"@context":"https:\/\/schema.org","@graph":[{"@type":"Article","@id":"https:\/\/www.laguiadepamplona.com\/actualidad\/la-mesa-sanitaria-de-los-sanfermines-aborda-la-coordinacion-entre-los-distintos-agentes-para-garantizar-una-correcta-asistencia-durante-las-fiestas\/#article","isPartOf":{"@id":"https:\/\/www.laguiadepamplona.com\/actualidad\/la-mesa-sanitaria-de-los-sanfermines-aborda-la-coordinacion-entre-los-distintos-agentes-para-garantizar-una-correcta-asistencia-durante-las-fiestas\/"},"author":{"name":"La Gu\u00eda de Pamplona","@id":"https:\/\/www.laguiadepamplona.com\/actualidad\/#\/schema\/person\/efe887376f0213d4657c93adc50b1fdb"},"headline":"La Mesa Sanitaria de los Sanfermines aborda la coordinaci\u00f3n entre los distintos agentes para garantizar una correcta asistencia durante las fiestas","datePublished":"2024-06-03T15:12:44+00:00","mainEntityOfPage":{"@id":"https:\/\/www.laguiadepamplona.com\/actualidad\/la-mesa-sanitaria-de-los-sanfermines-aborda-la-coordinacion-entre-los-distintos-agentes-para-garantizar-una-correcta-asistencia-durante-las-fiestas\/"},"wordCount":338,"commentCount":0,"publisher":{"@id":"https:\/\/www.laguiadepamplona.com\/actualidad\/#organization"},"image":{"@id":"https:\/\/www.laguiadepamplona.com\/actualidad\/la-mesa-sanitaria-de-los-sanfermines-aborda-la-coordinacion-entre-los-distintos-agentes-para-garantizar-una-correcta-asistencia-durante-las-fiestas\/#primaryimage"},"thumbnailUrl":"https:\/\/www.laguiadepamplona.com\/actualidad\/wp-content\/uploads\/2024\/06\/mesasanitariasf1.webp","articleSection":["Ayto Pamplona"],"inLanguage":"es","potentialAction":[{"@type":"CommentAction","name":"Comment","target":["https:\/\/www.laguiadepamplona.com\/actualidad\/la-mesa-sanitaria-de-los-sanfermines-aborda-la-coordinacion-entre-los-distintos-agentes-para-garantizar-una-correcta-asistencia-durante-las-fiestas\/#respond"]}]},{"@type":"WebPage","@id":"https:\/\/www.laguiadepamplona.com\/actualidad\/la-mesa-sanitaria-de-los-sanfermines-aborda-la-coordinacion-entre-los-distintos-agentes-para-garantizar-una-correcta-asistencia-durante-las-fiestas\/","url":"https:\/\/www.laguiadepamplona.com\/actualidad\/la-mesa-sanitaria-de-los-sanfermines-aborda-la-coordinacion-entre-los-distintos-agentes-para-garantizar-una-correcta-asistencia-durante-las-fiestas\/","name":"La Mesa Sanitaria de los Sanfermines aborda la coordinaci\u00f3n entre los distintos agentes para garantizar una correcta asistencia durante las fiestas","isPartOf":{"@id":"https:\/\/www.laguiadepamplona.com\/actualidad\/#website"},"primaryImageOfPage":{"@id":"https:\/\/www.laguiadepamplona.com\/actualidad\/la-mesa-sanitaria-de-los-sanfermines-aborda-la-coordinacion-entre-los-distintos-agentes-para-garantizar-una-correcta-asistencia-durante-las-fiestas\/#primaryimage"},"image":{"@id":"https:\/\/www.laguiadepamplona.com\/actualidad\/la-mesa-sanitaria-de-los-sanfermines-aborda-la-coordinacion-entre-los-distintos-agentes-para-garantizar-una-correcta-asistencia-durante-las-fiestas\/#primaryimage"},"thumbnailUrl":"https:\/\/www.laguiadepamplona.com\/actualidad\/wp-content\/uploads\/2024\/06\/mesasanitariasf1.webp","datePublished":"2024-06-03T15:12:44+00:00","description":"En ella participan el Ayuntamiento, Protecci\u00f3n Civil, DYA, Cruz Roja, 112, Servicio Navarro de Salud \u2013 Osasunbidea y Gobierno de Navarra","breadcrumb":{"@id":"https:\/\/www.laguiadepamplona.com\/actualidad\/la-mesa-sanitaria-de-los-sanfermines-aborda-la-coordinacion-entre-los-distintos-agentes-para-garantizar-una-correcta-asistencia-durante-las-fiestas\/#breadcrumb"},"inLanguage":"es","potentialAction":[{"@type":"ReadAction","target":["https:\/\/www.laguiadepamplona.com\/actualidad\/la-mesa-sanitaria-de-los-sanfermines-aborda-la-coordinacion-entre-los-distintos-agentes-para-garantizar-una-correcta-asistencia-durante-las-fiestas\/"]}]},{"@type":"ImageObject","inLanguage":"es","@id":"https:\/\/www.laguiadepamplona.com\/actualidad\/la-mesa-sanitaria-de-los-sanfermines-aborda-la-coordinacion-entre-los-distintos-agentes-para-garantizar-una-correcta-asistencia-durante-las-fiestas\/#primaryimage","url":"https:\/\/www.laguiadepamplona.com\/actualidad\/wp-content\/uploads\/2024\/06\/mesasanitariasf1.webp","contentUrl":"https:\/\/www.laguiadepamplona.com\/actualidad\/wp-content\/uploads\/2024\/06\/mesasanitariasf1.webp","width":1000,"height":667,"caption":"mesa sanitarios sanfermines"},{"@type":"BreadcrumbList","@id":"https:\/\/www.laguiadepamplona.com\/actualidad\/la-mesa-sanitaria-de-los-sanfermines-aborda-la-coordinacion-entre-los-distintos-agentes-para-garantizar-una-correcta-asistencia-durante-las-fiestas\/#breadcrumb","itemListElement":[{"@type":"ListItem","position":1,"name":"Portada","item":"https:\/\/www.laguiadepamplona.com\/actualidad\/"},{"@type":"ListItem","position":2,"name":"La Mesa Sanitaria de los Sanfermines aborda la coordinaci\u00f3n entre los distintos agentes para garantizar una correcta asistencia durante las fiestas"}]},{"@type":"WebSite","@id":"https:\/\/www.laguiadepamplona.com\/actualidad\/#website","url":"https:\/\/www.laguiadepamplona.com\/actualidad\/","name":"La gu\u00eda de Pamplona","description":"Noticias de Pamplona","publisher":{"@id":"https:\/\/www.laguiadepamplona.com\/actualidad\/#organization"},"potentialAction":[{"@type":"SearchAction","target":{"@type":"EntryPoint","urlTemplate":"https:\/\/www.laguiadepamplona.com\/actualidad\/?s={search_term_string}"},"query-input":{"@type":"PropertyValueSpecification","valueRequired":true,"valueName":"search_term_string"}}],"inLanguage":"es"},{"@type":"Organization","@id":"https:\/\/www.laguiadepamplona.com\/actualidad\/#organization","name":"La Gu\u00eda de Pamplona \/ Noticias","url":"https:\/\/www.laguiadepamplona.com\/actualidad\/","logo":{"@type":"ImageObject","inLanguage":"es","@id":"https:\/\/www.laguiadepamplona.com\/actualidad\/#\/schema\/logo\/image\/","url":"https:\/\/www.laguiadepamplona.com\/actualidad\/wp-content\/uploads\/2018\/11\/logo-laguiadepamplona18-web1.png","contentUrl":"https:\/\/www.laguiadepamplona.com\/actualidad\/wp-content\/uploads\/2018\/11\/logo-laguiadepamplona18-web1.png","width":600,"height":196,"caption":"La Gu\u00eda de Pamplona \/ Noticias"},"image":{"@id":"https:\/\/www.laguiadepamplona.com\/actualidad\/#\/schema\/logo\/image\/"},"sameAs":["https:\/\/www.facebook.com\/laguiadepamplonacom-133175176762273\/?ref=hl","https:\/\/x.com\/LaGuiadPamplona","https:\/\/www.instagram.com\/la_guia_de_pamplona\/","https:\/\/www.youtube.com\/user\/laguiadepamplona"]},{"@type":"Person","@id":"https:\/\/www.laguiadepamplona.com\/actualidad\/#\/schema\/person\/efe887376f0213d4657c93adc50b1fdb","name":"La Gu\u00eda de Pamplona","image":{"@type":"ImageObject","inLanguage":"es","@id":"https:\/\/secure.gravatar.com\/avatar\/b6992f131dc8d30ab0dff15446e9d346d9dbd95992de0fef795073f5ea83a81c?s=96&d=mm&r=g","url":"https:\/\/secure.gravatar.com\/avatar\/b6992f131dc8d30ab0dff15446e9d346d9dbd95992de0fef795073f5ea83a81c?s=96&d=mm&r=g","contentUrl":"https:\/\/secure.gravatar.com\/avatar\/b6992f131dc8d30ab0dff15446e9d346d9dbd95992de0fef795073f5ea83a81c?s=96&d=mm&r=g","caption":"La Gu\u00eda de Pamplona"}}]}},"post_mailing_queue_ids":[],"_links":{"self":[{"href":"https:\/\/www.laguiadepamplona.com\/actualidad\/wp-json\/wp\/v2\/posts\/49953","targetHints":{"allow":["GET"]}}],"collection":[{"href":"https:\/\/www.laguiadepamplona.com\/actualidad\/wp-json\/wp\/v2\/posts"}],"about":[{"href":"https:\/\/www.laguiadepamplona.com\/actualidad\/wp-json\/wp\/v2\/types\/post"}],"author":[{"embeddable":true,"href":"https:\/\/www.laguiadepamplona.com\/actualidad\/wp-json\/wp\/v2\/users\/1"}],"replies":[{"embeddable":true,"href":"https:\/\/www.laguiadepamplona.com\/actualidad\/wp-json\/wp\/v2\/comments?post=49953"}],"version-history":[{"count":1,"href":"https:\/\/www.laguiadepamplona.com\/actualidad\/wp-json\/wp\/v2\/posts\/49953\/revisions"}],"predecessor-version":[{"id":49955,"href":"https:\/\/www.laguiadepamplona.com\/actualidad\/wp-json\/wp\/v2\/posts\/49953\/revisions\/49955"}],"wp:featuredmedia":[{"embeddable":true,"href":"https:\/\/www.laguiadepamplona.com\/actualidad\/wp-json\/wp\/v2\/media\/49954"}],"wp:attachment":[{"href":"https:\/\/www.laguiadepamplona.com\/actualidad\/wp-json\/wp\/v2\/media?parent=49953"}],"wp:term":[{"taxonomy":"category","embeddable":true,"href":"https:\/\/www.laguiadepamplona.com\/actualidad\/wp-json\/wp\/v2\/categories?post=49953"},{"taxonomy":"post_tag","embeddable":true,"href":"https:\/\/www.laguiadepamplona.com\/actualidad\/wp-json\/wp\/v2\/tags?post=49953"}],"curies":[{"name":"wp","href":"https:\/\/api.w.org\/{rel}","templated":true}]}}