{"id":49934,"date":"2024-06-03T12:08:10","date_gmt":"2024-06-03T10:08:10","guid":{"rendered":"https:\/\/www.laguiadepamplona.com\/actualidad\/?p=49934"},"modified":"2024-06-03T12:08:10","modified_gmt":"2024-06-03T10:08:10","slug":"los-apartamentos-municipales-para-mayores-cuentan-desde-hoy-con-4-profesionales-de-trabajo-familiar-para-mejorar-la-atencion-y-supervision-a-las-personas-usuarias","status":"publish","type":"post","link":"https:\/\/www.laguiadepamplona.com\/actualidad\/los-apartamentos-municipales-para-mayores-cuentan-desde-hoy-con-4-profesionales-de-trabajo-familiar-para-mejorar-la-atencion-y-supervision-a-las-personas-usuarias\/","title":{"rendered":"Los apartamentos municipales para mayores cuentan desde hoy con 4 profesionales de Trabajo Familiar para mejorar la atenci\u00f3n y supervisi\u00f3n a las personas usuarias"},"content":{"rendered":"<h2>El Ayuntamiento de Pamplona aplica ya el protocolo de intervenci\u00f3n y seguimiento que busca mejorar la atenci\u00f3n integral en esos recursos<\/h2>\n<p><!--more--><\/p>\n<p>El Ayuntamiento de Pamplona ha incrementado las profesionales de Trabajo Familiar de los apartamentos municipales para mayores, pasan a ser cuatro distribuidas entre los 5 apartamentos municipales, en lugar de una que ya ven\u00eda interviniendo en un pilotaje en los apartamentos de Iturrama, de forma que siempre habr\u00e1 personal de ese \u00e1mbito disponible para la atenci\u00f3n y supervisi\u00f3n a las personas usuarias. Este incremento de profesionales ha requerido un proceso de reubicaci\u00f3n de los ya disponibles y alguna contrataci\u00f3n fuera de plantilla. Adem\u00e1s, el \u00e1rea ha decidido reforzar el tel\u00e9fono de incidencias del Equipo Municipal de Atenci\u00f3n a Domicilio (EMAD) con dos profesionales y una persona m\u00e1s para labores de almac\u00e9n.<\/p>\n<p>Este refuerzo se une a la activaci\u00f3n del nuevo protocolo de intervenci\u00f3n y seguimiento que busca mejorar la atenci\u00f3n integral a las personas residentes en apartamentos municipales. El concejal delegado de Acci\u00f3n Social, Txema Maule\u00f3n ha explicado que el nuevo sistema incrementa las visitas peri\u00f3dicas de supervisi\u00f3n, de forma que el seguimiento ser\u00e1 m\u00e1s estrecho para las personas residentes con mayor grado de vulnerabilidad sociosanitaria. Adem\u00e1s, la informaci\u00f3n actualizada sobre las personas usuarias quiere garantizar que reciban una mejor atenci\u00f3n y la intervenci\u00f3n sea m\u00e1s \u00e1gil.<\/p>\n<p>Los apartamentos municipales para personas mayores son un servicio de alojamiento dirigido a personas de 65 a\u00f1os o m\u00e1s con un buen nivel de autovalimiento pero que presentan graves problemas de vivienda. El Ayuntamiento de Pamplona cuenta en estos momentos con 144 apartamentos (individuales o dobles), distribuidos en 5 barrios: San Juan, Iturrama, Milagrosa, Rochapea y Casco Viejo.<\/p>\n<p>La evoluci\u00f3n social, m\u00e9dica y econ\u00f3mica exigen actualizar y redefinir algunas de las pol\u00edticas y modos de intervenci\u00f3n en el \u00e1mbito de las personas mayores. El protocolo se divide en cinco grandes apartados y abarca, desde el proceso de acogida, seguimiento e intervenci\u00f3n y todas las actividades de coordinaci\u00f3n, hasta la actuaci\u00f3n en caso de fallecimiento dentro de la vivienda y la evaluaci\u00f3n del propio protocolo.<\/p>\n<p><strong>Un protocolo detallado<\/strong><\/p>\n<p>El protocolo de intervenci\u00f3n y seguimiento establece como recibe a las personas usuarias y se les acompa\u00f1a para que conozca su apartamento, el funcionamiento del recurso y su entorno Mediante un sistema de fichas informativas se har\u00e1 el triaje de necesidades y recursos aplicables a cada persona y ese diagn\u00f3stico se ir\u00e1 revisando en funci\u00f3n de visitas peri\u00f3dicas.<\/p>\n<p>Cuando se considere necesario por parte del personal especializado, el servicio de apartamento se complementar\u00e1 con el Servicio de Ayuda a Domicilio (SAD), siempre con intervenciones psicoeducativas de promoci\u00f3n de h\u00e1bitos saludables y de apoyo educativo y sociocomunitario (acompa\u00f1amiento a visitas m\u00e9dicas, actividades de ocio y encuentro, gestiones\u2026).<\/p>\n<p>El documento establece, adem\u00e1s, un protocolo de actuaci\u00f3n en el caso de que se produzca el fallecimiento de alguna persona residente en un apartamento que involucra, tanto a la trabajadora social, como a la Polic\u00eda Municipal. Es competencia del Polic\u00eda Municipal llamar al centro de salud para certificar la defunci\u00f3n y si el personal m\u00e9dico judicializa el caso, se debe llamar a la Polic\u00eda Judicial. Adem\u00e1s, se contactar\u00e1 con la familia o personas de referencia y se avisar\u00e1 al Parque de Desinfecci\u00f3n del Ayuntamiento o, si el fallecimiento se produce fuera del horario de trabajo habitual, a alguna empresa de limpieza traum\u00e1tica.<\/p>\n<p>El protocolo ser\u00e1 evaluado peri\u00f3dicamente, tanto cuantitativa como cualitativamente, contando con la participaci\u00f3n de las personas residentes en los apartamentos y de las profesionales implicadas<\/p>\n","protected":false},"excerpt":{"rendered":"<p>El Ayuntamiento de Pamplona aplica ya el protocolo de intervenci\u00f3n y seguimiento que busca mejorar la atenci\u00f3n integral en esos recursos<\/p>\n","protected":false},"author":1,"featured_media":37580,"comment_status":"open","ping_status":"closed","sticky":false,"template":"","format":"standard","meta":{"footnotes":""},"categories":[2],"tags":[],"class_list":["post-49934","post","type-post","status-publish","format-standard","has-post-thumbnail","hentry","category-ayuntamiento-pamplona"],"yoast_head":"<!-- This site is optimized with the Yoast SEO plugin v27.3 - https:\/\/yoast.com\/product\/yoast-seo-wordpress\/ -->\n<title>Los apartamentos municipales para mayores cuentan desde hoy con 4 profesionales de Trabajo Familiar para mejorar la atenci\u00f3n y supervisi\u00f3n a las personas usuarias<\/title>\n<meta name=\"description\" content=\"El Ayuntamiento de Pamplona aplica ya el protocolo de intervenci\u00f3n y seguimiento que busca mejorar la atenci\u00f3n integral en esos recursos\" \/>\n<meta name=\"robots\" content=\"index, follow, max-snippet:-1, max-image-preview:large, max-video-preview:-1\" \/>\n<link rel=\"canonical\" href=\"https:\/\/www.laguiadepamplona.com\/actualidad\/los-apartamentos-municipales-para-mayores-cuentan-desde-hoy-con-4-profesionales-de-trabajo-familiar-para-mejorar-la-atencion-y-supervision-a-las-personas-usuarias\/\" \/>\n<meta property=\"og:locale\" content=\"es_ES\" \/>\n<meta property=\"og:type\" content=\"article\" \/>\n<meta property=\"og:title\" content=\"Los apartamentos municipales para mayores cuentan desde hoy con 4 profesionales de Trabajo Familiar para mejorar la atenci\u00f3n y supervisi\u00f3n a las personas usuarias\" \/>\n<meta property=\"og:description\" content=\"El Ayuntamiento de Pamplona aplica ya el protocolo de intervenci\u00f3n y seguimiento que busca mejorar la atenci\u00f3n integral en esos recursos\" \/>\n<meta property=\"og:url\" content=\"https:\/\/www.laguiadepamplona.com\/actualidad\/los-apartamentos-municipales-para-mayores-cuentan-desde-hoy-con-4-profesionales-de-trabajo-familiar-para-mejorar-la-atencion-y-supervision-a-las-personas-usuarias\/\" \/>\n<meta property=\"og:site_name\" content=\"La Gu\u00eda de Pamplona\" \/>\n<meta property=\"article:publisher\" content=\"https:\/\/www.facebook.com\/laguiadepamplonacom-133175176762273\/?ref=hl\" \/>\n<meta property=\"article:published_time\" content=\"2024-06-03T10:08:10+00:00\" \/>\n<meta property=\"og:image\" content=\"https:\/\/www.laguiadepamplona.com\/actualidad\/wp-content\/uploads\/2021\/11\/adultos-mayores-hands-g25ab469ab_1920.jpg\" \/>\n\t<meta property=\"og:image:width\" content=\"1920\" \/>\n\t<meta property=\"og:image:height\" content=\"1280\" \/>\n\t<meta property=\"og:image:type\" content=\"image\/jpeg\" \/>\n<meta name=\"author\" content=\"La Gu\u00eda de Pamplona\" \/>\n<meta name=\"twitter:card\" content=\"summary_large_image\" \/>\n<meta name=\"twitter:creator\" content=\"@LaGuiadPamplona\" \/>\n<meta name=\"twitter:site\" content=\"@LaGuiadPamplona\" \/>\n<meta name=\"twitter:label1\" content=\"Escrito por\" \/>\n\t<meta name=\"twitter:data1\" content=\"La Gu\u00eda de Pamplona\" \/>\n\t<meta name=\"twitter:label2\" content=\"Tiempo de lectura\" \/>\n\t<meta name=\"twitter:data2\" content=\"3 minutos\" \/>\n<script type=\"application\/ld+json\" class=\"yoast-schema-graph\">{\"@context\":\"https:\\\/\\\/schema.org\",\"@graph\":[{\"@type\":\"Article\",\"@id\":\"https:\\\/\\\/www.laguiadepamplona.com\\\/actualidad\\\/los-apartamentos-municipales-para-mayores-cuentan-desde-hoy-con-4-profesionales-de-trabajo-familiar-para-mejorar-la-atencion-y-supervision-a-las-personas-usuarias\\\/#article\",\"isPartOf\":{\"@id\":\"https:\\\/\\\/www.laguiadepamplona.com\\\/actualidad\\\/los-apartamentos-municipales-para-mayores-cuentan-desde-hoy-con-4-profesionales-de-trabajo-familiar-para-mejorar-la-atencion-y-supervision-a-las-personas-usuarias\\\/\"},\"author\":{\"name\":\"La Gu\u00eda de Pamplona\",\"@id\":\"https:\\\/\\\/www.laguiadepamplona.com\\\/actualidad\\\/#\\\/schema\\\/person\\\/efe887376f0213d4657c93adc50b1fdb\"},\"headline\":\"Los apartamentos municipales para mayores cuentan desde hoy con 4 profesionales de Trabajo Familiar para mejorar la atenci\u00f3n y supervisi\u00f3n a las personas usuarias\",\"datePublished\":\"2024-06-03T10:08:10+00:00\",\"mainEntityOfPage\":{\"@id\":\"https:\\\/\\\/www.laguiadepamplona.com\\\/actualidad\\\/los-apartamentos-municipales-para-mayores-cuentan-desde-hoy-con-4-profesionales-de-trabajo-familiar-para-mejorar-la-atencion-y-supervision-a-las-personas-usuarias\\\/\"},\"wordCount\":656,\"commentCount\":0,\"publisher\":{\"@id\":\"https:\\\/\\\/www.laguiadepamplona.com\\\/actualidad\\\/#organization\"},\"image\":{\"@id\":\"https:\\\/\\\/www.laguiadepamplona.com\\\/actualidad\\\/los-apartamentos-municipales-para-mayores-cuentan-desde-hoy-con-4-profesionales-de-trabajo-familiar-para-mejorar-la-atencion-y-supervision-a-las-personas-usuarias\\\/#primaryimage\"},\"thumbnailUrl\":\"https:\\\/\\\/www.laguiadepamplona.com\\\/actualidad\\\/wp-content\\\/uploads\\\/2021\\\/11\\\/adultos-mayores-hands-g25ab469ab_1920.jpg\",\"articleSection\":[\"Ayto Pamplona\"],\"inLanguage\":\"es\",\"potentialAction\":[{\"@type\":\"CommentAction\",\"name\":\"Comment\",\"target\":[\"https:\\\/\\\/www.laguiadepamplona.com\\\/actualidad\\\/los-apartamentos-municipales-para-mayores-cuentan-desde-hoy-con-4-profesionales-de-trabajo-familiar-para-mejorar-la-atencion-y-supervision-a-las-personas-usuarias\\\/#respond\"]}]},{\"@type\":\"WebPage\",\"@id\":\"https:\\\/\\\/www.laguiadepamplona.com\\\/actualidad\\\/los-apartamentos-municipales-para-mayores-cuentan-desde-hoy-con-4-profesionales-de-trabajo-familiar-para-mejorar-la-atencion-y-supervision-a-las-personas-usuarias\\\/\",\"url\":\"https:\\\/\\\/www.laguiadepamplona.com\\\/actualidad\\\/los-apartamentos-municipales-para-mayores-cuentan-desde-hoy-con-4-profesionales-de-trabajo-familiar-para-mejorar-la-atencion-y-supervision-a-las-personas-usuarias\\\/\",\"name\":\"Los apartamentos municipales para mayores cuentan desde hoy con 4 profesionales de Trabajo Familiar para mejorar la atenci\u00f3n y supervisi\u00f3n a las personas usuarias\",\"isPartOf\":{\"@id\":\"https:\\\/\\\/www.laguiadepamplona.com\\\/actualidad\\\/#website\"},\"primaryImageOfPage\":{\"@id\":\"https:\\\/\\\/www.laguiadepamplona.com\\\/actualidad\\\/los-apartamentos-municipales-para-mayores-cuentan-desde-hoy-con-4-profesionales-de-trabajo-familiar-para-mejorar-la-atencion-y-supervision-a-las-personas-usuarias\\\/#primaryimage\"},\"image\":{\"@id\":\"https:\\\/\\\/www.laguiadepamplona.com\\\/actualidad\\\/los-apartamentos-municipales-para-mayores-cuentan-desde-hoy-con-4-profesionales-de-trabajo-familiar-para-mejorar-la-atencion-y-supervision-a-las-personas-usuarias\\\/#primaryimage\"},\"thumbnailUrl\":\"https:\\\/\\\/www.laguiadepamplona.com\\\/actualidad\\\/wp-content\\\/uploads\\\/2021\\\/11\\\/adultos-mayores-hands-g25ab469ab_1920.jpg\",\"datePublished\":\"2024-06-03T10:08:10+00:00\",\"description\":\"El Ayuntamiento de Pamplona aplica ya el protocolo de intervenci\u00f3n y seguimiento que busca mejorar la atenci\u00f3n integral en esos recursos\",\"breadcrumb\":{\"@id\":\"https:\\\/\\\/www.laguiadepamplona.com\\\/actualidad\\\/los-apartamentos-municipales-para-mayores-cuentan-desde-hoy-con-4-profesionales-de-trabajo-familiar-para-mejorar-la-atencion-y-supervision-a-las-personas-usuarias\\\/#breadcrumb\"},\"inLanguage\":\"es\",\"potentialAction\":[{\"@type\":\"ReadAction\",\"target\":[\"https:\\\/\\\/www.laguiadepamplona.com\\\/actualidad\\\/los-apartamentos-municipales-para-mayores-cuentan-desde-hoy-con-4-profesionales-de-trabajo-familiar-para-mejorar-la-atencion-y-supervision-a-las-personas-usuarias\\\/\"]}]},{\"@type\":\"ImageObject\",\"inLanguage\":\"es\",\"@id\":\"https:\\\/\\\/www.laguiadepamplona.com\\\/actualidad\\\/los-apartamentos-municipales-para-mayores-cuentan-desde-hoy-con-4-profesionales-de-trabajo-familiar-para-mejorar-la-atencion-y-supervision-a-las-personas-usuarias\\\/#primaryimage\",\"url\":\"https:\\\/\\\/www.laguiadepamplona.com\\\/actualidad\\\/wp-content\\\/uploads\\\/2021\\\/11\\\/adultos-mayores-hands-g25ab469ab_1920.jpg\",\"contentUrl\":\"https:\\\/\\\/www.laguiadepamplona.com\\\/actualidad\\\/wp-content\\\/uploads\\\/2021\\\/11\\\/adultos-mayores-hands-g25ab469ab_1920.jpg\",\"width\":1920,\"height\":1280,\"caption\":\"asistencia mayores\"},{\"@type\":\"BreadcrumbList\",\"@id\":\"https:\\\/\\\/www.laguiadepamplona.com\\\/actualidad\\\/los-apartamentos-municipales-para-mayores-cuentan-desde-hoy-con-4-profesionales-de-trabajo-familiar-para-mejorar-la-atencion-y-supervision-a-las-personas-usuarias\\\/#breadcrumb\",\"itemListElement\":[{\"@type\":\"ListItem\",\"position\":1,\"name\":\"Portada\",\"item\":\"https:\\\/\\\/www.laguiadepamplona.com\\\/actualidad\\\/\"},{\"@type\":\"ListItem\",\"position\":2,\"name\":\"Los apartamentos municipales para mayores cuentan desde hoy con 4 profesionales de Trabajo Familiar para mejorar la atenci\u00f3n y supervisi\u00f3n a las personas usuarias\"}]},{\"@type\":\"WebSite\",\"@id\":\"https:\\\/\\\/www.laguiadepamplona.com\\\/actualidad\\\/#website\",\"url\":\"https:\\\/\\\/www.laguiadepamplona.com\\\/actualidad\\\/\",\"name\":\"La gu\u00eda de Pamplona\",\"description\":\"Noticias de Pamplona\",\"publisher\":{\"@id\":\"https:\\\/\\\/www.laguiadepamplona.com\\\/actualidad\\\/#organization\"},\"potentialAction\":[{\"@type\":\"SearchAction\",\"target\":{\"@type\":\"EntryPoint\",\"urlTemplate\":\"https:\\\/\\\/www.laguiadepamplona.com\\\/actualidad\\\/?s={search_term_string}\"},\"query-input\":{\"@type\":\"PropertyValueSpecification\",\"valueRequired\":true,\"valueName\":\"search_term_string\"}}],\"inLanguage\":\"es\"},{\"@type\":\"Organization\",\"@id\":\"https:\\\/\\\/www.laguiadepamplona.com\\\/actualidad\\\/#organization\",\"name\":\"La Gu\u00eda de Pamplona \\\/ Noticias\",\"url\":\"https:\\\/\\\/www.laguiadepamplona.com\\\/actualidad\\\/\",\"logo\":{\"@type\":\"ImageObject\",\"inLanguage\":\"es\",\"@id\":\"https:\\\/\\\/www.laguiadepamplona.com\\\/actualidad\\\/#\\\/schema\\\/logo\\\/image\\\/\",\"url\":\"https:\\\/\\\/www.laguiadepamplona.com\\\/actualidad\\\/wp-content\\\/uploads\\\/2018\\\/11\\\/logo-laguiadepamplona18-web1.png\",\"contentUrl\":\"https:\\\/\\\/www.laguiadepamplona.com\\\/actualidad\\\/wp-content\\\/uploads\\\/2018\\\/11\\\/logo-laguiadepamplona18-web1.png\",\"width\":600,\"height\":196,\"caption\":\"La Gu\u00eda de Pamplona \\\/ Noticias\"},\"image\":{\"@id\":\"https:\\\/\\\/www.laguiadepamplona.com\\\/actualidad\\\/#\\\/schema\\\/logo\\\/image\\\/\"},\"sameAs\":[\"https:\\\/\\\/www.facebook.com\\\/laguiadepamplonacom-133175176762273\\\/?ref=hl\",\"https:\\\/\\\/x.com\\\/LaGuiadPamplona\",\"https:\\\/\\\/www.instagram.com\\\/la_guia_de_pamplona\\\/\",\"https:\\\/\\\/www.youtube.com\\\/user\\\/laguiadepamplona\"]},{\"@type\":\"Person\",\"@id\":\"https:\\\/\\\/www.laguiadepamplona.com\\\/actualidad\\\/#\\\/schema\\\/person\\\/efe887376f0213d4657c93adc50b1fdb\",\"name\":\"La Gu\u00eda de Pamplona\",\"image\":{\"@type\":\"ImageObject\",\"inLanguage\":\"es\",\"@id\":\"https:\\\/\\\/secure.gravatar.com\\\/avatar\\\/b6992f131dc8d30ab0dff15446e9d346d9dbd95992de0fef795073f5ea83a81c?s=96&d=mm&r=g\",\"url\":\"https:\\\/\\\/secure.gravatar.com\\\/avatar\\\/b6992f131dc8d30ab0dff15446e9d346d9dbd95992de0fef795073f5ea83a81c?s=96&d=mm&r=g\",\"contentUrl\":\"https:\\\/\\\/secure.gravatar.com\\\/avatar\\\/b6992f131dc8d30ab0dff15446e9d346d9dbd95992de0fef795073f5ea83a81c?s=96&d=mm&r=g\",\"caption\":\"La Gu\u00eda de Pamplona\"}}]}<\/script>\n<!-- \/ Yoast SEO plugin. -->","yoast_head_json":{"title":"Los apartamentos municipales para mayores cuentan desde hoy con 4 profesionales de Trabajo Familiar para mejorar la atenci\u00f3n y supervisi\u00f3n a las personas usuarias","description":"El Ayuntamiento de Pamplona aplica ya el protocolo de intervenci\u00f3n y seguimiento que busca mejorar la atenci\u00f3n integral en esos recursos","robots":{"index":"index","follow":"follow","max-snippet":"max-snippet:-1","max-image-preview":"max-image-preview:large","max-video-preview":"max-video-preview:-1"},"canonical":"https:\/\/www.laguiadepamplona.com\/actualidad\/los-apartamentos-municipales-para-mayores-cuentan-desde-hoy-con-4-profesionales-de-trabajo-familiar-para-mejorar-la-atencion-y-supervision-a-las-personas-usuarias\/","og_locale":"es_ES","og_type":"article","og_title":"Los apartamentos municipales para mayores cuentan desde hoy con 4 profesionales de Trabajo Familiar para mejorar la atenci\u00f3n y supervisi\u00f3n a las personas usuarias","og_description":"El Ayuntamiento de Pamplona aplica ya el protocolo de intervenci\u00f3n y seguimiento que busca mejorar la atenci\u00f3n integral en esos recursos","og_url":"https:\/\/www.laguiadepamplona.com\/actualidad\/los-apartamentos-municipales-para-mayores-cuentan-desde-hoy-con-4-profesionales-de-trabajo-familiar-para-mejorar-la-atencion-y-supervision-a-las-personas-usuarias\/","og_site_name":"La Gu\u00eda de Pamplona","article_publisher":"https:\/\/www.facebook.com\/laguiadepamplonacom-133175176762273\/?ref=hl","article_published_time":"2024-06-03T10:08:10+00:00","og_image":[{"width":1920,"height":1280,"url":"https:\/\/www.laguiadepamplona.com\/actualidad\/wp-content\/uploads\/2021\/11\/adultos-mayores-hands-g25ab469ab_1920.jpg","type":"image\/jpeg"}],"author":"La Gu\u00eda de Pamplona","twitter_card":"summary_large_image","twitter_creator":"@LaGuiadPamplona","twitter_site":"@LaGuiadPamplona","twitter_misc":{"Escrito por":"La Gu\u00eda de Pamplona","Tiempo de lectura":"3 minutos"},"schema":{"@context":"https:\/\/schema.org","@graph":[{"@type":"Article","@id":"https:\/\/www.laguiadepamplona.com\/actualidad\/los-apartamentos-municipales-para-mayores-cuentan-desde-hoy-con-4-profesionales-de-trabajo-familiar-para-mejorar-la-atencion-y-supervision-a-las-personas-usuarias\/#article","isPartOf":{"@id":"https:\/\/www.laguiadepamplona.com\/actualidad\/los-apartamentos-municipales-para-mayores-cuentan-desde-hoy-con-4-profesionales-de-trabajo-familiar-para-mejorar-la-atencion-y-supervision-a-las-personas-usuarias\/"},"author":{"name":"La Gu\u00eda de Pamplona","@id":"https:\/\/www.laguiadepamplona.com\/actualidad\/#\/schema\/person\/efe887376f0213d4657c93adc50b1fdb"},"headline":"Los apartamentos municipales para mayores cuentan desde hoy con 4 profesionales de Trabajo Familiar para mejorar la atenci\u00f3n y supervisi\u00f3n a las personas usuarias","datePublished":"2024-06-03T10:08:10+00:00","mainEntityOfPage":{"@id":"https:\/\/www.laguiadepamplona.com\/actualidad\/los-apartamentos-municipales-para-mayores-cuentan-desde-hoy-con-4-profesionales-de-trabajo-familiar-para-mejorar-la-atencion-y-supervision-a-las-personas-usuarias\/"},"wordCount":656,"commentCount":0,"publisher":{"@id":"https:\/\/www.laguiadepamplona.com\/actualidad\/#organization"},"image":{"@id":"https:\/\/www.laguiadepamplona.com\/actualidad\/los-apartamentos-municipales-para-mayores-cuentan-desde-hoy-con-4-profesionales-de-trabajo-familiar-para-mejorar-la-atencion-y-supervision-a-las-personas-usuarias\/#primaryimage"},"thumbnailUrl":"https:\/\/www.laguiadepamplona.com\/actualidad\/wp-content\/uploads\/2021\/11\/adultos-mayores-hands-g25ab469ab_1920.jpg","articleSection":["Ayto Pamplona"],"inLanguage":"es","potentialAction":[{"@type":"CommentAction","name":"Comment","target":["https:\/\/www.laguiadepamplona.com\/actualidad\/los-apartamentos-municipales-para-mayores-cuentan-desde-hoy-con-4-profesionales-de-trabajo-familiar-para-mejorar-la-atencion-y-supervision-a-las-personas-usuarias\/#respond"]}]},{"@type":"WebPage","@id":"https:\/\/www.laguiadepamplona.com\/actualidad\/los-apartamentos-municipales-para-mayores-cuentan-desde-hoy-con-4-profesionales-de-trabajo-familiar-para-mejorar-la-atencion-y-supervision-a-las-personas-usuarias\/","url":"https:\/\/www.laguiadepamplona.com\/actualidad\/los-apartamentos-municipales-para-mayores-cuentan-desde-hoy-con-4-profesionales-de-trabajo-familiar-para-mejorar-la-atencion-y-supervision-a-las-personas-usuarias\/","name":"Los apartamentos municipales para mayores cuentan desde hoy con 4 profesionales de Trabajo Familiar para mejorar la atenci\u00f3n y supervisi\u00f3n a las personas usuarias","isPartOf":{"@id":"https:\/\/www.laguiadepamplona.com\/actualidad\/#website"},"primaryImageOfPage":{"@id":"https:\/\/www.laguiadepamplona.com\/actualidad\/los-apartamentos-municipales-para-mayores-cuentan-desde-hoy-con-4-profesionales-de-trabajo-familiar-para-mejorar-la-atencion-y-supervision-a-las-personas-usuarias\/#primaryimage"},"image":{"@id":"https:\/\/www.laguiadepamplona.com\/actualidad\/los-apartamentos-municipales-para-mayores-cuentan-desde-hoy-con-4-profesionales-de-trabajo-familiar-para-mejorar-la-atencion-y-supervision-a-las-personas-usuarias\/#primaryimage"},"thumbnailUrl":"https:\/\/www.laguiadepamplona.com\/actualidad\/wp-content\/uploads\/2021\/11\/adultos-mayores-hands-g25ab469ab_1920.jpg","datePublished":"2024-06-03T10:08:10+00:00","description":"El Ayuntamiento de Pamplona aplica ya el protocolo de intervenci\u00f3n y seguimiento que busca mejorar la atenci\u00f3n integral en esos recursos","breadcrumb":{"@id":"https:\/\/www.laguiadepamplona.com\/actualidad\/los-apartamentos-municipales-para-mayores-cuentan-desde-hoy-con-4-profesionales-de-trabajo-familiar-para-mejorar-la-atencion-y-supervision-a-las-personas-usuarias\/#breadcrumb"},"inLanguage":"es","potentialAction":[{"@type":"ReadAction","target":["https:\/\/www.laguiadepamplona.com\/actualidad\/los-apartamentos-municipales-para-mayores-cuentan-desde-hoy-con-4-profesionales-de-trabajo-familiar-para-mejorar-la-atencion-y-supervision-a-las-personas-usuarias\/"]}]},{"@type":"ImageObject","inLanguage":"es","@id":"https:\/\/www.laguiadepamplona.com\/actualidad\/los-apartamentos-municipales-para-mayores-cuentan-desde-hoy-con-4-profesionales-de-trabajo-familiar-para-mejorar-la-atencion-y-supervision-a-las-personas-usuarias\/#primaryimage","url":"https:\/\/www.laguiadepamplona.com\/actualidad\/wp-content\/uploads\/2021\/11\/adultos-mayores-hands-g25ab469ab_1920.jpg","contentUrl":"https:\/\/www.laguiadepamplona.com\/actualidad\/wp-content\/uploads\/2021\/11\/adultos-mayores-hands-g25ab469ab_1920.jpg","width":1920,"height":1280,"caption":"asistencia mayores"},{"@type":"BreadcrumbList","@id":"https:\/\/www.laguiadepamplona.com\/actualidad\/los-apartamentos-municipales-para-mayores-cuentan-desde-hoy-con-4-profesionales-de-trabajo-familiar-para-mejorar-la-atencion-y-supervision-a-las-personas-usuarias\/#breadcrumb","itemListElement":[{"@type":"ListItem","position":1,"name":"Portada","item":"https:\/\/www.laguiadepamplona.com\/actualidad\/"},{"@type":"ListItem","position":2,"name":"Los apartamentos municipales para mayores cuentan desde hoy con 4 profesionales de Trabajo Familiar para mejorar la atenci\u00f3n y supervisi\u00f3n a las personas usuarias"}]},{"@type":"WebSite","@id":"https:\/\/www.laguiadepamplona.com\/actualidad\/#website","url":"https:\/\/www.laguiadepamplona.com\/actualidad\/","name":"La gu\u00eda de Pamplona","description":"Noticias de Pamplona","publisher":{"@id":"https:\/\/www.laguiadepamplona.com\/actualidad\/#organization"},"potentialAction":[{"@type":"SearchAction","target":{"@type":"EntryPoint","urlTemplate":"https:\/\/www.laguiadepamplona.com\/actualidad\/?s={search_term_string}"},"query-input":{"@type":"PropertyValueSpecification","valueRequired":true,"valueName":"search_term_string"}}],"inLanguage":"es"},{"@type":"Organization","@id":"https:\/\/www.laguiadepamplona.com\/actualidad\/#organization","name":"La Gu\u00eda de Pamplona \/ Noticias","url":"https:\/\/www.laguiadepamplona.com\/actualidad\/","logo":{"@type":"ImageObject","inLanguage":"es","@id":"https:\/\/www.laguiadepamplona.com\/actualidad\/#\/schema\/logo\/image\/","url":"https:\/\/www.laguiadepamplona.com\/actualidad\/wp-content\/uploads\/2018\/11\/logo-laguiadepamplona18-web1.png","contentUrl":"https:\/\/www.laguiadepamplona.com\/actualidad\/wp-content\/uploads\/2018\/11\/logo-laguiadepamplona18-web1.png","width":600,"height":196,"caption":"La Gu\u00eda de Pamplona \/ Noticias"},"image":{"@id":"https:\/\/www.laguiadepamplona.com\/actualidad\/#\/schema\/logo\/image\/"},"sameAs":["https:\/\/www.facebook.com\/laguiadepamplonacom-133175176762273\/?ref=hl","https:\/\/x.com\/LaGuiadPamplona","https:\/\/www.instagram.com\/la_guia_de_pamplona\/","https:\/\/www.youtube.com\/user\/laguiadepamplona"]},{"@type":"Person","@id":"https:\/\/www.laguiadepamplona.com\/actualidad\/#\/schema\/person\/efe887376f0213d4657c93adc50b1fdb","name":"La Gu\u00eda de Pamplona","image":{"@type":"ImageObject","inLanguage":"es","@id":"https:\/\/secure.gravatar.com\/avatar\/b6992f131dc8d30ab0dff15446e9d346d9dbd95992de0fef795073f5ea83a81c?s=96&d=mm&r=g","url":"https:\/\/secure.gravatar.com\/avatar\/b6992f131dc8d30ab0dff15446e9d346d9dbd95992de0fef795073f5ea83a81c?s=96&d=mm&r=g","contentUrl":"https:\/\/secure.gravatar.com\/avatar\/b6992f131dc8d30ab0dff15446e9d346d9dbd95992de0fef795073f5ea83a81c?s=96&d=mm&r=g","caption":"La Gu\u00eda de Pamplona"}}]}},"post_mailing_queue_ids":[],"_links":{"self":[{"href":"https:\/\/www.laguiadepamplona.com\/actualidad\/wp-json\/wp\/v2\/posts\/49934","targetHints":{"allow":["GET"]}}],"collection":[{"href":"https:\/\/www.laguiadepamplona.com\/actualidad\/wp-json\/wp\/v2\/posts"}],"about":[{"href":"https:\/\/www.laguiadepamplona.com\/actualidad\/wp-json\/wp\/v2\/types\/post"}],"author":[{"embeddable":true,"href":"https:\/\/www.laguiadepamplona.com\/actualidad\/wp-json\/wp\/v2\/users\/1"}],"replies":[{"embeddable":true,"href":"https:\/\/www.laguiadepamplona.com\/actualidad\/wp-json\/wp\/v2\/comments?post=49934"}],"version-history":[{"count":1,"href":"https:\/\/www.laguiadepamplona.com\/actualidad\/wp-json\/wp\/v2\/posts\/49934\/revisions"}],"predecessor-version":[{"id":49935,"href":"https:\/\/www.laguiadepamplona.com\/actualidad\/wp-json\/wp\/v2\/posts\/49934\/revisions\/49935"}],"wp:featuredmedia":[{"embeddable":true,"href":"https:\/\/www.laguiadepamplona.com\/actualidad\/wp-json\/wp\/v2\/media\/37580"}],"wp:attachment":[{"href":"https:\/\/www.laguiadepamplona.com\/actualidad\/wp-json\/wp\/v2\/media?parent=49934"}],"wp:term":[{"taxonomy":"category","embeddable":true,"href":"https:\/\/www.laguiadepamplona.com\/actualidad\/wp-json\/wp\/v2\/categories?post=49934"},{"taxonomy":"post_tag","embeddable":true,"href":"https:\/\/www.laguiadepamplona.com\/actualidad\/wp-json\/wp\/v2\/tags?post=49934"}],"curies":[{"name":"wp","href":"https:\/\/api.w.org\/{rel}","templated":true}]}}