{"id":499,"date":"2014-02-18T12:56:21","date_gmt":"2014-02-18T11:56:21","guid":{"rendered":"http:\/\/laguiadepamplona.es\/noticias\/?p=499"},"modified":"2014-02-18T12:56:21","modified_gmt":"2014-02-18T11:56:21","slug":"el-ayuntamiento-aprueba-un-convenio-marco-de-colaboracion-con-entidades-externas-para-impulsar-la-ciudad-inteligente","status":"publish","type":"post","link":"https:\/\/www.laguiadepamplona.com\/actualidad\/el-ayuntamiento-aprueba-un-convenio-marco-de-colaboracion-con-entidades-externas-para-impulsar-la-ciudad-inteligente\/","title":{"rendered":"El Ayuntamiento aprueba un convenio-marco de colaboraci\u00f3n con entidades externas para impulsar la Ciudad Inteligente"},"content":{"rendered":"<h6>La iniciativa es parte de Estrategia Smart City Pamplona para incentivar la colaboraci\u00f3n entre los sectores p\u00fablico y privado en innovaci\u00f3n<\/h6>\n<p><a href=\"http:\/\/laguiadepamplona.es\/noticias\/wp-content\/uploads\/2014\/02\/smartcity-pamplona.jpeg\"><img loading=\"lazy\" decoding=\"async\" class=\"alignleft size-full wp-image-500\" alt=\"smartcity-pamplona\" src=\"http:\/\/laguiadepamplona.es\/noticias\/wp-content\/uploads\/2014\/02\/smartcity-pamplona.jpeg\" width=\"256\" height=\"256\" \/><\/a>La Junta de Gobierno Local ha aprobado hoy el contenido del convenio marco que permitir\u00e1 al Ayuntamiento de Pamplona colaborar de manera reglada con otras entidades, p\u00fablicas y privadas, en el \u00e1mbito de la Ciudad Inteligente-Smart City. El texto trata de crear un escenario com\u00fan para promover, en condiciones de igualdad y transparencia, el desarrollo de proyectos piloto y colaboraciones con empresas e investigadores en el entorno de las nuevas tecnolog\u00edas y as\u00ed potenciar la innovaci\u00f3n al servicio de los ciudadanos.<\/p>\n<p>El objetivo de este convenio, que se aprueba hoy con vigor para diez a\u00f1os, es fomentar una ciudad sensible a las necesidades del ciudadano, participativa, transparente, abierta y conectada, que se base en el concepto \u201dciudad como plataforma de servicios\u201d, dentro de la Estrategia Smart City Pamplona. La idea: la innovaci\u00f3n como mejora de la calidad de vida.<\/p>\n<p>En todo caso, cada actividad (desarrollo de proyecto piloto, prototipo, plataforma, producto, etc.) deber\u00e1 llevar su propio convenio administrativo espec\u00edfico de adhesi\u00f3n a este documento marco, que tendr\u00e1 que ser aprobado por el Consistorio, y tendr\u00e1 una comisi\u00f3n de seguimiento formada por representantes de ambas partes.<\/p>\n<p><strong>Sin coste para el Consistorio, sin p\u00e9rdida de derechos para el desarrollador<\/strong><\/p>\n<p>El convenio marco regula los derechos y obligaciones generales. El Consistorio, en todo caso, facilitar\u00e1 el desarrollo de los proyectos y sus pruebas, y designar\u00e1 personal cualificado para cooperar a su buen fin. Todo ello desde la m\u00e1xima confidencialidad y sin perjuicio de que, salvo acuerdo en sentido contrario, las entidades desarrolladoras obtengan en exclusiva la propiedad intelectual e industrial, as\u00ed como los m\u00e9todos de trabajo. El contenido del convenio no conllevar\u00e1 obligaciones econ\u00f3micas para el Consistorio<\/p>\n<p>La documentaci\u00f3n que deber\u00e1 presentar el solicitante ser\u00e1 la identificaci\u00f3n de la compa\u00f1\u00eda, investigadores o instituci\u00f3n proponente, el proyecto que se quiere desarrollar (versi\u00f3n simplificada) y la solicitud de adhesi\u00f3n al convenio marco que hoy aprueba la Junta de Gobierno Local con una declaraci\u00f3n responsable de obligarse a cumplir las cl\u00e1usulas estipuladas.<\/p>\n<p><strong>La virtualidad de generar un marco com\u00fan<\/strong><\/p>\n<p>El convenio marco como herramienta de trabajo establece un sistema que, adem\u00e1s de dotar a la tramitaci\u00f3n administrativa interna de una mayor rapidez y eficiencia, al haber una estructura acordada para cualquier iniciativa, genera para todos los beneficiarios una situaci\u00f3n de igualdad basada en cl\u00e1usulas de aplicaci\u00f3n general, contribuyendo a la transparencia, la igualdad de oportunidades y la seguridad jur\u00eddica de los actores implicados.<\/p>\n<p>La apuesta p\u00fablica por el I+D+i pretende, adem\u00e1s, tener como repercusi\u00f3n un efecto llamada hacia el mercado y los emprendedores navarros, que ayuda a mejorar la competitividad de la ciudad y la Comunidad foral, identificando Pamplona como un laboratorio urbano.<\/p>\n<p>&nbsp;<\/p>\n","protected":false},"excerpt":{"rendered":"<p>La iniciativa es parte de Estrategia Smart City Pamplona para incentivar la colaboraci\u00f3n entre los sectores p\u00fablico y privado en innovaci\u00f3n La Junta de Gobierno Local ha aprobado hoy el&#8230;<\/p>\n","protected":false},"author":1,"featured_media":501,"comment_status":"open","ping_status":"open","sticky":false,"template":"","format":"standard","meta":{"footnotes":""},"categories":[2],"tags":[5,6,8,9,293],"class_list":["post-499","post","type-post","status-publish","format-standard","has-post-thumbnail","hentry","category-ayuntamiento-pamplona","tag-actualidad","tag-ayto-pamplona","tag-noticias","tag-pamplona","tag-smart-city-pamplona"],"yoast_head":"<!-- This site is optimized with the Yoast SEO plugin v27.5 - https:\/\/yoast.com\/product\/yoast-seo-wordpress\/ -->\n<title>El Ayuntamiento aprueba un convenio-marco de colaboraci\u00f3n con entidades externas para impulsar la Ciudad Inteligente<\/title>\n<meta name=\"robots\" content=\"index, follow, max-snippet:-1, max-image-preview:large, max-video-preview:-1\" \/>\n<link rel=\"canonical\" href=\"https:\/\/www.laguiadepamplona.com\/actualidad\/el-ayuntamiento-aprueba-un-convenio-marco-de-colaboracion-con-entidades-externas-para-impulsar-la-ciudad-inteligente\/\" \/>\n<meta property=\"og:locale\" content=\"es_ES\" \/>\n<meta property=\"og:type\" content=\"article\" \/>\n<meta property=\"og:title\" content=\"El Ayuntamiento aprueba un convenio-marco de colaboraci\u00f3n con entidades externas para impulsar la Ciudad Inteligente\" \/>\n<meta property=\"og:description\" content=\"La iniciativa es parte de Estrategia Smart City Pamplona para incentivar la colaboraci\u00f3n entre los sectores p\u00fablico y privado en innovaci\u00f3n La Junta de Gobierno Local ha aprobado hoy el...\" \/>\n<meta property=\"og:url\" content=\"https:\/\/www.laguiadepamplona.com\/actualidad\/el-ayuntamiento-aprueba-un-convenio-marco-de-colaboracion-con-entidades-externas-para-impulsar-la-ciudad-inteligente\/\" \/>\n<meta property=\"og:site_name\" content=\"La Gu\u00eda de Pamplona\" \/>\n<meta property=\"article:publisher\" content=\"https:\/\/www.facebook.com\/laguiadepamplonacom-133175176762273\/?ref=hl\" \/>\n<meta property=\"article:published_time\" content=\"2014-02-18T11:56:21+00:00\" \/>\n<meta name=\"author\" content=\"La Gu\u00eda de Pamplona\" \/>\n<meta name=\"twitter:card\" content=\"summary_large_image\" \/>\n<meta name=\"twitter:creator\" content=\"@LaGuiadPamplona\" \/>\n<meta name=\"twitter:site\" content=\"@LaGuiadPamplona\" \/>\n<meta name=\"twitter:label1\" content=\"Escrito por\" \/>\n\t<meta name=\"twitter:data1\" content=\"La Gu\u00eda de Pamplona\" \/>\n\t<meta name=\"twitter:label2\" content=\"Tiempo de lectura\" \/>\n\t<meta name=\"twitter:data2\" content=\"2 minutos\" \/>\n<script type=\"application\/ld+json\" class=\"yoast-schema-graph\">{\"@context\":\"https:\\\/\\\/schema.org\",\"@graph\":[{\"@type\":\"Article\",\"@id\":\"https:\\\/\\\/www.laguiadepamplona.com\\\/actualidad\\\/el-ayuntamiento-aprueba-un-convenio-marco-de-colaboracion-con-entidades-externas-para-impulsar-la-ciudad-inteligente\\\/#article\",\"isPartOf\":{\"@id\":\"https:\\\/\\\/www.laguiadepamplona.com\\\/actualidad\\\/el-ayuntamiento-aprueba-un-convenio-marco-de-colaboracion-con-entidades-externas-para-impulsar-la-ciudad-inteligente\\\/\"},\"author\":{\"name\":\"La Gu\u00eda de Pamplona\",\"@id\":\"https:\\\/\\\/www.laguiadepamplona.com\\\/actualidad\\\/#\\\/schema\\\/person\\\/efe887376f0213d4657c93adc50b1fdb\"},\"headline\":\"El Ayuntamiento aprueba un convenio-marco de colaboraci\u00f3n con entidades externas para impulsar la Ciudad Inteligente\",\"datePublished\":\"2014-02-18T11:56:21+00:00\",\"mainEntityOfPage\":{\"@id\":\"https:\\\/\\\/www.laguiadepamplona.com\\\/actualidad\\\/el-ayuntamiento-aprueba-un-convenio-marco-de-colaboracion-con-entidades-externas-para-impulsar-la-ciudad-inteligente\\\/\"},\"wordCount\":511,\"commentCount\":0,\"publisher\":{\"@id\":\"https:\\\/\\\/www.laguiadepamplona.com\\\/actualidad\\\/#organization\"},\"image\":{\"@id\":\"https:\\\/\\\/www.laguiadepamplona.com\\\/actualidad\\\/el-ayuntamiento-aprueba-un-convenio-marco-de-colaboracion-con-entidades-externas-para-impulsar-la-ciudad-inteligente\\\/#primaryimage\"},\"thumbnailUrl\":\"\",\"keywords\":[\"actualidad\",\"ayto pamplona\",\"noticias\",\"pamplona\",\"smart city pamplona\"],\"articleSection\":[\"Ayto Pamplona\"],\"inLanguage\":\"es\",\"potentialAction\":[{\"@type\":\"CommentAction\",\"name\":\"Comment\",\"target\":[\"https:\\\/\\\/www.laguiadepamplona.com\\\/actualidad\\\/el-ayuntamiento-aprueba-un-convenio-marco-de-colaboracion-con-entidades-externas-para-impulsar-la-ciudad-inteligente\\\/#respond\"]}]},{\"@type\":\"WebPage\",\"@id\":\"https:\\\/\\\/www.laguiadepamplona.com\\\/actualidad\\\/el-ayuntamiento-aprueba-un-convenio-marco-de-colaboracion-con-entidades-externas-para-impulsar-la-ciudad-inteligente\\\/\",\"url\":\"https:\\\/\\\/www.laguiadepamplona.com\\\/actualidad\\\/el-ayuntamiento-aprueba-un-convenio-marco-de-colaboracion-con-entidades-externas-para-impulsar-la-ciudad-inteligente\\\/\",\"name\":\"El Ayuntamiento aprueba un convenio-marco de colaboraci\u00f3n con entidades externas para impulsar la Ciudad Inteligente\",\"isPartOf\":{\"@id\":\"https:\\\/\\\/www.laguiadepamplona.com\\\/actualidad\\\/#website\"},\"primaryImageOfPage\":{\"@id\":\"https:\\\/\\\/www.laguiadepamplona.com\\\/actualidad\\\/el-ayuntamiento-aprueba-un-convenio-marco-de-colaboracion-con-entidades-externas-para-impulsar-la-ciudad-inteligente\\\/#primaryimage\"},\"image\":{\"@id\":\"https:\\\/\\\/www.laguiadepamplona.com\\\/actualidad\\\/el-ayuntamiento-aprueba-un-convenio-marco-de-colaboracion-con-entidades-externas-para-impulsar-la-ciudad-inteligente\\\/#primaryimage\"},\"thumbnailUrl\":\"\",\"datePublished\":\"2014-02-18T11:56:21+00:00\",\"breadcrumb\":{\"@id\":\"https:\\\/\\\/www.laguiadepamplona.com\\\/actualidad\\\/el-ayuntamiento-aprueba-un-convenio-marco-de-colaboracion-con-entidades-externas-para-impulsar-la-ciudad-inteligente\\\/#breadcrumb\"},\"inLanguage\":\"es\",\"potentialAction\":[{\"@type\":\"ReadAction\",\"target\":[\"https:\\\/\\\/www.laguiadepamplona.com\\\/actualidad\\\/el-ayuntamiento-aprueba-un-convenio-marco-de-colaboracion-con-entidades-externas-para-impulsar-la-ciudad-inteligente\\\/\"]}]},{\"@type\":\"ImageObject\",\"inLanguage\":\"es\",\"@id\":\"https:\\\/\\\/www.laguiadepamplona.com\\\/actualidad\\\/el-ayuntamiento-aprueba-un-convenio-marco-de-colaboracion-con-entidades-externas-para-impulsar-la-ciudad-inteligente\\\/#primaryimage\",\"url\":\"\",\"contentUrl\":\"\"},{\"@type\":\"BreadcrumbList\",\"@id\":\"https:\\\/\\\/www.laguiadepamplona.com\\\/actualidad\\\/el-ayuntamiento-aprueba-un-convenio-marco-de-colaboracion-con-entidades-externas-para-impulsar-la-ciudad-inteligente\\\/#breadcrumb\",\"itemListElement\":[{\"@type\":\"ListItem\",\"position\":1,\"name\":\"Portada\",\"item\":\"https:\\\/\\\/www.laguiadepamplona.com\\\/actualidad\\\/\"},{\"@type\":\"ListItem\",\"position\":2,\"name\":\"El Ayuntamiento aprueba un convenio-marco de colaboraci\u00f3n con entidades externas para impulsar la Ciudad Inteligente\"}]},{\"@type\":\"WebSite\",\"@id\":\"https:\\\/\\\/www.laguiadepamplona.com\\\/actualidad\\\/#website\",\"url\":\"https:\\\/\\\/www.laguiadepamplona.com\\\/actualidad\\\/\",\"name\":\"La gu\u00eda de Pamplona\",\"description\":\"Noticias de Pamplona\",\"publisher\":{\"@id\":\"https:\\\/\\\/www.laguiadepamplona.com\\\/actualidad\\\/#organization\"},\"potentialAction\":[{\"@type\":\"SearchAction\",\"target\":{\"@type\":\"EntryPoint\",\"urlTemplate\":\"https:\\\/\\\/www.laguiadepamplona.com\\\/actualidad\\\/?s={search_term_string}\"},\"query-input\":{\"@type\":\"PropertyValueSpecification\",\"valueRequired\":true,\"valueName\":\"search_term_string\"}}],\"inLanguage\":\"es\"},{\"@type\":\"Organization\",\"@id\":\"https:\\\/\\\/www.laguiadepamplona.com\\\/actualidad\\\/#organization\",\"name\":\"La Gu\u00eda de Pamplona \\\/ Noticias\",\"url\":\"https:\\\/\\\/www.laguiadepamplona.com\\\/actualidad\\\/\",\"logo\":{\"@type\":\"ImageObject\",\"inLanguage\":\"es\",\"@id\":\"https:\\\/\\\/www.laguiadepamplona.com\\\/actualidad\\\/#\\\/schema\\\/logo\\\/image\\\/\",\"url\":\"https:\\\/\\\/www.laguiadepamplona.com\\\/actualidad\\\/wp-content\\\/uploads\\\/2018\\\/11\\\/logo-laguiadepamplona18-web1.png\",\"contentUrl\":\"https:\\\/\\\/www.laguiadepamplona.com\\\/actualidad\\\/wp-content\\\/uploads\\\/2018\\\/11\\\/logo-laguiadepamplona18-web1.png\",\"width\":600,\"height\":196,\"caption\":\"La Gu\u00eda de Pamplona \\\/ Noticias\"},\"image\":{\"@id\":\"https:\\\/\\\/www.laguiadepamplona.com\\\/actualidad\\\/#\\\/schema\\\/logo\\\/image\\\/\"},\"sameAs\":[\"https:\\\/\\\/www.facebook.com\\\/laguiadepamplonacom-133175176762273\\\/?ref=hl\",\"https:\\\/\\\/x.com\\\/LaGuiadPamplona\",\"https:\\\/\\\/www.instagram.com\\\/la_guia_de_pamplona\\\/\",\"https:\\\/\\\/www.youtube.com\\\/user\\\/laguiadepamplona\"]},{\"@type\":\"Person\",\"@id\":\"https:\\\/\\\/www.laguiadepamplona.com\\\/actualidad\\\/#\\\/schema\\\/person\\\/efe887376f0213d4657c93adc50b1fdb\",\"name\":\"La Gu\u00eda de Pamplona\",\"image\":{\"@type\":\"ImageObject\",\"inLanguage\":\"es\",\"@id\":\"https:\\\/\\\/secure.gravatar.com\\\/avatar\\\/b6992f131dc8d30ab0dff15446e9d346d9dbd95992de0fef795073f5ea83a81c?s=96&d=mm&r=g\",\"url\":\"https:\\\/\\\/secure.gravatar.com\\\/avatar\\\/b6992f131dc8d30ab0dff15446e9d346d9dbd95992de0fef795073f5ea83a81c?s=96&d=mm&r=g\",\"contentUrl\":\"https:\\\/\\\/secure.gravatar.com\\\/avatar\\\/b6992f131dc8d30ab0dff15446e9d346d9dbd95992de0fef795073f5ea83a81c?s=96&d=mm&r=g\",\"caption\":\"La Gu\u00eda de Pamplona\"}}]}<\/script>\n<!-- \/ Yoast SEO plugin. -->","yoast_head_json":{"title":"El Ayuntamiento aprueba un convenio-marco de colaboraci\u00f3n con entidades externas para impulsar la Ciudad Inteligente","robots":{"index":"index","follow":"follow","max-snippet":"max-snippet:-1","max-image-preview":"max-image-preview:large","max-video-preview":"max-video-preview:-1"},"canonical":"https:\/\/www.laguiadepamplona.com\/actualidad\/el-ayuntamiento-aprueba-un-convenio-marco-de-colaboracion-con-entidades-externas-para-impulsar-la-ciudad-inteligente\/","og_locale":"es_ES","og_type":"article","og_title":"El Ayuntamiento aprueba un convenio-marco de colaboraci\u00f3n con entidades externas para impulsar la Ciudad Inteligente","og_description":"La iniciativa es parte de Estrategia Smart City Pamplona para incentivar la colaboraci\u00f3n entre los sectores p\u00fablico y privado en innovaci\u00f3n La Junta de Gobierno Local ha aprobado hoy el...","og_url":"https:\/\/www.laguiadepamplona.com\/actualidad\/el-ayuntamiento-aprueba-un-convenio-marco-de-colaboracion-con-entidades-externas-para-impulsar-la-ciudad-inteligente\/","og_site_name":"La Gu\u00eda de Pamplona","article_publisher":"https:\/\/www.facebook.com\/laguiadepamplonacom-133175176762273\/?ref=hl","article_published_time":"2014-02-18T11:56:21+00:00","author":"La Gu\u00eda de Pamplona","twitter_card":"summary_large_image","twitter_creator":"@LaGuiadPamplona","twitter_site":"@LaGuiadPamplona","twitter_misc":{"Escrito por":"La Gu\u00eda de Pamplona","Tiempo de lectura":"2 minutos"},"schema":{"@context":"https:\/\/schema.org","@graph":[{"@type":"Article","@id":"https:\/\/www.laguiadepamplona.com\/actualidad\/el-ayuntamiento-aprueba-un-convenio-marco-de-colaboracion-con-entidades-externas-para-impulsar-la-ciudad-inteligente\/#article","isPartOf":{"@id":"https:\/\/www.laguiadepamplona.com\/actualidad\/el-ayuntamiento-aprueba-un-convenio-marco-de-colaboracion-con-entidades-externas-para-impulsar-la-ciudad-inteligente\/"},"author":{"name":"La Gu\u00eda de Pamplona","@id":"https:\/\/www.laguiadepamplona.com\/actualidad\/#\/schema\/person\/efe887376f0213d4657c93adc50b1fdb"},"headline":"El Ayuntamiento aprueba un convenio-marco de colaboraci\u00f3n con entidades externas para impulsar la Ciudad Inteligente","datePublished":"2014-02-18T11:56:21+00:00","mainEntityOfPage":{"@id":"https:\/\/www.laguiadepamplona.com\/actualidad\/el-ayuntamiento-aprueba-un-convenio-marco-de-colaboracion-con-entidades-externas-para-impulsar-la-ciudad-inteligente\/"},"wordCount":511,"commentCount":0,"publisher":{"@id":"https:\/\/www.laguiadepamplona.com\/actualidad\/#organization"},"image":{"@id":"https:\/\/www.laguiadepamplona.com\/actualidad\/el-ayuntamiento-aprueba-un-convenio-marco-de-colaboracion-con-entidades-externas-para-impulsar-la-ciudad-inteligente\/#primaryimage"},"thumbnailUrl":"","keywords":["actualidad","ayto pamplona","noticias","pamplona","smart city pamplona"],"articleSection":["Ayto Pamplona"],"inLanguage":"es","potentialAction":[{"@type":"CommentAction","name":"Comment","target":["https:\/\/www.laguiadepamplona.com\/actualidad\/el-ayuntamiento-aprueba-un-convenio-marco-de-colaboracion-con-entidades-externas-para-impulsar-la-ciudad-inteligente\/#respond"]}]},{"@type":"WebPage","@id":"https:\/\/www.laguiadepamplona.com\/actualidad\/el-ayuntamiento-aprueba-un-convenio-marco-de-colaboracion-con-entidades-externas-para-impulsar-la-ciudad-inteligente\/","url":"https:\/\/www.laguiadepamplona.com\/actualidad\/el-ayuntamiento-aprueba-un-convenio-marco-de-colaboracion-con-entidades-externas-para-impulsar-la-ciudad-inteligente\/","name":"El Ayuntamiento aprueba un convenio-marco de colaboraci\u00f3n con entidades externas para impulsar la Ciudad Inteligente","isPartOf":{"@id":"https:\/\/www.laguiadepamplona.com\/actualidad\/#website"},"primaryImageOfPage":{"@id":"https:\/\/www.laguiadepamplona.com\/actualidad\/el-ayuntamiento-aprueba-un-convenio-marco-de-colaboracion-con-entidades-externas-para-impulsar-la-ciudad-inteligente\/#primaryimage"},"image":{"@id":"https:\/\/www.laguiadepamplona.com\/actualidad\/el-ayuntamiento-aprueba-un-convenio-marco-de-colaboracion-con-entidades-externas-para-impulsar-la-ciudad-inteligente\/#primaryimage"},"thumbnailUrl":"","datePublished":"2014-02-18T11:56:21+00:00","breadcrumb":{"@id":"https:\/\/www.laguiadepamplona.com\/actualidad\/el-ayuntamiento-aprueba-un-convenio-marco-de-colaboracion-con-entidades-externas-para-impulsar-la-ciudad-inteligente\/#breadcrumb"},"inLanguage":"es","potentialAction":[{"@type":"ReadAction","target":["https:\/\/www.laguiadepamplona.com\/actualidad\/el-ayuntamiento-aprueba-un-convenio-marco-de-colaboracion-con-entidades-externas-para-impulsar-la-ciudad-inteligente\/"]}]},{"@type":"ImageObject","inLanguage":"es","@id":"https:\/\/www.laguiadepamplona.com\/actualidad\/el-ayuntamiento-aprueba-un-convenio-marco-de-colaboracion-con-entidades-externas-para-impulsar-la-ciudad-inteligente\/#primaryimage","url":"","contentUrl":""},{"@type":"BreadcrumbList","@id":"https:\/\/www.laguiadepamplona.com\/actualidad\/el-ayuntamiento-aprueba-un-convenio-marco-de-colaboracion-con-entidades-externas-para-impulsar-la-ciudad-inteligente\/#breadcrumb","itemListElement":[{"@type":"ListItem","position":1,"name":"Portada","item":"https:\/\/www.laguiadepamplona.com\/actualidad\/"},{"@type":"ListItem","position":2,"name":"El Ayuntamiento aprueba un convenio-marco de colaboraci\u00f3n con entidades externas para impulsar la Ciudad Inteligente"}]},{"@type":"WebSite","@id":"https:\/\/www.laguiadepamplona.com\/actualidad\/#website","url":"https:\/\/www.laguiadepamplona.com\/actualidad\/","name":"La gu\u00eda de Pamplona","description":"Noticias de Pamplona","publisher":{"@id":"https:\/\/www.laguiadepamplona.com\/actualidad\/#organization"},"potentialAction":[{"@type":"SearchAction","target":{"@type":"EntryPoint","urlTemplate":"https:\/\/www.laguiadepamplona.com\/actualidad\/?s={search_term_string}"},"query-input":{"@type":"PropertyValueSpecification","valueRequired":true,"valueName":"search_term_string"}}],"inLanguage":"es"},{"@type":"Organization","@id":"https:\/\/www.laguiadepamplona.com\/actualidad\/#organization","name":"La Gu\u00eda de Pamplona \/ Noticias","url":"https:\/\/www.laguiadepamplona.com\/actualidad\/","logo":{"@type":"ImageObject","inLanguage":"es","@id":"https:\/\/www.laguiadepamplona.com\/actualidad\/#\/schema\/logo\/image\/","url":"https:\/\/www.laguiadepamplona.com\/actualidad\/wp-content\/uploads\/2018\/11\/logo-laguiadepamplona18-web1.png","contentUrl":"https:\/\/www.laguiadepamplona.com\/actualidad\/wp-content\/uploads\/2018\/11\/logo-laguiadepamplona18-web1.png","width":600,"height":196,"caption":"La Gu\u00eda de Pamplona \/ Noticias"},"image":{"@id":"https:\/\/www.laguiadepamplona.com\/actualidad\/#\/schema\/logo\/image\/"},"sameAs":["https:\/\/www.facebook.com\/laguiadepamplonacom-133175176762273\/?ref=hl","https:\/\/x.com\/LaGuiadPamplona","https:\/\/www.instagram.com\/la_guia_de_pamplona\/","https:\/\/www.youtube.com\/user\/laguiadepamplona"]},{"@type":"Person","@id":"https:\/\/www.laguiadepamplona.com\/actualidad\/#\/schema\/person\/efe887376f0213d4657c93adc50b1fdb","name":"La Gu\u00eda de Pamplona","image":{"@type":"ImageObject","inLanguage":"es","@id":"https:\/\/secure.gravatar.com\/avatar\/b6992f131dc8d30ab0dff15446e9d346d9dbd95992de0fef795073f5ea83a81c?s=96&d=mm&r=g","url":"https:\/\/secure.gravatar.com\/avatar\/b6992f131dc8d30ab0dff15446e9d346d9dbd95992de0fef795073f5ea83a81c?s=96&d=mm&r=g","contentUrl":"https:\/\/secure.gravatar.com\/avatar\/b6992f131dc8d30ab0dff15446e9d346d9dbd95992de0fef795073f5ea83a81c?s=96&d=mm&r=g","caption":"La Gu\u00eda de Pamplona"}}]}},"post_mailing_queue_ids":[],"_links":{"self":[{"href":"https:\/\/www.laguiadepamplona.com\/actualidad\/wp-json\/wp\/v2\/posts\/499","targetHints":{"allow":["GET"]}}],"collection":[{"href":"https:\/\/www.laguiadepamplona.com\/actualidad\/wp-json\/wp\/v2\/posts"}],"about":[{"href":"https:\/\/www.laguiadepamplona.com\/actualidad\/wp-json\/wp\/v2\/types\/post"}],"author":[{"embeddable":true,"href":"https:\/\/www.laguiadepamplona.com\/actualidad\/wp-json\/wp\/v2\/users\/1"}],"replies":[{"embeddable":true,"href":"https:\/\/www.laguiadepamplona.com\/actualidad\/wp-json\/wp\/v2\/comments?post=499"}],"version-history":[{"count":0,"href":"https:\/\/www.laguiadepamplona.com\/actualidad\/wp-json\/wp\/v2\/posts\/499\/revisions"}],"wp:featuredmedia":[{"embeddable":true,"href":"https:\/\/www.laguiadepamplona.com\/actualidad\/wp-json\/"}],"wp:attachment":[{"href":"https:\/\/www.laguiadepamplona.com\/actualidad\/wp-json\/wp\/v2\/media?parent=499"}],"wp:term":[{"taxonomy":"category","embeddable":true,"href":"https:\/\/www.laguiadepamplona.com\/actualidad\/wp-json\/wp\/v2\/categories?post=499"},{"taxonomy":"post_tag","embeddable":true,"href":"https:\/\/www.laguiadepamplona.com\/actualidad\/wp-json\/wp\/v2\/tags?post=499"}],"curies":[{"name":"wp","href":"https:\/\/api.w.org\/{rel}","templated":true}]}}