{"id":49898,"date":"2024-05-30T09:54:43","date_gmt":"2024-05-30T07:54:43","guid":{"rendered":"https:\/\/www.laguiadepamplona.com\/actualidad\/?p=49898"},"modified":"2024-05-30T09:54:43","modified_gmt":"2024-05-30T07:54:43","slug":"700-personas-han-participado-en-la-primera-ronda-de-foros-de-barrio-de-2024","status":"publish","type":"post","link":"https:\/\/www.laguiadepamplona.com\/actualidad\/700-personas-han-participado-en-la-primera-ronda-de-foros-de-barrio-de-2024\/","title":{"rendered":"700 personas han participado en la primera ronda de Foros de Barrio de 2024"},"content":{"rendered":"<h2>El Ayuntamiento de Pamplona estudiar\u00e1 ahora las 340 propuestas y consultas presentadas por vecindario y asociaciones en estos meses<\/h2>\n<p><!--more--><\/p>\n<p>Con Erripaga\u00f1a\u2013Beloso-Bidezar ha terminado la primera ronda de Foros de Barrio de 2024. Descontando al personal t\u00e9cnico y pol\u00edtico municipal que asiste a las reuniones, en el conjunto de 14 foros han participado presencialmente alrededor de 700 personas, un 47% de ellas mujeres y un 53% hombres. Adem\u00e1s, las sesiones se han podido ver en directo a trav\u00e9s de Youtube, donde la grabaci\u00f3n queda disponible para cualquier persona interesada.<\/p>\n<p>Esas personas han presentado un total de 200 propuestas en el transcurso de los encuentros, para los que tambi\u00e9n han llegado m\u00e1s de 100 consultas a trav\u00e9s de la p\u00e1gina web y otras 40 v\u00eda email. La mayor\u00eda de preguntas y aportaciones han estado relacionadas con aspectos del \u00e1rea de Conservaci\u00f3n Urbana, sobre movilidad y sobre cuestiones que tienen que ver con espacios dotacionales donde el vecindario pueda realizar actividades. Ahora el Ayuntamiento analizar\u00e1 la informaci\u00f3n obtenida en estos foros itinerantes para evaluarla y as\u00ed poder hacer propuestas ajustadas a las necesidades de la ciudadan\u00eda.<\/p>\n<p>Y es que esta fase de an\u00e1lisis interno es tambi\u00e9n parte de los Foros de Barrio porque el objetivo de los foros es que la informaci\u00f3n sobre propuestas, proyectos, problemas y mejoras fluya en dos sentidos: desde la ciudadan\u00eda al Ayuntamiento y desde la entidad local a los vecinos y vecinas. Adem\u00e1s, el Consistorio busca con esta iniciativa que la ciudadan\u00eda conozca los recursos y los espacios donde se generan redes comunitarias que desarrollan din\u00e1micas dirigidas a hacer barrio y mejorar la vida de todas las personas que conviven en ese espacio.<\/p>\n<p>Todos los Foros de Barrio han estado presididos por la concejala o concejal de barrio, pero, en esta ronda se ha introducido una novedad: la presentaci\u00f3n de propuestas de car\u00e1cter comunitario; ya sean de iniciativa municipal, ya sean de iniciativa estrictamente social, o sean din\u00e1micas generadas en colaboraci\u00f3n entre el Ayuntamiento y la ciudadan\u00eda.<\/p>\n<p>En este \u00e1mbito se han presentado servicios como Polic\u00eda Comunitaria, Pamplonistas o las unidades de barrio. Tambi\u00e9n han participado personas de las Redes de Mayores y de las Redes de Infancia, se han podido conocer proyectos de huertos urbanos y comunidades energ\u00e9ticas y, sumado a esto, se han presentado 33 proyectos comunitarios de los barrios como asociaciones culturales, vecinales, asociaciones de comerciantes o, incluso, alguna cooperativa de vivienda.<\/p>\n<p>&nbsp;<\/p>\n<h3>Foros de barrio enero \u2013 mayo<\/h3>\n<table width=\"620\">\n<tbody>\n<tr>\n<td width=\"83\"><strong>FECHA<\/strong><\/td>\n<td width=\"173\"><strong>BARRIO<\/strong><\/td>\n<td width=\"156\"><strong>LUGAR<\/strong><\/td>\n<td width=\"132\"><strong>CONCEJAL\/A<\/strong><\/td>\n<td width=\"77\"><strong>Asistentes en persona<\/strong><\/td>\n<\/tr>\n<tr>\n<td width=\"83\">30\/01\/2024<\/td>\n<td width=\"173\">San Jorge<\/td>\n<td width=\"156\">Civivox San Jorge<\/td>\n<td width=\"132\">Borja Izaguirre<\/td>\n<td width=\"77\">52<\/td>\n<\/tr>\n<tr>\n<td width=\"83\">06\/02\/2024<\/td>\n<td width=\"173\">San Juan<\/td>\n<td width=\"156\">San Juan de la Cadena<\/td>\n<td width=\"132\">Garbi\u00f1e Bueno<\/td>\n<td width=\"77\">15<\/td>\n<\/tr>\n<tr>\n<td width=\"83\">15\/02\/2024<\/td>\n<td width=\"173\">Santa M\u00aa Real-Lezkairu<\/td>\n<td width=\"156\">Centro Intergeneracional Santa M\u00aa la Real<\/td>\n<td width=\"132\">Aitziber Campi\u00f3n<\/td>\n<td width=\"77\">39<\/td>\n<\/tr>\n<tr>\n<td width=\"83\">20\/02\/2024<\/td>\n<td width=\"173\">Txantrea<\/td>\n<td width=\"156\">CCIS Salesianas<\/td>\n<td width=\"132\">Joxe Abaurrea<\/td>\n<td width=\"77\">100<\/td>\n<\/tr>\n<tr>\n<td width=\"83\">27\/02\/2024<\/td>\n<td width=\"173\">Buztintxuri<\/td>\n<td width=\"156\">C.P. Buztintxuri<\/td>\n<td width=\"132\">Borja Izaguirre<\/td>\n<td width=\"77\">27<\/td>\n<\/tr>\n<tr>\n<td width=\"83\">05\/03\/2024<\/td>\n<td width=\"173\">Casco Viejo<\/td>\n<td width=\"156\">Civivox Condestable<\/td>\n<td width=\"132\">Zaloa Basabe<\/td>\n<td width=\"77\">53<\/td>\n<\/tr>\n<tr>\n<td width=\"83\">12\/03\/2024<\/td>\n<td width=\"173\">Etxabakoitz<\/td>\n<td width=\"156\">Club de Jubilados<\/td>\n<td width=\"132\">Endika Alonso<\/td>\n<td width=\"77\">61<\/td>\n<\/tr>\n<tr>\n<td width=\"83\">19\/03\/2024<\/td>\n<td width=\"173\">Rochapea<\/td>\n<td width=\"156\">Civivox Jus la Rocha<\/td>\n<td width=\"132\">Endika Alonso<\/td>\n<td width=\"77\">64<\/td>\n<\/tr>\n<tr>\n<td width=\"83\">16\/04\/2024<\/td>\n<td width=\"173\">Ermitaga\u00f1a-Mendebaldea<\/td>\n<td width=\"156\">Filmoteca de Navarra<\/td>\n<td width=\"132\">Garbi\u00f1e Bueno<\/td>\n<td width=\"77\">58<\/td>\n<\/tr>\n<tr>\n<td width=\"83\">23\/04\/2024<\/td>\n<td width=\"173\">Ensanches<\/td>\n<td width=\"156\">Escuela de Arte y Superior de Dise\u00f1o de Pamplona<\/td>\n<td width=\"132\">Mikel Armend\u00e1riz<\/td>\n<td width=\"77\">53<\/td>\n<\/tr>\n<tr>\n<td width=\"83\">07\/05\/2024<\/td>\n<td width=\"173\">Iturrama<\/td>\n<td width=\"156\">Civivox Iturrama<\/td>\n<td width=\"132\">Koldo Mart\u00ednez<\/td>\n<td width=\"77\">68<\/td>\n<\/tr>\n<tr>\n<td width=\"83\">14\/05\/2024<\/td>\n<td width=\"173\">Mendillorri<\/td>\n<td width=\"156\">Civivox Mendillorri<\/td>\n<td width=\"132\">Txema Maule\u00f3n<\/td>\n<td width=\"77\">42<\/td>\n<\/tr>\n<tr>\n<td width=\"83\">21\/05\/2024<\/td>\n<td width=\"173\">Milagrosa-Azpilaga\u00f1a<\/td>\n<td width=\"156\">Hegoalde I.P.<\/td>\n<td width=\"132\">Joxe Abaurrea<\/td>\n<td width=\"77\">43<\/td>\n<\/tr>\n<tr>\n<td width=\"83\">28\/05\/2024<\/td>\n<td width=\"173\">Erripaga\u00f1a-Beloso-Bidezar<\/td>\n<td width=\"156\">Local vecinal de Erripaga\u00f1a<\/td>\n<td width=\"132\">Maider Beloki<\/td>\n<td width=\"77\">20<\/td>\n<\/tr>\n<tr>\n<td width=\"83\"><strong>TOTALES<\/strong><\/td>\n<td width=\"173\"><\/td>\n<td width=\"156\"><\/td>\n<td width=\"132\"><\/td>\n<td width=\"77\"><strong>695<\/strong><\/td>\n<\/tr>\n<\/tbody>\n<\/table>\n<p>&nbsp;<\/p>\n","protected":false},"excerpt":{"rendered":"<p>El Ayuntamiento de Pamplona estudiar\u00e1 ahora las 340 propuestas y consultas presentadas por vecindario y asociaciones en estos meses<\/p>\n","protected":false},"author":1,"featured_media":49899,"comment_status":"open","ping_status":"closed","sticky":false,"template":"","format":"standard","meta":{"footnotes":""},"categories":[2],"tags":[],"class_list":["post-49898","post","type-post","status-publish","format-standard","has-post-thumbnail","hentry","category-ayuntamiento-pamplona"],"yoast_head":"<!-- This site is optimized with the Yoast SEO plugin v27.3 - https:\/\/yoast.com\/product\/yoast-seo-wordpress\/ -->\n<title>700 personas han participado en la primera ronda de Foros de Barrio de 2024<\/title>\n<meta name=\"description\" content=\"El Ayuntamiento de Pamplona estudiar\u00e1 ahora las 340 propuestas y consultas presentadas por vecindario y asociaciones en estos meses\" \/>\n<meta name=\"robots\" content=\"index, follow, max-snippet:-1, max-image-preview:large, max-video-preview:-1\" \/>\n<link rel=\"canonical\" href=\"https:\/\/www.laguiadepamplona.com\/actualidad\/700-personas-han-participado-en-la-primera-ronda-de-foros-de-barrio-de-2024\/\" \/>\n<meta property=\"og:locale\" content=\"es_ES\" \/>\n<meta property=\"og:type\" content=\"article\" \/>\n<meta property=\"og:title\" content=\"700 personas han participado en la primera ronda de Foros de Barrio de 2024\" \/>\n<meta property=\"og:description\" content=\"El Ayuntamiento de Pamplona estudiar\u00e1 ahora las 340 propuestas y consultas presentadas por vecindario y asociaciones en estos meses\" \/>\n<meta property=\"og:url\" content=\"https:\/\/www.laguiadepamplona.com\/actualidad\/700-personas-han-participado-en-la-primera-ronda-de-foros-de-barrio-de-2024\/\" \/>\n<meta property=\"og:site_name\" content=\"La Gu\u00eda de Pamplona\" \/>\n<meta property=\"article:publisher\" content=\"https:\/\/www.facebook.com\/laguiadepamplonacom-133175176762273\/?ref=hl\" \/>\n<meta property=\"article:published_time\" content=\"2024-05-30T07:54:43+00:00\" \/>\n<meta property=\"og:image\" content=\"https:\/\/www.laguiadepamplona.com\/actualidad\/wp-content\/uploads\/2024\/05\/Foro-de-barrio.webp\" \/>\n\t<meta property=\"og:image:width\" content=\"1000\" \/>\n\t<meta property=\"og:image:height\" content=\"667\" \/>\n\t<meta property=\"og:image:type\" content=\"image\/webp\" \/>\n<meta name=\"author\" content=\"La Gu\u00eda de Pamplona\" \/>\n<meta name=\"twitter:card\" content=\"summary_large_image\" \/>\n<meta name=\"twitter:creator\" content=\"@LaGuiadPamplona\" \/>\n<meta name=\"twitter:site\" content=\"@LaGuiadPamplona\" \/>\n<meta name=\"twitter:label1\" content=\"Escrito por\" \/>\n\t<meta name=\"twitter:data1\" content=\"La Gu\u00eda de Pamplona\" \/>\n\t<meta name=\"twitter:label2\" content=\"Tiempo de lectura\" \/>\n\t<meta name=\"twitter:data2\" content=\"3 minutos\" \/>\n<script type=\"application\/ld+json\" class=\"yoast-schema-graph\">{\"@context\":\"https:\\\/\\\/schema.org\",\"@graph\":[{\"@type\":\"Article\",\"@id\":\"https:\\\/\\\/www.laguiadepamplona.com\\\/actualidad\\\/700-personas-han-participado-en-la-primera-ronda-de-foros-de-barrio-de-2024\\\/#article\",\"isPartOf\":{\"@id\":\"https:\\\/\\\/www.laguiadepamplona.com\\\/actualidad\\\/700-personas-han-participado-en-la-primera-ronda-de-foros-de-barrio-de-2024\\\/\"},\"author\":{\"name\":\"La Gu\u00eda de Pamplona\",\"@id\":\"https:\\\/\\\/www.laguiadepamplona.com\\\/actualidad\\\/#\\\/schema\\\/person\\\/efe887376f0213d4657c93adc50b1fdb\"},\"headline\":\"700 personas han participado en la primera ronda de Foros de Barrio de 2024\",\"datePublished\":\"2024-05-30T07:54:43+00:00\",\"mainEntityOfPage\":{\"@id\":\"https:\\\/\\\/www.laguiadepamplona.com\\\/actualidad\\\/700-personas-han-participado-en-la-primera-ronda-de-foros-de-barrio-de-2024\\\/\"},\"wordCount\":555,\"commentCount\":0,\"publisher\":{\"@id\":\"https:\\\/\\\/www.laguiadepamplona.com\\\/actualidad\\\/#organization\"},\"image\":{\"@id\":\"https:\\\/\\\/www.laguiadepamplona.com\\\/actualidad\\\/700-personas-han-participado-en-la-primera-ronda-de-foros-de-barrio-de-2024\\\/#primaryimage\"},\"thumbnailUrl\":\"https:\\\/\\\/www.laguiadepamplona.com\\\/actualidad\\\/wp-content\\\/uploads\\\/2024\\\/05\\\/Foro-de-barrio.webp\",\"articleSection\":[\"Ayto Pamplona\"],\"inLanguage\":\"es\",\"potentialAction\":[{\"@type\":\"CommentAction\",\"name\":\"Comment\",\"target\":[\"https:\\\/\\\/www.laguiadepamplona.com\\\/actualidad\\\/700-personas-han-participado-en-la-primera-ronda-de-foros-de-barrio-de-2024\\\/#respond\"]}]},{\"@type\":\"WebPage\",\"@id\":\"https:\\\/\\\/www.laguiadepamplona.com\\\/actualidad\\\/700-personas-han-participado-en-la-primera-ronda-de-foros-de-barrio-de-2024\\\/\",\"url\":\"https:\\\/\\\/www.laguiadepamplona.com\\\/actualidad\\\/700-personas-han-participado-en-la-primera-ronda-de-foros-de-barrio-de-2024\\\/\",\"name\":\"700 personas han participado en la primera ronda de Foros de Barrio de 2024\",\"isPartOf\":{\"@id\":\"https:\\\/\\\/www.laguiadepamplona.com\\\/actualidad\\\/#website\"},\"primaryImageOfPage\":{\"@id\":\"https:\\\/\\\/www.laguiadepamplona.com\\\/actualidad\\\/700-personas-han-participado-en-la-primera-ronda-de-foros-de-barrio-de-2024\\\/#primaryimage\"},\"image\":{\"@id\":\"https:\\\/\\\/www.laguiadepamplona.com\\\/actualidad\\\/700-personas-han-participado-en-la-primera-ronda-de-foros-de-barrio-de-2024\\\/#primaryimage\"},\"thumbnailUrl\":\"https:\\\/\\\/www.laguiadepamplona.com\\\/actualidad\\\/wp-content\\\/uploads\\\/2024\\\/05\\\/Foro-de-barrio.webp\",\"datePublished\":\"2024-05-30T07:54:43+00:00\",\"description\":\"El Ayuntamiento de Pamplona estudiar\u00e1 ahora las 340 propuestas y consultas presentadas por vecindario y asociaciones en estos meses\",\"breadcrumb\":{\"@id\":\"https:\\\/\\\/www.laguiadepamplona.com\\\/actualidad\\\/700-personas-han-participado-en-la-primera-ronda-de-foros-de-barrio-de-2024\\\/#breadcrumb\"},\"inLanguage\":\"es\",\"potentialAction\":[{\"@type\":\"ReadAction\",\"target\":[\"https:\\\/\\\/www.laguiadepamplona.com\\\/actualidad\\\/700-personas-han-participado-en-la-primera-ronda-de-foros-de-barrio-de-2024\\\/\"]}]},{\"@type\":\"ImageObject\",\"inLanguage\":\"es\",\"@id\":\"https:\\\/\\\/www.laguiadepamplona.com\\\/actualidad\\\/700-personas-han-participado-en-la-primera-ronda-de-foros-de-barrio-de-2024\\\/#primaryimage\",\"url\":\"https:\\\/\\\/www.laguiadepamplona.com\\\/actualidad\\\/wp-content\\\/uploads\\\/2024\\\/05\\\/Foro-de-barrio.webp\",\"contentUrl\":\"https:\\\/\\\/www.laguiadepamplona.com\\\/actualidad\\\/wp-content\\\/uploads\\\/2024\\\/05\\\/Foro-de-barrio.webp\",\"width\":1000,\"height\":667,\"caption\":\"foro de barrio\"},{\"@type\":\"BreadcrumbList\",\"@id\":\"https:\\\/\\\/www.laguiadepamplona.com\\\/actualidad\\\/700-personas-han-participado-en-la-primera-ronda-de-foros-de-barrio-de-2024\\\/#breadcrumb\",\"itemListElement\":[{\"@type\":\"ListItem\",\"position\":1,\"name\":\"Portada\",\"item\":\"https:\\\/\\\/www.laguiadepamplona.com\\\/actualidad\\\/\"},{\"@type\":\"ListItem\",\"position\":2,\"name\":\"700 personas han participado en la primera ronda de Foros de Barrio de 2024\"}]},{\"@type\":\"WebSite\",\"@id\":\"https:\\\/\\\/www.laguiadepamplona.com\\\/actualidad\\\/#website\",\"url\":\"https:\\\/\\\/www.laguiadepamplona.com\\\/actualidad\\\/\",\"name\":\"La gu\u00eda de Pamplona\",\"description\":\"Noticias de Pamplona\",\"publisher\":{\"@id\":\"https:\\\/\\\/www.laguiadepamplona.com\\\/actualidad\\\/#organization\"},\"potentialAction\":[{\"@type\":\"SearchAction\",\"target\":{\"@type\":\"EntryPoint\",\"urlTemplate\":\"https:\\\/\\\/www.laguiadepamplona.com\\\/actualidad\\\/?s={search_term_string}\"},\"query-input\":{\"@type\":\"PropertyValueSpecification\",\"valueRequired\":true,\"valueName\":\"search_term_string\"}}],\"inLanguage\":\"es\"},{\"@type\":\"Organization\",\"@id\":\"https:\\\/\\\/www.laguiadepamplona.com\\\/actualidad\\\/#organization\",\"name\":\"La Gu\u00eda de Pamplona \\\/ Noticias\",\"url\":\"https:\\\/\\\/www.laguiadepamplona.com\\\/actualidad\\\/\",\"logo\":{\"@type\":\"ImageObject\",\"inLanguage\":\"es\",\"@id\":\"https:\\\/\\\/www.laguiadepamplona.com\\\/actualidad\\\/#\\\/schema\\\/logo\\\/image\\\/\",\"url\":\"https:\\\/\\\/www.laguiadepamplona.com\\\/actualidad\\\/wp-content\\\/uploads\\\/2018\\\/11\\\/logo-laguiadepamplona18-web1.png\",\"contentUrl\":\"https:\\\/\\\/www.laguiadepamplona.com\\\/actualidad\\\/wp-content\\\/uploads\\\/2018\\\/11\\\/logo-laguiadepamplona18-web1.png\",\"width\":600,\"height\":196,\"caption\":\"La Gu\u00eda de Pamplona \\\/ Noticias\"},\"image\":{\"@id\":\"https:\\\/\\\/www.laguiadepamplona.com\\\/actualidad\\\/#\\\/schema\\\/logo\\\/image\\\/\"},\"sameAs\":[\"https:\\\/\\\/www.facebook.com\\\/laguiadepamplonacom-133175176762273\\\/?ref=hl\",\"https:\\\/\\\/x.com\\\/LaGuiadPamplona\",\"https:\\\/\\\/www.instagram.com\\\/la_guia_de_pamplona\\\/\",\"https:\\\/\\\/www.youtube.com\\\/user\\\/laguiadepamplona\"]},{\"@type\":\"Person\",\"@id\":\"https:\\\/\\\/www.laguiadepamplona.com\\\/actualidad\\\/#\\\/schema\\\/person\\\/efe887376f0213d4657c93adc50b1fdb\",\"name\":\"La Gu\u00eda de Pamplona\",\"image\":{\"@type\":\"ImageObject\",\"inLanguage\":\"es\",\"@id\":\"https:\\\/\\\/secure.gravatar.com\\\/avatar\\\/b6992f131dc8d30ab0dff15446e9d346d9dbd95992de0fef795073f5ea83a81c?s=96&d=mm&r=g\",\"url\":\"https:\\\/\\\/secure.gravatar.com\\\/avatar\\\/b6992f131dc8d30ab0dff15446e9d346d9dbd95992de0fef795073f5ea83a81c?s=96&d=mm&r=g\",\"contentUrl\":\"https:\\\/\\\/secure.gravatar.com\\\/avatar\\\/b6992f131dc8d30ab0dff15446e9d346d9dbd95992de0fef795073f5ea83a81c?s=96&d=mm&r=g\",\"caption\":\"La Gu\u00eda de Pamplona\"}}]}<\/script>\n<!-- \/ Yoast SEO plugin. -->","yoast_head_json":{"title":"700 personas han participado en la primera ronda de Foros de Barrio de 2024","description":"El Ayuntamiento de Pamplona estudiar\u00e1 ahora las 340 propuestas y consultas presentadas por vecindario y asociaciones en estos meses","robots":{"index":"index","follow":"follow","max-snippet":"max-snippet:-1","max-image-preview":"max-image-preview:large","max-video-preview":"max-video-preview:-1"},"canonical":"https:\/\/www.laguiadepamplona.com\/actualidad\/700-personas-han-participado-en-la-primera-ronda-de-foros-de-barrio-de-2024\/","og_locale":"es_ES","og_type":"article","og_title":"700 personas han participado en la primera ronda de Foros de Barrio de 2024","og_description":"El Ayuntamiento de Pamplona estudiar\u00e1 ahora las 340 propuestas y consultas presentadas por vecindario y asociaciones en estos meses","og_url":"https:\/\/www.laguiadepamplona.com\/actualidad\/700-personas-han-participado-en-la-primera-ronda-de-foros-de-barrio-de-2024\/","og_site_name":"La Gu\u00eda de Pamplona","article_publisher":"https:\/\/www.facebook.com\/laguiadepamplonacom-133175176762273\/?ref=hl","article_published_time":"2024-05-30T07:54:43+00:00","og_image":[{"width":1000,"height":667,"url":"https:\/\/www.laguiadepamplona.com\/actualidad\/wp-content\/uploads\/2024\/05\/Foro-de-barrio.webp","type":"image\/webp"}],"author":"La Gu\u00eda de Pamplona","twitter_card":"summary_large_image","twitter_creator":"@LaGuiadPamplona","twitter_site":"@LaGuiadPamplona","twitter_misc":{"Escrito por":"La Gu\u00eda de Pamplona","Tiempo de lectura":"3 minutos"},"schema":{"@context":"https:\/\/schema.org","@graph":[{"@type":"Article","@id":"https:\/\/www.laguiadepamplona.com\/actualidad\/700-personas-han-participado-en-la-primera-ronda-de-foros-de-barrio-de-2024\/#article","isPartOf":{"@id":"https:\/\/www.laguiadepamplona.com\/actualidad\/700-personas-han-participado-en-la-primera-ronda-de-foros-de-barrio-de-2024\/"},"author":{"name":"La Gu\u00eda de Pamplona","@id":"https:\/\/www.laguiadepamplona.com\/actualidad\/#\/schema\/person\/efe887376f0213d4657c93adc50b1fdb"},"headline":"700 personas han participado en la primera ronda de Foros de Barrio de 2024","datePublished":"2024-05-30T07:54:43+00:00","mainEntityOfPage":{"@id":"https:\/\/www.laguiadepamplona.com\/actualidad\/700-personas-han-participado-en-la-primera-ronda-de-foros-de-barrio-de-2024\/"},"wordCount":555,"commentCount":0,"publisher":{"@id":"https:\/\/www.laguiadepamplona.com\/actualidad\/#organization"},"image":{"@id":"https:\/\/www.laguiadepamplona.com\/actualidad\/700-personas-han-participado-en-la-primera-ronda-de-foros-de-barrio-de-2024\/#primaryimage"},"thumbnailUrl":"https:\/\/www.laguiadepamplona.com\/actualidad\/wp-content\/uploads\/2024\/05\/Foro-de-barrio.webp","articleSection":["Ayto Pamplona"],"inLanguage":"es","potentialAction":[{"@type":"CommentAction","name":"Comment","target":["https:\/\/www.laguiadepamplona.com\/actualidad\/700-personas-han-participado-en-la-primera-ronda-de-foros-de-barrio-de-2024\/#respond"]}]},{"@type":"WebPage","@id":"https:\/\/www.laguiadepamplona.com\/actualidad\/700-personas-han-participado-en-la-primera-ronda-de-foros-de-barrio-de-2024\/","url":"https:\/\/www.laguiadepamplona.com\/actualidad\/700-personas-han-participado-en-la-primera-ronda-de-foros-de-barrio-de-2024\/","name":"700 personas han participado en la primera ronda de Foros de Barrio de 2024","isPartOf":{"@id":"https:\/\/www.laguiadepamplona.com\/actualidad\/#website"},"primaryImageOfPage":{"@id":"https:\/\/www.laguiadepamplona.com\/actualidad\/700-personas-han-participado-en-la-primera-ronda-de-foros-de-barrio-de-2024\/#primaryimage"},"image":{"@id":"https:\/\/www.laguiadepamplona.com\/actualidad\/700-personas-han-participado-en-la-primera-ronda-de-foros-de-barrio-de-2024\/#primaryimage"},"thumbnailUrl":"https:\/\/www.laguiadepamplona.com\/actualidad\/wp-content\/uploads\/2024\/05\/Foro-de-barrio.webp","datePublished":"2024-05-30T07:54:43+00:00","description":"El Ayuntamiento de Pamplona estudiar\u00e1 ahora las 340 propuestas y consultas presentadas por vecindario y asociaciones en estos meses","breadcrumb":{"@id":"https:\/\/www.laguiadepamplona.com\/actualidad\/700-personas-han-participado-en-la-primera-ronda-de-foros-de-barrio-de-2024\/#breadcrumb"},"inLanguage":"es","potentialAction":[{"@type":"ReadAction","target":["https:\/\/www.laguiadepamplona.com\/actualidad\/700-personas-han-participado-en-la-primera-ronda-de-foros-de-barrio-de-2024\/"]}]},{"@type":"ImageObject","inLanguage":"es","@id":"https:\/\/www.laguiadepamplona.com\/actualidad\/700-personas-han-participado-en-la-primera-ronda-de-foros-de-barrio-de-2024\/#primaryimage","url":"https:\/\/www.laguiadepamplona.com\/actualidad\/wp-content\/uploads\/2024\/05\/Foro-de-barrio.webp","contentUrl":"https:\/\/www.laguiadepamplona.com\/actualidad\/wp-content\/uploads\/2024\/05\/Foro-de-barrio.webp","width":1000,"height":667,"caption":"foro de barrio"},{"@type":"BreadcrumbList","@id":"https:\/\/www.laguiadepamplona.com\/actualidad\/700-personas-han-participado-en-la-primera-ronda-de-foros-de-barrio-de-2024\/#breadcrumb","itemListElement":[{"@type":"ListItem","position":1,"name":"Portada","item":"https:\/\/www.laguiadepamplona.com\/actualidad\/"},{"@type":"ListItem","position":2,"name":"700 personas han participado en la primera ronda de Foros de Barrio de 2024"}]},{"@type":"WebSite","@id":"https:\/\/www.laguiadepamplona.com\/actualidad\/#website","url":"https:\/\/www.laguiadepamplona.com\/actualidad\/","name":"La gu\u00eda de Pamplona","description":"Noticias de Pamplona","publisher":{"@id":"https:\/\/www.laguiadepamplona.com\/actualidad\/#organization"},"potentialAction":[{"@type":"SearchAction","target":{"@type":"EntryPoint","urlTemplate":"https:\/\/www.laguiadepamplona.com\/actualidad\/?s={search_term_string}"},"query-input":{"@type":"PropertyValueSpecification","valueRequired":true,"valueName":"search_term_string"}}],"inLanguage":"es"},{"@type":"Organization","@id":"https:\/\/www.laguiadepamplona.com\/actualidad\/#organization","name":"La Gu\u00eda de Pamplona \/ Noticias","url":"https:\/\/www.laguiadepamplona.com\/actualidad\/","logo":{"@type":"ImageObject","inLanguage":"es","@id":"https:\/\/www.laguiadepamplona.com\/actualidad\/#\/schema\/logo\/image\/","url":"https:\/\/www.laguiadepamplona.com\/actualidad\/wp-content\/uploads\/2018\/11\/logo-laguiadepamplona18-web1.png","contentUrl":"https:\/\/www.laguiadepamplona.com\/actualidad\/wp-content\/uploads\/2018\/11\/logo-laguiadepamplona18-web1.png","width":600,"height":196,"caption":"La Gu\u00eda de Pamplona \/ Noticias"},"image":{"@id":"https:\/\/www.laguiadepamplona.com\/actualidad\/#\/schema\/logo\/image\/"},"sameAs":["https:\/\/www.facebook.com\/laguiadepamplonacom-133175176762273\/?ref=hl","https:\/\/x.com\/LaGuiadPamplona","https:\/\/www.instagram.com\/la_guia_de_pamplona\/","https:\/\/www.youtube.com\/user\/laguiadepamplona"]},{"@type":"Person","@id":"https:\/\/www.laguiadepamplona.com\/actualidad\/#\/schema\/person\/efe887376f0213d4657c93adc50b1fdb","name":"La Gu\u00eda de Pamplona","image":{"@type":"ImageObject","inLanguage":"es","@id":"https:\/\/secure.gravatar.com\/avatar\/b6992f131dc8d30ab0dff15446e9d346d9dbd95992de0fef795073f5ea83a81c?s=96&d=mm&r=g","url":"https:\/\/secure.gravatar.com\/avatar\/b6992f131dc8d30ab0dff15446e9d346d9dbd95992de0fef795073f5ea83a81c?s=96&d=mm&r=g","contentUrl":"https:\/\/secure.gravatar.com\/avatar\/b6992f131dc8d30ab0dff15446e9d346d9dbd95992de0fef795073f5ea83a81c?s=96&d=mm&r=g","caption":"La Gu\u00eda de Pamplona"}}]}},"post_mailing_queue_ids":[],"_links":{"self":[{"href":"https:\/\/www.laguiadepamplona.com\/actualidad\/wp-json\/wp\/v2\/posts\/49898","targetHints":{"allow":["GET"]}}],"collection":[{"href":"https:\/\/www.laguiadepamplona.com\/actualidad\/wp-json\/wp\/v2\/posts"}],"about":[{"href":"https:\/\/www.laguiadepamplona.com\/actualidad\/wp-json\/wp\/v2\/types\/post"}],"author":[{"embeddable":true,"href":"https:\/\/www.laguiadepamplona.com\/actualidad\/wp-json\/wp\/v2\/users\/1"}],"replies":[{"embeddable":true,"href":"https:\/\/www.laguiadepamplona.com\/actualidad\/wp-json\/wp\/v2\/comments?post=49898"}],"version-history":[{"count":1,"href":"https:\/\/www.laguiadepamplona.com\/actualidad\/wp-json\/wp\/v2\/posts\/49898\/revisions"}],"predecessor-version":[{"id":49900,"href":"https:\/\/www.laguiadepamplona.com\/actualidad\/wp-json\/wp\/v2\/posts\/49898\/revisions\/49900"}],"wp:featuredmedia":[{"embeddable":true,"href":"https:\/\/www.laguiadepamplona.com\/actualidad\/wp-json\/wp\/v2\/media\/49899"}],"wp:attachment":[{"href":"https:\/\/www.laguiadepamplona.com\/actualidad\/wp-json\/wp\/v2\/media?parent=49898"}],"wp:term":[{"taxonomy":"category","embeddable":true,"href":"https:\/\/www.laguiadepamplona.com\/actualidad\/wp-json\/wp\/v2\/categories?post=49898"},{"taxonomy":"post_tag","embeddable":true,"href":"https:\/\/www.laguiadepamplona.com\/actualidad\/wp-json\/wp\/v2\/tags?post=49898"}],"curies":[{"name":"wp","href":"https:\/\/api.w.org\/{rel}","templated":true}]}}