{"id":49860,"date":"2024-05-27T18:01:07","date_gmt":"2024-05-27T16:01:07","guid":{"rendered":"https:\/\/www.laguiadepamplona.com\/actualidad\/?p=49860"},"modified":"2024-05-27T18:01:07","modified_gmt":"2024-05-27T16:01:07","slug":"el-12-de-junio-se-presenta-a-la-ciudadania-la-propuesta-de-plan-de-infraestructura-verde-y-azul-y-drenaje-urbano-sostenible-que-sentara-las-bases-de-las-futuras-actuaciones-urbanisticas","status":"publish","type":"post","link":"https:\/\/www.laguiadepamplona.com\/actualidad\/el-12-de-junio-se-presenta-a-la-ciudadania-la-propuesta-de-plan-de-infraestructura-verde-y-azul-y-drenaje-urbano-sostenible-que-sentara-las-bases-de-las-futuras-actuaciones-urbanisticas\/","title":{"rendered":"El 12 de junio se presenta a la ciudadan\u00eda la propuesta de Plan de Infraestructura Verde y Azul y Drenaje Urbano Sostenible que sentar\u00e1 las bases de las futuras actuaciones urban\u00edsticas"},"content":{"rendered":"<h2>La reuni\u00f3n, con inscripciones abiertas <a href=\"https:\/\/es.surveymonkey.com\/r\/VMHL8SZ\" target=\"_blank\" rel=\"noopener\">online<\/a> y a trav\u00e9s del 010, inicia el proceso participativo para el desarrollo de este plan<\/h2>\n<p><!--more--><\/p>\n<p>El Ayuntamiento de Pamplona ha organizado el mi\u00e9rcoles 12 de junio una jornada de presentaci\u00f3n de la propuesta de Plan de Infraestructura Verde y Azul y Drenaje Urbano Sostenible. El plan, que se encuentra en fase de borrador, aspira a incorporar en la planificaci\u00f3n urbana criterios de sostenibilidad y de adaptaci\u00f3n al cambio clim\u00e1tico y soluciones basadas en la naturaleza. La jornada tendr\u00e1 lugar en la segunda planta de Civivox Condestable por la tarde, de 18 a 20 horas.<\/p>\n<p>Para participar en el encuentro es necesaria la inscripci\u00f3n previa, que se puede realizar a trav\u00e9s de un <a href=\"https:\/\/es.surveymonkey.com\/r\/VMHL8SZ\" target=\"_blank\" rel=\"noopener\">formulario online<\/a> o a trav\u00e9s del tel\u00e9fono 010 \u2013 948 420 100. El Ayuntamiento invita a la ciudadan\u00eda a este proceso participativo, importante para la ciudad, ya que generar\u00e1 un modo de actuaci\u00f3n resiliente a los nuevos escenarios clim\u00e1ticos. Se definir\u00e1 el modelo de infraestructura verde y drenaje urbano partiendo del an\u00e1lisis del momento actual, para lograr los objetivos establecidos. Adem\u00e1s, se redactar\u00e1n los protocolos de mantenimiento del corredor fluvial, se elaborar\u00e1n 25 memorias valoradas de actuaciones concretas y se propondr\u00e1 un modelo de ordenanza que garantice que las futuras intervenciones est\u00e9n alineadas con la planificaci\u00f3n resultante de este proceso.<\/p>\n<p>Este plan se enmarca en el proyecto RUNA 2025 de renaturalizaci\u00f3n y protecci\u00f3n de la biodiversidad en los entornos fluviales. RUNA 2025 ha obtenido 2,7 millones de euros en la convocatoria de ayudas de la Fundaci\u00f3n Biodiversidad del Ministerio para la Transici\u00f3n Ecol\u00f3gica y el Reto Demogr\u00e1fico (MITECO), en el marco del Plan de Recuperaci\u00f3n, Transformaci\u00f3n y Resiliencia, financiado por la Uni\u00f3n Europea \u2013 NextGenerationEU.<\/p>\n<p><strong>Objetivos de la jornada<\/strong><\/p>\n<p>La jornada se plantea con tres objetivos. En primer lugar, se trata de exponer el diagn\u00f3stico de ciudad, los objetivos establecidos y el modelo de Infraestructura verde y drenaje urbano. En segundo lugar, se pretende priorizar de forma participada el cat\u00e1logo de acciones de infraestructura verde y drenaje sostenible para elaborar la memoria valorada de un total de diez acciones. Por \u00faltimo, se busca involucrar al conjunto de agentes y personas interesadas en el proceso, desde asociaciones y colectivos profesionales vinculados al medio ambiente y al espacio urbano a agentes especializados y a personas interesadas en la transformaci\u00f3n y renaturalizaci\u00f3n de la ciudad.<\/p>\n<p>Para facilitar la participaci\u00f3n y la asistencia a la jornada, se contar\u00e1 con un servicio de conciliaci\u00f3n para aquellas personas que lo demanden. El servicio de conciliaci\u00f3n se deber\u00e1 solicitar a trav\u00e9s del cuestionario de inscripci\u00f3n o en el 010. A esta sesi\u00f3n le seguir\u00e1 otra en octubre, de devoluci\u00f3n a la ciudadan\u00eda, donde se presentar\u00e1n los avances llevados a cabo. Finalmente, como tercer hito participativo, se har\u00e1 una presentaci\u00f3n p\u00fablica del Plan de Infraestructura Verde y Azul y la Estrategia de Drenaje Urbano Sostenible y de los trabajos realizados.<\/p>\n<p>A partir del mi\u00e9rcoles 29 de mayo, se podr\u00e1 consultar el borrador el plan en la plataforma <a href=\"https:\/\/decide.pamplona.es\/processes\/Runa2025?locale=es\" target=\"_blank\" rel=\"noopener\">RUNA 2025 &#8211; decide.pamplona<\/a><\/p>\n","protected":false},"excerpt":{"rendered":"<p>La reuni\u00f3n, con inscripciones abiertas online y a trav\u00e9s del 010, inicia el proceso participativo para el desarrollo de este plan<\/p>\n","protected":false},"author":1,"featured_media":49861,"comment_status":"open","ping_status":"closed","sticky":false,"template":"","format":"standard","meta":{"footnotes":""},"categories":[2],"tags":[],"class_list":["post-49860","post","type-post","status-publish","format-standard","has-post-thumbnail","hentry","category-ayuntamiento-pamplona"],"yoast_head":"<!-- This site is optimized with the Yoast SEO plugin v27.3 - https:\/\/yoast.com\/product\/yoast-seo-wordpress\/ -->\n<title>El 12 de junio se presenta a la ciudadan\u00eda la propuesta de Plan de Infraestructura Verde y Azul y Drenaje Urbano Sostenible que sentar\u00e1 las bases de las futuras actuaciones urban\u00edsticas<\/title>\n<meta name=\"description\" content=\"La reuni\u00f3n, con inscripciones abiertas online y a trav\u00e9s del 010, inicia el proceso participativo para el desarrollo de este plan\" \/>\n<meta name=\"robots\" content=\"index, follow, max-snippet:-1, max-image-preview:large, max-video-preview:-1\" \/>\n<link rel=\"canonical\" href=\"https:\/\/www.laguiadepamplona.com\/actualidad\/el-12-de-junio-se-presenta-a-la-ciudadania-la-propuesta-de-plan-de-infraestructura-verde-y-azul-y-drenaje-urbano-sostenible-que-sentara-las-bases-de-las-futuras-actuaciones-urbanisticas\/\" \/>\n<meta property=\"og:locale\" content=\"es_ES\" \/>\n<meta property=\"og:type\" content=\"article\" \/>\n<meta property=\"og:title\" content=\"El 12 de junio se presenta a la ciudadan\u00eda la propuesta de Plan de Infraestructura Verde y Azul y Drenaje Urbano Sostenible que sentar\u00e1 las bases de las futuras actuaciones urban\u00edsticas\" \/>\n<meta property=\"og:description\" content=\"La reuni\u00f3n, con inscripciones abiertas online y a trav\u00e9s del 010, inicia el proceso participativo para el desarrollo de este plan\" \/>\n<meta property=\"og:url\" content=\"https:\/\/www.laguiadepamplona.com\/actualidad\/el-12-de-junio-se-presenta-a-la-ciudadania-la-propuesta-de-plan-de-infraestructura-verde-y-azul-y-drenaje-urbano-sostenible-que-sentara-las-bases-de-las-futuras-actuaciones-urbanisticas\/\" \/>\n<meta property=\"og:site_name\" content=\"La Gu\u00eda de Pamplona\" \/>\n<meta property=\"article:publisher\" content=\"https:\/\/www.facebook.com\/laguiadepamplonacom-133175176762273\/?ref=hl\" \/>\n<meta property=\"article:published_time\" content=\"2024-05-27T16:01:07+00:00\" \/>\n<meta property=\"og:image\" content=\"https:\/\/www.laguiadepamplona.com\/actualidad\/wp-content\/uploads\/2024\/05\/14.-Un-paseo.-Arga-Puente-San-Pedro_WEB.webp\" \/>\n\t<meta property=\"og:image:width\" content=\"1000\" \/>\n\t<meta property=\"og:image:height\" content=\"656\" \/>\n\t<meta property=\"og:image:type\" content=\"image\/webp\" \/>\n<meta name=\"author\" content=\"La Gu\u00eda de Pamplona\" \/>\n<meta name=\"twitter:card\" content=\"summary_large_image\" \/>\n<meta name=\"twitter:creator\" content=\"@LaGuiadPamplona\" \/>\n<meta name=\"twitter:site\" content=\"@LaGuiadPamplona\" \/>\n<meta name=\"twitter:label1\" content=\"Escrito por\" \/>\n\t<meta name=\"twitter:data1\" content=\"La Gu\u00eda de Pamplona\" \/>\n\t<meta name=\"twitter:label2\" content=\"Tiempo de lectura\" \/>\n\t<meta name=\"twitter:data2\" content=\"3 minutos\" \/>\n<script type=\"application\/ld+json\" class=\"yoast-schema-graph\">{\"@context\":\"https:\\\/\\\/schema.org\",\"@graph\":[{\"@type\":\"Article\",\"@id\":\"https:\\\/\\\/www.laguiadepamplona.com\\\/actualidad\\\/el-12-de-junio-se-presenta-a-la-ciudadania-la-propuesta-de-plan-de-infraestructura-verde-y-azul-y-drenaje-urbano-sostenible-que-sentara-las-bases-de-las-futuras-actuaciones-urbanisticas\\\/#article\",\"isPartOf\":{\"@id\":\"https:\\\/\\\/www.laguiadepamplona.com\\\/actualidad\\\/el-12-de-junio-se-presenta-a-la-ciudadania-la-propuesta-de-plan-de-infraestructura-verde-y-azul-y-drenaje-urbano-sostenible-que-sentara-las-bases-de-las-futuras-actuaciones-urbanisticas\\\/\"},\"author\":{\"name\":\"La Gu\u00eda de Pamplona\",\"@id\":\"https:\\\/\\\/www.laguiadepamplona.com\\\/actualidad\\\/#\\\/schema\\\/person\\\/efe887376f0213d4657c93adc50b1fdb\"},\"headline\":\"El 12 de junio se presenta a la ciudadan\u00eda la propuesta de Plan de Infraestructura Verde y Azul y Drenaje Urbano Sostenible que sentar\u00e1 las bases de las futuras actuaciones urban\u00edsticas\",\"datePublished\":\"2024-05-27T16:01:07+00:00\",\"mainEntityOfPage\":{\"@id\":\"https:\\\/\\\/www.laguiadepamplona.com\\\/actualidad\\\/el-12-de-junio-se-presenta-a-la-ciudadania-la-propuesta-de-plan-de-infraestructura-verde-y-azul-y-drenaje-urbano-sostenible-que-sentara-las-bases-de-las-futuras-actuaciones-urbanisticas\\\/\"},\"wordCount\":562,\"commentCount\":0,\"publisher\":{\"@id\":\"https:\\\/\\\/www.laguiadepamplona.com\\\/actualidad\\\/#organization\"},\"image\":{\"@id\":\"https:\\\/\\\/www.laguiadepamplona.com\\\/actualidad\\\/el-12-de-junio-se-presenta-a-la-ciudadania-la-propuesta-de-plan-de-infraestructura-verde-y-azul-y-drenaje-urbano-sostenible-que-sentara-las-bases-de-las-futuras-actuaciones-urbanisticas\\\/#primaryimage\"},\"thumbnailUrl\":\"https:\\\/\\\/www.laguiadepamplona.com\\\/actualidad\\\/wp-content\\\/uploads\\\/2024\\\/05\\\/14.-Un-paseo.-Arga-Puente-San-Pedro_WEB.webp\",\"articleSection\":[\"Ayto Pamplona\"],\"inLanguage\":\"es\",\"potentialAction\":[{\"@type\":\"CommentAction\",\"name\":\"Comment\",\"target\":[\"https:\\\/\\\/www.laguiadepamplona.com\\\/actualidad\\\/el-12-de-junio-se-presenta-a-la-ciudadania-la-propuesta-de-plan-de-infraestructura-verde-y-azul-y-drenaje-urbano-sostenible-que-sentara-las-bases-de-las-futuras-actuaciones-urbanisticas\\\/#respond\"]}]},{\"@type\":\"WebPage\",\"@id\":\"https:\\\/\\\/www.laguiadepamplona.com\\\/actualidad\\\/el-12-de-junio-se-presenta-a-la-ciudadania-la-propuesta-de-plan-de-infraestructura-verde-y-azul-y-drenaje-urbano-sostenible-que-sentara-las-bases-de-las-futuras-actuaciones-urbanisticas\\\/\",\"url\":\"https:\\\/\\\/www.laguiadepamplona.com\\\/actualidad\\\/el-12-de-junio-se-presenta-a-la-ciudadania-la-propuesta-de-plan-de-infraestructura-verde-y-azul-y-drenaje-urbano-sostenible-que-sentara-las-bases-de-las-futuras-actuaciones-urbanisticas\\\/\",\"name\":\"El 12 de junio se presenta a la ciudadan\u00eda la propuesta de Plan de Infraestructura Verde y Azul y Drenaje Urbano Sostenible que sentar\u00e1 las bases de las futuras actuaciones urban\u00edsticas\",\"isPartOf\":{\"@id\":\"https:\\\/\\\/www.laguiadepamplona.com\\\/actualidad\\\/#website\"},\"primaryImageOfPage\":{\"@id\":\"https:\\\/\\\/www.laguiadepamplona.com\\\/actualidad\\\/el-12-de-junio-se-presenta-a-la-ciudadania-la-propuesta-de-plan-de-infraestructura-verde-y-azul-y-drenaje-urbano-sostenible-que-sentara-las-bases-de-las-futuras-actuaciones-urbanisticas\\\/#primaryimage\"},\"image\":{\"@id\":\"https:\\\/\\\/www.laguiadepamplona.com\\\/actualidad\\\/el-12-de-junio-se-presenta-a-la-ciudadania-la-propuesta-de-plan-de-infraestructura-verde-y-azul-y-drenaje-urbano-sostenible-que-sentara-las-bases-de-las-futuras-actuaciones-urbanisticas\\\/#primaryimage\"},\"thumbnailUrl\":\"https:\\\/\\\/www.laguiadepamplona.com\\\/actualidad\\\/wp-content\\\/uploads\\\/2024\\\/05\\\/14.-Un-paseo.-Arga-Puente-San-Pedro_WEB.webp\",\"datePublished\":\"2024-05-27T16:01:07+00:00\",\"description\":\"La reuni\u00f3n, con inscripciones abiertas online y a trav\u00e9s del 010, inicia el proceso participativo para el desarrollo de este plan\",\"breadcrumb\":{\"@id\":\"https:\\\/\\\/www.laguiadepamplona.com\\\/actualidad\\\/el-12-de-junio-se-presenta-a-la-ciudadania-la-propuesta-de-plan-de-infraestructura-verde-y-azul-y-drenaje-urbano-sostenible-que-sentara-las-bases-de-las-futuras-actuaciones-urbanisticas\\\/#breadcrumb\"},\"inLanguage\":\"es\",\"potentialAction\":[{\"@type\":\"ReadAction\",\"target\":[\"https:\\\/\\\/www.laguiadepamplona.com\\\/actualidad\\\/el-12-de-junio-se-presenta-a-la-ciudadania-la-propuesta-de-plan-de-infraestructura-verde-y-azul-y-drenaje-urbano-sostenible-que-sentara-las-bases-de-las-futuras-actuaciones-urbanisticas\\\/\"]}]},{\"@type\":\"ImageObject\",\"inLanguage\":\"es\",\"@id\":\"https:\\\/\\\/www.laguiadepamplona.com\\\/actualidad\\\/el-12-de-junio-se-presenta-a-la-ciudadania-la-propuesta-de-plan-de-infraestructura-verde-y-azul-y-drenaje-urbano-sostenible-que-sentara-las-bases-de-las-futuras-actuaciones-urbanisticas\\\/#primaryimage\",\"url\":\"https:\\\/\\\/www.laguiadepamplona.com\\\/actualidad\\\/wp-content\\\/uploads\\\/2024\\\/05\\\/14.-Un-paseo.-Arga-Puente-San-Pedro_WEB.webp\",\"contentUrl\":\"https:\\\/\\\/www.laguiadepamplona.com\\\/actualidad\\\/wp-content\\\/uploads\\\/2024\\\/05\\\/14.-Un-paseo.-Arga-Puente-San-Pedro_WEB.webp\",\"width\":1000,\"height\":656,\"caption\":\"arga puente san pedro\"},{\"@type\":\"BreadcrumbList\",\"@id\":\"https:\\\/\\\/www.laguiadepamplona.com\\\/actualidad\\\/el-12-de-junio-se-presenta-a-la-ciudadania-la-propuesta-de-plan-de-infraestructura-verde-y-azul-y-drenaje-urbano-sostenible-que-sentara-las-bases-de-las-futuras-actuaciones-urbanisticas\\\/#breadcrumb\",\"itemListElement\":[{\"@type\":\"ListItem\",\"position\":1,\"name\":\"Portada\",\"item\":\"https:\\\/\\\/www.laguiadepamplona.com\\\/actualidad\\\/\"},{\"@type\":\"ListItem\",\"position\":2,\"name\":\"El 12 de junio se presenta a la ciudadan\u00eda la propuesta de Plan de Infraestructura Verde y Azul y Drenaje Urbano Sostenible que sentar\u00e1 las bases de las futuras actuaciones urban\u00edsticas\"}]},{\"@type\":\"WebSite\",\"@id\":\"https:\\\/\\\/www.laguiadepamplona.com\\\/actualidad\\\/#website\",\"url\":\"https:\\\/\\\/www.laguiadepamplona.com\\\/actualidad\\\/\",\"name\":\"La gu\u00eda de Pamplona\",\"description\":\"Noticias de Pamplona\",\"publisher\":{\"@id\":\"https:\\\/\\\/www.laguiadepamplona.com\\\/actualidad\\\/#organization\"},\"potentialAction\":[{\"@type\":\"SearchAction\",\"target\":{\"@type\":\"EntryPoint\",\"urlTemplate\":\"https:\\\/\\\/www.laguiadepamplona.com\\\/actualidad\\\/?s={search_term_string}\"},\"query-input\":{\"@type\":\"PropertyValueSpecification\",\"valueRequired\":true,\"valueName\":\"search_term_string\"}}],\"inLanguage\":\"es\"},{\"@type\":\"Organization\",\"@id\":\"https:\\\/\\\/www.laguiadepamplona.com\\\/actualidad\\\/#organization\",\"name\":\"La Gu\u00eda de Pamplona \\\/ Noticias\",\"url\":\"https:\\\/\\\/www.laguiadepamplona.com\\\/actualidad\\\/\",\"logo\":{\"@type\":\"ImageObject\",\"inLanguage\":\"es\",\"@id\":\"https:\\\/\\\/www.laguiadepamplona.com\\\/actualidad\\\/#\\\/schema\\\/logo\\\/image\\\/\",\"url\":\"https:\\\/\\\/www.laguiadepamplona.com\\\/actualidad\\\/wp-content\\\/uploads\\\/2018\\\/11\\\/logo-laguiadepamplona18-web1.png\",\"contentUrl\":\"https:\\\/\\\/www.laguiadepamplona.com\\\/actualidad\\\/wp-content\\\/uploads\\\/2018\\\/11\\\/logo-laguiadepamplona18-web1.png\",\"width\":600,\"height\":196,\"caption\":\"La Gu\u00eda de Pamplona \\\/ Noticias\"},\"image\":{\"@id\":\"https:\\\/\\\/www.laguiadepamplona.com\\\/actualidad\\\/#\\\/schema\\\/logo\\\/image\\\/\"},\"sameAs\":[\"https:\\\/\\\/www.facebook.com\\\/laguiadepamplonacom-133175176762273\\\/?ref=hl\",\"https:\\\/\\\/x.com\\\/LaGuiadPamplona\",\"https:\\\/\\\/www.instagram.com\\\/la_guia_de_pamplona\\\/\",\"https:\\\/\\\/www.youtube.com\\\/user\\\/laguiadepamplona\"]},{\"@type\":\"Person\",\"@id\":\"https:\\\/\\\/www.laguiadepamplona.com\\\/actualidad\\\/#\\\/schema\\\/person\\\/efe887376f0213d4657c93adc50b1fdb\",\"name\":\"La Gu\u00eda de Pamplona\",\"image\":{\"@type\":\"ImageObject\",\"inLanguage\":\"es\",\"@id\":\"https:\\\/\\\/secure.gravatar.com\\\/avatar\\\/b6992f131dc8d30ab0dff15446e9d346d9dbd95992de0fef795073f5ea83a81c?s=96&d=mm&r=g\",\"url\":\"https:\\\/\\\/secure.gravatar.com\\\/avatar\\\/b6992f131dc8d30ab0dff15446e9d346d9dbd95992de0fef795073f5ea83a81c?s=96&d=mm&r=g\",\"contentUrl\":\"https:\\\/\\\/secure.gravatar.com\\\/avatar\\\/b6992f131dc8d30ab0dff15446e9d346d9dbd95992de0fef795073f5ea83a81c?s=96&d=mm&r=g\",\"caption\":\"La Gu\u00eda de Pamplona\"}}]}<\/script>\n<!-- \/ Yoast SEO plugin. -->","yoast_head_json":{"title":"El 12 de junio se presenta a la ciudadan\u00eda la propuesta de Plan de Infraestructura Verde y Azul y Drenaje Urbano Sostenible que sentar\u00e1 las bases de las futuras actuaciones urban\u00edsticas","description":"La reuni\u00f3n, con inscripciones abiertas online y a trav\u00e9s del 010, inicia el proceso participativo para el desarrollo de este plan","robots":{"index":"index","follow":"follow","max-snippet":"max-snippet:-1","max-image-preview":"max-image-preview:large","max-video-preview":"max-video-preview:-1"},"canonical":"https:\/\/www.laguiadepamplona.com\/actualidad\/el-12-de-junio-se-presenta-a-la-ciudadania-la-propuesta-de-plan-de-infraestructura-verde-y-azul-y-drenaje-urbano-sostenible-que-sentara-las-bases-de-las-futuras-actuaciones-urbanisticas\/","og_locale":"es_ES","og_type":"article","og_title":"El 12 de junio se presenta a la ciudadan\u00eda la propuesta de Plan de Infraestructura Verde y Azul y Drenaje Urbano Sostenible que sentar\u00e1 las bases de las futuras actuaciones urban\u00edsticas","og_description":"La reuni\u00f3n, con inscripciones abiertas online y a trav\u00e9s del 010, inicia el proceso participativo para el desarrollo de este plan","og_url":"https:\/\/www.laguiadepamplona.com\/actualidad\/el-12-de-junio-se-presenta-a-la-ciudadania-la-propuesta-de-plan-de-infraestructura-verde-y-azul-y-drenaje-urbano-sostenible-que-sentara-las-bases-de-las-futuras-actuaciones-urbanisticas\/","og_site_name":"La Gu\u00eda de Pamplona","article_publisher":"https:\/\/www.facebook.com\/laguiadepamplonacom-133175176762273\/?ref=hl","article_published_time":"2024-05-27T16:01:07+00:00","og_image":[{"width":1000,"height":656,"url":"https:\/\/www.laguiadepamplona.com\/actualidad\/wp-content\/uploads\/2024\/05\/14.-Un-paseo.-Arga-Puente-San-Pedro_WEB.webp","type":"image\/webp"}],"author":"La Gu\u00eda de Pamplona","twitter_card":"summary_large_image","twitter_creator":"@LaGuiadPamplona","twitter_site":"@LaGuiadPamplona","twitter_misc":{"Escrito por":"La Gu\u00eda de Pamplona","Tiempo de lectura":"3 minutos"},"schema":{"@context":"https:\/\/schema.org","@graph":[{"@type":"Article","@id":"https:\/\/www.laguiadepamplona.com\/actualidad\/el-12-de-junio-se-presenta-a-la-ciudadania-la-propuesta-de-plan-de-infraestructura-verde-y-azul-y-drenaje-urbano-sostenible-que-sentara-las-bases-de-las-futuras-actuaciones-urbanisticas\/#article","isPartOf":{"@id":"https:\/\/www.laguiadepamplona.com\/actualidad\/el-12-de-junio-se-presenta-a-la-ciudadania-la-propuesta-de-plan-de-infraestructura-verde-y-azul-y-drenaje-urbano-sostenible-que-sentara-las-bases-de-las-futuras-actuaciones-urbanisticas\/"},"author":{"name":"La Gu\u00eda de Pamplona","@id":"https:\/\/www.laguiadepamplona.com\/actualidad\/#\/schema\/person\/efe887376f0213d4657c93adc50b1fdb"},"headline":"El 12 de junio se presenta a la ciudadan\u00eda la propuesta de Plan de Infraestructura Verde y Azul y Drenaje Urbano Sostenible que sentar\u00e1 las bases de las futuras actuaciones urban\u00edsticas","datePublished":"2024-05-27T16:01:07+00:00","mainEntityOfPage":{"@id":"https:\/\/www.laguiadepamplona.com\/actualidad\/el-12-de-junio-se-presenta-a-la-ciudadania-la-propuesta-de-plan-de-infraestructura-verde-y-azul-y-drenaje-urbano-sostenible-que-sentara-las-bases-de-las-futuras-actuaciones-urbanisticas\/"},"wordCount":562,"commentCount":0,"publisher":{"@id":"https:\/\/www.laguiadepamplona.com\/actualidad\/#organization"},"image":{"@id":"https:\/\/www.laguiadepamplona.com\/actualidad\/el-12-de-junio-se-presenta-a-la-ciudadania-la-propuesta-de-plan-de-infraestructura-verde-y-azul-y-drenaje-urbano-sostenible-que-sentara-las-bases-de-las-futuras-actuaciones-urbanisticas\/#primaryimage"},"thumbnailUrl":"https:\/\/www.laguiadepamplona.com\/actualidad\/wp-content\/uploads\/2024\/05\/14.-Un-paseo.-Arga-Puente-San-Pedro_WEB.webp","articleSection":["Ayto Pamplona"],"inLanguage":"es","potentialAction":[{"@type":"CommentAction","name":"Comment","target":["https:\/\/www.laguiadepamplona.com\/actualidad\/el-12-de-junio-se-presenta-a-la-ciudadania-la-propuesta-de-plan-de-infraestructura-verde-y-azul-y-drenaje-urbano-sostenible-que-sentara-las-bases-de-las-futuras-actuaciones-urbanisticas\/#respond"]}]},{"@type":"WebPage","@id":"https:\/\/www.laguiadepamplona.com\/actualidad\/el-12-de-junio-se-presenta-a-la-ciudadania-la-propuesta-de-plan-de-infraestructura-verde-y-azul-y-drenaje-urbano-sostenible-que-sentara-las-bases-de-las-futuras-actuaciones-urbanisticas\/","url":"https:\/\/www.laguiadepamplona.com\/actualidad\/el-12-de-junio-se-presenta-a-la-ciudadania-la-propuesta-de-plan-de-infraestructura-verde-y-azul-y-drenaje-urbano-sostenible-que-sentara-las-bases-de-las-futuras-actuaciones-urbanisticas\/","name":"El 12 de junio se presenta a la ciudadan\u00eda la propuesta de Plan de Infraestructura Verde y Azul y Drenaje Urbano Sostenible que sentar\u00e1 las bases de las futuras actuaciones urban\u00edsticas","isPartOf":{"@id":"https:\/\/www.laguiadepamplona.com\/actualidad\/#website"},"primaryImageOfPage":{"@id":"https:\/\/www.laguiadepamplona.com\/actualidad\/el-12-de-junio-se-presenta-a-la-ciudadania-la-propuesta-de-plan-de-infraestructura-verde-y-azul-y-drenaje-urbano-sostenible-que-sentara-las-bases-de-las-futuras-actuaciones-urbanisticas\/#primaryimage"},"image":{"@id":"https:\/\/www.laguiadepamplona.com\/actualidad\/el-12-de-junio-se-presenta-a-la-ciudadania-la-propuesta-de-plan-de-infraestructura-verde-y-azul-y-drenaje-urbano-sostenible-que-sentara-las-bases-de-las-futuras-actuaciones-urbanisticas\/#primaryimage"},"thumbnailUrl":"https:\/\/www.laguiadepamplona.com\/actualidad\/wp-content\/uploads\/2024\/05\/14.-Un-paseo.-Arga-Puente-San-Pedro_WEB.webp","datePublished":"2024-05-27T16:01:07+00:00","description":"La reuni\u00f3n, con inscripciones abiertas online y a trav\u00e9s del 010, inicia el proceso participativo para el desarrollo de este plan","breadcrumb":{"@id":"https:\/\/www.laguiadepamplona.com\/actualidad\/el-12-de-junio-se-presenta-a-la-ciudadania-la-propuesta-de-plan-de-infraestructura-verde-y-azul-y-drenaje-urbano-sostenible-que-sentara-las-bases-de-las-futuras-actuaciones-urbanisticas\/#breadcrumb"},"inLanguage":"es","potentialAction":[{"@type":"ReadAction","target":["https:\/\/www.laguiadepamplona.com\/actualidad\/el-12-de-junio-se-presenta-a-la-ciudadania-la-propuesta-de-plan-de-infraestructura-verde-y-azul-y-drenaje-urbano-sostenible-que-sentara-las-bases-de-las-futuras-actuaciones-urbanisticas\/"]}]},{"@type":"ImageObject","inLanguage":"es","@id":"https:\/\/www.laguiadepamplona.com\/actualidad\/el-12-de-junio-se-presenta-a-la-ciudadania-la-propuesta-de-plan-de-infraestructura-verde-y-azul-y-drenaje-urbano-sostenible-que-sentara-las-bases-de-las-futuras-actuaciones-urbanisticas\/#primaryimage","url":"https:\/\/www.laguiadepamplona.com\/actualidad\/wp-content\/uploads\/2024\/05\/14.-Un-paseo.-Arga-Puente-San-Pedro_WEB.webp","contentUrl":"https:\/\/www.laguiadepamplona.com\/actualidad\/wp-content\/uploads\/2024\/05\/14.-Un-paseo.-Arga-Puente-San-Pedro_WEB.webp","width":1000,"height":656,"caption":"arga puente san pedro"},{"@type":"BreadcrumbList","@id":"https:\/\/www.laguiadepamplona.com\/actualidad\/el-12-de-junio-se-presenta-a-la-ciudadania-la-propuesta-de-plan-de-infraestructura-verde-y-azul-y-drenaje-urbano-sostenible-que-sentara-las-bases-de-las-futuras-actuaciones-urbanisticas\/#breadcrumb","itemListElement":[{"@type":"ListItem","position":1,"name":"Portada","item":"https:\/\/www.laguiadepamplona.com\/actualidad\/"},{"@type":"ListItem","position":2,"name":"El 12 de junio se presenta a la ciudadan\u00eda la propuesta de Plan de Infraestructura Verde y Azul y Drenaje Urbano Sostenible que sentar\u00e1 las bases de las futuras actuaciones urban\u00edsticas"}]},{"@type":"WebSite","@id":"https:\/\/www.laguiadepamplona.com\/actualidad\/#website","url":"https:\/\/www.laguiadepamplona.com\/actualidad\/","name":"La gu\u00eda de Pamplona","description":"Noticias de Pamplona","publisher":{"@id":"https:\/\/www.laguiadepamplona.com\/actualidad\/#organization"},"potentialAction":[{"@type":"SearchAction","target":{"@type":"EntryPoint","urlTemplate":"https:\/\/www.laguiadepamplona.com\/actualidad\/?s={search_term_string}"},"query-input":{"@type":"PropertyValueSpecification","valueRequired":true,"valueName":"search_term_string"}}],"inLanguage":"es"},{"@type":"Organization","@id":"https:\/\/www.laguiadepamplona.com\/actualidad\/#organization","name":"La Gu\u00eda de Pamplona \/ Noticias","url":"https:\/\/www.laguiadepamplona.com\/actualidad\/","logo":{"@type":"ImageObject","inLanguage":"es","@id":"https:\/\/www.laguiadepamplona.com\/actualidad\/#\/schema\/logo\/image\/","url":"https:\/\/www.laguiadepamplona.com\/actualidad\/wp-content\/uploads\/2018\/11\/logo-laguiadepamplona18-web1.png","contentUrl":"https:\/\/www.laguiadepamplona.com\/actualidad\/wp-content\/uploads\/2018\/11\/logo-laguiadepamplona18-web1.png","width":600,"height":196,"caption":"La Gu\u00eda de Pamplona \/ Noticias"},"image":{"@id":"https:\/\/www.laguiadepamplona.com\/actualidad\/#\/schema\/logo\/image\/"},"sameAs":["https:\/\/www.facebook.com\/laguiadepamplonacom-133175176762273\/?ref=hl","https:\/\/x.com\/LaGuiadPamplona","https:\/\/www.instagram.com\/la_guia_de_pamplona\/","https:\/\/www.youtube.com\/user\/laguiadepamplona"]},{"@type":"Person","@id":"https:\/\/www.laguiadepamplona.com\/actualidad\/#\/schema\/person\/efe887376f0213d4657c93adc50b1fdb","name":"La Gu\u00eda de Pamplona","image":{"@type":"ImageObject","inLanguage":"es","@id":"https:\/\/secure.gravatar.com\/avatar\/b6992f131dc8d30ab0dff15446e9d346d9dbd95992de0fef795073f5ea83a81c?s=96&d=mm&r=g","url":"https:\/\/secure.gravatar.com\/avatar\/b6992f131dc8d30ab0dff15446e9d346d9dbd95992de0fef795073f5ea83a81c?s=96&d=mm&r=g","contentUrl":"https:\/\/secure.gravatar.com\/avatar\/b6992f131dc8d30ab0dff15446e9d346d9dbd95992de0fef795073f5ea83a81c?s=96&d=mm&r=g","caption":"La Gu\u00eda de Pamplona"}}]}},"post_mailing_queue_ids":[],"_links":{"self":[{"href":"https:\/\/www.laguiadepamplona.com\/actualidad\/wp-json\/wp\/v2\/posts\/49860","targetHints":{"allow":["GET"]}}],"collection":[{"href":"https:\/\/www.laguiadepamplona.com\/actualidad\/wp-json\/wp\/v2\/posts"}],"about":[{"href":"https:\/\/www.laguiadepamplona.com\/actualidad\/wp-json\/wp\/v2\/types\/post"}],"author":[{"embeddable":true,"href":"https:\/\/www.laguiadepamplona.com\/actualidad\/wp-json\/wp\/v2\/users\/1"}],"replies":[{"embeddable":true,"href":"https:\/\/www.laguiadepamplona.com\/actualidad\/wp-json\/wp\/v2\/comments?post=49860"}],"version-history":[{"count":1,"href":"https:\/\/www.laguiadepamplona.com\/actualidad\/wp-json\/wp\/v2\/posts\/49860\/revisions"}],"predecessor-version":[{"id":49862,"href":"https:\/\/www.laguiadepamplona.com\/actualidad\/wp-json\/wp\/v2\/posts\/49860\/revisions\/49862"}],"wp:featuredmedia":[{"embeddable":true,"href":"https:\/\/www.laguiadepamplona.com\/actualidad\/wp-json\/wp\/v2\/media\/49861"}],"wp:attachment":[{"href":"https:\/\/www.laguiadepamplona.com\/actualidad\/wp-json\/wp\/v2\/media?parent=49860"}],"wp:term":[{"taxonomy":"category","embeddable":true,"href":"https:\/\/www.laguiadepamplona.com\/actualidad\/wp-json\/wp\/v2\/categories?post=49860"},{"taxonomy":"post_tag","embeddable":true,"href":"https:\/\/www.laguiadepamplona.com\/actualidad\/wp-json\/wp\/v2\/tags?post=49860"}],"curies":[{"name":"wp","href":"https:\/\/api.w.org\/{rel}","templated":true}]}}