{"id":49826,"date":"2024-05-23T17:57:09","date_gmt":"2024-05-23T15:57:09","guid":{"rendered":"https:\/\/www.laguiadepamplona.com\/actualidad\/?p=49826"},"modified":"2024-05-23T17:57:09","modified_gmt":"2024-05-23T15:57:09","slug":"propuesta-de-actividades-organizadas-por-el-ayuntamiento-de-pamplona-del-24-al-27-de-mayo-con-plazas-libres","status":"publish","type":"post","link":"https:\/\/www.laguiadepamplona.com\/actualidad\/propuesta-de-actividades-organizadas-por-el-ayuntamiento-de-pamplona-del-24-al-27-de-mayo-con-plazas-libres\/","title":{"rendered":"Propuesta de actividades organizadas por el Ayuntamiento de Pamplona del 24 al 27 de mayo con plazas libres"},"content":{"rendered":"<p><!--more--><\/p>\n<p><strong>VIERNES 24 DE MAYO<\/strong><\/p>\n<p><a href=\"https:\/\/www.pamplona.es\/actualidad\/eventos\/taller-hablamos-de-la-relevancia-cientifica-de-interstellar-y-crea-tu-propio\">Taller. Hablamos de la relevancia cient\u00edfica de \u2018Interstellar\u2019 y crea tu propio espectroscopio. Casa de la Juventud<\/a>, 17 horas. Entrada libre, previa inscripci\u00f3n en la Casa de la Juventud o en el tel\u00e9fono 948 23 35 12<\/p>\n<p>Se realizar\u00e1 una presentaci\u00f3n con los temas cient\u00edficos m\u00e1s relevantes de \u2018Interstellar\u2019, como la distorsi\u00f3n temporal y los agujeros negros. La sesi\u00f3n estar\u00e1 adaptada para que sea comprensible tanto para j\u00f3venes sin conocimientos como para p\u00fablico que est\u00e1n comenzando a ver los principios de la f\u00edsica. Despu\u00e9s de la presentaci\u00f3n, se realizar\u00e1 un taller basado en la creaci\u00f3n de un espectroscopio, un instrumento que permite separar la luz en diferentes colores, similar a un arco\u00edris, y depende del color de la luz a la cual estemos mirando, nos aparecen franjas de unos colores u otros. Organiza la Asociaci\u00f3n Astronavarra. La charla y el taller ser\u00e1n dirigidos por Natalia Lusarreta, socia de Astronavarra. El proyecto est\u00e1 supervisado por Roberto Garc\u00eda, integrante de la asociaci\u00f3n y astrofot\u00f3grafo.<\/p>\n<p><a href=\"https:\/\/www.pamplona.es\/actualidad\/eventos\/cafeteando-karaoke-furor-casa-de-la-juventud\">Cafeteando. Karaoke &#8211; Furor. Casa de la Juventud<\/a>, 18.30 horas. Entrada libre, hasta completar el aforo<\/p>\n<p>La Casa de la Juventud propone para este viernes una de las actividades m\u00e1s habituales y m\u00e1s concurridas. Vuelven los viernes de karaoke para pasar un buen rato cantando \u00e9xitos actuales y canciones de toda la vida en un ambiente alegre y divertido, en esta ocasi\u00f3n combinado con diferentes juegos.<\/p>\n<p><strong><br \/>\nS\u00c1BADO 25 DE MAYO<\/strong><\/p>\n<p><a href=\"https:\/\/www.pamplona.es\/actualidad\/eventos\/magia-y-circo-show-de-magia-un-cajon-lleno-de-recuerdos-tiradera-bat\">Magia y circo. Show de magia. \u2018Un caj\u00f3n lleno de recuerdos \/ Tiradera bat oroitzapepez betea\u2019, con Mago Izal Magoa. Civivox Jus la Rocha<\/a>, 12.30 horas (castellano) y 18.30 horas (euskera). Entrada: 1 euros, previa inscripci\u00f3n en el 010, la red Civivox y <a href=\"http:\/\/www.pamplonaescultura.es\">www.pamplonaescultura.es<\/a><\/p>\n<p>\u00bfRecuerdas cuando tu abuela abr\u00eda un caj\u00f3n lleno de trastos con los que jugabas de peque\u00f1o? Juntos viajaremos con la imaginaci\u00f3n como cuando lo hac\u00edamos de peque\u00f1os. Es hora de volver a ser ni\u00f1os y de que la magia vuelva a nuestra vida. Es hora de abrir el caj\u00f3n. Dirigido a p\u00fablico infantil mayor de 4 a\u00f1os.<\/p>\n<p><a href=\"https:\/\/www.pamplona.es\/actualidad\/eventos\/cinetag-proyeccion-cinematografica-la-parte-de-los-angeles-de-ken-loach-casa-de\">#Cinetag. Proyecci\u00f3n cinematogr\u00e1fica. \u2018La parte de los \u00e1ngeles\u2019, de Ken Loach. Casa de la Juventud<\/a>, 18 horas. Entrada libre, hasta completar el aforo<\/p>\n<p>Robbie es un joven padre primerizo de Glasgow que no logra escapar de su pasado delictivo. Se cruza en el camino de Rhino, Albert y la joven Mo cuando, como ellos, evita por poco la c\u00e1rcel pero recibe una pena de trabajos sociales. Presenta la pel\u00edcula y modera el posterior coloquio el divulgador cinematogr\u00e1fico. Se hablar\u00e1 sobre los tags justicia social, desigualdad econ\u00f3mica, amistad, solidaridad o sistema penal. Proyecci\u00f3n en ingl\u00e9s con subt\u00edtulos en castellano y no recomendada a menores de 18 a\u00f1os.<\/p>\n<p><a href=\"https:\/\/www.pamplona.es\/actualidad\/eventos\/ciclo-de-cine-europeo-proyeccion-cinematografica-la-fractura-de-catherine\">Ciclo de cine europeo. Proyecci\u00f3n cinematogr\u00e1fica. \u2018La fractura\u2019, de Catherine Corsini. Civivox Condestable<\/a>, 19 horas. Entrada libre, previa inscripci\u00f3n en el 010, la red Civivox o <a href=\"http:\/\/www.pamplonaescultura.es\">www.pamplonaescultura.es<\/a><\/p>\n<p>Raf y Julie, una pareja a punto de romper, se encuentran en Urgencias al borde de la asfixia la noche de una manifestaci\u00f3n parisina de los \u2018chalecos amarillos\u2019. Su encuentro con Yann, un manifestante herido y en c\u00f3lera, har\u00e1 que sus certezas y prejuicios vuelen en mil pedazos. Fuera, la tensi\u00f3n contin\u00faa creciendo. El hospital, bajo presi\u00f3n, debe cerrar sus puertas. El personal est\u00e1 desbordado. La noche va a ser larga&#8230;<\/p>\n<p><a href=\"https:\/\/www.pamplona.es\/actualidad\/eventos\/concierto-agao-desde-los-balcones-de-la-casa-consistorial\">Concierto. AGAO. Desde los balcones de la Casa Consistorial<\/a>, 19.30 horas. Libre participaci\u00f3n<\/p>\n<p>Para conmemorar el D\u00eda Europeo de la Opera, la AGAO (Asociaci\u00f3n Gayarre Amigos de la \u00d3pera), en colaboraci\u00f3n con el Ayuntamiento de Pamplona, retoma este proyecto que realizaba anualmente y que se paraliz\u00f3 con motivo de la pandemia. Un concierto popular de \u00f3pera y zarzuela ofrecido desde los balcones de la fachada del Ayuntamiento de Pamplona con el Coro y solistas de AGAO, con acompa\u00f1amiento de piano y bajo la direcci\u00f3n del nuevo director\u00a0<strong>Javier Echarri.<\/strong><\/p>\n<p>&nbsp;<\/p>\n<p><strong>DOMINGO 26 DE MAYO<\/strong><\/p>\n<p><a href=\"https:\/\/www.pamplona.es\/actualidad\/eventos\/dianas-txistularis-y-gaiteros-municipales-etxabakoitz-y-lezkairu\">Dianas. Txistularis y gaiteros municipales. Lezkairu y Etxabakoitz<\/a>, desde las 9 horas. Libre participaci\u00f3n<\/p>\n<p>Las tradicionales\u00a0<strong>dianas matinales<\/strong>\u00a0de los domingos, a cargo de los<strong>\u00a0txistularis y gaiteros de Pamplona<\/strong>, vuelven a las calles de la ciudad desde noviembre de 2023 a junio de 2024. Este domingo los gaiteros municipales actuar\u00e1n en Etxabakoitz y los txistularis municipales recorrer\u00e1n diferentes calles de Lezkairu.<\/p>\n<p><a href=\"https:\/\/www.pamplona.es\/actualidad\/eventos\/el-legado-de-sarasate-concierto-coros-escolares-civivox-condestable\">El legado de Sarasate. Concierto. Coros escolares. Civivox Condestable<\/a>, 12 horas. Entrada libre, hasta completar el aforo<\/p>\n<p>Los coros escolares de la Escuela de Canto Coral Saudade ofrecer\u00e1n un concierto recital con un variado programa musical. Dirige Teresa Apeztegu\u00eda, con Jonathan Milla al piano.<\/p>\n<p>&nbsp;<\/p>\n<p><strong>LUNES 27 DE MAYO<\/strong><\/p>\n<p><a href=\"https:\/\/www.pamplona.es\/actualidad\/eventos\/presentacion-de-libro-cuando-envejecemos-de-carmen-izal-biblioteca-publica-de\">Presentaci\u00f3n de libro. \u2018Cuando envejecemos\u2019, de Carmen Izal. Biblioteca P\u00fablica de Milagrosa<\/a>, 18.30 horas.\u00a0 Inscripci\u00f3n en la biblioteca, en el tel\u00e9fono 948 24 54 60 o en <a href=\"mailto:biblimil@navarra.es\">biblimil@navarra.es<\/a><\/p>\n<p>La psic\u00f3loga cl\u00ednica Carmen Izal cuenta las diferentes situaciones, los cambios y miedos que encontramos con el paso de los a\u00f1os. Lo hace desde su experiencia profesional y personal a trav\u00e9s del libro \u2018<strong>Cuando envejecemos\u2019.<\/strong><\/p>\n","protected":false},"excerpt":{"rendered":"","protected":false},"author":1,"featured_media":41391,"comment_status":"open","ping_status":"closed","sticky":false,"template":"","format":"standard","meta":{"footnotes":""},"categories":[2],"tags":[],"class_list":["post-49826","post","type-post","status-publish","format-standard","has-post-thumbnail","hentry","category-ayuntamiento-pamplona"],"yoast_head":"<!-- This site is optimized with the Yoast SEO plugin v27.3 - https:\/\/yoast.com\/product\/yoast-seo-wordpress\/ -->\n<title>Propuesta de actividades organizadas por el Ayuntamiento de Pamplona del 24 al 27 de mayo con plazas libres<\/title>\n<meta name=\"robots\" content=\"index, follow, max-snippet:-1, max-image-preview:large, max-video-preview:-1\" \/>\n<link rel=\"canonical\" href=\"https:\/\/www.laguiadepamplona.com\/actualidad\/propuesta-de-actividades-organizadas-por-el-ayuntamiento-de-pamplona-del-24-al-27-de-mayo-con-plazas-libres\/\" \/>\n<meta property=\"og:locale\" content=\"es_ES\" \/>\n<meta property=\"og:type\" content=\"article\" \/>\n<meta property=\"og:title\" content=\"Propuesta de actividades organizadas por el Ayuntamiento de Pamplona del 24 al 27 de mayo con plazas libres\" \/>\n<meta property=\"og:url\" content=\"https:\/\/www.laguiadepamplona.com\/actualidad\/propuesta-de-actividades-organizadas-por-el-ayuntamiento-de-pamplona-del-24-al-27-de-mayo-con-plazas-libres\/\" \/>\n<meta property=\"og:site_name\" content=\"La Gu\u00eda de Pamplona\" \/>\n<meta property=\"article:publisher\" content=\"https:\/\/www.facebook.com\/laguiadepamplonacom-133175176762273\/?ref=hl\" \/>\n<meta property=\"article:published_time\" content=\"2024-05-23T15:57:09+00:00\" \/>\n<meta property=\"og:image\" content=\"https:\/\/www.laguiadepamplona.com\/actualidad\/wp-content\/uploads\/2022\/08\/reloj_ayuntamiento.webp\" \/>\n\t<meta property=\"og:image:width\" content=\"1920\" \/>\n\t<meta property=\"og:image:height\" content=\"1245\" \/>\n\t<meta property=\"og:image:type\" content=\"image\/webp\" \/>\n<meta name=\"author\" content=\"La Gu\u00eda de Pamplona\" \/>\n<meta name=\"twitter:card\" content=\"summary_large_image\" \/>\n<meta name=\"twitter:creator\" content=\"@LaGuiadPamplona\" \/>\n<meta name=\"twitter:site\" content=\"@LaGuiadPamplona\" \/>\n<meta name=\"twitter:label1\" content=\"Escrito por\" \/>\n\t<meta name=\"twitter:data1\" content=\"La Gu\u00eda de Pamplona\" \/>\n\t<meta name=\"twitter:label2\" content=\"Tiempo de lectura\" \/>\n\t<meta name=\"twitter:data2\" content=\"4 minutos\" \/>\n<script type=\"application\/ld+json\" class=\"yoast-schema-graph\">{\"@context\":\"https:\\\/\\\/schema.org\",\"@graph\":[{\"@type\":\"Article\",\"@id\":\"https:\\\/\\\/www.laguiadepamplona.com\\\/actualidad\\\/propuesta-de-actividades-organizadas-por-el-ayuntamiento-de-pamplona-del-24-al-27-de-mayo-con-plazas-libres\\\/#article\",\"isPartOf\":{\"@id\":\"https:\\\/\\\/www.laguiadepamplona.com\\\/actualidad\\\/propuesta-de-actividades-organizadas-por-el-ayuntamiento-de-pamplona-del-24-al-27-de-mayo-con-plazas-libres\\\/\"},\"author\":{\"name\":\"La Gu\u00eda de Pamplona\",\"@id\":\"https:\\\/\\\/www.laguiadepamplona.com\\\/actualidad\\\/#\\\/schema\\\/person\\\/efe887376f0213d4657c93adc50b1fdb\"},\"headline\":\"Propuesta de actividades organizadas por el Ayuntamiento de Pamplona del 24 al 27 de mayo con plazas libres\",\"datePublished\":\"2024-05-23T15:57:09+00:00\",\"mainEntityOfPage\":{\"@id\":\"https:\\\/\\\/www.laguiadepamplona.com\\\/actualidad\\\/propuesta-de-actividades-organizadas-por-el-ayuntamiento-de-pamplona-del-24-al-27-de-mayo-con-plazas-libres\\\/\"},\"wordCount\":875,\"commentCount\":0,\"publisher\":{\"@id\":\"https:\\\/\\\/www.laguiadepamplona.com\\\/actualidad\\\/#organization\"},\"image\":{\"@id\":\"https:\\\/\\\/www.laguiadepamplona.com\\\/actualidad\\\/propuesta-de-actividades-organizadas-por-el-ayuntamiento-de-pamplona-del-24-al-27-de-mayo-con-plazas-libres\\\/#primaryimage\"},\"thumbnailUrl\":\"https:\\\/\\\/www.laguiadepamplona.com\\\/actualidad\\\/wp-content\\\/uploads\\\/2022\\\/08\\\/reloj_ayuntamiento.webp\",\"articleSection\":[\"Ayto Pamplona\"],\"inLanguage\":\"es\",\"potentialAction\":[{\"@type\":\"CommentAction\",\"name\":\"Comment\",\"target\":[\"https:\\\/\\\/www.laguiadepamplona.com\\\/actualidad\\\/propuesta-de-actividades-organizadas-por-el-ayuntamiento-de-pamplona-del-24-al-27-de-mayo-con-plazas-libres\\\/#respond\"]}]},{\"@type\":\"WebPage\",\"@id\":\"https:\\\/\\\/www.laguiadepamplona.com\\\/actualidad\\\/propuesta-de-actividades-organizadas-por-el-ayuntamiento-de-pamplona-del-24-al-27-de-mayo-con-plazas-libres\\\/\",\"url\":\"https:\\\/\\\/www.laguiadepamplona.com\\\/actualidad\\\/propuesta-de-actividades-organizadas-por-el-ayuntamiento-de-pamplona-del-24-al-27-de-mayo-con-plazas-libres\\\/\",\"name\":\"Propuesta de actividades organizadas por el Ayuntamiento de Pamplona del 24 al 27 de mayo con plazas libres\",\"isPartOf\":{\"@id\":\"https:\\\/\\\/www.laguiadepamplona.com\\\/actualidad\\\/#website\"},\"primaryImageOfPage\":{\"@id\":\"https:\\\/\\\/www.laguiadepamplona.com\\\/actualidad\\\/propuesta-de-actividades-organizadas-por-el-ayuntamiento-de-pamplona-del-24-al-27-de-mayo-con-plazas-libres\\\/#primaryimage\"},\"image\":{\"@id\":\"https:\\\/\\\/www.laguiadepamplona.com\\\/actualidad\\\/propuesta-de-actividades-organizadas-por-el-ayuntamiento-de-pamplona-del-24-al-27-de-mayo-con-plazas-libres\\\/#primaryimage\"},\"thumbnailUrl\":\"https:\\\/\\\/www.laguiadepamplona.com\\\/actualidad\\\/wp-content\\\/uploads\\\/2022\\\/08\\\/reloj_ayuntamiento.webp\",\"datePublished\":\"2024-05-23T15:57:09+00:00\",\"breadcrumb\":{\"@id\":\"https:\\\/\\\/www.laguiadepamplona.com\\\/actualidad\\\/propuesta-de-actividades-organizadas-por-el-ayuntamiento-de-pamplona-del-24-al-27-de-mayo-con-plazas-libres\\\/#breadcrumb\"},\"inLanguage\":\"es\",\"potentialAction\":[{\"@type\":\"ReadAction\",\"target\":[\"https:\\\/\\\/www.laguiadepamplona.com\\\/actualidad\\\/propuesta-de-actividades-organizadas-por-el-ayuntamiento-de-pamplona-del-24-al-27-de-mayo-con-plazas-libres\\\/\"]}]},{\"@type\":\"ImageObject\",\"inLanguage\":\"es\",\"@id\":\"https:\\\/\\\/www.laguiadepamplona.com\\\/actualidad\\\/propuesta-de-actividades-organizadas-por-el-ayuntamiento-de-pamplona-del-24-al-27-de-mayo-con-plazas-libres\\\/#primaryimage\",\"url\":\"https:\\\/\\\/www.laguiadepamplona.com\\\/actualidad\\\/wp-content\\\/uploads\\\/2022\\\/08\\\/reloj_ayuntamiento.webp\",\"contentUrl\":\"https:\\\/\\\/www.laguiadepamplona.com\\\/actualidad\\\/wp-content\\\/uploads\\\/2022\\\/08\\\/reloj_ayuntamiento.webp\",\"width\":1920,\"height\":1245,\"caption\":\"ayuntamiento\"},{\"@type\":\"BreadcrumbList\",\"@id\":\"https:\\\/\\\/www.laguiadepamplona.com\\\/actualidad\\\/propuesta-de-actividades-organizadas-por-el-ayuntamiento-de-pamplona-del-24-al-27-de-mayo-con-plazas-libres\\\/#breadcrumb\",\"itemListElement\":[{\"@type\":\"ListItem\",\"position\":1,\"name\":\"Portada\",\"item\":\"https:\\\/\\\/www.laguiadepamplona.com\\\/actualidad\\\/\"},{\"@type\":\"ListItem\",\"position\":2,\"name\":\"Propuesta de actividades organizadas por el Ayuntamiento de Pamplona del 24 al 27 de mayo con plazas libres\"}]},{\"@type\":\"WebSite\",\"@id\":\"https:\\\/\\\/www.laguiadepamplona.com\\\/actualidad\\\/#website\",\"url\":\"https:\\\/\\\/www.laguiadepamplona.com\\\/actualidad\\\/\",\"name\":\"La gu\u00eda de Pamplona\",\"description\":\"Noticias de Pamplona\",\"publisher\":{\"@id\":\"https:\\\/\\\/www.laguiadepamplona.com\\\/actualidad\\\/#organization\"},\"potentialAction\":[{\"@type\":\"SearchAction\",\"target\":{\"@type\":\"EntryPoint\",\"urlTemplate\":\"https:\\\/\\\/www.laguiadepamplona.com\\\/actualidad\\\/?s={search_term_string}\"},\"query-input\":{\"@type\":\"PropertyValueSpecification\",\"valueRequired\":true,\"valueName\":\"search_term_string\"}}],\"inLanguage\":\"es\"},{\"@type\":\"Organization\",\"@id\":\"https:\\\/\\\/www.laguiadepamplona.com\\\/actualidad\\\/#organization\",\"name\":\"La Gu\u00eda de Pamplona \\\/ Noticias\",\"url\":\"https:\\\/\\\/www.laguiadepamplona.com\\\/actualidad\\\/\",\"logo\":{\"@type\":\"ImageObject\",\"inLanguage\":\"es\",\"@id\":\"https:\\\/\\\/www.laguiadepamplona.com\\\/actualidad\\\/#\\\/schema\\\/logo\\\/image\\\/\",\"url\":\"https:\\\/\\\/www.laguiadepamplona.com\\\/actualidad\\\/wp-content\\\/uploads\\\/2018\\\/11\\\/logo-laguiadepamplona18-web1.png\",\"contentUrl\":\"https:\\\/\\\/www.laguiadepamplona.com\\\/actualidad\\\/wp-content\\\/uploads\\\/2018\\\/11\\\/logo-laguiadepamplona18-web1.png\",\"width\":600,\"height\":196,\"caption\":\"La Gu\u00eda de Pamplona \\\/ Noticias\"},\"image\":{\"@id\":\"https:\\\/\\\/www.laguiadepamplona.com\\\/actualidad\\\/#\\\/schema\\\/logo\\\/image\\\/\"},\"sameAs\":[\"https:\\\/\\\/www.facebook.com\\\/laguiadepamplonacom-133175176762273\\\/?ref=hl\",\"https:\\\/\\\/x.com\\\/LaGuiadPamplona\",\"https:\\\/\\\/www.instagram.com\\\/la_guia_de_pamplona\\\/\",\"https:\\\/\\\/www.youtube.com\\\/user\\\/laguiadepamplona\"]},{\"@type\":\"Person\",\"@id\":\"https:\\\/\\\/www.laguiadepamplona.com\\\/actualidad\\\/#\\\/schema\\\/person\\\/efe887376f0213d4657c93adc50b1fdb\",\"name\":\"La Gu\u00eda de Pamplona\",\"image\":{\"@type\":\"ImageObject\",\"inLanguage\":\"es\",\"@id\":\"https:\\\/\\\/secure.gravatar.com\\\/avatar\\\/b6992f131dc8d30ab0dff15446e9d346d9dbd95992de0fef795073f5ea83a81c?s=96&d=mm&r=g\",\"url\":\"https:\\\/\\\/secure.gravatar.com\\\/avatar\\\/b6992f131dc8d30ab0dff15446e9d346d9dbd95992de0fef795073f5ea83a81c?s=96&d=mm&r=g\",\"contentUrl\":\"https:\\\/\\\/secure.gravatar.com\\\/avatar\\\/b6992f131dc8d30ab0dff15446e9d346d9dbd95992de0fef795073f5ea83a81c?s=96&d=mm&r=g\",\"caption\":\"La Gu\u00eda de Pamplona\"}}]}<\/script>\n<!-- \/ Yoast SEO plugin. -->","yoast_head_json":{"title":"Propuesta de actividades organizadas por el Ayuntamiento de Pamplona del 24 al 27 de mayo con plazas libres","robots":{"index":"index","follow":"follow","max-snippet":"max-snippet:-1","max-image-preview":"max-image-preview:large","max-video-preview":"max-video-preview:-1"},"canonical":"https:\/\/www.laguiadepamplona.com\/actualidad\/propuesta-de-actividades-organizadas-por-el-ayuntamiento-de-pamplona-del-24-al-27-de-mayo-con-plazas-libres\/","og_locale":"es_ES","og_type":"article","og_title":"Propuesta de actividades organizadas por el Ayuntamiento de Pamplona del 24 al 27 de mayo con plazas libres","og_url":"https:\/\/www.laguiadepamplona.com\/actualidad\/propuesta-de-actividades-organizadas-por-el-ayuntamiento-de-pamplona-del-24-al-27-de-mayo-con-plazas-libres\/","og_site_name":"La Gu\u00eda de Pamplona","article_publisher":"https:\/\/www.facebook.com\/laguiadepamplonacom-133175176762273\/?ref=hl","article_published_time":"2024-05-23T15:57:09+00:00","og_image":[{"width":1920,"height":1245,"url":"https:\/\/www.laguiadepamplona.com\/actualidad\/wp-content\/uploads\/2022\/08\/reloj_ayuntamiento.webp","type":"image\/webp"}],"author":"La Gu\u00eda de Pamplona","twitter_card":"summary_large_image","twitter_creator":"@LaGuiadPamplona","twitter_site":"@LaGuiadPamplona","twitter_misc":{"Escrito por":"La Gu\u00eda de Pamplona","Tiempo de lectura":"4 minutos"},"schema":{"@context":"https:\/\/schema.org","@graph":[{"@type":"Article","@id":"https:\/\/www.laguiadepamplona.com\/actualidad\/propuesta-de-actividades-organizadas-por-el-ayuntamiento-de-pamplona-del-24-al-27-de-mayo-con-plazas-libres\/#article","isPartOf":{"@id":"https:\/\/www.laguiadepamplona.com\/actualidad\/propuesta-de-actividades-organizadas-por-el-ayuntamiento-de-pamplona-del-24-al-27-de-mayo-con-plazas-libres\/"},"author":{"name":"La Gu\u00eda de Pamplona","@id":"https:\/\/www.laguiadepamplona.com\/actualidad\/#\/schema\/person\/efe887376f0213d4657c93adc50b1fdb"},"headline":"Propuesta de actividades organizadas por el Ayuntamiento de Pamplona del 24 al 27 de mayo con plazas libres","datePublished":"2024-05-23T15:57:09+00:00","mainEntityOfPage":{"@id":"https:\/\/www.laguiadepamplona.com\/actualidad\/propuesta-de-actividades-organizadas-por-el-ayuntamiento-de-pamplona-del-24-al-27-de-mayo-con-plazas-libres\/"},"wordCount":875,"commentCount":0,"publisher":{"@id":"https:\/\/www.laguiadepamplona.com\/actualidad\/#organization"},"image":{"@id":"https:\/\/www.laguiadepamplona.com\/actualidad\/propuesta-de-actividades-organizadas-por-el-ayuntamiento-de-pamplona-del-24-al-27-de-mayo-con-plazas-libres\/#primaryimage"},"thumbnailUrl":"https:\/\/www.laguiadepamplona.com\/actualidad\/wp-content\/uploads\/2022\/08\/reloj_ayuntamiento.webp","articleSection":["Ayto Pamplona"],"inLanguage":"es","potentialAction":[{"@type":"CommentAction","name":"Comment","target":["https:\/\/www.laguiadepamplona.com\/actualidad\/propuesta-de-actividades-organizadas-por-el-ayuntamiento-de-pamplona-del-24-al-27-de-mayo-con-plazas-libres\/#respond"]}]},{"@type":"WebPage","@id":"https:\/\/www.laguiadepamplona.com\/actualidad\/propuesta-de-actividades-organizadas-por-el-ayuntamiento-de-pamplona-del-24-al-27-de-mayo-con-plazas-libres\/","url":"https:\/\/www.laguiadepamplona.com\/actualidad\/propuesta-de-actividades-organizadas-por-el-ayuntamiento-de-pamplona-del-24-al-27-de-mayo-con-plazas-libres\/","name":"Propuesta de actividades organizadas por el Ayuntamiento de Pamplona del 24 al 27 de mayo con plazas libres","isPartOf":{"@id":"https:\/\/www.laguiadepamplona.com\/actualidad\/#website"},"primaryImageOfPage":{"@id":"https:\/\/www.laguiadepamplona.com\/actualidad\/propuesta-de-actividades-organizadas-por-el-ayuntamiento-de-pamplona-del-24-al-27-de-mayo-con-plazas-libres\/#primaryimage"},"image":{"@id":"https:\/\/www.laguiadepamplona.com\/actualidad\/propuesta-de-actividades-organizadas-por-el-ayuntamiento-de-pamplona-del-24-al-27-de-mayo-con-plazas-libres\/#primaryimage"},"thumbnailUrl":"https:\/\/www.laguiadepamplona.com\/actualidad\/wp-content\/uploads\/2022\/08\/reloj_ayuntamiento.webp","datePublished":"2024-05-23T15:57:09+00:00","breadcrumb":{"@id":"https:\/\/www.laguiadepamplona.com\/actualidad\/propuesta-de-actividades-organizadas-por-el-ayuntamiento-de-pamplona-del-24-al-27-de-mayo-con-plazas-libres\/#breadcrumb"},"inLanguage":"es","potentialAction":[{"@type":"ReadAction","target":["https:\/\/www.laguiadepamplona.com\/actualidad\/propuesta-de-actividades-organizadas-por-el-ayuntamiento-de-pamplona-del-24-al-27-de-mayo-con-plazas-libres\/"]}]},{"@type":"ImageObject","inLanguage":"es","@id":"https:\/\/www.laguiadepamplona.com\/actualidad\/propuesta-de-actividades-organizadas-por-el-ayuntamiento-de-pamplona-del-24-al-27-de-mayo-con-plazas-libres\/#primaryimage","url":"https:\/\/www.laguiadepamplona.com\/actualidad\/wp-content\/uploads\/2022\/08\/reloj_ayuntamiento.webp","contentUrl":"https:\/\/www.laguiadepamplona.com\/actualidad\/wp-content\/uploads\/2022\/08\/reloj_ayuntamiento.webp","width":1920,"height":1245,"caption":"ayuntamiento"},{"@type":"BreadcrumbList","@id":"https:\/\/www.laguiadepamplona.com\/actualidad\/propuesta-de-actividades-organizadas-por-el-ayuntamiento-de-pamplona-del-24-al-27-de-mayo-con-plazas-libres\/#breadcrumb","itemListElement":[{"@type":"ListItem","position":1,"name":"Portada","item":"https:\/\/www.laguiadepamplona.com\/actualidad\/"},{"@type":"ListItem","position":2,"name":"Propuesta de actividades organizadas por el Ayuntamiento de Pamplona del 24 al 27 de mayo con plazas libres"}]},{"@type":"WebSite","@id":"https:\/\/www.laguiadepamplona.com\/actualidad\/#website","url":"https:\/\/www.laguiadepamplona.com\/actualidad\/","name":"La gu\u00eda de Pamplona","description":"Noticias de Pamplona","publisher":{"@id":"https:\/\/www.laguiadepamplona.com\/actualidad\/#organization"},"potentialAction":[{"@type":"SearchAction","target":{"@type":"EntryPoint","urlTemplate":"https:\/\/www.laguiadepamplona.com\/actualidad\/?s={search_term_string}"},"query-input":{"@type":"PropertyValueSpecification","valueRequired":true,"valueName":"search_term_string"}}],"inLanguage":"es"},{"@type":"Organization","@id":"https:\/\/www.laguiadepamplona.com\/actualidad\/#organization","name":"La Gu\u00eda de Pamplona \/ Noticias","url":"https:\/\/www.laguiadepamplona.com\/actualidad\/","logo":{"@type":"ImageObject","inLanguage":"es","@id":"https:\/\/www.laguiadepamplona.com\/actualidad\/#\/schema\/logo\/image\/","url":"https:\/\/www.laguiadepamplona.com\/actualidad\/wp-content\/uploads\/2018\/11\/logo-laguiadepamplona18-web1.png","contentUrl":"https:\/\/www.laguiadepamplona.com\/actualidad\/wp-content\/uploads\/2018\/11\/logo-laguiadepamplona18-web1.png","width":600,"height":196,"caption":"La Gu\u00eda de Pamplona \/ Noticias"},"image":{"@id":"https:\/\/www.laguiadepamplona.com\/actualidad\/#\/schema\/logo\/image\/"},"sameAs":["https:\/\/www.facebook.com\/laguiadepamplonacom-133175176762273\/?ref=hl","https:\/\/x.com\/LaGuiadPamplona","https:\/\/www.instagram.com\/la_guia_de_pamplona\/","https:\/\/www.youtube.com\/user\/laguiadepamplona"]},{"@type":"Person","@id":"https:\/\/www.laguiadepamplona.com\/actualidad\/#\/schema\/person\/efe887376f0213d4657c93adc50b1fdb","name":"La Gu\u00eda de Pamplona","image":{"@type":"ImageObject","inLanguage":"es","@id":"https:\/\/secure.gravatar.com\/avatar\/b6992f131dc8d30ab0dff15446e9d346d9dbd95992de0fef795073f5ea83a81c?s=96&d=mm&r=g","url":"https:\/\/secure.gravatar.com\/avatar\/b6992f131dc8d30ab0dff15446e9d346d9dbd95992de0fef795073f5ea83a81c?s=96&d=mm&r=g","contentUrl":"https:\/\/secure.gravatar.com\/avatar\/b6992f131dc8d30ab0dff15446e9d346d9dbd95992de0fef795073f5ea83a81c?s=96&d=mm&r=g","caption":"La Gu\u00eda de Pamplona"}}]}},"post_mailing_queue_ids":[],"_links":{"self":[{"href":"https:\/\/www.laguiadepamplona.com\/actualidad\/wp-json\/wp\/v2\/posts\/49826","targetHints":{"allow":["GET"]}}],"collection":[{"href":"https:\/\/www.laguiadepamplona.com\/actualidad\/wp-json\/wp\/v2\/posts"}],"about":[{"href":"https:\/\/www.laguiadepamplona.com\/actualidad\/wp-json\/wp\/v2\/types\/post"}],"author":[{"embeddable":true,"href":"https:\/\/www.laguiadepamplona.com\/actualidad\/wp-json\/wp\/v2\/users\/1"}],"replies":[{"embeddable":true,"href":"https:\/\/www.laguiadepamplona.com\/actualidad\/wp-json\/wp\/v2\/comments?post=49826"}],"version-history":[{"count":1,"href":"https:\/\/www.laguiadepamplona.com\/actualidad\/wp-json\/wp\/v2\/posts\/49826\/revisions"}],"predecessor-version":[{"id":49827,"href":"https:\/\/www.laguiadepamplona.com\/actualidad\/wp-json\/wp\/v2\/posts\/49826\/revisions\/49827"}],"wp:featuredmedia":[{"embeddable":true,"href":"https:\/\/www.laguiadepamplona.com\/actualidad\/wp-json\/wp\/v2\/media\/41391"}],"wp:attachment":[{"href":"https:\/\/www.laguiadepamplona.com\/actualidad\/wp-json\/wp\/v2\/media?parent=49826"}],"wp:term":[{"taxonomy":"category","embeddable":true,"href":"https:\/\/www.laguiadepamplona.com\/actualidad\/wp-json\/wp\/v2\/categories?post=49826"},{"taxonomy":"post_tag","embeddable":true,"href":"https:\/\/www.laguiadepamplona.com\/actualidad\/wp-json\/wp\/v2\/tags?post=49826"}],"curies":[{"name":"wp","href":"https:\/\/api.w.org\/{rel}","templated":true}]}}