{"id":49817,"date":"2024-05-23T17:36:30","date_gmt":"2024-05-23T15:36:30","guid":{"rendered":"https:\/\/www.laguiadepamplona.com\/actualidad\/?p=49817"},"modified":"2024-05-23T17:36:30","modified_gmt":"2024-05-23T15:36:30","slug":"un-paseo-de-jane-jacobs-abre-este-sabado-el-proceso-participativo-que-acompana-al-concurso-de-proyectos-para-la-transformacion-del-barrio-de-san-jorge","status":"publish","type":"post","link":"https:\/\/www.laguiadepamplona.com\/actualidad\/un-paseo-de-jane-jacobs-abre-este-sabado-el-proceso-participativo-que-acompana-al-concurso-de-proyectos-para-la-transformacion-del-barrio-de-san-jorge\/","title":{"rendered":"Un paseo de Jane Jacobs abre este s\u00e1bado el proceso participativo que acompa\u00f1a al concurso de proyectos para la transformaci\u00f3n del barrio de San Jorge"},"content":{"rendered":"<h2>Es la primera de las cinco iniciativas dentro del proceso de sensibilizaci\u00f3n para recoger las necesidades de vecinos y vecinas de la zona<\/h2>\n<p><!--more--><\/p>\n<p>El barrio de San Jorge acoge este s\u00e1bado la sesi\u00f3n introductoria del proceso participativo que acompa\u00f1a al concurso de proyectos para la transformaci\u00f3n del barrio, principalmente en la zona de la rotonda y su entorno. Esta introducci\u00f3n es un paseo de Jane Jacobs, denominado as\u00ed en homenaje a la urbanista y activista canadiense, para reivindicar las calles como espacio p\u00fablico de convivencia y encuentro. El paseo parte a las 11 de Civivox San Jorge y est\u00e1 previsto hasta las 13 horas.<\/p>\n<p>El paseo facilita uno de los principales objetivos de la iniciativa: realizar junto a vecinas y vecinos un an\u00e1lisis de la historia del barrio, las condiciones en que se encuentra, las gentes y sus necesidades, creando una visi\u00f3n cr\u00edtica bien fundamentada que sit\u00fae en el centro del proceso las demandas vecinales para las propuestas del concurso de ideas.<\/p>\n<p>El paseo de este s\u00e1bado continuar\u00e1 con una sesi\u00f3n de \u201cMapeo colectivo de la vida cotidiana\u201d y una \u201cMarcha exploratoria por el espacio p\u00fablico afectado\u201d, que se celebrar\u00e1n los jueves 30 de mayo y 6 de junio, respectivamente. Adem\u00e1s, se prev\u00e9n otras dos sesiones informativas una de contextualizaci\u00f3n hist\u00f3rica del barrio, el martes 4 de junio; y otra, el martes 11 de junio, en la que se expondr\u00e1n varios casos reales de intervenciones urbanas que han resuelto, de manera ingeniosa y atractiva, problem\u00e1ticas similares a las que vive el barrio de San Jorge a causa del tr\u00e1fico de la rotonda. Para facilitar la participaci\u00f3n, el programa contempla un servicio de ludoteca infantil, con inscripci\u00f3n previa en el tel\u00e9fono 948 420 266 y el correo <a href=\"mailto:foros@pamplona.es\">foros@pamplona.es<\/a>.<\/p>\n<p>Las sesiones aspiran a generar espacios de debate y creaci\u00f3n colectiva en los que todas las opiniones sean escuchadas para encontrar las mejores soluciones posibles para todo el mundo. Mientras tanto, de forma paralela, los equipos de arquitectura preparan las propuestas para el concurso de ideas.<\/p>\n<p>Para m\u00e1s informaci\u00f3n sobre los contenidos de todas las sesiones se puede consultar el siguiente enlace: <a href=\"https:\/\/decide.pamplona.es\/processes\/RotondaSanJorge\" target=\"_blank\" rel=\"noopener\">https:\/\/decide.pamplona.es\/processes\/RotondaSanJorge<\/a>. Adem\u00e1s, las inscripciones en las actividades se pueden realizar en \u00a0<a href=\"https:\/\/acortar.link\/3Ehtcn\" target=\"_blank\" rel=\"noopener\">https:\/\/acortar.link\/3Ehtcn<\/a>.<\/p>\n<p>&nbsp;<\/p>\n<h3>Talleres Participativos<\/h3>\n<ul>\n<li>Sesi\u00f3n introductoria. Paseo de Jane Jacobs por el barrio\n<ul>\n<li>S\u00e1bado 25 de mayo, de 11 a 13 horas, con comienzo en Civivox San Jorge<\/li>\n<\/ul>\n<\/li>\n<li>Mapeo colectivo de la vida cotidiana\n<ul>\n<li>Jueves 30 de mayo, de 18:30 a 20 horas, en Centro Comunitario Karrikagune<\/li>\n<\/ul>\n<\/li>\n<li>Mirando la historia del barrio de San Jorge\n<ul>\n<li>Martes 4 de junio, de 18:30 a 20 horas, en Civivox San Jorge<\/li>\n<\/ul>\n<\/li>\n<li>Marcha exploratoria por el espacio p\u00fablico\n<ul>\n<li>Jueves 6 de junio, de 18:30 a 20 horas, en Centro Comunitario Karrikagune<\/li>\n<\/ul>\n<\/li>\n<li>Mirando al futuro del barrio de San Jorge\n<ul>\n<li>Martes 11 de junio, de 18:30 a 20 horas, en Civivox San Jorge<\/li>\n<\/ul>\n<\/li>\n<\/ul>\n","protected":false},"excerpt":{"rendered":"<p>Es la primera de las cinco iniciativas dentro del proceso de sensibilizaci\u00f3n para recoger las necesidades de vecinos y vecinas de la zona<\/p>\n","protected":false},"author":1,"featured_media":49818,"comment_status":"open","ping_status":"closed","sticky":false,"template":"","format":"standard","meta":{"footnotes":""},"categories":[2],"tags":[],"class_list":["post-49817","post","type-post","status-publish","format-standard","has-post-thumbnail","hentry","category-ayuntamiento-pamplona"],"yoast_head":"<!-- This site is optimized with the Yoast SEO plugin v27.3 - https:\/\/yoast.com\/product\/yoast-seo-wordpress\/ -->\n<title>Un paseo de Jane Jacobs abre este s\u00e1bado el proceso participativo que acompa\u00f1a al concurso de proyectos para la transformaci\u00f3n del barrio de San Jorge<\/title>\n<meta name=\"description\" content=\"Es la primera de las cinco iniciativas dentro del proceso de sensibilizaci\u00f3n para recoger las necesidades de vecinos y vecinas de la zona\" \/>\n<meta name=\"robots\" content=\"index, follow, max-snippet:-1, max-image-preview:large, max-video-preview:-1\" \/>\n<link rel=\"canonical\" href=\"https:\/\/www.laguiadepamplona.com\/actualidad\/un-paseo-de-jane-jacobs-abre-este-sabado-el-proceso-participativo-que-acompana-al-concurso-de-proyectos-para-la-transformacion-del-barrio-de-san-jorge\/\" \/>\n<meta property=\"og:locale\" content=\"es_ES\" \/>\n<meta property=\"og:type\" content=\"article\" \/>\n<meta property=\"og:title\" content=\"Un paseo de Jane Jacobs abre este s\u00e1bado el proceso participativo que acompa\u00f1a al concurso de proyectos para la transformaci\u00f3n del barrio de San Jorge\" \/>\n<meta property=\"og:description\" content=\"Es la primera de las cinco iniciativas dentro del proceso de sensibilizaci\u00f3n para recoger las necesidades de vecinos y vecinas de la zona\" \/>\n<meta property=\"og:url\" content=\"https:\/\/www.laguiadepamplona.com\/actualidad\/un-paseo-de-jane-jacobs-abre-este-sabado-el-proceso-participativo-que-acompana-al-concurso-de-proyectos-para-la-transformacion-del-barrio-de-san-jorge\/\" \/>\n<meta property=\"og:site_name\" content=\"La Gu\u00eda de Pamplona\" \/>\n<meta property=\"article:publisher\" content=\"https:\/\/www.facebook.com\/laguiadepamplonacom-133175176762273\/?ref=hl\" \/>\n<meta property=\"article:published_time\" content=\"2024-05-23T15:36:30+00:00\" \/>\n<meta property=\"og:image\" content=\"https:\/\/www.laguiadepamplona.com\/actualidad\/wp-content\/uploads\/2024\/05\/San-Jorge_0.webp\" \/>\n\t<meta property=\"og:image:width\" content=\"1000\" \/>\n\t<meta property=\"og:image:height\" content=\"669\" \/>\n\t<meta property=\"og:image:type\" content=\"image\/webp\" \/>\n<meta name=\"author\" content=\"La Gu\u00eda de Pamplona\" \/>\n<meta name=\"twitter:card\" content=\"summary_large_image\" \/>\n<meta name=\"twitter:creator\" content=\"@LaGuiadPamplona\" \/>\n<meta name=\"twitter:site\" content=\"@LaGuiadPamplona\" \/>\n<meta name=\"twitter:label1\" content=\"Escrito por\" \/>\n\t<meta name=\"twitter:data1\" content=\"La Gu\u00eda de Pamplona\" \/>\n\t<meta name=\"twitter:label2\" content=\"Tiempo de lectura\" \/>\n\t<meta name=\"twitter:data2\" content=\"3 minutos\" \/>\n<script type=\"application\/ld+json\" class=\"yoast-schema-graph\">{\"@context\":\"https:\\\/\\\/schema.org\",\"@graph\":[{\"@type\":\"Article\",\"@id\":\"https:\\\/\\\/www.laguiadepamplona.com\\\/actualidad\\\/un-paseo-de-jane-jacobs-abre-este-sabado-el-proceso-participativo-que-acompana-al-concurso-de-proyectos-para-la-transformacion-del-barrio-de-san-jorge\\\/#article\",\"isPartOf\":{\"@id\":\"https:\\\/\\\/www.laguiadepamplona.com\\\/actualidad\\\/un-paseo-de-jane-jacobs-abre-este-sabado-el-proceso-participativo-que-acompana-al-concurso-de-proyectos-para-la-transformacion-del-barrio-de-san-jorge\\\/\"},\"author\":{\"name\":\"La Gu\u00eda de Pamplona\",\"@id\":\"https:\\\/\\\/www.laguiadepamplona.com\\\/actualidad\\\/#\\\/schema\\\/person\\\/efe887376f0213d4657c93adc50b1fdb\"},\"headline\":\"Un paseo de Jane Jacobs abre este s\u00e1bado el proceso participativo que acompa\u00f1a al concurso de proyectos para la transformaci\u00f3n del barrio de San Jorge\",\"datePublished\":\"2024-05-23T15:36:30+00:00\",\"mainEntityOfPage\":{\"@id\":\"https:\\\/\\\/www.laguiadepamplona.com\\\/actualidad\\\/un-paseo-de-jane-jacobs-abre-este-sabado-el-proceso-participativo-que-acompana-al-concurso-de-proyectos-para-la-transformacion-del-barrio-de-san-jorge\\\/\"},\"wordCount\":514,\"commentCount\":0,\"publisher\":{\"@id\":\"https:\\\/\\\/www.laguiadepamplona.com\\\/actualidad\\\/#organization\"},\"image\":{\"@id\":\"https:\\\/\\\/www.laguiadepamplona.com\\\/actualidad\\\/un-paseo-de-jane-jacobs-abre-este-sabado-el-proceso-participativo-que-acompana-al-concurso-de-proyectos-para-la-transformacion-del-barrio-de-san-jorge\\\/#primaryimage\"},\"thumbnailUrl\":\"https:\\\/\\\/www.laguiadepamplona.com\\\/actualidad\\\/wp-content\\\/uploads\\\/2024\\\/05\\\/San-Jorge_0.webp\",\"articleSection\":[\"Ayto Pamplona\"],\"inLanguage\":\"es\",\"potentialAction\":[{\"@type\":\"CommentAction\",\"name\":\"Comment\",\"target\":[\"https:\\\/\\\/www.laguiadepamplona.com\\\/actualidad\\\/un-paseo-de-jane-jacobs-abre-este-sabado-el-proceso-participativo-que-acompana-al-concurso-de-proyectos-para-la-transformacion-del-barrio-de-san-jorge\\\/#respond\"]}]},{\"@type\":\"WebPage\",\"@id\":\"https:\\\/\\\/www.laguiadepamplona.com\\\/actualidad\\\/un-paseo-de-jane-jacobs-abre-este-sabado-el-proceso-participativo-que-acompana-al-concurso-de-proyectos-para-la-transformacion-del-barrio-de-san-jorge\\\/\",\"url\":\"https:\\\/\\\/www.laguiadepamplona.com\\\/actualidad\\\/un-paseo-de-jane-jacobs-abre-este-sabado-el-proceso-participativo-que-acompana-al-concurso-de-proyectos-para-la-transformacion-del-barrio-de-san-jorge\\\/\",\"name\":\"Un paseo de Jane Jacobs abre este s\u00e1bado el proceso participativo que acompa\u00f1a al concurso de proyectos para la transformaci\u00f3n del barrio de San Jorge\",\"isPartOf\":{\"@id\":\"https:\\\/\\\/www.laguiadepamplona.com\\\/actualidad\\\/#website\"},\"primaryImageOfPage\":{\"@id\":\"https:\\\/\\\/www.laguiadepamplona.com\\\/actualidad\\\/un-paseo-de-jane-jacobs-abre-este-sabado-el-proceso-participativo-que-acompana-al-concurso-de-proyectos-para-la-transformacion-del-barrio-de-san-jorge\\\/#primaryimage\"},\"image\":{\"@id\":\"https:\\\/\\\/www.laguiadepamplona.com\\\/actualidad\\\/un-paseo-de-jane-jacobs-abre-este-sabado-el-proceso-participativo-que-acompana-al-concurso-de-proyectos-para-la-transformacion-del-barrio-de-san-jorge\\\/#primaryimage\"},\"thumbnailUrl\":\"https:\\\/\\\/www.laguiadepamplona.com\\\/actualidad\\\/wp-content\\\/uploads\\\/2024\\\/05\\\/San-Jorge_0.webp\",\"datePublished\":\"2024-05-23T15:36:30+00:00\",\"description\":\"Es la primera de las cinco iniciativas dentro del proceso de sensibilizaci\u00f3n para recoger las necesidades de vecinos y vecinas de la zona\",\"breadcrumb\":{\"@id\":\"https:\\\/\\\/www.laguiadepamplona.com\\\/actualidad\\\/un-paseo-de-jane-jacobs-abre-este-sabado-el-proceso-participativo-que-acompana-al-concurso-de-proyectos-para-la-transformacion-del-barrio-de-san-jorge\\\/#breadcrumb\"},\"inLanguage\":\"es\",\"potentialAction\":[{\"@type\":\"ReadAction\",\"target\":[\"https:\\\/\\\/www.laguiadepamplona.com\\\/actualidad\\\/un-paseo-de-jane-jacobs-abre-este-sabado-el-proceso-participativo-que-acompana-al-concurso-de-proyectos-para-la-transformacion-del-barrio-de-san-jorge\\\/\"]}]},{\"@type\":\"ImageObject\",\"inLanguage\":\"es\",\"@id\":\"https:\\\/\\\/www.laguiadepamplona.com\\\/actualidad\\\/un-paseo-de-jane-jacobs-abre-este-sabado-el-proceso-participativo-que-acompana-al-concurso-de-proyectos-para-la-transformacion-del-barrio-de-san-jorge\\\/#primaryimage\",\"url\":\"https:\\\/\\\/www.laguiadepamplona.com\\\/actualidad\\\/wp-content\\\/uploads\\\/2024\\\/05\\\/San-Jorge_0.webp\",\"contentUrl\":\"https:\\\/\\\/www.laguiadepamplona.com\\\/actualidad\\\/wp-content\\\/uploads\\\/2024\\\/05\\\/San-Jorge_0.webp\",\"width\":1000,\"height\":669,\"caption\":\"san jorge\"},{\"@type\":\"BreadcrumbList\",\"@id\":\"https:\\\/\\\/www.laguiadepamplona.com\\\/actualidad\\\/un-paseo-de-jane-jacobs-abre-este-sabado-el-proceso-participativo-que-acompana-al-concurso-de-proyectos-para-la-transformacion-del-barrio-de-san-jorge\\\/#breadcrumb\",\"itemListElement\":[{\"@type\":\"ListItem\",\"position\":1,\"name\":\"Portada\",\"item\":\"https:\\\/\\\/www.laguiadepamplona.com\\\/actualidad\\\/\"},{\"@type\":\"ListItem\",\"position\":2,\"name\":\"Un paseo de Jane Jacobs abre este s\u00e1bado el proceso participativo que acompa\u00f1a al concurso de proyectos para la transformaci\u00f3n del barrio de San Jorge\"}]},{\"@type\":\"WebSite\",\"@id\":\"https:\\\/\\\/www.laguiadepamplona.com\\\/actualidad\\\/#website\",\"url\":\"https:\\\/\\\/www.laguiadepamplona.com\\\/actualidad\\\/\",\"name\":\"La gu\u00eda de Pamplona\",\"description\":\"Noticias de Pamplona\",\"publisher\":{\"@id\":\"https:\\\/\\\/www.laguiadepamplona.com\\\/actualidad\\\/#organization\"},\"potentialAction\":[{\"@type\":\"SearchAction\",\"target\":{\"@type\":\"EntryPoint\",\"urlTemplate\":\"https:\\\/\\\/www.laguiadepamplona.com\\\/actualidad\\\/?s={search_term_string}\"},\"query-input\":{\"@type\":\"PropertyValueSpecification\",\"valueRequired\":true,\"valueName\":\"search_term_string\"}}],\"inLanguage\":\"es\"},{\"@type\":\"Organization\",\"@id\":\"https:\\\/\\\/www.laguiadepamplona.com\\\/actualidad\\\/#organization\",\"name\":\"La Gu\u00eda de Pamplona \\\/ Noticias\",\"url\":\"https:\\\/\\\/www.laguiadepamplona.com\\\/actualidad\\\/\",\"logo\":{\"@type\":\"ImageObject\",\"inLanguage\":\"es\",\"@id\":\"https:\\\/\\\/www.laguiadepamplona.com\\\/actualidad\\\/#\\\/schema\\\/logo\\\/image\\\/\",\"url\":\"https:\\\/\\\/www.laguiadepamplona.com\\\/actualidad\\\/wp-content\\\/uploads\\\/2018\\\/11\\\/logo-laguiadepamplona18-web1.png\",\"contentUrl\":\"https:\\\/\\\/www.laguiadepamplona.com\\\/actualidad\\\/wp-content\\\/uploads\\\/2018\\\/11\\\/logo-laguiadepamplona18-web1.png\",\"width\":600,\"height\":196,\"caption\":\"La Gu\u00eda de Pamplona \\\/ Noticias\"},\"image\":{\"@id\":\"https:\\\/\\\/www.laguiadepamplona.com\\\/actualidad\\\/#\\\/schema\\\/logo\\\/image\\\/\"},\"sameAs\":[\"https:\\\/\\\/www.facebook.com\\\/laguiadepamplonacom-133175176762273\\\/?ref=hl\",\"https:\\\/\\\/x.com\\\/LaGuiadPamplona\",\"https:\\\/\\\/www.instagram.com\\\/la_guia_de_pamplona\\\/\",\"https:\\\/\\\/www.youtube.com\\\/user\\\/laguiadepamplona\"]},{\"@type\":\"Person\",\"@id\":\"https:\\\/\\\/www.laguiadepamplona.com\\\/actualidad\\\/#\\\/schema\\\/person\\\/efe887376f0213d4657c93adc50b1fdb\",\"name\":\"La Gu\u00eda de Pamplona\",\"image\":{\"@type\":\"ImageObject\",\"inLanguage\":\"es\",\"@id\":\"https:\\\/\\\/secure.gravatar.com\\\/avatar\\\/b6992f131dc8d30ab0dff15446e9d346d9dbd95992de0fef795073f5ea83a81c?s=96&d=mm&r=g\",\"url\":\"https:\\\/\\\/secure.gravatar.com\\\/avatar\\\/b6992f131dc8d30ab0dff15446e9d346d9dbd95992de0fef795073f5ea83a81c?s=96&d=mm&r=g\",\"contentUrl\":\"https:\\\/\\\/secure.gravatar.com\\\/avatar\\\/b6992f131dc8d30ab0dff15446e9d346d9dbd95992de0fef795073f5ea83a81c?s=96&d=mm&r=g\",\"caption\":\"La Gu\u00eda de Pamplona\"}}]}<\/script>\n<!-- \/ Yoast SEO plugin. -->","yoast_head_json":{"title":"Un paseo de Jane Jacobs abre este s\u00e1bado el proceso participativo que acompa\u00f1a al concurso de proyectos para la transformaci\u00f3n del barrio de San Jorge","description":"Es la primera de las cinco iniciativas dentro del proceso de sensibilizaci\u00f3n para recoger las necesidades de vecinos y vecinas de la zona","robots":{"index":"index","follow":"follow","max-snippet":"max-snippet:-1","max-image-preview":"max-image-preview:large","max-video-preview":"max-video-preview:-1"},"canonical":"https:\/\/www.laguiadepamplona.com\/actualidad\/un-paseo-de-jane-jacobs-abre-este-sabado-el-proceso-participativo-que-acompana-al-concurso-de-proyectos-para-la-transformacion-del-barrio-de-san-jorge\/","og_locale":"es_ES","og_type":"article","og_title":"Un paseo de Jane Jacobs abre este s\u00e1bado el proceso participativo que acompa\u00f1a al concurso de proyectos para la transformaci\u00f3n del barrio de San Jorge","og_description":"Es la primera de las cinco iniciativas dentro del proceso de sensibilizaci\u00f3n para recoger las necesidades de vecinos y vecinas de la zona","og_url":"https:\/\/www.laguiadepamplona.com\/actualidad\/un-paseo-de-jane-jacobs-abre-este-sabado-el-proceso-participativo-que-acompana-al-concurso-de-proyectos-para-la-transformacion-del-barrio-de-san-jorge\/","og_site_name":"La Gu\u00eda de Pamplona","article_publisher":"https:\/\/www.facebook.com\/laguiadepamplonacom-133175176762273\/?ref=hl","article_published_time":"2024-05-23T15:36:30+00:00","og_image":[{"width":1000,"height":669,"url":"https:\/\/www.laguiadepamplona.com\/actualidad\/wp-content\/uploads\/2024\/05\/San-Jorge_0.webp","type":"image\/webp"}],"author":"La Gu\u00eda de Pamplona","twitter_card":"summary_large_image","twitter_creator":"@LaGuiadPamplona","twitter_site":"@LaGuiadPamplona","twitter_misc":{"Escrito por":"La Gu\u00eda de Pamplona","Tiempo de lectura":"3 minutos"},"schema":{"@context":"https:\/\/schema.org","@graph":[{"@type":"Article","@id":"https:\/\/www.laguiadepamplona.com\/actualidad\/un-paseo-de-jane-jacobs-abre-este-sabado-el-proceso-participativo-que-acompana-al-concurso-de-proyectos-para-la-transformacion-del-barrio-de-san-jorge\/#article","isPartOf":{"@id":"https:\/\/www.laguiadepamplona.com\/actualidad\/un-paseo-de-jane-jacobs-abre-este-sabado-el-proceso-participativo-que-acompana-al-concurso-de-proyectos-para-la-transformacion-del-barrio-de-san-jorge\/"},"author":{"name":"La Gu\u00eda de Pamplona","@id":"https:\/\/www.laguiadepamplona.com\/actualidad\/#\/schema\/person\/efe887376f0213d4657c93adc50b1fdb"},"headline":"Un paseo de Jane Jacobs abre este s\u00e1bado el proceso participativo que acompa\u00f1a al concurso de proyectos para la transformaci\u00f3n del barrio de San Jorge","datePublished":"2024-05-23T15:36:30+00:00","mainEntityOfPage":{"@id":"https:\/\/www.laguiadepamplona.com\/actualidad\/un-paseo-de-jane-jacobs-abre-este-sabado-el-proceso-participativo-que-acompana-al-concurso-de-proyectos-para-la-transformacion-del-barrio-de-san-jorge\/"},"wordCount":514,"commentCount":0,"publisher":{"@id":"https:\/\/www.laguiadepamplona.com\/actualidad\/#organization"},"image":{"@id":"https:\/\/www.laguiadepamplona.com\/actualidad\/un-paseo-de-jane-jacobs-abre-este-sabado-el-proceso-participativo-que-acompana-al-concurso-de-proyectos-para-la-transformacion-del-barrio-de-san-jorge\/#primaryimage"},"thumbnailUrl":"https:\/\/www.laguiadepamplona.com\/actualidad\/wp-content\/uploads\/2024\/05\/San-Jorge_0.webp","articleSection":["Ayto Pamplona"],"inLanguage":"es","potentialAction":[{"@type":"CommentAction","name":"Comment","target":["https:\/\/www.laguiadepamplona.com\/actualidad\/un-paseo-de-jane-jacobs-abre-este-sabado-el-proceso-participativo-que-acompana-al-concurso-de-proyectos-para-la-transformacion-del-barrio-de-san-jorge\/#respond"]}]},{"@type":"WebPage","@id":"https:\/\/www.laguiadepamplona.com\/actualidad\/un-paseo-de-jane-jacobs-abre-este-sabado-el-proceso-participativo-que-acompana-al-concurso-de-proyectos-para-la-transformacion-del-barrio-de-san-jorge\/","url":"https:\/\/www.laguiadepamplona.com\/actualidad\/un-paseo-de-jane-jacobs-abre-este-sabado-el-proceso-participativo-que-acompana-al-concurso-de-proyectos-para-la-transformacion-del-barrio-de-san-jorge\/","name":"Un paseo de Jane Jacobs abre este s\u00e1bado el proceso participativo que acompa\u00f1a al concurso de proyectos para la transformaci\u00f3n del barrio de San Jorge","isPartOf":{"@id":"https:\/\/www.laguiadepamplona.com\/actualidad\/#website"},"primaryImageOfPage":{"@id":"https:\/\/www.laguiadepamplona.com\/actualidad\/un-paseo-de-jane-jacobs-abre-este-sabado-el-proceso-participativo-que-acompana-al-concurso-de-proyectos-para-la-transformacion-del-barrio-de-san-jorge\/#primaryimage"},"image":{"@id":"https:\/\/www.laguiadepamplona.com\/actualidad\/un-paseo-de-jane-jacobs-abre-este-sabado-el-proceso-participativo-que-acompana-al-concurso-de-proyectos-para-la-transformacion-del-barrio-de-san-jorge\/#primaryimage"},"thumbnailUrl":"https:\/\/www.laguiadepamplona.com\/actualidad\/wp-content\/uploads\/2024\/05\/San-Jorge_0.webp","datePublished":"2024-05-23T15:36:30+00:00","description":"Es la primera de las cinco iniciativas dentro del proceso de sensibilizaci\u00f3n para recoger las necesidades de vecinos y vecinas de la zona","breadcrumb":{"@id":"https:\/\/www.laguiadepamplona.com\/actualidad\/un-paseo-de-jane-jacobs-abre-este-sabado-el-proceso-participativo-que-acompana-al-concurso-de-proyectos-para-la-transformacion-del-barrio-de-san-jorge\/#breadcrumb"},"inLanguage":"es","potentialAction":[{"@type":"ReadAction","target":["https:\/\/www.laguiadepamplona.com\/actualidad\/un-paseo-de-jane-jacobs-abre-este-sabado-el-proceso-participativo-que-acompana-al-concurso-de-proyectos-para-la-transformacion-del-barrio-de-san-jorge\/"]}]},{"@type":"ImageObject","inLanguage":"es","@id":"https:\/\/www.laguiadepamplona.com\/actualidad\/un-paseo-de-jane-jacobs-abre-este-sabado-el-proceso-participativo-que-acompana-al-concurso-de-proyectos-para-la-transformacion-del-barrio-de-san-jorge\/#primaryimage","url":"https:\/\/www.laguiadepamplona.com\/actualidad\/wp-content\/uploads\/2024\/05\/San-Jorge_0.webp","contentUrl":"https:\/\/www.laguiadepamplona.com\/actualidad\/wp-content\/uploads\/2024\/05\/San-Jorge_0.webp","width":1000,"height":669,"caption":"san jorge"},{"@type":"BreadcrumbList","@id":"https:\/\/www.laguiadepamplona.com\/actualidad\/un-paseo-de-jane-jacobs-abre-este-sabado-el-proceso-participativo-que-acompana-al-concurso-de-proyectos-para-la-transformacion-del-barrio-de-san-jorge\/#breadcrumb","itemListElement":[{"@type":"ListItem","position":1,"name":"Portada","item":"https:\/\/www.laguiadepamplona.com\/actualidad\/"},{"@type":"ListItem","position":2,"name":"Un paseo de Jane Jacobs abre este s\u00e1bado el proceso participativo que acompa\u00f1a al concurso de proyectos para la transformaci\u00f3n del barrio de San Jorge"}]},{"@type":"WebSite","@id":"https:\/\/www.laguiadepamplona.com\/actualidad\/#website","url":"https:\/\/www.laguiadepamplona.com\/actualidad\/","name":"La gu\u00eda de Pamplona","description":"Noticias de Pamplona","publisher":{"@id":"https:\/\/www.laguiadepamplona.com\/actualidad\/#organization"},"potentialAction":[{"@type":"SearchAction","target":{"@type":"EntryPoint","urlTemplate":"https:\/\/www.laguiadepamplona.com\/actualidad\/?s={search_term_string}"},"query-input":{"@type":"PropertyValueSpecification","valueRequired":true,"valueName":"search_term_string"}}],"inLanguage":"es"},{"@type":"Organization","@id":"https:\/\/www.laguiadepamplona.com\/actualidad\/#organization","name":"La Gu\u00eda de Pamplona \/ Noticias","url":"https:\/\/www.laguiadepamplona.com\/actualidad\/","logo":{"@type":"ImageObject","inLanguage":"es","@id":"https:\/\/www.laguiadepamplona.com\/actualidad\/#\/schema\/logo\/image\/","url":"https:\/\/www.laguiadepamplona.com\/actualidad\/wp-content\/uploads\/2018\/11\/logo-laguiadepamplona18-web1.png","contentUrl":"https:\/\/www.laguiadepamplona.com\/actualidad\/wp-content\/uploads\/2018\/11\/logo-laguiadepamplona18-web1.png","width":600,"height":196,"caption":"La Gu\u00eda de Pamplona \/ Noticias"},"image":{"@id":"https:\/\/www.laguiadepamplona.com\/actualidad\/#\/schema\/logo\/image\/"},"sameAs":["https:\/\/www.facebook.com\/laguiadepamplonacom-133175176762273\/?ref=hl","https:\/\/x.com\/LaGuiadPamplona","https:\/\/www.instagram.com\/la_guia_de_pamplona\/","https:\/\/www.youtube.com\/user\/laguiadepamplona"]},{"@type":"Person","@id":"https:\/\/www.laguiadepamplona.com\/actualidad\/#\/schema\/person\/efe887376f0213d4657c93adc50b1fdb","name":"La Gu\u00eda de Pamplona","image":{"@type":"ImageObject","inLanguage":"es","@id":"https:\/\/secure.gravatar.com\/avatar\/b6992f131dc8d30ab0dff15446e9d346d9dbd95992de0fef795073f5ea83a81c?s=96&d=mm&r=g","url":"https:\/\/secure.gravatar.com\/avatar\/b6992f131dc8d30ab0dff15446e9d346d9dbd95992de0fef795073f5ea83a81c?s=96&d=mm&r=g","contentUrl":"https:\/\/secure.gravatar.com\/avatar\/b6992f131dc8d30ab0dff15446e9d346d9dbd95992de0fef795073f5ea83a81c?s=96&d=mm&r=g","caption":"La Gu\u00eda de Pamplona"}}]}},"post_mailing_queue_ids":[],"_links":{"self":[{"href":"https:\/\/www.laguiadepamplona.com\/actualidad\/wp-json\/wp\/v2\/posts\/49817","targetHints":{"allow":["GET"]}}],"collection":[{"href":"https:\/\/www.laguiadepamplona.com\/actualidad\/wp-json\/wp\/v2\/posts"}],"about":[{"href":"https:\/\/www.laguiadepamplona.com\/actualidad\/wp-json\/wp\/v2\/types\/post"}],"author":[{"embeddable":true,"href":"https:\/\/www.laguiadepamplona.com\/actualidad\/wp-json\/wp\/v2\/users\/1"}],"replies":[{"embeddable":true,"href":"https:\/\/www.laguiadepamplona.com\/actualidad\/wp-json\/wp\/v2\/comments?post=49817"}],"version-history":[{"count":1,"href":"https:\/\/www.laguiadepamplona.com\/actualidad\/wp-json\/wp\/v2\/posts\/49817\/revisions"}],"predecessor-version":[{"id":49819,"href":"https:\/\/www.laguiadepamplona.com\/actualidad\/wp-json\/wp\/v2\/posts\/49817\/revisions\/49819"}],"wp:featuredmedia":[{"embeddable":true,"href":"https:\/\/www.laguiadepamplona.com\/actualidad\/wp-json\/wp\/v2\/media\/49818"}],"wp:attachment":[{"href":"https:\/\/www.laguiadepamplona.com\/actualidad\/wp-json\/wp\/v2\/media?parent=49817"}],"wp:term":[{"taxonomy":"category","embeddable":true,"href":"https:\/\/www.laguiadepamplona.com\/actualidad\/wp-json\/wp\/v2\/categories?post=49817"},{"taxonomy":"post_tag","embeddable":true,"href":"https:\/\/www.laguiadepamplona.com\/actualidad\/wp-json\/wp\/v2\/tags?post=49817"}],"curies":[{"name":"wp","href":"https:\/\/api.w.org\/{rel}","templated":true}]}}