{"id":49797,"date":"2024-05-21T19:10:39","date_gmt":"2024-05-21T17:10:39","guid":{"rendered":"https:\/\/www.laguiadepamplona.com\/actualidad\/?p=49797"},"modified":"2024-05-21T19:10:39","modified_gmt":"2024-05-21T17:10:39","slug":"el-ayuntamiento-de-pamplona-celebra-el-dia-mundial-de-la-diversidad-cultural-para-el-dialogo-y-el-desarrollo-con-una-recepcion-en-condestable-a-una-treintena-de-asociaciones","status":"publish","type":"post","link":"https:\/\/www.laguiadepamplona.com\/actualidad\/el-ayuntamiento-de-pamplona-celebra-el-dia-mundial-de-la-diversidad-cultural-para-el-dialogo-y-el-desarrollo-con-una-recepcion-en-condestable-a-una-treintena-de-asociaciones\/","title":{"rendered":"El Ayuntamiento de Pamplona celebra el D\u00eda Mundial de la Diversidad Cultural para el Di\u00e1logo y el Desarrollo con una recepci\u00f3n en Condestable a una treintena de asociaciones"},"content":{"rendered":"<h2>La lectura de poes\u00edas africanas, las danzas colombianas o un aperitivo sirio han visibilizado la diversidad cultural que existe en Pamplona<\/h2>\n<p><!--more--><\/p>\n<p>Alrededor de una treintena de asociaciones y entidades integrantes del Foro de la Diversidad Cultural de Pamplona han participado en la recepci\u00f3n que el Ayuntamiento ha organizado esta tarde en Condestable para celebrar el D\u00eda Mundial de la Diversidad Cultural para el Di\u00e1logo y el Desarrollo. El alcalde de Pamplona, Joseba Asiron, y miembros de la Corporaci\u00f3n municipal han asistido a un acto en el que varias asociaciones han ejemplificado la diversidad con diferentes expresiones culturales.<\/p>\n<p>La Declaraci\u00f3n Universal de la UNESCO sobre la Diversidad Cultural se aprob\u00f3 en 2001. La Asamblea General de las Naciones Unidas declar\u00f3 el 21 de mayo como el D\u00eda Mundial de la Diversidad Cultural para el Di\u00e1logo y el Desarrollo. Se trata de una jornada para profundizar en retos como concienciar sobre la importancia del di\u00e1logo intercultural, el derecho a la diferencia, la diversidad y la inclusi\u00f3n; lograr que las personas se comprometan y apoyen la diversidad cultural mediante gestos reales; o combatir la polarizaci\u00f3n y los estereotipos para mejorar la cooperaci\u00f3n y el entendimiento entre personas de diferentes culturas que habitan un mismo territorio.<\/p>\n<p>Esta tarde el alcalde de Pamplona, Joseba Asiron ha insistido en que la diversidad \u201ces una aut\u00e9ntica oportunidad. Una oportunidad para enriquecernos en lo social, en lo econ\u00f3mico, en lo educativo y en lo cultural\u201d. El objetivo fundamental de este d\u00eda y esta celebraci\u00f3n es ayudar a comprender a la ciudadan\u00eda el valor de la diversidad cultural y mejorar la convivencia. En representaci\u00f3n de las asociaciones del Foro de la Diversidad Cultural de Pamplona, este a\u00f1o se ha querido dar voz a la comunidad marroqu\u00ed presente en la ciudad con la intervenci\u00f3n de Abou Lkacem Benhallou Mouloudi, miembro de la Plataforma Marroqu\u00eds en Navarra.<\/p>\n<p>La diversidad cultural existente en Pamplona se ha expresado con varios ejemplos que han contado con su momento especial durante la recepci\u00f3n. Mujeres j\u00f3venes africanas de la asociaci\u00f3n Black Power Pamplona han le\u00eddo diferentes fragmentos de poes\u00eda africana y personas de la asociaci\u00f3n ASOCOLON han bailado danzas tradicionales originarias de Colombia. El acto ha concluido con un aperitivo realizado por el establecimiento de comida siria Damasco, elaborado por un grupo de personas sirias residentes en Pamplona.<\/p>\n<p><strong>Actividades en la Casa de la Juventud<\/strong><br \/>\nEn torno a esta celebraci\u00f3n, se han organizado m\u00e1s actividades enmarcadas en el I Plan de Diversidad Cultural y Ciudadan\u00eda Inclusiva (2023 \u2013 2026). La Casa de la Juventud acoge hasta el 3 de junio la exposici\u00f3n fotogr\u00e1fica \u2018Tras los rumores, las personas\u2019. La propagaci\u00f3n de rumores infundados, estereotipos negativos y prejuicios sobre las personas migrantes obstaculizan gravemente la convivencia en la sociedad. Ello provoca intolerancia, desigualdad y discriminaci\u00f3n, aspectos que minan la cohesi\u00f3n social. En esta exposici\u00f3n, personas residentes en Navarra, la mayor\u00eda vecinas de Burlada, ayudan a desmontar estos rumores prestando su imagen para esta muestra.<\/p>\n<p>Adem\u00e1s, el jueves 30 de mayo, en la misma sala en la que se expone la muestra, se celebrar\u00e1 un taller formativo sobre el proyecto Cuadrillas de Acogida que realiza Kabia, un proyecto comunitario de la Asociaci\u00f3n Lantxotegi Elkartea que promueve encuentros improbables para fomentar la inclusi\u00f3n de j\u00f3venes migrantes de Pamplona de 18 a 30 a\u00f1os.<\/p>\n<p>&nbsp;<\/p>\n<h3>ENTIDADES PARTICIPANTES<\/h3>\n<p>\u2022\u00a0\u00a0 \u00a0Morenada Central Oruro<br \/>\n\u2022\u00a0\u00a0 \u00a0Rosa Bulgaria<br \/>\n\u2022\u00a0\u00a0 \u00a0Tinkus San Sim\u00f3n filial Navarra<br \/>\n\u2022\u00a0\u00a0 \u00a0Tinkus Tiataco<br \/>\n\u2022\u00a0\u00a0 \u00a0Fuerza Peruana<br \/>\n\u2022\u00a0\u00a0 \u00a0APROENA<br \/>\n\u2022\u00a0\u00a0 \u00a0Afrika United<br \/>\n\u2022\u00a0\u00a0 \u00a0Asociaci\u00f3n Cultural Munata Folklor Boliviano<br \/>\n\u2022\u00a0\u00a0 \u00a0Morenada Central Comunidad Cocani<br \/>\n\u2022\u00a0\u00a0 \u00a0ASOCOLON<br \/>\n\u2022\u00a0\u00a0 \u00a0C\u00edrculo Iberoamericano de Navarra<br \/>\n\u2022\u00a0\u00a0 \u00a0Alas de Ucrania<br \/>\n\u2022\u00a0\u00a0 \u00a0EH 11 KOLORE<br \/>\n\u2022\u00a0\u00a0 \u00a0Black Power Pamplona<br \/>\n\u2022\u00a0\u00a0 \u00a0Fundaci\u00f3n Secretariado Gitano<br \/>\n\u2022\u00a0\u00a0 \u00a0Nabarra Alkitab<br \/>\n\u2022\u00a0\u00a0 \u00a0Casa Chile<br \/>\n\u2022\u00a0\u00a0 \u00a0Asociaci\u00f3n Puentes Abiertos para la convivencia<br \/>\n\u2022\u00a0\u00a0 \u00a0Alpargatika<br \/>\n\u2022\u00a0\u00a0 \u00a0ASVENA<br \/>\n\u2022\u00a0\u00a0 \u00a0FAIN (Federaci\u00f3n Asociaci\u00f3n Inmigrantes)<br \/>\n\u2022\u00a0\u00a0 \u00a0Asociaci\u00f3n RUMI\u00d1AHUI Navarra<br \/>\n\u2022\u00a0\u00a0 \u00a0Fraternidad Elegantes<br \/>\n\u2022\u00a0\u00a0 \u00a0Plataforma marroqu\u00eds en Navarra<br \/>\n\u2022\u00a0\u00a0 \u00a0Federaci\u00f3n Casa de las Naciones<br \/>\n\u2022\u00a0\u00a0 \u00a0Grupo de danzas folcl\u00f3ricas Pirina Bulgaria<br \/>\n\u2022\u00a0\u00a0 \u00a0SARX (Servicio de Atenci\u00f3n frente al Racismo y Xenofobia) y el SMEICI (Servicio de Mediaci\u00f3n e Intervenci\u00f3n Comunitaria intercultural)<br \/>\n\u2022\u00a0\u00a0 \u00a0SEI (Servicio Educativo Intercultural)<\/p>\n","protected":false},"excerpt":{"rendered":"<p>La lectura de poes\u00edas africanas, las danzas colombianas o un aperitivo sirio han visibilizado la diversidad cultural que existe en Pamplona<\/p>\n","protected":false},"author":1,"featured_media":49798,"comment_status":"open","ping_status":"closed","sticky":false,"template":"","format":"standard","meta":{"footnotes":""},"categories":[2],"tags":[],"class_list":["post-49797","post","type-post","status-publish","format-standard","has-post-thumbnail","hentry","category-ayuntamiento-pamplona"],"yoast_head":"<!-- This site is optimized with the Yoast SEO plugin v27.3 - https:\/\/yoast.com\/product\/yoast-seo-wordpress\/ -->\n<title>El Ayuntamiento de Pamplona celebra el D\u00eda Mundial de la Diversidad Cultural para el Di\u00e1logo y el Desarrollo con una recepci\u00f3n en Condestable a una treintena de asociaciones<\/title>\n<meta name=\"description\" content=\"La lectura de poes\u00edas africanas, las danzas colombianas o un aperitivo sirio han visibilizado la diversidad cultural que existe en Pamplona\" \/>\n<meta name=\"robots\" content=\"index, follow, max-snippet:-1, max-image-preview:large, max-video-preview:-1\" \/>\n<link rel=\"canonical\" href=\"https:\/\/www.laguiadepamplona.com\/actualidad\/el-ayuntamiento-de-pamplona-celebra-el-dia-mundial-de-la-diversidad-cultural-para-el-dialogo-y-el-desarrollo-con-una-recepcion-en-condestable-a-una-treintena-de-asociaciones\/\" \/>\n<meta property=\"og:locale\" content=\"es_ES\" \/>\n<meta property=\"og:type\" content=\"article\" \/>\n<meta property=\"og:title\" content=\"El Ayuntamiento de Pamplona celebra el D\u00eda Mundial de la Diversidad Cultural para el Di\u00e1logo y el Desarrollo con una recepci\u00f3n en Condestable a una treintena de asociaciones\" \/>\n<meta property=\"og:description\" content=\"La lectura de poes\u00edas africanas, las danzas colombianas o un aperitivo sirio han visibilizado la diversidad cultural que existe en Pamplona\" \/>\n<meta property=\"og:url\" content=\"https:\/\/www.laguiadepamplona.com\/actualidad\/el-ayuntamiento-de-pamplona-celebra-el-dia-mundial-de-la-diversidad-cultural-para-el-dialogo-y-el-desarrollo-con-una-recepcion-en-condestable-a-una-treintena-de-asociaciones\/\" \/>\n<meta property=\"og:site_name\" content=\"La Gu\u00eda de Pamplona\" \/>\n<meta property=\"article:publisher\" content=\"https:\/\/www.facebook.com\/laguiadepamplonacom-133175176762273\/?ref=hl\" \/>\n<meta property=\"article:published_time\" content=\"2024-05-21T17:10:39+00:00\" \/>\n<meta property=\"og:image\" content=\"https:\/\/www.laguiadepamplona.com\/actualidad\/wp-content\/uploads\/2024\/05\/Recepcion_diversidad_cultural_4.webp\" \/>\n\t<meta property=\"og:image:width\" content=\"1000\" \/>\n\t<meta property=\"og:image:height\" content=\"667\" \/>\n\t<meta property=\"og:image:type\" content=\"image\/webp\" \/>\n<meta name=\"author\" content=\"La Gu\u00eda de Pamplona\" \/>\n<meta name=\"twitter:card\" content=\"summary_large_image\" \/>\n<meta name=\"twitter:creator\" content=\"@LaGuiadPamplona\" \/>\n<meta name=\"twitter:site\" content=\"@LaGuiadPamplona\" \/>\n<meta name=\"twitter:label1\" content=\"Escrito por\" \/>\n\t<meta name=\"twitter:data1\" content=\"La Gu\u00eda de Pamplona\" \/>\n\t<meta name=\"twitter:label2\" content=\"Tiempo de lectura\" \/>\n\t<meta name=\"twitter:data2\" content=\"4 minutos\" \/>\n<script type=\"application\/ld+json\" class=\"yoast-schema-graph\">{\"@context\":\"https:\\\/\\\/schema.org\",\"@graph\":[{\"@type\":\"Article\",\"@id\":\"https:\\\/\\\/www.laguiadepamplona.com\\\/actualidad\\\/el-ayuntamiento-de-pamplona-celebra-el-dia-mundial-de-la-diversidad-cultural-para-el-dialogo-y-el-desarrollo-con-una-recepcion-en-condestable-a-una-treintena-de-asociaciones\\\/#article\",\"isPartOf\":{\"@id\":\"https:\\\/\\\/www.laguiadepamplona.com\\\/actualidad\\\/el-ayuntamiento-de-pamplona-celebra-el-dia-mundial-de-la-diversidad-cultural-para-el-dialogo-y-el-desarrollo-con-una-recepcion-en-condestable-a-una-treintena-de-asociaciones\\\/\"},\"author\":{\"name\":\"La Gu\u00eda de Pamplona\",\"@id\":\"https:\\\/\\\/www.laguiadepamplona.com\\\/actualidad\\\/#\\\/schema\\\/person\\\/efe887376f0213d4657c93adc50b1fdb\"},\"headline\":\"El Ayuntamiento de Pamplona celebra el D\u00eda Mundial de la Diversidad Cultural para el Di\u00e1logo y el Desarrollo con una recepci\u00f3n en Condestable a una treintena de asociaciones\",\"datePublished\":\"2024-05-21T17:10:39+00:00\",\"mainEntityOfPage\":{\"@id\":\"https:\\\/\\\/www.laguiadepamplona.com\\\/actualidad\\\/el-ayuntamiento-de-pamplona-celebra-el-dia-mundial-de-la-diversidad-cultural-para-el-dialogo-y-el-desarrollo-con-una-recepcion-en-condestable-a-una-treintena-de-asociaciones\\\/\"},\"wordCount\":727,\"commentCount\":0,\"publisher\":{\"@id\":\"https:\\\/\\\/www.laguiadepamplona.com\\\/actualidad\\\/#organization\"},\"image\":{\"@id\":\"https:\\\/\\\/www.laguiadepamplona.com\\\/actualidad\\\/el-ayuntamiento-de-pamplona-celebra-el-dia-mundial-de-la-diversidad-cultural-para-el-dialogo-y-el-desarrollo-con-una-recepcion-en-condestable-a-una-treintena-de-asociaciones\\\/#primaryimage\"},\"thumbnailUrl\":\"https:\\\/\\\/www.laguiadepamplona.com\\\/actualidad\\\/wp-content\\\/uploads\\\/2024\\\/05\\\/Recepcion_diversidad_cultural_4.webp\",\"articleSection\":[\"Ayto Pamplona\"],\"inLanguage\":\"es\",\"potentialAction\":[{\"@type\":\"CommentAction\",\"name\":\"Comment\",\"target\":[\"https:\\\/\\\/www.laguiadepamplona.com\\\/actualidad\\\/el-ayuntamiento-de-pamplona-celebra-el-dia-mundial-de-la-diversidad-cultural-para-el-dialogo-y-el-desarrollo-con-una-recepcion-en-condestable-a-una-treintena-de-asociaciones\\\/#respond\"]}]},{\"@type\":\"WebPage\",\"@id\":\"https:\\\/\\\/www.laguiadepamplona.com\\\/actualidad\\\/el-ayuntamiento-de-pamplona-celebra-el-dia-mundial-de-la-diversidad-cultural-para-el-dialogo-y-el-desarrollo-con-una-recepcion-en-condestable-a-una-treintena-de-asociaciones\\\/\",\"url\":\"https:\\\/\\\/www.laguiadepamplona.com\\\/actualidad\\\/el-ayuntamiento-de-pamplona-celebra-el-dia-mundial-de-la-diversidad-cultural-para-el-dialogo-y-el-desarrollo-con-una-recepcion-en-condestable-a-una-treintena-de-asociaciones\\\/\",\"name\":\"El Ayuntamiento de Pamplona celebra el D\u00eda Mundial de la Diversidad Cultural para el Di\u00e1logo y el Desarrollo con una recepci\u00f3n en Condestable a una treintena de asociaciones\",\"isPartOf\":{\"@id\":\"https:\\\/\\\/www.laguiadepamplona.com\\\/actualidad\\\/#website\"},\"primaryImageOfPage\":{\"@id\":\"https:\\\/\\\/www.laguiadepamplona.com\\\/actualidad\\\/el-ayuntamiento-de-pamplona-celebra-el-dia-mundial-de-la-diversidad-cultural-para-el-dialogo-y-el-desarrollo-con-una-recepcion-en-condestable-a-una-treintena-de-asociaciones\\\/#primaryimage\"},\"image\":{\"@id\":\"https:\\\/\\\/www.laguiadepamplona.com\\\/actualidad\\\/el-ayuntamiento-de-pamplona-celebra-el-dia-mundial-de-la-diversidad-cultural-para-el-dialogo-y-el-desarrollo-con-una-recepcion-en-condestable-a-una-treintena-de-asociaciones\\\/#primaryimage\"},\"thumbnailUrl\":\"https:\\\/\\\/www.laguiadepamplona.com\\\/actualidad\\\/wp-content\\\/uploads\\\/2024\\\/05\\\/Recepcion_diversidad_cultural_4.webp\",\"datePublished\":\"2024-05-21T17:10:39+00:00\",\"description\":\"La lectura de poes\u00edas africanas, las danzas colombianas o un aperitivo sirio han visibilizado la diversidad cultural que existe en Pamplona\",\"breadcrumb\":{\"@id\":\"https:\\\/\\\/www.laguiadepamplona.com\\\/actualidad\\\/el-ayuntamiento-de-pamplona-celebra-el-dia-mundial-de-la-diversidad-cultural-para-el-dialogo-y-el-desarrollo-con-una-recepcion-en-condestable-a-una-treintena-de-asociaciones\\\/#breadcrumb\"},\"inLanguage\":\"es\",\"potentialAction\":[{\"@type\":\"ReadAction\",\"target\":[\"https:\\\/\\\/www.laguiadepamplona.com\\\/actualidad\\\/el-ayuntamiento-de-pamplona-celebra-el-dia-mundial-de-la-diversidad-cultural-para-el-dialogo-y-el-desarrollo-con-una-recepcion-en-condestable-a-una-treintena-de-asociaciones\\\/\"]}]},{\"@type\":\"ImageObject\",\"inLanguage\":\"es\",\"@id\":\"https:\\\/\\\/www.laguiadepamplona.com\\\/actualidad\\\/el-ayuntamiento-de-pamplona-celebra-el-dia-mundial-de-la-diversidad-cultural-para-el-dialogo-y-el-desarrollo-con-una-recepcion-en-condestable-a-una-treintena-de-asociaciones\\\/#primaryimage\",\"url\":\"https:\\\/\\\/www.laguiadepamplona.com\\\/actualidad\\\/wp-content\\\/uploads\\\/2024\\\/05\\\/Recepcion_diversidad_cultural_4.webp\",\"contentUrl\":\"https:\\\/\\\/www.laguiadepamplona.com\\\/actualidad\\\/wp-content\\\/uploads\\\/2024\\\/05\\\/Recepcion_diversidad_cultural_4.webp\",\"width\":1000,\"height\":667,\"caption\":\"recepci\u00f3n diversidad cultural\"},{\"@type\":\"BreadcrumbList\",\"@id\":\"https:\\\/\\\/www.laguiadepamplona.com\\\/actualidad\\\/el-ayuntamiento-de-pamplona-celebra-el-dia-mundial-de-la-diversidad-cultural-para-el-dialogo-y-el-desarrollo-con-una-recepcion-en-condestable-a-una-treintena-de-asociaciones\\\/#breadcrumb\",\"itemListElement\":[{\"@type\":\"ListItem\",\"position\":1,\"name\":\"Portada\",\"item\":\"https:\\\/\\\/www.laguiadepamplona.com\\\/actualidad\\\/\"},{\"@type\":\"ListItem\",\"position\":2,\"name\":\"El Ayuntamiento de Pamplona celebra el D\u00eda Mundial de la Diversidad Cultural para el Di\u00e1logo y el Desarrollo con una recepci\u00f3n en Condestable a una treintena de asociaciones\"}]},{\"@type\":\"WebSite\",\"@id\":\"https:\\\/\\\/www.laguiadepamplona.com\\\/actualidad\\\/#website\",\"url\":\"https:\\\/\\\/www.laguiadepamplona.com\\\/actualidad\\\/\",\"name\":\"La gu\u00eda de Pamplona\",\"description\":\"Noticias de Pamplona\",\"publisher\":{\"@id\":\"https:\\\/\\\/www.laguiadepamplona.com\\\/actualidad\\\/#organization\"},\"potentialAction\":[{\"@type\":\"SearchAction\",\"target\":{\"@type\":\"EntryPoint\",\"urlTemplate\":\"https:\\\/\\\/www.laguiadepamplona.com\\\/actualidad\\\/?s={search_term_string}\"},\"query-input\":{\"@type\":\"PropertyValueSpecification\",\"valueRequired\":true,\"valueName\":\"search_term_string\"}}],\"inLanguage\":\"es\"},{\"@type\":\"Organization\",\"@id\":\"https:\\\/\\\/www.laguiadepamplona.com\\\/actualidad\\\/#organization\",\"name\":\"La Gu\u00eda de Pamplona \\\/ Noticias\",\"url\":\"https:\\\/\\\/www.laguiadepamplona.com\\\/actualidad\\\/\",\"logo\":{\"@type\":\"ImageObject\",\"inLanguage\":\"es\",\"@id\":\"https:\\\/\\\/www.laguiadepamplona.com\\\/actualidad\\\/#\\\/schema\\\/logo\\\/image\\\/\",\"url\":\"https:\\\/\\\/www.laguiadepamplona.com\\\/actualidad\\\/wp-content\\\/uploads\\\/2018\\\/11\\\/logo-laguiadepamplona18-web1.png\",\"contentUrl\":\"https:\\\/\\\/www.laguiadepamplona.com\\\/actualidad\\\/wp-content\\\/uploads\\\/2018\\\/11\\\/logo-laguiadepamplona18-web1.png\",\"width\":600,\"height\":196,\"caption\":\"La Gu\u00eda de Pamplona \\\/ Noticias\"},\"image\":{\"@id\":\"https:\\\/\\\/www.laguiadepamplona.com\\\/actualidad\\\/#\\\/schema\\\/logo\\\/image\\\/\"},\"sameAs\":[\"https:\\\/\\\/www.facebook.com\\\/laguiadepamplonacom-133175176762273\\\/?ref=hl\",\"https:\\\/\\\/x.com\\\/LaGuiadPamplona\",\"https:\\\/\\\/www.instagram.com\\\/la_guia_de_pamplona\\\/\",\"https:\\\/\\\/www.youtube.com\\\/user\\\/laguiadepamplona\"]},{\"@type\":\"Person\",\"@id\":\"https:\\\/\\\/www.laguiadepamplona.com\\\/actualidad\\\/#\\\/schema\\\/person\\\/efe887376f0213d4657c93adc50b1fdb\",\"name\":\"La Gu\u00eda de Pamplona\",\"image\":{\"@type\":\"ImageObject\",\"inLanguage\":\"es\",\"@id\":\"https:\\\/\\\/secure.gravatar.com\\\/avatar\\\/b6992f131dc8d30ab0dff15446e9d346d9dbd95992de0fef795073f5ea83a81c?s=96&d=mm&r=g\",\"url\":\"https:\\\/\\\/secure.gravatar.com\\\/avatar\\\/b6992f131dc8d30ab0dff15446e9d346d9dbd95992de0fef795073f5ea83a81c?s=96&d=mm&r=g\",\"contentUrl\":\"https:\\\/\\\/secure.gravatar.com\\\/avatar\\\/b6992f131dc8d30ab0dff15446e9d346d9dbd95992de0fef795073f5ea83a81c?s=96&d=mm&r=g\",\"caption\":\"La Gu\u00eda de Pamplona\"}}]}<\/script>\n<!-- \/ Yoast SEO plugin. -->","yoast_head_json":{"title":"El Ayuntamiento de Pamplona celebra el D\u00eda Mundial de la Diversidad Cultural para el Di\u00e1logo y el Desarrollo con una recepci\u00f3n en Condestable a una treintena de asociaciones","description":"La lectura de poes\u00edas africanas, las danzas colombianas o un aperitivo sirio han visibilizado la diversidad cultural que existe en Pamplona","robots":{"index":"index","follow":"follow","max-snippet":"max-snippet:-1","max-image-preview":"max-image-preview:large","max-video-preview":"max-video-preview:-1"},"canonical":"https:\/\/www.laguiadepamplona.com\/actualidad\/el-ayuntamiento-de-pamplona-celebra-el-dia-mundial-de-la-diversidad-cultural-para-el-dialogo-y-el-desarrollo-con-una-recepcion-en-condestable-a-una-treintena-de-asociaciones\/","og_locale":"es_ES","og_type":"article","og_title":"El Ayuntamiento de Pamplona celebra el D\u00eda Mundial de la Diversidad Cultural para el Di\u00e1logo y el Desarrollo con una recepci\u00f3n en Condestable a una treintena de asociaciones","og_description":"La lectura de poes\u00edas africanas, las danzas colombianas o un aperitivo sirio han visibilizado la diversidad cultural que existe en Pamplona","og_url":"https:\/\/www.laguiadepamplona.com\/actualidad\/el-ayuntamiento-de-pamplona-celebra-el-dia-mundial-de-la-diversidad-cultural-para-el-dialogo-y-el-desarrollo-con-una-recepcion-en-condestable-a-una-treintena-de-asociaciones\/","og_site_name":"La Gu\u00eda de Pamplona","article_publisher":"https:\/\/www.facebook.com\/laguiadepamplonacom-133175176762273\/?ref=hl","article_published_time":"2024-05-21T17:10:39+00:00","og_image":[{"width":1000,"height":667,"url":"https:\/\/www.laguiadepamplona.com\/actualidad\/wp-content\/uploads\/2024\/05\/Recepcion_diversidad_cultural_4.webp","type":"image\/webp"}],"author":"La Gu\u00eda de Pamplona","twitter_card":"summary_large_image","twitter_creator":"@LaGuiadPamplona","twitter_site":"@LaGuiadPamplona","twitter_misc":{"Escrito por":"La Gu\u00eda de Pamplona","Tiempo de lectura":"4 minutos"},"schema":{"@context":"https:\/\/schema.org","@graph":[{"@type":"Article","@id":"https:\/\/www.laguiadepamplona.com\/actualidad\/el-ayuntamiento-de-pamplona-celebra-el-dia-mundial-de-la-diversidad-cultural-para-el-dialogo-y-el-desarrollo-con-una-recepcion-en-condestable-a-una-treintena-de-asociaciones\/#article","isPartOf":{"@id":"https:\/\/www.laguiadepamplona.com\/actualidad\/el-ayuntamiento-de-pamplona-celebra-el-dia-mundial-de-la-diversidad-cultural-para-el-dialogo-y-el-desarrollo-con-una-recepcion-en-condestable-a-una-treintena-de-asociaciones\/"},"author":{"name":"La Gu\u00eda de Pamplona","@id":"https:\/\/www.laguiadepamplona.com\/actualidad\/#\/schema\/person\/efe887376f0213d4657c93adc50b1fdb"},"headline":"El Ayuntamiento de Pamplona celebra el D\u00eda Mundial de la Diversidad Cultural para el Di\u00e1logo y el Desarrollo con una recepci\u00f3n en Condestable a una treintena de asociaciones","datePublished":"2024-05-21T17:10:39+00:00","mainEntityOfPage":{"@id":"https:\/\/www.laguiadepamplona.com\/actualidad\/el-ayuntamiento-de-pamplona-celebra-el-dia-mundial-de-la-diversidad-cultural-para-el-dialogo-y-el-desarrollo-con-una-recepcion-en-condestable-a-una-treintena-de-asociaciones\/"},"wordCount":727,"commentCount":0,"publisher":{"@id":"https:\/\/www.laguiadepamplona.com\/actualidad\/#organization"},"image":{"@id":"https:\/\/www.laguiadepamplona.com\/actualidad\/el-ayuntamiento-de-pamplona-celebra-el-dia-mundial-de-la-diversidad-cultural-para-el-dialogo-y-el-desarrollo-con-una-recepcion-en-condestable-a-una-treintena-de-asociaciones\/#primaryimage"},"thumbnailUrl":"https:\/\/www.laguiadepamplona.com\/actualidad\/wp-content\/uploads\/2024\/05\/Recepcion_diversidad_cultural_4.webp","articleSection":["Ayto Pamplona"],"inLanguage":"es","potentialAction":[{"@type":"CommentAction","name":"Comment","target":["https:\/\/www.laguiadepamplona.com\/actualidad\/el-ayuntamiento-de-pamplona-celebra-el-dia-mundial-de-la-diversidad-cultural-para-el-dialogo-y-el-desarrollo-con-una-recepcion-en-condestable-a-una-treintena-de-asociaciones\/#respond"]}]},{"@type":"WebPage","@id":"https:\/\/www.laguiadepamplona.com\/actualidad\/el-ayuntamiento-de-pamplona-celebra-el-dia-mundial-de-la-diversidad-cultural-para-el-dialogo-y-el-desarrollo-con-una-recepcion-en-condestable-a-una-treintena-de-asociaciones\/","url":"https:\/\/www.laguiadepamplona.com\/actualidad\/el-ayuntamiento-de-pamplona-celebra-el-dia-mundial-de-la-diversidad-cultural-para-el-dialogo-y-el-desarrollo-con-una-recepcion-en-condestable-a-una-treintena-de-asociaciones\/","name":"El Ayuntamiento de Pamplona celebra el D\u00eda Mundial de la Diversidad Cultural para el Di\u00e1logo y el Desarrollo con una recepci\u00f3n en Condestable a una treintena de asociaciones","isPartOf":{"@id":"https:\/\/www.laguiadepamplona.com\/actualidad\/#website"},"primaryImageOfPage":{"@id":"https:\/\/www.laguiadepamplona.com\/actualidad\/el-ayuntamiento-de-pamplona-celebra-el-dia-mundial-de-la-diversidad-cultural-para-el-dialogo-y-el-desarrollo-con-una-recepcion-en-condestable-a-una-treintena-de-asociaciones\/#primaryimage"},"image":{"@id":"https:\/\/www.laguiadepamplona.com\/actualidad\/el-ayuntamiento-de-pamplona-celebra-el-dia-mundial-de-la-diversidad-cultural-para-el-dialogo-y-el-desarrollo-con-una-recepcion-en-condestable-a-una-treintena-de-asociaciones\/#primaryimage"},"thumbnailUrl":"https:\/\/www.laguiadepamplona.com\/actualidad\/wp-content\/uploads\/2024\/05\/Recepcion_diversidad_cultural_4.webp","datePublished":"2024-05-21T17:10:39+00:00","description":"La lectura de poes\u00edas africanas, las danzas colombianas o un aperitivo sirio han visibilizado la diversidad cultural que existe en Pamplona","breadcrumb":{"@id":"https:\/\/www.laguiadepamplona.com\/actualidad\/el-ayuntamiento-de-pamplona-celebra-el-dia-mundial-de-la-diversidad-cultural-para-el-dialogo-y-el-desarrollo-con-una-recepcion-en-condestable-a-una-treintena-de-asociaciones\/#breadcrumb"},"inLanguage":"es","potentialAction":[{"@type":"ReadAction","target":["https:\/\/www.laguiadepamplona.com\/actualidad\/el-ayuntamiento-de-pamplona-celebra-el-dia-mundial-de-la-diversidad-cultural-para-el-dialogo-y-el-desarrollo-con-una-recepcion-en-condestable-a-una-treintena-de-asociaciones\/"]}]},{"@type":"ImageObject","inLanguage":"es","@id":"https:\/\/www.laguiadepamplona.com\/actualidad\/el-ayuntamiento-de-pamplona-celebra-el-dia-mundial-de-la-diversidad-cultural-para-el-dialogo-y-el-desarrollo-con-una-recepcion-en-condestable-a-una-treintena-de-asociaciones\/#primaryimage","url":"https:\/\/www.laguiadepamplona.com\/actualidad\/wp-content\/uploads\/2024\/05\/Recepcion_diversidad_cultural_4.webp","contentUrl":"https:\/\/www.laguiadepamplona.com\/actualidad\/wp-content\/uploads\/2024\/05\/Recepcion_diversidad_cultural_4.webp","width":1000,"height":667,"caption":"recepci\u00f3n diversidad cultural"},{"@type":"BreadcrumbList","@id":"https:\/\/www.laguiadepamplona.com\/actualidad\/el-ayuntamiento-de-pamplona-celebra-el-dia-mundial-de-la-diversidad-cultural-para-el-dialogo-y-el-desarrollo-con-una-recepcion-en-condestable-a-una-treintena-de-asociaciones\/#breadcrumb","itemListElement":[{"@type":"ListItem","position":1,"name":"Portada","item":"https:\/\/www.laguiadepamplona.com\/actualidad\/"},{"@type":"ListItem","position":2,"name":"El Ayuntamiento de Pamplona celebra el D\u00eda Mundial de la Diversidad Cultural para el Di\u00e1logo y el Desarrollo con una recepci\u00f3n en Condestable a una treintena de asociaciones"}]},{"@type":"WebSite","@id":"https:\/\/www.laguiadepamplona.com\/actualidad\/#website","url":"https:\/\/www.laguiadepamplona.com\/actualidad\/","name":"La gu\u00eda de Pamplona","description":"Noticias de Pamplona","publisher":{"@id":"https:\/\/www.laguiadepamplona.com\/actualidad\/#organization"},"potentialAction":[{"@type":"SearchAction","target":{"@type":"EntryPoint","urlTemplate":"https:\/\/www.laguiadepamplona.com\/actualidad\/?s={search_term_string}"},"query-input":{"@type":"PropertyValueSpecification","valueRequired":true,"valueName":"search_term_string"}}],"inLanguage":"es"},{"@type":"Organization","@id":"https:\/\/www.laguiadepamplona.com\/actualidad\/#organization","name":"La Gu\u00eda de Pamplona \/ Noticias","url":"https:\/\/www.laguiadepamplona.com\/actualidad\/","logo":{"@type":"ImageObject","inLanguage":"es","@id":"https:\/\/www.laguiadepamplona.com\/actualidad\/#\/schema\/logo\/image\/","url":"https:\/\/www.laguiadepamplona.com\/actualidad\/wp-content\/uploads\/2018\/11\/logo-laguiadepamplona18-web1.png","contentUrl":"https:\/\/www.laguiadepamplona.com\/actualidad\/wp-content\/uploads\/2018\/11\/logo-laguiadepamplona18-web1.png","width":600,"height":196,"caption":"La Gu\u00eda de Pamplona \/ Noticias"},"image":{"@id":"https:\/\/www.laguiadepamplona.com\/actualidad\/#\/schema\/logo\/image\/"},"sameAs":["https:\/\/www.facebook.com\/laguiadepamplonacom-133175176762273\/?ref=hl","https:\/\/x.com\/LaGuiadPamplona","https:\/\/www.instagram.com\/la_guia_de_pamplona\/","https:\/\/www.youtube.com\/user\/laguiadepamplona"]},{"@type":"Person","@id":"https:\/\/www.laguiadepamplona.com\/actualidad\/#\/schema\/person\/efe887376f0213d4657c93adc50b1fdb","name":"La Gu\u00eda de Pamplona","image":{"@type":"ImageObject","inLanguage":"es","@id":"https:\/\/secure.gravatar.com\/avatar\/b6992f131dc8d30ab0dff15446e9d346d9dbd95992de0fef795073f5ea83a81c?s=96&d=mm&r=g","url":"https:\/\/secure.gravatar.com\/avatar\/b6992f131dc8d30ab0dff15446e9d346d9dbd95992de0fef795073f5ea83a81c?s=96&d=mm&r=g","contentUrl":"https:\/\/secure.gravatar.com\/avatar\/b6992f131dc8d30ab0dff15446e9d346d9dbd95992de0fef795073f5ea83a81c?s=96&d=mm&r=g","caption":"La Gu\u00eda de Pamplona"}}]}},"post_mailing_queue_ids":[],"_links":{"self":[{"href":"https:\/\/www.laguiadepamplona.com\/actualidad\/wp-json\/wp\/v2\/posts\/49797","targetHints":{"allow":["GET"]}}],"collection":[{"href":"https:\/\/www.laguiadepamplona.com\/actualidad\/wp-json\/wp\/v2\/posts"}],"about":[{"href":"https:\/\/www.laguiadepamplona.com\/actualidad\/wp-json\/wp\/v2\/types\/post"}],"author":[{"embeddable":true,"href":"https:\/\/www.laguiadepamplona.com\/actualidad\/wp-json\/wp\/v2\/users\/1"}],"replies":[{"embeddable":true,"href":"https:\/\/www.laguiadepamplona.com\/actualidad\/wp-json\/wp\/v2\/comments?post=49797"}],"version-history":[{"count":1,"href":"https:\/\/www.laguiadepamplona.com\/actualidad\/wp-json\/wp\/v2\/posts\/49797\/revisions"}],"predecessor-version":[{"id":49799,"href":"https:\/\/www.laguiadepamplona.com\/actualidad\/wp-json\/wp\/v2\/posts\/49797\/revisions\/49799"}],"wp:featuredmedia":[{"embeddable":true,"href":"https:\/\/www.laguiadepamplona.com\/actualidad\/wp-json\/wp\/v2\/media\/49798"}],"wp:attachment":[{"href":"https:\/\/www.laguiadepamplona.com\/actualidad\/wp-json\/wp\/v2\/media?parent=49797"}],"wp:term":[{"taxonomy":"category","embeddable":true,"href":"https:\/\/www.laguiadepamplona.com\/actualidad\/wp-json\/wp\/v2\/categories?post=49797"},{"taxonomy":"post_tag","embeddable":true,"href":"https:\/\/www.laguiadepamplona.com\/actualidad\/wp-json\/wp\/v2\/tags?post=49797"}],"curies":[{"name":"wp","href":"https:\/\/api.w.org\/{rel}","templated":true}]}}