{"id":49768,"date":"2024-05-20T12:10:21","date_gmt":"2024-05-20T10:10:21","guid":{"rendered":"https:\/\/www.laguiadepamplona.com\/actualidad\/?p=49768"},"modified":"2024-05-20T12:10:21","modified_gmt":"2024-05-20T10:10:21","slug":"el-ayuntamiento-conoce-de-primera-mano-la-situacion-del-barrio-de-santa-maria-la-real","status":"publish","type":"post","link":"https:\/\/www.laguiadepamplona.com\/actualidad\/el-ayuntamiento-conoce-de-primera-mano-la-situacion-del-barrio-de-santa-maria-la-real\/","title":{"rendered":"El Ayuntamiento conoce de primera mano la situaci\u00f3n del barrio de Santa Mar\u00eda la Real"},"content":{"rendered":"<h2>La concejala de barrio, Aitziber Campi\u00f3n, y el concejal de Ciudad Habitable y Sostenible, Borja Izaguirre, visitan junto a vecinos los principales puntos de inter\u00e9s de la zona<br \/>\n<!--more--><\/h2>\n<p>Con el objetivo de conocer de primera mano la situaci\u00f3n de la poblaci\u00f3n de Santa Mar\u00eda la Real, la concejala de barrio Aitziber Campi\u00f3n y el concejal de Ciudad Habitable y Sostenible, Borja Izaguirre, han recorrido las principales calles del barrio, acompa\u00f1ados por una representaci\u00f3n de vecinos. Mejoras en la accesibilidad, reasfaltado, adecuaci\u00f3n de la jardinera y la creaci\u00f3n de nuevos espacios de estancia han sido algunas de las propuestas planteadas por el vecindario a lo largo del recorrido. Los representantes municipales, por su parte, se han comprometido a estudiar las demandas y atender las m\u00e1s sencillas lo antes posible.<\/p>\n<p>Buena parte de las peticiones vecinales radican en la propia idiosincrasia de un barrio inaugurado en 1963. Esas seis d\u00e9cadas que han transcurrido desde entonces han pasado factura a un urbanismo propio de otros tiempos, que necesita adaptarse a una nueva forma de vida y, sobre todo, a las necesidades de sus actuales moradores. Anclado entre el II Ensanche, Milagrosa y Soto de Lezkairu, el barrio de Santa Mar\u00eda la Real ha envejecido con el tiempo. De hecho, con un vecindario de m\u00e1s de 2.600 personas, en torno al 21% tiene m\u00e1s de 65 a\u00f1os. Han sido ellos los que han promovido este encuentro con Campi\u00f3n e Izaguirre, a trav\u00e9s de la Red de Mayores y de la reuni\u00f3n del Foro de Barrio celebrada recientemente.<\/p>\n<p>Tanto desde la Red de Mayores como desde Polic\u00eda Comunitaria han realizado una labor de recogida de informaci\u00f3n sobre cuestiones que requieren mejoras en el barrio. El grueso de las peticiones gira en torno a aspectos de conservaci\u00f3n urbana. Entre las propuestas, el vecindario solicita la creaci\u00f3n de zonas de estancia en la intersecci\u00f3n de la calle Altobizkar con la calle Iba\u00f1eta, donde solicitan la colocaci\u00f3n de un banco; y el acondicionamiento de la plaza Monte Mendaur, que presenta un aspecto descuidado con grietas en el firme y escaso mobiliario. Adem\u00e1s, solicitan un mejor aprovechamiento de la plaza Monte Alaiz 1-3, ya que es un espacio vac\u00edo sin mobiliario ni zona de juegos o de sombra. Adem\u00e1s, reclaman la mejora de la visibilidad y accesibilidad de los pasos de peatones de la calle Mutilva, a la altura de los n\u00fameros 32 y 36, y el repintado de los pasos de las calles Monjard\u00edn, Monte Lakartxela y Tajonar con la calle Bardenas Reales.<\/p>\n<p>Como actuaciones menores, el vecindario ha detectado una serie de incidencias con baldosas rotas o levantadas, arquetas hundidas, mejoras del asfaltado en algunas v\u00edas, como Monte Mendaur o Pico de Ori, o la necesidad de plantar \u00e1rboles en alcorques vac\u00edos. Tambi\u00e9n demandan una marquesina para el autob\u00fas en la calle Tajonar, a la altura del n\u00famero 3.<\/p>\n<p>Tras recorrer los principales puntos de inter\u00e9s, la concejala de barrio, Aitziber Campi\u00f3n, y el concejal de Ciudad Habitable y Sostenible, Borja Izaguirre, reconocen que hay cuestiones que pueden subsanarse a corto plazo.<\/p>\n","protected":false},"excerpt":{"rendered":"<p>La concejala de barrio, Aitziber Campi\u00f3n, y el concejal de Ciudad Habitable y Sostenible, Borja Izaguirre, visitan junto a vecinos los principales puntos de inter\u00e9s de la zona<\/p>\n","protected":false},"author":1,"featured_media":49769,"comment_status":"open","ping_status":"closed","sticky":false,"template":"","format":"standard","meta":{"footnotes":""},"categories":[2],"tags":[],"class_list":["post-49768","post","type-post","status-publish","format-standard","has-post-thumbnail","hentry","category-ayuntamiento-pamplona"],"yoast_head":"<!-- This site is optimized with the Yoast SEO plugin v27.5 - https:\/\/yoast.com\/product\/yoast-seo-wordpress\/ -->\n<title>El Ayuntamiento conoce de primera mano la situaci\u00f3n del barrio de Santa Mar\u00eda la Real<\/title>\n<meta name=\"description\" content=\"La concejala de barrio, Aitziber Campi\u00f3n, y el concejal de Ciudad Habitable y Sostenible, Borja Izaguirre, visitan junto a vecinos\" \/>\n<meta name=\"robots\" content=\"index, follow, max-snippet:-1, max-image-preview:large, max-video-preview:-1\" \/>\n<link rel=\"canonical\" href=\"https:\/\/www.laguiadepamplona.com\/actualidad\/el-ayuntamiento-conoce-de-primera-mano-la-situacion-del-barrio-de-santa-maria-la-real\/\" \/>\n<meta property=\"og:locale\" content=\"es_ES\" \/>\n<meta property=\"og:type\" content=\"article\" \/>\n<meta property=\"og:title\" content=\"El Ayuntamiento conoce de primera mano la situaci\u00f3n del barrio de Santa Mar\u00eda la Real\" \/>\n<meta property=\"og:description\" content=\"La concejala de barrio, Aitziber Campi\u00f3n, y el concejal de Ciudad Habitable y Sostenible, Borja Izaguirre, visitan junto a vecinos\" \/>\n<meta property=\"og:url\" content=\"https:\/\/www.laguiadepamplona.com\/actualidad\/el-ayuntamiento-conoce-de-primera-mano-la-situacion-del-barrio-de-santa-maria-la-real\/\" \/>\n<meta property=\"og:site_name\" content=\"La Gu\u00eda de Pamplona\" \/>\n<meta property=\"article:publisher\" content=\"https:\/\/www.facebook.com\/laguiadepamplonacom-133175176762273\/?ref=hl\" \/>\n<meta property=\"article:published_time\" content=\"2024-05-20T10:10:21+00:00\" \/>\n<meta property=\"og:image\" content=\"https:\/\/www.laguiadepamplona.com\/actualidad\/wp-content\/uploads\/2024\/05\/visitasantamarialareal1.webp\" \/>\n\t<meta property=\"og:image:width\" content=\"1000\" \/>\n\t<meta property=\"og:image:height\" content=\"666\" \/>\n\t<meta property=\"og:image:type\" content=\"image\/webp\" \/>\n<meta name=\"author\" content=\"La Gu\u00eda de Pamplona\" \/>\n<meta name=\"twitter:card\" content=\"summary_large_image\" \/>\n<meta name=\"twitter:creator\" content=\"@LaGuiadPamplona\" \/>\n<meta name=\"twitter:site\" content=\"@LaGuiadPamplona\" \/>\n<meta name=\"twitter:label1\" content=\"Escrito por\" \/>\n\t<meta name=\"twitter:data1\" content=\"La Gu\u00eda de Pamplona\" \/>\n\t<meta name=\"twitter:label2\" content=\"Tiempo de lectura\" \/>\n\t<meta name=\"twitter:data2\" content=\"3 minutos\" \/>\n<script type=\"application\/ld+json\" class=\"yoast-schema-graph\">{\"@context\":\"https:\\\/\\\/schema.org\",\"@graph\":[{\"@type\":\"Article\",\"@id\":\"https:\\\/\\\/www.laguiadepamplona.com\\\/actualidad\\\/el-ayuntamiento-conoce-de-primera-mano-la-situacion-del-barrio-de-santa-maria-la-real\\\/#article\",\"isPartOf\":{\"@id\":\"https:\\\/\\\/www.laguiadepamplona.com\\\/actualidad\\\/el-ayuntamiento-conoce-de-primera-mano-la-situacion-del-barrio-de-santa-maria-la-real\\\/\"},\"author\":{\"name\":\"La Gu\u00eda de Pamplona\",\"@id\":\"https:\\\/\\\/www.laguiadepamplona.com\\\/actualidad\\\/#\\\/schema\\\/person\\\/efe887376f0213d4657c93adc50b1fdb\"},\"headline\":\"El Ayuntamiento conoce de primera mano la situaci\u00f3n del barrio de Santa Mar\u00eda la Real\",\"datePublished\":\"2024-05-20T10:10:21+00:00\",\"mainEntityOfPage\":{\"@id\":\"https:\\\/\\\/www.laguiadepamplona.com\\\/actualidad\\\/el-ayuntamiento-conoce-de-primera-mano-la-situacion-del-barrio-de-santa-maria-la-real\\\/\"},\"wordCount\":553,\"commentCount\":0,\"publisher\":{\"@id\":\"https:\\\/\\\/www.laguiadepamplona.com\\\/actualidad\\\/#organization\"},\"image\":{\"@id\":\"https:\\\/\\\/www.laguiadepamplona.com\\\/actualidad\\\/el-ayuntamiento-conoce-de-primera-mano-la-situacion-del-barrio-de-santa-maria-la-real\\\/#primaryimage\"},\"thumbnailUrl\":\"https:\\\/\\\/www.laguiadepamplona.com\\\/actualidad\\\/wp-content\\\/uploads\\\/2024\\\/05\\\/visitasantamarialareal1.webp\",\"articleSection\":[\"Ayto Pamplona\"],\"inLanguage\":\"es\",\"potentialAction\":[{\"@type\":\"CommentAction\",\"name\":\"Comment\",\"target\":[\"https:\\\/\\\/www.laguiadepamplona.com\\\/actualidad\\\/el-ayuntamiento-conoce-de-primera-mano-la-situacion-del-barrio-de-santa-maria-la-real\\\/#respond\"]}]},{\"@type\":\"WebPage\",\"@id\":\"https:\\\/\\\/www.laguiadepamplona.com\\\/actualidad\\\/el-ayuntamiento-conoce-de-primera-mano-la-situacion-del-barrio-de-santa-maria-la-real\\\/\",\"url\":\"https:\\\/\\\/www.laguiadepamplona.com\\\/actualidad\\\/el-ayuntamiento-conoce-de-primera-mano-la-situacion-del-barrio-de-santa-maria-la-real\\\/\",\"name\":\"El Ayuntamiento conoce de primera mano la situaci\u00f3n del barrio de Santa Mar\u00eda la Real\",\"isPartOf\":{\"@id\":\"https:\\\/\\\/www.laguiadepamplona.com\\\/actualidad\\\/#website\"},\"primaryImageOfPage\":{\"@id\":\"https:\\\/\\\/www.laguiadepamplona.com\\\/actualidad\\\/el-ayuntamiento-conoce-de-primera-mano-la-situacion-del-barrio-de-santa-maria-la-real\\\/#primaryimage\"},\"image\":{\"@id\":\"https:\\\/\\\/www.laguiadepamplona.com\\\/actualidad\\\/el-ayuntamiento-conoce-de-primera-mano-la-situacion-del-barrio-de-santa-maria-la-real\\\/#primaryimage\"},\"thumbnailUrl\":\"https:\\\/\\\/www.laguiadepamplona.com\\\/actualidad\\\/wp-content\\\/uploads\\\/2024\\\/05\\\/visitasantamarialareal1.webp\",\"datePublished\":\"2024-05-20T10:10:21+00:00\",\"description\":\"La concejala de barrio, Aitziber Campi\u00f3n, y el concejal de Ciudad Habitable y Sostenible, Borja Izaguirre, visitan junto a vecinos\",\"breadcrumb\":{\"@id\":\"https:\\\/\\\/www.laguiadepamplona.com\\\/actualidad\\\/el-ayuntamiento-conoce-de-primera-mano-la-situacion-del-barrio-de-santa-maria-la-real\\\/#breadcrumb\"},\"inLanguage\":\"es\",\"potentialAction\":[{\"@type\":\"ReadAction\",\"target\":[\"https:\\\/\\\/www.laguiadepamplona.com\\\/actualidad\\\/el-ayuntamiento-conoce-de-primera-mano-la-situacion-del-barrio-de-santa-maria-la-real\\\/\"]}]},{\"@type\":\"ImageObject\",\"inLanguage\":\"es\",\"@id\":\"https:\\\/\\\/www.laguiadepamplona.com\\\/actualidad\\\/el-ayuntamiento-conoce-de-primera-mano-la-situacion-del-barrio-de-santa-maria-la-real\\\/#primaryimage\",\"url\":\"https:\\\/\\\/www.laguiadepamplona.com\\\/actualidad\\\/wp-content\\\/uploads\\\/2024\\\/05\\\/visitasantamarialareal1.webp\",\"contentUrl\":\"https:\\\/\\\/www.laguiadepamplona.com\\\/actualidad\\\/wp-content\\\/uploads\\\/2024\\\/05\\\/visitasantamarialareal1.webp\",\"width\":1000,\"height\":666,\"caption\":\"visita santa maria la real\"},{\"@type\":\"BreadcrumbList\",\"@id\":\"https:\\\/\\\/www.laguiadepamplona.com\\\/actualidad\\\/el-ayuntamiento-conoce-de-primera-mano-la-situacion-del-barrio-de-santa-maria-la-real\\\/#breadcrumb\",\"itemListElement\":[{\"@type\":\"ListItem\",\"position\":1,\"name\":\"Portada\",\"item\":\"https:\\\/\\\/www.laguiadepamplona.com\\\/actualidad\\\/\"},{\"@type\":\"ListItem\",\"position\":2,\"name\":\"El Ayuntamiento conoce de primera mano la situaci\u00f3n del barrio de Santa Mar\u00eda la Real\"}]},{\"@type\":\"WebSite\",\"@id\":\"https:\\\/\\\/www.laguiadepamplona.com\\\/actualidad\\\/#website\",\"url\":\"https:\\\/\\\/www.laguiadepamplona.com\\\/actualidad\\\/\",\"name\":\"La gu\u00eda de Pamplona\",\"description\":\"Noticias de Pamplona\",\"publisher\":{\"@id\":\"https:\\\/\\\/www.laguiadepamplona.com\\\/actualidad\\\/#organization\"},\"potentialAction\":[{\"@type\":\"SearchAction\",\"target\":{\"@type\":\"EntryPoint\",\"urlTemplate\":\"https:\\\/\\\/www.laguiadepamplona.com\\\/actualidad\\\/?s={search_term_string}\"},\"query-input\":{\"@type\":\"PropertyValueSpecification\",\"valueRequired\":true,\"valueName\":\"search_term_string\"}}],\"inLanguage\":\"es\"},{\"@type\":\"Organization\",\"@id\":\"https:\\\/\\\/www.laguiadepamplona.com\\\/actualidad\\\/#organization\",\"name\":\"La Gu\u00eda de Pamplona \\\/ Noticias\",\"url\":\"https:\\\/\\\/www.laguiadepamplona.com\\\/actualidad\\\/\",\"logo\":{\"@type\":\"ImageObject\",\"inLanguage\":\"es\",\"@id\":\"https:\\\/\\\/www.laguiadepamplona.com\\\/actualidad\\\/#\\\/schema\\\/logo\\\/image\\\/\",\"url\":\"https:\\\/\\\/www.laguiadepamplona.com\\\/actualidad\\\/wp-content\\\/uploads\\\/2018\\\/11\\\/logo-laguiadepamplona18-web1.png\",\"contentUrl\":\"https:\\\/\\\/www.laguiadepamplona.com\\\/actualidad\\\/wp-content\\\/uploads\\\/2018\\\/11\\\/logo-laguiadepamplona18-web1.png\",\"width\":600,\"height\":196,\"caption\":\"La Gu\u00eda de Pamplona \\\/ Noticias\"},\"image\":{\"@id\":\"https:\\\/\\\/www.laguiadepamplona.com\\\/actualidad\\\/#\\\/schema\\\/logo\\\/image\\\/\"},\"sameAs\":[\"https:\\\/\\\/www.facebook.com\\\/laguiadepamplonacom-133175176762273\\\/?ref=hl\",\"https:\\\/\\\/x.com\\\/LaGuiadPamplona\",\"https:\\\/\\\/www.instagram.com\\\/la_guia_de_pamplona\\\/\",\"https:\\\/\\\/www.youtube.com\\\/user\\\/laguiadepamplona\"]},{\"@type\":\"Person\",\"@id\":\"https:\\\/\\\/www.laguiadepamplona.com\\\/actualidad\\\/#\\\/schema\\\/person\\\/efe887376f0213d4657c93adc50b1fdb\",\"name\":\"La Gu\u00eda de Pamplona\",\"image\":{\"@type\":\"ImageObject\",\"inLanguage\":\"es\",\"@id\":\"https:\\\/\\\/secure.gravatar.com\\\/avatar\\\/b6992f131dc8d30ab0dff15446e9d346d9dbd95992de0fef795073f5ea83a81c?s=96&d=mm&r=g\",\"url\":\"https:\\\/\\\/secure.gravatar.com\\\/avatar\\\/b6992f131dc8d30ab0dff15446e9d346d9dbd95992de0fef795073f5ea83a81c?s=96&d=mm&r=g\",\"contentUrl\":\"https:\\\/\\\/secure.gravatar.com\\\/avatar\\\/b6992f131dc8d30ab0dff15446e9d346d9dbd95992de0fef795073f5ea83a81c?s=96&d=mm&r=g\",\"caption\":\"La Gu\u00eda de Pamplona\"}}]}<\/script>\n<!-- \/ Yoast SEO plugin. -->","yoast_head_json":{"title":"El Ayuntamiento conoce de primera mano la situaci\u00f3n del barrio de Santa Mar\u00eda la Real","description":"La concejala de barrio, Aitziber Campi\u00f3n, y el concejal de Ciudad Habitable y Sostenible, Borja Izaguirre, visitan junto a vecinos","robots":{"index":"index","follow":"follow","max-snippet":"max-snippet:-1","max-image-preview":"max-image-preview:large","max-video-preview":"max-video-preview:-1"},"canonical":"https:\/\/www.laguiadepamplona.com\/actualidad\/el-ayuntamiento-conoce-de-primera-mano-la-situacion-del-barrio-de-santa-maria-la-real\/","og_locale":"es_ES","og_type":"article","og_title":"El Ayuntamiento conoce de primera mano la situaci\u00f3n del barrio de Santa Mar\u00eda la Real","og_description":"La concejala de barrio, Aitziber Campi\u00f3n, y el concejal de Ciudad Habitable y Sostenible, Borja Izaguirre, visitan junto a vecinos","og_url":"https:\/\/www.laguiadepamplona.com\/actualidad\/el-ayuntamiento-conoce-de-primera-mano-la-situacion-del-barrio-de-santa-maria-la-real\/","og_site_name":"La Gu\u00eda de Pamplona","article_publisher":"https:\/\/www.facebook.com\/laguiadepamplonacom-133175176762273\/?ref=hl","article_published_time":"2024-05-20T10:10:21+00:00","og_image":[{"width":1000,"height":666,"url":"https:\/\/www.laguiadepamplona.com\/actualidad\/wp-content\/uploads\/2024\/05\/visitasantamarialareal1.webp","type":"image\/webp"}],"author":"La Gu\u00eda de Pamplona","twitter_card":"summary_large_image","twitter_creator":"@LaGuiadPamplona","twitter_site":"@LaGuiadPamplona","twitter_misc":{"Escrito por":"La Gu\u00eda de Pamplona","Tiempo de lectura":"3 minutos"},"schema":{"@context":"https:\/\/schema.org","@graph":[{"@type":"Article","@id":"https:\/\/www.laguiadepamplona.com\/actualidad\/el-ayuntamiento-conoce-de-primera-mano-la-situacion-del-barrio-de-santa-maria-la-real\/#article","isPartOf":{"@id":"https:\/\/www.laguiadepamplona.com\/actualidad\/el-ayuntamiento-conoce-de-primera-mano-la-situacion-del-barrio-de-santa-maria-la-real\/"},"author":{"name":"La Gu\u00eda de Pamplona","@id":"https:\/\/www.laguiadepamplona.com\/actualidad\/#\/schema\/person\/efe887376f0213d4657c93adc50b1fdb"},"headline":"El Ayuntamiento conoce de primera mano la situaci\u00f3n del barrio de Santa Mar\u00eda la Real","datePublished":"2024-05-20T10:10:21+00:00","mainEntityOfPage":{"@id":"https:\/\/www.laguiadepamplona.com\/actualidad\/el-ayuntamiento-conoce-de-primera-mano-la-situacion-del-barrio-de-santa-maria-la-real\/"},"wordCount":553,"commentCount":0,"publisher":{"@id":"https:\/\/www.laguiadepamplona.com\/actualidad\/#organization"},"image":{"@id":"https:\/\/www.laguiadepamplona.com\/actualidad\/el-ayuntamiento-conoce-de-primera-mano-la-situacion-del-barrio-de-santa-maria-la-real\/#primaryimage"},"thumbnailUrl":"https:\/\/www.laguiadepamplona.com\/actualidad\/wp-content\/uploads\/2024\/05\/visitasantamarialareal1.webp","articleSection":["Ayto Pamplona"],"inLanguage":"es","potentialAction":[{"@type":"CommentAction","name":"Comment","target":["https:\/\/www.laguiadepamplona.com\/actualidad\/el-ayuntamiento-conoce-de-primera-mano-la-situacion-del-barrio-de-santa-maria-la-real\/#respond"]}]},{"@type":"WebPage","@id":"https:\/\/www.laguiadepamplona.com\/actualidad\/el-ayuntamiento-conoce-de-primera-mano-la-situacion-del-barrio-de-santa-maria-la-real\/","url":"https:\/\/www.laguiadepamplona.com\/actualidad\/el-ayuntamiento-conoce-de-primera-mano-la-situacion-del-barrio-de-santa-maria-la-real\/","name":"El Ayuntamiento conoce de primera mano la situaci\u00f3n del barrio de Santa Mar\u00eda la Real","isPartOf":{"@id":"https:\/\/www.laguiadepamplona.com\/actualidad\/#website"},"primaryImageOfPage":{"@id":"https:\/\/www.laguiadepamplona.com\/actualidad\/el-ayuntamiento-conoce-de-primera-mano-la-situacion-del-barrio-de-santa-maria-la-real\/#primaryimage"},"image":{"@id":"https:\/\/www.laguiadepamplona.com\/actualidad\/el-ayuntamiento-conoce-de-primera-mano-la-situacion-del-barrio-de-santa-maria-la-real\/#primaryimage"},"thumbnailUrl":"https:\/\/www.laguiadepamplona.com\/actualidad\/wp-content\/uploads\/2024\/05\/visitasantamarialareal1.webp","datePublished":"2024-05-20T10:10:21+00:00","description":"La concejala de barrio, Aitziber Campi\u00f3n, y el concejal de Ciudad Habitable y Sostenible, Borja Izaguirre, visitan junto a vecinos","breadcrumb":{"@id":"https:\/\/www.laguiadepamplona.com\/actualidad\/el-ayuntamiento-conoce-de-primera-mano-la-situacion-del-barrio-de-santa-maria-la-real\/#breadcrumb"},"inLanguage":"es","potentialAction":[{"@type":"ReadAction","target":["https:\/\/www.laguiadepamplona.com\/actualidad\/el-ayuntamiento-conoce-de-primera-mano-la-situacion-del-barrio-de-santa-maria-la-real\/"]}]},{"@type":"ImageObject","inLanguage":"es","@id":"https:\/\/www.laguiadepamplona.com\/actualidad\/el-ayuntamiento-conoce-de-primera-mano-la-situacion-del-barrio-de-santa-maria-la-real\/#primaryimage","url":"https:\/\/www.laguiadepamplona.com\/actualidad\/wp-content\/uploads\/2024\/05\/visitasantamarialareal1.webp","contentUrl":"https:\/\/www.laguiadepamplona.com\/actualidad\/wp-content\/uploads\/2024\/05\/visitasantamarialareal1.webp","width":1000,"height":666,"caption":"visita santa maria la real"},{"@type":"BreadcrumbList","@id":"https:\/\/www.laguiadepamplona.com\/actualidad\/el-ayuntamiento-conoce-de-primera-mano-la-situacion-del-barrio-de-santa-maria-la-real\/#breadcrumb","itemListElement":[{"@type":"ListItem","position":1,"name":"Portada","item":"https:\/\/www.laguiadepamplona.com\/actualidad\/"},{"@type":"ListItem","position":2,"name":"El Ayuntamiento conoce de primera mano la situaci\u00f3n del barrio de Santa Mar\u00eda la Real"}]},{"@type":"WebSite","@id":"https:\/\/www.laguiadepamplona.com\/actualidad\/#website","url":"https:\/\/www.laguiadepamplona.com\/actualidad\/","name":"La gu\u00eda de Pamplona","description":"Noticias de Pamplona","publisher":{"@id":"https:\/\/www.laguiadepamplona.com\/actualidad\/#organization"},"potentialAction":[{"@type":"SearchAction","target":{"@type":"EntryPoint","urlTemplate":"https:\/\/www.laguiadepamplona.com\/actualidad\/?s={search_term_string}"},"query-input":{"@type":"PropertyValueSpecification","valueRequired":true,"valueName":"search_term_string"}}],"inLanguage":"es"},{"@type":"Organization","@id":"https:\/\/www.laguiadepamplona.com\/actualidad\/#organization","name":"La Gu\u00eda de Pamplona \/ Noticias","url":"https:\/\/www.laguiadepamplona.com\/actualidad\/","logo":{"@type":"ImageObject","inLanguage":"es","@id":"https:\/\/www.laguiadepamplona.com\/actualidad\/#\/schema\/logo\/image\/","url":"https:\/\/www.laguiadepamplona.com\/actualidad\/wp-content\/uploads\/2018\/11\/logo-laguiadepamplona18-web1.png","contentUrl":"https:\/\/www.laguiadepamplona.com\/actualidad\/wp-content\/uploads\/2018\/11\/logo-laguiadepamplona18-web1.png","width":600,"height":196,"caption":"La Gu\u00eda de Pamplona \/ Noticias"},"image":{"@id":"https:\/\/www.laguiadepamplona.com\/actualidad\/#\/schema\/logo\/image\/"},"sameAs":["https:\/\/www.facebook.com\/laguiadepamplonacom-133175176762273\/?ref=hl","https:\/\/x.com\/LaGuiadPamplona","https:\/\/www.instagram.com\/la_guia_de_pamplona\/","https:\/\/www.youtube.com\/user\/laguiadepamplona"]},{"@type":"Person","@id":"https:\/\/www.laguiadepamplona.com\/actualidad\/#\/schema\/person\/efe887376f0213d4657c93adc50b1fdb","name":"La Gu\u00eda de Pamplona","image":{"@type":"ImageObject","inLanguage":"es","@id":"https:\/\/secure.gravatar.com\/avatar\/b6992f131dc8d30ab0dff15446e9d346d9dbd95992de0fef795073f5ea83a81c?s=96&d=mm&r=g","url":"https:\/\/secure.gravatar.com\/avatar\/b6992f131dc8d30ab0dff15446e9d346d9dbd95992de0fef795073f5ea83a81c?s=96&d=mm&r=g","contentUrl":"https:\/\/secure.gravatar.com\/avatar\/b6992f131dc8d30ab0dff15446e9d346d9dbd95992de0fef795073f5ea83a81c?s=96&d=mm&r=g","caption":"La Gu\u00eda de Pamplona"}}]}},"post_mailing_queue_ids":[],"_links":{"self":[{"href":"https:\/\/www.laguiadepamplona.com\/actualidad\/wp-json\/wp\/v2\/posts\/49768","targetHints":{"allow":["GET"]}}],"collection":[{"href":"https:\/\/www.laguiadepamplona.com\/actualidad\/wp-json\/wp\/v2\/posts"}],"about":[{"href":"https:\/\/www.laguiadepamplona.com\/actualidad\/wp-json\/wp\/v2\/types\/post"}],"author":[{"embeddable":true,"href":"https:\/\/www.laguiadepamplona.com\/actualidad\/wp-json\/wp\/v2\/users\/1"}],"replies":[{"embeddable":true,"href":"https:\/\/www.laguiadepamplona.com\/actualidad\/wp-json\/wp\/v2\/comments?post=49768"}],"version-history":[{"count":1,"href":"https:\/\/www.laguiadepamplona.com\/actualidad\/wp-json\/wp\/v2\/posts\/49768\/revisions"}],"predecessor-version":[{"id":49770,"href":"https:\/\/www.laguiadepamplona.com\/actualidad\/wp-json\/wp\/v2\/posts\/49768\/revisions\/49770"}],"wp:featuredmedia":[{"embeddable":true,"href":"https:\/\/www.laguiadepamplona.com\/actualidad\/wp-json\/wp\/v2\/media\/49769"}],"wp:attachment":[{"href":"https:\/\/www.laguiadepamplona.com\/actualidad\/wp-json\/wp\/v2\/media?parent=49768"}],"wp:term":[{"taxonomy":"category","embeddable":true,"href":"https:\/\/www.laguiadepamplona.com\/actualidad\/wp-json\/wp\/v2\/categories?post=49768"},{"taxonomy":"post_tag","embeddable":true,"href":"https:\/\/www.laguiadepamplona.com\/actualidad\/wp-json\/wp\/v2\/tags?post=49768"}],"curies":[{"name":"wp","href":"https:\/\/api.w.org\/{rel}","templated":true}]}}