{"id":49756,"date":"2024-05-17T11:37:00","date_gmt":"2024-05-17T09:37:00","guid":{"rendered":"https:\/\/www.laguiadepamplona.com\/actualidad\/?p=49756"},"modified":"2024-05-17T11:37:00","modified_gmt":"2024-05-17T09:37:00","slug":"el-artista-pamplones-javier-poveda-lleva-al-horno-de-la-ciudadela-la-firmeza-y-verticalidad-del-roble-en-un-juego-de-luces-y-sombras-de-color-y-de-oscuridad","status":"publish","type":"post","link":"https:\/\/www.laguiadepamplona.com\/actualidad\/el-artista-pamplones-javier-poveda-lleva-al-horno-de-la-ciudadela-la-firmeza-y-verticalidad-del-roble-en-un-juego-de-luces-y-sombras-de-color-y-de-oscuridad\/","title":{"rendered":"El artista pamplon\u00e9s Javier Poveda lleva al Horno de la Ciudadela la firmeza y verticalidad del roble, en un juego de luces y sombras, de color y de oscuridad"},"content":{"rendered":"<h2>La muestra \u2018Cuatro formas\u2019, que podr\u00e1 visitarse hasta el 30 de junio, se nutre de varios troncos de roble serrados<\/h2>\n<p><!--more--><\/p>\n<p>Volver a levantar el \u00e1rbol ca\u00eddo, dotarlo de vida, de luz y de solemnidad. La exposici\u00f3n \u2018Cuatro formas\u2019, del artista pamplon\u00e9s Javier Poveda, juega con todos estos conceptos en un espacio como el Horno de la Ciudadela, en el que la iluminaci\u00f3n juega un papel fundamental. El propio autor, junto con el director del \u00e1rea de Cultura, Fiestas, Educaci\u00f3n y Deporte, \u00cd\u00f1igo G\u00f3mez Egu\u00edluz, han presentado la muestra, que podr\u00e1 visitarse hasta el pr\u00f3ximo 30 de junio.<\/p>\n<p>En \u2018Cuatro formas\u2019, Poveda recurre a troncos de roble serrados, sobrantes de un proceso industrial. Son, tal y como explica el propio artista, anillos centrales de \u00e1rboles talados, que, por su dureza, la sierra no pudo herir. Apiladas, a la intemperie durante a\u00f1os, esas piezas han cambiado, han evolucionado y han envejecido, adquiriendo un aspecto que poco o nada tiene que ver con el original. La apuesta de este artista pamplon\u00e9s pasa por volver a dotarles de vida. Y, para ello, es clave devolverles a su posici\u00f3n original. Las piezas, dispuestas de forma vertical, convierten el Horno de la Ciudadela en un espacio diferente, en el que se produce un juego de formas, colores, sombras y luces que dan protagonismo a esos troncos.<\/p>\n<p>Los troncos forman un conjunto y la materia se transforma en imagen al mismo tiempo que lo pesado se vuelve liviano y la pintura quiere ser pintura. De hecho, los troncos, oscuros por el paso del tiempo, se han pintado, simulando los colores que los madereros usan para marcar los tocones. As\u00ed, toda la instalaci\u00f3n es una mescolanza de madera, oscuridad, negro-carb\u00f3n, color y aparici\u00f3n\/ocultaci\u00f3n, gracias al juego de luces, que evocan al visitante un lugar de culto o, incluso, una caba\u00f1a.<\/p>\n<p><strong>La madera, se\u00f1a de identidad de Poveda<\/strong><\/p>\n<p>El artista Javier Poveda (Pamplona, 1982) lleva a\u00f1os explorando y experimentando las posibilidades de la madera como elemento art\u00edstico. Formado en la Escuela de Arte de Pamplona, tras un tiempo dedicado al trabajo artesanal centrado en la restauraci\u00f3n de instrumentos, se embarca de lleno en el mundo de la escultura.<\/p>\n<p>Su primera exposici\u00f3n, en 2017 en la Escuela de Arte, ya llevaba por t\u00edtulo \u2018Roble\u2019, toda una declaraci\u00f3n de intenciones, que ha ido marcando su devenir art\u00edstico a\u00f1o tras a\u00f1o. Un a\u00f1o despu\u00e9s, en 2018, el Horno de la Ciudadela se convirti\u00f3 en el espacio para presentar \u2018Cornelius\u2019, una obra sobre madera de roble policromada, en la que la luz empieza a jugar un papel determinante.<\/p>\n","protected":false},"excerpt":{"rendered":"<p>La muestra \u2018Cuatro formas\u2019, que podr\u00e1 visitarse hasta el 30 de junio, se nutre de varios troncos de roble serrados<\/p>\n","protected":false},"author":1,"featured_media":49757,"comment_status":"open","ping_status":"closed","sticky":false,"template":"","format":"standard","meta":{"footnotes":""},"categories":[2],"tags":[],"class_list":["post-49756","post","type-post","status-publish","format-standard","has-post-thumbnail","hentry","category-ayuntamiento-pamplona"],"yoast_head":"<!-- This site is optimized with the Yoast SEO plugin v27.3 - https:\/\/yoast.com\/product\/yoast-seo-wordpress\/ -->\n<title>El artista pamplon\u00e9s Javier Poveda lleva al Horno de la Ciudadela la firmeza y verticalidad del roble, en un juego de luces y sombras, de color y de oscuridad<\/title>\n<meta name=\"description\" content=\"La muestra \u2018Cuatro formas\u2019, que podr\u00e1 visitarse hasta el 30 de junio, se nutre de varios troncos de roble serrados\" \/>\n<meta name=\"robots\" content=\"index, follow, max-snippet:-1, max-image-preview:large, max-video-preview:-1\" \/>\n<link rel=\"canonical\" href=\"https:\/\/www.laguiadepamplona.com\/actualidad\/el-artista-pamplones-javier-poveda-lleva-al-horno-de-la-ciudadela-la-firmeza-y-verticalidad-del-roble-en-un-juego-de-luces-y-sombras-de-color-y-de-oscuridad\/\" \/>\n<meta property=\"og:locale\" content=\"es_ES\" \/>\n<meta property=\"og:type\" content=\"article\" \/>\n<meta property=\"og:title\" content=\"El artista pamplon\u00e9s Javier Poveda lleva al Horno de la Ciudadela la firmeza y verticalidad del roble, en un juego de luces y sombras, de color y de oscuridad\" \/>\n<meta property=\"og:description\" content=\"La muestra \u2018Cuatro formas\u2019, que podr\u00e1 visitarse hasta el 30 de junio, se nutre de varios troncos de roble serrados\" \/>\n<meta property=\"og:url\" content=\"https:\/\/www.laguiadepamplona.com\/actualidad\/el-artista-pamplones-javier-poveda-lleva-al-horno-de-la-ciudadela-la-firmeza-y-verticalidad-del-roble-en-un-juego-de-luces-y-sombras-de-color-y-de-oscuridad\/\" \/>\n<meta property=\"og:site_name\" content=\"La Gu\u00eda de Pamplona\" \/>\n<meta property=\"article:publisher\" content=\"https:\/\/www.facebook.com\/laguiadepamplonacom-133175176762273\/?ref=hl\" \/>\n<meta property=\"article:published_time\" content=\"2024-05-17T09:37:00+00:00\" \/>\n<meta property=\"og:image\" content=\"https:\/\/www.laguiadepamplona.com\/actualidad\/wp-content\/uploads\/2024\/05\/expo-poveda_web.webp\" \/>\n\t<meta property=\"og:image:width\" content=\"1000\" \/>\n\t<meta property=\"og:image:height\" content=\"667\" \/>\n\t<meta property=\"og:image:type\" content=\"image\/webp\" \/>\n<meta name=\"author\" content=\"La Gu\u00eda de Pamplona\" \/>\n<meta name=\"twitter:card\" content=\"summary_large_image\" \/>\n<meta name=\"twitter:creator\" content=\"@LaGuiadPamplona\" \/>\n<meta name=\"twitter:site\" content=\"@LaGuiadPamplona\" \/>\n<meta name=\"twitter:label1\" content=\"Escrito por\" \/>\n\t<meta name=\"twitter:data1\" content=\"La Gu\u00eda de Pamplona\" \/>\n\t<meta name=\"twitter:label2\" content=\"Tiempo de lectura\" \/>\n\t<meta name=\"twitter:data2\" content=\"3 minutos\" \/>\n<script type=\"application\/ld+json\" class=\"yoast-schema-graph\">{\"@context\":\"https:\\\/\\\/schema.org\",\"@graph\":[{\"@type\":\"Article\",\"@id\":\"https:\\\/\\\/www.laguiadepamplona.com\\\/actualidad\\\/el-artista-pamplones-javier-poveda-lleva-al-horno-de-la-ciudadela-la-firmeza-y-verticalidad-del-roble-en-un-juego-de-luces-y-sombras-de-color-y-de-oscuridad\\\/#article\",\"isPartOf\":{\"@id\":\"https:\\\/\\\/www.laguiadepamplona.com\\\/actualidad\\\/el-artista-pamplones-javier-poveda-lleva-al-horno-de-la-ciudadela-la-firmeza-y-verticalidad-del-roble-en-un-juego-de-luces-y-sombras-de-color-y-de-oscuridad\\\/\"},\"author\":{\"name\":\"La Gu\u00eda de Pamplona\",\"@id\":\"https:\\\/\\\/www.laguiadepamplona.com\\\/actualidad\\\/#\\\/schema\\\/person\\\/efe887376f0213d4657c93adc50b1fdb\"},\"headline\":\"El artista pamplon\u00e9s Javier Poveda lleva al Horno de la Ciudadela la firmeza y verticalidad del roble, en un juego de luces y sombras, de color y de oscuridad\",\"datePublished\":\"2024-05-17T09:37:00+00:00\",\"mainEntityOfPage\":{\"@id\":\"https:\\\/\\\/www.laguiadepamplona.com\\\/actualidad\\\/el-artista-pamplones-javier-poveda-lleva-al-horno-de-la-ciudadela-la-firmeza-y-verticalidad-del-roble-en-un-juego-de-luces-y-sombras-de-color-y-de-oscuridad\\\/\"},\"wordCount\":479,\"commentCount\":0,\"publisher\":{\"@id\":\"https:\\\/\\\/www.laguiadepamplona.com\\\/actualidad\\\/#organization\"},\"image\":{\"@id\":\"https:\\\/\\\/www.laguiadepamplona.com\\\/actualidad\\\/el-artista-pamplones-javier-poveda-lleva-al-horno-de-la-ciudadela-la-firmeza-y-verticalidad-del-roble-en-un-juego-de-luces-y-sombras-de-color-y-de-oscuridad\\\/#primaryimage\"},\"thumbnailUrl\":\"https:\\\/\\\/www.laguiadepamplona.com\\\/actualidad\\\/wp-content\\\/uploads\\\/2024\\\/05\\\/expo-poveda_web.webp\",\"articleSection\":[\"Ayto Pamplona\"],\"inLanguage\":\"es\",\"potentialAction\":[{\"@type\":\"CommentAction\",\"name\":\"Comment\",\"target\":[\"https:\\\/\\\/www.laguiadepamplona.com\\\/actualidad\\\/el-artista-pamplones-javier-poveda-lleva-al-horno-de-la-ciudadela-la-firmeza-y-verticalidad-del-roble-en-un-juego-de-luces-y-sombras-de-color-y-de-oscuridad\\\/#respond\"]}]},{\"@type\":\"WebPage\",\"@id\":\"https:\\\/\\\/www.laguiadepamplona.com\\\/actualidad\\\/el-artista-pamplones-javier-poveda-lleva-al-horno-de-la-ciudadela-la-firmeza-y-verticalidad-del-roble-en-un-juego-de-luces-y-sombras-de-color-y-de-oscuridad\\\/\",\"url\":\"https:\\\/\\\/www.laguiadepamplona.com\\\/actualidad\\\/el-artista-pamplones-javier-poveda-lleva-al-horno-de-la-ciudadela-la-firmeza-y-verticalidad-del-roble-en-un-juego-de-luces-y-sombras-de-color-y-de-oscuridad\\\/\",\"name\":\"El artista pamplon\u00e9s Javier Poveda lleva al Horno de la Ciudadela la firmeza y verticalidad del roble, en un juego de luces y sombras, de color y de oscuridad\",\"isPartOf\":{\"@id\":\"https:\\\/\\\/www.laguiadepamplona.com\\\/actualidad\\\/#website\"},\"primaryImageOfPage\":{\"@id\":\"https:\\\/\\\/www.laguiadepamplona.com\\\/actualidad\\\/el-artista-pamplones-javier-poveda-lleva-al-horno-de-la-ciudadela-la-firmeza-y-verticalidad-del-roble-en-un-juego-de-luces-y-sombras-de-color-y-de-oscuridad\\\/#primaryimage\"},\"image\":{\"@id\":\"https:\\\/\\\/www.laguiadepamplona.com\\\/actualidad\\\/el-artista-pamplones-javier-poveda-lleva-al-horno-de-la-ciudadela-la-firmeza-y-verticalidad-del-roble-en-un-juego-de-luces-y-sombras-de-color-y-de-oscuridad\\\/#primaryimage\"},\"thumbnailUrl\":\"https:\\\/\\\/www.laguiadepamplona.com\\\/actualidad\\\/wp-content\\\/uploads\\\/2024\\\/05\\\/expo-poveda_web.webp\",\"datePublished\":\"2024-05-17T09:37:00+00:00\",\"description\":\"La muestra \u2018Cuatro formas\u2019, que podr\u00e1 visitarse hasta el 30 de junio, se nutre de varios troncos de roble serrados\",\"breadcrumb\":{\"@id\":\"https:\\\/\\\/www.laguiadepamplona.com\\\/actualidad\\\/el-artista-pamplones-javier-poveda-lleva-al-horno-de-la-ciudadela-la-firmeza-y-verticalidad-del-roble-en-un-juego-de-luces-y-sombras-de-color-y-de-oscuridad\\\/#breadcrumb\"},\"inLanguage\":\"es\",\"potentialAction\":[{\"@type\":\"ReadAction\",\"target\":[\"https:\\\/\\\/www.laguiadepamplona.com\\\/actualidad\\\/el-artista-pamplones-javier-poveda-lleva-al-horno-de-la-ciudadela-la-firmeza-y-verticalidad-del-roble-en-un-juego-de-luces-y-sombras-de-color-y-de-oscuridad\\\/\"]}]},{\"@type\":\"ImageObject\",\"inLanguage\":\"es\",\"@id\":\"https:\\\/\\\/www.laguiadepamplona.com\\\/actualidad\\\/el-artista-pamplones-javier-poveda-lleva-al-horno-de-la-ciudadela-la-firmeza-y-verticalidad-del-roble-en-un-juego-de-luces-y-sombras-de-color-y-de-oscuridad\\\/#primaryimage\",\"url\":\"https:\\\/\\\/www.laguiadepamplona.com\\\/actualidad\\\/wp-content\\\/uploads\\\/2024\\\/05\\\/expo-poveda_web.webp\",\"contentUrl\":\"https:\\\/\\\/www.laguiadepamplona.com\\\/actualidad\\\/wp-content\\\/uploads\\\/2024\\\/05\\\/expo-poveda_web.webp\",\"width\":1000,\"height\":667,\"caption\":\"expo poveda\"},{\"@type\":\"BreadcrumbList\",\"@id\":\"https:\\\/\\\/www.laguiadepamplona.com\\\/actualidad\\\/el-artista-pamplones-javier-poveda-lleva-al-horno-de-la-ciudadela-la-firmeza-y-verticalidad-del-roble-en-un-juego-de-luces-y-sombras-de-color-y-de-oscuridad\\\/#breadcrumb\",\"itemListElement\":[{\"@type\":\"ListItem\",\"position\":1,\"name\":\"Portada\",\"item\":\"https:\\\/\\\/www.laguiadepamplona.com\\\/actualidad\\\/\"},{\"@type\":\"ListItem\",\"position\":2,\"name\":\"El artista pamplon\u00e9s Javier Poveda lleva al Horno de la Ciudadela la firmeza y verticalidad del roble, en un juego de luces y sombras, de color y de oscuridad\"}]},{\"@type\":\"WebSite\",\"@id\":\"https:\\\/\\\/www.laguiadepamplona.com\\\/actualidad\\\/#website\",\"url\":\"https:\\\/\\\/www.laguiadepamplona.com\\\/actualidad\\\/\",\"name\":\"La gu\u00eda de Pamplona\",\"description\":\"Noticias de Pamplona\",\"publisher\":{\"@id\":\"https:\\\/\\\/www.laguiadepamplona.com\\\/actualidad\\\/#organization\"},\"potentialAction\":[{\"@type\":\"SearchAction\",\"target\":{\"@type\":\"EntryPoint\",\"urlTemplate\":\"https:\\\/\\\/www.laguiadepamplona.com\\\/actualidad\\\/?s={search_term_string}\"},\"query-input\":{\"@type\":\"PropertyValueSpecification\",\"valueRequired\":true,\"valueName\":\"search_term_string\"}}],\"inLanguage\":\"es\"},{\"@type\":\"Organization\",\"@id\":\"https:\\\/\\\/www.laguiadepamplona.com\\\/actualidad\\\/#organization\",\"name\":\"La Gu\u00eda de Pamplona \\\/ Noticias\",\"url\":\"https:\\\/\\\/www.laguiadepamplona.com\\\/actualidad\\\/\",\"logo\":{\"@type\":\"ImageObject\",\"inLanguage\":\"es\",\"@id\":\"https:\\\/\\\/www.laguiadepamplona.com\\\/actualidad\\\/#\\\/schema\\\/logo\\\/image\\\/\",\"url\":\"https:\\\/\\\/www.laguiadepamplona.com\\\/actualidad\\\/wp-content\\\/uploads\\\/2018\\\/11\\\/logo-laguiadepamplona18-web1.png\",\"contentUrl\":\"https:\\\/\\\/www.laguiadepamplona.com\\\/actualidad\\\/wp-content\\\/uploads\\\/2018\\\/11\\\/logo-laguiadepamplona18-web1.png\",\"width\":600,\"height\":196,\"caption\":\"La Gu\u00eda de Pamplona \\\/ Noticias\"},\"image\":{\"@id\":\"https:\\\/\\\/www.laguiadepamplona.com\\\/actualidad\\\/#\\\/schema\\\/logo\\\/image\\\/\"},\"sameAs\":[\"https:\\\/\\\/www.facebook.com\\\/laguiadepamplonacom-133175176762273\\\/?ref=hl\",\"https:\\\/\\\/x.com\\\/LaGuiadPamplona\",\"https:\\\/\\\/www.instagram.com\\\/la_guia_de_pamplona\\\/\",\"https:\\\/\\\/www.youtube.com\\\/user\\\/laguiadepamplona\"]},{\"@type\":\"Person\",\"@id\":\"https:\\\/\\\/www.laguiadepamplona.com\\\/actualidad\\\/#\\\/schema\\\/person\\\/efe887376f0213d4657c93adc50b1fdb\",\"name\":\"La Gu\u00eda de Pamplona\",\"image\":{\"@type\":\"ImageObject\",\"inLanguage\":\"es\",\"@id\":\"https:\\\/\\\/secure.gravatar.com\\\/avatar\\\/b6992f131dc8d30ab0dff15446e9d346d9dbd95992de0fef795073f5ea83a81c?s=96&d=mm&r=g\",\"url\":\"https:\\\/\\\/secure.gravatar.com\\\/avatar\\\/b6992f131dc8d30ab0dff15446e9d346d9dbd95992de0fef795073f5ea83a81c?s=96&d=mm&r=g\",\"contentUrl\":\"https:\\\/\\\/secure.gravatar.com\\\/avatar\\\/b6992f131dc8d30ab0dff15446e9d346d9dbd95992de0fef795073f5ea83a81c?s=96&d=mm&r=g\",\"caption\":\"La Gu\u00eda de Pamplona\"}}]}<\/script>\n<!-- \/ Yoast SEO plugin. -->","yoast_head_json":{"title":"El artista pamplon\u00e9s Javier Poveda lleva al Horno de la Ciudadela la firmeza y verticalidad del roble, en un juego de luces y sombras, de color y de oscuridad","description":"La muestra \u2018Cuatro formas\u2019, que podr\u00e1 visitarse hasta el 30 de junio, se nutre de varios troncos de roble serrados","robots":{"index":"index","follow":"follow","max-snippet":"max-snippet:-1","max-image-preview":"max-image-preview:large","max-video-preview":"max-video-preview:-1"},"canonical":"https:\/\/www.laguiadepamplona.com\/actualidad\/el-artista-pamplones-javier-poveda-lleva-al-horno-de-la-ciudadela-la-firmeza-y-verticalidad-del-roble-en-un-juego-de-luces-y-sombras-de-color-y-de-oscuridad\/","og_locale":"es_ES","og_type":"article","og_title":"El artista pamplon\u00e9s Javier Poveda lleva al Horno de la Ciudadela la firmeza y verticalidad del roble, en un juego de luces y sombras, de color y de oscuridad","og_description":"La muestra \u2018Cuatro formas\u2019, que podr\u00e1 visitarse hasta el 30 de junio, se nutre de varios troncos de roble serrados","og_url":"https:\/\/www.laguiadepamplona.com\/actualidad\/el-artista-pamplones-javier-poveda-lleva-al-horno-de-la-ciudadela-la-firmeza-y-verticalidad-del-roble-en-un-juego-de-luces-y-sombras-de-color-y-de-oscuridad\/","og_site_name":"La Gu\u00eda de Pamplona","article_publisher":"https:\/\/www.facebook.com\/laguiadepamplonacom-133175176762273\/?ref=hl","article_published_time":"2024-05-17T09:37:00+00:00","og_image":[{"width":1000,"height":667,"url":"https:\/\/www.laguiadepamplona.com\/actualidad\/wp-content\/uploads\/2024\/05\/expo-poveda_web.webp","type":"image\/webp"}],"author":"La Gu\u00eda de Pamplona","twitter_card":"summary_large_image","twitter_creator":"@LaGuiadPamplona","twitter_site":"@LaGuiadPamplona","twitter_misc":{"Escrito por":"La Gu\u00eda de Pamplona","Tiempo de lectura":"3 minutos"},"schema":{"@context":"https:\/\/schema.org","@graph":[{"@type":"Article","@id":"https:\/\/www.laguiadepamplona.com\/actualidad\/el-artista-pamplones-javier-poveda-lleva-al-horno-de-la-ciudadela-la-firmeza-y-verticalidad-del-roble-en-un-juego-de-luces-y-sombras-de-color-y-de-oscuridad\/#article","isPartOf":{"@id":"https:\/\/www.laguiadepamplona.com\/actualidad\/el-artista-pamplones-javier-poveda-lleva-al-horno-de-la-ciudadela-la-firmeza-y-verticalidad-del-roble-en-un-juego-de-luces-y-sombras-de-color-y-de-oscuridad\/"},"author":{"name":"La Gu\u00eda de Pamplona","@id":"https:\/\/www.laguiadepamplona.com\/actualidad\/#\/schema\/person\/efe887376f0213d4657c93adc50b1fdb"},"headline":"El artista pamplon\u00e9s Javier Poveda lleva al Horno de la Ciudadela la firmeza y verticalidad del roble, en un juego de luces y sombras, de color y de oscuridad","datePublished":"2024-05-17T09:37:00+00:00","mainEntityOfPage":{"@id":"https:\/\/www.laguiadepamplona.com\/actualidad\/el-artista-pamplones-javier-poveda-lleva-al-horno-de-la-ciudadela-la-firmeza-y-verticalidad-del-roble-en-un-juego-de-luces-y-sombras-de-color-y-de-oscuridad\/"},"wordCount":479,"commentCount":0,"publisher":{"@id":"https:\/\/www.laguiadepamplona.com\/actualidad\/#organization"},"image":{"@id":"https:\/\/www.laguiadepamplona.com\/actualidad\/el-artista-pamplones-javier-poveda-lleva-al-horno-de-la-ciudadela-la-firmeza-y-verticalidad-del-roble-en-un-juego-de-luces-y-sombras-de-color-y-de-oscuridad\/#primaryimage"},"thumbnailUrl":"https:\/\/www.laguiadepamplona.com\/actualidad\/wp-content\/uploads\/2024\/05\/expo-poveda_web.webp","articleSection":["Ayto Pamplona"],"inLanguage":"es","potentialAction":[{"@type":"CommentAction","name":"Comment","target":["https:\/\/www.laguiadepamplona.com\/actualidad\/el-artista-pamplones-javier-poveda-lleva-al-horno-de-la-ciudadela-la-firmeza-y-verticalidad-del-roble-en-un-juego-de-luces-y-sombras-de-color-y-de-oscuridad\/#respond"]}]},{"@type":"WebPage","@id":"https:\/\/www.laguiadepamplona.com\/actualidad\/el-artista-pamplones-javier-poveda-lleva-al-horno-de-la-ciudadela-la-firmeza-y-verticalidad-del-roble-en-un-juego-de-luces-y-sombras-de-color-y-de-oscuridad\/","url":"https:\/\/www.laguiadepamplona.com\/actualidad\/el-artista-pamplones-javier-poveda-lleva-al-horno-de-la-ciudadela-la-firmeza-y-verticalidad-del-roble-en-un-juego-de-luces-y-sombras-de-color-y-de-oscuridad\/","name":"El artista pamplon\u00e9s Javier Poveda lleva al Horno de la Ciudadela la firmeza y verticalidad del roble, en un juego de luces y sombras, de color y de oscuridad","isPartOf":{"@id":"https:\/\/www.laguiadepamplona.com\/actualidad\/#website"},"primaryImageOfPage":{"@id":"https:\/\/www.laguiadepamplona.com\/actualidad\/el-artista-pamplones-javier-poveda-lleva-al-horno-de-la-ciudadela-la-firmeza-y-verticalidad-del-roble-en-un-juego-de-luces-y-sombras-de-color-y-de-oscuridad\/#primaryimage"},"image":{"@id":"https:\/\/www.laguiadepamplona.com\/actualidad\/el-artista-pamplones-javier-poveda-lleva-al-horno-de-la-ciudadela-la-firmeza-y-verticalidad-del-roble-en-un-juego-de-luces-y-sombras-de-color-y-de-oscuridad\/#primaryimage"},"thumbnailUrl":"https:\/\/www.laguiadepamplona.com\/actualidad\/wp-content\/uploads\/2024\/05\/expo-poveda_web.webp","datePublished":"2024-05-17T09:37:00+00:00","description":"La muestra \u2018Cuatro formas\u2019, que podr\u00e1 visitarse hasta el 30 de junio, se nutre de varios troncos de roble serrados","breadcrumb":{"@id":"https:\/\/www.laguiadepamplona.com\/actualidad\/el-artista-pamplones-javier-poveda-lleva-al-horno-de-la-ciudadela-la-firmeza-y-verticalidad-del-roble-en-un-juego-de-luces-y-sombras-de-color-y-de-oscuridad\/#breadcrumb"},"inLanguage":"es","potentialAction":[{"@type":"ReadAction","target":["https:\/\/www.laguiadepamplona.com\/actualidad\/el-artista-pamplones-javier-poveda-lleva-al-horno-de-la-ciudadela-la-firmeza-y-verticalidad-del-roble-en-un-juego-de-luces-y-sombras-de-color-y-de-oscuridad\/"]}]},{"@type":"ImageObject","inLanguage":"es","@id":"https:\/\/www.laguiadepamplona.com\/actualidad\/el-artista-pamplones-javier-poveda-lleva-al-horno-de-la-ciudadela-la-firmeza-y-verticalidad-del-roble-en-un-juego-de-luces-y-sombras-de-color-y-de-oscuridad\/#primaryimage","url":"https:\/\/www.laguiadepamplona.com\/actualidad\/wp-content\/uploads\/2024\/05\/expo-poveda_web.webp","contentUrl":"https:\/\/www.laguiadepamplona.com\/actualidad\/wp-content\/uploads\/2024\/05\/expo-poveda_web.webp","width":1000,"height":667,"caption":"expo poveda"},{"@type":"BreadcrumbList","@id":"https:\/\/www.laguiadepamplona.com\/actualidad\/el-artista-pamplones-javier-poveda-lleva-al-horno-de-la-ciudadela-la-firmeza-y-verticalidad-del-roble-en-un-juego-de-luces-y-sombras-de-color-y-de-oscuridad\/#breadcrumb","itemListElement":[{"@type":"ListItem","position":1,"name":"Portada","item":"https:\/\/www.laguiadepamplona.com\/actualidad\/"},{"@type":"ListItem","position":2,"name":"El artista pamplon\u00e9s Javier Poveda lleva al Horno de la Ciudadela la firmeza y verticalidad del roble, en un juego de luces y sombras, de color y de oscuridad"}]},{"@type":"WebSite","@id":"https:\/\/www.laguiadepamplona.com\/actualidad\/#website","url":"https:\/\/www.laguiadepamplona.com\/actualidad\/","name":"La gu\u00eda de Pamplona","description":"Noticias de Pamplona","publisher":{"@id":"https:\/\/www.laguiadepamplona.com\/actualidad\/#organization"},"potentialAction":[{"@type":"SearchAction","target":{"@type":"EntryPoint","urlTemplate":"https:\/\/www.laguiadepamplona.com\/actualidad\/?s={search_term_string}"},"query-input":{"@type":"PropertyValueSpecification","valueRequired":true,"valueName":"search_term_string"}}],"inLanguage":"es"},{"@type":"Organization","@id":"https:\/\/www.laguiadepamplona.com\/actualidad\/#organization","name":"La Gu\u00eda de Pamplona \/ Noticias","url":"https:\/\/www.laguiadepamplona.com\/actualidad\/","logo":{"@type":"ImageObject","inLanguage":"es","@id":"https:\/\/www.laguiadepamplona.com\/actualidad\/#\/schema\/logo\/image\/","url":"https:\/\/www.laguiadepamplona.com\/actualidad\/wp-content\/uploads\/2018\/11\/logo-laguiadepamplona18-web1.png","contentUrl":"https:\/\/www.laguiadepamplona.com\/actualidad\/wp-content\/uploads\/2018\/11\/logo-laguiadepamplona18-web1.png","width":600,"height":196,"caption":"La Gu\u00eda de Pamplona \/ Noticias"},"image":{"@id":"https:\/\/www.laguiadepamplona.com\/actualidad\/#\/schema\/logo\/image\/"},"sameAs":["https:\/\/www.facebook.com\/laguiadepamplonacom-133175176762273\/?ref=hl","https:\/\/x.com\/LaGuiadPamplona","https:\/\/www.instagram.com\/la_guia_de_pamplona\/","https:\/\/www.youtube.com\/user\/laguiadepamplona"]},{"@type":"Person","@id":"https:\/\/www.laguiadepamplona.com\/actualidad\/#\/schema\/person\/efe887376f0213d4657c93adc50b1fdb","name":"La Gu\u00eda de Pamplona","image":{"@type":"ImageObject","inLanguage":"es","@id":"https:\/\/secure.gravatar.com\/avatar\/b6992f131dc8d30ab0dff15446e9d346d9dbd95992de0fef795073f5ea83a81c?s=96&d=mm&r=g","url":"https:\/\/secure.gravatar.com\/avatar\/b6992f131dc8d30ab0dff15446e9d346d9dbd95992de0fef795073f5ea83a81c?s=96&d=mm&r=g","contentUrl":"https:\/\/secure.gravatar.com\/avatar\/b6992f131dc8d30ab0dff15446e9d346d9dbd95992de0fef795073f5ea83a81c?s=96&d=mm&r=g","caption":"La Gu\u00eda de Pamplona"}}]}},"post_mailing_queue_ids":[],"_links":{"self":[{"href":"https:\/\/www.laguiadepamplona.com\/actualidad\/wp-json\/wp\/v2\/posts\/49756","targetHints":{"allow":["GET"]}}],"collection":[{"href":"https:\/\/www.laguiadepamplona.com\/actualidad\/wp-json\/wp\/v2\/posts"}],"about":[{"href":"https:\/\/www.laguiadepamplona.com\/actualidad\/wp-json\/wp\/v2\/types\/post"}],"author":[{"embeddable":true,"href":"https:\/\/www.laguiadepamplona.com\/actualidad\/wp-json\/wp\/v2\/users\/1"}],"replies":[{"embeddable":true,"href":"https:\/\/www.laguiadepamplona.com\/actualidad\/wp-json\/wp\/v2\/comments?post=49756"}],"version-history":[{"count":1,"href":"https:\/\/www.laguiadepamplona.com\/actualidad\/wp-json\/wp\/v2\/posts\/49756\/revisions"}],"predecessor-version":[{"id":49758,"href":"https:\/\/www.laguiadepamplona.com\/actualidad\/wp-json\/wp\/v2\/posts\/49756\/revisions\/49758"}],"wp:featuredmedia":[{"embeddable":true,"href":"https:\/\/www.laguiadepamplona.com\/actualidad\/wp-json\/wp\/v2\/media\/49757"}],"wp:attachment":[{"href":"https:\/\/www.laguiadepamplona.com\/actualidad\/wp-json\/wp\/v2\/media?parent=49756"}],"wp:term":[{"taxonomy":"category","embeddable":true,"href":"https:\/\/www.laguiadepamplona.com\/actualidad\/wp-json\/wp\/v2\/categories?post=49756"},{"taxonomy":"post_tag","embeddable":true,"href":"https:\/\/www.laguiadepamplona.com\/actualidad\/wp-json\/wp\/v2\/tags?post=49756"}],"curies":[{"name":"wp","href":"https:\/\/api.w.org\/{rel}","templated":true}]}}