{"id":497,"date":"2014-02-18T12:52:36","date_gmt":"2014-02-18T11:52:36","guid":{"rendered":"http:\/\/laguiadepamplona.es\/noticias\/?p=497"},"modified":"2014-02-18T12:52:36","modified_gmt":"2014-02-18T11:52:36","slug":"ayuntamiento-de-pamplona-y-gobierno-de-navarra-regularan-a-traves-de-un-convenio-el-uso-de-seis-edificios-municipales-destinados-a-servicios-educativos","status":"publish","type":"post","link":"https:\/\/www.laguiadepamplona.com\/actualidad\/ayuntamiento-de-pamplona-y-gobierno-de-navarra-regularan-a-traves-de-un-convenio-el-uso-de-seis-edificios-municipales-destinados-a-servicios-educativos\/","title":{"rendered":"Ayuntamiento de Pamplona y Gobierno de Navarra regular\u00e1n a trav\u00e9s de un convenio el uso de seis edificios municipales destinados a servicios educativos"},"content":{"rendered":"<h6>Se trata de los colegios p\u00fablicos Fernando Remacha, Blanca de Navarra, Jos\u00e9 Vila, M\u00aa Ana Sanz, Jos\u00e9 M\u00aa Iribarren y escuelas de la calle Compa\u00f1\u00eda<\/h6>\n<p><a href=\"http:\/\/laguiadepamplona.es\/noticias\/wp-content\/uploads\/2014\/01\/01_Pamplona.jpg\"><img loading=\"lazy\" decoding=\"async\" class=\"alignleft size-medium wp-image-113\" alt=\"01_Pamplona\" src=\"http:\/\/laguiadepamplona.es\/noticias\/wp-content\/uploads\/2014\/01\/01_Pamplona-300x225.jpg\" width=\"300\" height=\"225\" \/><\/a>El Ayuntamiento de Pamplona y el Gobierno de Navarra van a firmar un convenio para formalizar la cesi\u00f3n de uso total o parcial de seis edificios de propiedad municipal para que se presten en ellos servicios educativos de diferentes niveles o modalidades de ense\u00f1anza. La cesi\u00f3n, por un per\u00edodo de 25 a\u00f1os, es a t\u00edtulo gratuito. El convenio, aprobado esta ma\u00f1ana por la Junta de Gobierno Local, incluye en esta cesi\u00f3n los edificios y recintos de los antiguos colegios p\u00fablicos Fernando Remacha, Blanca de Navarra, Mar\u00eda Ana Sanz, Jos\u00e9 Mar\u00eda Iribarren y Jos\u00e9 Vila Marqu\u00e9s y el edificio de las antiguas escuelas de la calle Compa\u00f1\u00eda n\u00famero 6.<\/p>\n<p>Dos inmuebles se ceden totalmente para la prestaci\u00f3n de servicios educativos: el antiguo C.P. Fernando Remacha destina su uso a las ense\u00f1anzas que imparte el Instituto de Educaci\u00f3n Secundaria Biurdana y el antiguo C.P. Mar\u00eda Ana Sanz a las clases del Centro P\u00fablico Integrado de Formaci\u00f3n Profesional Mar\u00eda Ana Sanz. Los otros cuatro edificios se ceden de forma parcial, exceptuando las dependencias que acogen otros servicios. En el caso del antiguo C.P. Blanca de Navarra, la cesi\u00f3n afecta a las zonas en las que imparte sus ense\u00f1anzas la Escuela de Arte de Pamplona, pero no a la tercera planta que alberga el Civivox Ensanche. Se cede el uso del antiguo C.P. Jos\u00e9 Mar\u00eda Iribarren donde se imparten las clases del Centro P\u00fablico de Educaci\u00f3n B\u00e1sica para Personas Adultas, el Instituto de Ense\u00f1anza de Personas Adultas F\u00e9lix Urabayen y el Instituto Navarro del Vascuence \u2013 Euskarabidea. La cesi\u00f3n no incluye el pabell\u00f3n polideportivo, la vivienda, los patios y otros elementos de la urbanizaci\u00f3n. En el caso del antiguo C.P. Jos\u00e9 Vila la cesi\u00f3n no incluye el patio de uso com\u00fan, el comedor, tres aulas, un despacho y los espacios de la planta baja destinados a la Escuela de Arte Catalina de Osc\u00e1riz y al Civivox Milagrosa. S\u00ed se ceden, por el contrario, las dependencias donde imparte formaci\u00f3n la Escuela de Danza del Gobierno de Navarra, el Centro de Recursos de Educaci\u00f3n Especial de Navarra (CREENA) y el Centro de Apoyo al Profesorado.<\/p>\n<p>Por \u00faltimo, el convenio regula la cesi\u00f3n de las antiguas escuelas de la calle Compa\u00f1\u00eda, que acogen la Escuela Oficial de Idiomas de Pamplona. La cesi\u00f3n de uso que recoge este nuevo convenio destina este inmueble a las ense\u00f1anzas que se imparten en la Escuela Oficial de Idiomas en conjunto del edificio y el Centro Navarro de Autoaprendizaje de Idiomas (CNAI) en espacios de la planta baja, en tanto esta sociedad siga siendo\u00a0 un medio de prestaci\u00f3n de servicios de GN. La cesi\u00f3n no incluye el sal\u00f3n de actos del s\u00f3tano (la conocida como Sala Calderer\u00eda), pero se permitir\u00e1 su utilizaci\u00f3n para el desarrollo de actividades acad\u00e9micas programadas y comunicadas al inicio de cada curso.<\/p>\n<p><strong>Coordinaci\u00f3n de administraciones<\/strong><\/p>\n<p>En el caso de que la cesi\u00f3n de uso comprenda la totalidad de los edificios o de sus instalaciones, los gastos de mantenimiento, conservaci\u00f3n, seguro, vigilancia y limpieza de los mismos corresponder\u00e1 en su integridad al Departamento de Educaci\u00f3n. En el supuesto de cesi\u00f3n parcial, el Ayuntamiento participar\u00e1 de esos gastos.<\/p>\n<p>La cesi\u00f3n del uso de edificios municipales recogida en este convenio se enmarca en el deber de coordinaci\u00f3n de las administraciones educativas y las corporaciones locales para lograr una mayor eficacia de los recursos destinados a la educaci\u00f3n y contribuir a los fines de la Ley Org\u00e1nica 2\/2006 de 3 de mayo, de Educaci\u00f3n. A partir de los a\u00f1os 90 se modificaron en Pamplona varios centros educativos, unific\u00e1ndolos o suprimi\u00e9ndolos, a la vez que se crearon nuevos centros destinados a la ESO. Al mismo tiempo, el aumento de la demanda social de otras ense\u00f1anzas no regladas, la formaci\u00f3n de adultos o los idiomas hicieron necesaria la b\u00fasqueda de inmuebles donde impartir esas clases.<\/p>\n<p>De esta forma, los edificios que ahora forman parte de este convenio est\u00e1n acogiendo ese tipo de ense\u00f1anzas desde hace a\u00f1os, sin tener que haberse hecho grandes inversiones econ\u00f3micas, gracias a la cesi\u00f3n de uso que el Ayuntamiento ha realizado por razones de utilidad p\u00fablica e inter\u00e9s social, para servicios educativos. De todos modos, los ayuntamientos no pueden disponer libremente el uso de edificios municipales destinados a centros docentes o que est\u00e1n afectos a cualquier tipo de servicio o funci\u00f3n educativa. Para que el Consistorio pudiera dedicar a fines propios estos edificios tendr\u00edan que \u201cdesafectarlos\u201d previamente de la actividad docente con el consentimiento y una resoluci\u00f3n favorable de Departamento de Educaci\u00f3n.<\/p>\n","protected":false},"excerpt":{"rendered":"<p>Se trata de los colegios p\u00fablicos Fernando Remacha, Blanca de Navarra, Jos\u00e9 Vila, M\u00aa Ana Sanz, Jos\u00e9 M\u00aa Iribarren y escuelas de la calle Compa\u00f1\u00eda El Ayuntamiento de Pamplona y&#8230;<\/p>\n","protected":false},"author":1,"featured_media":113,"comment_status":"open","ping_status":"open","sticky":false,"template":"","format":"standard","meta":{"footnotes":""},"categories":[2],"tags":[5,6,291,8,9,292],"class_list":["post-497","post","type-post","status-publish","format-standard","has-post-thumbnail","hentry","category-ayuntamiento-pamplona","tag-actualidad","tag-ayto-pamplona","tag-edificios-municipales","tag-noticias","tag-pamplona","tag-servicios-educativos"],"yoast_head":"<!-- This site is optimized with the Yoast SEO plugin v27.5 - https:\/\/yoast.com\/product\/yoast-seo-wordpress\/ -->\n<title>Ayuntamiento de Pamplona y Gobierno de Navarra regular\u00e1n a trav\u00e9s de un convenio el uso de seis edificios municipales destinados a servicios educativos<\/title>\n<meta name=\"robots\" content=\"index, follow, max-snippet:-1, max-image-preview:large, max-video-preview:-1\" \/>\n<link rel=\"canonical\" href=\"https:\/\/www.laguiadepamplona.com\/actualidad\/ayuntamiento-de-pamplona-y-gobierno-de-navarra-regularan-a-traves-de-un-convenio-el-uso-de-seis-edificios-municipales-destinados-a-servicios-educativos\/\" \/>\n<meta property=\"og:locale\" content=\"es_ES\" \/>\n<meta property=\"og:type\" content=\"article\" \/>\n<meta property=\"og:title\" content=\"Ayuntamiento de Pamplona y Gobierno de Navarra regular\u00e1n a trav\u00e9s de un convenio el uso de seis edificios municipales destinados a servicios educativos\" \/>\n<meta property=\"og:description\" content=\"Se trata de los colegios p\u00fablicos Fernando Remacha, Blanca de Navarra, Jos\u00e9 Vila, M\u00aa Ana Sanz, Jos\u00e9 M\u00aa Iribarren y escuelas de la calle Compa\u00f1\u00eda El Ayuntamiento de Pamplona y...\" \/>\n<meta property=\"og:url\" content=\"https:\/\/www.laguiadepamplona.com\/actualidad\/ayuntamiento-de-pamplona-y-gobierno-de-navarra-regularan-a-traves-de-un-convenio-el-uso-de-seis-edificios-municipales-destinados-a-servicios-educativos\/\" \/>\n<meta property=\"og:site_name\" content=\"La Gu\u00eda de Pamplona\" \/>\n<meta property=\"article:publisher\" content=\"https:\/\/www.facebook.com\/laguiadepamplonacom-133175176762273\/?ref=hl\" \/>\n<meta property=\"article:published_time\" content=\"2014-02-18T11:52:36+00:00\" \/>\n<meta name=\"author\" content=\"La Gu\u00eda de Pamplona\" \/>\n<meta name=\"twitter:card\" content=\"summary_large_image\" \/>\n<meta name=\"twitter:creator\" content=\"@LaGuiadPamplona\" \/>\n<meta name=\"twitter:site\" content=\"@LaGuiadPamplona\" \/>\n<meta name=\"twitter:label1\" content=\"Escrito por\" \/>\n\t<meta name=\"twitter:data1\" content=\"La Gu\u00eda de Pamplona\" \/>\n\t<meta name=\"twitter:label2\" content=\"Tiempo de lectura\" \/>\n\t<meta name=\"twitter:data2\" content=\"4 minutos\" \/>\n<script type=\"application\/ld+json\" class=\"yoast-schema-graph\">{\"@context\":\"https:\\\/\\\/schema.org\",\"@graph\":[{\"@type\":\"Article\",\"@id\":\"https:\\\/\\\/www.laguiadepamplona.com\\\/actualidad\\\/ayuntamiento-de-pamplona-y-gobierno-de-navarra-regularan-a-traves-de-un-convenio-el-uso-de-seis-edificios-municipales-destinados-a-servicios-educativos\\\/#article\",\"isPartOf\":{\"@id\":\"https:\\\/\\\/www.laguiadepamplona.com\\\/actualidad\\\/ayuntamiento-de-pamplona-y-gobierno-de-navarra-regularan-a-traves-de-un-convenio-el-uso-de-seis-edificios-municipales-destinados-a-servicios-educativos\\\/\"},\"author\":{\"name\":\"La Gu\u00eda de Pamplona\",\"@id\":\"https:\\\/\\\/www.laguiadepamplona.com\\\/actualidad\\\/#\\\/schema\\\/person\\\/efe887376f0213d4657c93adc50b1fdb\"},\"headline\":\"Ayuntamiento de Pamplona y Gobierno de Navarra regular\u00e1n a trav\u00e9s de un convenio el uso de seis edificios municipales destinados a servicios educativos\",\"datePublished\":\"2014-02-18T11:52:36+00:00\",\"mainEntityOfPage\":{\"@id\":\"https:\\\/\\\/www.laguiadepamplona.com\\\/actualidad\\\/ayuntamiento-de-pamplona-y-gobierno-de-navarra-regularan-a-traves-de-un-convenio-el-uso-de-seis-edificios-municipales-destinados-a-servicios-educativos\\\/\"},\"wordCount\":869,\"commentCount\":0,\"publisher\":{\"@id\":\"https:\\\/\\\/www.laguiadepamplona.com\\\/actualidad\\\/#organization\"},\"image\":{\"@id\":\"https:\\\/\\\/www.laguiadepamplona.com\\\/actualidad\\\/ayuntamiento-de-pamplona-y-gobierno-de-navarra-regularan-a-traves-de-un-convenio-el-uso-de-seis-edificios-municipales-destinados-a-servicios-educativos\\\/#primaryimage\"},\"thumbnailUrl\":\"\",\"keywords\":[\"actualidad\",\"ayto pamplona\",\"edificios municipales\",\"noticias\",\"pamplona\",\"servicios educativos\"],\"articleSection\":[\"Ayto Pamplona\"],\"inLanguage\":\"es\",\"potentialAction\":[{\"@type\":\"CommentAction\",\"name\":\"Comment\",\"target\":[\"https:\\\/\\\/www.laguiadepamplona.com\\\/actualidad\\\/ayuntamiento-de-pamplona-y-gobierno-de-navarra-regularan-a-traves-de-un-convenio-el-uso-de-seis-edificios-municipales-destinados-a-servicios-educativos\\\/#respond\"]}]},{\"@type\":\"WebPage\",\"@id\":\"https:\\\/\\\/www.laguiadepamplona.com\\\/actualidad\\\/ayuntamiento-de-pamplona-y-gobierno-de-navarra-regularan-a-traves-de-un-convenio-el-uso-de-seis-edificios-municipales-destinados-a-servicios-educativos\\\/\",\"url\":\"https:\\\/\\\/www.laguiadepamplona.com\\\/actualidad\\\/ayuntamiento-de-pamplona-y-gobierno-de-navarra-regularan-a-traves-de-un-convenio-el-uso-de-seis-edificios-municipales-destinados-a-servicios-educativos\\\/\",\"name\":\"Ayuntamiento de Pamplona y Gobierno de Navarra regular\u00e1n a trav\u00e9s de un convenio el uso de seis edificios municipales destinados a servicios educativos\",\"isPartOf\":{\"@id\":\"https:\\\/\\\/www.laguiadepamplona.com\\\/actualidad\\\/#website\"},\"primaryImageOfPage\":{\"@id\":\"https:\\\/\\\/www.laguiadepamplona.com\\\/actualidad\\\/ayuntamiento-de-pamplona-y-gobierno-de-navarra-regularan-a-traves-de-un-convenio-el-uso-de-seis-edificios-municipales-destinados-a-servicios-educativos\\\/#primaryimage\"},\"image\":{\"@id\":\"https:\\\/\\\/www.laguiadepamplona.com\\\/actualidad\\\/ayuntamiento-de-pamplona-y-gobierno-de-navarra-regularan-a-traves-de-un-convenio-el-uso-de-seis-edificios-municipales-destinados-a-servicios-educativos\\\/#primaryimage\"},\"thumbnailUrl\":\"\",\"datePublished\":\"2014-02-18T11:52:36+00:00\",\"breadcrumb\":{\"@id\":\"https:\\\/\\\/www.laguiadepamplona.com\\\/actualidad\\\/ayuntamiento-de-pamplona-y-gobierno-de-navarra-regularan-a-traves-de-un-convenio-el-uso-de-seis-edificios-municipales-destinados-a-servicios-educativos\\\/#breadcrumb\"},\"inLanguage\":\"es\",\"potentialAction\":[{\"@type\":\"ReadAction\",\"target\":[\"https:\\\/\\\/www.laguiadepamplona.com\\\/actualidad\\\/ayuntamiento-de-pamplona-y-gobierno-de-navarra-regularan-a-traves-de-un-convenio-el-uso-de-seis-edificios-municipales-destinados-a-servicios-educativos\\\/\"]}]},{\"@type\":\"ImageObject\",\"inLanguage\":\"es\",\"@id\":\"https:\\\/\\\/www.laguiadepamplona.com\\\/actualidad\\\/ayuntamiento-de-pamplona-y-gobierno-de-navarra-regularan-a-traves-de-un-convenio-el-uso-de-seis-edificios-municipales-destinados-a-servicios-educativos\\\/#primaryimage\",\"url\":\"\",\"contentUrl\":\"\"},{\"@type\":\"BreadcrumbList\",\"@id\":\"https:\\\/\\\/www.laguiadepamplona.com\\\/actualidad\\\/ayuntamiento-de-pamplona-y-gobierno-de-navarra-regularan-a-traves-de-un-convenio-el-uso-de-seis-edificios-municipales-destinados-a-servicios-educativos\\\/#breadcrumb\",\"itemListElement\":[{\"@type\":\"ListItem\",\"position\":1,\"name\":\"Portada\",\"item\":\"https:\\\/\\\/www.laguiadepamplona.com\\\/actualidad\\\/\"},{\"@type\":\"ListItem\",\"position\":2,\"name\":\"Ayuntamiento de Pamplona y Gobierno de Navarra regular\u00e1n a trav\u00e9s de un convenio el uso de seis edificios municipales destinados a servicios educativos\"}]},{\"@type\":\"WebSite\",\"@id\":\"https:\\\/\\\/www.laguiadepamplona.com\\\/actualidad\\\/#website\",\"url\":\"https:\\\/\\\/www.laguiadepamplona.com\\\/actualidad\\\/\",\"name\":\"La gu\u00eda de Pamplona\",\"description\":\"Noticias de Pamplona\",\"publisher\":{\"@id\":\"https:\\\/\\\/www.laguiadepamplona.com\\\/actualidad\\\/#organization\"},\"potentialAction\":[{\"@type\":\"SearchAction\",\"target\":{\"@type\":\"EntryPoint\",\"urlTemplate\":\"https:\\\/\\\/www.laguiadepamplona.com\\\/actualidad\\\/?s={search_term_string}\"},\"query-input\":{\"@type\":\"PropertyValueSpecification\",\"valueRequired\":true,\"valueName\":\"search_term_string\"}}],\"inLanguage\":\"es\"},{\"@type\":\"Organization\",\"@id\":\"https:\\\/\\\/www.laguiadepamplona.com\\\/actualidad\\\/#organization\",\"name\":\"La Gu\u00eda de Pamplona \\\/ Noticias\",\"url\":\"https:\\\/\\\/www.laguiadepamplona.com\\\/actualidad\\\/\",\"logo\":{\"@type\":\"ImageObject\",\"inLanguage\":\"es\",\"@id\":\"https:\\\/\\\/www.laguiadepamplona.com\\\/actualidad\\\/#\\\/schema\\\/logo\\\/image\\\/\",\"url\":\"https:\\\/\\\/www.laguiadepamplona.com\\\/actualidad\\\/wp-content\\\/uploads\\\/2018\\\/11\\\/logo-laguiadepamplona18-web1.png\",\"contentUrl\":\"https:\\\/\\\/www.laguiadepamplona.com\\\/actualidad\\\/wp-content\\\/uploads\\\/2018\\\/11\\\/logo-laguiadepamplona18-web1.png\",\"width\":600,\"height\":196,\"caption\":\"La Gu\u00eda de Pamplona \\\/ Noticias\"},\"image\":{\"@id\":\"https:\\\/\\\/www.laguiadepamplona.com\\\/actualidad\\\/#\\\/schema\\\/logo\\\/image\\\/\"},\"sameAs\":[\"https:\\\/\\\/www.facebook.com\\\/laguiadepamplonacom-133175176762273\\\/?ref=hl\",\"https:\\\/\\\/x.com\\\/LaGuiadPamplona\",\"https:\\\/\\\/www.instagram.com\\\/la_guia_de_pamplona\\\/\",\"https:\\\/\\\/www.youtube.com\\\/user\\\/laguiadepamplona\"]},{\"@type\":\"Person\",\"@id\":\"https:\\\/\\\/www.laguiadepamplona.com\\\/actualidad\\\/#\\\/schema\\\/person\\\/efe887376f0213d4657c93adc50b1fdb\",\"name\":\"La Gu\u00eda de Pamplona\",\"image\":{\"@type\":\"ImageObject\",\"inLanguage\":\"es\",\"@id\":\"https:\\\/\\\/secure.gravatar.com\\\/avatar\\\/b6992f131dc8d30ab0dff15446e9d346d9dbd95992de0fef795073f5ea83a81c?s=96&d=mm&r=g\",\"url\":\"https:\\\/\\\/secure.gravatar.com\\\/avatar\\\/b6992f131dc8d30ab0dff15446e9d346d9dbd95992de0fef795073f5ea83a81c?s=96&d=mm&r=g\",\"contentUrl\":\"https:\\\/\\\/secure.gravatar.com\\\/avatar\\\/b6992f131dc8d30ab0dff15446e9d346d9dbd95992de0fef795073f5ea83a81c?s=96&d=mm&r=g\",\"caption\":\"La Gu\u00eda de Pamplona\"}}]}<\/script>\n<!-- \/ Yoast SEO plugin. -->","yoast_head_json":{"title":"Ayuntamiento de Pamplona y Gobierno de Navarra regular\u00e1n a trav\u00e9s de un convenio el uso de seis edificios municipales destinados a servicios educativos","robots":{"index":"index","follow":"follow","max-snippet":"max-snippet:-1","max-image-preview":"max-image-preview:large","max-video-preview":"max-video-preview:-1"},"canonical":"https:\/\/www.laguiadepamplona.com\/actualidad\/ayuntamiento-de-pamplona-y-gobierno-de-navarra-regularan-a-traves-de-un-convenio-el-uso-de-seis-edificios-municipales-destinados-a-servicios-educativos\/","og_locale":"es_ES","og_type":"article","og_title":"Ayuntamiento de Pamplona y Gobierno de Navarra regular\u00e1n a trav\u00e9s de un convenio el uso de seis edificios municipales destinados a servicios educativos","og_description":"Se trata de los colegios p\u00fablicos Fernando Remacha, Blanca de Navarra, Jos\u00e9 Vila, M\u00aa Ana Sanz, Jos\u00e9 M\u00aa Iribarren y escuelas de la calle Compa\u00f1\u00eda El Ayuntamiento de Pamplona y...","og_url":"https:\/\/www.laguiadepamplona.com\/actualidad\/ayuntamiento-de-pamplona-y-gobierno-de-navarra-regularan-a-traves-de-un-convenio-el-uso-de-seis-edificios-municipales-destinados-a-servicios-educativos\/","og_site_name":"La Gu\u00eda de Pamplona","article_publisher":"https:\/\/www.facebook.com\/laguiadepamplonacom-133175176762273\/?ref=hl","article_published_time":"2014-02-18T11:52:36+00:00","author":"La Gu\u00eda de Pamplona","twitter_card":"summary_large_image","twitter_creator":"@LaGuiadPamplona","twitter_site":"@LaGuiadPamplona","twitter_misc":{"Escrito por":"La Gu\u00eda de Pamplona","Tiempo de lectura":"4 minutos"},"schema":{"@context":"https:\/\/schema.org","@graph":[{"@type":"Article","@id":"https:\/\/www.laguiadepamplona.com\/actualidad\/ayuntamiento-de-pamplona-y-gobierno-de-navarra-regularan-a-traves-de-un-convenio-el-uso-de-seis-edificios-municipales-destinados-a-servicios-educativos\/#article","isPartOf":{"@id":"https:\/\/www.laguiadepamplona.com\/actualidad\/ayuntamiento-de-pamplona-y-gobierno-de-navarra-regularan-a-traves-de-un-convenio-el-uso-de-seis-edificios-municipales-destinados-a-servicios-educativos\/"},"author":{"name":"La Gu\u00eda de Pamplona","@id":"https:\/\/www.laguiadepamplona.com\/actualidad\/#\/schema\/person\/efe887376f0213d4657c93adc50b1fdb"},"headline":"Ayuntamiento de Pamplona y Gobierno de Navarra regular\u00e1n a trav\u00e9s de un convenio el uso de seis edificios municipales destinados a servicios educativos","datePublished":"2014-02-18T11:52:36+00:00","mainEntityOfPage":{"@id":"https:\/\/www.laguiadepamplona.com\/actualidad\/ayuntamiento-de-pamplona-y-gobierno-de-navarra-regularan-a-traves-de-un-convenio-el-uso-de-seis-edificios-municipales-destinados-a-servicios-educativos\/"},"wordCount":869,"commentCount":0,"publisher":{"@id":"https:\/\/www.laguiadepamplona.com\/actualidad\/#organization"},"image":{"@id":"https:\/\/www.laguiadepamplona.com\/actualidad\/ayuntamiento-de-pamplona-y-gobierno-de-navarra-regularan-a-traves-de-un-convenio-el-uso-de-seis-edificios-municipales-destinados-a-servicios-educativos\/#primaryimage"},"thumbnailUrl":"","keywords":["actualidad","ayto pamplona","edificios municipales","noticias","pamplona","servicios educativos"],"articleSection":["Ayto Pamplona"],"inLanguage":"es","potentialAction":[{"@type":"CommentAction","name":"Comment","target":["https:\/\/www.laguiadepamplona.com\/actualidad\/ayuntamiento-de-pamplona-y-gobierno-de-navarra-regularan-a-traves-de-un-convenio-el-uso-de-seis-edificios-municipales-destinados-a-servicios-educativos\/#respond"]}]},{"@type":"WebPage","@id":"https:\/\/www.laguiadepamplona.com\/actualidad\/ayuntamiento-de-pamplona-y-gobierno-de-navarra-regularan-a-traves-de-un-convenio-el-uso-de-seis-edificios-municipales-destinados-a-servicios-educativos\/","url":"https:\/\/www.laguiadepamplona.com\/actualidad\/ayuntamiento-de-pamplona-y-gobierno-de-navarra-regularan-a-traves-de-un-convenio-el-uso-de-seis-edificios-municipales-destinados-a-servicios-educativos\/","name":"Ayuntamiento de Pamplona y Gobierno de Navarra regular\u00e1n a trav\u00e9s de un convenio el uso de seis edificios municipales destinados a servicios educativos","isPartOf":{"@id":"https:\/\/www.laguiadepamplona.com\/actualidad\/#website"},"primaryImageOfPage":{"@id":"https:\/\/www.laguiadepamplona.com\/actualidad\/ayuntamiento-de-pamplona-y-gobierno-de-navarra-regularan-a-traves-de-un-convenio-el-uso-de-seis-edificios-municipales-destinados-a-servicios-educativos\/#primaryimage"},"image":{"@id":"https:\/\/www.laguiadepamplona.com\/actualidad\/ayuntamiento-de-pamplona-y-gobierno-de-navarra-regularan-a-traves-de-un-convenio-el-uso-de-seis-edificios-municipales-destinados-a-servicios-educativos\/#primaryimage"},"thumbnailUrl":"","datePublished":"2014-02-18T11:52:36+00:00","breadcrumb":{"@id":"https:\/\/www.laguiadepamplona.com\/actualidad\/ayuntamiento-de-pamplona-y-gobierno-de-navarra-regularan-a-traves-de-un-convenio-el-uso-de-seis-edificios-municipales-destinados-a-servicios-educativos\/#breadcrumb"},"inLanguage":"es","potentialAction":[{"@type":"ReadAction","target":["https:\/\/www.laguiadepamplona.com\/actualidad\/ayuntamiento-de-pamplona-y-gobierno-de-navarra-regularan-a-traves-de-un-convenio-el-uso-de-seis-edificios-municipales-destinados-a-servicios-educativos\/"]}]},{"@type":"ImageObject","inLanguage":"es","@id":"https:\/\/www.laguiadepamplona.com\/actualidad\/ayuntamiento-de-pamplona-y-gobierno-de-navarra-regularan-a-traves-de-un-convenio-el-uso-de-seis-edificios-municipales-destinados-a-servicios-educativos\/#primaryimage","url":"","contentUrl":""},{"@type":"BreadcrumbList","@id":"https:\/\/www.laguiadepamplona.com\/actualidad\/ayuntamiento-de-pamplona-y-gobierno-de-navarra-regularan-a-traves-de-un-convenio-el-uso-de-seis-edificios-municipales-destinados-a-servicios-educativos\/#breadcrumb","itemListElement":[{"@type":"ListItem","position":1,"name":"Portada","item":"https:\/\/www.laguiadepamplona.com\/actualidad\/"},{"@type":"ListItem","position":2,"name":"Ayuntamiento de Pamplona y Gobierno de Navarra regular\u00e1n a trav\u00e9s de un convenio el uso de seis edificios municipales destinados a servicios educativos"}]},{"@type":"WebSite","@id":"https:\/\/www.laguiadepamplona.com\/actualidad\/#website","url":"https:\/\/www.laguiadepamplona.com\/actualidad\/","name":"La gu\u00eda de Pamplona","description":"Noticias de Pamplona","publisher":{"@id":"https:\/\/www.laguiadepamplona.com\/actualidad\/#organization"},"potentialAction":[{"@type":"SearchAction","target":{"@type":"EntryPoint","urlTemplate":"https:\/\/www.laguiadepamplona.com\/actualidad\/?s={search_term_string}"},"query-input":{"@type":"PropertyValueSpecification","valueRequired":true,"valueName":"search_term_string"}}],"inLanguage":"es"},{"@type":"Organization","@id":"https:\/\/www.laguiadepamplona.com\/actualidad\/#organization","name":"La Gu\u00eda de Pamplona \/ Noticias","url":"https:\/\/www.laguiadepamplona.com\/actualidad\/","logo":{"@type":"ImageObject","inLanguage":"es","@id":"https:\/\/www.laguiadepamplona.com\/actualidad\/#\/schema\/logo\/image\/","url":"https:\/\/www.laguiadepamplona.com\/actualidad\/wp-content\/uploads\/2018\/11\/logo-laguiadepamplona18-web1.png","contentUrl":"https:\/\/www.laguiadepamplona.com\/actualidad\/wp-content\/uploads\/2018\/11\/logo-laguiadepamplona18-web1.png","width":600,"height":196,"caption":"La Gu\u00eda de Pamplona \/ Noticias"},"image":{"@id":"https:\/\/www.laguiadepamplona.com\/actualidad\/#\/schema\/logo\/image\/"},"sameAs":["https:\/\/www.facebook.com\/laguiadepamplonacom-133175176762273\/?ref=hl","https:\/\/x.com\/LaGuiadPamplona","https:\/\/www.instagram.com\/la_guia_de_pamplona\/","https:\/\/www.youtube.com\/user\/laguiadepamplona"]},{"@type":"Person","@id":"https:\/\/www.laguiadepamplona.com\/actualidad\/#\/schema\/person\/efe887376f0213d4657c93adc50b1fdb","name":"La Gu\u00eda de Pamplona","image":{"@type":"ImageObject","inLanguage":"es","@id":"https:\/\/secure.gravatar.com\/avatar\/b6992f131dc8d30ab0dff15446e9d346d9dbd95992de0fef795073f5ea83a81c?s=96&d=mm&r=g","url":"https:\/\/secure.gravatar.com\/avatar\/b6992f131dc8d30ab0dff15446e9d346d9dbd95992de0fef795073f5ea83a81c?s=96&d=mm&r=g","contentUrl":"https:\/\/secure.gravatar.com\/avatar\/b6992f131dc8d30ab0dff15446e9d346d9dbd95992de0fef795073f5ea83a81c?s=96&d=mm&r=g","caption":"La Gu\u00eda de Pamplona"}}]}},"post_mailing_queue_ids":[],"_links":{"self":[{"href":"https:\/\/www.laguiadepamplona.com\/actualidad\/wp-json\/wp\/v2\/posts\/497","targetHints":{"allow":["GET"]}}],"collection":[{"href":"https:\/\/www.laguiadepamplona.com\/actualidad\/wp-json\/wp\/v2\/posts"}],"about":[{"href":"https:\/\/www.laguiadepamplona.com\/actualidad\/wp-json\/wp\/v2\/types\/post"}],"author":[{"embeddable":true,"href":"https:\/\/www.laguiadepamplona.com\/actualidad\/wp-json\/wp\/v2\/users\/1"}],"replies":[{"embeddable":true,"href":"https:\/\/www.laguiadepamplona.com\/actualidad\/wp-json\/wp\/v2\/comments?post=497"}],"version-history":[{"count":0,"href":"https:\/\/www.laguiadepamplona.com\/actualidad\/wp-json\/wp\/v2\/posts\/497\/revisions"}],"wp:featuredmedia":[{"embeddable":true,"href":"https:\/\/www.laguiadepamplona.com\/actualidad\/wp-json\/"}],"wp:attachment":[{"href":"https:\/\/www.laguiadepamplona.com\/actualidad\/wp-json\/wp\/v2\/media?parent=497"}],"wp:term":[{"taxonomy":"category","embeddable":true,"href":"https:\/\/www.laguiadepamplona.com\/actualidad\/wp-json\/wp\/v2\/categories?post=497"},{"taxonomy":"post_tag","embeddable":true,"href":"https:\/\/www.laguiadepamplona.com\/actualidad\/wp-json\/wp\/v2\/tags?post=497"}],"curies":[{"name":"wp","href":"https:\/\/api.w.org\/{rel}","templated":true}]}}