{"id":49678,"date":"2024-05-10T17:43:52","date_gmt":"2024-05-10T15:43:52","guid":{"rendered":"https:\/\/www.laguiadepamplona.com\/actualidad\/?p=49678"},"modified":"2024-05-10T17:43:52","modified_gmt":"2024-05-10T15:43:52","slug":"las-obras-de-beloso-obligan-a-cortar-los-dos-carriles-de-subida-este-domingo-de-forma-que-solo-habra-un-carril-de-subida-hacia-pamplona-y-otro-de-bajada-hacia-burlada","status":"publish","type":"post","link":"https:\/\/www.laguiadepamplona.com\/actualidad\/las-obras-de-beloso-obligan-a-cortar-los-dos-carriles-de-subida-este-domingo-de-forma-que-solo-habra-un-carril-de-subida-hacia-pamplona-y-otro-de-bajada-hacia-burlada\/","title":{"rendered":"Las obras de Beloso obligan a cortar los dos carriles de subida este domingo, de forma que solo habr\u00e1 un carril de subida hacia Pamplona y otro de bajada hacia Burlada"},"content":{"rendered":"<h2>La celebraci\u00f3n de la Media Marat\u00f3n provoca cortes de tr\u00e1fico en el centro de la ciudad, por lo que se pide precauci\u00f3n y planificar los desplazamientos<\/h2>\n<p><!--more--><\/p>\n<p>Las obras del corredor sostenible de la cuesta de Beloso contin\u00faan su avance y obligan este domingo a cortar los dos carriles de circulaci\u00f3n m\u00e1s pr\u00f3ximos a la Ciudad Deportiva Amaya. La circulaci\u00f3n se har\u00e1 por los dos carriles habituales de bajada, de forma que uno se utilizar\u00e1 para subir hacia Pamplona y el otro para bajar hacia Burlada. Este cierre solo est\u00e1 previsto para el domingo, cuando el volumen de tr\u00e1fico disminuye notablemente.<\/p>\n<p>La limitaci\u00f3n a un \u00fanico carril de subida y otro de bajada implica el cierre de un carril desde la avenida de Baja Navarra en direcci\u00f3n Burlada, a la altura de la calle Media Luna y se instalar\u00e1n las se\u00f1alizaciones correspondientes en los cruces con la calle Valle de Eg\u00fc\u00e9s y la carretera de Badostain, junto al Seminario. Habr\u00e1 operarios indicando los desv\u00edos.<br \/>\n<script async src=\"\/\/pagead2.googlesyndication.com\/pagead\/js\/adsbygoogle.js\"><\/script><br \/>\n<!-- Noticias La Guia de Pamplona --><br \/>\n<ins class=\"adsbygoogle\"\nstyle=\"display:block\"\ndata-ad-client=\"ca-pub-6943679897239327\"\ndata-ad-slot=\"7048180777\"\ndata-ad-format=\"auto\"><\/ins><br \/>\n<script>\n(adsbygoogle = window.adsbygoogle || []).push({});\n<\/script><br \/>\nAdem\u00e1s, se podr\u00e1 utilizar la calle Beloso Alto, que da acceso al Hospital de San Juan de Dios, en sentido entrada pero no de salida hacia la cuesta de Beloso. La \u00fanica excepci\u00f3n es la l\u00ednea 10 del transporte p\u00fablico, Beloso Alto \u2013 Orkoien, que mantiene su itinerario y ofrecer\u00e1 el servicio en su recorrido habitual.<\/p>\n<p>Este domingo por la ma\u00f1ana se celebran diversos eventos en Pamplona, como la Media Marat\u00f3n o el partido de Osasuna femenino en El Sadar, por lo que se pide planificar posibles desplazamientos. Se recomienda evitar el uso del veh\u00edculo particular y utilizar medios sostenibles, como la bicicleta, el transporte p\u00fablico o a pie.<\/p>\n<p>En el caso de la Media Marat\u00f3n, los cortes comienzan a las 7 de la ma\u00f1ana en la avenida de Galicia, donde a las 9.30 est\u00e1 previsto el inicio de la prueba, con final en el estadio de Larrabide. La carrera principal cierra el control a las 12.35 horas. Adem\u00e1s, hay una segunda carrera de 5 kil\u00f3metros, que parte a las 12 horas tambi\u00e9n desde la avenida de Galicia.<\/p>\n<p>El tr\u00e1fico se ver\u00e1 afectado, aunque no se corta totalmente la circulaci\u00f3n, sino que se dar\u00e1 paso alternativo. Algunas de las l\u00edneas del transporte p\u00fablico que circulan por el centro modifican su recorrido. Polic\u00eda Municipal prev\u00e9 un dispositivo especial de tr\u00e1fico con 49 agentes, que se unen a los 76 voluntarios de la organizaci\u00f3n de la carrera.<br \/>\n<script async src=\"\/\/pagead2.googlesyndication.com\/pagead\/js\/adsbygoogle.js\"><\/script><br \/>\n<!-- Noticias La Guia de Pamplona --><br \/>\n<ins class=\"adsbygoogle\"\nstyle=\"display:block\"\ndata-ad-client=\"ca-pub-6943679897239327\"\ndata-ad-slot=\"7048180777\"\ndata-ad-format=\"auto\"><\/ins><br \/>\n<script>\n(adsbygoogle = window.adsbygoogle || []).push({});\n<\/script><br \/>\n&nbsp;<\/p>\n<h3>Calles afectadas por Media Marat\u00f3n<\/h3>\n<ul>\n<li>Recorrido de la Media Marat\u00f3n (21 kil\u00f3metros, dos vueltas al circuito)\n<ul>\n<li>Avenida de Galicia, Bergam\u00edn, Gonz\u00e1lez Tablas, plaza de La Libertad, Aoiz, Monjardin, Valle Eg\u00fc\u00e9s, avenida Baja Navarra, Media Luna, Arrieta, Amaya, Estafeta, Mercaderes, San Saturnino, Campana, San Francisco, Eslava, Jarauta, Descalzos, Santo Andia, plaza de la O, por encima del Portal Nuevo, Taconera, Bosquecillo, avenida P\u00edo XII, plaza Juan XXIII, Cuesta de la Reina, San Roque, Monasterio de Irache, cruzan la Vaguada, Arcadio M\u00aa Larraona, Plaza Europa, avenida Sancho El Fuerte, Esqu\u00edroz, Vuelta del Castillo, avenida P\u00edo XII, avenida del Ej\u00e9rcito, Yanguas y Miranda, Plazaola, Navarro Villoslada, Padre Calatayud, Tafalla, avenida Galicia y estadio Larrabide<\/li>\n<\/ul>\n<\/li>\n<li>Recorrido de la carrera de 5 kil\u00f3metros:\n<ul>\n<li>Avenida de Galicia, Tafalla, Bergam\u00edn, avenida Galicia, plaza de Los Fueros, avenida Zaragoza, Plazaola, cruza Yanguas y Miranda por el paso de peatones, Yanguas y Miranda, plaza de Los Fueros, avenida Sancho el Fuerte, Esqu\u00edroz, Vuelta del Castillo, avenida P\u00edo XII, avenida del Ej\u00e9rcito, plaza de la Paz, Yanguas y Miranda, cruzan por el paso de peatones hacia Plazaola, avenida de Zaragoza, bordear plaza de los Fueros, avenida de Galicia y estadio de Larrabide<\/li>\n<\/ul>\n<\/li>\n<\/ul>\n","protected":false},"excerpt":{"rendered":"<p>La celebraci\u00f3n de la Media Marat\u00f3n provoca cortes de tr\u00e1fico en el centro de la ciudad, por lo que se pide precauci\u00f3n y planificar los desplazamientos<\/p>\n","protected":false},"author":1,"featured_media":49679,"comment_status":"open","ping_status":"closed","sticky":false,"template":"","format":"standard","meta":{"footnotes":""},"categories":[2],"tags":[],"class_list":["post-49678","post","type-post","status-publish","format-standard","has-post-thumbnail","hentry","category-ayuntamiento-pamplona"],"yoast_head":"<!-- This site is optimized with the Yoast SEO plugin v27.3 - https:\/\/yoast.com\/product\/yoast-seo-wordpress\/ -->\n<title>Las obras de Beloso obligan a cortar los dos carriles de subida este domingo, de forma que solo habr\u00e1 un carril de subida hacia Pamplona y otro de bajada hacia Burlada<\/title>\n<meta name=\"description\" content=\"La celebraci\u00f3n de la Media Marat\u00f3n provoca cortes de tr\u00e1fico en el centro de la ciudad, por lo que se pide precauci\u00f3n y planificar los desplazamientos\" \/>\n<meta name=\"robots\" content=\"index, follow, max-snippet:-1, max-image-preview:large, max-video-preview:-1\" \/>\n<link rel=\"canonical\" href=\"https:\/\/www.laguiadepamplona.com\/actualidad\/las-obras-de-beloso-obligan-a-cortar-los-dos-carriles-de-subida-este-domingo-de-forma-que-solo-habra-un-carril-de-subida-hacia-pamplona-y-otro-de-bajada-hacia-burlada\/\" \/>\n<meta property=\"og:locale\" content=\"es_ES\" \/>\n<meta property=\"og:type\" content=\"article\" \/>\n<meta property=\"og:title\" content=\"Las obras de Beloso obligan a cortar los dos carriles de subida este domingo, de forma que solo habr\u00e1 un carril de subida hacia Pamplona y otro de bajada hacia Burlada\" \/>\n<meta property=\"og:description\" content=\"La celebraci\u00f3n de la Media Marat\u00f3n provoca cortes de tr\u00e1fico en el centro de la ciudad, por lo que se pide precauci\u00f3n y planificar los desplazamientos\" \/>\n<meta property=\"og:url\" content=\"https:\/\/www.laguiadepamplona.com\/actualidad\/las-obras-de-beloso-obligan-a-cortar-los-dos-carriles-de-subida-este-domingo-de-forma-que-solo-habra-un-carril-de-subida-hacia-pamplona-y-otro-de-bajada-hacia-burlada\/\" \/>\n<meta property=\"og:site_name\" content=\"La Gu\u00eda de Pamplona\" \/>\n<meta property=\"article:publisher\" content=\"https:\/\/www.facebook.com\/laguiadepamplonacom-133175176762273\/?ref=hl\" \/>\n<meta property=\"article:published_time\" content=\"2024-05-10T15:43:52+00:00\" \/>\n<meta property=\"og:image\" content=\"https:\/\/www.laguiadepamplona.com\/actualidad\/wp-content\/uploads\/2024\/05\/beloso.webp\" \/>\n\t<meta property=\"og:image:width\" content=\"1200\" \/>\n\t<meta property=\"og:image:height\" content=\"745\" \/>\n\t<meta property=\"og:image:type\" content=\"image\/webp\" \/>\n<meta name=\"author\" content=\"La Gu\u00eda de Pamplona\" \/>\n<meta name=\"twitter:card\" content=\"summary_large_image\" \/>\n<meta name=\"twitter:creator\" content=\"@LaGuiadPamplona\" \/>\n<meta name=\"twitter:site\" content=\"@LaGuiadPamplona\" \/>\n<meta name=\"twitter:label1\" content=\"Escrito por\" \/>\n\t<meta name=\"twitter:data1\" content=\"La Gu\u00eda de Pamplona\" \/>\n\t<meta name=\"twitter:label2\" content=\"Tiempo de lectura\" \/>\n\t<meta name=\"twitter:data2\" content=\"3 minutos\" \/>\n<script type=\"application\/ld+json\" class=\"yoast-schema-graph\">{\"@context\":\"https:\\\/\\\/schema.org\",\"@graph\":[{\"@type\":\"Article\",\"@id\":\"https:\\\/\\\/www.laguiadepamplona.com\\\/actualidad\\\/las-obras-de-beloso-obligan-a-cortar-los-dos-carriles-de-subida-este-domingo-de-forma-que-solo-habra-un-carril-de-subida-hacia-pamplona-y-otro-de-bajada-hacia-burlada\\\/#article\",\"isPartOf\":{\"@id\":\"https:\\\/\\\/www.laguiadepamplona.com\\\/actualidad\\\/las-obras-de-beloso-obligan-a-cortar-los-dos-carriles-de-subida-este-domingo-de-forma-que-solo-habra-un-carril-de-subida-hacia-pamplona-y-otro-de-bajada-hacia-burlada\\\/\"},\"author\":{\"name\":\"La Gu\u00eda de Pamplona\",\"@id\":\"https:\\\/\\\/www.laguiadepamplona.com\\\/actualidad\\\/#\\\/schema\\\/person\\\/efe887376f0213d4657c93adc50b1fdb\"},\"headline\":\"Las obras de Beloso obligan a cortar los dos carriles de subida este domingo, de forma que solo habr\u00e1 un carril de subida hacia Pamplona y otro de bajada hacia Burlada\",\"datePublished\":\"2024-05-10T15:43:52+00:00\",\"mainEntityOfPage\":{\"@id\":\"https:\\\/\\\/www.laguiadepamplona.com\\\/actualidad\\\/las-obras-de-beloso-obligan-a-cortar-los-dos-carriles-de-subida-este-domingo-de-forma-que-solo-habra-un-carril-de-subida-hacia-pamplona-y-otro-de-bajada-hacia-burlada\\\/\"},\"wordCount\":662,\"commentCount\":0,\"publisher\":{\"@id\":\"https:\\\/\\\/www.laguiadepamplona.com\\\/actualidad\\\/#organization\"},\"image\":{\"@id\":\"https:\\\/\\\/www.laguiadepamplona.com\\\/actualidad\\\/las-obras-de-beloso-obligan-a-cortar-los-dos-carriles-de-subida-este-domingo-de-forma-que-solo-habra-un-carril-de-subida-hacia-pamplona-y-otro-de-bajada-hacia-burlada\\\/#primaryimage\"},\"thumbnailUrl\":\"https:\\\/\\\/www.laguiadepamplona.com\\\/actualidad\\\/wp-content\\\/uploads\\\/2024\\\/05\\\/beloso.webp\",\"articleSection\":[\"Ayto Pamplona\"],\"inLanguage\":\"es\",\"potentialAction\":[{\"@type\":\"CommentAction\",\"name\":\"Comment\",\"target\":[\"https:\\\/\\\/www.laguiadepamplona.com\\\/actualidad\\\/las-obras-de-beloso-obligan-a-cortar-los-dos-carriles-de-subida-este-domingo-de-forma-que-solo-habra-un-carril-de-subida-hacia-pamplona-y-otro-de-bajada-hacia-burlada\\\/#respond\"]}]},{\"@type\":\"WebPage\",\"@id\":\"https:\\\/\\\/www.laguiadepamplona.com\\\/actualidad\\\/las-obras-de-beloso-obligan-a-cortar-los-dos-carriles-de-subida-este-domingo-de-forma-que-solo-habra-un-carril-de-subida-hacia-pamplona-y-otro-de-bajada-hacia-burlada\\\/\",\"url\":\"https:\\\/\\\/www.laguiadepamplona.com\\\/actualidad\\\/las-obras-de-beloso-obligan-a-cortar-los-dos-carriles-de-subida-este-domingo-de-forma-que-solo-habra-un-carril-de-subida-hacia-pamplona-y-otro-de-bajada-hacia-burlada\\\/\",\"name\":\"Las obras de Beloso obligan a cortar los dos carriles de subida este domingo, de forma que solo habr\u00e1 un carril de subida hacia Pamplona y otro de bajada hacia Burlada\",\"isPartOf\":{\"@id\":\"https:\\\/\\\/www.laguiadepamplona.com\\\/actualidad\\\/#website\"},\"primaryImageOfPage\":{\"@id\":\"https:\\\/\\\/www.laguiadepamplona.com\\\/actualidad\\\/las-obras-de-beloso-obligan-a-cortar-los-dos-carriles-de-subida-este-domingo-de-forma-que-solo-habra-un-carril-de-subida-hacia-pamplona-y-otro-de-bajada-hacia-burlada\\\/#primaryimage\"},\"image\":{\"@id\":\"https:\\\/\\\/www.laguiadepamplona.com\\\/actualidad\\\/las-obras-de-beloso-obligan-a-cortar-los-dos-carriles-de-subida-este-domingo-de-forma-que-solo-habra-un-carril-de-subida-hacia-pamplona-y-otro-de-bajada-hacia-burlada\\\/#primaryimage\"},\"thumbnailUrl\":\"https:\\\/\\\/www.laguiadepamplona.com\\\/actualidad\\\/wp-content\\\/uploads\\\/2024\\\/05\\\/beloso.webp\",\"datePublished\":\"2024-05-10T15:43:52+00:00\",\"description\":\"La celebraci\u00f3n de la Media Marat\u00f3n provoca cortes de tr\u00e1fico en el centro de la ciudad, por lo que se pide precauci\u00f3n y planificar los desplazamientos\",\"breadcrumb\":{\"@id\":\"https:\\\/\\\/www.laguiadepamplona.com\\\/actualidad\\\/las-obras-de-beloso-obligan-a-cortar-los-dos-carriles-de-subida-este-domingo-de-forma-que-solo-habra-un-carril-de-subida-hacia-pamplona-y-otro-de-bajada-hacia-burlada\\\/#breadcrumb\"},\"inLanguage\":\"es\",\"potentialAction\":[{\"@type\":\"ReadAction\",\"target\":[\"https:\\\/\\\/www.laguiadepamplona.com\\\/actualidad\\\/las-obras-de-beloso-obligan-a-cortar-los-dos-carriles-de-subida-este-domingo-de-forma-que-solo-habra-un-carril-de-subida-hacia-pamplona-y-otro-de-bajada-hacia-burlada\\\/\"]}]},{\"@type\":\"ImageObject\",\"inLanguage\":\"es\",\"@id\":\"https:\\\/\\\/www.laguiadepamplona.com\\\/actualidad\\\/las-obras-de-beloso-obligan-a-cortar-los-dos-carriles-de-subida-este-domingo-de-forma-que-solo-habra-un-carril-de-subida-hacia-pamplona-y-otro-de-bajada-hacia-burlada\\\/#primaryimage\",\"url\":\"https:\\\/\\\/www.laguiadepamplona.com\\\/actualidad\\\/wp-content\\\/uploads\\\/2024\\\/05\\\/beloso.webp\",\"contentUrl\":\"https:\\\/\\\/www.laguiadepamplona.com\\\/actualidad\\\/wp-content\\\/uploads\\\/2024\\\/05\\\/beloso.webp\",\"width\":1200,\"height\":745,\"caption\":\"cuesta de Beloso\"},{\"@type\":\"BreadcrumbList\",\"@id\":\"https:\\\/\\\/www.laguiadepamplona.com\\\/actualidad\\\/las-obras-de-beloso-obligan-a-cortar-los-dos-carriles-de-subida-este-domingo-de-forma-que-solo-habra-un-carril-de-subida-hacia-pamplona-y-otro-de-bajada-hacia-burlada\\\/#breadcrumb\",\"itemListElement\":[{\"@type\":\"ListItem\",\"position\":1,\"name\":\"Portada\",\"item\":\"https:\\\/\\\/www.laguiadepamplona.com\\\/actualidad\\\/\"},{\"@type\":\"ListItem\",\"position\":2,\"name\":\"Las obras de Beloso obligan a cortar los dos carriles de subida este domingo, de forma que solo habr\u00e1 un carril de subida hacia Pamplona y otro de bajada hacia Burlada\"}]},{\"@type\":\"WebSite\",\"@id\":\"https:\\\/\\\/www.laguiadepamplona.com\\\/actualidad\\\/#website\",\"url\":\"https:\\\/\\\/www.laguiadepamplona.com\\\/actualidad\\\/\",\"name\":\"La gu\u00eda de Pamplona\",\"description\":\"Noticias de Pamplona\",\"publisher\":{\"@id\":\"https:\\\/\\\/www.laguiadepamplona.com\\\/actualidad\\\/#organization\"},\"potentialAction\":[{\"@type\":\"SearchAction\",\"target\":{\"@type\":\"EntryPoint\",\"urlTemplate\":\"https:\\\/\\\/www.laguiadepamplona.com\\\/actualidad\\\/?s={search_term_string}\"},\"query-input\":{\"@type\":\"PropertyValueSpecification\",\"valueRequired\":true,\"valueName\":\"search_term_string\"}}],\"inLanguage\":\"es\"},{\"@type\":\"Organization\",\"@id\":\"https:\\\/\\\/www.laguiadepamplona.com\\\/actualidad\\\/#organization\",\"name\":\"La Gu\u00eda de Pamplona \\\/ Noticias\",\"url\":\"https:\\\/\\\/www.laguiadepamplona.com\\\/actualidad\\\/\",\"logo\":{\"@type\":\"ImageObject\",\"inLanguage\":\"es\",\"@id\":\"https:\\\/\\\/www.laguiadepamplona.com\\\/actualidad\\\/#\\\/schema\\\/logo\\\/image\\\/\",\"url\":\"https:\\\/\\\/www.laguiadepamplona.com\\\/actualidad\\\/wp-content\\\/uploads\\\/2018\\\/11\\\/logo-laguiadepamplona18-web1.png\",\"contentUrl\":\"https:\\\/\\\/www.laguiadepamplona.com\\\/actualidad\\\/wp-content\\\/uploads\\\/2018\\\/11\\\/logo-laguiadepamplona18-web1.png\",\"width\":600,\"height\":196,\"caption\":\"La Gu\u00eda de Pamplona \\\/ Noticias\"},\"image\":{\"@id\":\"https:\\\/\\\/www.laguiadepamplona.com\\\/actualidad\\\/#\\\/schema\\\/logo\\\/image\\\/\"},\"sameAs\":[\"https:\\\/\\\/www.facebook.com\\\/laguiadepamplonacom-133175176762273\\\/?ref=hl\",\"https:\\\/\\\/x.com\\\/LaGuiadPamplona\",\"https:\\\/\\\/www.instagram.com\\\/la_guia_de_pamplona\\\/\",\"https:\\\/\\\/www.youtube.com\\\/user\\\/laguiadepamplona\"]},{\"@type\":\"Person\",\"@id\":\"https:\\\/\\\/www.laguiadepamplona.com\\\/actualidad\\\/#\\\/schema\\\/person\\\/efe887376f0213d4657c93adc50b1fdb\",\"name\":\"La Gu\u00eda de Pamplona\",\"image\":{\"@type\":\"ImageObject\",\"inLanguage\":\"es\",\"@id\":\"https:\\\/\\\/secure.gravatar.com\\\/avatar\\\/b6992f131dc8d30ab0dff15446e9d346d9dbd95992de0fef795073f5ea83a81c?s=96&d=mm&r=g\",\"url\":\"https:\\\/\\\/secure.gravatar.com\\\/avatar\\\/b6992f131dc8d30ab0dff15446e9d346d9dbd95992de0fef795073f5ea83a81c?s=96&d=mm&r=g\",\"contentUrl\":\"https:\\\/\\\/secure.gravatar.com\\\/avatar\\\/b6992f131dc8d30ab0dff15446e9d346d9dbd95992de0fef795073f5ea83a81c?s=96&d=mm&r=g\",\"caption\":\"La Gu\u00eda de Pamplona\"}}]}<\/script>\n<!-- \/ Yoast SEO plugin. -->","yoast_head_json":{"title":"Las obras de Beloso obligan a cortar los dos carriles de subida este domingo, de forma que solo habr\u00e1 un carril de subida hacia Pamplona y otro de bajada hacia Burlada","description":"La celebraci\u00f3n de la Media Marat\u00f3n provoca cortes de tr\u00e1fico en el centro de la ciudad, por lo que se pide precauci\u00f3n y planificar los desplazamientos","robots":{"index":"index","follow":"follow","max-snippet":"max-snippet:-1","max-image-preview":"max-image-preview:large","max-video-preview":"max-video-preview:-1"},"canonical":"https:\/\/www.laguiadepamplona.com\/actualidad\/las-obras-de-beloso-obligan-a-cortar-los-dos-carriles-de-subida-este-domingo-de-forma-que-solo-habra-un-carril-de-subida-hacia-pamplona-y-otro-de-bajada-hacia-burlada\/","og_locale":"es_ES","og_type":"article","og_title":"Las obras de Beloso obligan a cortar los dos carriles de subida este domingo, de forma que solo habr\u00e1 un carril de subida hacia Pamplona y otro de bajada hacia Burlada","og_description":"La celebraci\u00f3n de la Media Marat\u00f3n provoca cortes de tr\u00e1fico en el centro de la ciudad, por lo que se pide precauci\u00f3n y planificar los desplazamientos","og_url":"https:\/\/www.laguiadepamplona.com\/actualidad\/las-obras-de-beloso-obligan-a-cortar-los-dos-carriles-de-subida-este-domingo-de-forma-que-solo-habra-un-carril-de-subida-hacia-pamplona-y-otro-de-bajada-hacia-burlada\/","og_site_name":"La Gu\u00eda de Pamplona","article_publisher":"https:\/\/www.facebook.com\/laguiadepamplonacom-133175176762273\/?ref=hl","article_published_time":"2024-05-10T15:43:52+00:00","og_image":[{"width":1200,"height":745,"url":"https:\/\/www.laguiadepamplona.com\/actualidad\/wp-content\/uploads\/2024\/05\/beloso.webp","type":"image\/webp"}],"author":"La Gu\u00eda de Pamplona","twitter_card":"summary_large_image","twitter_creator":"@LaGuiadPamplona","twitter_site":"@LaGuiadPamplona","twitter_misc":{"Escrito por":"La Gu\u00eda de Pamplona","Tiempo de lectura":"3 minutos"},"schema":{"@context":"https:\/\/schema.org","@graph":[{"@type":"Article","@id":"https:\/\/www.laguiadepamplona.com\/actualidad\/las-obras-de-beloso-obligan-a-cortar-los-dos-carriles-de-subida-este-domingo-de-forma-que-solo-habra-un-carril-de-subida-hacia-pamplona-y-otro-de-bajada-hacia-burlada\/#article","isPartOf":{"@id":"https:\/\/www.laguiadepamplona.com\/actualidad\/las-obras-de-beloso-obligan-a-cortar-los-dos-carriles-de-subida-este-domingo-de-forma-que-solo-habra-un-carril-de-subida-hacia-pamplona-y-otro-de-bajada-hacia-burlada\/"},"author":{"name":"La Gu\u00eda de Pamplona","@id":"https:\/\/www.laguiadepamplona.com\/actualidad\/#\/schema\/person\/efe887376f0213d4657c93adc50b1fdb"},"headline":"Las obras de Beloso obligan a cortar los dos carriles de subida este domingo, de forma que solo habr\u00e1 un carril de subida hacia Pamplona y otro de bajada hacia Burlada","datePublished":"2024-05-10T15:43:52+00:00","mainEntityOfPage":{"@id":"https:\/\/www.laguiadepamplona.com\/actualidad\/las-obras-de-beloso-obligan-a-cortar-los-dos-carriles-de-subida-este-domingo-de-forma-que-solo-habra-un-carril-de-subida-hacia-pamplona-y-otro-de-bajada-hacia-burlada\/"},"wordCount":662,"commentCount":0,"publisher":{"@id":"https:\/\/www.laguiadepamplona.com\/actualidad\/#organization"},"image":{"@id":"https:\/\/www.laguiadepamplona.com\/actualidad\/las-obras-de-beloso-obligan-a-cortar-los-dos-carriles-de-subida-este-domingo-de-forma-que-solo-habra-un-carril-de-subida-hacia-pamplona-y-otro-de-bajada-hacia-burlada\/#primaryimage"},"thumbnailUrl":"https:\/\/www.laguiadepamplona.com\/actualidad\/wp-content\/uploads\/2024\/05\/beloso.webp","articleSection":["Ayto Pamplona"],"inLanguage":"es","potentialAction":[{"@type":"CommentAction","name":"Comment","target":["https:\/\/www.laguiadepamplona.com\/actualidad\/las-obras-de-beloso-obligan-a-cortar-los-dos-carriles-de-subida-este-domingo-de-forma-que-solo-habra-un-carril-de-subida-hacia-pamplona-y-otro-de-bajada-hacia-burlada\/#respond"]}]},{"@type":"WebPage","@id":"https:\/\/www.laguiadepamplona.com\/actualidad\/las-obras-de-beloso-obligan-a-cortar-los-dos-carriles-de-subida-este-domingo-de-forma-que-solo-habra-un-carril-de-subida-hacia-pamplona-y-otro-de-bajada-hacia-burlada\/","url":"https:\/\/www.laguiadepamplona.com\/actualidad\/las-obras-de-beloso-obligan-a-cortar-los-dos-carriles-de-subida-este-domingo-de-forma-que-solo-habra-un-carril-de-subida-hacia-pamplona-y-otro-de-bajada-hacia-burlada\/","name":"Las obras de Beloso obligan a cortar los dos carriles de subida este domingo, de forma que solo habr\u00e1 un carril de subida hacia Pamplona y otro de bajada hacia Burlada","isPartOf":{"@id":"https:\/\/www.laguiadepamplona.com\/actualidad\/#website"},"primaryImageOfPage":{"@id":"https:\/\/www.laguiadepamplona.com\/actualidad\/las-obras-de-beloso-obligan-a-cortar-los-dos-carriles-de-subida-este-domingo-de-forma-que-solo-habra-un-carril-de-subida-hacia-pamplona-y-otro-de-bajada-hacia-burlada\/#primaryimage"},"image":{"@id":"https:\/\/www.laguiadepamplona.com\/actualidad\/las-obras-de-beloso-obligan-a-cortar-los-dos-carriles-de-subida-este-domingo-de-forma-que-solo-habra-un-carril-de-subida-hacia-pamplona-y-otro-de-bajada-hacia-burlada\/#primaryimage"},"thumbnailUrl":"https:\/\/www.laguiadepamplona.com\/actualidad\/wp-content\/uploads\/2024\/05\/beloso.webp","datePublished":"2024-05-10T15:43:52+00:00","description":"La celebraci\u00f3n de la Media Marat\u00f3n provoca cortes de tr\u00e1fico en el centro de la ciudad, por lo que se pide precauci\u00f3n y planificar los desplazamientos","breadcrumb":{"@id":"https:\/\/www.laguiadepamplona.com\/actualidad\/las-obras-de-beloso-obligan-a-cortar-los-dos-carriles-de-subida-este-domingo-de-forma-que-solo-habra-un-carril-de-subida-hacia-pamplona-y-otro-de-bajada-hacia-burlada\/#breadcrumb"},"inLanguage":"es","potentialAction":[{"@type":"ReadAction","target":["https:\/\/www.laguiadepamplona.com\/actualidad\/las-obras-de-beloso-obligan-a-cortar-los-dos-carriles-de-subida-este-domingo-de-forma-que-solo-habra-un-carril-de-subida-hacia-pamplona-y-otro-de-bajada-hacia-burlada\/"]}]},{"@type":"ImageObject","inLanguage":"es","@id":"https:\/\/www.laguiadepamplona.com\/actualidad\/las-obras-de-beloso-obligan-a-cortar-los-dos-carriles-de-subida-este-domingo-de-forma-que-solo-habra-un-carril-de-subida-hacia-pamplona-y-otro-de-bajada-hacia-burlada\/#primaryimage","url":"https:\/\/www.laguiadepamplona.com\/actualidad\/wp-content\/uploads\/2024\/05\/beloso.webp","contentUrl":"https:\/\/www.laguiadepamplona.com\/actualidad\/wp-content\/uploads\/2024\/05\/beloso.webp","width":1200,"height":745,"caption":"cuesta de Beloso"},{"@type":"BreadcrumbList","@id":"https:\/\/www.laguiadepamplona.com\/actualidad\/las-obras-de-beloso-obligan-a-cortar-los-dos-carriles-de-subida-este-domingo-de-forma-que-solo-habra-un-carril-de-subida-hacia-pamplona-y-otro-de-bajada-hacia-burlada\/#breadcrumb","itemListElement":[{"@type":"ListItem","position":1,"name":"Portada","item":"https:\/\/www.laguiadepamplona.com\/actualidad\/"},{"@type":"ListItem","position":2,"name":"Las obras de Beloso obligan a cortar los dos carriles de subida este domingo, de forma que solo habr\u00e1 un carril de subida hacia Pamplona y otro de bajada hacia Burlada"}]},{"@type":"WebSite","@id":"https:\/\/www.laguiadepamplona.com\/actualidad\/#website","url":"https:\/\/www.laguiadepamplona.com\/actualidad\/","name":"La gu\u00eda de Pamplona","description":"Noticias de Pamplona","publisher":{"@id":"https:\/\/www.laguiadepamplona.com\/actualidad\/#organization"},"potentialAction":[{"@type":"SearchAction","target":{"@type":"EntryPoint","urlTemplate":"https:\/\/www.laguiadepamplona.com\/actualidad\/?s={search_term_string}"},"query-input":{"@type":"PropertyValueSpecification","valueRequired":true,"valueName":"search_term_string"}}],"inLanguage":"es"},{"@type":"Organization","@id":"https:\/\/www.laguiadepamplona.com\/actualidad\/#organization","name":"La Gu\u00eda de Pamplona \/ Noticias","url":"https:\/\/www.laguiadepamplona.com\/actualidad\/","logo":{"@type":"ImageObject","inLanguage":"es","@id":"https:\/\/www.laguiadepamplona.com\/actualidad\/#\/schema\/logo\/image\/","url":"https:\/\/www.laguiadepamplona.com\/actualidad\/wp-content\/uploads\/2018\/11\/logo-laguiadepamplona18-web1.png","contentUrl":"https:\/\/www.laguiadepamplona.com\/actualidad\/wp-content\/uploads\/2018\/11\/logo-laguiadepamplona18-web1.png","width":600,"height":196,"caption":"La Gu\u00eda de Pamplona \/ Noticias"},"image":{"@id":"https:\/\/www.laguiadepamplona.com\/actualidad\/#\/schema\/logo\/image\/"},"sameAs":["https:\/\/www.facebook.com\/laguiadepamplonacom-133175176762273\/?ref=hl","https:\/\/x.com\/LaGuiadPamplona","https:\/\/www.instagram.com\/la_guia_de_pamplona\/","https:\/\/www.youtube.com\/user\/laguiadepamplona"]},{"@type":"Person","@id":"https:\/\/www.laguiadepamplona.com\/actualidad\/#\/schema\/person\/efe887376f0213d4657c93adc50b1fdb","name":"La Gu\u00eda de Pamplona","image":{"@type":"ImageObject","inLanguage":"es","@id":"https:\/\/secure.gravatar.com\/avatar\/b6992f131dc8d30ab0dff15446e9d346d9dbd95992de0fef795073f5ea83a81c?s=96&d=mm&r=g","url":"https:\/\/secure.gravatar.com\/avatar\/b6992f131dc8d30ab0dff15446e9d346d9dbd95992de0fef795073f5ea83a81c?s=96&d=mm&r=g","contentUrl":"https:\/\/secure.gravatar.com\/avatar\/b6992f131dc8d30ab0dff15446e9d346d9dbd95992de0fef795073f5ea83a81c?s=96&d=mm&r=g","caption":"La Gu\u00eda de Pamplona"}}]}},"post_mailing_queue_ids":[],"_links":{"self":[{"href":"https:\/\/www.laguiadepamplona.com\/actualidad\/wp-json\/wp\/v2\/posts\/49678","targetHints":{"allow":["GET"]}}],"collection":[{"href":"https:\/\/www.laguiadepamplona.com\/actualidad\/wp-json\/wp\/v2\/posts"}],"about":[{"href":"https:\/\/www.laguiadepamplona.com\/actualidad\/wp-json\/wp\/v2\/types\/post"}],"author":[{"embeddable":true,"href":"https:\/\/www.laguiadepamplona.com\/actualidad\/wp-json\/wp\/v2\/users\/1"}],"replies":[{"embeddable":true,"href":"https:\/\/www.laguiadepamplona.com\/actualidad\/wp-json\/wp\/v2\/comments?post=49678"}],"version-history":[{"count":1,"href":"https:\/\/www.laguiadepamplona.com\/actualidad\/wp-json\/wp\/v2\/posts\/49678\/revisions"}],"predecessor-version":[{"id":49680,"href":"https:\/\/www.laguiadepamplona.com\/actualidad\/wp-json\/wp\/v2\/posts\/49678\/revisions\/49680"}],"wp:featuredmedia":[{"embeddable":true,"href":"https:\/\/www.laguiadepamplona.com\/actualidad\/wp-json\/wp\/v2\/media\/49679"}],"wp:attachment":[{"href":"https:\/\/www.laguiadepamplona.com\/actualidad\/wp-json\/wp\/v2\/media?parent=49678"}],"wp:term":[{"taxonomy":"category","embeddable":true,"href":"https:\/\/www.laguiadepamplona.com\/actualidad\/wp-json\/wp\/v2\/categories?post=49678"},{"taxonomy":"post_tag","embeddable":true,"href":"https:\/\/www.laguiadepamplona.com\/actualidad\/wp-json\/wp\/v2\/tags?post=49678"}],"curies":[{"name":"wp","href":"https:\/\/api.w.org\/{rel}","templated":true}]}}