{"id":49655,"date":"2024-05-09T16:46:24","date_gmt":"2024-05-09T14:46:24","guid":{"rendered":"https:\/\/www.laguiadepamplona.com\/actualidad\/?p=49655"},"modified":"2024-05-09T16:46:24","modified_gmt":"2024-05-09T14:46:24","slug":"intervenciones-del-ayuntamiento-de-pamplona-en-patios-escolares-con-criterios-de-naturalizacion-de-espacios-la-ponencia-final-de-la-ultima-cita-de-parjap-2024","status":"publish","type":"post","link":"https:\/\/www.laguiadepamplona.com\/actualidad\/intervenciones-del-ayuntamiento-de-pamplona-en-patios-escolares-con-criterios-de-naturalizacion-de-espacios-la-ponencia-final-de-la-ultima-cita-de-parjap-2024\/","title":{"rendered":"Intervenciones del Ayuntamiento de Pamplona en patios escolares con criterios de naturalizaci\u00f3n de espacios, la ponencia final de la \u00faltima cita de PARJAP 2024"},"content":{"rendered":"<h2>El 50 congreso de jardiner\u00eda p\u00fablica terminar\u00e1 este viernes sus trabajos en con la lectura de conclusiones y la entrega de los premios nacionales<\/h2>\n<p><!--more--><\/p>\n<p>El Congreso de parques y jardines p\u00fablicos PARJAP 2024 terminar\u00e1 ma\u00f1ana, viernes 10 de mayo, en una jornada que se extender\u00e1 de 10 a 14.30 horas. En el Palacio de exposiciones y congresos &#8211; auditorio Baluarte la ma\u00f1ana empezar\u00e1 a las 10 horas con la presentaci\u00f3n de p\u00f3steres \/ comunicaciones cient\u00edficas. Del conjunto de 15 presentadas en esta edici\u00f3n, cuatro se defender\u00e1n en formato Pechakucha, es decir, mediante exposiciones informales apoyadas en 20 diapositivas mostradas durante 20 segundos cada una de ellas. As\u00ed, cada exposici\u00f3n durar\u00e1 6 minutos 40 segundos. El premio a la mejor presentaci\u00f3n de p\u00f3ster consistir\u00e1 en una inscripci\u00f3n para asistir al 51\u00ba Congreso PARJAP, que tendr\u00e1 lugar en Marbella 2025.<br \/>\n<script async src=\"\/\/pagead2.googlesyndication.com\/pagead\/js\/adsbygoogle.js\"><\/script><br \/>\n<!-- Noticias La Guia de Pamplona --><br \/>\n<ins class=\"adsbygoogle\"\nstyle=\"display:block\"\ndata-ad-client=\"ca-pub-6943679897239327\"\ndata-ad-slot=\"7048180777\"\ndata-ad-format=\"auto\"><\/ins><br \/>\n<script>\n(adsbygoogle = window.adsbygoogle || []).push({});\n<\/script><br \/>\nLa jornada se configurar\u00e1 alrededor de las Soluciones Basadas en la Naturaleza (SBN), pero en este \u00faltimo bloque del congreso, SBN aterrizadas a microescala, en peque\u00f1as intervenciones. La biodiversidad o la permeabilizaci\u00f3n del suelo, la estrategia para gestionar las aguas de escorrent\u00eda, los drenajes sostenibles o la transformaci\u00f3n de patios de colegios contra el cambio clim\u00e1tico, son algunos de los contenidos que se revisar\u00e1n. <strong>Ferm\u00edn Ibarrola Labiano<\/strong>, arquitecto del \u00c1rea de Proyectos Estrat\u00e9gicos y Movilidad del Ayuntamiento de Pamplona, participar\u00e1, a partir de las 13.45 horas en un coloquio sobre \u2018Patios de colegios naturalizados: una apuesta para los ni\u00f1os\u2019.<\/p>\n<p>Tras el coloquio tendr\u00e1 lugar el acto de clausura y lectura de conclusiones. Ya por la tarde ser\u00e1 la asamblea general de socios de AEPJP y la entrega de los premios nacionales del sector, para los que se han presentado 14 candidaturas. Los galardones se har\u00e1n p\u00fablicos en una cena en el refectorio de la catedral de Pamplona que comenzar\u00e1 a las 20.30 horas.<br \/>\n<script async src=\"\/\/pagead2.googlesyndication.com\/pagead\/js\/adsbygoogle.js\"><\/script><br \/>\n<!-- Noticias La Guia de Pamplona --><br \/>\n<ins class=\"adsbygoogle\"\nstyle=\"display:block\"\ndata-ad-client=\"ca-pub-6943679897239327\"\ndata-ad-slot=\"7048180777\"\ndata-ad-format=\"auto\"><\/ins><br \/>\n<script>\n(adsbygoogle = window.adsbygoogle || []).push({});\n<\/script><br \/>\n<strong>Ikastola Hegoalde y Escuela Infantil Mendillorri<\/strong><\/p>\n<p>Ferm\u00edn Ibarrola Labiano, arquitecto del \u00c1rea de Proyectos Estrat\u00e9gicos y Movilidad del Ayuntamiento de Pamplona, participar\u00e1 en el coloquio junto con Miguel \u00c1ngel Mu\u00f1oz Yanguas, jefe del Servicio de Cambio Clim\u00e1tico y Educaci\u00f3n Ambiental del Gobierno de Arag\u00f3n y Carolyn Daher, coordinadora de la Iniciativa de Planificaci\u00f3n Urbana, Medio Ambiente y Salud, Barcelona Institute for Global Healt (ISGlobal).<\/p>\n<p>El t\u00e9cnico municipal usar\u00e1 dos ejemplos de renaturalizaci\u00f3n de patios acometidos casi con una d\u00e9cada de distancia entre s\u00ed: la Ikastola Hegoalde y la escuela Infantil de Mendillorri, intervenciones realizadas en 2009 y 2018, respectivamente. En la primera el Ayuntamiento de Pamplona realiz\u00f3 la transformaci\u00f3n completa de un patio, un trabajo de dise\u00f1o que involucr\u00f3 al conjunto de la comunidad educativa mediante un proceso participativo. La propuesta final minimiz\u00f3 las zonas deportivas del centro, generando una multiplicidad de espacios de juego, estancia y conversaci\u00f3n, dise\u00f1ados incluso en funci\u00f3n a la edad de los menores que los iban a utilizar. Adem\u00e1s, en patio se conform\u00f3 con una amplia zona verde (m\u00e1s de un 30% de la superficie) con diversas especies vegetales, y se generaron colinas de juego.<br \/>\n<script async src=\"\/\/pagead2.googlesyndication.com\/pagead\/js\/adsbygoogle.js\"><\/script><br \/>\n<!-- Noticias La Guia de Pamplona --><br \/>\n<ins class=\"adsbygoogle\"\nstyle=\"display:block\"\ndata-ad-client=\"ca-pub-6943679897239327\"\ndata-ad-slot=\"7048180777\"\ndata-ad-format=\"auto\"><\/ins><br \/>\n<script>\n(adsbygoogle = window.adsbygoogle || []).push({});\n<\/script><br \/>\nEn el caso de la Escuela Infantil Mendillorri, una experiencia m\u00e1s reciente, el patio pas\u00f3 de ser exclusivamente de pavimento de canto rodado a incluir vegetaci\u00f3n y elementos de juego basados en la orograf\u00eda, siempre desde un enfoque org\u00e1nico. As\u00ed, se introdujeron elementos como troncos, arbolado vivo, colinas realizadas con tapiz de moqueta exterior o piedras de distintos tama\u00f1os generando vol\u00famenes. En resumen: un patio convertido en texturas, formas y materiales de experimentaci\u00f3n en \u00e1reas diversas divididas por muretes de troncos de madera a modo de bancos y espacios de juego.<\/p>\n","protected":false},"excerpt":{"rendered":"<p>El 50 congreso de jardiner\u00eda p\u00fablica terminar\u00e1 este viernes sus trabajos en con la lectura de conclusiones y la entrega de los premios nacionales<\/p>\n","protected":false},"author":1,"featured_media":49656,"comment_status":"open","ping_status":"closed","sticky":false,"template":"","format":"standard","meta":{"footnotes":""},"categories":[2],"tags":[],"class_list":["post-49655","post","type-post","status-publish","format-standard","has-post-thumbnail","hentry","category-ayuntamiento-pamplona"],"yoast_head":"<!-- This site is optimized with the Yoast SEO plugin v27.5 - https:\/\/yoast.com\/product\/yoast-seo-wordpress\/ -->\n<title>Intervenciones del Ayuntamiento de Pamplona en patios escolares con criterios de naturalizaci\u00f3n de espacios, la ponencia final de la \u00faltima cita de PARJAP 2024<\/title>\n<meta name=\"description\" content=\"El 50 congreso de jardiner\u00eda p\u00fablica terminar\u00e1 este viernes sus trabajos en con la lectura de conclusiones y la entrega de los premios\" \/>\n<meta name=\"robots\" content=\"index, follow, max-snippet:-1, max-image-preview:large, max-video-preview:-1\" \/>\n<link rel=\"canonical\" href=\"https:\/\/www.laguiadepamplona.com\/actualidad\/intervenciones-del-ayuntamiento-de-pamplona-en-patios-escolares-con-criterios-de-naturalizacion-de-espacios-la-ponencia-final-de-la-ultima-cita-de-parjap-2024\/\" \/>\n<meta property=\"og:locale\" content=\"es_ES\" \/>\n<meta property=\"og:type\" content=\"article\" \/>\n<meta property=\"og:title\" content=\"Intervenciones del Ayuntamiento de Pamplona en patios escolares con criterios de naturalizaci\u00f3n de espacios, la ponencia final de la \u00faltima cita de PARJAP 2024\" \/>\n<meta property=\"og:description\" content=\"El 50 congreso de jardiner\u00eda p\u00fablica terminar\u00e1 este viernes sus trabajos en con la lectura de conclusiones y la entrega de los premios\" \/>\n<meta property=\"og:url\" content=\"https:\/\/www.laguiadepamplona.com\/actualidad\/intervenciones-del-ayuntamiento-de-pamplona-en-patios-escolares-con-criterios-de-naturalizacion-de-espacios-la-ponencia-final-de-la-ultima-cita-de-parjap-2024\/\" \/>\n<meta property=\"og:site_name\" content=\"La Gu\u00eda de Pamplona\" \/>\n<meta property=\"article:publisher\" content=\"https:\/\/www.facebook.com\/laguiadepamplonacom-133175176762273\/?ref=hl\" \/>\n<meta property=\"article:published_time\" content=\"2024-05-09T14:46:24+00:00\" \/>\n<meta property=\"og:image\" content=\"https:\/\/www.laguiadepamplona.com\/actualidad\/wp-content\/uploads\/2024\/05\/PARJAP-BALUARTE.webp\" \/>\n\t<meta property=\"og:image:width\" content=\"1200\" \/>\n\t<meta property=\"og:image:height\" content=\"800\" \/>\n\t<meta property=\"og:image:type\" content=\"image\/webp\" \/>\n<meta name=\"author\" content=\"La Gu\u00eda de Pamplona\" \/>\n<meta name=\"twitter:card\" content=\"summary_large_image\" \/>\n<meta name=\"twitter:creator\" content=\"@LaGuiadPamplona\" \/>\n<meta name=\"twitter:site\" content=\"@LaGuiadPamplona\" \/>\n<meta name=\"twitter:label1\" content=\"Escrito por\" \/>\n\t<meta name=\"twitter:data1\" content=\"La Gu\u00eda de Pamplona\" \/>\n\t<meta name=\"twitter:label2\" content=\"Tiempo de lectura\" \/>\n\t<meta name=\"twitter:data2\" content=\"3 minutos\" \/>\n<script type=\"application\/ld+json\" class=\"yoast-schema-graph\">{\"@context\":\"https:\\\/\\\/schema.org\",\"@graph\":[{\"@type\":\"Article\",\"@id\":\"https:\\\/\\\/www.laguiadepamplona.com\\\/actualidad\\\/intervenciones-del-ayuntamiento-de-pamplona-en-patios-escolares-con-criterios-de-naturalizacion-de-espacios-la-ponencia-final-de-la-ultima-cita-de-parjap-2024\\\/#article\",\"isPartOf\":{\"@id\":\"https:\\\/\\\/www.laguiadepamplona.com\\\/actualidad\\\/intervenciones-del-ayuntamiento-de-pamplona-en-patios-escolares-con-criterios-de-naturalizacion-de-espacios-la-ponencia-final-de-la-ultima-cita-de-parjap-2024\\\/\"},\"author\":{\"name\":\"La Gu\u00eda de Pamplona\",\"@id\":\"https:\\\/\\\/www.laguiadepamplona.com\\\/actualidad\\\/#\\\/schema\\\/person\\\/efe887376f0213d4657c93adc50b1fdb\"},\"headline\":\"Intervenciones del Ayuntamiento de Pamplona en patios escolares con criterios de naturalizaci\u00f3n de espacios, la ponencia final de la \u00faltima cita de PARJAP 2024\",\"datePublished\":\"2024-05-09T14:46:24+00:00\",\"mainEntityOfPage\":{\"@id\":\"https:\\\/\\\/www.laguiadepamplona.com\\\/actualidad\\\/intervenciones-del-ayuntamiento-de-pamplona-en-patios-escolares-con-criterios-de-naturalizacion-de-espacios-la-ponencia-final-de-la-ultima-cita-de-parjap-2024\\\/\"},\"wordCount\":635,\"commentCount\":0,\"publisher\":{\"@id\":\"https:\\\/\\\/www.laguiadepamplona.com\\\/actualidad\\\/#organization\"},\"image\":{\"@id\":\"https:\\\/\\\/www.laguiadepamplona.com\\\/actualidad\\\/intervenciones-del-ayuntamiento-de-pamplona-en-patios-escolares-con-criterios-de-naturalizacion-de-espacios-la-ponencia-final-de-la-ultima-cita-de-parjap-2024\\\/#primaryimage\"},\"thumbnailUrl\":\"https:\\\/\\\/www.laguiadepamplona.com\\\/actualidad\\\/wp-content\\\/uploads\\\/2024\\\/05\\\/PARJAP-BALUARTE.webp\",\"articleSection\":[\"Ayto Pamplona\"],\"inLanguage\":\"es\",\"potentialAction\":[{\"@type\":\"CommentAction\",\"name\":\"Comment\",\"target\":[\"https:\\\/\\\/www.laguiadepamplona.com\\\/actualidad\\\/intervenciones-del-ayuntamiento-de-pamplona-en-patios-escolares-con-criterios-de-naturalizacion-de-espacios-la-ponencia-final-de-la-ultima-cita-de-parjap-2024\\\/#respond\"]}]},{\"@type\":\"WebPage\",\"@id\":\"https:\\\/\\\/www.laguiadepamplona.com\\\/actualidad\\\/intervenciones-del-ayuntamiento-de-pamplona-en-patios-escolares-con-criterios-de-naturalizacion-de-espacios-la-ponencia-final-de-la-ultima-cita-de-parjap-2024\\\/\",\"url\":\"https:\\\/\\\/www.laguiadepamplona.com\\\/actualidad\\\/intervenciones-del-ayuntamiento-de-pamplona-en-patios-escolares-con-criterios-de-naturalizacion-de-espacios-la-ponencia-final-de-la-ultima-cita-de-parjap-2024\\\/\",\"name\":\"Intervenciones del Ayuntamiento de Pamplona en patios escolares con criterios de naturalizaci\u00f3n de espacios, la ponencia final de la \u00faltima cita de PARJAP 2024\",\"isPartOf\":{\"@id\":\"https:\\\/\\\/www.laguiadepamplona.com\\\/actualidad\\\/#website\"},\"primaryImageOfPage\":{\"@id\":\"https:\\\/\\\/www.laguiadepamplona.com\\\/actualidad\\\/intervenciones-del-ayuntamiento-de-pamplona-en-patios-escolares-con-criterios-de-naturalizacion-de-espacios-la-ponencia-final-de-la-ultima-cita-de-parjap-2024\\\/#primaryimage\"},\"image\":{\"@id\":\"https:\\\/\\\/www.laguiadepamplona.com\\\/actualidad\\\/intervenciones-del-ayuntamiento-de-pamplona-en-patios-escolares-con-criterios-de-naturalizacion-de-espacios-la-ponencia-final-de-la-ultima-cita-de-parjap-2024\\\/#primaryimage\"},\"thumbnailUrl\":\"https:\\\/\\\/www.laguiadepamplona.com\\\/actualidad\\\/wp-content\\\/uploads\\\/2024\\\/05\\\/PARJAP-BALUARTE.webp\",\"datePublished\":\"2024-05-09T14:46:24+00:00\",\"description\":\"El 50 congreso de jardiner\u00eda p\u00fablica terminar\u00e1 este viernes sus trabajos en con la lectura de conclusiones y la entrega de los premios\",\"breadcrumb\":{\"@id\":\"https:\\\/\\\/www.laguiadepamplona.com\\\/actualidad\\\/intervenciones-del-ayuntamiento-de-pamplona-en-patios-escolares-con-criterios-de-naturalizacion-de-espacios-la-ponencia-final-de-la-ultima-cita-de-parjap-2024\\\/#breadcrumb\"},\"inLanguage\":\"es\",\"potentialAction\":[{\"@type\":\"ReadAction\",\"target\":[\"https:\\\/\\\/www.laguiadepamplona.com\\\/actualidad\\\/intervenciones-del-ayuntamiento-de-pamplona-en-patios-escolares-con-criterios-de-naturalizacion-de-espacios-la-ponencia-final-de-la-ultima-cita-de-parjap-2024\\\/\"]}]},{\"@type\":\"ImageObject\",\"inLanguage\":\"es\",\"@id\":\"https:\\\/\\\/www.laguiadepamplona.com\\\/actualidad\\\/intervenciones-del-ayuntamiento-de-pamplona-en-patios-escolares-con-criterios-de-naturalizacion-de-espacios-la-ponencia-final-de-la-ultima-cita-de-parjap-2024\\\/#primaryimage\",\"url\":\"https:\\\/\\\/www.laguiadepamplona.com\\\/actualidad\\\/wp-content\\\/uploads\\\/2024\\\/05\\\/PARJAP-BALUARTE.webp\",\"contentUrl\":\"https:\\\/\\\/www.laguiadepamplona.com\\\/actualidad\\\/wp-content\\\/uploads\\\/2024\\\/05\\\/PARJAP-BALUARTE.webp\",\"width\":1200,\"height\":800,\"caption\":\"parjap baluarte\"},{\"@type\":\"BreadcrumbList\",\"@id\":\"https:\\\/\\\/www.laguiadepamplona.com\\\/actualidad\\\/intervenciones-del-ayuntamiento-de-pamplona-en-patios-escolares-con-criterios-de-naturalizacion-de-espacios-la-ponencia-final-de-la-ultima-cita-de-parjap-2024\\\/#breadcrumb\",\"itemListElement\":[{\"@type\":\"ListItem\",\"position\":1,\"name\":\"Portada\",\"item\":\"https:\\\/\\\/www.laguiadepamplona.com\\\/actualidad\\\/\"},{\"@type\":\"ListItem\",\"position\":2,\"name\":\"Intervenciones del Ayuntamiento de Pamplona en patios escolares con criterios de naturalizaci\u00f3n de espacios, la ponencia final de la \u00faltima cita de PARJAP 2024\"}]},{\"@type\":\"WebSite\",\"@id\":\"https:\\\/\\\/www.laguiadepamplona.com\\\/actualidad\\\/#website\",\"url\":\"https:\\\/\\\/www.laguiadepamplona.com\\\/actualidad\\\/\",\"name\":\"La gu\u00eda de Pamplona\",\"description\":\"Noticias de Pamplona\",\"publisher\":{\"@id\":\"https:\\\/\\\/www.laguiadepamplona.com\\\/actualidad\\\/#organization\"},\"potentialAction\":[{\"@type\":\"SearchAction\",\"target\":{\"@type\":\"EntryPoint\",\"urlTemplate\":\"https:\\\/\\\/www.laguiadepamplona.com\\\/actualidad\\\/?s={search_term_string}\"},\"query-input\":{\"@type\":\"PropertyValueSpecification\",\"valueRequired\":true,\"valueName\":\"search_term_string\"}}],\"inLanguage\":\"es\"},{\"@type\":\"Organization\",\"@id\":\"https:\\\/\\\/www.laguiadepamplona.com\\\/actualidad\\\/#organization\",\"name\":\"La Gu\u00eda de Pamplona \\\/ Noticias\",\"url\":\"https:\\\/\\\/www.laguiadepamplona.com\\\/actualidad\\\/\",\"logo\":{\"@type\":\"ImageObject\",\"inLanguage\":\"es\",\"@id\":\"https:\\\/\\\/www.laguiadepamplona.com\\\/actualidad\\\/#\\\/schema\\\/logo\\\/image\\\/\",\"url\":\"https:\\\/\\\/www.laguiadepamplona.com\\\/actualidad\\\/wp-content\\\/uploads\\\/2018\\\/11\\\/logo-laguiadepamplona18-web1.png\",\"contentUrl\":\"https:\\\/\\\/www.laguiadepamplona.com\\\/actualidad\\\/wp-content\\\/uploads\\\/2018\\\/11\\\/logo-laguiadepamplona18-web1.png\",\"width\":600,\"height\":196,\"caption\":\"La Gu\u00eda de Pamplona \\\/ Noticias\"},\"image\":{\"@id\":\"https:\\\/\\\/www.laguiadepamplona.com\\\/actualidad\\\/#\\\/schema\\\/logo\\\/image\\\/\"},\"sameAs\":[\"https:\\\/\\\/www.facebook.com\\\/laguiadepamplonacom-133175176762273\\\/?ref=hl\",\"https:\\\/\\\/x.com\\\/LaGuiadPamplona\",\"https:\\\/\\\/www.instagram.com\\\/la_guia_de_pamplona\\\/\",\"https:\\\/\\\/www.youtube.com\\\/user\\\/laguiadepamplona\"]},{\"@type\":\"Person\",\"@id\":\"https:\\\/\\\/www.laguiadepamplona.com\\\/actualidad\\\/#\\\/schema\\\/person\\\/efe887376f0213d4657c93adc50b1fdb\",\"name\":\"La Gu\u00eda de Pamplona\",\"image\":{\"@type\":\"ImageObject\",\"inLanguage\":\"es\",\"@id\":\"https:\\\/\\\/secure.gravatar.com\\\/avatar\\\/b6992f131dc8d30ab0dff15446e9d346d9dbd95992de0fef795073f5ea83a81c?s=96&d=mm&r=g\",\"url\":\"https:\\\/\\\/secure.gravatar.com\\\/avatar\\\/b6992f131dc8d30ab0dff15446e9d346d9dbd95992de0fef795073f5ea83a81c?s=96&d=mm&r=g\",\"contentUrl\":\"https:\\\/\\\/secure.gravatar.com\\\/avatar\\\/b6992f131dc8d30ab0dff15446e9d346d9dbd95992de0fef795073f5ea83a81c?s=96&d=mm&r=g\",\"caption\":\"La Gu\u00eda de Pamplona\"}}]}<\/script>\n<!-- \/ Yoast SEO plugin. -->","yoast_head_json":{"title":"Intervenciones del Ayuntamiento de Pamplona en patios escolares con criterios de naturalizaci\u00f3n de espacios, la ponencia final de la \u00faltima cita de PARJAP 2024","description":"El 50 congreso de jardiner\u00eda p\u00fablica terminar\u00e1 este viernes sus trabajos en con la lectura de conclusiones y la entrega de los premios","robots":{"index":"index","follow":"follow","max-snippet":"max-snippet:-1","max-image-preview":"max-image-preview:large","max-video-preview":"max-video-preview:-1"},"canonical":"https:\/\/www.laguiadepamplona.com\/actualidad\/intervenciones-del-ayuntamiento-de-pamplona-en-patios-escolares-con-criterios-de-naturalizacion-de-espacios-la-ponencia-final-de-la-ultima-cita-de-parjap-2024\/","og_locale":"es_ES","og_type":"article","og_title":"Intervenciones del Ayuntamiento de Pamplona en patios escolares con criterios de naturalizaci\u00f3n de espacios, la ponencia final de la \u00faltima cita de PARJAP 2024","og_description":"El 50 congreso de jardiner\u00eda p\u00fablica terminar\u00e1 este viernes sus trabajos en con la lectura de conclusiones y la entrega de los premios","og_url":"https:\/\/www.laguiadepamplona.com\/actualidad\/intervenciones-del-ayuntamiento-de-pamplona-en-patios-escolares-con-criterios-de-naturalizacion-de-espacios-la-ponencia-final-de-la-ultima-cita-de-parjap-2024\/","og_site_name":"La Gu\u00eda de Pamplona","article_publisher":"https:\/\/www.facebook.com\/laguiadepamplonacom-133175176762273\/?ref=hl","article_published_time":"2024-05-09T14:46:24+00:00","og_image":[{"width":1200,"height":800,"url":"https:\/\/www.laguiadepamplona.com\/actualidad\/wp-content\/uploads\/2024\/05\/PARJAP-BALUARTE.webp","type":"image\/webp"}],"author":"La Gu\u00eda de Pamplona","twitter_card":"summary_large_image","twitter_creator":"@LaGuiadPamplona","twitter_site":"@LaGuiadPamplona","twitter_misc":{"Escrito por":"La Gu\u00eda de Pamplona","Tiempo de lectura":"3 minutos"},"schema":{"@context":"https:\/\/schema.org","@graph":[{"@type":"Article","@id":"https:\/\/www.laguiadepamplona.com\/actualidad\/intervenciones-del-ayuntamiento-de-pamplona-en-patios-escolares-con-criterios-de-naturalizacion-de-espacios-la-ponencia-final-de-la-ultima-cita-de-parjap-2024\/#article","isPartOf":{"@id":"https:\/\/www.laguiadepamplona.com\/actualidad\/intervenciones-del-ayuntamiento-de-pamplona-en-patios-escolares-con-criterios-de-naturalizacion-de-espacios-la-ponencia-final-de-la-ultima-cita-de-parjap-2024\/"},"author":{"name":"La Gu\u00eda de Pamplona","@id":"https:\/\/www.laguiadepamplona.com\/actualidad\/#\/schema\/person\/efe887376f0213d4657c93adc50b1fdb"},"headline":"Intervenciones del Ayuntamiento de Pamplona en patios escolares con criterios de naturalizaci\u00f3n de espacios, la ponencia final de la \u00faltima cita de PARJAP 2024","datePublished":"2024-05-09T14:46:24+00:00","mainEntityOfPage":{"@id":"https:\/\/www.laguiadepamplona.com\/actualidad\/intervenciones-del-ayuntamiento-de-pamplona-en-patios-escolares-con-criterios-de-naturalizacion-de-espacios-la-ponencia-final-de-la-ultima-cita-de-parjap-2024\/"},"wordCount":635,"commentCount":0,"publisher":{"@id":"https:\/\/www.laguiadepamplona.com\/actualidad\/#organization"},"image":{"@id":"https:\/\/www.laguiadepamplona.com\/actualidad\/intervenciones-del-ayuntamiento-de-pamplona-en-patios-escolares-con-criterios-de-naturalizacion-de-espacios-la-ponencia-final-de-la-ultima-cita-de-parjap-2024\/#primaryimage"},"thumbnailUrl":"https:\/\/www.laguiadepamplona.com\/actualidad\/wp-content\/uploads\/2024\/05\/PARJAP-BALUARTE.webp","articleSection":["Ayto Pamplona"],"inLanguage":"es","potentialAction":[{"@type":"CommentAction","name":"Comment","target":["https:\/\/www.laguiadepamplona.com\/actualidad\/intervenciones-del-ayuntamiento-de-pamplona-en-patios-escolares-con-criterios-de-naturalizacion-de-espacios-la-ponencia-final-de-la-ultima-cita-de-parjap-2024\/#respond"]}]},{"@type":"WebPage","@id":"https:\/\/www.laguiadepamplona.com\/actualidad\/intervenciones-del-ayuntamiento-de-pamplona-en-patios-escolares-con-criterios-de-naturalizacion-de-espacios-la-ponencia-final-de-la-ultima-cita-de-parjap-2024\/","url":"https:\/\/www.laguiadepamplona.com\/actualidad\/intervenciones-del-ayuntamiento-de-pamplona-en-patios-escolares-con-criterios-de-naturalizacion-de-espacios-la-ponencia-final-de-la-ultima-cita-de-parjap-2024\/","name":"Intervenciones del Ayuntamiento de Pamplona en patios escolares con criterios de naturalizaci\u00f3n de espacios, la ponencia final de la \u00faltima cita de PARJAP 2024","isPartOf":{"@id":"https:\/\/www.laguiadepamplona.com\/actualidad\/#website"},"primaryImageOfPage":{"@id":"https:\/\/www.laguiadepamplona.com\/actualidad\/intervenciones-del-ayuntamiento-de-pamplona-en-patios-escolares-con-criterios-de-naturalizacion-de-espacios-la-ponencia-final-de-la-ultima-cita-de-parjap-2024\/#primaryimage"},"image":{"@id":"https:\/\/www.laguiadepamplona.com\/actualidad\/intervenciones-del-ayuntamiento-de-pamplona-en-patios-escolares-con-criterios-de-naturalizacion-de-espacios-la-ponencia-final-de-la-ultima-cita-de-parjap-2024\/#primaryimage"},"thumbnailUrl":"https:\/\/www.laguiadepamplona.com\/actualidad\/wp-content\/uploads\/2024\/05\/PARJAP-BALUARTE.webp","datePublished":"2024-05-09T14:46:24+00:00","description":"El 50 congreso de jardiner\u00eda p\u00fablica terminar\u00e1 este viernes sus trabajos en con la lectura de conclusiones y la entrega de los premios","breadcrumb":{"@id":"https:\/\/www.laguiadepamplona.com\/actualidad\/intervenciones-del-ayuntamiento-de-pamplona-en-patios-escolares-con-criterios-de-naturalizacion-de-espacios-la-ponencia-final-de-la-ultima-cita-de-parjap-2024\/#breadcrumb"},"inLanguage":"es","potentialAction":[{"@type":"ReadAction","target":["https:\/\/www.laguiadepamplona.com\/actualidad\/intervenciones-del-ayuntamiento-de-pamplona-en-patios-escolares-con-criterios-de-naturalizacion-de-espacios-la-ponencia-final-de-la-ultima-cita-de-parjap-2024\/"]}]},{"@type":"ImageObject","inLanguage":"es","@id":"https:\/\/www.laguiadepamplona.com\/actualidad\/intervenciones-del-ayuntamiento-de-pamplona-en-patios-escolares-con-criterios-de-naturalizacion-de-espacios-la-ponencia-final-de-la-ultima-cita-de-parjap-2024\/#primaryimage","url":"https:\/\/www.laguiadepamplona.com\/actualidad\/wp-content\/uploads\/2024\/05\/PARJAP-BALUARTE.webp","contentUrl":"https:\/\/www.laguiadepamplona.com\/actualidad\/wp-content\/uploads\/2024\/05\/PARJAP-BALUARTE.webp","width":1200,"height":800,"caption":"parjap baluarte"},{"@type":"BreadcrumbList","@id":"https:\/\/www.laguiadepamplona.com\/actualidad\/intervenciones-del-ayuntamiento-de-pamplona-en-patios-escolares-con-criterios-de-naturalizacion-de-espacios-la-ponencia-final-de-la-ultima-cita-de-parjap-2024\/#breadcrumb","itemListElement":[{"@type":"ListItem","position":1,"name":"Portada","item":"https:\/\/www.laguiadepamplona.com\/actualidad\/"},{"@type":"ListItem","position":2,"name":"Intervenciones del Ayuntamiento de Pamplona en patios escolares con criterios de naturalizaci\u00f3n de espacios, la ponencia final de la \u00faltima cita de PARJAP 2024"}]},{"@type":"WebSite","@id":"https:\/\/www.laguiadepamplona.com\/actualidad\/#website","url":"https:\/\/www.laguiadepamplona.com\/actualidad\/","name":"La gu\u00eda de Pamplona","description":"Noticias de Pamplona","publisher":{"@id":"https:\/\/www.laguiadepamplona.com\/actualidad\/#organization"},"potentialAction":[{"@type":"SearchAction","target":{"@type":"EntryPoint","urlTemplate":"https:\/\/www.laguiadepamplona.com\/actualidad\/?s={search_term_string}"},"query-input":{"@type":"PropertyValueSpecification","valueRequired":true,"valueName":"search_term_string"}}],"inLanguage":"es"},{"@type":"Organization","@id":"https:\/\/www.laguiadepamplona.com\/actualidad\/#organization","name":"La Gu\u00eda de Pamplona \/ Noticias","url":"https:\/\/www.laguiadepamplona.com\/actualidad\/","logo":{"@type":"ImageObject","inLanguage":"es","@id":"https:\/\/www.laguiadepamplona.com\/actualidad\/#\/schema\/logo\/image\/","url":"https:\/\/www.laguiadepamplona.com\/actualidad\/wp-content\/uploads\/2018\/11\/logo-laguiadepamplona18-web1.png","contentUrl":"https:\/\/www.laguiadepamplona.com\/actualidad\/wp-content\/uploads\/2018\/11\/logo-laguiadepamplona18-web1.png","width":600,"height":196,"caption":"La Gu\u00eda de Pamplona \/ Noticias"},"image":{"@id":"https:\/\/www.laguiadepamplona.com\/actualidad\/#\/schema\/logo\/image\/"},"sameAs":["https:\/\/www.facebook.com\/laguiadepamplonacom-133175176762273\/?ref=hl","https:\/\/x.com\/LaGuiadPamplona","https:\/\/www.instagram.com\/la_guia_de_pamplona\/","https:\/\/www.youtube.com\/user\/laguiadepamplona"]},{"@type":"Person","@id":"https:\/\/www.laguiadepamplona.com\/actualidad\/#\/schema\/person\/efe887376f0213d4657c93adc50b1fdb","name":"La Gu\u00eda de Pamplona","image":{"@type":"ImageObject","inLanguage":"es","@id":"https:\/\/secure.gravatar.com\/avatar\/b6992f131dc8d30ab0dff15446e9d346d9dbd95992de0fef795073f5ea83a81c?s=96&d=mm&r=g","url":"https:\/\/secure.gravatar.com\/avatar\/b6992f131dc8d30ab0dff15446e9d346d9dbd95992de0fef795073f5ea83a81c?s=96&d=mm&r=g","contentUrl":"https:\/\/secure.gravatar.com\/avatar\/b6992f131dc8d30ab0dff15446e9d346d9dbd95992de0fef795073f5ea83a81c?s=96&d=mm&r=g","caption":"La Gu\u00eda de Pamplona"}}]}},"post_mailing_queue_ids":[],"_links":{"self":[{"href":"https:\/\/www.laguiadepamplona.com\/actualidad\/wp-json\/wp\/v2\/posts\/49655","targetHints":{"allow":["GET"]}}],"collection":[{"href":"https:\/\/www.laguiadepamplona.com\/actualidad\/wp-json\/wp\/v2\/posts"}],"about":[{"href":"https:\/\/www.laguiadepamplona.com\/actualidad\/wp-json\/wp\/v2\/types\/post"}],"author":[{"embeddable":true,"href":"https:\/\/www.laguiadepamplona.com\/actualidad\/wp-json\/wp\/v2\/users\/1"}],"replies":[{"embeddable":true,"href":"https:\/\/www.laguiadepamplona.com\/actualidad\/wp-json\/wp\/v2\/comments?post=49655"}],"version-history":[{"count":1,"href":"https:\/\/www.laguiadepamplona.com\/actualidad\/wp-json\/wp\/v2\/posts\/49655\/revisions"}],"predecessor-version":[{"id":49657,"href":"https:\/\/www.laguiadepamplona.com\/actualidad\/wp-json\/wp\/v2\/posts\/49655\/revisions\/49657"}],"wp:featuredmedia":[{"embeddable":true,"href":"https:\/\/www.laguiadepamplona.com\/actualidad\/wp-json\/wp\/v2\/media\/49656"}],"wp:attachment":[{"href":"https:\/\/www.laguiadepamplona.com\/actualidad\/wp-json\/wp\/v2\/media?parent=49655"}],"wp:term":[{"taxonomy":"category","embeddable":true,"href":"https:\/\/www.laguiadepamplona.com\/actualidad\/wp-json\/wp\/v2\/categories?post=49655"},{"taxonomy":"post_tag","embeddable":true,"href":"https:\/\/www.laguiadepamplona.com\/actualidad\/wp-json\/wp\/v2\/tags?post=49655"}],"curies":[{"name":"wp","href":"https:\/\/api.w.org\/{rel}","templated":true}]}}