{"id":49641,"date":"2024-05-08T19:38:13","date_gmt":"2024-05-08T17:38:13","guid":{"rendered":"https:\/\/www.laguiadepamplona.com\/actualidad\/?p=49641"},"modified":"2024-05-08T19:43:30","modified_gmt":"2024-05-08T17:43:30","slug":"las-buenas-practicas-de-pamplona-y-los-planes-de-futuro-de-la-ciudad-frente-al-cambio-climatico-y-por-la-biodiversidad-este-jueves-en-parjap-2024","status":"publish","type":"post","link":"https:\/\/www.laguiadepamplona.com\/actualidad\/las-buenas-practicas-de-pamplona-y-los-planes-de-futuro-de-la-ciudad-frente-al-cambio-climatico-y-por-la-biodiversidad-este-jueves-en-parjap-2024\/","title":{"rendered":"Las buenas pr\u00e1cticas de Pamplona y los planes de futuro de la ciudad frente al cambio clim\u00e1tico y por la biodiversidad, este jueves en PARJAP 2024"},"content":{"rendered":"<h2>Por la tarde se plantar\u00e1 en Taconera un magnolio de 4,5 m de altura y 38 cm de per\u00edmetro en conmemoraci\u00f3n del 50 congreso de jardiner\u00eda p\u00fablica<\/h2>\n<p><!--more--><\/p>\n<p>Contin\u00faa PARJAP 2024, el 50 congreso nacional de jardiner\u00eda p\u00fablica que, hasta el viernes 10 de mayo, se est\u00e1 desarrollando en el Palacio de Congresos y Auditorio Baluarte. Ma\u00f1ana, 9 de mayo, la jornada comenzar\u00e1 a las 9.30 horas con el bloque de ponencias vinculado a las Soluciones Basadas en la Naturaleza (SBN) a escala ciudad. A lo largo del d\u00eda se desarrollar\u00e1n nueve sesiones, entre ponencias y mesas redondas, a cargo de una docena de especialistas.<\/p>\n<p>Adem\u00e1s, durante toda la jornada, en horario de 9.30 a 13.30 horas y de 16.30 a 18.30 horas, la zona de expositores (27) ubicada en el vest\u00edbulo de Baluarte, recibir\u00e1 visitas concertadas de alumnados de distintas entidades vinculadas con este \u00e1mbito, desde Formaci\u00f3n Profesional, a programas de Formaci\u00f3n y Empleo Social, o Ense\u00f1anza Universitaria.<br \/>\n<script async src=\"\/\/pagead2.googlesyndication.com\/pagead\/js\/adsbygoogle.js\"><\/script><br \/>\n<!-- Noticias La Guia de Pamplona --><br \/>\n<ins class=\"adsbygoogle\"\nstyle=\"display:block\"\ndata-ad-client=\"ca-pub-6943679897239327\"\ndata-ad-slot=\"7048180777\"\ndata-ad-format=\"auto\"><\/ins><br \/>\n<script>\n(adsbygoogle = window.adsbygoogle || []).push({});\n<\/script><br \/>\nEl final de las sesiones del d\u00eda lo marcar\u00e1 la plantaci\u00f3n, a las 19 horas, de un magnolio de gran tama\u00f1o en el parque de Taconera (en el espacio que media entre el Portal Nuevo y la fuente dedicada a Julian Gayarre). En el acto el concejal delegado de Ciudad Habitable y Sostenible, Borja Izaguirre y Pedro Calaza, presidente de la Asociaci\u00f3n Espa\u00f1ola de Parques y Jardines P\u00fablicos (AEPJP) colocar\u00e1n la placa conmemorativa que recordar\u00e1 el desarrollo en la ciudad de PARJAP 2024. La jornada ser\u00e1 tambi\u00e9n el marco de la presentaci\u00f3n y votaci\u00f3n de los premios nacionales de la Asociaci\u00f3n Espa\u00f1ola de Parques y Jardines P\u00fablicos (AEPJP).<\/p>\n<p><em><u>Los medios que lo deseen podr\u00e1n grabar el proceso de traslado, colocaci\u00f3n y pre-plantaci\u00f3n que har\u00e1n los servicios municipales por la ma\u00f1ana. El \u00e1rbol saldr\u00e1 en cami\u00f3n de los viveros municipales a las 7.45 horas y se colocar\u00e1 en Taconera usando un cami\u00f3n gr\u00faa pluma alrededor de las 8.30 horas.<\/u><\/em><br \/>\n<script async src=\"\/\/pagead2.googlesyndication.com\/pagead\/js\/adsbygoogle.js\"><\/script><br \/>\n<!-- Noticias La Guia de Pamplona --><br \/>\n<ins class=\"adsbygoogle\"\nstyle=\"display:block\"\ndata-ad-client=\"ca-pub-6943679897239327\"\ndata-ad-slot=\"7048180777\"\ndata-ad-format=\"auto\"><\/ins><br \/>\n<script>\n(adsbygoogle = window.adsbygoogle || []).push({});\n<\/script><br \/>\n<strong>Buenas pr\u00e1cticas de la ciudad<\/strong><\/p>\n<p>A las 11.55 horas Pamplona presentar\u00e1 sus buenas pr\u00e1cticas y revisar\u00e1 las posibles \u00e1reas de mejora con la presentaci\u00f3n de <strong>Gorka Lecumberri y Xabier Querejeta<\/strong>, t\u00e9cnicos del Servicio de Zonas Verdes del Ayuntamiento de Pamplona. El \u201cverde Pamplona\u201d del que actualmente disfruta la ciudad es una sucesi\u00f3n hist\u00f3rica de propuestas que se va depurando como los procesos naturales, por prueba y error.<\/p>\n<p>Desde 2008 la jardiner\u00eda de la ciudad est\u00e1 libre de fitosanitarios y abonos qu\u00edmicos; tambi\u00e9n la lucha contra las plagas, con alguna excepci\u00f3n puntual como los a\u00f1os de la plaga intensa de polilla del boj (<em>Cydalima perspectalis<\/em>). Desde 2012 tampoco se usan materiales pl\u00e1sticos en elementos como las mantas anti-hierba, adem\u00e1s de tender a la naturalizaci\u00f3n de espacios, con el consiguiente aumento de la biodiversidad y el ahorro de combustibles f\u00f3siles y recursos h\u00eddricos. Pamplona tambi\u00e9n trabaja en una de sus principales valores \u201cverdes\u201d: el arbolado. Con 120.000 ejemplares, es el elemento estrella de esta marca Pamplona. Adem\u00e1s, la materia verde que se obtiene de la gesti\u00f3n de los jardines de la ciudad se composta y se reutiliza, y hace a\u00f1os que se trabaja en el manejo del agua de lluvia, tambi\u00e9n en la ciudad consolidada, como con isletas dise\u00f1adas bajo esa \u00f3ptica (la de intersecci\u00f3n Sancho el Fuerte \/ P\u00edo XII), con sistemas de drenaje sostenible \u2013 SUD (en la calle Ezcaba o en Monasterio Viejo de San pedro) o con Jardines \u2018Cota 0\u2019 (Navas de Tolosa).<br \/>\n<script async src=\"\/\/pagead2.googlesyndication.com\/pagead\/js\/adsbygoogle.js\"><\/script><br \/>\n<!-- Noticias La Guia de Pamplona --><br \/>\n<ins class=\"adsbygoogle\"\nstyle=\"display:block\"\ndata-ad-client=\"ca-pub-6943679897239327\"\ndata-ad-slot=\"7048180777\"\ndata-ad-format=\"auto\"><\/ins><br \/>\n<script>\n(adsbygoogle = window.adsbygoogle || []).push({});\n<\/script><br \/>\n<strong>Planes de futuro de Pamplona frente al cambio clim\u00e1tico<\/strong><\/p>\n<p>Inmediatamente despu\u00e9s, el Ayuntamiento de Pamplona presentar\u00e1 los trabajos de su \u2018Plan de Infraestructura Verde y Azul\u2019, un trabajo que establecer\u00e1 criterios para reurbanizar la ciudad basados en la sostenibilidad y en SBN. La t\u00e9cnica municipal de Medioambiente, <strong>Marta Torres Gonz\u00e1lez<\/strong> explicar\u00e1 ante los cerca de 500 asistentes a la sesi\u00f3n como la infraestructura verde urbana y el drenaje sostenible son la clave para hacer una ciudad resiliente ante los nuevos escenarios clim\u00e1ticos. Estar\u00e1 acompa\u00f1ada por un representante de la consultora del proyecto<strong> Atalaya Territorio<\/strong>.<\/p>\n<p>El plan, que se encuentra en fase de elaboraci\u00f3n, afronta a partir de este mes de mayo un proceso participativo en el que la ciudadan\u00eda determinar\u00e1 los 25 primeros proyectos que se acometer\u00e1n. Ese trabajo cuenta con financiaci\u00f3n europea de los fondos Next Generation EU; se enmarca en el proyecto RUNA 2025, que ha obtenido 2,7 millones de euros en la convocatoria de ayudas de la Fundaci\u00f3n Biodiversidad del Ministerio para la Transici\u00f3n Ecol\u00f3gica y el Reto Demogr\u00e1fico (MITECO), en el marco del Plan de Recuperaci\u00f3n, Transformaci\u00f3n y Resiliencia, financiado por la Uni\u00f3n Europea y los fondos Next Generation EU.<br \/>\n<script async src=\"\/\/pagead2.googlesyndication.com\/pagead\/js\/adsbygoogle.js\"><\/script><br \/>\n<!-- Noticias La Guia de Pamplona --><br \/>\n<ins class=\"adsbygoogle\"\nstyle=\"display:block\"\ndata-ad-client=\"ca-pub-6943679897239327\"\ndata-ad-slot=\"7048180777\"\ndata-ad-format=\"auto\"><\/ins><br \/>\n<script>\n(adsbygoogle = window.adsbygoogle || []).push({});\n<\/script><br \/>\n<strong>Votaci\u00f3n de los premios nacionales y plantaci\u00f3n de \u00e1rbol conmemorativo<\/strong><\/p>\n<p>La primera parte de la jornada ma\u00f1ana acabar\u00e1 a primera hora de la tarde (13.15) con la presentaci\u00f3n y votaci\u00f3n de los premios nacionales de la Asociaci\u00f3n Espa\u00f1ola de Parques y Jardines P\u00fablicos (AEPJP). Los galardones constan de cinco categor\u00edas vinculadas a la gesti\u00f3n y divulgaci\u00f3n de la Infraestructura Verde urbana. Tras la pausa de la comida, a partir de las 16.30 horas, el programa de PARJAP 2024 se centrar\u00e1 en las SBN aplicadas concretamente al espacio verde p\u00fablico y contar\u00e1, entre otras ponencias, con la de James Basson, director de Scapedesign, Niza (Francia), sobre jardines sin agua y la del investigador Manuel Esper\u00f3n en relaci\u00f3n a especies vegetales para escenarios futuros de Cambio Clim\u00e1tico.<\/p>\n<p>Ma\u00f1ana, a las 19 horas, quienes lo deseen podr\u00e1n trasladarse hasta el parque rom\u00e1ntico de Taconera para participar en la plantaci\u00f3n del magnolio n\u00famero 276 de la ciudad. Es un ejemplar de 4,5 metros de altura y una edad aproximada de 20 a\u00f1os de la variedad Magnolia Grandiflora <em>Gallisoniensis Praecox<\/em> que, la que la distribuci\u00f3n y cantidad de sus hojas peremnes ofrecer\u00e1 buena sombra durante todas las estaciones del a\u00f1o. Los \u00e1rboles aportan soluciones. Son un mecanismo natural para actuar contra la contaminaci\u00f3n (dep\u00f3sitos de CO2) y ofrecen espacios de sombra que, en las ciudades, generan islas para alejar el calor y contribuir as\u00ed a paliar los efectos del cambio clim\u00e1tico. En el transcurso del acto se colocar\u00e1 una placa conmemorativa del paso del congreso por la ciudad.<\/p>\n","protected":false},"excerpt":{"rendered":"<p>Por la tarde se plantar\u00e1 en Taconera un magnolio de 4,5 m de altura y 38 cm de per\u00edmetro en conmemoraci\u00f3n del 50 congreso de jardiner\u00eda p\u00fablica<\/p>\n","protected":false},"author":1,"featured_media":49642,"comment_status":"open","ping_status":"closed","sticky":false,"template":"","format":"standard","meta":{"footnotes":""},"categories":[2],"tags":[],"class_list":["post-49641","post","type-post","status-publish","format-standard","has-post-thumbnail","hentry","category-ayuntamiento-pamplona"],"yoast_head":"<!-- This site is optimized with the Yoast SEO plugin v27.3 - https:\/\/yoast.com\/product\/yoast-seo-wordpress\/ -->\n<title>Las buenas pr\u00e1cticas de Pamplona y los planes de futuro de la ciudad frente al cambio clim\u00e1tico y por la biodiversidad, este jueves en PARJAP 2024<\/title>\n<meta name=\"description\" content=\"Por la tarde se plantar\u00e1 en Taconera un magnolio de 4,5 m de altura y 38 cm de per\u00edmetro en conmemoraci\u00f3n del 50 congreso de jardiner\u00eda p\u00fablica\" \/>\n<meta name=\"robots\" content=\"index, follow, max-snippet:-1, max-image-preview:large, max-video-preview:-1\" \/>\n<link rel=\"canonical\" href=\"https:\/\/www.laguiadepamplona.com\/actualidad\/las-buenas-practicas-de-pamplona-y-los-planes-de-futuro-de-la-ciudad-frente-al-cambio-climatico-y-por-la-biodiversidad-este-jueves-en-parjap-2024\/\" \/>\n<meta property=\"og:locale\" content=\"es_ES\" \/>\n<meta property=\"og:type\" content=\"article\" \/>\n<meta property=\"og:title\" content=\"Las buenas pr\u00e1cticas de Pamplona y los planes de futuro de la ciudad frente al cambio clim\u00e1tico y por la biodiversidad, este jueves en PARJAP 2024\" \/>\n<meta property=\"og:description\" content=\"Por la tarde se plantar\u00e1 en Taconera un magnolio de 4,5 m de altura y 38 cm de per\u00edmetro en conmemoraci\u00f3n del 50 congreso de jardiner\u00eda p\u00fablica\" \/>\n<meta property=\"og:url\" content=\"https:\/\/www.laguiadepamplona.com\/actualidad\/las-buenas-practicas-de-pamplona-y-los-planes-de-futuro-de-la-ciudad-frente-al-cambio-climatico-y-por-la-biodiversidad-este-jueves-en-parjap-2024\/\" \/>\n<meta property=\"og:site_name\" content=\"La Gu\u00eda de Pamplona\" \/>\n<meta property=\"article:publisher\" content=\"https:\/\/www.facebook.com\/laguiadepamplonacom-133175176762273\/?ref=hl\" \/>\n<meta property=\"article:published_time\" content=\"2024-05-08T17:38:13+00:00\" \/>\n<meta property=\"article:modified_time\" content=\"2024-05-08T17:43:30+00:00\" \/>\n<meta property=\"og:image\" content=\"https:\/\/www.laguiadepamplona.com\/actualidad\/wp-content\/uploads\/2024\/05\/PARJAP.webp\" \/>\n\t<meta property=\"og:image:width\" content=\"1200\" \/>\n\t<meta property=\"og:image:height\" content=\"800\" \/>\n\t<meta property=\"og:image:type\" content=\"image\/webp\" \/>\n<meta name=\"author\" content=\"La Gu\u00eda de Pamplona\" \/>\n<meta name=\"twitter:card\" content=\"summary_large_image\" \/>\n<meta name=\"twitter:creator\" content=\"@LaGuiadPamplona\" \/>\n<meta name=\"twitter:site\" content=\"@LaGuiadPamplona\" \/>\n<meta name=\"twitter:label1\" content=\"Escrito por\" \/>\n\t<meta name=\"twitter:data1\" content=\"La Gu\u00eda de Pamplona\" \/>\n\t<meta name=\"twitter:label2\" content=\"Tiempo de lectura\" \/>\n\t<meta name=\"twitter:data2\" content=\"5 minutos\" \/>\n<script type=\"application\/ld+json\" class=\"yoast-schema-graph\">{\"@context\":\"https:\\\/\\\/schema.org\",\"@graph\":[{\"@type\":\"Article\",\"@id\":\"https:\\\/\\\/www.laguiadepamplona.com\\\/actualidad\\\/las-buenas-practicas-de-pamplona-y-los-planes-de-futuro-de-la-ciudad-frente-al-cambio-climatico-y-por-la-biodiversidad-este-jueves-en-parjap-2024\\\/#article\",\"isPartOf\":{\"@id\":\"https:\\\/\\\/www.laguiadepamplona.com\\\/actualidad\\\/las-buenas-practicas-de-pamplona-y-los-planes-de-futuro-de-la-ciudad-frente-al-cambio-climatico-y-por-la-biodiversidad-este-jueves-en-parjap-2024\\\/\"},\"author\":{\"name\":\"La Gu\u00eda de Pamplona\",\"@id\":\"https:\\\/\\\/www.laguiadepamplona.com\\\/actualidad\\\/#\\\/schema\\\/person\\\/efe887376f0213d4657c93adc50b1fdb\"},\"headline\":\"Las buenas pr\u00e1cticas de Pamplona y los planes de futuro de la ciudad frente al cambio clim\u00e1tico y por la biodiversidad, este jueves en PARJAP 2024\",\"datePublished\":\"2024-05-08T17:38:13+00:00\",\"dateModified\":\"2024-05-08T17:43:30+00:00\",\"mainEntityOfPage\":{\"@id\":\"https:\\\/\\\/www.laguiadepamplona.com\\\/actualidad\\\/las-buenas-practicas-de-pamplona-y-los-planes-de-futuro-de-la-ciudad-frente-al-cambio-climatico-y-por-la-biodiversidad-este-jueves-en-parjap-2024\\\/\"},\"wordCount\":1104,\"commentCount\":0,\"publisher\":{\"@id\":\"https:\\\/\\\/www.laguiadepamplona.com\\\/actualidad\\\/#organization\"},\"image\":{\"@id\":\"https:\\\/\\\/www.laguiadepamplona.com\\\/actualidad\\\/las-buenas-practicas-de-pamplona-y-los-planes-de-futuro-de-la-ciudad-frente-al-cambio-climatico-y-por-la-biodiversidad-este-jueves-en-parjap-2024\\\/#primaryimage\"},\"thumbnailUrl\":\"https:\\\/\\\/www.laguiadepamplona.com\\\/actualidad\\\/wp-content\\\/uploads\\\/2024\\\/05\\\/PARJAP.webp\",\"articleSection\":[\"Ayto Pamplona\"],\"inLanguage\":\"es\",\"potentialAction\":[{\"@type\":\"CommentAction\",\"name\":\"Comment\",\"target\":[\"https:\\\/\\\/www.laguiadepamplona.com\\\/actualidad\\\/las-buenas-practicas-de-pamplona-y-los-planes-de-futuro-de-la-ciudad-frente-al-cambio-climatico-y-por-la-biodiversidad-este-jueves-en-parjap-2024\\\/#respond\"]}]},{\"@type\":\"WebPage\",\"@id\":\"https:\\\/\\\/www.laguiadepamplona.com\\\/actualidad\\\/las-buenas-practicas-de-pamplona-y-los-planes-de-futuro-de-la-ciudad-frente-al-cambio-climatico-y-por-la-biodiversidad-este-jueves-en-parjap-2024\\\/\",\"url\":\"https:\\\/\\\/www.laguiadepamplona.com\\\/actualidad\\\/las-buenas-practicas-de-pamplona-y-los-planes-de-futuro-de-la-ciudad-frente-al-cambio-climatico-y-por-la-biodiversidad-este-jueves-en-parjap-2024\\\/\",\"name\":\"Las buenas pr\u00e1cticas de Pamplona y los planes de futuro de la ciudad frente al cambio clim\u00e1tico y por la biodiversidad, este jueves en PARJAP 2024\",\"isPartOf\":{\"@id\":\"https:\\\/\\\/www.laguiadepamplona.com\\\/actualidad\\\/#website\"},\"primaryImageOfPage\":{\"@id\":\"https:\\\/\\\/www.laguiadepamplona.com\\\/actualidad\\\/las-buenas-practicas-de-pamplona-y-los-planes-de-futuro-de-la-ciudad-frente-al-cambio-climatico-y-por-la-biodiversidad-este-jueves-en-parjap-2024\\\/#primaryimage\"},\"image\":{\"@id\":\"https:\\\/\\\/www.laguiadepamplona.com\\\/actualidad\\\/las-buenas-practicas-de-pamplona-y-los-planes-de-futuro-de-la-ciudad-frente-al-cambio-climatico-y-por-la-biodiversidad-este-jueves-en-parjap-2024\\\/#primaryimage\"},\"thumbnailUrl\":\"https:\\\/\\\/www.laguiadepamplona.com\\\/actualidad\\\/wp-content\\\/uploads\\\/2024\\\/05\\\/PARJAP.webp\",\"datePublished\":\"2024-05-08T17:38:13+00:00\",\"dateModified\":\"2024-05-08T17:43:30+00:00\",\"description\":\"Por la tarde se plantar\u00e1 en Taconera un magnolio de 4,5 m de altura y 38 cm de per\u00edmetro en conmemoraci\u00f3n del 50 congreso de jardiner\u00eda p\u00fablica\",\"breadcrumb\":{\"@id\":\"https:\\\/\\\/www.laguiadepamplona.com\\\/actualidad\\\/las-buenas-practicas-de-pamplona-y-los-planes-de-futuro-de-la-ciudad-frente-al-cambio-climatico-y-por-la-biodiversidad-este-jueves-en-parjap-2024\\\/#breadcrumb\"},\"inLanguage\":\"es\",\"potentialAction\":[{\"@type\":\"ReadAction\",\"target\":[\"https:\\\/\\\/www.laguiadepamplona.com\\\/actualidad\\\/las-buenas-practicas-de-pamplona-y-los-planes-de-futuro-de-la-ciudad-frente-al-cambio-climatico-y-por-la-biodiversidad-este-jueves-en-parjap-2024\\\/\"]}]},{\"@type\":\"ImageObject\",\"inLanguage\":\"es\",\"@id\":\"https:\\\/\\\/www.laguiadepamplona.com\\\/actualidad\\\/las-buenas-practicas-de-pamplona-y-los-planes-de-futuro-de-la-ciudad-frente-al-cambio-climatico-y-por-la-biodiversidad-este-jueves-en-parjap-2024\\\/#primaryimage\",\"url\":\"https:\\\/\\\/www.laguiadepamplona.com\\\/actualidad\\\/wp-content\\\/uploads\\\/2024\\\/05\\\/PARJAP.webp\",\"contentUrl\":\"https:\\\/\\\/www.laguiadepamplona.com\\\/actualidad\\\/wp-content\\\/uploads\\\/2024\\\/05\\\/PARJAP.webp\",\"width\":1200,\"height\":800,\"caption\":\"PARJAP\"},{\"@type\":\"BreadcrumbList\",\"@id\":\"https:\\\/\\\/www.laguiadepamplona.com\\\/actualidad\\\/las-buenas-practicas-de-pamplona-y-los-planes-de-futuro-de-la-ciudad-frente-al-cambio-climatico-y-por-la-biodiversidad-este-jueves-en-parjap-2024\\\/#breadcrumb\",\"itemListElement\":[{\"@type\":\"ListItem\",\"position\":1,\"name\":\"Portada\",\"item\":\"https:\\\/\\\/www.laguiadepamplona.com\\\/actualidad\\\/\"},{\"@type\":\"ListItem\",\"position\":2,\"name\":\"Las buenas pr\u00e1cticas de Pamplona y los planes de futuro de la ciudad frente al cambio clim\u00e1tico y por la biodiversidad, este jueves en PARJAP 2024\"}]},{\"@type\":\"WebSite\",\"@id\":\"https:\\\/\\\/www.laguiadepamplona.com\\\/actualidad\\\/#website\",\"url\":\"https:\\\/\\\/www.laguiadepamplona.com\\\/actualidad\\\/\",\"name\":\"La gu\u00eda de Pamplona\",\"description\":\"Noticias de Pamplona\",\"publisher\":{\"@id\":\"https:\\\/\\\/www.laguiadepamplona.com\\\/actualidad\\\/#organization\"},\"potentialAction\":[{\"@type\":\"SearchAction\",\"target\":{\"@type\":\"EntryPoint\",\"urlTemplate\":\"https:\\\/\\\/www.laguiadepamplona.com\\\/actualidad\\\/?s={search_term_string}\"},\"query-input\":{\"@type\":\"PropertyValueSpecification\",\"valueRequired\":true,\"valueName\":\"search_term_string\"}}],\"inLanguage\":\"es\"},{\"@type\":\"Organization\",\"@id\":\"https:\\\/\\\/www.laguiadepamplona.com\\\/actualidad\\\/#organization\",\"name\":\"La Gu\u00eda de Pamplona \\\/ Noticias\",\"url\":\"https:\\\/\\\/www.laguiadepamplona.com\\\/actualidad\\\/\",\"logo\":{\"@type\":\"ImageObject\",\"inLanguage\":\"es\",\"@id\":\"https:\\\/\\\/www.laguiadepamplona.com\\\/actualidad\\\/#\\\/schema\\\/logo\\\/image\\\/\",\"url\":\"https:\\\/\\\/www.laguiadepamplona.com\\\/actualidad\\\/wp-content\\\/uploads\\\/2018\\\/11\\\/logo-laguiadepamplona18-web1.png\",\"contentUrl\":\"https:\\\/\\\/www.laguiadepamplona.com\\\/actualidad\\\/wp-content\\\/uploads\\\/2018\\\/11\\\/logo-laguiadepamplona18-web1.png\",\"width\":600,\"height\":196,\"caption\":\"La Gu\u00eda de Pamplona \\\/ Noticias\"},\"image\":{\"@id\":\"https:\\\/\\\/www.laguiadepamplona.com\\\/actualidad\\\/#\\\/schema\\\/logo\\\/image\\\/\"},\"sameAs\":[\"https:\\\/\\\/www.facebook.com\\\/laguiadepamplonacom-133175176762273\\\/?ref=hl\",\"https:\\\/\\\/x.com\\\/LaGuiadPamplona\",\"https:\\\/\\\/www.instagram.com\\\/la_guia_de_pamplona\\\/\",\"https:\\\/\\\/www.youtube.com\\\/user\\\/laguiadepamplona\"]},{\"@type\":\"Person\",\"@id\":\"https:\\\/\\\/www.laguiadepamplona.com\\\/actualidad\\\/#\\\/schema\\\/person\\\/efe887376f0213d4657c93adc50b1fdb\",\"name\":\"La Gu\u00eda de Pamplona\",\"image\":{\"@type\":\"ImageObject\",\"inLanguage\":\"es\",\"@id\":\"https:\\\/\\\/secure.gravatar.com\\\/avatar\\\/b6992f131dc8d30ab0dff15446e9d346d9dbd95992de0fef795073f5ea83a81c?s=96&d=mm&r=g\",\"url\":\"https:\\\/\\\/secure.gravatar.com\\\/avatar\\\/b6992f131dc8d30ab0dff15446e9d346d9dbd95992de0fef795073f5ea83a81c?s=96&d=mm&r=g\",\"contentUrl\":\"https:\\\/\\\/secure.gravatar.com\\\/avatar\\\/b6992f131dc8d30ab0dff15446e9d346d9dbd95992de0fef795073f5ea83a81c?s=96&d=mm&r=g\",\"caption\":\"La Gu\u00eda de Pamplona\"}}]}<\/script>\n<!-- \/ Yoast SEO plugin. -->","yoast_head_json":{"title":"Las buenas pr\u00e1cticas de Pamplona y los planes de futuro de la ciudad frente al cambio clim\u00e1tico y por la biodiversidad, este jueves en PARJAP 2024","description":"Por la tarde se plantar\u00e1 en Taconera un magnolio de 4,5 m de altura y 38 cm de per\u00edmetro en conmemoraci\u00f3n del 50 congreso de jardiner\u00eda p\u00fablica","robots":{"index":"index","follow":"follow","max-snippet":"max-snippet:-1","max-image-preview":"max-image-preview:large","max-video-preview":"max-video-preview:-1"},"canonical":"https:\/\/www.laguiadepamplona.com\/actualidad\/las-buenas-practicas-de-pamplona-y-los-planes-de-futuro-de-la-ciudad-frente-al-cambio-climatico-y-por-la-biodiversidad-este-jueves-en-parjap-2024\/","og_locale":"es_ES","og_type":"article","og_title":"Las buenas pr\u00e1cticas de Pamplona y los planes de futuro de la ciudad frente al cambio clim\u00e1tico y por la biodiversidad, este jueves en PARJAP 2024","og_description":"Por la tarde se plantar\u00e1 en Taconera un magnolio de 4,5 m de altura y 38 cm de per\u00edmetro en conmemoraci\u00f3n del 50 congreso de jardiner\u00eda p\u00fablica","og_url":"https:\/\/www.laguiadepamplona.com\/actualidad\/las-buenas-practicas-de-pamplona-y-los-planes-de-futuro-de-la-ciudad-frente-al-cambio-climatico-y-por-la-biodiversidad-este-jueves-en-parjap-2024\/","og_site_name":"La Gu\u00eda de Pamplona","article_publisher":"https:\/\/www.facebook.com\/laguiadepamplonacom-133175176762273\/?ref=hl","article_published_time":"2024-05-08T17:38:13+00:00","article_modified_time":"2024-05-08T17:43:30+00:00","og_image":[{"width":1200,"height":800,"url":"https:\/\/www.laguiadepamplona.com\/actualidad\/wp-content\/uploads\/2024\/05\/PARJAP.webp","type":"image\/webp"}],"author":"La Gu\u00eda de Pamplona","twitter_card":"summary_large_image","twitter_creator":"@LaGuiadPamplona","twitter_site":"@LaGuiadPamplona","twitter_misc":{"Escrito por":"La Gu\u00eda de Pamplona","Tiempo de lectura":"5 minutos"},"schema":{"@context":"https:\/\/schema.org","@graph":[{"@type":"Article","@id":"https:\/\/www.laguiadepamplona.com\/actualidad\/las-buenas-practicas-de-pamplona-y-los-planes-de-futuro-de-la-ciudad-frente-al-cambio-climatico-y-por-la-biodiversidad-este-jueves-en-parjap-2024\/#article","isPartOf":{"@id":"https:\/\/www.laguiadepamplona.com\/actualidad\/las-buenas-practicas-de-pamplona-y-los-planes-de-futuro-de-la-ciudad-frente-al-cambio-climatico-y-por-la-biodiversidad-este-jueves-en-parjap-2024\/"},"author":{"name":"La Gu\u00eda de Pamplona","@id":"https:\/\/www.laguiadepamplona.com\/actualidad\/#\/schema\/person\/efe887376f0213d4657c93adc50b1fdb"},"headline":"Las buenas pr\u00e1cticas de Pamplona y los planes de futuro de la ciudad frente al cambio clim\u00e1tico y por la biodiversidad, este jueves en PARJAP 2024","datePublished":"2024-05-08T17:38:13+00:00","dateModified":"2024-05-08T17:43:30+00:00","mainEntityOfPage":{"@id":"https:\/\/www.laguiadepamplona.com\/actualidad\/las-buenas-practicas-de-pamplona-y-los-planes-de-futuro-de-la-ciudad-frente-al-cambio-climatico-y-por-la-biodiversidad-este-jueves-en-parjap-2024\/"},"wordCount":1104,"commentCount":0,"publisher":{"@id":"https:\/\/www.laguiadepamplona.com\/actualidad\/#organization"},"image":{"@id":"https:\/\/www.laguiadepamplona.com\/actualidad\/las-buenas-practicas-de-pamplona-y-los-planes-de-futuro-de-la-ciudad-frente-al-cambio-climatico-y-por-la-biodiversidad-este-jueves-en-parjap-2024\/#primaryimage"},"thumbnailUrl":"https:\/\/www.laguiadepamplona.com\/actualidad\/wp-content\/uploads\/2024\/05\/PARJAP.webp","articleSection":["Ayto Pamplona"],"inLanguage":"es","potentialAction":[{"@type":"CommentAction","name":"Comment","target":["https:\/\/www.laguiadepamplona.com\/actualidad\/las-buenas-practicas-de-pamplona-y-los-planes-de-futuro-de-la-ciudad-frente-al-cambio-climatico-y-por-la-biodiversidad-este-jueves-en-parjap-2024\/#respond"]}]},{"@type":"WebPage","@id":"https:\/\/www.laguiadepamplona.com\/actualidad\/las-buenas-practicas-de-pamplona-y-los-planes-de-futuro-de-la-ciudad-frente-al-cambio-climatico-y-por-la-biodiversidad-este-jueves-en-parjap-2024\/","url":"https:\/\/www.laguiadepamplona.com\/actualidad\/las-buenas-practicas-de-pamplona-y-los-planes-de-futuro-de-la-ciudad-frente-al-cambio-climatico-y-por-la-biodiversidad-este-jueves-en-parjap-2024\/","name":"Las buenas pr\u00e1cticas de Pamplona y los planes de futuro de la ciudad frente al cambio clim\u00e1tico y por la biodiversidad, este jueves en PARJAP 2024","isPartOf":{"@id":"https:\/\/www.laguiadepamplona.com\/actualidad\/#website"},"primaryImageOfPage":{"@id":"https:\/\/www.laguiadepamplona.com\/actualidad\/las-buenas-practicas-de-pamplona-y-los-planes-de-futuro-de-la-ciudad-frente-al-cambio-climatico-y-por-la-biodiversidad-este-jueves-en-parjap-2024\/#primaryimage"},"image":{"@id":"https:\/\/www.laguiadepamplona.com\/actualidad\/las-buenas-practicas-de-pamplona-y-los-planes-de-futuro-de-la-ciudad-frente-al-cambio-climatico-y-por-la-biodiversidad-este-jueves-en-parjap-2024\/#primaryimage"},"thumbnailUrl":"https:\/\/www.laguiadepamplona.com\/actualidad\/wp-content\/uploads\/2024\/05\/PARJAP.webp","datePublished":"2024-05-08T17:38:13+00:00","dateModified":"2024-05-08T17:43:30+00:00","description":"Por la tarde se plantar\u00e1 en Taconera un magnolio de 4,5 m de altura y 38 cm de per\u00edmetro en conmemoraci\u00f3n del 50 congreso de jardiner\u00eda p\u00fablica","breadcrumb":{"@id":"https:\/\/www.laguiadepamplona.com\/actualidad\/las-buenas-practicas-de-pamplona-y-los-planes-de-futuro-de-la-ciudad-frente-al-cambio-climatico-y-por-la-biodiversidad-este-jueves-en-parjap-2024\/#breadcrumb"},"inLanguage":"es","potentialAction":[{"@type":"ReadAction","target":["https:\/\/www.laguiadepamplona.com\/actualidad\/las-buenas-practicas-de-pamplona-y-los-planes-de-futuro-de-la-ciudad-frente-al-cambio-climatico-y-por-la-biodiversidad-este-jueves-en-parjap-2024\/"]}]},{"@type":"ImageObject","inLanguage":"es","@id":"https:\/\/www.laguiadepamplona.com\/actualidad\/las-buenas-practicas-de-pamplona-y-los-planes-de-futuro-de-la-ciudad-frente-al-cambio-climatico-y-por-la-biodiversidad-este-jueves-en-parjap-2024\/#primaryimage","url":"https:\/\/www.laguiadepamplona.com\/actualidad\/wp-content\/uploads\/2024\/05\/PARJAP.webp","contentUrl":"https:\/\/www.laguiadepamplona.com\/actualidad\/wp-content\/uploads\/2024\/05\/PARJAP.webp","width":1200,"height":800,"caption":"PARJAP"},{"@type":"BreadcrumbList","@id":"https:\/\/www.laguiadepamplona.com\/actualidad\/las-buenas-practicas-de-pamplona-y-los-planes-de-futuro-de-la-ciudad-frente-al-cambio-climatico-y-por-la-biodiversidad-este-jueves-en-parjap-2024\/#breadcrumb","itemListElement":[{"@type":"ListItem","position":1,"name":"Portada","item":"https:\/\/www.laguiadepamplona.com\/actualidad\/"},{"@type":"ListItem","position":2,"name":"Las buenas pr\u00e1cticas de Pamplona y los planes de futuro de la ciudad frente al cambio clim\u00e1tico y por la biodiversidad, este jueves en PARJAP 2024"}]},{"@type":"WebSite","@id":"https:\/\/www.laguiadepamplona.com\/actualidad\/#website","url":"https:\/\/www.laguiadepamplona.com\/actualidad\/","name":"La gu\u00eda de Pamplona","description":"Noticias de Pamplona","publisher":{"@id":"https:\/\/www.laguiadepamplona.com\/actualidad\/#organization"},"potentialAction":[{"@type":"SearchAction","target":{"@type":"EntryPoint","urlTemplate":"https:\/\/www.laguiadepamplona.com\/actualidad\/?s={search_term_string}"},"query-input":{"@type":"PropertyValueSpecification","valueRequired":true,"valueName":"search_term_string"}}],"inLanguage":"es"},{"@type":"Organization","@id":"https:\/\/www.laguiadepamplona.com\/actualidad\/#organization","name":"La Gu\u00eda de Pamplona \/ Noticias","url":"https:\/\/www.laguiadepamplona.com\/actualidad\/","logo":{"@type":"ImageObject","inLanguage":"es","@id":"https:\/\/www.laguiadepamplona.com\/actualidad\/#\/schema\/logo\/image\/","url":"https:\/\/www.laguiadepamplona.com\/actualidad\/wp-content\/uploads\/2018\/11\/logo-laguiadepamplona18-web1.png","contentUrl":"https:\/\/www.laguiadepamplona.com\/actualidad\/wp-content\/uploads\/2018\/11\/logo-laguiadepamplona18-web1.png","width":600,"height":196,"caption":"La Gu\u00eda de Pamplona \/ Noticias"},"image":{"@id":"https:\/\/www.laguiadepamplona.com\/actualidad\/#\/schema\/logo\/image\/"},"sameAs":["https:\/\/www.facebook.com\/laguiadepamplonacom-133175176762273\/?ref=hl","https:\/\/x.com\/LaGuiadPamplona","https:\/\/www.instagram.com\/la_guia_de_pamplona\/","https:\/\/www.youtube.com\/user\/laguiadepamplona"]},{"@type":"Person","@id":"https:\/\/www.laguiadepamplona.com\/actualidad\/#\/schema\/person\/efe887376f0213d4657c93adc50b1fdb","name":"La Gu\u00eda de Pamplona","image":{"@type":"ImageObject","inLanguage":"es","@id":"https:\/\/secure.gravatar.com\/avatar\/b6992f131dc8d30ab0dff15446e9d346d9dbd95992de0fef795073f5ea83a81c?s=96&d=mm&r=g","url":"https:\/\/secure.gravatar.com\/avatar\/b6992f131dc8d30ab0dff15446e9d346d9dbd95992de0fef795073f5ea83a81c?s=96&d=mm&r=g","contentUrl":"https:\/\/secure.gravatar.com\/avatar\/b6992f131dc8d30ab0dff15446e9d346d9dbd95992de0fef795073f5ea83a81c?s=96&d=mm&r=g","caption":"La Gu\u00eda de Pamplona"}}]}},"post_mailing_queue_ids":[],"_links":{"self":[{"href":"https:\/\/www.laguiadepamplona.com\/actualidad\/wp-json\/wp\/v2\/posts\/49641","targetHints":{"allow":["GET"]}}],"collection":[{"href":"https:\/\/www.laguiadepamplona.com\/actualidad\/wp-json\/wp\/v2\/posts"}],"about":[{"href":"https:\/\/www.laguiadepamplona.com\/actualidad\/wp-json\/wp\/v2\/types\/post"}],"author":[{"embeddable":true,"href":"https:\/\/www.laguiadepamplona.com\/actualidad\/wp-json\/wp\/v2\/users\/1"}],"replies":[{"embeddable":true,"href":"https:\/\/www.laguiadepamplona.com\/actualidad\/wp-json\/wp\/v2\/comments?post=49641"}],"version-history":[{"count":3,"href":"https:\/\/www.laguiadepamplona.com\/actualidad\/wp-json\/wp\/v2\/posts\/49641\/revisions"}],"predecessor-version":[{"id":49645,"href":"https:\/\/www.laguiadepamplona.com\/actualidad\/wp-json\/wp\/v2\/posts\/49641\/revisions\/49645"}],"wp:featuredmedia":[{"embeddable":true,"href":"https:\/\/www.laguiadepamplona.com\/actualidad\/wp-json\/wp\/v2\/media\/49642"}],"wp:attachment":[{"href":"https:\/\/www.laguiadepamplona.com\/actualidad\/wp-json\/wp\/v2\/media?parent=49641"}],"wp:term":[{"taxonomy":"category","embeddable":true,"href":"https:\/\/www.laguiadepamplona.com\/actualidad\/wp-json\/wp\/v2\/categories?post=49641"},{"taxonomy":"post_tag","embeddable":true,"href":"https:\/\/www.laguiadepamplona.com\/actualidad\/wp-json\/wp\/v2\/tags?post=49641"}],"curies":[{"name":"wp","href":"https:\/\/api.w.org\/{rel}","templated":true}]}}