{"id":49589,"date":"2024-05-02T19:07:36","date_gmt":"2024-05-02T17:07:36","guid":{"rendered":"https:\/\/www.laguiadepamplona.com\/actualidad\/?p=49589"},"modified":"2024-05-02T19:07:36","modified_gmt":"2024-05-02T17:07:36","slug":"un-total-de-6-327-personas-han-votado-ya-para-elegir-el-que-sera-el-cartel-de-sanfermines-de-este-ano","status":"publish","type":"post","link":"https:\/\/www.laguiadepamplona.com\/actualidad\/un-total-de-6-327-personas-han-votado-ya-para-elegir-el-que-sera-el-cartel-de-sanfermines-de-este-ano\/","title":{"rendered":"Un total de 6.327 personas han votado ya para elegir el que ser\u00e1 el cartel de Sanfermines de este a\u00f1o"},"content":{"rendered":"<h2>Las votaciones permanecer\u00e1n abiertas hasta el pr\u00f3ximo lunes, d\u00eda 6, en la red Civivox, en el 010 y en las web municipales pamplona.es y pamplonaescultura.es<\/h2>\n<p><!--more--><\/p>\n<p>Un total de 6.327 personas han emitido ya su voto para elegir el que ser\u00e1 el cartel anunciador de las fiestas de San Ferm\u00edn de este 2024. Estas cifras son las registradas hasta las 10 horas de este jueves, 2 de mayo, tanto de forma online como telef\u00f3nica y presencial. La votaci\u00f3n online es, hasta la fecha, la m\u00e1s numerosa, con 4.777 votos. Le sigue la votaci\u00f3n presencial en la red Civivox, con 1.437 votos emitidos. Por su parte, en el tel\u00e9fono de atenci\u00f3n ciudadana 010 se han recibido 113 votos. Las personas interesadas en participar disponen de plazo hasta el pr\u00f3ximo lunes, d\u00eda 6, para emitir su voto entre las diez obras seleccionadas por el jurado profesional. El \u00fanico requisito es estar empadronado en Pamplona. \u00danicamente ser\u00e1 v\u00e1lido un voto por persona.<\/p>\n<p>Las votaciones pueden realizarse a trav\u00e9s de <a href=\"http:\/\/www.pamplona.es\" target=\"_blank\" rel=\"noopener\">www.pamplona.es<\/a>, de <a href=\"http:\/\/www.pamplonaescultura.es\" target=\"_blank\" rel=\"noopener\">www.pamplonaescultura.es<\/a>, del tel\u00e9fono 010 \u2013 948 420 100 o en los siete civivox de la ciudad. Las obras seleccionadas pueden contemplarse en la web municipal y en el zagu\u00e1n del Palacio de Condestable, donde permanecen expuestas hasta que concluya el plazo de votaci\u00f3n.<br \/>\n<script async src=\"\/\/pagead2.googlesyndication.com\/pagead\/js\/adsbygoogle.js\"><\/script><br \/>\n<!-- Noticias La Guia de Pamplona --><br \/>\n<ins class=\"adsbygoogle\"\nstyle=\"display:block\"\ndata-ad-client=\"ca-pub-6943679897239327\"\ndata-ad-slot=\"7048180777\"\ndata-ad-format=\"auto\"><\/ins><br \/>\n<script>\n(adsbygoogle = window.adsbygoogle || []).push({});\n<\/script><br \/>\nQuienes deseen votar de forma telem\u00e1tica, podr\u00e1n hacerlo en las webs municipales <a href=\"http:\/\/www.pamplona.es\" target=\"_blank\" rel=\"noopener\">www.pamplona.es<\/a> y <a href=\"http:\/\/www.pamplonaescultura.es\">www.pamplonaescultura.es<\/a>. Se requerir\u00e1 apellido y DNI para poder comprobar la veracidad de los datos y la posibilidad de votar. El Ayuntamiento de Pamplona ha generado un espacio online en el que, adem\u00e1s de poder votar, se aporta la valoraci\u00f3n de cada obra realizada por el jurado. Las votaciones online se cerrar\u00e1n a las 23.59 horas del d\u00eda 6 de mayo.<\/p>\n<p>Otra de las v\u00edas es la telef\u00f3nica, a trav\u00e9s del 010 \u2013 948 420 100. Se solicitar\u00e1 el DNI de la persona que llama y quiere votar para verificar que no ha votado por otro medio. Quienes recurran al voto telef\u00f3nico deber\u00e1n hacer llegar su elecci\u00f3n antes de las 19 horas del lunes 6 de mayo, cuando se cierre esta v\u00eda de participaci\u00f3n. El horario habitual de atenci\u00f3n telef\u00f3nica del 010 es de lunes a viernes, de 8:00 a 19:00 horas, y s\u00e1bados, de 9:30 a 13:30 horas.<br \/>\n<script async src=\"\/\/pagead2.googlesyndication.com\/pagead\/js\/adsbygoogle.js\"><\/script><br \/>\n<!-- Noticias La Guia de Pamplona --><br \/>\n<ins class=\"adsbygoogle\"\nstyle=\"display:block\"\ndata-ad-client=\"ca-pub-6943679897239327\"\ndata-ad-slot=\"7048180777\"\ndata-ad-format=\"auto\"><\/ins><br \/>\n<script>\n(adsbygoogle = window.adsbygoogle || []).push({});\n<\/script><br \/>\nPor \u00faltimo, tambi\u00e9n se puede optar por el voto presencial, en cualquiera de los siete Civivox de Pamplona, donde se han colocado urnas para poder depositar el voto mediante unas papeletas creadas para ello. Al igual que en las otras opciones, para emitir el voto ser\u00e1 necesario presentar el DNI para comprobar que no haya duplicidades al incluir los votos presenciales en el registro total de votaci\u00f3n. En este caso, el plazo de emisi\u00f3n de voto terminar\u00e1 a las 22:00 horas, coincidiendo con el horario de cierre de todos los centros, cuyo horario es, de lunes a s\u00e1bados, de 9:00 a 14:00 y de 17:00 a 22:00.<\/p>\n<p>El Ayuntamiento de Pamplona ha habilitado diferentes mecanismos de seguridad para que la votaci\u00f3n se desarrolle de forma correcta. Refuerzos en la autenticaci\u00f3n de las personas que pueden votar, evitar votaciones masivas desde una misma IP o confirmar que no existan duplicidades de votos de personas que han votado a trav\u00e9s de diferentes v\u00edas son algunas de las medidas de seguridad implementadas en las \u00faltimas ediciones para detectar anomal\u00edas que pueden repercutir en la resoluci\u00f3n del concurso.<br \/>\n<script async src=\"\/\/pagead2.googlesyndication.com\/pagead\/js\/adsbygoogle.js\"><\/script><br \/>\n<!-- Noticias La Guia de Pamplona --><br \/>\n<ins class=\"adsbygoogle\"\nstyle=\"display:block\"\ndata-ad-client=\"ca-pub-6943679897239327\"\ndata-ad-slot=\"7048180777\"\ndata-ad-format=\"auto\"><\/ins><br \/>\n<script>\n(adsbygoogle = window.adsbygoogle || []).push({});\n<\/script><br \/>\n&nbsp;<\/p>\n<h3>Las Diez Obras Finalistas<\/h3>\n<ul>\n<li>N\u00famero 1. Plica 2087. Gaiteros<\/li>\n<li>N\u00famero 2. Plica 2094. Legado emblem\u00e1tico<\/li>\n<li>N\u00famero 3. Plica 2096. Jaiaren Doinua<\/li>\n<li>N\u00famero 4. Plica 2118. Cuernos y jolgorio<\/li>\n<li>N\u00famero 5. Plica 2197. Ezpata-Dantza<\/li>\n<li>N\u00famero 6. Plica 2260. Sacando los colores<\/li>\n<li>N\u00famero 7. Plica 2305. Vive el San Ferm\u00edn<\/li>\n<li>N\u00famero 8. Plica 2435. Josemiguelerico<\/li>\n<li>N\u00famero 9. Plica 2560. Hilo conductor<\/li>\n<li>N\u00famero 10. Plica 2570. Conjunto<\/li>\n<\/ul>\n","protected":false},"excerpt":{"rendered":"<p>Las votaciones permanecer\u00e1n abiertas hasta el pr\u00f3ximo lunes, d\u00eda 6, en la red Civivox, en el 010 y en las web municipales pamplona.es y pamplonaescultura.es<\/p>\n","protected":false},"author":1,"featured_media":49441,"comment_status":"open","ping_status":"closed","sticky":false,"template":"","format":"standard","meta":{"footnotes":""},"categories":[2],"tags":[],"class_list":["post-49589","post","type-post","status-publish","format-standard","has-post-thumbnail","hentry","category-ayuntamiento-pamplona"],"yoast_head":"<!-- This site is optimized with the Yoast SEO plugin v27.3 - https:\/\/yoast.com\/product\/yoast-seo-wordpress\/ -->\n<title>Un total de 6.327 personas han votado ya para elegir el que ser\u00e1 el cartel de Sanfermines de este a\u00f1o<\/title>\n<meta name=\"description\" content=\"Las votaciones permanecer\u00e1n abiertas hasta el pr\u00f3ximo lunes, d\u00eda 6, en la red Civivox, en el 010 y en las web municipales pamplona.es y pamplonaescultura.es\" \/>\n<meta name=\"robots\" content=\"index, follow, max-snippet:-1, max-image-preview:large, max-video-preview:-1\" \/>\n<link rel=\"canonical\" href=\"https:\/\/www.laguiadepamplona.com\/actualidad\/un-total-de-6-327-personas-han-votado-ya-para-elegir-el-que-sera-el-cartel-de-sanfermines-de-este-ano\/\" \/>\n<meta property=\"og:locale\" content=\"es_ES\" \/>\n<meta property=\"og:type\" content=\"article\" \/>\n<meta property=\"og:title\" content=\"Un total de 6.327 personas han votado ya para elegir el que ser\u00e1 el cartel de Sanfermines de este a\u00f1o\" \/>\n<meta property=\"og:description\" content=\"Las votaciones permanecer\u00e1n abiertas hasta el pr\u00f3ximo lunes, d\u00eda 6, en la red Civivox, en el 010 y en las web municipales pamplona.es y pamplonaescultura.es\" \/>\n<meta property=\"og:url\" content=\"https:\/\/www.laguiadepamplona.com\/actualidad\/un-total-de-6-327-personas-han-votado-ya-para-elegir-el-que-sera-el-cartel-de-sanfermines-de-este-ano\/\" \/>\n<meta property=\"og:site_name\" content=\"La Gu\u00eda de Pamplona\" \/>\n<meta property=\"article:publisher\" content=\"https:\/\/www.facebook.com\/laguiadepamplonacom-133175176762273\/?ref=hl\" \/>\n<meta property=\"article:published_time\" content=\"2024-05-02T17:07:36+00:00\" \/>\n<meta property=\"og:image\" content=\"https:\/\/www.laguiadepamplona.com\/actualidad\/wp-content\/uploads\/2024\/04\/carteles-sanfermin-2024.webp\" \/>\n\t<meta property=\"og:image:width\" content=\"1000\" \/>\n\t<meta property=\"og:image:height\" content=\"646\" \/>\n\t<meta property=\"og:image:type\" content=\"image\/webp\" \/>\n<meta name=\"author\" content=\"La Gu\u00eda de Pamplona\" \/>\n<meta name=\"twitter:card\" content=\"summary_large_image\" \/>\n<meta name=\"twitter:creator\" content=\"@LaGuiadPamplona\" \/>\n<meta name=\"twitter:site\" content=\"@LaGuiadPamplona\" \/>\n<meta name=\"twitter:label1\" content=\"Escrito por\" \/>\n\t<meta name=\"twitter:data1\" content=\"La Gu\u00eda de Pamplona\" \/>\n\t<meta name=\"twitter:label2\" content=\"Tiempo de lectura\" \/>\n\t<meta name=\"twitter:data2\" content=\"4 minutos\" \/>\n<script type=\"application\/ld+json\" class=\"yoast-schema-graph\">{\"@context\":\"https:\\\/\\\/schema.org\",\"@graph\":[{\"@type\":\"Article\",\"@id\":\"https:\\\/\\\/www.laguiadepamplona.com\\\/actualidad\\\/un-total-de-6-327-personas-han-votado-ya-para-elegir-el-que-sera-el-cartel-de-sanfermines-de-este-ano\\\/#article\",\"isPartOf\":{\"@id\":\"https:\\\/\\\/www.laguiadepamplona.com\\\/actualidad\\\/un-total-de-6-327-personas-han-votado-ya-para-elegir-el-que-sera-el-cartel-de-sanfermines-de-este-ano\\\/\"},\"author\":{\"name\":\"La Gu\u00eda de Pamplona\",\"@id\":\"https:\\\/\\\/www.laguiadepamplona.com\\\/actualidad\\\/#\\\/schema\\\/person\\\/efe887376f0213d4657c93adc50b1fdb\"},\"headline\":\"Un total de 6.327 personas han votado ya para elegir el que ser\u00e1 el cartel de Sanfermines de este a\u00f1o\",\"datePublished\":\"2024-05-02T17:07:36+00:00\",\"mainEntityOfPage\":{\"@id\":\"https:\\\/\\\/www.laguiadepamplona.com\\\/actualidad\\\/un-total-de-6-327-personas-han-votado-ya-para-elegir-el-que-sera-el-cartel-de-sanfermines-de-este-ano\\\/\"},\"wordCount\":652,\"commentCount\":0,\"publisher\":{\"@id\":\"https:\\\/\\\/www.laguiadepamplona.com\\\/actualidad\\\/#organization\"},\"image\":{\"@id\":\"https:\\\/\\\/www.laguiadepamplona.com\\\/actualidad\\\/un-total-de-6-327-personas-han-votado-ya-para-elegir-el-que-sera-el-cartel-de-sanfermines-de-este-ano\\\/#primaryimage\"},\"thumbnailUrl\":\"https:\\\/\\\/www.laguiadepamplona.com\\\/actualidad\\\/wp-content\\\/uploads\\\/2024\\\/04\\\/carteles-sanfermin-2024.webp\",\"articleSection\":[\"Ayto Pamplona\"],\"inLanguage\":\"es\",\"potentialAction\":[{\"@type\":\"CommentAction\",\"name\":\"Comment\",\"target\":[\"https:\\\/\\\/www.laguiadepamplona.com\\\/actualidad\\\/un-total-de-6-327-personas-han-votado-ya-para-elegir-el-que-sera-el-cartel-de-sanfermines-de-este-ano\\\/#respond\"]}]},{\"@type\":\"WebPage\",\"@id\":\"https:\\\/\\\/www.laguiadepamplona.com\\\/actualidad\\\/un-total-de-6-327-personas-han-votado-ya-para-elegir-el-que-sera-el-cartel-de-sanfermines-de-este-ano\\\/\",\"url\":\"https:\\\/\\\/www.laguiadepamplona.com\\\/actualidad\\\/un-total-de-6-327-personas-han-votado-ya-para-elegir-el-que-sera-el-cartel-de-sanfermines-de-este-ano\\\/\",\"name\":\"Un total de 6.327 personas han votado ya para elegir el que ser\u00e1 el cartel de Sanfermines de este a\u00f1o\",\"isPartOf\":{\"@id\":\"https:\\\/\\\/www.laguiadepamplona.com\\\/actualidad\\\/#website\"},\"primaryImageOfPage\":{\"@id\":\"https:\\\/\\\/www.laguiadepamplona.com\\\/actualidad\\\/un-total-de-6-327-personas-han-votado-ya-para-elegir-el-que-sera-el-cartel-de-sanfermines-de-este-ano\\\/#primaryimage\"},\"image\":{\"@id\":\"https:\\\/\\\/www.laguiadepamplona.com\\\/actualidad\\\/un-total-de-6-327-personas-han-votado-ya-para-elegir-el-que-sera-el-cartel-de-sanfermines-de-este-ano\\\/#primaryimage\"},\"thumbnailUrl\":\"https:\\\/\\\/www.laguiadepamplona.com\\\/actualidad\\\/wp-content\\\/uploads\\\/2024\\\/04\\\/carteles-sanfermin-2024.webp\",\"datePublished\":\"2024-05-02T17:07:36+00:00\",\"description\":\"Las votaciones permanecer\u00e1n abiertas hasta el pr\u00f3ximo lunes, d\u00eda 6, en la red Civivox, en el 010 y en las web municipales pamplona.es y pamplonaescultura.es\",\"breadcrumb\":{\"@id\":\"https:\\\/\\\/www.laguiadepamplona.com\\\/actualidad\\\/un-total-de-6-327-personas-han-votado-ya-para-elegir-el-que-sera-el-cartel-de-sanfermines-de-este-ano\\\/#breadcrumb\"},\"inLanguage\":\"es\",\"potentialAction\":[{\"@type\":\"ReadAction\",\"target\":[\"https:\\\/\\\/www.laguiadepamplona.com\\\/actualidad\\\/un-total-de-6-327-personas-han-votado-ya-para-elegir-el-que-sera-el-cartel-de-sanfermines-de-este-ano\\\/\"]}]},{\"@type\":\"ImageObject\",\"inLanguage\":\"es\",\"@id\":\"https:\\\/\\\/www.laguiadepamplona.com\\\/actualidad\\\/un-total-de-6-327-personas-han-votado-ya-para-elegir-el-que-sera-el-cartel-de-sanfermines-de-este-ano\\\/#primaryimage\",\"url\":\"https:\\\/\\\/www.laguiadepamplona.com\\\/actualidad\\\/wp-content\\\/uploads\\\/2024\\\/04\\\/carteles-sanfermin-2024.webp\",\"contentUrl\":\"https:\\\/\\\/www.laguiadepamplona.com\\\/actualidad\\\/wp-content\\\/uploads\\\/2024\\\/04\\\/carteles-sanfermin-2024.webp\",\"width\":1000,\"height\":646,\"caption\":\"carteles san Ferm\u00edn 2024\"},{\"@type\":\"BreadcrumbList\",\"@id\":\"https:\\\/\\\/www.laguiadepamplona.com\\\/actualidad\\\/un-total-de-6-327-personas-han-votado-ya-para-elegir-el-que-sera-el-cartel-de-sanfermines-de-este-ano\\\/#breadcrumb\",\"itemListElement\":[{\"@type\":\"ListItem\",\"position\":1,\"name\":\"Portada\",\"item\":\"https:\\\/\\\/www.laguiadepamplona.com\\\/actualidad\\\/\"},{\"@type\":\"ListItem\",\"position\":2,\"name\":\"Un total de 6.327 personas han votado ya para elegir el que ser\u00e1 el cartel de Sanfermines de este a\u00f1o\"}]},{\"@type\":\"WebSite\",\"@id\":\"https:\\\/\\\/www.laguiadepamplona.com\\\/actualidad\\\/#website\",\"url\":\"https:\\\/\\\/www.laguiadepamplona.com\\\/actualidad\\\/\",\"name\":\"La gu\u00eda de Pamplona\",\"description\":\"Noticias de Pamplona\",\"publisher\":{\"@id\":\"https:\\\/\\\/www.laguiadepamplona.com\\\/actualidad\\\/#organization\"},\"potentialAction\":[{\"@type\":\"SearchAction\",\"target\":{\"@type\":\"EntryPoint\",\"urlTemplate\":\"https:\\\/\\\/www.laguiadepamplona.com\\\/actualidad\\\/?s={search_term_string}\"},\"query-input\":{\"@type\":\"PropertyValueSpecification\",\"valueRequired\":true,\"valueName\":\"search_term_string\"}}],\"inLanguage\":\"es\"},{\"@type\":\"Organization\",\"@id\":\"https:\\\/\\\/www.laguiadepamplona.com\\\/actualidad\\\/#organization\",\"name\":\"La Gu\u00eda de Pamplona \\\/ Noticias\",\"url\":\"https:\\\/\\\/www.laguiadepamplona.com\\\/actualidad\\\/\",\"logo\":{\"@type\":\"ImageObject\",\"inLanguage\":\"es\",\"@id\":\"https:\\\/\\\/www.laguiadepamplona.com\\\/actualidad\\\/#\\\/schema\\\/logo\\\/image\\\/\",\"url\":\"https:\\\/\\\/www.laguiadepamplona.com\\\/actualidad\\\/wp-content\\\/uploads\\\/2018\\\/11\\\/logo-laguiadepamplona18-web1.png\",\"contentUrl\":\"https:\\\/\\\/www.laguiadepamplona.com\\\/actualidad\\\/wp-content\\\/uploads\\\/2018\\\/11\\\/logo-laguiadepamplona18-web1.png\",\"width\":600,\"height\":196,\"caption\":\"La Gu\u00eda de Pamplona \\\/ Noticias\"},\"image\":{\"@id\":\"https:\\\/\\\/www.laguiadepamplona.com\\\/actualidad\\\/#\\\/schema\\\/logo\\\/image\\\/\"},\"sameAs\":[\"https:\\\/\\\/www.facebook.com\\\/laguiadepamplonacom-133175176762273\\\/?ref=hl\",\"https:\\\/\\\/x.com\\\/LaGuiadPamplona\",\"https:\\\/\\\/www.instagram.com\\\/la_guia_de_pamplona\\\/\",\"https:\\\/\\\/www.youtube.com\\\/user\\\/laguiadepamplona\"]},{\"@type\":\"Person\",\"@id\":\"https:\\\/\\\/www.laguiadepamplona.com\\\/actualidad\\\/#\\\/schema\\\/person\\\/efe887376f0213d4657c93adc50b1fdb\",\"name\":\"La Gu\u00eda de Pamplona\",\"image\":{\"@type\":\"ImageObject\",\"inLanguage\":\"es\",\"@id\":\"https:\\\/\\\/secure.gravatar.com\\\/avatar\\\/b6992f131dc8d30ab0dff15446e9d346d9dbd95992de0fef795073f5ea83a81c?s=96&d=mm&r=g\",\"url\":\"https:\\\/\\\/secure.gravatar.com\\\/avatar\\\/b6992f131dc8d30ab0dff15446e9d346d9dbd95992de0fef795073f5ea83a81c?s=96&d=mm&r=g\",\"contentUrl\":\"https:\\\/\\\/secure.gravatar.com\\\/avatar\\\/b6992f131dc8d30ab0dff15446e9d346d9dbd95992de0fef795073f5ea83a81c?s=96&d=mm&r=g\",\"caption\":\"La Gu\u00eda de Pamplona\"}}]}<\/script>\n<!-- \/ Yoast SEO plugin. -->","yoast_head_json":{"title":"Un total de 6.327 personas han votado ya para elegir el que ser\u00e1 el cartel de Sanfermines de este a\u00f1o","description":"Las votaciones permanecer\u00e1n abiertas hasta el pr\u00f3ximo lunes, d\u00eda 6, en la red Civivox, en el 010 y en las web municipales pamplona.es y pamplonaescultura.es","robots":{"index":"index","follow":"follow","max-snippet":"max-snippet:-1","max-image-preview":"max-image-preview:large","max-video-preview":"max-video-preview:-1"},"canonical":"https:\/\/www.laguiadepamplona.com\/actualidad\/un-total-de-6-327-personas-han-votado-ya-para-elegir-el-que-sera-el-cartel-de-sanfermines-de-este-ano\/","og_locale":"es_ES","og_type":"article","og_title":"Un total de 6.327 personas han votado ya para elegir el que ser\u00e1 el cartel de Sanfermines de este a\u00f1o","og_description":"Las votaciones permanecer\u00e1n abiertas hasta el pr\u00f3ximo lunes, d\u00eda 6, en la red Civivox, en el 010 y en las web municipales pamplona.es y pamplonaescultura.es","og_url":"https:\/\/www.laguiadepamplona.com\/actualidad\/un-total-de-6-327-personas-han-votado-ya-para-elegir-el-que-sera-el-cartel-de-sanfermines-de-este-ano\/","og_site_name":"La Gu\u00eda de Pamplona","article_publisher":"https:\/\/www.facebook.com\/laguiadepamplonacom-133175176762273\/?ref=hl","article_published_time":"2024-05-02T17:07:36+00:00","og_image":[{"width":1000,"height":646,"url":"https:\/\/www.laguiadepamplona.com\/actualidad\/wp-content\/uploads\/2024\/04\/carteles-sanfermin-2024.webp","type":"image\/webp"}],"author":"La Gu\u00eda de Pamplona","twitter_card":"summary_large_image","twitter_creator":"@LaGuiadPamplona","twitter_site":"@LaGuiadPamplona","twitter_misc":{"Escrito por":"La Gu\u00eda de Pamplona","Tiempo de lectura":"4 minutos"},"schema":{"@context":"https:\/\/schema.org","@graph":[{"@type":"Article","@id":"https:\/\/www.laguiadepamplona.com\/actualidad\/un-total-de-6-327-personas-han-votado-ya-para-elegir-el-que-sera-el-cartel-de-sanfermines-de-este-ano\/#article","isPartOf":{"@id":"https:\/\/www.laguiadepamplona.com\/actualidad\/un-total-de-6-327-personas-han-votado-ya-para-elegir-el-que-sera-el-cartel-de-sanfermines-de-este-ano\/"},"author":{"name":"La Gu\u00eda de Pamplona","@id":"https:\/\/www.laguiadepamplona.com\/actualidad\/#\/schema\/person\/efe887376f0213d4657c93adc50b1fdb"},"headline":"Un total de 6.327 personas han votado ya para elegir el que ser\u00e1 el cartel de Sanfermines de este a\u00f1o","datePublished":"2024-05-02T17:07:36+00:00","mainEntityOfPage":{"@id":"https:\/\/www.laguiadepamplona.com\/actualidad\/un-total-de-6-327-personas-han-votado-ya-para-elegir-el-que-sera-el-cartel-de-sanfermines-de-este-ano\/"},"wordCount":652,"commentCount":0,"publisher":{"@id":"https:\/\/www.laguiadepamplona.com\/actualidad\/#organization"},"image":{"@id":"https:\/\/www.laguiadepamplona.com\/actualidad\/un-total-de-6-327-personas-han-votado-ya-para-elegir-el-que-sera-el-cartel-de-sanfermines-de-este-ano\/#primaryimage"},"thumbnailUrl":"https:\/\/www.laguiadepamplona.com\/actualidad\/wp-content\/uploads\/2024\/04\/carteles-sanfermin-2024.webp","articleSection":["Ayto Pamplona"],"inLanguage":"es","potentialAction":[{"@type":"CommentAction","name":"Comment","target":["https:\/\/www.laguiadepamplona.com\/actualidad\/un-total-de-6-327-personas-han-votado-ya-para-elegir-el-que-sera-el-cartel-de-sanfermines-de-este-ano\/#respond"]}]},{"@type":"WebPage","@id":"https:\/\/www.laguiadepamplona.com\/actualidad\/un-total-de-6-327-personas-han-votado-ya-para-elegir-el-que-sera-el-cartel-de-sanfermines-de-este-ano\/","url":"https:\/\/www.laguiadepamplona.com\/actualidad\/un-total-de-6-327-personas-han-votado-ya-para-elegir-el-que-sera-el-cartel-de-sanfermines-de-este-ano\/","name":"Un total de 6.327 personas han votado ya para elegir el que ser\u00e1 el cartel de Sanfermines de este a\u00f1o","isPartOf":{"@id":"https:\/\/www.laguiadepamplona.com\/actualidad\/#website"},"primaryImageOfPage":{"@id":"https:\/\/www.laguiadepamplona.com\/actualidad\/un-total-de-6-327-personas-han-votado-ya-para-elegir-el-que-sera-el-cartel-de-sanfermines-de-este-ano\/#primaryimage"},"image":{"@id":"https:\/\/www.laguiadepamplona.com\/actualidad\/un-total-de-6-327-personas-han-votado-ya-para-elegir-el-que-sera-el-cartel-de-sanfermines-de-este-ano\/#primaryimage"},"thumbnailUrl":"https:\/\/www.laguiadepamplona.com\/actualidad\/wp-content\/uploads\/2024\/04\/carteles-sanfermin-2024.webp","datePublished":"2024-05-02T17:07:36+00:00","description":"Las votaciones permanecer\u00e1n abiertas hasta el pr\u00f3ximo lunes, d\u00eda 6, en la red Civivox, en el 010 y en las web municipales pamplona.es y pamplonaescultura.es","breadcrumb":{"@id":"https:\/\/www.laguiadepamplona.com\/actualidad\/un-total-de-6-327-personas-han-votado-ya-para-elegir-el-que-sera-el-cartel-de-sanfermines-de-este-ano\/#breadcrumb"},"inLanguage":"es","potentialAction":[{"@type":"ReadAction","target":["https:\/\/www.laguiadepamplona.com\/actualidad\/un-total-de-6-327-personas-han-votado-ya-para-elegir-el-que-sera-el-cartel-de-sanfermines-de-este-ano\/"]}]},{"@type":"ImageObject","inLanguage":"es","@id":"https:\/\/www.laguiadepamplona.com\/actualidad\/un-total-de-6-327-personas-han-votado-ya-para-elegir-el-que-sera-el-cartel-de-sanfermines-de-este-ano\/#primaryimage","url":"https:\/\/www.laguiadepamplona.com\/actualidad\/wp-content\/uploads\/2024\/04\/carteles-sanfermin-2024.webp","contentUrl":"https:\/\/www.laguiadepamplona.com\/actualidad\/wp-content\/uploads\/2024\/04\/carteles-sanfermin-2024.webp","width":1000,"height":646,"caption":"carteles san Ferm\u00edn 2024"},{"@type":"BreadcrumbList","@id":"https:\/\/www.laguiadepamplona.com\/actualidad\/un-total-de-6-327-personas-han-votado-ya-para-elegir-el-que-sera-el-cartel-de-sanfermines-de-este-ano\/#breadcrumb","itemListElement":[{"@type":"ListItem","position":1,"name":"Portada","item":"https:\/\/www.laguiadepamplona.com\/actualidad\/"},{"@type":"ListItem","position":2,"name":"Un total de 6.327 personas han votado ya para elegir el que ser\u00e1 el cartel de Sanfermines de este a\u00f1o"}]},{"@type":"WebSite","@id":"https:\/\/www.laguiadepamplona.com\/actualidad\/#website","url":"https:\/\/www.laguiadepamplona.com\/actualidad\/","name":"La gu\u00eda de Pamplona","description":"Noticias de Pamplona","publisher":{"@id":"https:\/\/www.laguiadepamplona.com\/actualidad\/#organization"},"potentialAction":[{"@type":"SearchAction","target":{"@type":"EntryPoint","urlTemplate":"https:\/\/www.laguiadepamplona.com\/actualidad\/?s={search_term_string}"},"query-input":{"@type":"PropertyValueSpecification","valueRequired":true,"valueName":"search_term_string"}}],"inLanguage":"es"},{"@type":"Organization","@id":"https:\/\/www.laguiadepamplona.com\/actualidad\/#organization","name":"La Gu\u00eda de Pamplona \/ Noticias","url":"https:\/\/www.laguiadepamplona.com\/actualidad\/","logo":{"@type":"ImageObject","inLanguage":"es","@id":"https:\/\/www.laguiadepamplona.com\/actualidad\/#\/schema\/logo\/image\/","url":"https:\/\/www.laguiadepamplona.com\/actualidad\/wp-content\/uploads\/2018\/11\/logo-laguiadepamplona18-web1.png","contentUrl":"https:\/\/www.laguiadepamplona.com\/actualidad\/wp-content\/uploads\/2018\/11\/logo-laguiadepamplona18-web1.png","width":600,"height":196,"caption":"La Gu\u00eda de Pamplona \/ Noticias"},"image":{"@id":"https:\/\/www.laguiadepamplona.com\/actualidad\/#\/schema\/logo\/image\/"},"sameAs":["https:\/\/www.facebook.com\/laguiadepamplonacom-133175176762273\/?ref=hl","https:\/\/x.com\/LaGuiadPamplona","https:\/\/www.instagram.com\/la_guia_de_pamplona\/","https:\/\/www.youtube.com\/user\/laguiadepamplona"]},{"@type":"Person","@id":"https:\/\/www.laguiadepamplona.com\/actualidad\/#\/schema\/person\/efe887376f0213d4657c93adc50b1fdb","name":"La Gu\u00eda de Pamplona","image":{"@type":"ImageObject","inLanguage":"es","@id":"https:\/\/secure.gravatar.com\/avatar\/b6992f131dc8d30ab0dff15446e9d346d9dbd95992de0fef795073f5ea83a81c?s=96&d=mm&r=g","url":"https:\/\/secure.gravatar.com\/avatar\/b6992f131dc8d30ab0dff15446e9d346d9dbd95992de0fef795073f5ea83a81c?s=96&d=mm&r=g","contentUrl":"https:\/\/secure.gravatar.com\/avatar\/b6992f131dc8d30ab0dff15446e9d346d9dbd95992de0fef795073f5ea83a81c?s=96&d=mm&r=g","caption":"La Gu\u00eda de Pamplona"}}]}},"post_mailing_queue_ids":[],"_links":{"self":[{"href":"https:\/\/www.laguiadepamplona.com\/actualidad\/wp-json\/wp\/v2\/posts\/49589","targetHints":{"allow":["GET"]}}],"collection":[{"href":"https:\/\/www.laguiadepamplona.com\/actualidad\/wp-json\/wp\/v2\/posts"}],"about":[{"href":"https:\/\/www.laguiadepamplona.com\/actualidad\/wp-json\/wp\/v2\/types\/post"}],"author":[{"embeddable":true,"href":"https:\/\/www.laguiadepamplona.com\/actualidad\/wp-json\/wp\/v2\/users\/1"}],"replies":[{"embeddable":true,"href":"https:\/\/www.laguiadepamplona.com\/actualidad\/wp-json\/wp\/v2\/comments?post=49589"}],"version-history":[{"count":1,"href":"https:\/\/www.laguiadepamplona.com\/actualidad\/wp-json\/wp\/v2\/posts\/49589\/revisions"}],"predecessor-version":[{"id":49590,"href":"https:\/\/www.laguiadepamplona.com\/actualidad\/wp-json\/wp\/v2\/posts\/49589\/revisions\/49590"}],"wp:featuredmedia":[{"embeddable":true,"href":"https:\/\/www.laguiadepamplona.com\/actualidad\/wp-json\/wp\/v2\/media\/49441"}],"wp:attachment":[{"href":"https:\/\/www.laguiadepamplona.com\/actualidad\/wp-json\/wp\/v2\/media?parent=49589"}],"wp:term":[{"taxonomy":"category","embeddable":true,"href":"https:\/\/www.laguiadepamplona.com\/actualidad\/wp-json\/wp\/v2\/categories?post=49589"},{"taxonomy":"post_tag","embeddable":true,"href":"https:\/\/www.laguiadepamplona.com\/actualidad\/wp-json\/wp\/v2\/tags?post=49589"}],"curies":[{"name":"wp","href":"https:\/\/api.w.org\/{rel}","templated":true}]}}