{"id":49519,"date":"2024-04-26T18:11:59","date_gmt":"2024-04-26T16:11:59","guid":{"rendered":"https:\/\/www.laguiadepamplona.com\/actualidad\/?p=49519"},"modified":"2024-04-26T18:11:59","modified_gmt":"2024-04-26T16:11:59","slug":"el-plenario-de-la-real-academia-de-la-lengua-vasca-euskaltzaindia-celebra-su-reunion-mensual-en-el-ayuntamiento-de-pamplona","status":"publish","type":"post","link":"https:\/\/www.laguiadepamplona.com\/actualidad\/el-plenario-de-la-real-academia-de-la-lengua-vasca-euskaltzaindia-celebra-su-reunion-mensual-en-el-ayuntamiento-de-pamplona\/","title":{"rendered":"El plenario de la Real Academia de la Lengua Vasca \u2013 Euskaltzaindia celebra su reuni\u00f3n mensual en el Ayuntamiento de Pamplona"},"content":{"rendered":"<h2>El Sal\u00f3n de Plenos de la Casa Consistorial ha acogido a 24 acad\u00e9micos, presididos por el responsable de la instituci\u00f3n, Andres Urrutia<\/h2>\n<p><!--more--><\/p>\n<p>El plenario de la Real Academia de la Lengua Vasca \u2013 Euskaltzaindia ha celebrado su reuni\u00f3n mensual en el Sal\u00f3n de Plenos del Ayuntamiento de Pamplona. El alcalde Joseba Asiron ha dado la bienvenida a la delegaci\u00f3n en el Sal\u00f3n de Recepciones, donde tambi\u00e9n ha tomado la palabra el presidente de Euskaltzaindia, Andres Urrutia, en presencia del resto de acad\u00e9micos de la instituci\u00f3n.<\/p>\n<p>En la sesi\u00f3n plenaria celebrada en la Casa Consistorial se han tratado los temas previstos: el diccionario normativo, la ortotipograf\u00eda del euskera bat\u00faa y la onom\u00e1stica. Han participado en total 24 <em>euskaltzainak<\/em>, entre ellos, la presidenta de la delegaci\u00f3n territorial de Navarra, Sagrario Aleman, y autores de referencia como Bernardo Atxaga, Miren Agur Meabe o Castillo Su\u00e1rez.<br \/>\n<script async src=\"\/\/pagead2.googlesyndication.com\/pagead\/js\/adsbygoogle.js\"><\/script><br \/>\n<!-- Noticias La Guia de Pamplona --><br \/>\n<ins class=\"adsbygoogle\"\nstyle=\"display:block\"\ndata-ad-client=\"ca-pub-6943679897239327\"\ndata-ad-slot=\"7048180777\"\ndata-ad-format=\"auto\"><\/ins><br \/>\n<script>\n(adsbygoogle = window.adsbygoogle || []).push({});\n<\/script><br \/>\nLos acad\u00e9micos se re\u00fanen para seguir avanzando en cuestiones relacionadas con la lengua vasca, su utilizaci\u00f3n y sus derechos, como instituci\u00f3n consultiva oficial en materia de euskera y competente para expedir las correspondientes certificaciones, informes y dict\u00e1menes.<\/p>\n<p>La \u00faltima vez en que Euskaltzaindia celebr\u00f3 su sesi\u00f3n plenaria en el Ayuntamiento de Pamplona fue el 26 de noviembre de 2021. Tras la reuni\u00f3n de este viernes, la instituci\u00f3n no descarta volver a celebrar su plenario en Pamplona.<br \/>\n<script async src=\"\/\/pagead2.googlesyndication.com\/pagead\/js\/adsbygoogle.js\"><\/script><br \/>\n<!-- Noticias La Guia de Pamplona --><br \/>\n<ins class=\"adsbygoogle\"\nstyle=\"display:block\"\ndata-ad-client=\"ca-pub-6943679897239327\"\ndata-ad-slot=\"7048180777\"\ndata-ad-format=\"auto\"><\/ins><br \/>\n<script>\n(adsbygoogle = window.adsbygoogle || []).push({});\n<\/script><br \/>\n&nbsp;<\/p>\n<h3>Acad\u00e9micos reunidos este viernes en Pamplona<\/h3>\n<ul>\n<li>En la sesi\u00f3n plenaria han participado los siguientes euskaltzainak:\n<ul>\n<li>Andres Urrutia, Andres Alberdi, Andres I\u00f1igo, Sagrario Aleman, Miriam Urkia, Jean-Baptiste Coyos, Roberto Gonz\u00e1lez de Vi\u00f1aspre, Jabier Kaltzakorta, Patxi Uribarren, Castillo Su\u00e1rez, Asun Garikano, Bernardo Atxaga, Itxaro Borda, Miren Azkarate, Xarles Videgain, Xabier Kintana, Miren Agur Meabe, Alfontso Mujika, Miren Lourdes O\u00f1ederra, Paskual Rekalde, Andoni Sagarna, Patxi Salaberri, Patxi Zabaleta y Be\u00f1at Oihartzabal<\/li>\n<\/ul>\n<\/li>\n<\/ul>\n","protected":false},"excerpt":{"rendered":"<p>El Sal\u00f3n de Plenos de la Casa Consistorial ha acogido a 24 acad\u00e9micos, presididos por el responsable de la instituci\u00f3n, Andres Urrutia<\/p>\n","protected":false},"author":1,"featured_media":49520,"comment_status":"open","ping_status":"closed","sticky":false,"template":"","format":"standard","meta":{"footnotes":""},"categories":[2],"tags":[],"class_list":["post-49519","post","type-post","status-publish","format-standard","has-post-thumbnail","hentry","category-ayuntamiento-pamplona"],"yoast_head":"<!-- This site is optimized with the Yoast SEO plugin v27.3 - https:\/\/yoast.com\/product\/yoast-seo-wordpress\/ -->\n<title>El plenario de la Real Academia de la Lengua Vasca \u2013 Euskaltzaindia celebra su reuni\u00f3n mensual en el Ayuntamiento de Pamplona<\/title>\n<meta name=\"description\" content=\"El Sal\u00f3n de Plenos de la Casa Consistorial ha acogido a 24 acad\u00e9micos, presididos por el responsable de la instituci\u00f3n, Andres Urrutia\" \/>\n<meta name=\"robots\" content=\"index, follow, max-snippet:-1, max-image-preview:large, max-video-preview:-1\" \/>\n<link rel=\"canonical\" href=\"https:\/\/www.laguiadepamplona.com\/actualidad\/el-plenario-de-la-real-academia-de-la-lengua-vasca-euskaltzaindia-celebra-su-reunion-mensual-en-el-ayuntamiento-de-pamplona\/\" \/>\n<meta property=\"og:locale\" content=\"es_ES\" \/>\n<meta property=\"og:type\" content=\"article\" \/>\n<meta property=\"og:title\" content=\"El plenario de la Real Academia de la Lengua Vasca \u2013 Euskaltzaindia celebra su reuni\u00f3n mensual en el Ayuntamiento de Pamplona\" \/>\n<meta property=\"og:description\" content=\"El Sal\u00f3n de Plenos de la Casa Consistorial ha acogido a 24 acad\u00e9micos, presididos por el responsable de la instituci\u00f3n, Andres Urrutia\" \/>\n<meta property=\"og:url\" content=\"https:\/\/www.laguiadepamplona.com\/actualidad\/el-plenario-de-la-real-academia-de-la-lengua-vasca-euskaltzaindia-celebra-su-reunion-mensual-en-el-ayuntamiento-de-pamplona\/\" \/>\n<meta property=\"og:site_name\" content=\"La Gu\u00eda de Pamplona\" \/>\n<meta property=\"article:publisher\" content=\"https:\/\/www.facebook.com\/laguiadepamplonacom-133175176762273\/?ref=hl\" \/>\n<meta property=\"article:published_time\" content=\"2024-04-26T16:11:59+00:00\" \/>\n<meta property=\"og:image\" content=\"https:\/\/www.laguiadepamplona.com\/actualidad\/wp-content\/uploads\/2024\/04\/240426euskaltzaindia1.webp\" \/>\n\t<meta property=\"og:image:width\" content=\"1200\" \/>\n\t<meta property=\"og:image:height\" content=\"800\" \/>\n\t<meta property=\"og:image:type\" content=\"image\/webp\" \/>\n<meta name=\"author\" content=\"La Gu\u00eda de Pamplona\" \/>\n<meta name=\"twitter:card\" content=\"summary_large_image\" \/>\n<meta name=\"twitter:creator\" content=\"@LaGuiadPamplona\" \/>\n<meta name=\"twitter:site\" content=\"@LaGuiadPamplona\" \/>\n<meta name=\"twitter:label1\" content=\"Escrito por\" \/>\n\t<meta name=\"twitter:data1\" content=\"La Gu\u00eda de Pamplona\" \/>\n\t<meta name=\"twitter:label2\" content=\"Tiempo de lectura\" \/>\n\t<meta name=\"twitter:data2\" content=\"2 minutos\" \/>\n<script type=\"application\/ld+json\" class=\"yoast-schema-graph\">{\"@context\":\"https:\\\/\\\/schema.org\",\"@graph\":[{\"@type\":\"Article\",\"@id\":\"https:\\\/\\\/www.laguiadepamplona.com\\\/actualidad\\\/el-plenario-de-la-real-academia-de-la-lengua-vasca-euskaltzaindia-celebra-su-reunion-mensual-en-el-ayuntamiento-de-pamplona\\\/#article\",\"isPartOf\":{\"@id\":\"https:\\\/\\\/www.laguiadepamplona.com\\\/actualidad\\\/el-plenario-de-la-real-academia-de-la-lengua-vasca-euskaltzaindia-celebra-su-reunion-mensual-en-el-ayuntamiento-de-pamplona\\\/\"},\"author\":{\"name\":\"La Gu\u00eda de Pamplona\",\"@id\":\"https:\\\/\\\/www.laguiadepamplona.com\\\/actualidad\\\/#\\\/schema\\\/person\\\/efe887376f0213d4657c93adc50b1fdb\"},\"headline\":\"El plenario de la Real Academia de la Lengua Vasca \u2013 Euskaltzaindia celebra su reuni\u00f3n mensual en el Ayuntamiento de Pamplona\",\"datePublished\":\"2024-04-26T16:11:59+00:00\",\"mainEntityOfPage\":{\"@id\":\"https:\\\/\\\/www.laguiadepamplona.com\\\/actualidad\\\/el-plenario-de-la-real-academia-de-la-lengua-vasca-euskaltzaindia-celebra-su-reunion-mensual-en-el-ayuntamiento-de-pamplona\\\/\"},\"wordCount\":335,\"commentCount\":0,\"publisher\":{\"@id\":\"https:\\\/\\\/www.laguiadepamplona.com\\\/actualidad\\\/#organization\"},\"image\":{\"@id\":\"https:\\\/\\\/www.laguiadepamplona.com\\\/actualidad\\\/el-plenario-de-la-real-academia-de-la-lengua-vasca-euskaltzaindia-celebra-su-reunion-mensual-en-el-ayuntamiento-de-pamplona\\\/#primaryimage\"},\"thumbnailUrl\":\"https:\\\/\\\/www.laguiadepamplona.com\\\/actualidad\\\/wp-content\\\/uploads\\\/2024\\\/04\\\/240426euskaltzaindia1.webp\",\"articleSection\":[\"Ayto Pamplona\"],\"inLanguage\":\"es\",\"potentialAction\":[{\"@type\":\"CommentAction\",\"name\":\"Comment\",\"target\":[\"https:\\\/\\\/www.laguiadepamplona.com\\\/actualidad\\\/el-plenario-de-la-real-academia-de-la-lengua-vasca-euskaltzaindia-celebra-su-reunion-mensual-en-el-ayuntamiento-de-pamplona\\\/#respond\"]}]},{\"@type\":\"WebPage\",\"@id\":\"https:\\\/\\\/www.laguiadepamplona.com\\\/actualidad\\\/el-plenario-de-la-real-academia-de-la-lengua-vasca-euskaltzaindia-celebra-su-reunion-mensual-en-el-ayuntamiento-de-pamplona\\\/\",\"url\":\"https:\\\/\\\/www.laguiadepamplona.com\\\/actualidad\\\/el-plenario-de-la-real-academia-de-la-lengua-vasca-euskaltzaindia-celebra-su-reunion-mensual-en-el-ayuntamiento-de-pamplona\\\/\",\"name\":\"El plenario de la Real Academia de la Lengua Vasca \u2013 Euskaltzaindia celebra su reuni\u00f3n mensual en el Ayuntamiento de Pamplona\",\"isPartOf\":{\"@id\":\"https:\\\/\\\/www.laguiadepamplona.com\\\/actualidad\\\/#website\"},\"primaryImageOfPage\":{\"@id\":\"https:\\\/\\\/www.laguiadepamplona.com\\\/actualidad\\\/el-plenario-de-la-real-academia-de-la-lengua-vasca-euskaltzaindia-celebra-su-reunion-mensual-en-el-ayuntamiento-de-pamplona\\\/#primaryimage\"},\"image\":{\"@id\":\"https:\\\/\\\/www.laguiadepamplona.com\\\/actualidad\\\/el-plenario-de-la-real-academia-de-la-lengua-vasca-euskaltzaindia-celebra-su-reunion-mensual-en-el-ayuntamiento-de-pamplona\\\/#primaryimage\"},\"thumbnailUrl\":\"https:\\\/\\\/www.laguiadepamplona.com\\\/actualidad\\\/wp-content\\\/uploads\\\/2024\\\/04\\\/240426euskaltzaindia1.webp\",\"datePublished\":\"2024-04-26T16:11:59+00:00\",\"description\":\"El Sal\u00f3n de Plenos de la Casa Consistorial ha acogido a 24 acad\u00e9micos, presididos por el responsable de la instituci\u00f3n, Andres Urrutia\",\"breadcrumb\":{\"@id\":\"https:\\\/\\\/www.laguiadepamplona.com\\\/actualidad\\\/el-plenario-de-la-real-academia-de-la-lengua-vasca-euskaltzaindia-celebra-su-reunion-mensual-en-el-ayuntamiento-de-pamplona\\\/#breadcrumb\"},\"inLanguage\":\"es\",\"potentialAction\":[{\"@type\":\"ReadAction\",\"target\":[\"https:\\\/\\\/www.laguiadepamplona.com\\\/actualidad\\\/el-plenario-de-la-real-academia-de-la-lengua-vasca-euskaltzaindia-celebra-su-reunion-mensual-en-el-ayuntamiento-de-pamplona\\\/\"]}]},{\"@type\":\"ImageObject\",\"inLanguage\":\"es\",\"@id\":\"https:\\\/\\\/www.laguiadepamplona.com\\\/actualidad\\\/el-plenario-de-la-real-academia-de-la-lengua-vasca-euskaltzaindia-celebra-su-reunion-mensual-en-el-ayuntamiento-de-pamplona\\\/#primaryimage\",\"url\":\"https:\\\/\\\/www.laguiadepamplona.com\\\/actualidad\\\/wp-content\\\/uploads\\\/2024\\\/04\\\/240426euskaltzaindia1.webp\",\"contentUrl\":\"https:\\\/\\\/www.laguiadepamplona.com\\\/actualidad\\\/wp-content\\\/uploads\\\/2024\\\/04\\\/240426euskaltzaindia1.webp\",\"width\":1200,\"height\":800,\"caption\":\"euskaltzaindia\"},{\"@type\":\"BreadcrumbList\",\"@id\":\"https:\\\/\\\/www.laguiadepamplona.com\\\/actualidad\\\/el-plenario-de-la-real-academia-de-la-lengua-vasca-euskaltzaindia-celebra-su-reunion-mensual-en-el-ayuntamiento-de-pamplona\\\/#breadcrumb\",\"itemListElement\":[{\"@type\":\"ListItem\",\"position\":1,\"name\":\"Portada\",\"item\":\"https:\\\/\\\/www.laguiadepamplona.com\\\/actualidad\\\/\"},{\"@type\":\"ListItem\",\"position\":2,\"name\":\"El plenario de la Real Academia de la Lengua Vasca \u2013 Euskaltzaindia celebra su reuni\u00f3n mensual en el Ayuntamiento de Pamplona\"}]},{\"@type\":\"WebSite\",\"@id\":\"https:\\\/\\\/www.laguiadepamplona.com\\\/actualidad\\\/#website\",\"url\":\"https:\\\/\\\/www.laguiadepamplona.com\\\/actualidad\\\/\",\"name\":\"La gu\u00eda de Pamplona\",\"description\":\"Noticias de Pamplona\",\"publisher\":{\"@id\":\"https:\\\/\\\/www.laguiadepamplona.com\\\/actualidad\\\/#organization\"},\"potentialAction\":[{\"@type\":\"SearchAction\",\"target\":{\"@type\":\"EntryPoint\",\"urlTemplate\":\"https:\\\/\\\/www.laguiadepamplona.com\\\/actualidad\\\/?s={search_term_string}\"},\"query-input\":{\"@type\":\"PropertyValueSpecification\",\"valueRequired\":true,\"valueName\":\"search_term_string\"}}],\"inLanguage\":\"es\"},{\"@type\":\"Organization\",\"@id\":\"https:\\\/\\\/www.laguiadepamplona.com\\\/actualidad\\\/#organization\",\"name\":\"La Gu\u00eda de Pamplona \\\/ Noticias\",\"url\":\"https:\\\/\\\/www.laguiadepamplona.com\\\/actualidad\\\/\",\"logo\":{\"@type\":\"ImageObject\",\"inLanguage\":\"es\",\"@id\":\"https:\\\/\\\/www.laguiadepamplona.com\\\/actualidad\\\/#\\\/schema\\\/logo\\\/image\\\/\",\"url\":\"https:\\\/\\\/www.laguiadepamplona.com\\\/actualidad\\\/wp-content\\\/uploads\\\/2018\\\/11\\\/logo-laguiadepamplona18-web1.png\",\"contentUrl\":\"https:\\\/\\\/www.laguiadepamplona.com\\\/actualidad\\\/wp-content\\\/uploads\\\/2018\\\/11\\\/logo-laguiadepamplona18-web1.png\",\"width\":600,\"height\":196,\"caption\":\"La Gu\u00eda de Pamplona \\\/ Noticias\"},\"image\":{\"@id\":\"https:\\\/\\\/www.laguiadepamplona.com\\\/actualidad\\\/#\\\/schema\\\/logo\\\/image\\\/\"},\"sameAs\":[\"https:\\\/\\\/www.facebook.com\\\/laguiadepamplonacom-133175176762273\\\/?ref=hl\",\"https:\\\/\\\/x.com\\\/LaGuiadPamplona\",\"https:\\\/\\\/www.instagram.com\\\/la_guia_de_pamplona\\\/\",\"https:\\\/\\\/www.youtube.com\\\/user\\\/laguiadepamplona\"]},{\"@type\":\"Person\",\"@id\":\"https:\\\/\\\/www.laguiadepamplona.com\\\/actualidad\\\/#\\\/schema\\\/person\\\/efe887376f0213d4657c93adc50b1fdb\",\"name\":\"La Gu\u00eda de Pamplona\",\"image\":{\"@type\":\"ImageObject\",\"inLanguage\":\"es\",\"@id\":\"https:\\\/\\\/secure.gravatar.com\\\/avatar\\\/b6992f131dc8d30ab0dff15446e9d346d9dbd95992de0fef795073f5ea83a81c?s=96&d=mm&r=g\",\"url\":\"https:\\\/\\\/secure.gravatar.com\\\/avatar\\\/b6992f131dc8d30ab0dff15446e9d346d9dbd95992de0fef795073f5ea83a81c?s=96&d=mm&r=g\",\"contentUrl\":\"https:\\\/\\\/secure.gravatar.com\\\/avatar\\\/b6992f131dc8d30ab0dff15446e9d346d9dbd95992de0fef795073f5ea83a81c?s=96&d=mm&r=g\",\"caption\":\"La Gu\u00eda de Pamplona\"}}]}<\/script>\n<!-- \/ Yoast SEO plugin. -->","yoast_head_json":{"title":"El plenario de la Real Academia de la Lengua Vasca \u2013 Euskaltzaindia celebra su reuni\u00f3n mensual en el Ayuntamiento de Pamplona","description":"El Sal\u00f3n de Plenos de la Casa Consistorial ha acogido a 24 acad\u00e9micos, presididos por el responsable de la instituci\u00f3n, Andres Urrutia","robots":{"index":"index","follow":"follow","max-snippet":"max-snippet:-1","max-image-preview":"max-image-preview:large","max-video-preview":"max-video-preview:-1"},"canonical":"https:\/\/www.laguiadepamplona.com\/actualidad\/el-plenario-de-la-real-academia-de-la-lengua-vasca-euskaltzaindia-celebra-su-reunion-mensual-en-el-ayuntamiento-de-pamplona\/","og_locale":"es_ES","og_type":"article","og_title":"El plenario de la Real Academia de la Lengua Vasca \u2013 Euskaltzaindia celebra su reuni\u00f3n mensual en el Ayuntamiento de Pamplona","og_description":"El Sal\u00f3n de Plenos de la Casa Consistorial ha acogido a 24 acad\u00e9micos, presididos por el responsable de la instituci\u00f3n, Andres Urrutia","og_url":"https:\/\/www.laguiadepamplona.com\/actualidad\/el-plenario-de-la-real-academia-de-la-lengua-vasca-euskaltzaindia-celebra-su-reunion-mensual-en-el-ayuntamiento-de-pamplona\/","og_site_name":"La Gu\u00eda de Pamplona","article_publisher":"https:\/\/www.facebook.com\/laguiadepamplonacom-133175176762273\/?ref=hl","article_published_time":"2024-04-26T16:11:59+00:00","og_image":[{"width":1200,"height":800,"url":"https:\/\/www.laguiadepamplona.com\/actualidad\/wp-content\/uploads\/2024\/04\/240426euskaltzaindia1.webp","type":"image\/webp"}],"author":"La Gu\u00eda de Pamplona","twitter_card":"summary_large_image","twitter_creator":"@LaGuiadPamplona","twitter_site":"@LaGuiadPamplona","twitter_misc":{"Escrito por":"La Gu\u00eda de Pamplona","Tiempo de lectura":"2 minutos"},"schema":{"@context":"https:\/\/schema.org","@graph":[{"@type":"Article","@id":"https:\/\/www.laguiadepamplona.com\/actualidad\/el-plenario-de-la-real-academia-de-la-lengua-vasca-euskaltzaindia-celebra-su-reunion-mensual-en-el-ayuntamiento-de-pamplona\/#article","isPartOf":{"@id":"https:\/\/www.laguiadepamplona.com\/actualidad\/el-plenario-de-la-real-academia-de-la-lengua-vasca-euskaltzaindia-celebra-su-reunion-mensual-en-el-ayuntamiento-de-pamplona\/"},"author":{"name":"La Gu\u00eda de Pamplona","@id":"https:\/\/www.laguiadepamplona.com\/actualidad\/#\/schema\/person\/efe887376f0213d4657c93adc50b1fdb"},"headline":"El plenario de la Real Academia de la Lengua Vasca \u2013 Euskaltzaindia celebra su reuni\u00f3n mensual en el Ayuntamiento de Pamplona","datePublished":"2024-04-26T16:11:59+00:00","mainEntityOfPage":{"@id":"https:\/\/www.laguiadepamplona.com\/actualidad\/el-plenario-de-la-real-academia-de-la-lengua-vasca-euskaltzaindia-celebra-su-reunion-mensual-en-el-ayuntamiento-de-pamplona\/"},"wordCount":335,"commentCount":0,"publisher":{"@id":"https:\/\/www.laguiadepamplona.com\/actualidad\/#organization"},"image":{"@id":"https:\/\/www.laguiadepamplona.com\/actualidad\/el-plenario-de-la-real-academia-de-la-lengua-vasca-euskaltzaindia-celebra-su-reunion-mensual-en-el-ayuntamiento-de-pamplona\/#primaryimage"},"thumbnailUrl":"https:\/\/www.laguiadepamplona.com\/actualidad\/wp-content\/uploads\/2024\/04\/240426euskaltzaindia1.webp","articleSection":["Ayto Pamplona"],"inLanguage":"es","potentialAction":[{"@type":"CommentAction","name":"Comment","target":["https:\/\/www.laguiadepamplona.com\/actualidad\/el-plenario-de-la-real-academia-de-la-lengua-vasca-euskaltzaindia-celebra-su-reunion-mensual-en-el-ayuntamiento-de-pamplona\/#respond"]}]},{"@type":"WebPage","@id":"https:\/\/www.laguiadepamplona.com\/actualidad\/el-plenario-de-la-real-academia-de-la-lengua-vasca-euskaltzaindia-celebra-su-reunion-mensual-en-el-ayuntamiento-de-pamplona\/","url":"https:\/\/www.laguiadepamplona.com\/actualidad\/el-plenario-de-la-real-academia-de-la-lengua-vasca-euskaltzaindia-celebra-su-reunion-mensual-en-el-ayuntamiento-de-pamplona\/","name":"El plenario de la Real Academia de la Lengua Vasca \u2013 Euskaltzaindia celebra su reuni\u00f3n mensual en el Ayuntamiento de Pamplona","isPartOf":{"@id":"https:\/\/www.laguiadepamplona.com\/actualidad\/#website"},"primaryImageOfPage":{"@id":"https:\/\/www.laguiadepamplona.com\/actualidad\/el-plenario-de-la-real-academia-de-la-lengua-vasca-euskaltzaindia-celebra-su-reunion-mensual-en-el-ayuntamiento-de-pamplona\/#primaryimage"},"image":{"@id":"https:\/\/www.laguiadepamplona.com\/actualidad\/el-plenario-de-la-real-academia-de-la-lengua-vasca-euskaltzaindia-celebra-su-reunion-mensual-en-el-ayuntamiento-de-pamplona\/#primaryimage"},"thumbnailUrl":"https:\/\/www.laguiadepamplona.com\/actualidad\/wp-content\/uploads\/2024\/04\/240426euskaltzaindia1.webp","datePublished":"2024-04-26T16:11:59+00:00","description":"El Sal\u00f3n de Plenos de la Casa Consistorial ha acogido a 24 acad\u00e9micos, presididos por el responsable de la instituci\u00f3n, Andres Urrutia","breadcrumb":{"@id":"https:\/\/www.laguiadepamplona.com\/actualidad\/el-plenario-de-la-real-academia-de-la-lengua-vasca-euskaltzaindia-celebra-su-reunion-mensual-en-el-ayuntamiento-de-pamplona\/#breadcrumb"},"inLanguage":"es","potentialAction":[{"@type":"ReadAction","target":["https:\/\/www.laguiadepamplona.com\/actualidad\/el-plenario-de-la-real-academia-de-la-lengua-vasca-euskaltzaindia-celebra-su-reunion-mensual-en-el-ayuntamiento-de-pamplona\/"]}]},{"@type":"ImageObject","inLanguage":"es","@id":"https:\/\/www.laguiadepamplona.com\/actualidad\/el-plenario-de-la-real-academia-de-la-lengua-vasca-euskaltzaindia-celebra-su-reunion-mensual-en-el-ayuntamiento-de-pamplona\/#primaryimage","url":"https:\/\/www.laguiadepamplona.com\/actualidad\/wp-content\/uploads\/2024\/04\/240426euskaltzaindia1.webp","contentUrl":"https:\/\/www.laguiadepamplona.com\/actualidad\/wp-content\/uploads\/2024\/04\/240426euskaltzaindia1.webp","width":1200,"height":800,"caption":"euskaltzaindia"},{"@type":"BreadcrumbList","@id":"https:\/\/www.laguiadepamplona.com\/actualidad\/el-plenario-de-la-real-academia-de-la-lengua-vasca-euskaltzaindia-celebra-su-reunion-mensual-en-el-ayuntamiento-de-pamplona\/#breadcrumb","itemListElement":[{"@type":"ListItem","position":1,"name":"Portada","item":"https:\/\/www.laguiadepamplona.com\/actualidad\/"},{"@type":"ListItem","position":2,"name":"El plenario de la Real Academia de la Lengua Vasca \u2013 Euskaltzaindia celebra su reuni\u00f3n mensual en el Ayuntamiento de Pamplona"}]},{"@type":"WebSite","@id":"https:\/\/www.laguiadepamplona.com\/actualidad\/#website","url":"https:\/\/www.laguiadepamplona.com\/actualidad\/","name":"La gu\u00eda de Pamplona","description":"Noticias de Pamplona","publisher":{"@id":"https:\/\/www.laguiadepamplona.com\/actualidad\/#organization"},"potentialAction":[{"@type":"SearchAction","target":{"@type":"EntryPoint","urlTemplate":"https:\/\/www.laguiadepamplona.com\/actualidad\/?s={search_term_string}"},"query-input":{"@type":"PropertyValueSpecification","valueRequired":true,"valueName":"search_term_string"}}],"inLanguage":"es"},{"@type":"Organization","@id":"https:\/\/www.laguiadepamplona.com\/actualidad\/#organization","name":"La Gu\u00eda de Pamplona \/ Noticias","url":"https:\/\/www.laguiadepamplona.com\/actualidad\/","logo":{"@type":"ImageObject","inLanguage":"es","@id":"https:\/\/www.laguiadepamplona.com\/actualidad\/#\/schema\/logo\/image\/","url":"https:\/\/www.laguiadepamplona.com\/actualidad\/wp-content\/uploads\/2018\/11\/logo-laguiadepamplona18-web1.png","contentUrl":"https:\/\/www.laguiadepamplona.com\/actualidad\/wp-content\/uploads\/2018\/11\/logo-laguiadepamplona18-web1.png","width":600,"height":196,"caption":"La Gu\u00eda de Pamplona \/ Noticias"},"image":{"@id":"https:\/\/www.laguiadepamplona.com\/actualidad\/#\/schema\/logo\/image\/"},"sameAs":["https:\/\/www.facebook.com\/laguiadepamplonacom-133175176762273\/?ref=hl","https:\/\/x.com\/LaGuiadPamplona","https:\/\/www.instagram.com\/la_guia_de_pamplona\/","https:\/\/www.youtube.com\/user\/laguiadepamplona"]},{"@type":"Person","@id":"https:\/\/www.laguiadepamplona.com\/actualidad\/#\/schema\/person\/efe887376f0213d4657c93adc50b1fdb","name":"La Gu\u00eda de Pamplona","image":{"@type":"ImageObject","inLanguage":"es","@id":"https:\/\/secure.gravatar.com\/avatar\/b6992f131dc8d30ab0dff15446e9d346d9dbd95992de0fef795073f5ea83a81c?s=96&d=mm&r=g","url":"https:\/\/secure.gravatar.com\/avatar\/b6992f131dc8d30ab0dff15446e9d346d9dbd95992de0fef795073f5ea83a81c?s=96&d=mm&r=g","contentUrl":"https:\/\/secure.gravatar.com\/avatar\/b6992f131dc8d30ab0dff15446e9d346d9dbd95992de0fef795073f5ea83a81c?s=96&d=mm&r=g","caption":"La Gu\u00eda de Pamplona"}}]}},"post_mailing_queue_ids":[],"_links":{"self":[{"href":"https:\/\/www.laguiadepamplona.com\/actualidad\/wp-json\/wp\/v2\/posts\/49519","targetHints":{"allow":["GET"]}}],"collection":[{"href":"https:\/\/www.laguiadepamplona.com\/actualidad\/wp-json\/wp\/v2\/posts"}],"about":[{"href":"https:\/\/www.laguiadepamplona.com\/actualidad\/wp-json\/wp\/v2\/types\/post"}],"author":[{"embeddable":true,"href":"https:\/\/www.laguiadepamplona.com\/actualidad\/wp-json\/wp\/v2\/users\/1"}],"replies":[{"embeddable":true,"href":"https:\/\/www.laguiadepamplona.com\/actualidad\/wp-json\/wp\/v2\/comments?post=49519"}],"version-history":[{"count":1,"href":"https:\/\/www.laguiadepamplona.com\/actualidad\/wp-json\/wp\/v2\/posts\/49519\/revisions"}],"predecessor-version":[{"id":49521,"href":"https:\/\/www.laguiadepamplona.com\/actualidad\/wp-json\/wp\/v2\/posts\/49519\/revisions\/49521"}],"wp:featuredmedia":[{"embeddable":true,"href":"https:\/\/www.laguiadepamplona.com\/actualidad\/wp-json\/wp\/v2\/media\/49520"}],"wp:attachment":[{"href":"https:\/\/www.laguiadepamplona.com\/actualidad\/wp-json\/wp\/v2\/media?parent=49519"}],"wp:term":[{"taxonomy":"category","embeddable":true,"href":"https:\/\/www.laguiadepamplona.com\/actualidad\/wp-json\/wp\/v2\/categories?post=49519"},{"taxonomy":"post_tag","embeddable":true,"href":"https:\/\/www.laguiadepamplona.com\/actualidad\/wp-json\/wp\/v2\/tags?post=49519"}],"curies":[{"name":"wp","href":"https:\/\/api.w.org\/{rel}","templated":true}]}}