{"id":49504,"date":"2024-04-25T16:57:43","date_gmt":"2024-04-25T14:57:43","guid":{"rendered":"https:\/\/www.laguiadepamplona.com\/actualidad\/?p=49504"},"modified":"2024-04-25T16:57:43","modified_gmt":"2024-04-25T14:57:43","slug":"diez-estudiantes-de-derecho-y-del-master-de-acceso-a-la-abogacia-reciben-diploma-por-su-labor-en-las-asesorias-juridicas-de-la-casa-de-la-juventud","status":"publish","type":"post","link":"https:\/\/www.laguiadepamplona.com\/actualidad\/diez-estudiantes-de-derecho-y-del-master-de-acceso-a-la-abogacia-reciben-diploma-por-su-labor-en-las-asesorias-juridicas-de-la-casa-de-la-juventud\/","title":{"rendered":"Diez estudiantes de Derecho y del M\u00e1ster de Acceso a la Abogac\u00eda reciben diploma por su labor en las asesor\u00edas jur\u00eddicas de la Casa de la Juventud"},"content":{"rendered":"<h2>Sus pr\u00e1cticas son fruto de convenios de colaboraci\u00f3n con la Fundaci\u00f3n Empresa \u2013 Universidad de Navarra y el Colegio de Abogados de Pamplona<\/h2>\n<p><!--more--><\/p>\n<p>Diez alumnos y alumnas procedentes del Grado de Derecho de la Universidad de Navarra y del M\u00e1ster de Acceso a la Abogac\u00eda de la Universidad P\u00fablica de Navarra han recibido este mediod\u00eda los diplomas que acreditan sus pr\u00e1cticas durante el presente curso 2023-2024 en las Asesor\u00edas Jur\u00eddicas de la Casa de la Juventud del Ayuntamiento de Pamplona: asesor\u00eda jur\u00eddica general, asesor\u00eda de asociacionismo y asesor\u00eda de emprendimiento. Estas pr\u00e1cticas son fruto de sendos convenios de colaboraci\u00f3n que mantienen la Casa de la Juventud y la Fundaci\u00f3n Empresa \u2013 Universidad de Navarra y el Colegio de Abogados de Pamplona.<br \/>\n<script async src=\"\/\/pagead2.googlesyndication.com\/pagead\/js\/adsbygoogle.js\"><\/script><br \/>\n<!-- Noticias La Guia de Pamplona --><br \/>\n<ins class=\"adsbygoogle\"\nstyle=\"display:block\"\ndata-ad-client=\"ca-pub-6943679897239327\"\ndata-ad-slot=\"7048180777\"\ndata-ad-format=\"auto\"><\/ins><br \/>\n<script>\n(adsbygoogle = window.adsbygoogle || []).push({});\n<\/script><br \/>\nCarolina de Haro Mart\u00ednez, Esther Aranaz Soria, Jos\u00e9 Mar\u00eda Combarro P\u00e9rez, Leire Mara\u00f1\u00f3n L\u00f3pez, Luc\u00eda San Segundo Santaf\u00e9, Marcos Pastor Soto, Mercedes L\u00f3pez de la Pe\u00f1a De Pablo, Patricia L\u00f3pez Calzado, Silvia Lillo Muro y Steven Qian Y han recibido sus reconocimientos de manos del concejal delegado de Promoci\u00f3n Econ\u00f3mica, Proyecci\u00f3n Europea, Innovaci\u00f3n, Juventud y Cooperaci\u00f3n al Desarrollo, Mikel Armend\u00e1riz Barnechea; el decano de la Facultad de Ciencias Jur\u00eddicas de la UPNA, Rafael Lara Gonz\u00e1lez; el director de Desarrollo de Negocio de la Facultad de Derecho (UN), Fidel Alonso-Allende Pic\u00f3, y de las del vicedecano del Colegio de Abogados de Pamplona, Fernando Azagra D\u00edez, as\u00ed como de Mabel Urra G\u00e1mez, directora del \u00c1rea Sociocultural de SEDENA, S.L., empresa gestora del servicio.<\/p>\n<p>Este programa de pr\u00e1cticas se inici\u00f3 en el a\u00f1o 1992 con la participaci\u00f3n del alumnado en la Asesor\u00eda Jur\u00eddica de la Casa de la Juventud. Con el tiempo, al ampliarse el servicio de informaci\u00f3n y asesoramiento jur\u00eddico a dos asesor\u00edas m\u00e1s, la de asociacionismo juvenil y la de emprendimiento, se ampli\u00f3 la oportunidad de participaci\u00f3n de alumnado del M\u00e1ster de Acceso a la Abogac\u00eda del Colegio de Abogados de Pamplona y la Universidad P\u00fablica de Navarra (UPNA). En 2023 las asesor\u00edas jur\u00eddicas registraron un total de 1.477 consultas y hasta el mes de marzo de este a\u00f1o lleva registradas 340.<br \/>\n<script async src=\"\/\/pagead2.googlesyndication.com\/pagead\/js\/adsbygoogle.js\"><\/script><br \/>\n<!-- Noticias La Guia de Pamplona --><br \/>\n<ins class=\"adsbygoogle\"\nstyle=\"display:block\"\ndata-ad-client=\"ca-pub-6943679897239327\"\ndata-ad-slot=\"7048180777\"\ndata-ad-format=\"auto\"><\/ins><br \/>\n<script>\n(adsbygoogle = window.adsbygoogle || []).push({});\n<\/script><br \/>\n<strong>Respuestas especializadas para preguntas j\u00f3venes<\/strong><\/p>\n<p>El objetivo fundamental de estas asesor\u00edas jur\u00eddicas es orientar a las personas j\u00f3venes de forma gratuita sobre distintos aspectos relacionado con temas jur\u00eddicos de su inter\u00e9s, el asociacionismo o el emprendimiento. Por su parte, el prop\u00f3sito de las pr\u00e1cticas es que el alumnado participe en la prestaci\u00f3n de una orientaci\u00f3n jur\u00eddica de car\u00e1cter b\u00e1sico a la juventud, al mismo tiempo que complementa su formaci\u00f3n acad\u00e9mica mediante el acercamiento a actividades propias de su futuro ejercicio profesional.<\/p>\n<p>Adem\u00e1s de estas tareas, el estudiantado organiza actividades paralelas como encuentros, charlas o coloquios sobre temas jur\u00eddicos relacionados con las materias propias de la asesor\u00eda, y elaboran art\u00edculos o ficheros de informaci\u00f3n para uso propio o para disposici\u00f3n de los usuarios. La experiencia les sirve tambi\u00e9n para tomar contacto con los entes jur\u00eddicos especializados en cada materia.<br \/>\n<script async src=\"\/\/pagead2.googlesyndication.com\/pagead\/js\/adsbygoogle.js\"><\/script><br \/>\n<!-- Noticias La Guia de Pamplona --><br \/>\n<ins class=\"adsbygoogle\"\nstyle=\"display:block\"\ndata-ad-client=\"ca-pub-6943679897239327\"\ndata-ad-slot=\"7048180777\"\ndata-ad-format=\"auto\"><\/ins><br \/>\n<script>\n(adsbygoogle = window.adsbygoogle || []).push({});\n<\/script><br \/>\nEl horario de las asesor\u00edas jur\u00eddicas de la Casa de la Juventud es el siguiente: Asesor\u00eda Jur\u00eddica, martes y jueves de 11 a 14 horas y de 17 a 20 horas, con un total de 12 horas de atenci\u00f3n semanal; Asesor\u00eda de Asociacionismo, mi\u00e9rcoles de 11 a 14 y de 17 a 20 horas, con un total de 6 horas de atenci\u00f3n semanal; Asesor\u00eda de Emprendimiento, viernes, de 12 a 14 horas, con un total de 2 horas de atenci\u00f3n semanal. Estas asesor\u00edas, junto con la Asesor\u00eda Psicol\u00f3gica y la Asesor\u00eda de Estudios, Salidas Profesionales, Ocio y Tiempo libre conforman el servicio de asesor\u00edas especializadas de la Oficina de Informaci\u00f3n Juvenil de la Casa de la Juventud. Todas ellas, adem\u00e1s, organizan diversos talleres y encuentros dentro del programa de dinamizaci\u00f3n de la cafeter\u00eda de la Casa de la Juventud, Cafeteando.<\/p>\n","protected":false},"excerpt":{"rendered":"<p>Sus pr\u00e1cticas son fruto de convenios de colaboraci\u00f3n con la Fundaci\u00f3n Empresa \u2013 Universidad de Navarra y el Colegio de Abogados de Pamplona<\/p>\n","protected":false},"author":1,"featured_media":49505,"comment_status":"open","ping_status":"closed","sticky":false,"template":"","format":"standard","meta":{"footnotes":""},"categories":[2],"tags":[],"class_list":["post-49504","post","type-post","status-publish","format-standard","has-post-thumbnail","hentry","category-ayuntamiento-pamplona"],"yoast_head":"<!-- This site is optimized with the Yoast SEO plugin v27.5 - https:\/\/yoast.com\/product\/yoast-seo-wordpress\/ -->\n<title>Diez estudiantes de Derecho y del M\u00e1ster de Acceso a la Abogac\u00eda reciben diploma por su labor en las asesor\u00edas jur\u00eddicas de la Casa de la Juventud<\/title>\n<meta name=\"description\" content=\"Sus pr\u00e1cticas son fruto de convenios de colaboraci\u00f3n con la Fundaci\u00f3n Empresa \u2013 Universidad de Navarra y el Colegio de Abogados de Pamplona\" \/>\n<meta name=\"robots\" content=\"index, follow, max-snippet:-1, max-image-preview:large, max-video-preview:-1\" \/>\n<link rel=\"canonical\" href=\"https:\/\/www.laguiadepamplona.com\/actualidad\/diez-estudiantes-de-derecho-y-del-master-de-acceso-a-la-abogacia-reciben-diploma-por-su-labor-en-las-asesorias-juridicas-de-la-casa-de-la-juventud\/\" \/>\n<meta property=\"og:locale\" content=\"es_ES\" \/>\n<meta property=\"og:type\" content=\"article\" \/>\n<meta property=\"og:title\" content=\"Diez estudiantes de Derecho y del M\u00e1ster de Acceso a la Abogac\u00eda reciben diploma por su labor en las asesor\u00edas jur\u00eddicas de la Casa de la Juventud\" \/>\n<meta property=\"og:description\" content=\"Sus pr\u00e1cticas son fruto de convenios de colaboraci\u00f3n con la Fundaci\u00f3n Empresa \u2013 Universidad de Navarra y el Colegio de Abogados de Pamplona\" \/>\n<meta property=\"og:url\" content=\"https:\/\/www.laguiadepamplona.com\/actualidad\/diez-estudiantes-de-derecho-y-del-master-de-acceso-a-la-abogacia-reciben-diploma-por-su-labor-en-las-asesorias-juridicas-de-la-casa-de-la-juventud\/\" \/>\n<meta property=\"og:site_name\" content=\"La Gu\u00eda de Pamplona\" \/>\n<meta property=\"article:publisher\" content=\"https:\/\/www.facebook.com\/laguiadepamplonacom-133175176762273\/?ref=hl\" \/>\n<meta property=\"article:published_time\" content=\"2024-04-25T14:57:43+00:00\" \/>\n<meta property=\"og:image\" content=\"https:\/\/www.laguiadepamplona.com\/actualidad\/wp-content\/uploads\/2024\/04\/24.04.25-practicas-derecho.webp\" \/>\n\t<meta property=\"og:image:width\" content=\"1200\" \/>\n\t<meta property=\"og:image:height\" content=\"800\" \/>\n\t<meta property=\"og:image:type\" content=\"image\/webp\" \/>\n<meta name=\"author\" content=\"La Gu\u00eda de Pamplona\" \/>\n<meta name=\"twitter:card\" content=\"summary_large_image\" \/>\n<meta name=\"twitter:creator\" content=\"@LaGuiadPamplona\" \/>\n<meta name=\"twitter:site\" content=\"@LaGuiadPamplona\" \/>\n<meta name=\"twitter:label1\" content=\"Escrito por\" \/>\n\t<meta name=\"twitter:data1\" content=\"La Gu\u00eda de Pamplona\" \/>\n\t<meta name=\"twitter:label2\" content=\"Tiempo de lectura\" \/>\n\t<meta name=\"twitter:data2\" content=\"4 minutos\" \/>\n<script type=\"application\/ld+json\" class=\"yoast-schema-graph\">{\"@context\":\"https:\\\/\\\/schema.org\",\"@graph\":[{\"@type\":\"Article\",\"@id\":\"https:\\\/\\\/www.laguiadepamplona.com\\\/actualidad\\\/diez-estudiantes-de-derecho-y-del-master-de-acceso-a-la-abogacia-reciben-diploma-por-su-labor-en-las-asesorias-juridicas-de-la-casa-de-la-juventud\\\/#article\",\"isPartOf\":{\"@id\":\"https:\\\/\\\/www.laguiadepamplona.com\\\/actualidad\\\/diez-estudiantes-de-derecho-y-del-master-de-acceso-a-la-abogacia-reciben-diploma-por-su-labor-en-las-asesorias-juridicas-de-la-casa-de-la-juventud\\\/\"},\"author\":{\"name\":\"La Gu\u00eda de Pamplona\",\"@id\":\"https:\\\/\\\/www.laguiadepamplona.com\\\/actualidad\\\/#\\\/schema\\\/person\\\/efe887376f0213d4657c93adc50b1fdb\"},\"headline\":\"Diez estudiantes de Derecho y del M\u00e1ster de Acceso a la Abogac\u00eda reciben diploma por su labor en las asesor\u00edas jur\u00eddicas de la Casa de la Juventud\",\"datePublished\":\"2024-04-25T14:57:43+00:00\",\"mainEntityOfPage\":{\"@id\":\"https:\\\/\\\/www.laguiadepamplona.com\\\/actualidad\\\/diez-estudiantes-de-derecho-y-del-master-de-acceso-a-la-abogacia-reciben-diploma-por-su-labor-en-las-asesorias-juridicas-de-la-casa-de-la-juventud\\\/\"},\"wordCount\":727,\"commentCount\":0,\"publisher\":{\"@id\":\"https:\\\/\\\/www.laguiadepamplona.com\\\/actualidad\\\/#organization\"},\"image\":{\"@id\":\"https:\\\/\\\/www.laguiadepamplona.com\\\/actualidad\\\/diez-estudiantes-de-derecho-y-del-master-de-acceso-a-la-abogacia-reciben-diploma-por-su-labor-en-las-asesorias-juridicas-de-la-casa-de-la-juventud\\\/#primaryimage\"},\"thumbnailUrl\":\"https:\\\/\\\/www.laguiadepamplona.com\\\/actualidad\\\/wp-content\\\/uploads\\\/2024\\\/04\\\/24.04.25-practicas-derecho.webp\",\"articleSection\":[\"Ayto Pamplona\"],\"inLanguage\":\"es\",\"potentialAction\":[{\"@type\":\"CommentAction\",\"name\":\"Comment\",\"target\":[\"https:\\\/\\\/www.laguiadepamplona.com\\\/actualidad\\\/diez-estudiantes-de-derecho-y-del-master-de-acceso-a-la-abogacia-reciben-diploma-por-su-labor-en-las-asesorias-juridicas-de-la-casa-de-la-juventud\\\/#respond\"]}]},{\"@type\":\"WebPage\",\"@id\":\"https:\\\/\\\/www.laguiadepamplona.com\\\/actualidad\\\/diez-estudiantes-de-derecho-y-del-master-de-acceso-a-la-abogacia-reciben-diploma-por-su-labor-en-las-asesorias-juridicas-de-la-casa-de-la-juventud\\\/\",\"url\":\"https:\\\/\\\/www.laguiadepamplona.com\\\/actualidad\\\/diez-estudiantes-de-derecho-y-del-master-de-acceso-a-la-abogacia-reciben-diploma-por-su-labor-en-las-asesorias-juridicas-de-la-casa-de-la-juventud\\\/\",\"name\":\"Diez estudiantes de Derecho y del M\u00e1ster de Acceso a la Abogac\u00eda reciben diploma por su labor en las asesor\u00edas jur\u00eddicas de la Casa de la Juventud\",\"isPartOf\":{\"@id\":\"https:\\\/\\\/www.laguiadepamplona.com\\\/actualidad\\\/#website\"},\"primaryImageOfPage\":{\"@id\":\"https:\\\/\\\/www.laguiadepamplona.com\\\/actualidad\\\/diez-estudiantes-de-derecho-y-del-master-de-acceso-a-la-abogacia-reciben-diploma-por-su-labor-en-las-asesorias-juridicas-de-la-casa-de-la-juventud\\\/#primaryimage\"},\"image\":{\"@id\":\"https:\\\/\\\/www.laguiadepamplona.com\\\/actualidad\\\/diez-estudiantes-de-derecho-y-del-master-de-acceso-a-la-abogacia-reciben-diploma-por-su-labor-en-las-asesorias-juridicas-de-la-casa-de-la-juventud\\\/#primaryimage\"},\"thumbnailUrl\":\"https:\\\/\\\/www.laguiadepamplona.com\\\/actualidad\\\/wp-content\\\/uploads\\\/2024\\\/04\\\/24.04.25-practicas-derecho.webp\",\"datePublished\":\"2024-04-25T14:57:43+00:00\",\"description\":\"Sus pr\u00e1cticas son fruto de convenios de colaboraci\u00f3n con la Fundaci\u00f3n Empresa \u2013 Universidad de Navarra y el Colegio de Abogados de Pamplona\",\"breadcrumb\":{\"@id\":\"https:\\\/\\\/www.laguiadepamplona.com\\\/actualidad\\\/diez-estudiantes-de-derecho-y-del-master-de-acceso-a-la-abogacia-reciben-diploma-por-su-labor-en-las-asesorias-juridicas-de-la-casa-de-la-juventud\\\/#breadcrumb\"},\"inLanguage\":\"es\",\"potentialAction\":[{\"@type\":\"ReadAction\",\"target\":[\"https:\\\/\\\/www.laguiadepamplona.com\\\/actualidad\\\/diez-estudiantes-de-derecho-y-del-master-de-acceso-a-la-abogacia-reciben-diploma-por-su-labor-en-las-asesorias-juridicas-de-la-casa-de-la-juventud\\\/\"]}]},{\"@type\":\"ImageObject\",\"inLanguage\":\"es\",\"@id\":\"https:\\\/\\\/www.laguiadepamplona.com\\\/actualidad\\\/diez-estudiantes-de-derecho-y-del-master-de-acceso-a-la-abogacia-reciben-diploma-por-su-labor-en-las-asesorias-juridicas-de-la-casa-de-la-juventud\\\/#primaryimage\",\"url\":\"https:\\\/\\\/www.laguiadepamplona.com\\\/actualidad\\\/wp-content\\\/uploads\\\/2024\\\/04\\\/24.04.25-practicas-derecho.webp\",\"contentUrl\":\"https:\\\/\\\/www.laguiadepamplona.com\\\/actualidad\\\/wp-content\\\/uploads\\\/2024\\\/04\\\/24.04.25-practicas-derecho.webp\",\"width\":1200,\"height\":800,\"caption\":\"practicas de derecho\"},{\"@type\":\"BreadcrumbList\",\"@id\":\"https:\\\/\\\/www.laguiadepamplona.com\\\/actualidad\\\/diez-estudiantes-de-derecho-y-del-master-de-acceso-a-la-abogacia-reciben-diploma-por-su-labor-en-las-asesorias-juridicas-de-la-casa-de-la-juventud\\\/#breadcrumb\",\"itemListElement\":[{\"@type\":\"ListItem\",\"position\":1,\"name\":\"Portada\",\"item\":\"https:\\\/\\\/www.laguiadepamplona.com\\\/actualidad\\\/\"},{\"@type\":\"ListItem\",\"position\":2,\"name\":\"Diez estudiantes de Derecho y del M\u00e1ster de Acceso a la Abogac\u00eda reciben diploma por su labor en las asesor\u00edas jur\u00eddicas de la Casa de la Juventud\"}]},{\"@type\":\"WebSite\",\"@id\":\"https:\\\/\\\/www.laguiadepamplona.com\\\/actualidad\\\/#website\",\"url\":\"https:\\\/\\\/www.laguiadepamplona.com\\\/actualidad\\\/\",\"name\":\"La gu\u00eda de Pamplona\",\"description\":\"Noticias de Pamplona\",\"publisher\":{\"@id\":\"https:\\\/\\\/www.laguiadepamplona.com\\\/actualidad\\\/#organization\"},\"potentialAction\":[{\"@type\":\"SearchAction\",\"target\":{\"@type\":\"EntryPoint\",\"urlTemplate\":\"https:\\\/\\\/www.laguiadepamplona.com\\\/actualidad\\\/?s={search_term_string}\"},\"query-input\":{\"@type\":\"PropertyValueSpecification\",\"valueRequired\":true,\"valueName\":\"search_term_string\"}}],\"inLanguage\":\"es\"},{\"@type\":\"Organization\",\"@id\":\"https:\\\/\\\/www.laguiadepamplona.com\\\/actualidad\\\/#organization\",\"name\":\"La Gu\u00eda de Pamplona \\\/ Noticias\",\"url\":\"https:\\\/\\\/www.laguiadepamplona.com\\\/actualidad\\\/\",\"logo\":{\"@type\":\"ImageObject\",\"inLanguage\":\"es\",\"@id\":\"https:\\\/\\\/www.laguiadepamplona.com\\\/actualidad\\\/#\\\/schema\\\/logo\\\/image\\\/\",\"url\":\"https:\\\/\\\/www.laguiadepamplona.com\\\/actualidad\\\/wp-content\\\/uploads\\\/2018\\\/11\\\/logo-laguiadepamplona18-web1.png\",\"contentUrl\":\"https:\\\/\\\/www.laguiadepamplona.com\\\/actualidad\\\/wp-content\\\/uploads\\\/2018\\\/11\\\/logo-laguiadepamplona18-web1.png\",\"width\":600,\"height\":196,\"caption\":\"La Gu\u00eda de Pamplona \\\/ Noticias\"},\"image\":{\"@id\":\"https:\\\/\\\/www.laguiadepamplona.com\\\/actualidad\\\/#\\\/schema\\\/logo\\\/image\\\/\"},\"sameAs\":[\"https:\\\/\\\/www.facebook.com\\\/laguiadepamplonacom-133175176762273\\\/?ref=hl\",\"https:\\\/\\\/x.com\\\/LaGuiadPamplona\",\"https:\\\/\\\/www.instagram.com\\\/la_guia_de_pamplona\\\/\",\"https:\\\/\\\/www.youtube.com\\\/user\\\/laguiadepamplona\"]},{\"@type\":\"Person\",\"@id\":\"https:\\\/\\\/www.laguiadepamplona.com\\\/actualidad\\\/#\\\/schema\\\/person\\\/efe887376f0213d4657c93adc50b1fdb\",\"name\":\"La Gu\u00eda de Pamplona\",\"image\":{\"@type\":\"ImageObject\",\"inLanguage\":\"es\",\"@id\":\"https:\\\/\\\/secure.gravatar.com\\\/avatar\\\/b6992f131dc8d30ab0dff15446e9d346d9dbd95992de0fef795073f5ea83a81c?s=96&d=mm&r=g\",\"url\":\"https:\\\/\\\/secure.gravatar.com\\\/avatar\\\/b6992f131dc8d30ab0dff15446e9d346d9dbd95992de0fef795073f5ea83a81c?s=96&d=mm&r=g\",\"contentUrl\":\"https:\\\/\\\/secure.gravatar.com\\\/avatar\\\/b6992f131dc8d30ab0dff15446e9d346d9dbd95992de0fef795073f5ea83a81c?s=96&d=mm&r=g\",\"caption\":\"La Gu\u00eda de Pamplona\"}}]}<\/script>\n<!-- \/ Yoast SEO plugin. -->","yoast_head_json":{"title":"Diez estudiantes de Derecho y del M\u00e1ster de Acceso a la Abogac\u00eda reciben diploma por su labor en las asesor\u00edas jur\u00eddicas de la Casa de la Juventud","description":"Sus pr\u00e1cticas son fruto de convenios de colaboraci\u00f3n con la Fundaci\u00f3n Empresa \u2013 Universidad de Navarra y el Colegio de Abogados de Pamplona","robots":{"index":"index","follow":"follow","max-snippet":"max-snippet:-1","max-image-preview":"max-image-preview:large","max-video-preview":"max-video-preview:-1"},"canonical":"https:\/\/www.laguiadepamplona.com\/actualidad\/diez-estudiantes-de-derecho-y-del-master-de-acceso-a-la-abogacia-reciben-diploma-por-su-labor-en-las-asesorias-juridicas-de-la-casa-de-la-juventud\/","og_locale":"es_ES","og_type":"article","og_title":"Diez estudiantes de Derecho y del M\u00e1ster de Acceso a la Abogac\u00eda reciben diploma por su labor en las asesor\u00edas jur\u00eddicas de la Casa de la Juventud","og_description":"Sus pr\u00e1cticas son fruto de convenios de colaboraci\u00f3n con la Fundaci\u00f3n Empresa \u2013 Universidad de Navarra y el Colegio de Abogados de Pamplona","og_url":"https:\/\/www.laguiadepamplona.com\/actualidad\/diez-estudiantes-de-derecho-y-del-master-de-acceso-a-la-abogacia-reciben-diploma-por-su-labor-en-las-asesorias-juridicas-de-la-casa-de-la-juventud\/","og_site_name":"La Gu\u00eda de Pamplona","article_publisher":"https:\/\/www.facebook.com\/laguiadepamplonacom-133175176762273\/?ref=hl","article_published_time":"2024-04-25T14:57:43+00:00","og_image":[{"width":1200,"height":800,"url":"https:\/\/www.laguiadepamplona.com\/actualidad\/wp-content\/uploads\/2024\/04\/24.04.25-practicas-derecho.webp","type":"image\/webp"}],"author":"La Gu\u00eda de Pamplona","twitter_card":"summary_large_image","twitter_creator":"@LaGuiadPamplona","twitter_site":"@LaGuiadPamplona","twitter_misc":{"Escrito por":"La Gu\u00eda de Pamplona","Tiempo de lectura":"4 minutos"},"schema":{"@context":"https:\/\/schema.org","@graph":[{"@type":"Article","@id":"https:\/\/www.laguiadepamplona.com\/actualidad\/diez-estudiantes-de-derecho-y-del-master-de-acceso-a-la-abogacia-reciben-diploma-por-su-labor-en-las-asesorias-juridicas-de-la-casa-de-la-juventud\/#article","isPartOf":{"@id":"https:\/\/www.laguiadepamplona.com\/actualidad\/diez-estudiantes-de-derecho-y-del-master-de-acceso-a-la-abogacia-reciben-diploma-por-su-labor-en-las-asesorias-juridicas-de-la-casa-de-la-juventud\/"},"author":{"name":"La Gu\u00eda de Pamplona","@id":"https:\/\/www.laguiadepamplona.com\/actualidad\/#\/schema\/person\/efe887376f0213d4657c93adc50b1fdb"},"headline":"Diez estudiantes de Derecho y del M\u00e1ster de Acceso a la Abogac\u00eda reciben diploma por su labor en las asesor\u00edas jur\u00eddicas de la Casa de la Juventud","datePublished":"2024-04-25T14:57:43+00:00","mainEntityOfPage":{"@id":"https:\/\/www.laguiadepamplona.com\/actualidad\/diez-estudiantes-de-derecho-y-del-master-de-acceso-a-la-abogacia-reciben-diploma-por-su-labor-en-las-asesorias-juridicas-de-la-casa-de-la-juventud\/"},"wordCount":727,"commentCount":0,"publisher":{"@id":"https:\/\/www.laguiadepamplona.com\/actualidad\/#organization"},"image":{"@id":"https:\/\/www.laguiadepamplona.com\/actualidad\/diez-estudiantes-de-derecho-y-del-master-de-acceso-a-la-abogacia-reciben-diploma-por-su-labor-en-las-asesorias-juridicas-de-la-casa-de-la-juventud\/#primaryimage"},"thumbnailUrl":"https:\/\/www.laguiadepamplona.com\/actualidad\/wp-content\/uploads\/2024\/04\/24.04.25-practicas-derecho.webp","articleSection":["Ayto Pamplona"],"inLanguage":"es","potentialAction":[{"@type":"CommentAction","name":"Comment","target":["https:\/\/www.laguiadepamplona.com\/actualidad\/diez-estudiantes-de-derecho-y-del-master-de-acceso-a-la-abogacia-reciben-diploma-por-su-labor-en-las-asesorias-juridicas-de-la-casa-de-la-juventud\/#respond"]}]},{"@type":"WebPage","@id":"https:\/\/www.laguiadepamplona.com\/actualidad\/diez-estudiantes-de-derecho-y-del-master-de-acceso-a-la-abogacia-reciben-diploma-por-su-labor-en-las-asesorias-juridicas-de-la-casa-de-la-juventud\/","url":"https:\/\/www.laguiadepamplona.com\/actualidad\/diez-estudiantes-de-derecho-y-del-master-de-acceso-a-la-abogacia-reciben-diploma-por-su-labor-en-las-asesorias-juridicas-de-la-casa-de-la-juventud\/","name":"Diez estudiantes de Derecho y del M\u00e1ster de Acceso a la Abogac\u00eda reciben diploma por su labor en las asesor\u00edas jur\u00eddicas de la Casa de la Juventud","isPartOf":{"@id":"https:\/\/www.laguiadepamplona.com\/actualidad\/#website"},"primaryImageOfPage":{"@id":"https:\/\/www.laguiadepamplona.com\/actualidad\/diez-estudiantes-de-derecho-y-del-master-de-acceso-a-la-abogacia-reciben-diploma-por-su-labor-en-las-asesorias-juridicas-de-la-casa-de-la-juventud\/#primaryimage"},"image":{"@id":"https:\/\/www.laguiadepamplona.com\/actualidad\/diez-estudiantes-de-derecho-y-del-master-de-acceso-a-la-abogacia-reciben-diploma-por-su-labor-en-las-asesorias-juridicas-de-la-casa-de-la-juventud\/#primaryimage"},"thumbnailUrl":"https:\/\/www.laguiadepamplona.com\/actualidad\/wp-content\/uploads\/2024\/04\/24.04.25-practicas-derecho.webp","datePublished":"2024-04-25T14:57:43+00:00","description":"Sus pr\u00e1cticas son fruto de convenios de colaboraci\u00f3n con la Fundaci\u00f3n Empresa \u2013 Universidad de Navarra y el Colegio de Abogados de Pamplona","breadcrumb":{"@id":"https:\/\/www.laguiadepamplona.com\/actualidad\/diez-estudiantes-de-derecho-y-del-master-de-acceso-a-la-abogacia-reciben-diploma-por-su-labor-en-las-asesorias-juridicas-de-la-casa-de-la-juventud\/#breadcrumb"},"inLanguage":"es","potentialAction":[{"@type":"ReadAction","target":["https:\/\/www.laguiadepamplona.com\/actualidad\/diez-estudiantes-de-derecho-y-del-master-de-acceso-a-la-abogacia-reciben-diploma-por-su-labor-en-las-asesorias-juridicas-de-la-casa-de-la-juventud\/"]}]},{"@type":"ImageObject","inLanguage":"es","@id":"https:\/\/www.laguiadepamplona.com\/actualidad\/diez-estudiantes-de-derecho-y-del-master-de-acceso-a-la-abogacia-reciben-diploma-por-su-labor-en-las-asesorias-juridicas-de-la-casa-de-la-juventud\/#primaryimage","url":"https:\/\/www.laguiadepamplona.com\/actualidad\/wp-content\/uploads\/2024\/04\/24.04.25-practicas-derecho.webp","contentUrl":"https:\/\/www.laguiadepamplona.com\/actualidad\/wp-content\/uploads\/2024\/04\/24.04.25-practicas-derecho.webp","width":1200,"height":800,"caption":"practicas de derecho"},{"@type":"BreadcrumbList","@id":"https:\/\/www.laguiadepamplona.com\/actualidad\/diez-estudiantes-de-derecho-y-del-master-de-acceso-a-la-abogacia-reciben-diploma-por-su-labor-en-las-asesorias-juridicas-de-la-casa-de-la-juventud\/#breadcrumb","itemListElement":[{"@type":"ListItem","position":1,"name":"Portada","item":"https:\/\/www.laguiadepamplona.com\/actualidad\/"},{"@type":"ListItem","position":2,"name":"Diez estudiantes de Derecho y del M\u00e1ster de Acceso a la Abogac\u00eda reciben diploma por su labor en las asesor\u00edas jur\u00eddicas de la Casa de la Juventud"}]},{"@type":"WebSite","@id":"https:\/\/www.laguiadepamplona.com\/actualidad\/#website","url":"https:\/\/www.laguiadepamplona.com\/actualidad\/","name":"La gu\u00eda de Pamplona","description":"Noticias de Pamplona","publisher":{"@id":"https:\/\/www.laguiadepamplona.com\/actualidad\/#organization"},"potentialAction":[{"@type":"SearchAction","target":{"@type":"EntryPoint","urlTemplate":"https:\/\/www.laguiadepamplona.com\/actualidad\/?s={search_term_string}"},"query-input":{"@type":"PropertyValueSpecification","valueRequired":true,"valueName":"search_term_string"}}],"inLanguage":"es"},{"@type":"Organization","@id":"https:\/\/www.laguiadepamplona.com\/actualidad\/#organization","name":"La Gu\u00eda de Pamplona \/ Noticias","url":"https:\/\/www.laguiadepamplona.com\/actualidad\/","logo":{"@type":"ImageObject","inLanguage":"es","@id":"https:\/\/www.laguiadepamplona.com\/actualidad\/#\/schema\/logo\/image\/","url":"https:\/\/www.laguiadepamplona.com\/actualidad\/wp-content\/uploads\/2018\/11\/logo-laguiadepamplona18-web1.png","contentUrl":"https:\/\/www.laguiadepamplona.com\/actualidad\/wp-content\/uploads\/2018\/11\/logo-laguiadepamplona18-web1.png","width":600,"height":196,"caption":"La Gu\u00eda de Pamplona \/ Noticias"},"image":{"@id":"https:\/\/www.laguiadepamplona.com\/actualidad\/#\/schema\/logo\/image\/"},"sameAs":["https:\/\/www.facebook.com\/laguiadepamplonacom-133175176762273\/?ref=hl","https:\/\/x.com\/LaGuiadPamplona","https:\/\/www.instagram.com\/la_guia_de_pamplona\/","https:\/\/www.youtube.com\/user\/laguiadepamplona"]},{"@type":"Person","@id":"https:\/\/www.laguiadepamplona.com\/actualidad\/#\/schema\/person\/efe887376f0213d4657c93adc50b1fdb","name":"La Gu\u00eda de Pamplona","image":{"@type":"ImageObject","inLanguage":"es","@id":"https:\/\/secure.gravatar.com\/avatar\/b6992f131dc8d30ab0dff15446e9d346d9dbd95992de0fef795073f5ea83a81c?s=96&d=mm&r=g","url":"https:\/\/secure.gravatar.com\/avatar\/b6992f131dc8d30ab0dff15446e9d346d9dbd95992de0fef795073f5ea83a81c?s=96&d=mm&r=g","contentUrl":"https:\/\/secure.gravatar.com\/avatar\/b6992f131dc8d30ab0dff15446e9d346d9dbd95992de0fef795073f5ea83a81c?s=96&d=mm&r=g","caption":"La Gu\u00eda de Pamplona"}}]}},"post_mailing_queue_ids":[],"_links":{"self":[{"href":"https:\/\/www.laguiadepamplona.com\/actualidad\/wp-json\/wp\/v2\/posts\/49504","targetHints":{"allow":["GET"]}}],"collection":[{"href":"https:\/\/www.laguiadepamplona.com\/actualidad\/wp-json\/wp\/v2\/posts"}],"about":[{"href":"https:\/\/www.laguiadepamplona.com\/actualidad\/wp-json\/wp\/v2\/types\/post"}],"author":[{"embeddable":true,"href":"https:\/\/www.laguiadepamplona.com\/actualidad\/wp-json\/wp\/v2\/users\/1"}],"replies":[{"embeddable":true,"href":"https:\/\/www.laguiadepamplona.com\/actualidad\/wp-json\/wp\/v2\/comments?post=49504"}],"version-history":[{"count":1,"href":"https:\/\/www.laguiadepamplona.com\/actualidad\/wp-json\/wp\/v2\/posts\/49504\/revisions"}],"predecessor-version":[{"id":49506,"href":"https:\/\/www.laguiadepamplona.com\/actualidad\/wp-json\/wp\/v2\/posts\/49504\/revisions\/49506"}],"wp:featuredmedia":[{"embeddable":true,"href":"https:\/\/www.laguiadepamplona.com\/actualidad\/wp-json\/wp\/v2\/media\/49505"}],"wp:attachment":[{"href":"https:\/\/www.laguiadepamplona.com\/actualidad\/wp-json\/wp\/v2\/media?parent=49504"}],"wp:term":[{"taxonomy":"category","embeddable":true,"href":"https:\/\/www.laguiadepamplona.com\/actualidad\/wp-json\/wp\/v2\/categories?post=49504"},{"taxonomy":"post_tag","embeddable":true,"href":"https:\/\/www.laguiadepamplona.com\/actualidad\/wp-json\/wp\/v2\/tags?post=49504"}],"curies":[{"name":"wp","href":"https:\/\/api.w.org\/{rel}","templated":true}]}}