{"id":49487,"date":"2024-04-24T18:02:35","date_gmt":"2024-04-24T16:02:35","guid":{"rendered":"https:\/\/www.laguiadepamplona.com\/actualidad\/?p=49487"},"modified":"2024-04-24T18:02:35","modified_gmt":"2024-04-24T16:02:35","slug":"cinco-empresas-seleccionadas-por-su-experiencia-y-trayectoria-competiran-ante-un-jurado-por-el-rediseno-del-paseo-de-sarasate-y-sus-calles-adyacentes","status":"publish","type":"post","link":"https:\/\/www.laguiadepamplona.com\/actualidad\/cinco-empresas-seleccionadas-por-su-experiencia-y-trayectoria-competiran-ante-un-jurado-por-el-rediseno-del-paseo-de-sarasate-y-sus-calles-adyacentes\/","title":{"rendered":"Cinco empresas seleccionadas por su experiencia y trayectoria competir\u00e1n ante un jurado por el redise\u00f1o del paseo de Sarasate y sus calles adyacentes"},"content":{"rendered":"<h2>Plataforma \u00fanica con accesibilidad total, mantener el arbolado y el eje verde, permeabilidad transversal e integraci\u00f3n de elementos escult\u00f3ricos, objetivos de un concurso que se prev\u00e9 que est\u00e9 resuelto en octubre<\/h2>\n<p><!--more--><\/p>\n<p>La reurbanizaci\u00f3n del paseo de Sarasate y sus calles adyacentes se llevar\u00e1 a cabo mediante un concurso de proyectos restringido a cinco empresas seleccionadas por su experiencia y trayectoria profesional que se prev\u00e9 que se resuelva en el mes de octubre. Los equipos redactores presentar\u00e1n sus propuestas para un espacio que busca su accesibilidad total en plataforma \u00fanica, la permeabilidad transversal del paseo, el mantenimiento del arbolado y su consolidaci\u00f3n como eje verde y la integraci\u00f3n de elementos escult\u00f3ricos singulares, como la estatua de los Fueros, una futura estatua de Pablo Sarasate y obras representativas de la escultura en Navarra.<\/p>\n<p>El concurso se desarrollar\u00e1 en dos fases. La primera buscar\u00e1 la selecci\u00f3n de los cinco equipos participantes entre todas aquellas empresas o profesionales que se presenten y cumplan los requisitos establecidos. Lo que se valorar\u00e1 ser\u00e1 su experiencia en este tipo de actuaciones y la trayectoria que les avale a la hora de ejecutarlas. Los cinco equipos seleccionados recibir\u00e1n 30.000 euros de premio para redactar sus propuestas.<\/p>\n<p>La segunda fase ser\u00e1 la de presentaci\u00f3n de esas propuestas ya concretadas que ser\u00e1n evaluadas por el jurado. Esta segunda fase ser\u00e1 an\u00f3nima y \u00fanicamente habr\u00e1 una ganadora. El equipo ganador recibir\u00e1 como premio el encargo de la redacci\u00f3n del proyecto de urbanizaci\u00f3n de Sarasate y, en su caso, la direcci\u00f3n de unas obras que se estima que tendr\u00e1n un presupuesto m\u00e1ximo de ejecuci\u00f3n de 10,2 millones. Los trabajos tienen un plazo de ejecuci\u00f3n de 15 meses.<\/p>\n<p>La Comisi\u00f3n de Urbanismo ha conocido esta ma\u00f1ana el borrador de este concurso de proyectos cuyo \u00e1mbito de actuaci\u00f3n abarca unos 24.000 m2 comprendidos por el propio espacio del paseo, as\u00ed como las calle Alh\u00f3ndiga, V\u00ednculo y Garc\u00eda Casta\u00f1\u00f3n hasta la calle Estella, as\u00ed como la calle Concepci\u00f3n Fern\u00e1ndez Arenas y la calle San Ignacio, en el frente de los jardines del Palacio de Navarra. En estos trabajos, el Ayuntamiento de Pamplona y la Mancomunidad de la Comarca de Pamplona colaborar\u00e1n puesto que incluyen la renovaci\u00f3n de las redes de abastecimiento.<br \/>\n<script async src=\"\/\/pagead2.googlesyndication.com\/pagead\/js\/adsbygoogle.js\"><\/script><br \/>\n<!-- Noticias La Guia de Pamplona --><br \/>\n<ins class=\"adsbygoogle\"\nstyle=\"display:block\"\ndata-ad-client=\"ca-pub-6943679897239327\"\ndata-ad-slot=\"7048180777\"\ndata-ad-format=\"auto\"><\/ins><br \/>\n<script>\n(adsbygoogle = window.adsbygoogle || []).push({});\n<\/script><br \/>\n<strong>Objetivos: evitar el actual efecto barrera y mantener el arbolado como un eje verde<\/strong><\/p>\n<p>El objetivo general de la actuaci\u00f3n es la apuesta por establecer una relaci\u00f3n definitiva entre el Casco Antiguo y los Ensanches que evite el actual efecto barrera que se llega a producir en diversos puntos del paseo de Sarasate. Las propuestas deben ser capaces de generar diferentes zonas de actividad dirigidas a diferentes perfiles de poblaci\u00f3n, fomentando su actividad comercial y garantizando su compatibilidad con el concepto de paseo recreativo y el uso estancial. Todo ello, con la consiguiente justificaci\u00f3n de la viabilidad y racionalidad t\u00e9cnica y econ\u00f3mica de las actuaciones que se prevean<a name=\"_Toc164342728\"><\/a>.<a name=\"_Toc164342729\"><\/a><\/p>\n<p>Las propuestas tendr\u00e1n libertad de actuaci\u00f3n total en el \u00e1mbito, pero deber\u00e1n justificarse y armonizarse las necesidades derivadas de la movilidad en la zona, tanto los tr\u00e1nsitos peatonales y ciclistas en busca de una mejor permeabilidad transversal del paseo como los del transporte p\u00fablico con las paradas de villavesa y los circuitos de veh\u00edculos privados para accesos puntuales como apeadero y necesidades vecinales. De esta forma, se busca resolver las necesidades de movilidad del \u00e1mbito y promover un espacio accesible en su totalidad.<\/p>\n<p>El paseo de Sarasate se deber\u00e1 mantener como eje verde con un car\u00e1cter de refugio clim\u00e1tico, evitando la creaci\u00f3n de islas de calor y empleando materiales de bajo impacto ambiental. Para ello se preservar\u00e1 la alineaci\u00f3n y el actual arbolado y, en el caso de que se realice alg\u00fan apeo puntual, deber\u00e1 estar debidamente justificado y avalado por el servicio de jardines. El paseo cuenta en la actualidad con una infraestructura verde consolidada sobre un eje vertebrador de alineaciones arboladas de las especies <em>Celtis australis, Tilia tomentosa<\/em> y <em>Tilia cordata \u2018Greenspire\u2019<\/em>, protegidas en Grado 2 por el Plan Municipal de Pamplona.<br \/>\n<script async src=\"\/\/pagead2.googlesyndication.com\/pagead\/js\/adsbygoogle.js\"><\/script><br \/>\n<!-- Noticias La Guia de Pamplona --><br \/>\n<ins class=\"adsbygoogle\"\nstyle=\"display:block\"\ndata-ad-client=\"ca-pub-6943679897239327\"\ndata-ad-slot=\"7048180777\"\ndata-ad-format=\"auto\"><\/ins><br \/>\n<script>\n(adsbygoogle = window.adsbygoogle || []).push({});\n<\/script><br \/>\n<strong>Nueva estatua de Pablo Sarasate y obras referenciales de la escultura en Navarra<\/strong><\/p>\n<p>El paseo de Sarasate cuenta con una serie de elementos y aspectos que condicionan el dise\u00f1o de la propuesta. Los equipos redactores deber\u00e1n prestar especial atenci\u00f3n al entorno de la iglesia de San Nicol\u00e1s; a la estatua de los Fueros; a la futura estatua de Pablo Sarasate para la que el Ayuntamiento de Pamplona convocar\u00e1 un concurso y a la integraci\u00f3n de hasta tres obras referenciales de la escultura en Navarra.<\/p>\n<p>Por otro lado, la renovaci\u00f3n de las redes de abastecimiento comprender\u00e1 tanto la sustituci\u00f3n de las tuber\u00edas existentes en las diferentes calles a reurbanizar y el traslado de un colector de 1895, que discurre por debajo del parterre norte y por debajo de la estatua de los Fueros. Respecto al saneamiento, se renovar\u00e1n las antiguas canalizaciones y se implementar\u00e1 una red separativa, con colectores de pluviales y fecales en paralelo. El Ayuntamiento de Pamplona aprovechar\u00e1 para recoger las bajantes de pluviales con colectores que se conecten a pozos de registro existentes o mediante la inclusi\u00f3n en el proyecto de sistemas de drenaje sostenible (SUDS).<\/p>\n<p>Asimismo, se deber\u00e1n tener en cuenta la clausura de los aseos p\u00fablicos subterr\u00e1neos y la implantaci\u00f3n de aseos autolimpiables con urinarios. Los ed\u00edculos de esos aseos se aprovechar\u00e1n para reubicar los centros de control y de riego y electricidad. Por \u00faltimo, se recolocar\u00e1n las dos cabinas existentes de la ONCE.<br \/>\n<script async src=\"\/\/pagead2.googlesyndication.com\/pagead\/js\/adsbygoogle.js\"><\/script><br \/>\n<!-- Noticias La Guia de Pamplona --><br \/>\n<ins class=\"adsbygoogle\"\nstyle=\"display:block\"\ndata-ad-client=\"ca-pub-6943679897239327\"\ndata-ad-slot=\"7048180777\"\ndata-ad-format=\"auto\"><\/ins><br \/>\n<script>\n(adsbygoogle = window.adsbygoogle || []).push({});\n<\/script><br \/>\n<strong>Accesibilidad total de los espacios<\/strong><\/p>\n<p>El nuevo paseo de Sarasate deber\u00e1 priorizar la accesibilidad total de los espacios desde la perspectiva de plataforma \u00fanica, permitiendo salvar las diferentes cotas del paseo y su entorno de la manera m\u00e1s fluida posible. Se trata de salvar escalones y saltos de cota innecesarios y permitir paseos fluidos por todos los espacios, evitando que las personas con movilidad reducida deban hacer desplazamientos adicionales para poder acceder a todas las zonas.<\/p>\n<p>Los equipos seleccionados deber\u00e1n estudiar la diferencia de cota entre la acera norte y la plataforma central del paseo, especialmente sensible por la presencia de alineaciones arboladas protegidas de medio y gran porte. Se deber\u00e1n plantear soluciones que resuelvan esa diferencia de cota para favorecer la conexi\u00f3n transversal y, a la vez, faciliten la implantaci\u00f3n de nuevos usos. Debido al car\u00e1cter longitudinal del lado norte, se deber\u00e1 realizar tambi\u00e9n un dise\u00f1o de los espacios que permita una f\u00e1cil circulaci\u00f3n de los veh\u00edculos de emergencias, de limpieza y, espor\u00e1dicamente, de vecinos y vecinas. <a name=\"_Toc164342733\"><\/a><\/p>\n<p>Asimismo, se deber\u00e1 poner especial atenci\u00f3n a la generaci\u00f3n en la propuesta de diferentes zonas de actividad dirigidas a diferentes estratos de la poblaci\u00f3n, fomentando su actividad comercial y garantizando su compatibilidad con el paseo recreativo y el uso estancial. El proyecto deber\u00e1 permitir la instalaci\u00f3n de la T\u00f3mbola de C\u00e1ritas que hist\u00f3ricamente se coloca en el paseo desde finales del mes de mayo hasta las fiestas de San Ferm\u00edn.<br \/>\n<script async src=\"\/\/pagead2.googlesyndication.com\/pagead\/js\/adsbygoogle.js\"><\/script><br \/>\n<!-- Noticias La Guia de Pamplona --><br \/>\n<ins class=\"adsbygoogle\"\nstyle=\"display:block\"\ndata-ad-client=\"ca-pub-6943679897239327\"\ndata-ad-slot=\"7048180777\"\ndata-ad-format=\"auto\"><\/ins><br \/>\n<script>\n(adsbygoogle = window.adsbygoogle || []).push({});\n<\/script><br \/>\n<strong>Una comisi\u00f3n t\u00e9cnica seleccionar\u00e1 a los participantes<\/strong><\/p>\n<p>A la primera fase, la de selecci\u00f3n de participantes podr\u00e1n presentarse personas naturales o jur\u00eddicas, espa\u00f1olas o extranjeras, que teniendo plena capacidad de obrar no se hallen comprendidas en alguna de las prohibiciones o incompatibilidades establecidas en la Ley Foral de Contratos ni en situaci\u00f3n de conflicto de intereses. Quienes re\u00fanan las condiciones requeridas podr\u00e1n participar individualmente o en participaci\u00f3n conjunta. Cada participante s\u00f3lo podr\u00e1 formar parte de un \u00fanico equipo.<\/p>\n<p>Los equipos participantes estar\u00e1n liderados por una persona con atribuciones profesionales para asumir el contrato y deber\u00e1n contar adem\u00e1s con una persona con titulaci\u00f3n de arquitectura t\u00e9cnica; una persona con titulaci\u00f3n de arquitectura y\/o ingenier\u00eda que tenga atribuciones para firmar proyectos de instalaciones urbanas; y una persona experta y cualificada en materia de arboricultura urbana moderna, formada en materia de paisajismo y de obra p\u00fablica de ajardinamiento. Se permitir\u00e1 que una misma persona pueda realizar varias de las funciones anteriores si cuenta con titulaci\u00f3n suficiente para ello. Como solvencia t\u00e9cnica o profesional se exigir\u00e1 experiencia contrastada en redacci\u00f3n y direcci\u00f3n de obras de reurbanizaci\u00f3n en ciudad consolidada.<\/p>\n<p>La decisi\u00f3n de los cinco equipos finalistas la tomar\u00e1 un \u00f3rgano colegiado de selecci\u00f3n presidido por el concejal delegado de Ciudad Habitable y Sostenible, Borja Izagirre. Estar\u00e1 conformado, adem\u00e1s, por la directora de Proyectos Estrat\u00e9gicos y Movilidad, dos arquitectos o arquitectas municipales y una secretar\u00eda. En esta primera fase, el jurado valorar\u00e1 la experiencia espec\u00edfica en la redacci\u00f3n de proyectos de reurbanizaci\u00f3n de paseos o plazas en espacios urbanos consolidados y premios a la obra ejecutada o a la trayectoria de los autores o autoras.<br \/>\n<script async src=\"\/\/pagead2.googlesyndication.com\/pagead\/js\/adsbygoogle.js\"><\/script><br \/>\n<!-- Noticias La Guia de Pamplona --><br \/>\n<ins class=\"adsbygoogle\"\nstyle=\"display:block\"\ndata-ad-client=\"ca-pub-6943679897239327\"\ndata-ad-slot=\"7048180777\"\ndata-ad-format=\"auto\"><\/ins><br \/>\n<script>\n(adsbygoogle = window.adsbygoogle || []).push({});\n<\/script><br \/>\n<strong>Un jurado presidido por el alcalde valorar\u00e1 las propuestas, que ser\u00e1n an\u00f3nimas<\/strong><\/p>\n<p>La segunda fase que seleccionar\u00e1 finalmente el proyecto ganador contar\u00e1 con un jurado compuesto por ocho personas, adem\u00e1s de una secretar\u00eda con voz, pero sin voto. Estar\u00e1 presidido por el alcalde de Pamplona, Joseba Asiron, y contar\u00e1 con las vicepresidencias de los concejales delegados de Ciudad Habitable y Sostenible y de Gobierno Estrat\u00e9gico, Urbanismo, Vivienda y Agenda 2030, Borja Izagirre y Joxe Abaurrea, respectivamente.<\/p>\n<p>Como vocales, actuar\u00e1n la directora del \u00e1rea de Proyectos Estrat\u00e9gicos y Movilidad y cuatro arquitectos o arquitectas del \u00e1rea de Proyectos Estrat\u00e9gicos, de la Gerencia de Urbanismo, del Colegio Oficial de Arquitectos Vasco-Navarro (COAVN) y de la Escuela T\u00e9cnica Superior de Arquitectura de la Universidad de Navarra (ETSAUN).<\/p>\n<p>Participar\u00e1n con voz, pero sin voto, el director de Conservaci\u00f3n Urbana y Sanidad del Ayuntamiento de Pamplona, un t\u00e9cnico o t\u00e9cnica municipal del Servicio de Jardines, dos representantes de la Mancomunidad de la Comarca de Pamplona (servicios de transportes y residuos) y una persona experta en escultura en Navarra.<\/p>\n<p>Los cinco equipos finalistas presentar\u00e1n sus propuestas de manera an\u00f3nima con lema. Tendr\u00e1n un plazo m\u00ednimo de dos meses, a partir del env\u00edo de las invitaciones para concurrir a esta segunda fase, para presentar sus propuestas. La valoraci\u00f3n del jurado se centrar\u00e1 en la calidad global de las propuestas. Se tendr\u00e1 en cuenta la propuesta razonada sobre la nueva conformaci\u00f3n del espacio p\u00fablico, accesibilidad y consolidaci\u00f3n del eje verde (60 puntos), la propuesta razonada con la relaci\u00f3n del espacio con las necesidades de movilidad (20 puntos), la propuesta de actuaci\u00f3n sobre la situaci\u00f3n y encaje de las esculturas propuestas, la estatua de Los Fueros y la estatua de Pablo Sarasate (10 puntos) y la viabilidad t\u00e9cnica y econ\u00f3mica de la propuesta (10 puntos).<\/p>\n<p>El coste total del concurso asciende a 150.000 euros de los cinco premios para los equipos finalistas. El posterior contrato, adjudicado al equipo ganador del concurso, supondr\u00e1 254.100 euros de redacci\u00f3n del proyecto y otros 254.100 euros de la direcci\u00f3n de obra, condicionados a la ejecuci\u00f3n de la misma.<\/p>\n","protected":false},"excerpt":{"rendered":"<p>Plataforma \u00fanica con accesibilidad total, mantener el arbolado y el eje verde, permeabilidad transversal e integraci\u00f3n de elementos escult\u00f3ricos, objetivos de un concurso que se prev\u00e9 que est\u00e9 resuelto en&#8230;<\/p>\n","protected":false},"author":1,"featured_media":36569,"comment_status":"open","ping_status":"closed","sticky":false,"template":"","format":"standard","meta":{"footnotes":""},"categories":[2],"tags":[],"class_list":["post-49487","post","type-post","status-publish","format-standard","has-post-thumbnail","hentry","category-ayuntamiento-pamplona"],"yoast_head":"<!-- This site is optimized with the Yoast SEO plugin v27.3 - https:\/\/yoast.com\/product\/yoast-seo-wordpress\/ -->\n<title>Cinco empresas seleccionadas por su experiencia y trayectoria competir\u00e1n ante un jurado por el redise\u00f1o del paseo de Sarasate y sus calles adyacentes<\/title>\n<meta name=\"description\" content=\"Plataforma \u00fanica con accesibilidad total, mantener el arbolado y el eje verde, permeabilidad transversal e integraci\u00f3n de elementos\" \/>\n<meta name=\"robots\" content=\"index, follow, max-snippet:-1, max-image-preview:large, max-video-preview:-1\" \/>\n<link rel=\"canonical\" href=\"https:\/\/www.laguiadepamplona.com\/actualidad\/cinco-empresas-seleccionadas-por-su-experiencia-y-trayectoria-competiran-ante-un-jurado-por-el-rediseno-del-paseo-de-sarasate-y-sus-calles-adyacentes\/\" \/>\n<meta property=\"og:locale\" content=\"es_ES\" \/>\n<meta property=\"og:type\" content=\"article\" \/>\n<meta property=\"og:title\" content=\"Cinco empresas seleccionadas por su experiencia y trayectoria competir\u00e1n ante un jurado por el redise\u00f1o del paseo de Sarasate y sus calles adyacentes\" \/>\n<meta property=\"og:description\" content=\"Plataforma \u00fanica con accesibilidad total, mantener el arbolado y el eje verde, permeabilidad transversal e integraci\u00f3n de elementos\" \/>\n<meta property=\"og:url\" content=\"https:\/\/www.laguiadepamplona.com\/actualidad\/cinco-empresas-seleccionadas-por-su-experiencia-y-trayectoria-competiran-ante-un-jurado-por-el-rediseno-del-paseo-de-sarasate-y-sus-calles-adyacentes\/\" \/>\n<meta property=\"og:site_name\" content=\"La Gu\u00eda de Pamplona\" \/>\n<meta property=\"article:publisher\" content=\"https:\/\/www.facebook.com\/laguiadepamplonacom-133175176762273\/?ref=hl\" \/>\n<meta property=\"article:published_time\" content=\"2024-04-24T16:02:35+00:00\" \/>\n<meta property=\"og:image\" content=\"https:\/\/www.laguiadepamplona.com\/actualidad\/wp-content\/uploads\/2021\/09\/paseo-sarasate-pamplona.jpg\" \/>\n\t<meta property=\"og:image:width\" content=\"1920\" \/>\n\t<meta property=\"og:image:height\" content=\"1280\" \/>\n\t<meta property=\"og:image:type\" content=\"image\/jpeg\" \/>\n<meta name=\"author\" content=\"La Gu\u00eda de Pamplona\" \/>\n<meta name=\"twitter:card\" content=\"summary_large_image\" \/>\n<meta name=\"twitter:creator\" content=\"@LaGuiadPamplona\" \/>\n<meta name=\"twitter:site\" content=\"@LaGuiadPamplona\" \/>\n<meta name=\"twitter:label1\" content=\"Escrito por\" \/>\n\t<meta name=\"twitter:data1\" content=\"La Gu\u00eda de Pamplona\" \/>\n\t<meta name=\"twitter:label2\" content=\"Tiempo de lectura\" \/>\n\t<meta name=\"twitter:data2\" content=\"9 minutos\" \/>\n<script type=\"application\/ld+json\" class=\"yoast-schema-graph\">{\"@context\":\"https:\\\/\\\/schema.org\",\"@graph\":[{\"@type\":\"Article\",\"@id\":\"https:\\\/\\\/www.laguiadepamplona.com\\\/actualidad\\\/cinco-empresas-seleccionadas-por-su-experiencia-y-trayectoria-competiran-ante-un-jurado-por-el-rediseno-del-paseo-de-sarasate-y-sus-calles-adyacentes\\\/#article\",\"isPartOf\":{\"@id\":\"https:\\\/\\\/www.laguiadepamplona.com\\\/actualidad\\\/cinco-empresas-seleccionadas-por-su-experiencia-y-trayectoria-competiran-ante-un-jurado-por-el-rediseno-del-paseo-de-sarasate-y-sus-calles-adyacentes\\\/\"},\"author\":{\"name\":\"La Gu\u00eda de Pamplona\",\"@id\":\"https:\\\/\\\/www.laguiadepamplona.com\\\/actualidad\\\/#\\\/schema\\\/person\\\/efe887376f0213d4657c93adc50b1fdb\"},\"headline\":\"Cinco empresas seleccionadas por su experiencia y trayectoria competir\u00e1n ante un jurado por el redise\u00f1o del paseo de Sarasate y sus calles adyacentes\",\"datePublished\":\"2024-04-24T16:02:35+00:00\",\"mainEntityOfPage\":{\"@id\":\"https:\\\/\\\/www.laguiadepamplona.com\\\/actualidad\\\/cinco-empresas-seleccionadas-por-su-experiencia-y-trayectoria-competiran-ante-un-jurado-por-el-rediseno-del-paseo-de-sarasate-y-sus-calles-adyacentes\\\/\"},\"wordCount\":1907,\"commentCount\":0,\"publisher\":{\"@id\":\"https:\\\/\\\/www.laguiadepamplona.com\\\/actualidad\\\/#organization\"},\"image\":{\"@id\":\"https:\\\/\\\/www.laguiadepamplona.com\\\/actualidad\\\/cinco-empresas-seleccionadas-por-su-experiencia-y-trayectoria-competiran-ante-un-jurado-por-el-rediseno-del-paseo-de-sarasate-y-sus-calles-adyacentes\\\/#primaryimage\"},\"thumbnailUrl\":\"https:\\\/\\\/www.laguiadepamplona.com\\\/actualidad\\\/wp-content\\\/uploads\\\/2021\\\/09\\\/paseo-sarasate-pamplona.jpg\",\"articleSection\":[\"Ayto Pamplona\"],\"inLanguage\":\"es\",\"potentialAction\":[{\"@type\":\"CommentAction\",\"name\":\"Comment\",\"target\":[\"https:\\\/\\\/www.laguiadepamplona.com\\\/actualidad\\\/cinco-empresas-seleccionadas-por-su-experiencia-y-trayectoria-competiran-ante-un-jurado-por-el-rediseno-del-paseo-de-sarasate-y-sus-calles-adyacentes\\\/#respond\"]}]},{\"@type\":\"WebPage\",\"@id\":\"https:\\\/\\\/www.laguiadepamplona.com\\\/actualidad\\\/cinco-empresas-seleccionadas-por-su-experiencia-y-trayectoria-competiran-ante-un-jurado-por-el-rediseno-del-paseo-de-sarasate-y-sus-calles-adyacentes\\\/\",\"url\":\"https:\\\/\\\/www.laguiadepamplona.com\\\/actualidad\\\/cinco-empresas-seleccionadas-por-su-experiencia-y-trayectoria-competiran-ante-un-jurado-por-el-rediseno-del-paseo-de-sarasate-y-sus-calles-adyacentes\\\/\",\"name\":\"Cinco empresas seleccionadas por su experiencia y trayectoria competir\u00e1n ante un jurado por el redise\u00f1o del paseo de Sarasate y sus calles adyacentes\",\"isPartOf\":{\"@id\":\"https:\\\/\\\/www.laguiadepamplona.com\\\/actualidad\\\/#website\"},\"primaryImageOfPage\":{\"@id\":\"https:\\\/\\\/www.laguiadepamplona.com\\\/actualidad\\\/cinco-empresas-seleccionadas-por-su-experiencia-y-trayectoria-competiran-ante-un-jurado-por-el-rediseno-del-paseo-de-sarasate-y-sus-calles-adyacentes\\\/#primaryimage\"},\"image\":{\"@id\":\"https:\\\/\\\/www.laguiadepamplona.com\\\/actualidad\\\/cinco-empresas-seleccionadas-por-su-experiencia-y-trayectoria-competiran-ante-un-jurado-por-el-rediseno-del-paseo-de-sarasate-y-sus-calles-adyacentes\\\/#primaryimage\"},\"thumbnailUrl\":\"https:\\\/\\\/www.laguiadepamplona.com\\\/actualidad\\\/wp-content\\\/uploads\\\/2021\\\/09\\\/paseo-sarasate-pamplona.jpg\",\"datePublished\":\"2024-04-24T16:02:35+00:00\",\"description\":\"Plataforma \u00fanica con accesibilidad total, mantener el arbolado y el eje verde, permeabilidad transversal e integraci\u00f3n de elementos\",\"breadcrumb\":{\"@id\":\"https:\\\/\\\/www.laguiadepamplona.com\\\/actualidad\\\/cinco-empresas-seleccionadas-por-su-experiencia-y-trayectoria-competiran-ante-un-jurado-por-el-rediseno-del-paseo-de-sarasate-y-sus-calles-adyacentes\\\/#breadcrumb\"},\"inLanguage\":\"es\",\"potentialAction\":[{\"@type\":\"ReadAction\",\"target\":[\"https:\\\/\\\/www.laguiadepamplona.com\\\/actualidad\\\/cinco-empresas-seleccionadas-por-su-experiencia-y-trayectoria-competiran-ante-un-jurado-por-el-rediseno-del-paseo-de-sarasate-y-sus-calles-adyacentes\\\/\"]}]},{\"@type\":\"ImageObject\",\"inLanguage\":\"es\",\"@id\":\"https:\\\/\\\/www.laguiadepamplona.com\\\/actualidad\\\/cinco-empresas-seleccionadas-por-su-experiencia-y-trayectoria-competiran-ante-un-jurado-por-el-rediseno-del-paseo-de-sarasate-y-sus-calles-adyacentes\\\/#primaryimage\",\"url\":\"https:\\\/\\\/www.laguiadepamplona.com\\\/actualidad\\\/wp-content\\\/uploads\\\/2021\\\/09\\\/paseo-sarasate-pamplona.jpg\",\"contentUrl\":\"https:\\\/\\\/www.laguiadepamplona.com\\\/actualidad\\\/wp-content\\\/uploads\\\/2021\\\/09\\\/paseo-sarasate-pamplona.jpg\",\"width\":1920,\"height\":1280,\"caption\":\"paseo sarasate\"},{\"@type\":\"BreadcrumbList\",\"@id\":\"https:\\\/\\\/www.laguiadepamplona.com\\\/actualidad\\\/cinco-empresas-seleccionadas-por-su-experiencia-y-trayectoria-competiran-ante-un-jurado-por-el-rediseno-del-paseo-de-sarasate-y-sus-calles-adyacentes\\\/#breadcrumb\",\"itemListElement\":[{\"@type\":\"ListItem\",\"position\":1,\"name\":\"Portada\",\"item\":\"https:\\\/\\\/www.laguiadepamplona.com\\\/actualidad\\\/\"},{\"@type\":\"ListItem\",\"position\":2,\"name\":\"Cinco empresas seleccionadas por su experiencia y trayectoria competir\u00e1n ante un jurado por el redise\u00f1o del paseo de Sarasate y sus calles adyacentes\"}]},{\"@type\":\"WebSite\",\"@id\":\"https:\\\/\\\/www.laguiadepamplona.com\\\/actualidad\\\/#website\",\"url\":\"https:\\\/\\\/www.laguiadepamplona.com\\\/actualidad\\\/\",\"name\":\"La gu\u00eda de Pamplona\",\"description\":\"Noticias de Pamplona\",\"publisher\":{\"@id\":\"https:\\\/\\\/www.laguiadepamplona.com\\\/actualidad\\\/#organization\"},\"potentialAction\":[{\"@type\":\"SearchAction\",\"target\":{\"@type\":\"EntryPoint\",\"urlTemplate\":\"https:\\\/\\\/www.laguiadepamplona.com\\\/actualidad\\\/?s={search_term_string}\"},\"query-input\":{\"@type\":\"PropertyValueSpecification\",\"valueRequired\":true,\"valueName\":\"search_term_string\"}}],\"inLanguage\":\"es\"},{\"@type\":\"Organization\",\"@id\":\"https:\\\/\\\/www.laguiadepamplona.com\\\/actualidad\\\/#organization\",\"name\":\"La Gu\u00eda de Pamplona \\\/ Noticias\",\"url\":\"https:\\\/\\\/www.laguiadepamplona.com\\\/actualidad\\\/\",\"logo\":{\"@type\":\"ImageObject\",\"inLanguage\":\"es\",\"@id\":\"https:\\\/\\\/www.laguiadepamplona.com\\\/actualidad\\\/#\\\/schema\\\/logo\\\/image\\\/\",\"url\":\"https:\\\/\\\/www.laguiadepamplona.com\\\/actualidad\\\/wp-content\\\/uploads\\\/2018\\\/11\\\/logo-laguiadepamplona18-web1.png\",\"contentUrl\":\"https:\\\/\\\/www.laguiadepamplona.com\\\/actualidad\\\/wp-content\\\/uploads\\\/2018\\\/11\\\/logo-laguiadepamplona18-web1.png\",\"width\":600,\"height\":196,\"caption\":\"La Gu\u00eda de Pamplona \\\/ Noticias\"},\"image\":{\"@id\":\"https:\\\/\\\/www.laguiadepamplona.com\\\/actualidad\\\/#\\\/schema\\\/logo\\\/image\\\/\"},\"sameAs\":[\"https:\\\/\\\/www.facebook.com\\\/laguiadepamplonacom-133175176762273\\\/?ref=hl\",\"https:\\\/\\\/x.com\\\/LaGuiadPamplona\",\"https:\\\/\\\/www.instagram.com\\\/la_guia_de_pamplona\\\/\",\"https:\\\/\\\/www.youtube.com\\\/user\\\/laguiadepamplona\"]},{\"@type\":\"Person\",\"@id\":\"https:\\\/\\\/www.laguiadepamplona.com\\\/actualidad\\\/#\\\/schema\\\/person\\\/efe887376f0213d4657c93adc50b1fdb\",\"name\":\"La Gu\u00eda de Pamplona\",\"image\":{\"@type\":\"ImageObject\",\"inLanguage\":\"es\",\"@id\":\"https:\\\/\\\/secure.gravatar.com\\\/avatar\\\/b6992f131dc8d30ab0dff15446e9d346d9dbd95992de0fef795073f5ea83a81c?s=96&d=mm&r=g\",\"url\":\"https:\\\/\\\/secure.gravatar.com\\\/avatar\\\/b6992f131dc8d30ab0dff15446e9d346d9dbd95992de0fef795073f5ea83a81c?s=96&d=mm&r=g\",\"contentUrl\":\"https:\\\/\\\/secure.gravatar.com\\\/avatar\\\/b6992f131dc8d30ab0dff15446e9d346d9dbd95992de0fef795073f5ea83a81c?s=96&d=mm&r=g\",\"caption\":\"La Gu\u00eda de Pamplona\"}}]}<\/script>\n<!-- \/ Yoast SEO plugin. -->","yoast_head_json":{"title":"Cinco empresas seleccionadas por su experiencia y trayectoria competir\u00e1n ante un jurado por el redise\u00f1o del paseo de Sarasate y sus calles adyacentes","description":"Plataforma \u00fanica con accesibilidad total, mantener el arbolado y el eje verde, permeabilidad transversal e integraci\u00f3n de elementos","robots":{"index":"index","follow":"follow","max-snippet":"max-snippet:-1","max-image-preview":"max-image-preview:large","max-video-preview":"max-video-preview:-1"},"canonical":"https:\/\/www.laguiadepamplona.com\/actualidad\/cinco-empresas-seleccionadas-por-su-experiencia-y-trayectoria-competiran-ante-un-jurado-por-el-rediseno-del-paseo-de-sarasate-y-sus-calles-adyacentes\/","og_locale":"es_ES","og_type":"article","og_title":"Cinco empresas seleccionadas por su experiencia y trayectoria competir\u00e1n ante un jurado por el redise\u00f1o del paseo de Sarasate y sus calles adyacentes","og_description":"Plataforma \u00fanica con accesibilidad total, mantener el arbolado y el eje verde, permeabilidad transversal e integraci\u00f3n de elementos","og_url":"https:\/\/www.laguiadepamplona.com\/actualidad\/cinco-empresas-seleccionadas-por-su-experiencia-y-trayectoria-competiran-ante-un-jurado-por-el-rediseno-del-paseo-de-sarasate-y-sus-calles-adyacentes\/","og_site_name":"La Gu\u00eda de Pamplona","article_publisher":"https:\/\/www.facebook.com\/laguiadepamplonacom-133175176762273\/?ref=hl","article_published_time":"2024-04-24T16:02:35+00:00","og_image":[{"width":1920,"height":1280,"url":"https:\/\/www.laguiadepamplona.com\/actualidad\/wp-content\/uploads\/2021\/09\/paseo-sarasate-pamplona.jpg","type":"image\/jpeg"}],"author":"La Gu\u00eda de Pamplona","twitter_card":"summary_large_image","twitter_creator":"@LaGuiadPamplona","twitter_site":"@LaGuiadPamplona","twitter_misc":{"Escrito por":"La Gu\u00eda de Pamplona","Tiempo de lectura":"9 minutos"},"schema":{"@context":"https:\/\/schema.org","@graph":[{"@type":"Article","@id":"https:\/\/www.laguiadepamplona.com\/actualidad\/cinco-empresas-seleccionadas-por-su-experiencia-y-trayectoria-competiran-ante-un-jurado-por-el-rediseno-del-paseo-de-sarasate-y-sus-calles-adyacentes\/#article","isPartOf":{"@id":"https:\/\/www.laguiadepamplona.com\/actualidad\/cinco-empresas-seleccionadas-por-su-experiencia-y-trayectoria-competiran-ante-un-jurado-por-el-rediseno-del-paseo-de-sarasate-y-sus-calles-adyacentes\/"},"author":{"name":"La Gu\u00eda de Pamplona","@id":"https:\/\/www.laguiadepamplona.com\/actualidad\/#\/schema\/person\/efe887376f0213d4657c93adc50b1fdb"},"headline":"Cinco empresas seleccionadas por su experiencia y trayectoria competir\u00e1n ante un jurado por el redise\u00f1o del paseo de Sarasate y sus calles adyacentes","datePublished":"2024-04-24T16:02:35+00:00","mainEntityOfPage":{"@id":"https:\/\/www.laguiadepamplona.com\/actualidad\/cinco-empresas-seleccionadas-por-su-experiencia-y-trayectoria-competiran-ante-un-jurado-por-el-rediseno-del-paseo-de-sarasate-y-sus-calles-adyacentes\/"},"wordCount":1907,"commentCount":0,"publisher":{"@id":"https:\/\/www.laguiadepamplona.com\/actualidad\/#organization"},"image":{"@id":"https:\/\/www.laguiadepamplona.com\/actualidad\/cinco-empresas-seleccionadas-por-su-experiencia-y-trayectoria-competiran-ante-un-jurado-por-el-rediseno-del-paseo-de-sarasate-y-sus-calles-adyacentes\/#primaryimage"},"thumbnailUrl":"https:\/\/www.laguiadepamplona.com\/actualidad\/wp-content\/uploads\/2021\/09\/paseo-sarasate-pamplona.jpg","articleSection":["Ayto Pamplona"],"inLanguage":"es","potentialAction":[{"@type":"CommentAction","name":"Comment","target":["https:\/\/www.laguiadepamplona.com\/actualidad\/cinco-empresas-seleccionadas-por-su-experiencia-y-trayectoria-competiran-ante-un-jurado-por-el-rediseno-del-paseo-de-sarasate-y-sus-calles-adyacentes\/#respond"]}]},{"@type":"WebPage","@id":"https:\/\/www.laguiadepamplona.com\/actualidad\/cinco-empresas-seleccionadas-por-su-experiencia-y-trayectoria-competiran-ante-un-jurado-por-el-rediseno-del-paseo-de-sarasate-y-sus-calles-adyacentes\/","url":"https:\/\/www.laguiadepamplona.com\/actualidad\/cinco-empresas-seleccionadas-por-su-experiencia-y-trayectoria-competiran-ante-un-jurado-por-el-rediseno-del-paseo-de-sarasate-y-sus-calles-adyacentes\/","name":"Cinco empresas seleccionadas por su experiencia y trayectoria competir\u00e1n ante un jurado por el redise\u00f1o del paseo de Sarasate y sus calles adyacentes","isPartOf":{"@id":"https:\/\/www.laguiadepamplona.com\/actualidad\/#website"},"primaryImageOfPage":{"@id":"https:\/\/www.laguiadepamplona.com\/actualidad\/cinco-empresas-seleccionadas-por-su-experiencia-y-trayectoria-competiran-ante-un-jurado-por-el-rediseno-del-paseo-de-sarasate-y-sus-calles-adyacentes\/#primaryimage"},"image":{"@id":"https:\/\/www.laguiadepamplona.com\/actualidad\/cinco-empresas-seleccionadas-por-su-experiencia-y-trayectoria-competiran-ante-un-jurado-por-el-rediseno-del-paseo-de-sarasate-y-sus-calles-adyacentes\/#primaryimage"},"thumbnailUrl":"https:\/\/www.laguiadepamplona.com\/actualidad\/wp-content\/uploads\/2021\/09\/paseo-sarasate-pamplona.jpg","datePublished":"2024-04-24T16:02:35+00:00","description":"Plataforma \u00fanica con accesibilidad total, mantener el arbolado y el eje verde, permeabilidad transversal e integraci\u00f3n de elementos","breadcrumb":{"@id":"https:\/\/www.laguiadepamplona.com\/actualidad\/cinco-empresas-seleccionadas-por-su-experiencia-y-trayectoria-competiran-ante-un-jurado-por-el-rediseno-del-paseo-de-sarasate-y-sus-calles-adyacentes\/#breadcrumb"},"inLanguage":"es","potentialAction":[{"@type":"ReadAction","target":["https:\/\/www.laguiadepamplona.com\/actualidad\/cinco-empresas-seleccionadas-por-su-experiencia-y-trayectoria-competiran-ante-un-jurado-por-el-rediseno-del-paseo-de-sarasate-y-sus-calles-adyacentes\/"]}]},{"@type":"ImageObject","inLanguage":"es","@id":"https:\/\/www.laguiadepamplona.com\/actualidad\/cinco-empresas-seleccionadas-por-su-experiencia-y-trayectoria-competiran-ante-un-jurado-por-el-rediseno-del-paseo-de-sarasate-y-sus-calles-adyacentes\/#primaryimage","url":"https:\/\/www.laguiadepamplona.com\/actualidad\/wp-content\/uploads\/2021\/09\/paseo-sarasate-pamplona.jpg","contentUrl":"https:\/\/www.laguiadepamplona.com\/actualidad\/wp-content\/uploads\/2021\/09\/paseo-sarasate-pamplona.jpg","width":1920,"height":1280,"caption":"paseo sarasate"},{"@type":"BreadcrumbList","@id":"https:\/\/www.laguiadepamplona.com\/actualidad\/cinco-empresas-seleccionadas-por-su-experiencia-y-trayectoria-competiran-ante-un-jurado-por-el-rediseno-del-paseo-de-sarasate-y-sus-calles-adyacentes\/#breadcrumb","itemListElement":[{"@type":"ListItem","position":1,"name":"Portada","item":"https:\/\/www.laguiadepamplona.com\/actualidad\/"},{"@type":"ListItem","position":2,"name":"Cinco empresas seleccionadas por su experiencia y trayectoria competir\u00e1n ante un jurado por el redise\u00f1o del paseo de Sarasate y sus calles adyacentes"}]},{"@type":"WebSite","@id":"https:\/\/www.laguiadepamplona.com\/actualidad\/#website","url":"https:\/\/www.laguiadepamplona.com\/actualidad\/","name":"La gu\u00eda de Pamplona","description":"Noticias de Pamplona","publisher":{"@id":"https:\/\/www.laguiadepamplona.com\/actualidad\/#organization"},"potentialAction":[{"@type":"SearchAction","target":{"@type":"EntryPoint","urlTemplate":"https:\/\/www.laguiadepamplona.com\/actualidad\/?s={search_term_string}"},"query-input":{"@type":"PropertyValueSpecification","valueRequired":true,"valueName":"search_term_string"}}],"inLanguage":"es"},{"@type":"Organization","@id":"https:\/\/www.laguiadepamplona.com\/actualidad\/#organization","name":"La Gu\u00eda de Pamplona \/ Noticias","url":"https:\/\/www.laguiadepamplona.com\/actualidad\/","logo":{"@type":"ImageObject","inLanguage":"es","@id":"https:\/\/www.laguiadepamplona.com\/actualidad\/#\/schema\/logo\/image\/","url":"https:\/\/www.laguiadepamplona.com\/actualidad\/wp-content\/uploads\/2018\/11\/logo-laguiadepamplona18-web1.png","contentUrl":"https:\/\/www.laguiadepamplona.com\/actualidad\/wp-content\/uploads\/2018\/11\/logo-laguiadepamplona18-web1.png","width":600,"height":196,"caption":"La Gu\u00eda de Pamplona \/ Noticias"},"image":{"@id":"https:\/\/www.laguiadepamplona.com\/actualidad\/#\/schema\/logo\/image\/"},"sameAs":["https:\/\/www.facebook.com\/laguiadepamplonacom-133175176762273\/?ref=hl","https:\/\/x.com\/LaGuiadPamplona","https:\/\/www.instagram.com\/la_guia_de_pamplona\/","https:\/\/www.youtube.com\/user\/laguiadepamplona"]},{"@type":"Person","@id":"https:\/\/www.laguiadepamplona.com\/actualidad\/#\/schema\/person\/efe887376f0213d4657c93adc50b1fdb","name":"La Gu\u00eda de Pamplona","image":{"@type":"ImageObject","inLanguage":"es","@id":"https:\/\/secure.gravatar.com\/avatar\/b6992f131dc8d30ab0dff15446e9d346d9dbd95992de0fef795073f5ea83a81c?s=96&d=mm&r=g","url":"https:\/\/secure.gravatar.com\/avatar\/b6992f131dc8d30ab0dff15446e9d346d9dbd95992de0fef795073f5ea83a81c?s=96&d=mm&r=g","contentUrl":"https:\/\/secure.gravatar.com\/avatar\/b6992f131dc8d30ab0dff15446e9d346d9dbd95992de0fef795073f5ea83a81c?s=96&d=mm&r=g","caption":"La Gu\u00eda de Pamplona"}}]}},"post_mailing_queue_ids":[],"_links":{"self":[{"href":"https:\/\/www.laguiadepamplona.com\/actualidad\/wp-json\/wp\/v2\/posts\/49487","targetHints":{"allow":["GET"]}}],"collection":[{"href":"https:\/\/www.laguiadepamplona.com\/actualidad\/wp-json\/wp\/v2\/posts"}],"about":[{"href":"https:\/\/www.laguiadepamplona.com\/actualidad\/wp-json\/wp\/v2\/types\/post"}],"author":[{"embeddable":true,"href":"https:\/\/www.laguiadepamplona.com\/actualidad\/wp-json\/wp\/v2\/users\/1"}],"replies":[{"embeddable":true,"href":"https:\/\/www.laguiadepamplona.com\/actualidad\/wp-json\/wp\/v2\/comments?post=49487"}],"version-history":[{"count":1,"href":"https:\/\/www.laguiadepamplona.com\/actualidad\/wp-json\/wp\/v2\/posts\/49487\/revisions"}],"predecessor-version":[{"id":49488,"href":"https:\/\/www.laguiadepamplona.com\/actualidad\/wp-json\/wp\/v2\/posts\/49487\/revisions\/49488"}],"wp:featuredmedia":[{"embeddable":true,"href":"https:\/\/www.laguiadepamplona.com\/actualidad\/wp-json\/wp\/v2\/media\/36569"}],"wp:attachment":[{"href":"https:\/\/www.laguiadepamplona.com\/actualidad\/wp-json\/wp\/v2\/media?parent=49487"}],"wp:term":[{"taxonomy":"category","embeddable":true,"href":"https:\/\/www.laguiadepamplona.com\/actualidad\/wp-json\/wp\/v2\/categories?post=49487"},{"taxonomy":"post_tag","embeddable":true,"href":"https:\/\/www.laguiadepamplona.com\/actualidad\/wp-json\/wp\/v2\/tags?post=49487"}],"curies":[{"name":"wp","href":"https:\/\/api.w.org\/{rel}","templated":true}]}}