{"id":49469,"date":"2024-04-23T12:36:40","date_gmt":"2024-04-23T10:36:40","guid":{"rendered":"https:\/\/www.laguiadepamplona.com\/actualidad\/?p=49469"},"modified":"2024-04-23T12:36:40","modified_gmt":"2024-04-23T10:36:40","slug":"el-ayuntamiento-de-pamplona-y-el-instituto-navarro-para-la-igualdad-firman-un-pacto-local-por-los-cuidados-por-la-igualdad-real-y-efectiva-entre-mujeres-y-hombres","status":"publish","type":"post","link":"https:\/\/www.laguiadepamplona.com\/actualidad\/el-ayuntamiento-de-pamplona-y-el-instituto-navarro-para-la-igualdad-firman-un-pacto-local-por-los-cuidados-por-la-igualdad-real-y-efectiva-entre-mujeres-y-hombres\/","title":{"rendered":"El Ayuntamiento de Pamplona y el Instituto Navarro para la Igualdad firman un \u2018Pacto local por los cuidados\u2019 por la igualdad real y efectiva entre mujeres y hombres"},"content":{"rendered":"<h2>El programa es un marco de trabajo dise\u00f1ado para fomentar el compromiso de la Comunidad foral y los entes locales con los cuidados<\/h2>\n<p><!--more--><\/p>\n<p>Pamplona y el Instituto Navarro para la Igualdad\/ \/ Nafarroako Berdintasunerako Institutua han firmado hoy su \u2018Pacto local por los cuidados\u2019, un marco de trabajo que quiere trascender los conceptos de conciliaci\u00f3n y corresponsabilidad y dar un paso m\u00e1s hacia repartir y compartir los cuidados, adaptando las propuestas pol\u00edticas de igualdad a la realidad social y cultural del momento en la ciudad. Se entiende por cuidados el conjunto de esfuerzos, tareas y trabajos, privados y p\u00fablicos, necesarios para la reproducci\u00f3n y el sost\u00e9n de una vida humana digna, con autonom\u00eda y en bienestar. Los cuidados son un bien para toda la ciudadan\u00eda y, pese a que tradicionalmente se han atribuido a las mujeres, son en realidad un deber democr\u00e1tico, tambi\u00e9n en los hogares en donde deben repartirse entre todas las personas convivientes, hombres, mujeres e infancia.<\/p>\n<p>Esta ma\u00f1ana el alcalde de Pamplona, Joseba Asiron; la concejala delegada de Igualdad, Acci\u00f3n Comunitaria, Barrios, Participaci\u00f3n Ciudadana y Euskera, Zaloa Basabe; la directora del Instituto navarro para la Igualdad (INAI), Patricia Abad y la subdirectora de Ciudadan\u00eda, Empoderamiento y Participaci\u00f3n de las Mujeres de la misma entidad, Edurne Jauregui, han suscrito el documento en el Sal\u00f3n de Recepciones de la Casa Consistorial.<br \/>\n<script async src=\"\/\/pagead2.googlesyndication.com\/pagead\/js\/adsbygoogle.js\"><\/script><br \/>\n<!-- Noticias La Guia de Pamplona --><br \/>\n<ins class=\"adsbygoogle\"\nstyle=\"display:block\"\ndata-ad-client=\"ca-pub-6943679897239327\"\ndata-ad-slot=\"7048180777\"\ndata-ad-format=\"auto\"><\/ins><br \/>\n<script>\n(adsbygoogle = window.adsbygoogle || []).push({});\n<\/script><br \/>\nEste compromiso se extender\u00e1 inicialmente desde abril de 2024 hasta abril de 2028 y busca orientar las pol\u00edticas p\u00fablicas sobre los cuidados hacia un modelo basado en los derechos de las personas, en la igualdad entre mujeres y hombres y en la solidaridad intergeneracional. Pero, adem\u00e1s, se trata de implicar tambi\u00e9n a agentes sociales, asociaciones y colectivos de la ciudad ya que, como tal, un pacto es un enfoque que implica di\u00e1logo, negociaci\u00f3n y acuerdo. El texto firmado plantea todo el proceso buscando tambi\u00e9n la corresponsabilidad, compromiso e implicaci\u00f3n de los hombres en el cuidado, las tareas dom\u00e9sticas y en el reparto equilibrado y justo del trabajo. En definitiva, se trata de construir y conseguir la igualdad real y efectiva entre mujeres y hombres a trav\u00e9s de los cuidados.<\/p>\n<p>Como sistema de trabajo a nivel local, adem\u00e1s de la pr\u00f3xima creaci\u00f3n de la Mesa por los cuidados en Pamplona y grupos sectoriales de trabajo como foros de participaci\u00f3n, el Consistorio se compromete a aprobar un programa de trabajo anual trasversal a todo el Ayuntamiento con su correspondiente sistema de seguimiento, y a programar formaciones en esta materia, adem\u00e1s de a realizar evaluaci\u00f3n final de las medidas implementadas.<br \/>\n<script async src=\"\/\/pagead2.googlesyndication.com\/pagead\/js\/adsbygoogle.js\"><\/script><br \/>\n<!-- Noticias La Guia de Pamplona --><br \/>\n<ins class=\"adsbygoogle\"\nstyle=\"display:block\"\ndata-ad-client=\"ca-pub-6943679897239327\"\ndata-ad-slot=\"7048180777\"\ndata-ad-format=\"auto\"><\/ins><br \/>\n<script>\n(adsbygoogle = window.adsbygoogle || []).push({});\n<\/script><br \/>\n<strong>Un derecho y un deber para toda una ciudad<\/strong><\/p>\n<p>Pamplona es, desde hoy, una de las entidades locales de Navarra que ha firmado un pacto local por los cuidados, un programa impulsado por el INAI en el marco de las pol\u00edticas p\u00fablicas de igualdad entre mujeres y hombres que es heredero de los 39 \u2018Pactos Locales por la Conciliaci\u00f3n\u2019 impulsados por Navarra desde 2005. En 2023, veintitr\u00e9s entidades locales firmaron el Pacto por los Cuidados, alcanzando el 31% de la poblaci\u00f3n de Navarra. Este a\u00f1o 2024 el Ayuntamiento de Pamplona se suma a este programa, implicando a un alto porcentaje de poblaci\u00f3n. Con las solicitudes recibidas durante el periodo habilitado, el Instituto Navarro para la Igualdad espera llegar al final de este a\u00f1o a 196 municipios y concejos de Navarra y a un 73% de la poblaci\u00f3n de la Comunidad Foral.<\/p>\n<p>Ahora comienza el camino de trabajo local para concitar adhesiones. Cualquier entidad interesada en adherirse al este pacto deber\u00e1 comunicarlo por escrito al Ayuntamiento a trav\u00e9s de un correo electr\u00f3nico, quien, tras evaluar la solicitud, pedir\u00e1 que se incluya su aprobaci\u00f3n en el orden del d\u00eda de la siguiente reuni\u00f3n de la futura asamblea del pacto.<br \/>\n<script async src=\"\/\/pagead2.googlesyndication.com\/pagead\/js\/adsbygoogle.js\"><\/script><br \/>\n<!-- Noticias La Guia de Pamplona --><br \/>\n<ins class=\"adsbygoogle\"\nstyle=\"display:block\"\ndata-ad-client=\"ca-pub-6943679897239327\"\ndata-ad-slot=\"7048180777\"\ndata-ad-format=\"auto\"><\/ins><br \/>\n<script>\n(adsbygoogle = window.adsbygoogle || []).push({});\n<\/script><br \/>\nEn definitiva, se trata de aunar esfuerzos para que este pacto intersectorial impulse la participaci\u00f3n de los hombres en el cuidado y cuente con la opini\u00f3n y experiencia de los actores comunitarios; universalice los servicios de educaci\u00f3n infantil y los servicios de atenci\u00f3n a las personas mayores; universalice y profesionalice la atenci\u00f3n a la dependencia; establezca horarios de trabajo m\u00e1s racionales; dignifique y retribuya adecuadamente el trabajo dom\u00e9stico y reduzca la pobreza femenina en Navarra<\/p>\n<p>Se trata tambi\u00e9n de superar la \u201ctrampa sexista\u201d de forma que los cuidados sean ecu\u00e1nimes para mujeres y hombres. Como establece la introducci\u00f3n del documento firmado hoy \u201cla divisi\u00f3n sexual del trabajo, todav\u00eda vigente y sostenida por los prejuicios y estereotipos asociados a los roles masculinos y femeninos tradicionales, obliga a las mujeres al cuidado, como una extensi\u00f3n naturalizada de su capacidad reproductiva. A esto se suma, adem\u00e1s, la realidad y la tradici\u00f3n social, cultural y religiosa en Navarra, que perpet\u00faa tambi\u00e9n la carga de responsabilidad de los cuidados sobre las mujeres\u201d.<\/p>\n<p>Este trabajo promover\u00e1 tambi\u00e9n relaciones de buena vecindad y que Pamplona sea una ciudad amable, que conserve y nutra el entorno y los recursos naturales desde un enfoque sostenible.<br \/>\n<script async src=\"\/\/pagead2.googlesyndication.com\/pagead\/js\/adsbygoogle.js\"><\/script><br \/>\n<!-- Noticias La Guia de Pamplona --><br \/>\n<ins class=\"adsbygoogle\"\nstyle=\"display:block\"\ndata-ad-client=\"ca-pub-6943679897239327\"\ndata-ad-slot=\"7048180777\"\ndata-ad-format=\"auto\"><\/ins><br \/>\n<script>\n(adsbygoogle = window.adsbygoogle || []).push({});\n<\/script><br \/>\n&nbsp;<\/p>\n<h3>Principios rectores del Pacto Local por los Cuidados<\/h3>\n<ul>\n<li>Igualdad real y efectiva entre mujeres y hombres<\/li>\n<li>Universalizaci\u00f3n progresiva<\/li>\n<li>Reciprocidad<\/li>\n<li>Transversalidad<\/li>\n<li>Interseccionalidad<\/li>\n<li>Participaci\u00f3n<\/li>\n<li>Dignidad<\/li>\n<li>Arraigo\/pertenencia<\/li>\n<li>Cuidado con derechos y derecho a cuidar<\/li>\n<li>Reconocimiento del derecho al cuidado<\/li>\n<li>Cuidado en el coraz\u00f3n de la \u00e9tica y \u00e9tica del cuidado<\/li>\n<li>De lo individual al compromiso com\u00fan<\/li>\n<li>Respons(h)abilidad<\/li>\n<\/ul>\n","protected":false},"excerpt":{"rendered":"<p>El programa es un marco de trabajo dise\u00f1ado para fomentar el compromiso de la Comunidad foral y los entes locales con los cuidados<\/p>\n","protected":false},"author":1,"featured_media":49470,"comment_status":"open","ping_status":"closed","sticky":false,"template":"","format":"standard","meta":{"footnotes":""},"categories":[2],"tags":[],"class_list":["post-49469","post","type-post","status-publish","format-standard","has-post-thumbnail","hentry","category-ayuntamiento-pamplona"],"yoast_head":"<!-- This site is optimized with the Yoast SEO plugin v27.3 - https:\/\/yoast.com\/product\/yoast-seo-wordpress\/ -->\n<title>El Ayuntamiento de Pamplona y el Instituto Navarro para la Igualdad firman un \u2018Pacto local por los cuidados\u2019 por la igualdad real y efectiva entre mujeres y hombres<\/title>\n<meta name=\"description\" content=\"El programa es un marco de trabajo dise\u00f1ado para fomentar el compromiso de la Comunidad foral y los entes locales con los cuidados\" \/>\n<meta name=\"robots\" content=\"index, follow, max-snippet:-1, max-image-preview:large, max-video-preview:-1\" \/>\n<link rel=\"canonical\" href=\"https:\/\/www.laguiadepamplona.com\/actualidad\/el-ayuntamiento-de-pamplona-y-el-instituto-navarro-para-la-igualdad-firman-un-pacto-local-por-los-cuidados-por-la-igualdad-real-y-efectiva-entre-mujeres-y-hombres\/\" \/>\n<meta property=\"og:locale\" content=\"es_ES\" \/>\n<meta property=\"og:type\" content=\"article\" \/>\n<meta property=\"og:title\" content=\"El Ayuntamiento de Pamplona y el Instituto Navarro para la Igualdad firman un \u2018Pacto local por los cuidados\u2019 por la igualdad real y efectiva entre mujeres y hombres\" \/>\n<meta property=\"og:description\" content=\"El programa es un marco de trabajo dise\u00f1ado para fomentar el compromiso de la Comunidad foral y los entes locales con los cuidados\" \/>\n<meta property=\"og:url\" content=\"https:\/\/www.laguiadepamplona.com\/actualidad\/el-ayuntamiento-de-pamplona-y-el-instituto-navarro-para-la-igualdad-firman-un-pacto-local-por-los-cuidados-por-la-igualdad-real-y-efectiva-entre-mujeres-y-hombres\/\" \/>\n<meta property=\"og:site_name\" content=\"La Gu\u00eda de Pamplona\" \/>\n<meta property=\"article:publisher\" content=\"https:\/\/www.facebook.com\/laguiadepamplonacom-133175176762273\/?ref=hl\" \/>\n<meta property=\"article:published_time\" content=\"2024-04-23T10:36:40+00:00\" \/>\n<meta property=\"og:image\" content=\"https:\/\/www.laguiadepamplona.com\/actualidad\/wp-content\/uploads\/2024\/04\/240423fcpactocuidados0_0.webp\" \/>\n\t<meta property=\"og:image:width\" content=\"1200\" \/>\n\t<meta property=\"og:image:height\" content=\"800\" \/>\n\t<meta property=\"og:image:type\" content=\"image\/webp\" \/>\n<meta name=\"author\" content=\"La Gu\u00eda de Pamplona\" \/>\n<meta name=\"twitter:card\" content=\"summary_large_image\" \/>\n<meta name=\"twitter:creator\" content=\"@LaGuiadPamplona\" \/>\n<meta name=\"twitter:site\" content=\"@LaGuiadPamplona\" \/>\n<meta name=\"twitter:label1\" content=\"Escrito por\" \/>\n\t<meta name=\"twitter:data1\" content=\"La Gu\u00eda de Pamplona\" \/>\n\t<meta name=\"twitter:label2\" content=\"Tiempo de lectura\" \/>\n\t<meta name=\"twitter:data2\" content=\"5 minutos\" \/>\n<script type=\"application\/ld+json\" class=\"yoast-schema-graph\">{\"@context\":\"https:\\\/\\\/schema.org\",\"@graph\":[{\"@type\":\"Article\",\"@id\":\"https:\\\/\\\/www.laguiadepamplona.com\\\/actualidad\\\/el-ayuntamiento-de-pamplona-y-el-instituto-navarro-para-la-igualdad-firman-un-pacto-local-por-los-cuidados-por-la-igualdad-real-y-efectiva-entre-mujeres-y-hombres\\\/#article\",\"isPartOf\":{\"@id\":\"https:\\\/\\\/www.laguiadepamplona.com\\\/actualidad\\\/el-ayuntamiento-de-pamplona-y-el-instituto-navarro-para-la-igualdad-firman-un-pacto-local-por-los-cuidados-por-la-igualdad-real-y-efectiva-entre-mujeres-y-hombres\\\/\"},\"author\":{\"name\":\"La Gu\u00eda de Pamplona\",\"@id\":\"https:\\\/\\\/www.laguiadepamplona.com\\\/actualidad\\\/#\\\/schema\\\/person\\\/efe887376f0213d4657c93adc50b1fdb\"},\"headline\":\"El Ayuntamiento de Pamplona y el Instituto Navarro para la Igualdad firman un \u2018Pacto local por los cuidados\u2019 por la igualdad real y efectiva entre mujeres y hombres\",\"datePublished\":\"2024-04-23T10:36:40+00:00\",\"mainEntityOfPage\":{\"@id\":\"https:\\\/\\\/www.laguiadepamplona.com\\\/actualidad\\\/el-ayuntamiento-de-pamplona-y-el-instituto-navarro-para-la-igualdad-firman-un-pacto-local-por-los-cuidados-por-la-igualdad-real-y-efectiva-entre-mujeres-y-hombres\\\/\"},\"wordCount\":957,\"commentCount\":0,\"publisher\":{\"@id\":\"https:\\\/\\\/www.laguiadepamplona.com\\\/actualidad\\\/#organization\"},\"image\":{\"@id\":\"https:\\\/\\\/www.laguiadepamplona.com\\\/actualidad\\\/el-ayuntamiento-de-pamplona-y-el-instituto-navarro-para-la-igualdad-firman-un-pacto-local-por-los-cuidados-por-la-igualdad-real-y-efectiva-entre-mujeres-y-hombres\\\/#primaryimage\"},\"thumbnailUrl\":\"https:\\\/\\\/www.laguiadepamplona.com\\\/actualidad\\\/wp-content\\\/uploads\\\/2024\\\/04\\\/240423fcpactocuidados0_0.webp\",\"articleSection\":[\"Ayto Pamplona\"],\"inLanguage\":\"es\",\"potentialAction\":[{\"@type\":\"CommentAction\",\"name\":\"Comment\",\"target\":[\"https:\\\/\\\/www.laguiadepamplona.com\\\/actualidad\\\/el-ayuntamiento-de-pamplona-y-el-instituto-navarro-para-la-igualdad-firman-un-pacto-local-por-los-cuidados-por-la-igualdad-real-y-efectiva-entre-mujeres-y-hombres\\\/#respond\"]}]},{\"@type\":\"WebPage\",\"@id\":\"https:\\\/\\\/www.laguiadepamplona.com\\\/actualidad\\\/el-ayuntamiento-de-pamplona-y-el-instituto-navarro-para-la-igualdad-firman-un-pacto-local-por-los-cuidados-por-la-igualdad-real-y-efectiva-entre-mujeres-y-hombres\\\/\",\"url\":\"https:\\\/\\\/www.laguiadepamplona.com\\\/actualidad\\\/el-ayuntamiento-de-pamplona-y-el-instituto-navarro-para-la-igualdad-firman-un-pacto-local-por-los-cuidados-por-la-igualdad-real-y-efectiva-entre-mujeres-y-hombres\\\/\",\"name\":\"El Ayuntamiento de Pamplona y el Instituto Navarro para la Igualdad firman un \u2018Pacto local por los cuidados\u2019 por la igualdad real y efectiva entre mujeres y hombres\",\"isPartOf\":{\"@id\":\"https:\\\/\\\/www.laguiadepamplona.com\\\/actualidad\\\/#website\"},\"primaryImageOfPage\":{\"@id\":\"https:\\\/\\\/www.laguiadepamplona.com\\\/actualidad\\\/el-ayuntamiento-de-pamplona-y-el-instituto-navarro-para-la-igualdad-firman-un-pacto-local-por-los-cuidados-por-la-igualdad-real-y-efectiva-entre-mujeres-y-hombres\\\/#primaryimage\"},\"image\":{\"@id\":\"https:\\\/\\\/www.laguiadepamplona.com\\\/actualidad\\\/el-ayuntamiento-de-pamplona-y-el-instituto-navarro-para-la-igualdad-firman-un-pacto-local-por-los-cuidados-por-la-igualdad-real-y-efectiva-entre-mujeres-y-hombres\\\/#primaryimage\"},\"thumbnailUrl\":\"https:\\\/\\\/www.laguiadepamplona.com\\\/actualidad\\\/wp-content\\\/uploads\\\/2024\\\/04\\\/240423fcpactocuidados0_0.webp\",\"datePublished\":\"2024-04-23T10:36:40+00:00\",\"description\":\"El programa es un marco de trabajo dise\u00f1ado para fomentar el compromiso de la Comunidad foral y los entes locales con los cuidados\",\"breadcrumb\":{\"@id\":\"https:\\\/\\\/www.laguiadepamplona.com\\\/actualidad\\\/el-ayuntamiento-de-pamplona-y-el-instituto-navarro-para-la-igualdad-firman-un-pacto-local-por-los-cuidados-por-la-igualdad-real-y-efectiva-entre-mujeres-y-hombres\\\/#breadcrumb\"},\"inLanguage\":\"es\",\"potentialAction\":[{\"@type\":\"ReadAction\",\"target\":[\"https:\\\/\\\/www.laguiadepamplona.com\\\/actualidad\\\/el-ayuntamiento-de-pamplona-y-el-instituto-navarro-para-la-igualdad-firman-un-pacto-local-por-los-cuidados-por-la-igualdad-real-y-efectiva-entre-mujeres-y-hombres\\\/\"]}]},{\"@type\":\"ImageObject\",\"inLanguage\":\"es\",\"@id\":\"https:\\\/\\\/www.laguiadepamplona.com\\\/actualidad\\\/el-ayuntamiento-de-pamplona-y-el-instituto-navarro-para-la-igualdad-firman-un-pacto-local-por-los-cuidados-por-la-igualdad-real-y-efectiva-entre-mujeres-y-hombres\\\/#primaryimage\",\"url\":\"https:\\\/\\\/www.laguiadepamplona.com\\\/actualidad\\\/wp-content\\\/uploads\\\/2024\\\/04\\\/240423fcpactocuidados0_0.webp\",\"contentUrl\":\"https:\\\/\\\/www.laguiadepamplona.com\\\/actualidad\\\/wp-content\\\/uploads\\\/2024\\\/04\\\/240423fcpactocuidados0_0.webp\",\"width\":1200,\"height\":800,\"caption\":\"pacto cuidados\"},{\"@type\":\"BreadcrumbList\",\"@id\":\"https:\\\/\\\/www.laguiadepamplona.com\\\/actualidad\\\/el-ayuntamiento-de-pamplona-y-el-instituto-navarro-para-la-igualdad-firman-un-pacto-local-por-los-cuidados-por-la-igualdad-real-y-efectiva-entre-mujeres-y-hombres\\\/#breadcrumb\",\"itemListElement\":[{\"@type\":\"ListItem\",\"position\":1,\"name\":\"Portada\",\"item\":\"https:\\\/\\\/www.laguiadepamplona.com\\\/actualidad\\\/\"},{\"@type\":\"ListItem\",\"position\":2,\"name\":\"El Ayuntamiento de Pamplona y el Instituto Navarro para la Igualdad firman un \u2018Pacto local por los cuidados\u2019 por la igualdad real y efectiva entre mujeres y hombres\"}]},{\"@type\":\"WebSite\",\"@id\":\"https:\\\/\\\/www.laguiadepamplona.com\\\/actualidad\\\/#website\",\"url\":\"https:\\\/\\\/www.laguiadepamplona.com\\\/actualidad\\\/\",\"name\":\"La gu\u00eda de Pamplona\",\"description\":\"Noticias de Pamplona\",\"publisher\":{\"@id\":\"https:\\\/\\\/www.laguiadepamplona.com\\\/actualidad\\\/#organization\"},\"potentialAction\":[{\"@type\":\"SearchAction\",\"target\":{\"@type\":\"EntryPoint\",\"urlTemplate\":\"https:\\\/\\\/www.laguiadepamplona.com\\\/actualidad\\\/?s={search_term_string}\"},\"query-input\":{\"@type\":\"PropertyValueSpecification\",\"valueRequired\":true,\"valueName\":\"search_term_string\"}}],\"inLanguage\":\"es\"},{\"@type\":\"Organization\",\"@id\":\"https:\\\/\\\/www.laguiadepamplona.com\\\/actualidad\\\/#organization\",\"name\":\"La Gu\u00eda de Pamplona \\\/ Noticias\",\"url\":\"https:\\\/\\\/www.laguiadepamplona.com\\\/actualidad\\\/\",\"logo\":{\"@type\":\"ImageObject\",\"inLanguage\":\"es\",\"@id\":\"https:\\\/\\\/www.laguiadepamplona.com\\\/actualidad\\\/#\\\/schema\\\/logo\\\/image\\\/\",\"url\":\"https:\\\/\\\/www.laguiadepamplona.com\\\/actualidad\\\/wp-content\\\/uploads\\\/2018\\\/11\\\/logo-laguiadepamplona18-web1.png\",\"contentUrl\":\"https:\\\/\\\/www.laguiadepamplona.com\\\/actualidad\\\/wp-content\\\/uploads\\\/2018\\\/11\\\/logo-laguiadepamplona18-web1.png\",\"width\":600,\"height\":196,\"caption\":\"La Gu\u00eda de Pamplona \\\/ Noticias\"},\"image\":{\"@id\":\"https:\\\/\\\/www.laguiadepamplona.com\\\/actualidad\\\/#\\\/schema\\\/logo\\\/image\\\/\"},\"sameAs\":[\"https:\\\/\\\/www.facebook.com\\\/laguiadepamplonacom-133175176762273\\\/?ref=hl\",\"https:\\\/\\\/x.com\\\/LaGuiadPamplona\",\"https:\\\/\\\/www.instagram.com\\\/la_guia_de_pamplona\\\/\",\"https:\\\/\\\/www.youtube.com\\\/user\\\/laguiadepamplona\"]},{\"@type\":\"Person\",\"@id\":\"https:\\\/\\\/www.laguiadepamplona.com\\\/actualidad\\\/#\\\/schema\\\/person\\\/efe887376f0213d4657c93adc50b1fdb\",\"name\":\"La Gu\u00eda de Pamplona\",\"image\":{\"@type\":\"ImageObject\",\"inLanguage\":\"es\",\"@id\":\"https:\\\/\\\/secure.gravatar.com\\\/avatar\\\/b6992f131dc8d30ab0dff15446e9d346d9dbd95992de0fef795073f5ea83a81c?s=96&d=mm&r=g\",\"url\":\"https:\\\/\\\/secure.gravatar.com\\\/avatar\\\/b6992f131dc8d30ab0dff15446e9d346d9dbd95992de0fef795073f5ea83a81c?s=96&d=mm&r=g\",\"contentUrl\":\"https:\\\/\\\/secure.gravatar.com\\\/avatar\\\/b6992f131dc8d30ab0dff15446e9d346d9dbd95992de0fef795073f5ea83a81c?s=96&d=mm&r=g\",\"caption\":\"La Gu\u00eda de Pamplona\"}}]}<\/script>\n<!-- \/ Yoast SEO plugin. -->","yoast_head_json":{"title":"El Ayuntamiento de Pamplona y el Instituto Navarro para la Igualdad firman un \u2018Pacto local por los cuidados\u2019 por la igualdad real y efectiva entre mujeres y hombres","description":"El programa es un marco de trabajo dise\u00f1ado para fomentar el compromiso de la Comunidad foral y los entes locales con los cuidados","robots":{"index":"index","follow":"follow","max-snippet":"max-snippet:-1","max-image-preview":"max-image-preview:large","max-video-preview":"max-video-preview:-1"},"canonical":"https:\/\/www.laguiadepamplona.com\/actualidad\/el-ayuntamiento-de-pamplona-y-el-instituto-navarro-para-la-igualdad-firman-un-pacto-local-por-los-cuidados-por-la-igualdad-real-y-efectiva-entre-mujeres-y-hombres\/","og_locale":"es_ES","og_type":"article","og_title":"El Ayuntamiento de Pamplona y el Instituto Navarro para la Igualdad firman un \u2018Pacto local por los cuidados\u2019 por la igualdad real y efectiva entre mujeres y hombres","og_description":"El programa es un marco de trabajo dise\u00f1ado para fomentar el compromiso de la Comunidad foral y los entes locales con los cuidados","og_url":"https:\/\/www.laguiadepamplona.com\/actualidad\/el-ayuntamiento-de-pamplona-y-el-instituto-navarro-para-la-igualdad-firman-un-pacto-local-por-los-cuidados-por-la-igualdad-real-y-efectiva-entre-mujeres-y-hombres\/","og_site_name":"La Gu\u00eda de Pamplona","article_publisher":"https:\/\/www.facebook.com\/laguiadepamplonacom-133175176762273\/?ref=hl","article_published_time":"2024-04-23T10:36:40+00:00","og_image":[{"width":1200,"height":800,"url":"https:\/\/www.laguiadepamplona.com\/actualidad\/wp-content\/uploads\/2024\/04\/240423fcpactocuidados0_0.webp","type":"image\/webp"}],"author":"La Gu\u00eda de Pamplona","twitter_card":"summary_large_image","twitter_creator":"@LaGuiadPamplona","twitter_site":"@LaGuiadPamplona","twitter_misc":{"Escrito por":"La Gu\u00eda de Pamplona","Tiempo de lectura":"5 minutos"},"schema":{"@context":"https:\/\/schema.org","@graph":[{"@type":"Article","@id":"https:\/\/www.laguiadepamplona.com\/actualidad\/el-ayuntamiento-de-pamplona-y-el-instituto-navarro-para-la-igualdad-firman-un-pacto-local-por-los-cuidados-por-la-igualdad-real-y-efectiva-entre-mujeres-y-hombres\/#article","isPartOf":{"@id":"https:\/\/www.laguiadepamplona.com\/actualidad\/el-ayuntamiento-de-pamplona-y-el-instituto-navarro-para-la-igualdad-firman-un-pacto-local-por-los-cuidados-por-la-igualdad-real-y-efectiva-entre-mujeres-y-hombres\/"},"author":{"name":"La Gu\u00eda de Pamplona","@id":"https:\/\/www.laguiadepamplona.com\/actualidad\/#\/schema\/person\/efe887376f0213d4657c93adc50b1fdb"},"headline":"El Ayuntamiento de Pamplona y el Instituto Navarro para la Igualdad firman un \u2018Pacto local por los cuidados\u2019 por la igualdad real y efectiva entre mujeres y hombres","datePublished":"2024-04-23T10:36:40+00:00","mainEntityOfPage":{"@id":"https:\/\/www.laguiadepamplona.com\/actualidad\/el-ayuntamiento-de-pamplona-y-el-instituto-navarro-para-la-igualdad-firman-un-pacto-local-por-los-cuidados-por-la-igualdad-real-y-efectiva-entre-mujeres-y-hombres\/"},"wordCount":957,"commentCount":0,"publisher":{"@id":"https:\/\/www.laguiadepamplona.com\/actualidad\/#organization"},"image":{"@id":"https:\/\/www.laguiadepamplona.com\/actualidad\/el-ayuntamiento-de-pamplona-y-el-instituto-navarro-para-la-igualdad-firman-un-pacto-local-por-los-cuidados-por-la-igualdad-real-y-efectiva-entre-mujeres-y-hombres\/#primaryimage"},"thumbnailUrl":"https:\/\/www.laguiadepamplona.com\/actualidad\/wp-content\/uploads\/2024\/04\/240423fcpactocuidados0_0.webp","articleSection":["Ayto Pamplona"],"inLanguage":"es","potentialAction":[{"@type":"CommentAction","name":"Comment","target":["https:\/\/www.laguiadepamplona.com\/actualidad\/el-ayuntamiento-de-pamplona-y-el-instituto-navarro-para-la-igualdad-firman-un-pacto-local-por-los-cuidados-por-la-igualdad-real-y-efectiva-entre-mujeres-y-hombres\/#respond"]}]},{"@type":"WebPage","@id":"https:\/\/www.laguiadepamplona.com\/actualidad\/el-ayuntamiento-de-pamplona-y-el-instituto-navarro-para-la-igualdad-firman-un-pacto-local-por-los-cuidados-por-la-igualdad-real-y-efectiva-entre-mujeres-y-hombres\/","url":"https:\/\/www.laguiadepamplona.com\/actualidad\/el-ayuntamiento-de-pamplona-y-el-instituto-navarro-para-la-igualdad-firman-un-pacto-local-por-los-cuidados-por-la-igualdad-real-y-efectiva-entre-mujeres-y-hombres\/","name":"El Ayuntamiento de Pamplona y el Instituto Navarro para la Igualdad firman un \u2018Pacto local por los cuidados\u2019 por la igualdad real y efectiva entre mujeres y hombres","isPartOf":{"@id":"https:\/\/www.laguiadepamplona.com\/actualidad\/#website"},"primaryImageOfPage":{"@id":"https:\/\/www.laguiadepamplona.com\/actualidad\/el-ayuntamiento-de-pamplona-y-el-instituto-navarro-para-la-igualdad-firman-un-pacto-local-por-los-cuidados-por-la-igualdad-real-y-efectiva-entre-mujeres-y-hombres\/#primaryimage"},"image":{"@id":"https:\/\/www.laguiadepamplona.com\/actualidad\/el-ayuntamiento-de-pamplona-y-el-instituto-navarro-para-la-igualdad-firman-un-pacto-local-por-los-cuidados-por-la-igualdad-real-y-efectiva-entre-mujeres-y-hombres\/#primaryimage"},"thumbnailUrl":"https:\/\/www.laguiadepamplona.com\/actualidad\/wp-content\/uploads\/2024\/04\/240423fcpactocuidados0_0.webp","datePublished":"2024-04-23T10:36:40+00:00","description":"El programa es un marco de trabajo dise\u00f1ado para fomentar el compromiso de la Comunidad foral y los entes locales con los cuidados","breadcrumb":{"@id":"https:\/\/www.laguiadepamplona.com\/actualidad\/el-ayuntamiento-de-pamplona-y-el-instituto-navarro-para-la-igualdad-firman-un-pacto-local-por-los-cuidados-por-la-igualdad-real-y-efectiva-entre-mujeres-y-hombres\/#breadcrumb"},"inLanguage":"es","potentialAction":[{"@type":"ReadAction","target":["https:\/\/www.laguiadepamplona.com\/actualidad\/el-ayuntamiento-de-pamplona-y-el-instituto-navarro-para-la-igualdad-firman-un-pacto-local-por-los-cuidados-por-la-igualdad-real-y-efectiva-entre-mujeres-y-hombres\/"]}]},{"@type":"ImageObject","inLanguage":"es","@id":"https:\/\/www.laguiadepamplona.com\/actualidad\/el-ayuntamiento-de-pamplona-y-el-instituto-navarro-para-la-igualdad-firman-un-pacto-local-por-los-cuidados-por-la-igualdad-real-y-efectiva-entre-mujeres-y-hombres\/#primaryimage","url":"https:\/\/www.laguiadepamplona.com\/actualidad\/wp-content\/uploads\/2024\/04\/240423fcpactocuidados0_0.webp","contentUrl":"https:\/\/www.laguiadepamplona.com\/actualidad\/wp-content\/uploads\/2024\/04\/240423fcpactocuidados0_0.webp","width":1200,"height":800,"caption":"pacto cuidados"},{"@type":"BreadcrumbList","@id":"https:\/\/www.laguiadepamplona.com\/actualidad\/el-ayuntamiento-de-pamplona-y-el-instituto-navarro-para-la-igualdad-firman-un-pacto-local-por-los-cuidados-por-la-igualdad-real-y-efectiva-entre-mujeres-y-hombres\/#breadcrumb","itemListElement":[{"@type":"ListItem","position":1,"name":"Portada","item":"https:\/\/www.laguiadepamplona.com\/actualidad\/"},{"@type":"ListItem","position":2,"name":"El Ayuntamiento de Pamplona y el Instituto Navarro para la Igualdad firman un \u2018Pacto local por los cuidados\u2019 por la igualdad real y efectiva entre mujeres y hombres"}]},{"@type":"WebSite","@id":"https:\/\/www.laguiadepamplona.com\/actualidad\/#website","url":"https:\/\/www.laguiadepamplona.com\/actualidad\/","name":"La gu\u00eda de Pamplona","description":"Noticias de Pamplona","publisher":{"@id":"https:\/\/www.laguiadepamplona.com\/actualidad\/#organization"},"potentialAction":[{"@type":"SearchAction","target":{"@type":"EntryPoint","urlTemplate":"https:\/\/www.laguiadepamplona.com\/actualidad\/?s={search_term_string}"},"query-input":{"@type":"PropertyValueSpecification","valueRequired":true,"valueName":"search_term_string"}}],"inLanguage":"es"},{"@type":"Organization","@id":"https:\/\/www.laguiadepamplona.com\/actualidad\/#organization","name":"La Gu\u00eda de Pamplona \/ Noticias","url":"https:\/\/www.laguiadepamplona.com\/actualidad\/","logo":{"@type":"ImageObject","inLanguage":"es","@id":"https:\/\/www.laguiadepamplona.com\/actualidad\/#\/schema\/logo\/image\/","url":"https:\/\/www.laguiadepamplona.com\/actualidad\/wp-content\/uploads\/2018\/11\/logo-laguiadepamplona18-web1.png","contentUrl":"https:\/\/www.laguiadepamplona.com\/actualidad\/wp-content\/uploads\/2018\/11\/logo-laguiadepamplona18-web1.png","width":600,"height":196,"caption":"La Gu\u00eda de Pamplona \/ Noticias"},"image":{"@id":"https:\/\/www.laguiadepamplona.com\/actualidad\/#\/schema\/logo\/image\/"},"sameAs":["https:\/\/www.facebook.com\/laguiadepamplonacom-133175176762273\/?ref=hl","https:\/\/x.com\/LaGuiadPamplona","https:\/\/www.instagram.com\/la_guia_de_pamplona\/","https:\/\/www.youtube.com\/user\/laguiadepamplona"]},{"@type":"Person","@id":"https:\/\/www.laguiadepamplona.com\/actualidad\/#\/schema\/person\/efe887376f0213d4657c93adc50b1fdb","name":"La Gu\u00eda de Pamplona","image":{"@type":"ImageObject","inLanguage":"es","@id":"https:\/\/secure.gravatar.com\/avatar\/b6992f131dc8d30ab0dff15446e9d346d9dbd95992de0fef795073f5ea83a81c?s=96&d=mm&r=g","url":"https:\/\/secure.gravatar.com\/avatar\/b6992f131dc8d30ab0dff15446e9d346d9dbd95992de0fef795073f5ea83a81c?s=96&d=mm&r=g","contentUrl":"https:\/\/secure.gravatar.com\/avatar\/b6992f131dc8d30ab0dff15446e9d346d9dbd95992de0fef795073f5ea83a81c?s=96&d=mm&r=g","caption":"La Gu\u00eda de Pamplona"}}]}},"post_mailing_queue_ids":[],"_links":{"self":[{"href":"https:\/\/www.laguiadepamplona.com\/actualidad\/wp-json\/wp\/v2\/posts\/49469","targetHints":{"allow":["GET"]}}],"collection":[{"href":"https:\/\/www.laguiadepamplona.com\/actualidad\/wp-json\/wp\/v2\/posts"}],"about":[{"href":"https:\/\/www.laguiadepamplona.com\/actualidad\/wp-json\/wp\/v2\/types\/post"}],"author":[{"embeddable":true,"href":"https:\/\/www.laguiadepamplona.com\/actualidad\/wp-json\/wp\/v2\/users\/1"}],"replies":[{"embeddable":true,"href":"https:\/\/www.laguiadepamplona.com\/actualidad\/wp-json\/wp\/v2\/comments?post=49469"}],"version-history":[{"count":1,"href":"https:\/\/www.laguiadepamplona.com\/actualidad\/wp-json\/wp\/v2\/posts\/49469\/revisions"}],"predecessor-version":[{"id":49471,"href":"https:\/\/www.laguiadepamplona.com\/actualidad\/wp-json\/wp\/v2\/posts\/49469\/revisions\/49471"}],"wp:featuredmedia":[{"embeddable":true,"href":"https:\/\/www.laguiadepamplona.com\/actualidad\/wp-json\/wp\/v2\/media\/49470"}],"wp:attachment":[{"href":"https:\/\/www.laguiadepamplona.com\/actualidad\/wp-json\/wp\/v2\/media?parent=49469"}],"wp:term":[{"taxonomy":"category","embeddable":true,"href":"https:\/\/www.laguiadepamplona.com\/actualidad\/wp-json\/wp\/v2\/categories?post=49469"},{"taxonomy":"post_tag","embeddable":true,"href":"https:\/\/www.laguiadepamplona.com\/actualidad\/wp-json\/wp\/v2\/tags?post=49469"}],"curies":[{"name":"wp","href":"https:\/\/api.w.org\/{rel}","templated":true}]}}