{"id":49456,"date":"2024-04-22T17:15:47","date_gmt":"2024-04-22T15:15:47","guid":{"rendered":"https:\/\/www.laguiadepamplona.com\/actualidad\/?p=49456"},"modified":"2024-04-22T17:15:47","modified_gmt":"2024-04-22T15:15:47","slug":"el-alcalde-de-pamplona-joseba-asiron-y-el-concejal-de-accion-social-txema-mauleon-visitan-el-banco-de-alimentos-de-navarra","status":"publish","type":"post","link":"https:\/\/www.laguiadepamplona.com\/actualidad\/el-alcalde-de-pamplona-joseba-asiron-y-el-concejal-de-accion-social-txema-mauleon-visitan-el-banco-de-alimentos-de-navarra\/","title":{"rendered":"El alcalde de Pamplona, Joseba Asiron, y el concejal de Acci\u00f3n Social, Txema Maule\u00f3n, visitan el Banco de Alimentos de Navarra"},"content":{"rendered":"<h2>La presidenta de la Fundaci\u00f3n, Marisol Villar, ha mostrado las instalaciones y el funcionamiento de la instituci\u00f3n de ayuda social y contra el desperdicio alimentario<\/h2>\n<p><!--more--><\/p>\n<p>El alcalde de Pamplona, Joseba Asiron, el concejal delegado de Acci\u00f3n Social, Txema Maule\u00f3n, y el director de su \u00e1rea, Rub\u00e9n Unanua, han visitado este lunes el Banco de Alimentos de Navarra. All\u00ed les ha recibido la presidenta de la Fundaci\u00f3n, Marisol Villar, quien les ha mostrado las instalaciones y explicado c\u00f3mo es el funcionamiento del Banco, c\u00f3mo es el d\u00eda a d\u00eda de su Fundaci\u00f3n, la labor de ayuda social y contra el desperdicio alimentario que realizan.<br \/>\n<script async src=\"\/\/pagead2.googlesyndication.com\/pagead\/js\/adsbygoogle.js\"><\/script><br \/>\n<!-- Noticias La Guia de Pamplona --><br \/>\n<ins class=\"adsbygoogle\"\nstyle=\"display:block\"\ndata-ad-client=\"ca-pub-6943679897239327\"\ndata-ad-slot=\"7048180777\"\ndata-ad-format=\"auto\"><\/ins><br \/>\n<script>\n(adsbygoogle = window.adsbygoogle || []).push({});\n<\/script><br \/>\nJunto a la presidenta, han participado en la visita el vicepresidente del Banco de Alimentos, Fernando Rep\u00e1raz; el secretario y encargado de Recursos, Ram\u00f3n Navarro; F\u00e9lix Rem\u00edrez, de Entidades Sociales, y Agust\u00edn Guivert, miembro del Patronato. As\u00ed mismo, durante el recorrido les han ofrecido informaci\u00f3n acerca de las personas a las que atienden, caracter\u00edsticas de las entidades y beneficiarios, y sistema y criterios de distribuci\u00f3n de los alimentos.<\/p>\n<p>El pasado 2023 se distribuyeron 3.640 toneladas de alimentos a 25.551 personas, de las cuales 8.527 fueron de Pamplona, a trav\u00e9s de la colaboraci\u00f3n de 47 entidades diferentes.<\/p>\n<p>El Ayuntamiento de Pamplona colabora como una entidad m\u00e1s, a la hora de gestionar el reparto en un punto habilitado en la ciudad a trav\u00e9s de un tajo del Programa de Empleo Social Protegido, para poder hacer llegar el servicio a personas de la ciudad que de otra manera no tendr\u00edan acceso. Otra de las funciones claves que desarrolla el consistorio actualmente es acreditar desde sus Servicios Sociales a las personas destinatarias del recurso.<br \/>\n<script async src=\"\/\/pagead2.googlesyndication.com\/pagead\/js\/adsbygoogle.js\"><\/script><br \/>\n<!-- Noticias La Guia de Pamplona --><br \/>\n<ins class=\"adsbygoogle\"\nstyle=\"display:block\"\ndata-ad-client=\"ca-pub-6943679897239327\"\ndata-ad-slot=\"7048180777\"\ndata-ad-format=\"auto\"><\/ins><br \/>\n<script>\n(adsbygoogle = window.adsbygoogle || []).push({});\n<\/script><br \/>\nEn la visita se han podido plantear novedades y posibles cambios que se pueden ir implementando a medio y largo plazo, con \u00e1nimo de ir mejorando el Servicio y de esa manera garantizar el cumplimento de los objetivos del Banco de Alimentos con las m\u00e1ximas garant\u00edas.<\/p>\n","protected":false},"excerpt":{"rendered":"<p>La presidenta de la Fundaci\u00f3n, Marisol Villar, ha mostrado las instalaciones y el funcionamiento de la instituci\u00f3n de ayuda social y contra el desperdicio alimentario<\/p>\n","protected":false},"author":1,"featured_media":49457,"comment_status":"open","ping_status":"closed","sticky":false,"template":"","format":"standard","meta":{"footnotes":""},"categories":[2],"tags":[],"class_list":["post-49456","post","type-post","status-publish","format-standard","has-post-thumbnail","hentry","category-ayuntamiento-pamplona"],"yoast_head":"<!-- This site is optimized with the Yoast SEO plugin v27.3 - https:\/\/yoast.com\/product\/yoast-seo-wordpress\/ -->\n<title>El alcalde de Pamplona, Joseba Asiron, y el concejal de Acci\u00f3n Social, Txema Maule\u00f3n, visitan el Banco de Alimentos de Navarra<\/title>\n<meta name=\"description\" content=\"La presidenta de la Fundaci\u00f3n, Marisol Villar, ha mostrado las instalaciones y el funcionamiento de la instituci\u00f3n de ayuda social y contra el desperdicio alimentario\" \/>\n<meta name=\"robots\" content=\"index, follow, max-snippet:-1, max-image-preview:large, max-video-preview:-1\" \/>\n<link rel=\"canonical\" href=\"https:\/\/www.laguiadepamplona.com\/actualidad\/el-alcalde-de-pamplona-joseba-asiron-y-el-concejal-de-accion-social-txema-mauleon-visitan-el-banco-de-alimentos-de-navarra\/\" \/>\n<meta property=\"og:locale\" content=\"es_ES\" \/>\n<meta property=\"og:type\" content=\"article\" \/>\n<meta property=\"og:title\" content=\"El alcalde de Pamplona, Joseba Asiron, y el concejal de Acci\u00f3n Social, Txema Maule\u00f3n, visitan el Banco de Alimentos de Navarra\" \/>\n<meta property=\"og:description\" content=\"La presidenta de la Fundaci\u00f3n, Marisol Villar, ha mostrado las instalaciones y el funcionamiento de la instituci\u00f3n de ayuda social y contra el desperdicio alimentario\" \/>\n<meta property=\"og:url\" content=\"https:\/\/www.laguiadepamplona.com\/actualidad\/el-alcalde-de-pamplona-joseba-asiron-y-el-concejal-de-accion-social-txema-mauleon-visitan-el-banco-de-alimentos-de-navarra\/\" \/>\n<meta property=\"og:site_name\" content=\"La Gu\u00eda de Pamplona\" \/>\n<meta property=\"article:publisher\" content=\"https:\/\/www.facebook.com\/laguiadepamplonacom-133175176762273\/?ref=hl\" \/>\n<meta property=\"article:published_time\" content=\"2024-04-22T15:15:47+00:00\" \/>\n<meta property=\"og:image\" content=\"https:\/\/www.laguiadepamplona.com\/actualidad\/wp-content\/uploads\/2024\/04\/visita-banco-de-alimentos-dena0_0.webp\" \/>\n\t<meta property=\"og:image:width\" content=\"1200\" \/>\n\t<meta property=\"og:image:height\" content=\"800\" \/>\n\t<meta property=\"og:image:type\" content=\"image\/webp\" \/>\n<meta name=\"author\" content=\"La Gu\u00eda de Pamplona\" \/>\n<meta name=\"twitter:card\" content=\"summary_large_image\" \/>\n<meta name=\"twitter:creator\" content=\"@LaGuiadPamplona\" \/>\n<meta name=\"twitter:site\" content=\"@LaGuiadPamplona\" \/>\n<meta name=\"twitter:label1\" content=\"Escrito por\" \/>\n\t<meta name=\"twitter:data1\" content=\"La Gu\u00eda de Pamplona\" \/>\n\t<meta name=\"twitter:label2\" content=\"Tiempo de lectura\" \/>\n\t<meta name=\"twitter:data2\" content=\"2 minutos\" \/>\n<script type=\"application\/ld+json\" class=\"yoast-schema-graph\">{\"@context\":\"https:\\\/\\\/schema.org\",\"@graph\":[{\"@type\":\"Article\",\"@id\":\"https:\\\/\\\/www.laguiadepamplona.com\\\/actualidad\\\/el-alcalde-de-pamplona-joseba-asiron-y-el-concejal-de-accion-social-txema-mauleon-visitan-el-banco-de-alimentos-de-navarra\\\/#article\",\"isPartOf\":{\"@id\":\"https:\\\/\\\/www.laguiadepamplona.com\\\/actualidad\\\/el-alcalde-de-pamplona-joseba-asiron-y-el-concejal-de-accion-social-txema-mauleon-visitan-el-banco-de-alimentos-de-navarra\\\/\"},\"author\":{\"name\":\"La Gu\u00eda de Pamplona\",\"@id\":\"https:\\\/\\\/www.laguiadepamplona.com\\\/actualidad\\\/#\\\/schema\\\/person\\\/efe887376f0213d4657c93adc50b1fdb\"},\"headline\":\"El alcalde de Pamplona, Joseba Asiron, y el concejal de Acci\u00f3n Social, Txema Maule\u00f3n, visitan el Banco de Alimentos de Navarra\",\"datePublished\":\"2024-04-22T15:15:47+00:00\",\"mainEntityOfPage\":{\"@id\":\"https:\\\/\\\/www.laguiadepamplona.com\\\/actualidad\\\/el-alcalde-de-pamplona-joseba-asiron-y-el-concejal-de-accion-social-txema-mauleon-visitan-el-banco-de-alimentos-de-navarra\\\/\"},\"wordCount\":363,\"commentCount\":0,\"publisher\":{\"@id\":\"https:\\\/\\\/www.laguiadepamplona.com\\\/actualidad\\\/#organization\"},\"image\":{\"@id\":\"https:\\\/\\\/www.laguiadepamplona.com\\\/actualidad\\\/el-alcalde-de-pamplona-joseba-asiron-y-el-concejal-de-accion-social-txema-mauleon-visitan-el-banco-de-alimentos-de-navarra\\\/#primaryimage\"},\"thumbnailUrl\":\"https:\\\/\\\/www.laguiadepamplona.com\\\/actualidad\\\/wp-content\\\/uploads\\\/2024\\\/04\\\/visita-banco-de-alimentos-dena0_0.webp\",\"articleSection\":[\"Ayto Pamplona\"],\"inLanguage\":\"es\",\"potentialAction\":[{\"@type\":\"CommentAction\",\"name\":\"Comment\",\"target\":[\"https:\\\/\\\/www.laguiadepamplona.com\\\/actualidad\\\/el-alcalde-de-pamplona-joseba-asiron-y-el-concejal-de-accion-social-txema-mauleon-visitan-el-banco-de-alimentos-de-navarra\\\/#respond\"]}]},{\"@type\":\"WebPage\",\"@id\":\"https:\\\/\\\/www.laguiadepamplona.com\\\/actualidad\\\/el-alcalde-de-pamplona-joseba-asiron-y-el-concejal-de-accion-social-txema-mauleon-visitan-el-banco-de-alimentos-de-navarra\\\/\",\"url\":\"https:\\\/\\\/www.laguiadepamplona.com\\\/actualidad\\\/el-alcalde-de-pamplona-joseba-asiron-y-el-concejal-de-accion-social-txema-mauleon-visitan-el-banco-de-alimentos-de-navarra\\\/\",\"name\":\"El alcalde de Pamplona, Joseba Asiron, y el concejal de Acci\u00f3n Social, Txema Maule\u00f3n, visitan el Banco de Alimentos de Navarra\",\"isPartOf\":{\"@id\":\"https:\\\/\\\/www.laguiadepamplona.com\\\/actualidad\\\/#website\"},\"primaryImageOfPage\":{\"@id\":\"https:\\\/\\\/www.laguiadepamplona.com\\\/actualidad\\\/el-alcalde-de-pamplona-joseba-asiron-y-el-concejal-de-accion-social-txema-mauleon-visitan-el-banco-de-alimentos-de-navarra\\\/#primaryimage\"},\"image\":{\"@id\":\"https:\\\/\\\/www.laguiadepamplona.com\\\/actualidad\\\/el-alcalde-de-pamplona-joseba-asiron-y-el-concejal-de-accion-social-txema-mauleon-visitan-el-banco-de-alimentos-de-navarra\\\/#primaryimage\"},\"thumbnailUrl\":\"https:\\\/\\\/www.laguiadepamplona.com\\\/actualidad\\\/wp-content\\\/uploads\\\/2024\\\/04\\\/visita-banco-de-alimentos-dena0_0.webp\",\"datePublished\":\"2024-04-22T15:15:47+00:00\",\"description\":\"La presidenta de la Fundaci\u00f3n, Marisol Villar, ha mostrado las instalaciones y el funcionamiento de la instituci\u00f3n de ayuda social y contra el desperdicio alimentario\",\"breadcrumb\":{\"@id\":\"https:\\\/\\\/www.laguiadepamplona.com\\\/actualidad\\\/el-alcalde-de-pamplona-joseba-asiron-y-el-concejal-de-accion-social-txema-mauleon-visitan-el-banco-de-alimentos-de-navarra\\\/#breadcrumb\"},\"inLanguage\":\"es\",\"potentialAction\":[{\"@type\":\"ReadAction\",\"target\":[\"https:\\\/\\\/www.laguiadepamplona.com\\\/actualidad\\\/el-alcalde-de-pamplona-joseba-asiron-y-el-concejal-de-accion-social-txema-mauleon-visitan-el-banco-de-alimentos-de-navarra\\\/\"]}]},{\"@type\":\"ImageObject\",\"inLanguage\":\"es\",\"@id\":\"https:\\\/\\\/www.laguiadepamplona.com\\\/actualidad\\\/el-alcalde-de-pamplona-joseba-asiron-y-el-concejal-de-accion-social-txema-mauleon-visitan-el-banco-de-alimentos-de-navarra\\\/#primaryimage\",\"url\":\"https:\\\/\\\/www.laguiadepamplona.com\\\/actualidad\\\/wp-content\\\/uploads\\\/2024\\\/04\\\/visita-banco-de-alimentos-dena0_0.webp\",\"contentUrl\":\"https:\\\/\\\/www.laguiadepamplona.com\\\/actualidad\\\/wp-content\\\/uploads\\\/2024\\\/04\\\/visita-banco-de-alimentos-dena0_0.webp\",\"width\":1200,\"height\":800,\"caption\":\"visita banco de alimentos Dena\"},{\"@type\":\"BreadcrumbList\",\"@id\":\"https:\\\/\\\/www.laguiadepamplona.com\\\/actualidad\\\/el-alcalde-de-pamplona-joseba-asiron-y-el-concejal-de-accion-social-txema-mauleon-visitan-el-banco-de-alimentos-de-navarra\\\/#breadcrumb\",\"itemListElement\":[{\"@type\":\"ListItem\",\"position\":1,\"name\":\"Portada\",\"item\":\"https:\\\/\\\/www.laguiadepamplona.com\\\/actualidad\\\/\"},{\"@type\":\"ListItem\",\"position\":2,\"name\":\"El alcalde de Pamplona, Joseba Asiron, y el concejal de Acci\u00f3n Social, Txema Maule\u00f3n, visitan el Banco de Alimentos de Navarra\"}]},{\"@type\":\"WebSite\",\"@id\":\"https:\\\/\\\/www.laguiadepamplona.com\\\/actualidad\\\/#website\",\"url\":\"https:\\\/\\\/www.laguiadepamplona.com\\\/actualidad\\\/\",\"name\":\"La gu\u00eda de Pamplona\",\"description\":\"Noticias de Pamplona\",\"publisher\":{\"@id\":\"https:\\\/\\\/www.laguiadepamplona.com\\\/actualidad\\\/#organization\"},\"potentialAction\":[{\"@type\":\"SearchAction\",\"target\":{\"@type\":\"EntryPoint\",\"urlTemplate\":\"https:\\\/\\\/www.laguiadepamplona.com\\\/actualidad\\\/?s={search_term_string}\"},\"query-input\":{\"@type\":\"PropertyValueSpecification\",\"valueRequired\":true,\"valueName\":\"search_term_string\"}}],\"inLanguage\":\"es\"},{\"@type\":\"Organization\",\"@id\":\"https:\\\/\\\/www.laguiadepamplona.com\\\/actualidad\\\/#organization\",\"name\":\"La Gu\u00eda de Pamplona \\\/ Noticias\",\"url\":\"https:\\\/\\\/www.laguiadepamplona.com\\\/actualidad\\\/\",\"logo\":{\"@type\":\"ImageObject\",\"inLanguage\":\"es\",\"@id\":\"https:\\\/\\\/www.laguiadepamplona.com\\\/actualidad\\\/#\\\/schema\\\/logo\\\/image\\\/\",\"url\":\"https:\\\/\\\/www.laguiadepamplona.com\\\/actualidad\\\/wp-content\\\/uploads\\\/2018\\\/11\\\/logo-laguiadepamplona18-web1.png\",\"contentUrl\":\"https:\\\/\\\/www.laguiadepamplona.com\\\/actualidad\\\/wp-content\\\/uploads\\\/2018\\\/11\\\/logo-laguiadepamplona18-web1.png\",\"width\":600,\"height\":196,\"caption\":\"La Gu\u00eda de Pamplona \\\/ Noticias\"},\"image\":{\"@id\":\"https:\\\/\\\/www.laguiadepamplona.com\\\/actualidad\\\/#\\\/schema\\\/logo\\\/image\\\/\"},\"sameAs\":[\"https:\\\/\\\/www.facebook.com\\\/laguiadepamplonacom-133175176762273\\\/?ref=hl\",\"https:\\\/\\\/x.com\\\/LaGuiadPamplona\",\"https:\\\/\\\/www.instagram.com\\\/la_guia_de_pamplona\\\/\",\"https:\\\/\\\/www.youtube.com\\\/user\\\/laguiadepamplona\"]},{\"@type\":\"Person\",\"@id\":\"https:\\\/\\\/www.laguiadepamplona.com\\\/actualidad\\\/#\\\/schema\\\/person\\\/efe887376f0213d4657c93adc50b1fdb\",\"name\":\"La Gu\u00eda de Pamplona\",\"image\":{\"@type\":\"ImageObject\",\"inLanguage\":\"es\",\"@id\":\"https:\\\/\\\/secure.gravatar.com\\\/avatar\\\/b6992f131dc8d30ab0dff15446e9d346d9dbd95992de0fef795073f5ea83a81c?s=96&d=mm&r=g\",\"url\":\"https:\\\/\\\/secure.gravatar.com\\\/avatar\\\/b6992f131dc8d30ab0dff15446e9d346d9dbd95992de0fef795073f5ea83a81c?s=96&d=mm&r=g\",\"contentUrl\":\"https:\\\/\\\/secure.gravatar.com\\\/avatar\\\/b6992f131dc8d30ab0dff15446e9d346d9dbd95992de0fef795073f5ea83a81c?s=96&d=mm&r=g\",\"caption\":\"La Gu\u00eda de Pamplona\"}}]}<\/script>\n<!-- \/ Yoast SEO plugin. -->","yoast_head_json":{"title":"El alcalde de Pamplona, Joseba Asiron, y el concejal de Acci\u00f3n Social, Txema Maule\u00f3n, visitan el Banco de Alimentos de Navarra","description":"La presidenta de la Fundaci\u00f3n, Marisol Villar, ha mostrado las instalaciones y el funcionamiento de la instituci\u00f3n de ayuda social y contra el desperdicio alimentario","robots":{"index":"index","follow":"follow","max-snippet":"max-snippet:-1","max-image-preview":"max-image-preview:large","max-video-preview":"max-video-preview:-1"},"canonical":"https:\/\/www.laguiadepamplona.com\/actualidad\/el-alcalde-de-pamplona-joseba-asiron-y-el-concejal-de-accion-social-txema-mauleon-visitan-el-banco-de-alimentos-de-navarra\/","og_locale":"es_ES","og_type":"article","og_title":"El alcalde de Pamplona, Joseba Asiron, y el concejal de Acci\u00f3n Social, Txema Maule\u00f3n, visitan el Banco de Alimentos de Navarra","og_description":"La presidenta de la Fundaci\u00f3n, Marisol Villar, ha mostrado las instalaciones y el funcionamiento de la instituci\u00f3n de ayuda social y contra el desperdicio alimentario","og_url":"https:\/\/www.laguiadepamplona.com\/actualidad\/el-alcalde-de-pamplona-joseba-asiron-y-el-concejal-de-accion-social-txema-mauleon-visitan-el-banco-de-alimentos-de-navarra\/","og_site_name":"La Gu\u00eda de Pamplona","article_publisher":"https:\/\/www.facebook.com\/laguiadepamplonacom-133175176762273\/?ref=hl","article_published_time":"2024-04-22T15:15:47+00:00","og_image":[{"width":1200,"height":800,"url":"https:\/\/www.laguiadepamplona.com\/actualidad\/wp-content\/uploads\/2024\/04\/visita-banco-de-alimentos-dena0_0.webp","type":"image\/webp"}],"author":"La Gu\u00eda de Pamplona","twitter_card":"summary_large_image","twitter_creator":"@LaGuiadPamplona","twitter_site":"@LaGuiadPamplona","twitter_misc":{"Escrito por":"La Gu\u00eda de Pamplona","Tiempo de lectura":"2 minutos"},"schema":{"@context":"https:\/\/schema.org","@graph":[{"@type":"Article","@id":"https:\/\/www.laguiadepamplona.com\/actualidad\/el-alcalde-de-pamplona-joseba-asiron-y-el-concejal-de-accion-social-txema-mauleon-visitan-el-banco-de-alimentos-de-navarra\/#article","isPartOf":{"@id":"https:\/\/www.laguiadepamplona.com\/actualidad\/el-alcalde-de-pamplona-joseba-asiron-y-el-concejal-de-accion-social-txema-mauleon-visitan-el-banco-de-alimentos-de-navarra\/"},"author":{"name":"La Gu\u00eda de Pamplona","@id":"https:\/\/www.laguiadepamplona.com\/actualidad\/#\/schema\/person\/efe887376f0213d4657c93adc50b1fdb"},"headline":"El alcalde de Pamplona, Joseba Asiron, y el concejal de Acci\u00f3n Social, Txema Maule\u00f3n, visitan el Banco de Alimentos de Navarra","datePublished":"2024-04-22T15:15:47+00:00","mainEntityOfPage":{"@id":"https:\/\/www.laguiadepamplona.com\/actualidad\/el-alcalde-de-pamplona-joseba-asiron-y-el-concejal-de-accion-social-txema-mauleon-visitan-el-banco-de-alimentos-de-navarra\/"},"wordCount":363,"commentCount":0,"publisher":{"@id":"https:\/\/www.laguiadepamplona.com\/actualidad\/#organization"},"image":{"@id":"https:\/\/www.laguiadepamplona.com\/actualidad\/el-alcalde-de-pamplona-joseba-asiron-y-el-concejal-de-accion-social-txema-mauleon-visitan-el-banco-de-alimentos-de-navarra\/#primaryimage"},"thumbnailUrl":"https:\/\/www.laguiadepamplona.com\/actualidad\/wp-content\/uploads\/2024\/04\/visita-banco-de-alimentos-dena0_0.webp","articleSection":["Ayto Pamplona"],"inLanguage":"es","potentialAction":[{"@type":"CommentAction","name":"Comment","target":["https:\/\/www.laguiadepamplona.com\/actualidad\/el-alcalde-de-pamplona-joseba-asiron-y-el-concejal-de-accion-social-txema-mauleon-visitan-el-banco-de-alimentos-de-navarra\/#respond"]}]},{"@type":"WebPage","@id":"https:\/\/www.laguiadepamplona.com\/actualidad\/el-alcalde-de-pamplona-joseba-asiron-y-el-concejal-de-accion-social-txema-mauleon-visitan-el-banco-de-alimentos-de-navarra\/","url":"https:\/\/www.laguiadepamplona.com\/actualidad\/el-alcalde-de-pamplona-joseba-asiron-y-el-concejal-de-accion-social-txema-mauleon-visitan-el-banco-de-alimentos-de-navarra\/","name":"El alcalde de Pamplona, Joseba Asiron, y el concejal de Acci\u00f3n Social, Txema Maule\u00f3n, visitan el Banco de Alimentos de Navarra","isPartOf":{"@id":"https:\/\/www.laguiadepamplona.com\/actualidad\/#website"},"primaryImageOfPage":{"@id":"https:\/\/www.laguiadepamplona.com\/actualidad\/el-alcalde-de-pamplona-joseba-asiron-y-el-concejal-de-accion-social-txema-mauleon-visitan-el-banco-de-alimentos-de-navarra\/#primaryimage"},"image":{"@id":"https:\/\/www.laguiadepamplona.com\/actualidad\/el-alcalde-de-pamplona-joseba-asiron-y-el-concejal-de-accion-social-txema-mauleon-visitan-el-banco-de-alimentos-de-navarra\/#primaryimage"},"thumbnailUrl":"https:\/\/www.laguiadepamplona.com\/actualidad\/wp-content\/uploads\/2024\/04\/visita-banco-de-alimentos-dena0_0.webp","datePublished":"2024-04-22T15:15:47+00:00","description":"La presidenta de la Fundaci\u00f3n, Marisol Villar, ha mostrado las instalaciones y el funcionamiento de la instituci\u00f3n de ayuda social y contra el desperdicio alimentario","breadcrumb":{"@id":"https:\/\/www.laguiadepamplona.com\/actualidad\/el-alcalde-de-pamplona-joseba-asiron-y-el-concejal-de-accion-social-txema-mauleon-visitan-el-banco-de-alimentos-de-navarra\/#breadcrumb"},"inLanguage":"es","potentialAction":[{"@type":"ReadAction","target":["https:\/\/www.laguiadepamplona.com\/actualidad\/el-alcalde-de-pamplona-joseba-asiron-y-el-concejal-de-accion-social-txema-mauleon-visitan-el-banco-de-alimentos-de-navarra\/"]}]},{"@type":"ImageObject","inLanguage":"es","@id":"https:\/\/www.laguiadepamplona.com\/actualidad\/el-alcalde-de-pamplona-joseba-asiron-y-el-concejal-de-accion-social-txema-mauleon-visitan-el-banco-de-alimentos-de-navarra\/#primaryimage","url":"https:\/\/www.laguiadepamplona.com\/actualidad\/wp-content\/uploads\/2024\/04\/visita-banco-de-alimentos-dena0_0.webp","contentUrl":"https:\/\/www.laguiadepamplona.com\/actualidad\/wp-content\/uploads\/2024\/04\/visita-banco-de-alimentos-dena0_0.webp","width":1200,"height":800,"caption":"visita banco de alimentos Dena"},{"@type":"BreadcrumbList","@id":"https:\/\/www.laguiadepamplona.com\/actualidad\/el-alcalde-de-pamplona-joseba-asiron-y-el-concejal-de-accion-social-txema-mauleon-visitan-el-banco-de-alimentos-de-navarra\/#breadcrumb","itemListElement":[{"@type":"ListItem","position":1,"name":"Portada","item":"https:\/\/www.laguiadepamplona.com\/actualidad\/"},{"@type":"ListItem","position":2,"name":"El alcalde de Pamplona, Joseba Asiron, y el concejal de Acci\u00f3n Social, Txema Maule\u00f3n, visitan el Banco de Alimentos de Navarra"}]},{"@type":"WebSite","@id":"https:\/\/www.laguiadepamplona.com\/actualidad\/#website","url":"https:\/\/www.laguiadepamplona.com\/actualidad\/","name":"La gu\u00eda de Pamplona","description":"Noticias de Pamplona","publisher":{"@id":"https:\/\/www.laguiadepamplona.com\/actualidad\/#organization"},"potentialAction":[{"@type":"SearchAction","target":{"@type":"EntryPoint","urlTemplate":"https:\/\/www.laguiadepamplona.com\/actualidad\/?s={search_term_string}"},"query-input":{"@type":"PropertyValueSpecification","valueRequired":true,"valueName":"search_term_string"}}],"inLanguage":"es"},{"@type":"Organization","@id":"https:\/\/www.laguiadepamplona.com\/actualidad\/#organization","name":"La Gu\u00eda de Pamplona \/ Noticias","url":"https:\/\/www.laguiadepamplona.com\/actualidad\/","logo":{"@type":"ImageObject","inLanguage":"es","@id":"https:\/\/www.laguiadepamplona.com\/actualidad\/#\/schema\/logo\/image\/","url":"https:\/\/www.laguiadepamplona.com\/actualidad\/wp-content\/uploads\/2018\/11\/logo-laguiadepamplona18-web1.png","contentUrl":"https:\/\/www.laguiadepamplona.com\/actualidad\/wp-content\/uploads\/2018\/11\/logo-laguiadepamplona18-web1.png","width":600,"height":196,"caption":"La Gu\u00eda de Pamplona \/ Noticias"},"image":{"@id":"https:\/\/www.laguiadepamplona.com\/actualidad\/#\/schema\/logo\/image\/"},"sameAs":["https:\/\/www.facebook.com\/laguiadepamplonacom-133175176762273\/?ref=hl","https:\/\/x.com\/LaGuiadPamplona","https:\/\/www.instagram.com\/la_guia_de_pamplona\/","https:\/\/www.youtube.com\/user\/laguiadepamplona"]},{"@type":"Person","@id":"https:\/\/www.laguiadepamplona.com\/actualidad\/#\/schema\/person\/efe887376f0213d4657c93adc50b1fdb","name":"La Gu\u00eda de Pamplona","image":{"@type":"ImageObject","inLanguage":"es","@id":"https:\/\/secure.gravatar.com\/avatar\/b6992f131dc8d30ab0dff15446e9d346d9dbd95992de0fef795073f5ea83a81c?s=96&d=mm&r=g","url":"https:\/\/secure.gravatar.com\/avatar\/b6992f131dc8d30ab0dff15446e9d346d9dbd95992de0fef795073f5ea83a81c?s=96&d=mm&r=g","contentUrl":"https:\/\/secure.gravatar.com\/avatar\/b6992f131dc8d30ab0dff15446e9d346d9dbd95992de0fef795073f5ea83a81c?s=96&d=mm&r=g","caption":"La Gu\u00eda de Pamplona"}}]}},"post_mailing_queue_ids":[],"_links":{"self":[{"href":"https:\/\/www.laguiadepamplona.com\/actualidad\/wp-json\/wp\/v2\/posts\/49456","targetHints":{"allow":["GET"]}}],"collection":[{"href":"https:\/\/www.laguiadepamplona.com\/actualidad\/wp-json\/wp\/v2\/posts"}],"about":[{"href":"https:\/\/www.laguiadepamplona.com\/actualidad\/wp-json\/wp\/v2\/types\/post"}],"author":[{"embeddable":true,"href":"https:\/\/www.laguiadepamplona.com\/actualidad\/wp-json\/wp\/v2\/users\/1"}],"replies":[{"embeddable":true,"href":"https:\/\/www.laguiadepamplona.com\/actualidad\/wp-json\/wp\/v2\/comments?post=49456"}],"version-history":[{"count":1,"href":"https:\/\/www.laguiadepamplona.com\/actualidad\/wp-json\/wp\/v2\/posts\/49456\/revisions"}],"predecessor-version":[{"id":49458,"href":"https:\/\/www.laguiadepamplona.com\/actualidad\/wp-json\/wp\/v2\/posts\/49456\/revisions\/49458"}],"wp:featuredmedia":[{"embeddable":true,"href":"https:\/\/www.laguiadepamplona.com\/actualidad\/wp-json\/wp\/v2\/media\/49457"}],"wp:attachment":[{"href":"https:\/\/www.laguiadepamplona.com\/actualidad\/wp-json\/wp\/v2\/media?parent=49456"}],"wp:term":[{"taxonomy":"category","embeddable":true,"href":"https:\/\/www.laguiadepamplona.com\/actualidad\/wp-json\/wp\/v2\/categories?post=49456"},{"taxonomy":"post_tag","embeddable":true,"href":"https:\/\/www.laguiadepamplona.com\/actualidad\/wp-json\/wp\/v2\/tags?post=49456"}],"curies":[{"name":"wp","href":"https:\/\/api.w.org\/{rel}","templated":true}]}}