{"id":49451,"date":"2024-04-22T11:55:05","date_gmt":"2024-04-22T09:55:05","guid":{"rendered":"https:\/\/www.laguiadepamplona.com\/actualidad\/?p=49451"},"modified":"2024-04-22T11:55:05","modified_gmt":"2024-04-22T09:55:05","slug":"propuesta-de-actividades-organizadas-por-el-ayuntamiento-de-pamplona-del-23-al-25-de-abril-con-plazas-libres","status":"publish","type":"post","link":"https:\/\/www.laguiadepamplona.com\/actualidad\/propuesta-de-actividades-organizadas-por-el-ayuntamiento-de-pamplona-del-23-al-25-de-abril-con-plazas-libres\/","title":{"rendered":"Propuesta de actividades organizadas por el Ayuntamiento de Pamplona del 23 al 25 de abril con plazas libres"},"content":{"rendered":"<p><!--more--><\/p>\n<p><strong>MARTES 23 DE ABRIL<\/strong><\/p>\n<p><a href=\"https:\/\/www.pamplona.es\/actualidad\/eventos\/dia-del-libro-y-de-la-flor-2024\">D\u00eda del Libro y de la Flor. Peatonal de Carlos III en su confluencia con la avenida de Roncesvalles<\/a>, de 10 a 21 horas. Libre participaci\u00f3n<\/p>\n<p>Las librer\u00edas salen a la calle para celebrar el D\u00eda Internacional del Libro. Ofrecen descuentos del 10% por la compra de libros. Se podr\u00e1n tambi\u00e9n comprar rosas con fines solidarios. Esta iniciativa se lleva a cabo a trav\u00e9s de un convenio de colaboraci\u00f3n entre la Asociaci\u00f3n de Libreros Diego de Haro y el Ayuntamiento de Pamplona.<\/p>\n<p>&nbsp;<\/p>\n<p><a href=\"https:\/\/www.pamplona.es\/actualidad\/eventos\/trabajando-por-la-discapacidad-mesa-redonda-empleo-para-las-personas-con\">Trabajando por la discapacidad. Mesa redonda. Empleo para las personas con discapacidad intelectural. Civivox Condestable<\/a>, 12 horas. Entrada libre, previa inscripci\u00f3n en el 010, la red Civivox o <a href=\"http:\/\/www.pamplonaescultura.es\">www.pamplonaescultura.es<\/a><\/p>\n<p>Empresas navarras comparten su experiencia trabajando con Tasubinsa y dando empleo a personas con discapacidad intelectual. Con personas responsables de empresas invitadas por Tasubinsa. Ciclo organizado en colaboraci\u00f3n con Tasubinsa en su 35 aniversario.<\/p>\n<p>&nbsp;<\/p>\n<p><a href=\"https:\/\/www.pamplona.es\/actualidad\/eventos\/dia-mundial-del-libro-cafeteando-quedada-creativa-casa-de-la-juventud\">#Cafeteando. D\u00eda Mundial del Libro. Quedadas creativas. Rosas de Sant Jordi. Casa de la Juventud<\/a>, 17.30 horas. Entrada libre, hasta completar el aforo<\/p>\n<p>La Casa de la Juventud ha preparado una quedada creativa para hacer rosas de Sant Jordi. Un taller de flores de papel en el que no se necesitan habilidades previas, solo ganas de divertirte y crear.<\/p>\n<p>&nbsp;<\/p>\n<p><a href=\"https:\/\/www.pamplona.es\/actualidad\/eventos\/dia-mundial-del-libro-taller-fanzine-exquisito-y-su-distribucion-offline-casa-de\">D\u00eda Mundial del Libro. Taller. Fanzine exquisito y su distribuci\u00f3n offline. Casa de la Juventud<\/a>, 18 horas. Entrada libre, hasta completar el aforo<\/p>\n<p>Elegiremos un tema central entre todos, veremos distintas formas de incluir los contenidos, tipos de plegados y encuadernados simples, la multiplicaci\u00f3n y creaci\u00f3n de una peque\u00f1a tirada para su posterior distribuci\u00f3n y exhibici\u00f3n, etc. Una pr\u00e1ctica muy interesante si quieres compartir tus recetas de cocina, tu top ten de gustos musicales, inventar una historieta, filosofar o compilar tus mejores ilustraciones \u00a1Lo que t\u00fa quieras!<\/p>\n<p>&nbsp;<\/p>\n<p><a href=\"https:\/\/www.pamplona.es\/actualidad\/eventos\/cuentacuentos-en-euskera-con-kamishibai-biblioteca-mendillorri\">Cuentacuentos en euskera. \u201cLiburuaren egunean, arrosa bat eta istorio mila\u201d. Biblioteca Mendillorri<\/a>. 18.15 horas. Inscripciones en la propia biblioteca<\/p>\n<p>Cuentacuentos en euskera, con la narraci\u00f3n de Ventura Ruiz. Sesi\u00f3n dirigida a p\u00fablico infantil a partir de 4 a\u00f1os.<\/p>\n<p>&nbsp;<\/p>\n<p><a href=\"httops:\/\/www.pamplona.es\/actualidad\/eventos\/conferencia-charla-canina-con-docan-biblioteca-publica-de-txantrea\">Conferencia. Charla canina con DOCAN. Biblioteca P\u00fablica de Txantrea<\/a>, 19 horas. Entrada libre, hasta completar el aforo<\/p>\n<p>Dentro de la semana cultural del barrio, DOCAN volver\u00e1 a la biblioteca para contarnos las claves del desarrollo del cachorro.<\/p>\n<p>&nbsp;<\/p>\n<p><a href=\"https:\/\/www.pamplona.es\/actualidad\/eventos\/muestra-de-teatro-universitario-desequilibrios-del-grupo-maricastana-de-la\">Muestra de Teatro Universitario. \u2018Desequilibrios\u2019, del Grupo Maricasta\u00f1a de\u00a0la Universidad de Vigo (Campus de Ourense). Civivox Iturrama<\/a>, 19.30 horas. Entrada: 1 euro, previa inscripci\u00f3n en el 010, la red Civivox y <a href=\"http:\/\/www.pamplonaescultura.es\">www.pamplonaescultura.es<\/a><\/p>\n<p><em>Obra inspirada libremente en &#8216;Alguien vol\u00f3 sobre el nido del cuco&#8217; de Ken Kesey<\/em>.\u00a0El manicomio es un lugar a donde van a parar las personas que son diferentes, que no encajan en una sociedad que busca (su) equilibrio para poder tener todo controlado hacia la productividad. Sucede que el manicomio est\u00e1 obsoleto.\u00a0Esta es una historia de fuerzas en oposici\u00f3n: las de aquellas personas que tienen el poder e quieren perpetuarse en el y las que lo cuestionan desde su locura. Es tambi\u00e9n una historia de amistad, de revuelta, de represi\u00f3n, de creatividad, de amor, de liderazgo, de sacrificio.<\/p>\n<p>&nbsp;<br \/>\n<script async src=\"\/\/pagead2.googlesyndication.com\/pagead\/js\/adsbygoogle.js\"><\/script><br \/>\n<!-- Noticias La Guia de Pamplona --><br \/>\n<ins class=\"adsbygoogle\"\nstyle=\"display:block\"\ndata-ad-client=\"ca-pub-6943679897239327\"\ndata-ad-slot=\"7048180777\"\ndata-ad-format=\"auto\"><\/ins><br \/>\n<script>\n(adsbygoogle = window.adsbygoogle || []).push({});\n<\/script><br \/>\n<strong>MI\u00c9RCOLES 24 DE ABRIL<\/strong><\/p>\n<p><a href=\"https:\/\/www.pamplona.es\/actualidad\/eventos\/escuela-de-sostenibilidad-oficina-de-informacion-energetica-museo-de-educacion\">Escuela de Sostenibilidad. Oficina de Informaci\u00f3n Energ\u00e9tica. Museo de Educaci\u00f3n Ambiental<\/a>, de 10 a 13 horas y de 18 a 20 horas. Cita previa en el tel\u00e9fono 010 o a trav\u00e9s de la Sede Electr\u00f3nica del Ayuntamiento de Pamplona<\/p>\n<p>Esta Oficina de Informaci\u00f3n Energ\u00e9tica ofrece servicios de asesoramiento a la ciudadan\u00eda en temas de comunidades energ\u00e9ticas, energ\u00edas renovables, rehabilitaci\u00f3n energ\u00e9tica, subvenciones y ayudas de energ\u00edas renovables, as\u00ed como asesoramiento de facturas.<\/p>\n<p>&nbsp;<\/p>\n<p><a href=\"https:\/\/www.pamplona.es\/actualidad\/eventos\/trabajando-por-la-discapacidad-taller-participativo-visibilizando-la\">Trabajando por la discapacidad. Taller participativo. Visibilizando la discapacidad. Civivox Jus la Rocha<\/a>, 12 horas. Entrada libre, previa inscripci\u00f3n en el 010, la red Civivox o <a href=\"http:\/\/www.pamplonaescultura.es\">www.pamplonaescultura.es<\/a><\/p>\n<p>Personas con discapacidad realizan una din\u00e1mica de grupo para dar a conocer el concepto sobre discapacidad intelectual y\/o del desarrollo. Imparte la sesi\u00f3n persona de Tasubinsa. Ciclo organizado en colaboraci\u00f3n con Tasubinsa en su 35 aniversario.<\/p>\n<p>&nbsp;<\/p>\n<p><a href=\"https:\/\/www.pamplona.es\/actualidad\/eventos\/muestra-de-teatro-universitario-dejandome-la-piel-del-grupo-de-teatro-del-campus\">Muestra de Teatro Universitario. \u2018Dej\u00e1ndome la piel\u2019, del Grupo de Teatro del Campus Universitario de Soria (Universidad de Valladolid). Civivox Iturrama<\/a>, 19.30 horas. Entrada: 1 euro, previa inscripci\u00f3n en el 010, la red Civivox y <a href=\"http:\/\/www.pamplonaescultura.es\">www.pamplonaescultura.es<\/a><\/p>\n<p>Muchos pueblos de la Espa\u00f1a interior se est\u00e1n quedando sin gente. Solamente se quedan los mayores porque han tenido y tienen su vida all\u00ed, y que, por ley de vida, poco a poco van desapareciendo. Los j\u00f3venes se van a las grandes ciudades en busca de un futuro mejor. Alg\u00fan joven se queda en el pueblo, porque no puede irse, y ese joven es el que puede salvar el pueblo. Pero tendr\u00e1 que hacer un milagro.<\/p>\n<p>&nbsp;<\/p>\n<p><strong>JUEVES 25 DE ABRIL<\/strong><\/p>\n<p><a href=\"https:\/\/www.pamplona.es\/actualidad\/eventos\/mamuka-taller-en-euskera-haurrentzako-dantza-garaikide-lantegia-civivox\">Mamuka. Taller en euskera. Haurrentzako dantza garaikide lantegia. Civivox Mendillorri<\/a>, 17.30 horas. Entrada libre, previa inscripci\u00f3n en el 010, la red Civivox o <a href=\"http:\/\/www.pamplonaescultura.es\">www.pamplonaescultura.es<\/a>.<\/p>\n<p>Elirale Konpainia quiere compartir el mundo de su espect\u00e1culo en un taller infantil. Se trata de un taller de danza contempor\u00e1nea que busca crear y experimentar un momento de danza conjunta, inspirado en el movimiento de los diferentes seres que habitan un bosque, como los \u00e1rboles o los insectos. Dirigido a menores de 6 a 8 a\u00f1os.<\/p>\n<p>&nbsp;<\/p>\n<p><a href=\"https:\/\/www.pamplona.es\/actualidad\/eventos\/taller-consumo-responsable-biblioteca-san-francisco\">Taller. Consumo responsable. Biblioteca P\u00fablica de San Francisco<\/a>, 18 horas. Inscripciones en la biblioteca, en el 948 210 524 o en <a href=\"mailto:biblisfr@navarra.es\">biblisfr@navarra.es<\/a><\/p>\n<p>Taller para todos los p\u00fablicos en torno al consumo responsable impartido por el CPAEN. La actividad terminar\u00e1 con una degustaci\u00f3n. Menores de 8 a\u00f1os deber\u00e1n acudir en compa\u00f1\u00eda de una persona adulta.<\/p>\n<p><a href=\"https:\/\/www.pamplona.es\/actualidad\/eventos\/cuentacuentos-soy-platano-biblioteca-publica-de-san-jorge\">Cuentacuentos. \u2018Soy Pl\u00e1tano\u2019. Biblioteca P\u00fablica de San Jorge<\/a>, 18 horas. Entrada libre, hasta completar el aforo<\/p>\n<p>Presentaci\u00f3n de cuento \u2018Soy Pl\u00e1tano\u2019, a cargo de su autora M\u00aa Paz Jaurrieta, un relato sobre el racismo y la xenofobia que nos har\u00e1 ver la realidad desde otra \u00f3ptica.<br \/>\nNuestro amigo Pl\u00e1tano, un t\u00edo como poco peculiar. No le gusta nadie que no sea \u00e9l mismo; una contrariedad trat\u00e1ndose de una fruta dulce. \u00bfNo crees? Tal vez Pl\u00e1tano, debiera de entender que todos somos iguales en la diferencia o, diferentes dentro de una igualdad\u2026 No importa el lugar de procedencia, el color ni la ideolog\u00eda. Todos estamos aqu\u00ed para compartir, ayudarnos, respetarnos y querernos. Eso es lo importante y ah\u00ed radica la verdadera dulzura de Pl\u00e1tano.<\/p>\n<p>&nbsp;<\/p>\n<p><a href=\"https:\/\/www.pamplona.es\/actualidad\/eventos\/trabajando-por-la-discapacidad-mesa-redonda-apoyos-y-recursos-para-las-personas\">Trabajando por la discapacidad. Mesa redonda. Apoyos y recursos para las personas con discapacidad intelectual. Civivox Iturrama<\/a>, 18 horas. Entrada libre, previa inscripci\u00f3n en el 010, la red Civivox o <a href=\"http:\/\/www.pamplonaescultura.es\">www.pamplonaescultura.es<\/a><\/p>\n<p>\u00bfQu\u00e9 ocurre cuando las familias faltan? Hablamos de las necesidades que plantean las familias y recopilamos los apoyos y recursos con los que cuentan las personas con discapacidad intelectual. Con miembro de Tasubinsa, ANFAS, Plena Inclusi\u00f3n, FUTUNA y ANDP. Ciclo organizado en colaboraci\u00f3n con Tasubinsa en su 35 aniversario.<\/p>\n<p>&nbsp;<\/p>\n<p><a href=\"https:\/\/www.pamplona.es\/actualidad\/eventos\/oh-diosas-amadas-autoras-frente-sus-iconos-literarios-conferencia-begona-mendez\">\u00a1Oh diosas amadas! Autoras frente a sus iconos literarios. Conferencia. Bego\u00f1a M\u00e9ndez. Civivox Condestable<\/a>, 19 horas. Entrada libre, previa inscripci\u00f3n en el 010, la red Civivox o <a href=\"http:\/\/www.pamplonaescultura.es\">www.pamplonaescultura.es<\/a><\/p>\n<p>Bego\u00f1a M\u00e9ndez, autora de cuatro ensayos muy personales, con un potente aliento po\u00e9tico, en los que ahonda en la identidad femenina, la sexualidad, la pareja, la escritura o la biograf\u00eda de otras autoras, elige como diosa amada a Anne Carson, poeta y ensayista, y una autora fundamental en la literatura contempor\u00e1nea.<\/p>\n<p>&nbsp;<\/p>\n<p><a href=\"https:\/\/www.pamplona.es\/actualidad\/eventos\/muestra-de-teatro-universitario-dejandome-la-piel-de-la-compania-de-teatro-da\">Muestra de Teatro Universitario. \u2018Dej\u00e1ndome la piel\u2019, de la compa\u00f1\u00eda de teatro Da USC-Lugo de la Universidad de Santiago de Compostela. Civivox Iturrama<\/a>, 19.30 horas. Entrada: 1 euro, previa inscripci\u00f3n en el 010, la red Civivox y <a href=\"http:\/\/www.pamplonaescultura.es\">www.pamplonaescultura.es<\/a><\/p>\n<p>Inspirada en textos de \u2018La vida es sue\u00f1o\u2019 de Calder\u00f3n de la Barca y \u2018Lawrence anyways\u2019 de Xavier Dolan. \u2018Dej\u00e1ndome la piel\u2019 danza entre varios mundos, varios personajes presos de la misma historia. Juventud, amor, g\u00e9nero y frustraci\u00f3n ser\u00e1n los protagonistas que tratar\u00e1n de sobrevivir en una sociedad deshumanizada. \u00bfNo es la sociedad a que est\u00e1 mal? \u00bfCu\u00e1l es el l\u00edmite de una persona? \u00bfHasta d\u00f3nde podemos presionar a un ser humano para que haga lo innombrable?<\/p>\n","protected":false},"excerpt":{"rendered":"","protected":false},"author":1,"featured_media":36074,"comment_status":"open","ping_status":"closed","sticky":false,"template":"","format":"standard","meta":{"footnotes":""},"categories":[2],"tags":[],"class_list":["post-49451","post","type-post","status-publish","format-standard","has-post-thumbnail","hentry","category-ayuntamiento-pamplona"],"yoast_head":"<!-- This site is optimized with the Yoast SEO plugin v27.3 - https:\/\/yoast.com\/product\/yoast-seo-wordpress\/ -->\n<title>Propuesta de actividades organizadas por el Ayuntamiento de Pamplona del 23 al 25 de abril con plazas libres<\/title>\n<meta name=\"robots\" content=\"index, follow, max-snippet:-1, max-image-preview:large, max-video-preview:-1\" \/>\n<link rel=\"canonical\" href=\"https:\/\/www.laguiadepamplona.com\/actualidad\/propuesta-de-actividades-organizadas-por-el-ayuntamiento-de-pamplona-del-23-al-25-de-abril-con-plazas-libres\/\" \/>\n<meta property=\"og:locale\" content=\"es_ES\" \/>\n<meta property=\"og:type\" content=\"article\" \/>\n<meta property=\"og:title\" content=\"Propuesta de actividades organizadas por el Ayuntamiento de Pamplona del 23 al 25 de abril con plazas libres\" \/>\n<meta property=\"og:url\" content=\"https:\/\/www.laguiadepamplona.com\/actualidad\/propuesta-de-actividades-organizadas-por-el-ayuntamiento-de-pamplona-del-23-al-25-de-abril-con-plazas-libres\/\" \/>\n<meta property=\"og:site_name\" content=\"La Gu\u00eda de Pamplona\" \/>\n<meta property=\"article:publisher\" content=\"https:\/\/www.facebook.com\/laguiadepamplonacom-133175176762273\/?ref=hl\" \/>\n<meta property=\"article:published_time\" content=\"2024-04-22T09:55:05+00:00\" \/>\n<meta property=\"og:image\" content=\"https:\/\/www.laguiadepamplona.com\/actualidad\/wp-content\/uploads\/2021\/08\/ayuntamiento-pamplona2.jpg\" \/>\n\t<meta property=\"og:image:width\" content=\"1920\" \/>\n\t<meta property=\"og:image:height\" content=\"1080\" \/>\n\t<meta property=\"og:image:type\" content=\"image\/jpeg\" \/>\n<meta name=\"author\" content=\"La Gu\u00eda de Pamplona\" \/>\n<meta name=\"twitter:card\" content=\"summary_large_image\" \/>\n<meta name=\"twitter:creator\" content=\"@LaGuiadPamplona\" \/>\n<meta name=\"twitter:site\" content=\"@LaGuiadPamplona\" \/>\n<meta name=\"twitter:label1\" content=\"Escrito por\" \/>\n\t<meta name=\"twitter:data1\" content=\"La Gu\u00eda de Pamplona\" \/>\n\t<meta name=\"twitter:label2\" content=\"Tiempo de lectura\" \/>\n\t<meta name=\"twitter:data2\" content=\"7 minutos\" \/>\n<script type=\"application\/ld+json\" class=\"yoast-schema-graph\">{\"@context\":\"https:\\\/\\\/schema.org\",\"@graph\":[{\"@type\":\"Article\",\"@id\":\"https:\\\/\\\/www.laguiadepamplona.com\\\/actualidad\\\/propuesta-de-actividades-organizadas-por-el-ayuntamiento-de-pamplona-del-23-al-25-de-abril-con-plazas-libres\\\/#article\",\"isPartOf\":{\"@id\":\"https:\\\/\\\/www.laguiadepamplona.com\\\/actualidad\\\/propuesta-de-actividades-organizadas-por-el-ayuntamiento-de-pamplona-del-23-al-25-de-abril-con-plazas-libres\\\/\"},\"author\":{\"name\":\"La Gu\u00eda de Pamplona\",\"@id\":\"https:\\\/\\\/www.laguiadepamplona.com\\\/actualidad\\\/#\\\/schema\\\/person\\\/efe887376f0213d4657c93adc50b1fdb\"},\"headline\":\"Propuesta de actividades organizadas por el Ayuntamiento de Pamplona del 23 al 25 de abril con plazas libres\",\"datePublished\":\"2024-04-22T09:55:05+00:00\",\"mainEntityOfPage\":{\"@id\":\"https:\\\/\\\/www.laguiadepamplona.com\\\/actualidad\\\/propuesta-de-actividades-organizadas-por-el-ayuntamiento-de-pamplona-del-23-al-25-de-abril-con-plazas-libres\\\/\"},\"wordCount\":1391,\"commentCount\":0,\"publisher\":{\"@id\":\"https:\\\/\\\/www.laguiadepamplona.com\\\/actualidad\\\/#organization\"},\"image\":{\"@id\":\"https:\\\/\\\/www.laguiadepamplona.com\\\/actualidad\\\/propuesta-de-actividades-organizadas-por-el-ayuntamiento-de-pamplona-del-23-al-25-de-abril-con-plazas-libres\\\/#primaryimage\"},\"thumbnailUrl\":\"https:\\\/\\\/www.laguiadepamplona.com\\\/actualidad\\\/wp-content\\\/uploads\\\/2021\\\/08\\\/ayuntamiento-pamplona2.jpg\",\"articleSection\":[\"Ayto Pamplona\"],\"inLanguage\":\"es\",\"potentialAction\":[{\"@type\":\"CommentAction\",\"name\":\"Comment\",\"target\":[\"https:\\\/\\\/www.laguiadepamplona.com\\\/actualidad\\\/propuesta-de-actividades-organizadas-por-el-ayuntamiento-de-pamplona-del-23-al-25-de-abril-con-plazas-libres\\\/#respond\"]}]},{\"@type\":\"WebPage\",\"@id\":\"https:\\\/\\\/www.laguiadepamplona.com\\\/actualidad\\\/propuesta-de-actividades-organizadas-por-el-ayuntamiento-de-pamplona-del-23-al-25-de-abril-con-plazas-libres\\\/\",\"url\":\"https:\\\/\\\/www.laguiadepamplona.com\\\/actualidad\\\/propuesta-de-actividades-organizadas-por-el-ayuntamiento-de-pamplona-del-23-al-25-de-abril-con-plazas-libres\\\/\",\"name\":\"Propuesta de actividades organizadas por el Ayuntamiento de Pamplona del 23 al 25 de abril con plazas libres\",\"isPartOf\":{\"@id\":\"https:\\\/\\\/www.laguiadepamplona.com\\\/actualidad\\\/#website\"},\"primaryImageOfPage\":{\"@id\":\"https:\\\/\\\/www.laguiadepamplona.com\\\/actualidad\\\/propuesta-de-actividades-organizadas-por-el-ayuntamiento-de-pamplona-del-23-al-25-de-abril-con-plazas-libres\\\/#primaryimage\"},\"image\":{\"@id\":\"https:\\\/\\\/www.laguiadepamplona.com\\\/actualidad\\\/propuesta-de-actividades-organizadas-por-el-ayuntamiento-de-pamplona-del-23-al-25-de-abril-con-plazas-libres\\\/#primaryimage\"},\"thumbnailUrl\":\"https:\\\/\\\/www.laguiadepamplona.com\\\/actualidad\\\/wp-content\\\/uploads\\\/2021\\\/08\\\/ayuntamiento-pamplona2.jpg\",\"datePublished\":\"2024-04-22T09:55:05+00:00\",\"breadcrumb\":{\"@id\":\"https:\\\/\\\/www.laguiadepamplona.com\\\/actualidad\\\/propuesta-de-actividades-organizadas-por-el-ayuntamiento-de-pamplona-del-23-al-25-de-abril-con-plazas-libres\\\/#breadcrumb\"},\"inLanguage\":\"es\",\"potentialAction\":[{\"@type\":\"ReadAction\",\"target\":[\"https:\\\/\\\/www.laguiadepamplona.com\\\/actualidad\\\/propuesta-de-actividades-organizadas-por-el-ayuntamiento-de-pamplona-del-23-al-25-de-abril-con-plazas-libres\\\/\"]}]},{\"@type\":\"ImageObject\",\"inLanguage\":\"es\",\"@id\":\"https:\\\/\\\/www.laguiadepamplona.com\\\/actualidad\\\/propuesta-de-actividades-organizadas-por-el-ayuntamiento-de-pamplona-del-23-al-25-de-abril-con-plazas-libres\\\/#primaryimage\",\"url\":\"https:\\\/\\\/www.laguiadepamplona.com\\\/actualidad\\\/wp-content\\\/uploads\\\/2021\\\/08\\\/ayuntamiento-pamplona2.jpg\",\"contentUrl\":\"https:\\\/\\\/www.laguiadepamplona.com\\\/actualidad\\\/wp-content\\\/uploads\\\/2021\\\/08\\\/ayuntamiento-pamplona2.jpg\",\"width\":1920,\"height\":1080,\"caption\":\"ayuntamiento pamplona\"},{\"@type\":\"BreadcrumbList\",\"@id\":\"https:\\\/\\\/www.laguiadepamplona.com\\\/actualidad\\\/propuesta-de-actividades-organizadas-por-el-ayuntamiento-de-pamplona-del-23-al-25-de-abril-con-plazas-libres\\\/#breadcrumb\",\"itemListElement\":[{\"@type\":\"ListItem\",\"position\":1,\"name\":\"Portada\",\"item\":\"https:\\\/\\\/www.laguiadepamplona.com\\\/actualidad\\\/\"},{\"@type\":\"ListItem\",\"position\":2,\"name\":\"Propuesta de actividades organizadas por el Ayuntamiento de Pamplona del 23 al 25 de abril con plazas libres\"}]},{\"@type\":\"WebSite\",\"@id\":\"https:\\\/\\\/www.laguiadepamplona.com\\\/actualidad\\\/#website\",\"url\":\"https:\\\/\\\/www.laguiadepamplona.com\\\/actualidad\\\/\",\"name\":\"La gu\u00eda de Pamplona\",\"description\":\"Noticias de Pamplona\",\"publisher\":{\"@id\":\"https:\\\/\\\/www.laguiadepamplona.com\\\/actualidad\\\/#organization\"},\"potentialAction\":[{\"@type\":\"SearchAction\",\"target\":{\"@type\":\"EntryPoint\",\"urlTemplate\":\"https:\\\/\\\/www.laguiadepamplona.com\\\/actualidad\\\/?s={search_term_string}\"},\"query-input\":{\"@type\":\"PropertyValueSpecification\",\"valueRequired\":true,\"valueName\":\"search_term_string\"}}],\"inLanguage\":\"es\"},{\"@type\":\"Organization\",\"@id\":\"https:\\\/\\\/www.laguiadepamplona.com\\\/actualidad\\\/#organization\",\"name\":\"La Gu\u00eda de Pamplona \\\/ Noticias\",\"url\":\"https:\\\/\\\/www.laguiadepamplona.com\\\/actualidad\\\/\",\"logo\":{\"@type\":\"ImageObject\",\"inLanguage\":\"es\",\"@id\":\"https:\\\/\\\/www.laguiadepamplona.com\\\/actualidad\\\/#\\\/schema\\\/logo\\\/image\\\/\",\"url\":\"https:\\\/\\\/www.laguiadepamplona.com\\\/actualidad\\\/wp-content\\\/uploads\\\/2018\\\/11\\\/logo-laguiadepamplona18-web1.png\",\"contentUrl\":\"https:\\\/\\\/www.laguiadepamplona.com\\\/actualidad\\\/wp-content\\\/uploads\\\/2018\\\/11\\\/logo-laguiadepamplona18-web1.png\",\"width\":600,\"height\":196,\"caption\":\"La Gu\u00eda de Pamplona \\\/ Noticias\"},\"image\":{\"@id\":\"https:\\\/\\\/www.laguiadepamplona.com\\\/actualidad\\\/#\\\/schema\\\/logo\\\/image\\\/\"},\"sameAs\":[\"https:\\\/\\\/www.facebook.com\\\/laguiadepamplonacom-133175176762273\\\/?ref=hl\",\"https:\\\/\\\/x.com\\\/LaGuiadPamplona\",\"https:\\\/\\\/www.instagram.com\\\/la_guia_de_pamplona\\\/\",\"https:\\\/\\\/www.youtube.com\\\/user\\\/laguiadepamplona\"]},{\"@type\":\"Person\",\"@id\":\"https:\\\/\\\/www.laguiadepamplona.com\\\/actualidad\\\/#\\\/schema\\\/person\\\/efe887376f0213d4657c93adc50b1fdb\",\"name\":\"La Gu\u00eda de Pamplona\",\"image\":{\"@type\":\"ImageObject\",\"inLanguage\":\"es\",\"@id\":\"https:\\\/\\\/secure.gravatar.com\\\/avatar\\\/b6992f131dc8d30ab0dff15446e9d346d9dbd95992de0fef795073f5ea83a81c?s=96&d=mm&r=g\",\"url\":\"https:\\\/\\\/secure.gravatar.com\\\/avatar\\\/b6992f131dc8d30ab0dff15446e9d346d9dbd95992de0fef795073f5ea83a81c?s=96&d=mm&r=g\",\"contentUrl\":\"https:\\\/\\\/secure.gravatar.com\\\/avatar\\\/b6992f131dc8d30ab0dff15446e9d346d9dbd95992de0fef795073f5ea83a81c?s=96&d=mm&r=g\",\"caption\":\"La Gu\u00eda de Pamplona\"}}]}<\/script>\n<!-- \/ Yoast SEO plugin. -->","yoast_head_json":{"title":"Propuesta de actividades organizadas por el Ayuntamiento de Pamplona del 23 al 25 de abril con plazas libres","robots":{"index":"index","follow":"follow","max-snippet":"max-snippet:-1","max-image-preview":"max-image-preview:large","max-video-preview":"max-video-preview:-1"},"canonical":"https:\/\/www.laguiadepamplona.com\/actualidad\/propuesta-de-actividades-organizadas-por-el-ayuntamiento-de-pamplona-del-23-al-25-de-abril-con-plazas-libres\/","og_locale":"es_ES","og_type":"article","og_title":"Propuesta de actividades organizadas por el Ayuntamiento de Pamplona del 23 al 25 de abril con plazas libres","og_url":"https:\/\/www.laguiadepamplona.com\/actualidad\/propuesta-de-actividades-organizadas-por-el-ayuntamiento-de-pamplona-del-23-al-25-de-abril-con-plazas-libres\/","og_site_name":"La Gu\u00eda de Pamplona","article_publisher":"https:\/\/www.facebook.com\/laguiadepamplonacom-133175176762273\/?ref=hl","article_published_time":"2024-04-22T09:55:05+00:00","og_image":[{"width":1920,"height":1080,"url":"https:\/\/www.laguiadepamplona.com\/actualidad\/wp-content\/uploads\/2021\/08\/ayuntamiento-pamplona2.jpg","type":"image\/jpeg"}],"author":"La Gu\u00eda de Pamplona","twitter_card":"summary_large_image","twitter_creator":"@LaGuiadPamplona","twitter_site":"@LaGuiadPamplona","twitter_misc":{"Escrito por":"La Gu\u00eda de Pamplona","Tiempo de lectura":"7 minutos"},"schema":{"@context":"https:\/\/schema.org","@graph":[{"@type":"Article","@id":"https:\/\/www.laguiadepamplona.com\/actualidad\/propuesta-de-actividades-organizadas-por-el-ayuntamiento-de-pamplona-del-23-al-25-de-abril-con-plazas-libres\/#article","isPartOf":{"@id":"https:\/\/www.laguiadepamplona.com\/actualidad\/propuesta-de-actividades-organizadas-por-el-ayuntamiento-de-pamplona-del-23-al-25-de-abril-con-plazas-libres\/"},"author":{"name":"La Gu\u00eda de Pamplona","@id":"https:\/\/www.laguiadepamplona.com\/actualidad\/#\/schema\/person\/efe887376f0213d4657c93adc50b1fdb"},"headline":"Propuesta de actividades organizadas por el Ayuntamiento de Pamplona del 23 al 25 de abril con plazas libres","datePublished":"2024-04-22T09:55:05+00:00","mainEntityOfPage":{"@id":"https:\/\/www.laguiadepamplona.com\/actualidad\/propuesta-de-actividades-organizadas-por-el-ayuntamiento-de-pamplona-del-23-al-25-de-abril-con-plazas-libres\/"},"wordCount":1391,"commentCount":0,"publisher":{"@id":"https:\/\/www.laguiadepamplona.com\/actualidad\/#organization"},"image":{"@id":"https:\/\/www.laguiadepamplona.com\/actualidad\/propuesta-de-actividades-organizadas-por-el-ayuntamiento-de-pamplona-del-23-al-25-de-abril-con-plazas-libres\/#primaryimage"},"thumbnailUrl":"https:\/\/www.laguiadepamplona.com\/actualidad\/wp-content\/uploads\/2021\/08\/ayuntamiento-pamplona2.jpg","articleSection":["Ayto Pamplona"],"inLanguage":"es","potentialAction":[{"@type":"CommentAction","name":"Comment","target":["https:\/\/www.laguiadepamplona.com\/actualidad\/propuesta-de-actividades-organizadas-por-el-ayuntamiento-de-pamplona-del-23-al-25-de-abril-con-plazas-libres\/#respond"]}]},{"@type":"WebPage","@id":"https:\/\/www.laguiadepamplona.com\/actualidad\/propuesta-de-actividades-organizadas-por-el-ayuntamiento-de-pamplona-del-23-al-25-de-abril-con-plazas-libres\/","url":"https:\/\/www.laguiadepamplona.com\/actualidad\/propuesta-de-actividades-organizadas-por-el-ayuntamiento-de-pamplona-del-23-al-25-de-abril-con-plazas-libres\/","name":"Propuesta de actividades organizadas por el Ayuntamiento de Pamplona del 23 al 25 de abril con plazas libres","isPartOf":{"@id":"https:\/\/www.laguiadepamplona.com\/actualidad\/#website"},"primaryImageOfPage":{"@id":"https:\/\/www.laguiadepamplona.com\/actualidad\/propuesta-de-actividades-organizadas-por-el-ayuntamiento-de-pamplona-del-23-al-25-de-abril-con-plazas-libres\/#primaryimage"},"image":{"@id":"https:\/\/www.laguiadepamplona.com\/actualidad\/propuesta-de-actividades-organizadas-por-el-ayuntamiento-de-pamplona-del-23-al-25-de-abril-con-plazas-libres\/#primaryimage"},"thumbnailUrl":"https:\/\/www.laguiadepamplona.com\/actualidad\/wp-content\/uploads\/2021\/08\/ayuntamiento-pamplona2.jpg","datePublished":"2024-04-22T09:55:05+00:00","breadcrumb":{"@id":"https:\/\/www.laguiadepamplona.com\/actualidad\/propuesta-de-actividades-organizadas-por-el-ayuntamiento-de-pamplona-del-23-al-25-de-abril-con-plazas-libres\/#breadcrumb"},"inLanguage":"es","potentialAction":[{"@type":"ReadAction","target":["https:\/\/www.laguiadepamplona.com\/actualidad\/propuesta-de-actividades-organizadas-por-el-ayuntamiento-de-pamplona-del-23-al-25-de-abril-con-plazas-libres\/"]}]},{"@type":"ImageObject","inLanguage":"es","@id":"https:\/\/www.laguiadepamplona.com\/actualidad\/propuesta-de-actividades-organizadas-por-el-ayuntamiento-de-pamplona-del-23-al-25-de-abril-con-plazas-libres\/#primaryimage","url":"https:\/\/www.laguiadepamplona.com\/actualidad\/wp-content\/uploads\/2021\/08\/ayuntamiento-pamplona2.jpg","contentUrl":"https:\/\/www.laguiadepamplona.com\/actualidad\/wp-content\/uploads\/2021\/08\/ayuntamiento-pamplona2.jpg","width":1920,"height":1080,"caption":"ayuntamiento pamplona"},{"@type":"BreadcrumbList","@id":"https:\/\/www.laguiadepamplona.com\/actualidad\/propuesta-de-actividades-organizadas-por-el-ayuntamiento-de-pamplona-del-23-al-25-de-abril-con-plazas-libres\/#breadcrumb","itemListElement":[{"@type":"ListItem","position":1,"name":"Portada","item":"https:\/\/www.laguiadepamplona.com\/actualidad\/"},{"@type":"ListItem","position":2,"name":"Propuesta de actividades organizadas por el Ayuntamiento de Pamplona del 23 al 25 de abril con plazas libres"}]},{"@type":"WebSite","@id":"https:\/\/www.laguiadepamplona.com\/actualidad\/#website","url":"https:\/\/www.laguiadepamplona.com\/actualidad\/","name":"La gu\u00eda de Pamplona","description":"Noticias de Pamplona","publisher":{"@id":"https:\/\/www.laguiadepamplona.com\/actualidad\/#organization"},"potentialAction":[{"@type":"SearchAction","target":{"@type":"EntryPoint","urlTemplate":"https:\/\/www.laguiadepamplona.com\/actualidad\/?s={search_term_string}"},"query-input":{"@type":"PropertyValueSpecification","valueRequired":true,"valueName":"search_term_string"}}],"inLanguage":"es"},{"@type":"Organization","@id":"https:\/\/www.laguiadepamplona.com\/actualidad\/#organization","name":"La Gu\u00eda de Pamplona \/ Noticias","url":"https:\/\/www.laguiadepamplona.com\/actualidad\/","logo":{"@type":"ImageObject","inLanguage":"es","@id":"https:\/\/www.laguiadepamplona.com\/actualidad\/#\/schema\/logo\/image\/","url":"https:\/\/www.laguiadepamplona.com\/actualidad\/wp-content\/uploads\/2018\/11\/logo-laguiadepamplona18-web1.png","contentUrl":"https:\/\/www.laguiadepamplona.com\/actualidad\/wp-content\/uploads\/2018\/11\/logo-laguiadepamplona18-web1.png","width":600,"height":196,"caption":"La Gu\u00eda de Pamplona \/ Noticias"},"image":{"@id":"https:\/\/www.laguiadepamplona.com\/actualidad\/#\/schema\/logo\/image\/"},"sameAs":["https:\/\/www.facebook.com\/laguiadepamplonacom-133175176762273\/?ref=hl","https:\/\/x.com\/LaGuiadPamplona","https:\/\/www.instagram.com\/la_guia_de_pamplona\/","https:\/\/www.youtube.com\/user\/laguiadepamplona"]},{"@type":"Person","@id":"https:\/\/www.laguiadepamplona.com\/actualidad\/#\/schema\/person\/efe887376f0213d4657c93adc50b1fdb","name":"La Gu\u00eda de Pamplona","image":{"@type":"ImageObject","inLanguage":"es","@id":"https:\/\/secure.gravatar.com\/avatar\/b6992f131dc8d30ab0dff15446e9d346d9dbd95992de0fef795073f5ea83a81c?s=96&d=mm&r=g","url":"https:\/\/secure.gravatar.com\/avatar\/b6992f131dc8d30ab0dff15446e9d346d9dbd95992de0fef795073f5ea83a81c?s=96&d=mm&r=g","contentUrl":"https:\/\/secure.gravatar.com\/avatar\/b6992f131dc8d30ab0dff15446e9d346d9dbd95992de0fef795073f5ea83a81c?s=96&d=mm&r=g","caption":"La Gu\u00eda de Pamplona"}}]}},"post_mailing_queue_ids":[],"_links":{"self":[{"href":"https:\/\/www.laguiadepamplona.com\/actualidad\/wp-json\/wp\/v2\/posts\/49451","targetHints":{"allow":["GET"]}}],"collection":[{"href":"https:\/\/www.laguiadepamplona.com\/actualidad\/wp-json\/wp\/v2\/posts"}],"about":[{"href":"https:\/\/www.laguiadepamplona.com\/actualidad\/wp-json\/wp\/v2\/types\/post"}],"author":[{"embeddable":true,"href":"https:\/\/www.laguiadepamplona.com\/actualidad\/wp-json\/wp\/v2\/users\/1"}],"replies":[{"embeddable":true,"href":"https:\/\/www.laguiadepamplona.com\/actualidad\/wp-json\/wp\/v2\/comments?post=49451"}],"version-history":[{"count":1,"href":"https:\/\/www.laguiadepamplona.com\/actualidad\/wp-json\/wp\/v2\/posts\/49451\/revisions"}],"predecessor-version":[{"id":49452,"href":"https:\/\/www.laguiadepamplona.com\/actualidad\/wp-json\/wp\/v2\/posts\/49451\/revisions\/49452"}],"wp:featuredmedia":[{"embeddable":true,"href":"https:\/\/www.laguiadepamplona.com\/actualidad\/wp-json\/wp\/v2\/media\/36074"}],"wp:attachment":[{"href":"https:\/\/www.laguiadepamplona.com\/actualidad\/wp-json\/wp\/v2\/media?parent=49451"}],"wp:term":[{"taxonomy":"category","embeddable":true,"href":"https:\/\/www.laguiadepamplona.com\/actualidad\/wp-json\/wp\/v2\/categories?post=49451"},{"taxonomy":"post_tag","embeddable":true,"href":"https:\/\/www.laguiadepamplona.com\/actualidad\/wp-json\/wp\/v2\/tags?post=49451"}],"curies":[{"name":"wp","href":"https:\/\/api.w.org\/{rel}","templated":true}]}}