{"id":49440,"date":"2024-04-22T11:47:05","date_gmt":"2024-04-22T09:47:05","guid":{"rendered":"https:\/\/www.laguiadepamplona.com\/actualidad\/?p=49440"},"modified":"2024-04-24T18:44:59","modified_gmt":"2024-04-24T16:44:59","slug":"el-6-de-mayo-finaliza-la-votacion-para-elegir-el-cartel-anunciador-de-los-sanfermines-2024-tras-hacerse-publicas-las-diez-obras-finalistas-seleccionadas-por-un-jurado-tecnico","status":"publish","type":"post","link":"https:\/\/www.laguiadepamplona.com\/actualidad\/el-6-de-mayo-finaliza-la-votacion-para-elegir-el-cartel-anunciador-de-los-sanfermines-2024-tras-hacerse-publicas-las-diez-obras-finalistas-seleccionadas-por-un-jurado-tecnico\/","title":{"rendered":"El 6 de mayo finaliza la votaci\u00f3n para elegir el cartel anunciador de los Sanfermines 2024, tras hacerse p\u00fablicas las diez obras finalistas seleccionadas por un jurado t\u00e9cnico"},"content":{"rendered":"<h2>Como en a\u00f1os anteriores, podr\u00e1n votar personas empadronadas en Pamplona, a trav\u00e9s de la web municipal, del 010 o de urnas en la red Civivox<\/h2>\n<p><!--more--><\/p>\n<p>Ya se conocen las diez obras finalistas que participar\u00e1n en la votaci\u00f3n popular que elegir\u00e1 el cartel anunciador de los Sanfermines 2024. Diez dise\u00f1os variados, con diferentes t\u00e9cnicas, en los que asoman momentos y protagonistas de la fiesta, gestos, s\u00edmbolos, m\u00fasica, danza o abstracciones. Las personas empadronadas en Pamplona pueden ya votar hasta el 6 de mayo a trav\u00e9s de <a href=\"http:\/\/www.pamplona.es\" target=\"_blank\" rel=\"noopener\">www.pamplona.es<\/a>, de <a href=\"http:\/\/www.pamplonaescultura.es\" target=\"_blank\" rel=\"noopener\">www.pamplonaescultura.es<\/a>, del tel\u00e9fono 010 \u2013 948 420 100 o en los siete civivox de la ciudad.<\/p>\n<p>La concejala delegada de Cultura, Fiestas, Educaci\u00f3n y Deporte, Maider Beloki; el director del \u00e1rea, \u00cd\u00f1igo G\u00f3mez, y las personas que han formado parte del jurado de esta edici\u00f3n han dado a conocer los diez carteles seleccionados. Las obras permanecer\u00e1n en el zagu\u00e1n del Palacio del Condestable hasta el final de la votaci\u00f3n, a modo de exposici\u00f3n, para que la ciudadan\u00eda pueda contemplarlos.<\/p>\n<h3><a href=\"https:\/\/www.laguiadepamplona.com\/actualidad\/wp-content\/uploads\/2024\/04\/presentacioncartelesfinalistassf240.webp\"><img loading=\"lazy\" decoding=\"async\" class=\"alignleft wp-image-49442 size-medium\" src=\"https:\/\/www.laguiadepamplona.com\/actualidad\/wp-content\/uploads\/2024\/04\/presentacioncartelesfinalistassf240-500x333.webp\" alt=\"carteles finalistas San Ferm\u00edn 2024\" width=\"500\" height=\"333\" srcset=\"https:\/\/www.laguiadepamplona.com\/actualidad\/wp-content\/uploads\/2024\/04\/presentacioncartelesfinalistassf240-500x333.webp 500w, https:\/\/www.laguiadepamplona.com\/actualidad\/wp-content\/uploads\/2024\/04\/presentacioncartelesfinalistassf240-1024x683.webp 1024w, https:\/\/www.laguiadepamplona.com\/actualidad\/wp-content\/uploads\/2024\/04\/presentacioncartelesfinalistassf240-150x100.webp 150w, https:\/\/www.laguiadepamplona.com\/actualidad\/wp-content\/uploads\/2024\/04\/presentacioncartelesfinalistassf240-768x512.webp 768w, https:\/\/www.laguiadepamplona.com\/actualidad\/wp-content\/uploads\/2024\/04\/presentacioncartelesfinalistassf240-580x387.webp 580w, https:\/\/www.laguiadepamplona.com\/actualidad\/wp-content\/uploads\/2024\/04\/presentacioncartelesfinalistassf240-860x573.webp 860w, https:\/\/www.laguiadepamplona.com\/actualidad\/wp-content\/uploads\/2024\/04\/presentacioncartelesfinalistassf240-1160x773.webp 1160w, https:\/\/www.laguiadepamplona.com\/actualidad\/wp-content\/uploads\/2024\/04\/presentacioncartelesfinalistassf240-640x427.webp 640w, https:\/\/www.laguiadepamplona.com\/actualidad\/wp-content\/uploads\/2024\/04\/presentacioncartelesfinalistassf240.webp 1200w\" sizes=\"auto, (max-width: 500px) 100vw, 500px\" \/><\/a>Las diez obras finalistas, con su n\u00famero para la votaci\u00f3n y su n\u00famero de plica, han sido:<\/h3>\n<ul>\n<li>N\u00famero 1. Plica 2087. Gaiteros<\/li>\n<li>N\u00famero 2. Plica 2094. Legado emblem\u00e1tico<\/li>\n<li>N\u00famero 3. Plica 2096. Jaiaren Doinua<\/li>\n<li>N\u00famero 4. Plica 2118. Cuernos y jolgorio<\/li>\n<li>N\u00famero 5. Plica 2197. Ezpata-Dantza<\/li>\n<li>N\u00famero 6. Plica 2260. Sacando los colores<\/li>\n<li>N\u00famero 7. Plica 2305. Vive el San Ferm\u00edn<\/li>\n<li>N\u00famero 8. Plica 2435. Josemiguelerico<\/li>\n<li>N\u00famero 9. Plica 2560. Hilo conductor<\/li>\n<li>N\u00famero 10. Plica 2570. Conjunto<\/li>\n<\/ul>\n<p>&nbsp;<\/p>\n<p>Desde el Ayuntamiento de Pamplona se recuerda que las autor\u00edas y los dise\u00f1os o im\u00e1genes de los carteles, hayan sido seleccionados entre los diez finalistas o no hayan sido elegidos, no podr\u00e1n hacerse p\u00fablicos hasta que se haya realizado la presentaci\u00f3n oficial del cartel ganador. El incumplimiento de las bases en relaci\u00f3n a esta obligaci\u00f3n de anonimato tendr\u00e1 la consideraci\u00f3n de infracci\u00f3n grave, con exclusi\u00f3n autom\u00e1tica de esta edici\u00f3n y la imposibilidad de presentarse al concurso durante un per\u00edodo de 3 a\u00f1os. El autor o autora de la obra ganadora se llevar\u00e1 el premio de 6.000 euros con el que est\u00e1 dotado el concurso.<\/p>\n<p>Este a\u00f1o el concurso de carteles de San Ferm\u00edn ha incluido una cl\u00e1usula que limita el uso de la inteligencia artificial generativa en la realizaci\u00f3n de los carteles candidatos, apoyando as\u00ed los trabajos cuyos procesos creativos respeten los derechos de autor\u00eda de todos y todas los y las creadores\/as, valorando positivamente aquellos carteles que han sido desarrollados de manera anal\u00f3gica o digital pero enteramente por seres humanos sin la automatizaci\u00f3n de procesos, salvaguardando la calidad y el prestigio del propio concurso de carteles de San Ferm\u00edn, y fomentando la creaci\u00f3n art\u00edstica \u00e9tica y respetuosa.<br \/>\n<script async src=\"\/\/pagead2.googlesyndication.com\/pagead\/js\/adsbygoogle.js\"><\/script><br \/>\n<!-- Noticias La Guia de Pamplona --><br \/>\n<ins class=\"adsbygoogle\"\nstyle=\"display:block\"\ndata-ad-client=\"ca-pub-6943679897239327\"\ndata-ad-slot=\"7048180777\"\ndata-ad-format=\"auto\"><\/ins><br \/>\n<script>\n(adsbygoogle = window.adsbygoogle || []).push({});\n<\/script><br \/>\n<strong>Seguridad en la votaci\u00f3n<\/strong><\/p>\n<p>Al igual que en a\u00f1os anteriores, pueden votar las personas empadronadas en Pamplona, a trav\u00e9s de tres v\u00edas: telem\u00e1tica, telef\u00f3nica y presencial. Ser\u00e1 la decimoquinta votaci\u00f3n popular para elegir el cartel de los Sanfermines, un procedimiento participativo que se inici\u00f3 en 2008 y que no se llev\u00f3 a cabo en los a\u00f1os 2020 y 2021, debido a la pandemia del coronavirus que suspendi\u00f3 las fiestas.<\/p>\n<p>De forma telem\u00e1tica, se vota a trav\u00e9s de las webs municipales <a href=\"http:\/\/www.pamplona.es\" target=\"_blank\" rel=\"noopener\">www.pamplona.es<\/a> y <a href=\"http:\/\/www.pamplonaescultura.es\" target=\"_blank\" rel=\"noopener\">www.pamplonaescultura.es<\/a>. Se requerir\u00e1 apellido y DNI para poder comprobar la veracidad de los datos y la posibilidad de votar. El Ayuntamiento de Pamplona ha generado un espacio online en el que, adem\u00e1s de poder votar, se aporta la valoraci\u00f3n de cada obra realizada por el jurado.<\/p>\n<p>Otra de las v\u00edas es la telef\u00f3nica, a trav\u00e9s del 010 \u2013 948 420 100. Se solicitar\u00e1 el DNI de la persona que llama y quiere votar para verificar que no ha votado por otro medio. Por \u00faltimo, se han colocado urnas en los siete centros civivox para poder depositar el voto mediante unas papeletas creadas para ello en las que tambi\u00e9n se pide el n\u00famero de DNI. Y es que, en este caso, cuando los votos presenciales se incluyan en el registro total de votos, se comprobar\u00e1n los datos para evitar duplicidades.<\/p>\n<p>Las votaciones finalizar\u00e1n el lunes 6 de mayo. La que se realice on line, a trav\u00e9s de las webs municipales, se cerrar\u00e1 a las 23.59 horas. Presencialmente, en los civivox, el plazo de emisi\u00f3n de voto terminar\u00e1 a las 22:00 horas, coincidiendo con el horario de cierre de todos los centros, cuyo horario es, de lunes a s\u00e1bados, de 9:00 a 14:00 y de 17:00 a 22:00. Por \u00faltimo, la votaci\u00f3n a trav\u00e9s del 010 (948 420 100) estar\u00e1 disponible hasta las 19.00 horas, teniendo en cuenta el horario habitual de atenci\u00f3n de este servicio: de lunes a viernes, de 8:00 a 19:00 horas, y s\u00e1bados, de 9:30 a 13:30 horas.<\/p>\n<p>El Ayuntamiento de Pamplona ha habilitado diferentes mecanismos de seguridad para que la votaci\u00f3n se desarrolle de forma correcta. Refuerzos en la autenticaci\u00f3n de las personas que pueden votar, evitar votaciones masivas desde una misma IP o confirmar que no existan duplicidades de votos de personas que han votado a trav\u00e9s de diferentes v\u00edas son algunas de las medidas de seguridad implementadas en las \u00faltimas ediciones para detectar anomal\u00edas que pueden repercutir en la resoluci\u00f3n del concurso.<br \/>\n<script async src=\"\/\/pagead2.googlesyndication.com\/pagead\/js\/adsbygoogle.js\"><\/script><br \/>\n<!-- Noticias La Guia de Pamplona --><br \/>\n<ins class=\"adsbygoogle\"\nstyle=\"display:block\"\ndata-ad-client=\"ca-pub-6943679897239327\"\ndata-ad-slot=\"7048180777\"\ndata-ad-format=\"auto\"><\/ins><br \/>\n<script>\n(adsbygoogle = window.adsbygoogle || []).push({});\n<\/script><br \/>\n<strong>M\u00e1s de la mitad de carteles navarros y una cuarta parte pamploneses<\/strong><\/p>\n<p>Para esta edici\u00f3n del concurso de carteles de San Ferm\u00edn, el Ayuntamiento de Pamplona recibi\u00f3 635 obras, la cifra m\u00e1s alta al menos desde hace treinta a\u00f1os. De esos 635 carteles, 608, un 95,6%, proced\u00edan de territorio nacional y 27, un 4,4%, llegaron desde el extranjero, en concreto, de once pa\u00edses: Italia, Francia, Cuba, Serbia, M\u00e9xico, Argentina, Estados Unidos, Andorra, Per\u00fa, Colombia y Letonia. M\u00e1s de la mitad de los carteles presentados, 343 de esos 635, un 54%, ten\u00edan autor\u00eda navarra y 182, un 28,6%, algo m\u00e1s de una cuarta parte, autor\u00eda pamplonesa. En cuanto a la edad, un 42,5% de los carteles (270) los presentaron personas de 30 a 49 a\u00f1os; un 29,2% (186), mayores de 50 a\u00f1os; y un 22,2% (141), personas entre 19 y 29 a\u00f1os. Presentaron carteles al concurso 352 hombres, 279 mujeres y 4 personas que eligieron la opci\u00f3n \u2018Otros\u2019.<\/p>\n<p>El jurado que ha seleccionado los carteles finalistas ha estado presidido por el director de Cultura, Fiestas, Educaci\u00f3n y Deportes, \u00cd\u00f1igo G\u00f3mez Egu\u00edluz. Han ejercido como vocales el t\u00e9cnico municipal de Artes Pl\u00e1sticas, Javier Manzanos Garayoa; la licenciada en Bellas Artes, artista pl\u00e1stica y visual y profesora de la Escuela de Arte de Pamplona, Ver\u00f3nica Eguaras Alc\u00e1ntara; la licenciada en Bellas Artes, ilustradora, docente y representante de la Asociaci\u00f3n Tiza, Idoia Iribertegui Iriguibel; la directora de desarrollo de proyectos de Visual Comunicaci\u00f3n y representante de la Asociaci\u00f3n Navarra de Empresas de Comunicaci\u00f3n, Virginia J\u00f6nas Urig\u00fcen;\u00a0 la licenciada en Bellas Artes, artista pl\u00e1stica e ilustradora, Aizpea Lasa Villa; y el dise\u00f1ador gr\u00e1fico, integrante del estudio Franziska y ganador del cartel de San Ferm\u00edn de 2007, Javier Mor\u00f3n Belso. Como secretaria ha actuado Lidia Aguerri Hermoso de Mendoza, oficial administrativa del \u00e1rea de Cultura, Fiestas, Educaci\u00f3n y Deporte.<br \/>\n<script async src=\"\/\/pagead2.googlesyndication.com\/pagead\/js\/adsbygoogle.js\"><\/script><br \/>\n<!-- Noticias La Guia de Pamplona --><br \/>\n<ins class=\"adsbygoogle\"\nstyle=\"display:block\"\ndata-ad-client=\"ca-pub-6943679897239327\"\ndata-ad-slot=\"7048180777\"\ndata-ad-format=\"auto\"><\/ins><br \/>\n<script>\n(adsbygoogle = window.adsbygoogle || []).push({});\n<\/script><br \/>\n&nbsp;<\/p>\n<h3>Obras finalistas del concurso de carteles de San Ferm\u00edn 2024<\/h3>\n<ul>\n<li><strong>N\u00famero 1. Plica 2087. T\u00edtulo del cartel: Gaiteros<\/strong><\/li>\n<\/ul>\n<p>En el cartel destaca su valor pict\u00f3rico, rescata una factura m\u00e1s tradicional y a la vez resulta novedoso. Capta el momento que representa, hay mucha vibraci\u00f3n, tensi\u00f3n y movimiento en esa salida de La Pamplonesa a la plaza del Ayuntamiento.<\/p>\n<p>&nbsp;<\/p>\n<ul>\n<li><strong>N\u00famero 2. Plica 2094. T\u00edtulo del cartel: Legado emblem\u00e1tico<\/strong><\/li>\n<\/ul>\n<p>De dise\u00f1o de estilo fuertemente tipogr\u00e1fico, este es un cartel con una composici\u00f3n muy clara y equilibrada. Una pieza de claro estilo gr\u00e1fico. Juega de forma arm\u00f3nica con la tipograf\u00eda rotunda, pero con el peso visual justo y una variedad de iconos de la fiesta que aportan alegr\u00eda y notas de color. Limpio, directo, claramente legible y reconocible. Convierte la composici\u00f3n en una marca f\u00e1cilmente aplicable a distintos formatos y herramientas de comunicaci\u00f3n.<\/p>\n<p>&nbsp;<\/p>\n<ul>\n<li><strong>N\u00famero 3. Plica 2096. T\u00edtulo del cartel: Jaiaren Doinua<\/strong><\/li>\n<\/ul>\n<p>El cartel da total protagonismo a una parte muy importante y presente en los Sanfermines: a todas y todos los m\u00fasicos, el alma de nuestras fiestas. Cartel seleccionado por la originalidad de usar una composici\u00f3n muy arm\u00f3nica y en\u00e9rgica, una ilustraci\u00f3n que representa muy bien el ambiente divertido de las fiestas. La selecci\u00f3n de colores, aunque arriesgada, demuestra una deliberada intenci\u00f3n de romper con lo convencional, lo que hace que la pieza desborde energ\u00eda. Un cartel divertido, fresco y desenfadado.<\/p>\n<p>&nbsp;<\/p>\n<ul>\n<li><strong>N\u00famero 4. Plica 2118. T\u00edtulo del cartel: Cuernos y jolgorio<\/strong><\/li>\n<\/ul>\n<p>A trav\u00e9s de una cuidada composici\u00f3n tipogr\u00e1fica y un elemento tan potente como una mano formando unos cuernos en un gesto descarado y transgresor el cartel resulta divertido y fresco. Representa a la vez al toro as\u00ed como el car\u00e1cter festivo de las fiestas. Es un cartel con un gran impacto visual, muy gr\u00e1fico.<\/p>\n<p>&nbsp;<\/p>\n<ul>\n<li><strong>N\u00famero 5. Plica 2197. T\u00edtulo del cartel: Ezpata-Dantza<\/strong><\/li>\n<\/ul>\n<p>Representa una faceta festiva diferenciadora con respecto a otros carteles sanfermineros. A trav\u00e9s de un lenguaje gr\u00e1fico cercano al c\u00f3mic, es capaz de contar una historia con una simple vi\u00f1eta, con un simple encuadre, como el \u2018frame\u2019 de una pel\u00edcula. El trazo y el colorido, que por momentos se expande, transmite perfectamente el movimiento de los dantzaris. Este a\u00f1o coincide adem\u00e1s con el 75\u00ba aniversario del grupo de danzas del Ayuntamiento de Pamplona, \u2018Duguna\u2019, por lo que la tem\u00e1tica del cartel cobra m\u00e1s sentido.<\/p>\n<p>&nbsp;<\/p>\n<ul>\n<li><strong>N\u00famero 6. Plica 2260. T\u00edtulo del cartel: Sacando los colores<\/strong><\/li>\n<\/ul>\n<p>Presenta una fotograf\u00eda antigua intervenida con unos trazos de color rojo, entrelazando as\u00ed nostalgia y contemporaneidad a trav\u00e9s de una imagen de fuerte gestualidad: la actitud de los ni\u00f1os y ni\u00f1as frente a los gigantes est\u00e1ticos, o la personal tipograf\u00eda. A destacar su car\u00e1cter l\u00fadico y performativo que nos invita a acercarnos a la fiesta con inocente y vivaz mirada.<\/p>\n<p>&nbsp;<\/p>\n<ul>\n<li><strong>N\u00famero 7. Plica 2305. T\u00edtulo del cartel: Vive el San Ferm\u00edn<\/strong><\/li>\n<\/ul>\n<p>La obra se caracteriza por una cuidadosa composici\u00f3n evidente en la marcada diagonal y el uso de las formas que gu\u00edan la mirada del espectador de manera armoniosa a lo largo del cartel creando dinamismo y movimiento. La disposici\u00f3n entre la imagen y los textos es equilibrada y adecuada, lo que hace que el cartel tenga una armon\u00eda visual que realmente unifica toda la obra. El uso de un color de fondo atrevido desaf\u00eda las convenciones establecidas, rompiendo con lo cl\u00e1sico y a\u00f1adiendo un elemento de originalidad a la obra.<\/p>\n<p>&nbsp;<\/p>\n<ul>\n<li><strong>N\u00famero 8. Plica 2435. T\u00edtulo del cartel: Josemiguelerico<\/strong><\/li>\n<\/ul>\n<p>Cartel muy potente en cuanto a iconicidad a pesar del minimalismo en su composici\u00f3n. Con tan solo 4 colores planos se reconoce\u00a0a uno de los personajes m\u00e1s queridos y emblem\u00e1ticos de las fiestas: Josemiguelerico. No deja de ser el punto de vista de un ni\u00f1o. Propuesta original, colorida y muy f\u00e1cilmente reproducible en la multitud de soportes en los que se plasma el cartel de San Ferm\u00edn.<\/p>\n<p>&nbsp;<\/p>\n<ul>\n<li><strong>N\u00famero 9. Plica 2560. T\u00edtulo del cartel: Hilo conductor<\/strong><\/li>\n<\/ul>\n<p>El escenario de la fiesta a vista de p\u00e1jaro. Una representaci\u00f3n del centro de la ciudad, donde suceden algunos de los momentos m\u00e1s importantes de San Ferm\u00edn. La sombra de los edificios representa un d\u00eda soleado de julio adem\u00e1s de aportar volumen al plano. Con el hilo rojo se representan a la vez dos momentos cumbre: el encierro y la procesi\u00f3n. Cartel po\u00e9tico y elegante.<\/p>\n<p>&nbsp;<\/p>\n<ul>\n<li><strong>N\u00famero 10. Plica 2570. T\u00edtulo del cartel: Conjunto<\/strong><\/li>\n<\/ul>\n<p>Es un cartel bien compuesto. Amable tanto en composici\u00f3n, como en la elecci\u00f3n de la paleta crom\u00e1tica. Una obra colorida que representa muchos de los emblemas de la fiesta. El santo en el v\u00e9rtice superior de la composici\u00f3n triangular, gigante, zaldiko, moza y mozo, el toro, kiliki y elemento de m\u00fasica. En conjunto forman la imagen de San Ferm\u00edn. El fondo, con ese color salm\u00f3n, muy distinto al que se suele utilizar en la iconograf\u00eda tradicional de San Ferm\u00edn (rojo, blanco y negro) contribuye a resaltar la ilustraci\u00f3n. Cuenta con una armon\u00eda muy en\u00e9rgica. Una imagen que en conjunto es alegre, visualmente muy potente y equilibrada.<\/p>\n","protected":false},"excerpt":{"rendered":"<p>Como en a\u00f1os anteriores, podr\u00e1n votar personas empadronadas en Pamplona, a trav\u00e9s de la web municipal, del 010 o de urnas en la red Civivox<\/p>\n","protected":false},"author":1,"featured_media":49441,"comment_status":"open","ping_status":"closed","sticky":false,"template":"","format":"standard","meta":{"footnotes":""},"categories":[2,9406],"tags":[],"class_list":["post-49440","post","type-post","status-publish","format-standard","has-post-thumbnail","hentry","category-ayuntamiento-pamplona","category-san-fermin"],"yoast_head":"<!-- This site is optimized with the Yoast SEO plugin v27.5 - https:\/\/yoast.com\/product\/yoast-seo-wordpress\/ -->\n<title>El 6 de mayo finaliza la votaci\u00f3n para elegir el cartel anunciador de los Sanfermines 2024, tras hacerse p\u00fablicas las diez obras finalistas seleccionadas por un jurado t\u00e9cnico<\/title>\n<meta name=\"description\" content=\"Como en a\u00f1os anteriores, podr\u00e1n votar personas empadronadas en Pamplona, a trav\u00e9s de la web municipal, del 010 o de urnas en la red Civivox\" \/>\n<meta name=\"robots\" content=\"index, follow, max-snippet:-1, max-image-preview:large, max-video-preview:-1\" \/>\n<link rel=\"canonical\" href=\"https:\/\/www.laguiadepamplona.com\/actualidad\/el-6-de-mayo-finaliza-la-votacion-para-elegir-el-cartel-anunciador-de-los-sanfermines-2024-tras-hacerse-publicas-las-diez-obras-finalistas-seleccionadas-por-un-jurado-tecnico\/\" \/>\n<meta property=\"og:locale\" content=\"es_ES\" \/>\n<meta property=\"og:type\" content=\"article\" \/>\n<meta property=\"og:title\" content=\"El 6 de mayo finaliza la votaci\u00f3n para elegir el cartel anunciador de los Sanfermines 2024, tras hacerse p\u00fablicas las diez obras finalistas seleccionadas por un jurado t\u00e9cnico\" \/>\n<meta property=\"og:description\" content=\"Como en a\u00f1os anteriores, podr\u00e1n votar personas empadronadas en Pamplona, a trav\u00e9s de la web municipal, del 010 o de urnas en la red Civivox\" \/>\n<meta property=\"og:url\" content=\"https:\/\/www.laguiadepamplona.com\/actualidad\/el-6-de-mayo-finaliza-la-votacion-para-elegir-el-cartel-anunciador-de-los-sanfermines-2024-tras-hacerse-publicas-las-diez-obras-finalistas-seleccionadas-por-un-jurado-tecnico\/\" \/>\n<meta property=\"og:site_name\" content=\"La Gu\u00eda de Pamplona\" \/>\n<meta property=\"article:publisher\" content=\"https:\/\/www.facebook.com\/laguiadepamplonacom-133175176762273\/?ref=hl\" \/>\n<meta property=\"article:published_time\" content=\"2024-04-22T09:47:05+00:00\" \/>\n<meta property=\"article:modified_time\" content=\"2024-04-24T16:44:59+00:00\" \/>\n<meta property=\"og:image\" content=\"https:\/\/www.laguiadepamplona.com\/actualidad\/wp-content\/uploads\/2024\/04\/carteles-sanfermin-2024.webp\" \/>\n\t<meta property=\"og:image:width\" content=\"1000\" \/>\n\t<meta property=\"og:image:height\" content=\"646\" \/>\n\t<meta property=\"og:image:type\" content=\"image\/webp\" \/>\n<meta name=\"author\" content=\"La Gu\u00eda de Pamplona\" \/>\n<meta name=\"twitter:card\" content=\"summary_large_image\" \/>\n<meta name=\"twitter:creator\" content=\"@LaGuiadPamplona\" \/>\n<meta name=\"twitter:site\" content=\"@LaGuiadPamplona\" \/>\n<meta name=\"twitter:label1\" content=\"Escrito por\" \/>\n\t<meta name=\"twitter:data1\" content=\"La Gu\u00eda de Pamplona\" \/>\n\t<meta name=\"twitter:label2\" content=\"Tiempo de lectura\" \/>\n\t<meta name=\"twitter:data2\" content=\"10 minutos\" \/>\n<script type=\"application\/ld+json\" class=\"yoast-schema-graph\">{\"@context\":\"https:\\\/\\\/schema.org\",\"@graph\":[{\"@type\":\"Article\",\"@id\":\"https:\\\/\\\/www.laguiadepamplona.com\\\/actualidad\\\/el-6-de-mayo-finaliza-la-votacion-para-elegir-el-cartel-anunciador-de-los-sanfermines-2024-tras-hacerse-publicas-las-diez-obras-finalistas-seleccionadas-por-un-jurado-tecnico\\\/#article\",\"isPartOf\":{\"@id\":\"https:\\\/\\\/www.laguiadepamplona.com\\\/actualidad\\\/el-6-de-mayo-finaliza-la-votacion-para-elegir-el-cartel-anunciador-de-los-sanfermines-2024-tras-hacerse-publicas-las-diez-obras-finalistas-seleccionadas-por-un-jurado-tecnico\\\/\"},\"author\":{\"name\":\"La Gu\u00eda de Pamplona\",\"@id\":\"https:\\\/\\\/www.laguiadepamplona.com\\\/actualidad\\\/#\\\/schema\\\/person\\\/efe887376f0213d4657c93adc50b1fdb\"},\"headline\":\"El 6 de mayo finaliza la votaci\u00f3n para elegir el cartel anunciador de los Sanfermines 2024, tras hacerse p\u00fablicas las diez obras finalistas seleccionadas por un jurado t\u00e9cnico\",\"datePublished\":\"2024-04-22T09:47:05+00:00\",\"dateModified\":\"2024-04-24T16:44:59+00:00\",\"mainEntityOfPage\":{\"@id\":\"https:\\\/\\\/www.laguiadepamplona.com\\\/actualidad\\\/el-6-de-mayo-finaliza-la-votacion-para-elegir-el-cartel-anunciador-de-los-sanfermines-2024-tras-hacerse-publicas-las-diez-obras-finalistas-seleccionadas-por-un-jurado-tecnico\\\/\"},\"wordCount\":2148,\"commentCount\":0,\"publisher\":{\"@id\":\"https:\\\/\\\/www.laguiadepamplona.com\\\/actualidad\\\/#organization\"},\"image\":{\"@id\":\"https:\\\/\\\/www.laguiadepamplona.com\\\/actualidad\\\/el-6-de-mayo-finaliza-la-votacion-para-elegir-el-cartel-anunciador-de-los-sanfermines-2024-tras-hacerse-publicas-las-diez-obras-finalistas-seleccionadas-por-un-jurado-tecnico\\\/#primaryimage\"},\"thumbnailUrl\":\"https:\\\/\\\/www.laguiadepamplona.com\\\/actualidad\\\/wp-content\\\/uploads\\\/2024\\\/04\\\/carteles-sanfermin-2024.webp\",\"articleSection\":[\"Ayto Pamplona\",\"San Ferm\u00edn\"],\"inLanguage\":\"es\",\"potentialAction\":[{\"@type\":\"CommentAction\",\"name\":\"Comment\",\"target\":[\"https:\\\/\\\/www.laguiadepamplona.com\\\/actualidad\\\/el-6-de-mayo-finaliza-la-votacion-para-elegir-el-cartel-anunciador-de-los-sanfermines-2024-tras-hacerse-publicas-las-diez-obras-finalistas-seleccionadas-por-un-jurado-tecnico\\\/#respond\"]}]},{\"@type\":\"WebPage\",\"@id\":\"https:\\\/\\\/www.laguiadepamplona.com\\\/actualidad\\\/el-6-de-mayo-finaliza-la-votacion-para-elegir-el-cartel-anunciador-de-los-sanfermines-2024-tras-hacerse-publicas-las-diez-obras-finalistas-seleccionadas-por-un-jurado-tecnico\\\/\",\"url\":\"https:\\\/\\\/www.laguiadepamplona.com\\\/actualidad\\\/el-6-de-mayo-finaliza-la-votacion-para-elegir-el-cartel-anunciador-de-los-sanfermines-2024-tras-hacerse-publicas-las-diez-obras-finalistas-seleccionadas-por-un-jurado-tecnico\\\/\",\"name\":\"El 6 de mayo finaliza la votaci\u00f3n para elegir el cartel anunciador de los Sanfermines 2024, tras hacerse p\u00fablicas las diez obras finalistas seleccionadas por un jurado t\u00e9cnico\",\"isPartOf\":{\"@id\":\"https:\\\/\\\/www.laguiadepamplona.com\\\/actualidad\\\/#website\"},\"primaryImageOfPage\":{\"@id\":\"https:\\\/\\\/www.laguiadepamplona.com\\\/actualidad\\\/el-6-de-mayo-finaliza-la-votacion-para-elegir-el-cartel-anunciador-de-los-sanfermines-2024-tras-hacerse-publicas-las-diez-obras-finalistas-seleccionadas-por-un-jurado-tecnico\\\/#primaryimage\"},\"image\":{\"@id\":\"https:\\\/\\\/www.laguiadepamplona.com\\\/actualidad\\\/el-6-de-mayo-finaliza-la-votacion-para-elegir-el-cartel-anunciador-de-los-sanfermines-2024-tras-hacerse-publicas-las-diez-obras-finalistas-seleccionadas-por-un-jurado-tecnico\\\/#primaryimage\"},\"thumbnailUrl\":\"https:\\\/\\\/www.laguiadepamplona.com\\\/actualidad\\\/wp-content\\\/uploads\\\/2024\\\/04\\\/carteles-sanfermin-2024.webp\",\"datePublished\":\"2024-04-22T09:47:05+00:00\",\"dateModified\":\"2024-04-24T16:44:59+00:00\",\"description\":\"Como en a\u00f1os anteriores, podr\u00e1n votar personas empadronadas en Pamplona, a trav\u00e9s de la web municipal, del 010 o de urnas en la red Civivox\",\"breadcrumb\":{\"@id\":\"https:\\\/\\\/www.laguiadepamplona.com\\\/actualidad\\\/el-6-de-mayo-finaliza-la-votacion-para-elegir-el-cartel-anunciador-de-los-sanfermines-2024-tras-hacerse-publicas-las-diez-obras-finalistas-seleccionadas-por-un-jurado-tecnico\\\/#breadcrumb\"},\"inLanguage\":\"es\",\"potentialAction\":[{\"@type\":\"ReadAction\",\"target\":[\"https:\\\/\\\/www.laguiadepamplona.com\\\/actualidad\\\/el-6-de-mayo-finaliza-la-votacion-para-elegir-el-cartel-anunciador-de-los-sanfermines-2024-tras-hacerse-publicas-las-diez-obras-finalistas-seleccionadas-por-un-jurado-tecnico\\\/\"]}]},{\"@type\":\"ImageObject\",\"inLanguage\":\"es\",\"@id\":\"https:\\\/\\\/www.laguiadepamplona.com\\\/actualidad\\\/el-6-de-mayo-finaliza-la-votacion-para-elegir-el-cartel-anunciador-de-los-sanfermines-2024-tras-hacerse-publicas-las-diez-obras-finalistas-seleccionadas-por-un-jurado-tecnico\\\/#primaryimage\",\"url\":\"https:\\\/\\\/www.laguiadepamplona.com\\\/actualidad\\\/wp-content\\\/uploads\\\/2024\\\/04\\\/carteles-sanfermin-2024.webp\",\"contentUrl\":\"https:\\\/\\\/www.laguiadepamplona.com\\\/actualidad\\\/wp-content\\\/uploads\\\/2024\\\/04\\\/carteles-sanfermin-2024.webp\",\"width\":1000,\"height\":646,\"caption\":\"carteles san Ferm\u00edn 2024\"},{\"@type\":\"BreadcrumbList\",\"@id\":\"https:\\\/\\\/www.laguiadepamplona.com\\\/actualidad\\\/el-6-de-mayo-finaliza-la-votacion-para-elegir-el-cartel-anunciador-de-los-sanfermines-2024-tras-hacerse-publicas-las-diez-obras-finalistas-seleccionadas-por-un-jurado-tecnico\\\/#breadcrumb\",\"itemListElement\":[{\"@type\":\"ListItem\",\"position\":1,\"name\":\"Portada\",\"item\":\"https:\\\/\\\/www.laguiadepamplona.com\\\/actualidad\\\/\"},{\"@type\":\"ListItem\",\"position\":2,\"name\":\"El 6 de mayo finaliza la votaci\u00f3n para elegir el cartel anunciador de los Sanfermines 2024, tras hacerse p\u00fablicas las diez obras finalistas seleccionadas por un jurado t\u00e9cnico\"}]},{\"@type\":\"WebSite\",\"@id\":\"https:\\\/\\\/www.laguiadepamplona.com\\\/actualidad\\\/#website\",\"url\":\"https:\\\/\\\/www.laguiadepamplona.com\\\/actualidad\\\/\",\"name\":\"La gu\u00eda de Pamplona\",\"description\":\"Noticias de Pamplona\",\"publisher\":{\"@id\":\"https:\\\/\\\/www.laguiadepamplona.com\\\/actualidad\\\/#organization\"},\"potentialAction\":[{\"@type\":\"SearchAction\",\"target\":{\"@type\":\"EntryPoint\",\"urlTemplate\":\"https:\\\/\\\/www.laguiadepamplona.com\\\/actualidad\\\/?s={search_term_string}\"},\"query-input\":{\"@type\":\"PropertyValueSpecification\",\"valueRequired\":true,\"valueName\":\"search_term_string\"}}],\"inLanguage\":\"es\"},{\"@type\":\"Organization\",\"@id\":\"https:\\\/\\\/www.laguiadepamplona.com\\\/actualidad\\\/#organization\",\"name\":\"La Gu\u00eda de Pamplona \\\/ Noticias\",\"url\":\"https:\\\/\\\/www.laguiadepamplona.com\\\/actualidad\\\/\",\"logo\":{\"@type\":\"ImageObject\",\"inLanguage\":\"es\",\"@id\":\"https:\\\/\\\/www.laguiadepamplona.com\\\/actualidad\\\/#\\\/schema\\\/logo\\\/image\\\/\",\"url\":\"https:\\\/\\\/www.laguiadepamplona.com\\\/actualidad\\\/wp-content\\\/uploads\\\/2018\\\/11\\\/logo-laguiadepamplona18-web1.png\",\"contentUrl\":\"https:\\\/\\\/www.laguiadepamplona.com\\\/actualidad\\\/wp-content\\\/uploads\\\/2018\\\/11\\\/logo-laguiadepamplona18-web1.png\",\"width\":600,\"height\":196,\"caption\":\"La Gu\u00eda de Pamplona \\\/ Noticias\"},\"image\":{\"@id\":\"https:\\\/\\\/www.laguiadepamplona.com\\\/actualidad\\\/#\\\/schema\\\/logo\\\/image\\\/\"},\"sameAs\":[\"https:\\\/\\\/www.facebook.com\\\/laguiadepamplonacom-133175176762273\\\/?ref=hl\",\"https:\\\/\\\/x.com\\\/LaGuiadPamplona\",\"https:\\\/\\\/www.instagram.com\\\/la_guia_de_pamplona\\\/\",\"https:\\\/\\\/www.youtube.com\\\/user\\\/laguiadepamplona\"]},{\"@type\":\"Person\",\"@id\":\"https:\\\/\\\/www.laguiadepamplona.com\\\/actualidad\\\/#\\\/schema\\\/person\\\/efe887376f0213d4657c93adc50b1fdb\",\"name\":\"La Gu\u00eda de Pamplona\",\"image\":{\"@type\":\"ImageObject\",\"inLanguage\":\"es\",\"@id\":\"https:\\\/\\\/secure.gravatar.com\\\/avatar\\\/b6992f131dc8d30ab0dff15446e9d346d9dbd95992de0fef795073f5ea83a81c?s=96&d=mm&r=g\",\"url\":\"https:\\\/\\\/secure.gravatar.com\\\/avatar\\\/b6992f131dc8d30ab0dff15446e9d346d9dbd95992de0fef795073f5ea83a81c?s=96&d=mm&r=g\",\"contentUrl\":\"https:\\\/\\\/secure.gravatar.com\\\/avatar\\\/b6992f131dc8d30ab0dff15446e9d346d9dbd95992de0fef795073f5ea83a81c?s=96&d=mm&r=g\",\"caption\":\"La Gu\u00eda de Pamplona\"}}]}<\/script>\n<!-- \/ Yoast SEO plugin. -->","yoast_head_json":{"title":"El 6 de mayo finaliza la votaci\u00f3n para elegir el cartel anunciador de los Sanfermines 2024, tras hacerse p\u00fablicas las diez obras finalistas seleccionadas por un jurado t\u00e9cnico","description":"Como en a\u00f1os anteriores, podr\u00e1n votar personas empadronadas en Pamplona, a trav\u00e9s de la web municipal, del 010 o de urnas en la red Civivox","robots":{"index":"index","follow":"follow","max-snippet":"max-snippet:-1","max-image-preview":"max-image-preview:large","max-video-preview":"max-video-preview:-1"},"canonical":"https:\/\/www.laguiadepamplona.com\/actualidad\/el-6-de-mayo-finaliza-la-votacion-para-elegir-el-cartel-anunciador-de-los-sanfermines-2024-tras-hacerse-publicas-las-diez-obras-finalistas-seleccionadas-por-un-jurado-tecnico\/","og_locale":"es_ES","og_type":"article","og_title":"El 6 de mayo finaliza la votaci\u00f3n para elegir el cartel anunciador de los Sanfermines 2024, tras hacerse p\u00fablicas las diez obras finalistas seleccionadas por un jurado t\u00e9cnico","og_description":"Como en a\u00f1os anteriores, podr\u00e1n votar personas empadronadas en Pamplona, a trav\u00e9s de la web municipal, del 010 o de urnas en la red Civivox","og_url":"https:\/\/www.laguiadepamplona.com\/actualidad\/el-6-de-mayo-finaliza-la-votacion-para-elegir-el-cartel-anunciador-de-los-sanfermines-2024-tras-hacerse-publicas-las-diez-obras-finalistas-seleccionadas-por-un-jurado-tecnico\/","og_site_name":"La Gu\u00eda de Pamplona","article_publisher":"https:\/\/www.facebook.com\/laguiadepamplonacom-133175176762273\/?ref=hl","article_published_time":"2024-04-22T09:47:05+00:00","article_modified_time":"2024-04-24T16:44:59+00:00","og_image":[{"width":1000,"height":646,"url":"https:\/\/www.laguiadepamplona.com\/actualidad\/wp-content\/uploads\/2024\/04\/carteles-sanfermin-2024.webp","type":"image\/webp"}],"author":"La Gu\u00eda de Pamplona","twitter_card":"summary_large_image","twitter_creator":"@LaGuiadPamplona","twitter_site":"@LaGuiadPamplona","twitter_misc":{"Escrito por":"La Gu\u00eda de Pamplona","Tiempo de lectura":"10 minutos"},"schema":{"@context":"https:\/\/schema.org","@graph":[{"@type":"Article","@id":"https:\/\/www.laguiadepamplona.com\/actualidad\/el-6-de-mayo-finaliza-la-votacion-para-elegir-el-cartel-anunciador-de-los-sanfermines-2024-tras-hacerse-publicas-las-diez-obras-finalistas-seleccionadas-por-un-jurado-tecnico\/#article","isPartOf":{"@id":"https:\/\/www.laguiadepamplona.com\/actualidad\/el-6-de-mayo-finaliza-la-votacion-para-elegir-el-cartel-anunciador-de-los-sanfermines-2024-tras-hacerse-publicas-las-diez-obras-finalistas-seleccionadas-por-un-jurado-tecnico\/"},"author":{"name":"La Gu\u00eda de Pamplona","@id":"https:\/\/www.laguiadepamplona.com\/actualidad\/#\/schema\/person\/efe887376f0213d4657c93adc50b1fdb"},"headline":"El 6 de mayo finaliza la votaci\u00f3n para elegir el cartel anunciador de los Sanfermines 2024, tras hacerse p\u00fablicas las diez obras finalistas seleccionadas por un jurado t\u00e9cnico","datePublished":"2024-04-22T09:47:05+00:00","dateModified":"2024-04-24T16:44:59+00:00","mainEntityOfPage":{"@id":"https:\/\/www.laguiadepamplona.com\/actualidad\/el-6-de-mayo-finaliza-la-votacion-para-elegir-el-cartel-anunciador-de-los-sanfermines-2024-tras-hacerse-publicas-las-diez-obras-finalistas-seleccionadas-por-un-jurado-tecnico\/"},"wordCount":2148,"commentCount":0,"publisher":{"@id":"https:\/\/www.laguiadepamplona.com\/actualidad\/#organization"},"image":{"@id":"https:\/\/www.laguiadepamplona.com\/actualidad\/el-6-de-mayo-finaliza-la-votacion-para-elegir-el-cartel-anunciador-de-los-sanfermines-2024-tras-hacerse-publicas-las-diez-obras-finalistas-seleccionadas-por-un-jurado-tecnico\/#primaryimage"},"thumbnailUrl":"https:\/\/www.laguiadepamplona.com\/actualidad\/wp-content\/uploads\/2024\/04\/carteles-sanfermin-2024.webp","articleSection":["Ayto Pamplona","San Ferm\u00edn"],"inLanguage":"es","potentialAction":[{"@type":"CommentAction","name":"Comment","target":["https:\/\/www.laguiadepamplona.com\/actualidad\/el-6-de-mayo-finaliza-la-votacion-para-elegir-el-cartel-anunciador-de-los-sanfermines-2024-tras-hacerse-publicas-las-diez-obras-finalistas-seleccionadas-por-un-jurado-tecnico\/#respond"]}]},{"@type":"WebPage","@id":"https:\/\/www.laguiadepamplona.com\/actualidad\/el-6-de-mayo-finaliza-la-votacion-para-elegir-el-cartel-anunciador-de-los-sanfermines-2024-tras-hacerse-publicas-las-diez-obras-finalistas-seleccionadas-por-un-jurado-tecnico\/","url":"https:\/\/www.laguiadepamplona.com\/actualidad\/el-6-de-mayo-finaliza-la-votacion-para-elegir-el-cartel-anunciador-de-los-sanfermines-2024-tras-hacerse-publicas-las-diez-obras-finalistas-seleccionadas-por-un-jurado-tecnico\/","name":"El 6 de mayo finaliza la votaci\u00f3n para elegir el cartel anunciador de los Sanfermines 2024, tras hacerse p\u00fablicas las diez obras finalistas seleccionadas por un jurado t\u00e9cnico","isPartOf":{"@id":"https:\/\/www.laguiadepamplona.com\/actualidad\/#website"},"primaryImageOfPage":{"@id":"https:\/\/www.laguiadepamplona.com\/actualidad\/el-6-de-mayo-finaliza-la-votacion-para-elegir-el-cartel-anunciador-de-los-sanfermines-2024-tras-hacerse-publicas-las-diez-obras-finalistas-seleccionadas-por-un-jurado-tecnico\/#primaryimage"},"image":{"@id":"https:\/\/www.laguiadepamplona.com\/actualidad\/el-6-de-mayo-finaliza-la-votacion-para-elegir-el-cartel-anunciador-de-los-sanfermines-2024-tras-hacerse-publicas-las-diez-obras-finalistas-seleccionadas-por-un-jurado-tecnico\/#primaryimage"},"thumbnailUrl":"https:\/\/www.laguiadepamplona.com\/actualidad\/wp-content\/uploads\/2024\/04\/carteles-sanfermin-2024.webp","datePublished":"2024-04-22T09:47:05+00:00","dateModified":"2024-04-24T16:44:59+00:00","description":"Como en a\u00f1os anteriores, podr\u00e1n votar personas empadronadas en Pamplona, a trav\u00e9s de la web municipal, del 010 o de urnas en la red Civivox","breadcrumb":{"@id":"https:\/\/www.laguiadepamplona.com\/actualidad\/el-6-de-mayo-finaliza-la-votacion-para-elegir-el-cartel-anunciador-de-los-sanfermines-2024-tras-hacerse-publicas-las-diez-obras-finalistas-seleccionadas-por-un-jurado-tecnico\/#breadcrumb"},"inLanguage":"es","potentialAction":[{"@type":"ReadAction","target":["https:\/\/www.laguiadepamplona.com\/actualidad\/el-6-de-mayo-finaliza-la-votacion-para-elegir-el-cartel-anunciador-de-los-sanfermines-2024-tras-hacerse-publicas-las-diez-obras-finalistas-seleccionadas-por-un-jurado-tecnico\/"]}]},{"@type":"ImageObject","inLanguage":"es","@id":"https:\/\/www.laguiadepamplona.com\/actualidad\/el-6-de-mayo-finaliza-la-votacion-para-elegir-el-cartel-anunciador-de-los-sanfermines-2024-tras-hacerse-publicas-las-diez-obras-finalistas-seleccionadas-por-un-jurado-tecnico\/#primaryimage","url":"https:\/\/www.laguiadepamplona.com\/actualidad\/wp-content\/uploads\/2024\/04\/carteles-sanfermin-2024.webp","contentUrl":"https:\/\/www.laguiadepamplona.com\/actualidad\/wp-content\/uploads\/2024\/04\/carteles-sanfermin-2024.webp","width":1000,"height":646,"caption":"carteles san Ferm\u00edn 2024"},{"@type":"BreadcrumbList","@id":"https:\/\/www.laguiadepamplona.com\/actualidad\/el-6-de-mayo-finaliza-la-votacion-para-elegir-el-cartel-anunciador-de-los-sanfermines-2024-tras-hacerse-publicas-las-diez-obras-finalistas-seleccionadas-por-un-jurado-tecnico\/#breadcrumb","itemListElement":[{"@type":"ListItem","position":1,"name":"Portada","item":"https:\/\/www.laguiadepamplona.com\/actualidad\/"},{"@type":"ListItem","position":2,"name":"El 6 de mayo finaliza la votaci\u00f3n para elegir el cartel anunciador de los Sanfermines 2024, tras hacerse p\u00fablicas las diez obras finalistas seleccionadas por un jurado t\u00e9cnico"}]},{"@type":"WebSite","@id":"https:\/\/www.laguiadepamplona.com\/actualidad\/#website","url":"https:\/\/www.laguiadepamplona.com\/actualidad\/","name":"La gu\u00eda de Pamplona","description":"Noticias de Pamplona","publisher":{"@id":"https:\/\/www.laguiadepamplona.com\/actualidad\/#organization"},"potentialAction":[{"@type":"SearchAction","target":{"@type":"EntryPoint","urlTemplate":"https:\/\/www.laguiadepamplona.com\/actualidad\/?s={search_term_string}"},"query-input":{"@type":"PropertyValueSpecification","valueRequired":true,"valueName":"search_term_string"}}],"inLanguage":"es"},{"@type":"Organization","@id":"https:\/\/www.laguiadepamplona.com\/actualidad\/#organization","name":"La Gu\u00eda de Pamplona \/ Noticias","url":"https:\/\/www.laguiadepamplona.com\/actualidad\/","logo":{"@type":"ImageObject","inLanguage":"es","@id":"https:\/\/www.laguiadepamplona.com\/actualidad\/#\/schema\/logo\/image\/","url":"https:\/\/www.laguiadepamplona.com\/actualidad\/wp-content\/uploads\/2018\/11\/logo-laguiadepamplona18-web1.png","contentUrl":"https:\/\/www.laguiadepamplona.com\/actualidad\/wp-content\/uploads\/2018\/11\/logo-laguiadepamplona18-web1.png","width":600,"height":196,"caption":"La Gu\u00eda de Pamplona \/ Noticias"},"image":{"@id":"https:\/\/www.laguiadepamplona.com\/actualidad\/#\/schema\/logo\/image\/"},"sameAs":["https:\/\/www.facebook.com\/laguiadepamplonacom-133175176762273\/?ref=hl","https:\/\/x.com\/LaGuiadPamplona","https:\/\/www.instagram.com\/la_guia_de_pamplona\/","https:\/\/www.youtube.com\/user\/laguiadepamplona"]},{"@type":"Person","@id":"https:\/\/www.laguiadepamplona.com\/actualidad\/#\/schema\/person\/efe887376f0213d4657c93adc50b1fdb","name":"La Gu\u00eda de Pamplona","image":{"@type":"ImageObject","inLanguage":"es","@id":"https:\/\/secure.gravatar.com\/avatar\/b6992f131dc8d30ab0dff15446e9d346d9dbd95992de0fef795073f5ea83a81c?s=96&d=mm&r=g","url":"https:\/\/secure.gravatar.com\/avatar\/b6992f131dc8d30ab0dff15446e9d346d9dbd95992de0fef795073f5ea83a81c?s=96&d=mm&r=g","contentUrl":"https:\/\/secure.gravatar.com\/avatar\/b6992f131dc8d30ab0dff15446e9d346d9dbd95992de0fef795073f5ea83a81c?s=96&d=mm&r=g","caption":"La Gu\u00eda de Pamplona"}}]}},"post_mailing_queue_ids":[],"_links":{"self":[{"href":"https:\/\/www.laguiadepamplona.com\/actualidad\/wp-json\/wp\/v2\/posts\/49440","targetHints":{"allow":["GET"]}}],"collection":[{"href":"https:\/\/www.laguiadepamplona.com\/actualidad\/wp-json\/wp\/v2\/posts"}],"about":[{"href":"https:\/\/www.laguiadepamplona.com\/actualidad\/wp-json\/wp\/v2\/types\/post"}],"author":[{"embeddable":true,"href":"https:\/\/www.laguiadepamplona.com\/actualidad\/wp-json\/wp\/v2\/users\/1"}],"replies":[{"embeddable":true,"href":"https:\/\/www.laguiadepamplona.com\/actualidad\/wp-json\/wp\/v2\/comments?post=49440"}],"version-history":[{"count":2,"href":"https:\/\/www.laguiadepamplona.com\/actualidad\/wp-json\/wp\/v2\/posts\/49440\/revisions"}],"predecessor-version":[{"id":49444,"href":"https:\/\/www.laguiadepamplona.com\/actualidad\/wp-json\/wp\/v2\/posts\/49440\/revisions\/49444"}],"wp:featuredmedia":[{"embeddable":true,"href":"https:\/\/www.laguiadepamplona.com\/actualidad\/wp-json\/wp\/v2\/media\/49441"}],"wp:attachment":[{"href":"https:\/\/www.laguiadepamplona.com\/actualidad\/wp-json\/wp\/v2\/media?parent=49440"}],"wp:term":[{"taxonomy":"category","embeddable":true,"href":"https:\/\/www.laguiadepamplona.com\/actualidad\/wp-json\/wp\/v2\/categories?post=49440"},{"taxonomy":"post_tag","embeddable":true,"href":"https:\/\/www.laguiadepamplona.com\/actualidad\/wp-json\/wp\/v2\/tags?post=49440"}],"curies":[{"name":"wp","href":"https:\/\/api.w.org\/{rel}","templated":true}]}}