{"id":49432,"date":"2024-04-19T13:20:00","date_gmt":"2024-04-19T11:20:00","guid":{"rendered":"https:\/\/www.laguiadepamplona.com\/actualidad\/?p=49432"},"modified":"2024-04-19T13:20:00","modified_gmt":"2024-04-19T11:20:00","slug":"la-red-civivox-y-tasubinsa-que-celebra-su-35o-aniversario-proponen-diversas-actividades-para-mostrar-las-vivencias-de-las-personas-con-discapacidad","status":"publish","type":"post","link":"https:\/\/www.laguiadepamplona.com\/actualidad\/la-red-civivox-y-tasubinsa-que-celebra-su-35o-aniversario-proponen-diversas-actividades-para-mostrar-las-vivencias-de-las-personas-con-discapacidad\/","title":{"rendered":"La red Civivox y Tasubinsa, que celebra su 35\u00ba aniversario, proponen diversas actividades para mostrar las vivencias de las personas con discapacidad"},"content":{"rendered":"<h2>\u2018Trabajando por la discapacidad\u2019 incluye, del 22 de abril al 5 de mayo, una exposici\u00f3n, tres mesas redondas, dos talleres participativos y un musical<\/h2>\n<p><!--more--><\/p>\n<p>La red Civivox y Tasubinsa colaboran para mostrar la realidad de las personas con discapacidad en el ciclo \u2018Trabajando por la discapacidad\u2019. Este programa se desarrolla durante dos semanas, desde el pr\u00f3ximo lunes hasta el 5 de mayo, y pretende fomentar la inclusi\u00f3n de las personas con discapacidad, adem\u00e1s de mostrar el trabajo realizado por la entidad sin \u00e1nimo de lucro Tasubinsa en sus 35 a\u00f1os de vida.<\/p>\n<p>El programa lo han presentado en el Palacio del Condestable el director del \u00e1rea de Cultura, Fiestas, Educaci\u00f3n y Deporte, I\u00f1igo G\u00f3mez, junto al director gerente de Tasubinsa, Javier Lagunas, su presidente, Roberto P\u00e9rez, y la usuaria de Tasubinsa Sheila Ilarraz. Esta es la primera vez que Civivox y Tasubinsa acercan al p\u00fablico las vivencias de las personas, servicios y empresas que d\u00eda a d\u00eda trabajan con personas con discapacidad, as\u00ed como experiencias de primera mano de personas con discapacidad intelectual o del desarrollo.<\/p>\n<p>El ciclo consta de una exposici\u00f3n que ofrece dos visitas guiadas, tres mesas redondas, dos talleres participativos y se cierra con el musical inclusivo \u2018Mamma M\u00eda\u2019. Las actividades se celebran en Civivox Condestable, Civivox Iturrama y Civivox Jus la Rocha y requieren de inscripci\u00f3n previa en la red Civivox, en el tel\u00e9fono 010 \u2013 948 420 100 o las p\u00e1ginas web municipales <a href=\"http:\/\/www.pamplonaescultura.es\" target=\"_blank\" rel=\"noopener\">www.pamplonaescultura.es<\/a> y www.pamplona.es.<\/p>\n<p>La exposici\u00f3n fotogr\u00e1fica \u2018La discapacidad intelectual y Tasubinsa en la historia\u2019 inaugura el ciclo este lunes, en Civivox Iturrama, y estar\u00e1 abierta hasta el domingo 5 de mayo. La muestra recorre los 35 a\u00f1os de historia de la entidad, y la evoluci\u00f3n de la manera de trabajar en Tasubinsa y de la visi\u00f3n que tiene la sociedad sobre la discapacidad. Todo ello se recoge a trav\u00e9s de paneles con informaci\u00f3n y fotograf\u00edas. Se ofrecen dos visitas guiadas: el viernes 26 de abril, a las 12 horas, y el viernes 3 de mayo, a las 18 horas.<br \/>\n<script async src=\"\/\/pagead2.googlesyndication.com\/pagead\/js\/adsbygoogle.js\"><\/script><br \/>\n<!-- Noticias La Guia de Pamplona --><br \/>\n<ins class=\"adsbygoogle\"\nstyle=\"display:block\"\ndata-ad-client=\"ca-pub-6943679897239327\"\ndata-ad-slot=\"7048180777\"\ndata-ad-format=\"auto\"><\/ins><br \/>\n<script>\n(adsbygoogle = window.adsbygoogle || []).push({});\n<\/script><br \/>\n<strong>Tres mesas redondas<\/strong><\/p>\n<p>El ciclo incluye tres mesas redondas con diferentes perspectivas sobre las personas con discapacidad. La primera mesa se celebra el martes 23 a mediod\u00eda en Civivox Condestable, con el t\u00edtulo \u2018Empleo para las personas con discapacidad intelectual\u2019. En esta primera mesa, empresas navarras compartir\u00e1n su experiencia trabajando con Tasubinsa y dando empleo a personas con discapacidad intelectual.<\/p>\n<p>El jueves d\u00eda 25, a las 18 horas, se celebra en Civivox Iturrama la segunda cita, con el t\u00edtulo \u2018Apoyos y recursos para las personas con discapacidad intelectual\u2019. Esta mesa tratar\u00e1 las necesidades que plantean las familias y har\u00e1 recopilaci\u00f3n de los apoyos y recursos con los que cuentan las personas con discapacidad intelectual.<\/p>\n<p>La \u00faltima mesa, el martes 30 a mediod\u00eda en Civivox Jus la Rocha, aborda el tema \u2018C\u00f3mo quiero que me traten. Yo decido\u2019. En esta tercera mesa, personas con discapacidad intelectual invitan a reflexionar sobre c\u00f3mo se les trata, a entender c\u00f3mo se sienten y a conocer cu\u00e1les son sus reivindicaciones.<br \/>\n<script async src=\"\/\/pagead2.googlesyndication.com\/pagead\/js\/adsbygoogle.js\"><\/script><br \/>\n<!-- Noticias La Guia de Pamplona --><br \/>\n<ins class=\"adsbygoogle\"\nstyle=\"display:block\"\ndata-ad-client=\"ca-pub-6943679897239327\"\ndata-ad-slot=\"7048180777\"\ndata-ad-format=\"auto\"><\/ins><br \/>\n<script>\n(adsbygoogle = window.adsbygoogle || []).push({});\n<\/script><br \/>\n<strong>Dos talleres y un musical<\/strong><\/p>\n<p>El ciclo se completa con dos talleres. El mi\u00e9rcoles 24, en Civivox Jus la Rocha, de 12 a 14, se propone \u2018Visibilizando la discapacidad\u2019, sesi\u00f3n en la que personas con discapacidad realizan una din\u00e1mica de grupo para dar a conocer el concepto sobre discapacidad intelectual y\/o del desarrollo. Y el jueves 2 de mayo, Civivox Iturrama, tambi\u00e9n por la ma\u00f1ana, es escenario del taller \u2018Hagamos teatro\u2019, de la mano de Tasubinsa y Teatrolari.<\/p>\n<p>El cierre del ciclo, el s\u00e1bado 4 de mayo en Civivox Iturrama, a las 18 horas, es una adaptaci\u00f3n del musical \u2018Mamma M\u00eda\u2019, en el que participan personas con y sin discapacidad de Tasubinsa. Se trata de un espect\u00e1culo multidisciplinar, con m\u00fasica y baile, adaptado a la Lectura F\u00e1cil para todos los p\u00fablicos.<\/p>\n<p>Todas estas actividades suponen la celebraci\u00f3n de los 35 a\u00f1os de historia de Tasubinsa, entidad de iniciativa social, de utilidad p\u00fablica y sin \u00e1nimo de lucro creada el 13 de junio de 1989 por Anfas y Gobierno de Navarra, para la integraci\u00f3n laboral y social de las personas con discapacidad, preferentemente intelectual o del desarrollo. Tasubinsa da empleo y ocupaci\u00f3n a m\u00e1s de 1.500 personas entre el Centro Especial de Empleo (CEE), con unas 950 personas en plantilla, y el servicio de Centro Ocupacional, que dispone de 600 plazas. Cuenta con 13 centros repartidos por toda Navarra para que las personas con discapacidad puedan mantenerse cerca de sus familias y su entorno, y consigan sus metas y sue\u00f1os, desde la perspectiva de los derechos, la autonom\u00eda y la autodeterminaci\u00f3n.<br \/>\n<script async src=\"\/\/pagead2.googlesyndication.com\/pagead\/js\/adsbygoogle.js\"><\/script><br \/>\n<!-- Noticias La Guia de Pamplona --><br \/>\n<ins class=\"adsbygoogle\"\nstyle=\"display:block\"\ndata-ad-client=\"ca-pub-6943679897239327\"\ndata-ad-slot=\"7048180777\"\ndata-ad-format=\"auto\"><\/ins><br \/>\n<script>\n(adsbygoogle = window.adsbygoogle || []).push({});\n<\/script><br \/>\n&nbsp;<\/p>\n<h3>Trabajando por la discapacidad. Del 22 de abril al 5 de mayo<\/h3>\n<ul>\n<li>Todas las actividades requieren de inscripci\u00f3n previa:\n<ul>\n<li>presencialmente, en cualquier Civivox<\/li>\n<li>en el Tel\u00e9fono de Atenci\u00f3n Ciudadana 010 \u2013 948 420 100<\/li>\n<li>en las webs municipales <a href=\"http:\/\/www.pamplonaescultura.es\" target=\"_blank\" rel=\"noopener\">pamplonaescultura.es<\/a> y <a href=\"www.pamplona.es\" target=\"_blank\" rel=\"noopener\">www.pamplona.es<\/a><\/li>\n<\/ul>\n<\/li>\n<li>Del 22 de abril al 5 de mayo, exposici\u00f3n fotogr\u00e1fica: \u2018La discapacidad intelectual y Tasubinsa en la historia\u2019\n<ul>\n<li>Civivox Iturrama. Visitas guiadas el viernes 26 de abril (12 horas) y viernes 3 de mayo (18 horas)<\/li>\n<li>Horario exposici\u00f3n: de lunes a s\u00e1bado, de 09:00 a 14:00 horas y de 17:00 a 22:00; domingos: seg\u00fan programaci\u00f3n; festivos: cerrado<\/li>\n<\/ul>\n<\/li>\n<li>Martes 23 de abril, mesa redonda: \u2018Empleo para las personas con discapacidad intelectual\u2019\n<ul>\n<li>Civivox Condestable, de 12 a 14 horas<\/li>\n<li>Ponentes: Responsables de empresas navarras comparten su experiencia trabajando con Tasubinsa y dando empleo a personas con discapacidad intelectual<\/li>\n<\/ul>\n<\/li>\n<li>Mi\u00e9rcoles 24 de abril, taller participativo: \u2018Visibilizando la discapacidad\u2019\n<ul>\n<li>Civivox Jus la Rocha, de 12 a 14 horas<\/li>\n<li>Imparte: Tasubinsa<\/li>\n<\/ul>\n<\/li>\n<li>Jueves 25 de abril, mesa redonda: \u2018Apoyos y recursos para las personas con discapacidad intelectual\u2019\n<ul>\n<li>Civivox Iturrama, de 18 a 20 horas<\/li>\n<li>Ponentes: Tasubinsa, Anfas, Plena Inclusi\u00f3n, Futuna &amp; ANDP<\/li>\n<\/ul>\n<\/li>\n<li>Martes 30 de abril, mesa redonda: \u2018C\u00f3mo quiero que me traten. Yo decido\u2019\n<ul>\n<li>Civivox Jus la Rocha, de 12 a 14 horas<\/li>\n<li>Ponencias: personas con discapacidad intelectual<\/li>\n<\/ul>\n<\/li>\n<li>Jueves 2 de mayo, taller participativo: \u2018Hagamos teatro\u2019\n<ul>\n<li>Civivox Iturrama, de 12 a 14 horas<\/li>\n<li>Imparten: Tasubinsa y Teatrolari<\/li>\n<\/ul>\n<\/li>\n<li>S\u00e1bado 4 de mayo, musical inclusivo: \u2018Mamma M\u00eda\u2019\n<ul>\n<li>Civivox Iturrama, de 18 a 20 horas<\/li>\n<li>Int\u00e9rpretes: personas con y sin discapacidad de Tasubinsa<\/li>\n<\/ul>\n<\/li>\n<\/ul>\n","protected":false},"excerpt":{"rendered":"<p>\u2018Trabajando por la discapacidad\u2019 incluye, del 22 de abril al 5 de mayo, una exposici\u00f3n, tres mesas redondas, dos talleres participativos y un musical<\/p>\n","protected":false},"author":1,"featured_media":49433,"comment_status":"open","ping_status":"closed","sticky":false,"template":"","format":"standard","meta":{"footnotes":""},"categories":[2],"tags":[],"class_list":["post-49432","post","type-post","status-publish","format-standard","has-post-thumbnail","hentry","category-ayuntamiento-pamplona"],"yoast_head":"<!-- This site is optimized with the Yoast SEO plugin v27.3 - https:\/\/yoast.com\/product\/yoast-seo-wordpress\/ -->\n<title>La red Civivox y Tasubinsa, que celebra su 35\u00ba aniversario, proponen diversas actividades para mostrar las vivencias de las personas con discapacidad<\/title>\n<meta name=\"description\" content=\"\u2018Trabajando por la discapacidad\u2019 incluye, del 22 de abril al 5 de mayo, una exposici\u00f3n, tres mesas redondas, dos talleres participativos y un musical\" \/>\n<meta name=\"robots\" content=\"index, follow, max-snippet:-1, max-image-preview:large, max-video-preview:-1\" \/>\n<link rel=\"canonical\" href=\"https:\/\/www.laguiadepamplona.com\/actualidad\/la-red-civivox-y-tasubinsa-que-celebra-su-35o-aniversario-proponen-diversas-actividades-para-mostrar-las-vivencias-de-las-personas-con-discapacidad\/\" \/>\n<meta property=\"og:locale\" content=\"es_ES\" \/>\n<meta property=\"og:type\" content=\"article\" \/>\n<meta property=\"og:title\" content=\"La red Civivox y Tasubinsa, que celebra su 35\u00ba aniversario, proponen diversas actividades para mostrar las vivencias de las personas con discapacidad\" \/>\n<meta property=\"og:description\" content=\"\u2018Trabajando por la discapacidad\u2019 incluye, del 22 de abril al 5 de mayo, una exposici\u00f3n, tres mesas redondas, dos talleres participativos y un musical\" \/>\n<meta property=\"og:url\" content=\"https:\/\/www.laguiadepamplona.com\/actualidad\/la-red-civivox-y-tasubinsa-que-celebra-su-35o-aniversario-proponen-diversas-actividades-para-mostrar-las-vivencias-de-las-personas-con-discapacidad\/\" \/>\n<meta property=\"og:site_name\" content=\"La Gu\u00eda de Pamplona\" \/>\n<meta property=\"article:publisher\" content=\"https:\/\/www.facebook.com\/laguiadepamplonacom-133175176762273\/?ref=hl\" \/>\n<meta property=\"article:published_time\" content=\"2024-04-19T11:20:00+00:00\" \/>\n<meta property=\"og:image\" content=\"https:\/\/www.laguiadepamplona.com\/actualidad\/wp-content\/uploads\/2024\/04\/tasubinsa1_0.webp\" \/>\n\t<meta property=\"og:image:width\" content=\"1200\" \/>\n\t<meta property=\"og:image:height\" content=\"635\" \/>\n\t<meta property=\"og:image:type\" content=\"image\/webp\" \/>\n<meta name=\"author\" content=\"La Gu\u00eda de Pamplona\" \/>\n<meta name=\"twitter:card\" content=\"summary_large_image\" \/>\n<meta name=\"twitter:creator\" content=\"@LaGuiadPamplona\" \/>\n<meta name=\"twitter:site\" content=\"@LaGuiadPamplona\" \/>\n<meta name=\"twitter:label1\" content=\"Escrito por\" \/>\n\t<meta name=\"twitter:data1\" content=\"La Gu\u00eda de Pamplona\" \/>\n\t<meta name=\"twitter:label2\" content=\"Tiempo de lectura\" \/>\n\t<meta name=\"twitter:data2\" content=\"5 minutos\" \/>\n<script type=\"application\/ld+json\" class=\"yoast-schema-graph\">{\"@context\":\"https:\\\/\\\/schema.org\",\"@graph\":[{\"@type\":\"Article\",\"@id\":\"https:\\\/\\\/www.laguiadepamplona.com\\\/actualidad\\\/la-red-civivox-y-tasubinsa-que-celebra-su-35o-aniversario-proponen-diversas-actividades-para-mostrar-las-vivencias-de-las-personas-con-discapacidad\\\/#article\",\"isPartOf\":{\"@id\":\"https:\\\/\\\/www.laguiadepamplona.com\\\/actualidad\\\/la-red-civivox-y-tasubinsa-que-celebra-su-35o-aniversario-proponen-diversas-actividades-para-mostrar-las-vivencias-de-las-personas-con-discapacidad\\\/\"},\"author\":{\"name\":\"La Gu\u00eda de Pamplona\",\"@id\":\"https:\\\/\\\/www.laguiadepamplona.com\\\/actualidad\\\/#\\\/schema\\\/person\\\/efe887376f0213d4657c93adc50b1fdb\"},\"headline\":\"La red Civivox y Tasubinsa, que celebra su 35\u00ba aniversario, proponen diversas actividades para mostrar las vivencias de las personas con discapacidad\",\"datePublished\":\"2024-04-19T11:20:00+00:00\",\"mainEntityOfPage\":{\"@id\":\"https:\\\/\\\/www.laguiadepamplona.com\\\/actualidad\\\/la-red-civivox-y-tasubinsa-que-celebra-su-35o-aniversario-proponen-diversas-actividades-para-mostrar-las-vivencias-de-las-personas-con-discapacidad\\\/\"},\"wordCount\":1053,\"commentCount\":0,\"publisher\":{\"@id\":\"https:\\\/\\\/www.laguiadepamplona.com\\\/actualidad\\\/#organization\"},\"image\":{\"@id\":\"https:\\\/\\\/www.laguiadepamplona.com\\\/actualidad\\\/la-red-civivox-y-tasubinsa-que-celebra-su-35o-aniversario-proponen-diversas-actividades-para-mostrar-las-vivencias-de-las-personas-con-discapacidad\\\/#primaryimage\"},\"thumbnailUrl\":\"https:\\\/\\\/www.laguiadepamplona.com\\\/actualidad\\\/wp-content\\\/uploads\\\/2024\\\/04\\\/tasubinsa1_0.webp\",\"articleSection\":[\"Ayto Pamplona\"],\"inLanguage\":\"es\",\"potentialAction\":[{\"@type\":\"CommentAction\",\"name\":\"Comment\",\"target\":[\"https:\\\/\\\/www.laguiadepamplona.com\\\/actualidad\\\/la-red-civivox-y-tasubinsa-que-celebra-su-35o-aniversario-proponen-diversas-actividades-para-mostrar-las-vivencias-de-las-personas-con-discapacidad\\\/#respond\"]}]},{\"@type\":\"WebPage\",\"@id\":\"https:\\\/\\\/www.laguiadepamplona.com\\\/actualidad\\\/la-red-civivox-y-tasubinsa-que-celebra-su-35o-aniversario-proponen-diversas-actividades-para-mostrar-las-vivencias-de-las-personas-con-discapacidad\\\/\",\"url\":\"https:\\\/\\\/www.laguiadepamplona.com\\\/actualidad\\\/la-red-civivox-y-tasubinsa-que-celebra-su-35o-aniversario-proponen-diversas-actividades-para-mostrar-las-vivencias-de-las-personas-con-discapacidad\\\/\",\"name\":\"La red Civivox y Tasubinsa, que celebra su 35\u00ba aniversario, proponen diversas actividades para mostrar las vivencias de las personas con discapacidad\",\"isPartOf\":{\"@id\":\"https:\\\/\\\/www.laguiadepamplona.com\\\/actualidad\\\/#website\"},\"primaryImageOfPage\":{\"@id\":\"https:\\\/\\\/www.laguiadepamplona.com\\\/actualidad\\\/la-red-civivox-y-tasubinsa-que-celebra-su-35o-aniversario-proponen-diversas-actividades-para-mostrar-las-vivencias-de-las-personas-con-discapacidad\\\/#primaryimage\"},\"image\":{\"@id\":\"https:\\\/\\\/www.laguiadepamplona.com\\\/actualidad\\\/la-red-civivox-y-tasubinsa-que-celebra-su-35o-aniversario-proponen-diversas-actividades-para-mostrar-las-vivencias-de-las-personas-con-discapacidad\\\/#primaryimage\"},\"thumbnailUrl\":\"https:\\\/\\\/www.laguiadepamplona.com\\\/actualidad\\\/wp-content\\\/uploads\\\/2024\\\/04\\\/tasubinsa1_0.webp\",\"datePublished\":\"2024-04-19T11:20:00+00:00\",\"description\":\"\u2018Trabajando por la discapacidad\u2019 incluye, del 22 de abril al 5 de mayo, una exposici\u00f3n, tres mesas redondas, dos talleres participativos y un musical\",\"breadcrumb\":{\"@id\":\"https:\\\/\\\/www.laguiadepamplona.com\\\/actualidad\\\/la-red-civivox-y-tasubinsa-que-celebra-su-35o-aniversario-proponen-diversas-actividades-para-mostrar-las-vivencias-de-las-personas-con-discapacidad\\\/#breadcrumb\"},\"inLanguage\":\"es\",\"potentialAction\":[{\"@type\":\"ReadAction\",\"target\":[\"https:\\\/\\\/www.laguiadepamplona.com\\\/actualidad\\\/la-red-civivox-y-tasubinsa-que-celebra-su-35o-aniversario-proponen-diversas-actividades-para-mostrar-las-vivencias-de-las-personas-con-discapacidad\\\/\"]}]},{\"@type\":\"ImageObject\",\"inLanguage\":\"es\",\"@id\":\"https:\\\/\\\/www.laguiadepamplona.com\\\/actualidad\\\/la-red-civivox-y-tasubinsa-que-celebra-su-35o-aniversario-proponen-diversas-actividades-para-mostrar-las-vivencias-de-las-personas-con-discapacidad\\\/#primaryimage\",\"url\":\"https:\\\/\\\/www.laguiadepamplona.com\\\/actualidad\\\/wp-content\\\/uploads\\\/2024\\\/04\\\/tasubinsa1_0.webp\",\"contentUrl\":\"https:\\\/\\\/www.laguiadepamplona.com\\\/actualidad\\\/wp-content\\\/uploads\\\/2024\\\/04\\\/tasubinsa1_0.webp\",\"width\":1200,\"height\":635,\"caption\":\"tasubinsa\"},{\"@type\":\"BreadcrumbList\",\"@id\":\"https:\\\/\\\/www.laguiadepamplona.com\\\/actualidad\\\/la-red-civivox-y-tasubinsa-que-celebra-su-35o-aniversario-proponen-diversas-actividades-para-mostrar-las-vivencias-de-las-personas-con-discapacidad\\\/#breadcrumb\",\"itemListElement\":[{\"@type\":\"ListItem\",\"position\":1,\"name\":\"Portada\",\"item\":\"https:\\\/\\\/www.laguiadepamplona.com\\\/actualidad\\\/\"},{\"@type\":\"ListItem\",\"position\":2,\"name\":\"La red Civivox y Tasubinsa, que celebra su 35\u00ba aniversario, proponen diversas actividades para mostrar las vivencias de las personas con discapacidad\"}]},{\"@type\":\"WebSite\",\"@id\":\"https:\\\/\\\/www.laguiadepamplona.com\\\/actualidad\\\/#website\",\"url\":\"https:\\\/\\\/www.laguiadepamplona.com\\\/actualidad\\\/\",\"name\":\"La gu\u00eda de Pamplona\",\"description\":\"Noticias de Pamplona\",\"publisher\":{\"@id\":\"https:\\\/\\\/www.laguiadepamplona.com\\\/actualidad\\\/#organization\"},\"potentialAction\":[{\"@type\":\"SearchAction\",\"target\":{\"@type\":\"EntryPoint\",\"urlTemplate\":\"https:\\\/\\\/www.laguiadepamplona.com\\\/actualidad\\\/?s={search_term_string}\"},\"query-input\":{\"@type\":\"PropertyValueSpecification\",\"valueRequired\":true,\"valueName\":\"search_term_string\"}}],\"inLanguage\":\"es\"},{\"@type\":\"Organization\",\"@id\":\"https:\\\/\\\/www.laguiadepamplona.com\\\/actualidad\\\/#organization\",\"name\":\"La Gu\u00eda de Pamplona \\\/ Noticias\",\"url\":\"https:\\\/\\\/www.laguiadepamplona.com\\\/actualidad\\\/\",\"logo\":{\"@type\":\"ImageObject\",\"inLanguage\":\"es\",\"@id\":\"https:\\\/\\\/www.laguiadepamplona.com\\\/actualidad\\\/#\\\/schema\\\/logo\\\/image\\\/\",\"url\":\"https:\\\/\\\/www.laguiadepamplona.com\\\/actualidad\\\/wp-content\\\/uploads\\\/2018\\\/11\\\/logo-laguiadepamplona18-web1.png\",\"contentUrl\":\"https:\\\/\\\/www.laguiadepamplona.com\\\/actualidad\\\/wp-content\\\/uploads\\\/2018\\\/11\\\/logo-laguiadepamplona18-web1.png\",\"width\":600,\"height\":196,\"caption\":\"La Gu\u00eda de Pamplona \\\/ Noticias\"},\"image\":{\"@id\":\"https:\\\/\\\/www.laguiadepamplona.com\\\/actualidad\\\/#\\\/schema\\\/logo\\\/image\\\/\"},\"sameAs\":[\"https:\\\/\\\/www.facebook.com\\\/laguiadepamplonacom-133175176762273\\\/?ref=hl\",\"https:\\\/\\\/x.com\\\/LaGuiadPamplona\",\"https:\\\/\\\/www.instagram.com\\\/la_guia_de_pamplona\\\/\",\"https:\\\/\\\/www.youtube.com\\\/user\\\/laguiadepamplona\"]},{\"@type\":\"Person\",\"@id\":\"https:\\\/\\\/www.laguiadepamplona.com\\\/actualidad\\\/#\\\/schema\\\/person\\\/efe887376f0213d4657c93adc50b1fdb\",\"name\":\"La Gu\u00eda de Pamplona\",\"image\":{\"@type\":\"ImageObject\",\"inLanguage\":\"es\",\"@id\":\"https:\\\/\\\/secure.gravatar.com\\\/avatar\\\/b6992f131dc8d30ab0dff15446e9d346d9dbd95992de0fef795073f5ea83a81c?s=96&d=mm&r=g\",\"url\":\"https:\\\/\\\/secure.gravatar.com\\\/avatar\\\/b6992f131dc8d30ab0dff15446e9d346d9dbd95992de0fef795073f5ea83a81c?s=96&d=mm&r=g\",\"contentUrl\":\"https:\\\/\\\/secure.gravatar.com\\\/avatar\\\/b6992f131dc8d30ab0dff15446e9d346d9dbd95992de0fef795073f5ea83a81c?s=96&d=mm&r=g\",\"caption\":\"La Gu\u00eda de Pamplona\"}}]}<\/script>\n<!-- \/ Yoast SEO plugin. -->","yoast_head_json":{"title":"La red Civivox y Tasubinsa, que celebra su 35\u00ba aniversario, proponen diversas actividades para mostrar las vivencias de las personas con discapacidad","description":"\u2018Trabajando por la discapacidad\u2019 incluye, del 22 de abril al 5 de mayo, una exposici\u00f3n, tres mesas redondas, dos talleres participativos y un musical","robots":{"index":"index","follow":"follow","max-snippet":"max-snippet:-1","max-image-preview":"max-image-preview:large","max-video-preview":"max-video-preview:-1"},"canonical":"https:\/\/www.laguiadepamplona.com\/actualidad\/la-red-civivox-y-tasubinsa-que-celebra-su-35o-aniversario-proponen-diversas-actividades-para-mostrar-las-vivencias-de-las-personas-con-discapacidad\/","og_locale":"es_ES","og_type":"article","og_title":"La red Civivox y Tasubinsa, que celebra su 35\u00ba aniversario, proponen diversas actividades para mostrar las vivencias de las personas con discapacidad","og_description":"\u2018Trabajando por la discapacidad\u2019 incluye, del 22 de abril al 5 de mayo, una exposici\u00f3n, tres mesas redondas, dos talleres participativos y un musical","og_url":"https:\/\/www.laguiadepamplona.com\/actualidad\/la-red-civivox-y-tasubinsa-que-celebra-su-35o-aniversario-proponen-diversas-actividades-para-mostrar-las-vivencias-de-las-personas-con-discapacidad\/","og_site_name":"La Gu\u00eda de Pamplona","article_publisher":"https:\/\/www.facebook.com\/laguiadepamplonacom-133175176762273\/?ref=hl","article_published_time":"2024-04-19T11:20:00+00:00","og_image":[{"width":1200,"height":635,"url":"https:\/\/www.laguiadepamplona.com\/actualidad\/wp-content\/uploads\/2024\/04\/tasubinsa1_0.webp","type":"image\/webp"}],"author":"La Gu\u00eda de Pamplona","twitter_card":"summary_large_image","twitter_creator":"@LaGuiadPamplona","twitter_site":"@LaGuiadPamplona","twitter_misc":{"Escrito por":"La Gu\u00eda de Pamplona","Tiempo de lectura":"5 minutos"},"schema":{"@context":"https:\/\/schema.org","@graph":[{"@type":"Article","@id":"https:\/\/www.laguiadepamplona.com\/actualidad\/la-red-civivox-y-tasubinsa-que-celebra-su-35o-aniversario-proponen-diversas-actividades-para-mostrar-las-vivencias-de-las-personas-con-discapacidad\/#article","isPartOf":{"@id":"https:\/\/www.laguiadepamplona.com\/actualidad\/la-red-civivox-y-tasubinsa-que-celebra-su-35o-aniversario-proponen-diversas-actividades-para-mostrar-las-vivencias-de-las-personas-con-discapacidad\/"},"author":{"name":"La Gu\u00eda de Pamplona","@id":"https:\/\/www.laguiadepamplona.com\/actualidad\/#\/schema\/person\/efe887376f0213d4657c93adc50b1fdb"},"headline":"La red Civivox y Tasubinsa, que celebra su 35\u00ba aniversario, proponen diversas actividades para mostrar las vivencias de las personas con discapacidad","datePublished":"2024-04-19T11:20:00+00:00","mainEntityOfPage":{"@id":"https:\/\/www.laguiadepamplona.com\/actualidad\/la-red-civivox-y-tasubinsa-que-celebra-su-35o-aniversario-proponen-diversas-actividades-para-mostrar-las-vivencias-de-las-personas-con-discapacidad\/"},"wordCount":1053,"commentCount":0,"publisher":{"@id":"https:\/\/www.laguiadepamplona.com\/actualidad\/#organization"},"image":{"@id":"https:\/\/www.laguiadepamplona.com\/actualidad\/la-red-civivox-y-tasubinsa-que-celebra-su-35o-aniversario-proponen-diversas-actividades-para-mostrar-las-vivencias-de-las-personas-con-discapacidad\/#primaryimage"},"thumbnailUrl":"https:\/\/www.laguiadepamplona.com\/actualidad\/wp-content\/uploads\/2024\/04\/tasubinsa1_0.webp","articleSection":["Ayto Pamplona"],"inLanguage":"es","potentialAction":[{"@type":"CommentAction","name":"Comment","target":["https:\/\/www.laguiadepamplona.com\/actualidad\/la-red-civivox-y-tasubinsa-que-celebra-su-35o-aniversario-proponen-diversas-actividades-para-mostrar-las-vivencias-de-las-personas-con-discapacidad\/#respond"]}]},{"@type":"WebPage","@id":"https:\/\/www.laguiadepamplona.com\/actualidad\/la-red-civivox-y-tasubinsa-que-celebra-su-35o-aniversario-proponen-diversas-actividades-para-mostrar-las-vivencias-de-las-personas-con-discapacidad\/","url":"https:\/\/www.laguiadepamplona.com\/actualidad\/la-red-civivox-y-tasubinsa-que-celebra-su-35o-aniversario-proponen-diversas-actividades-para-mostrar-las-vivencias-de-las-personas-con-discapacidad\/","name":"La red Civivox y Tasubinsa, que celebra su 35\u00ba aniversario, proponen diversas actividades para mostrar las vivencias de las personas con discapacidad","isPartOf":{"@id":"https:\/\/www.laguiadepamplona.com\/actualidad\/#website"},"primaryImageOfPage":{"@id":"https:\/\/www.laguiadepamplona.com\/actualidad\/la-red-civivox-y-tasubinsa-que-celebra-su-35o-aniversario-proponen-diversas-actividades-para-mostrar-las-vivencias-de-las-personas-con-discapacidad\/#primaryimage"},"image":{"@id":"https:\/\/www.laguiadepamplona.com\/actualidad\/la-red-civivox-y-tasubinsa-que-celebra-su-35o-aniversario-proponen-diversas-actividades-para-mostrar-las-vivencias-de-las-personas-con-discapacidad\/#primaryimage"},"thumbnailUrl":"https:\/\/www.laguiadepamplona.com\/actualidad\/wp-content\/uploads\/2024\/04\/tasubinsa1_0.webp","datePublished":"2024-04-19T11:20:00+00:00","description":"\u2018Trabajando por la discapacidad\u2019 incluye, del 22 de abril al 5 de mayo, una exposici\u00f3n, tres mesas redondas, dos talleres participativos y un musical","breadcrumb":{"@id":"https:\/\/www.laguiadepamplona.com\/actualidad\/la-red-civivox-y-tasubinsa-que-celebra-su-35o-aniversario-proponen-diversas-actividades-para-mostrar-las-vivencias-de-las-personas-con-discapacidad\/#breadcrumb"},"inLanguage":"es","potentialAction":[{"@type":"ReadAction","target":["https:\/\/www.laguiadepamplona.com\/actualidad\/la-red-civivox-y-tasubinsa-que-celebra-su-35o-aniversario-proponen-diversas-actividades-para-mostrar-las-vivencias-de-las-personas-con-discapacidad\/"]}]},{"@type":"ImageObject","inLanguage":"es","@id":"https:\/\/www.laguiadepamplona.com\/actualidad\/la-red-civivox-y-tasubinsa-que-celebra-su-35o-aniversario-proponen-diversas-actividades-para-mostrar-las-vivencias-de-las-personas-con-discapacidad\/#primaryimage","url":"https:\/\/www.laguiadepamplona.com\/actualidad\/wp-content\/uploads\/2024\/04\/tasubinsa1_0.webp","contentUrl":"https:\/\/www.laguiadepamplona.com\/actualidad\/wp-content\/uploads\/2024\/04\/tasubinsa1_0.webp","width":1200,"height":635,"caption":"tasubinsa"},{"@type":"BreadcrumbList","@id":"https:\/\/www.laguiadepamplona.com\/actualidad\/la-red-civivox-y-tasubinsa-que-celebra-su-35o-aniversario-proponen-diversas-actividades-para-mostrar-las-vivencias-de-las-personas-con-discapacidad\/#breadcrumb","itemListElement":[{"@type":"ListItem","position":1,"name":"Portada","item":"https:\/\/www.laguiadepamplona.com\/actualidad\/"},{"@type":"ListItem","position":2,"name":"La red Civivox y Tasubinsa, que celebra su 35\u00ba aniversario, proponen diversas actividades para mostrar las vivencias de las personas con discapacidad"}]},{"@type":"WebSite","@id":"https:\/\/www.laguiadepamplona.com\/actualidad\/#website","url":"https:\/\/www.laguiadepamplona.com\/actualidad\/","name":"La gu\u00eda de Pamplona","description":"Noticias de Pamplona","publisher":{"@id":"https:\/\/www.laguiadepamplona.com\/actualidad\/#organization"},"potentialAction":[{"@type":"SearchAction","target":{"@type":"EntryPoint","urlTemplate":"https:\/\/www.laguiadepamplona.com\/actualidad\/?s={search_term_string}"},"query-input":{"@type":"PropertyValueSpecification","valueRequired":true,"valueName":"search_term_string"}}],"inLanguage":"es"},{"@type":"Organization","@id":"https:\/\/www.laguiadepamplona.com\/actualidad\/#organization","name":"La Gu\u00eda de Pamplona \/ Noticias","url":"https:\/\/www.laguiadepamplona.com\/actualidad\/","logo":{"@type":"ImageObject","inLanguage":"es","@id":"https:\/\/www.laguiadepamplona.com\/actualidad\/#\/schema\/logo\/image\/","url":"https:\/\/www.laguiadepamplona.com\/actualidad\/wp-content\/uploads\/2018\/11\/logo-laguiadepamplona18-web1.png","contentUrl":"https:\/\/www.laguiadepamplona.com\/actualidad\/wp-content\/uploads\/2018\/11\/logo-laguiadepamplona18-web1.png","width":600,"height":196,"caption":"La Gu\u00eda de Pamplona \/ Noticias"},"image":{"@id":"https:\/\/www.laguiadepamplona.com\/actualidad\/#\/schema\/logo\/image\/"},"sameAs":["https:\/\/www.facebook.com\/laguiadepamplonacom-133175176762273\/?ref=hl","https:\/\/x.com\/LaGuiadPamplona","https:\/\/www.instagram.com\/la_guia_de_pamplona\/","https:\/\/www.youtube.com\/user\/laguiadepamplona"]},{"@type":"Person","@id":"https:\/\/www.laguiadepamplona.com\/actualidad\/#\/schema\/person\/efe887376f0213d4657c93adc50b1fdb","name":"La Gu\u00eda de Pamplona","image":{"@type":"ImageObject","inLanguage":"es","@id":"https:\/\/secure.gravatar.com\/avatar\/b6992f131dc8d30ab0dff15446e9d346d9dbd95992de0fef795073f5ea83a81c?s=96&d=mm&r=g","url":"https:\/\/secure.gravatar.com\/avatar\/b6992f131dc8d30ab0dff15446e9d346d9dbd95992de0fef795073f5ea83a81c?s=96&d=mm&r=g","contentUrl":"https:\/\/secure.gravatar.com\/avatar\/b6992f131dc8d30ab0dff15446e9d346d9dbd95992de0fef795073f5ea83a81c?s=96&d=mm&r=g","caption":"La Gu\u00eda de Pamplona"}}]}},"post_mailing_queue_ids":[],"_links":{"self":[{"href":"https:\/\/www.laguiadepamplona.com\/actualidad\/wp-json\/wp\/v2\/posts\/49432","targetHints":{"allow":["GET"]}}],"collection":[{"href":"https:\/\/www.laguiadepamplona.com\/actualidad\/wp-json\/wp\/v2\/posts"}],"about":[{"href":"https:\/\/www.laguiadepamplona.com\/actualidad\/wp-json\/wp\/v2\/types\/post"}],"author":[{"embeddable":true,"href":"https:\/\/www.laguiadepamplona.com\/actualidad\/wp-json\/wp\/v2\/users\/1"}],"replies":[{"embeddable":true,"href":"https:\/\/www.laguiadepamplona.com\/actualidad\/wp-json\/wp\/v2\/comments?post=49432"}],"version-history":[{"count":1,"href":"https:\/\/www.laguiadepamplona.com\/actualidad\/wp-json\/wp\/v2\/posts\/49432\/revisions"}],"predecessor-version":[{"id":49434,"href":"https:\/\/www.laguiadepamplona.com\/actualidad\/wp-json\/wp\/v2\/posts\/49432\/revisions\/49434"}],"wp:featuredmedia":[{"embeddable":true,"href":"https:\/\/www.laguiadepamplona.com\/actualidad\/wp-json\/wp\/v2\/media\/49433"}],"wp:attachment":[{"href":"https:\/\/www.laguiadepamplona.com\/actualidad\/wp-json\/wp\/v2\/media?parent=49432"}],"wp:term":[{"taxonomy":"category","embeddable":true,"href":"https:\/\/www.laguiadepamplona.com\/actualidad\/wp-json\/wp\/v2\/categories?post=49432"},{"taxonomy":"post_tag","embeddable":true,"href":"https:\/\/www.laguiadepamplona.com\/actualidad\/wp-json\/wp\/v2\/tags?post=49432"}],"curies":[{"name":"wp","href":"https:\/\/api.w.org\/{rel}","templated":true}]}}