{"id":49404,"date":"2024-04-18T12:40:13","date_gmt":"2024-04-18T10:40:13","guid":{"rendered":"https:\/\/www.laguiadepamplona.com\/actualidad\/?p=49404"},"modified":"2024-04-18T12:40:13","modified_gmt":"2024-04-18T10:40:13","slug":"propuesta-de-actividades-organizadas-por-el-ayuntamiento-de-pamplona-del-19-al-22-de-abril-con-plazas-libres","status":"publish","type":"post","link":"https:\/\/www.laguiadepamplona.com\/actualidad\/propuesta-de-actividades-organizadas-por-el-ayuntamiento-de-pamplona-del-19-al-22-de-abril-con-plazas-libres\/","title":{"rendered":"Propuesta de actividades organizadas por el Ayuntamiento de Pamplona del 19 al 22 de abril con plazas libres"},"content":{"rendered":"<p><!--more--><\/p>\n<p><strong>VIERNES 19 DE ABRIL<\/strong><\/p>\n<p><a href=\"https:\/\/pamplona.es\/actualidad\/eventos\/cafeteando-karaoke-casa-de-la-juventud-2\">Cafeteando. Karaoke. Casa de la Juventud<\/a>, 18.30 horas. Entrada libre<\/p>\n<p>La Casa de la Juventud propone para este viernes una de las actividades m\u00e1s habituales y m\u00e1s concurridas. Vuelven los viernes de karaoke para pasar un buen rato cantando \u00e9xitos actuales y canciones de toda la vida en un ambiente alegre y divertido, con diferentes juegos para dinamizar una tarde de lo m\u00e1s musical.<\/p>\n<p><a href=\"https:\/\/pamplona.es\/actualidad\/eventos\/conferencia-crisis-humantaria-en-palestina-biblioteca-txantrea\">Encuentro \u2018artivista\u2019 solidario con Palestina. Biblioteca P\u00fablica de Txantrea<\/a>, 19 horas. Entrada libre, hasta completar el aforo<\/p>\n<p>Organizado desde KOIUNTURA + arte. Adem\u00e1s, habr\u00e1 colaboraciones de otros artistas cantautores, poetas, pintores&#8230;<\/p>\n<p><a href=\"https:\/\/www.pamplona.es\/actualidad\/eventos\/dia-mundial-del-libro-recital-concierto-en-euskera-enplego-zoriontsuago-bat\">D\u00eda Mundial del Libro. Recital \u2013 concierto en euskera. Enplego zoriontsuago bat. E\u00f1aut Elorrieta &amp; \u00cd\u00f1igo Astiz.Civivox Iturrama<\/a>, 19.30 horas. Entrada: 3 euros, previa inscripci\u00f3n en el 010, la red Civivox y <a href=\"http:\/\/www.pamplonaescultura.es\">www.pamplonaescultura.es<\/a><\/p>\n<p>Gabriel Aresti es uno de los grandes nombres de la literatura vasca con innumerables aportaciones en su trayectoria. Hemos le\u00eddo sus poemas muchas veces y han sido muchos los m\u00fasicos que, de generaci\u00f3n en generaci\u00f3n, han puesto m\u00fasica a sus textos. Y, parad\u00f3jicamente, la lectura de sus textos y la escucha de sus canciones es la forma m\u00e1s segura de evitar este peligro, y eso es lo que el m\u00fasico E\u00f1aut Elorrieta y el escritor I\u00f1igo Astiz proponen en este recital: leer Aresti y escuchar Aresti.<\/p>\n<p>&nbsp;<br \/>\n<script async src=\"\/\/pagead2.googlesyndication.com\/pagead\/js\/adsbygoogle.js\"><\/script><br \/>\n<!-- Noticias La Guia de Pamplona --><br \/>\n<ins class=\"adsbygoogle\"\nstyle=\"display:block\"\ndata-ad-client=\"ca-pub-6943679897239327\"\ndata-ad-slot=\"7048180777\"\ndata-ad-format=\"auto\"><\/ins><br \/>\n<script>\n(adsbygoogle = window.adsbygoogle || []).push({});\n<\/script><br \/>\n<strong>S\u00c1BADO 20 DE ABRIL<\/strong><\/p>\n<p><a href=\"https:\/\/www.pamplona.es\/actualidad\/eventos\/cuentos-y-mucho-mas-cuentacuentos-cuentos-con-alas-civivox-condestable-sala\">Cuentos y mucho m\u00e1s\u2026 Cuentacuentos. \u2018Cuentos con alas\u2019. Civivox Condestable (Sala Pablo Sarasate)<\/a>, 12 horas. Entrada libre, previa inscripci\u00f3n en el 010, la red Civivox o <a href=\"http:\/\/www.pamplonaescultura.es\">www.pamplonaescultura.es<\/a><\/p>\n<p>En una \u00e9poca en la que Pablo Sarasate no sab\u00eda qu\u00e9 camino tomar, un profesor le pregunt\u00f3 por qu\u00e9 cre\u00eda que los sapos no volaban como los p\u00e1jaros. El peque\u00f1o Sarasate contest\u00f3 que era porque no pod\u00eda y su maestro concluy\u00f3: \u201cPues bien, t\u00fa que tienes alas, vuela; ese es tu derecho y, adem\u00e1s, tu deber\u201d. Con Sergio de Andr\u00e9s. Sesi\u00f3n dirigida a p\u00fablico infantil mayor de 4 a\u00f1os.<\/p>\n<p><a href=\"https:\/\/www.pamplona.es\/actualidad\/eventos\/magia-y-circo-espectaculo-familiar-los-viajes-del-cuentista-magico-de-magomino\">Magia y circo. Espect\u00e1culo familiar. \u2018Los viajes del cuentista m\u00e1gico\u2019, de Magomino. Civivox Jus la Rocha<\/a>, 12 horas. Entrada: 1 euro, previa inscripci\u00f3n en el 010, la red Civivox y <a href=\"http:\/\/www.pamplonaescultura.es\">www.pamplonaescultura.es<\/a><\/p>\n<p>El cuentista m\u00e1gico narra sus cuentos a trav\u00e9s de la palabra y del Kamishibai, el teatro de papel japon\u00e9s; y viaja de pueblo en pueblo, de villa a villa, con su carro lleno de fantas\u00edas. Un espect\u00e1culo en el que se suceder\u00e1n las historias, y en el que nos acompa\u00f1ar\u00e1n las emociones, la magia y la imaginaci\u00f3n. Dirigido a p\u00fablico infantil a partir de 3 a\u00f1os.<\/p>\n<p><a href=\"https:\/\/www.pamplona.es\/actualidad\/eventos\/acto-conmemorativo-del-centenario-del-gran-concurso-de-dulzaineros-de-navarra-de\">Conmemoraci\u00f3n del centenario de la celebraci\u00f3n del Gran Concurso de Dulzaineros de Navarra. M\u00fasica en la calle. Plaza del Castillo<\/a>, 12.30 horas. Libre participaci\u00f3n<br \/>\n<strong>El acto conmemorativo inaugural<\/strong>\u00a0de este centenario comenzar\u00e1 a las 11.30 horas con la recepci\u00f3n de las bandas invitadas, que incluyen m\u00fasicos de las cinco merindades de Navarra, para recrear la emblem\u00e1tica foto de los participantes en el certamen de 1924. La imagen se tomar\u00e1 a mediod\u00eda, en el patio del Palacio de Condestable. Tras la recreaci\u00f3n de la imagen, un pasacalles recorrer\u00e1 varios lugares y se dirigir\u00e1 hasta la Plaza del Castillo, donde se interpretar\u00e1 un concierto desde el\u00a0<strong>quiosco a las 12.30 horas<\/strong>.<\/p>\n<p><a href=\"https:\/\/www.pamplona.es\/actualidad\/eventos\/magia-y-circo-espectaculo-familiar-el-domador-y-su-circo-de-pulgas-con-magomino\">Magia y circo. Espect\u00e1culo familiar. \u2018El domador y su circo de pulgas\u2019, con Magomino. Civivox San Jorge<\/a>, 18.30 horas. Entrada: 1 euro, previa inscripci\u00f3n en el 010, la red Civivox y <a href=\"http:\/\/www.pamplonaescultura.es\">www.pamplonaescultura.es<\/a><\/p>\n<p>El Domador M\u00e1gico, adiestrador de pulgas, recorre el mundo en busca de las mejores pulgas para su gran circo. Un espect\u00e1culo con n\u00fameros circenses acompa\u00f1ados por los juegos y la magia de Magomino. Disfruta del mayor espect\u00e1culo del mundo reducido para un grupo de pulgas. Dirigido a p\u00fablico infantil a partir de 3 a\u00f1os.<\/p>\n<p>&nbsp;<br \/>\n<script async src=\"\/\/pagead2.googlesyndication.com\/pagead\/js\/adsbygoogle.js\"><\/script><br \/>\n<!-- Noticias La Guia de Pamplona --><br \/>\n<ins class=\"adsbygoogle\"\nstyle=\"display:block\"\ndata-ad-client=\"ca-pub-6943679897239327\"\ndata-ad-slot=\"7048180777\"\ndata-ad-format=\"auto\"><\/ins><br \/>\n<script>\n(adsbygoogle = window.adsbygoogle || []).push({});\n<\/script><br \/>\n<strong>DOMINGO 21 DE ABRIL<\/strong><\/p>\n<p><a href=\"https:\/\/www.pamplona.es\/actualidad\/eventos\/dianas-matinales-domingos-txistularis-y-gaiteros-210424\">Dianas. Txistularis y gaiteros municipales. San Jorge<\/a>, desde las 9 horas. Libre participaci\u00f3n<\/p>\n<p>Las tradicionales\u00a0<strong>dianas matinales<\/strong>\u00a0de los domingos, a cargo de los<strong>\u00a0txistularis y gaiteros de Pamplona<\/strong>, vuelven a las calles de la ciudad desde noviembre de 2023 a junio de 2024. Este domingo los txistularis y los gaiteros municipales actuar\u00e1n en San Jorge, con motivo de las fiestas del barrio.<\/p>\n<p><a href=\"https:\/\/www.pamplona.es\/actualidad\/eventos\/dia-mundial-del-libro-teatro-de-proximidad-idatzita-ez-dauden-amaierak-los\">D\u00eda Mundial del Libro. Teatro de proximidad. Idatzita ez dauden amaierak \/ Los finales no escritos. Civivox Condestable<\/a>, 12 (euskera) y 19 horas (castellano). Entrada libre, previa inscripci\u00f3n en el 010, la red Civivox y <a href=\"http:\/\/www.pamplonaescultura.es\">www.pamplonaescultura.es<\/a><\/p>\n<p>Todos so\u00f1amos con un final feliz, pero no pensamos qu\u00e9 implica: \u00bfEl final de una vida? Tres dramaturgas y un dramaturgo tejen cuatro historias que nos llevan a lo m\u00e1s profundo del ser humano. De Festival Literarte, Producciones Maestras.<\/p>\n<p>&nbsp;<br \/>\n<script async src=\"\/\/pagead2.googlesyndication.com\/pagead\/js\/adsbygoogle.js\"><\/script><br \/>\n<!-- Noticias La Guia de Pamplona --><br \/>\n<ins class=\"adsbygoogle\"\nstyle=\"display:block\"\ndata-ad-client=\"ca-pub-6943679897239327\"\ndata-ad-slot=\"7048180777\"\ndata-ad-format=\"auto\"><\/ins><br \/>\n<script>\n(adsbygoogle = window.adsbygoogle || []).push({});\n<\/script><br \/>\n<strong>LUNES 22 DE ABRIL<\/strong><\/p>\n<p><a href=\"https:\/\/www.pamplona.es\/actualidad\/eventos\/dia-mundial-del-libro-lectura-dramatizada-en-euskera-instituto-biurdana\">D\u00eda Mundial del Libro. Lectura dramatizada en euskera. Instituto Biurdana<\/a>, 9 horas y a lo largo de la ma\u00f1ana<\/p>\n<p>Lectura p\u00fablica en el Instituto Biurdana con la participaci\u00f3n de la escritora Alaine Agirre, con motivo del D\u00eda del Libro. Lectura p\u00fablica de la obra \u2018Karena\u2019, de la propia Alaine Agirre. Organizado por el Ayuntamiento de Pamplona en colaboraci\u00f3n con el Ateneo Navarro.<\/p>\n<p><a href=\"https:\/\/www.pamplona.es\/actualidad\/eventos\/heroinas-de-cine-proyeccion-cinematografica-miss-agente-especial-de-donald\">Hero\u00ednas de cine. Proyecci\u00f3n cinematogr\u00e1fica. \u2018Miss Agente Especial\u2019, de Donald Petrie. Civivox Iturrama<\/a>, 18 horas. Entrada libre, previa inscripci\u00f3n en el 010, la red Civivox y <a href=\"http:\/\/www.pamplonaescultura.es\">www.pamplonaescultura.es<\/a><\/p>\n<p>Cuando un asesino amenaza el concurso de Miss Estados Unidos, el FBI decide enviar a una agente infiltrada como participante. La mejor candidata que encuentran para la misi\u00f3n es Gracie Hart, una agente de modales toscos y poco femeninos. Ante su total falta de glamour, el FBI decide buscarle un representante que le ense\u00f1e todos los trucos del mundo de la pasarela.<\/p>\n<p><a href=\"https:\/\/www.pamplona.es\/actualidad\/eventos\/muestra-de-teatro-universitario-sangre-carbon-del-grupo-de-teatro-el-mayal-de-la\">Muestra de Teatro Universitario. \u2018Sangre carb\u00f3n\u2019, del Grupo de Teatro El Mayal de la Univesidad de Le\u00f3n. Civivox Mendillorri<\/a>, 19.30 horas. Entrada: 1 euro, previa inscripci\u00f3n en el 010, la red Civivox y <a href=\"http:\/\/www.pamplonaescultura.es\">www.pamplonaescultura.es<\/a><\/p>\n<p>Marusina llora a su hermano Mario, muerto en la mina; Mara trata de convencerla de que ambas est\u00e1n vivas y deben olvidar. Como toda tragedia, esta es la historia de una transgresi\u00f3n: la que comete Mara, su protagonista, para salvar la vida de su hermana Marusina; un viaje al interior de la tierra, y tambi\u00e9n de s\u00ed misma, \u00fanicamente por amor. Ciclo en colaboraci\u00f3n con la UPNA.<\/p>\n<p><a href=\"https:\/\/www.pamplona.es\/actualidad\/eventos\/dia-mundial-del-libro-encuentro-la-creacion-literaria-dialogo-entre-la-poesia-y\">D\u00eda Mundial del Libro. Encuentro. La creaci\u00f3n literaria: di\u00e1logo entre la poes\u00eda y el relato. Civivox Condestable<\/a>, 19.30 horas. Entrada libre, hasta completar el aforo<\/p>\n<p>Los escritores Pello Pellejero y \u00c1ngel Erro, premios de literatura Navarro Villoslada 2023 (primera edici\u00f3n convocada por la Direcci\u00f3n General de Cultura \u2013 Instituci\u00f3n Pr\u00edncipe de Viana del Gobierno de Navarra), en la modalidad de castellano y euskera, respectivamente, establecer\u00e1n un di\u00e1logo sobre sus experiencias creativas como escritores y sus reflexiones en torno al hecho literario.<\/p>\n<p><a href=\"https:\/\/www.pamplona.es\/actualidad\/eventos\/conferencia-maternidad-no-maternidad-no-poder-ser-madre-civivox-jus-la-rocha\">Encuentro literario en euskera. Maternidad. Civivox Jus la Rocha<\/a>, 19.30 horas. Entrada libre, hasta completar el aforo<\/p>\n<p>Encuentro literario sobre \u2018maternidad, no-maternidad, no poder ser madre\u2019 con Alaine Agirre, Erika Lagoma y Nahia Alkorta. Organizado en colaboraci\u00f3n con el Ateneo Navarro.<br \/>\nPartiendo de las experiencias de cada una de las ponentes, se plantear\u00e1n las repercusiones que tiene en las mujeres el hecho de querer ser madre y no poder, y el hecho de que en nuestra sociedad sea considerado como tema \u2018tab\u00fa\u2019 del que no se puede hablar.<\/p>\n","protected":false},"excerpt":{"rendered":"","protected":false},"author":1,"featured_media":41391,"comment_status":"open","ping_status":"closed","sticky":false,"template":"","format":"standard","meta":{"footnotes":""},"categories":[2],"tags":[],"class_list":["post-49404","post","type-post","status-publish","format-standard","has-post-thumbnail","hentry","category-ayuntamiento-pamplona"],"yoast_head":"<!-- This site is optimized with the Yoast SEO plugin v27.3 - https:\/\/yoast.com\/product\/yoast-seo-wordpress\/ -->\n<title>Propuesta de actividades organizadas por el Ayuntamiento de Pamplona del 19 al 22 de abril con plazas libres<\/title>\n<meta name=\"robots\" content=\"index, follow, max-snippet:-1, max-image-preview:large, max-video-preview:-1\" \/>\n<link rel=\"canonical\" href=\"https:\/\/www.laguiadepamplona.com\/actualidad\/propuesta-de-actividades-organizadas-por-el-ayuntamiento-de-pamplona-del-19-al-22-de-abril-con-plazas-libres\/\" \/>\n<meta property=\"og:locale\" content=\"es_ES\" \/>\n<meta property=\"og:type\" content=\"article\" \/>\n<meta property=\"og:title\" content=\"Propuesta de actividades organizadas por el Ayuntamiento de Pamplona del 19 al 22 de abril con plazas libres\" \/>\n<meta property=\"og:url\" content=\"https:\/\/www.laguiadepamplona.com\/actualidad\/propuesta-de-actividades-organizadas-por-el-ayuntamiento-de-pamplona-del-19-al-22-de-abril-con-plazas-libres\/\" \/>\n<meta property=\"og:site_name\" content=\"La Gu\u00eda de Pamplona\" \/>\n<meta property=\"article:publisher\" content=\"https:\/\/www.facebook.com\/laguiadepamplonacom-133175176762273\/?ref=hl\" \/>\n<meta property=\"article:published_time\" content=\"2024-04-18T10:40:13+00:00\" \/>\n<meta property=\"og:image\" content=\"https:\/\/www.laguiadepamplona.com\/actualidad\/wp-content\/uploads\/2022\/08\/reloj_ayuntamiento.webp\" \/>\n\t<meta property=\"og:image:width\" content=\"1920\" \/>\n\t<meta property=\"og:image:height\" content=\"1245\" \/>\n\t<meta property=\"og:image:type\" content=\"image\/webp\" \/>\n<meta name=\"author\" content=\"La Gu\u00eda de Pamplona\" \/>\n<meta name=\"twitter:card\" content=\"summary_large_image\" \/>\n<meta name=\"twitter:creator\" content=\"@LaGuiadPamplona\" \/>\n<meta name=\"twitter:site\" content=\"@LaGuiadPamplona\" \/>\n<meta name=\"twitter:label1\" content=\"Escrito por\" \/>\n\t<meta name=\"twitter:data1\" content=\"La Gu\u00eda de Pamplona\" \/>\n\t<meta name=\"twitter:label2\" content=\"Tiempo de lectura\" \/>\n\t<meta name=\"twitter:data2\" content=\"6 minutos\" \/>\n<script type=\"application\/ld+json\" class=\"yoast-schema-graph\">{\"@context\":\"https:\\\/\\\/schema.org\",\"@graph\":[{\"@type\":\"Article\",\"@id\":\"https:\\\/\\\/www.laguiadepamplona.com\\\/actualidad\\\/propuesta-de-actividades-organizadas-por-el-ayuntamiento-de-pamplona-del-19-al-22-de-abril-con-plazas-libres\\\/#article\",\"isPartOf\":{\"@id\":\"https:\\\/\\\/www.laguiadepamplona.com\\\/actualidad\\\/propuesta-de-actividades-organizadas-por-el-ayuntamiento-de-pamplona-del-19-al-22-de-abril-con-plazas-libres\\\/\"},\"author\":{\"name\":\"La Gu\u00eda de Pamplona\",\"@id\":\"https:\\\/\\\/www.laguiadepamplona.com\\\/actualidad\\\/#\\\/schema\\\/person\\\/efe887376f0213d4657c93adc50b1fdb\"},\"headline\":\"Propuesta de actividades organizadas por el Ayuntamiento de Pamplona del 19 al 22 de abril con plazas libres\",\"datePublished\":\"2024-04-18T10:40:13+00:00\",\"mainEntityOfPage\":{\"@id\":\"https:\\\/\\\/www.laguiadepamplona.com\\\/actualidad\\\/propuesta-de-actividades-organizadas-por-el-ayuntamiento-de-pamplona-del-19-al-22-de-abril-con-plazas-libres\\\/\"},\"wordCount\":1269,\"commentCount\":0,\"publisher\":{\"@id\":\"https:\\\/\\\/www.laguiadepamplona.com\\\/actualidad\\\/#organization\"},\"image\":{\"@id\":\"https:\\\/\\\/www.laguiadepamplona.com\\\/actualidad\\\/propuesta-de-actividades-organizadas-por-el-ayuntamiento-de-pamplona-del-19-al-22-de-abril-con-plazas-libres\\\/#primaryimage\"},\"thumbnailUrl\":\"https:\\\/\\\/www.laguiadepamplona.com\\\/actualidad\\\/wp-content\\\/uploads\\\/2022\\\/08\\\/reloj_ayuntamiento.webp\",\"articleSection\":[\"Ayto Pamplona\"],\"inLanguage\":\"es\",\"potentialAction\":[{\"@type\":\"CommentAction\",\"name\":\"Comment\",\"target\":[\"https:\\\/\\\/www.laguiadepamplona.com\\\/actualidad\\\/propuesta-de-actividades-organizadas-por-el-ayuntamiento-de-pamplona-del-19-al-22-de-abril-con-plazas-libres\\\/#respond\"]}]},{\"@type\":\"WebPage\",\"@id\":\"https:\\\/\\\/www.laguiadepamplona.com\\\/actualidad\\\/propuesta-de-actividades-organizadas-por-el-ayuntamiento-de-pamplona-del-19-al-22-de-abril-con-plazas-libres\\\/\",\"url\":\"https:\\\/\\\/www.laguiadepamplona.com\\\/actualidad\\\/propuesta-de-actividades-organizadas-por-el-ayuntamiento-de-pamplona-del-19-al-22-de-abril-con-plazas-libres\\\/\",\"name\":\"Propuesta de actividades organizadas por el Ayuntamiento de Pamplona del 19 al 22 de abril con plazas libres\",\"isPartOf\":{\"@id\":\"https:\\\/\\\/www.laguiadepamplona.com\\\/actualidad\\\/#website\"},\"primaryImageOfPage\":{\"@id\":\"https:\\\/\\\/www.laguiadepamplona.com\\\/actualidad\\\/propuesta-de-actividades-organizadas-por-el-ayuntamiento-de-pamplona-del-19-al-22-de-abril-con-plazas-libres\\\/#primaryimage\"},\"image\":{\"@id\":\"https:\\\/\\\/www.laguiadepamplona.com\\\/actualidad\\\/propuesta-de-actividades-organizadas-por-el-ayuntamiento-de-pamplona-del-19-al-22-de-abril-con-plazas-libres\\\/#primaryimage\"},\"thumbnailUrl\":\"https:\\\/\\\/www.laguiadepamplona.com\\\/actualidad\\\/wp-content\\\/uploads\\\/2022\\\/08\\\/reloj_ayuntamiento.webp\",\"datePublished\":\"2024-04-18T10:40:13+00:00\",\"breadcrumb\":{\"@id\":\"https:\\\/\\\/www.laguiadepamplona.com\\\/actualidad\\\/propuesta-de-actividades-organizadas-por-el-ayuntamiento-de-pamplona-del-19-al-22-de-abril-con-plazas-libres\\\/#breadcrumb\"},\"inLanguage\":\"es\",\"potentialAction\":[{\"@type\":\"ReadAction\",\"target\":[\"https:\\\/\\\/www.laguiadepamplona.com\\\/actualidad\\\/propuesta-de-actividades-organizadas-por-el-ayuntamiento-de-pamplona-del-19-al-22-de-abril-con-plazas-libres\\\/\"]}]},{\"@type\":\"ImageObject\",\"inLanguage\":\"es\",\"@id\":\"https:\\\/\\\/www.laguiadepamplona.com\\\/actualidad\\\/propuesta-de-actividades-organizadas-por-el-ayuntamiento-de-pamplona-del-19-al-22-de-abril-con-plazas-libres\\\/#primaryimage\",\"url\":\"https:\\\/\\\/www.laguiadepamplona.com\\\/actualidad\\\/wp-content\\\/uploads\\\/2022\\\/08\\\/reloj_ayuntamiento.webp\",\"contentUrl\":\"https:\\\/\\\/www.laguiadepamplona.com\\\/actualidad\\\/wp-content\\\/uploads\\\/2022\\\/08\\\/reloj_ayuntamiento.webp\",\"width\":1920,\"height\":1245,\"caption\":\"ayuntamiento\"},{\"@type\":\"BreadcrumbList\",\"@id\":\"https:\\\/\\\/www.laguiadepamplona.com\\\/actualidad\\\/propuesta-de-actividades-organizadas-por-el-ayuntamiento-de-pamplona-del-19-al-22-de-abril-con-plazas-libres\\\/#breadcrumb\",\"itemListElement\":[{\"@type\":\"ListItem\",\"position\":1,\"name\":\"Portada\",\"item\":\"https:\\\/\\\/www.laguiadepamplona.com\\\/actualidad\\\/\"},{\"@type\":\"ListItem\",\"position\":2,\"name\":\"Propuesta de actividades organizadas por el Ayuntamiento de Pamplona del 19 al 22 de abril con plazas libres\"}]},{\"@type\":\"WebSite\",\"@id\":\"https:\\\/\\\/www.laguiadepamplona.com\\\/actualidad\\\/#website\",\"url\":\"https:\\\/\\\/www.laguiadepamplona.com\\\/actualidad\\\/\",\"name\":\"La gu\u00eda de Pamplona\",\"description\":\"Noticias de Pamplona\",\"publisher\":{\"@id\":\"https:\\\/\\\/www.laguiadepamplona.com\\\/actualidad\\\/#organization\"},\"potentialAction\":[{\"@type\":\"SearchAction\",\"target\":{\"@type\":\"EntryPoint\",\"urlTemplate\":\"https:\\\/\\\/www.laguiadepamplona.com\\\/actualidad\\\/?s={search_term_string}\"},\"query-input\":{\"@type\":\"PropertyValueSpecification\",\"valueRequired\":true,\"valueName\":\"search_term_string\"}}],\"inLanguage\":\"es\"},{\"@type\":\"Organization\",\"@id\":\"https:\\\/\\\/www.laguiadepamplona.com\\\/actualidad\\\/#organization\",\"name\":\"La Gu\u00eda de Pamplona \\\/ Noticias\",\"url\":\"https:\\\/\\\/www.laguiadepamplona.com\\\/actualidad\\\/\",\"logo\":{\"@type\":\"ImageObject\",\"inLanguage\":\"es\",\"@id\":\"https:\\\/\\\/www.laguiadepamplona.com\\\/actualidad\\\/#\\\/schema\\\/logo\\\/image\\\/\",\"url\":\"https:\\\/\\\/www.laguiadepamplona.com\\\/actualidad\\\/wp-content\\\/uploads\\\/2018\\\/11\\\/logo-laguiadepamplona18-web1.png\",\"contentUrl\":\"https:\\\/\\\/www.laguiadepamplona.com\\\/actualidad\\\/wp-content\\\/uploads\\\/2018\\\/11\\\/logo-laguiadepamplona18-web1.png\",\"width\":600,\"height\":196,\"caption\":\"La Gu\u00eda de Pamplona \\\/ Noticias\"},\"image\":{\"@id\":\"https:\\\/\\\/www.laguiadepamplona.com\\\/actualidad\\\/#\\\/schema\\\/logo\\\/image\\\/\"},\"sameAs\":[\"https:\\\/\\\/www.facebook.com\\\/laguiadepamplonacom-133175176762273\\\/?ref=hl\",\"https:\\\/\\\/x.com\\\/LaGuiadPamplona\",\"https:\\\/\\\/www.instagram.com\\\/la_guia_de_pamplona\\\/\",\"https:\\\/\\\/www.youtube.com\\\/user\\\/laguiadepamplona\"]},{\"@type\":\"Person\",\"@id\":\"https:\\\/\\\/www.laguiadepamplona.com\\\/actualidad\\\/#\\\/schema\\\/person\\\/efe887376f0213d4657c93adc50b1fdb\",\"name\":\"La Gu\u00eda de Pamplona\",\"image\":{\"@type\":\"ImageObject\",\"inLanguage\":\"es\",\"@id\":\"https:\\\/\\\/secure.gravatar.com\\\/avatar\\\/b6992f131dc8d30ab0dff15446e9d346d9dbd95992de0fef795073f5ea83a81c?s=96&d=mm&r=g\",\"url\":\"https:\\\/\\\/secure.gravatar.com\\\/avatar\\\/b6992f131dc8d30ab0dff15446e9d346d9dbd95992de0fef795073f5ea83a81c?s=96&d=mm&r=g\",\"contentUrl\":\"https:\\\/\\\/secure.gravatar.com\\\/avatar\\\/b6992f131dc8d30ab0dff15446e9d346d9dbd95992de0fef795073f5ea83a81c?s=96&d=mm&r=g\",\"caption\":\"La Gu\u00eda de Pamplona\"}}]}<\/script>\n<!-- \/ Yoast SEO plugin. -->","yoast_head_json":{"title":"Propuesta de actividades organizadas por el Ayuntamiento de Pamplona del 19 al 22 de abril con plazas libres","robots":{"index":"index","follow":"follow","max-snippet":"max-snippet:-1","max-image-preview":"max-image-preview:large","max-video-preview":"max-video-preview:-1"},"canonical":"https:\/\/www.laguiadepamplona.com\/actualidad\/propuesta-de-actividades-organizadas-por-el-ayuntamiento-de-pamplona-del-19-al-22-de-abril-con-plazas-libres\/","og_locale":"es_ES","og_type":"article","og_title":"Propuesta de actividades organizadas por el Ayuntamiento de Pamplona del 19 al 22 de abril con plazas libres","og_url":"https:\/\/www.laguiadepamplona.com\/actualidad\/propuesta-de-actividades-organizadas-por-el-ayuntamiento-de-pamplona-del-19-al-22-de-abril-con-plazas-libres\/","og_site_name":"La Gu\u00eda de Pamplona","article_publisher":"https:\/\/www.facebook.com\/laguiadepamplonacom-133175176762273\/?ref=hl","article_published_time":"2024-04-18T10:40:13+00:00","og_image":[{"width":1920,"height":1245,"url":"https:\/\/www.laguiadepamplona.com\/actualidad\/wp-content\/uploads\/2022\/08\/reloj_ayuntamiento.webp","type":"image\/webp"}],"author":"La Gu\u00eda de Pamplona","twitter_card":"summary_large_image","twitter_creator":"@LaGuiadPamplona","twitter_site":"@LaGuiadPamplona","twitter_misc":{"Escrito por":"La Gu\u00eda de Pamplona","Tiempo de lectura":"6 minutos"},"schema":{"@context":"https:\/\/schema.org","@graph":[{"@type":"Article","@id":"https:\/\/www.laguiadepamplona.com\/actualidad\/propuesta-de-actividades-organizadas-por-el-ayuntamiento-de-pamplona-del-19-al-22-de-abril-con-plazas-libres\/#article","isPartOf":{"@id":"https:\/\/www.laguiadepamplona.com\/actualidad\/propuesta-de-actividades-organizadas-por-el-ayuntamiento-de-pamplona-del-19-al-22-de-abril-con-plazas-libres\/"},"author":{"name":"La Gu\u00eda de Pamplona","@id":"https:\/\/www.laguiadepamplona.com\/actualidad\/#\/schema\/person\/efe887376f0213d4657c93adc50b1fdb"},"headline":"Propuesta de actividades organizadas por el Ayuntamiento de Pamplona del 19 al 22 de abril con plazas libres","datePublished":"2024-04-18T10:40:13+00:00","mainEntityOfPage":{"@id":"https:\/\/www.laguiadepamplona.com\/actualidad\/propuesta-de-actividades-organizadas-por-el-ayuntamiento-de-pamplona-del-19-al-22-de-abril-con-plazas-libres\/"},"wordCount":1269,"commentCount":0,"publisher":{"@id":"https:\/\/www.laguiadepamplona.com\/actualidad\/#organization"},"image":{"@id":"https:\/\/www.laguiadepamplona.com\/actualidad\/propuesta-de-actividades-organizadas-por-el-ayuntamiento-de-pamplona-del-19-al-22-de-abril-con-plazas-libres\/#primaryimage"},"thumbnailUrl":"https:\/\/www.laguiadepamplona.com\/actualidad\/wp-content\/uploads\/2022\/08\/reloj_ayuntamiento.webp","articleSection":["Ayto Pamplona"],"inLanguage":"es","potentialAction":[{"@type":"CommentAction","name":"Comment","target":["https:\/\/www.laguiadepamplona.com\/actualidad\/propuesta-de-actividades-organizadas-por-el-ayuntamiento-de-pamplona-del-19-al-22-de-abril-con-plazas-libres\/#respond"]}]},{"@type":"WebPage","@id":"https:\/\/www.laguiadepamplona.com\/actualidad\/propuesta-de-actividades-organizadas-por-el-ayuntamiento-de-pamplona-del-19-al-22-de-abril-con-plazas-libres\/","url":"https:\/\/www.laguiadepamplona.com\/actualidad\/propuesta-de-actividades-organizadas-por-el-ayuntamiento-de-pamplona-del-19-al-22-de-abril-con-plazas-libres\/","name":"Propuesta de actividades organizadas por el Ayuntamiento de Pamplona del 19 al 22 de abril con plazas libres","isPartOf":{"@id":"https:\/\/www.laguiadepamplona.com\/actualidad\/#website"},"primaryImageOfPage":{"@id":"https:\/\/www.laguiadepamplona.com\/actualidad\/propuesta-de-actividades-organizadas-por-el-ayuntamiento-de-pamplona-del-19-al-22-de-abril-con-plazas-libres\/#primaryimage"},"image":{"@id":"https:\/\/www.laguiadepamplona.com\/actualidad\/propuesta-de-actividades-organizadas-por-el-ayuntamiento-de-pamplona-del-19-al-22-de-abril-con-plazas-libres\/#primaryimage"},"thumbnailUrl":"https:\/\/www.laguiadepamplona.com\/actualidad\/wp-content\/uploads\/2022\/08\/reloj_ayuntamiento.webp","datePublished":"2024-04-18T10:40:13+00:00","breadcrumb":{"@id":"https:\/\/www.laguiadepamplona.com\/actualidad\/propuesta-de-actividades-organizadas-por-el-ayuntamiento-de-pamplona-del-19-al-22-de-abril-con-plazas-libres\/#breadcrumb"},"inLanguage":"es","potentialAction":[{"@type":"ReadAction","target":["https:\/\/www.laguiadepamplona.com\/actualidad\/propuesta-de-actividades-organizadas-por-el-ayuntamiento-de-pamplona-del-19-al-22-de-abril-con-plazas-libres\/"]}]},{"@type":"ImageObject","inLanguage":"es","@id":"https:\/\/www.laguiadepamplona.com\/actualidad\/propuesta-de-actividades-organizadas-por-el-ayuntamiento-de-pamplona-del-19-al-22-de-abril-con-plazas-libres\/#primaryimage","url":"https:\/\/www.laguiadepamplona.com\/actualidad\/wp-content\/uploads\/2022\/08\/reloj_ayuntamiento.webp","contentUrl":"https:\/\/www.laguiadepamplona.com\/actualidad\/wp-content\/uploads\/2022\/08\/reloj_ayuntamiento.webp","width":1920,"height":1245,"caption":"ayuntamiento"},{"@type":"BreadcrumbList","@id":"https:\/\/www.laguiadepamplona.com\/actualidad\/propuesta-de-actividades-organizadas-por-el-ayuntamiento-de-pamplona-del-19-al-22-de-abril-con-plazas-libres\/#breadcrumb","itemListElement":[{"@type":"ListItem","position":1,"name":"Portada","item":"https:\/\/www.laguiadepamplona.com\/actualidad\/"},{"@type":"ListItem","position":2,"name":"Propuesta de actividades organizadas por el Ayuntamiento de Pamplona del 19 al 22 de abril con plazas libres"}]},{"@type":"WebSite","@id":"https:\/\/www.laguiadepamplona.com\/actualidad\/#website","url":"https:\/\/www.laguiadepamplona.com\/actualidad\/","name":"La gu\u00eda de Pamplona","description":"Noticias de Pamplona","publisher":{"@id":"https:\/\/www.laguiadepamplona.com\/actualidad\/#organization"},"potentialAction":[{"@type":"SearchAction","target":{"@type":"EntryPoint","urlTemplate":"https:\/\/www.laguiadepamplona.com\/actualidad\/?s={search_term_string}"},"query-input":{"@type":"PropertyValueSpecification","valueRequired":true,"valueName":"search_term_string"}}],"inLanguage":"es"},{"@type":"Organization","@id":"https:\/\/www.laguiadepamplona.com\/actualidad\/#organization","name":"La Gu\u00eda de Pamplona \/ Noticias","url":"https:\/\/www.laguiadepamplona.com\/actualidad\/","logo":{"@type":"ImageObject","inLanguage":"es","@id":"https:\/\/www.laguiadepamplona.com\/actualidad\/#\/schema\/logo\/image\/","url":"https:\/\/www.laguiadepamplona.com\/actualidad\/wp-content\/uploads\/2018\/11\/logo-laguiadepamplona18-web1.png","contentUrl":"https:\/\/www.laguiadepamplona.com\/actualidad\/wp-content\/uploads\/2018\/11\/logo-laguiadepamplona18-web1.png","width":600,"height":196,"caption":"La Gu\u00eda de Pamplona \/ Noticias"},"image":{"@id":"https:\/\/www.laguiadepamplona.com\/actualidad\/#\/schema\/logo\/image\/"},"sameAs":["https:\/\/www.facebook.com\/laguiadepamplonacom-133175176762273\/?ref=hl","https:\/\/x.com\/LaGuiadPamplona","https:\/\/www.instagram.com\/la_guia_de_pamplona\/","https:\/\/www.youtube.com\/user\/laguiadepamplona"]},{"@type":"Person","@id":"https:\/\/www.laguiadepamplona.com\/actualidad\/#\/schema\/person\/efe887376f0213d4657c93adc50b1fdb","name":"La Gu\u00eda de Pamplona","image":{"@type":"ImageObject","inLanguage":"es","@id":"https:\/\/secure.gravatar.com\/avatar\/b6992f131dc8d30ab0dff15446e9d346d9dbd95992de0fef795073f5ea83a81c?s=96&d=mm&r=g","url":"https:\/\/secure.gravatar.com\/avatar\/b6992f131dc8d30ab0dff15446e9d346d9dbd95992de0fef795073f5ea83a81c?s=96&d=mm&r=g","contentUrl":"https:\/\/secure.gravatar.com\/avatar\/b6992f131dc8d30ab0dff15446e9d346d9dbd95992de0fef795073f5ea83a81c?s=96&d=mm&r=g","caption":"La Gu\u00eda de Pamplona"}}]}},"post_mailing_queue_ids":[],"_links":{"self":[{"href":"https:\/\/www.laguiadepamplona.com\/actualidad\/wp-json\/wp\/v2\/posts\/49404","targetHints":{"allow":["GET"]}}],"collection":[{"href":"https:\/\/www.laguiadepamplona.com\/actualidad\/wp-json\/wp\/v2\/posts"}],"about":[{"href":"https:\/\/www.laguiadepamplona.com\/actualidad\/wp-json\/wp\/v2\/types\/post"}],"author":[{"embeddable":true,"href":"https:\/\/www.laguiadepamplona.com\/actualidad\/wp-json\/wp\/v2\/users\/1"}],"replies":[{"embeddable":true,"href":"https:\/\/www.laguiadepamplona.com\/actualidad\/wp-json\/wp\/v2\/comments?post=49404"}],"version-history":[{"count":1,"href":"https:\/\/www.laguiadepamplona.com\/actualidad\/wp-json\/wp\/v2\/posts\/49404\/revisions"}],"predecessor-version":[{"id":49405,"href":"https:\/\/www.laguiadepamplona.com\/actualidad\/wp-json\/wp\/v2\/posts\/49404\/revisions\/49405"}],"wp:featuredmedia":[{"embeddable":true,"href":"https:\/\/www.laguiadepamplona.com\/actualidad\/wp-json\/wp\/v2\/media\/41391"}],"wp:attachment":[{"href":"https:\/\/www.laguiadepamplona.com\/actualidad\/wp-json\/wp\/v2\/media?parent=49404"}],"wp:term":[{"taxonomy":"category","embeddable":true,"href":"https:\/\/www.laguiadepamplona.com\/actualidad\/wp-json\/wp\/v2\/categories?post=49404"},{"taxonomy":"post_tag","embeddable":true,"href":"https:\/\/www.laguiadepamplona.com\/actualidad\/wp-json\/wp\/v2\/tags?post=49404"}],"curies":[{"name":"wp","href":"https:\/\/api.w.org\/{rel}","templated":true}]}}