{"id":494,"date":"2014-02-18T12:51:09","date_gmt":"2014-02-18T11:51:09","guid":{"rendered":"http:\/\/laguiadepamplona.es\/noticias\/?p=494"},"modified":"2014-02-18T12:51:09","modified_gmt":"2014-02-18T11:51:09","slug":"el-albergue-de-jesus-y-maria-sera-exclusivamente-para-peregrinos-del-1-de-mayo-al-30-de-septiembre-y-admitira-reservas-de-turistas-fuera-de-esas-fechas","status":"publish","type":"post","link":"https:\/\/www.laguiadepamplona.com\/actualidad\/el-albergue-de-jesus-y-maria-sera-exclusivamente-para-peregrinos-del-1-de-mayo-al-30-de-septiembre-y-admitira-reservas-de-turistas-fuera-de-esas-fechas\/","title":{"rendered":"El albergue de Jes\u00fas y Mar\u00eda ser\u00e1 exclusivamente para peregrinos del 1 de mayo al 30 de septiembre y admitir\u00e1 reservas de turistas fuera de esas fechas"},"content":{"rendered":"<h6>Desde que abri\u00f3 sus puertas en 2007, han pasado por el albergue 114.321 peregrinos<\/h6>\n<p><a href=\"http:\/\/laguiadepamplona.es\/noticias\/wp-content\/uploads\/2014\/02\/El-albergue-de-Jesus-y-Maria.jpg\"><img loading=\"lazy\" decoding=\"async\" class=\"alignleft size-medium wp-image-495\" alt=\"El albergue de Jesus y Maria\" src=\"http:\/\/laguiadepamplona.es\/noticias\/wp-content\/uploads\/2014\/02\/El-albergue-de-Jesus-y-Maria-300x270.jpg\" width=\"300\" height=\"270\" \/><\/a>El albergue tur\u00edstico del Camino de Santiago de Jes\u00fas y Mar\u00eda de Pamplona ser\u00e1 exclusivamente para el alojamiento de peregrinos desde el 1 de mayo al 30 de septiembre pero fuera de esas fechas permitir\u00e1 la reserva de plazas a turistas que est\u00e9n visitando la ciudad y que no realicen el Camino de Santiago. Al igual que hasta ahora, del 1 de mayo al 30 de septiembre no se admitir\u00e1n reservas previas y las plazas disponibles se ocupar\u00e1n seg\u00fan vayan llegando los peregrinos.<\/p>\n<p>La pernoctaci\u00f3n de turistas es la mayor novedad del expediente para la concesi\u00f3n administrativa de este espacio, a la que podr\u00e1n presentarse \u00fanicamente Centros Especiales de Empleo sin \u00e1nimo de lucro (CEE) y Centros de Inserci\u00f3n Sociolaboral (CIS), y que ha sido aprobado esta ma\u00f1ana en la Junta de Gobierno Local del Ayuntamiento de Pamplona.<\/p>\n<p>El albergue tur\u00edstico del Camino de Santiago de Jes\u00fas y Mar\u00eda de Pamplona es un equipamiento del Ayuntamiento de Pamplona inaugurado en agosto del a\u00f1o 2007 y situado en la antigua iglesia de Jes\u00fas y Mar\u00eda de la Calle Compa\u00f1\u00eda. Desde que abri\u00f3 sus puertas hasta finales del 2013 han pernoctado en \u00e9l un total de 114.321 peregrinos. Su objetivo fundamental es ofrecer alojamiento a todos los peregrinos que pasan por la ciudad y prestar un servicio a todos aquellos que hacen el Camino de Santiago.<\/p>\n<p><strong>Alojamiento para 112 personas<\/strong><\/p>\n<p>El albergue dispone de 112 camas y diverso equipamiento para hacer m\u00e1s c\u00f3moda la estancia como lavadoras y secadoras, cocina y comedor, servicio de internet y zona de estar. En su distribuci\u00f3n se ha mantenido \u00edntegro el espacio que fue de culto, habilitando entre los pilares de las naves laterales unos m\u00f3dulos de madera, a dos niveles, en los que se ubican los dormitorios de manera que las habitaciones y zona de estar no son estancias independientes sino que hay una gran estancia com\u00fan. Queda libre la nave central como zona multiusos y que adem\u00e1s sirve para acoger, por ejemplo, exposiciones o conciertos.<\/p>\n<p>En el edificio colindante se sit\u00faan los ba\u00f1os y las instalaciones mientras que la zona que correspond\u00eda a la sacrist\u00eda ha mantenido su estado adaptando su uso como lavadero y tendedero. El albergue tambi\u00e9n cuenta con aparcamiento para bicicletas, un dormitorio destinado a roncadores y un segundo dormitorio individual para el hospitalero.<\/p>\n<p>El albergue permanecer\u00e1 abierto como m\u00ednimo desde el s\u00e1bado anterior al jueves de Semana Santa hasta el 30 de octubre de lunes a domingo de 12 a 23 horas, pudiendo los licitadores presentar calendarios m\u00e1s amplios. En todo caso, permanecer\u00e1 cerrado por vacaciones del 5 al 15 de julio por las fiestas de San Ferm\u00edn.<\/p>\n<p><strong>Caracter\u00edsticas de la concesi\u00f3n administrativa<\/strong><\/p>\n<p>El albergue siempre deber\u00e1 estar atendido por una persona responsable que llevar\u00e1 un registro de entradas. Adem\u00e1s, el adjudicatario se encargar\u00e1 de la vigilancia de la instalaci\u00f3n, del mantenimiento y de la limpieza diaria del inmueble, que incluye fundas protectoras de colchones y de almohadas. El expediente recoge otros aspectos obligatorios como que el material impreso sobre el albergue deber\u00e1 estar disponible en castellano, euskera, ingl\u00e9s y franc\u00e9s.<\/p>\n<p>Las empresas interesadas en participar contar\u00e1n para presentar sus propuestas con 18 d\u00edas naturales a partir de la publicaci\u00f3n del anuncio de licitaci\u00f3n en el Portal de Contrataci\u00f3n de Navarra y podr\u00e1n solicitar una visita para conocer las instalaciones. La concesi\u00f3n se otorga por un plazo de 4 a\u00f1os improrrogable. El canon que deber\u00e1 satisfacer el concesionario anualmente al Ayuntamiento ser\u00e1 el determinado por el adjudicatario en su proposici\u00f3n con un m\u00ednimo de 6.000 euros.<\/p>\n<p>Para la valoraci\u00f3n se podr\u00e1n otorgar hasta 50 puntos por la oferta econ\u00f3mica; hasta 44 puntos por el plan de trabajo a desarrollar que incluye aspectos como mantenimiento y limpieza, gesti\u00f3n y exploraci\u00f3n, organizaci\u00f3n del personal, atenci\u00f3n y servicio al peregrino o marketing y publicidad; hasta 4 puntos por las tarifas, no pudiendo ser el alojamiento del peregrino superior a 12 euros; y hasta 2 puntos por utilizar productos de limpieza sostenibles.<\/p>\n<p><strong>De 11.844 en 2007 a 21.555 peregrinos en 2013<\/strong><\/p>\n<p>El albergue de peregrinos de Jes\u00fas y Mar\u00eda abri\u00f3 sus puertas en agosto de 2007 y hasta marzo de 2010 fue atendido por la Asociaci\u00f3n de los Amigos del Camino de Santiago mediante un convenio de colaboraci\u00f3n firmado entre el Ayuntamiento y dicha Asociaci\u00f3n. Esos a\u00f1os abr\u00eda de entre los meses de marzo y octubre, cerrado durante las fiestas de San Ferm\u00edn. En 2007 se alojaron en \u00e9l 11.844 peregrinos, al a\u00f1o siguiente 13.538 y en 2009, 15.007 peregrinos.<\/p>\n<p>En marzo del a\u00f1o 2010 el Ayuntamiento adjudica el contrato de concesi\u00f3n administrativa del local municipal para su gesti\u00f3n como albergue de peregrinos a la Fundaci\u00f3n Aspace por un periodo de cuatro a\u00f1os. Ese a\u00f1o, desde abril hasta diciembre aloj\u00f3 a 14.276 peregrinos. Es en 2011 cuando el albergue comienza a abrir desde el 15 de enero hasta el 31 de diciembre (excepto los d\u00edas de San Ferm\u00edn) y llega a los 18.760 peregrinos. Esa cifra se incrementa en 2012 a 19.341 personas y en 2013 a 21.555 peregrinos.<\/p>\n<p>&nbsp;<\/p>\n","protected":false},"excerpt":{"rendered":"<p>Desde que abri\u00f3 sus puertas en 2007, han pasado por el albergue 114.321 peregrinos El albergue tur\u00edstico del Camino de Santiago de Jes\u00fas y Mar\u00eda de Pamplona ser\u00e1 exclusivamente para&#8230;<\/p>\n","protected":false},"author":1,"featured_media":495,"comment_status":"open","ping_status":"open","sticky":false,"template":"","format":"standard","meta":{"footnotes":""},"categories":[2],"tags":[5,6,289,290,8,9],"class_list":["post-494","post","type-post","status-publish","format-standard","has-post-thumbnail","hentry","category-ayuntamiento-pamplona","tag-actualidad","tag-ayto-pamplona","tag-camino-de-santiago","tag-el-albergue-de-jesus-y-maria","tag-noticias","tag-pamplona"],"yoast_head":"<!-- This site is optimized with the Yoast SEO plugin v27.5 - https:\/\/yoast.com\/product\/yoast-seo-wordpress\/ -->\n<title>El albergue de Jes\u00fas y Mar\u00eda ser\u00e1 exclusivamente para peregrinos del 1 de mayo al 30 de septiembre y admitir\u00e1 reservas de turistas fuera de esas fechas<\/title>\n<meta name=\"robots\" content=\"index, follow, max-snippet:-1, max-image-preview:large, max-video-preview:-1\" \/>\n<link rel=\"canonical\" href=\"https:\/\/www.laguiadepamplona.com\/actualidad\/el-albergue-de-jesus-y-maria-sera-exclusivamente-para-peregrinos-del-1-de-mayo-al-30-de-septiembre-y-admitira-reservas-de-turistas-fuera-de-esas-fechas\/\" \/>\n<meta property=\"og:locale\" content=\"es_ES\" \/>\n<meta property=\"og:type\" content=\"article\" \/>\n<meta property=\"og:title\" content=\"El albergue de Jes\u00fas y Mar\u00eda ser\u00e1 exclusivamente para peregrinos del 1 de mayo al 30 de septiembre y admitir\u00e1 reservas de turistas fuera de esas fechas\" \/>\n<meta property=\"og:description\" content=\"Desde que abri\u00f3 sus puertas en 2007, han pasado por el albergue 114.321 peregrinos El albergue tur\u00edstico del Camino de Santiago de Jes\u00fas y Mar\u00eda de Pamplona ser\u00e1 exclusivamente para...\" \/>\n<meta property=\"og:url\" content=\"https:\/\/www.laguiadepamplona.com\/actualidad\/el-albergue-de-jesus-y-maria-sera-exclusivamente-para-peregrinos-del-1-de-mayo-al-30-de-septiembre-y-admitira-reservas-de-turistas-fuera-de-esas-fechas\/\" \/>\n<meta property=\"og:site_name\" content=\"La Gu\u00eda de Pamplona\" \/>\n<meta property=\"article:publisher\" content=\"https:\/\/www.facebook.com\/laguiadepamplonacom-133175176762273\/?ref=hl\" \/>\n<meta property=\"article:published_time\" content=\"2014-02-18T11:51:09+00:00\" \/>\n<meta name=\"author\" content=\"La Gu\u00eda de Pamplona\" \/>\n<meta name=\"twitter:card\" content=\"summary_large_image\" \/>\n<meta name=\"twitter:creator\" content=\"@LaGuiadPamplona\" \/>\n<meta name=\"twitter:site\" content=\"@LaGuiadPamplona\" \/>\n<meta name=\"twitter:label1\" content=\"Escrito por\" \/>\n\t<meta name=\"twitter:data1\" content=\"La Gu\u00eda de Pamplona\" \/>\n\t<meta name=\"twitter:label2\" content=\"Tiempo de lectura\" \/>\n\t<meta name=\"twitter:data2\" content=\"4 minutos\" \/>\n<script type=\"application\/ld+json\" class=\"yoast-schema-graph\">{\"@context\":\"https:\\\/\\\/schema.org\",\"@graph\":[{\"@type\":\"Article\",\"@id\":\"https:\\\/\\\/www.laguiadepamplona.com\\\/actualidad\\\/el-albergue-de-jesus-y-maria-sera-exclusivamente-para-peregrinos-del-1-de-mayo-al-30-de-septiembre-y-admitira-reservas-de-turistas-fuera-de-esas-fechas\\\/#article\",\"isPartOf\":{\"@id\":\"https:\\\/\\\/www.laguiadepamplona.com\\\/actualidad\\\/el-albergue-de-jesus-y-maria-sera-exclusivamente-para-peregrinos-del-1-de-mayo-al-30-de-septiembre-y-admitira-reservas-de-turistas-fuera-de-esas-fechas\\\/\"},\"author\":{\"name\":\"La Gu\u00eda de Pamplona\",\"@id\":\"https:\\\/\\\/www.laguiadepamplona.com\\\/actualidad\\\/#\\\/schema\\\/person\\\/efe887376f0213d4657c93adc50b1fdb\"},\"headline\":\"El albergue de Jes\u00fas y Mar\u00eda ser\u00e1 exclusivamente para peregrinos del 1 de mayo al 30 de septiembre y admitir\u00e1 reservas de turistas fuera de esas fechas\",\"datePublished\":\"2014-02-18T11:51:09+00:00\",\"mainEntityOfPage\":{\"@id\":\"https:\\\/\\\/www.laguiadepamplona.com\\\/actualidad\\\/el-albergue-de-jesus-y-maria-sera-exclusivamente-para-peregrinos-del-1-de-mayo-al-30-de-septiembre-y-admitira-reservas-de-turistas-fuera-de-esas-fechas\\\/\"},\"wordCount\":906,\"commentCount\":0,\"publisher\":{\"@id\":\"https:\\\/\\\/www.laguiadepamplona.com\\\/actualidad\\\/#organization\"},\"image\":{\"@id\":\"https:\\\/\\\/www.laguiadepamplona.com\\\/actualidad\\\/el-albergue-de-jesus-y-maria-sera-exclusivamente-para-peregrinos-del-1-de-mayo-al-30-de-septiembre-y-admitira-reservas-de-turistas-fuera-de-esas-fechas\\\/#primaryimage\"},\"thumbnailUrl\":\"\",\"keywords\":[\"actualidad\",\"ayto pamplona\",\"Camino de Santiago\",\"El albergue de Jes\u00fas y Mar\u00eda\",\"noticias\",\"pamplona\"],\"articleSection\":[\"Ayto Pamplona\"],\"inLanguage\":\"es\",\"potentialAction\":[{\"@type\":\"CommentAction\",\"name\":\"Comment\",\"target\":[\"https:\\\/\\\/www.laguiadepamplona.com\\\/actualidad\\\/el-albergue-de-jesus-y-maria-sera-exclusivamente-para-peregrinos-del-1-de-mayo-al-30-de-septiembre-y-admitira-reservas-de-turistas-fuera-de-esas-fechas\\\/#respond\"]}]},{\"@type\":\"WebPage\",\"@id\":\"https:\\\/\\\/www.laguiadepamplona.com\\\/actualidad\\\/el-albergue-de-jesus-y-maria-sera-exclusivamente-para-peregrinos-del-1-de-mayo-al-30-de-septiembre-y-admitira-reservas-de-turistas-fuera-de-esas-fechas\\\/\",\"url\":\"https:\\\/\\\/www.laguiadepamplona.com\\\/actualidad\\\/el-albergue-de-jesus-y-maria-sera-exclusivamente-para-peregrinos-del-1-de-mayo-al-30-de-septiembre-y-admitira-reservas-de-turistas-fuera-de-esas-fechas\\\/\",\"name\":\"El albergue de Jes\u00fas y Mar\u00eda ser\u00e1 exclusivamente para peregrinos del 1 de mayo al 30 de septiembre y admitir\u00e1 reservas de turistas fuera de esas fechas\",\"isPartOf\":{\"@id\":\"https:\\\/\\\/www.laguiadepamplona.com\\\/actualidad\\\/#website\"},\"primaryImageOfPage\":{\"@id\":\"https:\\\/\\\/www.laguiadepamplona.com\\\/actualidad\\\/el-albergue-de-jesus-y-maria-sera-exclusivamente-para-peregrinos-del-1-de-mayo-al-30-de-septiembre-y-admitira-reservas-de-turistas-fuera-de-esas-fechas\\\/#primaryimage\"},\"image\":{\"@id\":\"https:\\\/\\\/www.laguiadepamplona.com\\\/actualidad\\\/el-albergue-de-jesus-y-maria-sera-exclusivamente-para-peregrinos-del-1-de-mayo-al-30-de-septiembre-y-admitira-reservas-de-turistas-fuera-de-esas-fechas\\\/#primaryimage\"},\"thumbnailUrl\":\"\",\"datePublished\":\"2014-02-18T11:51:09+00:00\",\"breadcrumb\":{\"@id\":\"https:\\\/\\\/www.laguiadepamplona.com\\\/actualidad\\\/el-albergue-de-jesus-y-maria-sera-exclusivamente-para-peregrinos-del-1-de-mayo-al-30-de-septiembre-y-admitira-reservas-de-turistas-fuera-de-esas-fechas\\\/#breadcrumb\"},\"inLanguage\":\"es\",\"potentialAction\":[{\"@type\":\"ReadAction\",\"target\":[\"https:\\\/\\\/www.laguiadepamplona.com\\\/actualidad\\\/el-albergue-de-jesus-y-maria-sera-exclusivamente-para-peregrinos-del-1-de-mayo-al-30-de-septiembre-y-admitira-reservas-de-turistas-fuera-de-esas-fechas\\\/\"]}]},{\"@type\":\"ImageObject\",\"inLanguage\":\"es\",\"@id\":\"https:\\\/\\\/www.laguiadepamplona.com\\\/actualidad\\\/el-albergue-de-jesus-y-maria-sera-exclusivamente-para-peregrinos-del-1-de-mayo-al-30-de-septiembre-y-admitira-reservas-de-turistas-fuera-de-esas-fechas\\\/#primaryimage\",\"url\":\"\",\"contentUrl\":\"\"},{\"@type\":\"BreadcrumbList\",\"@id\":\"https:\\\/\\\/www.laguiadepamplona.com\\\/actualidad\\\/el-albergue-de-jesus-y-maria-sera-exclusivamente-para-peregrinos-del-1-de-mayo-al-30-de-septiembre-y-admitira-reservas-de-turistas-fuera-de-esas-fechas\\\/#breadcrumb\",\"itemListElement\":[{\"@type\":\"ListItem\",\"position\":1,\"name\":\"Portada\",\"item\":\"https:\\\/\\\/www.laguiadepamplona.com\\\/actualidad\\\/\"},{\"@type\":\"ListItem\",\"position\":2,\"name\":\"El albergue de Jes\u00fas y Mar\u00eda ser\u00e1 exclusivamente para peregrinos del 1 de mayo al 30 de septiembre y admitir\u00e1 reservas de turistas fuera de esas fechas\"}]},{\"@type\":\"WebSite\",\"@id\":\"https:\\\/\\\/www.laguiadepamplona.com\\\/actualidad\\\/#website\",\"url\":\"https:\\\/\\\/www.laguiadepamplona.com\\\/actualidad\\\/\",\"name\":\"La gu\u00eda de Pamplona\",\"description\":\"Noticias de Pamplona\",\"publisher\":{\"@id\":\"https:\\\/\\\/www.laguiadepamplona.com\\\/actualidad\\\/#organization\"},\"potentialAction\":[{\"@type\":\"SearchAction\",\"target\":{\"@type\":\"EntryPoint\",\"urlTemplate\":\"https:\\\/\\\/www.laguiadepamplona.com\\\/actualidad\\\/?s={search_term_string}\"},\"query-input\":{\"@type\":\"PropertyValueSpecification\",\"valueRequired\":true,\"valueName\":\"search_term_string\"}}],\"inLanguage\":\"es\"},{\"@type\":\"Organization\",\"@id\":\"https:\\\/\\\/www.laguiadepamplona.com\\\/actualidad\\\/#organization\",\"name\":\"La Gu\u00eda de Pamplona \\\/ Noticias\",\"url\":\"https:\\\/\\\/www.laguiadepamplona.com\\\/actualidad\\\/\",\"logo\":{\"@type\":\"ImageObject\",\"inLanguage\":\"es\",\"@id\":\"https:\\\/\\\/www.laguiadepamplona.com\\\/actualidad\\\/#\\\/schema\\\/logo\\\/image\\\/\",\"url\":\"https:\\\/\\\/www.laguiadepamplona.com\\\/actualidad\\\/wp-content\\\/uploads\\\/2018\\\/11\\\/logo-laguiadepamplona18-web1.png\",\"contentUrl\":\"https:\\\/\\\/www.laguiadepamplona.com\\\/actualidad\\\/wp-content\\\/uploads\\\/2018\\\/11\\\/logo-laguiadepamplona18-web1.png\",\"width\":600,\"height\":196,\"caption\":\"La Gu\u00eda de Pamplona \\\/ Noticias\"},\"image\":{\"@id\":\"https:\\\/\\\/www.laguiadepamplona.com\\\/actualidad\\\/#\\\/schema\\\/logo\\\/image\\\/\"},\"sameAs\":[\"https:\\\/\\\/www.facebook.com\\\/laguiadepamplonacom-133175176762273\\\/?ref=hl\",\"https:\\\/\\\/x.com\\\/LaGuiadPamplona\",\"https:\\\/\\\/www.instagram.com\\\/la_guia_de_pamplona\\\/\",\"https:\\\/\\\/www.youtube.com\\\/user\\\/laguiadepamplona\"]},{\"@type\":\"Person\",\"@id\":\"https:\\\/\\\/www.laguiadepamplona.com\\\/actualidad\\\/#\\\/schema\\\/person\\\/efe887376f0213d4657c93adc50b1fdb\",\"name\":\"La Gu\u00eda de Pamplona\",\"image\":{\"@type\":\"ImageObject\",\"inLanguage\":\"es\",\"@id\":\"https:\\\/\\\/secure.gravatar.com\\\/avatar\\\/b6992f131dc8d30ab0dff15446e9d346d9dbd95992de0fef795073f5ea83a81c?s=96&d=mm&r=g\",\"url\":\"https:\\\/\\\/secure.gravatar.com\\\/avatar\\\/b6992f131dc8d30ab0dff15446e9d346d9dbd95992de0fef795073f5ea83a81c?s=96&d=mm&r=g\",\"contentUrl\":\"https:\\\/\\\/secure.gravatar.com\\\/avatar\\\/b6992f131dc8d30ab0dff15446e9d346d9dbd95992de0fef795073f5ea83a81c?s=96&d=mm&r=g\",\"caption\":\"La Gu\u00eda de Pamplona\"}}]}<\/script>\n<!-- \/ Yoast SEO plugin. -->","yoast_head_json":{"title":"El albergue de Jes\u00fas y Mar\u00eda ser\u00e1 exclusivamente para peregrinos del 1 de mayo al 30 de septiembre y admitir\u00e1 reservas de turistas fuera de esas fechas","robots":{"index":"index","follow":"follow","max-snippet":"max-snippet:-1","max-image-preview":"max-image-preview:large","max-video-preview":"max-video-preview:-1"},"canonical":"https:\/\/www.laguiadepamplona.com\/actualidad\/el-albergue-de-jesus-y-maria-sera-exclusivamente-para-peregrinos-del-1-de-mayo-al-30-de-septiembre-y-admitira-reservas-de-turistas-fuera-de-esas-fechas\/","og_locale":"es_ES","og_type":"article","og_title":"El albergue de Jes\u00fas y Mar\u00eda ser\u00e1 exclusivamente para peregrinos del 1 de mayo al 30 de septiembre y admitir\u00e1 reservas de turistas fuera de esas fechas","og_description":"Desde que abri\u00f3 sus puertas en 2007, han pasado por el albergue 114.321 peregrinos El albergue tur\u00edstico del Camino de Santiago de Jes\u00fas y Mar\u00eda de Pamplona ser\u00e1 exclusivamente para...","og_url":"https:\/\/www.laguiadepamplona.com\/actualidad\/el-albergue-de-jesus-y-maria-sera-exclusivamente-para-peregrinos-del-1-de-mayo-al-30-de-septiembre-y-admitira-reservas-de-turistas-fuera-de-esas-fechas\/","og_site_name":"La Gu\u00eda de Pamplona","article_publisher":"https:\/\/www.facebook.com\/laguiadepamplonacom-133175176762273\/?ref=hl","article_published_time":"2014-02-18T11:51:09+00:00","author":"La Gu\u00eda de Pamplona","twitter_card":"summary_large_image","twitter_creator":"@LaGuiadPamplona","twitter_site":"@LaGuiadPamplona","twitter_misc":{"Escrito por":"La Gu\u00eda de Pamplona","Tiempo de lectura":"4 minutos"},"schema":{"@context":"https:\/\/schema.org","@graph":[{"@type":"Article","@id":"https:\/\/www.laguiadepamplona.com\/actualidad\/el-albergue-de-jesus-y-maria-sera-exclusivamente-para-peregrinos-del-1-de-mayo-al-30-de-septiembre-y-admitira-reservas-de-turistas-fuera-de-esas-fechas\/#article","isPartOf":{"@id":"https:\/\/www.laguiadepamplona.com\/actualidad\/el-albergue-de-jesus-y-maria-sera-exclusivamente-para-peregrinos-del-1-de-mayo-al-30-de-septiembre-y-admitira-reservas-de-turistas-fuera-de-esas-fechas\/"},"author":{"name":"La Gu\u00eda de Pamplona","@id":"https:\/\/www.laguiadepamplona.com\/actualidad\/#\/schema\/person\/efe887376f0213d4657c93adc50b1fdb"},"headline":"El albergue de Jes\u00fas y Mar\u00eda ser\u00e1 exclusivamente para peregrinos del 1 de mayo al 30 de septiembre y admitir\u00e1 reservas de turistas fuera de esas fechas","datePublished":"2014-02-18T11:51:09+00:00","mainEntityOfPage":{"@id":"https:\/\/www.laguiadepamplona.com\/actualidad\/el-albergue-de-jesus-y-maria-sera-exclusivamente-para-peregrinos-del-1-de-mayo-al-30-de-septiembre-y-admitira-reservas-de-turistas-fuera-de-esas-fechas\/"},"wordCount":906,"commentCount":0,"publisher":{"@id":"https:\/\/www.laguiadepamplona.com\/actualidad\/#organization"},"image":{"@id":"https:\/\/www.laguiadepamplona.com\/actualidad\/el-albergue-de-jesus-y-maria-sera-exclusivamente-para-peregrinos-del-1-de-mayo-al-30-de-septiembre-y-admitira-reservas-de-turistas-fuera-de-esas-fechas\/#primaryimage"},"thumbnailUrl":"","keywords":["actualidad","ayto pamplona","Camino de Santiago","El albergue de Jes\u00fas y Mar\u00eda","noticias","pamplona"],"articleSection":["Ayto Pamplona"],"inLanguage":"es","potentialAction":[{"@type":"CommentAction","name":"Comment","target":["https:\/\/www.laguiadepamplona.com\/actualidad\/el-albergue-de-jesus-y-maria-sera-exclusivamente-para-peregrinos-del-1-de-mayo-al-30-de-septiembre-y-admitira-reservas-de-turistas-fuera-de-esas-fechas\/#respond"]}]},{"@type":"WebPage","@id":"https:\/\/www.laguiadepamplona.com\/actualidad\/el-albergue-de-jesus-y-maria-sera-exclusivamente-para-peregrinos-del-1-de-mayo-al-30-de-septiembre-y-admitira-reservas-de-turistas-fuera-de-esas-fechas\/","url":"https:\/\/www.laguiadepamplona.com\/actualidad\/el-albergue-de-jesus-y-maria-sera-exclusivamente-para-peregrinos-del-1-de-mayo-al-30-de-septiembre-y-admitira-reservas-de-turistas-fuera-de-esas-fechas\/","name":"El albergue de Jes\u00fas y Mar\u00eda ser\u00e1 exclusivamente para peregrinos del 1 de mayo al 30 de septiembre y admitir\u00e1 reservas de turistas fuera de esas fechas","isPartOf":{"@id":"https:\/\/www.laguiadepamplona.com\/actualidad\/#website"},"primaryImageOfPage":{"@id":"https:\/\/www.laguiadepamplona.com\/actualidad\/el-albergue-de-jesus-y-maria-sera-exclusivamente-para-peregrinos-del-1-de-mayo-al-30-de-septiembre-y-admitira-reservas-de-turistas-fuera-de-esas-fechas\/#primaryimage"},"image":{"@id":"https:\/\/www.laguiadepamplona.com\/actualidad\/el-albergue-de-jesus-y-maria-sera-exclusivamente-para-peregrinos-del-1-de-mayo-al-30-de-septiembre-y-admitira-reservas-de-turistas-fuera-de-esas-fechas\/#primaryimage"},"thumbnailUrl":"","datePublished":"2014-02-18T11:51:09+00:00","breadcrumb":{"@id":"https:\/\/www.laguiadepamplona.com\/actualidad\/el-albergue-de-jesus-y-maria-sera-exclusivamente-para-peregrinos-del-1-de-mayo-al-30-de-septiembre-y-admitira-reservas-de-turistas-fuera-de-esas-fechas\/#breadcrumb"},"inLanguage":"es","potentialAction":[{"@type":"ReadAction","target":["https:\/\/www.laguiadepamplona.com\/actualidad\/el-albergue-de-jesus-y-maria-sera-exclusivamente-para-peregrinos-del-1-de-mayo-al-30-de-septiembre-y-admitira-reservas-de-turistas-fuera-de-esas-fechas\/"]}]},{"@type":"ImageObject","inLanguage":"es","@id":"https:\/\/www.laguiadepamplona.com\/actualidad\/el-albergue-de-jesus-y-maria-sera-exclusivamente-para-peregrinos-del-1-de-mayo-al-30-de-septiembre-y-admitira-reservas-de-turistas-fuera-de-esas-fechas\/#primaryimage","url":"","contentUrl":""},{"@type":"BreadcrumbList","@id":"https:\/\/www.laguiadepamplona.com\/actualidad\/el-albergue-de-jesus-y-maria-sera-exclusivamente-para-peregrinos-del-1-de-mayo-al-30-de-septiembre-y-admitira-reservas-de-turistas-fuera-de-esas-fechas\/#breadcrumb","itemListElement":[{"@type":"ListItem","position":1,"name":"Portada","item":"https:\/\/www.laguiadepamplona.com\/actualidad\/"},{"@type":"ListItem","position":2,"name":"El albergue de Jes\u00fas y Mar\u00eda ser\u00e1 exclusivamente para peregrinos del 1 de mayo al 30 de septiembre y admitir\u00e1 reservas de turistas fuera de esas fechas"}]},{"@type":"WebSite","@id":"https:\/\/www.laguiadepamplona.com\/actualidad\/#website","url":"https:\/\/www.laguiadepamplona.com\/actualidad\/","name":"La gu\u00eda de Pamplona","description":"Noticias de Pamplona","publisher":{"@id":"https:\/\/www.laguiadepamplona.com\/actualidad\/#organization"},"potentialAction":[{"@type":"SearchAction","target":{"@type":"EntryPoint","urlTemplate":"https:\/\/www.laguiadepamplona.com\/actualidad\/?s={search_term_string}"},"query-input":{"@type":"PropertyValueSpecification","valueRequired":true,"valueName":"search_term_string"}}],"inLanguage":"es"},{"@type":"Organization","@id":"https:\/\/www.laguiadepamplona.com\/actualidad\/#organization","name":"La Gu\u00eda de Pamplona \/ Noticias","url":"https:\/\/www.laguiadepamplona.com\/actualidad\/","logo":{"@type":"ImageObject","inLanguage":"es","@id":"https:\/\/www.laguiadepamplona.com\/actualidad\/#\/schema\/logo\/image\/","url":"https:\/\/www.laguiadepamplona.com\/actualidad\/wp-content\/uploads\/2018\/11\/logo-laguiadepamplona18-web1.png","contentUrl":"https:\/\/www.laguiadepamplona.com\/actualidad\/wp-content\/uploads\/2018\/11\/logo-laguiadepamplona18-web1.png","width":600,"height":196,"caption":"La Gu\u00eda de Pamplona \/ Noticias"},"image":{"@id":"https:\/\/www.laguiadepamplona.com\/actualidad\/#\/schema\/logo\/image\/"},"sameAs":["https:\/\/www.facebook.com\/laguiadepamplonacom-133175176762273\/?ref=hl","https:\/\/x.com\/LaGuiadPamplona","https:\/\/www.instagram.com\/la_guia_de_pamplona\/","https:\/\/www.youtube.com\/user\/laguiadepamplona"]},{"@type":"Person","@id":"https:\/\/www.laguiadepamplona.com\/actualidad\/#\/schema\/person\/efe887376f0213d4657c93adc50b1fdb","name":"La Gu\u00eda de Pamplona","image":{"@type":"ImageObject","inLanguage":"es","@id":"https:\/\/secure.gravatar.com\/avatar\/b6992f131dc8d30ab0dff15446e9d346d9dbd95992de0fef795073f5ea83a81c?s=96&d=mm&r=g","url":"https:\/\/secure.gravatar.com\/avatar\/b6992f131dc8d30ab0dff15446e9d346d9dbd95992de0fef795073f5ea83a81c?s=96&d=mm&r=g","contentUrl":"https:\/\/secure.gravatar.com\/avatar\/b6992f131dc8d30ab0dff15446e9d346d9dbd95992de0fef795073f5ea83a81c?s=96&d=mm&r=g","caption":"La Gu\u00eda de Pamplona"}}]}},"post_mailing_queue_ids":[],"_links":{"self":[{"href":"https:\/\/www.laguiadepamplona.com\/actualidad\/wp-json\/wp\/v2\/posts\/494","targetHints":{"allow":["GET"]}}],"collection":[{"href":"https:\/\/www.laguiadepamplona.com\/actualidad\/wp-json\/wp\/v2\/posts"}],"about":[{"href":"https:\/\/www.laguiadepamplona.com\/actualidad\/wp-json\/wp\/v2\/types\/post"}],"author":[{"embeddable":true,"href":"https:\/\/www.laguiadepamplona.com\/actualidad\/wp-json\/wp\/v2\/users\/1"}],"replies":[{"embeddable":true,"href":"https:\/\/www.laguiadepamplona.com\/actualidad\/wp-json\/wp\/v2\/comments?post=494"}],"version-history":[{"count":0,"href":"https:\/\/www.laguiadepamplona.com\/actualidad\/wp-json\/wp\/v2\/posts\/494\/revisions"}],"wp:featuredmedia":[{"embeddable":true,"href":"https:\/\/www.laguiadepamplona.com\/actualidad\/wp-json\/"}],"wp:attachment":[{"href":"https:\/\/www.laguiadepamplona.com\/actualidad\/wp-json\/wp\/v2\/media?parent=494"}],"wp:term":[{"taxonomy":"category","embeddable":true,"href":"https:\/\/www.laguiadepamplona.com\/actualidad\/wp-json\/wp\/v2\/categories?post=494"},{"taxonomy":"post_tag","embeddable":true,"href":"https:\/\/www.laguiadepamplona.com\/actualidad\/wp-json\/wp\/v2\/tags?post=494"}],"curies":[{"name":"wp","href":"https:\/\/api.w.org\/{rel}","templated":true}]}}