{"id":49392,"date":"2024-04-17T13:20:51","date_gmt":"2024-04-17T11:20:51","guid":{"rendered":"https:\/\/www.laguiadepamplona.com\/actualidad\/?p=49392"},"modified":"2024-04-17T13:20:51","modified_gmt":"2024-04-17T11:20:51","slug":"el-saber-hacer-de-pamplona-como-ciudad-organizadora-de-los-sanfermines-sera-el-hilo-conductor-de-un-congreso-de-macroeventos-que-reunira-a-responsables-de-la-maraton-de-nueva-york-o-de-grandes-concier","status":"publish","type":"post","link":"https:\/\/www.laguiadepamplona.com\/actualidad\/el-saber-hacer-de-pamplona-como-ciudad-organizadora-de-los-sanfermines-sera-el-hilo-conductor-de-un-congreso-de-macroeventos-que-reunira-a-responsables-de-la-maraton-de-nueva-york-o-de-grandes-concier\/","title":{"rendered":"El saber hacer de Pamplona como ciudad organizadora de los Sanfermines ser\u00e1 el hilo conductor de un congreso de macroeventos que reunir\u00e1 a responsables de la Marat\u00f3n de Nueva York o de grandes conciertos a nivel mundial"},"content":{"rendered":"<h2>El Ayuntamiento de Pamplona organiza el congreso \u2018Internacional Urban Fest 365\u2019 que se celebrar\u00e1 en Baluarte los d\u00edas 28 y 29 de junio<\/h2>\n<p><!--more--><\/p>\n<p>El saber hacer en la organizaci\u00f3n y coordinaci\u00f3n de grandes eventos, que el Ayuntamiento de Pamplona demuestra cada a\u00f1o con la llegada de los Sanfermines, ser\u00e1 el hilo conductor del Congreso de macroeventos urbanos \u2018International Urban Fest 365\u2019, que se celebrar\u00e1 en el Palacio de Congresos y Auditorio Baluarte los d\u00edas 28 y 29 de junio, justo una semana antes del Chupinazo de 2024. Este foro abordar\u00e1 la organizaci\u00f3n de eventos de grandes dimensiones con base en experiencias concretas, con la participaci\u00f3n de responsables de importantes convocatorias masivas, como la Marat\u00f3n de Nueva York, as\u00ed como de la puesta en marcha de conciertos multitudinarios que recorren los diferentes continentes, o de citas con alta repercusi\u00f3n internacional como el Festival Internacional de Cine de San Sebasti\u00e1n.<br \/>\n<script async src=\"\/\/pagead2.googlesyndication.com\/pagead\/js\/adsbygoogle.js\"><\/script><br \/>\n<!-- Noticias La Guia de Pamplona --><br \/>\n<ins class=\"adsbygoogle\"\nstyle=\"display:block\"\ndata-ad-client=\"ca-pub-6943679897239327\"\ndata-ad-slot=\"7048180777\"\ndata-ad-format=\"auto\"><\/ins><br \/>\n<script>\n(adsbygoogle = window.adsbygoogle || []).push({});\n<\/script><br \/>\nLa experiencia organizativa de la Marat\u00f3n de Nueva York ser\u00e1 el macroevento que abra el pr\u00f3ximo 28 de junio el congreso de macroeventos \u2018Urban Fest 365\u2019, con una conferencia inaugural, de la mano de Noem\u00ed Gonzalo -que forma parte de la entidad que cada a\u00f1o pone en marcha esta cita- la en la que se pondr\u00e1 en valor la gesti\u00f3n de la preparaci\u00f3n, coordinaci\u00f3n, seguridad y control de una concentraci\u00f3n de personas que multiplica durante un periodo de tiempo al n\u00famero de vecinos y vecinas que viven en la zona. Se trata, teniendo en cuenta las dimensiones de las dos ciudades, de un trabajo similar al que cada mes de julio tiene que afrontar el Ayuntamiento de Pamplona con la llegada a la ciudad de decenas de miles de personas, que se concentran en un \u00e1rea muy concreta. El director de Seguridad y Convivencia Ciudadana del Consistorio, Juan Manuel Gil, pondr\u00e1 sobre la mesa en esta cita la manera en la que se coordina el dispositivo de seguridad de los Sanfermines.<\/p>\n<p>En la celebraci\u00f3n de eventos de grandes dimensiones y repercusi\u00f3n, la m\u00fasica es siempre una parte esencial, bien como parte de los actos programados o como reclamo en s\u00ed misma, caso de los conciertos de estrellas internacionales. Del reto de la organizaci\u00f3n de este tipo de citas, que habitualmente congregan a miles de personas en espacios muy concretos, dar\u00e1 cuenta en el \u2018Internacional Urban Fest 365\u2019 Jos\u00e9 Manuel Serrano, responsable de Sostenibilidad de Concert Music Festival, que congrega cada verano a 60.000 personas en Sancti Petri. Tambi\u00e9n aportar\u00e1 su experiencia en este \u00e1mbito el director general de Provenue Javier Lacunza, empresa que actualmente gestiona distintas instalaciones multiusos de gran capacidad.<br \/>\n<script async src=\"\/\/pagead2.googlesyndication.com\/pagead\/js\/adsbygoogle.js\"><\/script><br \/>\n<!-- Noticias La Guia de Pamplona --><br \/>\n<ins class=\"adsbygoogle\"\nstyle=\"display:block\"\ndata-ad-client=\"ca-pub-6943679897239327\"\ndata-ad-slot=\"7048180777\"\ndata-ad-format=\"auto\"><\/ins><br \/>\n<script>\n(adsbygoogle = window.adsbygoogle || []).push({});\n<\/script><br \/>\n<strong>El reto de gestionar un macroevento en torno a la cultura o al deporte<\/strong><\/p>\n<p>Como cada tipo de macroevento tiene sus peculiaridades y sus complejidades, el congreso \u2018Internacional Urban Fest 365\u2019 dar\u00e1 voz a responsables de estas citas de \u00e1mbitos diversos, como el deporte o la cultura. En este sentido, la responsable de la comunicaci\u00f3ndel Festival de Cine de San Sebasti\u00e1n, Ruth P\u00e9rez, aportar\u00e1 la experiencia de una cita que cada a\u00f1o recibe a decenas de personalidades reconocidas a nivel mundial.<\/p>\n<p>El deporte como raz\u00f3n y centro de un macroevento tendr\u00e1 su lugar en esta cita no solo con la experiencia de la Marat\u00f3n de Nueva York, sino tambi\u00e9n con otra m\u00e1s cercana, como la de Valencia, con el testimonio de su presidente, \u00c1lex Heras. Fernando Portugal, CEO \u2018Last Lap\u2019, traer\u00e1 a Pamplona la experiencia de su empresa organizando citas de relevancia internacional vinculadas al motor, los deportes extremos o la innovaci\u00f3n; y Julio Cendal contar\u00e1 su experiencia como responsable de seguridad del Real Madrid durante m\u00e1s de 20 a\u00f1os. La cifra que refleja el reto de formar parte de la organizaci\u00f3n y coordinaci\u00f3n de las citas de uno de los equipos \u2018top\u2019 del mundo se resume en los m\u00e1s de un mill\u00f3n de personas que este club mueve al a\u00f1o entre aficionados y seguidores.<br \/>\n<script async src=\"\/\/pagead2.googlesyndication.com\/pagead\/js\/adsbygoogle.js\"><\/script><br \/>\n<!-- Noticias La Guia de Pamplona --><br \/>\n<ins class=\"adsbygoogle\"\nstyle=\"display:block\"\ndata-ad-client=\"ca-pub-6943679897239327\"\ndata-ad-slot=\"7048180777\"\ndata-ad-format=\"auto\"><\/ins><br \/>\n<script>\n(adsbygoogle = window.adsbygoogle || []).push({});\n<\/script><br \/>\n<strong>El saber hacer de Pamplona como referencia en la organizaci\u00f3n de macroeventos<\/strong><\/p>\n<p>Una de las experiencias positivas que Pamplona presentar\u00e1 en el \u2018Internacional Urban Fest 365\u2019 es la gesti\u00f3n de los vasos reutilizables, que funciona con \u00e9xito cada a\u00f1o en San Ferm\u00edn desde 2017. Fue en ese momento cuando desde el Consistorio se tom\u00f3 nota de experiencias piloto que se estaban llevando a cabo en peque\u00f1as fiestas o grandes celebraciones de otros pa\u00edses, y se decidi\u00f3 ponerlo en marcha. Desde entonces, su implantaci\u00f3n ha ido aumentando tanto en complejidad, n\u00famero de vasos puestos a disposici\u00f3n de los locales y colectivos, como en cifra de entidades participantes.\u00a0El vaso reutilizable es una\u00a0<strong>alternativa a utilizar frente al vaso desechable<\/strong>, ya que, en muchos casos, la concentraci\u00f3n de gente impide que se pueda utilizar el de cristal habitual. De este modo se evita la generaci\u00f3n de residuos y la consumici\u00f3n de muchos recursos naturales para productos de un solo uso.<\/p>\n<p>La gesti\u00f3n de la seguridad es otro de los puntos cr\u00edticos en la celebraci\u00f3n de un macroevento, que Pamplona ha ido mejorando con los a\u00f1os trabajando en base a su propia experiencia. La Junta de Seguridad, en la que los diferentes cuerpos policiales se coordinan para afrontar los nueve d\u00edas de fiesta, o los dispositivos del Chupinazo y de los encierros son las claves de una planificaci\u00f3n que ha servido de ejemplo para otras citas. De hecho, en 2022, una treintena de agentes llegados de otras Comunidades asistieron a Pamplona para conocer de primera mano estos dispositivos y formar parte de ellos durante unos d\u00edas de cara a poder exportar el conocimiento adquirido con los a\u00f1os.<br \/>\n<script async src=\"\/\/pagead2.googlesyndication.com\/pagead\/js\/adsbygoogle.js\"><\/script><br \/>\n<!-- Noticias La Guia de Pamplona --><br \/>\n<ins class=\"adsbygoogle\"\nstyle=\"display:block\"\ndata-ad-client=\"ca-pub-6943679897239327\"\ndata-ad-slot=\"7048180777\"\ndata-ad-format=\"auto\"><\/ins><br \/>\n<script>\n(adsbygoogle = window.adsbygoogle || []).push({});\n<\/script><br \/>\n<strong>Ya est\u00e1n abiertas las inscripciones<\/strong><\/p>\n<p>Las inscripciones para asistir al \u2018Internacional Urban Fest 365\u2019 est\u00e1n ya abiertas al precio de 120 euros, hasta el 30 de abril, un importe que sube a 150 euros del 1 de mayo al 25 de junio. Toda la actualidad sobre el I Congreso Internacional de Macroeventos Urbanos puede seguirse en la propia web oficial (<a href=\"https:\/\/urbanfest365.com\/\" target=\"_blank\" rel=\"noopener\">https:\/\/urbanfest365.com\/<\/a>) y en las cuentas oficiales de las redes sociales como Instagram (<a href=\"https:\/\/www.instagram.com\/urbanfest365\/\" target=\"_blank\" rel=\"noopener\">https:\/\/www.instagram.com\/urbanfest365\/<\/a>), Twitter (<a href=\"https:\/\/twitter.com\/urbanfest365\" target=\"_blank\" rel=\"noopener\">https:\/\/twitter.com\/urbanfest365<\/a>) y Linkedin (<a href=\"https:\/\/www.linkedin.com\/company\/urban-fest-365\" target=\"_blank\" rel=\"noopener\">https:\/\/www.linkedin.com\/company\/urban-fest-365<\/a>).<\/p>\n<p>Esta iniciativa de car\u00e1cter internacional en el proyecto PSTD Pamplona SF365 y cuentan con financiaci\u00f3n europea a trav\u00e9s del Mecanismo de Recuperaci\u00f3n y Resiliencia-NextGeneration EU, instrumento financiero de la inversi\u00f3n C14.I1 del Plan de Recuperaci\u00f3n, Transformaci\u00f3n y Resiliencia del Gobierno de Espa\u00f1a. En este contexto, Pamplona ha recibido una ayuda de 5.492.500 euros a ejecutar en tres a\u00f1os para el despliegue y desarrollo del Plan de Sostenibilidad Tur\u00edstica en Destino \u201cPamplona SF365\u201d, que presenta 13 actuaciones vertebradas en cuatro ejes tem\u00e1ticos dedicados a la transici\u00f3n verde y sostenible, la mejora de la eficiencia energ\u00e9tica, la transici\u00f3n digital y la competitividad. El objetivo espec\u00edfico de reorientar el atractivo internacional de las fiestas de Pamplona y su desarrollo hacia valores culturales y sostenibles, y reposicionar en el mercado la marca Sanfermines. As\u00ed, son seis los bloques tem\u00e1ticos previstos: \u2018Experiencias sostenibles: festejar el presente sin comprometer el futuro\u2019; \u2018Turismo de calidad vs. masificaci\u00f3n: el equilibrio m\u00e1s complejo\u2019; \u2018Seguridad y convivencia, pilares innegociables\u2019; \u2018Sumar recursos, multiplicar retornos\u2019; y \u2018El mayor escaparate de la \u201cmarca ciudad\u2019.<br \/>\n<script async src=\"\/\/pagead2.googlesyndication.com\/pagead\/js\/adsbygoogle.js\"><\/script><br \/>\n<!-- Noticias La Guia de Pamplona --><br \/>\n<ins class=\"adsbygoogle\"\nstyle=\"display:block\"\ndata-ad-client=\"ca-pub-6943679897239327\"\ndata-ad-slot=\"7048180777\"\ndata-ad-format=\"auto\"><\/ins><br \/>\n<script>\n(adsbygoogle = window.adsbygoogle || []).push({});\n<\/script><br \/>\n&nbsp;<\/p>\n<h3>Ponentes confirmados para el \u2018Internacional Urban Fest 365\u2019<\/h3>\n<ul>\n<li>Noem\u00ed Gonzalo, directora de Comunicaci\u00f3n Interna de New York Road Runners, entidad organizadora de la Marat\u00f3n de Nueva York<\/li>\n<li>Ruth P\u00e9rez, responsable de Comunicaci\u00f3n del Festival Internacional de Cine de San Sebasti\u00e1n<\/li>\n<li>Fernando de Portugal, CEO de Last Lap<\/li>\n<li>Juan Manuel Serrano,\u00a0responsable de Sostenibilidad de Concert Music Festival<\/li>\n<li>Celia Galera, presidenta de AEI Rethink tourism<\/li>\n<li>Marc Grijalvo, socio Bim Consultores<\/li>\n<li>Lynn Wong, directora de Evento Plus<\/li>\n<li>Alex Heras, PR &amp; Runner Experience de la Marat\u00f3n de Valencia<\/li>\n<li>V\u00edctor Flores, consultor en Marketing y Cultura para marcas, festivales e instituciones<\/li>\n<li>Felix Mu\u00f1oz, consultor en Comunicaci\u00f3n<\/li>\n<li>Luis Gandiaga, director de Desarrollo Creativo de Somos Experiences<\/li>\n<li>Javier Lacunza, director general de Provenue<\/li>\n<li>Fay Taylor, presidenta de Spain DMCs<\/li>\n<li>Marta Morr\u00e1s, directora de Marketing Veridas<\/li>\n<li>Natalia Bayona, directora ejecutiva de ONU Turismo<\/li>\n<\/ul>\n","protected":false},"excerpt":{"rendered":"<p>El Ayuntamiento de Pamplona organiza el congreso \u2018Internacional Urban Fest 365\u2019 que se celebrar\u00e1 en Baluarte los d\u00edas 28 y 29 de junio<\/p>\n","protected":false},"author":1,"featured_media":49393,"comment_status":"open","ping_status":"closed","sticky":false,"template":"","format":"standard","meta":{"footnotes":""},"categories":[2],"tags":[],"class_list":["post-49392","post","type-post","status-publish","format-standard","has-post-thumbnail","hentry","category-ayuntamiento-pamplona"],"yoast_head":"<!-- This site is optimized with the Yoast SEO plugin v27.3 - https:\/\/yoast.com\/product\/yoast-seo-wordpress\/ -->\n<title>El saber hacer de Pamplona como ciudad organizadora de los Sanfermines ser\u00e1 el hilo conductor de un congreso de macroeventos que reunir\u00e1 a responsables de la Marat\u00f3n de Nueva York o de grandes conciertos a nivel mundial<\/title>\n<meta name=\"description\" content=\"El Ayuntamiento de Pamplona organiza el congreso \u2018Internacional Urban Fest 365\u2019 que se celebrar\u00e1 en Baluarte los d\u00edas 28 y 29 de junio\" \/>\n<meta name=\"robots\" content=\"index, follow, max-snippet:-1, max-image-preview:large, max-video-preview:-1\" \/>\n<link rel=\"canonical\" href=\"https:\/\/www.laguiadepamplona.com\/actualidad\/el-saber-hacer-de-pamplona-como-ciudad-organizadora-de-los-sanfermines-sera-el-hilo-conductor-de-un-congreso-de-macroeventos-que-reunira-a-responsables-de-la-maraton-de-nueva-york-o-de-grandes-concier\/\" \/>\n<meta property=\"og:locale\" content=\"es_ES\" \/>\n<meta property=\"og:type\" content=\"article\" \/>\n<meta property=\"og:title\" content=\"El saber hacer de Pamplona como ciudad organizadora de los Sanfermines ser\u00e1 el hilo conductor de un congreso de macroeventos que reunir\u00e1 a responsables de la Marat\u00f3n de Nueva York o de grandes conciertos a nivel mundial\" \/>\n<meta property=\"og:description\" content=\"El Ayuntamiento de Pamplona organiza el congreso \u2018Internacional Urban Fest 365\u2019 que se celebrar\u00e1 en Baluarte los d\u00edas 28 y 29 de junio\" \/>\n<meta property=\"og:url\" content=\"https:\/\/www.laguiadepamplona.com\/actualidad\/el-saber-hacer-de-pamplona-como-ciudad-organizadora-de-los-sanfermines-sera-el-hilo-conductor-de-un-congreso-de-macroeventos-que-reunira-a-responsables-de-la-maraton-de-nueva-york-o-de-grandes-concier\/\" \/>\n<meta property=\"og:site_name\" content=\"La Gu\u00eda de Pamplona\" \/>\n<meta property=\"article:publisher\" content=\"https:\/\/www.facebook.com\/laguiadepamplonacom-133175176762273\/?ref=hl\" \/>\n<meta property=\"article:published_time\" content=\"2024-04-17T11:20:51+00:00\" \/>\n<meta property=\"og:image\" content=\"https:\/\/www.laguiadepamplona.com\/actualidad\/wp-content\/uploads\/2024\/04\/urbanfest0_0.webp\" \/>\n\t<meta property=\"og:image:width\" content=\"1200\" \/>\n\t<meta property=\"og:image:height\" content=\"800\" \/>\n\t<meta property=\"og:image:type\" content=\"image\/webp\" \/>\n<meta name=\"author\" content=\"La Gu\u00eda de Pamplona\" \/>\n<meta name=\"twitter:card\" content=\"summary_large_image\" \/>\n<meta name=\"twitter:creator\" content=\"@LaGuiadPamplona\" \/>\n<meta name=\"twitter:site\" content=\"@LaGuiadPamplona\" \/>\n<meta name=\"twitter:label1\" content=\"Escrito por\" \/>\n\t<meta name=\"twitter:data1\" content=\"La Gu\u00eda de Pamplona\" \/>\n\t<meta name=\"twitter:label2\" content=\"Tiempo de lectura\" \/>\n\t<meta name=\"twitter:data2\" content=\"7 minutos\" \/>\n<script type=\"application\/ld+json\" class=\"yoast-schema-graph\">{\"@context\":\"https:\\\/\\\/schema.org\",\"@graph\":[{\"@type\":\"Article\",\"@id\":\"https:\\\/\\\/www.laguiadepamplona.com\\\/actualidad\\\/el-saber-hacer-de-pamplona-como-ciudad-organizadora-de-los-sanfermines-sera-el-hilo-conductor-de-un-congreso-de-macroeventos-que-reunira-a-responsables-de-la-maraton-de-nueva-york-o-de-grandes-concier\\\/#article\",\"isPartOf\":{\"@id\":\"https:\\\/\\\/www.laguiadepamplona.com\\\/actualidad\\\/el-saber-hacer-de-pamplona-como-ciudad-organizadora-de-los-sanfermines-sera-el-hilo-conductor-de-un-congreso-de-macroeventos-que-reunira-a-responsables-de-la-maraton-de-nueva-york-o-de-grandes-concier\\\/\"},\"author\":{\"name\":\"La Gu\u00eda de Pamplona\",\"@id\":\"https:\\\/\\\/www.laguiadepamplona.com\\\/actualidad\\\/#\\\/schema\\\/person\\\/efe887376f0213d4657c93adc50b1fdb\"},\"headline\":\"El saber hacer de Pamplona como ciudad organizadora de los Sanfermines ser\u00e1 el hilo conductor de un congreso de macroeventos que reunir\u00e1 a responsables de la Marat\u00f3n de Nueva York o de grandes conciertos a nivel mundial\",\"datePublished\":\"2024-04-17T11:20:51+00:00\",\"mainEntityOfPage\":{\"@id\":\"https:\\\/\\\/www.laguiadepamplona.com\\\/actualidad\\\/el-saber-hacer-de-pamplona-como-ciudad-organizadora-de-los-sanfermines-sera-el-hilo-conductor-de-un-congreso-de-macroeventos-que-reunira-a-responsables-de-la-maraton-de-nueva-york-o-de-grandes-concier\\\/\"},\"wordCount\":1422,\"commentCount\":0,\"publisher\":{\"@id\":\"https:\\\/\\\/www.laguiadepamplona.com\\\/actualidad\\\/#organization\"},\"image\":{\"@id\":\"https:\\\/\\\/www.laguiadepamplona.com\\\/actualidad\\\/el-saber-hacer-de-pamplona-como-ciudad-organizadora-de-los-sanfermines-sera-el-hilo-conductor-de-un-congreso-de-macroeventos-que-reunira-a-responsables-de-la-maraton-de-nueva-york-o-de-grandes-concier\\\/#primaryimage\"},\"thumbnailUrl\":\"https:\\\/\\\/www.laguiadepamplona.com\\\/actualidad\\\/wp-content\\\/uploads\\\/2024\\\/04\\\/urbanfest0_0.webp\",\"articleSection\":[\"Ayto Pamplona\"],\"inLanguage\":\"es\",\"potentialAction\":[{\"@type\":\"CommentAction\",\"name\":\"Comment\",\"target\":[\"https:\\\/\\\/www.laguiadepamplona.com\\\/actualidad\\\/el-saber-hacer-de-pamplona-como-ciudad-organizadora-de-los-sanfermines-sera-el-hilo-conductor-de-un-congreso-de-macroeventos-que-reunira-a-responsables-de-la-maraton-de-nueva-york-o-de-grandes-concier\\\/#respond\"]}]},{\"@type\":\"WebPage\",\"@id\":\"https:\\\/\\\/www.laguiadepamplona.com\\\/actualidad\\\/el-saber-hacer-de-pamplona-como-ciudad-organizadora-de-los-sanfermines-sera-el-hilo-conductor-de-un-congreso-de-macroeventos-que-reunira-a-responsables-de-la-maraton-de-nueva-york-o-de-grandes-concier\\\/\",\"url\":\"https:\\\/\\\/www.laguiadepamplona.com\\\/actualidad\\\/el-saber-hacer-de-pamplona-como-ciudad-organizadora-de-los-sanfermines-sera-el-hilo-conductor-de-un-congreso-de-macroeventos-que-reunira-a-responsables-de-la-maraton-de-nueva-york-o-de-grandes-concier\\\/\",\"name\":\"El saber hacer de Pamplona como ciudad organizadora de los Sanfermines ser\u00e1 el hilo conductor de un congreso de macroeventos que reunir\u00e1 a responsables de la Marat\u00f3n de Nueva York o de grandes conciertos a nivel mundial\",\"isPartOf\":{\"@id\":\"https:\\\/\\\/www.laguiadepamplona.com\\\/actualidad\\\/#website\"},\"primaryImageOfPage\":{\"@id\":\"https:\\\/\\\/www.laguiadepamplona.com\\\/actualidad\\\/el-saber-hacer-de-pamplona-como-ciudad-organizadora-de-los-sanfermines-sera-el-hilo-conductor-de-un-congreso-de-macroeventos-que-reunira-a-responsables-de-la-maraton-de-nueva-york-o-de-grandes-concier\\\/#primaryimage\"},\"image\":{\"@id\":\"https:\\\/\\\/www.laguiadepamplona.com\\\/actualidad\\\/el-saber-hacer-de-pamplona-como-ciudad-organizadora-de-los-sanfermines-sera-el-hilo-conductor-de-un-congreso-de-macroeventos-que-reunira-a-responsables-de-la-maraton-de-nueva-york-o-de-grandes-concier\\\/#primaryimage\"},\"thumbnailUrl\":\"https:\\\/\\\/www.laguiadepamplona.com\\\/actualidad\\\/wp-content\\\/uploads\\\/2024\\\/04\\\/urbanfest0_0.webp\",\"datePublished\":\"2024-04-17T11:20:51+00:00\",\"description\":\"El Ayuntamiento de Pamplona organiza el congreso \u2018Internacional Urban Fest 365\u2019 que se celebrar\u00e1 en Baluarte los d\u00edas 28 y 29 de junio\",\"breadcrumb\":{\"@id\":\"https:\\\/\\\/www.laguiadepamplona.com\\\/actualidad\\\/el-saber-hacer-de-pamplona-como-ciudad-organizadora-de-los-sanfermines-sera-el-hilo-conductor-de-un-congreso-de-macroeventos-que-reunira-a-responsables-de-la-maraton-de-nueva-york-o-de-grandes-concier\\\/#breadcrumb\"},\"inLanguage\":\"es\",\"potentialAction\":[{\"@type\":\"ReadAction\",\"target\":[\"https:\\\/\\\/www.laguiadepamplona.com\\\/actualidad\\\/el-saber-hacer-de-pamplona-como-ciudad-organizadora-de-los-sanfermines-sera-el-hilo-conductor-de-un-congreso-de-macroeventos-que-reunira-a-responsables-de-la-maraton-de-nueva-york-o-de-grandes-concier\\\/\"]}]},{\"@type\":\"ImageObject\",\"inLanguage\":\"es\",\"@id\":\"https:\\\/\\\/www.laguiadepamplona.com\\\/actualidad\\\/el-saber-hacer-de-pamplona-como-ciudad-organizadora-de-los-sanfermines-sera-el-hilo-conductor-de-un-congreso-de-macroeventos-que-reunira-a-responsables-de-la-maraton-de-nueva-york-o-de-grandes-concier\\\/#primaryimage\",\"url\":\"https:\\\/\\\/www.laguiadepamplona.com\\\/actualidad\\\/wp-content\\\/uploads\\\/2024\\\/04\\\/urbanfest0_0.webp\",\"contentUrl\":\"https:\\\/\\\/www.laguiadepamplona.com\\\/actualidad\\\/wp-content\\\/uploads\\\/2024\\\/04\\\/urbanfest0_0.webp\",\"width\":1200,\"height\":800,\"caption\":\"urban fest\"},{\"@type\":\"BreadcrumbList\",\"@id\":\"https:\\\/\\\/www.laguiadepamplona.com\\\/actualidad\\\/el-saber-hacer-de-pamplona-como-ciudad-organizadora-de-los-sanfermines-sera-el-hilo-conductor-de-un-congreso-de-macroeventos-que-reunira-a-responsables-de-la-maraton-de-nueva-york-o-de-grandes-concier\\\/#breadcrumb\",\"itemListElement\":[{\"@type\":\"ListItem\",\"position\":1,\"name\":\"Portada\",\"item\":\"https:\\\/\\\/www.laguiadepamplona.com\\\/actualidad\\\/\"},{\"@type\":\"ListItem\",\"position\":2,\"name\":\"El saber hacer de Pamplona como ciudad organizadora de los Sanfermines ser\u00e1 el hilo conductor de un congreso de macroeventos que reunir\u00e1 a responsables de la Marat\u00f3n de Nueva York o de grandes conciertos a nivel mundial\"}]},{\"@type\":\"WebSite\",\"@id\":\"https:\\\/\\\/www.laguiadepamplona.com\\\/actualidad\\\/#website\",\"url\":\"https:\\\/\\\/www.laguiadepamplona.com\\\/actualidad\\\/\",\"name\":\"La gu\u00eda de Pamplona\",\"description\":\"Noticias de Pamplona\",\"publisher\":{\"@id\":\"https:\\\/\\\/www.laguiadepamplona.com\\\/actualidad\\\/#organization\"},\"potentialAction\":[{\"@type\":\"SearchAction\",\"target\":{\"@type\":\"EntryPoint\",\"urlTemplate\":\"https:\\\/\\\/www.laguiadepamplona.com\\\/actualidad\\\/?s={search_term_string}\"},\"query-input\":{\"@type\":\"PropertyValueSpecification\",\"valueRequired\":true,\"valueName\":\"search_term_string\"}}],\"inLanguage\":\"es\"},{\"@type\":\"Organization\",\"@id\":\"https:\\\/\\\/www.laguiadepamplona.com\\\/actualidad\\\/#organization\",\"name\":\"La Gu\u00eda de Pamplona \\\/ Noticias\",\"url\":\"https:\\\/\\\/www.laguiadepamplona.com\\\/actualidad\\\/\",\"logo\":{\"@type\":\"ImageObject\",\"inLanguage\":\"es\",\"@id\":\"https:\\\/\\\/www.laguiadepamplona.com\\\/actualidad\\\/#\\\/schema\\\/logo\\\/image\\\/\",\"url\":\"https:\\\/\\\/www.laguiadepamplona.com\\\/actualidad\\\/wp-content\\\/uploads\\\/2018\\\/11\\\/logo-laguiadepamplona18-web1.png\",\"contentUrl\":\"https:\\\/\\\/www.laguiadepamplona.com\\\/actualidad\\\/wp-content\\\/uploads\\\/2018\\\/11\\\/logo-laguiadepamplona18-web1.png\",\"width\":600,\"height\":196,\"caption\":\"La Gu\u00eda de Pamplona \\\/ Noticias\"},\"image\":{\"@id\":\"https:\\\/\\\/www.laguiadepamplona.com\\\/actualidad\\\/#\\\/schema\\\/logo\\\/image\\\/\"},\"sameAs\":[\"https:\\\/\\\/www.facebook.com\\\/laguiadepamplonacom-133175176762273\\\/?ref=hl\",\"https:\\\/\\\/x.com\\\/LaGuiadPamplona\",\"https:\\\/\\\/www.instagram.com\\\/la_guia_de_pamplona\\\/\",\"https:\\\/\\\/www.youtube.com\\\/user\\\/laguiadepamplona\"]},{\"@type\":\"Person\",\"@id\":\"https:\\\/\\\/www.laguiadepamplona.com\\\/actualidad\\\/#\\\/schema\\\/person\\\/efe887376f0213d4657c93adc50b1fdb\",\"name\":\"La Gu\u00eda de Pamplona\",\"image\":{\"@type\":\"ImageObject\",\"inLanguage\":\"es\",\"@id\":\"https:\\\/\\\/secure.gravatar.com\\\/avatar\\\/b6992f131dc8d30ab0dff15446e9d346d9dbd95992de0fef795073f5ea83a81c?s=96&d=mm&r=g\",\"url\":\"https:\\\/\\\/secure.gravatar.com\\\/avatar\\\/b6992f131dc8d30ab0dff15446e9d346d9dbd95992de0fef795073f5ea83a81c?s=96&d=mm&r=g\",\"contentUrl\":\"https:\\\/\\\/secure.gravatar.com\\\/avatar\\\/b6992f131dc8d30ab0dff15446e9d346d9dbd95992de0fef795073f5ea83a81c?s=96&d=mm&r=g\",\"caption\":\"La Gu\u00eda de Pamplona\"}}]}<\/script>\n<!-- \/ Yoast SEO plugin. -->","yoast_head_json":{"title":"El saber hacer de Pamplona como ciudad organizadora de los Sanfermines ser\u00e1 el hilo conductor de un congreso de macroeventos que reunir\u00e1 a responsables de la Marat\u00f3n de Nueva York o de grandes conciertos a nivel mundial","description":"El Ayuntamiento de Pamplona organiza el congreso \u2018Internacional Urban Fest 365\u2019 que se celebrar\u00e1 en Baluarte los d\u00edas 28 y 29 de junio","robots":{"index":"index","follow":"follow","max-snippet":"max-snippet:-1","max-image-preview":"max-image-preview:large","max-video-preview":"max-video-preview:-1"},"canonical":"https:\/\/www.laguiadepamplona.com\/actualidad\/el-saber-hacer-de-pamplona-como-ciudad-organizadora-de-los-sanfermines-sera-el-hilo-conductor-de-un-congreso-de-macroeventos-que-reunira-a-responsables-de-la-maraton-de-nueva-york-o-de-grandes-concier\/","og_locale":"es_ES","og_type":"article","og_title":"El saber hacer de Pamplona como ciudad organizadora de los Sanfermines ser\u00e1 el hilo conductor de un congreso de macroeventos que reunir\u00e1 a responsables de la Marat\u00f3n de Nueva York o de grandes conciertos a nivel mundial","og_description":"El Ayuntamiento de Pamplona organiza el congreso \u2018Internacional Urban Fest 365\u2019 que se celebrar\u00e1 en Baluarte los d\u00edas 28 y 29 de junio","og_url":"https:\/\/www.laguiadepamplona.com\/actualidad\/el-saber-hacer-de-pamplona-como-ciudad-organizadora-de-los-sanfermines-sera-el-hilo-conductor-de-un-congreso-de-macroeventos-que-reunira-a-responsables-de-la-maraton-de-nueva-york-o-de-grandes-concier\/","og_site_name":"La Gu\u00eda de Pamplona","article_publisher":"https:\/\/www.facebook.com\/laguiadepamplonacom-133175176762273\/?ref=hl","article_published_time":"2024-04-17T11:20:51+00:00","og_image":[{"width":1200,"height":800,"url":"https:\/\/www.laguiadepamplona.com\/actualidad\/wp-content\/uploads\/2024\/04\/urbanfest0_0.webp","type":"image\/webp"}],"author":"La Gu\u00eda de Pamplona","twitter_card":"summary_large_image","twitter_creator":"@LaGuiadPamplona","twitter_site":"@LaGuiadPamplona","twitter_misc":{"Escrito por":"La Gu\u00eda de Pamplona","Tiempo de lectura":"7 minutos"},"schema":{"@context":"https:\/\/schema.org","@graph":[{"@type":"Article","@id":"https:\/\/www.laguiadepamplona.com\/actualidad\/el-saber-hacer-de-pamplona-como-ciudad-organizadora-de-los-sanfermines-sera-el-hilo-conductor-de-un-congreso-de-macroeventos-que-reunira-a-responsables-de-la-maraton-de-nueva-york-o-de-grandes-concier\/#article","isPartOf":{"@id":"https:\/\/www.laguiadepamplona.com\/actualidad\/el-saber-hacer-de-pamplona-como-ciudad-organizadora-de-los-sanfermines-sera-el-hilo-conductor-de-un-congreso-de-macroeventos-que-reunira-a-responsables-de-la-maraton-de-nueva-york-o-de-grandes-concier\/"},"author":{"name":"La Gu\u00eda de Pamplona","@id":"https:\/\/www.laguiadepamplona.com\/actualidad\/#\/schema\/person\/efe887376f0213d4657c93adc50b1fdb"},"headline":"El saber hacer de Pamplona como ciudad organizadora de los Sanfermines ser\u00e1 el hilo conductor de un congreso de macroeventos que reunir\u00e1 a responsables de la Marat\u00f3n de Nueva York o de grandes conciertos a nivel mundial","datePublished":"2024-04-17T11:20:51+00:00","mainEntityOfPage":{"@id":"https:\/\/www.laguiadepamplona.com\/actualidad\/el-saber-hacer-de-pamplona-como-ciudad-organizadora-de-los-sanfermines-sera-el-hilo-conductor-de-un-congreso-de-macroeventos-que-reunira-a-responsables-de-la-maraton-de-nueva-york-o-de-grandes-concier\/"},"wordCount":1422,"commentCount":0,"publisher":{"@id":"https:\/\/www.laguiadepamplona.com\/actualidad\/#organization"},"image":{"@id":"https:\/\/www.laguiadepamplona.com\/actualidad\/el-saber-hacer-de-pamplona-como-ciudad-organizadora-de-los-sanfermines-sera-el-hilo-conductor-de-un-congreso-de-macroeventos-que-reunira-a-responsables-de-la-maraton-de-nueva-york-o-de-grandes-concier\/#primaryimage"},"thumbnailUrl":"https:\/\/www.laguiadepamplona.com\/actualidad\/wp-content\/uploads\/2024\/04\/urbanfest0_0.webp","articleSection":["Ayto Pamplona"],"inLanguage":"es","potentialAction":[{"@type":"CommentAction","name":"Comment","target":["https:\/\/www.laguiadepamplona.com\/actualidad\/el-saber-hacer-de-pamplona-como-ciudad-organizadora-de-los-sanfermines-sera-el-hilo-conductor-de-un-congreso-de-macroeventos-que-reunira-a-responsables-de-la-maraton-de-nueva-york-o-de-grandes-concier\/#respond"]}]},{"@type":"WebPage","@id":"https:\/\/www.laguiadepamplona.com\/actualidad\/el-saber-hacer-de-pamplona-como-ciudad-organizadora-de-los-sanfermines-sera-el-hilo-conductor-de-un-congreso-de-macroeventos-que-reunira-a-responsables-de-la-maraton-de-nueva-york-o-de-grandes-concier\/","url":"https:\/\/www.laguiadepamplona.com\/actualidad\/el-saber-hacer-de-pamplona-como-ciudad-organizadora-de-los-sanfermines-sera-el-hilo-conductor-de-un-congreso-de-macroeventos-que-reunira-a-responsables-de-la-maraton-de-nueva-york-o-de-grandes-concier\/","name":"El saber hacer de Pamplona como ciudad organizadora de los Sanfermines ser\u00e1 el hilo conductor de un congreso de macroeventos que reunir\u00e1 a responsables de la Marat\u00f3n de Nueva York o de grandes conciertos a nivel mundial","isPartOf":{"@id":"https:\/\/www.laguiadepamplona.com\/actualidad\/#website"},"primaryImageOfPage":{"@id":"https:\/\/www.laguiadepamplona.com\/actualidad\/el-saber-hacer-de-pamplona-como-ciudad-organizadora-de-los-sanfermines-sera-el-hilo-conductor-de-un-congreso-de-macroeventos-que-reunira-a-responsables-de-la-maraton-de-nueva-york-o-de-grandes-concier\/#primaryimage"},"image":{"@id":"https:\/\/www.laguiadepamplona.com\/actualidad\/el-saber-hacer-de-pamplona-como-ciudad-organizadora-de-los-sanfermines-sera-el-hilo-conductor-de-un-congreso-de-macroeventos-que-reunira-a-responsables-de-la-maraton-de-nueva-york-o-de-grandes-concier\/#primaryimage"},"thumbnailUrl":"https:\/\/www.laguiadepamplona.com\/actualidad\/wp-content\/uploads\/2024\/04\/urbanfest0_0.webp","datePublished":"2024-04-17T11:20:51+00:00","description":"El Ayuntamiento de Pamplona organiza el congreso \u2018Internacional Urban Fest 365\u2019 que se celebrar\u00e1 en Baluarte los d\u00edas 28 y 29 de junio","breadcrumb":{"@id":"https:\/\/www.laguiadepamplona.com\/actualidad\/el-saber-hacer-de-pamplona-como-ciudad-organizadora-de-los-sanfermines-sera-el-hilo-conductor-de-un-congreso-de-macroeventos-que-reunira-a-responsables-de-la-maraton-de-nueva-york-o-de-grandes-concier\/#breadcrumb"},"inLanguage":"es","potentialAction":[{"@type":"ReadAction","target":["https:\/\/www.laguiadepamplona.com\/actualidad\/el-saber-hacer-de-pamplona-como-ciudad-organizadora-de-los-sanfermines-sera-el-hilo-conductor-de-un-congreso-de-macroeventos-que-reunira-a-responsables-de-la-maraton-de-nueva-york-o-de-grandes-concier\/"]}]},{"@type":"ImageObject","inLanguage":"es","@id":"https:\/\/www.laguiadepamplona.com\/actualidad\/el-saber-hacer-de-pamplona-como-ciudad-organizadora-de-los-sanfermines-sera-el-hilo-conductor-de-un-congreso-de-macroeventos-que-reunira-a-responsables-de-la-maraton-de-nueva-york-o-de-grandes-concier\/#primaryimage","url":"https:\/\/www.laguiadepamplona.com\/actualidad\/wp-content\/uploads\/2024\/04\/urbanfest0_0.webp","contentUrl":"https:\/\/www.laguiadepamplona.com\/actualidad\/wp-content\/uploads\/2024\/04\/urbanfest0_0.webp","width":1200,"height":800,"caption":"urban fest"},{"@type":"BreadcrumbList","@id":"https:\/\/www.laguiadepamplona.com\/actualidad\/el-saber-hacer-de-pamplona-como-ciudad-organizadora-de-los-sanfermines-sera-el-hilo-conductor-de-un-congreso-de-macroeventos-que-reunira-a-responsables-de-la-maraton-de-nueva-york-o-de-grandes-concier\/#breadcrumb","itemListElement":[{"@type":"ListItem","position":1,"name":"Portada","item":"https:\/\/www.laguiadepamplona.com\/actualidad\/"},{"@type":"ListItem","position":2,"name":"El saber hacer de Pamplona como ciudad organizadora de los Sanfermines ser\u00e1 el hilo conductor de un congreso de macroeventos que reunir\u00e1 a responsables de la Marat\u00f3n de Nueva York o de grandes conciertos a nivel mundial"}]},{"@type":"WebSite","@id":"https:\/\/www.laguiadepamplona.com\/actualidad\/#website","url":"https:\/\/www.laguiadepamplona.com\/actualidad\/","name":"La gu\u00eda de Pamplona","description":"Noticias de Pamplona","publisher":{"@id":"https:\/\/www.laguiadepamplona.com\/actualidad\/#organization"},"potentialAction":[{"@type":"SearchAction","target":{"@type":"EntryPoint","urlTemplate":"https:\/\/www.laguiadepamplona.com\/actualidad\/?s={search_term_string}"},"query-input":{"@type":"PropertyValueSpecification","valueRequired":true,"valueName":"search_term_string"}}],"inLanguage":"es"},{"@type":"Organization","@id":"https:\/\/www.laguiadepamplona.com\/actualidad\/#organization","name":"La Gu\u00eda de Pamplona \/ Noticias","url":"https:\/\/www.laguiadepamplona.com\/actualidad\/","logo":{"@type":"ImageObject","inLanguage":"es","@id":"https:\/\/www.laguiadepamplona.com\/actualidad\/#\/schema\/logo\/image\/","url":"https:\/\/www.laguiadepamplona.com\/actualidad\/wp-content\/uploads\/2018\/11\/logo-laguiadepamplona18-web1.png","contentUrl":"https:\/\/www.laguiadepamplona.com\/actualidad\/wp-content\/uploads\/2018\/11\/logo-laguiadepamplona18-web1.png","width":600,"height":196,"caption":"La Gu\u00eda de Pamplona \/ Noticias"},"image":{"@id":"https:\/\/www.laguiadepamplona.com\/actualidad\/#\/schema\/logo\/image\/"},"sameAs":["https:\/\/www.facebook.com\/laguiadepamplonacom-133175176762273\/?ref=hl","https:\/\/x.com\/LaGuiadPamplona","https:\/\/www.instagram.com\/la_guia_de_pamplona\/","https:\/\/www.youtube.com\/user\/laguiadepamplona"]},{"@type":"Person","@id":"https:\/\/www.laguiadepamplona.com\/actualidad\/#\/schema\/person\/efe887376f0213d4657c93adc50b1fdb","name":"La Gu\u00eda de Pamplona","image":{"@type":"ImageObject","inLanguage":"es","@id":"https:\/\/secure.gravatar.com\/avatar\/b6992f131dc8d30ab0dff15446e9d346d9dbd95992de0fef795073f5ea83a81c?s=96&d=mm&r=g","url":"https:\/\/secure.gravatar.com\/avatar\/b6992f131dc8d30ab0dff15446e9d346d9dbd95992de0fef795073f5ea83a81c?s=96&d=mm&r=g","contentUrl":"https:\/\/secure.gravatar.com\/avatar\/b6992f131dc8d30ab0dff15446e9d346d9dbd95992de0fef795073f5ea83a81c?s=96&d=mm&r=g","caption":"La Gu\u00eda de Pamplona"}}]}},"post_mailing_queue_ids":[],"_links":{"self":[{"href":"https:\/\/www.laguiadepamplona.com\/actualidad\/wp-json\/wp\/v2\/posts\/49392","targetHints":{"allow":["GET"]}}],"collection":[{"href":"https:\/\/www.laguiadepamplona.com\/actualidad\/wp-json\/wp\/v2\/posts"}],"about":[{"href":"https:\/\/www.laguiadepamplona.com\/actualidad\/wp-json\/wp\/v2\/types\/post"}],"author":[{"embeddable":true,"href":"https:\/\/www.laguiadepamplona.com\/actualidad\/wp-json\/wp\/v2\/users\/1"}],"replies":[{"embeddable":true,"href":"https:\/\/www.laguiadepamplona.com\/actualidad\/wp-json\/wp\/v2\/comments?post=49392"}],"version-history":[{"count":1,"href":"https:\/\/www.laguiadepamplona.com\/actualidad\/wp-json\/wp\/v2\/posts\/49392\/revisions"}],"predecessor-version":[{"id":49394,"href":"https:\/\/www.laguiadepamplona.com\/actualidad\/wp-json\/wp\/v2\/posts\/49392\/revisions\/49394"}],"wp:featuredmedia":[{"embeddable":true,"href":"https:\/\/www.laguiadepamplona.com\/actualidad\/wp-json\/wp\/v2\/media\/49393"}],"wp:attachment":[{"href":"https:\/\/www.laguiadepamplona.com\/actualidad\/wp-json\/wp\/v2\/media?parent=49392"}],"wp:term":[{"taxonomy":"category","embeddable":true,"href":"https:\/\/www.laguiadepamplona.com\/actualidad\/wp-json\/wp\/v2\/categories?post=49392"},{"taxonomy":"post_tag","embeddable":true,"href":"https:\/\/www.laguiadepamplona.com\/actualidad\/wp-json\/wp\/v2\/tags?post=49392"}],"curies":[{"name":"wp","href":"https:\/\/api.w.org\/{rel}","templated":true}]}}