{"id":49390,"date":"2024-04-17T13:16:35","date_gmt":"2024-04-17T11:16:35","guid":{"rendered":"https:\/\/www.laguiadepamplona.com\/actualidad\/?p=49390"},"modified":"2024-04-17T13:25:58","modified_gmt":"2024-04-17T11:25:58","slug":"el-foro-de-barrio-de-los-ensanches-tendra-lugar-el-martes-23-de-abril-en-la-escuela-de-arte-y-superior-de-diseno-de-pamplona-abierto-a-la-participacion-ciudadana","status":"publish","type":"post","link":"https:\/\/www.laguiadepamplona.com\/actualidad\/el-foro-de-barrio-de-los-ensanches-tendra-lugar-el-martes-23-de-abril-en-la-escuela-de-arte-y-superior-de-diseno-de-pamplona-abierto-a-la-participacion-ciudadana\/","title":{"rendered":"El Foro de Barrio de los Ensanches tendr\u00e1 lugar el martes 23 de abril en la Escuela de Arte y Superior de Dise\u00f1o de Pamplona, abierto a la participaci\u00f3n ciudadana"},"content":{"rendered":"<h2>Las propuestas y sugerencias se puede remitir hasta el jueves a trav\u00e9s del correo <a href=\"mailto:foros@pamplona.es\">foros@pamplona.es<\/a> y de la plataforma Decide Pamplona<\/h2>\n<p><!--more--><\/p>\n<p>El pr\u00f3ximo martes 23 de abril se celebra el Foro de Barrio de los Ensanches, a partir de las 18.30 horas en la <strong>Escuela de Arte y Superior de Dise\u00f1o de Pamplona<\/strong><strong>\u00a0<\/strong>(c\/ Amaya, 27). El Ayuntamiento de Pamplona mantiene abiertos los canales de participaci\u00f3n previos a la sesi\u00f3n para recoger propuestas y sugerencias que se expondr\u00e1n en el propio Foro de Barrio. Mikel Armendariz Barnechea, como concejal de barrio, presidir\u00e1 la sesi\u00f3n.<br \/>\n<script async src=\"\/\/pagead2.googlesyndication.com\/pagead\/js\/adsbygoogle.js\"><\/script><br \/>\n<!-- Noticias La Guia de Pamplona --><br \/>\n<ins class=\"adsbygoogle\"\nstyle=\"display:block\"\ndata-ad-client=\"ca-pub-6943679897239327\"\ndata-ad-slot=\"7048180777\"\ndata-ad-format=\"auto\"><\/ins><br \/>\n<script>\n(adsbygoogle = window.adsbygoogle || []).push({});\n<\/script><br \/>\nHasta el jueves, las personas interesadas pueden remitir sus preguntas, propuestas y comentarios a trav\u00e9s del correo electr\u00f3nico <a href=\"mailto:foros@pamplona.es\">foros@pamplona.es<\/a> o a trav\u00e9s del portal de participaci\u00f3n municipal <a href=\"https:\/\/decide.pamplona.es\/\" target=\"_blank\" rel=\"noopener\">Decide Pamplona<\/a>, en el apartado dedicado al Foro de Barrio de los Ensanches. La sesi\u00f3n se podr\u00e1 seguir en directo en <a href=\"http:\/\/www.pamplona.es\" target=\"_blank\" rel=\"noopener\">www.pamplona.es<\/a> y en el canal municipal de Youtube. Los hashtags creados para comentar en redes sociales el Foro de Barrio son #ForoEnsanches y #<a href=\"https:\/\/erabaki.pamplona.es\/assemblies\/FBEnsanches\" target=\"_blank\" rel=\"noopener\">ZabalguneakoEztabaidagunea<\/a>.<\/p>\n<p>Los Foros de Barrio son espacios de participaci\u00f3n ciudadana, abiertos a vecinos, vecinas, colectivos o entidades interesadas, as\u00ed como al personal t\u00e9cnico, tanto municipal como supramunicipal, que tenga responsabilidades en el barrio. El Foro de Barrio comienza con el Ayuntamiento informando y rindiendo cuentas de los proyectos, actuaciones y temas m\u00e1s relevantes que afectan al barrio y contin\u00faa con informaci\u00f3n sobre proyectos comunitarios que se llevan a cabo en el barrio en cuesti\u00f3n y con un turno final de preguntas y aportaciones.<br \/>\n<script async src=\"\/\/pagead2.googlesyndication.com\/pagead\/js\/adsbygoogle.js\"><\/script><br \/>\n<!-- Noticias La Guia de Pamplona --><br \/>\n<ins class=\"adsbygoogle\"\nstyle=\"display:block\"\ndata-ad-client=\"ca-pub-6943679897239327\"\ndata-ad-slot=\"7048180777\"\ndata-ad-format=\"auto\"><\/ins><br \/>\n<script>\n(adsbygoogle = window.adsbygoogle || []).push({});\n<\/script><br \/>\nEl Foro de Barrio de los Ensanches, como en el resto de barrios, contar\u00e1 con servicio de conciliaci\u00f3n para el cuidado de menores durante la celebraci\u00f3n de la sesi\u00f3n. Este servicio ser\u00e1 atendido con profesionalidad y criterios coeducativos. Se recomienda inscripci\u00f3n previa para ese servicio de ludoteca en el Centro de Participaci\u00f3n Ciudadana, a trav\u00e9s del tel\u00e9fono 948 420 266 o en el correo electr\u00f3nico <a href=\"mailto:foros@pamplona.es\">foros@pamplona.es<\/a>.<\/p>\n","protected":false},"excerpt":{"rendered":"<p>Las propuestas y sugerencias se puede remitir hasta el jueves a trav\u00e9s del correo foros@pamplona.es y de la plataforma Decide Pamplona<\/p>\n","protected":false},"author":1,"featured_media":49397,"comment_status":"open","ping_status":"closed","sticky":false,"template":"","format":"standard","meta":{"footnotes":""},"categories":[2],"tags":[],"class_list":["post-49390","post","type-post","status-publish","format-standard","has-post-thumbnail","hentry","category-ayuntamiento-pamplona"],"yoast_head":"<!-- This site is optimized with the Yoast SEO plugin v27.3 - https:\/\/yoast.com\/product\/yoast-seo-wordpress\/ -->\n<title>El Foro de Barrio de los Ensanches tendr\u00e1 lugar el martes 23 de abril en la Escuela de Arte y Superior de Dise\u00f1o de Pamplona, abierto a la participaci\u00f3n ciudadana<\/title>\n<meta name=\"description\" content=\"Las propuestas y sugerencias se puede remitir hasta el jueves a trav\u00e9s del correo foros@pamplona.es y de la plataforma Decide Pamplona\" \/>\n<meta name=\"robots\" content=\"index, follow, max-snippet:-1, max-image-preview:large, max-video-preview:-1\" \/>\n<link rel=\"canonical\" href=\"https:\/\/www.laguiadepamplona.com\/actualidad\/el-foro-de-barrio-de-los-ensanches-tendra-lugar-el-martes-23-de-abril-en-la-escuela-de-arte-y-superior-de-diseno-de-pamplona-abierto-a-la-participacion-ciudadana\/\" \/>\n<meta property=\"og:locale\" content=\"es_ES\" \/>\n<meta property=\"og:type\" content=\"article\" \/>\n<meta property=\"og:title\" content=\"El Foro de Barrio de los Ensanches tendr\u00e1 lugar el martes 23 de abril en la Escuela de Arte y Superior de Dise\u00f1o de Pamplona, abierto a la participaci\u00f3n ciudadana\" \/>\n<meta property=\"og:description\" content=\"Las propuestas y sugerencias se puede remitir hasta el jueves a trav\u00e9s del correo foros@pamplona.es y de la plataforma Decide Pamplona\" \/>\n<meta property=\"og:url\" content=\"https:\/\/www.laguiadepamplona.com\/actualidad\/el-foro-de-barrio-de-los-ensanches-tendra-lugar-el-martes-23-de-abril-en-la-escuela-de-arte-y-superior-de-diseno-de-pamplona-abierto-a-la-participacion-ciudadana\/\" \/>\n<meta property=\"og:site_name\" content=\"La Gu\u00eda de Pamplona\" \/>\n<meta property=\"article:publisher\" content=\"https:\/\/www.facebook.com\/laguiadepamplonacom-133175176762273\/?ref=hl\" \/>\n<meta property=\"article:published_time\" content=\"2024-04-17T11:16:35+00:00\" \/>\n<meta property=\"article:modified_time\" content=\"2024-04-17T11:25:58+00:00\" \/>\n<meta property=\"og:image\" content=\"https:\/\/www.laguiadepamplona.com\/actualidad\/wp-content\/uploads\/2024\/04\/foro-de-barrio-ensanches.webp\" \/>\n\t<meta property=\"og:image:width\" content=\"1200\" \/>\n\t<meta property=\"og:image:height\" content=\"677\" \/>\n\t<meta property=\"og:image:type\" content=\"image\/webp\" \/>\n<meta name=\"author\" content=\"La Gu\u00eda de Pamplona\" \/>\n<meta name=\"twitter:card\" content=\"summary_large_image\" \/>\n<meta name=\"twitter:creator\" content=\"@LaGuiadPamplona\" \/>\n<meta name=\"twitter:site\" content=\"@LaGuiadPamplona\" \/>\n<meta name=\"twitter:label1\" content=\"Escrito por\" \/>\n\t<meta name=\"twitter:data1\" content=\"La Gu\u00eda de Pamplona\" \/>\n\t<meta name=\"twitter:label2\" content=\"Tiempo de lectura\" \/>\n\t<meta name=\"twitter:data2\" content=\"2 minutos\" \/>\n<script type=\"application\/ld+json\" class=\"yoast-schema-graph\">{\"@context\":\"https:\\\/\\\/schema.org\",\"@graph\":[{\"@type\":\"Article\",\"@id\":\"https:\\\/\\\/www.laguiadepamplona.com\\\/actualidad\\\/el-foro-de-barrio-de-los-ensanches-tendra-lugar-el-martes-23-de-abril-en-la-escuela-de-arte-y-superior-de-diseno-de-pamplona-abierto-a-la-participacion-ciudadana\\\/#article\",\"isPartOf\":{\"@id\":\"https:\\\/\\\/www.laguiadepamplona.com\\\/actualidad\\\/el-foro-de-barrio-de-los-ensanches-tendra-lugar-el-martes-23-de-abril-en-la-escuela-de-arte-y-superior-de-diseno-de-pamplona-abierto-a-la-participacion-ciudadana\\\/\"},\"author\":{\"name\":\"La Gu\u00eda de Pamplona\",\"@id\":\"https:\\\/\\\/www.laguiadepamplona.com\\\/actualidad\\\/#\\\/schema\\\/person\\\/efe887376f0213d4657c93adc50b1fdb\"},\"headline\":\"El Foro de Barrio de los Ensanches tendr\u00e1 lugar el martes 23 de abril en la Escuela de Arte y Superior de Dise\u00f1o de Pamplona, abierto a la participaci\u00f3n ciudadana\",\"datePublished\":\"2024-04-17T11:16:35+00:00\",\"dateModified\":\"2024-04-17T11:25:58+00:00\",\"mainEntityOfPage\":{\"@id\":\"https:\\\/\\\/www.laguiadepamplona.com\\\/actualidad\\\/el-foro-de-barrio-de-los-ensanches-tendra-lugar-el-martes-23-de-abril-en-la-escuela-de-arte-y-superior-de-diseno-de-pamplona-abierto-a-la-participacion-ciudadana\\\/\"},\"wordCount\":373,\"commentCount\":0,\"publisher\":{\"@id\":\"https:\\\/\\\/www.laguiadepamplona.com\\\/actualidad\\\/#organization\"},\"image\":{\"@id\":\"https:\\\/\\\/www.laguiadepamplona.com\\\/actualidad\\\/el-foro-de-barrio-de-los-ensanches-tendra-lugar-el-martes-23-de-abril-en-la-escuela-de-arte-y-superior-de-diseno-de-pamplona-abierto-a-la-participacion-ciudadana\\\/#primaryimage\"},\"thumbnailUrl\":\"https:\\\/\\\/www.laguiadepamplona.com\\\/actualidad\\\/wp-content\\\/uploads\\\/2024\\\/04\\\/foro-de-barrio-ensanches.webp\",\"articleSection\":[\"Ayto Pamplona\"],\"inLanguage\":\"es\",\"potentialAction\":[{\"@type\":\"CommentAction\",\"name\":\"Comment\",\"target\":[\"https:\\\/\\\/www.laguiadepamplona.com\\\/actualidad\\\/el-foro-de-barrio-de-los-ensanches-tendra-lugar-el-martes-23-de-abril-en-la-escuela-de-arte-y-superior-de-diseno-de-pamplona-abierto-a-la-participacion-ciudadana\\\/#respond\"]}]},{\"@type\":\"WebPage\",\"@id\":\"https:\\\/\\\/www.laguiadepamplona.com\\\/actualidad\\\/el-foro-de-barrio-de-los-ensanches-tendra-lugar-el-martes-23-de-abril-en-la-escuela-de-arte-y-superior-de-diseno-de-pamplona-abierto-a-la-participacion-ciudadana\\\/\",\"url\":\"https:\\\/\\\/www.laguiadepamplona.com\\\/actualidad\\\/el-foro-de-barrio-de-los-ensanches-tendra-lugar-el-martes-23-de-abril-en-la-escuela-de-arte-y-superior-de-diseno-de-pamplona-abierto-a-la-participacion-ciudadana\\\/\",\"name\":\"El Foro de Barrio de los Ensanches tendr\u00e1 lugar el martes 23 de abril en la Escuela de Arte y Superior de Dise\u00f1o de Pamplona, abierto a la participaci\u00f3n ciudadana\",\"isPartOf\":{\"@id\":\"https:\\\/\\\/www.laguiadepamplona.com\\\/actualidad\\\/#website\"},\"primaryImageOfPage\":{\"@id\":\"https:\\\/\\\/www.laguiadepamplona.com\\\/actualidad\\\/el-foro-de-barrio-de-los-ensanches-tendra-lugar-el-martes-23-de-abril-en-la-escuela-de-arte-y-superior-de-diseno-de-pamplona-abierto-a-la-participacion-ciudadana\\\/#primaryimage\"},\"image\":{\"@id\":\"https:\\\/\\\/www.laguiadepamplona.com\\\/actualidad\\\/el-foro-de-barrio-de-los-ensanches-tendra-lugar-el-martes-23-de-abril-en-la-escuela-de-arte-y-superior-de-diseno-de-pamplona-abierto-a-la-participacion-ciudadana\\\/#primaryimage\"},\"thumbnailUrl\":\"https:\\\/\\\/www.laguiadepamplona.com\\\/actualidad\\\/wp-content\\\/uploads\\\/2024\\\/04\\\/foro-de-barrio-ensanches.webp\",\"datePublished\":\"2024-04-17T11:16:35+00:00\",\"dateModified\":\"2024-04-17T11:25:58+00:00\",\"description\":\"Las propuestas y sugerencias se puede remitir hasta el jueves a trav\u00e9s del correo foros@pamplona.es y de la plataforma Decide Pamplona\",\"breadcrumb\":{\"@id\":\"https:\\\/\\\/www.laguiadepamplona.com\\\/actualidad\\\/el-foro-de-barrio-de-los-ensanches-tendra-lugar-el-martes-23-de-abril-en-la-escuela-de-arte-y-superior-de-diseno-de-pamplona-abierto-a-la-participacion-ciudadana\\\/#breadcrumb\"},\"inLanguage\":\"es\",\"potentialAction\":[{\"@type\":\"ReadAction\",\"target\":[\"https:\\\/\\\/www.laguiadepamplona.com\\\/actualidad\\\/el-foro-de-barrio-de-los-ensanches-tendra-lugar-el-martes-23-de-abril-en-la-escuela-de-arte-y-superior-de-diseno-de-pamplona-abierto-a-la-participacion-ciudadana\\\/\"]}]},{\"@type\":\"ImageObject\",\"inLanguage\":\"es\",\"@id\":\"https:\\\/\\\/www.laguiadepamplona.com\\\/actualidad\\\/el-foro-de-barrio-de-los-ensanches-tendra-lugar-el-martes-23-de-abril-en-la-escuela-de-arte-y-superior-de-diseno-de-pamplona-abierto-a-la-participacion-ciudadana\\\/#primaryimage\",\"url\":\"https:\\\/\\\/www.laguiadepamplona.com\\\/actualidad\\\/wp-content\\\/uploads\\\/2024\\\/04\\\/foro-de-barrio-ensanches.webp\",\"contentUrl\":\"https:\\\/\\\/www.laguiadepamplona.com\\\/actualidad\\\/wp-content\\\/uploads\\\/2024\\\/04\\\/foro-de-barrio-ensanches.webp\",\"width\":1200,\"height\":677,\"caption\":\"foro barrio ensanche\"},{\"@type\":\"BreadcrumbList\",\"@id\":\"https:\\\/\\\/www.laguiadepamplona.com\\\/actualidad\\\/el-foro-de-barrio-de-los-ensanches-tendra-lugar-el-martes-23-de-abril-en-la-escuela-de-arte-y-superior-de-diseno-de-pamplona-abierto-a-la-participacion-ciudadana\\\/#breadcrumb\",\"itemListElement\":[{\"@type\":\"ListItem\",\"position\":1,\"name\":\"Portada\",\"item\":\"https:\\\/\\\/www.laguiadepamplona.com\\\/actualidad\\\/\"},{\"@type\":\"ListItem\",\"position\":2,\"name\":\"El Foro de Barrio de los Ensanches tendr\u00e1 lugar el martes 23 de abril en la Escuela de Arte y Superior de Dise\u00f1o de Pamplona, abierto a la participaci\u00f3n ciudadana\"}]},{\"@type\":\"WebSite\",\"@id\":\"https:\\\/\\\/www.laguiadepamplona.com\\\/actualidad\\\/#website\",\"url\":\"https:\\\/\\\/www.laguiadepamplona.com\\\/actualidad\\\/\",\"name\":\"La gu\u00eda de Pamplona\",\"description\":\"Noticias de Pamplona\",\"publisher\":{\"@id\":\"https:\\\/\\\/www.laguiadepamplona.com\\\/actualidad\\\/#organization\"},\"potentialAction\":[{\"@type\":\"SearchAction\",\"target\":{\"@type\":\"EntryPoint\",\"urlTemplate\":\"https:\\\/\\\/www.laguiadepamplona.com\\\/actualidad\\\/?s={search_term_string}\"},\"query-input\":{\"@type\":\"PropertyValueSpecification\",\"valueRequired\":true,\"valueName\":\"search_term_string\"}}],\"inLanguage\":\"es\"},{\"@type\":\"Organization\",\"@id\":\"https:\\\/\\\/www.laguiadepamplona.com\\\/actualidad\\\/#organization\",\"name\":\"La Gu\u00eda de Pamplona \\\/ Noticias\",\"url\":\"https:\\\/\\\/www.laguiadepamplona.com\\\/actualidad\\\/\",\"logo\":{\"@type\":\"ImageObject\",\"inLanguage\":\"es\",\"@id\":\"https:\\\/\\\/www.laguiadepamplona.com\\\/actualidad\\\/#\\\/schema\\\/logo\\\/image\\\/\",\"url\":\"https:\\\/\\\/www.laguiadepamplona.com\\\/actualidad\\\/wp-content\\\/uploads\\\/2018\\\/11\\\/logo-laguiadepamplona18-web1.png\",\"contentUrl\":\"https:\\\/\\\/www.laguiadepamplona.com\\\/actualidad\\\/wp-content\\\/uploads\\\/2018\\\/11\\\/logo-laguiadepamplona18-web1.png\",\"width\":600,\"height\":196,\"caption\":\"La Gu\u00eda de Pamplona \\\/ Noticias\"},\"image\":{\"@id\":\"https:\\\/\\\/www.laguiadepamplona.com\\\/actualidad\\\/#\\\/schema\\\/logo\\\/image\\\/\"},\"sameAs\":[\"https:\\\/\\\/www.facebook.com\\\/laguiadepamplonacom-133175176762273\\\/?ref=hl\",\"https:\\\/\\\/x.com\\\/LaGuiadPamplona\",\"https:\\\/\\\/www.instagram.com\\\/la_guia_de_pamplona\\\/\",\"https:\\\/\\\/www.youtube.com\\\/user\\\/laguiadepamplona\"]},{\"@type\":\"Person\",\"@id\":\"https:\\\/\\\/www.laguiadepamplona.com\\\/actualidad\\\/#\\\/schema\\\/person\\\/efe887376f0213d4657c93adc50b1fdb\",\"name\":\"La Gu\u00eda de Pamplona\",\"image\":{\"@type\":\"ImageObject\",\"inLanguage\":\"es\",\"@id\":\"https:\\\/\\\/secure.gravatar.com\\\/avatar\\\/b6992f131dc8d30ab0dff15446e9d346d9dbd95992de0fef795073f5ea83a81c?s=96&d=mm&r=g\",\"url\":\"https:\\\/\\\/secure.gravatar.com\\\/avatar\\\/b6992f131dc8d30ab0dff15446e9d346d9dbd95992de0fef795073f5ea83a81c?s=96&d=mm&r=g\",\"contentUrl\":\"https:\\\/\\\/secure.gravatar.com\\\/avatar\\\/b6992f131dc8d30ab0dff15446e9d346d9dbd95992de0fef795073f5ea83a81c?s=96&d=mm&r=g\",\"caption\":\"La Gu\u00eda de Pamplona\"}}]}<\/script>\n<!-- \/ Yoast SEO plugin. -->","yoast_head_json":{"title":"El Foro de Barrio de los Ensanches tendr\u00e1 lugar el martes 23 de abril en la Escuela de Arte y Superior de Dise\u00f1o de Pamplona, abierto a la participaci\u00f3n ciudadana","description":"Las propuestas y sugerencias se puede remitir hasta el jueves a trav\u00e9s del correo foros@pamplona.es y de la plataforma Decide Pamplona","robots":{"index":"index","follow":"follow","max-snippet":"max-snippet:-1","max-image-preview":"max-image-preview:large","max-video-preview":"max-video-preview:-1"},"canonical":"https:\/\/www.laguiadepamplona.com\/actualidad\/el-foro-de-barrio-de-los-ensanches-tendra-lugar-el-martes-23-de-abril-en-la-escuela-de-arte-y-superior-de-diseno-de-pamplona-abierto-a-la-participacion-ciudadana\/","og_locale":"es_ES","og_type":"article","og_title":"El Foro de Barrio de los Ensanches tendr\u00e1 lugar el martes 23 de abril en la Escuela de Arte y Superior de Dise\u00f1o de Pamplona, abierto a la participaci\u00f3n ciudadana","og_description":"Las propuestas y sugerencias se puede remitir hasta el jueves a trav\u00e9s del correo foros@pamplona.es y de la plataforma Decide Pamplona","og_url":"https:\/\/www.laguiadepamplona.com\/actualidad\/el-foro-de-barrio-de-los-ensanches-tendra-lugar-el-martes-23-de-abril-en-la-escuela-de-arte-y-superior-de-diseno-de-pamplona-abierto-a-la-participacion-ciudadana\/","og_site_name":"La Gu\u00eda de Pamplona","article_publisher":"https:\/\/www.facebook.com\/laguiadepamplonacom-133175176762273\/?ref=hl","article_published_time":"2024-04-17T11:16:35+00:00","article_modified_time":"2024-04-17T11:25:58+00:00","og_image":[{"width":1200,"height":677,"url":"https:\/\/www.laguiadepamplona.com\/actualidad\/wp-content\/uploads\/2024\/04\/foro-de-barrio-ensanches.webp","type":"image\/webp"}],"author":"La Gu\u00eda de Pamplona","twitter_card":"summary_large_image","twitter_creator":"@LaGuiadPamplona","twitter_site":"@LaGuiadPamplona","twitter_misc":{"Escrito por":"La Gu\u00eda de Pamplona","Tiempo de lectura":"2 minutos"},"schema":{"@context":"https:\/\/schema.org","@graph":[{"@type":"Article","@id":"https:\/\/www.laguiadepamplona.com\/actualidad\/el-foro-de-barrio-de-los-ensanches-tendra-lugar-el-martes-23-de-abril-en-la-escuela-de-arte-y-superior-de-diseno-de-pamplona-abierto-a-la-participacion-ciudadana\/#article","isPartOf":{"@id":"https:\/\/www.laguiadepamplona.com\/actualidad\/el-foro-de-barrio-de-los-ensanches-tendra-lugar-el-martes-23-de-abril-en-la-escuela-de-arte-y-superior-de-diseno-de-pamplona-abierto-a-la-participacion-ciudadana\/"},"author":{"name":"La Gu\u00eda de Pamplona","@id":"https:\/\/www.laguiadepamplona.com\/actualidad\/#\/schema\/person\/efe887376f0213d4657c93adc50b1fdb"},"headline":"El Foro de Barrio de los Ensanches tendr\u00e1 lugar el martes 23 de abril en la Escuela de Arte y Superior de Dise\u00f1o de Pamplona, abierto a la participaci\u00f3n ciudadana","datePublished":"2024-04-17T11:16:35+00:00","dateModified":"2024-04-17T11:25:58+00:00","mainEntityOfPage":{"@id":"https:\/\/www.laguiadepamplona.com\/actualidad\/el-foro-de-barrio-de-los-ensanches-tendra-lugar-el-martes-23-de-abril-en-la-escuela-de-arte-y-superior-de-diseno-de-pamplona-abierto-a-la-participacion-ciudadana\/"},"wordCount":373,"commentCount":0,"publisher":{"@id":"https:\/\/www.laguiadepamplona.com\/actualidad\/#organization"},"image":{"@id":"https:\/\/www.laguiadepamplona.com\/actualidad\/el-foro-de-barrio-de-los-ensanches-tendra-lugar-el-martes-23-de-abril-en-la-escuela-de-arte-y-superior-de-diseno-de-pamplona-abierto-a-la-participacion-ciudadana\/#primaryimage"},"thumbnailUrl":"https:\/\/www.laguiadepamplona.com\/actualidad\/wp-content\/uploads\/2024\/04\/foro-de-barrio-ensanches.webp","articleSection":["Ayto Pamplona"],"inLanguage":"es","potentialAction":[{"@type":"CommentAction","name":"Comment","target":["https:\/\/www.laguiadepamplona.com\/actualidad\/el-foro-de-barrio-de-los-ensanches-tendra-lugar-el-martes-23-de-abril-en-la-escuela-de-arte-y-superior-de-diseno-de-pamplona-abierto-a-la-participacion-ciudadana\/#respond"]}]},{"@type":"WebPage","@id":"https:\/\/www.laguiadepamplona.com\/actualidad\/el-foro-de-barrio-de-los-ensanches-tendra-lugar-el-martes-23-de-abril-en-la-escuela-de-arte-y-superior-de-diseno-de-pamplona-abierto-a-la-participacion-ciudadana\/","url":"https:\/\/www.laguiadepamplona.com\/actualidad\/el-foro-de-barrio-de-los-ensanches-tendra-lugar-el-martes-23-de-abril-en-la-escuela-de-arte-y-superior-de-diseno-de-pamplona-abierto-a-la-participacion-ciudadana\/","name":"El Foro de Barrio de los Ensanches tendr\u00e1 lugar el martes 23 de abril en la Escuela de Arte y Superior de Dise\u00f1o de Pamplona, abierto a la participaci\u00f3n ciudadana","isPartOf":{"@id":"https:\/\/www.laguiadepamplona.com\/actualidad\/#website"},"primaryImageOfPage":{"@id":"https:\/\/www.laguiadepamplona.com\/actualidad\/el-foro-de-barrio-de-los-ensanches-tendra-lugar-el-martes-23-de-abril-en-la-escuela-de-arte-y-superior-de-diseno-de-pamplona-abierto-a-la-participacion-ciudadana\/#primaryimage"},"image":{"@id":"https:\/\/www.laguiadepamplona.com\/actualidad\/el-foro-de-barrio-de-los-ensanches-tendra-lugar-el-martes-23-de-abril-en-la-escuela-de-arte-y-superior-de-diseno-de-pamplona-abierto-a-la-participacion-ciudadana\/#primaryimage"},"thumbnailUrl":"https:\/\/www.laguiadepamplona.com\/actualidad\/wp-content\/uploads\/2024\/04\/foro-de-barrio-ensanches.webp","datePublished":"2024-04-17T11:16:35+00:00","dateModified":"2024-04-17T11:25:58+00:00","description":"Las propuestas y sugerencias se puede remitir hasta el jueves a trav\u00e9s del correo foros@pamplona.es y de la plataforma Decide Pamplona","breadcrumb":{"@id":"https:\/\/www.laguiadepamplona.com\/actualidad\/el-foro-de-barrio-de-los-ensanches-tendra-lugar-el-martes-23-de-abril-en-la-escuela-de-arte-y-superior-de-diseno-de-pamplona-abierto-a-la-participacion-ciudadana\/#breadcrumb"},"inLanguage":"es","potentialAction":[{"@type":"ReadAction","target":["https:\/\/www.laguiadepamplona.com\/actualidad\/el-foro-de-barrio-de-los-ensanches-tendra-lugar-el-martes-23-de-abril-en-la-escuela-de-arte-y-superior-de-diseno-de-pamplona-abierto-a-la-participacion-ciudadana\/"]}]},{"@type":"ImageObject","inLanguage":"es","@id":"https:\/\/www.laguiadepamplona.com\/actualidad\/el-foro-de-barrio-de-los-ensanches-tendra-lugar-el-martes-23-de-abril-en-la-escuela-de-arte-y-superior-de-diseno-de-pamplona-abierto-a-la-participacion-ciudadana\/#primaryimage","url":"https:\/\/www.laguiadepamplona.com\/actualidad\/wp-content\/uploads\/2024\/04\/foro-de-barrio-ensanches.webp","contentUrl":"https:\/\/www.laguiadepamplona.com\/actualidad\/wp-content\/uploads\/2024\/04\/foro-de-barrio-ensanches.webp","width":1200,"height":677,"caption":"foro barrio ensanche"},{"@type":"BreadcrumbList","@id":"https:\/\/www.laguiadepamplona.com\/actualidad\/el-foro-de-barrio-de-los-ensanches-tendra-lugar-el-martes-23-de-abril-en-la-escuela-de-arte-y-superior-de-diseno-de-pamplona-abierto-a-la-participacion-ciudadana\/#breadcrumb","itemListElement":[{"@type":"ListItem","position":1,"name":"Portada","item":"https:\/\/www.laguiadepamplona.com\/actualidad\/"},{"@type":"ListItem","position":2,"name":"El Foro de Barrio de los Ensanches tendr\u00e1 lugar el martes 23 de abril en la Escuela de Arte y Superior de Dise\u00f1o de Pamplona, abierto a la participaci\u00f3n ciudadana"}]},{"@type":"WebSite","@id":"https:\/\/www.laguiadepamplona.com\/actualidad\/#website","url":"https:\/\/www.laguiadepamplona.com\/actualidad\/","name":"La gu\u00eda de Pamplona","description":"Noticias de Pamplona","publisher":{"@id":"https:\/\/www.laguiadepamplona.com\/actualidad\/#organization"},"potentialAction":[{"@type":"SearchAction","target":{"@type":"EntryPoint","urlTemplate":"https:\/\/www.laguiadepamplona.com\/actualidad\/?s={search_term_string}"},"query-input":{"@type":"PropertyValueSpecification","valueRequired":true,"valueName":"search_term_string"}}],"inLanguage":"es"},{"@type":"Organization","@id":"https:\/\/www.laguiadepamplona.com\/actualidad\/#organization","name":"La Gu\u00eda de Pamplona \/ Noticias","url":"https:\/\/www.laguiadepamplona.com\/actualidad\/","logo":{"@type":"ImageObject","inLanguage":"es","@id":"https:\/\/www.laguiadepamplona.com\/actualidad\/#\/schema\/logo\/image\/","url":"https:\/\/www.laguiadepamplona.com\/actualidad\/wp-content\/uploads\/2018\/11\/logo-laguiadepamplona18-web1.png","contentUrl":"https:\/\/www.laguiadepamplona.com\/actualidad\/wp-content\/uploads\/2018\/11\/logo-laguiadepamplona18-web1.png","width":600,"height":196,"caption":"La Gu\u00eda de Pamplona \/ Noticias"},"image":{"@id":"https:\/\/www.laguiadepamplona.com\/actualidad\/#\/schema\/logo\/image\/"},"sameAs":["https:\/\/www.facebook.com\/laguiadepamplonacom-133175176762273\/?ref=hl","https:\/\/x.com\/LaGuiadPamplona","https:\/\/www.instagram.com\/la_guia_de_pamplona\/","https:\/\/www.youtube.com\/user\/laguiadepamplona"]},{"@type":"Person","@id":"https:\/\/www.laguiadepamplona.com\/actualidad\/#\/schema\/person\/efe887376f0213d4657c93adc50b1fdb","name":"La Gu\u00eda de Pamplona","image":{"@type":"ImageObject","inLanguage":"es","@id":"https:\/\/secure.gravatar.com\/avatar\/b6992f131dc8d30ab0dff15446e9d346d9dbd95992de0fef795073f5ea83a81c?s=96&d=mm&r=g","url":"https:\/\/secure.gravatar.com\/avatar\/b6992f131dc8d30ab0dff15446e9d346d9dbd95992de0fef795073f5ea83a81c?s=96&d=mm&r=g","contentUrl":"https:\/\/secure.gravatar.com\/avatar\/b6992f131dc8d30ab0dff15446e9d346d9dbd95992de0fef795073f5ea83a81c?s=96&d=mm&r=g","caption":"La Gu\u00eda de Pamplona"}}]}},"post_mailing_queue_ids":[],"_links":{"self":[{"href":"https:\/\/www.laguiadepamplona.com\/actualidad\/wp-json\/wp\/v2\/posts\/49390","targetHints":{"allow":["GET"]}}],"collection":[{"href":"https:\/\/www.laguiadepamplona.com\/actualidad\/wp-json\/wp\/v2\/posts"}],"about":[{"href":"https:\/\/www.laguiadepamplona.com\/actualidad\/wp-json\/wp\/v2\/types\/post"}],"author":[{"embeddable":true,"href":"https:\/\/www.laguiadepamplona.com\/actualidad\/wp-json\/wp\/v2\/users\/1"}],"replies":[{"embeddable":true,"href":"https:\/\/www.laguiadepamplona.com\/actualidad\/wp-json\/wp\/v2\/comments?post=49390"}],"version-history":[{"count":1,"href":"https:\/\/www.laguiadepamplona.com\/actualidad\/wp-json\/wp\/v2\/posts\/49390\/revisions"}],"predecessor-version":[{"id":49391,"href":"https:\/\/www.laguiadepamplona.com\/actualidad\/wp-json\/wp\/v2\/posts\/49390\/revisions\/49391"}],"wp:featuredmedia":[{"embeddable":true,"href":"https:\/\/www.laguiadepamplona.com\/actualidad\/wp-json\/wp\/v2\/media\/49397"}],"wp:attachment":[{"href":"https:\/\/www.laguiadepamplona.com\/actualidad\/wp-json\/wp\/v2\/media?parent=49390"}],"wp:term":[{"taxonomy":"category","embeddable":true,"href":"https:\/\/www.laguiadepamplona.com\/actualidad\/wp-json\/wp\/v2\/categories?post=49390"},{"taxonomy":"post_tag","embeddable":true,"href":"https:\/\/www.laguiadepamplona.com\/actualidad\/wp-json\/wp\/v2\/tags?post=49390"}],"curies":[{"name":"wp","href":"https:\/\/api.w.org\/{rel}","templated":true}]}}