{"id":49377,"date":"2024-04-15T19:01:07","date_gmt":"2024-04-15T17:01:07","guid":{"rendered":"https:\/\/www.laguiadepamplona.com\/actualidad\/?p=49377"},"modified":"2024-04-15T19:01:07","modified_gmt":"2024-04-15T17:01:07","slug":"dos-entidades-que-trabajan-los-derechos-sociales-desde-la-alimentacion-y-el-cuidado-tendran-sede-en-la-antigua-escuela-infantil-de-la-rochapea","status":"publish","type":"post","link":"https:\/\/www.laguiadepamplona.com\/actualidad\/dos-entidades-que-trabajan-los-derechos-sociales-desde-la-alimentacion-y-el-cuidado-tendran-sede-en-la-antigua-escuela-infantil-de-la-rochapea\/","title":{"rendered":"Dos entidades que trabajan los derechos sociales desde la alimentaci\u00f3n y el cuidado tendr\u00e1n sede en la antigua escuela infantil de la Rochapea"},"content":{"rendered":"<h2>La Junta de Gobierno Local cede durante 5 a\u00f1os el uso de locales municipales a Elkarri Laguntza \u2013Apoyo Mutuo y Zaporeak<\/h2>\n<p><!--more--><\/p>\n<p>Las asociaciones Elkarri Laguntza \u2013Apoyo Mutuo y Zaporeak ocupar\u00e1n sendos espacios en la planta baja del edificio municipal de la antigua escuela infantil de la Rochapea, situado en la calle Juanito el de la Rochapea. La Junta de Gobierno Local ha decidido otorgarles durante cinco a\u00f1os el uso privativo en precario de parte de este bien de dominio p\u00fabico para desarrollar su labor social. Para las asociaciones, que no tienen \u00e1nimo de lucro, esta utilizaci\u00f3n no tendr\u00e1 ning\u00fan coste y, al final de la concesi\u00f3n, deber\u00e1n devolver el espacio al municipio en buen estado de conservaci\u00f3n. Todas las obras que, en su caso, realicen en estos locales, revertir\u00e1n al patrimonio municipal. Desde Empleo Social se realizaron funciones de acondicionamiento del local para poder realizar la cesi\u00f3n a ambas entidades. En el caso de Elkarri Laguntza \u2013Apoyo Mutuo, se cede el local a cambio de otro que ten\u00edan anteriormente y que requer\u00eda m\u00e1s obra para su uso.<br \/>\n<script async src=\"\/\/pagead2.googlesyndication.com\/pagead\/js\/adsbygoogle.js\"><\/script><br \/>\n<!-- Noticias La Guia de Pamplona --><br \/>\n<ins class=\"adsbygoogle\"\nstyle=\"display:block\"\ndata-ad-client=\"ca-pub-6943679897239327\"\ndata-ad-slot=\"7048180777\"\ndata-ad-format=\"auto\"><\/ins><br \/>\n<script>\n(adsbygoogle = window.adsbygoogle || []).push({});\n<\/script><br \/>\nLa asociaci\u00f3n Apoyo Mutuo, creada en 2013, tiene como objetivo principal trabajar en la defensa de la inclusi\u00f3n, de la igualdad social y la promoci\u00f3n del voluntariado tanto entre los asociados como entre los no asociados. En ese sentido desde el nuevo local de 160,30 m<sup>2<\/sup>, servir\u00e1 como centro de reparto, un programa que en 2023 benefici\u00f3 a m\u00e1s de 1.100 personas, adem\u00e1s de cubrir la demanda alimentaria y de abrigo de 230 personas j\u00f3venes que estaban en situaci\u00f3n de calle. En estos momentos 310 familias reciben suministros a trav\u00e9s de Elkarri Laguntza \u2013Apoyo Mutuo y el 45,3% se sus integrantes son beb\u00e9s, ni\u00f1os, ni\u00f1as y adolescentes.<\/p>\n<p>El Centro de Reparto entrega alimentos b\u00e1sicos, fruta, verdura, adem\u00e1s de producto higi\u00e9nico sanitario en el caso de familias con bebes y menores. En 2023 desde este servicio se han repartido 210.000 Kg aportados por Banco de Alimentos; 55.000 kg, por el programa FEAD y otros 58.000 kg, de producto de fecha preferente de consumo, adem\u00e1s de miles de kilos de verdura aportada por el programa de Huertas Amigas de la Asociaci\u00f3n Mayores Lacarra.<\/p>\n<p>La Asociaci\u00f3n Zaporeak Solidarios Garapenerako Elkartea, por su parte, ofrece comida digna a las personas refugiados que llegan a Europa. Cocinan alimentos con el objetivo de mejorar las condiciones de vida de las personas que est\u00e1n atrapadas en los campos de refugiados en Grecia. La pretensi\u00f3n de la asociaci\u00f3n para el local cedido, de 40 m<sup>2<\/sup>, es utilizarlo como espacio de almacenamiento entre env\u00edos. Para poder cubrir las necesidades de materias primas alimenticias y dar de comer a 3.000 personas al d\u00eda, Zaporeak env\u00eda un contenedor de 25.000 kg de productos cada dos meses.<br \/>\n<script async src=\"\/\/pagead2.googlesyndication.com\/pagead\/js\/adsbygoogle.js\"><\/script><br \/>\n<!-- Noticias La Guia de Pamplona --><br \/>\n<ins class=\"adsbygoogle\"\nstyle=\"display:block\"\ndata-ad-client=\"ca-pub-6943679897239327\"\ndata-ad-slot=\"7048180777\"\ndata-ad-format=\"auto\"><\/ins><br \/>\n<script>\n(adsbygoogle = window.adsbygoogle || []).push({});\n<\/script><br \/>\nEsta asociaci\u00f3n naci\u00f3 en 2012 de la mano del Grupo Gastron\u00f3mico de Intxaurrondo, con el objetivo de desarrollar iniciativas que combinan solidaridad y gastronom\u00eda. En este a\u00f1o pasado 14.651 refugiados y solicitantes de asilo llegaron a Grecia por mar, un 181% m\u00e1s en comparaci\u00f3n con el mismo periodo de 2022. Paralelamente han aumentado un 66% las raciones de comida diarias que suministra la organizaci\u00f3n, hasta superar en los \u00faltimos meses las 3.000 En 2023, adem\u00e1s, han enviado pa\u00f1ales para los ni\u00f1os, compresas para las mujeres, edredones para combatir el frio, pijamas t\u00e9rmicos para los ni\u00f1os, chocolates para los ni\u00f1os, etc.<\/p>\n","protected":false},"excerpt":{"rendered":"<p>La Junta de Gobierno Local cede durante 5 a\u00f1os el uso de locales municipales a Elkarri Laguntza \u2013Apoyo Mutuo y Zaporeak<\/p>\n","protected":false},"author":1,"featured_media":48433,"comment_status":"open","ping_status":"closed","sticky":false,"template":"","format":"standard","meta":{"footnotes":""},"categories":[2],"tags":[],"class_list":["post-49377","post","type-post","status-publish","format-standard","has-post-thumbnail","hentry","category-ayuntamiento-pamplona"],"yoast_head":"<!-- This site is optimized with the Yoast SEO plugin v27.3 - https:\/\/yoast.com\/product\/yoast-seo-wordpress\/ -->\n<title>Dos entidades que trabajan los derechos sociales desde la alimentaci\u00f3n y el cuidado tendr\u00e1n sede en la antigua escuela infantil de la Rochapea<\/title>\n<meta name=\"description\" content=\"La Junta de Gobierno Local cede durante 5 a\u00f1os el uso de locales municipales a Elkarri Laguntza \u2013Apoyo Mutuo y Zaporeak\" \/>\n<meta name=\"robots\" content=\"index, follow, max-snippet:-1, max-image-preview:large, max-video-preview:-1\" \/>\n<link rel=\"canonical\" href=\"https:\/\/www.laguiadepamplona.com\/actualidad\/dos-entidades-que-trabajan-los-derechos-sociales-desde-la-alimentacion-y-el-cuidado-tendran-sede-en-la-antigua-escuela-infantil-de-la-rochapea\/\" \/>\n<meta property=\"og:locale\" content=\"es_ES\" \/>\n<meta property=\"og:type\" content=\"article\" \/>\n<meta property=\"og:title\" content=\"Dos entidades que trabajan los derechos sociales desde la alimentaci\u00f3n y el cuidado tendr\u00e1n sede en la antigua escuela infantil de la Rochapea\" \/>\n<meta property=\"og:description\" content=\"La Junta de Gobierno Local cede durante 5 a\u00f1os el uso de locales municipales a Elkarri Laguntza \u2013Apoyo Mutuo y Zaporeak\" \/>\n<meta property=\"og:url\" content=\"https:\/\/www.laguiadepamplona.com\/actualidad\/dos-entidades-que-trabajan-los-derechos-sociales-desde-la-alimentacion-y-el-cuidado-tendran-sede-en-la-antigua-escuela-infantil-de-la-rochapea\/\" \/>\n<meta property=\"og:site_name\" content=\"La Gu\u00eda de Pamplona\" \/>\n<meta property=\"article:publisher\" content=\"https:\/\/www.facebook.com\/laguiadepamplonacom-133175176762273\/?ref=hl\" \/>\n<meta property=\"article:published_time\" content=\"2024-04-15T17:01:07+00:00\" \/>\n<meta property=\"og:image\" content=\"https:\/\/www.laguiadepamplona.com\/actualidad\/wp-content\/uploads\/2024\/01\/ayuntamiento-pamplona-plaza.webp\" \/>\n\t<meta property=\"og:image:width\" content=\"1200\" \/>\n\t<meta property=\"og:image:height\" content=\"675\" \/>\n\t<meta property=\"og:image:type\" content=\"image\/webp\" \/>\n<meta name=\"author\" content=\"La Gu\u00eda de Pamplona\" \/>\n<meta name=\"twitter:card\" content=\"summary_large_image\" \/>\n<meta name=\"twitter:creator\" content=\"@LaGuiadPamplona\" \/>\n<meta name=\"twitter:site\" content=\"@LaGuiadPamplona\" \/>\n<meta name=\"twitter:label1\" content=\"Escrito por\" \/>\n\t<meta name=\"twitter:data1\" content=\"La Gu\u00eda de Pamplona\" \/>\n\t<meta name=\"twitter:label2\" content=\"Tiempo de lectura\" \/>\n\t<meta name=\"twitter:data2\" content=\"3 minutos\" \/>\n<script type=\"application\/ld+json\" class=\"yoast-schema-graph\">{\"@context\":\"https:\\\/\\\/schema.org\",\"@graph\":[{\"@type\":\"Article\",\"@id\":\"https:\\\/\\\/www.laguiadepamplona.com\\\/actualidad\\\/dos-entidades-que-trabajan-los-derechos-sociales-desde-la-alimentacion-y-el-cuidado-tendran-sede-en-la-antigua-escuela-infantil-de-la-rochapea\\\/#article\",\"isPartOf\":{\"@id\":\"https:\\\/\\\/www.laguiadepamplona.com\\\/actualidad\\\/dos-entidades-que-trabajan-los-derechos-sociales-desde-la-alimentacion-y-el-cuidado-tendran-sede-en-la-antigua-escuela-infantil-de-la-rochapea\\\/\"},\"author\":{\"name\":\"La Gu\u00eda de Pamplona\",\"@id\":\"https:\\\/\\\/www.laguiadepamplona.com\\\/actualidad\\\/#\\\/schema\\\/person\\\/efe887376f0213d4657c93adc50b1fdb\"},\"headline\":\"Dos entidades que trabajan los derechos sociales desde la alimentaci\u00f3n y el cuidado tendr\u00e1n sede en la antigua escuela infantil de la Rochapea\",\"datePublished\":\"2024-04-15T17:01:07+00:00\",\"mainEntityOfPage\":{\"@id\":\"https:\\\/\\\/www.laguiadepamplona.com\\\/actualidad\\\/dos-entidades-que-trabajan-los-derechos-sociales-desde-la-alimentacion-y-el-cuidado-tendran-sede-en-la-antigua-escuela-infantil-de-la-rochapea\\\/\"},\"wordCount\":605,\"commentCount\":0,\"publisher\":{\"@id\":\"https:\\\/\\\/www.laguiadepamplona.com\\\/actualidad\\\/#organization\"},\"image\":{\"@id\":\"https:\\\/\\\/www.laguiadepamplona.com\\\/actualidad\\\/dos-entidades-que-trabajan-los-derechos-sociales-desde-la-alimentacion-y-el-cuidado-tendran-sede-en-la-antigua-escuela-infantil-de-la-rochapea\\\/#primaryimage\"},\"thumbnailUrl\":\"https:\\\/\\\/www.laguiadepamplona.com\\\/actualidad\\\/wp-content\\\/uploads\\\/2024\\\/01\\\/ayuntamiento-pamplona-plaza.webp\",\"articleSection\":[\"Ayto Pamplona\"],\"inLanguage\":\"es\",\"potentialAction\":[{\"@type\":\"CommentAction\",\"name\":\"Comment\",\"target\":[\"https:\\\/\\\/www.laguiadepamplona.com\\\/actualidad\\\/dos-entidades-que-trabajan-los-derechos-sociales-desde-la-alimentacion-y-el-cuidado-tendran-sede-en-la-antigua-escuela-infantil-de-la-rochapea\\\/#respond\"]}]},{\"@type\":\"WebPage\",\"@id\":\"https:\\\/\\\/www.laguiadepamplona.com\\\/actualidad\\\/dos-entidades-que-trabajan-los-derechos-sociales-desde-la-alimentacion-y-el-cuidado-tendran-sede-en-la-antigua-escuela-infantil-de-la-rochapea\\\/\",\"url\":\"https:\\\/\\\/www.laguiadepamplona.com\\\/actualidad\\\/dos-entidades-que-trabajan-los-derechos-sociales-desde-la-alimentacion-y-el-cuidado-tendran-sede-en-la-antigua-escuela-infantil-de-la-rochapea\\\/\",\"name\":\"Dos entidades que trabajan los derechos sociales desde la alimentaci\u00f3n y el cuidado tendr\u00e1n sede en la antigua escuela infantil de la Rochapea\",\"isPartOf\":{\"@id\":\"https:\\\/\\\/www.laguiadepamplona.com\\\/actualidad\\\/#website\"},\"primaryImageOfPage\":{\"@id\":\"https:\\\/\\\/www.laguiadepamplona.com\\\/actualidad\\\/dos-entidades-que-trabajan-los-derechos-sociales-desde-la-alimentacion-y-el-cuidado-tendran-sede-en-la-antigua-escuela-infantil-de-la-rochapea\\\/#primaryimage\"},\"image\":{\"@id\":\"https:\\\/\\\/www.laguiadepamplona.com\\\/actualidad\\\/dos-entidades-que-trabajan-los-derechos-sociales-desde-la-alimentacion-y-el-cuidado-tendran-sede-en-la-antigua-escuela-infantil-de-la-rochapea\\\/#primaryimage\"},\"thumbnailUrl\":\"https:\\\/\\\/www.laguiadepamplona.com\\\/actualidad\\\/wp-content\\\/uploads\\\/2024\\\/01\\\/ayuntamiento-pamplona-plaza.webp\",\"datePublished\":\"2024-04-15T17:01:07+00:00\",\"description\":\"La Junta de Gobierno Local cede durante 5 a\u00f1os el uso de locales municipales a Elkarri Laguntza \u2013Apoyo Mutuo y Zaporeak\",\"breadcrumb\":{\"@id\":\"https:\\\/\\\/www.laguiadepamplona.com\\\/actualidad\\\/dos-entidades-que-trabajan-los-derechos-sociales-desde-la-alimentacion-y-el-cuidado-tendran-sede-en-la-antigua-escuela-infantil-de-la-rochapea\\\/#breadcrumb\"},\"inLanguage\":\"es\",\"potentialAction\":[{\"@type\":\"ReadAction\",\"target\":[\"https:\\\/\\\/www.laguiadepamplona.com\\\/actualidad\\\/dos-entidades-que-trabajan-los-derechos-sociales-desde-la-alimentacion-y-el-cuidado-tendran-sede-en-la-antigua-escuela-infantil-de-la-rochapea\\\/\"]}]},{\"@type\":\"ImageObject\",\"inLanguage\":\"es\",\"@id\":\"https:\\\/\\\/www.laguiadepamplona.com\\\/actualidad\\\/dos-entidades-que-trabajan-los-derechos-sociales-desde-la-alimentacion-y-el-cuidado-tendran-sede-en-la-antigua-escuela-infantil-de-la-rochapea\\\/#primaryimage\",\"url\":\"https:\\\/\\\/www.laguiadepamplona.com\\\/actualidad\\\/wp-content\\\/uploads\\\/2024\\\/01\\\/ayuntamiento-pamplona-plaza.webp\",\"contentUrl\":\"https:\\\/\\\/www.laguiadepamplona.com\\\/actualidad\\\/wp-content\\\/uploads\\\/2024\\\/01\\\/ayuntamiento-pamplona-plaza.webp\",\"width\":1200,\"height\":675,\"caption\":\"Ayuntamiento Pamplona\"},{\"@type\":\"BreadcrumbList\",\"@id\":\"https:\\\/\\\/www.laguiadepamplona.com\\\/actualidad\\\/dos-entidades-que-trabajan-los-derechos-sociales-desde-la-alimentacion-y-el-cuidado-tendran-sede-en-la-antigua-escuela-infantil-de-la-rochapea\\\/#breadcrumb\",\"itemListElement\":[{\"@type\":\"ListItem\",\"position\":1,\"name\":\"Portada\",\"item\":\"https:\\\/\\\/www.laguiadepamplona.com\\\/actualidad\\\/\"},{\"@type\":\"ListItem\",\"position\":2,\"name\":\"Dos entidades que trabajan los derechos sociales desde la alimentaci\u00f3n y el cuidado tendr\u00e1n sede en la antigua escuela infantil de la Rochapea\"}]},{\"@type\":\"WebSite\",\"@id\":\"https:\\\/\\\/www.laguiadepamplona.com\\\/actualidad\\\/#website\",\"url\":\"https:\\\/\\\/www.laguiadepamplona.com\\\/actualidad\\\/\",\"name\":\"La gu\u00eda de Pamplona\",\"description\":\"Noticias de Pamplona\",\"publisher\":{\"@id\":\"https:\\\/\\\/www.laguiadepamplona.com\\\/actualidad\\\/#organization\"},\"potentialAction\":[{\"@type\":\"SearchAction\",\"target\":{\"@type\":\"EntryPoint\",\"urlTemplate\":\"https:\\\/\\\/www.laguiadepamplona.com\\\/actualidad\\\/?s={search_term_string}\"},\"query-input\":{\"@type\":\"PropertyValueSpecification\",\"valueRequired\":true,\"valueName\":\"search_term_string\"}}],\"inLanguage\":\"es\"},{\"@type\":\"Organization\",\"@id\":\"https:\\\/\\\/www.laguiadepamplona.com\\\/actualidad\\\/#organization\",\"name\":\"La Gu\u00eda de Pamplona \\\/ Noticias\",\"url\":\"https:\\\/\\\/www.laguiadepamplona.com\\\/actualidad\\\/\",\"logo\":{\"@type\":\"ImageObject\",\"inLanguage\":\"es\",\"@id\":\"https:\\\/\\\/www.laguiadepamplona.com\\\/actualidad\\\/#\\\/schema\\\/logo\\\/image\\\/\",\"url\":\"https:\\\/\\\/www.laguiadepamplona.com\\\/actualidad\\\/wp-content\\\/uploads\\\/2018\\\/11\\\/logo-laguiadepamplona18-web1.png\",\"contentUrl\":\"https:\\\/\\\/www.laguiadepamplona.com\\\/actualidad\\\/wp-content\\\/uploads\\\/2018\\\/11\\\/logo-laguiadepamplona18-web1.png\",\"width\":600,\"height\":196,\"caption\":\"La Gu\u00eda de Pamplona \\\/ Noticias\"},\"image\":{\"@id\":\"https:\\\/\\\/www.laguiadepamplona.com\\\/actualidad\\\/#\\\/schema\\\/logo\\\/image\\\/\"},\"sameAs\":[\"https:\\\/\\\/www.facebook.com\\\/laguiadepamplonacom-133175176762273\\\/?ref=hl\",\"https:\\\/\\\/x.com\\\/LaGuiadPamplona\",\"https:\\\/\\\/www.instagram.com\\\/la_guia_de_pamplona\\\/\",\"https:\\\/\\\/www.youtube.com\\\/user\\\/laguiadepamplona\"]},{\"@type\":\"Person\",\"@id\":\"https:\\\/\\\/www.laguiadepamplona.com\\\/actualidad\\\/#\\\/schema\\\/person\\\/efe887376f0213d4657c93adc50b1fdb\",\"name\":\"La Gu\u00eda de Pamplona\",\"image\":{\"@type\":\"ImageObject\",\"inLanguage\":\"es\",\"@id\":\"https:\\\/\\\/secure.gravatar.com\\\/avatar\\\/b6992f131dc8d30ab0dff15446e9d346d9dbd95992de0fef795073f5ea83a81c?s=96&d=mm&r=g\",\"url\":\"https:\\\/\\\/secure.gravatar.com\\\/avatar\\\/b6992f131dc8d30ab0dff15446e9d346d9dbd95992de0fef795073f5ea83a81c?s=96&d=mm&r=g\",\"contentUrl\":\"https:\\\/\\\/secure.gravatar.com\\\/avatar\\\/b6992f131dc8d30ab0dff15446e9d346d9dbd95992de0fef795073f5ea83a81c?s=96&d=mm&r=g\",\"caption\":\"La Gu\u00eda de Pamplona\"}}]}<\/script>\n<!-- \/ Yoast SEO plugin. -->","yoast_head_json":{"title":"Dos entidades que trabajan los derechos sociales desde la alimentaci\u00f3n y el cuidado tendr\u00e1n sede en la antigua escuela infantil de la Rochapea","description":"La Junta de Gobierno Local cede durante 5 a\u00f1os el uso de locales municipales a Elkarri Laguntza \u2013Apoyo Mutuo y Zaporeak","robots":{"index":"index","follow":"follow","max-snippet":"max-snippet:-1","max-image-preview":"max-image-preview:large","max-video-preview":"max-video-preview:-1"},"canonical":"https:\/\/www.laguiadepamplona.com\/actualidad\/dos-entidades-que-trabajan-los-derechos-sociales-desde-la-alimentacion-y-el-cuidado-tendran-sede-en-la-antigua-escuela-infantil-de-la-rochapea\/","og_locale":"es_ES","og_type":"article","og_title":"Dos entidades que trabajan los derechos sociales desde la alimentaci\u00f3n y el cuidado tendr\u00e1n sede en la antigua escuela infantil de la Rochapea","og_description":"La Junta de Gobierno Local cede durante 5 a\u00f1os el uso de locales municipales a Elkarri Laguntza \u2013Apoyo Mutuo y Zaporeak","og_url":"https:\/\/www.laguiadepamplona.com\/actualidad\/dos-entidades-que-trabajan-los-derechos-sociales-desde-la-alimentacion-y-el-cuidado-tendran-sede-en-la-antigua-escuela-infantil-de-la-rochapea\/","og_site_name":"La Gu\u00eda de Pamplona","article_publisher":"https:\/\/www.facebook.com\/laguiadepamplonacom-133175176762273\/?ref=hl","article_published_time":"2024-04-15T17:01:07+00:00","og_image":[{"width":1200,"height":675,"url":"https:\/\/www.laguiadepamplona.com\/actualidad\/wp-content\/uploads\/2024\/01\/ayuntamiento-pamplona-plaza.webp","type":"image\/webp"}],"author":"La Gu\u00eda de Pamplona","twitter_card":"summary_large_image","twitter_creator":"@LaGuiadPamplona","twitter_site":"@LaGuiadPamplona","twitter_misc":{"Escrito por":"La Gu\u00eda de Pamplona","Tiempo de lectura":"3 minutos"},"schema":{"@context":"https:\/\/schema.org","@graph":[{"@type":"Article","@id":"https:\/\/www.laguiadepamplona.com\/actualidad\/dos-entidades-que-trabajan-los-derechos-sociales-desde-la-alimentacion-y-el-cuidado-tendran-sede-en-la-antigua-escuela-infantil-de-la-rochapea\/#article","isPartOf":{"@id":"https:\/\/www.laguiadepamplona.com\/actualidad\/dos-entidades-que-trabajan-los-derechos-sociales-desde-la-alimentacion-y-el-cuidado-tendran-sede-en-la-antigua-escuela-infantil-de-la-rochapea\/"},"author":{"name":"La Gu\u00eda de Pamplona","@id":"https:\/\/www.laguiadepamplona.com\/actualidad\/#\/schema\/person\/efe887376f0213d4657c93adc50b1fdb"},"headline":"Dos entidades que trabajan los derechos sociales desde la alimentaci\u00f3n y el cuidado tendr\u00e1n sede en la antigua escuela infantil de la Rochapea","datePublished":"2024-04-15T17:01:07+00:00","mainEntityOfPage":{"@id":"https:\/\/www.laguiadepamplona.com\/actualidad\/dos-entidades-que-trabajan-los-derechos-sociales-desde-la-alimentacion-y-el-cuidado-tendran-sede-en-la-antigua-escuela-infantil-de-la-rochapea\/"},"wordCount":605,"commentCount":0,"publisher":{"@id":"https:\/\/www.laguiadepamplona.com\/actualidad\/#organization"},"image":{"@id":"https:\/\/www.laguiadepamplona.com\/actualidad\/dos-entidades-que-trabajan-los-derechos-sociales-desde-la-alimentacion-y-el-cuidado-tendran-sede-en-la-antigua-escuela-infantil-de-la-rochapea\/#primaryimage"},"thumbnailUrl":"https:\/\/www.laguiadepamplona.com\/actualidad\/wp-content\/uploads\/2024\/01\/ayuntamiento-pamplona-plaza.webp","articleSection":["Ayto Pamplona"],"inLanguage":"es","potentialAction":[{"@type":"CommentAction","name":"Comment","target":["https:\/\/www.laguiadepamplona.com\/actualidad\/dos-entidades-que-trabajan-los-derechos-sociales-desde-la-alimentacion-y-el-cuidado-tendran-sede-en-la-antigua-escuela-infantil-de-la-rochapea\/#respond"]}]},{"@type":"WebPage","@id":"https:\/\/www.laguiadepamplona.com\/actualidad\/dos-entidades-que-trabajan-los-derechos-sociales-desde-la-alimentacion-y-el-cuidado-tendran-sede-en-la-antigua-escuela-infantil-de-la-rochapea\/","url":"https:\/\/www.laguiadepamplona.com\/actualidad\/dos-entidades-que-trabajan-los-derechos-sociales-desde-la-alimentacion-y-el-cuidado-tendran-sede-en-la-antigua-escuela-infantil-de-la-rochapea\/","name":"Dos entidades que trabajan los derechos sociales desde la alimentaci\u00f3n y el cuidado tendr\u00e1n sede en la antigua escuela infantil de la Rochapea","isPartOf":{"@id":"https:\/\/www.laguiadepamplona.com\/actualidad\/#website"},"primaryImageOfPage":{"@id":"https:\/\/www.laguiadepamplona.com\/actualidad\/dos-entidades-que-trabajan-los-derechos-sociales-desde-la-alimentacion-y-el-cuidado-tendran-sede-en-la-antigua-escuela-infantil-de-la-rochapea\/#primaryimage"},"image":{"@id":"https:\/\/www.laguiadepamplona.com\/actualidad\/dos-entidades-que-trabajan-los-derechos-sociales-desde-la-alimentacion-y-el-cuidado-tendran-sede-en-la-antigua-escuela-infantil-de-la-rochapea\/#primaryimage"},"thumbnailUrl":"https:\/\/www.laguiadepamplona.com\/actualidad\/wp-content\/uploads\/2024\/01\/ayuntamiento-pamplona-plaza.webp","datePublished":"2024-04-15T17:01:07+00:00","description":"La Junta de Gobierno Local cede durante 5 a\u00f1os el uso de locales municipales a Elkarri Laguntza \u2013Apoyo Mutuo y Zaporeak","breadcrumb":{"@id":"https:\/\/www.laguiadepamplona.com\/actualidad\/dos-entidades-que-trabajan-los-derechos-sociales-desde-la-alimentacion-y-el-cuidado-tendran-sede-en-la-antigua-escuela-infantil-de-la-rochapea\/#breadcrumb"},"inLanguage":"es","potentialAction":[{"@type":"ReadAction","target":["https:\/\/www.laguiadepamplona.com\/actualidad\/dos-entidades-que-trabajan-los-derechos-sociales-desde-la-alimentacion-y-el-cuidado-tendran-sede-en-la-antigua-escuela-infantil-de-la-rochapea\/"]}]},{"@type":"ImageObject","inLanguage":"es","@id":"https:\/\/www.laguiadepamplona.com\/actualidad\/dos-entidades-que-trabajan-los-derechos-sociales-desde-la-alimentacion-y-el-cuidado-tendran-sede-en-la-antigua-escuela-infantil-de-la-rochapea\/#primaryimage","url":"https:\/\/www.laguiadepamplona.com\/actualidad\/wp-content\/uploads\/2024\/01\/ayuntamiento-pamplona-plaza.webp","contentUrl":"https:\/\/www.laguiadepamplona.com\/actualidad\/wp-content\/uploads\/2024\/01\/ayuntamiento-pamplona-plaza.webp","width":1200,"height":675,"caption":"Ayuntamiento Pamplona"},{"@type":"BreadcrumbList","@id":"https:\/\/www.laguiadepamplona.com\/actualidad\/dos-entidades-que-trabajan-los-derechos-sociales-desde-la-alimentacion-y-el-cuidado-tendran-sede-en-la-antigua-escuela-infantil-de-la-rochapea\/#breadcrumb","itemListElement":[{"@type":"ListItem","position":1,"name":"Portada","item":"https:\/\/www.laguiadepamplona.com\/actualidad\/"},{"@type":"ListItem","position":2,"name":"Dos entidades que trabajan los derechos sociales desde la alimentaci\u00f3n y el cuidado tendr\u00e1n sede en la antigua escuela infantil de la Rochapea"}]},{"@type":"WebSite","@id":"https:\/\/www.laguiadepamplona.com\/actualidad\/#website","url":"https:\/\/www.laguiadepamplona.com\/actualidad\/","name":"La gu\u00eda de Pamplona","description":"Noticias de Pamplona","publisher":{"@id":"https:\/\/www.laguiadepamplona.com\/actualidad\/#organization"},"potentialAction":[{"@type":"SearchAction","target":{"@type":"EntryPoint","urlTemplate":"https:\/\/www.laguiadepamplona.com\/actualidad\/?s={search_term_string}"},"query-input":{"@type":"PropertyValueSpecification","valueRequired":true,"valueName":"search_term_string"}}],"inLanguage":"es"},{"@type":"Organization","@id":"https:\/\/www.laguiadepamplona.com\/actualidad\/#organization","name":"La Gu\u00eda de Pamplona \/ Noticias","url":"https:\/\/www.laguiadepamplona.com\/actualidad\/","logo":{"@type":"ImageObject","inLanguage":"es","@id":"https:\/\/www.laguiadepamplona.com\/actualidad\/#\/schema\/logo\/image\/","url":"https:\/\/www.laguiadepamplona.com\/actualidad\/wp-content\/uploads\/2018\/11\/logo-laguiadepamplona18-web1.png","contentUrl":"https:\/\/www.laguiadepamplona.com\/actualidad\/wp-content\/uploads\/2018\/11\/logo-laguiadepamplona18-web1.png","width":600,"height":196,"caption":"La Gu\u00eda de Pamplona \/ Noticias"},"image":{"@id":"https:\/\/www.laguiadepamplona.com\/actualidad\/#\/schema\/logo\/image\/"},"sameAs":["https:\/\/www.facebook.com\/laguiadepamplonacom-133175176762273\/?ref=hl","https:\/\/x.com\/LaGuiadPamplona","https:\/\/www.instagram.com\/la_guia_de_pamplona\/","https:\/\/www.youtube.com\/user\/laguiadepamplona"]},{"@type":"Person","@id":"https:\/\/www.laguiadepamplona.com\/actualidad\/#\/schema\/person\/efe887376f0213d4657c93adc50b1fdb","name":"La Gu\u00eda de Pamplona","image":{"@type":"ImageObject","inLanguage":"es","@id":"https:\/\/secure.gravatar.com\/avatar\/b6992f131dc8d30ab0dff15446e9d346d9dbd95992de0fef795073f5ea83a81c?s=96&d=mm&r=g","url":"https:\/\/secure.gravatar.com\/avatar\/b6992f131dc8d30ab0dff15446e9d346d9dbd95992de0fef795073f5ea83a81c?s=96&d=mm&r=g","contentUrl":"https:\/\/secure.gravatar.com\/avatar\/b6992f131dc8d30ab0dff15446e9d346d9dbd95992de0fef795073f5ea83a81c?s=96&d=mm&r=g","caption":"La Gu\u00eda de Pamplona"}}]}},"post_mailing_queue_ids":[],"_links":{"self":[{"href":"https:\/\/www.laguiadepamplona.com\/actualidad\/wp-json\/wp\/v2\/posts\/49377","targetHints":{"allow":["GET"]}}],"collection":[{"href":"https:\/\/www.laguiadepamplona.com\/actualidad\/wp-json\/wp\/v2\/posts"}],"about":[{"href":"https:\/\/www.laguiadepamplona.com\/actualidad\/wp-json\/wp\/v2\/types\/post"}],"author":[{"embeddable":true,"href":"https:\/\/www.laguiadepamplona.com\/actualidad\/wp-json\/wp\/v2\/users\/1"}],"replies":[{"embeddable":true,"href":"https:\/\/www.laguiadepamplona.com\/actualidad\/wp-json\/wp\/v2\/comments?post=49377"}],"version-history":[{"count":1,"href":"https:\/\/www.laguiadepamplona.com\/actualidad\/wp-json\/wp\/v2\/posts\/49377\/revisions"}],"predecessor-version":[{"id":49378,"href":"https:\/\/www.laguiadepamplona.com\/actualidad\/wp-json\/wp\/v2\/posts\/49377\/revisions\/49378"}],"wp:featuredmedia":[{"embeddable":true,"href":"https:\/\/www.laguiadepamplona.com\/actualidad\/wp-json\/wp\/v2\/media\/48433"}],"wp:attachment":[{"href":"https:\/\/www.laguiadepamplona.com\/actualidad\/wp-json\/wp\/v2\/media?parent=49377"}],"wp:term":[{"taxonomy":"category","embeddable":true,"href":"https:\/\/www.laguiadepamplona.com\/actualidad\/wp-json\/wp\/v2\/categories?post=49377"},{"taxonomy":"post_tag","embeddable":true,"href":"https:\/\/www.laguiadepamplona.com\/actualidad\/wp-json\/wp\/v2\/tags?post=49377"}],"curies":[{"name":"wp","href":"https:\/\/api.w.org\/{rel}","templated":true}]}}