{"id":49368,"date":"2024-04-15T18:55:01","date_gmt":"2024-04-15T16:55:01","guid":{"rendered":"https:\/\/www.laguiadepamplona.com\/actualidad\/?p=49368"},"modified":"2024-04-15T18:55:01","modified_gmt":"2024-04-15T16:55:01","slug":"propuesta-de-actividades-organizadas-por-el-ayuntamiento-de-pamplona-del-16-al-18-de-abril-con-plazas-libres","status":"publish","type":"post","link":"https:\/\/www.laguiadepamplona.com\/actualidad\/propuesta-de-actividades-organizadas-por-el-ayuntamiento-de-pamplona-del-16-al-18-de-abril-con-plazas-libres\/","title":{"rendered":"Propuesta de actividades organizadas por el Ayuntamiento de Pamplona del 16 al 18 de abril con plazas libres"},"content":{"rendered":"<p><!--more--><\/p>\n<p><strong>MARTES 16 DE ABRIL<\/strong><\/p>\n<p><a href=\"https:\/\/www.pamplona.es\/actualidad\/eventos\/heroinas-de-cine-proyeccion-cinematografica-petite-maman-de-celine-sciamma\">Hero\u00ednas de cine. Proyecci\u00f3n cinematogr\u00e1fica. \u2018Petite maman\u2019, de Celine Sciamma. Civivox San Jorge<\/a>, 18 horas. Entrada libre, previa inscripci\u00f3n en el 010, la red Civivox o <a href=\"http:\/\/www.pamplonaescultura.es\">www.pamplonaescultura.es<\/a><\/p>\n<p>Nelly tiene 8 a\u00f1os y acaba de perder a su abuela. Mientras ayuda a sus padres a vaciar la casa en la que su madre creci\u00f3, explora intrigada el bosque que la rodea, donde su mam\u00e1 sol\u00eda jugar de peque\u00f1a. All\u00ed Nelly conoce a otra ni\u00f1a de su edad, y la inmediata conexi\u00f3n entre ambas da paso a una preciosa amistad. Juntas construyen una caba\u00f1a en el bosque y, entre juegos y confidencias, desvelar\u00e1n un fascinante secreto.<\/p>\n<p>&nbsp;<\/p>\n<p><a href=\"https:\/\/www.pamplona.es\/actualidad\/eventos\/cafeteando-tarde-de-juegos-de-cartas-casa-de-la-juventud\">Cafeteando. Tarde de juegos de cartas. Casa la Juventud<\/a>, 18.30 horas. Libre participaci\u00f3n<\/p>\n<p>La Casa de Juventud ha preparado para este martes una tarde de juegos de cartas para pasar un rato entretenido, divirti\u00e9ndose y ech\u00e1ndose unas risas.<\/p>\n<p>&nbsp;<\/p>\n<p><a href=\"https:\/\/www.pamplona.es\/actualidad\/eventos\/taller-marcapaginas-biblioteca-txantrea\">Taller. Marcap\u00e1ginas. Biblioteca P\u00fablica de Txantrea<\/a>, 18.30 horas. Inscripci\u00f3n previa en la biblioteca, el tel\u00e9fono 948 14 98 82 o <a href=\"mailto:biblitxa@navarra.es\">biblitxa@navarra.es<\/a><\/p>\n<p>Taller para crear nuestro propio marca-p\u00e1ginas con nuestros personajes favoritos. Dirigido a menores de 5 a 10 a\u00f1os. Con Yanira Calvo.<\/p>\n<p>&nbsp;<br \/>\n<script async src=\"\/\/pagead2.googlesyndication.com\/pagead\/js\/adsbygoogle.js\"><\/script><br \/>\n<!-- Noticias La Guia de Pamplona --><br \/>\n<ins class=\"adsbygoogle\"\nstyle=\"display:block\"\ndata-ad-client=\"ca-pub-6943679897239327\"\ndata-ad-slot=\"7048180777\"\ndata-ad-format=\"auto\"><\/ins><br \/>\n<script>\n(adsbygoogle = window.adsbygoogle || []).push({});\n<\/script><br \/>\n<strong>MI\u00c9RCOLES 17 DE ABRIL<\/strong><\/p>\n<p><a href=\"https:\/\/www.pamplona.es\/actualidad\/eventos\/escuela-de-sostenibilidad-oficina-de-informacion-energetica-museo-de-educacion\">Escuela de Sostenibilidad. Oficina de Informaci\u00f3n Energ\u00e9tica. Museo de Educaci\u00f3n Ambiental<\/a>, de 10 a 13 horas y de 18 a 20 horas. Cita previa en el tel\u00e9fono 010 o a trav\u00e9s de la Sede Electr\u00f3nica del Ayuntamiento de Pamplona<\/p>\n<p>Esta Oficina de Informaci\u00f3n Energ\u00e9tica ofrece servicios de asesoramiento a la ciudadan\u00eda en temas de comunidades energ\u00e9ticas, energ\u00edas renovables, rehabilitaci\u00f3n energ\u00e9tica, subvenciones y ayudas de energ\u00edas renovables, as\u00ed como asesoramiento de facturas.<\/p>\n<p>&nbsp;<\/p>\n<p><a href=\"https:\/\/www.pamplona.es\/actualidad\/eventos\/cafeteando-tarde-de-ping-pong-casa-de-la-juventud-0\">Cafeteando. Tarde de juegos. Tarde de ping-pong. Casa de la Juventud<\/a> 18.30 horas. Libre participaci\u00f3n<\/p>\n<p>La Casa de Juventud propone para la tarde del mi\u00e9rcoles unos partidos de tenis de mesa para pasar un buen rato y seguir aprendiendo sobre esta pr\u00e1ctica deportivas en un ambiente ameno y distendido.<\/p>\n<p><a href=\"https:\/\/www.pamplona.es\/actualidad\/eventos\/club-de-lectura-en-euskera-mea-culpa-biblioteca-milagrosa\">Club de lectura en euskera. \u2018Mea culpa\u2019, de Uxue Apaolaza. Biblioteca P\u00fablica de Milagrosa<\/a>, 18.30 horas. Inscripci\u00f3n previa en la propia biblioteca, el tel\u00e9fono 948 24 54 60 o en <a href=\"mailto:biblimil@navarra.es\">biblimil@navarra.es<\/a><\/p>\n<p>Lur vive solo en Madrid, hasta que un d\u00eda, ve una foto de Mikel en la portada de un peri\u00f3dico y le vuelven recuerdos que le gustar\u00eda olvidar, los fantasmas de su adolescencia, cuestiones ideol\u00f3gicas&#8230; Esta actividad es posible gracias a Haizegoa Euskara Taldea (Milagrosa y Azpilaga\u00f1a).<\/p>\n<p>&nbsp;<\/p>\n<p><a href=\"https:\/\/www.pamplona.es\/actualidad\/eventos\/ver-oir-aplaudir-proyeccion-cinematografica-en-el-muelle-de-normandia-de\">Ver, o\u00edr, aplaudir. Proyecci\u00f3n cinematogr\u00e1fica. \u2018En el muelle de Normand\u00eda\u2019, de Emmanuel Carr\u00e8re. Civivox Iturrama<\/a>, 19 horas. Entrada libre, previa inscripci\u00f3n en el tel\u00e9fono 010, la red Civivox o <a href=\"http:\/\/www.pamplonaescultura.es\">www.pamplonaescultura.es<\/a><\/p>\n<p>Marianne Winckler, una reconocida autora, decide escribir un libro sobre la precariedad laboral viviendo esta realidad de primera mano. Para ello, ocultando su identidad, consigue trabajo como limpiadora en un pueblo de Normand\u00eda, al norte de Francia, y descubre una vida ignorada por el resto de la sociedad en la que cada euro ganado o gastado importa. Pese a la dureza de la experiencia, la solidaridad entre compa\u00f1eros crea fuertes lazos de amistad entre Marianne y ellos. La ayuda mutua conduce a la amistad y la amistad a la confianza, pero qu\u00e9 pasa con esta confianza cuando la verdad sale a la luz. Proyecci\u00f3n en DVD con sistema de audiodescripci\u00f3n. Programa de accesibilidad universal organizado en colaboraci\u00f3n con Retina Navarra.<\/p>\n<p>&nbsp;<\/p>\n<p><a href=\"https:\/\/www.pamplona.es\/actualidad\/eventos\/ciclo-de-educacion-nutricional-conferencia-como-evitar-que-me-enganen-cuando\">Ciclo sobre educaci\u00f3n nutricional. Conferencia. C\u00f3mo evitar que me enga\u00f1en cuando hago la compra. Civivox Milagrosa<\/a>, 19.30 horas. Entrada libre, hasta completar el aforo<\/p>\n<p>Os ense\u00f1aremos qu\u00e9 tener en cuenta a la hora de comprender las etiquetas nutricionales de un producto. Aprender\u00e1s a llenar tu carro de la compra con productos de calidad, que har\u00e1n mejorar tu salud y la de tu familia con sencillos conceptos te\u00f3ricos y pr\u00e1cticos. Con Silvia Uriarte y Mar\u00eda Garc\u00e9s, de GUT Nutrici\u00f3n.<\/p>\n<p>&nbsp;<br \/>\n<script async src=\"\/\/pagead2.googlesyndication.com\/pagead\/js\/adsbygoogle.js\"><\/script><br \/>\n<!-- Noticias La Guia de Pamplona --><br \/>\n<ins class=\"adsbygoogle\"\nstyle=\"display:block\"\ndata-ad-client=\"ca-pub-6943679897239327\"\ndata-ad-slot=\"7048180777\"\ndata-ad-format=\"auto\"><\/ins><br \/>\n<script>\n(adsbygoogle = window.adsbygoogle || []).push({});\n<\/script><br \/>\n<strong>JUEVES 18 DE ABRIL<\/strong><\/p>\n<p><a href=\"httos:\/\/www.pamplona.es\/actualidad\/eventos\/taller-participativo-mentoria-social-civivox-iturrama\">Taller participativo. Talleres de mentor\u00eda social. Civivox Iturrama<\/a>, 18.30 horas. Entrada libre, hasta completar el aforo<\/p>\n<p>Acercamiento a la mentor\u00eda social como herramienta de acompa\u00f1amiento a la juventud migrante sin apoyo familiar en Navarra. Actividad realizada con el departamento de Pol\u00edticas Migratorias del Gobierno de Navarra.<\/p>\n<p>&nbsp;<\/p>\n<p><a href=\"https:\/\/www.pamplona.es\/actualidad\/eventos\/club-de-lectura-palabras-para-leer-el-mundo-la-reforma-protestante-biblioteca\">Taller. Palabras para leer el mundo. La reforma protestante. Biblioteca P\u00fablica de Milagrosa<\/a>, 17 horas. Inscripci\u00f3n previa en la propia biblioteca, el tel\u00e9fono 948 24 54 60 o <a href=\"mailto:biblimil@navarra.es\">biblimil@navarra.es<\/a><\/p>\n<p>Taller guiado por Esther Guibert. En esta ocasi\u00f3n se charlar\u00e1 sobre la reforma protestante. \u00bfQu\u00e9 hizo Lutero? \u00bfY por qu\u00e9? Se proyectar\u00e1 la pel\u00edcula \u2018Mart\u00edn Lutero\u2019, de Cassian Harrison.<\/p>\n<p>&nbsp;<\/p>\n<p><a href=\"https:\/\/www.pamplona.es\/actualidad\/eventos\/recital-poetico-sobre-las-etapas-del-amor-biblioteca-txantrea\">Recital po\u00e9tico sobre las etapas del amor. Biblioteca P\u00fablica de Txantrea<\/a>, 19 horas. Entrada libre, hasta completar el aforo<\/p>\n<p>Un repaso a la poes\u00eda amorosa de los grandes autores que ir\u00e1 desgranando las fases por la que pasa toda relaci\u00f3n amorosa. Lo poemas ser\u00e1n recitados por Jaime Mal\u00f3n de Jus-Larocha Teatro y Carmen Nadal, actriz y escritora. Con acompa\u00f1amiento musical.<\/p>\n<p>&nbsp;<\/p>\n<p><a href=\"httos:\/\/www.pamplona.es\/actualidad\/eventos\/ver-oir-aplaudir-conferencia-en-euskera-irati-trenaren-zabalguneko-ibilbidea\">Ver, o\u00edr, aplaudir. Conferencia en euskera. Irati trenaren zabalguneko ibilbidea. Civivox Ensanche<\/a>, 19 horas. Entrada libre, hasta completar el aforo<\/p>\n<p>Hasta mediados de los a\u00f1os 50 existieron dos ferrocarriles de v\u00eda estrecha, \u2018El Irati\u2019 y \u2018El Plazaola\u2019. El ferrocarril de \u2018El Irati\u2019, inaugurado en 1911, fue el primero de su tipo que circul\u00f3 en Espa\u00f1a y un\u00eda Pamplona con Sang\u00fcesa. Se clausur\u00f3 en diciembre de 1955. Hasta 1946 funcion\u00f3 tambi\u00e9n como tranv\u00eda. Hasta esta fecha las v\u00edas pasaban por el centro de la ciudad. La estaci\u00f3n principal estaba en el Rinc\u00f3n de la Aduana y las cocheras en el actual emplazamiento del Ambulatorio Doctor San Mart\u00edn. Con Javier Mangado, bi\u00f3logo, profesor jubilado, exdirector de instituto y expresidente de la Asociacion de Directores de Instituto de Navarra. Coordinada por Asociacion Retina Navarra.<\/p>\n<p>&nbsp;<\/p>\n<p><a href=\"https:\/\/www.pamplona.es\/actualidad\/eventos\/oh-diosas-amadas-autoras-frente-sus-iconos-literarios-conferencia-elisa-victoria\">\u00a1Oh diosas amadas! Autoras frente a sus iconos literarios. Conferencia. Elisa Victoria. Civivox Condestable<\/a>, 19 horas. Entrada libre, previa inscripci\u00f3n en el 010, la red Civivox o <a href=\"http:\/\/www.pamplonaescultura.es\">www.pamplonaescultura.es<\/a><\/p>\n<p>Uno de los nombres m\u00e1s importantes en el panorama de la narrativa estatal de los \u00faltimos a\u00f1os, Elisa Victoria, nos visita tras la publicaci\u00f3n en 2023 de su tercera novela, \u2018Otaberra\u2019, otro \u00e9xito de cr\u00edtica y p\u00fablico. Dedicar\u00e1 su conferencia a Marlen Haushofer, autora austriaca muy desconocida para la mayor\u00eda.<\/p>\n<p>&nbsp;<\/p>\n<p><a href=\"https:\/\/www.pamplona.es\/actualidad\/eventos\/festival-de-cine-cientifico-labmecrazy-proyeccion-documental-ocean-odissey-de\">#LabMeCrazy! Science Film Festival. Proyecci\u00f3n documental. \u2018Ocean Odissey\u2019, de Wild Pacific Media y Gin Clear Film. Civivox Iturrama<\/a>, 19.30 horas. Entrada libre, hasta completar el aforo<\/p>\n<p>Documental cient\u00edfico que analiza el abismo del oc\u00e9ano y sus extra\u00f1as criaturas, tambi\u00e9n traza la historia de 80 a\u00f1os del depredador m\u00e1s grande que jam\u00e1s haya evolucionado, el cachalote.<\/p>\n","protected":false},"excerpt":{"rendered":"","protected":false},"author":1,"featured_media":36074,"comment_status":"open","ping_status":"closed","sticky":false,"template":"","format":"standard","meta":{"footnotes":""},"categories":[2],"tags":[],"class_list":["post-49368","post","type-post","status-publish","format-standard","has-post-thumbnail","hentry","category-ayuntamiento-pamplona"],"yoast_head":"<!-- This site is optimized with the Yoast SEO plugin v27.5 - https:\/\/yoast.com\/product\/yoast-seo-wordpress\/ -->\n<title>Propuesta de actividades organizadas por el Ayuntamiento de Pamplona del 16 al 18 de abril con plazas libres<\/title>\n<meta name=\"robots\" content=\"index, follow, max-snippet:-1, max-image-preview:large, max-video-preview:-1\" \/>\n<link rel=\"canonical\" href=\"https:\/\/www.laguiadepamplona.com\/actualidad\/propuesta-de-actividades-organizadas-por-el-ayuntamiento-de-pamplona-del-16-al-18-de-abril-con-plazas-libres\/\" \/>\n<meta property=\"og:locale\" content=\"es_ES\" \/>\n<meta property=\"og:type\" content=\"article\" \/>\n<meta property=\"og:title\" content=\"Propuesta de actividades organizadas por el Ayuntamiento de Pamplona del 16 al 18 de abril con plazas libres\" \/>\n<meta property=\"og:url\" content=\"https:\/\/www.laguiadepamplona.com\/actualidad\/propuesta-de-actividades-organizadas-por-el-ayuntamiento-de-pamplona-del-16-al-18-de-abril-con-plazas-libres\/\" \/>\n<meta property=\"og:site_name\" content=\"La Gu\u00eda de Pamplona\" \/>\n<meta property=\"article:publisher\" content=\"https:\/\/www.facebook.com\/laguiadepamplonacom-133175176762273\/?ref=hl\" \/>\n<meta property=\"article:published_time\" content=\"2024-04-15T16:55:01+00:00\" \/>\n<meta property=\"og:image\" content=\"https:\/\/www.laguiadepamplona.com\/actualidad\/wp-content\/uploads\/2021\/08\/ayuntamiento-pamplona2.jpg\" \/>\n\t<meta property=\"og:image:width\" content=\"1920\" \/>\n\t<meta property=\"og:image:height\" content=\"1080\" \/>\n\t<meta property=\"og:image:type\" content=\"image\/jpeg\" \/>\n<meta name=\"author\" content=\"La Gu\u00eda de Pamplona\" \/>\n<meta name=\"twitter:card\" content=\"summary_large_image\" \/>\n<meta name=\"twitter:creator\" content=\"@LaGuiadPamplona\" \/>\n<meta name=\"twitter:site\" content=\"@LaGuiadPamplona\" \/>\n<meta name=\"twitter:label1\" content=\"Escrito por\" \/>\n\t<meta name=\"twitter:data1\" content=\"La Gu\u00eda de Pamplona\" \/>\n\t<meta name=\"twitter:label2\" content=\"Tiempo de lectura\" \/>\n\t<meta name=\"twitter:data2\" content=\"6 minutos\" \/>\n<script type=\"application\/ld+json\" class=\"yoast-schema-graph\">{\"@context\":\"https:\\\/\\\/schema.org\",\"@graph\":[{\"@type\":\"Article\",\"@id\":\"https:\\\/\\\/www.laguiadepamplona.com\\\/actualidad\\\/propuesta-de-actividades-organizadas-por-el-ayuntamiento-de-pamplona-del-16-al-18-de-abril-con-plazas-libres\\\/#article\",\"isPartOf\":{\"@id\":\"https:\\\/\\\/www.laguiadepamplona.com\\\/actualidad\\\/propuesta-de-actividades-organizadas-por-el-ayuntamiento-de-pamplona-del-16-al-18-de-abril-con-plazas-libres\\\/\"},\"author\":{\"name\":\"La Gu\u00eda de Pamplona\",\"@id\":\"https:\\\/\\\/www.laguiadepamplona.com\\\/actualidad\\\/#\\\/schema\\\/person\\\/efe887376f0213d4657c93adc50b1fdb\"},\"headline\":\"Propuesta de actividades organizadas por el Ayuntamiento de Pamplona del 16 al 18 de abril con plazas libres\",\"datePublished\":\"2024-04-15T16:55:01+00:00\",\"mainEntityOfPage\":{\"@id\":\"https:\\\/\\\/www.laguiadepamplona.com\\\/actualidad\\\/propuesta-de-actividades-organizadas-por-el-ayuntamiento-de-pamplona-del-16-al-18-de-abril-con-plazas-libres\\\/\"},\"wordCount\":1159,\"commentCount\":0,\"publisher\":{\"@id\":\"https:\\\/\\\/www.laguiadepamplona.com\\\/actualidad\\\/#organization\"},\"image\":{\"@id\":\"https:\\\/\\\/www.laguiadepamplona.com\\\/actualidad\\\/propuesta-de-actividades-organizadas-por-el-ayuntamiento-de-pamplona-del-16-al-18-de-abril-con-plazas-libres\\\/#primaryimage\"},\"thumbnailUrl\":\"https:\\\/\\\/www.laguiadepamplona.com\\\/actualidad\\\/wp-content\\\/uploads\\\/2021\\\/08\\\/ayuntamiento-pamplona2.jpg\",\"articleSection\":[\"Ayto Pamplona\"],\"inLanguage\":\"es\",\"potentialAction\":[{\"@type\":\"CommentAction\",\"name\":\"Comment\",\"target\":[\"https:\\\/\\\/www.laguiadepamplona.com\\\/actualidad\\\/propuesta-de-actividades-organizadas-por-el-ayuntamiento-de-pamplona-del-16-al-18-de-abril-con-plazas-libres\\\/#respond\"]}]},{\"@type\":\"WebPage\",\"@id\":\"https:\\\/\\\/www.laguiadepamplona.com\\\/actualidad\\\/propuesta-de-actividades-organizadas-por-el-ayuntamiento-de-pamplona-del-16-al-18-de-abril-con-plazas-libres\\\/\",\"url\":\"https:\\\/\\\/www.laguiadepamplona.com\\\/actualidad\\\/propuesta-de-actividades-organizadas-por-el-ayuntamiento-de-pamplona-del-16-al-18-de-abril-con-plazas-libres\\\/\",\"name\":\"Propuesta de actividades organizadas por el Ayuntamiento de Pamplona del 16 al 18 de abril con plazas libres\",\"isPartOf\":{\"@id\":\"https:\\\/\\\/www.laguiadepamplona.com\\\/actualidad\\\/#website\"},\"primaryImageOfPage\":{\"@id\":\"https:\\\/\\\/www.laguiadepamplona.com\\\/actualidad\\\/propuesta-de-actividades-organizadas-por-el-ayuntamiento-de-pamplona-del-16-al-18-de-abril-con-plazas-libres\\\/#primaryimage\"},\"image\":{\"@id\":\"https:\\\/\\\/www.laguiadepamplona.com\\\/actualidad\\\/propuesta-de-actividades-organizadas-por-el-ayuntamiento-de-pamplona-del-16-al-18-de-abril-con-plazas-libres\\\/#primaryimage\"},\"thumbnailUrl\":\"https:\\\/\\\/www.laguiadepamplona.com\\\/actualidad\\\/wp-content\\\/uploads\\\/2021\\\/08\\\/ayuntamiento-pamplona2.jpg\",\"datePublished\":\"2024-04-15T16:55:01+00:00\",\"breadcrumb\":{\"@id\":\"https:\\\/\\\/www.laguiadepamplona.com\\\/actualidad\\\/propuesta-de-actividades-organizadas-por-el-ayuntamiento-de-pamplona-del-16-al-18-de-abril-con-plazas-libres\\\/#breadcrumb\"},\"inLanguage\":\"es\",\"potentialAction\":[{\"@type\":\"ReadAction\",\"target\":[\"https:\\\/\\\/www.laguiadepamplona.com\\\/actualidad\\\/propuesta-de-actividades-organizadas-por-el-ayuntamiento-de-pamplona-del-16-al-18-de-abril-con-plazas-libres\\\/\"]}]},{\"@type\":\"ImageObject\",\"inLanguage\":\"es\",\"@id\":\"https:\\\/\\\/www.laguiadepamplona.com\\\/actualidad\\\/propuesta-de-actividades-organizadas-por-el-ayuntamiento-de-pamplona-del-16-al-18-de-abril-con-plazas-libres\\\/#primaryimage\",\"url\":\"https:\\\/\\\/www.laguiadepamplona.com\\\/actualidad\\\/wp-content\\\/uploads\\\/2021\\\/08\\\/ayuntamiento-pamplona2.jpg\",\"contentUrl\":\"https:\\\/\\\/www.laguiadepamplona.com\\\/actualidad\\\/wp-content\\\/uploads\\\/2021\\\/08\\\/ayuntamiento-pamplona2.jpg\",\"width\":1920,\"height\":1080,\"caption\":\"ayuntamiento pamplona\"},{\"@type\":\"BreadcrumbList\",\"@id\":\"https:\\\/\\\/www.laguiadepamplona.com\\\/actualidad\\\/propuesta-de-actividades-organizadas-por-el-ayuntamiento-de-pamplona-del-16-al-18-de-abril-con-plazas-libres\\\/#breadcrumb\",\"itemListElement\":[{\"@type\":\"ListItem\",\"position\":1,\"name\":\"Portada\",\"item\":\"https:\\\/\\\/www.laguiadepamplona.com\\\/actualidad\\\/\"},{\"@type\":\"ListItem\",\"position\":2,\"name\":\"Propuesta de actividades organizadas por el Ayuntamiento de Pamplona del 16 al 18 de abril con plazas libres\"}]},{\"@type\":\"WebSite\",\"@id\":\"https:\\\/\\\/www.laguiadepamplona.com\\\/actualidad\\\/#website\",\"url\":\"https:\\\/\\\/www.laguiadepamplona.com\\\/actualidad\\\/\",\"name\":\"La gu\u00eda de Pamplona\",\"description\":\"Noticias de Pamplona\",\"publisher\":{\"@id\":\"https:\\\/\\\/www.laguiadepamplona.com\\\/actualidad\\\/#organization\"},\"potentialAction\":[{\"@type\":\"SearchAction\",\"target\":{\"@type\":\"EntryPoint\",\"urlTemplate\":\"https:\\\/\\\/www.laguiadepamplona.com\\\/actualidad\\\/?s={search_term_string}\"},\"query-input\":{\"@type\":\"PropertyValueSpecification\",\"valueRequired\":true,\"valueName\":\"search_term_string\"}}],\"inLanguage\":\"es\"},{\"@type\":\"Organization\",\"@id\":\"https:\\\/\\\/www.laguiadepamplona.com\\\/actualidad\\\/#organization\",\"name\":\"La Gu\u00eda de Pamplona \\\/ Noticias\",\"url\":\"https:\\\/\\\/www.laguiadepamplona.com\\\/actualidad\\\/\",\"logo\":{\"@type\":\"ImageObject\",\"inLanguage\":\"es\",\"@id\":\"https:\\\/\\\/www.laguiadepamplona.com\\\/actualidad\\\/#\\\/schema\\\/logo\\\/image\\\/\",\"url\":\"https:\\\/\\\/www.laguiadepamplona.com\\\/actualidad\\\/wp-content\\\/uploads\\\/2018\\\/11\\\/logo-laguiadepamplona18-web1.png\",\"contentUrl\":\"https:\\\/\\\/www.laguiadepamplona.com\\\/actualidad\\\/wp-content\\\/uploads\\\/2018\\\/11\\\/logo-laguiadepamplona18-web1.png\",\"width\":600,\"height\":196,\"caption\":\"La Gu\u00eda de Pamplona \\\/ Noticias\"},\"image\":{\"@id\":\"https:\\\/\\\/www.laguiadepamplona.com\\\/actualidad\\\/#\\\/schema\\\/logo\\\/image\\\/\"},\"sameAs\":[\"https:\\\/\\\/www.facebook.com\\\/laguiadepamplonacom-133175176762273\\\/?ref=hl\",\"https:\\\/\\\/x.com\\\/LaGuiadPamplona\",\"https:\\\/\\\/www.instagram.com\\\/la_guia_de_pamplona\\\/\",\"https:\\\/\\\/www.youtube.com\\\/user\\\/laguiadepamplona\"]},{\"@type\":\"Person\",\"@id\":\"https:\\\/\\\/www.laguiadepamplona.com\\\/actualidad\\\/#\\\/schema\\\/person\\\/efe887376f0213d4657c93adc50b1fdb\",\"name\":\"La Gu\u00eda de Pamplona\",\"image\":{\"@type\":\"ImageObject\",\"inLanguage\":\"es\",\"@id\":\"https:\\\/\\\/secure.gravatar.com\\\/avatar\\\/b6992f131dc8d30ab0dff15446e9d346d9dbd95992de0fef795073f5ea83a81c?s=96&d=mm&r=g\",\"url\":\"https:\\\/\\\/secure.gravatar.com\\\/avatar\\\/b6992f131dc8d30ab0dff15446e9d346d9dbd95992de0fef795073f5ea83a81c?s=96&d=mm&r=g\",\"contentUrl\":\"https:\\\/\\\/secure.gravatar.com\\\/avatar\\\/b6992f131dc8d30ab0dff15446e9d346d9dbd95992de0fef795073f5ea83a81c?s=96&d=mm&r=g\",\"caption\":\"La Gu\u00eda de Pamplona\"}}]}<\/script>\n<!-- \/ Yoast SEO plugin. -->","yoast_head_json":{"title":"Propuesta de actividades organizadas por el Ayuntamiento de Pamplona del 16 al 18 de abril con plazas libres","robots":{"index":"index","follow":"follow","max-snippet":"max-snippet:-1","max-image-preview":"max-image-preview:large","max-video-preview":"max-video-preview:-1"},"canonical":"https:\/\/www.laguiadepamplona.com\/actualidad\/propuesta-de-actividades-organizadas-por-el-ayuntamiento-de-pamplona-del-16-al-18-de-abril-con-plazas-libres\/","og_locale":"es_ES","og_type":"article","og_title":"Propuesta de actividades organizadas por el Ayuntamiento de Pamplona del 16 al 18 de abril con plazas libres","og_url":"https:\/\/www.laguiadepamplona.com\/actualidad\/propuesta-de-actividades-organizadas-por-el-ayuntamiento-de-pamplona-del-16-al-18-de-abril-con-plazas-libres\/","og_site_name":"La Gu\u00eda de Pamplona","article_publisher":"https:\/\/www.facebook.com\/laguiadepamplonacom-133175176762273\/?ref=hl","article_published_time":"2024-04-15T16:55:01+00:00","og_image":[{"width":1920,"height":1080,"url":"https:\/\/www.laguiadepamplona.com\/actualidad\/wp-content\/uploads\/2021\/08\/ayuntamiento-pamplona2.jpg","type":"image\/jpeg"}],"author":"La Gu\u00eda de Pamplona","twitter_card":"summary_large_image","twitter_creator":"@LaGuiadPamplona","twitter_site":"@LaGuiadPamplona","twitter_misc":{"Escrito por":"La Gu\u00eda de Pamplona","Tiempo de lectura":"6 minutos"},"schema":{"@context":"https:\/\/schema.org","@graph":[{"@type":"Article","@id":"https:\/\/www.laguiadepamplona.com\/actualidad\/propuesta-de-actividades-organizadas-por-el-ayuntamiento-de-pamplona-del-16-al-18-de-abril-con-plazas-libres\/#article","isPartOf":{"@id":"https:\/\/www.laguiadepamplona.com\/actualidad\/propuesta-de-actividades-organizadas-por-el-ayuntamiento-de-pamplona-del-16-al-18-de-abril-con-plazas-libres\/"},"author":{"name":"La Gu\u00eda de Pamplona","@id":"https:\/\/www.laguiadepamplona.com\/actualidad\/#\/schema\/person\/efe887376f0213d4657c93adc50b1fdb"},"headline":"Propuesta de actividades organizadas por el Ayuntamiento de Pamplona del 16 al 18 de abril con plazas libres","datePublished":"2024-04-15T16:55:01+00:00","mainEntityOfPage":{"@id":"https:\/\/www.laguiadepamplona.com\/actualidad\/propuesta-de-actividades-organizadas-por-el-ayuntamiento-de-pamplona-del-16-al-18-de-abril-con-plazas-libres\/"},"wordCount":1159,"commentCount":0,"publisher":{"@id":"https:\/\/www.laguiadepamplona.com\/actualidad\/#organization"},"image":{"@id":"https:\/\/www.laguiadepamplona.com\/actualidad\/propuesta-de-actividades-organizadas-por-el-ayuntamiento-de-pamplona-del-16-al-18-de-abril-con-plazas-libres\/#primaryimage"},"thumbnailUrl":"https:\/\/www.laguiadepamplona.com\/actualidad\/wp-content\/uploads\/2021\/08\/ayuntamiento-pamplona2.jpg","articleSection":["Ayto Pamplona"],"inLanguage":"es","potentialAction":[{"@type":"CommentAction","name":"Comment","target":["https:\/\/www.laguiadepamplona.com\/actualidad\/propuesta-de-actividades-organizadas-por-el-ayuntamiento-de-pamplona-del-16-al-18-de-abril-con-plazas-libres\/#respond"]}]},{"@type":"WebPage","@id":"https:\/\/www.laguiadepamplona.com\/actualidad\/propuesta-de-actividades-organizadas-por-el-ayuntamiento-de-pamplona-del-16-al-18-de-abril-con-plazas-libres\/","url":"https:\/\/www.laguiadepamplona.com\/actualidad\/propuesta-de-actividades-organizadas-por-el-ayuntamiento-de-pamplona-del-16-al-18-de-abril-con-plazas-libres\/","name":"Propuesta de actividades organizadas por el Ayuntamiento de Pamplona del 16 al 18 de abril con plazas libres","isPartOf":{"@id":"https:\/\/www.laguiadepamplona.com\/actualidad\/#website"},"primaryImageOfPage":{"@id":"https:\/\/www.laguiadepamplona.com\/actualidad\/propuesta-de-actividades-organizadas-por-el-ayuntamiento-de-pamplona-del-16-al-18-de-abril-con-plazas-libres\/#primaryimage"},"image":{"@id":"https:\/\/www.laguiadepamplona.com\/actualidad\/propuesta-de-actividades-organizadas-por-el-ayuntamiento-de-pamplona-del-16-al-18-de-abril-con-plazas-libres\/#primaryimage"},"thumbnailUrl":"https:\/\/www.laguiadepamplona.com\/actualidad\/wp-content\/uploads\/2021\/08\/ayuntamiento-pamplona2.jpg","datePublished":"2024-04-15T16:55:01+00:00","breadcrumb":{"@id":"https:\/\/www.laguiadepamplona.com\/actualidad\/propuesta-de-actividades-organizadas-por-el-ayuntamiento-de-pamplona-del-16-al-18-de-abril-con-plazas-libres\/#breadcrumb"},"inLanguage":"es","potentialAction":[{"@type":"ReadAction","target":["https:\/\/www.laguiadepamplona.com\/actualidad\/propuesta-de-actividades-organizadas-por-el-ayuntamiento-de-pamplona-del-16-al-18-de-abril-con-plazas-libres\/"]}]},{"@type":"ImageObject","inLanguage":"es","@id":"https:\/\/www.laguiadepamplona.com\/actualidad\/propuesta-de-actividades-organizadas-por-el-ayuntamiento-de-pamplona-del-16-al-18-de-abril-con-plazas-libres\/#primaryimage","url":"https:\/\/www.laguiadepamplona.com\/actualidad\/wp-content\/uploads\/2021\/08\/ayuntamiento-pamplona2.jpg","contentUrl":"https:\/\/www.laguiadepamplona.com\/actualidad\/wp-content\/uploads\/2021\/08\/ayuntamiento-pamplona2.jpg","width":1920,"height":1080,"caption":"ayuntamiento pamplona"},{"@type":"BreadcrumbList","@id":"https:\/\/www.laguiadepamplona.com\/actualidad\/propuesta-de-actividades-organizadas-por-el-ayuntamiento-de-pamplona-del-16-al-18-de-abril-con-plazas-libres\/#breadcrumb","itemListElement":[{"@type":"ListItem","position":1,"name":"Portada","item":"https:\/\/www.laguiadepamplona.com\/actualidad\/"},{"@type":"ListItem","position":2,"name":"Propuesta de actividades organizadas por el Ayuntamiento de Pamplona del 16 al 18 de abril con plazas libres"}]},{"@type":"WebSite","@id":"https:\/\/www.laguiadepamplona.com\/actualidad\/#website","url":"https:\/\/www.laguiadepamplona.com\/actualidad\/","name":"La gu\u00eda de Pamplona","description":"Noticias de Pamplona","publisher":{"@id":"https:\/\/www.laguiadepamplona.com\/actualidad\/#organization"},"potentialAction":[{"@type":"SearchAction","target":{"@type":"EntryPoint","urlTemplate":"https:\/\/www.laguiadepamplona.com\/actualidad\/?s={search_term_string}"},"query-input":{"@type":"PropertyValueSpecification","valueRequired":true,"valueName":"search_term_string"}}],"inLanguage":"es"},{"@type":"Organization","@id":"https:\/\/www.laguiadepamplona.com\/actualidad\/#organization","name":"La Gu\u00eda de Pamplona \/ Noticias","url":"https:\/\/www.laguiadepamplona.com\/actualidad\/","logo":{"@type":"ImageObject","inLanguage":"es","@id":"https:\/\/www.laguiadepamplona.com\/actualidad\/#\/schema\/logo\/image\/","url":"https:\/\/www.laguiadepamplona.com\/actualidad\/wp-content\/uploads\/2018\/11\/logo-laguiadepamplona18-web1.png","contentUrl":"https:\/\/www.laguiadepamplona.com\/actualidad\/wp-content\/uploads\/2018\/11\/logo-laguiadepamplona18-web1.png","width":600,"height":196,"caption":"La Gu\u00eda de Pamplona \/ Noticias"},"image":{"@id":"https:\/\/www.laguiadepamplona.com\/actualidad\/#\/schema\/logo\/image\/"},"sameAs":["https:\/\/www.facebook.com\/laguiadepamplonacom-133175176762273\/?ref=hl","https:\/\/x.com\/LaGuiadPamplona","https:\/\/www.instagram.com\/la_guia_de_pamplona\/","https:\/\/www.youtube.com\/user\/laguiadepamplona"]},{"@type":"Person","@id":"https:\/\/www.laguiadepamplona.com\/actualidad\/#\/schema\/person\/efe887376f0213d4657c93adc50b1fdb","name":"La Gu\u00eda de Pamplona","image":{"@type":"ImageObject","inLanguage":"es","@id":"https:\/\/secure.gravatar.com\/avatar\/b6992f131dc8d30ab0dff15446e9d346d9dbd95992de0fef795073f5ea83a81c?s=96&d=mm&r=g","url":"https:\/\/secure.gravatar.com\/avatar\/b6992f131dc8d30ab0dff15446e9d346d9dbd95992de0fef795073f5ea83a81c?s=96&d=mm&r=g","contentUrl":"https:\/\/secure.gravatar.com\/avatar\/b6992f131dc8d30ab0dff15446e9d346d9dbd95992de0fef795073f5ea83a81c?s=96&d=mm&r=g","caption":"La Gu\u00eda de Pamplona"}}]}},"post_mailing_queue_ids":[],"_links":{"self":[{"href":"https:\/\/www.laguiadepamplona.com\/actualidad\/wp-json\/wp\/v2\/posts\/49368","targetHints":{"allow":["GET"]}}],"collection":[{"href":"https:\/\/www.laguiadepamplona.com\/actualidad\/wp-json\/wp\/v2\/posts"}],"about":[{"href":"https:\/\/www.laguiadepamplona.com\/actualidad\/wp-json\/wp\/v2\/types\/post"}],"author":[{"embeddable":true,"href":"https:\/\/www.laguiadepamplona.com\/actualidad\/wp-json\/wp\/v2\/users\/1"}],"replies":[{"embeddable":true,"href":"https:\/\/www.laguiadepamplona.com\/actualidad\/wp-json\/wp\/v2\/comments?post=49368"}],"version-history":[{"count":1,"href":"https:\/\/www.laguiadepamplona.com\/actualidad\/wp-json\/wp\/v2\/posts\/49368\/revisions"}],"predecessor-version":[{"id":49369,"href":"https:\/\/www.laguiadepamplona.com\/actualidad\/wp-json\/wp\/v2\/posts\/49368\/revisions\/49369"}],"wp:featuredmedia":[{"embeddable":true,"href":"https:\/\/www.laguiadepamplona.com\/actualidad\/wp-json\/wp\/v2\/media\/36074"}],"wp:attachment":[{"href":"https:\/\/www.laguiadepamplona.com\/actualidad\/wp-json\/wp\/v2\/media?parent=49368"}],"wp:term":[{"taxonomy":"category","embeddable":true,"href":"https:\/\/www.laguiadepamplona.com\/actualidad\/wp-json\/wp\/v2\/categories?post=49368"},{"taxonomy":"post_tag","embeddable":true,"href":"https:\/\/www.laguiadepamplona.com\/actualidad\/wp-json\/wp\/v2\/tags?post=49368"}],"curies":[{"name":"wp","href":"https:\/\/api.w.org\/{rel}","templated":true}]}}