{"id":49249,"date":"2024-04-04T12:27:52","date_gmt":"2024-04-04T10:27:52","guid":{"rendered":"https:\/\/www.laguiadepamplona.com\/actualidad\/?p=49249"},"modified":"2024-04-04T12:27:52","modified_gmt":"2024-04-04T10:27:52","slug":"el-festival-internacional-de-cine-y-medio-ambiente-ecozine-ofrece-documentales-y-cortometrajes-del-8-al-11-de-abril-en-los-cines-golem-baiona-con-entrada-libre","status":"publish","type":"post","link":"https:\/\/www.laguiadepamplona.com\/actualidad\/el-festival-internacional-de-cine-y-medio-ambiente-ecozine-ofrece-documentales-y-cortometrajes-del-8-al-11-de-abril-en-los-cines-golem-baiona-con-entrada-libre\/","title":{"rendered":"El Festival Internacional de cine y medio ambiente Ecozine ofrece documentales y cortometrajes del 8 al 11 de abril en los cines Golem Baiona, con entrada libre"},"content":{"rendered":"<h2>La edici\u00f3n de este a\u00f1o alberga un espacio especial para el cine local, representado por la nueva pel\u00edcula de Oskar Alegr\u00eda, \u2018Zinzindurrunkarratz\u2019<\/h2>\n<p><!--more--><\/p>\n<p>El Festival Internacional de cine y medio ambiente Ecozine Film Festival vuelve a Pamplona del 8 al 11 de abril. Este festival, promovido por el equipo de Educaci\u00f3n Ambiental municipal, tiene por objetivo generar un espacio de encuentro en torno a la cultura y el medio ambiente. Se proyectan documentales y cortometrajes de tem\u00e1tica ambiental, con la oportunidad \u00fanica de dialogar con sus directores y directoras. La Secci\u00f3n Oficial, abierta a la participaci\u00f3n de la ciudadan\u00eda, se muestra en los cines Golem Baiona, a las 19.30, con entrada libre.<\/p>\n<p>El festival se abre el lunes 8 con la pel\u00edcula documental \u2018Nuked\u2019 (Bombardeado), de Andrew Nisker. A pocas semanas del \u00e9xito de Oppenheimer en los premios Oscar, el filme muestra la que fue, de alguna manera, una continuaci\u00f3n de aquella historia: las pruebas nucleares estadounidenses en un atol\u00f3n paradis\u00edaco del Pac\u00edfico y las consecuencias para las gentes que all\u00ed habitaban. Durante la Guerra Fr\u00eda, Estados Unidos deton\u00f3 67 armas nucleares sobre el atol\u00f3n de Bikini, en las islas Marshall, y las consecuencias todav\u00eda afectan a la poblaci\u00f3n cuatro generaciones despu\u00e9s, cuando el cambio clim\u00e1tico plantea una nueva amenaza.<\/p>\n<p>La propuesta del martes 9 es \u2018Water for life\u2019 (Agua para la vida), de Will Parrinello. Este documental nos traslada hasta el otro lado del Atl\u00e1ntico, a Chile, Honduras y el Salvador, y a los conflictos causados all\u00ed por grandes proyectos hidr\u00e1ulicos y de miner\u00eda. El filme explora la colisi\u00f3n entre los derechos sobre el agua, las creencias ind\u00edgenas y la extracci\u00f3n de recursos a trav\u00e9s de las vidas de tres l\u00edderes comunitarios de Am\u00e9rica Central y del Sur. Los protagonistas se enfrentan al acoso y amenazas de muerte mientras luchan por sus derechos.<br \/>\n<script async src=\"\/\/pagead2.googlesyndication.com\/pagead\/js\/adsbygoogle.js\"><\/script><br \/>\n<!-- Noticias La Guia de Pamplona --><br \/>\n<ins class=\"adsbygoogle\"\nstyle=\"display:block\"\ndata-ad-client=\"ca-pub-6943679897239327\"\ndata-ad-slot=\"7048180777\"\ndata-ad-format=\"auto\"><\/ins><br \/>\n<script>\n(adsbygoogle = window.adsbygoogle || []).push({});\n<\/script><br \/>\n<strong>Espacio especial<\/strong><\/p>\n<p>La edici\u00f3n de este a\u00f1o alberga un espacio especial para el \u201cproducto local\u201d, representado por la nueva pel\u00edcula del pamplon\u00e9s Oskar Alegr\u00eda, \u2018Zinzindurrunkarratz\u2019. El filme, que se proyecta el mi\u00e9rcoles 10, recorre los caminos de un tiempo que parece perderse en el olvido, un tiempo de presencia de lo natural, la poes\u00eda, las ra\u00edces y un burro. Un cineasta decide recorrer el camino de los boyeros que los pastores de su pueblo utilizaban para llegar a las monta\u00f1as, pero no encuentra a nadie vivo que pueda indicarle la ruta exacta. Su idea es tambi\u00e9n filmar el viaje con la vieja c\u00e1mara super-8 de su familia, pero descubre que, tras 41 a\u00f1os en desuso, ya no puede grabar sonido. El camino olvidado y la c\u00e1mara muda se convertir\u00e1n en los protagonistas de un viaje lleno de recuerdos, interrogantes y silencio.<\/p>\n<p>En un escenario cercano se sit\u00faa la siguiente y \u00faltima proyecci\u00f3n del ciclo, el jueves 11, el documental \u2018Donde quisimos vivir\u2019, de Luc\u00eda Castillon y Ana Valle del R\u00edo. La obra evoca la vida pasada y presente de pueblos aragoneses que vieron su existencia amenazada o truncada por los embalses. El documental ense\u00f1a c\u00f3mo en cuatro pueblos debieron rehacer su vida lejos del hogar y soportar que el paso del tiempo convirtiera sus pueblos en lugares olvidados.<\/p>\n<p>En esta misma jornada se ofrece la oportunidad de ver el corto ganador del Goya al Mejor Cortometraje de Animaci\u00f3n 2024, \u2018To bird or not to bird\u2019, de Mart\u00edn Romero, en el que un grupo de aves nos devuelve una caricatura grotesca de nuestra manera de vivir y de sus consecuencias. Y adem\u00e1s, el corto \u2018Vuelta a Ria\u00f1o\u2019, de Miriam Martin, recoge el testimonio de residentes en un valle que se convirti\u00f3 en embalse.<\/p>\n<p>Al finalizar cada sesi\u00f3n de Ecozine se llevar\u00e1 a cabo un encuentro con parte del equipo de creaci\u00f3n de la pel\u00edcula que compartir\u00e1 las experiencias vividas y las situaciones a las que se enfrentan. Para reservar entrevistas con organizaci\u00f3n y directores, se puede escribir al correo <a href=\"mailto:i.alfaro@pamplona.es\">i.alfaro@pamplona.es<\/a> o llamar al tel\u00e9fono 948 420 984 (Iosu Alfaro).<br \/>\n<script async src=\"\/\/pagead2.googlesyndication.com\/pagead\/js\/adsbygoogle.js\"><\/script><br \/>\n<!-- Noticias La Guia de Pamplona --><br \/>\n<ins class=\"adsbygoogle\"\nstyle=\"display:block\"\ndata-ad-client=\"ca-pub-6943679897239327\"\ndata-ad-slot=\"7048180777\"\ndata-ad-format=\"auto\"><\/ins><br \/>\n<script>\n(adsbygoogle = window.adsbygoogle || []).push({});\n<\/script><br \/>\n<strong>Secci\u00f3n joven<\/strong><\/p>\n<p>La edici\u00f3n est\u00e1 acompa\u00f1ada por la secci\u00f3n joven, que este a\u00f1o cuenta con 1.113 estudiantes participantes de Educaci\u00f3n Secundaria Obligatoria, Bachillerato y ciclos formativos. Se proyectan cortometrajes in\u00e9ditos en nuestro pa\u00eds, en versi\u00f3n original subtitulada, sobre las repercusiones de nuestros h\u00e1bitos en el medio ambiente, para comprender que la soluci\u00f3n y la transformaci\u00f3n depende de las personas y de las instituciones.<\/p>\n<p>&nbsp;<\/p>\n<h3>Ecozine Film Festival. Golem Baiona. 19.30 Horas, entrada gratuita<\/h3>\n<ul>\n<li>LUNES 8 DE ABRIL\n<ul>\n<li><strong>Nuked<\/strong>. Canad\u00e1, 90 min, 2023. Direcci\u00f3n: Andrew Nisker<\/li>\n<\/ul>\n<\/li>\n<li>MARTES 9 DE ABRIL\n<ul>\n<li><strong>Water for life<\/strong>. USA, 91 min, 2023. Direcci\u00f3n: Will Parrinello<\/li>\n<\/ul>\n<\/li>\n<li>MI\u00c9RCOLES 10 DE ABRIL\n<ul>\n<li><strong>Zinzindurrunkarratz<\/strong>. Espa\u00f1a, 89 min, 2023. Direcci\u00f3n: Oskar Alegr\u00eda<\/li>\n<\/ul>\n<\/li>\n<li>JUEVES 11 DE ABRIL\n<ul>\n<li><strong>To bird or not to bird<\/strong>. Espa\u00f1a, 9 min, 2023. Direcci\u00f3n: Martin Romero. Premio Goya al Mejor Cortometraje de Animaci\u00f3n en 2024<\/li>\n<li><strong>Vuelta a Ria\u00f1o<\/strong>. Espa\u00f1a, 14,40 min, 2023. Direcci\u00f3n: Miriam Martin<\/li>\n<li><strong>Donde quisimos vivir<\/strong>. Espa\u00f1a, 44,55 min, 2023. Direcci\u00f3n: Luc\u00eda Castillon y Ana Valle Del Rio<\/li>\n<\/ul>\n<\/li>\n<li>Para reservar entrevistas con organizaci\u00f3n o directores, se puede escribir al correo <a href=\"mailto:i.alfaro@pamplona.es\">alfaro@pamplona.es<\/a> o llamar al tel\u00e9fono 948 420 984 (Iosu Alfaro).<\/li>\n<\/ul>\n","protected":false},"excerpt":{"rendered":"<p>La edici\u00f3n de este a\u00f1o alberga un espacio especial para el cine local, representado por la nueva pel\u00edcula de Oskar Alegr\u00eda, \u2018Zinzindurrunkarratz\u2019<\/p>\n","protected":false},"author":1,"featured_media":49250,"comment_status":"open","ping_status":"closed","sticky":false,"template":"","format":"standard","meta":{"footnotes":""},"categories":[2],"tags":[],"class_list":["post-49249","post","type-post","status-publish","format-standard","has-post-thumbnail","hentry","category-ayuntamiento-pamplona"],"yoast_head":"<!-- This site is optimized with the Yoast SEO plugin v27.3 - https:\/\/yoast.com\/product\/yoast-seo-wordpress\/ -->\n<title>El Festival Internacional de cine y medio ambiente Ecozine ofrece documentales y cortometrajes del 8 al 11 de abril en los cines Golem Baiona, con entrada libre<\/title>\n<meta name=\"description\" content=\"La edici\u00f3n de este a\u00f1o alberga un espacio especial para el cine local, representado por la nueva pel\u00edcula de Oskar Alegr\u00eda, \u2018Zinzindurrunkarratz\u2019\" \/>\n<meta name=\"robots\" content=\"index, follow, max-snippet:-1, max-image-preview:large, max-video-preview:-1\" \/>\n<link rel=\"canonical\" href=\"https:\/\/www.laguiadepamplona.com\/actualidad\/el-festival-internacional-de-cine-y-medio-ambiente-ecozine-ofrece-documentales-y-cortometrajes-del-8-al-11-de-abril-en-los-cines-golem-baiona-con-entrada-libre\/\" \/>\n<meta property=\"og:locale\" content=\"es_ES\" \/>\n<meta property=\"og:type\" content=\"article\" \/>\n<meta property=\"og:title\" content=\"El Festival Internacional de cine y medio ambiente Ecozine ofrece documentales y cortometrajes del 8 al 11 de abril en los cines Golem Baiona, con entrada libre\" \/>\n<meta property=\"og:description\" content=\"La edici\u00f3n de este a\u00f1o alberga un espacio especial para el cine local, representado por la nueva pel\u00edcula de Oskar Alegr\u00eda, \u2018Zinzindurrunkarratz\u2019\" \/>\n<meta property=\"og:url\" content=\"https:\/\/www.laguiadepamplona.com\/actualidad\/el-festival-internacional-de-cine-y-medio-ambiente-ecozine-ofrece-documentales-y-cortometrajes-del-8-al-11-de-abril-en-los-cines-golem-baiona-con-entrada-libre\/\" \/>\n<meta property=\"og:site_name\" content=\"La Gu\u00eda de Pamplona\" \/>\n<meta property=\"article:publisher\" content=\"https:\/\/www.facebook.com\/laguiadepamplonacom-133175176762273\/?ref=hl\" \/>\n<meta property=\"article:published_time\" content=\"2024-04-04T10:27:52+00:00\" \/>\n<meta property=\"og:image\" content=\"https:\/\/www.laguiadepamplona.com\/actualidad\/wp-content\/uploads\/2024\/04\/ecozine.webp\" \/>\n\t<meta property=\"og:image:width\" content=\"1080\" \/>\n\t<meta property=\"og:image:height\" content=\"720\" \/>\n\t<meta property=\"og:image:type\" content=\"image\/webp\" \/>\n<meta name=\"author\" content=\"La Gu\u00eda de Pamplona\" \/>\n<meta name=\"twitter:card\" content=\"summary_large_image\" \/>\n<meta name=\"twitter:creator\" content=\"@LaGuiadPamplona\" \/>\n<meta name=\"twitter:site\" content=\"@LaGuiadPamplona\" \/>\n<meta name=\"twitter:label1\" content=\"Escrito por\" \/>\n\t<meta name=\"twitter:data1\" content=\"La Gu\u00eda de Pamplona\" \/>\n\t<meta name=\"twitter:label2\" content=\"Tiempo de lectura\" \/>\n\t<meta name=\"twitter:data2\" content=\"5 minutos\" \/>\n<script type=\"application\/ld+json\" class=\"yoast-schema-graph\">{\"@context\":\"https:\\\/\\\/schema.org\",\"@graph\":[{\"@type\":\"Article\",\"@id\":\"https:\\\/\\\/www.laguiadepamplona.com\\\/actualidad\\\/el-festival-internacional-de-cine-y-medio-ambiente-ecozine-ofrece-documentales-y-cortometrajes-del-8-al-11-de-abril-en-los-cines-golem-baiona-con-entrada-libre\\\/#article\",\"isPartOf\":{\"@id\":\"https:\\\/\\\/www.laguiadepamplona.com\\\/actualidad\\\/el-festival-internacional-de-cine-y-medio-ambiente-ecozine-ofrece-documentales-y-cortometrajes-del-8-al-11-de-abril-en-los-cines-golem-baiona-con-entrada-libre\\\/\"},\"author\":{\"name\":\"La Gu\u00eda de Pamplona\",\"@id\":\"https:\\\/\\\/www.laguiadepamplona.com\\\/actualidad\\\/#\\\/schema\\\/person\\\/efe887376f0213d4657c93adc50b1fdb\"},\"headline\":\"El Festival Internacional de cine y medio ambiente Ecozine ofrece documentales y cortometrajes del 8 al 11 de abril en los cines Golem Baiona, con entrada libre\",\"datePublished\":\"2024-04-04T10:27:52+00:00\",\"mainEntityOfPage\":{\"@id\":\"https:\\\/\\\/www.laguiadepamplona.com\\\/actualidad\\\/el-festival-internacional-de-cine-y-medio-ambiente-ecozine-ofrece-documentales-y-cortometrajes-del-8-al-11-de-abril-en-los-cines-golem-baiona-con-entrada-libre\\\/\"},\"wordCount\":917,\"commentCount\":0,\"publisher\":{\"@id\":\"https:\\\/\\\/www.laguiadepamplona.com\\\/actualidad\\\/#organization\"},\"image\":{\"@id\":\"https:\\\/\\\/www.laguiadepamplona.com\\\/actualidad\\\/el-festival-internacional-de-cine-y-medio-ambiente-ecozine-ofrece-documentales-y-cortometrajes-del-8-al-11-de-abril-en-los-cines-golem-baiona-con-entrada-libre\\\/#primaryimage\"},\"thumbnailUrl\":\"https:\\\/\\\/www.laguiadepamplona.com\\\/actualidad\\\/wp-content\\\/uploads\\\/2024\\\/04\\\/ecozine.webp\",\"articleSection\":[\"Ayto Pamplona\"],\"inLanguage\":\"es\",\"potentialAction\":[{\"@type\":\"CommentAction\",\"name\":\"Comment\",\"target\":[\"https:\\\/\\\/www.laguiadepamplona.com\\\/actualidad\\\/el-festival-internacional-de-cine-y-medio-ambiente-ecozine-ofrece-documentales-y-cortometrajes-del-8-al-11-de-abril-en-los-cines-golem-baiona-con-entrada-libre\\\/#respond\"]}]},{\"@type\":\"WebPage\",\"@id\":\"https:\\\/\\\/www.laguiadepamplona.com\\\/actualidad\\\/el-festival-internacional-de-cine-y-medio-ambiente-ecozine-ofrece-documentales-y-cortometrajes-del-8-al-11-de-abril-en-los-cines-golem-baiona-con-entrada-libre\\\/\",\"url\":\"https:\\\/\\\/www.laguiadepamplona.com\\\/actualidad\\\/el-festival-internacional-de-cine-y-medio-ambiente-ecozine-ofrece-documentales-y-cortometrajes-del-8-al-11-de-abril-en-los-cines-golem-baiona-con-entrada-libre\\\/\",\"name\":\"El Festival Internacional de cine y medio ambiente Ecozine ofrece documentales y cortometrajes del 8 al 11 de abril en los cines Golem Baiona, con entrada libre\",\"isPartOf\":{\"@id\":\"https:\\\/\\\/www.laguiadepamplona.com\\\/actualidad\\\/#website\"},\"primaryImageOfPage\":{\"@id\":\"https:\\\/\\\/www.laguiadepamplona.com\\\/actualidad\\\/el-festival-internacional-de-cine-y-medio-ambiente-ecozine-ofrece-documentales-y-cortometrajes-del-8-al-11-de-abril-en-los-cines-golem-baiona-con-entrada-libre\\\/#primaryimage\"},\"image\":{\"@id\":\"https:\\\/\\\/www.laguiadepamplona.com\\\/actualidad\\\/el-festival-internacional-de-cine-y-medio-ambiente-ecozine-ofrece-documentales-y-cortometrajes-del-8-al-11-de-abril-en-los-cines-golem-baiona-con-entrada-libre\\\/#primaryimage\"},\"thumbnailUrl\":\"https:\\\/\\\/www.laguiadepamplona.com\\\/actualidad\\\/wp-content\\\/uploads\\\/2024\\\/04\\\/ecozine.webp\",\"datePublished\":\"2024-04-04T10:27:52+00:00\",\"description\":\"La edici\u00f3n de este a\u00f1o alberga un espacio especial para el cine local, representado por la nueva pel\u00edcula de Oskar Alegr\u00eda, \u2018Zinzindurrunkarratz\u2019\",\"breadcrumb\":{\"@id\":\"https:\\\/\\\/www.laguiadepamplona.com\\\/actualidad\\\/el-festival-internacional-de-cine-y-medio-ambiente-ecozine-ofrece-documentales-y-cortometrajes-del-8-al-11-de-abril-en-los-cines-golem-baiona-con-entrada-libre\\\/#breadcrumb\"},\"inLanguage\":\"es\",\"potentialAction\":[{\"@type\":\"ReadAction\",\"target\":[\"https:\\\/\\\/www.laguiadepamplona.com\\\/actualidad\\\/el-festival-internacional-de-cine-y-medio-ambiente-ecozine-ofrece-documentales-y-cortometrajes-del-8-al-11-de-abril-en-los-cines-golem-baiona-con-entrada-libre\\\/\"]}]},{\"@type\":\"ImageObject\",\"inLanguage\":\"es\",\"@id\":\"https:\\\/\\\/www.laguiadepamplona.com\\\/actualidad\\\/el-festival-internacional-de-cine-y-medio-ambiente-ecozine-ofrece-documentales-y-cortometrajes-del-8-al-11-de-abril-en-los-cines-golem-baiona-con-entrada-libre\\\/#primaryimage\",\"url\":\"https:\\\/\\\/www.laguiadepamplona.com\\\/actualidad\\\/wp-content\\\/uploads\\\/2024\\\/04\\\/ecozine.webp\",\"contentUrl\":\"https:\\\/\\\/www.laguiadepamplona.com\\\/actualidad\\\/wp-content\\\/uploads\\\/2024\\\/04\\\/ecozine.webp\",\"width\":1080,\"height\":720,\"caption\":\"ecozine\"},{\"@type\":\"BreadcrumbList\",\"@id\":\"https:\\\/\\\/www.laguiadepamplona.com\\\/actualidad\\\/el-festival-internacional-de-cine-y-medio-ambiente-ecozine-ofrece-documentales-y-cortometrajes-del-8-al-11-de-abril-en-los-cines-golem-baiona-con-entrada-libre\\\/#breadcrumb\",\"itemListElement\":[{\"@type\":\"ListItem\",\"position\":1,\"name\":\"Portada\",\"item\":\"https:\\\/\\\/www.laguiadepamplona.com\\\/actualidad\\\/\"},{\"@type\":\"ListItem\",\"position\":2,\"name\":\"El Festival Internacional de cine y medio ambiente Ecozine ofrece documentales y cortometrajes del 8 al 11 de abril en los cines Golem Baiona, con entrada libre\"}]},{\"@type\":\"WebSite\",\"@id\":\"https:\\\/\\\/www.laguiadepamplona.com\\\/actualidad\\\/#website\",\"url\":\"https:\\\/\\\/www.laguiadepamplona.com\\\/actualidad\\\/\",\"name\":\"La gu\u00eda de Pamplona\",\"description\":\"Noticias de Pamplona\",\"publisher\":{\"@id\":\"https:\\\/\\\/www.laguiadepamplona.com\\\/actualidad\\\/#organization\"},\"potentialAction\":[{\"@type\":\"SearchAction\",\"target\":{\"@type\":\"EntryPoint\",\"urlTemplate\":\"https:\\\/\\\/www.laguiadepamplona.com\\\/actualidad\\\/?s={search_term_string}\"},\"query-input\":{\"@type\":\"PropertyValueSpecification\",\"valueRequired\":true,\"valueName\":\"search_term_string\"}}],\"inLanguage\":\"es\"},{\"@type\":\"Organization\",\"@id\":\"https:\\\/\\\/www.laguiadepamplona.com\\\/actualidad\\\/#organization\",\"name\":\"La Gu\u00eda de Pamplona \\\/ Noticias\",\"url\":\"https:\\\/\\\/www.laguiadepamplona.com\\\/actualidad\\\/\",\"logo\":{\"@type\":\"ImageObject\",\"inLanguage\":\"es\",\"@id\":\"https:\\\/\\\/www.laguiadepamplona.com\\\/actualidad\\\/#\\\/schema\\\/logo\\\/image\\\/\",\"url\":\"https:\\\/\\\/www.laguiadepamplona.com\\\/actualidad\\\/wp-content\\\/uploads\\\/2018\\\/11\\\/logo-laguiadepamplona18-web1.png\",\"contentUrl\":\"https:\\\/\\\/www.laguiadepamplona.com\\\/actualidad\\\/wp-content\\\/uploads\\\/2018\\\/11\\\/logo-laguiadepamplona18-web1.png\",\"width\":600,\"height\":196,\"caption\":\"La Gu\u00eda de Pamplona \\\/ Noticias\"},\"image\":{\"@id\":\"https:\\\/\\\/www.laguiadepamplona.com\\\/actualidad\\\/#\\\/schema\\\/logo\\\/image\\\/\"},\"sameAs\":[\"https:\\\/\\\/www.facebook.com\\\/laguiadepamplonacom-133175176762273\\\/?ref=hl\",\"https:\\\/\\\/x.com\\\/LaGuiadPamplona\",\"https:\\\/\\\/www.instagram.com\\\/la_guia_de_pamplona\\\/\",\"https:\\\/\\\/www.youtube.com\\\/user\\\/laguiadepamplona\"]},{\"@type\":\"Person\",\"@id\":\"https:\\\/\\\/www.laguiadepamplona.com\\\/actualidad\\\/#\\\/schema\\\/person\\\/efe887376f0213d4657c93adc50b1fdb\",\"name\":\"La Gu\u00eda de Pamplona\",\"image\":{\"@type\":\"ImageObject\",\"inLanguage\":\"es\",\"@id\":\"https:\\\/\\\/secure.gravatar.com\\\/avatar\\\/b6992f131dc8d30ab0dff15446e9d346d9dbd95992de0fef795073f5ea83a81c?s=96&d=mm&r=g\",\"url\":\"https:\\\/\\\/secure.gravatar.com\\\/avatar\\\/b6992f131dc8d30ab0dff15446e9d346d9dbd95992de0fef795073f5ea83a81c?s=96&d=mm&r=g\",\"contentUrl\":\"https:\\\/\\\/secure.gravatar.com\\\/avatar\\\/b6992f131dc8d30ab0dff15446e9d346d9dbd95992de0fef795073f5ea83a81c?s=96&d=mm&r=g\",\"caption\":\"La Gu\u00eda de Pamplona\"}}]}<\/script>\n<!-- \/ Yoast SEO plugin. -->","yoast_head_json":{"title":"El Festival Internacional de cine y medio ambiente Ecozine ofrece documentales y cortometrajes del 8 al 11 de abril en los cines Golem Baiona, con entrada libre","description":"La edici\u00f3n de este a\u00f1o alberga un espacio especial para el cine local, representado por la nueva pel\u00edcula de Oskar Alegr\u00eda, \u2018Zinzindurrunkarratz\u2019","robots":{"index":"index","follow":"follow","max-snippet":"max-snippet:-1","max-image-preview":"max-image-preview:large","max-video-preview":"max-video-preview:-1"},"canonical":"https:\/\/www.laguiadepamplona.com\/actualidad\/el-festival-internacional-de-cine-y-medio-ambiente-ecozine-ofrece-documentales-y-cortometrajes-del-8-al-11-de-abril-en-los-cines-golem-baiona-con-entrada-libre\/","og_locale":"es_ES","og_type":"article","og_title":"El Festival Internacional de cine y medio ambiente Ecozine ofrece documentales y cortometrajes del 8 al 11 de abril en los cines Golem Baiona, con entrada libre","og_description":"La edici\u00f3n de este a\u00f1o alberga un espacio especial para el cine local, representado por la nueva pel\u00edcula de Oskar Alegr\u00eda, \u2018Zinzindurrunkarratz\u2019","og_url":"https:\/\/www.laguiadepamplona.com\/actualidad\/el-festival-internacional-de-cine-y-medio-ambiente-ecozine-ofrece-documentales-y-cortometrajes-del-8-al-11-de-abril-en-los-cines-golem-baiona-con-entrada-libre\/","og_site_name":"La Gu\u00eda de Pamplona","article_publisher":"https:\/\/www.facebook.com\/laguiadepamplonacom-133175176762273\/?ref=hl","article_published_time":"2024-04-04T10:27:52+00:00","og_image":[{"width":1080,"height":720,"url":"https:\/\/www.laguiadepamplona.com\/actualidad\/wp-content\/uploads\/2024\/04\/ecozine.webp","type":"image\/webp"}],"author":"La Gu\u00eda de Pamplona","twitter_card":"summary_large_image","twitter_creator":"@LaGuiadPamplona","twitter_site":"@LaGuiadPamplona","twitter_misc":{"Escrito por":"La Gu\u00eda de Pamplona","Tiempo de lectura":"5 minutos"},"schema":{"@context":"https:\/\/schema.org","@graph":[{"@type":"Article","@id":"https:\/\/www.laguiadepamplona.com\/actualidad\/el-festival-internacional-de-cine-y-medio-ambiente-ecozine-ofrece-documentales-y-cortometrajes-del-8-al-11-de-abril-en-los-cines-golem-baiona-con-entrada-libre\/#article","isPartOf":{"@id":"https:\/\/www.laguiadepamplona.com\/actualidad\/el-festival-internacional-de-cine-y-medio-ambiente-ecozine-ofrece-documentales-y-cortometrajes-del-8-al-11-de-abril-en-los-cines-golem-baiona-con-entrada-libre\/"},"author":{"name":"La Gu\u00eda de Pamplona","@id":"https:\/\/www.laguiadepamplona.com\/actualidad\/#\/schema\/person\/efe887376f0213d4657c93adc50b1fdb"},"headline":"El Festival Internacional de cine y medio ambiente Ecozine ofrece documentales y cortometrajes del 8 al 11 de abril en los cines Golem Baiona, con entrada libre","datePublished":"2024-04-04T10:27:52+00:00","mainEntityOfPage":{"@id":"https:\/\/www.laguiadepamplona.com\/actualidad\/el-festival-internacional-de-cine-y-medio-ambiente-ecozine-ofrece-documentales-y-cortometrajes-del-8-al-11-de-abril-en-los-cines-golem-baiona-con-entrada-libre\/"},"wordCount":917,"commentCount":0,"publisher":{"@id":"https:\/\/www.laguiadepamplona.com\/actualidad\/#organization"},"image":{"@id":"https:\/\/www.laguiadepamplona.com\/actualidad\/el-festival-internacional-de-cine-y-medio-ambiente-ecozine-ofrece-documentales-y-cortometrajes-del-8-al-11-de-abril-en-los-cines-golem-baiona-con-entrada-libre\/#primaryimage"},"thumbnailUrl":"https:\/\/www.laguiadepamplona.com\/actualidad\/wp-content\/uploads\/2024\/04\/ecozine.webp","articleSection":["Ayto Pamplona"],"inLanguage":"es","potentialAction":[{"@type":"CommentAction","name":"Comment","target":["https:\/\/www.laguiadepamplona.com\/actualidad\/el-festival-internacional-de-cine-y-medio-ambiente-ecozine-ofrece-documentales-y-cortometrajes-del-8-al-11-de-abril-en-los-cines-golem-baiona-con-entrada-libre\/#respond"]}]},{"@type":"WebPage","@id":"https:\/\/www.laguiadepamplona.com\/actualidad\/el-festival-internacional-de-cine-y-medio-ambiente-ecozine-ofrece-documentales-y-cortometrajes-del-8-al-11-de-abril-en-los-cines-golem-baiona-con-entrada-libre\/","url":"https:\/\/www.laguiadepamplona.com\/actualidad\/el-festival-internacional-de-cine-y-medio-ambiente-ecozine-ofrece-documentales-y-cortometrajes-del-8-al-11-de-abril-en-los-cines-golem-baiona-con-entrada-libre\/","name":"El Festival Internacional de cine y medio ambiente Ecozine ofrece documentales y cortometrajes del 8 al 11 de abril en los cines Golem Baiona, con entrada libre","isPartOf":{"@id":"https:\/\/www.laguiadepamplona.com\/actualidad\/#website"},"primaryImageOfPage":{"@id":"https:\/\/www.laguiadepamplona.com\/actualidad\/el-festival-internacional-de-cine-y-medio-ambiente-ecozine-ofrece-documentales-y-cortometrajes-del-8-al-11-de-abril-en-los-cines-golem-baiona-con-entrada-libre\/#primaryimage"},"image":{"@id":"https:\/\/www.laguiadepamplona.com\/actualidad\/el-festival-internacional-de-cine-y-medio-ambiente-ecozine-ofrece-documentales-y-cortometrajes-del-8-al-11-de-abril-en-los-cines-golem-baiona-con-entrada-libre\/#primaryimage"},"thumbnailUrl":"https:\/\/www.laguiadepamplona.com\/actualidad\/wp-content\/uploads\/2024\/04\/ecozine.webp","datePublished":"2024-04-04T10:27:52+00:00","description":"La edici\u00f3n de este a\u00f1o alberga un espacio especial para el cine local, representado por la nueva pel\u00edcula de Oskar Alegr\u00eda, \u2018Zinzindurrunkarratz\u2019","breadcrumb":{"@id":"https:\/\/www.laguiadepamplona.com\/actualidad\/el-festival-internacional-de-cine-y-medio-ambiente-ecozine-ofrece-documentales-y-cortometrajes-del-8-al-11-de-abril-en-los-cines-golem-baiona-con-entrada-libre\/#breadcrumb"},"inLanguage":"es","potentialAction":[{"@type":"ReadAction","target":["https:\/\/www.laguiadepamplona.com\/actualidad\/el-festival-internacional-de-cine-y-medio-ambiente-ecozine-ofrece-documentales-y-cortometrajes-del-8-al-11-de-abril-en-los-cines-golem-baiona-con-entrada-libre\/"]}]},{"@type":"ImageObject","inLanguage":"es","@id":"https:\/\/www.laguiadepamplona.com\/actualidad\/el-festival-internacional-de-cine-y-medio-ambiente-ecozine-ofrece-documentales-y-cortometrajes-del-8-al-11-de-abril-en-los-cines-golem-baiona-con-entrada-libre\/#primaryimage","url":"https:\/\/www.laguiadepamplona.com\/actualidad\/wp-content\/uploads\/2024\/04\/ecozine.webp","contentUrl":"https:\/\/www.laguiadepamplona.com\/actualidad\/wp-content\/uploads\/2024\/04\/ecozine.webp","width":1080,"height":720,"caption":"ecozine"},{"@type":"BreadcrumbList","@id":"https:\/\/www.laguiadepamplona.com\/actualidad\/el-festival-internacional-de-cine-y-medio-ambiente-ecozine-ofrece-documentales-y-cortometrajes-del-8-al-11-de-abril-en-los-cines-golem-baiona-con-entrada-libre\/#breadcrumb","itemListElement":[{"@type":"ListItem","position":1,"name":"Portada","item":"https:\/\/www.laguiadepamplona.com\/actualidad\/"},{"@type":"ListItem","position":2,"name":"El Festival Internacional de cine y medio ambiente Ecozine ofrece documentales y cortometrajes del 8 al 11 de abril en los cines Golem Baiona, con entrada libre"}]},{"@type":"WebSite","@id":"https:\/\/www.laguiadepamplona.com\/actualidad\/#website","url":"https:\/\/www.laguiadepamplona.com\/actualidad\/","name":"La gu\u00eda de Pamplona","description":"Noticias de Pamplona","publisher":{"@id":"https:\/\/www.laguiadepamplona.com\/actualidad\/#organization"},"potentialAction":[{"@type":"SearchAction","target":{"@type":"EntryPoint","urlTemplate":"https:\/\/www.laguiadepamplona.com\/actualidad\/?s={search_term_string}"},"query-input":{"@type":"PropertyValueSpecification","valueRequired":true,"valueName":"search_term_string"}}],"inLanguage":"es"},{"@type":"Organization","@id":"https:\/\/www.laguiadepamplona.com\/actualidad\/#organization","name":"La Gu\u00eda de Pamplona \/ Noticias","url":"https:\/\/www.laguiadepamplona.com\/actualidad\/","logo":{"@type":"ImageObject","inLanguage":"es","@id":"https:\/\/www.laguiadepamplona.com\/actualidad\/#\/schema\/logo\/image\/","url":"https:\/\/www.laguiadepamplona.com\/actualidad\/wp-content\/uploads\/2018\/11\/logo-laguiadepamplona18-web1.png","contentUrl":"https:\/\/www.laguiadepamplona.com\/actualidad\/wp-content\/uploads\/2018\/11\/logo-laguiadepamplona18-web1.png","width":600,"height":196,"caption":"La Gu\u00eda de Pamplona \/ Noticias"},"image":{"@id":"https:\/\/www.laguiadepamplona.com\/actualidad\/#\/schema\/logo\/image\/"},"sameAs":["https:\/\/www.facebook.com\/laguiadepamplonacom-133175176762273\/?ref=hl","https:\/\/x.com\/LaGuiadPamplona","https:\/\/www.instagram.com\/la_guia_de_pamplona\/","https:\/\/www.youtube.com\/user\/laguiadepamplona"]},{"@type":"Person","@id":"https:\/\/www.laguiadepamplona.com\/actualidad\/#\/schema\/person\/efe887376f0213d4657c93adc50b1fdb","name":"La Gu\u00eda de Pamplona","image":{"@type":"ImageObject","inLanguage":"es","@id":"https:\/\/secure.gravatar.com\/avatar\/b6992f131dc8d30ab0dff15446e9d346d9dbd95992de0fef795073f5ea83a81c?s=96&d=mm&r=g","url":"https:\/\/secure.gravatar.com\/avatar\/b6992f131dc8d30ab0dff15446e9d346d9dbd95992de0fef795073f5ea83a81c?s=96&d=mm&r=g","contentUrl":"https:\/\/secure.gravatar.com\/avatar\/b6992f131dc8d30ab0dff15446e9d346d9dbd95992de0fef795073f5ea83a81c?s=96&d=mm&r=g","caption":"La Gu\u00eda de Pamplona"}}]}},"post_mailing_queue_ids":[],"_links":{"self":[{"href":"https:\/\/www.laguiadepamplona.com\/actualidad\/wp-json\/wp\/v2\/posts\/49249","targetHints":{"allow":["GET"]}}],"collection":[{"href":"https:\/\/www.laguiadepamplona.com\/actualidad\/wp-json\/wp\/v2\/posts"}],"about":[{"href":"https:\/\/www.laguiadepamplona.com\/actualidad\/wp-json\/wp\/v2\/types\/post"}],"author":[{"embeddable":true,"href":"https:\/\/www.laguiadepamplona.com\/actualidad\/wp-json\/wp\/v2\/users\/1"}],"replies":[{"embeddable":true,"href":"https:\/\/www.laguiadepamplona.com\/actualidad\/wp-json\/wp\/v2\/comments?post=49249"}],"version-history":[{"count":1,"href":"https:\/\/www.laguiadepamplona.com\/actualidad\/wp-json\/wp\/v2\/posts\/49249\/revisions"}],"predecessor-version":[{"id":49251,"href":"https:\/\/www.laguiadepamplona.com\/actualidad\/wp-json\/wp\/v2\/posts\/49249\/revisions\/49251"}],"wp:featuredmedia":[{"embeddable":true,"href":"https:\/\/www.laguiadepamplona.com\/actualidad\/wp-json\/wp\/v2\/media\/49250"}],"wp:attachment":[{"href":"https:\/\/www.laguiadepamplona.com\/actualidad\/wp-json\/wp\/v2\/media?parent=49249"}],"wp:term":[{"taxonomy":"category","embeddable":true,"href":"https:\/\/www.laguiadepamplona.com\/actualidad\/wp-json\/wp\/v2\/categories?post=49249"},{"taxonomy":"post_tag","embeddable":true,"href":"https:\/\/www.laguiadepamplona.com\/actualidad\/wp-json\/wp\/v2\/tags?post=49249"}],"curies":[{"name":"wp","href":"https:\/\/api.w.org\/{rel}","templated":true}]}}