{"id":49238,"date":"2024-04-02T12:55:01","date_gmt":"2024-04-02T10:55:01","guid":{"rendered":"https:\/\/www.laguiadepamplona.com\/actualidad\/?p=49238"},"modified":"2024-04-02T12:55:01","modified_gmt":"2024-04-02T10:55:01","slug":"aprobada-la-gestion-de-proyectos-de-receta-deportiva-social-del-programa-municipal-de-deporte-terapeutico-citius-longaevus-fortius","status":"publish","type":"post","link":"https:\/\/www.laguiadepamplona.com\/actualidad\/aprobada-la-gestion-de-proyectos-de-receta-deportiva-social-del-programa-municipal-de-deporte-terapeutico-citius-longaevus-fortius\/","title":{"rendered":"Aprobada la gesti\u00f3n de proyectos de receta deportiva \u2013 social del programa municipal de deporte terap\u00e9utico \u2018Citius, Longaevus, Fortius\u2019"},"content":{"rendered":"<h2>El Ayuntamiento de Pamplona invertir\u00e1 en este contrato 103.135,97 euros anuales<\/h2>\n<p><!--more--><\/p>\n<p>La Junta de Gobierno Local del Ayuntamiento de Pamplona ha aprobado el contrato de gesti\u00f3n proyectos de receta deportiva-social dentro del programa municipal de deporte terap\u00e9utico \u2018Citius, Longaevus, Fortius\u2019. El presupuesto del contrato asciende a 103.135,97 euros, un 9,5% por bajo del precio de licitaci\u00f3n, que fue de 113.883,34 euros. El contrato para el a\u00f1o 2024, con opci\u00f3n a tres pr\u00f3rrogas anuales m\u00e1s, se ha adjudicado a la empresa Sedena SL.<\/p>\n<p>Los proyectos de Receta Deportiva-Social permiten gestionar procesos c\u00edclicos de prescripci\u00f3n de ejercicio f\u00edsico y deporte terap\u00e9uticos y de otras actividades sociales, tomando como eje de derivaci\u00f3n a los centros de salud de Pamplona. Estos proyectos pretenden utilizar terap\u00e9uticamente el deporte, el ejercicio f\u00edsico y otras actividades sociales para minimizar la problem\u00e1tica socio-sanitaria asociada con las personas en situaci\u00f3n de soledad no deseada, el s\u00edndrome de fragilidad y el sedentarismo e inactividad f\u00edsica. Esta problem\u00e1tica es m\u00e1s acuciante de resolver entre el colectivo poblacional de 50 o m\u00e1s a\u00f1os que constituye la poblaci\u00f3n objetivo del contrato.<br \/>\n<script async src=\"\/\/pagead2.googlesyndication.com\/pagead\/js\/adsbygoogle.js\"><\/script><br \/>\n<!-- Noticias La Guia de Pamplona --><br \/>\n<ins class=\"adsbygoogle\"\nstyle=\"display:block\"\ndata-ad-client=\"ca-pub-6943679897239327\"\ndata-ad-slot=\"7048180777\"\ndata-ad-format=\"auto\"><\/ins><br \/>\n<script>\n(adsbygoogle = window.adsbygoogle || []).push({});\n<\/script><br \/>\n<strong>Proceso de prescripci\u00f3n de cada proyecto<\/strong><\/p>\n<p>Cada proyecto de \u2018Receta Deportiva-Social\u2019 desarrolla un proceso de prescripci\u00f3n, compuesto por cinco actos y tres niveles diferentes, que son realizados en unas determinadas zonas de Pamplona, generalmente coincidentes con demarcaciones barriales. En estas zonas, se integran sus respectivas Zonas B\u00e1sicas de Salud, Unidades de Barrio y recursos deportivos y sociales. Durante 2024, las zonas de realizaci\u00f3n de los proyectos de prescripci\u00f3n podr\u00edan llegar a seis, uni\u00e9ndose tres m\u00e1s a los actuales que se llevan a cabo desde el CS Iturrama (barrio de Iturrama), el CS Txantrea (barrio de Txantrea) y el CS II Ensanche (II Ensanche).<\/p>\n<p>El primer acto para desarrollar los proyectos de prescripci\u00f3n es el diagn\u00f3stico de las necesidades de los barrios correspondientes a cada zona y la captaci\u00f3n externa de las personas. A continuaci\u00f3n, como segundo acto, se realiza una evaluaci\u00f3n inicial de la persona (cribado, detecci\u00f3n de contraindicaciones, y determinaci\u00f3n del nivel de prescripci\u00f3n) y se motiva\/informa sobre el programa a las personas. El tercer acto es la prescripci\u00f3n de una receta y, el cuarto, el monitoreado de actividades y seguimiento, con una reevaluaci\u00f3n de la persona. Por \u00faltimo, el quinto acto es la adherencia y reevaluaci\u00f3n del diagn\u00f3stico de necesidades de los barrios correspondientes.<br \/>\n<script async src=\"\/\/pagead2.googlesyndication.com\/pagead\/js\/adsbygoogle.js\"><\/script><br \/>\n<!-- Noticias La Guia de Pamplona --><br \/>\n<ins class=\"adsbygoogle\"\nstyle=\"display:block\"\ndata-ad-client=\"ca-pub-6943679897239327\"\ndata-ad-slot=\"7048180777\"\ndata-ad-format=\"auto\"><\/ins><br \/>\n<script>\n(adsbygoogle = window.adsbygoogle || []).push({});\n<\/script><br \/>\n<strong>Tres niveles de prescripci\u00f3n<\/strong><\/p>\n<p>Detr\u00e1s de cada proyecto de prescripci\u00f3n de \u2018Receta Deportiva-Social\u2019, existe un proceso c\u00edclico de prescripci\u00f3n compuesto por los mencionados cinco actos. Este proceso se lleva a cabo, con sus peculiaridades, en tres niveles de prescripci\u00f3n diferentes: nivel 1 (Inactivas sanas con comportamiento sedentario y sin patolog\u00edas relevantes conocidas para personas de m\u00e1s de 50 a\u00f1os), nivel 2 (Inactivas mayores fr\u00e1giles para personas mayores de 65 a\u00f1os) y nivel 3 (Inactivas mayores fr\u00e1giles para personas mayores de 65 a\u00f1os y con soledad no deseada).<\/p>\n<p>Los niveles de prescripci\u00f3n funcionan como v\u00edas de intervenci\u00f3n en torno a las que se agrupan y se distribuyen a las personas con receta a un determinado tipo de intervenci\u00f3n y recursos predefinido. La elecci\u00f3n del nivel de prescripci\u00f3n correspondiente se llevar\u00e1 a cabo por parte del personal socio-sanitario competente de cada centro de salud, aunque pudiera ser ajustado posteriormente tras la aplicaci\u00f3n de los test por parte del personal de gesti\u00f3n de cada proyecto de receta deportiva \u2013 social. Las personas que pueden formar parte del programa son aquellas que tengan como referencia sanitaria de atenci\u00f3n primaria alguno de los centros de salud participantes que cumplan adem\u00e1s con los criterios de inclusi\u00f3n en cada uno de los niveles de prescripci\u00f3n.<\/p>\n","protected":false},"excerpt":{"rendered":"<p>El Ayuntamiento de Pamplona invertir\u00e1 en este contrato 103.135,97 euros anuales<\/p>\n","protected":false},"author":1,"featured_media":48979,"comment_status":"open","ping_status":"closed","sticky":false,"template":"","format":"standard","meta":{"footnotes":""},"categories":[2],"tags":[],"class_list":["post-49238","post","type-post","status-publish","format-standard","has-post-thumbnail","hentry","category-ayuntamiento-pamplona"],"yoast_head":"<!-- This site is optimized with the Yoast SEO plugin v27.3 - https:\/\/yoast.com\/product\/yoast-seo-wordpress\/ -->\n<title>Aprobada la gesti\u00f3n de proyectos de receta deportiva \u2013 social del programa municipal de deporte terap\u00e9utico \u2018Citius, Longaevus, Fortius\u2019<\/title>\n<meta name=\"description\" content=\"El Ayuntamiento de Pamplona invertir\u00e1 en este contrato 103.135,97 euros anuales\" \/>\n<meta name=\"robots\" content=\"index, follow, max-snippet:-1, max-image-preview:large, max-video-preview:-1\" \/>\n<link rel=\"canonical\" href=\"https:\/\/www.laguiadepamplona.com\/actualidad\/aprobada-la-gestion-de-proyectos-de-receta-deportiva-social-del-programa-municipal-de-deporte-terapeutico-citius-longaevus-fortius\/\" \/>\n<meta property=\"og:locale\" content=\"es_ES\" \/>\n<meta property=\"og:type\" content=\"article\" \/>\n<meta property=\"og:title\" content=\"Aprobada la gesti\u00f3n de proyectos de receta deportiva \u2013 social del programa municipal de deporte terap\u00e9utico \u2018Citius, Longaevus, Fortius\u2019\" \/>\n<meta property=\"og:description\" content=\"El Ayuntamiento de Pamplona invertir\u00e1 en este contrato 103.135,97 euros anuales\" \/>\n<meta property=\"og:url\" content=\"https:\/\/www.laguiadepamplona.com\/actualidad\/aprobada-la-gestion-de-proyectos-de-receta-deportiva-social-del-programa-municipal-de-deporte-terapeutico-citius-longaevus-fortius\/\" \/>\n<meta property=\"og:site_name\" content=\"La Gu\u00eda de Pamplona\" \/>\n<meta property=\"article:publisher\" content=\"https:\/\/www.facebook.com\/laguiadepamplonacom-133175176762273\/?ref=hl\" \/>\n<meta property=\"article:published_time\" content=\"2024-04-02T10:55:01+00:00\" \/>\n<meta property=\"og:image\" content=\"https:\/\/www.laguiadepamplona.com\/actualidad\/wp-content\/uploads\/2024\/03\/Receta-deportiva-social.webp\" \/>\n\t<meta property=\"og:image:width\" content=\"1000\" \/>\n\t<meta property=\"og:image:height\" content=\"564\" \/>\n\t<meta property=\"og:image:type\" content=\"image\/webp\" \/>\n<meta name=\"author\" content=\"La Gu\u00eda de Pamplona\" \/>\n<meta name=\"twitter:card\" content=\"summary_large_image\" \/>\n<meta name=\"twitter:creator\" content=\"@LaGuiadPamplona\" \/>\n<meta name=\"twitter:site\" content=\"@LaGuiadPamplona\" \/>\n<meta name=\"twitter:label1\" content=\"Escrito por\" \/>\n\t<meta name=\"twitter:data1\" content=\"La Gu\u00eda de Pamplona\" \/>\n\t<meta name=\"twitter:label2\" content=\"Tiempo de lectura\" \/>\n\t<meta name=\"twitter:data2\" content=\"3 minutos\" \/>\n<script type=\"application\/ld+json\" class=\"yoast-schema-graph\">{\"@context\":\"https:\\\/\\\/schema.org\",\"@graph\":[{\"@type\":\"Article\",\"@id\":\"https:\\\/\\\/www.laguiadepamplona.com\\\/actualidad\\\/aprobada-la-gestion-de-proyectos-de-receta-deportiva-social-del-programa-municipal-de-deporte-terapeutico-citius-longaevus-fortius\\\/#article\",\"isPartOf\":{\"@id\":\"https:\\\/\\\/www.laguiadepamplona.com\\\/actualidad\\\/aprobada-la-gestion-de-proyectos-de-receta-deportiva-social-del-programa-municipal-de-deporte-terapeutico-citius-longaevus-fortius\\\/\"},\"author\":{\"name\":\"La Gu\u00eda de Pamplona\",\"@id\":\"https:\\\/\\\/www.laguiadepamplona.com\\\/actualidad\\\/#\\\/schema\\\/person\\\/efe887376f0213d4657c93adc50b1fdb\"},\"headline\":\"Aprobada la gesti\u00f3n de proyectos de receta deportiva \u2013 social del programa municipal de deporte terap\u00e9utico \u2018Citius, Longaevus, Fortius\u2019\",\"datePublished\":\"2024-04-02T10:55:01+00:00\",\"mainEntityOfPage\":{\"@id\":\"https:\\\/\\\/www.laguiadepamplona.com\\\/actualidad\\\/aprobada-la-gestion-de-proyectos-de-receta-deportiva-social-del-programa-municipal-de-deporte-terapeutico-citius-longaevus-fortius\\\/\"},\"wordCount\":667,\"commentCount\":0,\"publisher\":{\"@id\":\"https:\\\/\\\/www.laguiadepamplona.com\\\/actualidad\\\/#organization\"},\"image\":{\"@id\":\"https:\\\/\\\/www.laguiadepamplona.com\\\/actualidad\\\/aprobada-la-gestion-de-proyectos-de-receta-deportiva-social-del-programa-municipal-de-deporte-terapeutico-citius-longaevus-fortius\\\/#primaryimage\"},\"thumbnailUrl\":\"https:\\\/\\\/www.laguiadepamplona.com\\\/actualidad\\\/wp-content\\\/uploads\\\/2024\\\/03\\\/Receta-deportiva-social.webp\",\"articleSection\":[\"Ayto Pamplona\"],\"inLanguage\":\"es\",\"potentialAction\":[{\"@type\":\"CommentAction\",\"name\":\"Comment\",\"target\":[\"https:\\\/\\\/www.laguiadepamplona.com\\\/actualidad\\\/aprobada-la-gestion-de-proyectos-de-receta-deportiva-social-del-programa-municipal-de-deporte-terapeutico-citius-longaevus-fortius\\\/#respond\"]}]},{\"@type\":\"WebPage\",\"@id\":\"https:\\\/\\\/www.laguiadepamplona.com\\\/actualidad\\\/aprobada-la-gestion-de-proyectos-de-receta-deportiva-social-del-programa-municipal-de-deporte-terapeutico-citius-longaevus-fortius\\\/\",\"url\":\"https:\\\/\\\/www.laguiadepamplona.com\\\/actualidad\\\/aprobada-la-gestion-de-proyectos-de-receta-deportiva-social-del-programa-municipal-de-deporte-terapeutico-citius-longaevus-fortius\\\/\",\"name\":\"Aprobada la gesti\u00f3n de proyectos de receta deportiva \u2013 social del programa municipal de deporte terap\u00e9utico \u2018Citius, Longaevus, Fortius\u2019\",\"isPartOf\":{\"@id\":\"https:\\\/\\\/www.laguiadepamplona.com\\\/actualidad\\\/#website\"},\"primaryImageOfPage\":{\"@id\":\"https:\\\/\\\/www.laguiadepamplona.com\\\/actualidad\\\/aprobada-la-gestion-de-proyectos-de-receta-deportiva-social-del-programa-municipal-de-deporte-terapeutico-citius-longaevus-fortius\\\/#primaryimage\"},\"image\":{\"@id\":\"https:\\\/\\\/www.laguiadepamplona.com\\\/actualidad\\\/aprobada-la-gestion-de-proyectos-de-receta-deportiva-social-del-programa-municipal-de-deporte-terapeutico-citius-longaevus-fortius\\\/#primaryimage\"},\"thumbnailUrl\":\"https:\\\/\\\/www.laguiadepamplona.com\\\/actualidad\\\/wp-content\\\/uploads\\\/2024\\\/03\\\/Receta-deportiva-social.webp\",\"datePublished\":\"2024-04-02T10:55:01+00:00\",\"description\":\"El Ayuntamiento de Pamplona invertir\u00e1 en este contrato 103.135,97 euros anuales\",\"breadcrumb\":{\"@id\":\"https:\\\/\\\/www.laguiadepamplona.com\\\/actualidad\\\/aprobada-la-gestion-de-proyectos-de-receta-deportiva-social-del-programa-municipal-de-deporte-terapeutico-citius-longaevus-fortius\\\/#breadcrumb\"},\"inLanguage\":\"es\",\"potentialAction\":[{\"@type\":\"ReadAction\",\"target\":[\"https:\\\/\\\/www.laguiadepamplona.com\\\/actualidad\\\/aprobada-la-gestion-de-proyectos-de-receta-deportiva-social-del-programa-municipal-de-deporte-terapeutico-citius-longaevus-fortius\\\/\"]}]},{\"@type\":\"ImageObject\",\"inLanguage\":\"es\",\"@id\":\"https:\\\/\\\/www.laguiadepamplona.com\\\/actualidad\\\/aprobada-la-gestion-de-proyectos-de-receta-deportiva-social-del-programa-municipal-de-deporte-terapeutico-citius-longaevus-fortius\\\/#primaryimage\",\"url\":\"https:\\\/\\\/www.laguiadepamplona.com\\\/actualidad\\\/wp-content\\\/uploads\\\/2024\\\/03\\\/Receta-deportiva-social.webp\",\"contentUrl\":\"https:\\\/\\\/www.laguiadepamplona.com\\\/actualidad\\\/wp-content\\\/uploads\\\/2024\\\/03\\\/Receta-deportiva-social.webp\",\"width\":1000,\"height\":564,\"caption\":\"receta deportiva social\"},{\"@type\":\"BreadcrumbList\",\"@id\":\"https:\\\/\\\/www.laguiadepamplona.com\\\/actualidad\\\/aprobada-la-gestion-de-proyectos-de-receta-deportiva-social-del-programa-municipal-de-deporte-terapeutico-citius-longaevus-fortius\\\/#breadcrumb\",\"itemListElement\":[{\"@type\":\"ListItem\",\"position\":1,\"name\":\"Portada\",\"item\":\"https:\\\/\\\/www.laguiadepamplona.com\\\/actualidad\\\/\"},{\"@type\":\"ListItem\",\"position\":2,\"name\":\"Aprobada la gesti\u00f3n de proyectos de receta deportiva \u2013 social del programa municipal de deporte terap\u00e9utico \u2018Citius, Longaevus, Fortius\u2019\"}]},{\"@type\":\"WebSite\",\"@id\":\"https:\\\/\\\/www.laguiadepamplona.com\\\/actualidad\\\/#website\",\"url\":\"https:\\\/\\\/www.laguiadepamplona.com\\\/actualidad\\\/\",\"name\":\"La gu\u00eda de Pamplona\",\"description\":\"Noticias de Pamplona\",\"publisher\":{\"@id\":\"https:\\\/\\\/www.laguiadepamplona.com\\\/actualidad\\\/#organization\"},\"potentialAction\":[{\"@type\":\"SearchAction\",\"target\":{\"@type\":\"EntryPoint\",\"urlTemplate\":\"https:\\\/\\\/www.laguiadepamplona.com\\\/actualidad\\\/?s={search_term_string}\"},\"query-input\":{\"@type\":\"PropertyValueSpecification\",\"valueRequired\":true,\"valueName\":\"search_term_string\"}}],\"inLanguage\":\"es\"},{\"@type\":\"Organization\",\"@id\":\"https:\\\/\\\/www.laguiadepamplona.com\\\/actualidad\\\/#organization\",\"name\":\"La Gu\u00eda de Pamplona \\\/ Noticias\",\"url\":\"https:\\\/\\\/www.laguiadepamplona.com\\\/actualidad\\\/\",\"logo\":{\"@type\":\"ImageObject\",\"inLanguage\":\"es\",\"@id\":\"https:\\\/\\\/www.laguiadepamplona.com\\\/actualidad\\\/#\\\/schema\\\/logo\\\/image\\\/\",\"url\":\"https:\\\/\\\/www.laguiadepamplona.com\\\/actualidad\\\/wp-content\\\/uploads\\\/2018\\\/11\\\/logo-laguiadepamplona18-web1.png\",\"contentUrl\":\"https:\\\/\\\/www.laguiadepamplona.com\\\/actualidad\\\/wp-content\\\/uploads\\\/2018\\\/11\\\/logo-laguiadepamplona18-web1.png\",\"width\":600,\"height\":196,\"caption\":\"La Gu\u00eda de Pamplona \\\/ Noticias\"},\"image\":{\"@id\":\"https:\\\/\\\/www.laguiadepamplona.com\\\/actualidad\\\/#\\\/schema\\\/logo\\\/image\\\/\"},\"sameAs\":[\"https:\\\/\\\/www.facebook.com\\\/laguiadepamplonacom-133175176762273\\\/?ref=hl\",\"https:\\\/\\\/x.com\\\/LaGuiadPamplona\",\"https:\\\/\\\/www.instagram.com\\\/la_guia_de_pamplona\\\/\",\"https:\\\/\\\/www.youtube.com\\\/user\\\/laguiadepamplona\"]},{\"@type\":\"Person\",\"@id\":\"https:\\\/\\\/www.laguiadepamplona.com\\\/actualidad\\\/#\\\/schema\\\/person\\\/efe887376f0213d4657c93adc50b1fdb\",\"name\":\"La Gu\u00eda de Pamplona\",\"image\":{\"@type\":\"ImageObject\",\"inLanguage\":\"es\",\"@id\":\"https:\\\/\\\/secure.gravatar.com\\\/avatar\\\/b6992f131dc8d30ab0dff15446e9d346d9dbd95992de0fef795073f5ea83a81c?s=96&d=mm&r=g\",\"url\":\"https:\\\/\\\/secure.gravatar.com\\\/avatar\\\/b6992f131dc8d30ab0dff15446e9d346d9dbd95992de0fef795073f5ea83a81c?s=96&d=mm&r=g\",\"contentUrl\":\"https:\\\/\\\/secure.gravatar.com\\\/avatar\\\/b6992f131dc8d30ab0dff15446e9d346d9dbd95992de0fef795073f5ea83a81c?s=96&d=mm&r=g\",\"caption\":\"La Gu\u00eda de Pamplona\"}}]}<\/script>\n<!-- \/ Yoast SEO plugin. -->","yoast_head_json":{"title":"Aprobada la gesti\u00f3n de proyectos de receta deportiva \u2013 social del programa municipal de deporte terap\u00e9utico \u2018Citius, Longaevus, Fortius\u2019","description":"El Ayuntamiento de Pamplona invertir\u00e1 en este contrato 103.135,97 euros anuales","robots":{"index":"index","follow":"follow","max-snippet":"max-snippet:-1","max-image-preview":"max-image-preview:large","max-video-preview":"max-video-preview:-1"},"canonical":"https:\/\/www.laguiadepamplona.com\/actualidad\/aprobada-la-gestion-de-proyectos-de-receta-deportiva-social-del-programa-municipal-de-deporte-terapeutico-citius-longaevus-fortius\/","og_locale":"es_ES","og_type":"article","og_title":"Aprobada la gesti\u00f3n de proyectos de receta deportiva \u2013 social del programa municipal de deporte terap\u00e9utico \u2018Citius, Longaevus, Fortius\u2019","og_description":"El Ayuntamiento de Pamplona invertir\u00e1 en este contrato 103.135,97 euros anuales","og_url":"https:\/\/www.laguiadepamplona.com\/actualidad\/aprobada-la-gestion-de-proyectos-de-receta-deportiva-social-del-programa-municipal-de-deporte-terapeutico-citius-longaevus-fortius\/","og_site_name":"La Gu\u00eda de Pamplona","article_publisher":"https:\/\/www.facebook.com\/laguiadepamplonacom-133175176762273\/?ref=hl","article_published_time":"2024-04-02T10:55:01+00:00","og_image":[{"width":1000,"height":564,"url":"https:\/\/www.laguiadepamplona.com\/actualidad\/wp-content\/uploads\/2024\/03\/Receta-deportiva-social.webp","type":"image\/webp"}],"author":"La Gu\u00eda de Pamplona","twitter_card":"summary_large_image","twitter_creator":"@LaGuiadPamplona","twitter_site":"@LaGuiadPamplona","twitter_misc":{"Escrito por":"La Gu\u00eda de Pamplona","Tiempo de lectura":"3 minutos"},"schema":{"@context":"https:\/\/schema.org","@graph":[{"@type":"Article","@id":"https:\/\/www.laguiadepamplona.com\/actualidad\/aprobada-la-gestion-de-proyectos-de-receta-deportiva-social-del-programa-municipal-de-deporte-terapeutico-citius-longaevus-fortius\/#article","isPartOf":{"@id":"https:\/\/www.laguiadepamplona.com\/actualidad\/aprobada-la-gestion-de-proyectos-de-receta-deportiva-social-del-programa-municipal-de-deporte-terapeutico-citius-longaevus-fortius\/"},"author":{"name":"La Gu\u00eda de Pamplona","@id":"https:\/\/www.laguiadepamplona.com\/actualidad\/#\/schema\/person\/efe887376f0213d4657c93adc50b1fdb"},"headline":"Aprobada la gesti\u00f3n de proyectos de receta deportiva \u2013 social del programa municipal de deporte terap\u00e9utico \u2018Citius, Longaevus, Fortius\u2019","datePublished":"2024-04-02T10:55:01+00:00","mainEntityOfPage":{"@id":"https:\/\/www.laguiadepamplona.com\/actualidad\/aprobada-la-gestion-de-proyectos-de-receta-deportiva-social-del-programa-municipal-de-deporte-terapeutico-citius-longaevus-fortius\/"},"wordCount":667,"commentCount":0,"publisher":{"@id":"https:\/\/www.laguiadepamplona.com\/actualidad\/#organization"},"image":{"@id":"https:\/\/www.laguiadepamplona.com\/actualidad\/aprobada-la-gestion-de-proyectos-de-receta-deportiva-social-del-programa-municipal-de-deporte-terapeutico-citius-longaevus-fortius\/#primaryimage"},"thumbnailUrl":"https:\/\/www.laguiadepamplona.com\/actualidad\/wp-content\/uploads\/2024\/03\/Receta-deportiva-social.webp","articleSection":["Ayto Pamplona"],"inLanguage":"es","potentialAction":[{"@type":"CommentAction","name":"Comment","target":["https:\/\/www.laguiadepamplona.com\/actualidad\/aprobada-la-gestion-de-proyectos-de-receta-deportiva-social-del-programa-municipal-de-deporte-terapeutico-citius-longaevus-fortius\/#respond"]}]},{"@type":"WebPage","@id":"https:\/\/www.laguiadepamplona.com\/actualidad\/aprobada-la-gestion-de-proyectos-de-receta-deportiva-social-del-programa-municipal-de-deporte-terapeutico-citius-longaevus-fortius\/","url":"https:\/\/www.laguiadepamplona.com\/actualidad\/aprobada-la-gestion-de-proyectos-de-receta-deportiva-social-del-programa-municipal-de-deporte-terapeutico-citius-longaevus-fortius\/","name":"Aprobada la gesti\u00f3n de proyectos de receta deportiva \u2013 social del programa municipal de deporte terap\u00e9utico \u2018Citius, Longaevus, Fortius\u2019","isPartOf":{"@id":"https:\/\/www.laguiadepamplona.com\/actualidad\/#website"},"primaryImageOfPage":{"@id":"https:\/\/www.laguiadepamplona.com\/actualidad\/aprobada-la-gestion-de-proyectos-de-receta-deportiva-social-del-programa-municipal-de-deporte-terapeutico-citius-longaevus-fortius\/#primaryimage"},"image":{"@id":"https:\/\/www.laguiadepamplona.com\/actualidad\/aprobada-la-gestion-de-proyectos-de-receta-deportiva-social-del-programa-municipal-de-deporte-terapeutico-citius-longaevus-fortius\/#primaryimage"},"thumbnailUrl":"https:\/\/www.laguiadepamplona.com\/actualidad\/wp-content\/uploads\/2024\/03\/Receta-deportiva-social.webp","datePublished":"2024-04-02T10:55:01+00:00","description":"El Ayuntamiento de Pamplona invertir\u00e1 en este contrato 103.135,97 euros anuales","breadcrumb":{"@id":"https:\/\/www.laguiadepamplona.com\/actualidad\/aprobada-la-gestion-de-proyectos-de-receta-deportiva-social-del-programa-municipal-de-deporte-terapeutico-citius-longaevus-fortius\/#breadcrumb"},"inLanguage":"es","potentialAction":[{"@type":"ReadAction","target":["https:\/\/www.laguiadepamplona.com\/actualidad\/aprobada-la-gestion-de-proyectos-de-receta-deportiva-social-del-programa-municipal-de-deporte-terapeutico-citius-longaevus-fortius\/"]}]},{"@type":"ImageObject","inLanguage":"es","@id":"https:\/\/www.laguiadepamplona.com\/actualidad\/aprobada-la-gestion-de-proyectos-de-receta-deportiva-social-del-programa-municipal-de-deporte-terapeutico-citius-longaevus-fortius\/#primaryimage","url":"https:\/\/www.laguiadepamplona.com\/actualidad\/wp-content\/uploads\/2024\/03\/Receta-deportiva-social.webp","contentUrl":"https:\/\/www.laguiadepamplona.com\/actualidad\/wp-content\/uploads\/2024\/03\/Receta-deportiva-social.webp","width":1000,"height":564,"caption":"receta deportiva social"},{"@type":"BreadcrumbList","@id":"https:\/\/www.laguiadepamplona.com\/actualidad\/aprobada-la-gestion-de-proyectos-de-receta-deportiva-social-del-programa-municipal-de-deporte-terapeutico-citius-longaevus-fortius\/#breadcrumb","itemListElement":[{"@type":"ListItem","position":1,"name":"Portada","item":"https:\/\/www.laguiadepamplona.com\/actualidad\/"},{"@type":"ListItem","position":2,"name":"Aprobada la gesti\u00f3n de proyectos de receta deportiva \u2013 social del programa municipal de deporte terap\u00e9utico \u2018Citius, Longaevus, Fortius\u2019"}]},{"@type":"WebSite","@id":"https:\/\/www.laguiadepamplona.com\/actualidad\/#website","url":"https:\/\/www.laguiadepamplona.com\/actualidad\/","name":"La gu\u00eda de Pamplona","description":"Noticias de Pamplona","publisher":{"@id":"https:\/\/www.laguiadepamplona.com\/actualidad\/#organization"},"potentialAction":[{"@type":"SearchAction","target":{"@type":"EntryPoint","urlTemplate":"https:\/\/www.laguiadepamplona.com\/actualidad\/?s={search_term_string}"},"query-input":{"@type":"PropertyValueSpecification","valueRequired":true,"valueName":"search_term_string"}}],"inLanguage":"es"},{"@type":"Organization","@id":"https:\/\/www.laguiadepamplona.com\/actualidad\/#organization","name":"La Gu\u00eda de Pamplona \/ Noticias","url":"https:\/\/www.laguiadepamplona.com\/actualidad\/","logo":{"@type":"ImageObject","inLanguage":"es","@id":"https:\/\/www.laguiadepamplona.com\/actualidad\/#\/schema\/logo\/image\/","url":"https:\/\/www.laguiadepamplona.com\/actualidad\/wp-content\/uploads\/2018\/11\/logo-laguiadepamplona18-web1.png","contentUrl":"https:\/\/www.laguiadepamplona.com\/actualidad\/wp-content\/uploads\/2018\/11\/logo-laguiadepamplona18-web1.png","width":600,"height":196,"caption":"La Gu\u00eda de Pamplona \/ Noticias"},"image":{"@id":"https:\/\/www.laguiadepamplona.com\/actualidad\/#\/schema\/logo\/image\/"},"sameAs":["https:\/\/www.facebook.com\/laguiadepamplonacom-133175176762273\/?ref=hl","https:\/\/x.com\/LaGuiadPamplona","https:\/\/www.instagram.com\/la_guia_de_pamplona\/","https:\/\/www.youtube.com\/user\/laguiadepamplona"]},{"@type":"Person","@id":"https:\/\/www.laguiadepamplona.com\/actualidad\/#\/schema\/person\/efe887376f0213d4657c93adc50b1fdb","name":"La Gu\u00eda de Pamplona","image":{"@type":"ImageObject","inLanguage":"es","@id":"https:\/\/secure.gravatar.com\/avatar\/b6992f131dc8d30ab0dff15446e9d346d9dbd95992de0fef795073f5ea83a81c?s=96&d=mm&r=g","url":"https:\/\/secure.gravatar.com\/avatar\/b6992f131dc8d30ab0dff15446e9d346d9dbd95992de0fef795073f5ea83a81c?s=96&d=mm&r=g","contentUrl":"https:\/\/secure.gravatar.com\/avatar\/b6992f131dc8d30ab0dff15446e9d346d9dbd95992de0fef795073f5ea83a81c?s=96&d=mm&r=g","caption":"La Gu\u00eda de Pamplona"}}]}},"post_mailing_queue_ids":[],"_links":{"self":[{"href":"https:\/\/www.laguiadepamplona.com\/actualidad\/wp-json\/wp\/v2\/posts\/49238","targetHints":{"allow":["GET"]}}],"collection":[{"href":"https:\/\/www.laguiadepamplona.com\/actualidad\/wp-json\/wp\/v2\/posts"}],"about":[{"href":"https:\/\/www.laguiadepamplona.com\/actualidad\/wp-json\/wp\/v2\/types\/post"}],"author":[{"embeddable":true,"href":"https:\/\/www.laguiadepamplona.com\/actualidad\/wp-json\/wp\/v2\/users\/1"}],"replies":[{"embeddable":true,"href":"https:\/\/www.laguiadepamplona.com\/actualidad\/wp-json\/wp\/v2\/comments?post=49238"}],"version-history":[{"count":1,"href":"https:\/\/www.laguiadepamplona.com\/actualidad\/wp-json\/wp\/v2\/posts\/49238\/revisions"}],"predecessor-version":[{"id":49239,"href":"https:\/\/www.laguiadepamplona.com\/actualidad\/wp-json\/wp\/v2\/posts\/49238\/revisions\/49239"}],"wp:featuredmedia":[{"embeddable":true,"href":"https:\/\/www.laguiadepamplona.com\/actualidad\/wp-json\/wp\/v2\/media\/48979"}],"wp:attachment":[{"href":"https:\/\/www.laguiadepamplona.com\/actualidad\/wp-json\/wp\/v2\/media?parent=49238"}],"wp:term":[{"taxonomy":"category","embeddable":true,"href":"https:\/\/www.laguiadepamplona.com\/actualidad\/wp-json\/wp\/v2\/categories?post=49238"},{"taxonomy":"post_tag","embeddable":true,"href":"https:\/\/www.laguiadepamplona.com\/actualidad\/wp-json\/wp\/v2\/tags?post=49238"}],"curies":[{"name":"wp","href":"https:\/\/api.w.org\/{rel}","templated":true}]}}