{"id":49227,"date":"2024-03-27T14:27:17","date_gmt":"2024-03-27T12:27:17","guid":{"rendered":"https:\/\/www.laguiadepamplona.com\/actualidad\/?p=49227"},"modified":"2024-03-27T14:27:17","modified_gmt":"2024-03-27T12:27:17","slug":"el-alcalde-de-pamplona-joseba-asiron-recibe-a-veronica-heredia-abogada-en-la-causa-de-la-querella-argentina-contra-crimenes-del-franquismo","status":"publish","type":"post","link":"https:\/\/www.laguiadepamplona.com\/actualidad\/el-alcalde-de-pamplona-joseba-asiron-recibe-a-veronica-heredia-abogada-en-la-causa-de-la-querella-argentina-contra-crimenes-del-franquismo\/","title":{"rendered":"El alcalde de Pamplona, Joseba Asiron, recibe a Ver\u00f3nica Heredia, abogada en la causa de la \u2018Querella argentina\u2019 contra cr\u00edmenes del franquismo"},"content":{"rendered":"<h2>En la reuni\u00f3n han estado presentes Joxe Abaurrea y Maider Beloki, como tenientes de Alcald\u00eda y miembros de Sanfermines 78 Gogoan<\/h2>\n<p><!--more--><\/p>\n<p>El alcalde de Pamplona, Joseba Asiron, se ha reunido con la abogada argentina Ver\u00f3nica Heredia. La letrada forma parte del equipo de la llamada \u201cQuerella argentina\u201d, el intento procesal de llevar a cabo una causa criminal en el pa\u00eds sudamericano por los cr\u00edmenes contra la humanidad que tuvieron lugar en Espa\u00f1a durante la dictadura franquista entre el 17 de julio de 1936 y el 15 de junio de 1977. La causa invocando la jurisdicci\u00f3n internacional se sigue ante el Juzgado Federal N\u00b0 1 a cargo de la magistrada Servini y en ella se han presentado numerosas personas, organizaciones y comunas espa\u00f1olas.<\/p>\n<p>Heredia se encuentra en Pamplona en una ronda de visitas institucionales y sociales para informar sobre la situaci\u00f3n de la querella y ha expuesto los principales hitos del proceso ante los tribunales argentinos. En el encuentro la abogada estaba acompa\u00f1ada por Amaia Kowasch Velasco, Mentxu Velasco Fleta y Ram\u00f3n Contreras, miembros de la iniciativa popular Sanfermines 78 Gogoan. Por parte del Ayuntamiento, adem\u00e1s de Joseba Asiron, han estado presentes los Tenientes de alcalde Joxe Abaurrea y Maider Beloki.<br \/>\n<script async src=\"\/\/pagead2.googlesyndication.com\/pagead\/js\/adsbygoogle.js\"><\/script><br \/>\n<!-- Noticias La Guia de Pamplona --><br \/>\n<ins class=\"adsbygoogle\"\nstyle=\"display:block\"\ndata-ad-client=\"ca-pub-6943679897239327\"\ndata-ad-slot=\"7048180777\"\ndata-ad-format=\"auto\"><\/ins><br \/>\n<script>\n(adsbygoogle = window.adsbygoogle || []).push({});\n<\/script><br \/>\nEl alcalde ha agradecido a Heredia y a las personas que est\u00e1n llevando a cabo esta iniciativa su trabajo en favor de los derechos humanos y por el esclarecimiento de la verdad, justicia y la reparaci\u00f3n a las v\u00edctimas y sus familias. Pamplona, en octubre de 2016 se puso a la cabeza de un grupo de entidades locales para impulsar querellas contra los cr\u00edmenes del franquismo y coordinar las acciones con ese objetivo. El conjunto estaba formado por Pamplona, Barcelona, Madrid, Zaragoza, A Coru\u00f1a, Vitoria-Gasteiz, C\u00e1diz y Rivas-Vaciamadrid y, junto con Valencia, un mes m\u00e1s tarde se unieron en la Red de Ciudades por la Memoria y la Justicia.<\/p>\n<p>La Oficina de la Memoria Hist\u00f3rica de Pamplona en 2016 present\u00f3 su informe la vulneraci\u00f3n de derechos humanos durante el franquismo en la ciudad y en \u00e9l reflejaba 309 muertes y m\u00e1s de 1.000 encarcelamientos durante la Guerra Civil y el franquismo en Pamplona.<br \/>\n<script async src=\"\/\/pagead2.googlesyndication.com\/pagead\/js\/adsbygoogle.js\"><\/script><br \/>\n<!-- Noticias La Guia de Pamplona --><br \/>\n<ins class=\"adsbygoogle\"\nstyle=\"display:block\"\ndata-ad-client=\"ca-pub-6943679897239327\"\ndata-ad-slot=\"7048180777\"\ndata-ad-format=\"auto\"><\/ins><br \/>\n<script>\n(adsbygoogle = window.adsbygoogle || []).push({});\n<\/script><br \/>\n<strong>Defensora de los derechos humanos<\/strong><\/p>\n<p>Ver\u00f3nica Heredia es abogada en el ejercicio profesional ante la Corte Suprema de Justicia de la Naci\u00f3n Argentina y en varias provincias y fueros, adem\u00e1s de abogada de v\u00edctimas ante el Sistema Interamericano y Universal de Protecci\u00f3n de los Derechos Humanos. Es tambi\u00e9n presidenta de la Comisi\u00f3n de los derechos de las v\u00edctimas; integrante de la Comisi\u00f3n de la mujer y de la Comisi\u00f3n de Derecho Penal y Procesal Penal de la Asociaci\u00f3n de Abogadas y Abogados de Argentina y directora ejecutiva de \u2018Memoria Abierta\u2019, alianza de organismos de derechos humanos de su pa\u00eds.<\/p>\n<p>Ejerce, adem\u00e1s, la docencia en diferentes instancias, siempre vinculada a la promoci\u00f3n de los derechos humanos, y ha publicado numerosos art\u00edculos en diarios y revistas sobre el an\u00e1lisis del discurso de derechos humanos en Argentina, particularmente en lo relativo al campo de memoria, verdad y justicia.<\/p>\n","protected":false},"excerpt":{"rendered":"<p>En la reuni\u00f3n han estado presentes Joxe Abaurrea y Maider Beloki, como tenientes de Alcald\u00eda y miembros de Sanfermines 78 Gogoan<\/p>\n","protected":false},"author":1,"featured_media":49228,"comment_status":"open","ping_status":"closed","sticky":false,"template":"","format":"standard","meta":{"footnotes":""},"categories":[2],"tags":[],"class_list":["post-49227","post","type-post","status-publish","format-standard","has-post-thumbnail","hentry","category-ayuntamiento-pamplona"],"yoast_head":"<!-- This site is optimized with the Yoast SEO plugin v27.3 - https:\/\/yoast.com\/product\/yoast-seo-wordpress\/ -->\n<title>El alcalde de Pamplona, Joseba Asiron, recibe a Ver\u00f3nica Heredia, abogada en la causa de la \u2018Querella argentina\u2019 contra cr\u00edmenes del franquismo<\/title>\n<meta name=\"description\" content=\"En la reuni\u00f3n han estado presentes Joxe Abaurrea y Maider Beloki, como tenientes de Alcald\u00eda y miembros de Sanfermines 78 Gogoan\" \/>\n<meta name=\"robots\" content=\"index, follow, max-snippet:-1, max-image-preview:large, max-video-preview:-1\" \/>\n<link rel=\"canonical\" href=\"https:\/\/www.laguiadepamplona.com\/actualidad\/el-alcalde-de-pamplona-joseba-asiron-recibe-a-veronica-heredia-abogada-en-la-causa-de-la-querella-argentina-contra-crimenes-del-franquismo\/\" \/>\n<meta property=\"og:locale\" content=\"es_ES\" \/>\n<meta property=\"og:type\" content=\"article\" \/>\n<meta property=\"og:title\" content=\"El alcalde de Pamplona, Joseba Asiron, recibe a Ver\u00f3nica Heredia, abogada en la causa de la \u2018Querella argentina\u2019 contra cr\u00edmenes del franquismo\" \/>\n<meta property=\"og:description\" content=\"En la reuni\u00f3n han estado presentes Joxe Abaurrea y Maider Beloki, como tenientes de Alcald\u00eda y miembros de Sanfermines 78 Gogoan\" \/>\n<meta property=\"og:url\" content=\"https:\/\/www.laguiadepamplona.com\/actualidad\/el-alcalde-de-pamplona-joseba-asiron-recibe-a-veronica-heredia-abogada-en-la-causa-de-la-querella-argentina-contra-crimenes-del-franquismo\/\" \/>\n<meta property=\"og:site_name\" content=\"La Gu\u00eda de Pamplona\" \/>\n<meta property=\"article:publisher\" content=\"https:\/\/www.facebook.com\/laguiadepamplonacom-133175176762273\/?ref=hl\" \/>\n<meta property=\"article:published_time\" content=\"2024-03-27T12:27:17+00:00\" \/>\n<meta property=\"og:image\" content=\"https:\/\/www.laguiadepamplona.com\/actualidad\/wp-content\/uploads\/2024\/03\/abogadaargentinacrimenesdelfranquismonb2284.webp\" \/>\n\t<meta property=\"og:image:width\" content=\"1200\" \/>\n\t<meta property=\"og:image:height\" content=\"800\" \/>\n\t<meta property=\"og:image:type\" content=\"image\/webp\" \/>\n<meta name=\"author\" content=\"La Gu\u00eda de Pamplona\" \/>\n<meta name=\"twitter:card\" content=\"summary_large_image\" \/>\n<meta name=\"twitter:creator\" content=\"@LaGuiadPamplona\" \/>\n<meta name=\"twitter:site\" content=\"@LaGuiadPamplona\" \/>\n<meta name=\"twitter:label1\" content=\"Escrito por\" \/>\n\t<meta name=\"twitter:data1\" content=\"La Gu\u00eda de Pamplona\" \/>\n\t<meta name=\"twitter:label2\" content=\"Tiempo de lectura\" \/>\n\t<meta name=\"twitter:data2\" content=\"3 minutos\" \/>\n<script type=\"application\/ld+json\" class=\"yoast-schema-graph\">{\"@context\":\"https:\\\/\\\/schema.org\",\"@graph\":[{\"@type\":\"Article\",\"@id\":\"https:\\\/\\\/www.laguiadepamplona.com\\\/actualidad\\\/el-alcalde-de-pamplona-joseba-asiron-recibe-a-veronica-heredia-abogada-en-la-causa-de-la-querella-argentina-contra-crimenes-del-franquismo\\\/#article\",\"isPartOf\":{\"@id\":\"https:\\\/\\\/www.laguiadepamplona.com\\\/actualidad\\\/el-alcalde-de-pamplona-joseba-asiron-recibe-a-veronica-heredia-abogada-en-la-causa-de-la-querella-argentina-contra-crimenes-del-franquismo\\\/\"},\"author\":{\"name\":\"La Gu\u00eda de Pamplona\",\"@id\":\"https:\\\/\\\/www.laguiadepamplona.com\\\/actualidad\\\/#\\\/schema\\\/person\\\/efe887376f0213d4657c93adc50b1fdb\"},\"headline\":\"El alcalde de Pamplona, Joseba Asiron, recibe a Ver\u00f3nica Heredia, abogada en la causa de la \u2018Querella argentina\u2019 contra cr\u00edmenes del franquismo\",\"datePublished\":\"2024-03-27T12:27:17+00:00\",\"mainEntityOfPage\":{\"@id\":\"https:\\\/\\\/www.laguiadepamplona.com\\\/actualidad\\\/el-alcalde-de-pamplona-joseba-asiron-recibe-a-veronica-heredia-abogada-en-la-causa-de-la-querella-argentina-contra-crimenes-del-franquismo\\\/\"},\"wordCount\":549,\"commentCount\":0,\"publisher\":{\"@id\":\"https:\\\/\\\/www.laguiadepamplona.com\\\/actualidad\\\/#organization\"},\"image\":{\"@id\":\"https:\\\/\\\/www.laguiadepamplona.com\\\/actualidad\\\/el-alcalde-de-pamplona-joseba-asiron-recibe-a-veronica-heredia-abogada-en-la-causa-de-la-querella-argentina-contra-crimenes-del-franquismo\\\/#primaryimage\"},\"thumbnailUrl\":\"https:\\\/\\\/www.laguiadepamplona.com\\\/actualidad\\\/wp-content\\\/uploads\\\/2024\\\/03\\\/abogadaargentinacrimenesdelfranquismonb2284.webp\",\"articleSection\":[\"Ayto Pamplona\"],\"inLanguage\":\"es\",\"potentialAction\":[{\"@type\":\"CommentAction\",\"name\":\"Comment\",\"target\":[\"https:\\\/\\\/www.laguiadepamplona.com\\\/actualidad\\\/el-alcalde-de-pamplona-joseba-asiron-recibe-a-veronica-heredia-abogada-en-la-causa-de-la-querella-argentina-contra-crimenes-del-franquismo\\\/#respond\"]}]},{\"@type\":\"WebPage\",\"@id\":\"https:\\\/\\\/www.laguiadepamplona.com\\\/actualidad\\\/el-alcalde-de-pamplona-joseba-asiron-recibe-a-veronica-heredia-abogada-en-la-causa-de-la-querella-argentina-contra-crimenes-del-franquismo\\\/\",\"url\":\"https:\\\/\\\/www.laguiadepamplona.com\\\/actualidad\\\/el-alcalde-de-pamplona-joseba-asiron-recibe-a-veronica-heredia-abogada-en-la-causa-de-la-querella-argentina-contra-crimenes-del-franquismo\\\/\",\"name\":\"El alcalde de Pamplona, Joseba Asiron, recibe a Ver\u00f3nica Heredia, abogada en la causa de la \u2018Querella argentina\u2019 contra cr\u00edmenes del franquismo\",\"isPartOf\":{\"@id\":\"https:\\\/\\\/www.laguiadepamplona.com\\\/actualidad\\\/#website\"},\"primaryImageOfPage\":{\"@id\":\"https:\\\/\\\/www.laguiadepamplona.com\\\/actualidad\\\/el-alcalde-de-pamplona-joseba-asiron-recibe-a-veronica-heredia-abogada-en-la-causa-de-la-querella-argentina-contra-crimenes-del-franquismo\\\/#primaryimage\"},\"image\":{\"@id\":\"https:\\\/\\\/www.laguiadepamplona.com\\\/actualidad\\\/el-alcalde-de-pamplona-joseba-asiron-recibe-a-veronica-heredia-abogada-en-la-causa-de-la-querella-argentina-contra-crimenes-del-franquismo\\\/#primaryimage\"},\"thumbnailUrl\":\"https:\\\/\\\/www.laguiadepamplona.com\\\/actualidad\\\/wp-content\\\/uploads\\\/2024\\\/03\\\/abogadaargentinacrimenesdelfranquismonb2284.webp\",\"datePublished\":\"2024-03-27T12:27:17+00:00\",\"description\":\"En la reuni\u00f3n han estado presentes Joxe Abaurrea y Maider Beloki, como tenientes de Alcald\u00eda y miembros de Sanfermines 78 Gogoan\",\"breadcrumb\":{\"@id\":\"https:\\\/\\\/www.laguiadepamplona.com\\\/actualidad\\\/el-alcalde-de-pamplona-joseba-asiron-recibe-a-veronica-heredia-abogada-en-la-causa-de-la-querella-argentina-contra-crimenes-del-franquismo\\\/#breadcrumb\"},\"inLanguage\":\"es\",\"potentialAction\":[{\"@type\":\"ReadAction\",\"target\":[\"https:\\\/\\\/www.laguiadepamplona.com\\\/actualidad\\\/el-alcalde-de-pamplona-joseba-asiron-recibe-a-veronica-heredia-abogada-en-la-causa-de-la-querella-argentina-contra-crimenes-del-franquismo\\\/\"]}]},{\"@type\":\"ImageObject\",\"inLanguage\":\"es\",\"@id\":\"https:\\\/\\\/www.laguiadepamplona.com\\\/actualidad\\\/el-alcalde-de-pamplona-joseba-asiron-recibe-a-veronica-heredia-abogada-en-la-causa-de-la-querella-argentina-contra-crimenes-del-franquismo\\\/#primaryimage\",\"url\":\"https:\\\/\\\/www.laguiadepamplona.com\\\/actualidad\\\/wp-content\\\/uploads\\\/2024\\\/03\\\/abogadaargentinacrimenesdelfranquismonb2284.webp\",\"contentUrl\":\"https:\\\/\\\/www.laguiadepamplona.com\\\/actualidad\\\/wp-content\\\/uploads\\\/2024\\\/03\\\/abogadaargentinacrimenesdelfranquismonb2284.webp\",\"width\":1200,\"height\":800,\"caption\":\"abogada argentina crimenes\"},{\"@type\":\"BreadcrumbList\",\"@id\":\"https:\\\/\\\/www.laguiadepamplona.com\\\/actualidad\\\/el-alcalde-de-pamplona-joseba-asiron-recibe-a-veronica-heredia-abogada-en-la-causa-de-la-querella-argentina-contra-crimenes-del-franquismo\\\/#breadcrumb\",\"itemListElement\":[{\"@type\":\"ListItem\",\"position\":1,\"name\":\"Portada\",\"item\":\"https:\\\/\\\/www.laguiadepamplona.com\\\/actualidad\\\/\"},{\"@type\":\"ListItem\",\"position\":2,\"name\":\"El alcalde de Pamplona, Joseba Asiron, recibe a Ver\u00f3nica Heredia, abogada en la causa de la \u2018Querella argentina\u2019 contra cr\u00edmenes del franquismo\"}]},{\"@type\":\"WebSite\",\"@id\":\"https:\\\/\\\/www.laguiadepamplona.com\\\/actualidad\\\/#website\",\"url\":\"https:\\\/\\\/www.laguiadepamplona.com\\\/actualidad\\\/\",\"name\":\"La gu\u00eda de Pamplona\",\"description\":\"Noticias de Pamplona\",\"publisher\":{\"@id\":\"https:\\\/\\\/www.laguiadepamplona.com\\\/actualidad\\\/#organization\"},\"potentialAction\":[{\"@type\":\"SearchAction\",\"target\":{\"@type\":\"EntryPoint\",\"urlTemplate\":\"https:\\\/\\\/www.laguiadepamplona.com\\\/actualidad\\\/?s={search_term_string}\"},\"query-input\":{\"@type\":\"PropertyValueSpecification\",\"valueRequired\":true,\"valueName\":\"search_term_string\"}}],\"inLanguage\":\"es\"},{\"@type\":\"Organization\",\"@id\":\"https:\\\/\\\/www.laguiadepamplona.com\\\/actualidad\\\/#organization\",\"name\":\"La Gu\u00eda de Pamplona \\\/ Noticias\",\"url\":\"https:\\\/\\\/www.laguiadepamplona.com\\\/actualidad\\\/\",\"logo\":{\"@type\":\"ImageObject\",\"inLanguage\":\"es\",\"@id\":\"https:\\\/\\\/www.laguiadepamplona.com\\\/actualidad\\\/#\\\/schema\\\/logo\\\/image\\\/\",\"url\":\"https:\\\/\\\/www.laguiadepamplona.com\\\/actualidad\\\/wp-content\\\/uploads\\\/2018\\\/11\\\/logo-laguiadepamplona18-web1.png\",\"contentUrl\":\"https:\\\/\\\/www.laguiadepamplona.com\\\/actualidad\\\/wp-content\\\/uploads\\\/2018\\\/11\\\/logo-laguiadepamplona18-web1.png\",\"width\":600,\"height\":196,\"caption\":\"La Gu\u00eda de Pamplona \\\/ Noticias\"},\"image\":{\"@id\":\"https:\\\/\\\/www.laguiadepamplona.com\\\/actualidad\\\/#\\\/schema\\\/logo\\\/image\\\/\"},\"sameAs\":[\"https:\\\/\\\/www.facebook.com\\\/laguiadepamplonacom-133175176762273\\\/?ref=hl\",\"https:\\\/\\\/x.com\\\/LaGuiadPamplona\",\"https:\\\/\\\/www.instagram.com\\\/la_guia_de_pamplona\\\/\",\"https:\\\/\\\/www.youtube.com\\\/user\\\/laguiadepamplona\"]},{\"@type\":\"Person\",\"@id\":\"https:\\\/\\\/www.laguiadepamplona.com\\\/actualidad\\\/#\\\/schema\\\/person\\\/efe887376f0213d4657c93adc50b1fdb\",\"name\":\"La Gu\u00eda de Pamplona\",\"image\":{\"@type\":\"ImageObject\",\"inLanguage\":\"es\",\"@id\":\"https:\\\/\\\/secure.gravatar.com\\\/avatar\\\/b6992f131dc8d30ab0dff15446e9d346d9dbd95992de0fef795073f5ea83a81c?s=96&d=mm&r=g\",\"url\":\"https:\\\/\\\/secure.gravatar.com\\\/avatar\\\/b6992f131dc8d30ab0dff15446e9d346d9dbd95992de0fef795073f5ea83a81c?s=96&d=mm&r=g\",\"contentUrl\":\"https:\\\/\\\/secure.gravatar.com\\\/avatar\\\/b6992f131dc8d30ab0dff15446e9d346d9dbd95992de0fef795073f5ea83a81c?s=96&d=mm&r=g\",\"caption\":\"La Gu\u00eda de Pamplona\"}}]}<\/script>\n<!-- \/ Yoast SEO plugin. -->","yoast_head_json":{"title":"El alcalde de Pamplona, Joseba Asiron, recibe a Ver\u00f3nica Heredia, abogada en la causa de la \u2018Querella argentina\u2019 contra cr\u00edmenes del franquismo","description":"En la reuni\u00f3n han estado presentes Joxe Abaurrea y Maider Beloki, como tenientes de Alcald\u00eda y miembros de Sanfermines 78 Gogoan","robots":{"index":"index","follow":"follow","max-snippet":"max-snippet:-1","max-image-preview":"max-image-preview:large","max-video-preview":"max-video-preview:-1"},"canonical":"https:\/\/www.laguiadepamplona.com\/actualidad\/el-alcalde-de-pamplona-joseba-asiron-recibe-a-veronica-heredia-abogada-en-la-causa-de-la-querella-argentina-contra-crimenes-del-franquismo\/","og_locale":"es_ES","og_type":"article","og_title":"El alcalde de Pamplona, Joseba Asiron, recibe a Ver\u00f3nica Heredia, abogada en la causa de la \u2018Querella argentina\u2019 contra cr\u00edmenes del franquismo","og_description":"En la reuni\u00f3n han estado presentes Joxe Abaurrea y Maider Beloki, como tenientes de Alcald\u00eda y miembros de Sanfermines 78 Gogoan","og_url":"https:\/\/www.laguiadepamplona.com\/actualidad\/el-alcalde-de-pamplona-joseba-asiron-recibe-a-veronica-heredia-abogada-en-la-causa-de-la-querella-argentina-contra-crimenes-del-franquismo\/","og_site_name":"La Gu\u00eda de Pamplona","article_publisher":"https:\/\/www.facebook.com\/laguiadepamplonacom-133175176762273\/?ref=hl","article_published_time":"2024-03-27T12:27:17+00:00","og_image":[{"width":1200,"height":800,"url":"https:\/\/www.laguiadepamplona.com\/actualidad\/wp-content\/uploads\/2024\/03\/abogadaargentinacrimenesdelfranquismonb2284.webp","type":"image\/webp"}],"author":"La Gu\u00eda de Pamplona","twitter_card":"summary_large_image","twitter_creator":"@LaGuiadPamplona","twitter_site":"@LaGuiadPamplona","twitter_misc":{"Escrito por":"La Gu\u00eda de Pamplona","Tiempo de lectura":"3 minutos"},"schema":{"@context":"https:\/\/schema.org","@graph":[{"@type":"Article","@id":"https:\/\/www.laguiadepamplona.com\/actualidad\/el-alcalde-de-pamplona-joseba-asiron-recibe-a-veronica-heredia-abogada-en-la-causa-de-la-querella-argentina-contra-crimenes-del-franquismo\/#article","isPartOf":{"@id":"https:\/\/www.laguiadepamplona.com\/actualidad\/el-alcalde-de-pamplona-joseba-asiron-recibe-a-veronica-heredia-abogada-en-la-causa-de-la-querella-argentina-contra-crimenes-del-franquismo\/"},"author":{"name":"La Gu\u00eda de Pamplona","@id":"https:\/\/www.laguiadepamplona.com\/actualidad\/#\/schema\/person\/efe887376f0213d4657c93adc50b1fdb"},"headline":"El alcalde de Pamplona, Joseba Asiron, recibe a Ver\u00f3nica Heredia, abogada en la causa de la \u2018Querella argentina\u2019 contra cr\u00edmenes del franquismo","datePublished":"2024-03-27T12:27:17+00:00","mainEntityOfPage":{"@id":"https:\/\/www.laguiadepamplona.com\/actualidad\/el-alcalde-de-pamplona-joseba-asiron-recibe-a-veronica-heredia-abogada-en-la-causa-de-la-querella-argentina-contra-crimenes-del-franquismo\/"},"wordCount":549,"commentCount":0,"publisher":{"@id":"https:\/\/www.laguiadepamplona.com\/actualidad\/#organization"},"image":{"@id":"https:\/\/www.laguiadepamplona.com\/actualidad\/el-alcalde-de-pamplona-joseba-asiron-recibe-a-veronica-heredia-abogada-en-la-causa-de-la-querella-argentina-contra-crimenes-del-franquismo\/#primaryimage"},"thumbnailUrl":"https:\/\/www.laguiadepamplona.com\/actualidad\/wp-content\/uploads\/2024\/03\/abogadaargentinacrimenesdelfranquismonb2284.webp","articleSection":["Ayto Pamplona"],"inLanguage":"es","potentialAction":[{"@type":"CommentAction","name":"Comment","target":["https:\/\/www.laguiadepamplona.com\/actualidad\/el-alcalde-de-pamplona-joseba-asiron-recibe-a-veronica-heredia-abogada-en-la-causa-de-la-querella-argentina-contra-crimenes-del-franquismo\/#respond"]}]},{"@type":"WebPage","@id":"https:\/\/www.laguiadepamplona.com\/actualidad\/el-alcalde-de-pamplona-joseba-asiron-recibe-a-veronica-heredia-abogada-en-la-causa-de-la-querella-argentina-contra-crimenes-del-franquismo\/","url":"https:\/\/www.laguiadepamplona.com\/actualidad\/el-alcalde-de-pamplona-joseba-asiron-recibe-a-veronica-heredia-abogada-en-la-causa-de-la-querella-argentina-contra-crimenes-del-franquismo\/","name":"El alcalde de Pamplona, Joseba Asiron, recibe a Ver\u00f3nica Heredia, abogada en la causa de la \u2018Querella argentina\u2019 contra cr\u00edmenes del franquismo","isPartOf":{"@id":"https:\/\/www.laguiadepamplona.com\/actualidad\/#website"},"primaryImageOfPage":{"@id":"https:\/\/www.laguiadepamplona.com\/actualidad\/el-alcalde-de-pamplona-joseba-asiron-recibe-a-veronica-heredia-abogada-en-la-causa-de-la-querella-argentina-contra-crimenes-del-franquismo\/#primaryimage"},"image":{"@id":"https:\/\/www.laguiadepamplona.com\/actualidad\/el-alcalde-de-pamplona-joseba-asiron-recibe-a-veronica-heredia-abogada-en-la-causa-de-la-querella-argentina-contra-crimenes-del-franquismo\/#primaryimage"},"thumbnailUrl":"https:\/\/www.laguiadepamplona.com\/actualidad\/wp-content\/uploads\/2024\/03\/abogadaargentinacrimenesdelfranquismonb2284.webp","datePublished":"2024-03-27T12:27:17+00:00","description":"En la reuni\u00f3n han estado presentes Joxe Abaurrea y Maider Beloki, como tenientes de Alcald\u00eda y miembros de Sanfermines 78 Gogoan","breadcrumb":{"@id":"https:\/\/www.laguiadepamplona.com\/actualidad\/el-alcalde-de-pamplona-joseba-asiron-recibe-a-veronica-heredia-abogada-en-la-causa-de-la-querella-argentina-contra-crimenes-del-franquismo\/#breadcrumb"},"inLanguage":"es","potentialAction":[{"@type":"ReadAction","target":["https:\/\/www.laguiadepamplona.com\/actualidad\/el-alcalde-de-pamplona-joseba-asiron-recibe-a-veronica-heredia-abogada-en-la-causa-de-la-querella-argentina-contra-crimenes-del-franquismo\/"]}]},{"@type":"ImageObject","inLanguage":"es","@id":"https:\/\/www.laguiadepamplona.com\/actualidad\/el-alcalde-de-pamplona-joseba-asiron-recibe-a-veronica-heredia-abogada-en-la-causa-de-la-querella-argentina-contra-crimenes-del-franquismo\/#primaryimage","url":"https:\/\/www.laguiadepamplona.com\/actualidad\/wp-content\/uploads\/2024\/03\/abogadaargentinacrimenesdelfranquismonb2284.webp","contentUrl":"https:\/\/www.laguiadepamplona.com\/actualidad\/wp-content\/uploads\/2024\/03\/abogadaargentinacrimenesdelfranquismonb2284.webp","width":1200,"height":800,"caption":"abogada argentina crimenes"},{"@type":"BreadcrumbList","@id":"https:\/\/www.laguiadepamplona.com\/actualidad\/el-alcalde-de-pamplona-joseba-asiron-recibe-a-veronica-heredia-abogada-en-la-causa-de-la-querella-argentina-contra-crimenes-del-franquismo\/#breadcrumb","itemListElement":[{"@type":"ListItem","position":1,"name":"Portada","item":"https:\/\/www.laguiadepamplona.com\/actualidad\/"},{"@type":"ListItem","position":2,"name":"El alcalde de Pamplona, Joseba Asiron, recibe a Ver\u00f3nica Heredia, abogada en la causa de la \u2018Querella argentina\u2019 contra cr\u00edmenes del franquismo"}]},{"@type":"WebSite","@id":"https:\/\/www.laguiadepamplona.com\/actualidad\/#website","url":"https:\/\/www.laguiadepamplona.com\/actualidad\/","name":"La gu\u00eda de Pamplona","description":"Noticias de Pamplona","publisher":{"@id":"https:\/\/www.laguiadepamplona.com\/actualidad\/#organization"},"potentialAction":[{"@type":"SearchAction","target":{"@type":"EntryPoint","urlTemplate":"https:\/\/www.laguiadepamplona.com\/actualidad\/?s={search_term_string}"},"query-input":{"@type":"PropertyValueSpecification","valueRequired":true,"valueName":"search_term_string"}}],"inLanguage":"es"},{"@type":"Organization","@id":"https:\/\/www.laguiadepamplona.com\/actualidad\/#organization","name":"La Gu\u00eda de Pamplona \/ Noticias","url":"https:\/\/www.laguiadepamplona.com\/actualidad\/","logo":{"@type":"ImageObject","inLanguage":"es","@id":"https:\/\/www.laguiadepamplona.com\/actualidad\/#\/schema\/logo\/image\/","url":"https:\/\/www.laguiadepamplona.com\/actualidad\/wp-content\/uploads\/2018\/11\/logo-laguiadepamplona18-web1.png","contentUrl":"https:\/\/www.laguiadepamplona.com\/actualidad\/wp-content\/uploads\/2018\/11\/logo-laguiadepamplona18-web1.png","width":600,"height":196,"caption":"La Gu\u00eda de Pamplona \/ Noticias"},"image":{"@id":"https:\/\/www.laguiadepamplona.com\/actualidad\/#\/schema\/logo\/image\/"},"sameAs":["https:\/\/www.facebook.com\/laguiadepamplonacom-133175176762273\/?ref=hl","https:\/\/x.com\/LaGuiadPamplona","https:\/\/www.instagram.com\/la_guia_de_pamplona\/","https:\/\/www.youtube.com\/user\/laguiadepamplona"]},{"@type":"Person","@id":"https:\/\/www.laguiadepamplona.com\/actualidad\/#\/schema\/person\/efe887376f0213d4657c93adc50b1fdb","name":"La Gu\u00eda de Pamplona","image":{"@type":"ImageObject","inLanguage":"es","@id":"https:\/\/secure.gravatar.com\/avatar\/b6992f131dc8d30ab0dff15446e9d346d9dbd95992de0fef795073f5ea83a81c?s=96&d=mm&r=g","url":"https:\/\/secure.gravatar.com\/avatar\/b6992f131dc8d30ab0dff15446e9d346d9dbd95992de0fef795073f5ea83a81c?s=96&d=mm&r=g","contentUrl":"https:\/\/secure.gravatar.com\/avatar\/b6992f131dc8d30ab0dff15446e9d346d9dbd95992de0fef795073f5ea83a81c?s=96&d=mm&r=g","caption":"La Gu\u00eda de Pamplona"}}]}},"post_mailing_queue_ids":[],"_links":{"self":[{"href":"https:\/\/www.laguiadepamplona.com\/actualidad\/wp-json\/wp\/v2\/posts\/49227","targetHints":{"allow":["GET"]}}],"collection":[{"href":"https:\/\/www.laguiadepamplona.com\/actualidad\/wp-json\/wp\/v2\/posts"}],"about":[{"href":"https:\/\/www.laguiadepamplona.com\/actualidad\/wp-json\/wp\/v2\/types\/post"}],"author":[{"embeddable":true,"href":"https:\/\/www.laguiadepamplona.com\/actualidad\/wp-json\/wp\/v2\/users\/1"}],"replies":[{"embeddable":true,"href":"https:\/\/www.laguiadepamplona.com\/actualidad\/wp-json\/wp\/v2\/comments?post=49227"}],"version-history":[{"count":1,"href":"https:\/\/www.laguiadepamplona.com\/actualidad\/wp-json\/wp\/v2\/posts\/49227\/revisions"}],"predecessor-version":[{"id":49229,"href":"https:\/\/www.laguiadepamplona.com\/actualidad\/wp-json\/wp\/v2\/posts\/49227\/revisions\/49229"}],"wp:featuredmedia":[{"embeddable":true,"href":"https:\/\/www.laguiadepamplona.com\/actualidad\/wp-json\/wp\/v2\/media\/49228"}],"wp:attachment":[{"href":"https:\/\/www.laguiadepamplona.com\/actualidad\/wp-json\/wp\/v2\/media?parent=49227"}],"wp:term":[{"taxonomy":"category","embeddable":true,"href":"https:\/\/www.laguiadepamplona.com\/actualidad\/wp-json\/wp\/v2\/categories?post=49227"},{"taxonomy":"post_tag","embeddable":true,"href":"https:\/\/www.laguiadepamplona.com\/actualidad\/wp-json\/wp\/v2\/tags?post=49227"}],"curies":[{"name":"wp","href":"https:\/\/api.w.org\/{rel}","templated":true}]}}