{"id":49221,"date":"2024-03-27T14:22:27","date_gmt":"2024-03-27T12:22:27","guid":{"rendered":"https:\/\/www.laguiadepamplona.com\/actualidad\/?p=49221"},"modified":"2024-03-27T14:22:27","modified_gmt":"2024-03-27T12:22:27","slug":"pamplona-una-de-las-ciudades-mejor-situadas-a-nivel-nacional-en-zonas-verdes-compartira-buenas-practicas-proximo-mes-de-mayo-en-el-congreso-parjap-2024","status":"publish","type":"post","link":"https:\/\/www.laguiadepamplona.com\/actualidad\/pamplona-una-de-las-ciudades-mejor-situadas-a-nivel-nacional-en-zonas-verdes-compartira-buenas-practicas-proximo-mes-de-mayo-en-el-congreso-parjap-2024\/","title":{"rendered":"Pamplona, una de las ciudades mejor situadas a nivel nacional en zonas verdes, compartir\u00e1 buenas pr\u00e1cticas pr\u00f3ximo mes de mayo en el Congreso PARJAP 2024"},"content":{"rendered":"<h2>Una de las caracter\u00edsticas del manejo de estos espacios es que son marco referencial de m\u00faltiples tipos de actividades ciudadanas durante todo el a\u00f1o<\/h2>\n<p><!--more--><\/p>\n<p>Pamplona es una de las ciudades mejor situadas a nivel nacional en la lista de poblaciones con un mayor n\u00famero de metros cuadrados de zonas verdes y de n\u00famero de \u00e1rboles por habitante. Pero, adem\u00e1s, Pamplona involucra durante el a\u00f1o a la ciudadan\u00eda en el uso y disfrute de sus infraestructuras verdes.<\/p>\n<p>A lo largo del a\u00f1o el Ayuntamiento programa visitas guiadas a los parques de la mano de naturalistas o personal t\u00e9cnico municipal, unos recorridos que tambi\u00e9n se adaptan a menores a trav\u00e9s de propuestas de materiales como el <em>quizz<\/em> del <a href=\"https:\/\/www.pamplona.es\/sites\/default\/files\/2020-01\/Cuaderno-del-explorador.pdf\" target=\"_blank\" rel=\"noopener\">\u2018Cuaderno de exploradores\u2019<\/a>, o a p\u00fablico familiar mediante distintas modalidades de escapes urbanos. <a href=\"https:\/\/www.pamplona.es\/turismo\/verde\/taconera\" target=\"_blank\" rel=\"noopener\">Los fosos de Taconera<\/a> acogen un minizoo donde conviven ciervas y m\u00e1s de 300 especies de aves, entre ellas patos, cisnes, pavos reales, faisanes y ocas. La llamada \u2018ciencia ciudadana\u2019 tambi\u00e9n tiene espacio en ese entorno. Una <a href=\"https:\/\/www.youtube.com\/watch?v=ESrmMRwboA8\" target=\"_blank\" rel=\"noopener\">campa\u00f1a de reparto de macetas<\/a> en los balcones y las rotondas de la ciudad mide la calidad del aire y, cada a\u00f1o, Pamplona se suma al Biomarathon, un proyecto peri\u00f3dico de ciencia ciudadana ideado por la Academia de Ciencias de California y el Museo de Ciencias Naturales de San Francisco que se centra en el concepto \u201cbiodiversidad urbana\u201d involucrando a la ciudadan\u00eda.<br \/>\n<script async src=\"\/\/pagead2.googlesyndication.com\/pagead\/js\/adsbygoogle.js\"><\/script><br \/>\n<!-- Noticias La Guia de Pamplona --><br \/>\n<ins class=\"adsbygoogle\"\nstyle=\"display:block\"\ndata-ad-client=\"ca-pub-6943679897239327\"\ndata-ad-slot=\"7048180777\"\ndata-ad-format=\"auto\"><\/ins><br \/>\n<script>\n(adsbygoogle = window.adsbygoogle || []).push({});\n<\/script><br \/>\nDel 8 al 10 de mayo, dentro del congreso <a href=\"https:\/\/www.aepjp.es\/wp-content\/uploads\/2024\/03\/PARJAP-2024-programa.pdf\" target=\"_blank\" rel=\"noopener\">PARJAP Pamplona 2024<\/a>, la ciudad expondr\u00e1 ante m\u00e1s de 400 personas especialistas sus buenas pr\u00e1cticas en el manejo y la gesti\u00f3n de las zonas verdes para la ciudadan\u00eda, adem\u00e1s de continuar mirando la ciudad del futuro desde un prisma de naturaleza. Y es que, las zonas verdes, adem\u00e1s de ser espacios de tr\u00e1nsito, en Pamplona tienen usos vinculados a la ecolog\u00eda (flora y fauna), la ciencia ciudadana, la educaci\u00f3n ambiental, la experimentaci\u00f3n, el deporte o la cultura. Pamplona realiza oferta cultural en espacios verdes durante los meses de m\u00e1s calor como conciertos, proyecciones cinematogr\u00e1ficas o danza contempor\u00e1nea, y mantiene dotaciones culturales fijas en espacios de praderas arboladas como la que albergan los edificios de <a href=\"https:\/\/www.pamplonaescultura.es\/places\/la-ciudadela\/\" target=\"_blank\" rel=\"noopener\">la Ciudadela<\/a> convertidos en espacios expositivos. Es un parque, Trinitarios, el que acoge un <a href=\"https:\/\/www.parquedeltren.com\/\" target=\"_blank\" rel=\"noopener\">centro tem\u00e1tico sobre el ferrocarril<\/a>.<\/p>\n<p>La ciudad verde proporciona tambi\u00e9n muchas posibilidades para hacer ejercicio f\u00edsico y deporte, aportando los espacios que propugnan los dise\u00f1os de ciudad m\u00e1s vanguardistas alineados con las llamadas \u201cCiudades Activas\u201d. A este respecto, la ciudad cuenta con m\u00e1s de <a href=\"https:\/\/www.pamplona.es\/temas\/deporte\/espacios-especificos-al-aire-libre\" target=\"_blank\" rel=\"noopener\">50 espacios deportivos urbanos<\/a> para ejercitarse gratuitamente (Skate park de Antoniutti, Pump Track de Trinitarios, Circuito de Patinaje de Antoniutti, pistas polideportivas, gimnasios urbanos, circuito de carrera \u201cPatxi Morentin\u201d, etc\u00e9tera).<\/p>\n<p>Adem\u00e1s, los paseos fluviales, los carriles bici y otras \u00e1reas que integran o atraviesan las zonas verdes de la ciudad, dan lugar regularmente a actividades como pasear, andar en bicicleta y otro tipo de desplazamientos activos. Muchas de las propuestas para aprovechar el espacio deportivo urbano pueden consultarse en la Web <a href=\"http:\/\/minutosatucontador.pamplona.es\/\" target=\"_blank\" rel=\"noopener\">http:\/\/minutosatucontador.pamplona.es\/<\/a>, constituyendo agentes de h\u00e1bitos saludables y de participaci\u00f3n social. Finalmente, una parte de los eventos deportivos de la ciudad y determinadas actividades municipales aprovechan espacios ubicados en zonas verdes, o bien para dar cabida a actividades deportivas, o bien como zona de paso de aquellas por su alto valor a\u00f1adido para sus participantes. Aqu\u00ed pueden incluirse eventos como la Half Triatl\u00f3n, diversos campeonatos de patinaje en Antoniutti, variadas pruebas atl\u00e9ticas como la Zubiri-Pamplona o la Carrera de las Murallas, la oferta multideportiva de San Ferm\u00edn, las marchas n\u00f3rdicas, o la oferta de pirag\u00fcismo en el Arga del Centro Municipal \u201cMolino de Caparroso\u201d, entre otras.<br \/>\n<script async src=\"\/\/pagead2.googlesyndication.com\/pagead\/js\/adsbygoogle.js\"><\/script><br \/>\n<!-- Noticias La Guia de Pamplona --><br \/>\n<ins class=\"adsbygoogle\"\nstyle=\"display:block\"\ndata-ad-client=\"ca-pub-6943679897239327\"\ndata-ad-slot=\"7048180777\"\ndata-ad-format=\"auto\"><\/ins><br \/>\n<script>\n(adsbygoogle = window.adsbygoogle || []).push({});\n<\/script><br \/>\nAdem\u00e1s, las zonas verdes son soportes de aprendizaje. Desde <a href=\"https:\/\/educacionambiental.pamplona.es\/comunidad-educativa\/programa-sentir-naturaleza\/\" target=\"_blank\" rel=\"noopener\">Educaci\u00f3n Ambiental<\/a> del Ayuntamiento de Pamplona se proponen a lo largo del a\u00f1o actividades did\u00e1cticas para colegios, residencias y asociaciones ciudadanas, desde la fabricaci\u00f3n de cajas-nido para p\u00e1ridos o quir\u00f3pteros (distintas clases de murci\u00e9lagos) o la celebraci\u00f3n del d\u00eda del \u00e1rbol, hasta <a href=\"https:\/\/www.youtube.com\/watch?v=_epRG21pNEU&amp;list=PLitv-PLvyk1XAf3XePKhCcvz6lJWL3Caa&amp;index=11\" target=\"_blank\" rel=\"noopener\">plantaciones en los entornos escolares<\/a>, jornadas de voluntariado para la limpieza de las orillas del Arga, de <a href=\"https:\/\/educacionambiental.pamplona.es\/comunidad-educativa\/proyecto-lago-de-mendillorri\/\" target=\"_blank\" rel=\"noopener\">recuperaci\u00f3n participada de lagos urbanos<\/a> o estanques (Mendillorri), o de <a href=\"https:\/\/www.youtube.com\/watch?v=59gdeYrkxmI\" target=\"_blank\" rel=\"noopener\">plantaci\u00f3n de bosques<\/a> (Agustinos). Los jardines y otros espacios naturalizados de la ciudad acogen talleres, como los de seguimiento de huellas de animales, observaciones diurnas de p\u00e1jaros y sesiones nocturnas, como la \u2018Bat night\u2019.<\/p>\n<p>Las zonas verdes son tambi\u00e9n espacios experimentales de paisajismo que han sido soporte de eventos como la creaci\u00f3n de jardines ef\u00edmeros por los colegios o parterres que reproducen formas animales cuando se miran desde arriba o escenario para encuentros de disciplinas peculiares como, en el a\u00f1o 2016, la celebraci\u00f3n del XV Campeonato de Trepa de la Asociaci\u00f3n Espa\u00f1ola de Arboricultura en Aranzadi. Toda esta puesta en valor se suma a los usos habituales de paseo, tanto a pie como en bicicletas o VMP, o de espacios de tr\u00e1nsito habitual en la vida cotidiana de la ciudadan\u00eda.<\/p>\n<p>El escenario de todas estas iniciativas son 3,5 millones de m\u00b2 de zonas verdes urbanas, dos parques hist\u00f3ricos de inspiraci\u00f3n rom\u00e1ntica, 120.000 \u00e1rboles distribuidos entre sotos fluviales, parques, calles y aceras y diversas parcelas forestales, tanto en el monte Ezkaba, como en dos bosques de nueva creaci\u00f3n. El extenso patrimonio natural de la ciudad es un bien de uso com\u00fan y desde el Ayuntamiento de Pamplona se ofrece como tal con iniciativas que buscan sensibilizar al conjunto de la sociedad. El objetivo es que, a trav\u00e9s del conocimiento y el uso, se ponga en valor el car\u00e1cter verde de la ciudad. La gesti\u00f3n, adem\u00e1s, se encara desde la sostenibilidad, buscando las mejores soluciones basadas en los procesos naturales.<\/p>\n","protected":false},"excerpt":{"rendered":"<p>Una de las caracter\u00edsticas del manejo de estos espacios es que son marco referencial de m\u00faltiples tipos de actividades ciudadanas durante todo el a\u00f1o<\/p>\n","protected":false},"author":1,"featured_media":49222,"comment_status":"open","ping_status":"closed","sticky":false,"template":"","format":"standard","meta":{"footnotes":""},"categories":[2],"tags":[],"class_list":["post-49221","post","type-post","status-publish","format-standard","has-post-thumbnail","hentry","category-ayuntamiento-pamplona"],"yoast_head":"<!-- This site is optimized with the Yoast SEO plugin v27.3 - https:\/\/yoast.com\/product\/yoast-seo-wordpress\/ -->\n<title>Pamplona, una de las ciudades mejor situadas a nivel nacional en zonas verdes, compartir\u00e1 buenas pr\u00e1cticas pr\u00f3ximo mes de mayo en el Congreso PARJAP 2024<\/title>\n<meta name=\"description\" content=\"Una de las caracter\u00edsticas del manejo de estos espacios es que son marco referencial de m\u00faltiples tipos de actividades ciudadanas durante todo el a\u00f1o\" \/>\n<meta name=\"robots\" content=\"index, follow, max-snippet:-1, max-image-preview:large, max-video-preview:-1\" \/>\n<link rel=\"canonical\" href=\"https:\/\/www.laguiadepamplona.com\/actualidad\/pamplona-una-de-las-ciudades-mejor-situadas-a-nivel-nacional-en-zonas-verdes-compartira-buenas-practicas-proximo-mes-de-mayo-en-el-congreso-parjap-2024\/\" \/>\n<meta property=\"og:locale\" content=\"es_ES\" \/>\n<meta property=\"og:type\" content=\"article\" \/>\n<meta property=\"og:title\" content=\"Pamplona, una de las ciudades mejor situadas a nivel nacional en zonas verdes, compartir\u00e1 buenas pr\u00e1cticas pr\u00f3ximo mes de mayo en el Congreso PARJAP 2024\" \/>\n<meta property=\"og:description\" content=\"Una de las caracter\u00edsticas del manejo de estos espacios es que son marco referencial de m\u00faltiples tipos de actividades ciudadanas durante todo el a\u00f1o\" \/>\n<meta property=\"og:url\" content=\"https:\/\/www.laguiadepamplona.com\/actualidad\/pamplona-una-de-las-ciudades-mejor-situadas-a-nivel-nacional-en-zonas-verdes-compartira-buenas-practicas-proximo-mes-de-mayo-en-el-congreso-parjap-2024\/\" \/>\n<meta property=\"og:site_name\" content=\"La Gu\u00eda de Pamplona\" \/>\n<meta property=\"article:publisher\" content=\"https:\/\/www.facebook.com\/laguiadepamplonacom-133175176762273\/?ref=hl\" \/>\n<meta property=\"article:published_time\" content=\"2024-03-27T12:22:27+00:00\" \/>\n<meta property=\"og:image\" content=\"https:\/\/www.laguiadepamplona.com\/actualidad\/wp-content\/uploads\/2024\/03\/muralla_revellin_lienzo-copia.webp\" \/>\n\t<meta property=\"og:image:width\" content=\"1200\" \/>\n\t<meta property=\"og:image:height\" content=\"899\" \/>\n\t<meta property=\"og:image:type\" content=\"image\/webp\" \/>\n<meta name=\"author\" content=\"La Gu\u00eda de Pamplona\" \/>\n<meta name=\"twitter:card\" content=\"summary_large_image\" \/>\n<meta name=\"twitter:creator\" content=\"@LaGuiadPamplona\" \/>\n<meta name=\"twitter:site\" content=\"@LaGuiadPamplona\" \/>\n<meta name=\"twitter:label1\" content=\"Escrito por\" \/>\n\t<meta name=\"twitter:data1\" content=\"La Gu\u00eda de Pamplona\" \/>\n\t<meta name=\"twitter:label2\" content=\"Tiempo de lectura\" \/>\n\t<meta name=\"twitter:data2\" content=\"5 minutos\" \/>\n<script type=\"application\/ld+json\" class=\"yoast-schema-graph\">{\"@context\":\"https:\\\/\\\/schema.org\",\"@graph\":[{\"@type\":\"Article\",\"@id\":\"https:\\\/\\\/www.laguiadepamplona.com\\\/actualidad\\\/pamplona-una-de-las-ciudades-mejor-situadas-a-nivel-nacional-en-zonas-verdes-compartira-buenas-practicas-proximo-mes-de-mayo-en-el-congreso-parjap-2024\\\/#article\",\"isPartOf\":{\"@id\":\"https:\\\/\\\/www.laguiadepamplona.com\\\/actualidad\\\/pamplona-una-de-las-ciudades-mejor-situadas-a-nivel-nacional-en-zonas-verdes-compartira-buenas-practicas-proximo-mes-de-mayo-en-el-congreso-parjap-2024\\\/\"},\"author\":{\"name\":\"La Gu\u00eda de Pamplona\",\"@id\":\"https:\\\/\\\/www.laguiadepamplona.com\\\/actualidad\\\/#\\\/schema\\\/person\\\/efe887376f0213d4657c93adc50b1fdb\"},\"headline\":\"Pamplona, una de las ciudades mejor situadas a nivel nacional en zonas verdes, compartir\u00e1 buenas pr\u00e1cticas pr\u00f3ximo mes de mayo en el Congreso PARJAP 2024\",\"datePublished\":\"2024-03-27T12:22:27+00:00\",\"mainEntityOfPage\":{\"@id\":\"https:\\\/\\\/www.laguiadepamplona.com\\\/actualidad\\\/pamplona-una-de-las-ciudades-mejor-situadas-a-nivel-nacional-en-zonas-verdes-compartira-buenas-practicas-proximo-mes-de-mayo-en-el-congreso-parjap-2024\\\/\"},\"wordCount\":1020,\"commentCount\":0,\"publisher\":{\"@id\":\"https:\\\/\\\/www.laguiadepamplona.com\\\/actualidad\\\/#organization\"},\"image\":{\"@id\":\"https:\\\/\\\/www.laguiadepamplona.com\\\/actualidad\\\/pamplona-una-de-las-ciudades-mejor-situadas-a-nivel-nacional-en-zonas-verdes-compartira-buenas-practicas-proximo-mes-de-mayo-en-el-congreso-parjap-2024\\\/#primaryimage\"},\"thumbnailUrl\":\"https:\\\/\\\/www.laguiadepamplona.com\\\/actualidad\\\/wp-content\\\/uploads\\\/2024\\\/03\\\/muralla_revellin_lienzo-copia.webp\",\"articleSection\":[\"Ayto Pamplona\"],\"inLanguage\":\"es\",\"potentialAction\":[{\"@type\":\"CommentAction\",\"name\":\"Comment\",\"target\":[\"https:\\\/\\\/www.laguiadepamplona.com\\\/actualidad\\\/pamplona-una-de-las-ciudades-mejor-situadas-a-nivel-nacional-en-zonas-verdes-compartira-buenas-practicas-proximo-mes-de-mayo-en-el-congreso-parjap-2024\\\/#respond\"]}]},{\"@type\":\"WebPage\",\"@id\":\"https:\\\/\\\/www.laguiadepamplona.com\\\/actualidad\\\/pamplona-una-de-las-ciudades-mejor-situadas-a-nivel-nacional-en-zonas-verdes-compartira-buenas-practicas-proximo-mes-de-mayo-en-el-congreso-parjap-2024\\\/\",\"url\":\"https:\\\/\\\/www.laguiadepamplona.com\\\/actualidad\\\/pamplona-una-de-las-ciudades-mejor-situadas-a-nivel-nacional-en-zonas-verdes-compartira-buenas-practicas-proximo-mes-de-mayo-en-el-congreso-parjap-2024\\\/\",\"name\":\"Pamplona, una de las ciudades mejor situadas a nivel nacional en zonas verdes, compartir\u00e1 buenas pr\u00e1cticas pr\u00f3ximo mes de mayo en el Congreso PARJAP 2024\",\"isPartOf\":{\"@id\":\"https:\\\/\\\/www.laguiadepamplona.com\\\/actualidad\\\/#website\"},\"primaryImageOfPage\":{\"@id\":\"https:\\\/\\\/www.laguiadepamplona.com\\\/actualidad\\\/pamplona-una-de-las-ciudades-mejor-situadas-a-nivel-nacional-en-zonas-verdes-compartira-buenas-practicas-proximo-mes-de-mayo-en-el-congreso-parjap-2024\\\/#primaryimage\"},\"image\":{\"@id\":\"https:\\\/\\\/www.laguiadepamplona.com\\\/actualidad\\\/pamplona-una-de-las-ciudades-mejor-situadas-a-nivel-nacional-en-zonas-verdes-compartira-buenas-practicas-proximo-mes-de-mayo-en-el-congreso-parjap-2024\\\/#primaryimage\"},\"thumbnailUrl\":\"https:\\\/\\\/www.laguiadepamplona.com\\\/actualidad\\\/wp-content\\\/uploads\\\/2024\\\/03\\\/muralla_revellin_lienzo-copia.webp\",\"datePublished\":\"2024-03-27T12:22:27+00:00\",\"description\":\"Una de las caracter\u00edsticas del manejo de estos espacios es que son marco referencial de m\u00faltiples tipos de actividades ciudadanas durante todo el a\u00f1o\",\"breadcrumb\":{\"@id\":\"https:\\\/\\\/www.laguiadepamplona.com\\\/actualidad\\\/pamplona-una-de-las-ciudades-mejor-situadas-a-nivel-nacional-en-zonas-verdes-compartira-buenas-practicas-proximo-mes-de-mayo-en-el-congreso-parjap-2024\\\/#breadcrumb\"},\"inLanguage\":\"es\",\"potentialAction\":[{\"@type\":\"ReadAction\",\"target\":[\"https:\\\/\\\/www.laguiadepamplona.com\\\/actualidad\\\/pamplona-una-de-las-ciudades-mejor-situadas-a-nivel-nacional-en-zonas-verdes-compartira-buenas-practicas-proximo-mes-de-mayo-en-el-congreso-parjap-2024\\\/\"]}]},{\"@type\":\"ImageObject\",\"inLanguage\":\"es\",\"@id\":\"https:\\\/\\\/www.laguiadepamplona.com\\\/actualidad\\\/pamplona-una-de-las-ciudades-mejor-situadas-a-nivel-nacional-en-zonas-verdes-compartira-buenas-practicas-proximo-mes-de-mayo-en-el-congreso-parjap-2024\\\/#primaryimage\",\"url\":\"https:\\\/\\\/www.laguiadepamplona.com\\\/actualidad\\\/wp-content\\\/uploads\\\/2024\\\/03\\\/muralla_revellin_lienzo-copia.webp\",\"contentUrl\":\"https:\\\/\\\/www.laguiadepamplona.com\\\/actualidad\\\/wp-content\\\/uploads\\\/2024\\\/03\\\/muralla_revellin_lienzo-copia.webp\",\"width\":1200,\"height\":899,\"caption\":\"muralla revellin\"},{\"@type\":\"BreadcrumbList\",\"@id\":\"https:\\\/\\\/www.laguiadepamplona.com\\\/actualidad\\\/pamplona-una-de-las-ciudades-mejor-situadas-a-nivel-nacional-en-zonas-verdes-compartira-buenas-practicas-proximo-mes-de-mayo-en-el-congreso-parjap-2024\\\/#breadcrumb\",\"itemListElement\":[{\"@type\":\"ListItem\",\"position\":1,\"name\":\"Portada\",\"item\":\"https:\\\/\\\/www.laguiadepamplona.com\\\/actualidad\\\/\"},{\"@type\":\"ListItem\",\"position\":2,\"name\":\"Pamplona, una de las ciudades mejor situadas a nivel nacional en zonas verdes, compartir\u00e1 buenas pr\u00e1cticas pr\u00f3ximo mes de mayo en el Congreso PARJAP 2024\"}]},{\"@type\":\"WebSite\",\"@id\":\"https:\\\/\\\/www.laguiadepamplona.com\\\/actualidad\\\/#website\",\"url\":\"https:\\\/\\\/www.laguiadepamplona.com\\\/actualidad\\\/\",\"name\":\"La gu\u00eda de Pamplona\",\"description\":\"Noticias de Pamplona\",\"publisher\":{\"@id\":\"https:\\\/\\\/www.laguiadepamplona.com\\\/actualidad\\\/#organization\"},\"potentialAction\":[{\"@type\":\"SearchAction\",\"target\":{\"@type\":\"EntryPoint\",\"urlTemplate\":\"https:\\\/\\\/www.laguiadepamplona.com\\\/actualidad\\\/?s={search_term_string}\"},\"query-input\":{\"@type\":\"PropertyValueSpecification\",\"valueRequired\":true,\"valueName\":\"search_term_string\"}}],\"inLanguage\":\"es\"},{\"@type\":\"Organization\",\"@id\":\"https:\\\/\\\/www.laguiadepamplona.com\\\/actualidad\\\/#organization\",\"name\":\"La Gu\u00eda de Pamplona \\\/ Noticias\",\"url\":\"https:\\\/\\\/www.laguiadepamplona.com\\\/actualidad\\\/\",\"logo\":{\"@type\":\"ImageObject\",\"inLanguage\":\"es\",\"@id\":\"https:\\\/\\\/www.laguiadepamplona.com\\\/actualidad\\\/#\\\/schema\\\/logo\\\/image\\\/\",\"url\":\"https:\\\/\\\/www.laguiadepamplona.com\\\/actualidad\\\/wp-content\\\/uploads\\\/2018\\\/11\\\/logo-laguiadepamplona18-web1.png\",\"contentUrl\":\"https:\\\/\\\/www.laguiadepamplona.com\\\/actualidad\\\/wp-content\\\/uploads\\\/2018\\\/11\\\/logo-laguiadepamplona18-web1.png\",\"width\":600,\"height\":196,\"caption\":\"La Gu\u00eda de Pamplona \\\/ Noticias\"},\"image\":{\"@id\":\"https:\\\/\\\/www.laguiadepamplona.com\\\/actualidad\\\/#\\\/schema\\\/logo\\\/image\\\/\"},\"sameAs\":[\"https:\\\/\\\/www.facebook.com\\\/laguiadepamplonacom-133175176762273\\\/?ref=hl\",\"https:\\\/\\\/x.com\\\/LaGuiadPamplona\",\"https:\\\/\\\/www.instagram.com\\\/la_guia_de_pamplona\\\/\",\"https:\\\/\\\/www.youtube.com\\\/user\\\/laguiadepamplona\"]},{\"@type\":\"Person\",\"@id\":\"https:\\\/\\\/www.laguiadepamplona.com\\\/actualidad\\\/#\\\/schema\\\/person\\\/efe887376f0213d4657c93adc50b1fdb\",\"name\":\"La Gu\u00eda de Pamplona\",\"image\":{\"@type\":\"ImageObject\",\"inLanguage\":\"es\",\"@id\":\"https:\\\/\\\/secure.gravatar.com\\\/avatar\\\/b6992f131dc8d30ab0dff15446e9d346d9dbd95992de0fef795073f5ea83a81c?s=96&d=mm&r=g\",\"url\":\"https:\\\/\\\/secure.gravatar.com\\\/avatar\\\/b6992f131dc8d30ab0dff15446e9d346d9dbd95992de0fef795073f5ea83a81c?s=96&d=mm&r=g\",\"contentUrl\":\"https:\\\/\\\/secure.gravatar.com\\\/avatar\\\/b6992f131dc8d30ab0dff15446e9d346d9dbd95992de0fef795073f5ea83a81c?s=96&d=mm&r=g\",\"caption\":\"La Gu\u00eda de Pamplona\"}}]}<\/script>\n<!-- \/ Yoast SEO plugin. -->","yoast_head_json":{"title":"Pamplona, una de las ciudades mejor situadas a nivel nacional en zonas verdes, compartir\u00e1 buenas pr\u00e1cticas pr\u00f3ximo mes de mayo en el Congreso PARJAP 2024","description":"Una de las caracter\u00edsticas del manejo de estos espacios es que son marco referencial de m\u00faltiples tipos de actividades ciudadanas durante todo el a\u00f1o","robots":{"index":"index","follow":"follow","max-snippet":"max-snippet:-1","max-image-preview":"max-image-preview:large","max-video-preview":"max-video-preview:-1"},"canonical":"https:\/\/www.laguiadepamplona.com\/actualidad\/pamplona-una-de-las-ciudades-mejor-situadas-a-nivel-nacional-en-zonas-verdes-compartira-buenas-practicas-proximo-mes-de-mayo-en-el-congreso-parjap-2024\/","og_locale":"es_ES","og_type":"article","og_title":"Pamplona, una de las ciudades mejor situadas a nivel nacional en zonas verdes, compartir\u00e1 buenas pr\u00e1cticas pr\u00f3ximo mes de mayo en el Congreso PARJAP 2024","og_description":"Una de las caracter\u00edsticas del manejo de estos espacios es que son marco referencial de m\u00faltiples tipos de actividades ciudadanas durante todo el a\u00f1o","og_url":"https:\/\/www.laguiadepamplona.com\/actualidad\/pamplona-una-de-las-ciudades-mejor-situadas-a-nivel-nacional-en-zonas-verdes-compartira-buenas-practicas-proximo-mes-de-mayo-en-el-congreso-parjap-2024\/","og_site_name":"La Gu\u00eda de Pamplona","article_publisher":"https:\/\/www.facebook.com\/laguiadepamplonacom-133175176762273\/?ref=hl","article_published_time":"2024-03-27T12:22:27+00:00","og_image":[{"width":1200,"height":899,"url":"https:\/\/www.laguiadepamplona.com\/actualidad\/wp-content\/uploads\/2024\/03\/muralla_revellin_lienzo-copia.webp","type":"image\/webp"}],"author":"La Gu\u00eda de Pamplona","twitter_card":"summary_large_image","twitter_creator":"@LaGuiadPamplona","twitter_site":"@LaGuiadPamplona","twitter_misc":{"Escrito por":"La Gu\u00eda de Pamplona","Tiempo de lectura":"5 minutos"},"schema":{"@context":"https:\/\/schema.org","@graph":[{"@type":"Article","@id":"https:\/\/www.laguiadepamplona.com\/actualidad\/pamplona-una-de-las-ciudades-mejor-situadas-a-nivel-nacional-en-zonas-verdes-compartira-buenas-practicas-proximo-mes-de-mayo-en-el-congreso-parjap-2024\/#article","isPartOf":{"@id":"https:\/\/www.laguiadepamplona.com\/actualidad\/pamplona-una-de-las-ciudades-mejor-situadas-a-nivel-nacional-en-zonas-verdes-compartira-buenas-practicas-proximo-mes-de-mayo-en-el-congreso-parjap-2024\/"},"author":{"name":"La Gu\u00eda de Pamplona","@id":"https:\/\/www.laguiadepamplona.com\/actualidad\/#\/schema\/person\/efe887376f0213d4657c93adc50b1fdb"},"headline":"Pamplona, una de las ciudades mejor situadas a nivel nacional en zonas verdes, compartir\u00e1 buenas pr\u00e1cticas pr\u00f3ximo mes de mayo en el Congreso PARJAP 2024","datePublished":"2024-03-27T12:22:27+00:00","mainEntityOfPage":{"@id":"https:\/\/www.laguiadepamplona.com\/actualidad\/pamplona-una-de-las-ciudades-mejor-situadas-a-nivel-nacional-en-zonas-verdes-compartira-buenas-practicas-proximo-mes-de-mayo-en-el-congreso-parjap-2024\/"},"wordCount":1020,"commentCount":0,"publisher":{"@id":"https:\/\/www.laguiadepamplona.com\/actualidad\/#organization"},"image":{"@id":"https:\/\/www.laguiadepamplona.com\/actualidad\/pamplona-una-de-las-ciudades-mejor-situadas-a-nivel-nacional-en-zonas-verdes-compartira-buenas-practicas-proximo-mes-de-mayo-en-el-congreso-parjap-2024\/#primaryimage"},"thumbnailUrl":"https:\/\/www.laguiadepamplona.com\/actualidad\/wp-content\/uploads\/2024\/03\/muralla_revellin_lienzo-copia.webp","articleSection":["Ayto Pamplona"],"inLanguage":"es","potentialAction":[{"@type":"CommentAction","name":"Comment","target":["https:\/\/www.laguiadepamplona.com\/actualidad\/pamplona-una-de-las-ciudades-mejor-situadas-a-nivel-nacional-en-zonas-verdes-compartira-buenas-practicas-proximo-mes-de-mayo-en-el-congreso-parjap-2024\/#respond"]}]},{"@type":"WebPage","@id":"https:\/\/www.laguiadepamplona.com\/actualidad\/pamplona-una-de-las-ciudades-mejor-situadas-a-nivel-nacional-en-zonas-verdes-compartira-buenas-practicas-proximo-mes-de-mayo-en-el-congreso-parjap-2024\/","url":"https:\/\/www.laguiadepamplona.com\/actualidad\/pamplona-una-de-las-ciudades-mejor-situadas-a-nivel-nacional-en-zonas-verdes-compartira-buenas-practicas-proximo-mes-de-mayo-en-el-congreso-parjap-2024\/","name":"Pamplona, una de las ciudades mejor situadas a nivel nacional en zonas verdes, compartir\u00e1 buenas pr\u00e1cticas pr\u00f3ximo mes de mayo en el Congreso PARJAP 2024","isPartOf":{"@id":"https:\/\/www.laguiadepamplona.com\/actualidad\/#website"},"primaryImageOfPage":{"@id":"https:\/\/www.laguiadepamplona.com\/actualidad\/pamplona-una-de-las-ciudades-mejor-situadas-a-nivel-nacional-en-zonas-verdes-compartira-buenas-practicas-proximo-mes-de-mayo-en-el-congreso-parjap-2024\/#primaryimage"},"image":{"@id":"https:\/\/www.laguiadepamplona.com\/actualidad\/pamplona-una-de-las-ciudades-mejor-situadas-a-nivel-nacional-en-zonas-verdes-compartira-buenas-practicas-proximo-mes-de-mayo-en-el-congreso-parjap-2024\/#primaryimage"},"thumbnailUrl":"https:\/\/www.laguiadepamplona.com\/actualidad\/wp-content\/uploads\/2024\/03\/muralla_revellin_lienzo-copia.webp","datePublished":"2024-03-27T12:22:27+00:00","description":"Una de las caracter\u00edsticas del manejo de estos espacios es que son marco referencial de m\u00faltiples tipos de actividades ciudadanas durante todo el a\u00f1o","breadcrumb":{"@id":"https:\/\/www.laguiadepamplona.com\/actualidad\/pamplona-una-de-las-ciudades-mejor-situadas-a-nivel-nacional-en-zonas-verdes-compartira-buenas-practicas-proximo-mes-de-mayo-en-el-congreso-parjap-2024\/#breadcrumb"},"inLanguage":"es","potentialAction":[{"@type":"ReadAction","target":["https:\/\/www.laguiadepamplona.com\/actualidad\/pamplona-una-de-las-ciudades-mejor-situadas-a-nivel-nacional-en-zonas-verdes-compartira-buenas-practicas-proximo-mes-de-mayo-en-el-congreso-parjap-2024\/"]}]},{"@type":"ImageObject","inLanguage":"es","@id":"https:\/\/www.laguiadepamplona.com\/actualidad\/pamplona-una-de-las-ciudades-mejor-situadas-a-nivel-nacional-en-zonas-verdes-compartira-buenas-practicas-proximo-mes-de-mayo-en-el-congreso-parjap-2024\/#primaryimage","url":"https:\/\/www.laguiadepamplona.com\/actualidad\/wp-content\/uploads\/2024\/03\/muralla_revellin_lienzo-copia.webp","contentUrl":"https:\/\/www.laguiadepamplona.com\/actualidad\/wp-content\/uploads\/2024\/03\/muralla_revellin_lienzo-copia.webp","width":1200,"height":899,"caption":"muralla revellin"},{"@type":"BreadcrumbList","@id":"https:\/\/www.laguiadepamplona.com\/actualidad\/pamplona-una-de-las-ciudades-mejor-situadas-a-nivel-nacional-en-zonas-verdes-compartira-buenas-practicas-proximo-mes-de-mayo-en-el-congreso-parjap-2024\/#breadcrumb","itemListElement":[{"@type":"ListItem","position":1,"name":"Portada","item":"https:\/\/www.laguiadepamplona.com\/actualidad\/"},{"@type":"ListItem","position":2,"name":"Pamplona, una de las ciudades mejor situadas a nivel nacional en zonas verdes, compartir\u00e1 buenas pr\u00e1cticas pr\u00f3ximo mes de mayo en el Congreso PARJAP 2024"}]},{"@type":"WebSite","@id":"https:\/\/www.laguiadepamplona.com\/actualidad\/#website","url":"https:\/\/www.laguiadepamplona.com\/actualidad\/","name":"La gu\u00eda de Pamplona","description":"Noticias de Pamplona","publisher":{"@id":"https:\/\/www.laguiadepamplona.com\/actualidad\/#organization"},"potentialAction":[{"@type":"SearchAction","target":{"@type":"EntryPoint","urlTemplate":"https:\/\/www.laguiadepamplona.com\/actualidad\/?s={search_term_string}"},"query-input":{"@type":"PropertyValueSpecification","valueRequired":true,"valueName":"search_term_string"}}],"inLanguage":"es"},{"@type":"Organization","@id":"https:\/\/www.laguiadepamplona.com\/actualidad\/#organization","name":"La Gu\u00eda de Pamplona \/ Noticias","url":"https:\/\/www.laguiadepamplona.com\/actualidad\/","logo":{"@type":"ImageObject","inLanguage":"es","@id":"https:\/\/www.laguiadepamplona.com\/actualidad\/#\/schema\/logo\/image\/","url":"https:\/\/www.laguiadepamplona.com\/actualidad\/wp-content\/uploads\/2018\/11\/logo-laguiadepamplona18-web1.png","contentUrl":"https:\/\/www.laguiadepamplona.com\/actualidad\/wp-content\/uploads\/2018\/11\/logo-laguiadepamplona18-web1.png","width":600,"height":196,"caption":"La Gu\u00eda de Pamplona \/ Noticias"},"image":{"@id":"https:\/\/www.laguiadepamplona.com\/actualidad\/#\/schema\/logo\/image\/"},"sameAs":["https:\/\/www.facebook.com\/laguiadepamplonacom-133175176762273\/?ref=hl","https:\/\/x.com\/LaGuiadPamplona","https:\/\/www.instagram.com\/la_guia_de_pamplona\/","https:\/\/www.youtube.com\/user\/laguiadepamplona"]},{"@type":"Person","@id":"https:\/\/www.laguiadepamplona.com\/actualidad\/#\/schema\/person\/efe887376f0213d4657c93adc50b1fdb","name":"La Gu\u00eda de Pamplona","image":{"@type":"ImageObject","inLanguage":"es","@id":"https:\/\/secure.gravatar.com\/avatar\/b6992f131dc8d30ab0dff15446e9d346d9dbd95992de0fef795073f5ea83a81c?s=96&d=mm&r=g","url":"https:\/\/secure.gravatar.com\/avatar\/b6992f131dc8d30ab0dff15446e9d346d9dbd95992de0fef795073f5ea83a81c?s=96&d=mm&r=g","contentUrl":"https:\/\/secure.gravatar.com\/avatar\/b6992f131dc8d30ab0dff15446e9d346d9dbd95992de0fef795073f5ea83a81c?s=96&d=mm&r=g","caption":"La Gu\u00eda de Pamplona"}}]}},"post_mailing_queue_ids":[],"_links":{"self":[{"href":"https:\/\/www.laguiadepamplona.com\/actualidad\/wp-json\/wp\/v2\/posts\/49221","targetHints":{"allow":["GET"]}}],"collection":[{"href":"https:\/\/www.laguiadepamplona.com\/actualidad\/wp-json\/wp\/v2\/posts"}],"about":[{"href":"https:\/\/www.laguiadepamplona.com\/actualidad\/wp-json\/wp\/v2\/types\/post"}],"author":[{"embeddable":true,"href":"https:\/\/www.laguiadepamplona.com\/actualidad\/wp-json\/wp\/v2\/users\/1"}],"replies":[{"embeddable":true,"href":"https:\/\/www.laguiadepamplona.com\/actualidad\/wp-json\/wp\/v2\/comments?post=49221"}],"version-history":[{"count":1,"href":"https:\/\/www.laguiadepamplona.com\/actualidad\/wp-json\/wp\/v2\/posts\/49221\/revisions"}],"predecessor-version":[{"id":49223,"href":"https:\/\/www.laguiadepamplona.com\/actualidad\/wp-json\/wp\/v2\/posts\/49221\/revisions\/49223"}],"wp:featuredmedia":[{"embeddable":true,"href":"https:\/\/www.laguiadepamplona.com\/actualidad\/wp-json\/wp\/v2\/media\/49222"}],"wp:attachment":[{"href":"https:\/\/www.laguiadepamplona.com\/actualidad\/wp-json\/wp\/v2\/media?parent=49221"}],"wp:term":[{"taxonomy":"category","embeddable":true,"href":"https:\/\/www.laguiadepamplona.com\/actualidad\/wp-json\/wp\/v2\/categories?post=49221"},{"taxonomy":"post_tag","embeddable":true,"href":"https:\/\/www.laguiadepamplona.com\/actualidad\/wp-json\/wp\/v2\/tags?post=49221"}],"curies":[{"name":"wp","href":"https:\/\/api.w.org\/{rel}","templated":true}]}}