{"id":49211,"date":"2024-03-26T20:30:50","date_gmt":"2024-03-26T18:30:50","guid":{"rendered":"https:\/\/www.laguiadepamplona.com\/actualidad\/?p=49211"},"modified":"2024-03-26T20:30:50","modified_gmt":"2024-03-26T18:30:50","slug":"el-grupo-de-duguna-iruneko-dantzariak-dantzaris-de-pamplona-hace-un-recorrido-por-sus-75-anos-de-historia-en-una-exposicion-en-el-palacio-de-condestable","status":"publish","type":"post","link":"https:\/\/www.laguiadepamplona.com\/actualidad\/el-grupo-de-duguna-iruneko-dantzariak-dantzaris-de-pamplona-hace-un-recorrido-por-sus-75-anos-de-historia-en-una-exposicion-en-el-palacio-de-condestable\/","title":{"rendered":"El grupo de Duguna Iru\u00f1eko Dantzariak \/ Dantzaris de Pamplona hace un recorrido por sus 75 a\u00f1os de historia en una exposici\u00f3n en el Palacio de Condestable"},"content":{"rendered":"<h2>En torno a la muestra, que podr\u00e1 visitarse hasta el 14 de abril, se han organizado varios talleres de danza, charlas y actuaciones<\/h2>\n<p><!--more--><\/p>\n<p>Fue en el a\u00f1o 1949 cuando el Ayuntamiento de Pamplona decidi\u00f3 crear un grupo de dantzas propio, que pudiera participar en distintos eventos festivos de la ciudad. La festividad de San Saturnino se convirti\u00f3 as\u00ed en la primera cita p\u00fablica de Duguna Iru\u00f1eko Dantzariak, el grupo de dantzas municipal. Con motivo del 75 aniversario de su creaci\u00f3n, el Palacio de Condestable acoge la exposici\u00f3n \u2018Adiskidantzan\u2019, que recorre la historia de este grupo, por el que han pasado m\u00e1s de 10.000 dantzaris, desde sus or\u00edgenes hasta hoy.<\/p>\n<p>El alcalde de Pamplona, Joseba Asiron; la concejala de Cultura, Fiestas, Educaci\u00f3n y Deporte, Maider Beloki; y el director del \u00e1rea, \u00cd\u00f1igo G\u00f3mez, han participado esta tarde en la inauguraci\u00f3n de la muestra, junto con el director de Duguna, Aritz Ib\u00e1\u00f1ez, en el Palacio de Condestable. Ah\u00ed permanecer\u00e1 durante tres semanas, hasta el 14 de abril, una exposici\u00f3n que pretende mostrar los or\u00edgenes y el crecimiento que ha tenido este grupo de dantzas municipal.<\/p>\n<p>La exposici\u00f3n se estructura en cuatro apartados y en dos espacios diferenciados. Por un lado, el Patio del Condestable se convierte en el epicentro de la muestra, acogiendo tres de esos cuatro apartados de la historia de Duguna, a trav\u00e9s de paneles informativos ilustrados y materiales f\u00edsicos, proyecciones fotogr\u00e1ficas y trajes. En concreto, aborda, en un primer momento, la creaci\u00f3n del grupo. En un segundo apartado, analiza desde diferentes perspectivas la evoluci\u00f3n de este grupo municipal de dantzas; y, por \u00faltimo, reserva un espacio para mostrar las diferentes formas y escenarios de socializaci\u00f3n del trabajo art\u00edstico. El cuarto apartado se ubica en el zagu\u00e1n del Palacio de Condestable. All\u00ed, se sit\u00faa una parte de la muestra centrada en la actividad actual del grupo. En esa misma ubicaci\u00f3n se podr\u00e1 disfrutar de un peque\u00f1o audiovisual, con entrevistas a dantzaris y m\u00fasicos de diferentes generaciones.<br \/>\n<script async src=\"\/\/pagead2.googlesyndication.com\/pagead\/js\/adsbygoogle.js\"><\/script><br \/>\n<!-- Noticias La Guia de Pamplona --><br \/>\n<ins class=\"adsbygoogle\"\nstyle=\"display:block\"\ndata-ad-client=\"ca-pub-6943679897239327\"\ndata-ad-slot=\"7048180777\"\ndata-ad-format=\"auto\"><\/ins><br \/>\n<script>\n(adsbygoogle = window.adsbygoogle || []).push({});\n<\/script><br \/>\n<strong>Homenaje al grupo Argia<\/strong><\/p>\n<p>La inauguraci\u00f3n de esta exposici\u00f3n ha servido tambi\u00e9n de homenaje al grupo de danzas Argia, un referente de las actividades folcl\u00f3ricas vascas desde su creaci\u00f3n en la d\u00e9cada de los sesenta del siglo pasado, y que ha viajado con sus espect\u00e1culos a Par\u00eds y La Habana, entre otros lugares. Juan Antonio Urbeltz, quien dirigi\u00f3 Argia en sus comienzos, ha sido nombrado esta tarde socio honorario de Duguna Iru\u00f1eko Dantzariak \/ Dantzaris de Pamplona, en representaci\u00f3n y reconocimiento a todos esos primeros maestros del grupo Argia. Desde su creaci\u00f3n, Argia ha trabajado m\u00e1s de trescientas danzas y quinientos sonidos tradicionales, que han sido adoptados por otras agrupaciones folcl\u00f3ricas como Duguna. De hecho, la colaboraci\u00f3n entre Duguna y Argia cumple ya veinte a\u00f1os, en los que la influencia ha sido clave en el desarrollo del grupo municipal.<br \/>\n<script async src=\"\/\/pagead2.googlesyndication.com\/pagead\/js\/adsbygoogle.js\"><\/script><br \/>\n<!-- Noticias La Guia de Pamplona --><br \/>\n<ins class=\"adsbygoogle\"\nstyle=\"display:block\"\ndata-ad-client=\"ca-pub-6943679897239327\"\ndata-ad-slot=\"7048180777\"\ndata-ad-format=\"auto\"><\/ins><br \/>\n<script>\n(adsbygoogle = window.adsbygoogle || []).push({});\n<\/script><br \/>\n<strong>Talleres y charlas<\/strong><\/p>\n<p>Con motivo de la exposici\u00f3n, durante las pr\u00f3ximas tres semanas se han organizado una serie de actividades para acercar al conjunto de la ciudadan\u00eda pamplonesa la labor de Duguna y lo que la danza representa. En este sentido, el s\u00e1bado d\u00eda 6 de abril, se llevar\u00e1 a cabo un taller de danzas de Pamplona, en el que se explicar\u00e1n los distintos bailes que se realizaban en la ciudad hace un siglo. Tambi\u00e9n se han programado otros dos talleres, estos sobre danzas tradicionales griegas, impartido por Xristos Sidiripoulos, los d\u00edas 13 y 14 de abril. En todos ellos, es necesario realizar inscripci\u00f3n previa, a trav\u00e9s del tel\u00e9fono 604123785.<\/p>\n<p>El programa incluye, adem\u00e1s, la presentaci\u00f3n del libro Koloreaga 0.2, con Asisko Urmeneta, el lunes 8 de abril; una charla sobre dantzas de la mano del dantzari e historiador Jes\u00fas Ramos; de la bailarina y core\u00f3grafa Becky Siegel; y del dantzari y antrop\u00f3logo Oier Araolaza, el viernes 12. Por su parte, el s\u00e1bado 13, se prev\u00e9 una actuaci\u00f3n de dantza y bertsos en la plaza de los Burgos; y el domingo 14, \u00faltimo d\u00eda de la exposici\u00f3n, habr\u00e1 un concierto de m\u00fasica con Euskal Barrokensemble en el Patio del Palacio de Condestable.<br \/>\n<script async src=\"\/\/pagead2.googlesyndication.com\/pagead\/js\/adsbygoogle.js\"><\/script><br \/>\n<!-- Noticias La Guia de Pamplona --><br \/>\n<ins class=\"adsbygoogle\"\nstyle=\"display:block\"\ndata-ad-client=\"ca-pub-6943679897239327\"\ndata-ad-slot=\"7048180777\"\ndata-ad-format=\"auto\"><\/ins><br \/>\n<script>\n(adsbygoogle = window.adsbygoogle || []).push({});\n<\/script><br \/>\n&nbsp;<\/p>\n<h2>Programaci\u00f3n en torno a la exposici\u00f3n 75 aniversario de Duguna<\/h2>\n<ul>\n<li><strong>Exposici\u00f3n<\/strong>. Del 26 de marzo al 14 de abril, en el Patio del Palacio de Condestable.<\/li>\n<li><strong>Otras actividades<\/strong>:\n<ul>\n<li>S\u00e1bado 6 de abril. <strong>Taller de danza con Patxi Laborda<\/strong>. A las 11 horas, en la sala g\u00f3tica de Condestable. Plazas por orden de inscripci\u00f3n a trav\u00e9s del tel\u00e9fono 604123785<\/li>\n<li>Lunes 8 de abril. <strong>Presentaci\u00f3n del libro Koloreaga 0.2 con Asisko Urmenete<\/strong>. A las 11 horas, en la sala de conferencias de Condestable.<\/li>\n<li>Viernes 12 de abril. <strong>Charlas \u2018Dantza-solas\u2019<\/strong>. A las 18 horas, en la sala de conferencias de Condestable.<\/li>\n<li>S\u00e1bado 13 de abril. <strong>Taller de danzas tradicionales de Grecia I con Xristos Sidiropoulos<\/strong>. A las 10 horas, en la sala g\u00f3tica de Condestable. Plazas por orden de inscripci\u00f3n a trav\u00e9s del tel\u00e9fono 604123785<\/li>\n<li>S\u00e1bado 13 de abril. <strong>Actuaci\u00f3n de danza y bertsos \u2018Mingain-dantzari\u2019<\/strong>. A las 18 horas, en la plaza de los Burgos.<\/li>\n<li>Domingo 14 de abril. <strong>Taller de danzas tradicionales de Grecia II con Xristos Sidiropoulos<\/strong>. A las 10 horas, en la sala g\u00f3tica de Condestable. Plazas por orden de inscripci\u00f3n a trav\u00e9s del tel\u00e9fono 604123785<\/li>\n<li>Domingo 14 de abril. <strong>Concierto de m\u00fasica con Euskal Barrokensemble<\/strong>. A las 19 horas, en el patio de Condestable.<\/li>\n<\/ul>\n<\/li>\n<\/ul>\n","protected":false},"excerpt":{"rendered":"<p>En torno a la muestra, que podr\u00e1 visitarse hasta el 14 de abril, se han organizado varios talleres de danza, charlas y actuaciones<\/p>\n","protected":false},"author":1,"featured_media":49212,"comment_status":"open","ping_status":"closed","sticky":false,"template":"","format":"standard","meta":{"footnotes":""},"categories":[2],"tags":[],"class_list":["post-49211","post","type-post","status-publish","format-standard","has-post-thumbnail","hentry","category-ayuntamiento-pamplona"],"yoast_head":"<!-- This site is optimized with the Yoast SEO plugin v27.5 - https:\/\/yoast.com\/product\/yoast-seo-wordpress\/ -->\n<title>El grupo de Duguna Iru\u00f1eko Dantzariak \/ Dantzaris de Pamplona hace un recorrido por sus 75 a\u00f1os de historia en una exposici\u00f3n en el Palacio de Condestable<\/title>\n<meta name=\"description\" content=\"En torno a la muestra, que podr\u00e1 visitarse hasta el 14 de abril, se han organizado varios talleres de danza, charlas y actuaciones\" \/>\n<meta name=\"robots\" content=\"index, follow, max-snippet:-1, max-image-preview:large, max-video-preview:-1\" \/>\n<link rel=\"canonical\" href=\"https:\/\/www.laguiadepamplona.com\/actualidad\/el-grupo-de-duguna-iruneko-dantzariak-dantzaris-de-pamplona-hace-un-recorrido-por-sus-75-anos-de-historia-en-una-exposicion-en-el-palacio-de-condestable\/\" \/>\n<meta property=\"og:locale\" content=\"es_ES\" \/>\n<meta property=\"og:type\" content=\"article\" \/>\n<meta property=\"og:title\" content=\"El grupo de Duguna Iru\u00f1eko Dantzariak \/ Dantzaris de Pamplona hace un recorrido por sus 75 a\u00f1os de historia en una exposici\u00f3n en el Palacio de Condestable\" \/>\n<meta property=\"og:description\" content=\"En torno a la muestra, que podr\u00e1 visitarse hasta el 14 de abril, se han organizado varios talleres de danza, charlas y actuaciones\" \/>\n<meta property=\"og:url\" content=\"https:\/\/www.laguiadepamplona.com\/actualidad\/el-grupo-de-duguna-iruneko-dantzariak-dantzaris-de-pamplona-hace-un-recorrido-por-sus-75-anos-de-historia-en-una-exposicion-en-el-palacio-de-condestable\/\" \/>\n<meta property=\"og:site_name\" content=\"La Gu\u00eda de Pamplona\" \/>\n<meta property=\"article:publisher\" content=\"https:\/\/www.facebook.com\/laguiadepamplonacom-133175176762273\/?ref=hl\" \/>\n<meta property=\"article:published_time\" content=\"2024-03-26T18:30:50+00:00\" \/>\n<meta property=\"og:image\" content=\"https:\/\/www.laguiadepamplona.com\/actualidad\/wp-content\/uploads\/2024\/03\/75aniversariodugunanb2391.webp\" \/>\n\t<meta property=\"og:image:width\" content=\"1200\" \/>\n\t<meta property=\"og:image:height\" content=\"800\" \/>\n\t<meta property=\"og:image:type\" content=\"image\/webp\" \/>\n<meta name=\"author\" content=\"La Gu\u00eda de Pamplona\" \/>\n<meta name=\"twitter:card\" content=\"summary_large_image\" \/>\n<meta name=\"twitter:creator\" content=\"@LaGuiadPamplona\" \/>\n<meta name=\"twitter:site\" content=\"@LaGuiadPamplona\" \/>\n<meta name=\"twitter:label1\" content=\"Escrito por\" \/>\n\t<meta name=\"twitter:data1\" content=\"La Gu\u00eda de Pamplona\" \/>\n\t<meta name=\"twitter:label2\" content=\"Tiempo de lectura\" \/>\n\t<meta name=\"twitter:data2\" content=\"5 minutos\" \/>\n<script type=\"application\/ld+json\" class=\"yoast-schema-graph\">{\"@context\":\"https:\\\/\\\/schema.org\",\"@graph\":[{\"@type\":\"Article\",\"@id\":\"https:\\\/\\\/www.laguiadepamplona.com\\\/actualidad\\\/el-grupo-de-duguna-iruneko-dantzariak-dantzaris-de-pamplona-hace-un-recorrido-por-sus-75-anos-de-historia-en-una-exposicion-en-el-palacio-de-condestable\\\/#article\",\"isPartOf\":{\"@id\":\"https:\\\/\\\/www.laguiadepamplona.com\\\/actualidad\\\/el-grupo-de-duguna-iruneko-dantzariak-dantzaris-de-pamplona-hace-un-recorrido-por-sus-75-anos-de-historia-en-una-exposicion-en-el-palacio-de-condestable\\\/\"},\"author\":{\"name\":\"La Gu\u00eda de Pamplona\",\"@id\":\"https:\\\/\\\/www.laguiadepamplona.com\\\/actualidad\\\/#\\\/schema\\\/person\\\/efe887376f0213d4657c93adc50b1fdb\"},\"headline\":\"El grupo de Duguna Iru\u00f1eko Dantzariak \\\/ Dantzaris de Pamplona hace un recorrido por sus 75 a\u00f1os de historia en una exposici\u00f3n en el Palacio de Condestable\",\"datePublished\":\"2024-03-26T18:30:50+00:00\",\"mainEntityOfPage\":{\"@id\":\"https:\\\/\\\/www.laguiadepamplona.com\\\/actualidad\\\/el-grupo-de-duguna-iruneko-dantzariak-dantzaris-de-pamplona-hace-un-recorrido-por-sus-75-anos-de-historia-en-una-exposicion-en-el-palacio-de-condestable\\\/\"},\"wordCount\":948,\"commentCount\":0,\"publisher\":{\"@id\":\"https:\\\/\\\/www.laguiadepamplona.com\\\/actualidad\\\/#organization\"},\"image\":{\"@id\":\"https:\\\/\\\/www.laguiadepamplona.com\\\/actualidad\\\/el-grupo-de-duguna-iruneko-dantzariak-dantzaris-de-pamplona-hace-un-recorrido-por-sus-75-anos-de-historia-en-una-exposicion-en-el-palacio-de-condestable\\\/#primaryimage\"},\"thumbnailUrl\":\"https:\\\/\\\/www.laguiadepamplona.com\\\/actualidad\\\/wp-content\\\/uploads\\\/2024\\\/03\\\/75aniversariodugunanb2391.webp\",\"articleSection\":[\"Ayto Pamplona\"],\"inLanguage\":\"es\",\"potentialAction\":[{\"@type\":\"CommentAction\",\"name\":\"Comment\",\"target\":[\"https:\\\/\\\/www.laguiadepamplona.com\\\/actualidad\\\/el-grupo-de-duguna-iruneko-dantzariak-dantzaris-de-pamplona-hace-un-recorrido-por-sus-75-anos-de-historia-en-una-exposicion-en-el-palacio-de-condestable\\\/#respond\"]}]},{\"@type\":\"WebPage\",\"@id\":\"https:\\\/\\\/www.laguiadepamplona.com\\\/actualidad\\\/el-grupo-de-duguna-iruneko-dantzariak-dantzaris-de-pamplona-hace-un-recorrido-por-sus-75-anos-de-historia-en-una-exposicion-en-el-palacio-de-condestable\\\/\",\"url\":\"https:\\\/\\\/www.laguiadepamplona.com\\\/actualidad\\\/el-grupo-de-duguna-iruneko-dantzariak-dantzaris-de-pamplona-hace-un-recorrido-por-sus-75-anos-de-historia-en-una-exposicion-en-el-palacio-de-condestable\\\/\",\"name\":\"El grupo de Duguna Iru\u00f1eko Dantzariak \\\/ Dantzaris de Pamplona hace un recorrido por sus 75 a\u00f1os de historia en una exposici\u00f3n en el Palacio de Condestable\",\"isPartOf\":{\"@id\":\"https:\\\/\\\/www.laguiadepamplona.com\\\/actualidad\\\/#website\"},\"primaryImageOfPage\":{\"@id\":\"https:\\\/\\\/www.laguiadepamplona.com\\\/actualidad\\\/el-grupo-de-duguna-iruneko-dantzariak-dantzaris-de-pamplona-hace-un-recorrido-por-sus-75-anos-de-historia-en-una-exposicion-en-el-palacio-de-condestable\\\/#primaryimage\"},\"image\":{\"@id\":\"https:\\\/\\\/www.laguiadepamplona.com\\\/actualidad\\\/el-grupo-de-duguna-iruneko-dantzariak-dantzaris-de-pamplona-hace-un-recorrido-por-sus-75-anos-de-historia-en-una-exposicion-en-el-palacio-de-condestable\\\/#primaryimage\"},\"thumbnailUrl\":\"https:\\\/\\\/www.laguiadepamplona.com\\\/actualidad\\\/wp-content\\\/uploads\\\/2024\\\/03\\\/75aniversariodugunanb2391.webp\",\"datePublished\":\"2024-03-26T18:30:50+00:00\",\"description\":\"En torno a la muestra, que podr\u00e1 visitarse hasta el 14 de abril, se han organizado varios talleres de danza, charlas y actuaciones\",\"breadcrumb\":{\"@id\":\"https:\\\/\\\/www.laguiadepamplona.com\\\/actualidad\\\/el-grupo-de-duguna-iruneko-dantzariak-dantzaris-de-pamplona-hace-un-recorrido-por-sus-75-anos-de-historia-en-una-exposicion-en-el-palacio-de-condestable\\\/#breadcrumb\"},\"inLanguage\":\"es\",\"potentialAction\":[{\"@type\":\"ReadAction\",\"target\":[\"https:\\\/\\\/www.laguiadepamplona.com\\\/actualidad\\\/el-grupo-de-duguna-iruneko-dantzariak-dantzaris-de-pamplona-hace-un-recorrido-por-sus-75-anos-de-historia-en-una-exposicion-en-el-palacio-de-condestable\\\/\"]}]},{\"@type\":\"ImageObject\",\"inLanguage\":\"es\",\"@id\":\"https:\\\/\\\/www.laguiadepamplona.com\\\/actualidad\\\/el-grupo-de-duguna-iruneko-dantzariak-dantzaris-de-pamplona-hace-un-recorrido-por-sus-75-anos-de-historia-en-una-exposicion-en-el-palacio-de-condestable\\\/#primaryimage\",\"url\":\"https:\\\/\\\/www.laguiadepamplona.com\\\/actualidad\\\/wp-content\\\/uploads\\\/2024\\\/03\\\/75aniversariodugunanb2391.webp\",\"contentUrl\":\"https:\\\/\\\/www.laguiadepamplona.com\\\/actualidad\\\/wp-content\\\/uploads\\\/2024\\\/03\\\/75aniversariodugunanb2391.webp\",\"width\":1200,\"height\":800,\"caption\":\"75 aniversario duguna\"},{\"@type\":\"BreadcrumbList\",\"@id\":\"https:\\\/\\\/www.laguiadepamplona.com\\\/actualidad\\\/el-grupo-de-duguna-iruneko-dantzariak-dantzaris-de-pamplona-hace-un-recorrido-por-sus-75-anos-de-historia-en-una-exposicion-en-el-palacio-de-condestable\\\/#breadcrumb\",\"itemListElement\":[{\"@type\":\"ListItem\",\"position\":1,\"name\":\"Portada\",\"item\":\"https:\\\/\\\/www.laguiadepamplona.com\\\/actualidad\\\/\"},{\"@type\":\"ListItem\",\"position\":2,\"name\":\"El grupo de Duguna Iru\u00f1eko Dantzariak \\\/ Dantzaris de Pamplona hace un recorrido por sus 75 a\u00f1os de historia en una exposici\u00f3n en el Palacio de Condestable\"}]},{\"@type\":\"WebSite\",\"@id\":\"https:\\\/\\\/www.laguiadepamplona.com\\\/actualidad\\\/#website\",\"url\":\"https:\\\/\\\/www.laguiadepamplona.com\\\/actualidad\\\/\",\"name\":\"La gu\u00eda de Pamplona\",\"description\":\"Noticias de Pamplona\",\"publisher\":{\"@id\":\"https:\\\/\\\/www.laguiadepamplona.com\\\/actualidad\\\/#organization\"},\"potentialAction\":[{\"@type\":\"SearchAction\",\"target\":{\"@type\":\"EntryPoint\",\"urlTemplate\":\"https:\\\/\\\/www.laguiadepamplona.com\\\/actualidad\\\/?s={search_term_string}\"},\"query-input\":{\"@type\":\"PropertyValueSpecification\",\"valueRequired\":true,\"valueName\":\"search_term_string\"}}],\"inLanguage\":\"es\"},{\"@type\":\"Organization\",\"@id\":\"https:\\\/\\\/www.laguiadepamplona.com\\\/actualidad\\\/#organization\",\"name\":\"La Gu\u00eda de Pamplona \\\/ Noticias\",\"url\":\"https:\\\/\\\/www.laguiadepamplona.com\\\/actualidad\\\/\",\"logo\":{\"@type\":\"ImageObject\",\"inLanguage\":\"es\",\"@id\":\"https:\\\/\\\/www.laguiadepamplona.com\\\/actualidad\\\/#\\\/schema\\\/logo\\\/image\\\/\",\"url\":\"https:\\\/\\\/www.laguiadepamplona.com\\\/actualidad\\\/wp-content\\\/uploads\\\/2018\\\/11\\\/logo-laguiadepamplona18-web1.png\",\"contentUrl\":\"https:\\\/\\\/www.laguiadepamplona.com\\\/actualidad\\\/wp-content\\\/uploads\\\/2018\\\/11\\\/logo-laguiadepamplona18-web1.png\",\"width\":600,\"height\":196,\"caption\":\"La Gu\u00eda de Pamplona \\\/ Noticias\"},\"image\":{\"@id\":\"https:\\\/\\\/www.laguiadepamplona.com\\\/actualidad\\\/#\\\/schema\\\/logo\\\/image\\\/\"},\"sameAs\":[\"https:\\\/\\\/www.facebook.com\\\/laguiadepamplonacom-133175176762273\\\/?ref=hl\",\"https:\\\/\\\/x.com\\\/LaGuiadPamplona\",\"https:\\\/\\\/www.instagram.com\\\/la_guia_de_pamplona\\\/\",\"https:\\\/\\\/www.youtube.com\\\/user\\\/laguiadepamplona\"]},{\"@type\":\"Person\",\"@id\":\"https:\\\/\\\/www.laguiadepamplona.com\\\/actualidad\\\/#\\\/schema\\\/person\\\/efe887376f0213d4657c93adc50b1fdb\",\"name\":\"La Gu\u00eda de Pamplona\",\"image\":{\"@type\":\"ImageObject\",\"inLanguage\":\"es\",\"@id\":\"https:\\\/\\\/secure.gravatar.com\\\/avatar\\\/b6992f131dc8d30ab0dff15446e9d346d9dbd95992de0fef795073f5ea83a81c?s=96&d=mm&r=g\",\"url\":\"https:\\\/\\\/secure.gravatar.com\\\/avatar\\\/b6992f131dc8d30ab0dff15446e9d346d9dbd95992de0fef795073f5ea83a81c?s=96&d=mm&r=g\",\"contentUrl\":\"https:\\\/\\\/secure.gravatar.com\\\/avatar\\\/b6992f131dc8d30ab0dff15446e9d346d9dbd95992de0fef795073f5ea83a81c?s=96&d=mm&r=g\",\"caption\":\"La Gu\u00eda de Pamplona\"}}]}<\/script>\n<!-- \/ Yoast SEO plugin. -->","yoast_head_json":{"title":"El grupo de Duguna Iru\u00f1eko Dantzariak \/ Dantzaris de Pamplona hace un recorrido por sus 75 a\u00f1os de historia en una exposici\u00f3n en el Palacio de Condestable","description":"En torno a la muestra, que podr\u00e1 visitarse hasta el 14 de abril, se han organizado varios talleres de danza, charlas y actuaciones","robots":{"index":"index","follow":"follow","max-snippet":"max-snippet:-1","max-image-preview":"max-image-preview:large","max-video-preview":"max-video-preview:-1"},"canonical":"https:\/\/www.laguiadepamplona.com\/actualidad\/el-grupo-de-duguna-iruneko-dantzariak-dantzaris-de-pamplona-hace-un-recorrido-por-sus-75-anos-de-historia-en-una-exposicion-en-el-palacio-de-condestable\/","og_locale":"es_ES","og_type":"article","og_title":"El grupo de Duguna Iru\u00f1eko Dantzariak \/ Dantzaris de Pamplona hace un recorrido por sus 75 a\u00f1os de historia en una exposici\u00f3n en el Palacio de Condestable","og_description":"En torno a la muestra, que podr\u00e1 visitarse hasta el 14 de abril, se han organizado varios talleres de danza, charlas y actuaciones","og_url":"https:\/\/www.laguiadepamplona.com\/actualidad\/el-grupo-de-duguna-iruneko-dantzariak-dantzaris-de-pamplona-hace-un-recorrido-por-sus-75-anos-de-historia-en-una-exposicion-en-el-palacio-de-condestable\/","og_site_name":"La Gu\u00eda de Pamplona","article_publisher":"https:\/\/www.facebook.com\/laguiadepamplonacom-133175176762273\/?ref=hl","article_published_time":"2024-03-26T18:30:50+00:00","og_image":[{"width":1200,"height":800,"url":"https:\/\/www.laguiadepamplona.com\/actualidad\/wp-content\/uploads\/2024\/03\/75aniversariodugunanb2391.webp","type":"image\/webp"}],"author":"La Gu\u00eda de Pamplona","twitter_card":"summary_large_image","twitter_creator":"@LaGuiadPamplona","twitter_site":"@LaGuiadPamplona","twitter_misc":{"Escrito por":"La Gu\u00eda de Pamplona","Tiempo de lectura":"5 minutos"},"schema":{"@context":"https:\/\/schema.org","@graph":[{"@type":"Article","@id":"https:\/\/www.laguiadepamplona.com\/actualidad\/el-grupo-de-duguna-iruneko-dantzariak-dantzaris-de-pamplona-hace-un-recorrido-por-sus-75-anos-de-historia-en-una-exposicion-en-el-palacio-de-condestable\/#article","isPartOf":{"@id":"https:\/\/www.laguiadepamplona.com\/actualidad\/el-grupo-de-duguna-iruneko-dantzariak-dantzaris-de-pamplona-hace-un-recorrido-por-sus-75-anos-de-historia-en-una-exposicion-en-el-palacio-de-condestable\/"},"author":{"name":"La Gu\u00eda de Pamplona","@id":"https:\/\/www.laguiadepamplona.com\/actualidad\/#\/schema\/person\/efe887376f0213d4657c93adc50b1fdb"},"headline":"El grupo de Duguna Iru\u00f1eko Dantzariak \/ Dantzaris de Pamplona hace un recorrido por sus 75 a\u00f1os de historia en una exposici\u00f3n en el Palacio de Condestable","datePublished":"2024-03-26T18:30:50+00:00","mainEntityOfPage":{"@id":"https:\/\/www.laguiadepamplona.com\/actualidad\/el-grupo-de-duguna-iruneko-dantzariak-dantzaris-de-pamplona-hace-un-recorrido-por-sus-75-anos-de-historia-en-una-exposicion-en-el-palacio-de-condestable\/"},"wordCount":948,"commentCount":0,"publisher":{"@id":"https:\/\/www.laguiadepamplona.com\/actualidad\/#organization"},"image":{"@id":"https:\/\/www.laguiadepamplona.com\/actualidad\/el-grupo-de-duguna-iruneko-dantzariak-dantzaris-de-pamplona-hace-un-recorrido-por-sus-75-anos-de-historia-en-una-exposicion-en-el-palacio-de-condestable\/#primaryimage"},"thumbnailUrl":"https:\/\/www.laguiadepamplona.com\/actualidad\/wp-content\/uploads\/2024\/03\/75aniversariodugunanb2391.webp","articleSection":["Ayto Pamplona"],"inLanguage":"es","potentialAction":[{"@type":"CommentAction","name":"Comment","target":["https:\/\/www.laguiadepamplona.com\/actualidad\/el-grupo-de-duguna-iruneko-dantzariak-dantzaris-de-pamplona-hace-un-recorrido-por-sus-75-anos-de-historia-en-una-exposicion-en-el-palacio-de-condestable\/#respond"]}]},{"@type":"WebPage","@id":"https:\/\/www.laguiadepamplona.com\/actualidad\/el-grupo-de-duguna-iruneko-dantzariak-dantzaris-de-pamplona-hace-un-recorrido-por-sus-75-anos-de-historia-en-una-exposicion-en-el-palacio-de-condestable\/","url":"https:\/\/www.laguiadepamplona.com\/actualidad\/el-grupo-de-duguna-iruneko-dantzariak-dantzaris-de-pamplona-hace-un-recorrido-por-sus-75-anos-de-historia-en-una-exposicion-en-el-palacio-de-condestable\/","name":"El grupo de Duguna Iru\u00f1eko Dantzariak \/ Dantzaris de Pamplona hace un recorrido por sus 75 a\u00f1os de historia en una exposici\u00f3n en el Palacio de Condestable","isPartOf":{"@id":"https:\/\/www.laguiadepamplona.com\/actualidad\/#website"},"primaryImageOfPage":{"@id":"https:\/\/www.laguiadepamplona.com\/actualidad\/el-grupo-de-duguna-iruneko-dantzariak-dantzaris-de-pamplona-hace-un-recorrido-por-sus-75-anos-de-historia-en-una-exposicion-en-el-palacio-de-condestable\/#primaryimage"},"image":{"@id":"https:\/\/www.laguiadepamplona.com\/actualidad\/el-grupo-de-duguna-iruneko-dantzariak-dantzaris-de-pamplona-hace-un-recorrido-por-sus-75-anos-de-historia-en-una-exposicion-en-el-palacio-de-condestable\/#primaryimage"},"thumbnailUrl":"https:\/\/www.laguiadepamplona.com\/actualidad\/wp-content\/uploads\/2024\/03\/75aniversariodugunanb2391.webp","datePublished":"2024-03-26T18:30:50+00:00","description":"En torno a la muestra, que podr\u00e1 visitarse hasta el 14 de abril, se han organizado varios talleres de danza, charlas y actuaciones","breadcrumb":{"@id":"https:\/\/www.laguiadepamplona.com\/actualidad\/el-grupo-de-duguna-iruneko-dantzariak-dantzaris-de-pamplona-hace-un-recorrido-por-sus-75-anos-de-historia-en-una-exposicion-en-el-palacio-de-condestable\/#breadcrumb"},"inLanguage":"es","potentialAction":[{"@type":"ReadAction","target":["https:\/\/www.laguiadepamplona.com\/actualidad\/el-grupo-de-duguna-iruneko-dantzariak-dantzaris-de-pamplona-hace-un-recorrido-por-sus-75-anos-de-historia-en-una-exposicion-en-el-palacio-de-condestable\/"]}]},{"@type":"ImageObject","inLanguage":"es","@id":"https:\/\/www.laguiadepamplona.com\/actualidad\/el-grupo-de-duguna-iruneko-dantzariak-dantzaris-de-pamplona-hace-un-recorrido-por-sus-75-anos-de-historia-en-una-exposicion-en-el-palacio-de-condestable\/#primaryimage","url":"https:\/\/www.laguiadepamplona.com\/actualidad\/wp-content\/uploads\/2024\/03\/75aniversariodugunanb2391.webp","contentUrl":"https:\/\/www.laguiadepamplona.com\/actualidad\/wp-content\/uploads\/2024\/03\/75aniversariodugunanb2391.webp","width":1200,"height":800,"caption":"75 aniversario duguna"},{"@type":"BreadcrumbList","@id":"https:\/\/www.laguiadepamplona.com\/actualidad\/el-grupo-de-duguna-iruneko-dantzariak-dantzaris-de-pamplona-hace-un-recorrido-por-sus-75-anos-de-historia-en-una-exposicion-en-el-palacio-de-condestable\/#breadcrumb","itemListElement":[{"@type":"ListItem","position":1,"name":"Portada","item":"https:\/\/www.laguiadepamplona.com\/actualidad\/"},{"@type":"ListItem","position":2,"name":"El grupo de Duguna Iru\u00f1eko Dantzariak \/ Dantzaris de Pamplona hace un recorrido por sus 75 a\u00f1os de historia en una exposici\u00f3n en el Palacio de Condestable"}]},{"@type":"WebSite","@id":"https:\/\/www.laguiadepamplona.com\/actualidad\/#website","url":"https:\/\/www.laguiadepamplona.com\/actualidad\/","name":"La gu\u00eda de Pamplona","description":"Noticias de Pamplona","publisher":{"@id":"https:\/\/www.laguiadepamplona.com\/actualidad\/#organization"},"potentialAction":[{"@type":"SearchAction","target":{"@type":"EntryPoint","urlTemplate":"https:\/\/www.laguiadepamplona.com\/actualidad\/?s={search_term_string}"},"query-input":{"@type":"PropertyValueSpecification","valueRequired":true,"valueName":"search_term_string"}}],"inLanguage":"es"},{"@type":"Organization","@id":"https:\/\/www.laguiadepamplona.com\/actualidad\/#organization","name":"La Gu\u00eda de Pamplona \/ Noticias","url":"https:\/\/www.laguiadepamplona.com\/actualidad\/","logo":{"@type":"ImageObject","inLanguage":"es","@id":"https:\/\/www.laguiadepamplona.com\/actualidad\/#\/schema\/logo\/image\/","url":"https:\/\/www.laguiadepamplona.com\/actualidad\/wp-content\/uploads\/2018\/11\/logo-laguiadepamplona18-web1.png","contentUrl":"https:\/\/www.laguiadepamplona.com\/actualidad\/wp-content\/uploads\/2018\/11\/logo-laguiadepamplona18-web1.png","width":600,"height":196,"caption":"La Gu\u00eda de Pamplona \/ Noticias"},"image":{"@id":"https:\/\/www.laguiadepamplona.com\/actualidad\/#\/schema\/logo\/image\/"},"sameAs":["https:\/\/www.facebook.com\/laguiadepamplonacom-133175176762273\/?ref=hl","https:\/\/x.com\/LaGuiadPamplona","https:\/\/www.instagram.com\/la_guia_de_pamplona\/","https:\/\/www.youtube.com\/user\/laguiadepamplona"]},{"@type":"Person","@id":"https:\/\/www.laguiadepamplona.com\/actualidad\/#\/schema\/person\/efe887376f0213d4657c93adc50b1fdb","name":"La Gu\u00eda de Pamplona","image":{"@type":"ImageObject","inLanguage":"es","@id":"https:\/\/secure.gravatar.com\/avatar\/b6992f131dc8d30ab0dff15446e9d346d9dbd95992de0fef795073f5ea83a81c?s=96&d=mm&r=g","url":"https:\/\/secure.gravatar.com\/avatar\/b6992f131dc8d30ab0dff15446e9d346d9dbd95992de0fef795073f5ea83a81c?s=96&d=mm&r=g","contentUrl":"https:\/\/secure.gravatar.com\/avatar\/b6992f131dc8d30ab0dff15446e9d346d9dbd95992de0fef795073f5ea83a81c?s=96&d=mm&r=g","caption":"La Gu\u00eda de Pamplona"}}]}},"post_mailing_queue_ids":[],"_links":{"self":[{"href":"https:\/\/www.laguiadepamplona.com\/actualidad\/wp-json\/wp\/v2\/posts\/49211","targetHints":{"allow":["GET"]}}],"collection":[{"href":"https:\/\/www.laguiadepamplona.com\/actualidad\/wp-json\/wp\/v2\/posts"}],"about":[{"href":"https:\/\/www.laguiadepamplona.com\/actualidad\/wp-json\/wp\/v2\/types\/post"}],"author":[{"embeddable":true,"href":"https:\/\/www.laguiadepamplona.com\/actualidad\/wp-json\/wp\/v2\/users\/1"}],"replies":[{"embeddable":true,"href":"https:\/\/www.laguiadepamplona.com\/actualidad\/wp-json\/wp\/v2\/comments?post=49211"}],"version-history":[{"count":1,"href":"https:\/\/www.laguiadepamplona.com\/actualidad\/wp-json\/wp\/v2\/posts\/49211\/revisions"}],"predecessor-version":[{"id":49213,"href":"https:\/\/www.laguiadepamplona.com\/actualidad\/wp-json\/wp\/v2\/posts\/49211\/revisions\/49213"}],"wp:featuredmedia":[{"embeddable":true,"href":"https:\/\/www.laguiadepamplona.com\/actualidad\/wp-json\/wp\/v2\/media\/49212"}],"wp:attachment":[{"href":"https:\/\/www.laguiadepamplona.com\/actualidad\/wp-json\/wp\/v2\/media?parent=49211"}],"wp:term":[{"taxonomy":"category","embeddable":true,"href":"https:\/\/www.laguiadepamplona.com\/actualidad\/wp-json\/wp\/v2\/categories?post=49211"},{"taxonomy":"post_tag","embeddable":true,"href":"https:\/\/www.laguiadepamplona.com\/actualidad\/wp-json\/wp\/v2\/tags?post=49211"}],"curies":[{"name":"wp","href":"https:\/\/api.w.org\/{rel}","templated":true}]}}